{"id":961,"date":"2014-07-17T13:01:03","date_gmt":"2014-07-17T13:01:03","guid":{"rendered":"https:\/\/kylkirauta.fi\/?p=961"},"modified":"2020-01-26T09:55:07","modified_gmt":"2020-01-26T09:55:07","slug":"johtamisen-piirteita-monikansallisessa-operaatiossa-case-isaf","status":"publish","type":"post","link":"https:\/\/kylkirauta.fi\/index.php\/2014\/07\/17\/johtamisen-piirteita-monikansallisessa-operaatiossa-case-isaf\/","title":{"rendered":"Ilkka Ikonen: Johtamisen piirteit\u00e4 monikansallisessa operaatiossa \u2013 \u201dCase ISAF\u201d"},"content":{"rendered":"<p><div id='full_slider_1'  class='avia-fullwidth-slider main_color avia-shadow   avia-builder-el-0  el_before_av_one_full  avia-builder-el-first   container_wrap sidebar_right'  ><div  class='avia-slideshow av-l9olo-34f89e96fc3de7b9b51c14c99ace17a4 avia-slideshow-featured av_slideshow_full avia-slide-slider av-slideshow-ui av-control-default av-slideshow-manual av-loop-once av-loop-manual-endless av-default-height-applied   avia-slideshow-1' data-slideshow-options=\"{&quot;animation&quot;:&quot;slide&quot;,&quot;autoplay&quot;:false,&quot;loop_autoplay&quot;:&quot;once&quot;,&quot;interval&quot;:5,&quot;loop_manual&quot;:&quot;manual-endless&quot;,&quot;autoplay_stopper&quot;:false,&quot;noNavigation&quot;:false,&quot;bg_slider&quot;:false,&quot;keep_padding&quot;:false,&quot;hoverpause&quot;:false,&quot;show_slide_delay&quot;:0}\"  itemprop=\"image\" itemscope=\"itemscope\" itemtype=\"https:\/\/schema.org\/ImageObject\" ><ul class='avia-slideshow-inner ' style='padding-bottom: 28.666666666667%;'><li  class='avia-slideshow-slide av-l9olo-34f89e96fc3de7b9b51c14c99ace17a4__0  av-single-slide slide-1 slide-odd'><div data-rel='slideshow-1' class='avia-slide-wrap '   ><img decoding=\"async\" fetchpriority=\"high\" class=\"wp-image-54 avia-img-lazy-loading-not-54\"  src=\"https:\/\/kylkirauta.fi\/wp-content\/uploads\/2019\/10\/otsake-kuva_1500x430-1500x430.png\" width=\"1500\" height=\"430\" title='otsake-kuva_1500x430' alt=''  itemprop=\"thumbnailUrl\" srcset=\"https:\/\/kylkirauta.fi\/wp-content\/uploads\/2019\/10\/otsake-kuva_1500x430-1500x430.png 1500w, https:\/\/kylkirauta.fi\/wp-content\/uploads\/2019\/10\/otsake-kuva_1500x430-300x86.png 300w, https:\/\/kylkirauta.fi\/wp-content\/uploads\/2019\/10\/otsake-kuva_1500x430-768x220.png 768w, https:\/\/kylkirauta.fi\/wp-content\/uploads\/2019\/10\/otsake-kuva_1500x430-1030x295.png 1030w, https:\/\/kylkirauta.fi\/wp-content\/uploads\/2019\/10\/otsake-kuva_1500x430-705x202.png 705w, https:\/\/kylkirauta.fi\/wp-content\/uploads\/2019\/10\/otsake-kuva_1500x430.png 1817w\" sizes=\"(max-width: 1500px) 100vw, 1500px\" \/><\/div><\/li><\/ul><\/div><\/div><div id='after_full_slider_1'  class='main_color av_default_container_wrap container_wrap sidebar_right'  ><div class='container av-section-cont-open' ><div class='template-page content  av-content-small alpha units'><div class='post-entry post-entry-type-page post-entry-961'><div class='entry-content-wrapper clearfix'> \n<style type=\"text\/css\" data-created_by=\"avia_inline_auto\" id=\"style-css-av-km4zs-0614ada41eb3461e6efbb361dfbae970\">\n.flex_column.av-km4zs-0614ada41eb3461e6efbb361dfbae970{\nborder-radius:0px 0px 0px 0px;\npadding:0px 0px 0px 0px;\n}\n<\/style>\n<div  class='flex_column av-km4zs-0614ada41eb3461e6efbb361dfbae970 av_one_full  avia-builder-el-1  el_after_av_slideshow_full  el_before_av_hr  avia-builder-el-first  first flex_column_div av-zero-column-padding  '     ><p> \n<style type=\"text\/css\" data-created_by=\"avia_inline_auto\" id=\"style-css-av-k5pbgobh-53833277fff902cf0c5cdc9fa1de487a\">\n#top .av-special-heading.av-k5pbgobh-53833277fff902cf0c5cdc9fa1de487a{\npadding-bottom:10px;\n}\nbody .av-special-heading.av-k5pbgobh-53833277fff902cf0c5cdc9fa1de487a .av-special-heading-tag .heading-char{\nfont-size:25px;\n}\n.av-special-heading.av-k5pbgobh-53833277fff902cf0c5cdc9fa1de487a .av-subheading{\nfont-size:15px;\n}\n<\/style>\n<div  class='av-special-heading av-k5pbgobh-53833277fff902cf0c5cdc9fa1de487a av-special-heading-h3  avia-builder-el-2  el_before_av_hr  avia-builder-el-first '><h3 class='av-special-heading-tag'  itemprop=\"headline\"  >Johtamisen piirteit\u00e4 monikansallisessa operaatiossa \u2013 <span class='special_amp'>\u201d<\/span>Case ISAF<span class='special_amp'>\u201d<\/span><\/h3><div class=\"special-heading-border\"><div class=\"special-heading-inner-border\"><\/div><\/div><\/div> \n<style type=\"text\/css\" data-created_by=\"avia_inline_auto\" id=\"style-css-av-k5m7b9te-01401dd5e8beb25770de1be03f41ecf3\">\n#top .hr.hr-invisible.av-k5m7b9te-01401dd5e8beb25770de1be03f41ecf3{\nheight:30px;\n}\n<\/style>\n<div  class='hr av-k5m7b9te-01401dd5e8beb25770de1be03f41ecf3 hr-invisible  avia-builder-el-3  el_after_av_heading  el_before_av_textblock '><span class='hr-inner '><span class=\"hr-inner-style\"><\/span><\/span><\/div> <section  class='av_textblock_section av-k8d08-dea0f25c8df625cf22cbdeac32688808 '   itemscope=\"itemscope\" itemtype=\"https:\/\/schema.org\/BlogPosting\" itemprop=\"blogPost\" ><div class='avia_textblock'  itemprop=\"text\" ><div id=\"attachment_962\" style=\"width: 140px\" class=\"wp-caption alignleft\"><img loading=\"lazy\" decoding=\"async\" aria-describedby=\"caption-attachment-962\" class=\"wp-image-962\" src=\"https:\/\/kylkirauta.fi\/wp-content\/uploads\/2020\/01\/Ikonen_Ilkka_27923Dh2012-1-196x300.jpg\" alt=\"\" width=\"130\" height=\"199\" srcset=\"https:\/\/kylkirauta.fi\/wp-content\/uploads\/2020\/01\/Ikonen_Ilkka_27923Dh2012-1-196x300.jpg 196w, https:\/\/kylkirauta.fi\/wp-content\/uploads\/2020\/01\/Ikonen_Ilkka_27923Dh2012-1-673x1030.jpg 673w, https:\/\/kylkirauta.fi\/wp-content\/uploads\/2020\/01\/Ikonen_Ilkka_27923Dh2012-1-768x1175.jpg 768w, https:\/\/kylkirauta.fi\/wp-content\/uploads\/2020\/01\/Ikonen_Ilkka_27923Dh2012-1-461x705.jpg 461w, https:\/\/kylkirauta.fi\/wp-content\/uploads\/2020\/01\/Ikonen_Ilkka_27923Dh2012-1.jpg 850w\" sizes=\"auto, (max-width: 130px) 100vw, 130px\" \/><p id=\"caption-attachment-962\" class=\"wp-caption-text\">Ilkka Ikonen<\/p><\/div>\n<p><strong>Palvelin ISAF-operaatiossa mentorin teht\u00e4v\u00e4ss\u00e4 11 kuukautta vuosina 2011\u20132012. P\u00e4\u00e4sin samalla toiminaan suomalaisen 13 sotilaan vahvuisen osaston kansallisena vanhimpana sek\u00e4 sain samalla arvokasta kokemusta toimimisesta monikansallisessa ja riskitasoltaan vaativassa operaatiossa. Palvelusaikani loppupuolella huomasin pohtivani johtamisen peruskysymyksi\u00e4. Mitk\u00e4 ovat eroavaisuudet eri kansallisuuksien v\u00e4lill\u00e4? Onko kansallisia erityispiirteit\u00e4 johtamisk\u00e4ytt\u00e4ytymisess\u00e4 ja yleisess\u00e4 toiminnassa? Miten suomalaisia johdetaan? Ajatukset olivat osiltaan siirtyneet muistikirjoihin, mutta vasta t\u00e4m\u00e4n kirjoituksen kautta ne saavat j\u00e4sennellyn muodon.<\/strong> Kirjoitus perustuu omiin kokemukseeni ja olen tietoinen siit\u00e4, ett\u00e4 kokemukseni ja niist\u00e4 tehdyt johtop\u00e4\u00e4t\u00f6kset eiv\u00e4t ole &#8221;universaaleja&#8221; totuuksia. Monella muulla, kansainv\u00e4lisess\u00e4 teht\u00e4v\u00e4ss\u00e4 palvelleella upseerilla on varmasti erilaisia kokemuksia ja n\u00e4kemyksi\u00e4 verrattuna omiin kokemuksiini. Pyrin tuomaan esille erilaisia johtamistilanteita ja niiden seurauksia, sek\u00e4 mit\u00e4 kustakin tapauksesta voisi olla opiksi nuorelle upseerille. Toivon, ett\u00e4 t\u00e4m\u00e4 artikkeli antaa kuvaa siit\u00e4 johtamisen kent\u00e4st\u00e4, mik\u00e4 kansainv\u00e4lisess\u00e4 operaatiossa voi olla vastassa. Kuten johtamisen oppitunneilla on opetettu, niin &#8221;johtaminen on tilannesidonnaista toimintaa, jossa yksitt\u00e4isen johtajan tilannetaju ja p\u00e4\u00e4t\u00f6ksentekokyky korostuu&#8221;. <strong>Operaatioalue ja toimintaymp\u00e4rist\u00f6<\/strong> P\u00e4\u00e4osa suomalaisista joukoista oli ryhmitetty saksalaisjohtoisen Regional Command North:n (RCN) alueella Pohjois-Afganistaniin. Muutamia yksitt\u00e4isi\u00e4 henkil\u00f6it\u00e4 palveli my\u00f6s Kabulin alueella. Suomalaisten kokonaisvahvuus Afganistanissa oli tuolloin noin 200 sotilasta. RCN:n alueella toimi Afganistanin kansallisarmeijan (Afghan National Army, ANA) 209. Armeijakunta. Itse palvelin mentorina 209. Armeijakunnan 1. prikaatin esikunnassa. Prikaatin esikunta ja osa sen joukoista oli ryhmittynyt Maimanan kaupunkiin armeijakunnan vastuualueen it\u00e4osaan. My\u00f6s prikaatin mentoriosasto oli ryhmitetty Maimanan kaupunkiin Camp Griffin -tukikohtaan. Prikaatin esikunnan mentoroinnista vastasivat Suomi, Ruotsi ja Norja. Suomalaisten kokonaisvahvuus oli 13, joista nelj\u00e4 oli mentorin teht\u00e4v\u00e4ss\u00e4. Muut suomalaiset vastasivat turvallisuudesta ja muista tukiteht\u00e4vist\u00e4. My\u00f6s Ruotsilla ja Norjalla oli molemmilla nelj\u00e4 mentoria. Osaston kokonaisvahvuus oli noin 30. Lis\u00e4ksi vakituinen vieras Camp Griffiniss\u00e4 oli RCN:n yhteysupseeriosasto, joka toimi linkkin\u00e4 RCN:n esikunnan ja mentoriosaston v\u00e4lill\u00e4. Camp Griffiniin oli ryhmittynyt my\u00f6s yhdysvaltalaisen pataljoonan esikunnan- ja huollon osat, joiden vahvuus oli noin 200\u2013300 sotilasta. Pataljoonalla oli ryhmitettyn\u00e4 alueelle lis\u00e4ksi kaksi vahvennettua komppaniaa. <strong>Pienryhm\u00e4n johtaminen kriisinalueella ja kansallisia erityispiirteit\u00e4<\/strong> Suomalaisen sotilasjohtamisen perinteisen\u00e4 vahvuutena on pidetty sit\u00e4, ett\u00e4 ns. &#8221;kuilu&#8221; upseeriston ja miehist\u00f6n v\u00e4lill\u00e4 ei ole suuri. Miten t\u00e4m\u00e4 sitten n\u00e4kyy k\u00e4yt\u00e4nn\u00f6ss\u00e4 operaatioissa ja miten k\u00e4yt\u00e4nt\u00f6 eroaa muista kansallisuuksista? Suomalaisten kesken j\u00e4rjestettiin l\u00e4ht\u00f6kohtaisesti kerran viikossa viikkopalaveri, joka toimi my\u00f6s johtamisv\u00e4lineen\u00e4. Palaveri oli ty\u00f6v\u00e4line k\u00e4yd\u00e4 l\u00e4pi viikon tapahtumat koko Afganistanin osalta, sek\u00e4 erityisesti oman toimintaymp\u00e4rist\u00f6n suhteen. Palaveri antoi my\u00f6s mahdollisuuden jokaiselle esitt\u00e4\u00e4 oma n\u00e4kemyksens\u00e4 asioista ja n\u00e4in se toimi tarvittaessa my\u00f6s &#8221;purkuventtiilin\u00e4&#8221;. Palaverit olivat my\u00f6s hyv\u00e4 menetelm\u00e4 perehty\u00e4 syv\u00e4llisemmin asioiden taustoihin ja joissakin tapauksissa perustella tehtyj\u00e4 p\u00e4\u00e4t\u00f6ksi\u00e4. Suomalaisten lis\u00e4ksi latvialaisilla oli vastaavanlainen k\u00e4yt\u00e4nt\u00f6. Oliko viikkopalavereilla sitten merkityst\u00e4? Oman n\u00e4kemykseni mukaan oli. Johtajalle ne antavat mahdollisuuden saada suoraan palautetta kent\u00e4lt\u00e4. Samalla se auttaa johtaja itse\u00e4\u00e4n voi omien tavoitteidensa saavuttamisessa. Norjalaisilla ja ruotsalaisilla ei ollut vastaavaa k\u00e4yt\u00e4nt\u00f6\u00e4 ja t\u00e4m\u00e4 johti siihen, ett\u00e4 heid\u00e4n kansallisilla vanhimmillaan ei aina ollut t\u00e4ytt\u00e4 k\u00e4sityst\u00e4 siit\u00e4 mit\u00e4 tapahtui &#8221;ruohonjuuritasolla&#8221;. Usein k\u00e4y niin, ett\u00e4 mit\u00e4 useampi v\u00e4litaso on tiedon alkul\u00e4hteen ja p\u00e4\u00e4tt\u00e4v\u00e4n tason v\u00e4lill\u00e4, niin sit\u00e4 useammin viesti j\u00e4\u00e4 matkalle. Merkille pantavaa oli, ett\u00e4 sek\u00e4 ruotsalaiset ett\u00e4 norjalaiset omaksuivat kuitenkin k\u00e4yt\u00e4nn\u00f6n rotaationsa kahden viimeisen kuukauden aikana. Saattaa olla, ett\u00e4 oma toimintatapamme vaikutti &#8221;uudistukseen&#8221;. <strong>Erilaisia kulttuureja ja toimintatapoja<\/strong> Porin prikaatin j\u00e4rjest\u00e4m\u00e4 rotaatiokoulutus kesti omalta osaltani seitsem\u00e4n viikkoa, josta viikko k\u00e4siteltiin afgaanikulttuuria ja miten asioita tulee huomioida ty\u00f6skennelt\u00e4ess\u00e4 afgaanien kanssa. Operaatioalueella saatoin kuitenkin todeta, ett\u00e4 yli puolet ty\u00f6ajasta olin tekemisiss\u00e4 muiden kuin afgaanien kanssa. Afgaanikulttuurin tunteminen oli t\u00e4rke\u00e4\u00e4, mutta yht\u00e4 t\u00e4rke\u00e4\u00e4 olisi ollut perehty\u00e4, mitk\u00e4 ovat muiden pohjoismaiden tai vaikka saksalaisten toimintatavat sek\u00e4 metodit. Suomalaisten ja muiden kansallisuuksien v\u00e4lill\u00e4 oli jonkin verran eroavaisuuksia k\u00e4yt\u00e4nn\u00f6n toiminnassa. Yksinkertainen k\u00e4yt\u00e4nn\u00f6n esimerkki: Operaatioihin l\u00e4hdett\u00e4ess\u00e4 norjalaiset ja ruotsalaiset pyrkiv\u00e4t v\u00e4ltt\u00e4m\u00e4\u00e4n esimerkiksi per\u00e4k\u00e4rryn mukaan ottamista viimeiseen asti. T\u00e4t\u00e4 perusteltiin mm. taktisen liikuntakyvyn heikkenemisell\u00e4. Suomalaiset taas n\u00e4kiv\u00e4t mielell\u00e4\u00e4n, ett\u00e4 per\u00e4k\u00e4rry otetaan mukaan ja sit\u00e4 taas perusteltiin sill\u00e4, ett\u00e4 mm. tarvittava juomavesi saadaan kerralla mukaan, eik\u00e4 operaation kesken tarvitse suorittaa t\u00e4ydennyst\u00e4. Sama ajattelu vallitsi teltan mukaan ottamisessa. Mik\u00e4li per\u00e4k\u00e4rry\u00e4 ei ollut mukana, niin telttakaan ei mukaan mahtunut. Operaatioista palattaessa suomalaisten huoltok\u00e4yt\u00e4nt\u00f6 poikkesi muista pohjoismaista. Suomalainen tapa oli huoltaa v\u00e4litt\u00f6m\u00e4sti ryhm\u00e4kohtainen kalusto ja vasta sen valmistuttua siirty\u00e4 henkil\u00f6kohtaiseen huoltoon. Muut pohjoismaat taas tekiv\u00e4t asian p\u00e4invastaisessa j\u00e4rjestyksess\u00e4 ja ryhm\u00e4kohtainen huolto kesti useasti y\u00f6my\u00f6h\u00e4lle. T\u00e4st\u00e4 saattoi muiden keskuudessa her\u00e4t\u00e4 &#8221;ep\u00e4ilyj\u00e4&#8221;, ett\u00e4 suomalaiset eiv\u00e4t huolla ryhm\u00e4kohtaisia varusteita, kun heit\u00e4 ei illalla\/y\u00f6ll\u00e4 n\u00e4kynyt huoltot\u00f6iss\u00e4. Asia oli kuitenkin t\u00e4ysin toisin, koska suomalaiset olivat ainoa joukko, jossa aseet tarkastettiin ja tarkastuksesta tehtiin merkinn\u00e4t p\u00f6yt\u00e4kirjoihin. Norjalaisten ja ruotsalaisten k\u00e4yt\u00e4nt\u00f6 ammuntojen j\u00e4rjest\u00e4misen suhteen oli my\u00f6s poikkeava suomalaisesta. Suomalaisten oli teht\u00e4v\u00e4 samanlainen ampumak\u00e4sky kuin kotimaassa. Pohjoismaisilla kollegoilla puolestaan riitti hyvinkin yksinkertainen k\u00e4sky, joka parhaimmillaan oli yhden sivun mittainen. Suomalaisilla on useinkin tapana v\u00e4h\u00e4tell\u00e4 esimerkiksi ruotsalaisten sotilaallisia meriittej\u00e4. T\u00e4m\u00e4 asenne saattaa kiteyty\u00e4 Kummeli vitsiin &#8221;Meanwhile in Sweden&#8221;. Sain kuitenkin itse havaita, ett\u00e4 tapaamillani ruotsalaisilla upseereilla oli keskim\u00e4\u00e4r\u00e4ist\u00e4 suomalaista upseeria (mukaan lukien itseni) laajempi kansainv\u00e4linen kokemus vaativista operaatioista. Mit\u00e4 upseerin ja johtajan tulisi mietti\u00e4 johtamisen n\u00e4k\u00f6kulmasta erilaisista kulttuureista? Ainakin sit\u00e4, ett\u00e4 suurin osa kansallisuuksien v\u00e4lisist\u00e4 kitkoista saattaa synty\u00e4 v\u00e4\u00e4rinymm\u00e4rryksist\u00e4 ja erilaisesta toimintakulttuurista. Johtajan tulisi tuntea ja tiedostaa erot eri kansallisuuksien taktisessa ja operatiivisessa ajattelussa sek\u00e4 menettelytavoissa. <strong>Toimintatapamallien t\u00f6rm\u00e4ys<\/strong> Mentoriosaston johtovastuu vaihtui puolivuosittain Ruotsin ja Norjan v\u00e4lill\u00e4. Periaatteena oli, ett\u00e4 kun ruotsalainen eversti johti osastoa, niin h\u00e4nen &#8221;kakkosmiehens\u00e4&#8221; oli norjalainen ja p\u00e4invastoin. Ominainen piirre organisaatiossa oli se, ett\u00e4 eri mailla oli eri rotaatioaikataulut. Suomalaiset vaihtoivat joukkonsa maalis- ja syyskuussa. Norjalaiset ja ruotsalaiset taas huhti- ja lokakuussa. My\u00f6nteist\u00e4 t\u00e4ss\u00e4 oli kuitenkin se, ett\u00e4 limitt\u00e4inen vaihtoaikataulu mahdollisti ns. hiljaisen tiedon siirtymisen organisaation sis\u00e4ll\u00e4 ja k\u00e4ytt\u00f6\u00f6n. Haasteena t\u00e4ss\u00e4 rotaatioaikataulussa oli se, ett\u00e4 norjalaiset ja ruotsalaiset olivat p\u00e4\u00e4sseet toiminaan kotimaan rotaatiokoulutusvaiheessa 2-3 viikkoa yhdess\u00e4. K\u00e4yt\u00e4nn\u00f6ss\u00e4 he olivat siis yhteen hitsautunut joukko, jo heid\u00e4n saapuessa operaatioalueelle. Miten t\u00e4m\u00e4 sitten n\u00e4kyi k\u00e4yt\u00e4nn\u00f6n johtamisessa? Mentoriosaston komentaja oli valinnut henkil\u00f6kohtaisesti mukaansa ns. Senior driverin, joka oli koko suojaosaston johtaja sek\u00e4 heid\u00e4n &#8221;\u00e4\u00e4nens\u00e4&#8221; komentajan suuntaan. Huhtikuussa 2011 suomalaisen osaston Senior driver oli ollut alueella jo vuoden, jonka aikana suojaosaston toimintatekniikka ja taktiikka saatu hiottua hyv\u00e4lle tasolle. Kun norjalais-ruotsalainen uusi rotaatio tuli paikalle, niin heill\u00e4 oli jo koulutuksen aikana sovitut toimintamenetelm\u00e4t, eik\u00e4 jo alueella hyv\u00e4ksi havaittua toimintamenetelm\u00e4\u00e4 otettu k\u00e4ytt\u00f6\u00f6n. Yhten\u00e4 suurena eroavaisuutena uusien ja vanhojen toimintamallien v\u00e4lill\u00e4 oli esimerkiksi ns. kaupunkiajon suoritus. Camp Griffin sijaitsi Maimanan kaupungin etel\u00e4laidalla, kun taas PRT:n leiri sijaitsi pohjoispuolella. Vanhassa toimintamallissa leirien v\u00e4li pyrittiin ajamaan mahdollisimman nopeasti k\u00e4ytt\u00e4m\u00e4ll\u00e4 suurempia katuja. Uudessa toimintamallissa pyrittiin joka kerta valitsemaan uusi reitti, joka johti tilanteeseen, ett\u00e4 reitit kulkivat sivukaduilla. Sivukaduilla kulkeminen oli haasteellista, koska ne olivat ahtaita k\u00e4ytt\u00e4millemme ajoneuvoille ja kaduilla s\u00e4hk\u00f6- ja muut kaapelit roikkuivat noin 2-3 metrin korkeudella. Seurauksena oli se, ett\u00e4 paikallinen v\u00e4est\u00f6 alkoi \u00e4rsyynty\u00e4 ISAF:n ajoneuvoista &#8221;takapihoilla&#8221;. Saimmekin kuulla paikallisilta, ett\u00e4 jos n\u00e4m\u00e4 ajelut eiv\u00e4t lopu, niin he saattavat reagoida ISAF:ia vastaan. Toimintatapaa muutettiin kuitenkin vasta, kun er\u00e4\u00e4ll\u00e4 matkalla ajoneuvon antennit pudottivat s\u00e4hk\u00f6johdon aiheuttaen lis\u00e4selvittely\u00e4 vaativan tilanteen ahtaalla kadulla.<\/p>\n<div class=\"img_caption none\">\n<div style=\"width: 510px\" class=\"wp-caption aligncenter\"><img loading=\"lazy\" decoding=\"async\" class=\"caption\" title=\"Eri sotilaskulttuurien kohtaaminen\" src=\"http:\/\/kylkirauta.fi\/images\/Ikonen_Kuva_2.JPG\" alt=\"Ikonen Kuva 2\" width=\"500\" height=\"281\" \/><p class=\"wp-caption-text\">Eri sotilaskulttuurien kohtaaminen<\/p><\/div><\/p>\n<p class=\"img_caption\">Miten t\u00e4h\u00e4n siis p\u00e4\u00e4dyttiin ja miten t\u00e4m\u00e4 n\u00e4kyi k\u00e4yt\u00e4nn\u00f6n johtamisessa? Ruotsalais-norjalainen rotaatio oli ly\u00f6nyt lukkoon oman tulevan toimintamallinsa ennen operaatioalueelle siirtymist\u00e4. Ruotsalainen Senior driver ei halunnut tai pystynyt muuttamaan ajatusmalliaan operaatioalueella, vaikka suomalaiset t\u00e4t\u00e4 h\u00e4nelle perustellusti esittiv\u00e4t.<\/p>\n<\/div>\n<p>Kyseess\u00e4 oli ilmeisemmin perinteinen ilmi\u00f6, jossa esimiesasemassa oleva henkil\u00f6 on lukinnut mielipiteens\u00e4, eik\u00e4 muuta sit\u00e4 koska pelk\u00e4\u00e4 kasvojensa menett\u00e4mist\u00e4. Varsinkin nuoremmilla sotilashenkil\u00f6ill\u00e4 t\u00e4m\u00e4 ilmi\u00f6 voi korostua, koska he ajattelevat, ett\u00e4 heid\u00e4n &#8221;tulee tiet\u00e4\u00e4 kaikki&#8221;. Kokeneemmat johtajat ymm\u00e4rt\u00e4v\u00e4t paremmin, ett\u00e4 he eiv\u00e4t voi tiet\u00e4\u00e4 ja osata kaikkea ja ett\u00e4 mielipiteen muuttaminen ei tarkoita kasvojen menetyst\u00e4. K\u00e4yt\u00e4nn\u00f6n johtamisessa t\u00e4m\u00e4 tapaus n\u00e4kyi siten, ett\u00e4 Senior driver menetti ainakin osittain suomalaisen turvaryhm\u00e4n luottamuksen, koska ei kuunnellut heit\u00e4. Toiseksi Senior driver menetti tilaisuuden ns. piilev\u00e4n tiedon hyv\u00e4ksik\u00e4ytt\u00f6\u00f6n. Tiedon, joka oli muodostunut reilun vuoden aikana, jonka jo alueella ollut suomalainen joukon osa oli ker\u00e4nnyt edellisilt\u00e4 rotaatioilta. Kolmanneksi uusi toimintapa aiheutti turhan riskin ottamisen. Onneksi riski ei t\u00e4ll\u00e4 kertaa realisoitunut. Surullisinta tai hupaisinta tapauksessa oli, ett\u00e4 alkuvuodesta 2010 oli kokeiltu tuota kaupunkiajoa kapeilla kaduilla. Jo silloin oli havaittu, ett\u00e4 se tarjoaa enemm\u00e4n turvattomuutta, kuin n\u00e4enn\u00e4ist\u00e4 turvallisuutta. Tapauksen oppi upseerille on se, ett\u00e4 aina tulisi pysty\u00e4 muuttamaan omaan toimintaansa, eik\u00e4 &#8221;takertua&#8221; kerran p\u00e4\u00e4tettyyn toimintaan. On v\u00e4\u00e4rin ajatella, ett\u00e4 omasta kannasta luopuminen olisi heikkoutta. Valitettavan usein t\u00e4llaisia upseereja tapaa sek\u00e4 kotimaassa ett\u00e4 ulkomailla. Vaarana on se, ett\u00e4 jos jo rauhan aikana opitaan &#8221;j\u00e4\u00e4r\u00e4ksi&#8221;, niin miten toiminta voi kriisin aikana muuttua innovatiiviseksi? T\u00e4m\u00e4kin asia on sellainen, jota jokaisen upseerin on hyv\u00e4 pohtia. <strong>Sotilaan pukeutuminen ja varustus<\/strong> Perinteisesti sotilasorganisaatiossa on kiinnitetty huomiota siihen, miten sotilas kantaa varusteitaan ja miten h\u00e4n pukeutuu. Perusl\u00e4ht\u00f6kohtana kotimaassa ja my\u00f6s ulkomailla tulee olla se, ett\u00e4 sotilaan tulee n\u00e4ytt\u00e4\u00e4 sotilaalta. T\u00e4ss\u00e4 asiassa korostuu esimiesten valvonta ja tilannetaju. Periaatteessa asiakokonaisuus on selke\u00e4, mutta kun siirryt\u00e4\u00e4n yksitt\u00e4isen sotilaan suorituskykyyn ja k\u00e4yt\u00e4nt\u00f6\u00f6n, niin asia tarvitsee lis\u00e4pohdintaa. Pyrin alla k\u00e4sittelem\u00e4\u00e4n aihetta johtamisen n\u00e4k\u00f6kulmasta. Afganistanissa palvelleille suomalaisille joukoille oli jaettu kohtuullisen hyv\u00e4 varustus, jolla p\u00e4rj\u00e4si sek\u00e4 +40 asteen helteess\u00e4 ett\u00e4 -15 asteen pakkasessa. Kyll\u00e4, Afganistanissa saattoi talvella olla hyvinkin kylm\u00e4\u00e4. Oman mausteensa s\u00e4\u00e4n vaihtelussa aiheutti suuret korkeuserot. Alhaalla laaksossa saattoi olla lauhkea keli, kun vuoristossa selviytyminen vaati paksumpaa pukeutumista. T\u00e4m\u00e4 tarkoitti k\u00e4yt\u00e4nn\u00f6ss\u00e4, ett\u00e4 operaatioalueella ja operaatioissa jouduttiin tilanteesta riippuen k\u00e4ytt\u00e4m\u00e4\u00e4n aavikkopukua, M-05 varustusta, talvi- sek\u00e4 sadevarustusta. Kuvassa kolme n\u00e4kyy mit\u00e4 t\u00e4m\u00e4 k\u00e4yt\u00e4nn\u00f6ss\u00e4 tarkoittaa. Usein monelle &#8221;vanhemmalle&#8221; sotilaalle on kauhistus se, ett\u00e4 sotilailla on erilainen varustus ja pukeutuminen. Syyn\u00e4 asiaan on kuitenkin miesten erilaiset teht\u00e4v\u00e4t. Lis\u00e4ksi k\u00e4yt\u00f6ss\u00e4 olevien ajoneuvojen erilaiset ominaisuudet voivat vaikuttaa asiaan. Kes\u00e4ll\u00e4 2011 norjalaiset ja ruotsalaiset kielsiv\u00e4t sandaalien k\u00e4yt\u00f6n muualla kuin majoitustiloissa. Perusteena oli, ett\u00e4 ne antavat ep\u00e4sotilaallisen kuvan. Ennen lopullista k\u00e4sky\u00e4 oli PRT:n norjalainen p\u00e4\u00e4llikk\u00f6l\u00e4\u00e4k\u00e4ri antanut lausunnon, jossa h\u00e4n suositteli vanhan k\u00e4yt\u00e4nn\u00f6n jatkamista. Syyn\u00e4 oli se, ett\u00e4 kes\u00e4ll\u00e4 +40 asteen l\u00e4mp\u00f6tilassa jatkuva maihinnousukeng\u00e4n k\u00e4ytt\u00f6 aiheuttaa jalkaongelmia. Camp Griffiniss\u00e4 k\u00e4sky n\u00e4kyi siten, ett\u00e4 norjalaiset ja ruotsalaiset rupesivat viett\u00e4m\u00e4\u00e4n p\u00e4\u00e4osan ajastaan omissa teltoissaan ja aikaisemmin leirin syd\u00e4men\u00e4 toiminut patio hiljeni. Mik\u00e4li k\u00e4skyn tarkoituksena oli, ett\u00e4 sotilaiden tulee olla omissa tiloissaan piilossa, niin siin\u00e4 onnistuttiin &#8221;t\u00e4ydellisesti&#8221;.<\/p>\n<div class=\"img_caption none\">\n<div style=\"width: 510px\" class=\"wp-caption aligncenter\"><img loading=\"lazy\" decoding=\"async\" class=\"caption\" title=\"Varusteita joka l\u00e4ht\u00f6\u00f6n ja olosuhteisiin\" src=\"http:\/\/kylkirauta.fi\/images\/Ikonen_Kuva_3.png\" alt=\"Ikonen Kuva 3\" width=\"500\" height=\"300\" \/><p class=\"wp-caption-text\">Varusteita joka l\u00e4ht\u00f6\u00f6n ja olosuhteisiin<\/p><\/div><\/p>\n<p class=\"img_caption\">Ruotsalaiset olivat mentorijoukon ainoita, joilla ei ollut k\u00e4yt\u00f6ss\u00e4\u00e4n ns. taistelupaitaa. Taistelupaita on suojaliivin alle tuleva paita, jonka alla ei ole muita vaatekerroksia. Taistelupaidan k\u00e4yt\u00f6ll\u00e4 saavutetaan varustuksen parempi hengitett\u00e4vyys, joka lis\u00e4\u00e4 taistelijan kyky\u00e4 suoriutua teht\u00e4vist\u00e4\u00e4n kuumassa ymp\u00e4rist\u00f6ss\u00e4. Ruotsalaisten varustus muodostui aluspuserosta, jonka p\u00e4\u00e4lle oli suojaliivi, jonka p\u00e4\u00e4lle tuli maastopuvuntakki ja lopuksi p\u00e4\u00e4lle tuli varusteliivi. K\u00e4yt\u00e4nn\u00f6ss\u00e4 ruotsalaisella sotilaalla oli siis nelj\u00e4 vaate- tai varustekerrosta p\u00e4\u00e4ll\u00e4\u00e4n, kun muilla kansallisuuksilla oli kaksi. Kev\u00e4\u00e4ll\u00e4 2011 yksi ruotsalaisen rotaation kuljettajista vaihtui ja paikalle saatiin jo edellisess\u00e4 rotaatiossa palvellut kuljettaja. Uudella kuljettajalla sattui olemaan ruotsalainen taistelupaita ja uuden mallin suojaliivi, jossa taisteluliivi on integroitu osaksi suojaliivi\u00e4. T\u00e4m\u00e4n k\u00e4ytt\u00f6 kuitenkin kiellettiin. Perusteena oli, ett\u00e4 vaikka kyseess\u00e4 on viralliset Ruotsin armeijan varusteet, niin t\u00e4lle joukolle niit\u00e4 ei ole jaettu, joten niit\u00e4 ei voi k\u00e4ytt\u00e4\u00e4.<\/p>\n<\/div>\n<p>Mit\u00e4 upseerin sitten tulisi ajatella johtamisen n\u00e4k\u00f6kulmasta vaate- ja varusteasioista? Peruskysymys liittyy toimintakykyyn ja sen yll\u00e4pitoon. My\u00f6s ryhm\u00e4henki tai hienommin sanottuna ryhm\u00e4koheesio on tulilinjalla. On ymm\u00e4rrett\u00e4v\u00e4\u00e4, ett\u00e4 yhten\u00e4isell\u00e4 ja tarkasti kontrolloidulla varustuksella on aikansa ja paikkansa. Esimerkiksi paraati on t\u00e4st\u00e4 hyv\u00e4 esimerkki. Lis\u00e4ksi esimerkiksi sis\u00e4palveluksessa tai peruskoulutuksessa yhten\u00e4inen varustus on perusteltua. Mutta jo varusmieskoulutuksessa, kun siirryt\u00e4\u00e4n soveltavaan taistelukoulutukseen, niin tilanne voi muuttua. Onko perusteltua, ett\u00e4 kaikilla taistelijoilla on samalla tavalla &#8221;rakennettu&#8221; modulaarinen taisteluliivi? Joku taistelija on vasenk\u00e4tinen ja joku taas oikeak\u00e4tinen. Jo t\u00e4st\u00e4 l\u00e4ht\u00f6kohdasta heill\u00e4 on tarve erilaiseen j\u00e4rjestykseen taisteluliiviss\u00e4. Modulaarisen taisteluliivin l\u00e4ht\u00f6kohtahan on juuri ollut, ett\u00e4 jokainen rakentaa siit\u00e4 juuri itselleen soveltuvan kokonaisuuden, jolla saadaan yksil\u00f6lle paras mahdollinen suorituskyky. Sama asia toistuu my\u00f6s vaatteiden osalta. Eri teht\u00e4viss\u00e4 on tarve erilaiselle vaatetukselle. My\u00f6s yksil\u00f6llisill\u00e4 eroavaisuuksilla on merkityst\u00e4 suorituskyvylle, taistelijoiden tarpeelle kevent\u00e4\u00e4 tai lis\u00e4t\u00e4 vaatetustaan on eroavaisuuksia. Valitettavaa on, ett\u00e4 suorituskyvyn ymm\u00e4rt\u00e4minen ja sen mittaaminen on haasteellista. Ryhm\u00e4koheesion osalta omat kokemukseni ovat, ett\u00e4 joukon johtaja voi helposti pilata koheesion muodostumisen korostamalla &#8221;v\u00e4\u00e4ri\u00e4&#8221; asioita. Lopputuloksena saattaa, jopa olla ett\u00e4 osa suorittavasta portaasta erist\u00e4ytyy tai ainakin alkaa v\u00e4ltell\u00e4 yhteisi\u00e4 tilaisuuksia sek\u00e4 esimiesten tapaamista. Johtajan ja erityisesti sotilasjohtajan tulee pysty\u00e4 pohtimaan omaan toimintaansa etuk\u00e4teen ja kriittisesti. Perimm\u00e4inen kysymys johtajalle on, ett\u00e4 onko t\u00e4rke\u00e4mp\u00e4\u00e4 milt\u00e4 asiat n\u00e4ytt\u00e4v\u00e4t, vai se miten ne oikeasti ovat ja mik\u00e4 on oikea suorituskyky? <strong>Mit\u00e4 oppia?<\/strong> Itse koen olleeni etuoikeutettu, kun p\u00e4\u00e4sin toimimaan pienen suomalaisen joukon kansallisena vanhimpana osana monikansallista ryhm\u00e4\u00e4. Ensimm\u00e4ist\u00e4 kertaa p\u00e4\u00e4sin itse n\u00e4kem\u00e4\u00e4n &#8221;oikeaa&#8221; taktista ja operatiivista johtamista, haastavassa ymp\u00e4rist\u00f6ss\u00e4. Saatoin todeta, ett\u00e4 suomalaisen kadettiupseerin koulutuksella, sek\u00e4 oikealla n\u00f6yryydell\u00e4 saattoi p\u00e4rj\u00e4t\u00e4 t\u00e4ss\u00e4kin ymp\u00e4rist\u00f6ss\u00e4. Vaikka olen kirjoittanut osaltaan eri maiden sotilaiden toiminnasta, niin totuus on kuitenkin, ett\u00e4 maat tai kulttuurit eiv\u00e4t tee p\u00e4\u00e4t\u00f6ksi\u00e4 tai toimi johtajina. Johtajina toimivat yksil\u00f6t, joka tarkoittaa, ett\u00e4 tietty kansallisuus ei v\u00e4ltt\u00e4m\u00e4tt\u00e4 tarkoita tietty\u00e4 tyyli\u00e4. N\u00e4in j\u00e4lkik\u00e4teen itselleni olisi kuitenkin ollut k\u00e4ytt\u00f6\u00e4 ainakin muutamasta luennosta, joissa olisi k\u00e4sitelty esimerkiksi toisten Pohjoismaiden johtamiskulttuuria. Toivon, ett\u00e4 t\u00e4m\u00e4 artikkeli auttaa ainakin joitakin kadettivelji\u00e4, jotka ovat tulevaisuudessa suuntaamassa kohti kansainv\u00e4lisi\u00e4 operaatioita. <\/p>\n<\/div><\/section> <\/p><\/div><div  class='hr av-6zsyz-b471ba5482e75b0a604afa4166a853a5 hr-default  avia-builder-el-5  el_after_av_one_full  el_before_av_blog '><span class='hr-inner '><span class=\"hr-inner-style\"><\/span><\/span><\/div> <div  class='av-alb-blogposts template-blog  '  itemscope=\"itemscope\" itemtype=\"https:\/\/schema.org\/Blog\" ><article class=\"post-entry post-entry-type-standard post-entry-8921 post-loop-1 post-parity-odd bloglist-simple with-slider post-8921 post type-post status-publish format-standard has-post-thumbnail hentry category-artikkeli category-artikkeli-2026\"  itemscope=\"itemscope\" itemtype=\"https:\/\/schema.org\/BlogPosting\" ><div class=\"blog-meta\"><\/div><div class='entry-content-wrapper clearfix standard-content'><header class=\"entry-content-header\"><h2 class='post-title entry-title '  itemprop=\"headline\" ><a href=\"https:\/\/kylkirauta.fi\/index.php\/2026\/04\/20\/kaaderilaulajien-julkaisutoiminta\/\" rel=\"bookmark\" title=\"Permanent Link: Kaaderilaulajien julkaisutoiminta\">Kaaderilaulajien julkaisutoiminta<span class=\"post-format-icon minor-meta\"><\/span><\/a><\/h2><span class=\"post-meta-infos\"><time class=\"date-container minor-meta updated\"  itemprop=\"datePublished\" datetime=\"2026-04-20T15:45:24+03:00\" >20.4.2026<\/time><span class=\"text-sep\">\/<\/span><span class=\"blog-categories minor-meta\">in <a href=\"https:\/\/kylkirauta.fi\/index.php\/category\/artikkeli\/\" rel=\"tag\">Artikkeli<\/a>, <a href=\"https:\/\/kylkirauta.fi\/index.php\/category\/artikkeli-2026\/\" rel=\"tag\">Artikkeli 2026<\/a><\/span><span class=\"text-sep\">\/<\/span><span class=\"blog-author minor-meta\">by <span class=\"entry-author-link\"  itemprop=\"author\" ><span class=\"author\"><span class=\"fn\"><a href=\"https:\/\/kylkirauta.fi\/index.php\/author\/karisain\/\" title=\"Kirjoittanut: Kari Sainio\" rel=\"author\">Kari Sainio<\/a><\/span><\/span><\/span><\/span><div class=\"read-more-link\"><a href=\"https:\/\/kylkirauta.fi\/index.php\/2026\/04\/20\/kaaderilaulajien-julkaisutoiminta\/\" class=\"more-link\">Read more<span class=\"more-link-arrow\"><\/span><\/a><\/div><\/span><\/header><footer class=\"entry-footer\"><\/footer><div class='post_delimiter'><\/div><\/div><div class=\"post_author_timeline\"><\/div><span class='hidden'>\n\t\t\t\t<span class='av-structured-data'  itemprop=\"image\" itemscope=\"itemscope\" itemtype=\"https:\/\/schema.org\/ImageObject\" >\n\t\t\t\t\t\t<span itemprop='url'>https:\/\/kylkirauta.fi\/wp-content\/uploads\/2026\/04\/Artikkeli-4-2026-2.jpg<\/span>\n\t\t\t\t\t\t<span itemprop='height'>487<\/span>\n\t\t\t\t\t\t<span itemprop='width'>843<\/span>\n\t\t\t\t<\/span>\n\t\t\t\t<span class='av-structured-data'  itemprop=\"publisher\" itemtype=\"https:\/\/schema.org\/Organization\" itemscope=\"itemscope\" >\n\t\t\t\t\t\t<span itemprop='name'>Kari Sainio<\/span>\n\t\t\t\t\t\t<span itemprop='logo' itemscope itemtype='https:\/\/schema.org\/ImageObject'>\n\t\t\t\t\t\t\t<span itemprop='url'>https:\/\/kylkirauta.fi\/wp-content\/uploads\/2020\/02\/kkunta_weblogo-100x100-1.png<\/span>\n\t\t\t\t\t\t<\/span>\n\t\t\t\t<\/span><span class='av-structured-data'  itemprop=\"author\" itemscope=\"itemscope\" itemtype=\"https:\/\/schema.org\/Person\" ><span itemprop='name'>Kari Sainio<\/span><\/span><span class='av-structured-data'  itemprop=\"datePublished\" datetime=\"2026-04-20T15:45:24+03:00\" >2026-04-20 15:45:24<\/span><span class='av-structured-data'  itemprop=\"dateModified\" itemtype=\"https:\/\/schema.org\/dateModified\" >2026-04-20 15:45:24<\/span><span class='av-structured-data'  itemprop=\"mainEntityOfPage\" itemtype=\"https:\/\/schema.org\/mainEntityOfPage\" ><span itemprop='name'>Kaaderilaulajien julkaisutoiminta<\/span><\/span><\/span><\/article><article class=\"post-entry post-entry-type-standard post-entry-8884 post-loop-2 post-parity-even bloglist-simple with-slider post-8884 post type-post status-publish format-standard has-post-thumbnail hentry category-artikkeli category-artikkeli-2026\"  itemscope=\"itemscope\" itemtype=\"https:\/\/schema.org\/BlogPosting\" ><div class=\"blog-meta\"><\/div><div class='entry-content-wrapper clearfix standard-content'><header class=\"entry-content-header\"><h2 class='post-title entry-title '  itemprop=\"headline\" ><a href=\"https:\/\/kylkirauta.fi\/index.php\/2026\/03\/27\/kaaderilaulajien-ukraina-tukikonsertit\/\" rel=\"bookmark\" title=\"Permanent Link: Kaaderilaulajien Ukraina-tukikonsertit\">Kaaderilaulajien Ukraina-tukikonsertit<span class=\"post-format-icon minor-meta\"><\/span><\/a><\/h2><span class=\"post-meta-infos\"><time class=\"date-container minor-meta updated\"  itemprop=\"datePublished\" datetime=\"2026-03-27T12:30:38+02:00\" >27.3.2026<\/time><span class=\"text-sep\">\/<\/span><span class=\"blog-categories minor-meta\">in <a href=\"https:\/\/kylkirauta.fi\/index.php\/category\/artikkeli\/\" rel=\"tag\">Artikkeli<\/a>, <a href=\"https:\/\/kylkirauta.fi\/index.php\/category\/artikkeli-2026\/\" rel=\"tag\">Artikkeli 2026<\/a><\/span><span class=\"text-sep\">\/<\/span><span class=\"blog-author minor-meta\">by <span class=\"entry-author-link\"  itemprop=\"author\" ><span class=\"author\"><span class=\"fn\"><a href=\"https:\/\/kylkirauta.fi\/index.php\/author\/karisain\/\" title=\"Kirjoittanut: Kari Sainio\" rel=\"author\">Kari Sainio<\/a><\/span><\/span><\/span><\/span><div class=\"read-more-link\"><a href=\"https:\/\/kylkirauta.fi\/index.php\/2026\/03\/27\/kaaderilaulajien-ukraina-tukikonsertit\/\" class=\"more-link\">Read more<span class=\"more-link-arrow\"><\/span><\/a><\/div><\/span><\/header><footer class=\"entry-footer\"><\/footer><div class='post_delimiter'><\/div><\/div><div class=\"post_author_timeline\"><\/div><span class='hidden'>\n\t\t\t\t<span class='av-structured-data'  itemprop=\"image\" itemscope=\"itemscope\" itemtype=\"https:\/\/schema.org\/ImageObject\" >\n\t\t\t\t\t\t<span itemprop='url'>https:\/\/kylkirauta.fi\/wp-content\/uploads\/2026\/03\/3-2026-artikkeli.jpg<\/span>\n\t\t\t\t\t\t<span itemprop='height'>487<\/span>\n\t\t\t\t\t\t<span itemprop='width'>843<\/span>\n\t\t\t\t<\/span>\n\t\t\t\t<span class='av-structured-data'  itemprop=\"publisher\" itemtype=\"https:\/\/schema.org\/Organization\" itemscope=\"itemscope\" >\n\t\t\t\t\t\t<span itemprop='name'>Kari Sainio<\/span>\n\t\t\t\t\t\t<span itemprop='logo' itemscope itemtype='https:\/\/schema.org\/ImageObject'>\n\t\t\t\t\t\t\t<span itemprop='url'>https:\/\/kylkirauta.fi\/wp-content\/uploads\/2020\/02\/kkunta_weblogo-100x100-1.png<\/span>\n\t\t\t\t\t\t<\/span>\n\t\t\t\t<\/span><span class='av-structured-data'  itemprop=\"author\" itemscope=\"itemscope\" itemtype=\"https:\/\/schema.org\/Person\" ><span itemprop='name'>Kari Sainio<\/span><\/span><span class='av-structured-data'  itemprop=\"datePublished\" datetime=\"2026-03-27T12:30:38+02:00\" >2026-03-27 12:30:38<\/span><span class='av-structured-data'  itemprop=\"dateModified\" itemtype=\"https:\/\/schema.org\/dateModified\" >2026-03-27 12:30:38<\/span><span class='av-structured-data'  itemprop=\"mainEntityOfPage\" itemtype=\"https:\/\/schema.org\/mainEntityOfPage\" ><span itemprop='name'>Kaaderilaulajien Ukraina-tukikonsertit<\/span><\/span><\/span><\/article><article class=\"post-entry post-entry-type-standard post-entry-8786 post-loop-3 post-parity-odd post-entry-last bloglist-simple with-slider post-8786 post type-post status-publish format-standard has-post-thumbnail hentry category-artikkeli category-artikkeli-2026\"  itemscope=\"itemscope\" itemtype=\"https:\/\/schema.org\/BlogPosting\" ><div class=\"blog-meta\"><\/div><div class='entry-content-wrapper clearfix standard-content'><header class=\"entry-content-header\"><h2 class='post-title entry-title '  itemprop=\"headline\" ><a href=\"https:\/\/kylkirauta.fi\/index.php\/2026\/02\/23\/risto-sinkko-eu-kansalaisten-nakemyksia-turvallisuudesta-ja-puolustuksesta\/\" rel=\"bookmark\" title=\"Permanent Link: Risto Sinkko: EU-kansalaisten n\u00e4kemyksi\u00e4 turvallisuudesta ja puolustuksesta\">Risto Sinkko: EU-kansalaisten n\u00e4kemyksi\u00e4 turvallisuudesta ja puolustuksesta<span class=\"post-format-icon minor-meta\"><\/span><\/a><\/h2><span class=\"post-meta-infos\"><time class=\"date-container minor-meta updated\"  itemprop=\"datePublished\" datetime=\"2026-02-23T17:08:33+02:00\" >23.2.2026<\/time><span class=\"text-sep\">\/<\/span><span class=\"blog-categories minor-meta\">in <a href=\"https:\/\/kylkirauta.fi\/index.php\/category\/artikkeli\/\" rel=\"tag\">Artikkeli<\/a>, <a href=\"https:\/\/kylkirauta.fi\/index.php\/category\/artikkeli-2026\/\" rel=\"tag\">Artikkeli 2026<\/a><\/span><span class=\"text-sep\">\/<\/span><span class=\"blog-author minor-meta\">by <span class=\"entry-author-link\"  itemprop=\"author\" ><span class=\"author\"><span class=\"fn\"><a href=\"https:\/\/kylkirauta.fi\/index.php\/author\/karisain\/\" title=\"Kirjoittanut: Kari Sainio\" rel=\"author\">Kari Sainio<\/a><\/span><\/span><\/span><\/span><div class=\"read-more-link\"><a href=\"https:\/\/kylkirauta.fi\/index.php\/2026\/02\/23\/risto-sinkko-eu-kansalaisten-nakemyksia-turvallisuudesta-ja-puolustuksesta\/\" class=\"more-link\">Read more<span class=\"more-link-arrow\"><\/span><\/a><\/div><\/span><\/header><footer class=\"entry-footer\"><\/footer><div class='post_delimiter'><\/div><\/div><div class=\"post_author_timeline\"><\/div><span class='hidden'>\n\t\t\t\t<span class='av-structured-data'  itemprop=\"image\" itemscope=\"itemscope\" itemtype=\"https:\/\/schema.org\/ImageObject\" >\n\t\t\t\t\t\t<span itemprop='url'>https:\/\/kylkirauta.fi\/wp-content\/uploads\/2026\/02\/Artikkeli-MSC-artikkeli.jpg<\/span>\n\t\t\t\t\t\t<span itemprop='height'>487<\/span>\n\t\t\t\t\t\t<span itemprop='width'>843<\/span>\n\t\t\t\t<\/span>\n\t\t\t\t<span class='av-structured-data'  itemprop=\"publisher\" itemtype=\"https:\/\/schema.org\/Organization\" itemscope=\"itemscope\" >\n\t\t\t\t\t\t<span itemprop='name'>Kari Sainio<\/span>\n\t\t\t\t\t\t<span itemprop='logo' itemscope itemtype='https:\/\/schema.org\/ImageObject'>\n\t\t\t\t\t\t\t<span itemprop='url'>https:\/\/kylkirauta.fi\/wp-content\/uploads\/2020\/02\/kkunta_weblogo-100x100-1.png<\/span>\n\t\t\t\t\t\t<\/span>\n\t\t\t\t<\/span><span class='av-structured-data'  itemprop=\"author\" itemscope=\"itemscope\" itemtype=\"https:\/\/schema.org\/Person\" ><span itemprop='name'>Kari Sainio<\/span><\/span><span class='av-structured-data'  itemprop=\"datePublished\" datetime=\"2026-02-23T17:08:33+02:00\" >2026-02-23 17:08:33<\/span><span class='av-structured-data'  itemprop=\"dateModified\" itemtype=\"https:\/\/schema.org\/dateModified\" >2026-02-23 17:29:54<\/span><span class='av-structured-data'  itemprop=\"mainEntityOfPage\" itemtype=\"https:\/\/schema.org\/mainEntityOfPage\" ><span itemprop='name'>Risto Sinkko: EU-kansalaisten n\u00e4kemyksi\u00e4 turvallisuudesta ja puolustuksesta<\/span><\/span><\/span><\/article><div class='bloglist-simple'><nav class='pagination'><span class='pagination-meta'>Page 1 of 58<\/span><span class='current'>1<\/span><a href='https:\/\/kylkirauta.fi\/index.php\/wp-json\/wp\/v2\/posts\/961\/page\/2\/' class='inactive next_page' >2<\/a><a href='https:\/\/kylkirauta.fi\/index.php\/wp-json\/wp\/v2\/posts\/961\/page\/3\/' class='inactive' >3<\/a><a href='https:\/\/kylkirauta.fi\/index.php\/wp-json\/wp\/v2\/posts\/961\/page\/2\/'>&rsaquo;<\/a><a href='https:\/\/kylkirauta.fi\/index.php\/wp-json\/wp\/v2\/posts\/961\/page\/58\/'>&raquo;<\/a><\/nav>\n<\/div><\/div><\/p>\n","protected":false},"excerpt":{"rendered":"","protected":false},"author":3,"featured_media":0,"comment_status":"closed","ping_status":"closed","sticky":false,"template":"","format":"standard","meta":{"footnotes":""},"categories":[4,26],"tags":[],"class_list":["post-961","post","type-post","status-publish","format-standard","hentry","category-artikkeli","category-artikkeli-2014"],"yoast_head":"<!-- This site is optimized with the Yoast SEO plugin v27.5 - https:\/\/yoast.com\/product\/yoast-seo-wordpress\/ -->\n<title>Ilkka Ikonen: Johtamisen piirteit\u00e4 monikansallisessa operaatiossa \u2013 \u201dCase ISAF\u201d - Kylkirauta<\/title>\n<meta name=\"robots\" content=\"index, follow, max-snippet:-1, max-image-preview:large, max-video-preview:-1\" \/>\n<link rel=\"canonical\" href=\"https:\/\/kylkirauta.fi\/index.php\/2014\/07\/17\/johtamisen-piirteita-monikansallisessa-operaatiossa-case-isaf\/\" \/>\n<meta property=\"og:locale\" content=\"fi_FI\" \/>\n<meta property=\"og:type\" content=\"article\" \/>\n<meta property=\"og:title\" content=\"Ilkka Ikonen: Johtamisen piirteit\u00e4 monikansallisessa operaatiossa \u2013 \u201dCase ISAF\u201d - Kylkirauta\" \/>\n<meta property=\"og:url\" content=\"https:\/\/kylkirauta.fi\/index.php\/2014\/07\/17\/johtamisen-piirteita-monikansallisessa-operaatiossa-case-isaf\/\" \/>\n<meta property=\"og:site_name\" content=\"Kylkirauta\" \/>\n<meta property=\"article:published_time\" content=\"2014-07-17T13:01:03+00:00\" \/>\n<meta property=\"article:modified_time\" content=\"2020-01-26T09:55:07+00:00\" \/>\n<meta property=\"og:image\" content=\"https:\/\/kylkirauta.fi\/wp-content\/uploads\/2020\/01\/Ikonen_Ilkka_27923Dh2012-1-196x300.jpg\" \/>\n<meta name=\"author\" content=\"Kari Sainio\" \/>\n<meta name=\"twitter:card\" content=\"summary_large_image\" \/>\n<meta name=\"twitter:label1\" content=\"Kirjoittanut\" \/>\n\t<meta name=\"twitter:data1\" content=\"Kari Sainio\" \/>\n\t<meta name=\"twitter:label2\" content=\"Arvioitu lukuaika\" \/>\n\t<meta name=\"twitter:data2\" content=\"15 minuuttia\" \/>\n<script type=\"application\/ld+json\" class=\"yoast-schema-graph\">{\"@context\":\"https:\\\/\\\/schema.org\",\"@graph\":[{\"@type\":\"Article\",\"@id\":\"https:\\\/\\\/kylkirauta.fi\\\/index.php\\\/2014\\\/07\\\/17\\\/johtamisen-piirteita-monikansallisessa-operaatiossa-case-isaf\\\/#article\",\"isPartOf\":{\"@id\":\"https:\\\/\\\/kylkirauta.fi\\\/index.php\\\/2014\\\/07\\\/17\\\/johtamisen-piirteita-monikansallisessa-operaatiossa-case-isaf\\\/\"},\"author\":{\"name\":\"Kari Sainio\",\"@id\":\"https:\\\/\\\/kylkirauta.fi\\\/#\\\/schema\\\/person\\\/714ab39a349c656b20d60a239be1d6f6\"},\"headline\":\"Ilkka Ikonen: Johtamisen piirteit\u00e4 monikansallisessa operaatiossa \u2013 \u201dCase ISAF\u201d\",\"datePublished\":\"2014-07-17T13:01:03+00:00\",\"dateModified\":\"2020-01-26T09:55:07+00:00\",\"mainEntityOfPage\":{\"@id\":\"https:\\\/\\\/kylkirauta.fi\\\/index.php\\\/2014\\\/07\\\/17\\\/johtamisen-piirteita-monikansallisessa-operaatiossa-case-isaf\\\/\"},\"wordCount\":2874,\"image\":{\"@id\":\"https:\\\/\\\/kylkirauta.fi\\\/index.php\\\/2014\\\/07\\\/17\\\/johtamisen-piirteita-monikansallisessa-operaatiossa-case-isaf\\\/#primaryimage\"},\"thumbnailUrl\":\"https:\\\/\\\/kylkirauta.fi\\\/wp-content\\\/uploads\\\/2020\\\/01\\\/Ikonen_Ilkka_27923Dh2012-1-196x300.jpg\",\"articleSection\":[\"Artikkeli\",\"Artikkeli 2014\"],\"inLanguage\":\"fi\"},{\"@type\":\"WebPage\",\"@id\":\"https:\\\/\\\/kylkirauta.fi\\\/index.php\\\/2014\\\/07\\\/17\\\/johtamisen-piirteita-monikansallisessa-operaatiossa-case-isaf\\\/\",\"url\":\"https:\\\/\\\/kylkirauta.fi\\\/index.php\\\/2014\\\/07\\\/17\\\/johtamisen-piirteita-monikansallisessa-operaatiossa-case-isaf\\\/\",\"name\":\"Ilkka Ikonen: Johtamisen piirteit\u00e4 monikansallisessa operaatiossa \u2013 \u201dCase ISAF\u201d - Kylkirauta\",\"isPartOf\":{\"@id\":\"https:\\\/\\\/kylkirauta.fi\\\/#website\"},\"primaryImageOfPage\":{\"@id\":\"https:\\\/\\\/kylkirauta.fi\\\/index.php\\\/2014\\\/07\\\/17\\\/johtamisen-piirteita-monikansallisessa-operaatiossa-case-isaf\\\/#primaryimage\"},\"image\":{\"@id\":\"https:\\\/\\\/kylkirauta.fi\\\/index.php\\\/2014\\\/07\\\/17\\\/johtamisen-piirteita-monikansallisessa-operaatiossa-case-isaf\\\/#primaryimage\"},\"thumbnailUrl\":\"https:\\\/\\\/kylkirauta.fi\\\/wp-content\\\/uploads\\\/2020\\\/01\\\/Ikonen_Ilkka_27923Dh2012-1-196x300.jpg\",\"datePublished\":\"2014-07-17T13:01:03+00:00\",\"dateModified\":\"2020-01-26T09:55:07+00:00\",\"author\":{\"@id\":\"https:\\\/\\\/kylkirauta.fi\\\/#\\\/schema\\\/person\\\/714ab39a349c656b20d60a239be1d6f6\"},\"breadcrumb\":{\"@id\":\"https:\\\/\\\/kylkirauta.fi\\\/index.php\\\/2014\\\/07\\\/17\\\/johtamisen-piirteita-monikansallisessa-operaatiossa-case-isaf\\\/#breadcrumb\"},\"inLanguage\":\"fi\",\"potentialAction\":[{\"@type\":\"ReadAction\",\"target\":[\"https:\\\/\\\/kylkirauta.fi\\\/index.php\\\/2014\\\/07\\\/17\\\/johtamisen-piirteita-monikansallisessa-operaatiossa-case-isaf\\\/\"]}]},{\"@type\":\"ImageObject\",\"inLanguage\":\"fi\",\"@id\":\"https:\\\/\\\/kylkirauta.fi\\\/index.php\\\/2014\\\/07\\\/17\\\/johtamisen-piirteita-monikansallisessa-operaatiossa-case-isaf\\\/#primaryimage\",\"url\":\"https:\\\/\\\/kylkirauta.fi\\\/wp-content\\\/uploads\\\/2020\\\/01\\\/Ikonen_Ilkka_27923Dh2012-1.jpg\",\"contentUrl\":\"https:\\\/\\\/kylkirauta.fi\\\/wp-content\\\/uploads\\\/2020\\\/01\\\/Ikonen_Ilkka_27923Dh2012-1.jpg\",\"width\":850,\"height\":1300},{\"@type\":\"BreadcrumbList\",\"@id\":\"https:\\\/\\\/kylkirauta.fi\\\/index.php\\\/2014\\\/07\\\/17\\\/johtamisen-piirteita-monikansallisessa-operaatiossa-case-isaf\\\/#breadcrumb\",\"itemListElement\":[{\"@type\":\"ListItem\",\"position\":1,\"name\":\"Home\",\"item\":\"https:\\\/\\\/kylkirauta.fi\\\/index.php\\\/home\\\/\"},{\"@type\":\"ListItem\",\"position\":2,\"name\":\"Ilkka Ikonen: Johtamisen piirteit\u00e4 monikansallisessa operaatiossa \u2013 \u201dCase ISAF\u201d\"}]},{\"@type\":\"WebSite\",\"@id\":\"https:\\\/\\\/kylkirauta.fi\\\/#website\",\"url\":\"https:\\\/\\\/kylkirauta.fi\\\/\",\"name\":\"Kylkirauta\",\"description\":\"Kadettiupseerit yhteiskunnan palveluksessa\",\"potentialAction\":[{\"@type\":\"SearchAction\",\"target\":{\"@type\":\"EntryPoint\",\"urlTemplate\":\"https:\\\/\\\/kylkirauta.fi\\\/?s={search_term_string}\"},\"query-input\":{\"@type\":\"PropertyValueSpecification\",\"valueRequired\":true,\"valueName\":\"search_term_string\"}}],\"inLanguage\":\"fi\"},{\"@type\":\"Person\",\"@id\":\"https:\\\/\\\/kylkirauta.fi\\\/#\\\/schema\\\/person\\\/714ab39a349c656b20d60a239be1d6f6\",\"name\":\"Kari Sainio\",\"sameAs\":[\"http:\\\/\\\/www.kylkirauta.fi\"],\"url\":\"https:\\\/\\\/kylkirauta.fi\\\/index.php\\\/author\\\/karisain\\\/\"}]}<\/script>\n<!-- \/ Yoast SEO plugin. -->","yoast_head_json":{"title":"Ilkka Ikonen: Johtamisen piirteit\u00e4 monikansallisessa operaatiossa \u2013 \u201dCase ISAF\u201d - Kylkirauta","robots":{"index":"index","follow":"follow","max-snippet":"max-snippet:-1","max-image-preview":"max-image-preview:large","max-video-preview":"max-video-preview:-1"},"canonical":"https:\/\/kylkirauta.fi\/index.php\/2014\/07\/17\/johtamisen-piirteita-monikansallisessa-operaatiossa-case-isaf\/","og_locale":"fi_FI","og_type":"article","og_title":"Ilkka Ikonen: Johtamisen piirteit\u00e4 monikansallisessa operaatiossa \u2013 \u201dCase ISAF\u201d - Kylkirauta","og_url":"https:\/\/kylkirauta.fi\/index.php\/2014\/07\/17\/johtamisen-piirteita-monikansallisessa-operaatiossa-case-isaf\/","og_site_name":"Kylkirauta","article_published_time":"2014-07-17T13:01:03+00:00","article_modified_time":"2020-01-26T09:55:07+00:00","og_image":[{"url":"https:\/\/kylkirauta.fi\/wp-content\/uploads\/2020\/01\/Ikonen_Ilkka_27923Dh2012-1-196x300.jpg","type":"","width":"","height":""}],"author":"Kari Sainio","twitter_card":"summary_large_image","twitter_misc":{"Kirjoittanut":"Kari Sainio","Arvioitu lukuaika":"15 minuuttia"},"schema":{"@context":"https:\/\/schema.org","@graph":[{"@type":"Article","@id":"https:\/\/kylkirauta.fi\/index.php\/2014\/07\/17\/johtamisen-piirteita-monikansallisessa-operaatiossa-case-isaf\/#article","isPartOf":{"@id":"https:\/\/kylkirauta.fi\/index.php\/2014\/07\/17\/johtamisen-piirteita-monikansallisessa-operaatiossa-case-isaf\/"},"author":{"name":"Kari Sainio","@id":"https:\/\/kylkirauta.fi\/#\/schema\/person\/714ab39a349c656b20d60a239be1d6f6"},"headline":"Ilkka Ikonen: Johtamisen piirteit\u00e4 monikansallisessa operaatiossa \u2013 \u201dCase ISAF\u201d","datePublished":"2014-07-17T13:01:03+00:00","dateModified":"2020-01-26T09:55:07+00:00","mainEntityOfPage":{"@id":"https:\/\/kylkirauta.fi\/index.php\/2014\/07\/17\/johtamisen-piirteita-monikansallisessa-operaatiossa-case-isaf\/"},"wordCount":2874,"image":{"@id":"https:\/\/kylkirauta.fi\/index.php\/2014\/07\/17\/johtamisen-piirteita-monikansallisessa-operaatiossa-case-isaf\/#primaryimage"},"thumbnailUrl":"https:\/\/kylkirauta.fi\/wp-content\/uploads\/2020\/01\/Ikonen_Ilkka_27923Dh2012-1-196x300.jpg","articleSection":["Artikkeli","Artikkeli 2014"],"inLanguage":"fi"},{"@type":"WebPage","@id":"https:\/\/kylkirauta.fi\/index.php\/2014\/07\/17\/johtamisen-piirteita-monikansallisessa-operaatiossa-case-isaf\/","url":"https:\/\/kylkirauta.fi\/index.php\/2014\/07\/17\/johtamisen-piirteita-monikansallisessa-operaatiossa-case-isaf\/","name":"Ilkka Ikonen: Johtamisen piirteit\u00e4 monikansallisessa operaatiossa \u2013 \u201dCase ISAF\u201d - Kylkirauta","isPartOf":{"@id":"https:\/\/kylkirauta.fi\/#website"},"primaryImageOfPage":{"@id":"https:\/\/kylkirauta.fi\/index.php\/2014\/07\/17\/johtamisen-piirteita-monikansallisessa-operaatiossa-case-isaf\/#primaryimage"},"image":{"@id":"https:\/\/kylkirauta.fi\/index.php\/2014\/07\/17\/johtamisen-piirteita-monikansallisessa-operaatiossa-case-isaf\/#primaryimage"},"thumbnailUrl":"https:\/\/kylkirauta.fi\/wp-content\/uploads\/2020\/01\/Ikonen_Ilkka_27923Dh2012-1-196x300.jpg","datePublished":"2014-07-17T13:01:03+00:00","dateModified":"2020-01-26T09:55:07+00:00","author":{"@id":"https:\/\/kylkirauta.fi\/#\/schema\/person\/714ab39a349c656b20d60a239be1d6f6"},"breadcrumb":{"@id":"https:\/\/kylkirauta.fi\/index.php\/2014\/07\/17\/johtamisen-piirteita-monikansallisessa-operaatiossa-case-isaf\/#breadcrumb"},"inLanguage":"fi","potentialAction":[{"@type":"ReadAction","target":["https:\/\/kylkirauta.fi\/index.php\/2014\/07\/17\/johtamisen-piirteita-monikansallisessa-operaatiossa-case-isaf\/"]}]},{"@type":"ImageObject","inLanguage":"fi","@id":"https:\/\/kylkirauta.fi\/index.php\/2014\/07\/17\/johtamisen-piirteita-monikansallisessa-operaatiossa-case-isaf\/#primaryimage","url":"https:\/\/kylkirauta.fi\/wp-content\/uploads\/2020\/01\/Ikonen_Ilkka_27923Dh2012-1.jpg","contentUrl":"https:\/\/kylkirauta.fi\/wp-content\/uploads\/2020\/01\/Ikonen_Ilkka_27923Dh2012-1.jpg","width":850,"height":1300},{"@type":"BreadcrumbList","@id":"https:\/\/kylkirauta.fi\/index.php\/2014\/07\/17\/johtamisen-piirteita-monikansallisessa-operaatiossa-case-isaf\/#breadcrumb","itemListElement":[{"@type":"ListItem","position":1,"name":"Home","item":"https:\/\/kylkirauta.fi\/index.php\/home\/"},{"@type":"ListItem","position":2,"name":"Ilkka Ikonen: Johtamisen piirteit\u00e4 monikansallisessa operaatiossa \u2013 \u201dCase ISAF\u201d"}]},{"@type":"WebSite","@id":"https:\/\/kylkirauta.fi\/#website","url":"https:\/\/kylkirauta.fi\/","name":"Kylkirauta","description":"Kadettiupseerit yhteiskunnan palveluksessa","potentialAction":[{"@type":"SearchAction","target":{"@type":"EntryPoint","urlTemplate":"https:\/\/kylkirauta.fi\/?s={search_term_string}"},"query-input":{"@type":"PropertyValueSpecification","valueRequired":true,"valueName":"search_term_string"}}],"inLanguage":"fi"},{"@type":"Person","@id":"https:\/\/kylkirauta.fi\/#\/schema\/person\/714ab39a349c656b20d60a239be1d6f6","name":"Kari Sainio","sameAs":["http:\/\/www.kylkirauta.fi"],"url":"https:\/\/kylkirauta.fi\/index.php\/author\/karisain\/"}]}},"_links":{"self":[{"href":"https:\/\/kylkirauta.fi\/index.php\/wp-json\/wp\/v2\/posts\/961","targetHints":{"allow":["GET"]}}],"collection":[{"href":"https:\/\/kylkirauta.fi\/index.php\/wp-json\/wp\/v2\/posts"}],"about":[{"href":"https:\/\/kylkirauta.fi\/index.php\/wp-json\/wp\/v2\/types\/post"}],"author":[{"embeddable":true,"href":"https:\/\/kylkirauta.fi\/index.php\/wp-json\/wp\/v2\/users\/3"}],"replies":[{"embeddable":true,"href":"https:\/\/kylkirauta.fi\/index.php\/wp-json\/wp\/v2\/comments?post=961"}],"version-history":[{"count":3,"href":"https:\/\/kylkirauta.fi\/index.php\/wp-json\/wp\/v2\/posts\/961\/revisions"}],"predecessor-version":[{"id":2632,"href":"https:\/\/kylkirauta.fi\/index.php\/wp-json\/wp\/v2\/posts\/961\/revisions\/2632"}],"wp:attachment":[{"href":"https:\/\/kylkirauta.fi\/index.php\/wp-json\/wp\/v2\/media?parent=961"}],"wp:term":[{"taxonomy":"category","embeddable":true,"href":"https:\/\/kylkirauta.fi\/index.php\/wp-json\/wp\/v2\/categories?post=961"},{"taxonomy":"post_tag","embeddable":true,"href":"https:\/\/kylkirauta.fi\/index.php\/wp-json\/wp\/v2\/tags?post=961"}],"curies":[{"name":"wp","href":"https:\/\/api.w.org\/{rel}","templated":true}]}}