{"id":958,"date":"2014-06-04T12:57:42","date_gmt":"2014-06-04T12:57:42","guid":{"rendered":"https:\/\/kylkirauta.fi\/?p=958"},"modified":"2020-01-26T09:43:39","modified_gmt":"2020-01-26T09:43:39","slug":"johtaminen-maavoimien-taistelussa","status":"publish","type":"post","link":"https:\/\/kylkirauta.fi\/index.php\/2014\/06\/04\/johtaminen-maavoimien-taistelussa\/","title":{"rendered":"Petter Parikka: Johtaminen maavoimien taistelussa"},"content":{"rendered":"<div id='full_slider_1'  class='avia-fullwidth-slider main_color avia-shadow   avia-builder-el-0  el_before_av_one_full  avia-builder-el-first   container_wrap sidebar_right'  ><div  class='avia-slideshow av-l9olo-34f89e96fc3de7b9b51c14c99ace17a4 avia-slideshow-featured av_slideshow_full avia-slide-slider av-slideshow-ui av-control-default av-slideshow-manual av-loop-once av-loop-manual-endless av-default-height-applied   avia-slideshow-1' data-slideshow-options=\"{&quot;animation&quot;:&quot;slide&quot;,&quot;autoplay&quot;:false,&quot;loop_autoplay&quot;:&quot;once&quot;,&quot;interval&quot;:5,&quot;loop_manual&quot;:&quot;manual-endless&quot;,&quot;autoplay_stopper&quot;:false,&quot;noNavigation&quot;:false,&quot;bg_slider&quot;:false,&quot;keep_padding&quot;:false,&quot;hoverpause&quot;:false,&quot;show_slide_delay&quot;:0}\"  itemprop=\"image\" itemscope=\"itemscope\" itemtype=\"https:\/\/schema.org\/ImageObject\" ><ul class='avia-slideshow-inner ' style='padding-bottom: 28.666666666667%;'><li  class='avia-slideshow-slide av-l9olo-34f89e96fc3de7b9b51c14c99ace17a4__0  av-single-slide slide-1 slide-odd'><div data-rel='slideshow-1' class='avia-slide-wrap '   ><img decoding=\"async\" fetchpriority=\"high\" class=\"wp-image-54 avia-img-lazy-loading-not-54\"  src=\"https:\/\/kylkirauta.fi\/wp-content\/uploads\/2019\/10\/otsake-kuva_1500x430-1500x430.png\" width=\"1500\" height=\"430\" title='otsake-kuva_1500x430' alt=''  itemprop=\"thumbnailUrl\" srcset=\"https:\/\/kylkirauta.fi\/wp-content\/uploads\/2019\/10\/otsake-kuva_1500x430-1500x430.png 1500w, https:\/\/kylkirauta.fi\/wp-content\/uploads\/2019\/10\/otsake-kuva_1500x430-300x86.png 300w, https:\/\/kylkirauta.fi\/wp-content\/uploads\/2019\/10\/otsake-kuva_1500x430-768x220.png 768w, https:\/\/kylkirauta.fi\/wp-content\/uploads\/2019\/10\/otsake-kuva_1500x430-1030x295.png 1030w, https:\/\/kylkirauta.fi\/wp-content\/uploads\/2019\/10\/otsake-kuva_1500x430-705x202.png 705w, https:\/\/kylkirauta.fi\/wp-content\/uploads\/2019\/10\/otsake-kuva_1500x430.png 1817w\" sizes=\"(max-width: 1500px) 100vw, 1500px\" \/><\/div><\/li><\/ul><\/div><\/div><div id='after_full_slider_1'  class='main_color av_default_container_wrap container_wrap sidebar_right'  ><div class='container av-section-cont-open' ><div class='template-page content  av-content-small alpha units'><div class='post-entry post-entry-type-page post-entry-958'><div class='entry-content-wrapper clearfix'>\n\n<style type=\"text\/css\" data-created_by=\"avia_inline_auto\" id=\"style-css-av-km4zs-0614ada41eb3461e6efbb361dfbae970\">\n.flex_column.av-km4zs-0614ada41eb3461e6efbb361dfbae970{\nborder-radius:0px 0px 0px 0px;\npadding:0px 0px 0px 0px;\n}\n<\/style>\n<div  class='flex_column av-km4zs-0614ada41eb3461e6efbb361dfbae970 av_one_full  avia-builder-el-1  el_after_av_slideshow_full  el_before_av_hr  avia-builder-el-first  first flex_column_div av-zero-column-padding  '     ><p>\n<style type=\"text\/css\" data-created_by=\"avia_inline_auto\" id=\"style-css-av-av_heading-b178cbc004739d32a08413e2b30d2b10\">\n#top .av-special-heading.av-av_heading-b178cbc004739d32a08413e2b30d2b10{\npadding-bottom:10px;\n}\nbody .av-special-heading.av-av_heading-b178cbc004739d32a08413e2b30d2b10 .av-special-heading-tag .heading-char{\nfont-size:25px;\n}\n.av-special-heading.av-av_heading-b178cbc004739d32a08413e2b30d2b10 .av-subheading{\nfont-size:15px;\n}\n<\/style>\n<div  class='av-special-heading av-av_heading-b178cbc004739d32a08413e2b30d2b10 av-special-heading-h3  avia-builder-el-2  el_before_av_hr  avia-builder-el-first '><h3 class='av-special-heading-tag'  itemprop=\"headline\"  >Johtaminen maavoimien taistelussa<\/h3><div class=\"special-heading-border\"><div class=\"special-heading-inner-border\"><\/div><\/div><\/div><br \/>\n\n<style type=\"text\/css\" data-created_by=\"avia_inline_auto\" id=\"style-css-av-k5m7b9te-01401dd5e8beb25770de1be03f41ecf3\">\n#top .hr.hr-invisible.av-k5m7b9te-01401dd5e8beb25770de1be03f41ecf3{\nheight:30px;\n}\n<\/style>\n<div  class='hr av-k5m7b9te-01401dd5e8beb25770de1be03f41ecf3 hr-invisible  avia-builder-el-3  el_after_av_heading  el_before_av_textblock '><span class='hr-inner '><span class=\"hr-inner-style\"><\/span><\/span><\/div><br \/>\n<section  class='av_textblock_section av-k8d08-dea0f25c8df625cf22cbdeac32688808 '   itemscope=\"itemscope\" itemtype=\"https:\/\/schema.org\/BlogPosting\" itemprop=\"blogPost\" ><div class='avia_textblock'  itemprop=\"text\" ><div id=\"attachment_959\" style=\"width: 140px\" class=\"wp-caption alignleft\"><img loading=\"lazy\" decoding=\"async\" aria-describedby=\"caption-attachment-959\" class=\"wp-image-959\" src=\"https:\/\/kylkirauta.fi\/wp-content\/uploads\/2020\/01\/Parikka_Petter_Johannes_080230_618-80Hr-1-202x300.jpg\" alt=\"\" width=\"130\" height=\"193\" srcset=\"https:\/\/kylkirauta.fi\/wp-content\/uploads\/2020\/01\/Parikka_Petter_Johannes_080230_618-80Hr-1-202x300.jpg 202w, https:\/\/kylkirauta.fi\/wp-content\/uploads\/2020\/01\/Parikka_Petter_Johannes_080230_618-80Hr-1-692x1030.jpg 692w, https:\/\/kylkirauta.fi\/wp-content\/uploads\/2020\/01\/Parikka_Petter_Johannes_080230_618-80Hr-1-768x1143.jpg 768w, https:\/\/kylkirauta.fi\/wp-content\/uploads\/2020\/01\/Parikka_Petter_Johannes_080230_618-80Hr-1-1008x1500.jpg 1008w, https:\/\/kylkirauta.fi\/wp-content\/uploads\/2020\/01\/Parikka_Petter_Johannes_080230_618-80Hr-1-474x705.jpg 474w, https:\/\/kylkirauta.fi\/wp-content\/uploads\/2020\/01\/Parikka_Petter_Johannes_080230_618-80Hr-1.jpg 1011w\" sizes=\"auto, (max-width: 130px) 100vw, 130px\" \/><p id=\"caption-attachment-959\" class=\"wp-caption-text\">Petter Parikka<\/p><\/div>\n<p><strong>T\u00e4m\u00e4n lehden numerossa 2\/2013 oli otsikon mukainen artikkeli, jossa k\u00e4siteltiin johtamista ja maavoimien taistelua 2015. Artikkelin kirjoittajat hahmottelivat laveasti suuntaviivoja, joita tulevaisuudessa tullaan noudattamaan johtamisessa ja p\u00e4\u00e4puolustushaaran taistelutoiminnoissa. Johdannossa kirjoittajat kiteyttiv\u00e4t taistelun tavoitteeksi: \u201dtuottaa v\u00e4hemmill\u00e4 mutta suorituskykyisill\u00e4 joukoilla vastustajalle niin suuret tappiot, ett\u00e4 hy\u00f6kk\u00e4ys pys\u00e4htyy\u201d. Voitaneen kysy\u00e4, j\u00e4\u00e4v\u00e4tk\u00f6 taistelun tavoite ja ratkaisuun pyrkiminen n\u00e4in passiivisesti m\u00e4\u00e4riteltyn\u00e4 pahasti puolitiehen? Eik\u00f6 tulevaisuudessa taistelun tavoitteena en\u00e4\u00e4 olekaan vastustajan ly\u00f6minen tai tuhoaminen ja samalla taistelukent\u00e4n haltuunotto? Vertailuna kerron, miten itse tiedostin johtamisen toimiessani muun muassa taktiikan opettajana Taistelukoulussa vuosina 1965-1969 ja mit\u00e4 siit\u00e4 kirjoitin vuoden 1967 Ruotuv\u00e4kilehteen.<\/strong><\/p>\n<p>Sotakorkeakoulun opintojen p\u00e4\u00e4tytty\u00e4 sain siirron taktiikan opettajaksi Taistelukoulun jalkav\u00e4en kapteenikursseille. Vuonna 1967 koulun johtajaksi siirtyi Uudenmaan J\u00e4\u00e4k\u00e4ripataljoonan komentajan teht\u00e4v\u00e4st\u00e4 eversti Pentti Multanen, kadettiaikainen taktiikan opettajanani ja Sotakorkeakoulun oppilasaikainen koulun yleisesikuntaosaston johtaja ja taktiikan p\u00e4\u00e4opettaja. Multanen oli sotinut Talvisodan Pohjois-Karjalan Rajavartiostossa Lieksan suunnalla. Jatkosodassa h\u00e4n oli ollut joukkueen johtajana JR10:ss\u00e4 Rukaj\u00e4rvell\u00e4 sek\u00e4 komppanian p\u00e4\u00e4llikk\u00f6n\u00e4 JR35:ss\u00e4 Maasel\u00e4ss\u00e4 Talin-Ihantalan torjuntataisteluissa, jossa h\u00e4n my\u00f6s haavoittui. Multasen opetuksessa oli taistelukent\u00e4n tuntua.<\/p>\n<p><img loading=\"lazy\" decoding=\"async\" class=\"size-full wp-image-2064 alignnone\" src=\"https:\/\/kylkirauta.fi\/wp-content\/uploads\/2014\/06\/Johtaminen_maavoimien_tasitelussa-scaled.jpg\" alt=\"\" width=\"2560\" height=\"1490\" srcset=\"https:\/\/kylkirauta.fi\/wp-content\/uploads\/2014\/06\/Johtaminen_maavoimien_tasitelussa-scaled.jpg 2560w, https:\/\/kylkirauta.fi\/wp-content\/uploads\/2014\/06\/Johtaminen_maavoimien_tasitelussa-300x175.jpg 300w, https:\/\/kylkirauta.fi\/wp-content\/uploads\/2014\/06\/Johtaminen_maavoimien_tasitelussa-1030x600.jpg 1030w, https:\/\/kylkirauta.fi\/wp-content\/uploads\/2014\/06\/Johtaminen_maavoimien_tasitelussa-768x447.jpg 768w, https:\/\/kylkirauta.fi\/wp-content\/uploads\/2014\/06\/Johtaminen_maavoimien_tasitelussa-1536x894.jpg 1536w, https:\/\/kylkirauta.fi\/wp-content\/uploads\/2014\/06\/Johtaminen_maavoimien_tasitelussa-2048x1192.jpg 2048w, https:\/\/kylkirauta.fi\/wp-content\/uploads\/2014\/06\/Johtaminen_maavoimien_tasitelussa-1500x873.jpg 1500w, https:\/\/kylkirauta.fi\/wp-content\/uploads\/2014\/06\/Johtaminen_maavoimien_tasitelussa-705x410.jpg 705w\" sizes=\"auto, (max-width: 2560px) 100vw, 2560px\" \/><\/p>\n<p>Melko pian h\u00e4nen Taistelukoululle saapumisensa j\u00e4lkeen sain h\u00e4nelt\u00e4 teht\u00e4v\u00e4n kirjoittaa Puolustusvoimien uutislehteen Ruotuv\u00e4keen p\u00e4\u00e4kirjoituksen, jonka aiheeksi h\u00e4n m\u00e4\u00e4ritteli johtamisen. Aloitin ty\u00f6n muistelemalla, millaista opetusta, ohjausta ja virikkeit\u00e4 olin aiemman koulutukseni aikana johtamisesta saanut, ja mit\u00e4 sodanajan taisteluolosuhteet kokeneet upseerit olivat siit\u00e4 minulle kertoneet.<\/p>\n<p>Vuoden 1956 loppupuolella sain m\u00e4\u00e4r\u00e4yksen H\u00e4meen Ratsuj\u00e4\u00e4k\u00e4ripataljoonan adjutantiksi. Siell\u00e4 toimi pataljoonan komentajana Jatkosodan aikaisen JR12:n I Pataljoonan komentaja, everstiluutnantti Antti Suurkari. Laaja-alaisten ja monipuolisten kokemustensa vuoksi h\u00e4nell\u00e4 oli runsaasti kerrottavaa pataljoonan ja komppanian johtamisesta taistelukent\u00e4ll\u00e4. Talvisodassa Suurkari oli toiminut rajakomppanian p\u00e4\u00e4llikk\u00f6n\u00e4 Mets\u00e4pirtiss\u00e4. Jatkosodassa h\u00e4n oli kokenut Talin-Ihantalan suurtaisteluolosuhteet etulinjan pataljoonan komentajana hy\u00f6kk\u00e4\u00e4j\u00e4n painopistesuunnassa. Ennen sinne siirtymist\u00e4\u00e4n h\u00e4n oli taistellut Sallan korpialueilla yhdess\u00e4 saksalaisjoukkojen kanssa, joiden karkottamiseen Pohjois-Suomesta h\u00e4n my\u00f6s ehti osallistua Lapin sodassa.<\/p>\n<p>Ollessani jalkav\u00e4en yliupseerikurssin oppilaana Taistelukoulussa vuonna 1958, taktiikan opettajana toimi majuri Pentti Orsila, joka oli palvellut Talvisodassa Osasto R\u00e4s\u00e4selle alistetussa ErP 112:ssa. Pataljoona oli saanut tulikasteensa Aittojoella ja osallistunut Tolvaj\u00e4rvi-\u00c4gl\u00e4j\u00e4rvi -alueen ensimm\u00e4iseen suureen ja menestykselliseen vastahy\u00f6kk\u00e4ykseen Ryhm\u00e4 Talvelalle alistettuna. Jatkosodassa Orsila oli taistellut joukkueen johtajana KvOs 6:ssa ja JR27:ss\u00e4 Karjalan Kannaksella sek\u00e4 sittemmin 19.Pr:n komppanian p\u00e4\u00e4llikk\u00f6n\u00e4 Mets\u00e4pirtin-Taipaleen alueella. H\u00e4nen opetuksessaan oli havaittavissa taistelukent\u00e4ll\u00e4 hankittua kokemusta.<\/p>\n<p>Kolmisen vuotta kest\u00e4neen eskadroonap\u00e4\u00e4llikk\u00f6kauteni j\u00e4lkeen sain vuonna 1962 m\u00e4\u00e4r\u00e4yksen H\u00e4meen Ratsuj\u00e4\u00e4k\u00e4ripataljoonan koulutus- ja j\u00e4rjestelytoimiston p\u00e4\u00e4llik\u00f6ksi. Pataljoonan komentajaksi oli parisen vuotta aiemmin siirtynyt jo 1930-luvulla H\u00e4meen Ratsurykmentiss\u00e4 palvellut everstiluutnantti Mauno Roiha. H\u00e4n oli osallistunut Talvisotaan ja sittemmin Jatkosotaan rykmentin 3.Eskadroonan p\u00e4\u00e4llikk\u00f6n\u00e4. H\u00e4n oli haavoittunut vaikeasti vuoden 1940 It\u00e4-Lementin ankarissa mottitaisteluissa ja toistamiseen vuoden 1941 hy\u00f6kk\u00e4ysvaiheessa Ryhm\u00e4 Oinosen joukoissa S\u00e4\u00e4m\u00e4j\u00e4rvell\u00e4, It\u00e4-Karjalassa. Ratsuv\u00e4kihengen l\u00e4pitunkemana upseerina h\u00e4nen johtamistoimintansa oli mutkatonta ja tehokasta.<\/p>\n<p>Ennen Sotakorkeakoulun p\u00e4\u00e4sykoetta minulla oli vuonna 1962 tilaisuus osallistua panssarivaunupataljoonan komentajan, everstiluutnantti Eero Er\u00e4saaren pit\u00e4m\u00e4lle taktiikan valmennuskurssille Parolassa. H\u00e4n oli toiminut Jatkosodan hy\u00f6kk\u00e4ysvaiheessa joukkueen johtajana ja komppanian p\u00e4\u00e4llikk\u00f6n\u00e4 Ryhm\u00e4 Oinoselle alistetussa J\u00e4\u00e4k\u00e4ripataljoona 7:ss\u00e4 sen edetess\u00e4 Ilomantsista Karhum\u00e4keen. Sen j\u00e4lkeen h\u00e4nen palveluksensa oli jatkunut J\u00e4\u00e4k\u00e4ripataljoona 5:ss\u00e4 komppanian p\u00e4\u00e4llikk\u00f6n\u00e4 Syv\u00e4rill\u00e4 ja 1942-44 Karjalan Kannaksella. Siell\u00e4 h\u00e4n oli kes\u00e4ll\u00e4 1944 osallistunut J\u00e4\u00e4k\u00e4riprikaatin joukoissa kes\u00e4ll\u00e4 Polvisel\u00e4n, Kuutersel\u00e4n ja Talin-Ihantalan rajuihin vastahy\u00f6kk\u00e4yksiin. Toivuttuaan Talissa sattuneesta kolmannesta haavoittumisestaan h\u00e4n osallistui viel\u00e4 saksalaisjoukkojen karkottamiseen J\u00e4\u00e4k\u00e4ripataljoonan 4:n riveiss\u00e4 Lapin sodassa. Kokemusta johtamisesta taisteluolosuhteissa oli siten kertynyt runsaasti. Kun h\u00e4n oli viel\u00e4 toiminut nelisen vuotta Sotakorkeakoulun taktiikan opettajana 1960-luvun taitteessa, oli h\u00e4nell\u00e4 annettavanaan meille runsaasti tietoutta johtamisesta. Er\u00e4saaren opetus tuli hyv\u00e4\u00e4n tarpeeseen, sill\u00e4 oman kapteenikurssini johtamisen ja taktiikan opetuksesta minulle oli j\u00e4\u00e4nyt melko vaisu kuva. Sit\u00e4 vastoin jalkav\u00e4kitaktiikan opettajan, Mannerheim-ristin ritari kapteeni Eino Laihialan pit\u00e4m\u00e4t harjoitukset ja niist\u00e4 saadut opit olivat pysyneet hyvin mieless\u00e4.<\/p>\n<p>Sotakorkeakoulun diplomity\u00f6ss\u00e4ni jouduin muun muassa tarkastelemaan Talvisodan aikaisten divisioonien, armeijakuntien ja niihin rinnastettavien ryhmien sek\u00e4 P\u00e4\u00e4majan johtamistoimintoja. Tutkimusty\u00f6t\u00e4 varten haastattelin Talvisodan aikaisissa johtoteht\u00e4viss\u00e4 toimineita upseereita, jalkav\u00e4enkenraali K.A. Tapola, kenraaliluutnantti H. \u00d6hqvist, kenraaliluutnantti A. Airo ja\u00a0 kenraalimajuri N. Hersalo. Kirjalliseen kyselyyni vastasivat kenraaliluutnantti K. Savonjousi, kenraalimajuri G. Ehrnrooth, eversti V. Nihtil\u00e4, eversti M.K. Stewen, eversti V. Karanko, eversti K-S. Laakso, everstiluutnantti S.J. H\u00e4meen-Anttila ja everstiluutnantti K. Lyly. Vaikka haastatteluni ja kyselyni kohdistuivatkin P\u00e4\u00e4maja-divisioona -tason johtamistoimintaan, kertoivat useat vastaajat mieluusti my\u00f6s kokemuksistaan rykmentti-pataljoonatason ja jotkut jopa komppanian johtamisesta.<\/p>\n<p>Kokemusteni perusteella kirjoitin alussa mainitsemani p\u00e4\u00e4kirjoituksen Ruotuv\u00e4kilehteen. Kun opetuksen tavoite kapteenikursseilla oli antaa oppilaille sodan ajan pataljoonan komentajan koulutus, perustin kirjoitukseni my\u00f6s kurssien opetuksista saamiini kokemuksiin ja keskitin sanottavani pataljoonatasolla tapahtuvaan johtamiseen. Kirjoituksen tarkastivat ennen Ruotuv\u00e4ki -lehdelle l\u00e4hett\u00e4mist\u00e4 koulun johtajan lis\u00e4ksi tykist\u00f6taktiikan opettajana tuolloin toiminut majuri Risto Set\u00e4l\u00e4, sittemmin Sotakorkeakoulun johtaja, joka oli kes\u00e4ll\u00e4 1944 torjumassa pikakiv\u00e4\u00e4rimiehen\u00e4 ven\u00e4l\u00e4isjoukkojen maihinnousua Tuuloksessa.<\/p>\n<p>Verrattaessa artikkelissa ja toisaalta p\u00e4\u00e4kirjoituksessa esitettyj\u00e4, johtamiseen liittyvi\u00e4 tekij\u00f6it\u00e4 voitaneen todeta, ett\u00e4 ne ovat kutakuinkin samankaltaisia. Samoja johtamisen periaatteita on noudatettu jo ties kuinka kauan, onhan kyseisen p\u00e4\u00e4kirjoituksen kirjoittamisestakin l\u00e4hes puolivuosisataa. Niit\u00e4 tultaneen vastaisuudessakin noudattamaan. Johtamisen perusasiat eiv\u00e4t siten ole vuosien kuluessa oleellisesti muuttuneet. Ne ovat samoja ja pysyvi\u00e4. Vain joukkojen koulutus, kokoonpanot ja k\u00e4yt\u00f6ss\u00e4 olevat v\u00e4lineet ovat muuttuneet ja kehittyneet. Rohkenen my\u00f6s ennustaa, ett\u00e4 pataljoona pysynee edelleenkin \u201dperustaisteluyksikk\u00f6n\u00e4\u201d, mutta yksitt\u00e4isten tulivoimaisten komppanioiden ja jopa joukkueiden taistelutoimet tulevat entisest\u00e4\u00e4n korostumaan taistelukent\u00e4ll\u00e4<\/p>\n<p><em><strong>Artikkeli Ruotuv\u00e4kilehdess\u00e4 1967<\/strong><\/em><\/p>\n<p><strong><em>Johtaminen<\/em><\/strong><\/p>\n<p><em>Saadut kokemukset osoittavat, ett\u00e4 johtaminen on niin siviili &#8211; kuin sotilasel\u00e4m\u00e4ss\u00e4 l\u00e4hes poikkeuksetta k\u00e4yt\u00e4nn\u00f6n ongelma, johon liittyy runsaasti erilaisia osatekij\u00f6it\u00e4. Sotilasjohtajan kohdalla johtamisen pulmallisuutta ja monitahoisuutta lis\u00e4\u00e4v\u00e4t sodan rasitusten aiheuttamien vaikeiden psykologisten tekij\u00f6iden ja taistelukent\u00e4n yll\u00e4tt\u00e4vien tilanteiden huomioonottaminen, jolloin johtajan taito ja ihmistuntemuksen t\u00e4rkeys erityisesti korostuvat.<\/em><\/p>\n<p><em>Johtamisella ymm\u00e4rret\u00e4\u00e4n sotilasyhteis\u00f6ss\u00e4 kyky\u00e4 k\u00e4sitell\u00e4 organisaatiossa olevia johtajia ja joukkoja siten, ett\u00e4 ylemm\u00e4n johtajan antama teht\u00e4v\u00e4 tulee t\u00e4ytetyksi. Siihen liittyy oleellisesti johtamistoiminnan kehittyminen alkaen tilanteenarvioinnista ja p\u00e4\u00e4tyen erillisk\u00e4skyjen antamiseen.<\/em><\/p>\n<p><em>Nykyiselle taistelunkuvalle ovat luoteenomaisia nopeat tilanteiden vaihtelut. Maahanlaskut, syv\u00e4t murrot selustaan, voimakas ja raju ep\u00e4suoran tulen ja ilmavoimien k\u00e4ytt\u00f6 sek\u00e4 laajatoiminen sissi\u2013ja tuholaistoiminta ovat jokap\u00e4iv\u00e4isi\u00e4 tapahtumia nykyp\u00e4iv\u00e4n taistelukent\u00e4ll\u00e4.<\/em><\/p>\n<p><em>Pysty\u00e4ksemme tasaveroiseen kamppailuun kuvatunlaisissa olosuhteissa tarvitsemme hyvin koulutetun ja varustetun joukon lis\u00e4ksi enemm\u00e4n kuin koskaan sellaisia johtajia, jotka pystyv\u00e4t itsen\u00e4isesti p\u00e4\u00e4tt\u00e4m\u00e4\u00e4n ja johtamaan. T\u00e4m\u00e4 asettaa nykyisille etulinjan vastuullisille taistelunjohtajille &#8211; pataljoonan komentaja, komppanian p\u00e4\u00e4llikk\u00f6, joukkueen johtaja, ryhm\u00e4n johtaja &#8211; er\u00e4it\u00e4 yleisvaatimuksia, joista t\u00e4rkeimpin\u00e4 mainittakoon<\/em><\/p>\n<ul>\n<li><em>taistelukent\u00e4n olosuhteiden ja taisteluv\u00e4lineiden perusteellinen tunteminen,<\/em><\/li>\n<li><em>oman joukon suorituskyvyn oikein arvioiminen ja yhteistoimintakysymysten hallitseminen erilaisten joukkojen v\u00e4lill\u00e4,<\/em><\/li>\n<li><em>alaisten oikea k\u00e4sittelytapa ja oikeudenmukaisuus sek\u00e4<\/em><\/li>\n<li><em>hyv\u00e4 henkinen ja fyysinen kunto kest\u00e4\u00e4 taistelun rasitukset.<\/em><\/li>\n<\/ul>\n<p><em>Tilanteiden rajuista vaihteluista johtuen johtamistoiminnan on oltava entist\u00e4 nopeampaa. Teht\u00e4v\u00e4n saatuaan johtajan on tilanteenarvioinnissa luotava nopeasti k\u00e4sitys toimenpiteiden kiireysj\u00e4rjestyksest\u00e4 ja p\u00e4\u00e4dytt\u00e4v\u00e4 v\u00e4l\u00e4hdyksenomaisesti oikeaan ratkaisuun &#8211; p\u00e4\u00e4t\u00f6kseen, mit\u00e4 tulee tehd\u00e4. On rohjettava my\u00f6s ottaa teht\u00e4v\u00e4 itselleen, jos tilanne sit\u00e4 vaatii. Ratkaisunteon j\u00e4lkeen on hahmoteltava taistelusuunnitelma sill\u00e4 tarkkuudella, ett\u00e4 sen perusteella voidaan antaa selv\u00e4piirteiset k\u00e4skyt.<\/em><\/p>\n<p><em>Nopea ja varma k\u00e4skynanto on johtajaan kohdistuvan luottamuksen perusta, mik\u00e4 erityisesti korostaa oikeasuuntaisen k\u00e4skytyksen merkityst\u00e4. K\u00e4skyn on oltava selv\u00e4, yksiselitteinen ja toteuttamiskelpoinen. Se ei saa kahlita alijohtajien aloitteellisuutta, vaan on j\u00e4tett\u00e4v\u00e4 riitt\u00e4v\u00e4 toimintatavan valinnan vapaus.<\/em><br \/>\n<em>K\u00e4skyn toteuttamista on valvottava, mutta sen on tapahduttava k\u00e4skynsaajaa kaikin tavoin kannustaen ja auttaen. T\u00e4llaista tukea k\u00e4skynsaajat tulevat tarvitsemaan taistelukent\u00e4ll\u00e4.<\/em><\/p>\n<p><em>Liikkuvat ja yll\u00e4tykselliset taistelutilanteet asettavat johtamiselle entist\u00e4 suurempia vaatimuksia. Johtamistoiminnan on oltava nopeaa ja v\u00e4lit\u00f6nt\u00e4, mutta ennen kaikkea k\u00e4yt\u00e4nn\u00f6n johtamista. On pyritt\u00e4v\u00e4 toimimaan aktiivisesti ja yll\u00e4tt\u00e4en sek\u00e4 k\u00e4ytt\u00e4m\u00e4\u00e4n yksinkertaisia menettelytapoja, jotka ovat menestyksellisen toiminnan t\u00e4rkeimpi\u00e4 edellytyksi\u00e4.<\/em><\/p>\n<p><em><strong>Eversti Petter Parikka <\/strong>palveli H\u00e4meen Rykmentin komentajana ennen reserviin siirtymist\u00e4\u00e4n<\/em><\/p>\n<\/div><\/section><\/p><\/div><div  class='hr av-6zsyz-b471ba5482e75b0a604afa4166a853a5 hr-default  avia-builder-el-5  el_after_av_one_full  el_before_av_blog '><span class='hr-inner '><span class=\"hr-inner-style\"><\/span><\/span><\/div><\/p>\n<div  class='av-alb-blogposts template-blog  '  itemscope=\"itemscope\" itemtype=\"https:\/\/schema.org\/Blog\" ><article class=\"post-entry post-entry-type-standard post-entry-8921 post-loop-1 post-parity-odd bloglist-simple with-slider post-8921 post type-post status-publish format-standard has-post-thumbnail hentry category-artikkeli category-artikkeli-2026\"  itemscope=\"itemscope\" itemtype=\"https:\/\/schema.org\/BlogPosting\" ><div class=\"blog-meta\"><\/div><div class='entry-content-wrapper clearfix standard-content'><header class=\"entry-content-header\"><h2 class='post-title entry-title '  itemprop=\"headline\" ><a href=\"https:\/\/kylkirauta.fi\/index.php\/2026\/04\/20\/kaaderilaulajien-julkaisutoiminta\/\" rel=\"bookmark\" title=\"Permanent Link: Kaaderilaulajien julkaisutoiminta\">Kaaderilaulajien julkaisutoiminta<span class=\"post-format-icon minor-meta\"><\/span><\/a><\/h2><span class=\"post-meta-infos\"><time class=\"date-container minor-meta updated\"  itemprop=\"datePublished\" datetime=\"2026-04-20T15:45:24+03:00\" >20.4.2026<\/time><span class=\"text-sep\">\/<\/span><span class=\"blog-categories minor-meta\">in <a href=\"https:\/\/kylkirauta.fi\/index.php\/category\/artikkeli\/\" rel=\"tag\">Artikkeli<\/a>, <a href=\"https:\/\/kylkirauta.fi\/index.php\/category\/artikkeli-2026\/\" rel=\"tag\">Artikkeli 2026<\/a><\/span><span class=\"text-sep\">\/<\/span><span class=\"blog-author minor-meta\">by <span class=\"entry-author-link\"  itemprop=\"author\" ><span class=\"author\"><span class=\"fn\"><a href=\"https:\/\/kylkirauta.fi\/index.php\/author\/karisain\/\" title=\"Kirjoittanut: Kari Sainio\" rel=\"author\">Kari Sainio<\/a><\/span><\/span><\/span><\/span><div class=\"read-more-link\"><a href=\"https:\/\/kylkirauta.fi\/index.php\/2026\/04\/20\/kaaderilaulajien-julkaisutoiminta\/\" class=\"more-link\">Read more<span class=\"more-link-arrow\"><\/span><\/a><\/div><\/span><\/header><footer class=\"entry-footer\"><\/footer><div class='post_delimiter'><\/div><\/div><div class=\"post_author_timeline\"><\/div><span class='hidden'>\n\t\t\t\t<span class='av-structured-data'  itemprop=\"image\" itemscope=\"itemscope\" itemtype=\"https:\/\/schema.org\/ImageObject\" >\n\t\t\t\t\t\t<span itemprop='url'>https:\/\/kylkirauta.fi\/wp-content\/uploads\/2026\/04\/Artikkeli-4-2026-2.jpg<\/span>\n\t\t\t\t\t\t<span itemprop='height'>487<\/span>\n\t\t\t\t\t\t<span itemprop='width'>843<\/span>\n\t\t\t\t<\/span>\n\t\t\t\t<span class='av-structured-data'  itemprop=\"publisher\" itemtype=\"https:\/\/schema.org\/Organization\" itemscope=\"itemscope\" >\n\t\t\t\t\t\t<span itemprop='name'>Kari Sainio<\/span>\n\t\t\t\t\t\t<span itemprop='logo' itemscope itemtype='https:\/\/schema.org\/ImageObject'>\n\t\t\t\t\t\t\t<span itemprop='url'>https:\/\/kylkirauta.fi\/wp-content\/uploads\/2020\/02\/kkunta_weblogo-100x100-1.png<\/span>\n\t\t\t\t\t\t<\/span>\n\t\t\t\t<\/span><span class='av-structured-data'  itemprop=\"author\" itemscope=\"itemscope\" itemtype=\"https:\/\/schema.org\/Person\" ><span itemprop='name'>Kari Sainio<\/span><\/span><span class='av-structured-data'  itemprop=\"datePublished\" datetime=\"2026-04-20T15:45:24+03:00\" >2026-04-20 15:45:24<\/span><span class='av-structured-data'  itemprop=\"dateModified\" itemtype=\"https:\/\/schema.org\/dateModified\" >2026-04-20 15:45:24<\/span><span class='av-structured-data'  itemprop=\"mainEntityOfPage\" itemtype=\"https:\/\/schema.org\/mainEntityOfPage\" ><span itemprop='name'>Kaaderilaulajien julkaisutoiminta<\/span><\/span><\/span><\/article><article class=\"post-entry post-entry-type-standard post-entry-8884 post-loop-2 post-parity-even bloglist-simple with-slider post-8884 post type-post status-publish format-standard has-post-thumbnail hentry category-artikkeli category-artikkeli-2026\"  itemscope=\"itemscope\" itemtype=\"https:\/\/schema.org\/BlogPosting\" ><div class=\"blog-meta\"><\/div><div class='entry-content-wrapper clearfix standard-content'><header class=\"entry-content-header\"><h2 class='post-title entry-title '  itemprop=\"headline\" ><a href=\"https:\/\/kylkirauta.fi\/index.php\/2026\/03\/27\/kaaderilaulajien-ukraina-tukikonsertit\/\" rel=\"bookmark\" title=\"Permanent Link: Kaaderilaulajien Ukraina-tukikonsertit\">Kaaderilaulajien Ukraina-tukikonsertit<span class=\"post-format-icon minor-meta\"><\/span><\/a><\/h2><span class=\"post-meta-infos\"><time class=\"date-container minor-meta updated\"  itemprop=\"datePublished\" datetime=\"2026-03-27T12:30:38+02:00\" >27.3.2026<\/time><span class=\"text-sep\">\/<\/span><span class=\"blog-categories minor-meta\">in <a href=\"https:\/\/kylkirauta.fi\/index.php\/category\/artikkeli\/\" rel=\"tag\">Artikkeli<\/a>, <a href=\"https:\/\/kylkirauta.fi\/index.php\/category\/artikkeli-2026\/\" rel=\"tag\">Artikkeli 2026<\/a><\/span><span class=\"text-sep\">\/<\/span><span class=\"blog-author minor-meta\">by <span class=\"entry-author-link\"  itemprop=\"author\" ><span class=\"author\"><span class=\"fn\"><a href=\"https:\/\/kylkirauta.fi\/index.php\/author\/karisain\/\" title=\"Kirjoittanut: Kari Sainio\" rel=\"author\">Kari Sainio<\/a><\/span><\/span><\/span><\/span><div class=\"read-more-link\"><a href=\"https:\/\/kylkirauta.fi\/index.php\/2026\/03\/27\/kaaderilaulajien-ukraina-tukikonsertit\/\" class=\"more-link\">Read more<span class=\"more-link-arrow\"><\/span><\/a><\/div><\/span><\/header><footer class=\"entry-footer\"><\/footer><div class='post_delimiter'><\/div><\/div><div class=\"post_author_timeline\"><\/div><span class='hidden'>\n\t\t\t\t<span class='av-structured-data'  itemprop=\"image\" itemscope=\"itemscope\" itemtype=\"https:\/\/schema.org\/ImageObject\" >\n\t\t\t\t\t\t<span itemprop='url'>https:\/\/kylkirauta.fi\/wp-content\/uploads\/2026\/03\/3-2026-artikkeli.jpg<\/span>\n\t\t\t\t\t\t<span itemprop='height'>487<\/span>\n\t\t\t\t\t\t<span itemprop='width'>843<\/span>\n\t\t\t\t<\/span>\n\t\t\t\t<span class='av-structured-data'  itemprop=\"publisher\" itemtype=\"https:\/\/schema.org\/Organization\" itemscope=\"itemscope\" >\n\t\t\t\t\t\t<span itemprop='name'>Kari Sainio<\/span>\n\t\t\t\t\t\t<span itemprop='logo' itemscope itemtype='https:\/\/schema.org\/ImageObject'>\n\t\t\t\t\t\t\t<span itemprop='url'>https:\/\/kylkirauta.fi\/wp-content\/uploads\/2020\/02\/kkunta_weblogo-100x100-1.png<\/span>\n\t\t\t\t\t\t<\/span>\n\t\t\t\t<\/span><span class='av-structured-data'  itemprop=\"author\" itemscope=\"itemscope\" itemtype=\"https:\/\/schema.org\/Person\" ><span itemprop='name'>Kari Sainio<\/span><\/span><span class='av-structured-data'  itemprop=\"datePublished\" datetime=\"2026-03-27T12:30:38+02:00\" >2026-03-27 12:30:38<\/span><span class='av-structured-data'  itemprop=\"dateModified\" itemtype=\"https:\/\/schema.org\/dateModified\" >2026-03-27 12:30:38<\/span><span class='av-structured-data'  itemprop=\"mainEntityOfPage\" itemtype=\"https:\/\/schema.org\/mainEntityOfPage\" ><span itemprop='name'>Kaaderilaulajien Ukraina-tukikonsertit<\/span><\/span><\/span><\/article><article class=\"post-entry post-entry-type-standard post-entry-8786 post-loop-3 post-parity-odd post-entry-last bloglist-simple with-slider post-8786 post type-post status-publish format-standard has-post-thumbnail hentry category-artikkeli category-artikkeli-2026\"  itemscope=\"itemscope\" itemtype=\"https:\/\/schema.org\/BlogPosting\" ><div class=\"blog-meta\"><\/div><div class='entry-content-wrapper clearfix standard-content'><header class=\"entry-content-header\"><h2 class='post-title entry-title '  itemprop=\"headline\" ><a href=\"https:\/\/kylkirauta.fi\/index.php\/2026\/02\/23\/risto-sinkko-eu-kansalaisten-nakemyksia-turvallisuudesta-ja-puolustuksesta\/\" rel=\"bookmark\" title=\"Permanent Link: Risto Sinkko: EU-kansalaisten n\u00e4kemyksi\u00e4 turvallisuudesta ja puolustuksesta\">Risto Sinkko: EU-kansalaisten n\u00e4kemyksi\u00e4 turvallisuudesta ja puolustuksesta<span class=\"post-format-icon minor-meta\"><\/span><\/a><\/h2><span class=\"post-meta-infos\"><time class=\"date-container minor-meta updated\"  itemprop=\"datePublished\" datetime=\"2026-02-23T17:08:33+02:00\" >23.2.2026<\/time><span class=\"text-sep\">\/<\/span><span class=\"blog-categories minor-meta\">in <a href=\"https:\/\/kylkirauta.fi\/index.php\/category\/artikkeli\/\" rel=\"tag\">Artikkeli<\/a>, <a href=\"https:\/\/kylkirauta.fi\/index.php\/category\/artikkeli-2026\/\" rel=\"tag\">Artikkeli 2026<\/a><\/span><span class=\"text-sep\">\/<\/span><span class=\"blog-author minor-meta\">by <span class=\"entry-author-link\"  itemprop=\"author\" ><span class=\"author\"><span class=\"fn\"><a href=\"https:\/\/kylkirauta.fi\/index.php\/author\/karisain\/\" title=\"Kirjoittanut: Kari Sainio\" rel=\"author\">Kari Sainio<\/a><\/span><\/span><\/span><\/span><div class=\"read-more-link\"><a href=\"https:\/\/kylkirauta.fi\/index.php\/2026\/02\/23\/risto-sinkko-eu-kansalaisten-nakemyksia-turvallisuudesta-ja-puolustuksesta\/\" class=\"more-link\">Read more<span class=\"more-link-arrow\"><\/span><\/a><\/div><\/span><\/header><footer class=\"entry-footer\"><\/footer><div class='post_delimiter'><\/div><\/div><div class=\"post_author_timeline\"><\/div><span class='hidden'>\n\t\t\t\t<span class='av-structured-data'  itemprop=\"image\" itemscope=\"itemscope\" itemtype=\"https:\/\/schema.org\/ImageObject\" >\n\t\t\t\t\t\t<span itemprop='url'>https:\/\/kylkirauta.fi\/wp-content\/uploads\/2026\/02\/Artikkeli-MSC-artikkeli.jpg<\/span>\n\t\t\t\t\t\t<span itemprop='height'>487<\/span>\n\t\t\t\t\t\t<span itemprop='width'>843<\/span>\n\t\t\t\t<\/span>\n\t\t\t\t<span class='av-structured-data'  itemprop=\"publisher\" itemtype=\"https:\/\/schema.org\/Organization\" itemscope=\"itemscope\" >\n\t\t\t\t\t\t<span itemprop='name'>Kari Sainio<\/span>\n\t\t\t\t\t\t<span itemprop='logo' itemscope itemtype='https:\/\/schema.org\/ImageObject'>\n\t\t\t\t\t\t\t<span itemprop='url'>https:\/\/kylkirauta.fi\/wp-content\/uploads\/2020\/02\/kkunta_weblogo-100x100-1.png<\/span>\n\t\t\t\t\t\t<\/span>\n\t\t\t\t<\/span><span class='av-structured-data'  itemprop=\"author\" itemscope=\"itemscope\" itemtype=\"https:\/\/schema.org\/Person\" ><span itemprop='name'>Kari Sainio<\/span><\/span><span class='av-structured-data'  itemprop=\"datePublished\" datetime=\"2026-02-23T17:08:33+02:00\" >2026-02-23 17:08:33<\/span><span class='av-structured-data'  itemprop=\"dateModified\" itemtype=\"https:\/\/schema.org\/dateModified\" >2026-02-23 17:29:54<\/span><span class='av-structured-data'  itemprop=\"mainEntityOfPage\" itemtype=\"https:\/\/schema.org\/mainEntityOfPage\" ><span itemprop='name'>Risto Sinkko: EU-kansalaisten n\u00e4kemyksi\u00e4 turvallisuudesta ja puolustuksesta<\/span><\/span><\/span><\/article><div class='bloglist-simple'><nav class='pagination'><span class='pagination-meta'>Page 1 of 58<\/span><span class='current'>1<\/span><a href='https:\/\/kylkirauta.fi\/index.php\/wp-json\/wp\/v2\/posts\/958\/page\/2\/' class='inactive next_page' >2<\/a><a href='https:\/\/kylkirauta.fi\/index.php\/wp-json\/wp\/v2\/posts\/958\/page\/3\/' class='inactive' >3<\/a><a href='https:\/\/kylkirauta.fi\/index.php\/wp-json\/wp\/v2\/posts\/958\/page\/2\/'>&rsaquo;<\/a><a href='https:\/\/kylkirauta.fi\/index.php\/wp-json\/wp\/v2\/posts\/958\/page\/58\/'>&raquo;<\/a><\/nav>\n<\/div><\/div>\n","protected":false},"excerpt":{"rendered":"","protected":false},"author":3,"featured_media":0,"comment_status":"closed","ping_status":"closed","sticky":false,"template":"","format":"standard","meta":{"footnotes":""},"categories":[43,45],"tags":[],"class_list":["post-958","post","type-post","status-publish","format-standard","hentry","category-artikkeli-fi","category-artikkeli-2014-fi"],"yoast_head":"<!-- This site is optimized with the Yoast SEO plugin v27.4 - https:\/\/yoast.com\/product\/yoast-seo-wordpress\/ -->\n<title>Petter Parikka: Johtaminen maavoimien taistelussa - Kylkirauta<\/title>\n<meta name=\"robots\" content=\"index, follow, max-snippet:-1, max-image-preview:large, max-video-preview:-1\" \/>\n<link rel=\"canonical\" href=\"https:\/\/kylkirauta.fi\/index.php\/2014\/06\/04\/johtaminen-maavoimien-taistelussa\/\" \/>\n<meta property=\"og:locale\" content=\"fi_FI\" \/>\n<meta property=\"og:type\" content=\"article\" \/>\n<meta property=\"og:title\" content=\"Petter Parikka: Johtaminen maavoimien taistelussa - Kylkirauta\" \/>\n<meta property=\"og:url\" content=\"https:\/\/kylkirauta.fi\/index.php\/2014\/06\/04\/johtaminen-maavoimien-taistelussa\/\" \/>\n<meta property=\"og:site_name\" content=\"Kylkirauta\" \/>\n<meta property=\"article:published_time\" content=\"2014-06-04T12:57:42+00:00\" \/>\n<meta property=\"article:modified_time\" content=\"2020-01-26T09:43:39+00:00\" \/>\n<meta property=\"og:image\" content=\"https:\/\/kylkirauta.fi\/wp-content\/uploads\/2020\/01\/Parikka_Petter_Johannes_080230_618-80Hr-1-202x300.jpg\" \/>\n<meta name=\"author\" content=\"Kari Sainio\" \/>\n<meta name=\"twitter:card\" content=\"summary_large_image\" \/>\n<meta name=\"twitter:label1\" content=\"Kirjoittanut\" \/>\n\t<meta name=\"twitter:data1\" content=\"Kari Sainio\" \/>\n\t<meta name=\"twitter:label2\" content=\"Arvioitu lukuaika\" \/>\n\t<meta name=\"twitter:data2\" content=\"10 minuuttia\" \/>\n<script type=\"application\/ld+json\" class=\"yoast-schema-graph\">{\"@context\":\"https:\\\/\\\/schema.org\",\"@graph\":[{\"@type\":\"Article\",\"@id\":\"https:\\\/\\\/kylkirauta.fi\\\/index.php\\\/2014\\\/06\\\/04\\\/johtaminen-maavoimien-taistelussa\\\/#article\",\"isPartOf\":{\"@id\":\"https:\\\/\\\/kylkirauta.fi\\\/index.php\\\/2014\\\/06\\\/04\\\/johtaminen-maavoimien-taistelussa\\\/\"},\"author\":{\"name\":\"Kari Sainio\",\"@id\":\"https:\\\/\\\/kylkirauta.fi\\\/#\\\/schema\\\/person\\\/714ab39a349c656b20d60a239be1d6f6\"},\"headline\":\"Petter Parikka: Johtaminen maavoimien taistelussa\",\"datePublished\":\"2014-06-04T12:57:42+00:00\",\"dateModified\":\"2020-01-26T09:43:39+00:00\",\"mainEntityOfPage\":{\"@id\":\"https:\\\/\\\/kylkirauta.fi\\\/index.php\\\/2014\\\/06\\\/04\\\/johtaminen-maavoimien-taistelussa\\\/\"},\"wordCount\":1812,\"image\":{\"@id\":\"https:\\\/\\\/kylkirauta.fi\\\/index.php\\\/2014\\\/06\\\/04\\\/johtaminen-maavoimien-taistelussa\\\/#primaryimage\"},\"thumbnailUrl\":\"https:\\\/\\\/kylkirauta.fi\\\/wp-content\\\/uploads\\\/2020\\\/01\\\/Parikka_Petter_Johannes_080230_618-80Hr-1-202x300.jpg\",\"articleSection\":[\"Artikkeli\",\"Artikkeli 2014\"],\"inLanguage\":\"fi\"},{\"@type\":\"WebPage\",\"@id\":\"https:\\\/\\\/kylkirauta.fi\\\/index.php\\\/2014\\\/06\\\/04\\\/johtaminen-maavoimien-taistelussa\\\/\",\"url\":\"https:\\\/\\\/kylkirauta.fi\\\/index.php\\\/2014\\\/06\\\/04\\\/johtaminen-maavoimien-taistelussa\\\/\",\"name\":\"Petter Parikka: Johtaminen maavoimien taistelussa - Kylkirauta\",\"isPartOf\":{\"@id\":\"https:\\\/\\\/kylkirauta.fi\\\/#website\"},\"primaryImageOfPage\":{\"@id\":\"https:\\\/\\\/kylkirauta.fi\\\/index.php\\\/2014\\\/06\\\/04\\\/johtaminen-maavoimien-taistelussa\\\/#primaryimage\"},\"image\":{\"@id\":\"https:\\\/\\\/kylkirauta.fi\\\/index.php\\\/2014\\\/06\\\/04\\\/johtaminen-maavoimien-taistelussa\\\/#primaryimage\"},\"thumbnailUrl\":\"https:\\\/\\\/kylkirauta.fi\\\/wp-content\\\/uploads\\\/2020\\\/01\\\/Parikka_Petter_Johannes_080230_618-80Hr-1-202x300.jpg\",\"datePublished\":\"2014-06-04T12:57:42+00:00\",\"dateModified\":\"2020-01-26T09:43:39+00:00\",\"author\":{\"@id\":\"https:\\\/\\\/kylkirauta.fi\\\/#\\\/schema\\\/person\\\/714ab39a349c656b20d60a239be1d6f6\"},\"breadcrumb\":{\"@id\":\"https:\\\/\\\/kylkirauta.fi\\\/index.php\\\/2014\\\/06\\\/04\\\/johtaminen-maavoimien-taistelussa\\\/#breadcrumb\"},\"inLanguage\":\"fi\",\"potentialAction\":[{\"@type\":\"ReadAction\",\"target\":[\"https:\\\/\\\/kylkirauta.fi\\\/index.php\\\/2014\\\/06\\\/04\\\/johtaminen-maavoimien-taistelussa\\\/\"]}]},{\"@type\":\"ImageObject\",\"inLanguage\":\"fi\",\"@id\":\"https:\\\/\\\/kylkirauta.fi\\\/index.php\\\/2014\\\/06\\\/04\\\/johtaminen-maavoimien-taistelussa\\\/#primaryimage\",\"url\":\"https:\\\/\\\/kylkirauta.fi\\\/wp-content\\\/uploads\\\/2020\\\/01\\\/Parikka_Petter_Johannes_080230_618-80Hr-1.jpg\",\"contentUrl\":\"https:\\\/\\\/kylkirauta.fi\\\/wp-content\\\/uploads\\\/2020\\\/01\\\/Parikka_Petter_Johannes_080230_618-80Hr-1.jpg\",\"width\":1011,\"height\":1504},{\"@type\":\"BreadcrumbList\",\"@id\":\"https:\\\/\\\/kylkirauta.fi\\\/index.php\\\/2014\\\/06\\\/04\\\/johtaminen-maavoimien-taistelussa\\\/#breadcrumb\",\"itemListElement\":[{\"@type\":\"ListItem\",\"position\":1,\"name\":\"Home\",\"item\":\"https:\\\/\\\/kylkirauta.fi\\\/index.php\\\/home\\\/\"},{\"@type\":\"ListItem\",\"position\":2,\"name\":\"Petter Parikka: Johtaminen maavoimien taistelussa\"}]},{\"@type\":\"WebSite\",\"@id\":\"https:\\\/\\\/kylkirauta.fi\\\/#website\",\"url\":\"https:\\\/\\\/kylkirauta.fi\\\/\",\"name\":\"Kylkirauta\",\"description\":\"Kadettiupseerit yhteiskunnan palveluksessa\",\"potentialAction\":[{\"@type\":\"SearchAction\",\"target\":{\"@type\":\"EntryPoint\",\"urlTemplate\":\"https:\\\/\\\/kylkirauta.fi\\\/?s={search_term_string}\"},\"query-input\":{\"@type\":\"PropertyValueSpecification\",\"valueRequired\":true,\"valueName\":\"search_term_string\"}}],\"inLanguage\":\"fi\"},{\"@type\":\"Person\",\"@id\":\"https:\\\/\\\/kylkirauta.fi\\\/#\\\/schema\\\/person\\\/714ab39a349c656b20d60a239be1d6f6\",\"name\":\"Kari Sainio\",\"sameAs\":[\"http:\\\/\\\/www.kylkirauta.fi\"],\"url\":\"https:\\\/\\\/kylkirauta.fi\\\/index.php\\\/author\\\/karisain\\\/\"}]}<\/script>\n<!-- \/ Yoast SEO plugin. -->","yoast_head_json":{"title":"Petter Parikka: Johtaminen maavoimien taistelussa - Kylkirauta","robots":{"index":"index","follow":"follow","max-snippet":"max-snippet:-1","max-image-preview":"max-image-preview:large","max-video-preview":"max-video-preview:-1"},"canonical":"https:\/\/kylkirauta.fi\/index.php\/2014\/06\/04\/johtaminen-maavoimien-taistelussa\/","og_locale":"fi_FI","og_type":"article","og_title":"Petter Parikka: Johtaminen maavoimien taistelussa - Kylkirauta","og_url":"https:\/\/kylkirauta.fi\/index.php\/2014\/06\/04\/johtaminen-maavoimien-taistelussa\/","og_site_name":"Kylkirauta","article_published_time":"2014-06-04T12:57:42+00:00","article_modified_time":"2020-01-26T09:43:39+00:00","og_image":[{"url":"https:\/\/kylkirauta.fi\/wp-content\/uploads\/2020\/01\/Parikka_Petter_Johannes_080230_618-80Hr-1-202x300.jpg","type":"","width":"","height":""}],"author":"Kari Sainio","twitter_card":"summary_large_image","twitter_misc":{"Kirjoittanut":"Kari Sainio","Arvioitu lukuaika":"10 minuuttia"},"schema":{"@context":"https:\/\/schema.org","@graph":[{"@type":"Article","@id":"https:\/\/kylkirauta.fi\/index.php\/2014\/06\/04\/johtaminen-maavoimien-taistelussa\/#article","isPartOf":{"@id":"https:\/\/kylkirauta.fi\/index.php\/2014\/06\/04\/johtaminen-maavoimien-taistelussa\/"},"author":{"name":"Kari Sainio","@id":"https:\/\/kylkirauta.fi\/#\/schema\/person\/714ab39a349c656b20d60a239be1d6f6"},"headline":"Petter Parikka: Johtaminen maavoimien taistelussa","datePublished":"2014-06-04T12:57:42+00:00","dateModified":"2020-01-26T09:43:39+00:00","mainEntityOfPage":{"@id":"https:\/\/kylkirauta.fi\/index.php\/2014\/06\/04\/johtaminen-maavoimien-taistelussa\/"},"wordCount":1812,"image":{"@id":"https:\/\/kylkirauta.fi\/index.php\/2014\/06\/04\/johtaminen-maavoimien-taistelussa\/#primaryimage"},"thumbnailUrl":"https:\/\/kylkirauta.fi\/wp-content\/uploads\/2020\/01\/Parikka_Petter_Johannes_080230_618-80Hr-1-202x300.jpg","articleSection":["Artikkeli","Artikkeli 2014"],"inLanguage":"fi"},{"@type":"WebPage","@id":"https:\/\/kylkirauta.fi\/index.php\/2014\/06\/04\/johtaminen-maavoimien-taistelussa\/","url":"https:\/\/kylkirauta.fi\/index.php\/2014\/06\/04\/johtaminen-maavoimien-taistelussa\/","name":"Petter Parikka: Johtaminen maavoimien taistelussa - Kylkirauta","isPartOf":{"@id":"https:\/\/kylkirauta.fi\/#website"},"primaryImageOfPage":{"@id":"https:\/\/kylkirauta.fi\/index.php\/2014\/06\/04\/johtaminen-maavoimien-taistelussa\/#primaryimage"},"image":{"@id":"https:\/\/kylkirauta.fi\/index.php\/2014\/06\/04\/johtaminen-maavoimien-taistelussa\/#primaryimage"},"thumbnailUrl":"https:\/\/kylkirauta.fi\/wp-content\/uploads\/2020\/01\/Parikka_Petter_Johannes_080230_618-80Hr-1-202x300.jpg","datePublished":"2014-06-04T12:57:42+00:00","dateModified":"2020-01-26T09:43:39+00:00","author":{"@id":"https:\/\/kylkirauta.fi\/#\/schema\/person\/714ab39a349c656b20d60a239be1d6f6"},"breadcrumb":{"@id":"https:\/\/kylkirauta.fi\/index.php\/2014\/06\/04\/johtaminen-maavoimien-taistelussa\/#breadcrumb"},"inLanguage":"fi","potentialAction":[{"@type":"ReadAction","target":["https:\/\/kylkirauta.fi\/index.php\/2014\/06\/04\/johtaminen-maavoimien-taistelussa\/"]}]},{"@type":"ImageObject","inLanguage":"fi","@id":"https:\/\/kylkirauta.fi\/index.php\/2014\/06\/04\/johtaminen-maavoimien-taistelussa\/#primaryimage","url":"https:\/\/kylkirauta.fi\/wp-content\/uploads\/2020\/01\/Parikka_Petter_Johannes_080230_618-80Hr-1.jpg","contentUrl":"https:\/\/kylkirauta.fi\/wp-content\/uploads\/2020\/01\/Parikka_Petter_Johannes_080230_618-80Hr-1.jpg","width":1011,"height":1504},{"@type":"BreadcrumbList","@id":"https:\/\/kylkirauta.fi\/index.php\/2014\/06\/04\/johtaminen-maavoimien-taistelussa\/#breadcrumb","itemListElement":[{"@type":"ListItem","position":1,"name":"Home","item":"https:\/\/kylkirauta.fi\/index.php\/home\/"},{"@type":"ListItem","position":2,"name":"Petter Parikka: Johtaminen maavoimien taistelussa"}]},{"@type":"WebSite","@id":"https:\/\/kylkirauta.fi\/#website","url":"https:\/\/kylkirauta.fi\/","name":"Kylkirauta","description":"Kadettiupseerit yhteiskunnan palveluksessa","potentialAction":[{"@type":"SearchAction","target":{"@type":"EntryPoint","urlTemplate":"https:\/\/kylkirauta.fi\/?s={search_term_string}"},"query-input":{"@type":"PropertyValueSpecification","valueRequired":true,"valueName":"search_term_string"}}],"inLanguage":"fi"},{"@type":"Person","@id":"https:\/\/kylkirauta.fi\/#\/schema\/person\/714ab39a349c656b20d60a239be1d6f6","name":"Kari Sainio","sameAs":["http:\/\/www.kylkirauta.fi"],"url":"https:\/\/kylkirauta.fi\/index.php\/author\/karisain\/"}]}},"_links":{"self":[{"href":"https:\/\/kylkirauta.fi\/index.php\/wp-json\/wp\/v2\/posts\/958","targetHints":{"allow":["GET"]}}],"collection":[{"href":"https:\/\/kylkirauta.fi\/index.php\/wp-json\/wp\/v2\/posts"}],"about":[{"href":"https:\/\/kylkirauta.fi\/index.php\/wp-json\/wp\/v2\/types\/post"}],"author":[{"embeddable":true,"href":"https:\/\/kylkirauta.fi\/index.php\/wp-json\/wp\/v2\/users\/3"}],"replies":[{"embeddable":true,"href":"https:\/\/kylkirauta.fi\/index.php\/wp-json\/wp\/v2\/comments?post=958"}],"version-history":[{"count":6,"href":"https:\/\/kylkirauta.fi\/index.php\/wp-json\/wp\/v2\/posts\/958\/revisions"}],"predecessor-version":[{"id":2621,"href":"https:\/\/kylkirauta.fi\/index.php\/wp-json\/wp\/v2\/posts\/958\/revisions\/2621"}],"wp:attachment":[{"href":"https:\/\/kylkirauta.fi\/index.php\/wp-json\/wp\/v2\/media?parent=958"}],"wp:term":[{"taxonomy":"category","embeddable":true,"href":"https:\/\/kylkirauta.fi\/index.php\/wp-json\/wp\/v2\/categories?post=958"},{"taxonomy":"post_tag","embeddable":true,"href":"https:\/\/kylkirauta.fi\/index.php\/wp-json\/wp\/v2\/tags?post=958"}],"curies":[{"name":"wp","href":"https:\/\/api.w.org\/{rel}","templated":true}]}}