{"id":932,"date":"2014-10-03T11:56:00","date_gmt":"2014-10-03T11:56:00","guid":{"rendered":"https:\/\/kylkirauta.fi\/?p=932"},"modified":"2020-01-26T09:57:44","modified_gmt":"2020-01-26T09:57:44","slug":"sveitsin-ja-suomen-upseerivaihto","status":"publish","type":"post","link":"https:\/\/kylkirauta.fi\/index.php\/2014\/10\/03\/sveitsin-ja-suomen-upseerivaihto\/","title":{"rendered":"Seppo Haario: Sveitsin ja Suomen upseerivaihto"},"content":{"rendered":"<div id='full_slider_1'  class='avia-fullwidth-slider main_color avia-shadow   avia-builder-el-0  el_before_av_one_full  avia-builder-el-first   container_wrap sidebar_right'  ><div  class='avia-slideshow av-l9olo-34f89e96fc3de7b9b51c14c99ace17a4 avia-slideshow-featured av_slideshow_full avia-slide-slider av-slideshow-ui av-control-default av-slideshow-manual av-loop-once av-loop-manual-endless av-default-height-applied   avia-slideshow-1' data-slideshow-options=\"{&quot;animation&quot;:&quot;slide&quot;,&quot;autoplay&quot;:false,&quot;loop_autoplay&quot;:&quot;once&quot;,&quot;interval&quot;:5,&quot;loop_manual&quot;:&quot;manual-endless&quot;,&quot;autoplay_stopper&quot;:false,&quot;noNavigation&quot;:false,&quot;bg_slider&quot;:false,&quot;keep_padding&quot;:false,&quot;hoverpause&quot;:false,&quot;show_slide_delay&quot;:0}\"  itemprop=\"image\" itemscope=\"itemscope\" itemtype=\"https:\/\/schema.org\/ImageObject\" ><ul class='avia-slideshow-inner ' style='padding-bottom: 28.666666666667%;'><li  class='avia-slideshow-slide av-l9olo-34f89e96fc3de7b9b51c14c99ace17a4__0  av-single-slide slide-1 slide-odd'><div data-rel='slideshow-1' class='avia-slide-wrap '   ><img decoding=\"async\" fetchpriority=\"high\" class=\"wp-image-54 avia-img-lazy-loading-not-54\"  src=\"https:\/\/kylkirauta.fi\/wp-content\/uploads\/2019\/10\/otsake-kuva_1500x430-1500x430.png\" width=\"1500\" height=\"430\" title='otsake-kuva_1500x430' alt=''  itemprop=\"thumbnailUrl\" srcset=\"https:\/\/kylkirauta.fi\/wp-content\/uploads\/2019\/10\/otsake-kuva_1500x430-1500x430.png 1500w, https:\/\/kylkirauta.fi\/wp-content\/uploads\/2019\/10\/otsake-kuva_1500x430-300x86.png 300w, https:\/\/kylkirauta.fi\/wp-content\/uploads\/2019\/10\/otsake-kuva_1500x430-768x220.png 768w, https:\/\/kylkirauta.fi\/wp-content\/uploads\/2019\/10\/otsake-kuva_1500x430-1030x295.png 1030w, https:\/\/kylkirauta.fi\/wp-content\/uploads\/2019\/10\/otsake-kuva_1500x430-705x202.png 705w, https:\/\/kylkirauta.fi\/wp-content\/uploads\/2019\/10\/otsake-kuva_1500x430.png 1817w\" sizes=\"(max-width: 1500px) 100vw, 1500px\" \/><\/div><\/li><\/ul><\/div><\/div><div id='after_full_slider_1'  class='main_color av_default_container_wrap container_wrap sidebar_right'  ><div class='container av-section-cont-open' ><div class='template-page content  av-content-small alpha units'><div class='post-entry post-entry-type-page post-entry-932'><div class='entry-content-wrapper clearfix'>\n\n<style type=\"text\/css\" data-created_by=\"avia_inline_auto\" id=\"style-css-av-km4zs-0614ada41eb3461e6efbb361dfbae970\">\n.flex_column.av-km4zs-0614ada41eb3461e6efbb361dfbae970{\nborder-radius:0px 0px 0px 0px;\npadding:0px 0px 0px 0px;\n}\n<\/style>\n<div  class='flex_column av-km4zs-0614ada41eb3461e6efbb361dfbae970 av_one_full  avia-builder-el-1  el_after_av_slideshow_full  el_before_av_hr  avia-builder-el-first  first flex_column_div av-zero-column-padding  '     ><p>\n<style type=\"text\/css\" data-created_by=\"avia_inline_auto\" id=\"style-css-av-av_heading-537902f5a557e9943bdc142691c81132\">\n#top .av-special-heading.av-av_heading-537902f5a557e9943bdc142691c81132{\npadding-bottom:10px;\n}\nbody .av-special-heading.av-av_heading-537902f5a557e9943bdc142691c81132 .av-special-heading-tag .heading-char{\nfont-size:25px;\n}\n.av-special-heading.av-av_heading-537902f5a557e9943bdc142691c81132 .av-subheading{\nfont-size:15px;\n}\n<\/style>\n<div  class='av-special-heading av-av_heading-537902f5a557e9943bdc142691c81132 av-special-heading-h3  avia-builder-el-2  el_before_av_hr  avia-builder-el-first '><h3 class='av-special-heading-tag'  itemprop=\"headline\"  >Sveitsin ja Suomen upseerivaihto<\/h3><div class=\"special-heading-border\"><div class=\"special-heading-inner-border\"><\/div><\/div><\/div><br \/>\n\n<style type=\"text\/css\" data-created_by=\"avia_inline_auto\" id=\"style-css-av-k5m7b9te-01401dd5e8beb25770de1be03f41ecf3\">\n#top .hr.hr-invisible.av-k5m7b9te-01401dd5e8beb25770de1be03f41ecf3{\nheight:30px;\n}\n<\/style>\n<div  class='hr av-k5m7b9te-01401dd5e8beb25770de1be03f41ecf3 hr-invisible  avia-builder-el-3  el_after_av_heading  el_before_av_textblock '><span class='hr-inner '><span class=\"hr-inner-style\"><\/span><\/span><\/div><br \/>\n<section  class='av_textblock_section av-k8d08-dea0f25c8df625cf22cbdeac32688808 '   itemscope=\"itemscope\" itemtype=\"https:\/\/schema.org\/BlogPosting\" itemprop=\"blogPost\" ><div class='avia_textblock'  itemprop=\"text\" ><div id=\"attachment_934\" style=\"width: 140px\" class=\"wp-caption alignleft\"><img loading=\"lazy\" decoding=\"async\" aria-describedby=\"caption-attachment-934\" class=\"wp-image-934\" src=\"https:\/\/kylkirauta.fi\/wp-content\/uploads\/2020\/01\/Haario_Seppo_3810h1998-1-200x300.jpg\" alt=\"\" width=\"130\" height=\"195\" srcset=\"https:\/\/kylkirauta.fi\/wp-content\/uploads\/2020\/01\/Haario_Seppo_3810h1998-1-200x300.jpg 200w, https:\/\/kylkirauta.fi\/wp-content\/uploads\/2020\/01\/Haario_Seppo_3810h1998-1-686x1030.jpg 686w, https:\/\/kylkirauta.fi\/wp-content\/uploads\/2020\/01\/Haario_Seppo_3810h1998-1-768x1152.jpg 768w, https:\/\/kylkirauta.fi\/wp-content\/uploads\/2020\/01\/Haario_Seppo_3810h1998-1-1024x1536.jpg 1024w, https:\/\/kylkirauta.fi\/wp-content\/uploads\/2020\/01\/Haario_Seppo_3810h1998-1-1000x1500.jpg 1000w, https:\/\/kylkirauta.fi\/wp-content\/uploads\/2020\/01\/Haario_Seppo_3810h1998-1-470x705.jpg 470w, https:\/\/kylkirauta.fi\/wp-content\/uploads\/2020\/01\/Haario_Seppo_3810h1998-1.jpg 1181w\" sizes=\"auto, (max-width: 130px) 100vw, 130px\" \/><p id=\"caption-attachment-934\" class=\"wp-caption-text\">Seppo Haario<\/p><\/div>\n<p><strong>Toisen maailmansodan j\u00e4lkeen Sveitsi on ollut kiinnostunut Suomen maanpuolustuksesta ja Suomi Sveitsin maanpuolustuksesta. Kiinnostus on edelleen suuri, koska molemmissa maissa maanpuolustuksen perusratkaisuna on yleinen asevelvollisuus.<\/strong><\/p>\n<p><strong>Yksi suomalainen upseeri on tutustunut vuosittain Sveitsin maanpuolustukseen ja yhteiskuntaan sek\u00e4 kaksi Sveitsin upseeria vuosittain Suomen maanpuolustukseen ja yhteiskuntaan.<\/strong><\/p>\n<p>Entiset upseeristipendiaatit ovat vierailleet puolisoineen muutaman vuoden v\u00e4lein vuorotellen Sveitsiss\u00e4 tai Suomessa. Viimeinen vierailu tapahtui Sveitsiss\u00e4 syyskuun 2014 alussa.<\/p>\n<p><strong>Suomalaiset upseerit stipendiaatteina Sveitsiss\u00e4<\/strong><\/p>\n<p>Vuodesta 1949 l\u00e4htien on vuosittain yksi suomalainen upseeri tutustunut Sveitsiin ja sen armeijaan Schweizerische Vereinigung der Freunde Finnlands, (SVFF Suomen Yst\u00e4v\u00e4t Sveitsiss\u00e4) -yhdistyksen stipendiaattina.\u00a0Stipendiaatteja on kutsuttu Mannerheim-stipendiaateiksi, koska nimitys tapahtuu juhlallisessa tilaisuudessa Mannerheimin muistomerkill\u00e4 Geneve-j\u00e4rven rannalla Montreux&#8217;n l\u00e4hell\u00e4 Territet&#8217;ss\u00e4. Yhteens\u00e4 Sveitsin j\u00e4rjestelm\u00e4\u00e4n on tutustunut 79 suomalaista upseeria.<\/p>\n<p>Suomalainen upseeri on tutustunut Sveitsin maanpuolustukseen ja yhteiskuntaan. H\u00e4nen ohjelmastaan on vastannut Sveitsin armeija. SVFF-yhdistys on j\u00e4rjest\u00e4nyt tutustumisia Sveitsin yhteiskuntaan ja antanut suomalaiselle upseerille stipendin. Suomalais-sveitsil\u00e4inen upseeriyhdistys on avustanut ohjelman laatimisessa.<\/p>\n<p>Vuoden 2013 upseeristipendiaatti\u00a0<strong>everstiluutnantti Mano Nokelainen<\/strong>\u00a0(stipendiaattiaikana majuri) kertoo kokemuksistaan seuraavaa:<\/p>\n<p><em>&#8221;Suomalainen upseeri on kolmen kuukauden stipendiaattiaikanaan tutustunut Sveitsin maanpuolustukseen sek\u00e4 yhteiskuntaan. H\u00e4nen ohjelmansa toteutuksesta on vastannut Sveitsin armeijan yhteysupseeri, joka on pyrkinyt rakentamaan ohjelman stipendiaatin toiveiden mukaisesti.<\/em><\/p>\n<p><em>Viime vuosina stipendiaattiaika on k\u00e4sitt\u00e4nyt tutustumisia armeijan eri koulutuskeskuksiin, osallistumisen v\u00e4hint\u00e4\u00e4n yhdelle pitemm\u00e4lle kurssille (esim. Sveitsin yleisesikuntaupseerikurssi 2 viikkoa), osallistumisen kertausharjoitukseen (noin 1 viikko), osallistumisen varusmiesten koulutustapahtumiin (esim. aselajikurssi, tarkkampujakurssi ja vuoristoj\u00e4\u00e4k\u00e4rikurssi) sek\u00e4 tietysti perehtymiset armeijan eri johtoportaisiin kuten p\u00e4\u00e4esikunta, puolustusministeri\u00f6 ja alueellinen esikunta.<\/em><\/p>\n<p><em>T\u00e4m\u00e4n kattavan, ammatillisesti eritt\u00e4in avartavan ja kehitt\u00e4v\u00e4n, ohjelman lis\u00e4ksi ohjelmaan kuuluu vierailut sveitsil\u00e4isiss\u00e4 perheiss\u00e4, tutustumiset eri kulttuuritapahtumiin sek\u00e4 tietysti edustamiset suomalais-sveitsil\u00e4isten yhdistysten tilaisuuksissa.<\/em><\/p>\n<p><em>Kaiken huippuna on kes\u00e4kuun ensimm\u00e4isen\u00e4 viikonloppuna Montreuxin Territet\u00b4ss\u00e4 pidett\u00e4v\u00e4 Mannerheimin muistojuhla, jossa suomalaisupseeri nimitet\u00e4\u00e4n juhlallisesti Mannerheim-stipendiaatiksi.<\/em><\/p>\n<p><em>Ohjelmat ovat olleet aina eritt\u00e4in hyvin j\u00e4rjestettyj\u00e4 ja sveitsil\u00e4iset ovat aina olleet eritt\u00e4in vieraanvaraisia. Suomen lippu on ollut vierailukohteissa aina hyvin esill\u00e4.&#8221;<\/em><\/p>\n<div id=\"attachment_2194\" style=\"width: 1030px\" class=\"wp-caption aligncenter\"><img loading=\"lazy\" decoding=\"async\" aria-describedby=\"caption-attachment-2194\" class=\"wp-image-2194 size-full\" src=\"https:\/\/kylkirauta.fi\/wp-content\/uploads\/2014\/10\/01_Mano_Nokelainen_ye-kurssilla_2013.jpg\" alt=\"\" width=\"1020\" height=\"765\" srcset=\"https:\/\/kylkirauta.fi\/wp-content\/uploads\/2014\/10\/01_Mano_Nokelainen_ye-kurssilla_2013.jpg 1020w, https:\/\/kylkirauta.fi\/wp-content\/uploads\/2014\/10\/01_Mano_Nokelainen_ye-kurssilla_2013-300x225.jpg 300w, https:\/\/kylkirauta.fi\/wp-content\/uploads\/2014\/10\/01_Mano_Nokelainen_ye-kurssilla_2013-768x576.jpg 768w, https:\/\/kylkirauta.fi\/wp-content\/uploads\/2014\/10\/01_Mano_Nokelainen_ye-kurssilla_2013-705x529.jpg 705w\" sizes=\"auto, (max-width: 1020px) 100vw, 1020px\" \/><p id=\"caption-attachment-2194\" class=\"wp-caption-text\">Mannerheim-stipendiaatti majuri Mano Nokelainen (edess\u00e4 oikealla) Sveitsin ye-kurssilla 2013. Kuva Mano Nokelainen.<\/p><\/div>\n<div class=\"img_caption none\"><\/div>\n<p><strong>Stipendiaatteina Suomessa<\/strong><\/p>\n<p>Vastavuoroisesti ensimm\u00e4iset sveitsil\u00e4iset upseeristipendiaatit saapuivat Suomeen vuonna 1970. Vakiintuneen tavan mukaan Suomeen on saapunut vuosittain nelj\u00e4ksi viikoksi kaksi sveitsil\u00e4ist\u00e4 upseeria, joista toinen on kantahenkil\u00f6kuntaan kuuluva ja toinen reservin upseeri (Milizoffizier).<\/p>\n<p>Ohjelmasta on vastannut Suomen puolustusvoimat. Ohjelman laadinnassa on pyritty ottamaan huomioon sveitsil\u00e4isten upseereiden aselajit ja toivomukset. Ohjelman on laatinut perinteisesti viimeksi Sveitsiss\u00e4 stipendiaattina ollut suomalainen upseeri. Vuoden 2014 ohjelman laati everstiluutnantti Mano Nokelainen. H\u00e4n joutuu laatimaan ohjelman my\u00f6s vuoden 2015 sveitsil\u00e4isille stipendiaateille, koska t\u00e4n\u00e4 vuonna ei suomalaista upseeria ole stipendiaattina Sveitsiss\u00e4.<\/p>\n<p>Sveitsin Yst\u00e4v\u00e4t Suomessa ry on antanut stipendiaattiupseereille stipendin ja yhdess\u00e4 paikallisosastojen kanssa vastannut muutamien p\u00e4ivien tutustumisesta Suomen yhteiskuntaan.<\/p>\n<p>Sveitsin upseereiden mielest\u00e4 Suomi on sopiva yhteisty\u00f6kumppani, koska molempien maiden perusratkaisu on yleinen asevelvollisuus. Sveitsil\u00e4iset ovat pystyneet keskustelemaan joukko-osastovierailujen aikana vapaasti varusmiesten kanssa. Heille on muodostunut eritt\u00e4in hyv\u00e4 kuva suomalaisten varusmiesten maanpuolustustahdosta.<\/p>\n<p>Useat sveitsil\u00e4iset upseeristipendiaatit ovat ihastuneet Suomen yhteiskuntaan. He tulevat lomamatkoillaan mielell\u00e4\u00e4n Suomeen uudelleen.\u00a0Suomeen on tutustunut t\u00e4h\u00e4n menness\u00e4 stipendiaatteina 89 sveitsil\u00e4ist\u00e4 upseeria.<\/p>\n<p><strong>Suomalais-sveitsil\u00e4inen upseeriyhdistys<\/strong><\/p>\n<p>Sveitsil\u00e4iset Suomessa stipendiaatteina olleet upseerit perustivat syyskuussa 1989 oman yhdistyksen &#8221;Die Finnisch-Schweizerische Offiziersvereinigung&#8221;. Sen tarkoituksena on j\u00e4rjest\u00e4\u00e4 esitelmi\u00e4 Suomen maanpuolustuksesta ja sen historiasta, tehd\u00e4 tunnetuksi Suomen onnistunutta puolustusta erityisesti talvisodassa, organisoida suomalaisen upseeristipendiaatin ohjelmaa Sveitsiss\u00e4, j\u00e4rjest\u00e4\u00e4 kunnianosoitukset marsalkka Mannerheimin muistomerkill\u00e4 Territet\u00b4ss\u00e4 Mannerheimin syntym\u00e4p\u00e4iv\u00e4n\u00e4 4.6. ja huolehtia entisten Sveitsiss\u00e4 stipendiaatteina olleiden upseereiden tapaamisista Sveitsiss\u00e4 (nk. &#8221;Kertausharjoitukset&#8221;).<\/p>\n<p>Yhdistyksell\u00e4 on noin 120 j\u00e4sent\u00e4. Puheenjohtaja on t\u00e4ll\u00e4 hetkell\u00e4 everstiluutnantti Olivier Jacot-Guillarmod (<a href=\"http:\/\/www.fsov.ch\/\" target=\"_blank\" rel=\"noopener noreferrer\">Yhdistyksen kotisivut<\/a>)<\/p>\n<div id=\"attachment_2195\" style=\"width: 1030px\" class=\"wp-caption aligncenter\"><img loading=\"lazy\" decoding=\"async\" aria-describedby=\"caption-attachment-2195\" class=\"wp-image-2195 size-full\" src=\"https:\/\/kylkirauta.fi\/wp-content\/uploads\/2014\/10\/02_Mano_Nokelainen_FSOV_vuosikokouksessa_2013.jpg\" alt=\"\" width=\"1020\" height=\"765\" srcset=\"https:\/\/kylkirauta.fi\/wp-content\/uploads\/2014\/10\/02_Mano_Nokelainen_FSOV_vuosikokouksessa_2013.jpg 1020w, https:\/\/kylkirauta.fi\/wp-content\/uploads\/2014\/10\/02_Mano_Nokelainen_FSOV_vuosikokouksessa_2013-300x225.jpg 300w, https:\/\/kylkirauta.fi\/wp-content\/uploads\/2014\/10\/02_Mano_Nokelainen_FSOV_vuosikokouksessa_2013-768x576.jpg 768w, https:\/\/kylkirauta.fi\/wp-content\/uploads\/2014\/10\/02_Mano_Nokelainen_FSOV_vuosikokouksessa_2013-705x529.jpg 705w\" sizes=\"auto, (max-width: 1020px) 100vw, 1020px\" \/><p id=\"caption-attachment-2195\" class=\"wp-caption-text\">Sveitsil\u00e4is-suomalaisen upseeriyhdistyksen vuosikokous 2013. Puhumassa yhdistyksen puheenjohtaja everstiluutnantti Olivier Jacot-Guillarmod. Mannerheim-stipendiaatti majuri Mano Nokelainen edess\u00e4 vasemmalla. Kuva Mano Nokelainen.<\/p><\/div>\n<div class=\"img_caption none\">\n<p class=\"img_caption\"><strong>Kertausharjoitus WK 2014<\/strong><\/p>\n<\/div>\n<p>Sveitsiss\u00e4 ja Suomessa on j\u00e4rjestetty upseerivaihtoon liittyen muutamien vuosien v\u00e4lein &#8221;Kertausharjoituksia&#8221; entisille upseeristipendiaateille ja heid\u00e4n puolisoilleen. &#8221;Kertausharjoituksiin&#8221; on kutsuttu vuorotellen Sveitsiss\u00e4 tai Suomessa stipendiaatteina olleet upseerit puolisoineen. Ensimm\u00e4inen &#8221;Kertausharjoitus&#8221; j\u00e4rjestettiin vuonna 1981.<\/p>\n<p>T\u00e4n\u00e4 vuonna &#8221;Kertausharjoituksen&#8221; j\u00e4rjestiv\u00e4t Sveitsin armeija ja Sveitsil\u00e4is-suomalainen upseeriyhdistys Sveitsiss\u00e4 31.8. &#8211; 7.9.2014. &#8221;Kertausharjoituksen WK 2014&#8221; (WK, Wiederholungkurs) osallistui 11 suomalaista upseeria ja heid\u00e4n puolisoitaan, yhteens\u00e4 19 henkil\u00f6\u00e4 Suomesta. Majoittuminen oli j\u00e4rjestetty yht\u00e4 y\u00f6t\u00e4 lukuun ottamatta Windischin kutsuntakeskukseen.<\/p>\n<p>Ohjelmaan kuului:<\/p>\n<p>&#8211; 1.9. tutustuminen Paul Scherrer Instituuttiin (kansainv\u00e4linen tutkimuskeskus) Villigeniss\u00e4 sek\u00e4 tutustuminen Rooman ja Habsburgin historiaan Windischiss\u00e4 (Rooman aikana Vindonissa)<br \/>\n&#8211; 2.9. tutustuminen Pioneerikouluun ja pioneerien koulutukseen Bruggissa sek\u00e4 Alueellisen rykmentin 2 (Territorialregion 2) toiminnan ja Sveitsin armeijan uudistuksen (WEA, Weiterentwicklung der Armee) esittely<br \/>\n&#8211; 3.9. tutustuminen Air 14 ilmailun\u00e4yt\u00f6kseen Payerness\u00e4, kunnianosoitus Mannerheimin muistomerkill\u00e4 Territet\u00b4ss\u00e4 Geneve-j\u00e4rven rannalla ja illallinen Abbaye de Salazin viinitilalla Ollonissa<br \/>\n&#8211; 4.9. herroille ammunta Hongrinin harjoitusalueella Sveitsin armeijan Sakon tarkkuuskiv\u00e4\u00e4reill\u00e4 600, 800 ja 1000 metrin et\u00e4isyyksille, rouville tutustuminen Martignyss\u00e4 Renoirin taiden\u00e4yttelyyn, tutustuminen Caillerin suklaatehtaaseen Brocissa ja Raclette\/Fondue illallinen Gruyeressa<br \/>\n&#8211; 5.9. tutustuminen Pilatuksen lentokonetehtaaseen Stansissa ja tutustuminen Luzernin kaupunkiin<br \/>\n&#8211; 6.9. opastettu tutustuminen Badenin kaupunkiin, illalla yhteinen p\u00e4\u00e4t\u00f6sillallinen yhdess\u00e4 sveitsil\u00e4isten Suomessa olleiden upseeristipendiaattien kanssa<\/p>\n<div id=\"attachment_2196\" style=\"width: 1030px\" class=\"wp-caption aligncenter\"><img loading=\"lazy\" decoding=\"async\" aria-describedby=\"caption-attachment-2196\" class=\"wp-image-2196 size-full\" src=\"https:\/\/kylkirauta.fi\/wp-content\/uploads\/2014\/10\/03_Veneajelu_Aare-joella_2.9.2014.jpg\" alt=\"\" width=\"1020\" height=\"765\" srcset=\"https:\/\/kylkirauta.fi\/wp-content\/uploads\/2014\/10\/03_Veneajelu_Aare-joella_2.9.2014.jpg 1020w, https:\/\/kylkirauta.fi\/wp-content\/uploads\/2014\/10\/03_Veneajelu_Aare-joella_2.9.2014-300x225.jpg 300w, https:\/\/kylkirauta.fi\/wp-content\/uploads\/2014\/10\/03_Veneajelu_Aare-joella_2.9.2014-768x576.jpg 768w, https:\/\/kylkirauta.fi\/wp-content\/uploads\/2014\/10\/03_Veneajelu_Aare-joella_2.9.2014-705x529.jpg 705w\" sizes=\"auto, (max-width: 1020px) 100vw, 1020px\" \/><p id=\"caption-attachment-2196\" class=\"wp-caption-text\">Veneajelu Aare-joella 2.9.2014. Is\u00e4nt\u00e4n\u00e4 toimi aliupseeri- ja alokaskoulu 73:n komentaja, vuoden 2012 upseeristipendiaatti eversti Andr\u00e9 G\u00fcss. Kuva Seppo Haario.<\/p><\/div>\n<div class=\"img_caption none\">\n<div id=\"attachment_2197\" style=\"width: 1030px\" class=\"wp-caption aligncenter\"><img loading=\"lazy\" decoding=\"async\" aria-describedby=\"caption-attachment-2197\" class=\"wp-image-2197 size-full\" src=\"https:\/\/kylkirauta.fi\/wp-content\/uploads\/2014\/10\/04_Ryhm\u00e4kuva-Mannerheimin_muistomerkill\u00e4_Territet_3.9.2014.jpg\" alt=\"\" width=\"1020\" height=\"765\" srcset=\"https:\/\/kylkirauta.fi\/wp-content\/uploads\/2014\/10\/04_Ryhm\u00e4kuva-Mannerheimin_muistomerkill\u00e4_Territet_3.9.2014.jpg 1020w, https:\/\/kylkirauta.fi\/wp-content\/uploads\/2014\/10\/04_Ryhm\u00e4kuva-Mannerheimin_muistomerkill\u00e4_Territet_3.9.2014-300x225.jpg 300w, https:\/\/kylkirauta.fi\/wp-content\/uploads\/2014\/10\/04_Ryhm\u00e4kuva-Mannerheimin_muistomerkill\u00e4_Territet_3.9.2014-768x576.jpg 768w, https:\/\/kylkirauta.fi\/wp-content\/uploads\/2014\/10\/04_Ryhm\u00e4kuva-Mannerheimin_muistomerkill\u00e4_Territet_3.9.2014-705x529.jpg 705w\" sizes=\"auto, (max-width: 1020px) 100vw, 1020px\" \/><p id=\"caption-attachment-2197\" class=\"wp-caption-text\">Ryhm\u00e4kuva Mannerheimin muistomerkill\u00e4 Territet\u00b4ss\u00e4 3.9.2014. Keskell\u00e4 prikaatikenraali Pentti Airio. Kuva Seppo Haario.<\/p><\/div><br \/>\n<div id=\"attachment_2198\" style=\"width: 1030px\" class=\"wp-caption aligncenter\"><img loading=\"lazy\" decoding=\"async\" aria-describedby=\"caption-attachment-2198\" class=\"wp-image-2198 size-full\" src=\"https:\/\/kylkirauta.fi\/wp-content\/uploads\/2014\/10\/05_Abbaye_de_Salaz_viinitila_3.jpg\" alt=\"\" width=\"1020\" height=\"765\" srcset=\"https:\/\/kylkirauta.fi\/wp-content\/uploads\/2014\/10\/05_Abbaye_de_Salaz_viinitila_3.jpg 1020w, https:\/\/kylkirauta.fi\/wp-content\/uploads\/2014\/10\/05_Abbaye_de_Salaz_viinitila_3-300x225.jpg 300w, https:\/\/kylkirauta.fi\/wp-content\/uploads\/2014\/10\/05_Abbaye_de_Salaz_viinitila_3-768x576.jpg 768w, https:\/\/kylkirauta.fi\/wp-content\/uploads\/2014\/10\/05_Abbaye_de_Salaz_viinitila_3-705x529.jpg 705w\" sizes=\"auto, (max-width: 1020px) 100vw, 1020px\" \/><p id=\"caption-attachment-2198\" class=\"wp-caption-text\">Vuoden 2001 upseeristipendiaatti eversti Luc Monnier toivotti suomalaiset tervetulleiksi Abbaye de Salazin viinitilalle 3.9.2014. Kuva Seppo Haario.<\/p><\/div>\n<\/div>\n<div class=\"img_caption none\">\n<div id=\"attachment_2199\" style=\"width: 1030px\" class=\"wp-caption aligncenter\"><img loading=\"lazy\" decoding=\"async\" aria-describedby=\"caption-attachment-2199\" class=\"wp-image-2199 size-full\" src=\"https:\/\/kylkirauta.fi\/wp-content\/uploads\/2014\/10\/06_Hongrin_4.9.2014.jpg\" alt=\"\" width=\"1020\" height=\"765\" srcset=\"https:\/\/kylkirauta.fi\/wp-content\/uploads\/2014\/10\/06_Hongrin_4.9.2014.jpg 1020w, https:\/\/kylkirauta.fi\/wp-content\/uploads\/2014\/10\/06_Hongrin_4.9.2014-300x225.jpg 300w, https:\/\/kylkirauta.fi\/wp-content\/uploads\/2014\/10\/06_Hongrin_4.9.2014-768x576.jpg 768w, https:\/\/kylkirauta.fi\/wp-content\/uploads\/2014\/10\/06_Hongrin_4.9.2014-705x529.jpg 705w\" sizes=\"auto, (max-width: 1020px) 100vw, 1020px\" \/><p id=\"caption-attachment-2199\" class=\"wp-caption-text\">Vuoden 2002 upseeristipendiaatti everstiluutnantti Olivier Jacot-Guillarmod j\u00e4rjesti 4.9.2014 Hongrinin harjoitusalueella herroille ammunnan Sveitsin armeijan valitsemalla Sakon tarkkuuskiv\u00e4\u00e4rill\u00e4. Ampumaet\u00e4isyydet olivat 600, 800 ja 1 000 metri\u00e4. T\u00e4m\u00e4n j\u00e4lkeen kilpailu 800 m tauluihin. Kuva Seppo Haario.<\/p><\/div>\n<\/div>\n<div class=\"img_caption none\"><\/div>\n<div class=\"img_caption none\"><\/div>\n<div class=\"img_caption none\">\n<div id=\"attachment_2200\" style=\"width: 1030px\" class=\"wp-caption aligncenter\"><img loading=\"lazy\" decoding=\"async\" aria-describedby=\"caption-attachment-2200\" class=\"wp-image-2200 size-full\" src=\"https:\/\/kylkirauta.fi\/wp-content\/uploads\/2014\/10\/07_Tarkka-ampujan_maalialue.jpg\" alt=\"\" width=\"1020\" height=\"765\" srcset=\"https:\/\/kylkirauta.fi\/wp-content\/uploads\/2014\/10\/07_Tarkka-ampujan_maalialue.jpg 1020w, https:\/\/kylkirauta.fi\/wp-content\/uploads\/2014\/10\/07_Tarkka-ampujan_maalialue-300x225.jpg 300w, https:\/\/kylkirauta.fi\/wp-content\/uploads\/2014\/10\/07_Tarkka-ampujan_maalialue-768x576.jpg 768w, https:\/\/kylkirauta.fi\/wp-content\/uploads\/2014\/10\/07_Tarkka-ampujan_maalialue-705x529.jpg 705w\" sizes=\"auto, (max-width: 1020px) 100vw, 1020px\" \/><p id=\"caption-attachment-2200\" class=\"wp-caption-text\">Tarkka-ampujan maalialue. Kuva Mano Nokelainen.<\/p><\/div>\n<\/div>\n<div class=\"img_caption none\">\n<div id=\"attachment_2201\" style=\"width: 1030px\" class=\"wp-caption aligncenter\"><img loading=\"lazy\" decoding=\"async\" aria-describedby=\"caption-attachment-2201\" class=\"wp-image-2201 size-full\" src=\"https:\/\/kylkirauta.fi\/wp-content\/uploads\/2014\/10\/08_Hongrin_Apero_4.9.2014.jpg\" alt=\"\" width=\"1020\" height=\"765\" srcset=\"https:\/\/kylkirauta.fi\/wp-content\/uploads\/2014\/10\/08_Hongrin_Apero_4.9.2014.jpg 1020w, https:\/\/kylkirauta.fi\/wp-content\/uploads\/2014\/10\/08_Hongrin_Apero_4.9.2014-300x225.jpg 300w, https:\/\/kylkirauta.fi\/wp-content\/uploads\/2014\/10\/08_Hongrin_Apero_4.9.2014-768x576.jpg 768w, https:\/\/kylkirauta.fi\/wp-content\/uploads\/2014\/10\/08_Hongrin_Apero_4.9.2014-705x529.jpg 705w\" sizes=\"auto, (max-width: 1020px) 100vw, 1020px\" \/><p id=\"caption-attachment-2201\" class=\"wp-caption-text\">WK 2014. Vieraanvaraisuutta ammuntojen j\u00e4lkeen Hongrinissa 4.9.2014. Is\u00e4nt\u00e4n\u00e4 everstiluutnantti Olivier Jacot-Guillarmod. Kuva Seppo Haario.<\/p><\/div><\/p>\n<p class=\"img_caption\"><strong>Huoli upseerivaihdon jatkumisesta<\/strong><\/p>\n<\/div>\n<p>Suomessa olleet sveitsil\u00e4iset upseeristipendiaatit ovat antaneet matkastaan eritt\u00e4in my\u00f6nteist\u00e4 palautetta. Sveitsin p\u00e4\u00e4esikunnan edustajan mukaan Sveitsin upseerit tuntevatkin mielenkiintoa Suomea kohtaan ja he osoittavat nykyisin halukkuutta tulla Suomeen.<\/p>\n<p>Sveitsil\u00e4iset esittiv\u00e4t WK 2014 aikana hyvin voimakkaasti huolensa Sveitsin ja Suomen upseerivaihdon tulevaisuudesta. Sveitsil\u00e4iset haluavat upseerivaihdon jatkuvan. Vuosina 2011 ja 2014 suomalaista stipendiaattiupseeria ei ollut Sveitsiss\u00e4. Ei ole varmaa, l\u00e4hett\u00e4\u00e4k\u00f6 Suomi ensi vuonnakaan upseeria Sveitsiin.<\/p>\n<p>Sveitsin sotakoulujen opetuskieli on saksa. Ranskankielisen Sveitsin joukko-osastoissa kieli on ranska.\u00a0Vaikka saksankielen opetus on lopetettu Maanpuolustuskorkeakoulussa, saksankielen osaamiselle olisi tarvetta. Sveitsin lis\u00e4ksi saksaa puhuu \u00e4idinkielen\u00e4\u00e4n yli 100 miljoonaa ihmist\u00e4 Euroopan Unionin alueella. Saksan kielt\u00e4 tarvitaan my\u00f6s Saksassa F\u00fchrungsakademien kursseilla.<\/p>\n<p><strong>Upseerivaihdon hy\u00f6dyt<\/strong><\/p>\n<p>Molempien maiden upseereiden on hy\u00f6dyllist\u00e4 tutustua toistensa asevelvollisuusj\u00e4rjestelmiin ja ratkaisuihin, vaihtaa tietoja, lis\u00e4t\u00e4 tietotaitoa sek\u00e4 avartaa n\u00e4kemyksi\u00e4.\u00a0Suomen upseereiden saksankielen taito kehittyy stipendiaattiaikana ja sen j\u00e4lkeisess\u00e4 yhteydenpidossa sveitsil\u00e4isiin kollegoihin.<\/p>\n<p>Upseerivaihdossa syntyy hyvi\u00e4 yst\u00e4vyyssuhteita. Tietojen p\u00e4ivitt\u00e4minen on vaivatonta. Lomamatkat suuntautuvat stipendiaattiajan j\u00e4lkeen usein Sveitsiin tai Suomeen.\u00a0Toivottavasti hy\u00f6dylliseksi koettua upseerivaihtoa Sveitsin ja Suomen v\u00e4lill\u00e4 voidaan jatkaa.<\/p>\n<\/div><\/section><\/p><\/div><div  class='hr av-6zsyz-b471ba5482e75b0a604afa4166a853a5 hr-default  avia-builder-el-5  el_after_av_one_full  el_before_av_blog '><span class='hr-inner '><span class=\"hr-inner-style\"><\/span><\/span><\/div><\/p>\n<div  class='av-alb-blogposts template-blog  '  itemscope=\"itemscope\" itemtype=\"https:\/\/schema.org\/Blog\" ><article class=\"post-entry post-entry-type-standard post-entry-8921 post-loop-1 post-parity-odd bloglist-simple with-slider post-8921 post type-post status-publish format-standard has-post-thumbnail hentry category-artikkeli category-artikkeli-2026\"  itemscope=\"itemscope\" itemtype=\"https:\/\/schema.org\/BlogPosting\" ><div class=\"blog-meta\"><\/div><div class='entry-content-wrapper clearfix standard-content'><header class=\"entry-content-header\"><h2 class='post-title entry-title '  itemprop=\"headline\" ><a href=\"https:\/\/kylkirauta.fi\/index.php\/2026\/04\/20\/kaaderilaulajien-julkaisutoiminta\/\" rel=\"bookmark\" title=\"Permanent Link: Kaaderilaulajien julkaisutoiminta\">Kaaderilaulajien julkaisutoiminta<span class=\"post-format-icon minor-meta\"><\/span><\/a><\/h2><span class=\"post-meta-infos\"><time class=\"date-container minor-meta updated\"  itemprop=\"datePublished\" datetime=\"2026-04-20T15:45:24+03:00\" >20.4.2026<\/time><span class=\"text-sep\">\/<\/span><span class=\"blog-categories minor-meta\">in <a href=\"https:\/\/kylkirauta.fi\/index.php\/category\/artikkeli\/\" rel=\"tag\">Artikkeli<\/a>, <a href=\"https:\/\/kylkirauta.fi\/index.php\/category\/artikkeli-2026\/\" rel=\"tag\">Artikkeli 2026<\/a><\/span><span class=\"text-sep\">\/<\/span><span class=\"blog-author minor-meta\">by <span class=\"entry-author-link\"  itemprop=\"author\" ><span class=\"author\"><span class=\"fn\"><a href=\"https:\/\/kylkirauta.fi\/index.php\/author\/karisain\/\" title=\"Kirjoittanut: Kari Sainio\" rel=\"author\">Kari Sainio<\/a><\/span><\/span><\/span><\/span><div class=\"read-more-link\"><a href=\"https:\/\/kylkirauta.fi\/index.php\/2026\/04\/20\/kaaderilaulajien-julkaisutoiminta\/\" class=\"more-link\">Read more<span class=\"more-link-arrow\"><\/span><\/a><\/div><\/span><\/header><footer class=\"entry-footer\"><\/footer><div class='post_delimiter'><\/div><\/div><div class=\"post_author_timeline\"><\/div><span class='hidden'>\n\t\t\t\t<span class='av-structured-data'  itemprop=\"image\" itemscope=\"itemscope\" itemtype=\"https:\/\/schema.org\/ImageObject\" >\n\t\t\t\t\t\t<span itemprop='url'>https:\/\/kylkirauta.fi\/wp-content\/uploads\/2026\/04\/Artikkeli-4-2026-2.jpg<\/span>\n\t\t\t\t\t\t<span itemprop='height'>487<\/span>\n\t\t\t\t\t\t<span itemprop='width'>843<\/span>\n\t\t\t\t<\/span>\n\t\t\t\t<span class='av-structured-data'  itemprop=\"publisher\" itemtype=\"https:\/\/schema.org\/Organization\" itemscope=\"itemscope\" >\n\t\t\t\t\t\t<span itemprop='name'>Kari Sainio<\/span>\n\t\t\t\t\t\t<span itemprop='logo' itemscope itemtype='https:\/\/schema.org\/ImageObject'>\n\t\t\t\t\t\t\t<span itemprop='url'>https:\/\/kylkirauta.fi\/wp-content\/uploads\/2020\/02\/kkunta_weblogo-100x100-1.png<\/span>\n\t\t\t\t\t\t<\/span>\n\t\t\t\t<\/span><span class='av-structured-data'  itemprop=\"author\" itemscope=\"itemscope\" itemtype=\"https:\/\/schema.org\/Person\" ><span itemprop='name'>Kari Sainio<\/span><\/span><span class='av-structured-data'  itemprop=\"datePublished\" datetime=\"2026-04-20T15:45:24+03:00\" >2026-04-20 15:45:24<\/span><span class='av-structured-data'  itemprop=\"dateModified\" itemtype=\"https:\/\/schema.org\/dateModified\" >2026-04-20 15:45:24<\/span><span class='av-structured-data'  itemprop=\"mainEntityOfPage\" itemtype=\"https:\/\/schema.org\/mainEntityOfPage\" ><span itemprop='name'>Kaaderilaulajien julkaisutoiminta<\/span><\/span><\/span><\/article><article class=\"post-entry post-entry-type-standard post-entry-8884 post-loop-2 post-parity-even bloglist-simple with-slider post-8884 post type-post status-publish format-standard has-post-thumbnail hentry category-artikkeli category-artikkeli-2026\"  itemscope=\"itemscope\" itemtype=\"https:\/\/schema.org\/BlogPosting\" ><div class=\"blog-meta\"><\/div><div class='entry-content-wrapper clearfix standard-content'><header class=\"entry-content-header\"><h2 class='post-title entry-title '  itemprop=\"headline\" ><a href=\"https:\/\/kylkirauta.fi\/index.php\/2026\/03\/27\/kaaderilaulajien-ukraina-tukikonsertit\/\" rel=\"bookmark\" title=\"Permanent Link: Kaaderilaulajien Ukraina-tukikonsertit\">Kaaderilaulajien Ukraina-tukikonsertit<span class=\"post-format-icon minor-meta\"><\/span><\/a><\/h2><span class=\"post-meta-infos\"><time class=\"date-container minor-meta updated\"  itemprop=\"datePublished\" datetime=\"2026-03-27T12:30:38+02:00\" >27.3.2026<\/time><span class=\"text-sep\">\/<\/span><span class=\"blog-categories minor-meta\">in <a href=\"https:\/\/kylkirauta.fi\/index.php\/category\/artikkeli\/\" rel=\"tag\">Artikkeli<\/a>, <a href=\"https:\/\/kylkirauta.fi\/index.php\/category\/artikkeli-2026\/\" rel=\"tag\">Artikkeli 2026<\/a><\/span><span class=\"text-sep\">\/<\/span><span class=\"blog-author minor-meta\">by <span class=\"entry-author-link\"  itemprop=\"author\" ><span class=\"author\"><span class=\"fn\"><a href=\"https:\/\/kylkirauta.fi\/index.php\/author\/karisain\/\" title=\"Kirjoittanut: Kari Sainio\" rel=\"author\">Kari Sainio<\/a><\/span><\/span><\/span><\/span><div class=\"read-more-link\"><a href=\"https:\/\/kylkirauta.fi\/index.php\/2026\/03\/27\/kaaderilaulajien-ukraina-tukikonsertit\/\" class=\"more-link\">Read more<span class=\"more-link-arrow\"><\/span><\/a><\/div><\/span><\/header><footer class=\"entry-footer\"><\/footer><div class='post_delimiter'><\/div><\/div><div class=\"post_author_timeline\"><\/div><span class='hidden'>\n\t\t\t\t<span class='av-structured-data'  itemprop=\"image\" itemscope=\"itemscope\" itemtype=\"https:\/\/schema.org\/ImageObject\" >\n\t\t\t\t\t\t<span itemprop='url'>https:\/\/kylkirauta.fi\/wp-content\/uploads\/2026\/03\/3-2026-artikkeli.jpg<\/span>\n\t\t\t\t\t\t<span itemprop='height'>487<\/span>\n\t\t\t\t\t\t<span itemprop='width'>843<\/span>\n\t\t\t\t<\/span>\n\t\t\t\t<span class='av-structured-data'  itemprop=\"publisher\" itemtype=\"https:\/\/schema.org\/Organization\" itemscope=\"itemscope\" >\n\t\t\t\t\t\t<span itemprop='name'>Kari Sainio<\/span>\n\t\t\t\t\t\t<span itemprop='logo' itemscope itemtype='https:\/\/schema.org\/ImageObject'>\n\t\t\t\t\t\t\t<span itemprop='url'>https:\/\/kylkirauta.fi\/wp-content\/uploads\/2020\/02\/kkunta_weblogo-100x100-1.png<\/span>\n\t\t\t\t\t\t<\/span>\n\t\t\t\t<\/span><span class='av-structured-data'  itemprop=\"author\" itemscope=\"itemscope\" itemtype=\"https:\/\/schema.org\/Person\" ><span itemprop='name'>Kari Sainio<\/span><\/span><span class='av-structured-data'  itemprop=\"datePublished\" datetime=\"2026-03-27T12:30:38+02:00\" >2026-03-27 12:30:38<\/span><span class='av-structured-data'  itemprop=\"dateModified\" itemtype=\"https:\/\/schema.org\/dateModified\" >2026-03-27 12:30:38<\/span><span class='av-structured-data'  itemprop=\"mainEntityOfPage\" itemtype=\"https:\/\/schema.org\/mainEntityOfPage\" ><span itemprop='name'>Kaaderilaulajien Ukraina-tukikonsertit<\/span><\/span><\/span><\/article><article class=\"post-entry post-entry-type-standard post-entry-8786 post-loop-3 post-parity-odd post-entry-last bloglist-simple with-slider post-8786 post type-post status-publish format-standard has-post-thumbnail hentry category-artikkeli category-artikkeli-2026\"  itemscope=\"itemscope\" itemtype=\"https:\/\/schema.org\/BlogPosting\" ><div class=\"blog-meta\"><\/div><div class='entry-content-wrapper clearfix standard-content'><header class=\"entry-content-header\"><h2 class='post-title entry-title '  itemprop=\"headline\" ><a href=\"https:\/\/kylkirauta.fi\/index.php\/2026\/02\/23\/risto-sinkko-eu-kansalaisten-nakemyksia-turvallisuudesta-ja-puolustuksesta\/\" rel=\"bookmark\" title=\"Permanent Link: Risto Sinkko: EU-kansalaisten n\u00e4kemyksi\u00e4 turvallisuudesta ja puolustuksesta\">Risto Sinkko: EU-kansalaisten n\u00e4kemyksi\u00e4 turvallisuudesta ja puolustuksesta<span class=\"post-format-icon minor-meta\"><\/span><\/a><\/h2><span class=\"post-meta-infos\"><time class=\"date-container minor-meta updated\"  itemprop=\"datePublished\" datetime=\"2026-02-23T17:08:33+02:00\" >23.2.2026<\/time><span class=\"text-sep\">\/<\/span><span class=\"blog-categories minor-meta\">in <a href=\"https:\/\/kylkirauta.fi\/index.php\/category\/artikkeli\/\" rel=\"tag\">Artikkeli<\/a>, <a href=\"https:\/\/kylkirauta.fi\/index.php\/category\/artikkeli-2026\/\" rel=\"tag\">Artikkeli 2026<\/a><\/span><span class=\"text-sep\">\/<\/span><span class=\"blog-author minor-meta\">by <span class=\"entry-author-link\"  itemprop=\"author\" ><span class=\"author\"><span class=\"fn\"><a href=\"https:\/\/kylkirauta.fi\/index.php\/author\/karisain\/\" title=\"Kirjoittanut: Kari Sainio\" rel=\"author\">Kari Sainio<\/a><\/span><\/span><\/span><\/span><div class=\"read-more-link\"><a href=\"https:\/\/kylkirauta.fi\/index.php\/2026\/02\/23\/risto-sinkko-eu-kansalaisten-nakemyksia-turvallisuudesta-ja-puolustuksesta\/\" class=\"more-link\">Read more<span class=\"more-link-arrow\"><\/span><\/a><\/div><\/span><\/header><footer class=\"entry-footer\"><\/footer><div class='post_delimiter'><\/div><\/div><div class=\"post_author_timeline\"><\/div><span class='hidden'>\n\t\t\t\t<span class='av-structured-data'  itemprop=\"image\" itemscope=\"itemscope\" itemtype=\"https:\/\/schema.org\/ImageObject\" >\n\t\t\t\t\t\t<span itemprop='url'>https:\/\/kylkirauta.fi\/wp-content\/uploads\/2026\/02\/Artikkeli-MSC-artikkeli.jpg<\/span>\n\t\t\t\t\t\t<span itemprop='height'>487<\/span>\n\t\t\t\t\t\t<span itemprop='width'>843<\/span>\n\t\t\t\t<\/span>\n\t\t\t\t<span class='av-structured-data'  itemprop=\"publisher\" itemtype=\"https:\/\/schema.org\/Organization\" itemscope=\"itemscope\" >\n\t\t\t\t\t\t<span itemprop='name'>Kari Sainio<\/span>\n\t\t\t\t\t\t<span itemprop='logo' itemscope itemtype='https:\/\/schema.org\/ImageObject'>\n\t\t\t\t\t\t\t<span itemprop='url'>https:\/\/kylkirauta.fi\/wp-content\/uploads\/2020\/02\/kkunta_weblogo-100x100-1.png<\/span>\n\t\t\t\t\t\t<\/span>\n\t\t\t\t<\/span><span class='av-structured-data'  itemprop=\"author\" itemscope=\"itemscope\" itemtype=\"https:\/\/schema.org\/Person\" ><span itemprop='name'>Kari Sainio<\/span><\/span><span class='av-structured-data'  itemprop=\"datePublished\" datetime=\"2026-02-23T17:08:33+02:00\" >2026-02-23 17:08:33<\/span><span class='av-structured-data'  itemprop=\"dateModified\" itemtype=\"https:\/\/schema.org\/dateModified\" >2026-02-23 17:29:54<\/span><span class='av-structured-data'  itemprop=\"mainEntityOfPage\" itemtype=\"https:\/\/schema.org\/mainEntityOfPage\" ><span itemprop='name'>Risto Sinkko: EU-kansalaisten n\u00e4kemyksi\u00e4 turvallisuudesta ja puolustuksesta<\/span><\/span><\/span><\/article><div class='bloglist-simple'><nav class='pagination'><span class='pagination-meta'>Page 1 of 58<\/span><span class='current'>1<\/span><a href='https:\/\/kylkirauta.fi\/index.php\/wp-json\/wp\/v2\/posts\/932\/page\/2\/' class='inactive next_page' >2<\/a><a href='https:\/\/kylkirauta.fi\/index.php\/wp-json\/wp\/v2\/posts\/932\/page\/3\/' class='inactive' >3<\/a><a href='https:\/\/kylkirauta.fi\/index.php\/wp-json\/wp\/v2\/posts\/932\/page\/2\/'>&rsaquo;<\/a><a href='https:\/\/kylkirauta.fi\/index.php\/wp-json\/wp\/v2\/posts\/932\/page\/58\/'>&raquo;<\/a><\/nav>\n<\/div><\/div>\n","protected":false},"excerpt":{"rendered":"","protected":false},"author":3,"featured_media":0,"comment_status":"closed","ping_status":"closed","sticky":false,"template":"","format":"standard","meta":{"footnotes":""},"categories":[43,45],"tags":[],"class_list":["post-932","post","type-post","status-publish","format-standard","hentry","category-artikkeli-fi","category-artikkeli-2014-fi"],"yoast_head":"<!-- This site is optimized with the Yoast SEO plugin v27.5 - https:\/\/yoast.com\/product\/yoast-seo-wordpress\/ -->\n<title>Seppo Haario: Sveitsin ja Suomen upseerivaihto - Kylkirauta<\/title>\n<meta name=\"robots\" content=\"index, follow, max-snippet:-1, max-image-preview:large, max-video-preview:-1\" \/>\n<link rel=\"canonical\" href=\"https:\/\/kylkirauta.fi\/index.php\/2014\/10\/03\/sveitsin-ja-suomen-upseerivaihto\/\" \/>\n<meta property=\"og:locale\" content=\"fi_FI\" \/>\n<meta property=\"og:type\" content=\"article\" \/>\n<meta property=\"og:title\" content=\"Seppo Haario: Sveitsin ja Suomen upseerivaihto - Kylkirauta\" \/>\n<meta property=\"og:url\" content=\"https:\/\/kylkirauta.fi\/index.php\/2014\/10\/03\/sveitsin-ja-suomen-upseerivaihto\/\" \/>\n<meta property=\"og:site_name\" content=\"Kylkirauta\" \/>\n<meta property=\"article:published_time\" content=\"2014-10-03T11:56:00+00:00\" \/>\n<meta property=\"article:modified_time\" content=\"2020-01-26T09:57:44+00:00\" \/>\n<meta property=\"og:image\" content=\"https:\/\/kylkirauta.fi\/wp-content\/uploads\/2020\/01\/Haario_Seppo_3810h1998-1-200x300.jpg\" \/>\n<meta name=\"author\" content=\"Kari Sainio\" \/>\n<meta name=\"twitter:card\" content=\"summary_large_image\" \/>\n<meta name=\"twitter:label1\" content=\"Kirjoittanut\" \/>\n\t<meta name=\"twitter:data1\" content=\"Kari Sainio\" \/>\n\t<meta name=\"twitter:label2\" content=\"Arvioitu lukuaika\" \/>\n\t<meta name=\"twitter:data2\" content=\"9 minuuttia\" \/>\n<script type=\"application\/ld+json\" class=\"yoast-schema-graph\">{\"@context\":\"https:\\\/\\\/schema.org\",\"@graph\":[{\"@type\":\"Article\",\"@id\":\"https:\\\/\\\/kylkirauta.fi\\\/index.php\\\/2014\\\/10\\\/03\\\/sveitsin-ja-suomen-upseerivaihto\\\/#article\",\"isPartOf\":{\"@id\":\"https:\\\/\\\/kylkirauta.fi\\\/index.php\\\/2014\\\/10\\\/03\\\/sveitsin-ja-suomen-upseerivaihto\\\/\"},\"author\":{\"name\":\"Kari Sainio\",\"@id\":\"https:\\\/\\\/kylkirauta.fi\\\/#\\\/schema\\\/person\\\/714ab39a349c656b20d60a239be1d6f6\"},\"headline\":\"Seppo Haario: Sveitsin ja Suomen upseerivaihto\",\"datePublished\":\"2014-10-03T11:56:00+00:00\",\"dateModified\":\"2020-01-26T09:57:44+00:00\",\"mainEntityOfPage\":{\"@id\":\"https:\\\/\\\/kylkirauta.fi\\\/index.php\\\/2014\\\/10\\\/03\\\/sveitsin-ja-suomen-upseerivaihto\\\/\"},\"wordCount\":1579,\"image\":{\"@id\":\"https:\\\/\\\/kylkirauta.fi\\\/index.php\\\/2014\\\/10\\\/03\\\/sveitsin-ja-suomen-upseerivaihto\\\/#primaryimage\"},\"thumbnailUrl\":\"https:\\\/\\\/kylkirauta.fi\\\/wp-content\\\/uploads\\\/2020\\\/01\\\/Haario_Seppo_3810h1998-1-200x300.jpg\",\"articleSection\":[\"Artikkeli\",\"Artikkeli 2014\"],\"inLanguage\":\"fi\"},{\"@type\":\"WebPage\",\"@id\":\"https:\\\/\\\/kylkirauta.fi\\\/index.php\\\/2014\\\/10\\\/03\\\/sveitsin-ja-suomen-upseerivaihto\\\/\",\"url\":\"https:\\\/\\\/kylkirauta.fi\\\/index.php\\\/2014\\\/10\\\/03\\\/sveitsin-ja-suomen-upseerivaihto\\\/\",\"name\":\"Seppo Haario: Sveitsin ja Suomen upseerivaihto - Kylkirauta\",\"isPartOf\":{\"@id\":\"https:\\\/\\\/kylkirauta.fi\\\/#website\"},\"primaryImageOfPage\":{\"@id\":\"https:\\\/\\\/kylkirauta.fi\\\/index.php\\\/2014\\\/10\\\/03\\\/sveitsin-ja-suomen-upseerivaihto\\\/#primaryimage\"},\"image\":{\"@id\":\"https:\\\/\\\/kylkirauta.fi\\\/index.php\\\/2014\\\/10\\\/03\\\/sveitsin-ja-suomen-upseerivaihto\\\/#primaryimage\"},\"thumbnailUrl\":\"https:\\\/\\\/kylkirauta.fi\\\/wp-content\\\/uploads\\\/2020\\\/01\\\/Haario_Seppo_3810h1998-1-200x300.jpg\",\"datePublished\":\"2014-10-03T11:56:00+00:00\",\"dateModified\":\"2020-01-26T09:57:44+00:00\",\"author\":{\"@id\":\"https:\\\/\\\/kylkirauta.fi\\\/#\\\/schema\\\/person\\\/714ab39a349c656b20d60a239be1d6f6\"},\"breadcrumb\":{\"@id\":\"https:\\\/\\\/kylkirauta.fi\\\/index.php\\\/2014\\\/10\\\/03\\\/sveitsin-ja-suomen-upseerivaihto\\\/#breadcrumb\"},\"inLanguage\":\"fi\",\"potentialAction\":[{\"@type\":\"ReadAction\",\"target\":[\"https:\\\/\\\/kylkirauta.fi\\\/index.php\\\/2014\\\/10\\\/03\\\/sveitsin-ja-suomen-upseerivaihto\\\/\"]}]},{\"@type\":\"ImageObject\",\"inLanguage\":\"fi\",\"@id\":\"https:\\\/\\\/kylkirauta.fi\\\/index.php\\\/2014\\\/10\\\/03\\\/sveitsin-ja-suomen-upseerivaihto\\\/#primaryimage\",\"url\":\"https:\\\/\\\/kylkirauta.fi\\\/wp-content\\\/uploads\\\/2020\\\/01\\\/Haario_Seppo_3810h1998-1.jpg\",\"contentUrl\":\"https:\\\/\\\/kylkirauta.fi\\\/wp-content\\\/uploads\\\/2020\\\/01\\\/Haario_Seppo_3810h1998-1.jpg\",\"width\":1181,\"height\":1772},{\"@type\":\"BreadcrumbList\",\"@id\":\"https:\\\/\\\/kylkirauta.fi\\\/index.php\\\/2014\\\/10\\\/03\\\/sveitsin-ja-suomen-upseerivaihto\\\/#breadcrumb\",\"itemListElement\":[{\"@type\":\"ListItem\",\"position\":1,\"name\":\"Home\",\"item\":\"https:\\\/\\\/kylkirauta.fi\\\/index.php\\\/home\\\/\"},{\"@type\":\"ListItem\",\"position\":2,\"name\":\"Seppo Haario: Sveitsin ja Suomen upseerivaihto\"}]},{\"@type\":\"WebSite\",\"@id\":\"https:\\\/\\\/kylkirauta.fi\\\/#website\",\"url\":\"https:\\\/\\\/kylkirauta.fi\\\/\",\"name\":\"Kylkirauta\",\"description\":\"Kadettiupseerit yhteiskunnan palveluksessa\",\"potentialAction\":[{\"@type\":\"SearchAction\",\"target\":{\"@type\":\"EntryPoint\",\"urlTemplate\":\"https:\\\/\\\/kylkirauta.fi\\\/?s={search_term_string}\"},\"query-input\":{\"@type\":\"PropertyValueSpecification\",\"valueRequired\":true,\"valueName\":\"search_term_string\"}}],\"inLanguage\":\"fi\"},{\"@type\":\"Person\",\"@id\":\"https:\\\/\\\/kylkirauta.fi\\\/#\\\/schema\\\/person\\\/714ab39a349c656b20d60a239be1d6f6\",\"name\":\"Kari Sainio\",\"sameAs\":[\"http:\\\/\\\/www.kylkirauta.fi\"],\"url\":\"https:\\\/\\\/kylkirauta.fi\\\/index.php\\\/author\\\/karisain\\\/\"}]}<\/script>\n<!-- \/ Yoast SEO plugin. -->","yoast_head_json":{"title":"Seppo Haario: Sveitsin ja Suomen upseerivaihto - Kylkirauta","robots":{"index":"index","follow":"follow","max-snippet":"max-snippet:-1","max-image-preview":"max-image-preview:large","max-video-preview":"max-video-preview:-1"},"canonical":"https:\/\/kylkirauta.fi\/index.php\/2014\/10\/03\/sveitsin-ja-suomen-upseerivaihto\/","og_locale":"fi_FI","og_type":"article","og_title":"Seppo Haario: Sveitsin ja Suomen upseerivaihto - Kylkirauta","og_url":"https:\/\/kylkirauta.fi\/index.php\/2014\/10\/03\/sveitsin-ja-suomen-upseerivaihto\/","og_site_name":"Kylkirauta","article_published_time":"2014-10-03T11:56:00+00:00","article_modified_time":"2020-01-26T09:57:44+00:00","og_image":[{"url":"https:\/\/kylkirauta.fi\/wp-content\/uploads\/2020\/01\/Haario_Seppo_3810h1998-1-200x300.jpg","type":"","width":"","height":""}],"author":"Kari Sainio","twitter_card":"summary_large_image","twitter_misc":{"Kirjoittanut":"Kari Sainio","Arvioitu lukuaika":"9 minuuttia"},"schema":{"@context":"https:\/\/schema.org","@graph":[{"@type":"Article","@id":"https:\/\/kylkirauta.fi\/index.php\/2014\/10\/03\/sveitsin-ja-suomen-upseerivaihto\/#article","isPartOf":{"@id":"https:\/\/kylkirauta.fi\/index.php\/2014\/10\/03\/sveitsin-ja-suomen-upseerivaihto\/"},"author":{"name":"Kari Sainio","@id":"https:\/\/kylkirauta.fi\/#\/schema\/person\/714ab39a349c656b20d60a239be1d6f6"},"headline":"Seppo Haario: Sveitsin ja Suomen upseerivaihto","datePublished":"2014-10-03T11:56:00+00:00","dateModified":"2020-01-26T09:57:44+00:00","mainEntityOfPage":{"@id":"https:\/\/kylkirauta.fi\/index.php\/2014\/10\/03\/sveitsin-ja-suomen-upseerivaihto\/"},"wordCount":1579,"image":{"@id":"https:\/\/kylkirauta.fi\/index.php\/2014\/10\/03\/sveitsin-ja-suomen-upseerivaihto\/#primaryimage"},"thumbnailUrl":"https:\/\/kylkirauta.fi\/wp-content\/uploads\/2020\/01\/Haario_Seppo_3810h1998-1-200x300.jpg","articleSection":["Artikkeli","Artikkeli 2014"],"inLanguage":"fi"},{"@type":"WebPage","@id":"https:\/\/kylkirauta.fi\/index.php\/2014\/10\/03\/sveitsin-ja-suomen-upseerivaihto\/","url":"https:\/\/kylkirauta.fi\/index.php\/2014\/10\/03\/sveitsin-ja-suomen-upseerivaihto\/","name":"Seppo Haario: Sveitsin ja Suomen upseerivaihto - Kylkirauta","isPartOf":{"@id":"https:\/\/kylkirauta.fi\/#website"},"primaryImageOfPage":{"@id":"https:\/\/kylkirauta.fi\/index.php\/2014\/10\/03\/sveitsin-ja-suomen-upseerivaihto\/#primaryimage"},"image":{"@id":"https:\/\/kylkirauta.fi\/index.php\/2014\/10\/03\/sveitsin-ja-suomen-upseerivaihto\/#primaryimage"},"thumbnailUrl":"https:\/\/kylkirauta.fi\/wp-content\/uploads\/2020\/01\/Haario_Seppo_3810h1998-1-200x300.jpg","datePublished":"2014-10-03T11:56:00+00:00","dateModified":"2020-01-26T09:57:44+00:00","author":{"@id":"https:\/\/kylkirauta.fi\/#\/schema\/person\/714ab39a349c656b20d60a239be1d6f6"},"breadcrumb":{"@id":"https:\/\/kylkirauta.fi\/index.php\/2014\/10\/03\/sveitsin-ja-suomen-upseerivaihto\/#breadcrumb"},"inLanguage":"fi","potentialAction":[{"@type":"ReadAction","target":["https:\/\/kylkirauta.fi\/index.php\/2014\/10\/03\/sveitsin-ja-suomen-upseerivaihto\/"]}]},{"@type":"ImageObject","inLanguage":"fi","@id":"https:\/\/kylkirauta.fi\/index.php\/2014\/10\/03\/sveitsin-ja-suomen-upseerivaihto\/#primaryimage","url":"https:\/\/kylkirauta.fi\/wp-content\/uploads\/2020\/01\/Haario_Seppo_3810h1998-1.jpg","contentUrl":"https:\/\/kylkirauta.fi\/wp-content\/uploads\/2020\/01\/Haario_Seppo_3810h1998-1.jpg","width":1181,"height":1772},{"@type":"BreadcrumbList","@id":"https:\/\/kylkirauta.fi\/index.php\/2014\/10\/03\/sveitsin-ja-suomen-upseerivaihto\/#breadcrumb","itemListElement":[{"@type":"ListItem","position":1,"name":"Home","item":"https:\/\/kylkirauta.fi\/index.php\/home\/"},{"@type":"ListItem","position":2,"name":"Seppo Haario: Sveitsin ja Suomen upseerivaihto"}]},{"@type":"WebSite","@id":"https:\/\/kylkirauta.fi\/#website","url":"https:\/\/kylkirauta.fi\/","name":"Kylkirauta","description":"Kadettiupseerit yhteiskunnan palveluksessa","potentialAction":[{"@type":"SearchAction","target":{"@type":"EntryPoint","urlTemplate":"https:\/\/kylkirauta.fi\/?s={search_term_string}"},"query-input":{"@type":"PropertyValueSpecification","valueRequired":true,"valueName":"search_term_string"}}],"inLanguage":"fi"},{"@type":"Person","@id":"https:\/\/kylkirauta.fi\/#\/schema\/person\/714ab39a349c656b20d60a239be1d6f6","name":"Kari Sainio","sameAs":["http:\/\/www.kylkirauta.fi"],"url":"https:\/\/kylkirauta.fi\/index.php\/author\/karisain\/"}]}},"_links":{"self":[{"href":"https:\/\/kylkirauta.fi\/index.php\/wp-json\/wp\/v2\/posts\/932","targetHints":{"allow":["GET"]}}],"collection":[{"href":"https:\/\/kylkirauta.fi\/index.php\/wp-json\/wp\/v2\/posts"}],"about":[{"href":"https:\/\/kylkirauta.fi\/index.php\/wp-json\/wp\/v2\/types\/post"}],"author":[{"embeddable":true,"href":"https:\/\/kylkirauta.fi\/index.php\/wp-json\/wp\/v2\/users\/3"}],"replies":[{"embeddable":true,"href":"https:\/\/kylkirauta.fi\/index.php\/wp-json\/wp\/v2\/comments?post=932"}],"version-history":[{"count":7,"href":"https:\/\/kylkirauta.fi\/index.php\/wp-json\/wp\/v2\/posts\/932\/revisions"}],"predecessor-version":[{"id":2637,"href":"https:\/\/kylkirauta.fi\/index.php\/wp-json\/wp\/v2\/posts\/932\/revisions\/2637"}],"wp:attachment":[{"href":"https:\/\/kylkirauta.fi\/index.php\/wp-json\/wp\/v2\/media?parent=932"}],"wp:term":[{"taxonomy":"category","embeddable":true,"href":"https:\/\/kylkirauta.fi\/index.php\/wp-json\/wp\/v2\/categories?post=932"},{"taxonomy":"post_tag","embeddable":true,"href":"https:\/\/kylkirauta.fi\/index.php\/wp-json\/wp\/v2\/tags?post=932"}],"curies":[{"name":"wp","href":"https:\/\/api.w.org\/{rel}","templated":true}]}}