{"id":923,"date":"2017-12-17T11:43:00","date_gmt":"2017-12-17T11:43:00","guid":{"rendered":"https:\/\/kylkirauta.fi\/?p=923"},"modified":"2020-01-26T10:32:44","modified_gmt":"2020-01-26T10:32:44","slug":"teoriasta-kaytantoon-pedagoginen-johtaminen-on-osaamisen-kehittamista-ja-yhteisen-tavoitteen-eteen-tekemista","status":"publish","type":"post","link":"https:\/\/kylkirauta.fi\/index.php\/2017\/12\/17\/teoriasta-kaytantoon-pedagoginen-johtaminen-on-osaamisen-kehittamista-ja-yhteisen-tavoitteen-eteen-tekemista\/","title":{"rendered":"Irina Olkkonen: Teoriasta k\u00e4yt\u00e4nt\u00f6\u00f6n \u2013 pedagoginen johtaminen on osaamisen kehitt\u00e4mist\u00e4 ja yhteisen tavoitteen eteen tekemist\u00e4"},"content":{"rendered":"<p><div id='full_slider_1'  class='avia-fullwidth-slider main_color avia-shadow   avia-builder-el-0  el_before_av_one_full  avia-builder-el-first   container_wrap sidebar_right'  ><div  class='avia-slideshow av-l9olo-34f89e96fc3de7b9b51c14c99ace17a4 avia-slideshow-featured av_slideshow_full avia-slide-slider av-slideshow-ui av-control-default av-slideshow-manual av-loop-once av-loop-manual-endless av-default-height-applied   avia-slideshow-1' data-slideshow-options=\"{&quot;animation&quot;:&quot;slide&quot;,&quot;autoplay&quot;:false,&quot;loop_autoplay&quot;:&quot;once&quot;,&quot;interval&quot;:5,&quot;loop_manual&quot;:&quot;manual-endless&quot;,&quot;autoplay_stopper&quot;:false,&quot;noNavigation&quot;:false,&quot;bg_slider&quot;:false,&quot;keep_padding&quot;:false,&quot;hoverpause&quot;:false,&quot;show_slide_delay&quot;:0}\"  itemprop=\"image\" itemscope=\"itemscope\" itemtype=\"https:\/\/schema.org\/ImageObject\" ><ul class='avia-slideshow-inner ' style='padding-bottom: 28.666666666667%;'><li  class='avia-slideshow-slide av-l9olo-34f89e96fc3de7b9b51c14c99ace17a4__0  av-single-slide slide-1 slide-odd'><div data-rel='slideshow-1' class='avia-slide-wrap '   ><img decoding=\"async\" fetchpriority=\"high\" class=\"wp-image-54 avia-img-lazy-loading-not-54\"  src=\"https:\/\/kylkirauta.fi\/wp-content\/uploads\/2019\/10\/otsake-kuva_1500x430-1500x430.png\" width=\"1500\" height=\"430\" title='otsake-kuva_1500x430' alt=''  itemprop=\"thumbnailUrl\" srcset=\"https:\/\/kylkirauta.fi\/wp-content\/uploads\/2019\/10\/otsake-kuva_1500x430-1500x430.png 1500w, https:\/\/kylkirauta.fi\/wp-content\/uploads\/2019\/10\/otsake-kuva_1500x430-300x86.png 300w, https:\/\/kylkirauta.fi\/wp-content\/uploads\/2019\/10\/otsake-kuva_1500x430-768x220.png 768w, https:\/\/kylkirauta.fi\/wp-content\/uploads\/2019\/10\/otsake-kuva_1500x430-1030x295.png 1030w, https:\/\/kylkirauta.fi\/wp-content\/uploads\/2019\/10\/otsake-kuva_1500x430-705x202.png 705w, https:\/\/kylkirauta.fi\/wp-content\/uploads\/2019\/10\/otsake-kuva_1500x430.png 1817w\" sizes=\"(max-width: 1500px) 100vw, 1500px\" \/><\/div><\/li><\/ul><\/div><\/div><div id='after_full_slider_1'  class='main_color av_default_container_wrap container_wrap sidebar_right'  ><div class='container av-section-cont-open' ><div class='template-page content  av-content-small alpha units'><div class='post-entry post-entry-type-page post-entry-923'><div class='entry-content-wrapper clearfix'> \n<style type=\"text\/css\" data-created_by=\"avia_inline_auto\" id=\"style-css-av-km4zs-0614ada41eb3461e6efbb361dfbae970\">\n.flex_column.av-km4zs-0614ada41eb3461e6efbb361dfbae970{\nborder-radius:0px 0px 0px 0px;\npadding:0px 0px 0px 0px;\n}\n<\/style>\n<div  class='flex_column av-km4zs-0614ada41eb3461e6efbb361dfbae970 av_one_full  avia-builder-el-1  el_after_av_slideshow_full  el_before_av_hr  avia-builder-el-first  first flex_column_div av-zero-column-padding  '     ><p> \n<style type=\"text\/css\" data-created_by=\"avia_inline_auto\" id=\"style-css-av-k5p8owua-a8c001047767acddb4f61e1883dcb7bb\">\n#top .av-special-heading.av-k5p8owua-a8c001047767acddb4f61e1883dcb7bb{\npadding-bottom:10px;\n}\nbody .av-special-heading.av-k5p8owua-a8c001047767acddb4f61e1883dcb7bb .av-special-heading-tag .heading-char{\nfont-size:25px;\n}\n.av-special-heading.av-k5p8owua-a8c001047767acddb4f61e1883dcb7bb .av-subheading{\nfont-size:15px;\n}\n<\/style>\n<div  class='av-special-heading av-k5p8owua-a8c001047767acddb4f61e1883dcb7bb av-special-heading-h3  avia-builder-el-2  el_before_av_hr  avia-builder-el-first '><h3 class='av-special-heading-tag'  itemprop=\"headline\"  >Teoriasta k\u00e4yt\u00e4nt\u00f6\u00f6n \u2013 pedagoginen johtaminen on osaamisen kehitt\u00e4mist\u00e4 ja yhteisen tavoitteen eteen tekemist\u00e4<\/h3><div class=\"special-heading-border\"><div class=\"special-heading-inner-border\"><\/div><\/div><\/div> \n<style type=\"text\/css\" data-created_by=\"avia_inline_auto\" id=\"style-css-av-k5m7b9te-01401dd5e8beb25770de1be03f41ecf3\">\n#top .hr.hr-invisible.av-k5m7b9te-01401dd5e8beb25770de1be03f41ecf3{\nheight:30px;\n}\n<\/style>\n<div  class='hr av-k5m7b9te-01401dd5e8beb25770de1be03f41ecf3 hr-invisible  avia-builder-el-3  el_after_av_heading  el_before_av_textblock '><span class='hr-inner '><span class=\"hr-inner-style\"><\/span><\/span><\/div> <section  class='av_textblock_section av-k8d08-dea0f25c8df625cf22cbdeac32688808 '   itemscope=\"itemscope\" itemtype=\"https:\/\/schema.org\/BlogPosting\" itemprop=\"blogPost\" ><div class='avia_textblock'  itemprop=\"text\" ><p> <strong><img loading=\"lazy\" decoding=\"async\" class=\"alignleft wp-image-924\" src=\"https:\/\/kylkirauta.fi\/wp-content\/uploads\/2020\/01\/Olkkonen-Irina-2-254x300.jpeg\" alt=\"\" width=\"130\" height=\"153\" srcset=\"https:\/\/kylkirauta.fi\/wp-content\/uploads\/2020\/01\/Olkkonen-Irina-2-254x300.jpeg 254w, https:\/\/kylkirauta.fi\/wp-content\/uploads\/2020\/01\/Olkkonen-Irina-2-597x705.jpeg 597w, https:\/\/kylkirauta.fi\/wp-content\/uploads\/2020\/01\/Olkkonen-Irina-2.jpeg 678w\" sizes=\"auto, (max-width: 130px) 100vw, 130px\" \/>Erikoissuunnittelija Irina Olkkonen\u00a0koordinoi ja kehitt\u00e4\u00e4 MPK:n varautumis- ja turvallisuuskoulutusta sek\u00e4 valtakunnallista kyberkoulutusta. H\u00e4n on kirjoittanut yhteisty\u00f6ss\u00e4 Jyv\u00e4skyl\u00e4n yliopiston kanssa oppaan\u00a0<em>&#8221;Kyberin taskutieto&#8221;<\/em>.<\/strong> <strong>H\u00e4n katsoo, ett\u00e4 MPK on ketter\u00e4 koulutusorganisaatio ja voi nostaa koulutusaiheiksi teemoja, joille on tarvetta. &#8221;T\u00e4rke\u00e4 voimavaramme on osaavat vapaaehtoiset kouluttajat&#8221;.<\/strong> <strong>Artikkeli on kirjoitettu osana Helsingin yliopiston &#8221;Pedagoginen johtaminen digiajalla&#8221; kurssia.<\/strong> <strong>Maanpuolustuskoulutusyhdistys (MPK)<\/strong>\u00a0on valtakunnallinen koulutusorganisaatio, joka kouluttaa ihmisi\u00e4 selviytym\u00e4\u00e4n paremmin poikkeusoloissa ja arjen vaaratilanteissa. MPK toimii koulutuksen yhteisty\u00f6organisaationa vapaaehtoisen maanpuolustuksen kent\u00e4ll\u00e4. Kouluttamisen keski\u00f6ss\u00e4 ovat sitoutuneet vapaaehtoiset kouluttajat. MPK pyrkii antamaan kouluttajilleen mahdollisimman hyv\u00e4t puitteet, jotta koulutusty\u00f6 olisi mahdollisimman helppoa. Yksi koulutusty\u00f6t\u00e4 tukeva v\u00e4line on kouluttajanopas, joka auttaa kouluttajaa muistamaan tarvittavat asiat. MPK on uudistanut kouluttajan opastaan ja vuoden 2018 aikana k\u00e4ytt\u00f6\u00f6n otetaan uusi kouluttajanopas. P\u00e4ivitysty\u00f6 osuu hyv\u00e4\u00e4n kohtaan, sill\u00e4 my\u00f6s Puolustusvoimat ovat p\u00e4ivitt\u00e4m\u00e4ss\u00e4 omaa kouluttajan opastaan. MPK on tehnyt kouluttajanoppaan p\u00e4ivitysty\u00f6ss\u00e4 yhteisty\u00f6t\u00e4 Puolustusvoimien kanssa, sill\u00e4 on t\u00e4rke\u00e4\u00e4, ett\u00e4 kouluttajanoppaat ovat linjassa kesken\u00e4\u00e4n. Oppaat eiv\u00e4t ole toisten kopiota, koska MPK:n kouluttajanopasta hy\u00f6dynnet\u00e4\u00e4n sotilaallisen koulutuksen lis\u00e4ksi kokonaisturvallisuuskoulutuksessa. Vapaaehtoiset kouluttajat on otettu p\u00e4ivitysty\u00f6h\u00f6n mukaan, ja he ovat voineet antaa kehitysehdotuksia ja palautetta eri kanavia pitkin. <em>&#8221;MPK teett\u00e4\u00e4 vapaaehtoisille sitoutuneille kouluttajille joka toinen vuosi kyselyn, jossa selvitet\u00e4\u00e4n mm. kouluttamisen reunaehtoja&#8221;<\/em>\u00a0kertoo\u00a0<strong>MPK:n koulutusp\u00e4\u00e4llikk\u00f6 Juha Niem<\/strong>i. T\u00e4m\u00e4n vuoden kyselyss\u00e4 kouluttajanoppaan p\u00e4ivitysty\u00f6 nostettiin esille ja vastaajat saattoivat esitt\u00e4\u00e4 toiveita tulevan oppaan sis\u00e4lt\u00f6\u00f6n. <em>\u201dKarkeasti voidaan todeta, ett\u00e4 50 prosenttia kouluttajista kaipaa tukea ja jonkinlaisia muistilistoja koulutustilanteeseen ja toinen puoli toivoo uusia menetelmi\u00e4 ja pedagogiikka, joiden avulla omia koulutustaitoja voi kehitt\u00e4\u00e4\u201d<\/em>\u00a0Niemi jatkaa. N\u00e4m\u00e4 toiveet tulevat n\u00e4kym\u00e4\u00e4n uuden kouluttajanoppaan rakenteessa. Oppaita julkaistaan kaksi: helposti mukaan otettava maastovihko on pieni opas, josta l\u00f6ytyy teht\u00e4v\u00e4- ja muistilistoja kouluttajan tueksi. Lis\u00e4ksi verkossa julkaistaan laajempi kouluttajanopas, joka tukee koulutuksen suunnittelussa tarjoten teoriaa k\u00e4yt\u00e4nn\u00f6n tueksi. <em><strong>Teorian vieminen k\u00e4yt\u00e4nt\u00f6\u00f6n<\/strong><\/em> Yksi MPK:n oppaan teorioista on pedagoginen johtaminen. Pedagoginen johtaminen on k\u00e4yt\u00f6ss\u00e4 erityisesti oppilaitosmaailmassa, mutta sit\u00e4 on alettu hy\u00f6dynt\u00e4\u00e4 laajemmin my\u00f6s muualla. Kapteeni Juha Tuominen on tuonut mm. Kylkiraudan blogiteksteiss\u00e4 pedagogisen johtamisen k\u00e4sitett\u00e4 tutuksi. Pedagoginen johtaminen voidaan m\u00e4\u00e4ritell\u00e4 tietyn oppimistavoitteen toteuttamiseksi, mutta laajasti ymm\u00e4rrettyn\u00e4 pedagogisella johtamisella tarkoitetaan koko organisaation kasvun ja kehittymisen tukemista. Oppiva organisaatio kehitt\u00e4\u00e4 toimintaansa jatkuvasti ja luo tulevaisuuttaan yll\u00e4pit\u00e4m\u00e4ll\u00e4 sek\u00e4 kehitt\u00e4m\u00e4ll\u00e4 ydinosaamistaan toimintaymp\u00e4rist\u00f6n vaatimalla tavalla\u00a0<em>(Johtajan k\u00e4sikirja, 2012)<\/em>. Teorian sijaan MPK:n koulutuksessa painottuu k\u00e4yt\u00e4nt\u00f6. Pedagoginen johtaminen on hyv\u00e4 muuttaa k\u00e4yt\u00e4nn\u00f6n merkitykseksi, jolloin my\u00f6s teorian ymm\u00e4rrett\u00e4vyys on helpompaa. Reservil\u00e4iset ovat koulutuksissa innostunutta porukkaa, jotka haluavat tehd\u00e4 ty\u00f6t\u00e4 yhteisen tavoitteen eteen. Kouluttajan on t\u00e4rke\u00e4 kertoa, mit\u00e4 yhteisi\u00e4 tavoitteita koulutuksella on, jotta ne voidaan saavuttaa. Tekev\u00e4 joukko p\u00e4\u00e4see kyll\u00e4 maaliin, kun tavoite on selv\u00e4. Ilman hyv\u00e4\u00e4 vuorovaikutusta ei synny positiivista tekemisen meininki\u00e4. Kouluttajan on t\u00e4rke\u00e4\u00e4 osata sek\u00e4 kuunnella ett\u00e4 sitouttaa porukka yhteisen oppimisen ja tavoitteen saavuttamiseksi. Pedagoginen johtaminen on yksinkertaisimmillaan l\u00e4sn\u00e4oloa. <em>\u201dMPK:ssa kannustetaan uuden kouluttajan k\u00e4sikirjan my\u00f6t\u00e4 vahvasti mestari-kis\u00e4lli-suhteisiin, jotka ovat hyv\u00e4 esimerkki pedagogisesta johtamisesta k\u00e4yt\u00e4nn\u00f6ss\u00e4. Vanhempi tai kokeneempi reservil\u00e4inen ottaa uuden tulijan siipiens\u00e4 suojaan, ohjaa t\u00e4t\u00e4 omalla teht\u00e4v\u00e4polullaan etenemisess\u00e4 sek\u00e4 opettaa t\u00e4lle uusia taitoja. Oppiminen on my\u00f6s vastavuoroista, sill\u00e4 nuoremmillakin toimijoilla on usein paljon annettavaa, esimerkiksi varusmiespalveluksessa saatuja uusia oppeja\u201d<\/em>, listaa\u00a0<strong>MPK:n koulutussuunnittelija Ossi Hietala<\/strong>, joka on p\u00e4\u00e4vastuussa kouluttajanoppaan kirjoitusty\u00f6st\u00e4. <em><strong>Digiaika lis\u00e4\u00e4 kouluttamisen mahdollisuuksia ja motivaatiota<\/strong><\/em> MPK:n koulutukset j\u00e4rjestet\u00e4\u00e4n p\u00e4\u00e4s\u00e4\u00e4nt\u00f6isesti viikonloppuina. Monella kurssilla aika on kortilla ja PVMoodlea &#8211; Puolustusvoimien verkko-oppimisymp\u00e4rist\u00f6 &#8211; hy\u00f6dynnet\u00e4\u00e4n kurssien tukena esimerkiksi siten, ett\u00e4 kurssille tuleva tutustuu tiettyyn teoriamateriaaliin jo etuk\u00e4teen ja t\u00e4ll\u00e4 tavalla viikonloppuun j\u00e4\u00e4 enemm\u00e4n aikaa tekemiselle. T\u00e4m\u00e4 antaa my\u00f6s kouluttajalle paljon erilaisia vaihtoehtoja rakentaa koulutuskokonaisuutta. Viel\u00e4 verkkoty\u00f6tilat eiv\u00e4t viel\u00e4 ole k\u00e4yt\u00f6ss\u00e4 t\u00e4ydell\u00e4 teholla, ja PVMoodlea k\u00e4ytet\u00e4\u00e4n usein vain materiaalin tallennuspaikkana. Verkkokoulutusta reservil\u00e4isille kehitet\u00e4\u00e4n koko ajan. <strong>Kehitysjohtaja Kalle Huhtala<\/strong>, Edita Publishing Oy:st\u00e4 tekee ty\u00f6t\u00e4 erilaisten verkkokoulutusten parissa. Huhtala nosti lokakuun alussa pidetyss\u00e4 Puolustusvoimien ADL-seminaarissa reservil\u00e4isten verkko-oppimisen esille.\u00a0<em>\u201dKertausharjoituksia on rajallinen m\u00e4\u00e4r\u00e4. Voidaanko verkko-oppimisella parantaa reservin kyky\u00e4 vastata kohonneisiin osaamisvaatimuksiin ja nopeampaa reagointia vaativiin tilanteisiin?\u201d<\/em> T\u00e4ll\u00e4 hetkell\u00e4 reservil\u00e4isten on mahdollista suorittaa PVMoodlessa yksi kurssi, jonka suorittamisesta voidaan my\u00f6nt\u00e4\u00e4 rinnasteinen kertausharjoitusvuorokausi. P<em>erustietoa Puolustusvoimista -kurssin<\/em>\u00a0p\u00e4\u00e4m\u00e4\u00e4r\u00e4n\u00e4 on lis\u00e4t\u00e4 opiskelijoiden tuntemusta puolustushallinnon tavoitteista ja toiminnasta. Se on kattava opetuspaketti ja antaa kuvan kent\u00e4st\u00e4. Huhtala my\u00f6s nostaa esille motivaation merkityksen. Reservil\u00e4iset ovat eritt\u00e4in motivoitunutta porukkaa, ja t\u00e4t\u00e4 motivaatiota tulee pit\u00e4\u00e4 yll\u00e4.\u00a0<em>\u201dKertausharjoituksissa, joihin olen osallistunut, on tuotu esille toivomus, ett\u00e4 jonkin asian olisi voinut opiskella valmiiksi verkossa jo ennen l\u00e4hijaksoa\u201d<\/em>\u00a0Huhtala kertoo. Uuden oppimiselle on motivaatiota. Verkossa motivaation tunnetta voidaan vahvistaa ja yll\u00e4pit\u00e4\u00e4. Pedagogisen johtamisen n\u00e4k\u00f6kulmasta t\u00e4ss\u00e4 tarvitaan my\u00f6s l\u00e4sn\u00e4oloa eli verkkokurssin lis\u00e4ksi tarvitaan verkkokouluttajaa, joka on l\u00e4sn\u00e4, vaikka siell\u00e4 verkossa. <\/p>\n<\/div><\/section> <\/p><\/div><div  class='hr av-6zsyz-b471ba5482e75b0a604afa4166a853a5 hr-default  avia-builder-el-5  el_after_av_one_full  el_before_av_blog '><span class='hr-inner '><span class=\"hr-inner-style\"><\/span><\/span><\/div> <div  class='av-alb-blogposts template-blog  '  itemscope=\"itemscope\" itemtype=\"https:\/\/schema.org\/Blog\" ><article class=\"post-entry post-entry-type-standard post-entry-8921 post-loop-1 post-parity-odd bloglist-simple with-slider post-8921 post type-post status-publish format-standard has-post-thumbnail hentry category-artikkeli category-artikkeli-2026\"  itemscope=\"itemscope\" itemtype=\"https:\/\/schema.org\/BlogPosting\" ><div class=\"blog-meta\"><\/div><div class='entry-content-wrapper clearfix standard-content'><header class=\"entry-content-header\"><h2 class='post-title entry-title '  itemprop=\"headline\" ><a href=\"https:\/\/kylkirauta.fi\/index.php\/2026\/04\/20\/kaaderilaulajien-julkaisutoiminta\/\" rel=\"bookmark\" title=\"Permanent Link: Kaaderilaulajien julkaisutoiminta\">Kaaderilaulajien julkaisutoiminta<span class=\"post-format-icon minor-meta\"><\/span><\/a><\/h2><span class=\"post-meta-infos\"><time class=\"date-container minor-meta updated\"  itemprop=\"datePublished\" datetime=\"2026-04-20T15:45:24+03:00\" >20.4.2026<\/time><span class=\"text-sep\">\/<\/span><span class=\"blog-categories minor-meta\">in <a href=\"https:\/\/kylkirauta.fi\/index.php\/category\/artikkeli\/\" rel=\"tag\">Artikkeli<\/a>, <a href=\"https:\/\/kylkirauta.fi\/index.php\/category\/artikkeli-2026\/\" rel=\"tag\">Artikkeli 2026<\/a><\/span><span class=\"text-sep\">\/<\/span><span class=\"blog-author minor-meta\">by <span class=\"entry-author-link\"  itemprop=\"author\" ><span class=\"author\"><span class=\"fn\"><a href=\"https:\/\/kylkirauta.fi\/index.php\/author\/karisain\/\" title=\"Kirjoittanut: Kari Sainio\" rel=\"author\">Kari Sainio<\/a><\/span><\/span><\/span><\/span><div class=\"read-more-link\"><a href=\"https:\/\/kylkirauta.fi\/index.php\/2026\/04\/20\/kaaderilaulajien-julkaisutoiminta\/\" class=\"more-link\">Read more<span class=\"more-link-arrow\"><\/span><\/a><\/div><\/span><\/header><footer class=\"entry-footer\"><\/footer><div class='post_delimiter'><\/div><\/div><div class=\"post_author_timeline\"><\/div><span class='hidden'>\n\t\t\t\t<span class='av-structured-data'  itemprop=\"image\" itemscope=\"itemscope\" itemtype=\"https:\/\/schema.org\/ImageObject\" >\n\t\t\t\t\t\t<span itemprop='url'>https:\/\/kylkirauta.fi\/wp-content\/uploads\/2026\/04\/Artikkeli-4-2026-2.jpg<\/span>\n\t\t\t\t\t\t<span itemprop='height'>487<\/span>\n\t\t\t\t\t\t<span itemprop='width'>843<\/span>\n\t\t\t\t<\/span>\n\t\t\t\t<span class='av-structured-data'  itemprop=\"publisher\" itemtype=\"https:\/\/schema.org\/Organization\" itemscope=\"itemscope\" >\n\t\t\t\t\t\t<span itemprop='name'>Kari Sainio<\/span>\n\t\t\t\t\t\t<span itemprop='logo' itemscope itemtype='https:\/\/schema.org\/ImageObject'>\n\t\t\t\t\t\t\t<span itemprop='url'>https:\/\/kylkirauta.fi\/wp-content\/uploads\/2020\/02\/kkunta_weblogo-100x100-1.png<\/span>\n\t\t\t\t\t\t<\/span>\n\t\t\t\t<\/span><span class='av-structured-data'  itemprop=\"author\" itemscope=\"itemscope\" itemtype=\"https:\/\/schema.org\/Person\" ><span itemprop='name'>Kari Sainio<\/span><\/span><span class='av-structured-data'  itemprop=\"datePublished\" datetime=\"2026-04-20T15:45:24+03:00\" >2026-04-20 15:45:24<\/span><span class='av-structured-data'  itemprop=\"dateModified\" itemtype=\"https:\/\/schema.org\/dateModified\" >2026-04-20 15:45:24<\/span><span class='av-structured-data'  itemprop=\"mainEntityOfPage\" itemtype=\"https:\/\/schema.org\/mainEntityOfPage\" ><span itemprop='name'>Kaaderilaulajien julkaisutoiminta<\/span><\/span><\/span><\/article><article class=\"post-entry post-entry-type-standard post-entry-8884 post-loop-2 post-parity-even bloglist-simple with-slider post-8884 post type-post status-publish format-standard has-post-thumbnail hentry category-artikkeli category-artikkeli-2026\"  itemscope=\"itemscope\" itemtype=\"https:\/\/schema.org\/BlogPosting\" ><div class=\"blog-meta\"><\/div><div class='entry-content-wrapper clearfix standard-content'><header class=\"entry-content-header\"><h2 class='post-title entry-title '  itemprop=\"headline\" ><a href=\"https:\/\/kylkirauta.fi\/index.php\/2026\/03\/27\/kaaderilaulajien-ukraina-tukikonsertit\/\" rel=\"bookmark\" title=\"Permanent Link: Kaaderilaulajien Ukraina-tukikonsertit\">Kaaderilaulajien Ukraina-tukikonsertit<span class=\"post-format-icon minor-meta\"><\/span><\/a><\/h2><span class=\"post-meta-infos\"><time class=\"date-container minor-meta updated\"  itemprop=\"datePublished\" datetime=\"2026-03-27T12:30:38+02:00\" >27.3.2026<\/time><span class=\"text-sep\">\/<\/span><span class=\"blog-categories minor-meta\">in <a href=\"https:\/\/kylkirauta.fi\/index.php\/category\/artikkeli\/\" rel=\"tag\">Artikkeli<\/a>, <a href=\"https:\/\/kylkirauta.fi\/index.php\/category\/artikkeli-2026\/\" rel=\"tag\">Artikkeli 2026<\/a><\/span><span class=\"text-sep\">\/<\/span><span class=\"blog-author minor-meta\">by <span class=\"entry-author-link\"  itemprop=\"author\" ><span class=\"author\"><span class=\"fn\"><a href=\"https:\/\/kylkirauta.fi\/index.php\/author\/karisain\/\" title=\"Kirjoittanut: Kari Sainio\" rel=\"author\">Kari Sainio<\/a><\/span><\/span><\/span><\/span><div class=\"read-more-link\"><a href=\"https:\/\/kylkirauta.fi\/index.php\/2026\/03\/27\/kaaderilaulajien-ukraina-tukikonsertit\/\" class=\"more-link\">Read more<span class=\"more-link-arrow\"><\/span><\/a><\/div><\/span><\/header><footer class=\"entry-footer\"><\/footer><div class='post_delimiter'><\/div><\/div><div class=\"post_author_timeline\"><\/div><span class='hidden'>\n\t\t\t\t<span class='av-structured-data'  itemprop=\"image\" itemscope=\"itemscope\" itemtype=\"https:\/\/schema.org\/ImageObject\" >\n\t\t\t\t\t\t<span itemprop='url'>https:\/\/kylkirauta.fi\/wp-content\/uploads\/2026\/03\/3-2026-artikkeli.jpg<\/span>\n\t\t\t\t\t\t<span itemprop='height'>487<\/span>\n\t\t\t\t\t\t<span itemprop='width'>843<\/span>\n\t\t\t\t<\/span>\n\t\t\t\t<span class='av-structured-data'  itemprop=\"publisher\" itemtype=\"https:\/\/schema.org\/Organization\" itemscope=\"itemscope\" >\n\t\t\t\t\t\t<span itemprop='name'>Kari Sainio<\/span>\n\t\t\t\t\t\t<span itemprop='logo' itemscope itemtype='https:\/\/schema.org\/ImageObject'>\n\t\t\t\t\t\t\t<span itemprop='url'>https:\/\/kylkirauta.fi\/wp-content\/uploads\/2020\/02\/kkunta_weblogo-100x100-1.png<\/span>\n\t\t\t\t\t\t<\/span>\n\t\t\t\t<\/span><span class='av-structured-data'  itemprop=\"author\" itemscope=\"itemscope\" itemtype=\"https:\/\/schema.org\/Person\" ><span itemprop='name'>Kari Sainio<\/span><\/span><span class='av-structured-data'  itemprop=\"datePublished\" datetime=\"2026-03-27T12:30:38+02:00\" >2026-03-27 12:30:38<\/span><span class='av-structured-data'  itemprop=\"dateModified\" itemtype=\"https:\/\/schema.org\/dateModified\" >2026-03-27 12:30:38<\/span><span class='av-structured-data'  itemprop=\"mainEntityOfPage\" itemtype=\"https:\/\/schema.org\/mainEntityOfPage\" ><span itemprop='name'>Kaaderilaulajien Ukraina-tukikonsertit<\/span><\/span><\/span><\/article><article class=\"post-entry post-entry-type-standard post-entry-8786 post-loop-3 post-parity-odd post-entry-last bloglist-simple with-slider post-8786 post type-post status-publish format-standard has-post-thumbnail hentry category-artikkeli category-artikkeli-2026\"  itemscope=\"itemscope\" itemtype=\"https:\/\/schema.org\/BlogPosting\" ><div class=\"blog-meta\"><\/div><div class='entry-content-wrapper clearfix standard-content'><header class=\"entry-content-header\"><h2 class='post-title entry-title '  itemprop=\"headline\" ><a href=\"https:\/\/kylkirauta.fi\/index.php\/2026\/02\/23\/risto-sinkko-eu-kansalaisten-nakemyksia-turvallisuudesta-ja-puolustuksesta\/\" rel=\"bookmark\" title=\"Permanent Link: Risto Sinkko: EU-kansalaisten n\u00e4kemyksi\u00e4 turvallisuudesta ja puolustuksesta\">Risto Sinkko: EU-kansalaisten n\u00e4kemyksi\u00e4 turvallisuudesta ja puolustuksesta<span class=\"post-format-icon minor-meta\"><\/span><\/a><\/h2><span class=\"post-meta-infos\"><time class=\"date-container minor-meta updated\"  itemprop=\"datePublished\" datetime=\"2026-02-23T17:08:33+02:00\" >23.2.2026<\/time><span class=\"text-sep\">\/<\/span><span class=\"blog-categories minor-meta\">in <a href=\"https:\/\/kylkirauta.fi\/index.php\/category\/artikkeli\/\" rel=\"tag\">Artikkeli<\/a>, <a href=\"https:\/\/kylkirauta.fi\/index.php\/category\/artikkeli-2026\/\" rel=\"tag\">Artikkeli 2026<\/a><\/span><span class=\"text-sep\">\/<\/span><span class=\"blog-author minor-meta\">by <span class=\"entry-author-link\"  itemprop=\"author\" ><span class=\"author\"><span class=\"fn\"><a href=\"https:\/\/kylkirauta.fi\/index.php\/author\/karisain\/\" title=\"Kirjoittanut: Kari Sainio\" rel=\"author\">Kari Sainio<\/a><\/span><\/span><\/span><\/span><div class=\"read-more-link\"><a href=\"https:\/\/kylkirauta.fi\/index.php\/2026\/02\/23\/risto-sinkko-eu-kansalaisten-nakemyksia-turvallisuudesta-ja-puolustuksesta\/\" class=\"more-link\">Read more<span class=\"more-link-arrow\"><\/span><\/a><\/div><\/span><\/header><footer class=\"entry-footer\"><\/footer><div class='post_delimiter'><\/div><\/div><div class=\"post_author_timeline\"><\/div><span class='hidden'>\n\t\t\t\t<span class='av-structured-data'  itemprop=\"image\" itemscope=\"itemscope\" itemtype=\"https:\/\/schema.org\/ImageObject\" >\n\t\t\t\t\t\t<span itemprop='url'>https:\/\/kylkirauta.fi\/wp-content\/uploads\/2026\/02\/Artikkeli-MSC-artikkeli.jpg<\/span>\n\t\t\t\t\t\t<span itemprop='height'>487<\/span>\n\t\t\t\t\t\t<span itemprop='width'>843<\/span>\n\t\t\t\t<\/span>\n\t\t\t\t<span class='av-structured-data'  itemprop=\"publisher\" itemtype=\"https:\/\/schema.org\/Organization\" itemscope=\"itemscope\" >\n\t\t\t\t\t\t<span itemprop='name'>Kari Sainio<\/span>\n\t\t\t\t\t\t<span itemprop='logo' itemscope itemtype='https:\/\/schema.org\/ImageObject'>\n\t\t\t\t\t\t\t<span itemprop='url'>https:\/\/kylkirauta.fi\/wp-content\/uploads\/2020\/02\/kkunta_weblogo-100x100-1.png<\/span>\n\t\t\t\t\t\t<\/span>\n\t\t\t\t<\/span><span class='av-structured-data'  itemprop=\"author\" itemscope=\"itemscope\" itemtype=\"https:\/\/schema.org\/Person\" ><span itemprop='name'>Kari Sainio<\/span><\/span><span class='av-structured-data'  itemprop=\"datePublished\" datetime=\"2026-02-23T17:08:33+02:00\" >2026-02-23 17:08:33<\/span><span class='av-structured-data'  itemprop=\"dateModified\" itemtype=\"https:\/\/schema.org\/dateModified\" >2026-02-23 17:29:54<\/span><span class='av-structured-data'  itemprop=\"mainEntityOfPage\" itemtype=\"https:\/\/schema.org\/mainEntityOfPage\" ><span itemprop='name'>Risto Sinkko: EU-kansalaisten n\u00e4kemyksi\u00e4 turvallisuudesta ja puolustuksesta<\/span><\/span><\/span><\/article><div class='bloglist-simple'><nav class='pagination'><span class='pagination-meta'>Page 1 of 58<\/span><span class='current'>1<\/span><a href='https:\/\/kylkirauta.fi\/index.php\/wp-json\/wp\/v2\/posts\/923\/page\/2\/' class='inactive next_page' >2<\/a><a href='https:\/\/kylkirauta.fi\/index.php\/wp-json\/wp\/v2\/posts\/923\/page\/3\/' class='inactive' >3<\/a><a href='https:\/\/kylkirauta.fi\/index.php\/wp-json\/wp\/v2\/posts\/923\/page\/2\/'>&rsaquo;<\/a><a href='https:\/\/kylkirauta.fi\/index.php\/wp-json\/wp\/v2\/posts\/923\/page\/58\/'>&raquo;<\/a><\/nav>\n<\/div><\/div><\/p>\n","protected":false},"excerpt":{"rendered":"","protected":false},"author":3,"featured_media":0,"comment_status":"closed","ping_status":"closed","sticky":false,"template":"","format":"standard","meta":{"footnotes":""},"categories":[4,29],"tags":[],"class_list":["post-923","post","type-post","status-publish","format-standard","hentry","category-artikkeli","category-artikkeli-2017"],"yoast_head":"<!-- This site is optimized with the Yoast SEO plugin v27.4 - https:\/\/yoast.com\/product\/yoast-seo-wordpress\/ -->\n<title>Irina Olkkonen: Teoriasta k\u00e4yt\u00e4nt\u00f6\u00f6n \u2013 pedagoginen johtaminen on osaamisen kehitt\u00e4mist\u00e4 ja yhteisen tavoitteen eteen tekemist\u00e4 - Kylkirauta<\/title>\n<meta name=\"robots\" content=\"index, follow, max-snippet:-1, max-image-preview:large, max-video-preview:-1\" \/>\n<link rel=\"canonical\" href=\"https:\/\/kylkirauta.fi\/index.php\/2017\/12\/17\/teoriasta-kaytantoon-pedagoginen-johtaminen-on-osaamisen-kehittamista-ja-yhteisen-tavoitteen-eteen-tekemista\/\" \/>\n<meta property=\"og:locale\" content=\"fi_FI\" \/>\n<meta property=\"og:type\" content=\"article\" \/>\n<meta property=\"og:title\" content=\"Irina Olkkonen: Teoriasta k\u00e4yt\u00e4nt\u00f6\u00f6n \u2013 pedagoginen johtaminen on osaamisen kehitt\u00e4mist\u00e4 ja yhteisen tavoitteen eteen tekemist\u00e4 - Kylkirauta\" \/>\n<meta property=\"og:url\" content=\"https:\/\/kylkirauta.fi\/index.php\/2017\/12\/17\/teoriasta-kaytantoon-pedagoginen-johtaminen-on-osaamisen-kehittamista-ja-yhteisen-tavoitteen-eteen-tekemista\/\" \/>\n<meta property=\"og:site_name\" content=\"Kylkirauta\" \/>\n<meta property=\"article:published_time\" content=\"2017-12-17T11:43:00+00:00\" \/>\n<meta property=\"article:modified_time\" content=\"2020-01-26T10:32:44+00:00\" \/>\n<meta property=\"og:image\" content=\"https:\/\/kylkirauta.fi\/wp-content\/uploads\/2020\/01\/Olkkonen-Irina-2-254x300.jpeg\" \/>\n<meta name=\"author\" content=\"Kari Sainio\" \/>\n<meta name=\"twitter:card\" content=\"summary_large_image\" \/>\n<meta name=\"twitter:label1\" content=\"Kirjoittanut\" \/>\n\t<meta name=\"twitter:data1\" content=\"Kari Sainio\" \/>\n\t<meta name=\"twitter:label2\" content=\"Arvioitu lukuaika\" \/>\n\t<meta name=\"twitter:data2\" content=\"7 minuuttia\" \/>\n<script type=\"application\/ld+json\" class=\"yoast-schema-graph\">{\"@context\":\"https:\\\/\\\/schema.org\",\"@graph\":[{\"@type\":\"Article\",\"@id\":\"https:\\\/\\\/kylkirauta.fi\\\/index.php\\\/2017\\\/12\\\/17\\\/teoriasta-kaytantoon-pedagoginen-johtaminen-on-osaamisen-kehittamista-ja-yhteisen-tavoitteen-eteen-tekemista\\\/#article\",\"isPartOf\":{\"@id\":\"https:\\\/\\\/kylkirauta.fi\\\/index.php\\\/2017\\\/12\\\/17\\\/teoriasta-kaytantoon-pedagoginen-johtaminen-on-osaamisen-kehittamista-ja-yhteisen-tavoitteen-eteen-tekemista\\\/\"},\"author\":{\"name\":\"Kari Sainio\",\"@id\":\"https:\\\/\\\/kylkirauta.fi\\\/#\\\/schema\\\/person\\\/714ab39a349c656b20d60a239be1d6f6\"},\"headline\":\"Irina Olkkonen: Teoriasta k\u00e4yt\u00e4nt\u00f6\u00f6n \u2013 pedagoginen johtaminen on osaamisen kehitt\u00e4mist\u00e4 ja yhteisen tavoitteen eteen tekemist\u00e4\",\"datePublished\":\"2017-12-17T11:43:00+00:00\",\"dateModified\":\"2020-01-26T10:32:44+00:00\",\"mainEntityOfPage\":{\"@id\":\"https:\\\/\\\/kylkirauta.fi\\\/index.php\\\/2017\\\/12\\\/17\\\/teoriasta-kaytantoon-pedagoginen-johtaminen-on-osaamisen-kehittamista-ja-yhteisen-tavoitteen-eteen-tekemista\\\/\"},\"wordCount\":1307,\"image\":{\"@id\":\"https:\\\/\\\/kylkirauta.fi\\\/index.php\\\/2017\\\/12\\\/17\\\/teoriasta-kaytantoon-pedagoginen-johtaminen-on-osaamisen-kehittamista-ja-yhteisen-tavoitteen-eteen-tekemista\\\/#primaryimage\"},\"thumbnailUrl\":\"https:\\\/\\\/kylkirauta.fi\\\/wp-content\\\/uploads\\\/2020\\\/01\\\/Olkkonen-Irina-2-254x300.jpeg\",\"articleSection\":[\"Artikkeli\",\"Artikkeli 2017\"],\"inLanguage\":\"fi\"},{\"@type\":\"WebPage\",\"@id\":\"https:\\\/\\\/kylkirauta.fi\\\/index.php\\\/2017\\\/12\\\/17\\\/teoriasta-kaytantoon-pedagoginen-johtaminen-on-osaamisen-kehittamista-ja-yhteisen-tavoitteen-eteen-tekemista\\\/\",\"url\":\"https:\\\/\\\/kylkirauta.fi\\\/index.php\\\/2017\\\/12\\\/17\\\/teoriasta-kaytantoon-pedagoginen-johtaminen-on-osaamisen-kehittamista-ja-yhteisen-tavoitteen-eteen-tekemista\\\/\",\"name\":\"Irina Olkkonen: Teoriasta k\u00e4yt\u00e4nt\u00f6\u00f6n \u2013 pedagoginen johtaminen on osaamisen kehitt\u00e4mist\u00e4 ja yhteisen tavoitteen eteen tekemist\u00e4 - Kylkirauta\",\"isPartOf\":{\"@id\":\"https:\\\/\\\/kylkirauta.fi\\\/#website\"},\"primaryImageOfPage\":{\"@id\":\"https:\\\/\\\/kylkirauta.fi\\\/index.php\\\/2017\\\/12\\\/17\\\/teoriasta-kaytantoon-pedagoginen-johtaminen-on-osaamisen-kehittamista-ja-yhteisen-tavoitteen-eteen-tekemista\\\/#primaryimage\"},\"image\":{\"@id\":\"https:\\\/\\\/kylkirauta.fi\\\/index.php\\\/2017\\\/12\\\/17\\\/teoriasta-kaytantoon-pedagoginen-johtaminen-on-osaamisen-kehittamista-ja-yhteisen-tavoitteen-eteen-tekemista\\\/#primaryimage\"},\"thumbnailUrl\":\"https:\\\/\\\/kylkirauta.fi\\\/wp-content\\\/uploads\\\/2020\\\/01\\\/Olkkonen-Irina-2-254x300.jpeg\",\"datePublished\":\"2017-12-17T11:43:00+00:00\",\"dateModified\":\"2020-01-26T10:32:44+00:00\",\"author\":{\"@id\":\"https:\\\/\\\/kylkirauta.fi\\\/#\\\/schema\\\/person\\\/714ab39a349c656b20d60a239be1d6f6\"},\"breadcrumb\":{\"@id\":\"https:\\\/\\\/kylkirauta.fi\\\/index.php\\\/2017\\\/12\\\/17\\\/teoriasta-kaytantoon-pedagoginen-johtaminen-on-osaamisen-kehittamista-ja-yhteisen-tavoitteen-eteen-tekemista\\\/#breadcrumb\"},\"inLanguage\":\"fi\",\"potentialAction\":[{\"@type\":\"ReadAction\",\"target\":[\"https:\\\/\\\/kylkirauta.fi\\\/index.php\\\/2017\\\/12\\\/17\\\/teoriasta-kaytantoon-pedagoginen-johtaminen-on-osaamisen-kehittamista-ja-yhteisen-tavoitteen-eteen-tekemista\\\/\"]}]},{\"@type\":\"ImageObject\",\"inLanguage\":\"fi\",\"@id\":\"https:\\\/\\\/kylkirauta.fi\\\/index.php\\\/2017\\\/12\\\/17\\\/teoriasta-kaytantoon-pedagoginen-johtaminen-on-osaamisen-kehittamista-ja-yhteisen-tavoitteen-eteen-tekemista\\\/#primaryimage\",\"url\":\"https:\\\/\\\/kylkirauta.fi\\\/wp-content\\\/uploads\\\/2020\\\/01\\\/Olkkonen-Irina-2-254x300.jpeg\",\"contentUrl\":\"https:\\\/\\\/kylkirauta.fi\\\/wp-content\\\/uploads\\\/2020\\\/01\\\/Olkkonen-Irina-2-254x300.jpeg\"},{\"@type\":\"BreadcrumbList\",\"@id\":\"https:\\\/\\\/kylkirauta.fi\\\/index.php\\\/2017\\\/12\\\/17\\\/teoriasta-kaytantoon-pedagoginen-johtaminen-on-osaamisen-kehittamista-ja-yhteisen-tavoitteen-eteen-tekemista\\\/#breadcrumb\",\"itemListElement\":[{\"@type\":\"ListItem\",\"position\":1,\"name\":\"Home\",\"item\":\"https:\\\/\\\/kylkirauta.fi\\\/index.php\\\/home\\\/\"},{\"@type\":\"ListItem\",\"position\":2,\"name\":\"Irina Olkkonen: Teoriasta k\u00e4yt\u00e4nt\u00f6\u00f6n \u2013 pedagoginen johtaminen on osaamisen kehitt\u00e4mist\u00e4 ja yhteisen tavoitteen eteen tekemist\u00e4\"}]},{\"@type\":\"WebSite\",\"@id\":\"https:\\\/\\\/kylkirauta.fi\\\/#website\",\"url\":\"https:\\\/\\\/kylkirauta.fi\\\/\",\"name\":\"Kylkirauta\",\"description\":\"Kadettiupseerit yhteiskunnan palveluksessa\",\"potentialAction\":[{\"@type\":\"SearchAction\",\"target\":{\"@type\":\"EntryPoint\",\"urlTemplate\":\"https:\\\/\\\/kylkirauta.fi\\\/?s={search_term_string}\"},\"query-input\":{\"@type\":\"PropertyValueSpecification\",\"valueRequired\":true,\"valueName\":\"search_term_string\"}}],\"inLanguage\":\"fi\"},{\"@type\":\"Person\",\"@id\":\"https:\\\/\\\/kylkirauta.fi\\\/#\\\/schema\\\/person\\\/714ab39a349c656b20d60a239be1d6f6\",\"name\":\"Kari Sainio\",\"sameAs\":[\"http:\\\/\\\/www.kylkirauta.fi\"],\"url\":\"https:\\\/\\\/kylkirauta.fi\\\/index.php\\\/author\\\/karisain\\\/\"}]}<\/script>\n<!-- \/ Yoast SEO plugin. -->","yoast_head_json":{"title":"Irina Olkkonen: Teoriasta k\u00e4yt\u00e4nt\u00f6\u00f6n \u2013 pedagoginen johtaminen on osaamisen kehitt\u00e4mist\u00e4 ja yhteisen tavoitteen eteen tekemist\u00e4 - Kylkirauta","robots":{"index":"index","follow":"follow","max-snippet":"max-snippet:-1","max-image-preview":"max-image-preview:large","max-video-preview":"max-video-preview:-1"},"canonical":"https:\/\/kylkirauta.fi\/index.php\/2017\/12\/17\/teoriasta-kaytantoon-pedagoginen-johtaminen-on-osaamisen-kehittamista-ja-yhteisen-tavoitteen-eteen-tekemista\/","og_locale":"fi_FI","og_type":"article","og_title":"Irina Olkkonen: Teoriasta k\u00e4yt\u00e4nt\u00f6\u00f6n \u2013 pedagoginen johtaminen on osaamisen kehitt\u00e4mist\u00e4 ja yhteisen tavoitteen eteen tekemist\u00e4 - Kylkirauta","og_url":"https:\/\/kylkirauta.fi\/index.php\/2017\/12\/17\/teoriasta-kaytantoon-pedagoginen-johtaminen-on-osaamisen-kehittamista-ja-yhteisen-tavoitteen-eteen-tekemista\/","og_site_name":"Kylkirauta","article_published_time":"2017-12-17T11:43:00+00:00","article_modified_time":"2020-01-26T10:32:44+00:00","og_image":[{"url":"https:\/\/kylkirauta.fi\/wp-content\/uploads\/2020\/01\/Olkkonen-Irina-2-254x300.jpeg","type":"","width":"","height":""}],"author":"Kari Sainio","twitter_card":"summary_large_image","twitter_misc":{"Kirjoittanut":"Kari Sainio","Arvioitu lukuaika":"7 minuuttia"},"schema":{"@context":"https:\/\/schema.org","@graph":[{"@type":"Article","@id":"https:\/\/kylkirauta.fi\/index.php\/2017\/12\/17\/teoriasta-kaytantoon-pedagoginen-johtaminen-on-osaamisen-kehittamista-ja-yhteisen-tavoitteen-eteen-tekemista\/#article","isPartOf":{"@id":"https:\/\/kylkirauta.fi\/index.php\/2017\/12\/17\/teoriasta-kaytantoon-pedagoginen-johtaminen-on-osaamisen-kehittamista-ja-yhteisen-tavoitteen-eteen-tekemista\/"},"author":{"name":"Kari Sainio","@id":"https:\/\/kylkirauta.fi\/#\/schema\/person\/714ab39a349c656b20d60a239be1d6f6"},"headline":"Irina Olkkonen: Teoriasta k\u00e4yt\u00e4nt\u00f6\u00f6n \u2013 pedagoginen johtaminen on osaamisen kehitt\u00e4mist\u00e4 ja yhteisen tavoitteen eteen tekemist\u00e4","datePublished":"2017-12-17T11:43:00+00:00","dateModified":"2020-01-26T10:32:44+00:00","mainEntityOfPage":{"@id":"https:\/\/kylkirauta.fi\/index.php\/2017\/12\/17\/teoriasta-kaytantoon-pedagoginen-johtaminen-on-osaamisen-kehittamista-ja-yhteisen-tavoitteen-eteen-tekemista\/"},"wordCount":1307,"image":{"@id":"https:\/\/kylkirauta.fi\/index.php\/2017\/12\/17\/teoriasta-kaytantoon-pedagoginen-johtaminen-on-osaamisen-kehittamista-ja-yhteisen-tavoitteen-eteen-tekemista\/#primaryimage"},"thumbnailUrl":"https:\/\/kylkirauta.fi\/wp-content\/uploads\/2020\/01\/Olkkonen-Irina-2-254x300.jpeg","articleSection":["Artikkeli","Artikkeli 2017"],"inLanguage":"fi"},{"@type":"WebPage","@id":"https:\/\/kylkirauta.fi\/index.php\/2017\/12\/17\/teoriasta-kaytantoon-pedagoginen-johtaminen-on-osaamisen-kehittamista-ja-yhteisen-tavoitteen-eteen-tekemista\/","url":"https:\/\/kylkirauta.fi\/index.php\/2017\/12\/17\/teoriasta-kaytantoon-pedagoginen-johtaminen-on-osaamisen-kehittamista-ja-yhteisen-tavoitteen-eteen-tekemista\/","name":"Irina Olkkonen: Teoriasta k\u00e4yt\u00e4nt\u00f6\u00f6n \u2013 pedagoginen johtaminen on osaamisen kehitt\u00e4mist\u00e4 ja yhteisen tavoitteen eteen tekemist\u00e4 - Kylkirauta","isPartOf":{"@id":"https:\/\/kylkirauta.fi\/#website"},"primaryImageOfPage":{"@id":"https:\/\/kylkirauta.fi\/index.php\/2017\/12\/17\/teoriasta-kaytantoon-pedagoginen-johtaminen-on-osaamisen-kehittamista-ja-yhteisen-tavoitteen-eteen-tekemista\/#primaryimage"},"image":{"@id":"https:\/\/kylkirauta.fi\/index.php\/2017\/12\/17\/teoriasta-kaytantoon-pedagoginen-johtaminen-on-osaamisen-kehittamista-ja-yhteisen-tavoitteen-eteen-tekemista\/#primaryimage"},"thumbnailUrl":"https:\/\/kylkirauta.fi\/wp-content\/uploads\/2020\/01\/Olkkonen-Irina-2-254x300.jpeg","datePublished":"2017-12-17T11:43:00+00:00","dateModified":"2020-01-26T10:32:44+00:00","author":{"@id":"https:\/\/kylkirauta.fi\/#\/schema\/person\/714ab39a349c656b20d60a239be1d6f6"},"breadcrumb":{"@id":"https:\/\/kylkirauta.fi\/index.php\/2017\/12\/17\/teoriasta-kaytantoon-pedagoginen-johtaminen-on-osaamisen-kehittamista-ja-yhteisen-tavoitteen-eteen-tekemista\/#breadcrumb"},"inLanguage":"fi","potentialAction":[{"@type":"ReadAction","target":["https:\/\/kylkirauta.fi\/index.php\/2017\/12\/17\/teoriasta-kaytantoon-pedagoginen-johtaminen-on-osaamisen-kehittamista-ja-yhteisen-tavoitteen-eteen-tekemista\/"]}]},{"@type":"ImageObject","inLanguage":"fi","@id":"https:\/\/kylkirauta.fi\/index.php\/2017\/12\/17\/teoriasta-kaytantoon-pedagoginen-johtaminen-on-osaamisen-kehittamista-ja-yhteisen-tavoitteen-eteen-tekemista\/#primaryimage","url":"https:\/\/kylkirauta.fi\/wp-content\/uploads\/2020\/01\/Olkkonen-Irina-2-254x300.jpeg","contentUrl":"https:\/\/kylkirauta.fi\/wp-content\/uploads\/2020\/01\/Olkkonen-Irina-2-254x300.jpeg"},{"@type":"BreadcrumbList","@id":"https:\/\/kylkirauta.fi\/index.php\/2017\/12\/17\/teoriasta-kaytantoon-pedagoginen-johtaminen-on-osaamisen-kehittamista-ja-yhteisen-tavoitteen-eteen-tekemista\/#breadcrumb","itemListElement":[{"@type":"ListItem","position":1,"name":"Home","item":"https:\/\/kylkirauta.fi\/index.php\/home\/"},{"@type":"ListItem","position":2,"name":"Irina Olkkonen: Teoriasta k\u00e4yt\u00e4nt\u00f6\u00f6n \u2013 pedagoginen johtaminen on osaamisen kehitt\u00e4mist\u00e4 ja yhteisen tavoitteen eteen tekemist\u00e4"}]},{"@type":"WebSite","@id":"https:\/\/kylkirauta.fi\/#website","url":"https:\/\/kylkirauta.fi\/","name":"Kylkirauta","description":"Kadettiupseerit yhteiskunnan palveluksessa","potentialAction":[{"@type":"SearchAction","target":{"@type":"EntryPoint","urlTemplate":"https:\/\/kylkirauta.fi\/?s={search_term_string}"},"query-input":{"@type":"PropertyValueSpecification","valueRequired":true,"valueName":"search_term_string"}}],"inLanguage":"fi"},{"@type":"Person","@id":"https:\/\/kylkirauta.fi\/#\/schema\/person\/714ab39a349c656b20d60a239be1d6f6","name":"Kari Sainio","sameAs":["http:\/\/www.kylkirauta.fi"],"url":"https:\/\/kylkirauta.fi\/index.php\/author\/karisain\/"}]}},"_links":{"self":[{"href":"https:\/\/kylkirauta.fi\/index.php\/wp-json\/wp\/v2\/posts\/923","targetHints":{"allow":["GET"]}}],"collection":[{"href":"https:\/\/kylkirauta.fi\/index.php\/wp-json\/wp\/v2\/posts"}],"about":[{"href":"https:\/\/kylkirauta.fi\/index.php\/wp-json\/wp\/v2\/types\/post"}],"author":[{"embeddable":true,"href":"https:\/\/kylkirauta.fi\/index.php\/wp-json\/wp\/v2\/users\/3"}],"replies":[{"embeddable":true,"href":"https:\/\/kylkirauta.fi\/index.php\/wp-json\/wp\/v2\/comments?post=923"}],"version-history":[{"count":3,"href":"https:\/\/kylkirauta.fi\/index.php\/wp-json\/wp\/v2\/posts\/923\/revisions"}],"predecessor-version":[{"id":2716,"href":"https:\/\/kylkirauta.fi\/index.php\/wp-json\/wp\/v2\/posts\/923\/revisions\/2716"}],"wp:attachment":[{"href":"https:\/\/kylkirauta.fi\/index.php\/wp-json\/wp\/v2\/media?parent=923"}],"wp:term":[{"taxonomy":"category","embeddable":true,"href":"https:\/\/kylkirauta.fi\/index.php\/wp-json\/wp\/v2\/categories?post=923"},{"taxonomy":"post_tag","embeddable":true,"href":"https:\/\/kylkirauta.fi\/index.php\/wp-json\/wp\/v2\/tags?post=923"}],"curies":[{"name":"wp","href":"https:\/\/api.w.org\/{rel}","templated":true}]}}