{"id":908,"date":"2015-10-29T11:13:00","date_gmt":"2015-10-29T11:13:00","guid":{"rendered":"https:\/\/kylkirauta.fi\/?p=908"},"modified":"2020-01-26T10:14:55","modified_gmt":"2020-01-26T10:14:55","slug":"vastaus-priimuskysymykseen-puolustusyhteistyosta","status":"publish","type":"post","link":"https:\/\/kylkirauta.fi\/index.php\/2015\/10\/29\/vastaus-priimuskysymykseen-puolustusyhteistyosta\/","title":{"rendered":"Tommi Sikanen: Vastaus priimuskysymykseen puolustusyhteisty\u00f6st\u00e4"},"content":{"rendered":"<p><div id='full_slider_1'  class='avia-fullwidth-slider main_color avia-shadow   avia-builder-el-0  el_before_av_one_full  avia-builder-el-first   container_wrap sidebar_right'  ><div  class='avia-slideshow av-l9olo-34f89e96fc3de7b9b51c14c99ace17a4 avia-slideshow-featured av_slideshow_full avia-slide-slider av-slideshow-ui av-control-default av-slideshow-manual av-loop-once av-loop-manual-endless av-default-height-applied   avia-slideshow-1' data-slideshow-options=\"{&quot;animation&quot;:&quot;slide&quot;,&quot;autoplay&quot;:false,&quot;loop_autoplay&quot;:&quot;once&quot;,&quot;interval&quot;:5,&quot;loop_manual&quot;:&quot;manual-endless&quot;,&quot;autoplay_stopper&quot;:false,&quot;noNavigation&quot;:false,&quot;bg_slider&quot;:false,&quot;keep_padding&quot;:false,&quot;hoverpause&quot;:false,&quot;show_slide_delay&quot;:0}\"  itemprop=\"image\" itemscope=\"itemscope\" itemtype=\"https:\/\/schema.org\/ImageObject\" ><ul class='avia-slideshow-inner ' style='padding-bottom: 28.666666666667%;'><li  class='avia-slideshow-slide av-l9olo-34f89e96fc3de7b9b51c14c99ace17a4__0  av-single-slide slide-1 slide-odd'><div data-rel='slideshow-1' class='avia-slide-wrap '   ><img decoding=\"async\" fetchpriority=\"high\" class=\"wp-image-54 avia-img-lazy-loading-not-54\"  src=\"https:\/\/kylkirauta.fi\/wp-content\/uploads\/2019\/10\/otsake-kuva_1500x430-1500x430.png\" width=\"1500\" height=\"430\" title='otsake-kuva_1500x430' alt=''  itemprop=\"thumbnailUrl\" srcset=\"https:\/\/kylkirauta.fi\/wp-content\/uploads\/2019\/10\/otsake-kuva_1500x430-1500x430.png 1500w, https:\/\/kylkirauta.fi\/wp-content\/uploads\/2019\/10\/otsake-kuva_1500x430-300x86.png 300w, https:\/\/kylkirauta.fi\/wp-content\/uploads\/2019\/10\/otsake-kuva_1500x430-768x220.png 768w, https:\/\/kylkirauta.fi\/wp-content\/uploads\/2019\/10\/otsake-kuva_1500x430-1030x295.png 1030w, https:\/\/kylkirauta.fi\/wp-content\/uploads\/2019\/10\/otsake-kuva_1500x430-705x202.png 705w, https:\/\/kylkirauta.fi\/wp-content\/uploads\/2019\/10\/otsake-kuva_1500x430.png 1817w\" sizes=\"(max-width: 1500px) 100vw, 1500px\" \/><\/div><\/li><\/ul><\/div><\/div><div id='after_full_slider_1'  class='main_color av_default_container_wrap container_wrap sidebar_right'  ><div class='container av-section-cont-open' ><div class='template-page content  av-content-small alpha units'><div class='post-entry post-entry-type-page post-entry-908'><div class='entry-content-wrapper clearfix'> \n<style type=\"text\/css\" data-created_by=\"avia_inline_auto\" id=\"style-css-av-km4zs-0614ada41eb3461e6efbb361dfbae970\">\n.flex_column.av-km4zs-0614ada41eb3461e6efbb361dfbae970{\nborder-radius:0px 0px 0px 0px;\npadding:0px 0px 0px 0px;\n}\n<\/style>\n<div  class='flex_column av-km4zs-0614ada41eb3461e6efbb361dfbae970 av_one_full  avia-builder-el-1  el_after_av_slideshow_full  el_before_av_hr  avia-builder-el-first  first flex_column_div av-zero-column-padding  '     ><p> \n<style type=\"text\/css\" data-created_by=\"avia_inline_auto\" id=\"style-css-av-k5p7mf5c-85d5bcedc9d3e9c30eba7fad67e7ed38\">\n#top .av-special-heading.av-k5p7mf5c-85d5bcedc9d3e9c30eba7fad67e7ed38{\npadding-bottom:10px;\n}\nbody .av-special-heading.av-k5p7mf5c-85d5bcedc9d3e9c30eba7fad67e7ed38 .av-special-heading-tag .heading-char{\nfont-size:25px;\n}\n.av-special-heading.av-k5p7mf5c-85d5bcedc9d3e9c30eba7fad67e7ed38 .av-subheading{\nfont-size:15px;\n}\n<\/style>\n<div  class='av-special-heading av-k5p7mf5c-85d5bcedc9d3e9c30eba7fad67e7ed38 av-special-heading-h3  avia-builder-el-2  el_before_av_hr  avia-builder-el-first '><h3 class='av-special-heading-tag'  itemprop=\"headline\"  >Vastaus priimuskysymykseen puolustusyhteisty\u00f6st\u00e4<\/h3><div class=\"special-heading-border\"><div class=\"special-heading-inner-border\"><\/div><\/div><\/div> \n<style type=\"text\/css\" data-created_by=\"avia_inline_auto\" id=\"style-css-av-k5m7b9te-01401dd5e8beb25770de1be03f41ecf3\">\n#top .hr.hr-invisible.av-k5m7b9te-01401dd5e8beb25770de1be03f41ecf3{\nheight:30px;\n}\n<\/style>\n<div  class='hr av-k5m7b9te-01401dd5e8beb25770de1be03f41ecf3 hr-invisible  avia-builder-el-3  el_after_av_heading  el_before_av_textblock '><span class='hr-inner '><span class=\"hr-inner-style\"><\/span><\/span><\/div> <section  class='av_textblock_section av-k8d08-dea0f25c8df625cf22cbdeac32688808 '   itemscope=\"itemscope\" itemtype=\"https:\/\/schema.org\/BlogPosting\" itemprop=\"blogPost\" ><div class='avia_textblock'  itemprop=\"text\" ><div id=\"attachment_909\" style=\"width: 140px\" class=\"wp-caption alignleft\"><img loading=\"lazy\" decoding=\"async\" aria-describedby=\"caption-attachment-909\" class=\"wp-image-909\" src=\"https:\/\/kylkirauta.fi\/wp-content\/uploads\/2020\/01\/Sikanen_Tommi_9528Dh2015_10x15-231x300.jpg\" alt=\"\" width=\"130\" height=\"169\" srcset=\"https:\/\/kylkirauta.fi\/wp-content\/uploads\/2020\/01\/Sikanen_Tommi_9528Dh2015_10x15-231x300.jpg 231w, https:\/\/kylkirauta.fi\/wp-content\/uploads\/2020\/01\/Sikanen_Tommi_9528Dh2015_10x15-792x1030.jpg 792w, https:\/\/kylkirauta.fi\/wp-content\/uploads\/2020\/01\/Sikanen_Tommi_9528Dh2015_10x15-768x998.jpg 768w, https:\/\/kylkirauta.fi\/wp-content\/uploads\/2020\/01\/Sikanen_Tommi_9528Dh2015_10x15-1154x1500.jpg 1154w, https:\/\/kylkirauta.fi\/wp-content\/uploads\/2020\/01\/Sikanen_Tommi_9528Dh2015_10x15-542x705.jpg 542w, https:\/\/kylkirauta.fi\/wp-content\/uploads\/2020\/01\/Sikanen_Tommi_9528Dh2015_10x15.jpg 1181w\" sizes=\"auto, (max-width: 130px) 100vw, 130px\" \/><p id=\"caption-attachment-909\" class=\"wp-caption-text\">Tommi Sikanen<\/p><\/div>\n<p><strong>Yleisesikuntaupseerikurssi 57 valmistui 29.10. Kurssilta valmistui kaiken kaikkiaan 77 opiskelijaa. Alla on koko\u00a0kurssin sek\u00e4 maasotalinjan priimuksen,\u00a0majuri Tommi Sikasen\u00a0vastaus h\u00e4nelle esitettyyn priimuskysymykseen puolustusyhteisty\u00f6st\u00e4. Kysymys liittyy h\u00e4nen kurssin aikana laatimaansa diplomity\u00f6h\u00f6n. Majuri Sikanen palvelee t\u00e4ll\u00e4 hetkell\u00e4 Maavoimien tutkimuskeskuksessa<\/strong> <em><strong>Miten puolustusyhteisty\u00f6st\u00e4 on ylimm\u00e4ll\u00e4 poliittisella tasolla Suomessa puhuttu ja miten puolustusyhteisty\u00f6n k\u00e4yt\u00e4nt\u00f6 on sit\u00e4 kautta muodostunut?<\/strong><\/em> <em>\u201dMinne asti on p\u00e4\u00e4st\u00e4viss\u00e4 nykyisten kumppanuuksien kanssa?\u201d<\/em> T\u00e4m\u00e4\u00a0<strong>presidentti Niinist\u00f6n<\/strong>\u00a0elokuussa 2014 julkisesti esitt\u00e4m\u00e4 kysymys toimi diplomity\u00f6ni tiedonintressin laukaisijana. Kysymyksest\u00e4 ja sen seurauksena Ulkoasiainministeri\u00f6n k\u00e4ynnist\u00e4m\u00e4st\u00e4 turvallisuuspoliittisen yhteisty\u00f6n selvitysty\u00f6st\u00e4 oli aistittavissa puolustusyhteisty\u00f6n monipuolisuus mutta samanaikainen monimutkaisuus. Mutta miten t\u00e4h\u00e4n tilanteeseen oli tultu? T\u00e4h\u00e4n kysymykseen oli vastattava, jotta voi ymm\u00e4rt\u00e4\u00e4 nykytilannetta ja sen j\u00e4lkeen hahmottaa tulevaisuuden mahdollisuuksia ja haasteita. Suomi on kylm\u00e4n sodan p\u00e4\u00e4ttymisen j\u00e4lkeen suuntautunut ja integroitunut l\u00e4nteen ja kansainv\u00e4liseen yhteisty\u00f6h\u00f6n. Suomi on ollut aktiivinen toimija turvallisuus- ja puolustuspoliittisessa yhteisty\u00f6ss\u00e4. Olemme sek\u00e4 hakeneet mahdollisuuksia ett\u00e4 toimineet niiden luomiseksi erityisesti eurooppalaisessa viitekehyksess\u00e4. Yhteisty\u00f6\u00a0<strong>Naton<\/strong>\u00a0kanssa yll\u00e4pit\u00e4\u00e4 paljon kiistelty\u00e4 Nato-optiota ja mahdollistaa puolustuksen kehitt\u00e4misen standardoiduista l\u00e4ntisist\u00e4 l\u00e4ht\u00f6kohdista. Se mahdollistaa my\u00f6s avun antamisen ja ennen kaikkea sen vastaanottamisen. Yhteisty\u00f6\u00a0<strong>EU:n<\/strong>\u00a0kehyksess\u00e4 puolestaan on v\u00e4ltt\u00e4m\u00e4t\u00f6nt\u00e4 maalle, joka kutsuu j\u00e4senyytt\u00e4 perustavanlaatuiseksi arvovalinnaksi. Pienen valtion n\u00e4k\u00f6kulmasta suurten organisaatioiden toiminta ei kuitenkaan aina n\u00e4yt\u00e4 tuovan nopeita ja merkitt\u00e4vi\u00e4 hy\u00f6tyj\u00e4. Niinp\u00e4 huomio on my\u00f6s suunnattu pienimuotoisempaan alueelliseen yhteisty\u00f6h\u00f6n. Alueellisen puolustusyhteisty\u00f6n esimerkkin\u00e4 pidet\u00e4\u00e4n\u00a0<strong>Pohjoismaiden<\/strong>\u00a0vuonna 2009 muodostamaa NORDEFCO:a (Nordic Defence Cooperation). Kuitenkin my\u00f6s sen toiminnassa on ollut haasteita. Nato ja EU -jakolinjat Pohjoismaissa, puolustusteolliset intressit, lains\u00e4\u00e4d\u00e4nt\u00f6 sek\u00e4 poliittiset ambitiot ovat tehneet k\u00e4yt\u00e4nn\u00f6n toteutuksesta haasteellista. Monimutkaisuudesta johtuen huomio onkin osin suunnattu kahdenv\u00e4liseen yhteisty\u00f6h\u00f6n. Joka tapauksessa pienimuotoisempi alueellinen yhteisty\u00f6 kaikkien organisaatioiden kehyksiss\u00e4 n\u00e4hd\u00e4\u00e4n ainakin toistaiseksi mahdollisena ratkaisuna puolustuksen mittakaavahaasteisiin. Alussa esitt\u00e4m\u00e4ni lainaus tasavallan presidentin n\u00e4kemyksest\u00e4 Suomen puolustusyhteisty\u00f6st\u00e4 kuvaa nykytilanteen jonkinasteista sirpaloitumista ja tavoitteiden j\u00e4sentym\u00e4tt\u00f6myytt\u00e4. Yleisesti ottaen t\u00e4m\u00e4 sirpaloituminen kuvataan poliittisessa puheessa hyv\u00e4ksi asiaksi, joka lis\u00e4\u00e4 Suomen mahdollisuuksia. T\u00e4ll\u00f6in todetaan, ett\u00e4 eri yhteisty\u00f6n foorumit ovat toisiaan t\u00e4ydent\u00e4vi\u00e4 eiv\u00e4tk\u00e4 kilpailevia. L\u00e4hestyin diplomity\u00f6ss\u00e4ni edell\u00e4 esitt\u00e4m\u00e4\u00e4ni problematiikkaa yritt\u00e4m\u00e4ll\u00e4 selvitt\u00e4\u00e4 kuinka poliittisella tasolla puolustusyhteisty\u00f6st\u00e4 on puhuttu, millaisia tarinoita asiasta on kerrottu, ja kuinka t\u00e4st\u00e4 n\u00e4k\u00f6kulmasta ymm\u00e4rrys ja my\u00f6s k\u00e4yt\u00e4nn\u00f6n toiminta on kehittynyt. Tutkimusty\u00f6 t\u00e4ht\u00e4si poliittiseen relevanssiin, mahdollisuuteen tarkastella puolustusyhteisty\u00f6n ilmi\u00f6t\u00e4 uudenlaisesta n\u00e4k\u00f6kulmasta. T\u00e4ll\u00f6in tarkoituksena ei ole sotilaalle sopimaton poliittinen kritiikki, vaan politiikan seurauksien parempi hahmottaminen. Diplomity\u00f6ni teoreettis-metodologiseksi tutkimusasetelmaksi muodostui regionalismin ja narratologian yhdistelm\u00e4. Regionalismi k\u00e4sittelee alueiden muodostumista, jollaisena puolustusyhteisty\u00f6 on n\u00e4ht\u00e4viss\u00e4. Turvallisuuden alalla alueelliset ratkaisut saattavat tuntua houkuttelevilta, koska niit\u00e4 on helpompi k\u00e4sitell\u00e4 poliittisella tasolla. Regionalismi n\u00e4hd\u00e4\u00e4n my\u00f6s vastavoimana globalisaatiolle, erityisesti pienten valtioiden osalta. Narratologian osalta on kysymyksess\u00e4 kielellisen tutkimuksen n\u00e4k\u00f6kulma, jossa l\u00e4ht\u00f6kohtana on politiikan kerronnallisuus. Politiikka muodostuu tarinoista, jotka tekev\u00e4t siit\u00e4 ymm\u00e4rrett\u00e4v\u00e4\u00e4. T\u00e4t\u00e4 kielellist\u00e4 n\u00e4k\u00f6kulmaa voi yleisesti puolustaa sill\u00e4, ett\u00e4 maailman rakentamisessa ja muokkaamisessa kieli on kaikissa muodoissaan keskeisess\u00e4 roolissa. Vain kielen kautta asiat saavat merkityksen. K\u00e4sitteellisesti voidaan todeta, ett\u00e4 puolustusyhteisty\u00f6 on osa laajempaa turvallisuusyhteisty\u00f6t\u00e4. Puolustusyhteisty\u00f6 voidaan t\u00e4ll\u00f6in n\u00e4hd\u00e4 turvallisuusyhteisty\u00f6n poliittisen tahdon konkreettisena ilmentym\u00e4n\u00e4. Politiikka m\u00e4\u00e4ritt\u00e4\u00e4 sen haasteita ja mahdollisuuksia, jolloin poliittinen ulottuvuus ja perustelut on otettava huomioon. Kuitenkin k\u00e4yt\u00e4nn\u00f6llinen fokus on konkreettisissa kovan turvallisuuden ilmi\u00f6iss\u00e4. Esitettyyn kysymykseen vastattaessa on muistettava, ett\u00e4 alueiden voidaan n\u00e4hd\u00e4 muodostuvan tutkimuksen kysymyksenasettelun kautta. T\u00e4ll\u00f6in ne ovat tutkijan luoma n\u00e4k\u00f6kulma, joka palvelee sek\u00e4 teoreettisia ett\u00e4 poliittisia tarpeita. Narratologian puolesta taas tutkimuksen keski\u00f6ss\u00e4 ei ole narratiivi ja tarinat itsess\u00e4\u00e4n, vaan sen seuraukset sek\u00e4 tutkijoille ett\u00e4 toimijoille. Yleisesti ottaen puolustusyhteisty\u00f6st\u00e4 puhuminen Suomessa on keskittynyt eri toimijoiden ja merkitt\u00e4vien materiaalihankkeiden l\u00e4ht\u00f6maiden ymp\u00e4rille poliittisesti riitt\u00e4v\u00e4n ymp\u00e4ripy\u00f6re\u00e4sti. Ymp\u00e4ripy\u00f6reys mahdollistaa politiikan tarkentamisen ja suuntaamisen tilanteen muuttuessa, mutta se my\u00f6s vaatii jatkuvaa aktiivista poliittista puhuntaa. Laajemmin voidaan todeta, ett\u00e4 alueita Suomen turvallisuus- ja puolustuspolitiikassa muodostuu ulkopoliittisesta pakosta johtuen, joka pohjautuu 1990-luvun alussa tehtyihin p\u00e4\u00e4t\u00f6ksiin ja sitoumuksiin. Kun t\u00e4h\u00e4n yhdist\u00e4\u00e4 kylm\u00e4n sodan j\u00e4lkeisen ajan eurooppalaisen turvallisuusj\u00e4rjestyksen jatkuvan muutoksen, on rajaavia valintoja ollut vaikeaa, jopa mahdotonta tehd\u00e4. Nopea integraatio ja alueiden fyysinen laajeneminen johti samanaikaiseen fragmentaatioon, kun poliittiset intressit oli yh\u00e4 vaikeampi sovittaa yhteen turvallisuuden herk\u00e4ll\u00e4 alalla. Ymm\u00e4rrys yhteisty\u00f6n mahdollisuuksista puolustuksen saralla on syntynyt tehtyjen ulkopoliittisten p\u00e4\u00e4t\u00f6sten kautta, joita on sitten puhuttu koherentiksi. Alueiden muodostuminen Suomen puolustusyhteisty\u00f6ss\u00e4 m\u00e4\u00e4rittyy eniten kansalliseen puolustukseen liittyvist\u00e4 valinnoista johtuen. T\u00e4h\u00e4n liittyen kyky avun vastaanottoon tarvittaessa on ollut esill\u00e4 jo kohta kaksi vuosikymment\u00e4, mutta Suomi ei ole itse poistanut juridisia esteit\u00e4 sotilaallisen avun antoon. Tiettyj\u00e4 ep\u00e4johdonmukaisuuksia tutkimusaineistosta oli kuitenkin my\u00f6s havaittavissa. Puolustusyhteisty\u00f6n n\u00e4k\u00f6kulmasta Suomen suhde EU:in on yksi sellainen. Eurooppalainen yhteisty\u00f6 n\u00e4ytt\u00e4\u00e4 olevan identifikaatiosta huolimatta eniten altis poliittisille muutoksille, joka ilmenee EU:n turvallisuus- ja puolustusulottuvuuden aaltoliikkeen\u00e4. Toinen huomattava ep\u00e4johdonmukaisuus on muun kylm\u00e4n sodan j\u00e4lkeisen ajan alueellisuuden suhde puolustusyhteisty\u00f6h\u00f6n. Suomen puolustusyhteisty\u00f6n perustaksi mainitaan l\u00e4hialueen vakaus, johon yhteisty\u00f6 It\u00e4meren piiriss\u00e4 ja arktisella alueella t\u00e4ht\u00e4\u00e4. T\u00e4m\u00e4 ei kuitenkaan kierry takaisin puolustusyhteisty\u00f6h\u00f6n. T\u00e4h\u00e4n liittyy\u00a0<strong>Baltian maiden<\/strong>\u00a0puuttuminen puolustusyhteisty\u00f6keskustelusta. Baltian maat ovat olennainen osa muuta alueellistumiskeskustelua It\u00e4meren piiriss\u00e4, mutta ne ovat j\u00e4\u00e4neet l\u00e4hes t\u00e4ysin puolustusyhteisty\u00f6n puhunnan ulkopuolelle, vaikka k\u00e4yt\u00e4nn\u00f6n toimia onkin tapahtunut koko kylm\u00e4n sodan j\u00e4lkeisen ajan. It\u00e4meri onkin helpommin puhuttavissa EU:n ja Ven\u00e4j\u00e4n sis\u00e4meren\u00e4 kuin Naton ja Ven\u00e4j\u00e4n sis\u00e4meren\u00e4. Ajatus Suomesta ja Ruotsista osittain Baltian puolustuksesta vastuullisina n\u00e4ytt\u00e4isi olevan my\u00f6s vaikea kysymys. Edell\u00e4 esitettyyn liittyen on mahdollista arvioida esitetyn politiikan historian ja nykytilan merkityst\u00e4 suhteessa puolustusyhteisty\u00f6n kumppaneihin, jotka voidaan m\u00e4\u00e4ritell\u00e4 Ulkoasiainministeri\u00f6n helmikuussa 2015 julkaistun katsauksen tekemien rajausten mukaisesti. Puolustusyhteisty\u00f6n osalta Suomen suhde EU:in on edelleen j\u00e4sentym\u00e4t\u00f6n, kuten EU:n omakin ymm\u00e4rrys siit\u00e4. T\u00e4h\u00e4n vaikuttaa EU:n ja Naton suhde sek\u00e4 identifioitumisen haasteet. Naton suhteen Suomi on tasapainoillut poliittisesti riitt\u00e4v\u00e4n l\u00e4heisyyden ja tarvittavan et\u00e4isyyden v\u00e4limaastossa. Tutkimusaineistossa ilmeni tarve perustella yhteisty\u00f6t\u00e4 ja sen muokkautumista ajan saatossa. Naton liittym\u00e4pinnat EU:in ja Pohjoismaihin ovat ilmestyneet puhuntaan viime aikoina. Natosta on ajan saatossa tullut eurooppalaista puolustusyhteisty\u00f6t\u00e4 m\u00e4\u00e4ritt\u00e4v\u00e4 tekij\u00e4 sen standardien kautta. N\u00e4in ollen se liittyy kaikkeen puolustusyhteisty\u00f6ss\u00e4. Se liitet\u00e4\u00e4n my\u00f6s Suomen ja\u00a0<strong>Ruotsin<\/strong>\u00a0yhteisty\u00f6h\u00f6n yht\u00e4l\u00e4isten tavoitteiden kautta. Pohjoismainen puolustusyhteisty\u00f6 kuvataan joustavana. Kuitenkin Nato-jakolinja voidaan n\u00e4hd\u00e4 yhten\u00e4 tekij\u00e4n\u00e4 Suomen ja Ruotsin syvenev\u00e4lle yhteisty\u00f6lle. Pohjoismaisen yhteisty\u00f6n sek\u00e4 Suomen ja Ruotsin kahdenv\u00e4lisen yhteisty\u00f6n suhde onkin tulevaisuuden poliittisten muotoilujen kannalta mietitt\u00e4v\u00e4 asia. Pitk\u00e4lle menev\u00e4t aloitteet ja selvitykset, jotka ohittavat NORDEFCO:n, eiv\u00e4t vahvista sen asemaa, vaikka kahdenv\u00e4list\u00e4 yhteisty\u00f6t\u00e4 puhuttaisiinkin pohjoismaiseksi. Kahdenv\u00e4linen yhteisty\u00f6 Ruotsin kanssa on nostamassa poliittisen p\u00e4\u00e4t\u00f6ksenteon puolustusyhteisty\u00f6n agendalle konkreettisesti. T\u00e4m\u00e4 kuvastaa sit\u00e4, ett\u00e4 puolustusyhteisty\u00f6 Suomen turvallisuus- ja puolustuspolitiikan ulottuvuutena on poliittisella tasolla institutionalisoitunut. K\u00e4yt\u00e4nn\u00f6n tasolle siirrytt\u00e4ess\u00e4 vaaditaan uudenlaisia p\u00e4\u00e4t\u00f6ksi\u00e4. <strong>Yhdysvallat<\/strong>\u00a0on noussut esille Suomen puolustusyhteisty\u00f6n kahdenv\u00e4lisen\u00e4 kumppanina jo torjuntah\u00e4vitt\u00e4j\u00e4hankinnasta 1990-luvulta alkaen, mutta sen merkityksen voi n\u00e4hd\u00e4 olevan kasvussa. Yhdysvallat yhdistet\u00e4\u00e4n Suomen Nato-suhteeseen, mutta sen keskeinen asema Suomen puolustuksen materiaalisessa suorituskyvyss\u00e4 mainitaan erikseen. Materiaalihankintojen ja materiaaliyhteisty\u00f6n osalta Suomessa korostetaan valinnanvapautta ja kustannustehokkuutta. T\u00e4h\u00e4n liittyen poliittinen sitoutuminen, vaikkakin se kuvastaa t\u00e4m\u00e4n hetken asiantilaa, on politiikan kannalta haastavaa. T\u00e4t\u00e4 ilment\u00e4\u00e4 esimerkiksi alkanut keskustelu 2020-luvulle ajoittuvasta seuraavasta torjuntah\u00e4vitt\u00e4j\u00e4hankkeesta. Historiallisesta kehityskulusta on havaittavissa puhunnassa sek\u00e4 jatkuvuutta ett\u00e4 muutoksia. Muutokset ovat olleet usein pieni\u00e4 mutta kertautuneet ajan saatossa. T\u00e4m\u00e4 ilmenee puolustusyhteisty\u00f6n samanaikaisessa laajenemisessa ja tiivistymisess\u00e4. Suomi on pikkuhiljaa laventanut esimerkiksi yhteisty\u00f6t\u00e4 Naton kanssa mennen mukaan uusiin yhteisty\u00f6n muotoihin, kun samalla konkretian tarpeessa Pohjoismainen yhteisty\u00f6 tiivistyy kahdenv\u00e4liseksi asevoimien puolustushaaroja koskevaksi k\u00e4yt\u00e4nn\u00f6n yhteisty\u00f6ksi. Tekem\u00e4ni tutkimuksen relevanssi onkin puolustusyhteisty\u00f6n politiikan ja k\u00e4yt\u00e4nn\u00f6n ristiriitaisuuksien hahmottamisessa. T\u00e4h\u00e4n liittyy Ulkoasianministeri\u00f6n katsauksessa puhuttu vaatimus Suomen vastavuoroiselle kontribuutiolle suhteessa kumppaneihin. Tutkimukseni pyrkimyksen\u00e4 oli luoda n\u00e4kym\u00e4 t\u00e4m\u00e4n hetken tilanteeseen, mik\u00e4 mahdollistaa edell\u00e4 esitetyn kansallisen arvioinnin lis\u00e4ksi tulevaisuuden haasteiden ja mahdollisuuksien kartoittamisen. Puolustusyhteisty\u00f6n osalta on n\u00e4ht\u00e4viss\u00e4 tulevaisuudessa mahdollisesti syvenev\u00e4 ero politiikan ja k\u00e4yt\u00e4nn\u00f6n v\u00e4lill\u00e4. Puolustusyhteisty\u00f6st\u00e4 puhuminen on johtanut siihen, ett\u00e4 ainakin Suomessa voidaan olettaa odotuksien konkretialle olevan nousussa. T\u00e4m\u00e4 edellytt\u00e4\u00e4 edell\u00e4 mainitun mukaisesti kuitenkin aiempaa tiukempia poliittisia p\u00e4\u00e4t\u00f6ksi\u00e4. <strong><em>\u00a0<\/em><\/strong> <\/p>\n<\/div><\/section> <\/p><\/div><div  class='hr av-6zsyz-b471ba5482e75b0a604afa4166a853a5 hr-default  avia-builder-el-5  el_after_av_one_full  el_before_av_blog '><span class='hr-inner '><span class=\"hr-inner-style\"><\/span><\/span><\/div> <div  class='av-alb-blogposts template-blog  '  itemscope=\"itemscope\" itemtype=\"https:\/\/schema.org\/Blog\" ><article class=\"post-entry post-entry-type-standard post-entry-8921 post-loop-1 post-parity-odd bloglist-simple with-slider post-8921 post type-post status-publish format-standard has-post-thumbnail hentry category-artikkeli category-artikkeli-2026\"  itemscope=\"itemscope\" itemtype=\"https:\/\/schema.org\/BlogPosting\" ><div class=\"blog-meta\"><\/div><div class='entry-content-wrapper clearfix standard-content'><header class=\"entry-content-header\"><h2 class='post-title entry-title '  itemprop=\"headline\" ><a href=\"https:\/\/kylkirauta.fi\/index.php\/2026\/04\/20\/kaaderilaulajien-julkaisutoiminta\/\" rel=\"bookmark\" title=\"Permanent Link: Kaaderilaulajien julkaisutoiminta\">Kaaderilaulajien julkaisutoiminta<span class=\"post-format-icon minor-meta\"><\/span><\/a><\/h2><span class=\"post-meta-infos\"><time class=\"date-container minor-meta updated\"  itemprop=\"datePublished\" datetime=\"2026-04-20T15:45:24+03:00\" >20.4.2026<\/time><span class=\"text-sep\">\/<\/span><span class=\"blog-categories minor-meta\">in <a href=\"https:\/\/kylkirauta.fi\/index.php\/category\/artikkeli\/\" rel=\"tag\">Artikkeli<\/a>, <a href=\"https:\/\/kylkirauta.fi\/index.php\/category\/artikkeli-2026\/\" rel=\"tag\">Artikkeli 2026<\/a><\/span><span class=\"text-sep\">\/<\/span><span class=\"blog-author minor-meta\">by <span class=\"entry-author-link\"  itemprop=\"author\" ><span class=\"author\"><span class=\"fn\"><a href=\"https:\/\/kylkirauta.fi\/index.php\/author\/karisain\/\" title=\"Kirjoittanut: Kari Sainio\" rel=\"author\">Kari Sainio<\/a><\/span><\/span><\/span><\/span><div class=\"read-more-link\"><a href=\"https:\/\/kylkirauta.fi\/index.php\/2026\/04\/20\/kaaderilaulajien-julkaisutoiminta\/\" class=\"more-link\">Read more<span class=\"more-link-arrow\"><\/span><\/a><\/div><\/span><\/header><footer class=\"entry-footer\"><\/footer><div class='post_delimiter'><\/div><\/div><div class=\"post_author_timeline\"><\/div><span class='hidden'>\n\t\t\t\t<span class='av-structured-data'  itemprop=\"image\" itemscope=\"itemscope\" itemtype=\"https:\/\/schema.org\/ImageObject\" >\n\t\t\t\t\t\t<span itemprop='url'>https:\/\/kylkirauta.fi\/wp-content\/uploads\/2026\/04\/Artikkeli-4-2026-2.jpg<\/span>\n\t\t\t\t\t\t<span itemprop='height'>487<\/span>\n\t\t\t\t\t\t<span itemprop='width'>843<\/span>\n\t\t\t\t<\/span>\n\t\t\t\t<span class='av-structured-data'  itemprop=\"publisher\" itemtype=\"https:\/\/schema.org\/Organization\" itemscope=\"itemscope\" >\n\t\t\t\t\t\t<span itemprop='name'>Kari Sainio<\/span>\n\t\t\t\t\t\t<span itemprop='logo' itemscope itemtype='https:\/\/schema.org\/ImageObject'>\n\t\t\t\t\t\t\t<span itemprop='url'>https:\/\/kylkirauta.fi\/wp-content\/uploads\/2020\/02\/kkunta_weblogo-100x100-1.png<\/span>\n\t\t\t\t\t\t<\/span>\n\t\t\t\t<\/span><span class='av-structured-data'  itemprop=\"author\" itemscope=\"itemscope\" itemtype=\"https:\/\/schema.org\/Person\" ><span itemprop='name'>Kari Sainio<\/span><\/span><span class='av-structured-data'  itemprop=\"datePublished\" datetime=\"2026-04-20T15:45:24+03:00\" >2026-04-20 15:45:24<\/span><span class='av-structured-data'  itemprop=\"dateModified\" itemtype=\"https:\/\/schema.org\/dateModified\" >2026-04-20 15:45:24<\/span><span class='av-structured-data'  itemprop=\"mainEntityOfPage\" itemtype=\"https:\/\/schema.org\/mainEntityOfPage\" ><span itemprop='name'>Kaaderilaulajien julkaisutoiminta<\/span><\/span><\/span><\/article><article class=\"post-entry post-entry-type-standard post-entry-8884 post-loop-2 post-parity-even bloglist-simple with-slider post-8884 post type-post status-publish format-standard has-post-thumbnail hentry category-artikkeli category-artikkeli-2026\"  itemscope=\"itemscope\" itemtype=\"https:\/\/schema.org\/BlogPosting\" ><div class=\"blog-meta\"><\/div><div class='entry-content-wrapper clearfix standard-content'><header class=\"entry-content-header\"><h2 class='post-title entry-title '  itemprop=\"headline\" ><a href=\"https:\/\/kylkirauta.fi\/index.php\/2026\/03\/27\/kaaderilaulajien-ukraina-tukikonsertit\/\" rel=\"bookmark\" title=\"Permanent Link: Kaaderilaulajien Ukraina-tukikonsertit\">Kaaderilaulajien Ukraina-tukikonsertit<span class=\"post-format-icon minor-meta\"><\/span><\/a><\/h2><span class=\"post-meta-infos\"><time class=\"date-container minor-meta updated\"  itemprop=\"datePublished\" datetime=\"2026-03-27T12:30:38+02:00\" >27.3.2026<\/time><span class=\"text-sep\">\/<\/span><span class=\"blog-categories minor-meta\">in <a href=\"https:\/\/kylkirauta.fi\/index.php\/category\/artikkeli\/\" rel=\"tag\">Artikkeli<\/a>, <a href=\"https:\/\/kylkirauta.fi\/index.php\/category\/artikkeli-2026\/\" rel=\"tag\">Artikkeli 2026<\/a><\/span><span class=\"text-sep\">\/<\/span><span class=\"blog-author minor-meta\">by <span class=\"entry-author-link\"  itemprop=\"author\" ><span class=\"author\"><span class=\"fn\"><a href=\"https:\/\/kylkirauta.fi\/index.php\/author\/karisain\/\" title=\"Kirjoittanut: Kari Sainio\" rel=\"author\">Kari Sainio<\/a><\/span><\/span><\/span><\/span><div class=\"read-more-link\"><a href=\"https:\/\/kylkirauta.fi\/index.php\/2026\/03\/27\/kaaderilaulajien-ukraina-tukikonsertit\/\" class=\"more-link\">Read more<span class=\"more-link-arrow\"><\/span><\/a><\/div><\/span><\/header><footer class=\"entry-footer\"><\/footer><div class='post_delimiter'><\/div><\/div><div class=\"post_author_timeline\"><\/div><span class='hidden'>\n\t\t\t\t<span class='av-structured-data'  itemprop=\"image\" itemscope=\"itemscope\" itemtype=\"https:\/\/schema.org\/ImageObject\" >\n\t\t\t\t\t\t<span itemprop='url'>https:\/\/kylkirauta.fi\/wp-content\/uploads\/2026\/03\/3-2026-artikkeli.jpg<\/span>\n\t\t\t\t\t\t<span itemprop='height'>487<\/span>\n\t\t\t\t\t\t<span itemprop='width'>843<\/span>\n\t\t\t\t<\/span>\n\t\t\t\t<span class='av-structured-data'  itemprop=\"publisher\" itemtype=\"https:\/\/schema.org\/Organization\" itemscope=\"itemscope\" >\n\t\t\t\t\t\t<span itemprop='name'>Kari Sainio<\/span>\n\t\t\t\t\t\t<span itemprop='logo' itemscope itemtype='https:\/\/schema.org\/ImageObject'>\n\t\t\t\t\t\t\t<span itemprop='url'>https:\/\/kylkirauta.fi\/wp-content\/uploads\/2020\/02\/kkunta_weblogo-100x100-1.png<\/span>\n\t\t\t\t\t\t<\/span>\n\t\t\t\t<\/span><span class='av-structured-data'  itemprop=\"author\" itemscope=\"itemscope\" itemtype=\"https:\/\/schema.org\/Person\" ><span itemprop='name'>Kari Sainio<\/span><\/span><span class='av-structured-data'  itemprop=\"datePublished\" datetime=\"2026-03-27T12:30:38+02:00\" >2026-03-27 12:30:38<\/span><span class='av-structured-data'  itemprop=\"dateModified\" itemtype=\"https:\/\/schema.org\/dateModified\" >2026-03-27 12:30:38<\/span><span class='av-structured-data'  itemprop=\"mainEntityOfPage\" itemtype=\"https:\/\/schema.org\/mainEntityOfPage\" ><span itemprop='name'>Kaaderilaulajien Ukraina-tukikonsertit<\/span><\/span><\/span><\/article><article class=\"post-entry post-entry-type-standard post-entry-8786 post-loop-3 post-parity-odd post-entry-last bloglist-simple with-slider post-8786 post type-post status-publish format-standard has-post-thumbnail hentry category-artikkeli category-artikkeli-2026\"  itemscope=\"itemscope\" itemtype=\"https:\/\/schema.org\/BlogPosting\" ><div class=\"blog-meta\"><\/div><div class='entry-content-wrapper clearfix standard-content'><header class=\"entry-content-header\"><h2 class='post-title entry-title '  itemprop=\"headline\" ><a href=\"https:\/\/kylkirauta.fi\/index.php\/2026\/02\/23\/risto-sinkko-eu-kansalaisten-nakemyksia-turvallisuudesta-ja-puolustuksesta\/\" rel=\"bookmark\" title=\"Permanent Link: Risto Sinkko: EU-kansalaisten n\u00e4kemyksi\u00e4 turvallisuudesta ja puolustuksesta\">Risto Sinkko: EU-kansalaisten n\u00e4kemyksi\u00e4 turvallisuudesta ja puolustuksesta<span class=\"post-format-icon minor-meta\"><\/span><\/a><\/h2><span class=\"post-meta-infos\"><time class=\"date-container minor-meta updated\"  itemprop=\"datePublished\" datetime=\"2026-02-23T17:08:33+02:00\" >23.2.2026<\/time><span class=\"text-sep\">\/<\/span><span class=\"blog-categories minor-meta\">in <a href=\"https:\/\/kylkirauta.fi\/index.php\/category\/artikkeli\/\" rel=\"tag\">Artikkeli<\/a>, <a href=\"https:\/\/kylkirauta.fi\/index.php\/category\/artikkeli-2026\/\" rel=\"tag\">Artikkeli 2026<\/a><\/span><span class=\"text-sep\">\/<\/span><span class=\"blog-author minor-meta\">by <span class=\"entry-author-link\"  itemprop=\"author\" ><span class=\"author\"><span class=\"fn\"><a href=\"https:\/\/kylkirauta.fi\/index.php\/author\/karisain\/\" title=\"Kirjoittanut: Kari Sainio\" rel=\"author\">Kari Sainio<\/a><\/span><\/span><\/span><\/span><div class=\"read-more-link\"><a href=\"https:\/\/kylkirauta.fi\/index.php\/2026\/02\/23\/risto-sinkko-eu-kansalaisten-nakemyksia-turvallisuudesta-ja-puolustuksesta\/\" class=\"more-link\">Read more<span class=\"more-link-arrow\"><\/span><\/a><\/div><\/span><\/header><footer class=\"entry-footer\"><\/footer><div class='post_delimiter'><\/div><\/div><div class=\"post_author_timeline\"><\/div><span class='hidden'>\n\t\t\t\t<span class='av-structured-data'  itemprop=\"image\" itemscope=\"itemscope\" itemtype=\"https:\/\/schema.org\/ImageObject\" >\n\t\t\t\t\t\t<span itemprop='url'>https:\/\/kylkirauta.fi\/wp-content\/uploads\/2026\/02\/Artikkeli-MSC-artikkeli.jpg<\/span>\n\t\t\t\t\t\t<span itemprop='height'>487<\/span>\n\t\t\t\t\t\t<span itemprop='width'>843<\/span>\n\t\t\t\t<\/span>\n\t\t\t\t<span class='av-structured-data'  itemprop=\"publisher\" itemtype=\"https:\/\/schema.org\/Organization\" itemscope=\"itemscope\" >\n\t\t\t\t\t\t<span itemprop='name'>Kari Sainio<\/span>\n\t\t\t\t\t\t<span itemprop='logo' itemscope itemtype='https:\/\/schema.org\/ImageObject'>\n\t\t\t\t\t\t\t<span itemprop='url'>https:\/\/kylkirauta.fi\/wp-content\/uploads\/2020\/02\/kkunta_weblogo-100x100-1.png<\/span>\n\t\t\t\t\t\t<\/span>\n\t\t\t\t<\/span><span class='av-structured-data'  itemprop=\"author\" itemscope=\"itemscope\" itemtype=\"https:\/\/schema.org\/Person\" ><span itemprop='name'>Kari Sainio<\/span><\/span><span class='av-structured-data'  itemprop=\"datePublished\" datetime=\"2026-02-23T17:08:33+02:00\" >2026-02-23 17:08:33<\/span><span class='av-structured-data'  itemprop=\"dateModified\" itemtype=\"https:\/\/schema.org\/dateModified\" >2026-02-23 17:29:54<\/span><span class='av-structured-data'  itemprop=\"mainEntityOfPage\" itemtype=\"https:\/\/schema.org\/mainEntityOfPage\" ><span itemprop='name'>Risto Sinkko: EU-kansalaisten n\u00e4kemyksi\u00e4 turvallisuudesta ja puolustuksesta<\/span><\/span><\/span><\/article><div class='bloglist-simple'><nav class='pagination'><span class='pagination-meta'>Page 1 of 58<\/span><span class='current'>1<\/span><a href='https:\/\/kylkirauta.fi\/index.php\/wp-json\/wp\/v2\/posts\/908\/page\/2\/' class='inactive next_page' >2<\/a><a href='https:\/\/kylkirauta.fi\/index.php\/wp-json\/wp\/v2\/posts\/908\/page\/3\/' class='inactive' >3<\/a><a href='https:\/\/kylkirauta.fi\/index.php\/wp-json\/wp\/v2\/posts\/908\/page\/2\/'>&rsaquo;<\/a><a href='https:\/\/kylkirauta.fi\/index.php\/wp-json\/wp\/v2\/posts\/908\/page\/58\/'>&raquo;<\/a><\/nav>\n<\/div><\/div><\/p>\n","protected":false},"excerpt":{"rendered":"","protected":false},"author":3,"featured_media":0,"comment_status":"closed","ping_status":"closed","sticky":false,"template":"","format":"standard","meta":{"footnotes":""},"categories":[4,27],"tags":[],"class_list":["post-908","post","type-post","status-publish","format-standard","hentry","category-artikkeli","category-artikkeli-2015"],"yoast_head":"<!-- This site is optimized with the Yoast SEO plugin v27.5 - https:\/\/yoast.com\/product\/yoast-seo-wordpress\/ -->\n<title>Tommi Sikanen: Vastaus priimuskysymykseen puolustusyhteisty\u00f6st\u00e4 - Kylkirauta<\/title>\n<meta name=\"robots\" content=\"index, follow, max-snippet:-1, max-image-preview:large, max-video-preview:-1\" \/>\n<link rel=\"canonical\" href=\"https:\/\/kylkirauta.fi\/index.php\/2015\/10\/29\/vastaus-priimuskysymykseen-puolustusyhteistyosta\/\" \/>\n<meta property=\"og:locale\" content=\"fi_FI\" \/>\n<meta property=\"og:type\" content=\"article\" \/>\n<meta property=\"og:title\" content=\"Tommi Sikanen: Vastaus priimuskysymykseen puolustusyhteisty\u00f6st\u00e4 - Kylkirauta\" \/>\n<meta property=\"og:url\" content=\"https:\/\/kylkirauta.fi\/index.php\/2015\/10\/29\/vastaus-priimuskysymykseen-puolustusyhteistyosta\/\" \/>\n<meta property=\"og:site_name\" content=\"Kylkirauta\" \/>\n<meta property=\"article:published_time\" content=\"2015-10-29T11:13:00+00:00\" \/>\n<meta property=\"article:modified_time\" content=\"2020-01-26T10:14:55+00:00\" \/>\n<meta property=\"og:image\" content=\"https:\/\/kylkirauta.fi\/wp-content\/uploads\/2020\/01\/Sikanen_Tommi_9528Dh2015_10x15-231x300.jpg\" \/>\n<meta name=\"author\" content=\"Kari Sainio\" \/>\n<meta name=\"twitter:card\" content=\"summary_large_image\" \/>\n<meta name=\"twitter:label1\" content=\"Kirjoittanut\" \/>\n\t<meta name=\"twitter:data1\" content=\"Kari Sainio\" \/>\n\t<meta name=\"twitter:label2\" content=\"Arvioitu lukuaika\" \/>\n\t<meta name=\"twitter:data2\" content=\"10 minuuttia\" \/>\n<script type=\"application\/ld+json\" class=\"yoast-schema-graph\">{\"@context\":\"https:\\\/\\\/schema.org\",\"@graph\":[{\"@type\":\"Article\",\"@id\":\"https:\\\/\\\/kylkirauta.fi\\\/index.php\\\/2015\\\/10\\\/29\\\/vastaus-priimuskysymykseen-puolustusyhteistyosta\\\/#article\",\"isPartOf\":{\"@id\":\"https:\\\/\\\/kylkirauta.fi\\\/index.php\\\/2015\\\/10\\\/29\\\/vastaus-priimuskysymykseen-puolustusyhteistyosta\\\/\"},\"author\":{\"name\":\"Kari Sainio\",\"@id\":\"https:\\\/\\\/kylkirauta.fi\\\/#\\\/schema\\\/person\\\/714ab39a349c656b20d60a239be1d6f6\"},\"headline\":\"Tommi Sikanen: Vastaus priimuskysymykseen puolustusyhteisty\u00f6st\u00e4\",\"datePublished\":\"2015-10-29T11:13:00+00:00\",\"dateModified\":\"2020-01-26T10:14:55+00:00\",\"mainEntityOfPage\":{\"@id\":\"https:\\\/\\\/kylkirauta.fi\\\/index.php\\\/2015\\\/10\\\/29\\\/vastaus-priimuskysymykseen-puolustusyhteistyosta\\\/\"},\"wordCount\":1929,\"image\":{\"@id\":\"https:\\\/\\\/kylkirauta.fi\\\/index.php\\\/2015\\\/10\\\/29\\\/vastaus-priimuskysymykseen-puolustusyhteistyosta\\\/#primaryimage\"},\"thumbnailUrl\":\"https:\\\/\\\/kylkirauta.fi\\\/wp-content\\\/uploads\\\/2020\\\/01\\\/Sikanen_Tommi_9528Dh2015_10x15-231x300.jpg\",\"articleSection\":[\"Artikkeli\",\"Artikkeli 2015\"],\"inLanguage\":\"fi\"},{\"@type\":\"WebPage\",\"@id\":\"https:\\\/\\\/kylkirauta.fi\\\/index.php\\\/2015\\\/10\\\/29\\\/vastaus-priimuskysymykseen-puolustusyhteistyosta\\\/\",\"url\":\"https:\\\/\\\/kylkirauta.fi\\\/index.php\\\/2015\\\/10\\\/29\\\/vastaus-priimuskysymykseen-puolustusyhteistyosta\\\/\",\"name\":\"Tommi Sikanen: Vastaus priimuskysymykseen puolustusyhteisty\u00f6st\u00e4 - Kylkirauta\",\"isPartOf\":{\"@id\":\"https:\\\/\\\/kylkirauta.fi\\\/#website\"},\"primaryImageOfPage\":{\"@id\":\"https:\\\/\\\/kylkirauta.fi\\\/index.php\\\/2015\\\/10\\\/29\\\/vastaus-priimuskysymykseen-puolustusyhteistyosta\\\/#primaryimage\"},\"image\":{\"@id\":\"https:\\\/\\\/kylkirauta.fi\\\/index.php\\\/2015\\\/10\\\/29\\\/vastaus-priimuskysymykseen-puolustusyhteistyosta\\\/#primaryimage\"},\"thumbnailUrl\":\"https:\\\/\\\/kylkirauta.fi\\\/wp-content\\\/uploads\\\/2020\\\/01\\\/Sikanen_Tommi_9528Dh2015_10x15-231x300.jpg\",\"datePublished\":\"2015-10-29T11:13:00+00:00\",\"dateModified\":\"2020-01-26T10:14:55+00:00\",\"author\":{\"@id\":\"https:\\\/\\\/kylkirauta.fi\\\/#\\\/schema\\\/person\\\/714ab39a349c656b20d60a239be1d6f6\"},\"breadcrumb\":{\"@id\":\"https:\\\/\\\/kylkirauta.fi\\\/index.php\\\/2015\\\/10\\\/29\\\/vastaus-priimuskysymykseen-puolustusyhteistyosta\\\/#breadcrumb\"},\"inLanguage\":\"fi\",\"potentialAction\":[{\"@type\":\"ReadAction\",\"target\":[\"https:\\\/\\\/kylkirauta.fi\\\/index.php\\\/2015\\\/10\\\/29\\\/vastaus-priimuskysymykseen-puolustusyhteistyosta\\\/\"]}]},{\"@type\":\"ImageObject\",\"inLanguage\":\"fi\",\"@id\":\"https:\\\/\\\/kylkirauta.fi\\\/index.php\\\/2015\\\/10\\\/29\\\/vastaus-priimuskysymykseen-puolustusyhteistyosta\\\/#primaryimage\",\"url\":\"https:\\\/\\\/kylkirauta.fi\\\/wp-content\\\/uploads\\\/2020\\\/01\\\/Sikanen_Tommi_9528Dh2015_10x15.jpg\",\"contentUrl\":\"https:\\\/\\\/kylkirauta.fi\\\/wp-content\\\/uploads\\\/2020\\\/01\\\/Sikanen_Tommi_9528Dh2015_10x15.jpg\",\"width\":1181,\"height\":1535,\"caption\":\"majuri Sikanen Tommi Keijo Petteri MAASK kuvattu YEK57 KUVAA EI SAA K\u00c4YTT\u00c4\u00c4! Vain viranomaisk\u00e4ytt\u00f6 on sallittu. Kielto koskee kaikkia kuvia.\"},{\"@type\":\"BreadcrumbList\",\"@id\":\"https:\\\/\\\/kylkirauta.fi\\\/index.php\\\/2015\\\/10\\\/29\\\/vastaus-priimuskysymykseen-puolustusyhteistyosta\\\/#breadcrumb\",\"itemListElement\":[{\"@type\":\"ListItem\",\"position\":1,\"name\":\"Home\",\"item\":\"https:\\\/\\\/kylkirauta.fi\\\/index.php\\\/home\\\/\"},{\"@type\":\"ListItem\",\"position\":2,\"name\":\"Tommi Sikanen: Vastaus priimuskysymykseen puolustusyhteisty\u00f6st\u00e4\"}]},{\"@type\":\"WebSite\",\"@id\":\"https:\\\/\\\/kylkirauta.fi\\\/#website\",\"url\":\"https:\\\/\\\/kylkirauta.fi\\\/\",\"name\":\"Kylkirauta\",\"description\":\"Kadettiupseerit yhteiskunnan palveluksessa\",\"potentialAction\":[{\"@type\":\"SearchAction\",\"target\":{\"@type\":\"EntryPoint\",\"urlTemplate\":\"https:\\\/\\\/kylkirauta.fi\\\/?s={search_term_string}\"},\"query-input\":{\"@type\":\"PropertyValueSpecification\",\"valueRequired\":true,\"valueName\":\"search_term_string\"}}],\"inLanguage\":\"fi\"},{\"@type\":\"Person\",\"@id\":\"https:\\\/\\\/kylkirauta.fi\\\/#\\\/schema\\\/person\\\/714ab39a349c656b20d60a239be1d6f6\",\"name\":\"Kari Sainio\",\"sameAs\":[\"http:\\\/\\\/www.kylkirauta.fi\"],\"url\":\"https:\\\/\\\/kylkirauta.fi\\\/index.php\\\/author\\\/karisain\\\/\"}]}<\/script>\n<!-- \/ Yoast SEO plugin. -->","yoast_head_json":{"title":"Tommi Sikanen: Vastaus priimuskysymykseen puolustusyhteisty\u00f6st\u00e4 - Kylkirauta","robots":{"index":"index","follow":"follow","max-snippet":"max-snippet:-1","max-image-preview":"max-image-preview:large","max-video-preview":"max-video-preview:-1"},"canonical":"https:\/\/kylkirauta.fi\/index.php\/2015\/10\/29\/vastaus-priimuskysymykseen-puolustusyhteistyosta\/","og_locale":"fi_FI","og_type":"article","og_title":"Tommi Sikanen: Vastaus priimuskysymykseen puolustusyhteisty\u00f6st\u00e4 - Kylkirauta","og_url":"https:\/\/kylkirauta.fi\/index.php\/2015\/10\/29\/vastaus-priimuskysymykseen-puolustusyhteistyosta\/","og_site_name":"Kylkirauta","article_published_time":"2015-10-29T11:13:00+00:00","article_modified_time":"2020-01-26T10:14:55+00:00","og_image":[{"url":"https:\/\/kylkirauta.fi\/wp-content\/uploads\/2020\/01\/Sikanen_Tommi_9528Dh2015_10x15-231x300.jpg","type":"","width":"","height":""}],"author":"Kari Sainio","twitter_card":"summary_large_image","twitter_misc":{"Kirjoittanut":"Kari Sainio","Arvioitu lukuaika":"10 minuuttia"},"schema":{"@context":"https:\/\/schema.org","@graph":[{"@type":"Article","@id":"https:\/\/kylkirauta.fi\/index.php\/2015\/10\/29\/vastaus-priimuskysymykseen-puolustusyhteistyosta\/#article","isPartOf":{"@id":"https:\/\/kylkirauta.fi\/index.php\/2015\/10\/29\/vastaus-priimuskysymykseen-puolustusyhteistyosta\/"},"author":{"name":"Kari Sainio","@id":"https:\/\/kylkirauta.fi\/#\/schema\/person\/714ab39a349c656b20d60a239be1d6f6"},"headline":"Tommi Sikanen: Vastaus priimuskysymykseen puolustusyhteisty\u00f6st\u00e4","datePublished":"2015-10-29T11:13:00+00:00","dateModified":"2020-01-26T10:14:55+00:00","mainEntityOfPage":{"@id":"https:\/\/kylkirauta.fi\/index.php\/2015\/10\/29\/vastaus-priimuskysymykseen-puolustusyhteistyosta\/"},"wordCount":1929,"image":{"@id":"https:\/\/kylkirauta.fi\/index.php\/2015\/10\/29\/vastaus-priimuskysymykseen-puolustusyhteistyosta\/#primaryimage"},"thumbnailUrl":"https:\/\/kylkirauta.fi\/wp-content\/uploads\/2020\/01\/Sikanen_Tommi_9528Dh2015_10x15-231x300.jpg","articleSection":["Artikkeli","Artikkeli 2015"],"inLanguage":"fi"},{"@type":"WebPage","@id":"https:\/\/kylkirauta.fi\/index.php\/2015\/10\/29\/vastaus-priimuskysymykseen-puolustusyhteistyosta\/","url":"https:\/\/kylkirauta.fi\/index.php\/2015\/10\/29\/vastaus-priimuskysymykseen-puolustusyhteistyosta\/","name":"Tommi Sikanen: Vastaus priimuskysymykseen puolustusyhteisty\u00f6st\u00e4 - Kylkirauta","isPartOf":{"@id":"https:\/\/kylkirauta.fi\/#website"},"primaryImageOfPage":{"@id":"https:\/\/kylkirauta.fi\/index.php\/2015\/10\/29\/vastaus-priimuskysymykseen-puolustusyhteistyosta\/#primaryimage"},"image":{"@id":"https:\/\/kylkirauta.fi\/index.php\/2015\/10\/29\/vastaus-priimuskysymykseen-puolustusyhteistyosta\/#primaryimage"},"thumbnailUrl":"https:\/\/kylkirauta.fi\/wp-content\/uploads\/2020\/01\/Sikanen_Tommi_9528Dh2015_10x15-231x300.jpg","datePublished":"2015-10-29T11:13:00+00:00","dateModified":"2020-01-26T10:14:55+00:00","author":{"@id":"https:\/\/kylkirauta.fi\/#\/schema\/person\/714ab39a349c656b20d60a239be1d6f6"},"breadcrumb":{"@id":"https:\/\/kylkirauta.fi\/index.php\/2015\/10\/29\/vastaus-priimuskysymykseen-puolustusyhteistyosta\/#breadcrumb"},"inLanguage":"fi","potentialAction":[{"@type":"ReadAction","target":["https:\/\/kylkirauta.fi\/index.php\/2015\/10\/29\/vastaus-priimuskysymykseen-puolustusyhteistyosta\/"]}]},{"@type":"ImageObject","inLanguage":"fi","@id":"https:\/\/kylkirauta.fi\/index.php\/2015\/10\/29\/vastaus-priimuskysymykseen-puolustusyhteistyosta\/#primaryimage","url":"https:\/\/kylkirauta.fi\/wp-content\/uploads\/2020\/01\/Sikanen_Tommi_9528Dh2015_10x15.jpg","contentUrl":"https:\/\/kylkirauta.fi\/wp-content\/uploads\/2020\/01\/Sikanen_Tommi_9528Dh2015_10x15.jpg","width":1181,"height":1535,"caption":"majuri Sikanen Tommi Keijo Petteri MAASK kuvattu YEK57 KUVAA EI SAA K\u00c4YTT\u00c4\u00c4! Vain viranomaisk\u00e4ytt\u00f6 on sallittu. Kielto koskee kaikkia kuvia."},{"@type":"BreadcrumbList","@id":"https:\/\/kylkirauta.fi\/index.php\/2015\/10\/29\/vastaus-priimuskysymykseen-puolustusyhteistyosta\/#breadcrumb","itemListElement":[{"@type":"ListItem","position":1,"name":"Home","item":"https:\/\/kylkirauta.fi\/index.php\/home\/"},{"@type":"ListItem","position":2,"name":"Tommi Sikanen: Vastaus priimuskysymykseen puolustusyhteisty\u00f6st\u00e4"}]},{"@type":"WebSite","@id":"https:\/\/kylkirauta.fi\/#website","url":"https:\/\/kylkirauta.fi\/","name":"Kylkirauta","description":"Kadettiupseerit yhteiskunnan palveluksessa","potentialAction":[{"@type":"SearchAction","target":{"@type":"EntryPoint","urlTemplate":"https:\/\/kylkirauta.fi\/?s={search_term_string}"},"query-input":{"@type":"PropertyValueSpecification","valueRequired":true,"valueName":"search_term_string"}}],"inLanguage":"fi"},{"@type":"Person","@id":"https:\/\/kylkirauta.fi\/#\/schema\/person\/714ab39a349c656b20d60a239be1d6f6","name":"Kari Sainio","sameAs":["http:\/\/www.kylkirauta.fi"],"url":"https:\/\/kylkirauta.fi\/index.php\/author\/karisain\/"}]}},"_links":{"self":[{"href":"https:\/\/kylkirauta.fi\/index.php\/wp-json\/wp\/v2\/posts\/908","targetHints":{"allow":["GET"]}}],"collection":[{"href":"https:\/\/kylkirauta.fi\/index.php\/wp-json\/wp\/v2\/posts"}],"about":[{"href":"https:\/\/kylkirauta.fi\/index.php\/wp-json\/wp\/v2\/types\/post"}],"author":[{"embeddable":true,"href":"https:\/\/kylkirauta.fi\/index.php\/wp-json\/wp\/v2\/users\/3"}],"replies":[{"embeddable":true,"href":"https:\/\/kylkirauta.fi\/index.php\/wp-json\/wp\/v2\/comments?post=908"}],"version-history":[{"count":3,"href":"https:\/\/kylkirauta.fi\/index.php\/wp-json\/wp\/v2\/posts\/908\/revisions"}],"predecessor-version":[{"id":2676,"href":"https:\/\/kylkirauta.fi\/index.php\/wp-json\/wp\/v2\/posts\/908\/revisions\/2676"}],"wp:attachment":[{"href":"https:\/\/kylkirauta.fi\/index.php\/wp-json\/wp\/v2\/media?parent=908"}],"wp:term":[{"taxonomy":"category","embeddable":true,"href":"https:\/\/kylkirauta.fi\/index.php\/wp-json\/wp\/v2\/categories?post=908"},{"taxonomy":"post_tag","embeddable":true,"href":"https:\/\/kylkirauta.fi\/index.php\/wp-json\/wp\/v2\/tags?post=908"}],"curies":[{"name":"wp","href":"https:\/\/api.w.org\/{rel}","templated":true}]}}