{"id":883,"date":"2018-06-02T09:58:00","date_gmt":"2018-06-02T09:58:00","guid":{"rendered":"https:\/\/kylkirauta.fi\/?p=883"},"modified":"2020-01-26T10:28:20","modified_gmt":"2020-01-26T10:28:20","slug":"maanpuolustustahto-vanha-kasite-voimissaan","status":"publish","type":"post","link":"https:\/\/kylkirauta.fi\/index.php\/2018\/06\/02\/maanpuolustustahto-vanha-kasite-voimissaan\/","title":{"rendered":"Risto Sinkko: Maanpuolustustahto \u2013 vanha k\u00e4site voimissaan"},"content":{"rendered":"<div id='full_slider_1'  class='avia-fullwidth-slider main_color avia-shadow   avia-builder-el-0  el_before_av_one_full  avia-builder-el-first   container_wrap sidebar_right'  ><div  class='avia-slideshow av-l9olo-34f89e96fc3de7b9b51c14c99ace17a4 avia-slideshow-featured av_slideshow_full avia-slide-slider av-slideshow-ui av-control-default av-slideshow-manual av-loop-once av-loop-manual-endless av-default-height-applied   avia-slideshow-1' data-slideshow-options=\"{&quot;animation&quot;:&quot;slide&quot;,&quot;autoplay&quot;:false,&quot;loop_autoplay&quot;:&quot;once&quot;,&quot;interval&quot;:5,&quot;loop_manual&quot;:&quot;manual-endless&quot;,&quot;autoplay_stopper&quot;:false,&quot;noNavigation&quot;:false,&quot;bg_slider&quot;:false,&quot;keep_padding&quot;:false,&quot;hoverpause&quot;:false,&quot;show_slide_delay&quot;:0}\"  itemprop=\"image\" itemscope=\"itemscope\" itemtype=\"https:\/\/schema.org\/ImageObject\" ><ul class='avia-slideshow-inner ' style='padding-bottom: 28.666666666667%;'><li  class='avia-slideshow-slide av-l9olo-34f89e96fc3de7b9b51c14c99ace17a4__0  av-single-slide slide-1 slide-odd'><div data-rel='slideshow-1' class='avia-slide-wrap '   ><img decoding=\"async\" fetchpriority=\"high\" class=\"wp-image-54 avia-img-lazy-loading-not-54\"  src=\"https:\/\/kylkirauta.fi\/wp-content\/uploads\/2019\/10\/otsake-kuva_1500x430-1500x430.png\" width=\"1500\" height=\"430\" title='otsake-kuva_1500x430' alt=''  itemprop=\"thumbnailUrl\" srcset=\"https:\/\/kylkirauta.fi\/wp-content\/uploads\/2019\/10\/otsake-kuva_1500x430-1500x430.png 1500w, https:\/\/kylkirauta.fi\/wp-content\/uploads\/2019\/10\/otsake-kuva_1500x430-300x86.png 300w, https:\/\/kylkirauta.fi\/wp-content\/uploads\/2019\/10\/otsake-kuva_1500x430-768x220.png 768w, https:\/\/kylkirauta.fi\/wp-content\/uploads\/2019\/10\/otsake-kuva_1500x430-1030x295.png 1030w, https:\/\/kylkirauta.fi\/wp-content\/uploads\/2019\/10\/otsake-kuva_1500x430-705x202.png 705w, https:\/\/kylkirauta.fi\/wp-content\/uploads\/2019\/10\/otsake-kuva_1500x430.png 1817w\" sizes=\"(max-width: 1500px) 100vw, 1500px\" \/><\/div><\/li><\/ul><\/div><\/div><div id='after_full_slider_1'  class='main_color av_default_container_wrap container_wrap sidebar_right'  ><div class='container av-section-cont-open' ><div class='template-page content  av-content-small alpha units'><div class='post-entry post-entry-type-page post-entry-883'><div class='entry-content-wrapper clearfix'>\n\n<style type=\"text\/css\" data-created_by=\"avia_inline_auto\" id=\"style-css-av-km4zs-0614ada41eb3461e6efbb361dfbae970\">\n.flex_column.av-km4zs-0614ada41eb3461e6efbb361dfbae970{\nborder-radius:0px 0px 0px 0px;\npadding:0px 0px 0px 0px;\n}\n<\/style>\n<div  class='flex_column av-km4zs-0614ada41eb3461e6efbb361dfbae970 av_one_full  avia-builder-el-1  el_after_av_slideshow_full  el_before_av_hr  avia-builder-el-first  first flex_column_div av-zero-column-padding  '     ><p>\n<style type=\"text\/css\" data-created_by=\"avia_inline_auto\" id=\"style-css-av-av_heading-4435d3fb21d4ffeaf73d26c29157ad0d\">\n#top .av-special-heading.av-av_heading-4435d3fb21d4ffeaf73d26c29157ad0d{\npadding-bottom:10px;\n}\nbody .av-special-heading.av-av_heading-4435d3fb21d4ffeaf73d26c29157ad0d .av-special-heading-tag .heading-char{\nfont-size:25px;\n}\n.av-special-heading.av-av_heading-4435d3fb21d4ffeaf73d26c29157ad0d .av-subheading{\nfont-size:15px;\n}\n<\/style>\n<div  class='av-special-heading av-av_heading-4435d3fb21d4ffeaf73d26c29157ad0d av-special-heading-h3  avia-builder-el-2  el_before_av_hr  avia-builder-el-first '><h3 class='av-special-heading-tag'  itemprop=\"headline\"  >Maanpuolustustahto \u2013 vanha k\u00e4site voimissaan<\/h3><div class=\"special-heading-border\"><div class=\"special-heading-inner-border\"><\/div><\/div><\/div><br \/>\n\n<style type=\"text\/css\" data-created_by=\"avia_inline_auto\" id=\"style-css-av-k5m7b9te-01401dd5e8beb25770de1be03f41ecf3\">\n#top .hr.hr-invisible.av-k5m7b9te-01401dd5e8beb25770de1be03f41ecf3{\nheight:30px;\n}\n<\/style>\n<div  class='hr av-k5m7b9te-01401dd5e8beb25770de1be03f41ecf3 hr-invisible  avia-builder-el-3  el_after_av_heading  el_before_av_textblock '><span class='hr-inner '><span class=\"hr-inner-style\"><\/span><\/span><\/div><br \/>\n<section  class='av_textblock_section av-k8d08-dea0f25c8df625cf22cbdeac32688808 '   itemscope=\"itemscope\" itemtype=\"https:\/\/schema.org\/BlogPosting\" itemprop=\"blogPost\" ><div class='avia_textblock'  itemprop=\"text\" ><div id=\"attachment_459\" style=\"width: 140px\" class=\"wp-caption alignleft\"><img loading=\"lazy\" decoding=\"async\" aria-describedby=\"caption-attachment-459\" class=\"wp-image-459\" src=\"https:\/\/kylkirauta.fi\/wp-content\/uploads\/2019\/10\/Sinkko_uusi.jpeg\" alt=\"\" width=\"130\" height=\"176\" srcset=\"https:\/\/kylkirauta.fi\/wp-content\/uploads\/2019\/10\/Sinkko_uusi.jpeg 369w, https:\/\/kylkirauta.fi\/wp-content\/uploads\/2019\/10\/Sinkko_uusi-221x300.jpeg 221w\" sizes=\"auto, (max-width: 130px) 100vw, 130px\" \/><p id=\"caption-attachment-459\" class=\"wp-caption-text\">ST Risto Sinkko<\/p><\/div>\n<p><strong>Valtiota kiinnostaa aina, onko tarpeellinen m\u00e4\u00e4r\u00e4 sen kansalaisia kouluttavissa sotilaiksi mahdollisen aseellisen kriisin torjumista varten. Yht\u00e4 t\u00e4rke\u00e4\u00e4 on, l\u00f6ytyyk\u00f6 kansalaisten joukosta riitt\u00e4v\u00e4\u00e4 tukea taistelijoille ja yleens\u00e4kin aseellisen voiman k\u00e4yt\u00f6lle.\u00a0<\/strong><\/p>\n<p>Maanpuolustustahdon k\u00e4sitteen k\u00e4yt\u00f6lle on monia l\u00e4ht\u00f6kohtia. Niist\u00e4 keskeisimpi\u00e4 ovat kokemukset viime sodista ja sotien j\u00e4lkeisest\u00e4 ajasta. Kokemukset Karjalan kannaksen torjuntataisteluista vuonna 1944 saivat tutkivat upseerit kiinnitt\u00e4m\u00e4\u00e4n huomiota taistelutahdon ja -kunnon psykologisiin piirteisiin.<\/p>\n<p>Sodan j\u00e4lkeinen aika koettiin traumaattiseksi. Se sai silloisen\u00a0<strong>kapteeni Jaakko Valtasen<\/strong>\u00a0valitsemaan Sotakorkeakoulun diplomity\u00f6ns\u00e4 tutkimuksen kohteeksi miesv\u00e4est\u00f6n maanpuolustustahdon. H\u00e4n ei ollut ensimm\u00e4inen asiaa k\u00e4sitellyt tutkija, mutta voidaan katsoa, ett\u00e4 h\u00e4nen ty\u00f6ns\u00e4 vuodelta 1954 vakiinnutti k\u00e4sitteen k\u00e4yt\u00f6n.<\/p>\n<p><em><strong>Kahden kenraalin t\u00f6it\u00e4<\/strong><\/em><\/p>\n<p><strong>Kapteeni Paavo Junttila<\/strong>\u00a0laati vuonna 1952 diplomity\u00f6ns\u00e4\u00a0<em>Taistelutehon laskemiseen vaikuttaneet tekij\u00e4t sodan 1941\u201344 aikana ja siit\u00e4 teht\u00e4v\u00e4t johtop\u00e4\u00e4t\u00f6kset<\/em>. Junttilan tutkimus perustui sodan aikaisten joukkojen arkistoihin sek\u00e4 johtajille tehtyihin haastatteluihin ja kirjallisiin lausuntoihin.<\/p>\n<p>Valtanen sen sijaan teki opinn\u00e4ytety\u00f6ns\u00e4 tiedonhankinnan henkil\u00f6kohtaisina haastatteluina Suomen Gallup Oy:n avulla. H\u00e4nen ty\u00f6t\u00e4\u00e4n pidet\u00e4\u00e4n ensimm\u00e4isen\u00e4 Puolustusvoimissa toteutettuna maanpuolustustahdon survey-tutkimuksena.<\/p>\n<p>Molempien sittemmin kenraaleiksi edenneiden kapteenien ty\u00f6t on julkaistu 2000-luvulla my\u00f6s Maanpuolustuskorkeakoulun uusissa julkaisusarjoissa.<\/p>\n<p>Junttilan ty\u00f6 nosti esiin my\u00f6s tarpeen sosiaalipsykologiselle tutkimukselle. Sodan j\u00e4lkeen perustettu Sotilaspsykologinen seura teki aloitteen Henkisen maanpuolustuksen komitean perustamisesta. Valtanen kutsuttiin komitean sihteeriksi. Henkisen maanpuolustuksen suunnittelukunta perustettiin vuonna 1962.<\/p>\n<p>Suunnittelukunta omaksui tavoitteekseen kansakunnan kouluttamisen ja kasvattamisen yhten\u00e4isen totaalimaanpuolustuksen n\u00e4kemyksen kannattajaksi. T\u00e4m\u00e4 osoittautui my\u00f6hemmin poliittiseksi kompastuskiveksi. Henkisen maanpuolustuksen suunnittelukunta lakkautettiin ja sen toiminnan jatkajaksi muodostettiin vuonna 1975 Maanpuolustustiedotuksen suunnittelukunta.<\/p>\n<p><strong>Suunnittelukunnan puheenjohtaja Asko Vilkuna<\/strong>\u00a0kirjoitti asiasta Kylkirauta-lehden numerossa 2\/1979:\u00a0<em>\u201dHenkinen maanpuolustus ei sopinut uusiin kriittisiin oloihin, koska se oli kriitikkojen mielest\u00e4 pyrkinyt samankaltaistamaan ajattelun yhteen ideologiaan. Etenkin SKDL:n ja SDP:n kannanotoissa k\u00e4siteltiin varsin varauksellisesti henkist\u00e4 maanpuolustusta.\u201d<\/em><\/p>\n<p><em><strong>Siviilikansalaisten maanpuolustustahto<\/strong><\/em><\/p>\n<p>Sotien aikana kehitettiin omat j\u00e4rjestelm\u00e4t siviilikansalaisten mielialojen mittaamiseksi. Ne t\u00e4yttiv\u00e4t teht\u00e4v\u00e4ns\u00e4, mutta varsinaisia tutkimuksia ne eiv\u00e4t nykyaikaisessa mieless\u00e4 olleet. Niin sanotun VIA-organisaation (Vapaus, is\u00e4nmaa, aseveljeys) k\u00e4ytett\u00e4viss\u00e4 oli tiedonantajia ymp\u00e4ri maata erilaisissa sosiaalisissa ymp\u00e4rist\u00f6iss\u00e4. Sodan ajasta johtuen ker\u00e4tyt mielialatiedot pidettiin salaisina.<\/p>\n<p>Organisaatiota johtanut\u00a0<strong>Martti Ruutu<\/strong>\u00a0hautasi sodan p\u00e4\u00e4tytty\u00e4 p\u00e4iv\u00e4kirjansa maahan vuosikymmeniksi. H\u00e4nen motiivinaan lienee ennemminkin ollut k\u00e4tke\u00e4 muistiinpanot ja tiedot maan johdon toiminnasta sek\u00e4 k\u00e4ydyist\u00e4 neuvotteluista ja keskusteluista, ei niink\u00e4\u00e4n salata tietoja v\u00e4est\u00f6ryhmien erilaisista n\u00e4kemyksist\u00e4.<\/p>\n<p>Ilmeist\u00e4 kuitenkin on se, ett\u00e4 muun muassa P\u00e4\u00e4majan Tiedoitusosaston arkistomateriaaleja tuhottiin, tai ainakaan ne eiv\u00e4t ole s\u00e4ilyneet tutkittaviksi. Sota-arkistoon dokumentteja on toimitettu vasta vuonna 1969, jolloin P\u00e4\u00e4esikunnan tiedotusosaston p\u00e4\u00e4llikk\u00f6 Jaakko Valtanen allekirjoitti asiaa koskevat l\u00e4hetteet.<\/p>\n<p>Sodan p\u00e4\u00e4tytty\u00e4 siviilikansalaisten mielialojen seuranta lopetettiin. Tutkimusten kehitt\u00e4misess\u00e4 otettiin mallia Ruotsista. Siell\u00e4 esitettiin 1950-luvulla tiett\u00e4v\u00e4sti ensimm\u00e4isen kerran puolustustahtoa mittaava haastattelukysymys:\u00a0<em>\u201dAntag att Sverige anfalles. Anser Ni att vi b\u00f6r g\u00f6ra vapnat motst\u00e5nd \u00e4ven om utg\u00e5ngen f\u00f6r oss ter sig oviss?\u201d<\/em>. Siit\u00e4 muodostui sittemmin \u201dklassinen mittari\u201d sek\u00e4 Ruotsissa ett\u00e4 Suomessa.<\/p>\n<p>Suomalaisissa tutkimuksissa vastaavaa kysymyst\u00e4 on k\u00e4ytetty 1960-luvulta alkaen. Vakiintunut k\u00e4\u00e4nn\u00f6s on\u00a0<em>\u201dJos Suomeen hy\u00f6k\u00e4t\u00e4\u00e4n, niin olisiko suomalaisten mielest\u00e4nne puolustauduttava aseellisesti kaikissa tilanteissa, vaikka tulos n\u00e4ytt\u00e4isi ep\u00e4varmalta?\u201d<\/em>\u00a0Henkisen maanpuolustuksen suunnittelukunta teetti ensimm\u00e4isen tutkimuksensa vuonna 1964. N\u00e4in saatiin t\u00e4ytetty\u00e4 aukko kansalaisten maanpuolustusajattelua koskevissa tiedoissa.<\/p>\n<p>Maanpuolustustiedotuksen suunnittelukunta k\u00e4ytt\u00e4\u00e4 kysymyst\u00e4 edelleen vuosittain kansalaisille suunnatuissa mielipidekyselyiss\u00e4\u00e4n ja yll\u00e4pit\u00e4\u00e4 seurantaa tuloksista.<\/p>\n<p>Kuten alla olevassa trendikuvasta ilmenee, alhaisimmillaan kansalaisten maanpuolustustahto on ollut vuosina 1970 ja 1971. Elettiin kylm\u00e4n sodan, Neuvostoliiton ja YYA-sopimuksen aikoja, ja kansalaiset arvioivat puolustusmahdollisuutemme heikoiksi. Toisaalta tulokset saattoivat olla my\u00f6s osoitus nyrkin puristamisesta taskussa \u2013 mielipidetutkimuksessakaan asiasta ei haluttu puhua.<\/p>\n<p><img loading=\"lazy\" decoding=\"async\" class=\"aligncenter\" src=\"http:\/\/kylkirauta.fi\/images\/Sinkko_kuva.jpg\" alt=\"Sinkko kuva\" width=\"560\" height=\"796\" \/><\/p>\n<p>1980-luvulla kansalaisten maanpuolustustahto selv\u00e4sti koheni, ja se vakiintui sittemmin 1990-luvulla Neuvostoliiton kaaduttua. Kuvion perusteella maanpuolustustahtoisten \u201dnormaalitasona\u201d voidaan pit\u00e4\u00e4 70\u201375 prosenttia tai jopa sit\u00e4 ylitt\u00e4v\u00e4\u00e4 tasoa. Kaikkiaan 80 prosentin taso saavutettiin ensimm\u00e4isen kerran vuonna 1995, jolloin Suomen j\u00e4senyys Euroopan unionissa oli jo astunut voimaan.<\/p>\n<p>Julkisessa keskustelussa on aika ajoin kannettu huolta maanpuolustustahdon alenemisesta muutaman prosenttiyksik\u00f6n alenemisen perusteella. Kuvasta kuitenkin ilmenee, ett\u00e4 erityist\u00e4 huolta ei n\u00e4yt\u00e4 olevan. Pienet ja mahdollisesti satunnaiset muutokset kuuluvat t\u00e4m\u00e4ntyyppisten survey-tutkimusten luonteeseen.<\/p>\n<p>Ven\u00e4j\u00e4n Krimill\u00e4 ja Ukrainassa vuonna 2014 toteuttamien toimien johdosta on joissakin muissa maanpuolustukseen liittyviss\u00e4 mittauksissa havaittu selvi\u00e4 muutoksia. Kansalaisten k\u00e4sitys Ven\u00e4j\u00e4n uhkasta muuttui suuresti, ja tuki Puolustusvoimien m\u00e4\u00e4r\u00e4rahojen korottamiselle kasvoi voimakkaasti ja pysyv\u00e4sti. Maanpuolustustahto on kuitenkin pysynyt vakaalla tasollaan. Sama ilmi\u00f6 on havaittu my\u00f6s Ruotsin vastaavissa tutkimustuloksissa.<\/p>\n<p><em><strong>Tutkimukset kehittyv\u00e4t<\/strong><\/em><\/p>\n<p>Sodan j\u00e4lkeen Puolustusvoimien henkil\u00f6st\u00f6n mielialojen seuranta virkatiet\u00e4 l\u00e4hetettyjen mielialaraporttien kautta tuli ennen pitk\u00e4\u00e4 tiens\u00e4 p\u00e4\u00e4h\u00e4n.\u00a0<strong>Kenraali Yrj\u00f6 Keinosen<\/strong>\u00a0toimiessa puolustusvoimain komentajana vahvistui n\u00e4kemys siit\u00e4, ett\u00e4 mielialaraportit olivat ep\u00e4luotettavia. Niiden korvaamiseksi tarvittiin muita menetelmi\u00e4, kuten henkil\u00f6kuntaan ja asevelvollisiin kohdistettuja asennetutkimuksia.<\/p>\n<p><strong>Pentti Airion<\/strong>\u00a0mukaan on my\u00f6s mahdollista, ett\u00e4 mielialailmoituksissa ilmoitettiin sellaisiakin yleisi\u00e4 valituksia ja huomautuksia, joita Puolustusvoimien ylin johto ei pit\u00e4nyt asianmukaisina. Sen sijaan mielipidemittauksissa vastattiin vain esitettyihin kysymyksiin.<\/p>\n<p>Vuonna 1967 Puolustusvoimien henkil\u00f6st\u00f6tutkimus annettiin\u00a0<strong>tohtori Osmo A. Wiion<\/strong>\u00a0teht\u00e4v\u00e4ksi. Tavoitteena oli selvitt\u00e4\u00e4 henkil\u00f6kunnan ja varusmiesten asenteita sek\u00e4 paljastaa mahdolliset tyytym\u00e4tt\u00f6myytt\u00e4 aiheuttavat tekij\u00e4t. Otannalla vastaajiksi valittiin 5 000 henkil\u00f6\u00e4 eri henkil\u00f6st\u00f6ryhmist\u00e4.<\/p>\n<p>T\u00e4m\u00e4n j\u00e4lkeen henkil\u00f6st\u00f6tutkimuksia tehtiin ep\u00e4s\u00e4\u00e4nn\u00f6llisin v\u00e4lein. Systemaattiset tutkimukset k\u00e4ynnistettiin uudelleen ty\u00f6ilmapiirikyselyn nimell\u00e4 vuonna 1997 Puolustusvoimien koulutuksen kehitt\u00e4miskeskuksen k\u00e4ytt\u00e4ytymistieteiden osaston johdolla. 1990-luvun alussa ryhdyttiin kehitt\u00e4m\u00e4\u00e4n kentt\u00e4kelpoista tutkimusmenetelm\u00e4\u00e4 k\u00e4ytett\u00e4v\u00e4ksi kertausharjoituksissa. 2000-luvun alussa aloitettiin varusmiesten kotiuttamiskyselyt maanpuolustustahdon ja koulutuksen laadun arvioimiseksi.<\/p>\n<p>Maanpuolustustahdonkin tutkimuksessa on aina pit\u00e4nyt ottaa huomioon maamme geopolitiikka. Sodan j\u00e4lkeen maanpuolustustahtoa pidettiin Henkisen maanpuolustuksen suunnittelukunnan mietinn\u00f6ss\u00e4 kannanottona\u00a0<em>\u201dSuomen puolesta, ei ket\u00e4\u00e4n vastaan\u201d<\/em>.\u00a0<strong>Jari Rantapelkonen<\/strong>\u00a0on kysynyt, voiko vihollista tutkia, kun sit\u00e4 ei ole. H\u00e4n ei tarkastele sodank\u00e4ynnin henkisi\u00e4 komponentteja, mutta niidenkin kohdalla kysymys on oikeutettu. Toisenlaisilla kysymyksenasetteluilla olisi erityisesti 1970- ja 1980-luvuilla saatu my\u00f6s toisenlaisia vastauksia.<\/p>\n<p>T\u00e4m\u00e4n p\u00e4iv\u00e4n informaatioymp\u00e4rist\u00f6ss\u00e4 maan ja Puolustusvoimien johto tarvitsevat reaaliaikaisen tilannekuvan kansan, asevelvollisten ja sotilaiden mielialasta. Nykyajan tekniikalla se on mittavissa helpommin kuin koskaan aikaisemmin. Reservil\u00e4isi\u00e4 varten kehitet\u00e4\u00e4n uusinta tekniikkaa k\u00e4ytt\u00e4v\u00e4\u00e4 j\u00e4rjestelm\u00e4\u00e4 ja varusmiesten palautekyselyj\u00e4 uudistetaan. Asevelvollisten koulutus kehittyy, ja heid\u00e4n maanpuolustustahtonsa on 2010-luvulla ollut kasvusuunnassa.<\/p>\n<p>My\u00f6s akateeminen tutkimus on ottanut maanpuolustustahdon k\u00e4sittelyyns\u00e4. Maanpuolustuskorkeakoulun johtamisen ja sotilaspedagogiikan laitoksessa sotilassosiologian\u00a0<strong>professori Teemu Tallbergin<\/strong>\u00a0johdolla ty\u00f6skentelev\u00e4 Tahto-tutkimusprojekti on saanut ensimm\u00e4isen vaiheensa valmiiksi. Toinen vaihe jatkuu vuoteen 2020. Tutkimusprojektissa tarkastellaan kansalaisten suhdetta maanpuolustukseen ja yhteiskuntaan.<\/p>\n<p>Jyv\u00e4skyl\u00e4n yliopiston historian ja etnologian laitoksella k\u00e4ynnistyi vuoden 2018 alussa maanpuolustustahdon historiaa ja poliittisuutta k\u00e4sittelev\u00e4 tutkimushanke. Siin\u00e4 pohditaan, miten maanpuolustustahto on p\u00e4\u00e4tynyt nykyiseen keskeiseen rooliinsa osana Suomen turvallisuus- ja puolustuspoliittista keskustelua. Hanketta johtaa filosofian\u00a0<strong>tohtori Teemu H\u00e4kkinen<\/strong>.<\/p>\n<p><em>Risto Sinkko<\/em><br \/>\n<em>ST, Senior Analyst, Insight360 Oy<\/em><\/p>\n<\/div><\/section><\/p><\/div><div  class='hr av-6zsyz-b471ba5482e75b0a604afa4166a853a5 hr-default  avia-builder-el-5  el_after_av_one_full  el_before_av_blog '><span class='hr-inner '><span class=\"hr-inner-style\"><\/span><\/span><\/div><\/p>\n<div  class='av-alb-blogposts template-blog  '  itemscope=\"itemscope\" itemtype=\"https:\/\/schema.org\/Blog\" ><article class=\"post-entry post-entry-type-standard post-entry-8921 post-loop-1 post-parity-odd bloglist-simple with-slider post-8921 post type-post status-publish format-standard has-post-thumbnail hentry category-artikkeli category-artikkeli-2026\"  itemscope=\"itemscope\" itemtype=\"https:\/\/schema.org\/BlogPosting\" ><div class=\"blog-meta\"><\/div><div class='entry-content-wrapper clearfix standard-content'><header class=\"entry-content-header\"><h2 class='post-title entry-title '  itemprop=\"headline\" ><a href=\"https:\/\/kylkirauta.fi\/index.php\/2026\/04\/20\/kaaderilaulajien-julkaisutoiminta\/\" rel=\"bookmark\" title=\"Permanent Link: Kaaderilaulajien julkaisutoiminta\">Kaaderilaulajien julkaisutoiminta<span class=\"post-format-icon minor-meta\"><\/span><\/a><\/h2><span class=\"post-meta-infos\"><time class=\"date-container minor-meta updated\"  itemprop=\"datePublished\" datetime=\"2026-04-20T15:45:24+03:00\" >20.4.2026<\/time><span class=\"text-sep\">\/<\/span><span class=\"blog-categories minor-meta\">in <a href=\"https:\/\/kylkirauta.fi\/index.php\/category\/artikkeli\/\" rel=\"tag\">Artikkeli<\/a>, <a href=\"https:\/\/kylkirauta.fi\/index.php\/category\/artikkeli-2026\/\" rel=\"tag\">Artikkeli 2026<\/a><\/span><span class=\"text-sep\">\/<\/span><span class=\"blog-author minor-meta\">by <span class=\"entry-author-link\"  itemprop=\"author\" ><span class=\"author\"><span class=\"fn\"><a href=\"https:\/\/kylkirauta.fi\/index.php\/author\/karisain\/\" title=\"Kirjoittanut: Kari Sainio\" rel=\"author\">Kari Sainio<\/a><\/span><\/span><\/span><\/span><div class=\"read-more-link\"><a href=\"https:\/\/kylkirauta.fi\/index.php\/2026\/04\/20\/kaaderilaulajien-julkaisutoiminta\/\" class=\"more-link\">Read more<span class=\"more-link-arrow\"><\/span><\/a><\/div><\/span><\/header><footer class=\"entry-footer\"><\/footer><div class='post_delimiter'><\/div><\/div><div class=\"post_author_timeline\"><\/div><span class='hidden'>\n\t\t\t\t<span class='av-structured-data'  itemprop=\"image\" itemscope=\"itemscope\" itemtype=\"https:\/\/schema.org\/ImageObject\" >\n\t\t\t\t\t\t<span itemprop='url'>https:\/\/kylkirauta.fi\/wp-content\/uploads\/2026\/04\/Artikkeli-4-2026-2.jpg<\/span>\n\t\t\t\t\t\t<span itemprop='height'>487<\/span>\n\t\t\t\t\t\t<span itemprop='width'>843<\/span>\n\t\t\t\t<\/span>\n\t\t\t\t<span class='av-structured-data'  itemprop=\"publisher\" itemtype=\"https:\/\/schema.org\/Organization\" itemscope=\"itemscope\" >\n\t\t\t\t\t\t<span itemprop='name'>Kari Sainio<\/span>\n\t\t\t\t\t\t<span itemprop='logo' itemscope itemtype='https:\/\/schema.org\/ImageObject'>\n\t\t\t\t\t\t\t<span itemprop='url'>https:\/\/kylkirauta.fi\/wp-content\/uploads\/2020\/02\/kkunta_weblogo-100x100-1.png<\/span>\n\t\t\t\t\t\t<\/span>\n\t\t\t\t<\/span><span class='av-structured-data'  itemprop=\"author\" itemscope=\"itemscope\" itemtype=\"https:\/\/schema.org\/Person\" ><span itemprop='name'>Kari Sainio<\/span><\/span><span class='av-structured-data'  itemprop=\"datePublished\" datetime=\"2026-04-20T15:45:24+03:00\" >2026-04-20 15:45:24<\/span><span class='av-structured-data'  itemprop=\"dateModified\" itemtype=\"https:\/\/schema.org\/dateModified\" >2026-04-20 15:45:24<\/span><span class='av-structured-data'  itemprop=\"mainEntityOfPage\" itemtype=\"https:\/\/schema.org\/mainEntityOfPage\" ><span itemprop='name'>Kaaderilaulajien julkaisutoiminta<\/span><\/span><\/span><\/article><article class=\"post-entry post-entry-type-standard post-entry-8884 post-loop-2 post-parity-even bloglist-simple with-slider post-8884 post type-post status-publish format-standard has-post-thumbnail hentry category-artikkeli category-artikkeli-2026\"  itemscope=\"itemscope\" itemtype=\"https:\/\/schema.org\/BlogPosting\" ><div class=\"blog-meta\"><\/div><div class='entry-content-wrapper clearfix standard-content'><header class=\"entry-content-header\"><h2 class='post-title entry-title '  itemprop=\"headline\" ><a href=\"https:\/\/kylkirauta.fi\/index.php\/2026\/03\/27\/kaaderilaulajien-ukraina-tukikonsertit\/\" rel=\"bookmark\" title=\"Permanent Link: Kaaderilaulajien Ukraina-tukikonsertit\">Kaaderilaulajien Ukraina-tukikonsertit<span class=\"post-format-icon minor-meta\"><\/span><\/a><\/h2><span class=\"post-meta-infos\"><time class=\"date-container minor-meta updated\"  itemprop=\"datePublished\" datetime=\"2026-03-27T12:30:38+02:00\" >27.3.2026<\/time><span class=\"text-sep\">\/<\/span><span class=\"blog-categories minor-meta\">in <a href=\"https:\/\/kylkirauta.fi\/index.php\/category\/artikkeli\/\" rel=\"tag\">Artikkeli<\/a>, <a href=\"https:\/\/kylkirauta.fi\/index.php\/category\/artikkeli-2026\/\" rel=\"tag\">Artikkeli 2026<\/a><\/span><span class=\"text-sep\">\/<\/span><span class=\"blog-author minor-meta\">by <span class=\"entry-author-link\"  itemprop=\"author\" ><span class=\"author\"><span class=\"fn\"><a href=\"https:\/\/kylkirauta.fi\/index.php\/author\/karisain\/\" title=\"Kirjoittanut: Kari Sainio\" rel=\"author\">Kari Sainio<\/a><\/span><\/span><\/span><\/span><div class=\"read-more-link\"><a href=\"https:\/\/kylkirauta.fi\/index.php\/2026\/03\/27\/kaaderilaulajien-ukraina-tukikonsertit\/\" class=\"more-link\">Read more<span class=\"more-link-arrow\"><\/span><\/a><\/div><\/span><\/header><footer class=\"entry-footer\"><\/footer><div class='post_delimiter'><\/div><\/div><div class=\"post_author_timeline\"><\/div><span class='hidden'>\n\t\t\t\t<span class='av-structured-data'  itemprop=\"image\" itemscope=\"itemscope\" itemtype=\"https:\/\/schema.org\/ImageObject\" >\n\t\t\t\t\t\t<span itemprop='url'>https:\/\/kylkirauta.fi\/wp-content\/uploads\/2026\/03\/3-2026-artikkeli.jpg<\/span>\n\t\t\t\t\t\t<span itemprop='height'>487<\/span>\n\t\t\t\t\t\t<span itemprop='width'>843<\/span>\n\t\t\t\t<\/span>\n\t\t\t\t<span class='av-structured-data'  itemprop=\"publisher\" itemtype=\"https:\/\/schema.org\/Organization\" itemscope=\"itemscope\" >\n\t\t\t\t\t\t<span itemprop='name'>Kari Sainio<\/span>\n\t\t\t\t\t\t<span itemprop='logo' itemscope itemtype='https:\/\/schema.org\/ImageObject'>\n\t\t\t\t\t\t\t<span itemprop='url'>https:\/\/kylkirauta.fi\/wp-content\/uploads\/2020\/02\/kkunta_weblogo-100x100-1.png<\/span>\n\t\t\t\t\t\t<\/span>\n\t\t\t\t<\/span><span class='av-structured-data'  itemprop=\"author\" itemscope=\"itemscope\" itemtype=\"https:\/\/schema.org\/Person\" ><span itemprop='name'>Kari Sainio<\/span><\/span><span class='av-structured-data'  itemprop=\"datePublished\" datetime=\"2026-03-27T12:30:38+02:00\" >2026-03-27 12:30:38<\/span><span class='av-structured-data'  itemprop=\"dateModified\" itemtype=\"https:\/\/schema.org\/dateModified\" >2026-03-27 12:30:38<\/span><span class='av-structured-data'  itemprop=\"mainEntityOfPage\" itemtype=\"https:\/\/schema.org\/mainEntityOfPage\" ><span itemprop='name'>Kaaderilaulajien Ukraina-tukikonsertit<\/span><\/span><\/span><\/article><article class=\"post-entry post-entry-type-standard post-entry-8786 post-loop-3 post-parity-odd post-entry-last bloglist-simple with-slider post-8786 post type-post status-publish format-standard has-post-thumbnail hentry category-artikkeli category-artikkeli-2026\"  itemscope=\"itemscope\" itemtype=\"https:\/\/schema.org\/BlogPosting\" ><div class=\"blog-meta\"><\/div><div class='entry-content-wrapper clearfix standard-content'><header class=\"entry-content-header\"><h2 class='post-title entry-title '  itemprop=\"headline\" ><a href=\"https:\/\/kylkirauta.fi\/index.php\/2026\/02\/23\/risto-sinkko-eu-kansalaisten-nakemyksia-turvallisuudesta-ja-puolustuksesta\/\" rel=\"bookmark\" title=\"Permanent Link: Risto Sinkko: EU-kansalaisten n\u00e4kemyksi\u00e4 turvallisuudesta ja puolustuksesta\">Risto Sinkko: EU-kansalaisten n\u00e4kemyksi\u00e4 turvallisuudesta ja puolustuksesta<span class=\"post-format-icon minor-meta\"><\/span><\/a><\/h2><span class=\"post-meta-infos\"><time class=\"date-container minor-meta updated\"  itemprop=\"datePublished\" datetime=\"2026-02-23T17:08:33+02:00\" >23.2.2026<\/time><span class=\"text-sep\">\/<\/span><span class=\"blog-categories minor-meta\">in <a href=\"https:\/\/kylkirauta.fi\/index.php\/category\/artikkeli\/\" rel=\"tag\">Artikkeli<\/a>, <a href=\"https:\/\/kylkirauta.fi\/index.php\/category\/artikkeli-2026\/\" rel=\"tag\">Artikkeli 2026<\/a><\/span><span class=\"text-sep\">\/<\/span><span class=\"blog-author minor-meta\">by <span class=\"entry-author-link\"  itemprop=\"author\" ><span class=\"author\"><span class=\"fn\"><a href=\"https:\/\/kylkirauta.fi\/index.php\/author\/karisain\/\" title=\"Kirjoittanut: Kari Sainio\" rel=\"author\">Kari Sainio<\/a><\/span><\/span><\/span><\/span><div class=\"read-more-link\"><a href=\"https:\/\/kylkirauta.fi\/index.php\/2026\/02\/23\/risto-sinkko-eu-kansalaisten-nakemyksia-turvallisuudesta-ja-puolustuksesta\/\" class=\"more-link\">Read more<span class=\"more-link-arrow\"><\/span><\/a><\/div><\/span><\/header><footer class=\"entry-footer\"><\/footer><div class='post_delimiter'><\/div><\/div><div class=\"post_author_timeline\"><\/div><span class='hidden'>\n\t\t\t\t<span class='av-structured-data'  itemprop=\"image\" itemscope=\"itemscope\" itemtype=\"https:\/\/schema.org\/ImageObject\" >\n\t\t\t\t\t\t<span itemprop='url'>https:\/\/kylkirauta.fi\/wp-content\/uploads\/2026\/02\/Artikkeli-MSC-artikkeli.jpg<\/span>\n\t\t\t\t\t\t<span itemprop='height'>487<\/span>\n\t\t\t\t\t\t<span itemprop='width'>843<\/span>\n\t\t\t\t<\/span>\n\t\t\t\t<span class='av-structured-data'  itemprop=\"publisher\" itemtype=\"https:\/\/schema.org\/Organization\" itemscope=\"itemscope\" >\n\t\t\t\t\t\t<span itemprop='name'>Kari Sainio<\/span>\n\t\t\t\t\t\t<span itemprop='logo' itemscope itemtype='https:\/\/schema.org\/ImageObject'>\n\t\t\t\t\t\t\t<span itemprop='url'>https:\/\/kylkirauta.fi\/wp-content\/uploads\/2020\/02\/kkunta_weblogo-100x100-1.png<\/span>\n\t\t\t\t\t\t<\/span>\n\t\t\t\t<\/span><span class='av-structured-data'  itemprop=\"author\" itemscope=\"itemscope\" itemtype=\"https:\/\/schema.org\/Person\" ><span itemprop='name'>Kari Sainio<\/span><\/span><span class='av-structured-data'  itemprop=\"datePublished\" datetime=\"2026-02-23T17:08:33+02:00\" >2026-02-23 17:08:33<\/span><span class='av-structured-data'  itemprop=\"dateModified\" itemtype=\"https:\/\/schema.org\/dateModified\" >2026-02-23 17:29:54<\/span><span class='av-structured-data'  itemprop=\"mainEntityOfPage\" itemtype=\"https:\/\/schema.org\/mainEntityOfPage\" ><span itemprop='name'>Risto Sinkko: EU-kansalaisten n\u00e4kemyksi\u00e4 turvallisuudesta ja puolustuksesta<\/span><\/span><\/span><\/article><div class='bloglist-simple'><nav class='pagination'><span class='pagination-meta'>Page 1 of 58<\/span><span class='current'>1<\/span><a href='https:\/\/kylkirauta.fi\/index.php\/wp-json\/wp\/v2\/posts\/883\/page\/2\/' class='inactive next_page' >2<\/a><a href='https:\/\/kylkirauta.fi\/index.php\/wp-json\/wp\/v2\/posts\/883\/page\/3\/' class='inactive' >3<\/a><a href='https:\/\/kylkirauta.fi\/index.php\/wp-json\/wp\/v2\/posts\/883\/page\/2\/'>&rsaquo;<\/a><a href='https:\/\/kylkirauta.fi\/index.php\/wp-json\/wp\/v2\/posts\/883\/page\/58\/'>&raquo;<\/a><\/nav>\n<\/div><\/div>\n","protected":false},"excerpt":{"rendered":"","protected":false},"author":3,"featured_media":0,"comment_status":"closed","ping_status":"closed","sticky":false,"template":"","format":"standard","meta":{"footnotes":""},"categories":[4,31],"tags":[],"class_list":["post-883","post","type-post","status-publish","format-standard","hentry","category-artikkeli","category-artikkeli-2018"],"yoast_head":"<!-- This site is optimized with the Yoast SEO plugin v27.5 - https:\/\/yoast.com\/product\/yoast-seo-wordpress\/ -->\n<title>Risto Sinkko: Maanpuolustustahto \u2013 vanha k\u00e4site voimissaan - Kylkirauta<\/title>\n<meta name=\"robots\" content=\"index, follow, max-snippet:-1, max-image-preview:large, max-video-preview:-1\" \/>\n<link rel=\"canonical\" href=\"https:\/\/kylkirauta.fi\/index.php\/2018\/06\/02\/maanpuolustustahto-vanha-kasite-voimissaan\/\" \/>\n<meta property=\"og:locale\" content=\"fi_FI\" \/>\n<meta property=\"og:type\" content=\"article\" \/>\n<meta property=\"og:title\" content=\"Risto Sinkko: Maanpuolustustahto \u2013 vanha k\u00e4site voimissaan - Kylkirauta\" \/>\n<meta property=\"og:url\" content=\"https:\/\/kylkirauta.fi\/index.php\/2018\/06\/02\/maanpuolustustahto-vanha-kasite-voimissaan\/\" \/>\n<meta property=\"og:site_name\" content=\"Kylkirauta\" \/>\n<meta property=\"article:published_time\" content=\"2018-06-02T09:58:00+00:00\" \/>\n<meta property=\"article:modified_time\" content=\"2020-01-26T10:28:20+00:00\" \/>\n<meta property=\"og:image\" content=\"https:\/\/kylkirauta.fi\/wp-content\/uploads\/2019\/10\/Sinkko_uusi.jpeg\" \/>\n<meta name=\"author\" content=\"Kari Sainio\" \/>\n<meta name=\"twitter:card\" content=\"summary_large_image\" \/>\n<meta name=\"twitter:label1\" content=\"Kirjoittanut\" \/>\n\t<meta name=\"twitter:data1\" content=\"Kari Sainio\" \/>\n\t<meta name=\"twitter:label2\" content=\"Arvioitu lukuaika\" \/>\n\t<meta name=\"twitter:data2\" content=\"9 minuuttia\" \/>\n<script type=\"application\/ld+json\" class=\"yoast-schema-graph\">{\"@context\":\"https:\\\/\\\/schema.org\",\"@graph\":[{\"@type\":\"Article\",\"@id\":\"https:\\\/\\\/kylkirauta.fi\\\/index.php\\\/2018\\\/06\\\/02\\\/maanpuolustustahto-vanha-kasite-voimissaan\\\/#article\",\"isPartOf\":{\"@id\":\"https:\\\/\\\/kylkirauta.fi\\\/index.php\\\/2018\\\/06\\\/02\\\/maanpuolustustahto-vanha-kasite-voimissaan\\\/\"},\"author\":{\"name\":\"Kari Sainio\",\"@id\":\"https:\\\/\\\/kylkirauta.fi\\\/#\\\/schema\\\/person\\\/714ab39a349c656b20d60a239be1d6f6\"},\"headline\":\"Risto Sinkko: Maanpuolustustahto \u2013 vanha k\u00e4site voimissaan\",\"datePublished\":\"2018-06-02T09:58:00+00:00\",\"dateModified\":\"2020-01-26T10:28:20+00:00\",\"mainEntityOfPage\":{\"@id\":\"https:\\\/\\\/kylkirauta.fi\\\/index.php\\\/2018\\\/06\\\/02\\\/maanpuolustustahto-vanha-kasite-voimissaan\\\/\"},\"wordCount\":1574,\"image\":{\"@id\":\"https:\\\/\\\/kylkirauta.fi\\\/index.php\\\/2018\\\/06\\\/02\\\/maanpuolustustahto-vanha-kasite-voimissaan\\\/#primaryimage\"},\"thumbnailUrl\":\"https:\\\/\\\/kylkirauta.fi\\\/wp-content\\\/uploads\\\/2019\\\/10\\\/Sinkko_uusi.jpeg\",\"articleSection\":[\"Artikkeli\",\"Artikkeli 2018\"],\"inLanguage\":\"fi\"},{\"@type\":\"WebPage\",\"@id\":\"https:\\\/\\\/kylkirauta.fi\\\/index.php\\\/2018\\\/06\\\/02\\\/maanpuolustustahto-vanha-kasite-voimissaan\\\/\",\"url\":\"https:\\\/\\\/kylkirauta.fi\\\/index.php\\\/2018\\\/06\\\/02\\\/maanpuolustustahto-vanha-kasite-voimissaan\\\/\",\"name\":\"Risto Sinkko: Maanpuolustustahto \u2013 vanha k\u00e4site voimissaan - Kylkirauta\",\"isPartOf\":{\"@id\":\"https:\\\/\\\/kylkirauta.fi\\\/#website\"},\"primaryImageOfPage\":{\"@id\":\"https:\\\/\\\/kylkirauta.fi\\\/index.php\\\/2018\\\/06\\\/02\\\/maanpuolustustahto-vanha-kasite-voimissaan\\\/#primaryimage\"},\"image\":{\"@id\":\"https:\\\/\\\/kylkirauta.fi\\\/index.php\\\/2018\\\/06\\\/02\\\/maanpuolustustahto-vanha-kasite-voimissaan\\\/#primaryimage\"},\"thumbnailUrl\":\"https:\\\/\\\/kylkirauta.fi\\\/wp-content\\\/uploads\\\/2019\\\/10\\\/Sinkko_uusi.jpeg\",\"datePublished\":\"2018-06-02T09:58:00+00:00\",\"dateModified\":\"2020-01-26T10:28:20+00:00\",\"author\":{\"@id\":\"https:\\\/\\\/kylkirauta.fi\\\/#\\\/schema\\\/person\\\/714ab39a349c656b20d60a239be1d6f6\"},\"breadcrumb\":{\"@id\":\"https:\\\/\\\/kylkirauta.fi\\\/index.php\\\/2018\\\/06\\\/02\\\/maanpuolustustahto-vanha-kasite-voimissaan\\\/#breadcrumb\"},\"inLanguage\":\"fi\",\"potentialAction\":[{\"@type\":\"ReadAction\",\"target\":[\"https:\\\/\\\/kylkirauta.fi\\\/index.php\\\/2018\\\/06\\\/02\\\/maanpuolustustahto-vanha-kasite-voimissaan\\\/\"]}]},{\"@type\":\"ImageObject\",\"inLanguage\":\"fi\",\"@id\":\"https:\\\/\\\/kylkirauta.fi\\\/index.php\\\/2018\\\/06\\\/02\\\/maanpuolustustahto-vanha-kasite-voimissaan\\\/#primaryimage\",\"url\":\"https:\\\/\\\/kylkirauta.fi\\\/wp-content\\\/uploads\\\/2019\\\/10\\\/Sinkko_uusi.jpeg\",\"contentUrl\":\"https:\\\/\\\/kylkirauta.fi\\\/wp-content\\\/uploads\\\/2019\\\/10\\\/Sinkko_uusi.jpeg\",\"width\":369,\"height\":500,\"caption\":\"ST Risto Sinkko\"},{\"@type\":\"BreadcrumbList\",\"@id\":\"https:\\\/\\\/kylkirauta.fi\\\/index.php\\\/2018\\\/06\\\/02\\\/maanpuolustustahto-vanha-kasite-voimissaan\\\/#breadcrumb\",\"itemListElement\":[{\"@type\":\"ListItem\",\"position\":1,\"name\":\"Home\",\"item\":\"https:\\\/\\\/kylkirauta.fi\\\/index.php\\\/home\\\/\"},{\"@type\":\"ListItem\",\"position\":2,\"name\":\"Risto Sinkko: Maanpuolustustahto \u2013 vanha k\u00e4site voimissaan\"}]},{\"@type\":\"WebSite\",\"@id\":\"https:\\\/\\\/kylkirauta.fi\\\/#website\",\"url\":\"https:\\\/\\\/kylkirauta.fi\\\/\",\"name\":\"Kylkirauta\",\"description\":\"Kadettiupseerit yhteiskunnan palveluksessa\",\"potentialAction\":[{\"@type\":\"SearchAction\",\"target\":{\"@type\":\"EntryPoint\",\"urlTemplate\":\"https:\\\/\\\/kylkirauta.fi\\\/?s={search_term_string}\"},\"query-input\":{\"@type\":\"PropertyValueSpecification\",\"valueRequired\":true,\"valueName\":\"search_term_string\"}}],\"inLanguage\":\"fi\"},{\"@type\":\"Person\",\"@id\":\"https:\\\/\\\/kylkirauta.fi\\\/#\\\/schema\\\/person\\\/714ab39a349c656b20d60a239be1d6f6\",\"name\":\"Kari Sainio\",\"sameAs\":[\"http:\\\/\\\/www.kylkirauta.fi\"],\"url\":\"https:\\\/\\\/kylkirauta.fi\\\/index.php\\\/author\\\/karisain\\\/\"}]}<\/script>\n<!-- \/ Yoast SEO plugin. -->","yoast_head_json":{"title":"Risto Sinkko: Maanpuolustustahto \u2013 vanha k\u00e4site voimissaan - Kylkirauta","robots":{"index":"index","follow":"follow","max-snippet":"max-snippet:-1","max-image-preview":"max-image-preview:large","max-video-preview":"max-video-preview:-1"},"canonical":"https:\/\/kylkirauta.fi\/index.php\/2018\/06\/02\/maanpuolustustahto-vanha-kasite-voimissaan\/","og_locale":"fi_FI","og_type":"article","og_title":"Risto Sinkko: Maanpuolustustahto \u2013 vanha k\u00e4site voimissaan - Kylkirauta","og_url":"https:\/\/kylkirauta.fi\/index.php\/2018\/06\/02\/maanpuolustustahto-vanha-kasite-voimissaan\/","og_site_name":"Kylkirauta","article_published_time":"2018-06-02T09:58:00+00:00","article_modified_time":"2020-01-26T10:28:20+00:00","og_image":[{"url":"https:\/\/kylkirauta.fi\/wp-content\/uploads\/2019\/10\/Sinkko_uusi.jpeg","type":"","width":"","height":""}],"author":"Kari Sainio","twitter_card":"summary_large_image","twitter_misc":{"Kirjoittanut":"Kari Sainio","Arvioitu lukuaika":"9 minuuttia"},"schema":{"@context":"https:\/\/schema.org","@graph":[{"@type":"Article","@id":"https:\/\/kylkirauta.fi\/index.php\/2018\/06\/02\/maanpuolustustahto-vanha-kasite-voimissaan\/#article","isPartOf":{"@id":"https:\/\/kylkirauta.fi\/index.php\/2018\/06\/02\/maanpuolustustahto-vanha-kasite-voimissaan\/"},"author":{"name":"Kari Sainio","@id":"https:\/\/kylkirauta.fi\/#\/schema\/person\/714ab39a349c656b20d60a239be1d6f6"},"headline":"Risto Sinkko: Maanpuolustustahto \u2013 vanha k\u00e4site voimissaan","datePublished":"2018-06-02T09:58:00+00:00","dateModified":"2020-01-26T10:28:20+00:00","mainEntityOfPage":{"@id":"https:\/\/kylkirauta.fi\/index.php\/2018\/06\/02\/maanpuolustustahto-vanha-kasite-voimissaan\/"},"wordCount":1574,"image":{"@id":"https:\/\/kylkirauta.fi\/index.php\/2018\/06\/02\/maanpuolustustahto-vanha-kasite-voimissaan\/#primaryimage"},"thumbnailUrl":"https:\/\/kylkirauta.fi\/wp-content\/uploads\/2019\/10\/Sinkko_uusi.jpeg","articleSection":["Artikkeli","Artikkeli 2018"],"inLanguage":"fi"},{"@type":"WebPage","@id":"https:\/\/kylkirauta.fi\/index.php\/2018\/06\/02\/maanpuolustustahto-vanha-kasite-voimissaan\/","url":"https:\/\/kylkirauta.fi\/index.php\/2018\/06\/02\/maanpuolustustahto-vanha-kasite-voimissaan\/","name":"Risto Sinkko: Maanpuolustustahto \u2013 vanha k\u00e4site voimissaan - Kylkirauta","isPartOf":{"@id":"https:\/\/kylkirauta.fi\/#website"},"primaryImageOfPage":{"@id":"https:\/\/kylkirauta.fi\/index.php\/2018\/06\/02\/maanpuolustustahto-vanha-kasite-voimissaan\/#primaryimage"},"image":{"@id":"https:\/\/kylkirauta.fi\/index.php\/2018\/06\/02\/maanpuolustustahto-vanha-kasite-voimissaan\/#primaryimage"},"thumbnailUrl":"https:\/\/kylkirauta.fi\/wp-content\/uploads\/2019\/10\/Sinkko_uusi.jpeg","datePublished":"2018-06-02T09:58:00+00:00","dateModified":"2020-01-26T10:28:20+00:00","author":{"@id":"https:\/\/kylkirauta.fi\/#\/schema\/person\/714ab39a349c656b20d60a239be1d6f6"},"breadcrumb":{"@id":"https:\/\/kylkirauta.fi\/index.php\/2018\/06\/02\/maanpuolustustahto-vanha-kasite-voimissaan\/#breadcrumb"},"inLanguage":"fi","potentialAction":[{"@type":"ReadAction","target":["https:\/\/kylkirauta.fi\/index.php\/2018\/06\/02\/maanpuolustustahto-vanha-kasite-voimissaan\/"]}]},{"@type":"ImageObject","inLanguage":"fi","@id":"https:\/\/kylkirauta.fi\/index.php\/2018\/06\/02\/maanpuolustustahto-vanha-kasite-voimissaan\/#primaryimage","url":"https:\/\/kylkirauta.fi\/wp-content\/uploads\/2019\/10\/Sinkko_uusi.jpeg","contentUrl":"https:\/\/kylkirauta.fi\/wp-content\/uploads\/2019\/10\/Sinkko_uusi.jpeg","width":369,"height":500,"caption":"ST Risto Sinkko"},{"@type":"BreadcrumbList","@id":"https:\/\/kylkirauta.fi\/index.php\/2018\/06\/02\/maanpuolustustahto-vanha-kasite-voimissaan\/#breadcrumb","itemListElement":[{"@type":"ListItem","position":1,"name":"Home","item":"https:\/\/kylkirauta.fi\/index.php\/home\/"},{"@type":"ListItem","position":2,"name":"Risto Sinkko: Maanpuolustustahto \u2013 vanha k\u00e4site voimissaan"}]},{"@type":"WebSite","@id":"https:\/\/kylkirauta.fi\/#website","url":"https:\/\/kylkirauta.fi\/","name":"Kylkirauta","description":"Kadettiupseerit yhteiskunnan palveluksessa","potentialAction":[{"@type":"SearchAction","target":{"@type":"EntryPoint","urlTemplate":"https:\/\/kylkirauta.fi\/?s={search_term_string}"},"query-input":{"@type":"PropertyValueSpecification","valueRequired":true,"valueName":"search_term_string"}}],"inLanguage":"fi"},{"@type":"Person","@id":"https:\/\/kylkirauta.fi\/#\/schema\/person\/714ab39a349c656b20d60a239be1d6f6","name":"Kari Sainio","sameAs":["http:\/\/www.kylkirauta.fi"],"url":"https:\/\/kylkirauta.fi\/index.php\/author\/karisain\/"}]}},"_links":{"self":[{"href":"https:\/\/kylkirauta.fi\/index.php\/wp-json\/wp\/v2\/posts\/883","targetHints":{"allow":["GET"]}}],"collection":[{"href":"https:\/\/kylkirauta.fi\/index.php\/wp-json\/wp\/v2\/posts"}],"about":[{"href":"https:\/\/kylkirauta.fi\/index.php\/wp-json\/wp\/v2\/types\/post"}],"author":[{"embeddable":true,"href":"https:\/\/kylkirauta.fi\/index.php\/wp-json\/wp\/v2\/users\/3"}],"replies":[{"embeddable":true,"href":"https:\/\/kylkirauta.fi\/index.php\/wp-json\/wp\/v2\/comments?post=883"}],"version-history":[{"count":6,"href":"https:\/\/kylkirauta.fi\/index.php\/wp-json\/wp\/v2\/posts\/883\/revisions"}],"predecessor-version":[{"id":2701,"href":"https:\/\/kylkirauta.fi\/index.php\/wp-json\/wp\/v2\/posts\/883\/revisions\/2701"}],"wp:attachment":[{"href":"https:\/\/kylkirauta.fi\/index.php\/wp-json\/wp\/v2\/media?parent=883"}],"wp:term":[{"taxonomy":"category","embeddable":true,"href":"https:\/\/kylkirauta.fi\/index.php\/wp-json\/wp\/v2\/categories?post=883"},{"taxonomy":"post_tag","embeddable":true,"href":"https:\/\/kylkirauta.fi\/index.php\/wp-json\/wp\/v2\/tags?post=883"}],"curies":[{"name":"wp","href":"https:\/\/api.w.org\/{rel}","templated":true}]}}