{"id":8522,"date":"2025-12-04T14:21:39","date_gmt":"2025-12-04T12:21:39","guid":{"rendered":"https:\/\/kylkirauta.fi\/?p=8522"},"modified":"2025-12-04T14:28:57","modified_gmt":"2025-12-04T12:28:57","slug":"kadetin-ajatuksia-25-ensimmainen-syksy-kadettina-kasvua-kuria-ja-yhteisollisyytta","status":"publish","type":"post","link":"https:\/\/kylkirauta.fi\/index.php\/2025\/12\/04\/kadetin-ajatuksia-25-ensimmainen-syksy-kadettina-kasvua-kuria-ja-yhteisollisyytta\/","title":{"rendered":"Kadetin ajatuksia 25 &#8211; Ensimm\u00e4inen syksy kadettina, kasvua, kuria ja yhteis\u00f6llisyytt\u00e4"},"content":{"rendered":"<div id='full_slider_1'  class='avia-fullwidth-slider main_color avia-shadow   avia-builder-el-0  el_before_av_one_full  avia-builder-el-first   container_wrap sidebar_right'  ><div  class='avia-slideshow av-l9olo-eba87a12f940917775723c57f530a7d6 avia-slideshow-no scaling av_slideshow_full avia-slide-slider av-slideshow-ui av-control-default av-slideshow-manual av-loop-once av-loop-manual-endless av-default-height-applied   avia-slideshow-1' data-slideshow-options=\"{&quot;animation&quot;:&quot;slide&quot;,&quot;autoplay&quot;:false,&quot;loop_autoplay&quot;:&quot;once&quot;,&quot;interval&quot;:5,&quot;loop_manual&quot;:&quot;manual-endless&quot;,&quot;autoplay_stopper&quot;:false,&quot;noNavigation&quot;:false,&quot;bg_slider&quot;:false,&quot;keep_padding&quot;:false,&quot;hoverpause&quot;:false,&quot;show_slide_delay&quot;:0}\"  itemprop=\"image\" itemscope=\"itemscope\" itemtype=\"https:\/\/schema.org\/ImageObject\" ><ul class='avia-slideshow-inner ' style='padding-bottom: 15.283203125%;'><li  class='avia-slideshow-slide av-l9olo-eba87a12f940917775723c57f530a7d6__0  av-single-slide slide-1 slide-odd'><div data-rel='slideshow-1' class='avia-slide-wrap '   ><img decoding=\"async\" fetchpriority=\"high\" class=\"wp-image-3149 avia-img-lazy-loading-not-3149\"  src=\"https:\/\/kylkirauta.fi\/wp-content\/uploads\/2020\/02\/miekka_logo_v2.png\" width=\"2048\" height=\"313\" title='miekka_logo_v2' alt=''  itemprop=\"thumbnailUrl\" srcset=\"https:\/\/kylkirauta.fi\/wp-content\/uploads\/2020\/02\/miekka_logo_v2.png 2048w, https:\/\/kylkirauta.fi\/wp-content\/uploads\/2020\/02\/miekka_logo_v2-300x46.png 300w, https:\/\/kylkirauta.fi\/wp-content\/uploads\/2020\/02\/miekka_logo_v2-1030x157.png 1030w, https:\/\/kylkirauta.fi\/wp-content\/uploads\/2020\/02\/miekka_logo_v2-768x117.png 768w, https:\/\/kylkirauta.fi\/wp-content\/uploads\/2020\/02\/miekka_logo_v2-1536x235.png 1536w, https:\/\/kylkirauta.fi\/wp-content\/uploads\/2020\/02\/miekka_logo_v2-1500x229.png 1500w, https:\/\/kylkirauta.fi\/wp-content\/uploads\/2020\/02\/miekka_logo_v2-705x108.png 705w\" sizes=\"(max-width: 2048px) 100vw, 2048px\" \/><\/div><\/li><\/ul><\/div><\/div><div id='after_full_slider_1'  class='main_color av_default_container_wrap container_wrap sidebar_right'  ><div class='container av-section-cont-open' ><div class='template-page content  av-content-small alpha units'><div class='post-entry post-entry-type-page post-entry-8522'><div class='entry-content-wrapper clearfix'>\n\n<style type=\"text\/css\" data-created_by=\"avia_inline_auto\" id=\"style-css-av-km4zs-0614ada41eb3461e6efbb361dfbae970\">\n.flex_column.av-km4zs-0614ada41eb3461e6efbb361dfbae970{\nborder-radius:0px 0px 0px 0px;\npadding:0px 0px 0px 0px;\n}\n<\/style>\n<div  class='flex_column av-km4zs-0614ada41eb3461e6efbb361dfbae970 av_one_full  avia-builder-el-1  el_after_av_slideshow_full  el_before_av_hr  avia-builder-el-first  first flex_column_div av-zero-column-padding  '     ><p>\n<style type=\"text\/css\" data-created_by=\"avia_inline_auto\" id=\"style-css-av-2q1d15-19dca4c06086a53130e631944a36e24e\">\n#top .av-special-heading.av-2q1d15-19dca4c06086a53130e631944a36e24e{\npadding-bottom:10px;\n}\nbody .av-special-heading.av-2q1d15-19dca4c06086a53130e631944a36e24e .av-special-heading-tag .heading-char{\nfont-size:25px;\n}\n.av-special-heading.av-2q1d15-19dca4c06086a53130e631944a36e24e .av-subheading{\nfont-size:15px;\n}\n<\/style>\n<div  class='av-special-heading av-2q1d15-19dca4c06086a53130e631944a36e24e av-special-heading-h3  avia-builder-el-2  el_before_av_hr  avia-builder-el-first  av-linked-heading'><h3 class='av-special-heading-tag'  itemprop=\"headline\"  >Kadetin ajatuksia 25 &#8211; Ensimm\u00e4inen syksy kadettina, kasvua, kuria ja yhteis\u00f6llisyytt\u00e4<\/h3><div class=\"special-heading-border\"><div class=\"special-heading-inner-border\"><\/div><\/div><\/div><br \/>\n\n<style type=\"text\/css\" data-created_by=\"avia_inline_auto\" id=\"style-css-av-k1to1iy9-0b4b8d7a542aef095c0d71f3b4e8b649\">\n#top .hr.hr-invisible.av-k1to1iy9-0b4b8d7a542aef095c0d71f3b4e8b649{\nheight:20px;\n}\n<\/style>\n<div  class='hr av-k1to1iy9-0b4b8d7a542aef095c0d71f3b4e8b649 hr-invisible  avia-builder-el-3  el_after_av_heading  el_before_av_textblock '><span class='hr-inner '><span class=\"hr-inner-style\"><\/span><\/span><\/div><br \/>\n<section  class='av_textblock_section av-k8d08-b6982eb89db820e3f2ea785bf1b317fd '   itemscope=\"itemscope\" itemtype=\"https:\/\/schema.org\/BlogPosting\" itemprop=\"blogPost\" ><div class='avia_textblock'  itemprop=\"text\" ><div id=\"attachment_8524\" style=\"width: 220px\" class=\"wp-caption alignright\"><img loading=\"lazy\" decoding=\"async\" aria-describedby=\"caption-attachment-8524\" class=\"wp-image-8524 size-medium\" src=\"https:\/\/kylkirauta.fi\/wp-content\/uploads\/2025\/12\/Konola-02122025-passikuva-210x300.jpg\" alt=\"\" width=\"210\" height=\"300\" srcset=\"https:\/\/kylkirauta.fi\/wp-content\/uploads\/2025\/12\/Konola-02122025-passikuva-210x300.jpg 210w, https:\/\/kylkirauta.fi\/wp-content\/uploads\/2025\/12\/Konola-02122025-passikuva-494x705.jpg 494w, https:\/\/kylkirauta.fi\/wp-content\/uploads\/2025\/12\/Konola-02122025-passikuva.jpg 514w\" sizes=\"auto, (max-width: 210px) 100vw, 210px\" \/><p id=\"caption-attachment-8524\" class=\"wp-caption-text\">Kadetti Rebekka Konola<\/p><\/div>\n<p><strong>\u201dSimppukurssin\u201d (1. vuosikurssi) ty\u00f6nt\u00e4yteinen, mutta sit\u00e4kin antoisampi syksy on tulossa pian p\u00e4\u00e4t\u00f6kseen. Syksyn maastoharjoitukset sek\u00e4 p\u00e4\u00e4osa teoriasuoritteista ovat jo takana p\u00e4in. Huhupuheiden mukaan Kadettikoulun ensimm\u00e4inen syksyn on sanottu olevan ylitsep\u00e4\u00e4sem\u00e4tt\u00f6m\u00e4n raskasta aikaa. Uskallan v\u00e4itt\u00e4\u00e4 toisin.<\/strong><\/p>\n<p>Lukukauden ensimm\u00e4isist\u00e4 p\u00e4ivist\u00e4 alkaen kadettien toiminnassa on korostunut kurssin yhteis\u00f6llisyys ja kadettitoveruus. Erityisesti maastoharjoituksissa kadettien kyky ja halu laittaa muiden etu oman etunsa edelle korostaa n\u00e4it\u00e4 edell\u00e4 mainittuja piirteit\u00e4. Jokaisella on omat erilaiset l\u00e4ht\u00f6kohdat ja olemme yksil\u00f6in\u00e4 erilaisia. Kuitenkin kohtelemme jokaista kurssitoveria kunnioituksella, vaikka n\u00e4kemykset eiv\u00e4t aina kohtaisikaan. Kaveria ei j\u00e4tet\u00e4 vaikean tilanteen tultua. Syksyn aikana, kun olen itse kokenut vaikeita tilanteita, on ollut uskomattoman lohduttavaa huomata, ettei koskaan ole yksin omien ongelmiensa kanssa. Vertaistukea l\u00f6ytyy aina, koskee pulmat sitten opintoja tai siviiliel\u00e4m\u00e4\u00e4.<\/p>\n<p>Opinnoista olemme saaneet suuren m\u00e4\u00e4r\u00e4n ev\u00e4it\u00e4 kouluttajana, sotilaina ja yksil\u00f6in\u00e4 kehittymiseen. K\u00e4yt\u00e4nn\u00f6n tekemist\u00e4 on pohjustanut runsas m\u00e4\u00e4r\u00e4 teoriaa. Opinnoissa my\u00f6nteisen\u00e4 yll\u00e4tyksen\u00e4 on tullut kouluttajien valmentava ote, joka on lis\u00e4nnyt omaa opiskelumotivaatiotani. Mielekkyytt\u00e4 opinnoissa lis\u00e4\u00e4 my\u00f6s teorian ja k\u00e4yt\u00e4nn\u00f6n tasapaino. Kurssit on rakennettu tavalla, joka tukee opiskelijoiden oppimista. Kursseilla korostuu erityisesti ajatusmaailman avartuminen ja kriittisen ajattelun kehittyminen.<\/p>\n<p>Syksyn yliopistoarkea on helpottanut huomattavasti my\u00f6s harrastusmahdollisuuksien saatavuus kampuksella. Itse olen hy\u00f6dynt\u00e4nyt koulun kuntosalia, uimahallia ja juoksurataa aktiivisesti. Kadeteilta vaaditaan kunnon yll\u00e4pitoa ja parantamista, siksi liikuntamahdollisuudet ovatkin k\u00e4den ulottuvilla. Lis\u00e4ksi mm. koulun kuorotoiminta on ollut mielek\u00e4s lis\u00e4 harrastuksiin. Omalla kohdallani lauluharrastuksen jatkaminen on kuoron avulla tehty todella helpoksi. Kuorossa \u00e4\u00e4nenjohtajana p\u00e4\u00e4sen kehitt\u00e4m\u00e4\u00e4n sek\u00e4 toteuttamaan itse\u00e4ni viel\u00e4 entist\u00e4 enemm\u00e4n. N\u00e4iden lis\u00e4ksi somekadetin teht\u00e4v\u00e4t tuovat mukavaa vaihtelevuutta tiiviiseen opiskeluun. Sometiimiin on valikoitunut motivoituneita ja osaavia yksil\u00f6it\u00e4, joten ty\u00f6nteko sek\u00e4 yhteisty\u00f6 heid\u00e4n kanssaan on todella sujuvaa.<\/p>\n<p>Vaikka syksy onkin tarjonnut hetkitt\u00e4in hieman haastavampiakin hetki\u00e4, silloinkin olen tuntenut kiitollisuutta omasta opiskelupaikastani Maanpuolustuskorkeakoulussa. Opintojen tarjoamat haasteet pakottavat meid\u00e4t yksil\u00f6in\u00e4 ep\u00e4mukavuusalueelle, joka takaa kehityksen. Kadettikoulun tarjoamat kokemukset kasvattavat luonnetta ja vahvistavat yksil\u00f6n valmiuksia toimimaan tulevissa upseerin teht\u00e4viss\u00e4.<\/p>\n<p>Katseet voi pian jo k\u00e4\u00e4nt\u00e4\u00e4 tammikuun Vuosangan ampumaharjoitukseen. Keskityt\u00e4\u00e4n kuitenkin ensin nauttimaan loppusyksyst\u00e4 kurssitovereiden seurassa ja lukukauden p\u00e4\u00e4tteeksi joululomasta.<\/p>\n<p style=\"text-align: center;\">***<\/p>\n<p><em>Kirjoittaja opiskelee 112. kadettikurssilla maavoimien koulutusohjelmassa.<\/em><\/p>\n<p><em>\u00a0<\/em><\/p>\n<\/div><\/section><\/p><\/div><div  class='hr av-24tmga-ca34d41ef5ec5fc4314b98a56dee3817 hr-default  avia-builder-el-5  el_after_av_one_full  el_before_av_blog '><span class='hr-inner '><span class=\"hr-inner-style\"><\/span><\/span><\/div><\/p>\n<div  class='av-alb-blogposts template-blog  '  itemscope=\"itemscope\" itemtype=\"https:\/\/schema.org\/Blog\" ><article class=\"post-entry post-entry-type-standard post-entry-8522 post-loop-1 post-parity-odd bloglist-simple with-slider post-8522 post type-post status-publish format-standard has-post-thumbnail hentry category-115 category-blogi category-blogi-2025\"  itemscope=\"itemscope\" itemtype=\"https:\/\/schema.org\/BlogPosting\" ><div class=\"blog-meta\"><\/div><div class='entry-content-wrapper clearfix standard-content'><header class=\"entry-content-header\"><h2 class='post-title entry-title '  itemprop=\"headline\" ><a href=\"https:\/\/kylkirauta.fi\/index.php\/2025\/12\/04\/kadetin-ajatuksia-25-ensimmainen-syksy-kadettina-kasvua-kuria-ja-yhteisollisyytta\/\" rel=\"bookmark\" title=\"Permanent Link: Kadetin ajatuksia 25 &#8211; Ensimm\u00e4inen syksy kadettina, kasvua, kuria ja yhteis\u00f6llisyytt\u00e4\">Kadetin ajatuksia 25 &#8211; Ensimm\u00e4inen syksy kadettina, kasvua, kuria ja yhteis\u00f6llisyytt\u00e4<span class=\"post-format-icon minor-meta\"><\/span><\/a><\/h2><span class=\"post-meta-infos\"><time class=\"date-container minor-meta updated\"  itemprop=\"datePublished\" datetime=\"2025-12-04T14:21:39+02:00\" >4.12.2025<\/time><span class=\"text-sep\">\/<\/span><span class=\"blog-categories minor-meta\">in <a href=\"https:\/\/kylkirauta.fi\/index.php\/category\/2025\/\" rel=\"tag\">2025<\/a>, <a href=\"https:\/\/kylkirauta.fi\/index.php\/category\/blogi\/\" rel=\"tag\">Blogi<\/a>, <a href=\"https:\/\/kylkirauta.fi\/index.php\/category\/blogi-2025\/\" rel=\"tag\">Blogi 2025<\/a><\/span><span class=\"text-sep\">\/<\/span><span class=\"blog-author minor-meta\">by <span class=\"entry-author-link\"  itemprop=\"author\" ><span class=\"author\"><span class=\"fn\"><a href=\"https:\/\/kylkirauta.fi\/index.php\/author\/karisain\/\" title=\"Kirjoittanut: Kari Sainio\" rel=\"author\">Kari Sainio<\/a><\/span><\/span><\/span><\/span><div class=\"read-more-link\"><a href=\"https:\/\/kylkirauta.fi\/index.php\/2025\/12\/04\/kadetin-ajatuksia-25-ensimmainen-syksy-kadettina-kasvua-kuria-ja-yhteisollisyytta\/\" class=\"more-link\">Read more<span class=\"more-link-arrow\"><\/span><\/a><\/div><\/span><\/header><footer class=\"entry-footer\"><\/footer><div class='post_delimiter'><\/div><\/div><div class=\"post_author_timeline\"><\/div><span class='hidden'>\n\t\t\t\t<span class='av-structured-data'  itemprop=\"image\" itemscope=\"itemscope\" itemtype=\"https:\/\/schema.org\/ImageObject\" >\n\t\t\t\t\t\t<span itemprop='url'>https:\/\/kylkirauta.fi\/wp-content\/uploads\/2025\/12\/Konola-02122025-Artikkeli-3.jpg<\/span>\n\t\t\t\t\t\t<span itemprop='height'>487<\/span>\n\t\t\t\t\t\t<span itemprop='width'>843<\/span>\n\t\t\t\t<\/span>\n\t\t\t\t<span class='av-structured-data'  itemprop=\"publisher\" itemtype=\"https:\/\/schema.org\/Organization\" itemscope=\"itemscope\" >\n\t\t\t\t\t\t<span itemprop='name'>Kari Sainio<\/span>\n\t\t\t\t\t\t<span itemprop='logo' itemscope itemtype='https:\/\/schema.org\/ImageObject'>\n\t\t\t\t\t\t\t<span itemprop='url'>https:\/\/kylkirauta.fi\/wp-content\/uploads\/2020\/02\/kkunta_weblogo-100x100-1.png<\/span>\n\t\t\t\t\t\t<\/span>\n\t\t\t\t<\/span><span class='av-structured-data'  itemprop=\"author\" itemscope=\"itemscope\" itemtype=\"https:\/\/schema.org\/Person\" ><span itemprop='name'>Kari Sainio<\/span><\/span><span class='av-structured-data'  itemprop=\"datePublished\" datetime=\"2025-12-04T14:21:39+02:00\" >2025-12-04 14:21:39<\/span><span class='av-structured-data'  itemprop=\"dateModified\" itemtype=\"https:\/\/schema.org\/dateModified\" >2025-12-04 14:28:57<\/span><span class='av-structured-data'  itemprop=\"mainEntityOfPage\" itemtype=\"https:\/\/schema.org\/mainEntityOfPage\" ><span itemprop='name'>Kadetin ajatuksia 25 &#8211; Ensimm\u00e4inen syksy kadettina, kasvua, kuria ja yhteis\u00f6llisyytt\u00e4<\/span><\/span><\/span><\/article><article class=\"post-entry post-entry-type-standard post-entry-8485 post-loop-2 post-parity-even bloglist-simple with-slider post-8485 post type-post status-publish format-standard has-post-thumbnail hentry category-115 category-blogi category-blogi-2025\"  itemscope=\"itemscope\" itemtype=\"https:\/\/schema.org\/BlogPosting\" ><div class=\"blog-meta\"><\/div><div class='entry-content-wrapper clearfix standard-content'><header class=\"entry-content-header\"><h2 class='post-title entry-title '  itemprop=\"headline\" ><a href=\"https:\/\/kylkirauta.fi\/index.php\/2025\/11\/05\/vihijohtaja-liiallinen-tyomaara-liian-vahan-tekijoita-ja-liian-laaja-tehtavakentta\/\" rel=\"bookmark\" title=\"Permanent Link: Vihijohtaja: \u201dLiiallinen ty\u00f6m\u00e4\u00e4r\u00e4, liian v\u00e4h\u00e4n tekij\u00f6it\u00e4 ja liian laaja teht\u00e4v\u00e4kentt\u00e4\u201d\">Vihijohtaja: \u201dLiiallinen ty\u00f6m\u00e4\u00e4r\u00e4, liian v\u00e4h\u00e4n tekij\u00f6it\u00e4 ja liian laaja teht\u00e4v\u00e4kentt\u00e4\u201d<span class=\"post-format-icon minor-meta\"><\/span><\/a><\/h2><span class=\"post-meta-infos\"><time class=\"date-container minor-meta updated\"  itemprop=\"datePublished\" datetime=\"2025-11-05T13:26:35+02:00\" >5.11.2025<\/time><span class=\"text-sep\">\/<\/span><span class=\"blog-categories minor-meta\">in <a href=\"https:\/\/kylkirauta.fi\/index.php\/category\/2025\/\" rel=\"tag\">2025<\/a>, <a href=\"https:\/\/kylkirauta.fi\/index.php\/category\/blogi\/\" rel=\"tag\">Blogi<\/a>, <a href=\"https:\/\/kylkirauta.fi\/index.php\/category\/blogi-2025\/\" rel=\"tag\">Blogi 2025<\/a><\/span><span class=\"text-sep\">\/<\/span><span class=\"blog-author minor-meta\">by <span class=\"entry-author-link\"  itemprop=\"author\" ><span class=\"author\"><span class=\"fn\"><a href=\"https:\/\/kylkirauta.fi\/index.php\/author\/karisain\/\" title=\"Kirjoittanut: Kari Sainio\" rel=\"author\">Kari Sainio<\/a><\/span><\/span><\/span><\/span><div class=\"read-more-link\"><a href=\"https:\/\/kylkirauta.fi\/index.php\/2025\/11\/05\/vihijohtaja-liiallinen-tyomaara-liian-vahan-tekijoita-ja-liian-laaja-tehtavakentta\/\" class=\"more-link\">Read more<span class=\"more-link-arrow\"><\/span><\/a><\/div><\/span><\/header><footer class=\"entry-footer\"><\/footer><div class='post_delimiter'><\/div><\/div><div class=\"post_author_timeline\"><\/div><span class='hidden'>\n\t\t\t\t<span class='av-structured-data'  itemprop=\"image\" itemscope=\"itemscope\" itemtype=\"https:\/\/schema.org\/ImageObject\" >\n\t\t\t\t\t\t<span itemprop='url'>https:\/\/kylkirauta.fi\/wp-content\/uploads\/2025\/11\/Vihijohtaja-marras-2025-artikkeli-paivitetty.jpg<\/span>\n\t\t\t\t\t\t<span itemprop='height'>487<\/span>\n\t\t\t\t\t\t<span itemprop='width'>843<\/span>\n\t\t\t\t<\/span>\n\t\t\t\t<span class='av-structured-data'  itemprop=\"publisher\" itemtype=\"https:\/\/schema.org\/Organization\" itemscope=\"itemscope\" >\n\t\t\t\t\t\t<span itemprop='name'>Kari Sainio<\/span>\n\t\t\t\t\t\t<span itemprop='logo' itemscope itemtype='https:\/\/schema.org\/ImageObject'>\n\t\t\t\t\t\t\t<span itemprop='url'>https:\/\/kylkirauta.fi\/wp-content\/uploads\/2020\/02\/kkunta_weblogo-100x100-1.png<\/span>\n\t\t\t\t\t\t<\/span>\n\t\t\t\t<\/span><span class='av-structured-data'  itemprop=\"author\" itemscope=\"itemscope\" itemtype=\"https:\/\/schema.org\/Person\" ><span itemprop='name'>Kari Sainio<\/span><\/span><span class='av-structured-data'  itemprop=\"datePublished\" datetime=\"2025-11-05T13:26:35+02:00\" >2025-11-05 13:26:35<\/span><span class='av-structured-data'  itemprop=\"dateModified\" itemtype=\"https:\/\/schema.org\/dateModified\" >2025-11-05 13:47:41<\/span><span class='av-structured-data'  itemprop=\"mainEntityOfPage\" itemtype=\"https:\/\/schema.org\/mainEntityOfPage\" ><span itemprop='name'>Vihijohtaja: \u201dLiiallinen ty\u00f6m\u00e4\u00e4r\u00e4, liian v\u00e4h\u00e4n tekij\u00f6it\u00e4 ja liian laaja teht\u00e4v\u00e4kentt\u00e4\u201d<\/span><\/span><\/span><\/article><article class=\"post-entry post-entry-type-standard post-entry-8466 post-loop-3 post-parity-odd bloglist-simple with-slider post-8466 post type-post status-publish format-standard has-post-thumbnail hentry category-115 category-blogi category-blogi-2025\"  itemscope=\"itemscope\" itemtype=\"https:\/\/schema.org\/BlogPosting\" ><div class=\"blog-meta\"><\/div><div class='entry-content-wrapper clearfix standard-content'><header class=\"entry-content-header\"><h2 class='post-title entry-title '  itemprop=\"headline\" ><a href=\"https:\/\/kylkirauta.fi\/index.php\/2025\/10\/28\/kadetin-ajatuksia-24-nuorten-maanpuolustuskeskustelut-santahaminassa\/\" rel=\"bookmark\" title=\"Permanent Link: Kadetin ajatuksia 24 &#8211; Nuorten Maanpuolustuskeskustelut Santahaminassa\">Kadetin ajatuksia 24 &#8211; Nuorten Maanpuolustuskeskustelut Santahaminassa<span class=\"post-format-icon minor-meta\"><\/span><\/a><\/h2><span class=\"post-meta-infos\"><time class=\"date-container minor-meta updated\"  itemprop=\"datePublished\" datetime=\"2025-10-28T18:17:40+02:00\" >28.10.2025<\/time><span class=\"text-sep\">\/<\/span><span class=\"blog-categories minor-meta\">in <a href=\"https:\/\/kylkirauta.fi\/index.php\/category\/2025\/\" rel=\"tag\">2025<\/a>, <a href=\"https:\/\/kylkirauta.fi\/index.php\/category\/blogi\/\" rel=\"tag\">Blogi<\/a>, <a href=\"https:\/\/kylkirauta.fi\/index.php\/category\/blogi-2025\/\" rel=\"tag\">Blogi 2025<\/a><\/span><span class=\"text-sep\">\/<\/span><span class=\"blog-author minor-meta\">by <span class=\"entry-author-link\"  itemprop=\"author\" ><span class=\"author\"><span class=\"fn\"><a href=\"https:\/\/kylkirauta.fi\/index.php\/author\/karisain\/\" title=\"Kirjoittanut: Kari Sainio\" rel=\"author\">Kari Sainio<\/a><\/span><\/span><\/span><\/span><div class=\"read-more-link\"><a href=\"https:\/\/kylkirauta.fi\/index.php\/2025\/10\/28\/kadetin-ajatuksia-24-nuorten-maanpuolustuskeskustelut-santahaminassa\/\" class=\"more-link\">Read more<span class=\"more-link-arrow\"><\/span><\/a><\/div><\/span><\/header><footer class=\"entry-footer\"><\/footer><div class='post_delimiter'><\/div><\/div><div class=\"post_author_timeline\"><\/div><span class='hidden'>\n\t\t\t\t<span class='av-structured-data'  itemprop=\"image\" itemscope=\"itemscope\" itemtype=\"https:\/\/schema.org\/ImageObject\" >\n\t\t\t\t\t\t<span itemprop='url'>https:\/\/kylkirauta.fi\/wp-content\/uploads\/2025\/10\/Maanpuolustuskeskustelut-2025-artikkeli-2.jpg<\/span>\n\t\t\t\t\t\t<span itemprop='height'>487<\/span>\n\t\t\t\t\t\t<span itemprop='width'>843<\/span>\n\t\t\t\t<\/span>\n\t\t\t\t<span class='av-structured-data'  itemprop=\"publisher\" itemtype=\"https:\/\/schema.org\/Organization\" itemscope=\"itemscope\" >\n\t\t\t\t\t\t<span itemprop='name'>Kari Sainio<\/span>\n\t\t\t\t\t\t<span itemprop='logo' itemscope itemtype='https:\/\/schema.org\/ImageObject'>\n\t\t\t\t\t\t\t<span itemprop='url'>https:\/\/kylkirauta.fi\/wp-content\/uploads\/2020\/02\/kkunta_weblogo-100x100-1.png<\/span>\n\t\t\t\t\t\t<\/span>\n\t\t\t\t<\/span><span class='av-structured-data'  itemprop=\"author\" itemscope=\"itemscope\" itemtype=\"https:\/\/schema.org\/Person\" ><span itemprop='name'>Kari Sainio<\/span><\/span><span class='av-structured-data'  itemprop=\"datePublished\" datetime=\"2025-10-28T18:17:40+02:00\" >2025-10-28 18:17:40<\/span><span class='av-structured-data'  itemprop=\"dateModified\" itemtype=\"https:\/\/schema.org\/dateModified\" >2025-10-28 18:18:58<\/span><span class='av-structured-data'  itemprop=\"mainEntityOfPage\" itemtype=\"https:\/\/schema.org\/mainEntityOfPage\" ><span itemprop='name'>Kadetin ajatuksia 24 &#8211; Nuorten Maanpuolustuskeskustelut Santahaminassa<\/span><\/span><\/span><\/article><article class=\"post-entry post-entry-type-standard post-entry-8409 post-loop-4 post-parity-even bloglist-simple with-slider post-8409 post type-post status-publish format-standard has-post-thumbnail hentry category-115 category-blogi category-blogi-2025\"  itemscope=\"itemscope\" itemtype=\"https:\/\/schema.org\/BlogPosting\" ><div class=\"blog-meta\"><\/div><div class='entry-content-wrapper clearfix standard-content'><header class=\"entry-content-header\"><h2 class='post-title entry-title '  itemprop=\"headline\" ><a href=\"https:\/\/kylkirauta.fi\/index.php\/2025\/10\/15\/vihijohtaja-informaatiovaikuttaminen-kokonaisvaltaista-narratiivia-ja-strategista-viestintaa\/\" rel=\"bookmark\" title=\"Permanent Link: Vihijohtaja: Informaatiovaikuttaminen \u2013 kokonaisvaltaista narratiivia ja strategista viestint\u00e4\u00e4\">Vihijohtaja: Informaatiovaikuttaminen \u2013 kokonaisvaltaista narratiivia ja strategista viestint\u00e4\u00e4<span class=\"post-format-icon minor-meta\"><\/span><\/a><\/h2><span class=\"post-meta-infos\"><time class=\"date-container minor-meta updated\"  itemprop=\"datePublished\" datetime=\"2025-10-15T12:14:31+03:00\" >15.10.2025<\/time><span class=\"text-sep\">\/<\/span><span class=\"blog-categories minor-meta\">in <a href=\"https:\/\/kylkirauta.fi\/index.php\/category\/2025\/\" rel=\"tag\">2025<\/a>, <a href=\"https:\/\/kylkirauta.fi\/index.php\/category\/blogi\/\" rel=\"tag\">Blogi<\/a>, <a href=\"https:\/\/kylkirauta.fi\/index.php\/category\/blogi-2025\/\" rel=\"tag\">Blogi 2025<\/a><\/span><span class=\"text-sep\">\/<\/span><span class=\"blog-author minor-meta\">by <span class=\"entry-author-link\"  itemprop=\"author\" ><span class=\"author\"><span class=\"fn\"><a href=\"https:\/\/kylkirauta.fi\/index.php\/author\/karisain\/\" title=\"Kirjoittanut: Kari Sainio\" rel=\"author\">Kari Sainio<\/a><\/span><\/span><\/span><\/span><div class=\"read-more-link\"><a href=\"https:\/\/kylkirauta.fi\/index.php\/2025\/10\/15\/vihijohtaja-informaatiovaikuttaminen-kokonaisvaltaista-narratiivia-ja-strategista-viestintaa\/\" class=\"more-link\">Read more<span class=\"more-link-arrow\"><\/span><\/a><\/div><\/span><\/header><footer class=\"entry-footer\"><\/footer><div class='post_delimiter'><\/div><\/div><div class=\"post_author_timeline\"><\/div><span class='hidden'>\n\t\t\t\t<span class='av-structured-data'  itemprop=\"image\" itemscope=\"itemscope\" itemtype=\"https:\/\/schema.org\/ImageObject\" >\n\t\t\t\t\t\t<span itemprop='url'>https:\/\/kylkirauta.fi\/wp-content\/uploads\/2025\/10\/Saressalo-artikkeli.jpg<\/span>\n\t\t\t\t\t\t<span itemprop='height'>487<\/span>\n\t\t\t\t\t\t<span itemprop='width'>843<\/span>\n\t\t\t\t<\/span>\n\t\t\t\t<span class='av-structured-data'  itemprop=\"publisher\" itemtype=\"https:\/\/schema.org\/Organization\" itemscope=\"itemscope\" >\n\t\t\t\t\t\t<span itemprop='name'>Kari Sainio<\/span>\n\t\t\t\t\t\t<span itemprop='logo' itemscope itemtype='https:\/\/schema.org\/ImageObject'>\n\t\t\t\t\t\t\t<span itemprop='url'>https:\/\/kylkirauta.fi\/wp-content\/uploads\/2020\/02\/kkunta_weblogo-100x100-1.png<\/span>\n\t\t\t\t\t\t<\/span>\n\t\t\t\t<\/span><span class='av-structured-data'  itemprop=\"author\" itemscope=\"itemscope\" itemtype=\"https:\/\/schema.org\/Person\" ><span itemprop='name'>Kari Sainio<\/span><\/span><span class='av-structured-data'  itemprop=\"datePublished\" datetime=\"2025-10-15T12:14:31+03:00\" >2025-10-15 12:14:31<\/span><span class='av-structured-data'  itemprop=\"dateModified\" itemtype=\"https:\/\/schema.org\/dateModified\" >2025-10-15 12:14:31<\/span><span class='av-structured-data'  itemprop=\"mainEntityOfPage\" itemtype=\"https:\/\/schema.org\/mainEntityOfPage\" ><span itemprop='name'>Vihijohtaja: Informaatiovaikuttaminen \u2013 kokonaisvaltaista narratiivia ja strategista viestint\u00e4\u00e4<\/span><\/span><\/span><\/article><article class=\"post-entry post-entry-type-standard post-entry-8368 post-loop-5 post-parity-odd post-entry-last bloglist-simple with-slider post-8368 post type-post status-publish format-standard has-post-thumbnail hentry category-115 category-blogi category-blogi-2025\"  itemscope=\"itemscope\" itemtype=\"https:\/\/schema.org\/BlogPosting\" ><div class=\"blog-meta\"><\/div><div class='entry-content-wrapper clearfix standard-content'><header class=\"entry-content-header\"><h2 class='post-title entry-title '  itemprop=\"headline\" ><a href=\"https:\/\/kylkirauta.fi\/index.php\/2025\/09\/08\/vihijohtaja-katupoika-kognitiivisena-sodankavijana\/\" rel=\"bookmark\" title=\"Permanent Link: Vihijohtaja: Katupoika kognitiivisena sodank\u00e4vij\u00e4n\u00e4\">Vihijohtaja: Katupoika kognitiivisena sodank\u00e4vij\u00e4n\u00e4<span class=\"post-format-icon minor-meta\"><\/span><\/a><\/h2><span class=\"post-meta-infos\"><time class=\"date-container minor-meta updated\"  itemprop=\"datePublished\" datetime=\"2025-09-08T12:13:15+03:00\" >8.9.2025<\/time><span class=\"text-sep\">\/<\/span><span class=\"blog-categories minor-meta\">in <a href=\"https:\/\/kylkirauta.fi\/index.php\/category\/2025\/\" rel=\"tag\">2025<\/a>, <a href=\"https:\/\/kylkirauta.fi\/index.php\/category\/blogi\/\" rel=\"tag\">Blogi<\/a>, <a href=\"https:\/\/kylkirauta.fi\/index.php\/category\/blogi-2025\/\" rel=\"tag\">Blogi 2025<\/a><\/span><span class=\"text-sep\">\/<\/span><span class=\"blog-author minor-meta\">by <span class=\"entry-author-link\"  itemprop=\"author\" ><span class=\"author\"><span class=\"fn\"><a href=\"https:\/\/kylkirauta.fi\/index.php\/author\/karisain\/\" title=\"Kirjoittanut: Kari Sainio\" rel=\"author\">Kari Sainio<\/a><\/span><\/span><\/span><\/span><div class=\"read-more-link\"><a href=\"https:\/\/kylkirauta.fi\/index.php\/2025\/09\/08\/vihijohtaja-katupoika-kognitiivisena-sodankavijana\/\" class=\"more-link\">Read more<span class=\"more-link-arrow\"><\/span><\/a><\/div><\/span><\/header><footer class=\"entry-footer\"><\/footer><div class='post_delimiter'><\/div><\/div><div class=\"post_author_timeline\"><\/div><span class='hidden'>\n\t\t\t\t<span class='av-structured-data'  itemprop=\"image\" itemscope=\"itemscope\" itemtype=\"https:\/\/schema.org\/ImageObject\" >\n\t\t\t\t\t\t<span itemprop='url'>https:\/\/kylkirauta.fi\/wp-content\/uploads\/2025\/09\/Katupoika-08092025-artikkeli.jpg<\/span>\n\t\t\t\t\t\t<span itemprop='height'>487<\/span>\n\t\t\t\t\t\t<span itemprop='width'>843<\/span>\n\t\t\t\t<\/span>\n\t\t\t\t<span class='av-structured-data'  itemprop=\"publisher\" itemtype=\"https:\/\/schema.org\/Organization\" itemscope=\"itemscope\" >\n\t\t\t\t\t\t<span itemprop='name'>Kari Sainio<\/span>\n\t\t\t\t\t\t<span itemprop='logo' itemscope itemtype='https:\/\/schema.org\/ImageObject'>\n\t\t\t\t\t\t\t<span itemprop='url'>https:\/\/kylkirauta.fi\/wp-content\/uploads\/2020\/02\/kkunta_weblogo-100x100-1.png<\/span>\n\t\t\t\t\t\t<\/span>\n\t\t\t\t<\/span><span class='av-structured-data'  itemprop=\"author\" itemscope=\"itemscope\" itemtype=\"https:\/\/schema.org\/Person\" ><span itemprop='name'>Kari Sainio<\/span><\/span><span class='av-structured-data'  itemprop=\"datePublished\" datetime=\"2025-09-08T12:13:15+03:00\" >2025-09-08 12:13:15<\/span><span class='av-structured-data'  itemprop=\"dateModified\" itemtype=\"https:\/\/schema.org\/dateModified\" >2025-09-08 12:13:15<\/span><span class='av-structured-data'  itemprop=\"mainEntityOfPage\" itemtype=\"https:\/\/schema.org\/mainEntityOfPage\" ><span itemprop='name'>Vihijohtaja: Katupoika kognitiivisena sodank\u00e4vij\u00e4n\u00e4<\/span><\/span><\/span><\/article><div class='bloglist-simple'><nav class='pagination'><span class='pagination-meta'>Page 1 of 3<\/span><span class='current'>1<\/span><a href='https:\/\/kylkirauta.fi\/index.php\/wp-json\/wp\/v2\/posts\/8522\/page\/2\/' class='inactive next_page' >2<\/a><a href='https:\/\/kylkirauta.fi\/index.php\/wp-json\/wp\/v2\/posts\/8522\/page\/3\/' class='inactive' >3<\/a><\/nav>\n<\/div><\/div>\n","protected":false},"excerpt":{"rendered":"","protected":false},"author":3,"featured_media":8525,"comment_status":"closed","ping_status":"closed","sticky":false,"template":"","format":"standard","meta":{"footnotes":""},"categories":[115,3,117],"tags":[],"class_list":["post-8522","post","type-post","status-publish","format-standard","has-post-thumbnail","hentry","category-115","category-blogi","category-blogi-2025"],"yoast_head":"<!-- This site is optimized with the Yoast SEO plugin v27.5 - https:\/\/yoast.com\/product\/yoast-seo-wordpress\/ -->\n<title>Kadetin ajatuksia 25 - Ensimm\u00e4inen syksy kadettina, kasvua, kuria ja yhteis\u00f6llisyytt\u00e4 - Kylkirauta<\/title>\n<meta name=\"robots\" content=\"index, follow, max-snippet:-1, max-image-preview:large, max-video-preview:-1\" \/>\n<link rel=\"canonical\" href=\"https:\/\/kylkirauta.fi\/index.php\/2025\/12\/04\/kadetin-ajatuksia-25-ensimmainen-syksy-kadettina-kasvua-kuria-ja-yhteisollisyytta\/\" \/>\n<meta property=\"og:locale\" content=\"fi_FI\" \/>\n<meta property=\"og:type\" content=\"article\" \/>\n<meta property=\"og:title\" content=\"Kadetin ajatuksia 25 - Ensimm\u00e4inen syksy kadettina, kasvua, kuria ja yhteis\u00f6llisyytt\u00e4 - Kylkirauta\" \/>\n<meta property=\"og:url\" content=\"https:\/\/kylkirauta.fi\/index.php\/2025\/12\/04\/kadetin-ajatuksia-25-ensimmainen-syksy-kadettina-kasvua-kuria-ja-yhteisollisyytta\/\" \/>\n<meta property=\"og:site_name\" content=\"Kylkirauta\" \/>\n<meta property=\"article:published_time\" content=\"2025-12-04T12:21:39+00:00\" \/>\n<meta property=\"article:modified_time\" content=\"2025-12-04T12:28:57+00:00\" \/>\n<meta property=\"og:image\" content=\"https:\/\/kylkirauta.fi\/wp-content\/uploads\/2025\/12\/Konola-02122025-Artikkeli-3.jpg\" \/>\n\t<meta property=\"og:image:width\" content=\"843\" \/>\n\t<meta property=\"og:image:height\" content=\"487\" \/>\n\t<meta property=\"og:image:type\" content=\"image\/jpeg\" \/>\n<meta name=\"author\" content=\"Kari Sainio\" \/>\n<meta name=\"twitter:card\" content=\"summary_large_image\" \/>\n<meta name=\"twitter:label1\" content=\"Kirjoittanut\" \/>\n\t<meta name=\"twitter:data1\" content=\"Kari Sainio\" \/>\n\t<meta name=\"twitter:label2\" content=\"Arvioitu lukuaika\" \/>\n\t<meta name=\"twitter:data2\" content=\"4 minuuttia\" \/>\n<script type=\"application\/ld+json\" class=\"yoast-schema-graph\">{\"@context\":\"https:\\\/\\\/schema.org\",\"@graph\":[{\"@type\":\"Article\",\"@id\":\"https:\\\/\\\/kylkirauta.fi\\\/index.php\\\/2025\\\/12\\\/04\\\/kadetin-ajatuksia-25-ensimmainen-syksy-kadettina-kasvua-kuria-ja-yhteisollisyytta\\\/#article\",\"isPartOf\":{\"@id\":\"https:\\\/\\\/kylkirauta.fi\\\/index.php\\\/2025\\\/12\\\/04\\\/kadetin-ajatuksia-25-ensimmainen-syksy-kadettina-kasvua-kuria-ja-yhteisollisyytta\\\/\"},\"author\":{\"name\":\"Kari Sainio\",\"@id\":\"https:\\\/\\\/kylkirauta.fi\\\/#\\\/schema\\\/person\\\/714ab39a349c656b20d60a239be1d6f6\"},\"headline\":\"Kadetin ajatuksia 25 &#8211; Ensimm\u00e4inen syksy kadettina, kasvua, kuria ja yhteis\u00f6llisyytt\u00e4\",\"datePublished\":\"2025-12-04T12:21:39+00:00\",\"dateModified\":\"2025-12-04T12:28:57+00:00\",\"mainEntityOfPage\":{\"@id\":\"https:\\\/\\\/kylkirauta.fi\\\/index.php\\\/2025\\\/12\\\/04\\\/kadetin-ajatuksia-25-ensimmainen-syksy-kadettina-kasvua-kuria-ja-yhteisollisyytta\\\/\"},\"wordCount\":1020,\"image\":{\"@id\":\"https:\\\/\\\/kylkirauta.fi\\\/index.php\\\/2025\\\/12\\\/04\\\/kadetin-ajatuksia-25-ensimmainen-syksy-kadettina-kasvua-kuria-ja-yhteisollisyytta\\\/#primaryimage\"},\"thumbnailUrl\":\"https:\\\/\\\/kylkirauta.fi\\\/wp-content\\\/uploads\\\/2025\\\/12\\\/Konola-02122025-Artikkeli-3.jpg\",\"articleSection\":[\"2025\",\"Blogi\",\"Blogi 2025\"],\"inLanguage\":\"fi\"},{\"@type\":\"WebPage\",\"@id\":\"https:\\\/\\\/kylkirauta.fi\\\/index.php\\\/2025\\\/12\\\/04\\\/kadetin-ajatuksia-25-ensimmainen-syksy-kadettina-kasvua-kuria-ja-yhteisollisyytta\\\/\",\"url\":\"https:\\\/\\\/kylkirauta.fi\\\/index.php\\\/2025\\\/12\\\/04\\\/kadetin-ajatuksia-25-ensimmainen-syksy-kadettina-kasvua-kuria-ja-yhteisollisyytta\\\/\",\"name\":\"Kadetin ajatuksia 25 - Ensimm\u00e4inen syksy kadettina, kasvua, kuria ja yhteis\u00f6llisyytt\u00e4 - Kylkirauta\",\"isPartOf\":{\"@id\":\"https:\\\/\\\/kylkirauta.fi\\\/#website\"},\"primaryImageOfPage\":{\"@id\":\"https:\\\/\\\/kylkirauta.fi\\\/index.php\\\/2025\\\/12\\\/04\\\/kadetin-ajatuksia-25-ensimmainen-syksy-kadettina-kasvua-kuria-ja-yhteisollisyytta\\\/#primaryimage\"},\"image\":{\"@id\":\"https:\\\/\\\/kylkirauta.fi\\\/index.php\\\/2025\\\/12\\\/04\\\/kadetin-ajatuksia-25-ensimmainen-syksy-kadettina-kasvua-kuria-ja-yhteisollisyytta\\\/#primaryimage\"},\"thumbnailUrl\":\"https:\\\/\\\/kylkirauta.fi\\\/wp-content\\\/uploads\\\/2025\\\/12\\\/Konola-02122025-Artikkeli-3.jpg\",\"datePublished\":\"2025-12-04T12:21:39+00:00\",\"dateModified\":\"2025-12-04T12:28:57+00:00\",\"author\":{\"@id\":\"https:\\\/\\\/kylkirauta.fi\\\/#\\\/schema\\\/person\\\/714ab39a349c656b20d60a239be1d6f6\"},\"breadcrumb\":{\"@id\":\"https:\\\/\\\/kylkirauta.fi\\\/index.php\\\/2025\\\/12\\\/04\\\/kadetin-ajatuksia-25-ensimmainen-syksy-kadettina-kasvua-kuria-ja-yhteisollisyytta\\\/#breadcrumb\"},\"inLanguage\":\"fi\",\"potentialAction\":[{\"@type\":\"ReadAction\",\"target\":[\"https:\\\/\\\/kylkirauta.fi\\\/index.php\\\/2025\\\/12\\\/04\\\/kadetin-ajatuksia-25-ensimmainen-syksy-kadettina-kasvua-kuria-ja-yhteisollisyytta\\\/\"]}]},{\"@type\":\"ImageObject\",\"inLanguage\":\"fi\",\"@id\":\"https:\\\/\\\/kylkirauta.fi\\\/index.php\\\/2025\\\/12\\\/04\\\/kadetin-ajatuksia-25-ensimmainen-syksy-kadettina-kasvua-kuria-ja-yhteisollisyytta\\\/#primaryimage\",\"url\":\"https:\\\/\\\/kylkirauta.fi\\\/wp-content\\\/uploads\\\/2025\\\/12\\\/Konola-02122025-Artikkeli-3.jpg\",\"contentUrl\":\"https:\\\/\\\/kylkirauta.fi\\\/wp-content\\\/uploads\\\/2025\\\/12\\\/Konola-02122025-Artikkeli-3.jpg\",\"width\":843,\"height\":487},{\"@type\":\"BreadcrumbList\",\"@id\":\"https:\\\/\\\/kylkirauta.fi\\\/index.php\\\/2025\\\/12\\\/04\\\/kadetin-ajatuksia-25-ensimmainen-syksy-kadettina-kasvua-kuria-ja-yhteisollisyytta\\\/#breadcrumb\",\"itemListElement\":[{\"@type\":\"ListItem\",\"position\":1,\"name\":\"Home\",\"item\":\"https:\\\/\\\/kylkirauta.fi\\\/index.php\\\/home\\\/\"},{\"@type\":\"ListItem\",\"position\":2,\"name\":\"Kadetin ajatuksia 25 &#8211; Ensimm\u00e4inen syksy kadettina, kasvua, kuria ja yhteis\u00f6llisyytt\u00e4\"}]},{\"@type\":\"WebSite\",\"@id\":\"https:\\\/\\\/kylkirauta.fi\\\/#website\",\"url\":\"https:\\\/\\\/kylkirauta.fi\\\/\",\"name\":\"Kylkirauta\",\"description\":\"Kadettiupseerit yhteiskunnan palveluksessa\",\"potentialAction\":[{\"@type\":\"SearchAction\",\"target\":{\"@type\":\"EntryPoint\",\"urlTemplate\":\"https:\\\/\\\/kylkirauta.fi\\\/?s={search_term_string}\"},\"query-input\":{\"@type\":\"PropertyValueSpecification\",\"valueRequired\":true,\"valueName\":\"search_term_string\"}}],\"inLanguage\":\"fi\"},{\"@type\":\"Person\",\"@id\":\"https:\\\/\\\/kylkirauta.fi\\\/#\\\/schema\\\/person\\\/714ab39a349c656b20d60a239be1d6f6\",\"name\":\"Kari Sainio\",\"sameAs\":[\"http:\\\/\\\/www.kylkirauta.fi\"],\"url\":\"https:\\\/\\\/kylkirauta.fi\\\/index.php\\\/author\\\/karisain\\\/\"}]}<\/script>\n<!-- \/ Yoast SEO plugin. -->","yoast_head_json":{"title":"Kadetin ajatuksia 25 - Ensimm\u00e4inen syksy kadettina, kasvua, kuria ja yhteis\u00f6llisyytt\u00e4 - Kylkirauta","robots":{"index":"index","follow":"follow","max-snippet":"max-snippet:-1","max-image-preview":"max-image-preview:large","max-video-preview":"max-video-preview:-1"},"canonical":"https:\/\/kylkirauta.fi\/index.php\/2025\/12\/04\/kadetin-ajatuksia-25-ensimmainen-syksy-kadettina-kasvua-kuria-ja-yhteisollisyytta\/","og_locale":"fi_FI","og_type":"article","og_title":"Kadetin ajatuksia 25 - Ensimm\u00e4inen syksy kadettina, kasvua, kuria ja yhteis\u00f6llisyytt\u00e4 - Kylkirauta","og_url":"https:\/\/kylkirauta.fi\/index.php\/2025\/12\/04\/kadetin-ajatuksia-25-ensimmainen-syksy-kadettina-kasvua-kuria-ja-yhteisollisyytta\/","og_site_name":"Kylkirauta","article_published_time":"2025-12-04T12:21:39+00:00","article_modified_time":"2025-12-04T12:28:57+00:00","og_image":[{"width":843,"height":487,"url":"https:\/\/kylkirauta.fi\/wp-content\/uploads\/2025\/12\/Konola-02122025-Artikkeli-3.jpg","type":"image\/jpeg"}],"author":"Kari Sainio","twitter_card":"summary_large_image","twitter_misc":{"Kirjoittanut":"Kari Sainio","Arvioitu lukuaika":"4 minuuttia"},"schema":{"@context":"https:\/\/schema.org","@graph":[{"@type":"Article","@id":"https:\/\/kylkirauta.fi\/index.php\/2025\/12\/04\/kadetin-ajatuksia-25-ensimmainen-syksy-kadettina-kasvua-kuria-ja-yhteisollisyytta\/#article","isPartOf":{"@id":"https:\/\/kylkirauta.fi\/index.php\/2025\/12\/04\/kadetin-ajatuksia-25-ensimmainen-syksy-kadettina-kasvua-kuria-ja-yhteisollisyytta\/"},"author":{"name":"Kari Sainio","@id":"https:\/\/kylkirauta.fi\/#\/schema\/person\/714ab39a349c656b20d60a239be1d6f6"},"headline":"Kadetin ajatuksia 25 &#8211; Ensimm\u00e4inen syksy kadettina, kasvua, kuria ja yhteis\u00f6llisyytt\u00e4","datePublished":"2025-12-04T12:21:39+00:00","dateModified":"2025-12-04T12:28:57+00:00","mainEntityOfPage":{"@id":"https:\/\/kylkirauta.fi\/index.php\/2025\/12\/04\/kadetin-ajatuksia-25-ensimmainen-syksy-kadettina-kasvua-kuria-ja-yhteisollisyytta\/"},"wordCount":1020,"image":{"@id":"https:\/\/kylkirauta.fi\/index.php\/2025\/12\/04\/kadetin-ajatuksia-25-ensimmainen-syksy-kadettina-kasvua-kuria-ja-yhteisollisyytta\/#primaryimage"},"thumbnailUrl":"https:\/\/kylkirauta.fi\/wp-content\/uploads\/2025\/12\/Konola-02122025-Artikkeli-3.jpg","articleSection":["2025","Blogi","Blogi 2025"],"inLanguage":"fi"},{"@type":"WebPage","@id":"https:\/\/kylkirauta.fi\/index.php\/2025\/12\/04\/kadetin-ajatuksia-25-ensimmainen-syksy-kadettina-kasvua-kuria-ja-yhteisollisyytta\/","url":"https:\/\/kylkirauta.fi\/index.php\/2025\/12\/04\/kadetin-ajatuksia-25-ensimmainen-syksy-kadettina-kasvua-kuria-ja-yhteisollisyytta\/","name":"Kadetin ajatuksia 25 - Ensimm\u00e4inen syksy kadettina, kasvua, kuria ja yhteis\u00f6llisyytt\u00e4 - Kylkirauta","isPartOf":{"@id":"https:\/\/kylkirauta.fi\/#website"},"primaryImageOfPage":{"@id":"https:\/\/kylkirauta.fi\/index.php\/2025\/12\/04\/kadetin-ajatuksia-25-ensimmainen-syksy-kadettina-kasvua-kuria-ja-yhteisollisyytta\/#primaryimage"},"image":{"@id":"https:\/\/kylkirauta.fi\/index.php\/2025\/12\/04\/kadetin-ajatuksia-25-ensimmainen-syksy-kadettina-kasvua-kuria-ja-yhteisollisyytta\/#primaryimage"},"thumbnailUrl":"https:\/\/kylkirauta.fi\/wp-content\/uploads\/2025\/12\/Konola-02122025-Artikkeli-3.jpg","datePublished":"2025-12-04T12:21:39+00:00","dateModified":"2025-12-04T12:28:57+00:00","author":{"@id":"https:\/\/kylkirauta.fi\/#\/schema\/person\/714ab39a349c656b20d60a239be1d6f6"},"breadcrumb":{"@id":"https:\/\/kylkirauta.fi\/index.php\/2025\/12\/04\/kadetin-ajatuksia-25-ensimmainen-syksy-kadettina-kasvua-kuria-ja-yhteisollisyytta\/#breadcrumb"},"inLanguage":"fi","potentialAction":[{"@type":"ReadAction","target":["https:\/\/kylkirauta.fi\/index.php\/2025\/12\/04\/kadetin-ajatuksia-25-ensimmainen-syksy-kadettina-kasvua-kuria-ja-yhteisollisyytta\/"]}]},{"@type":"ImageObject","inLanguage":"fi","@id":"https:\/\/kylkirauta.fi\/index.php\/2025\/12\/04\/kadetin-ajatuksia-25-ensimmainen-syksy-kadettina-kasvua-kuria-ja-yhteisollisyytta\/#primaryimage","url":"https:\/\/kylkirauta.fi\/wp-content\/uploads\/2025\/12\/Konola-02122025-Artikkeli-3.jpg","contentUrl":"https:\/\/kylkirauta.fi\/wp-content\/uploads\/2025\/12\/Konola-02122025-Artikkeli-3.jpg","width":843,"height":487},{"@type":"BreadcrumbList","@id":"https:\/\/kylkirauta.fi\/index.php\/2025\/12\/04\/kadetin-ajatuksia-25-ensimmainen-syksy-kadettina-kasvua-kuria-ja-yhteisollisyytta\/#breadcrumb","itemListElement":[{"@type":"ListItem","position":1,"name":"Home","item":"https:\/\/kylkirauta.fi\/index.php\/home\/"},{"@type":"ListItem","position":2,"name":"Kadetin ajatuksia 25 &#8211; Ensimm\u00e4inen syksy kadettina, kasvua, kuria ja yhteis\u00f6llisyytt\u00e4"}]},{"@type":"WebSite","@id":"https:\/\/kylkirauta.fi\/#website","url":"https:\/\/kylkirauta.fi\/","name":"Kylkirauta","description":"Kadettiupseerit yhteiskunnan palveluksessa","potentialAction":[{"@type":"SearchAction","target":{"@type":"EntryPoint","urlTemplate":"https:\/\/kylkirauta.fi\/?s={search_term_string}"},"query-input":{"@type":"PropertyValueSpecification","valueRequired":true,"valueName":"search_term_string"}}],"inLanguage":"fi"},{"@type":"Person","@id":"https:\/\/kylkirauta.fi\/#\/schema\/person\/714ab39a349c656b20d60a239be1d6f6","name":"Kari Sainio","sameAs":["http:\/\/www.kylkirauta.fi"],"url":"https:\/\/kylkirauta.fi\/index.php\/author\/karisain\/"}]}},"_links":{"self":[{"href":"https:\/\/kylkirauta.fi\/index.php\/wp-json\/wp\/v2\/posts\/8522","targetHints":{"allow":["GET"]}}],"collection":[{"href":"https:\/\/kylkirauta.fi\/index.php\/wp-json\/wp\/v2\/posts"}],"about":[{"href":"https:\/\/kylkirauta.fi\/index.php\/wp-json\/wp\/v2\/types\/post"}],"author":[{"embeddable":true,"href":"https:\/\/kylkirauta.fi\/index.php\/wp-json\/wp\/v2\/users\/3"}],"replies":[{"embeddable":true,"href":"https:\/\/kylkirauta.fi\/index.php\/wp-json\/wp\/v2\/comments?post=8522"}],"version-history":[{"count":3,"href":"https:\/\/kylkirauta.fi\/index.php\/wp-json\/wp\/v2\/posts\/8522\/revisions"}],"predecessor-version":[{"id":8528,"href":"https:\/\/kylkirauta.fi\/index.php\/wp-json\/wp\/v2\/posts\/8522\/revisions\/8528"}],"wp:featuredmedia":[{"embeddable":true,"href":"https:\/\/kylkirauta.fi\/index.php\/wp-json\/wp\/v2\/media\/8525"}],"wp:attachment":[{"href":"https:\/\/kylkirauta.fi\/index.php\/wp-json\/wp\/v2\/media?parent=8522"}],"wp:term":[{"taxonomy":"category","embeddable":true,"href":"https:\/\/kylkirauta.fi\/index.php\/wp-json\/wp\/v2\/categories?post=8522"},{"taxonomy":"post_tag","embeddable":true,"href":"https:\/\/kylkirauta.fi\/index.php\/wp-json\/wp\/v2\/tags?post=8522"}],"curies":[{"name":"wp","href":"https:\/\/api.w.org\/{rel}","templated":true}]}}