{"id":8485,"date":"2025-11-05T13:26:35","date_gmt":"2025-11-05T11:26:35","guid":{"rendered":"https:\/\/kylkirauta.fi\/?p=8485"},"modified":"2025-11-05T13:47:41","modified_gmt":"2025-11-05T11:47:41","slug":"vihijohtaja-liiallinen-tyomaara-liian-vahan-tekijoita-ja-liian-laaja-tehtavakentta","status":"publish","type":"post","link":"https:\/\/kylkirauta.fi\/index.php\/2025\/11\/05\/vihijohtaja-liiallinen-tyomaara-liian-vahan-tekijoita-ja-liian-laaja-tehtavakentta\/","title":{"rendered":"Vihijohtaja: \u201dLiiallinen ty\u00f6m\u00e4\u00e4r\u00e4, liian v\u00e4h\u00e4n tekij\u00f6it\u00e4 ja liian laaja teht\u00e4v\u00e4kentt\u00e4\u201d"},"content":{"rendered":"<div id='full_slider_1'  class='avia-fullwidth-slider main_color avia-shadow   avia-builder-el-0  el_before_av_one_full  avia-builder-el-first   container_wrap sidebar_right'  ><div  class='avia-slideshow av-l9olo-eba87a12f940917775723c57f530a7d6 avia-slideshow-no scaling av_slideshow_full avia-slide-slider av-slideshow-ui av-control-default av-slideshow-manual av-loop-once av-loop-manual-endless av-default-height-applied   avia-slideshow-1' data-slideshow-options=\"{&quot;animation&quot;:&quot;slide&quot;,&quot;autoplay&quot;:false,&quot;loop_autoplay&quot;:&quot;once&quot;,&quot;interval&quot;:5,&quot;loop_manual&quot;:&quot;manual-endless&quot;,&quot;autoplay_stopper&quot;:false,&quot;noNavigation&quot;:false,&quot;bg_slider&quot;:false,&quot;keep_padding&quot;:false,&quot;hoverpause&quot;:false,&quot;show_slide_delay&quot;:0}\"  itemprop=\"image\" itemscope=\"itemscope\" itemtype=\"https:\/\/schema.org\/ImageObject\" ><ul class='avia-slideshow-inner ' style='padding-bottom: 15.283203125%;'><li  class='avia-slideshow-slide av-l9olo-eba87a12f940917775723c57f530a7d6__0  av-single-slide slide-1 slide-odd'><div data-rel='slideshow-1' class='avia-slide-wrap '   ><img decoding=\"async\" fetchpriority=\"high\" class=\"wp-image-3149 avia-img-lazy-loading-not-3149\"  src=\"https:\/\/kylkirauta.fi\/wp-content\/uploads\/2020\/02\/miekka_logo_v2.png\" width=\"2048\" height=\"313\" title='miekka_logo_v2' alt=''  itemprop=\"thumbnailUrl\" srcset=\"https:\/\/kylkirauta.fi\/wp-content\/uploads\/2020\/02\/miekka_logo_v2.png 2048w, https:\/\/kylkirauta.fi\/wp-content\/uploads\/2020\/02\/miekka_logo_v2-300x46.png 300w, https:\/\/kylkirauta.fi\/wp-content\/uploads\/2020\/02\/miekka_logo_v2-1030x157.png 1030w, https:\/\/kylkirauta.fi\/wp-content\/uploads\/2020\/02\/miekka_logo_v2-768x117.png 768w, https:\/\/kylkirauta.fi\/wp-content\/uploads\/2020\/02\/miekka_logo_v2-1536x235.png 1536w, https:\/\/kylkirauta.fi\/wp-content\/uploads\/2020\/02\/miekka_logo_v2-1500x229.png 1500w, https:\/\/kylkirauta.fi\/wp-content\/uploads\/2020\/02\/miekka_logo_v2-705x108.png 705w\" sizes=\"(max-width: 2048px) 100vw, 2048px\" \/><\/div><\/li><\/ul><\/div><\/div><div id='after_full_slider_1'  class='main_color av_default_container_wrap container_wrap sidebar_right'  ><div class='container av-section-cont-open' ><div class='template-page content  av-content-small alpha units'><div class='post-entry post-entry-type-page post-entry-8485'><div class='entry-content-wrapper clearfix'>\n\n<style type=\"text\/css\" data-created_by=\"avia_inline_auto\" id=\"style-css-av-km4zs-0614ada41eb3461e6efbb361dfbae970\">\n.flex_column.av-km4zs-0614ada41eb3461e6efbb361dfbae970{\nborder-radius:0px 0px 0px 0px;\npadding:0px 0px 0px 0px;\n}\n<\/style>\n<div  class='flex_column av-km4zs-0614ada41eb3461e6efbb361dfbae970 av_one_full  avia-builder-el-1  el_after_av_slideshow_full  el_before_av_hr  avia-builder-el-first  first flex_column_div av-zero-column-padding  '     ><p>\n<style type=\"text\/css\" data-created_by=\"avia_inline_auto\" id=\"style-css-av-2q1d15-0c834fcbd3669459d0607b964797b2c2\">\n#top .av-special-heading.av-2q1d15-0c834fcbd3669459d0607b964797b2c2{\npadding-bottom:10px;\n}\nbody .av-special-heading.av-2q1d15-0c834fcbd3669459d0607b964797b2c2 .av-special-heading-tag .heading-char{\nfont-size:25px;\n}\n.av-special-heading.av-2q1d15-0c834fcbd3669459d0607b964797b2c2 .av-subheading{\nfont-size:15px;\n}\n<\/style>\n<div  class='av-special-heading av-2q1d15-0c834fcbd3669459d0607b964797b2c2 av-special-heading-h3  avia-builder-el-2  el_before_av_hr  avia-builder-el-first  av-linked-heading'><h3 class='av-special-heading-tag'  itemprop=\"headline\"  >Vihijohtaja: <span class='special_amp'>\u201d<\/span>Liiallinen ty\u00f6m\u00e4\u00e4r\u00e4, liian v\u00e4h\u00e4n tekij\u00f6it\u00e4 ja liian laaja teht\u00e4v\u00e4kentt\u00e4<span class='special_amp'>\u201d<\/span><\/h3><div class=\"special-heading-border\"><div class=\"special-heading-inner-border\"><\/div><\/div><\/div><br \/>\n\n<style type=\"text\/css\" data-created_by=\"avia_inline_auto\" id=\"style-css-av-k1to1iy9-0b4b8d7a542aef095c0d71f3b4e8b649\">\n#top .hr.hr-invisible.av-k1to1iy9-0b4b8d7a542aef095c0d71f3b4e8b649{\nheight:20px;\n}\n<\/style>\n<div  class='hr av-k1to1iy9-0b4b8d7a542aef095c0d71f3b4e8b649 hr-invisible  avia-builder-el-3  el_after_av_heading  el_before_av_textblock '><span class='hr-inner '><span class=\"hr-inner-style\"><\/span><\/span><\/div><br \/>\n<section  class='av_textblock_section av-k8d08-b6982eb89db820e3f2ea785bf1b317fd '   itemscope=\"itemscope\" itemtype=\"https:\/\/schema.org\/BlogPosting\" itemprop=\"blogPost\" ><div class='avia_textblock'  itemprop=\"text\" ><div id=\"attachment_7274\" style=\"width: 190px\" class=\"wp-caption alignright\"><img loading=\"lazy\" decoding=\"async\" aria-describedby=\"caption-attachment-7274\" class=\"wp-image-7274\" src=\"https:\/\/kylkirauta.fi\/wp-content\/uploads\/2024\/06\/Henkilokuva.jpg\" alt=\"\" width=\"180\" height=\"226\" \/><p id=\"caption-attachment-7274\" class=\"wp-caption-text\">Pekka Kurvinen<\/p><\/div>\n<p><em><strong>Rajavartiolaitoksen henkil\u00f6st\u00f6n hyvinvointi alati kansainv\u00e4listyv\u00e4ss\u00e4, laaja-alaisempien vastuiden ja velvoitteiden kompleksisessa turvallisuustoimintaymp\u00e4rist\u00f6ss\u00e4 on ennenn\u00e4kem\u00e4tt\u00f6miss\u00e4 haasteissa. Niiss\u00e4 luoviessaan ihmisen on osattava ja uskallettava priorisoida sek\u00e4 ty\u00f6ns\u00e4 ett\u00e4 el\u00e4m\u00e4ns\u00e4 valintoja.<\/strong><\/em><\/p>\n<p><em><strong>Komentajakapteeni Joni Sj\u00f6berg pureutuu aiheeseen kuluvan kuun vaihteessa julkaistussa yleisesikuntaupseeritutkinnon diplomity\u00f6ss\u00e4\u00e4n \u201d<\/strong><strong>Rajaupseerin ty\u00f6kyky ja hyvinvointi: hyvinvoiva ihminen on tuottava\u201d.<\/strong><strong> Siin\u00e4 yksil\u00f6n on kyett\u00e4v\u00e4 hallitsemaan el\u00e4m\u00e4ns\u00e4 kokonaisuus, tekem\u00e4\u00e4n valintoja ja ennen kaikkea oltava valmis hypp\u00e4\u00e4m\u00e4\u00e4n uusiin oppimisen ja yhteistoiminnallisen tekemisen haasteisiin henkisen, ruumiillisen ja sosiaalisen toimintakuntonsa s\u00e4ilytt\u00e4en. <\/strong><\/em><\/p>\n<p>Joni Sj\u00f6berg on huolissaan Rajavartiolaitoksen henkil\u00f6st\u00f6st\u00e4: liiallisesta ty\u00f6m\u00e4\u00e4r\u00e4n vuoksi kuormitus on lis\u00e4\u00e4ntynyt ja jaksaminen on heikentynyt, jolloin henkil\u00f6st\u00f6n kapasiteetti ja kyky suoriutua ty\u00f6teht\u00e4vist\u00e4\u00e4n on alentunut. Ty\u00f6ntekij\u00f6ilt\u00e4 vaaditaan liikaa liian lyhyess\u00e4 ajassa yksitt\u00e4isten virkamiesten liian laajassa teht\u00e4v\u00e4kent\u00e4ss\u00e4. H\u00e4nen mukaansa korkea ty\u00f6kuorma korostaa ty\u00f6ntekij\u00f6iden pysyvyyden merkityst\u00e4 korostuu. Vastaajien toivovat enemm\u00e4n pysyvyytt\u00e4 ja halutaan yll\u00e4pit\u00e4\u00e4 osaava henkil\u00f6st\u00f6 omassa yksik\u00f6ss\u00e4. Tutkija huomauttaa, ett\u00e4 uuden henkil\u00f6n kouluttaminen ja perehdytys haittaavat varsinaista ty\u00f6t\u00e4, mik\u00e4 osaltaan lis\u00e4\u00e4 ty\u00f6kuormaa. Huolta tuottaa my\u00f6s liian tihe\u00e4 kollegoiden tai esimiesten vaihtuvuus.<\/p>\n<p><em><strong>\u00a0<\/strong><strong>\u201dEp\u00e4realistiset m\u00e4\u00e4r\u00e4ajat teht\u00e4ville\u201d <\/strong><\/em><\/p>\n<p>Ep\u00e4suotuisa kehitys s\u00e4teilee Sj\u00f6bergin mukaan sek\u00e4 aineellisiin ett\u00e4 aineettomiin vaikeuksiin. Nykyinen palkkataso ei en\u00e4\u00e4 kohtaa verrattavissa olevaan ty\u00f6m\u00e4\u00e4r\u00e4\u00e4n. Maisteri-, esiupseeri- ja yleisesikuntaupseeritaustaiset viranhaltijoista selv\u00e4sti yli puolet kokevat ylity\u00f6llist\u00e4mist\u00e4, i\u00e4n osalta tulilinjalla ovat eritoten 43-49 vuotiaat. Nelj\u00e4nnes tutkituista tuntee, ett\u00e4 ty\u00f6teht\u00e4v\u00e4t tuntutuvat joskus ainakin osin ylitsep\u00e4\u00e4sem\u00e4tt\u00f6milt\u00e4. Nelj\u00e4 kymmenest\u00e4 maisterista kokee ty\u00f6teht\u00e4vien tuntuvan joskus ylitsep\u00e4\u00e4sem\u00e4tt\u00f6milt\u00e4.<\/p>\n<p>Rajaupseereista yli puolet kertoo kokeneensa henkist\u00e4 ty\u00f6pahoinvointia. Ty\u00f6yhteis\u00f6\u00f6n ja l\u00e4hiesimiehiin ollaan tyytyv\u00e4isi\u00e4. Vastaajien mielest\u00e4 l\u00e4hiesimiehell\u00e4 ja ty\u00f6hyvinvoinnilla onkin selv\u00e4 yhteys. Hyvin toimivat esimiessuhteet n\u00e4ytt\u00e4v\u00e4t lis\u00e4\u00e4v\u00e4n ty\u00f6tyytyv\u00e4isyytt\u00e4 ja tehokkuutta.<\/p>\n<p>Vastaajat toivovat yksil\u00f6llisemp\u00e4\u00e4 kohtaamista esimiehilt\u00e4. Esimiehelt\u00e4 halutaan oikeudenmukaista kohtelua ja arvostusta. Sj\u00f6berg painottaa, ett\u00e4 esimies on suunnan ja roolin n\u00e4ytt\u00e4j\u00e4. Jos ja kun esimiehet eiv\u00e4t tunnista tai ymm\u00e4rr\u00e4 alaistensa kokemaa ty\u00f6kuormaa ja stressi\u00e4, voidaan joutua ongelmien aliarviointiin ja puutteellisiin tukitoimiin.<\/p>\n<p>Joni Sj\u00f6bergin keskeisi\u00e4 havaintoja on, ett\u00e4 ty\u00f6kuorma ja resurssien riitt\u00e4m\u00e4tt\u00f6myys luovat haasteita ty\u00f6yhteis\u00f6iss\u00e4. Yli puolet tutkittavista on huolestunut teht\u00e4vien m\u00e4\u00e4r\u00e4n lis\u00e4\u00e4ntymisest\u00e4 ilman henkil\u00f6st\u00f6resurssien kasvua, mik\u00e4 kuormittaa ty\u00f6ntekij\u00f6it\u00e4 ja aiheuttaa stressi\u00e4.<\/p>\n<p><em>\u201dLiian suuri ty\u00f6m\u00e4\u00e4r\u00e4 suhteessa k\u00e4ytett\u00e4v\u00e4\u00e4n aikaan. Ep\u00e4realistiset m\u00e4\u00e4r\u00e4ajat teht\u00e4ville. Se, ett\u00e4 t\u00f6it\u00e4 ei voi tehd\u00e4 kunnolla, koska kiire.\u201d <\/em><\/p>\n<p>Esiupseereilla sek\u00e4 i\u00e4lt\u00e4\u00e4n 35 vuotta t\u00e4ytt\u00e4neill\u00e4 paineita on tutkimuksen mukaan yli puolella rajaupseereista. Yleisesikuntaupseereilla on selv\u00e4sti eniten energiaa, muiden ollessa tasav\u00e4kisi\u00e4. Yli viisikymppisill\u00e4 on my\u00f6s selke\u00e4sti eniten ty\u00f6nteon virtaa.<\/p>\n<p>Ty\u00f6n kuormittavuus on liian iso ja se n\u00e4ytt\u00e4\u00e4 vaikuttavan henkil\u00f6kohtaiseen el\u00e4m\u00e4\u00e4n. Ty\u00f6n runsaus vaikuttaa my\u00f6s ylenpalttiseen harmaaseen ja ylity\u00f6h\u00f6n. Palautuminen kest\u00e4\u00e4 eik\u00e4 se viidennekselt\u00e4 onnistu kunnolla edes vapaa-ajalla. Ty\u00f6paikkaa ei kuitenkaan haluta vaihtaa.<\/p>\n<p><img loading=\"lazy\" decoding=\"async\" class=\"aligncenter wp-image-8486 size-full\" src=\"https:\/\/kylkirauta.fi\/wp-content\/uploads\/2025\/11\/Vihijohtaja-marras-2025-artikkeli.jpg\" alt=\"\" width=\"745\" height=\"424\" srcset=\"https:\/\/kylkirauta.fi\/wp-content\/uploads\/2025\/11\/Vihijohtaja-marras-2025-artikkeli.jpg 745w, https:\/\/kylkirauta.fi\/wp-content\/uploads\/2025\/11\/Vihijohtaja-marras-2025-artikkeli-300x171.jpg 300w, https:\/\/kylkirauta.fi\/wp-content\/uploads\/2025\/11\/Vihijohtaja-marras-2025-artikkeli-705x401.jpg 705w\" sizes=\"auto, (max-width: 745px) 100vw, 745px\" \/><\/p>\n<p><em><strong>\u201dPerhe-el\u00e4m\u00e4 k\u00e4rsii ty\u00f6ni johdosta\u201d<\/strong><\/em><\/p>\n<p>Miltei puolet ty\u00f6skentelee erossa perheest\u00e4\u00e4n. Koulutustaustavertailussa esiupseeritaustaiset tekev\u00e4t v\u00e4hiten t\u00f6it\u00e4 et\u00e4\u00e4ll\u00e4 perheest\u00e4\u00e4n ja maisterit eniten. Yleisesikuntaupseerien perhe-el\u00e4m\u00e4 on rikkonaisinta, esiupseerien ehyint\u00e4. Sj\u00f6berg laskee, ett\u00e4 yli kaksi kolmesta 35 \u2013 42 vuotiaasta ei kykene tasapainoiseen perhe-el\u00e4m\u00e4\u00e4n.<\/p>\n<p>Perheen ja ty\u00f6 tasapainottamiseksi et\u00e4ty\u00f6t ja ty\u00f6aikojen joustot korostuvat. Tutkittavat korostavat puolison roolin t\u00e4rkeytt\u00e4.: viidennes ei p\u00e4rj\u00e4si ilman puolison tukea.<\/p>\n<p><em>\u201dPerhe-el\u00e4m\u00e4 k\u00e4rsii ty\u00f6ni johdosta. Kotona puoliso on jatkuvasti jaksamisen rajoilla lasten kanssa ja t\u00e4m\u00e4 heijastuu parisuhteeseemme negatiivisesti. Kumpikin alkaa olla loppu ja parisuhde voi huonosti, koska molemmat ovat loppu.\u201d <\/em><\/p>\n<p><em>\u201dEt\u00e4ty\u00f6n soveltaminen ei toteudu t\u00e4ysim\u00e4\u00e4r\u00e4isesti. Organisaatiossamme ei osata et\u00e4johtamista: alainen on pakko n\u00e4hd\u00e4 tekev\u00e4n ty\u00f6t\u00e4 ja mahdollisuus kasvotusten olla yhteydess\u00e4 jatkuvasti, jotta kykenemme johtamaan. upseerit osaavat tehokkaasti arvioida, milloin on tarpeen l\u00e4hit\u00f6ille ja milloin et\u00e4ty\u00f6 on mahdollista. Hallintoyksikk\u00f6kohtaiset rajoitukset et\u00e4ty\u00f6ss\u00e4 ovat teenn\u00e4isi\u00e4.\u201d <\/em><\/p>\n<p>Ty\u00f6ntekij\u00e4t arvostavat my\u00f6s joustavia ty\u00f6aikamuotoja ja et\u00e4ty\u00f6mahdollisuuksia. Vapaus valita ty\u00f6skentelytapansa ja -ajankohtansa, voi lis\u00e4t\u00e4 motivaatiota, ty\u00f6tyytyv\u00e4isyytt\u00e4 ja sitoutumista. Jaksamista edesauttaa ty\u00f6nantajan tarjoama mahdollisuus liikkua ja harrastaa.<\/p>\n<p>Ylivoimaisesti suurin ty\u00f6hyvinvointia heikent\u00e4v\u00e4 asia n\u00e4ytt\u00e4isi olevan liiallinen ty\u00f6taakka. Suuri ty\u00f6m\u00e4\u00e4r\u00e4 ilman riitt\u00e4vi\u00e4 resursseja tai tukea v\u00e4sytt\u00e4\u00e4 ja stressaa sek\u00e4 vaikeuttaa henkist\u00e4 palautumista kokemansa kohtuuttoman ty\u00f6m\u00e4\u00e4r\u00e4n t\u00e4hden. Matkustaminen ty\u00f6paikan ja kodin v\u00e4lill\u00e4 heikent\u00e4\u00e4 sekin jaksamista.<\/p>\n<p>Upseereiden urasuunnittelu ei saa ty\u00f6hyvinvoinnillista kiitosta. Vaihtuva palveluspaikkakunnat hankaloittavat perhe-el\u00e4m\u00e4\u00e4. Ep\u00e4miellytt\u00e4v\u00e4t teht\u00e4v\u00e4t ja pakkosiirrot pelottava. Ty\u00f6teht\u00e4vien sovittaminen ty\u00f6ntekij\u00e4n toiveisiin ja uratavoitteisiin luovat ep\u00e4varmuutta sek\u00e4 v\u00e4hent\u00e4v\u00e4t motivaatiota ja sitoutumista ty\u00f6h\u00f6n.<\/p>\n<p><em>\u201dPaine pakkosiirrosta ja sen my\u00f6t\u00e4 perhe el\u00e4m\u00e4n k\u00e4rsiminen ehdottomasti suurin asia, joka ajaa t\u00e4ll\u00e4 hetkell\u00e4 etsim\u00e4\u00e4n muita t\u00f6it\u00e4.\u201d <\/em><\/p>\n<p>Tutkittavat painottavat viihtyis\u00e4n ty\u00f6ilmapiirin merkityst\u00e4. Ty\u00f6yhteis\u00f6n tuki ja hyv\u00e4t ihmissuhteet kollegoihin tekev\u00e4t ty\u00f6st\u00e4 mielek\u00e4st\u00e4 ja auttavat jaksamaan oravanpy\u00f6r\u00e4ss\u00e4.<\/p>\n<p>Perhe, vapaa-aika ja harrastukset n\u00e4hd\u00e4\u00e4n hyvin t\u00e4rkein\u00e4 tekij\u00f6in\u00e4, jotka tukevat ty\u00f6hyvinvointia ja tasapainottavat ty\u00f6n ja muun el\u00e4m\u00e4n suhdetta. Perheen kanssa vietetty aika n\u00e4hd\u00e4\u00e4n korvaamattomana ja keskeisen\u00e4 voimavarana, joka tukee henkist\u00e4 tasapainoa ja antaa voimaa kohdata ty\u00f6el\u00e4m\u00e4n vaatimukset.<\/p>\n<p>Ty\u00f6ntekij\u00e4t kokevat, ett\u00e4 kasvaneet teht\u00e4v\u00e4m\u00e4\u00e4r\u00e4t johtavat tilanteeseen, jossa ty\u00f6n m\u00e4\u00e4r\u00e4 ylitt\u00e4\u00e4 heid\u00e4n kapasiteettinsa.<\/p>\n<p><em>\u201dLiiallinen ty\u00f6m\u00e4\u00e4r\u00e4, liian v\u00e4h\u00e4n tekij\u00f6it\u00e4 ja liian laaja teht\u00e4v\u00e4kentt\u00e4. Pikatilanteissa akuutti asia on hoidettava ja muut teht\u00e4v\u00e4t siirtyv\u00e4t eteenp\u00e4in, joka johtaa kumulatiiviseen kertym\u00e4\u00e4n ja monen asian kasautumiseen.\u201d <\/em><\/p>\n<p><em>\u201dPoukkoileva ja vailla pitk\u00e4n\u00e4k\u00f6isyytt\u00e4 oleva henkil\u00f6st\u00f6hallinto. Ty\u00f6hyvinvointi on kaunis asia ja organisaatio esittelee strategiaa sen parantamiseksi Kompassissa, mutta se on sananhelin\u00e4\u00e4.\u201d <\/em><\/p>\n<p><em><strong>\u201dNykyinen kontrolloiva johtaminen omassa hallintoyksik\u00f6ss\u00e4ni tuntuu hetkitt\u00e4in ep\u00e4todelliselta.\u201d<\/strong><\/em><\/p>\n<p>Esimiesty\u00f6ss\u00e4 erityisesti kontrolloiva johtamistyyli, byrokraattiset esteet ja johtamisen mikromanagerointi koetaan tuskallisina ja turhauttavina. Ne voivat est\u00e4\u00e4 ty\u00f6ntekij\u00f6it\u00e4 hy\u00f6dynt\u00e4m\u00e4st\u00e4 t\u00e4ytt\u00e4 potentiaaliaan, mik\u00e4 puolestaan heikent\u00e4\u00e4 sek\u00e4 yksil\u00f6n hyvinvointia ett\u00e4 ty\u00f6yhteis\u00f6n toimivuutta.<\/p>\n<p>Kaksi kolmasosaa kysymyksen vastaajista totesi, ett\u00e4 ty\u00f6kuorma vaikuttaa jaksamiseen ja harrastusintoon vapaa-ajalla.<\/p>\n<p><em>\u201dKasvaneen ty\u00f6kuorman takia en nauti samalla tavalla vapaa-ajasta kuin ennen. Vapaa-aika menee palautumiseen ja vapaa-ajalla joutuu miettim\u00e4\u00e4n jo tulevia ty\u00f6p\u00e4ivi\u00e4 tai -viikkoja. K\u00e4yt\u00e4nn\u00f6ss\u00e4 lomat ovat en\u00e4\u00e4 t\u00e4ysin ty\u00f6st\u00e4 irrottava tekij\u00e4.\u201d <\/em><\/p>\n<p>Yksil\u00f6n kohtaamista toivottaisiinkin kehitett\u00e4v\u00e4n keskeisen\u00e4 johtajuuden osa-alueena. Esihenkil\u00f6n tulisi tiedostaa alaisen ty\u00f6kuorman ja osata puuttua ylikuormittumiseen. P\u00e4tev\u00e4 esimies luo Sj\u00f6bergin mukaan edellytykset ty\u00f6ntekij\u00f6iden edistymiselle ammatissaan. Esimiehell\u00e4 tulee my\u00f6s olla ihmissuhde- ja vuorovaikutustaidot ja kyky priorisoida johdettaviensa teht\u00e4v\u00e4t.<\/p>\n<p><em>\u201dMene aina alaisen hyvinvointi edell\u00e4 ja sano tarvittaessa esimiehellesi, ett\u00e4 nyt ei riit\u00e4 resurssit tekem\u00e4\u00e4n jotain teht\u00e4v\u00e4\u00e4.\u201d <\/em><\/p>\n<p>Ty\u00f6hyvinvoinnin ja jaksamisen kehitt\u00e4miskohteina painottuivat kolme tekij\u00e4\u00e4 \u2013 fyysisen liikunnan harrastaminen ty\u00f6ajalla, parempi henkil\u00f6st\u00f6suunnittelu ja henkil\u00f6st\u00f6n lis\u00e4\u00e4minen.<\/p>\n<p>Upseerit toivoisivat, ett\u00e4 Rajavartiolaitos tarjoaisi paremmat liikuntamahdollisuudet. Menettely vahvistaisi fyysist\u00e4 kuntoa, parantaisi mielialaa ja v\u00e4hent\u00e4isi stressi\u00e4, mik\u00e4 puolestaan voi lis\u00e4t\u00e4 ty\u00f6tehoa ja ty\u00f6tyytyv\u00e4isyytt\u00e4.<\/p>\n<p><em>\u201dYksinkertaisena asiana olisi se, ett\u00e4 mahdollistetaan viikkoliikunta kaikissa tilanteissa ty\u00f6ajalla, vaikka tekisi puskurit t\u00e4yteen jaksossa.\u201d <\/em><\/p>\n<p>Tutkittavista henkil\u00f6st\u00f6suunnittelun tulee olla proaktiivista, eik\u00e4 reaktiivista. Teht\u00e4viin hakeutumisen ja teht\u00e4viin valitsemisen tulisi olla nykyist\u00e4 avoimempaa ja l\u00e4pin\u00e4kyv\u00e4mp\u00e4\u00e4. Pakkosiirtoja tulisi v\u00e4ltt\u00e4\u00e4 viimeiseen asti. Ty\u00f6 ei ole koko el\u00e4m\u00e4. Esimiehilt\u00e4 tutkittavat odottivatkin inhimillist\u00e4, oikeudenmukaista kohtelua ja tasa-arvoa alaisiaan kohtaan.<\/p>\n<p><em>\u201dToivoisin l\u00e4hiesimiehelt\u00e4ni parempaa ymm\u00e4rryst\u00e4 ty\u00f6hyvinvoinnin, kulttuurin ja muutenkin sosiaalisten tekij\u00f6iden merkityksest\u00e4.\u201d <\/em><\/p>\n<p><em><strong>\u201dUudet teht\u00e4v\u00e4t virkist\u00e4v\u00e4t.\u201d<\/strong><\/em><\/p>\n<p>Suomenlahden Merivartioston meritoimiston p\u00e4\u00e4llikk\u00f6n\u00e4 palvelevan yleisesikuntakomentajakapteeni Joni Sj\u00f6bergin diplomity\u00f6 tarjoaa arvokasta tietoa Rajavartiolaitoksen upseerien ty\u00f6hyvinvoinnista ja kehitt\u00e4miskohteista. Niiden avulla voidaan tunnistaa konkreettisia keinoja, joilla sek\u00e4 organisaation toimintaa saatetaan tehostaa yksil\u00f6n ty\u00f6kyvyst\u00e4 ja jaksamisesta huolehtimalla.<\/p>\n<p>Yht\u00e4\u00e4lt\u00e4 Rajavartiolaitoksen upseerit kokevat ty\u00f6kykyns\u00e4 ja toimintakykyns\u00e4 hyviksi, mik\u00e4 viittaa fyysiseen, henkiseen ja sosiaaliseen kyvykkyyteen suoriutua ty\u00f6teht\u00e4vist\u00e4. Upseerit pit\u00e4v\u00e4t itsest\u00e4\u00e4n huolta ja valtaosa harrastaa liikuntaa yli kolme tuntia viikossa, mik\u00e4 tukee ja jopa parantaa heid\u00e4n kokonaisvaltaista hyvinvointiaan.<\/p>\n<p>Toisaalta Rajavartiolaitoksen upseereista merkitt\u00e4v\u00e4 osa kokee ty\u00f6teht\u00e4v\u00e4ns\u00e4 ajoittain raskaiksi ja jopa ylitsep\u00e4\u00e4sem\u00e4tt\u00f6miksi. Ty\u00f6pahoinvoinnista kielii liiallinen kuormitus. Ty\u00f6m\u00e4\u00e4r\u00e4 ylitt\u00e4\u00e4 usein upseerin voimavarat, mik\u00e4 voi johtaa uupumukseen ja v\u00e4hent\u00e4\u00e4 ty\u00f6n tehokkuutta. Kohtuuttoman ty\u00f6m\u00e4\u00e4r\u00e4n ohella ty\u00f6teht\u00e4vien moninaisuus ja laajuus rasittavat osaa upseereista, jossa ratkaisuna olisi henkil\u00f6st\u00f6m\u00e4\u00e4r\u00e4n lis\u00e4\u00e4minen.<\/p>\n<p>Palkkaus aiheuttaa hampaiden kirist\u00e4mist\u00e4. Ty\u00f6- ja vapaa-ajan tasapaino, mahdollisuus et\u00e4ty\u00f6h\u00f6n sek\u00e4 liikuntaan ja henkil\u00f6kohtaisten kiinnostuksen kohteisiin paremmin osuviin ty\u00f6teht\u00e4viin n\u00e4ytt\u00e4ytyv\u00e4t keskeisin\u00e4 hyvinvoinnin tukipilareina. Puutteista huolimatta rajaupseeri kokee vaativan ja vaihtelevan ty\u00f6ns\u00e4 mielekk\u00e4\u00e4ksi my\u00f6s kokonaishyvinvointinsa ansiosta.<\/p>\n<p>Joni Sj\u00f6bergin tutkimuksen poikkeuksellisen vahva vastausaktiivisuus kertoo ty\u00f6hyvinvoinnin ja jaksamisen ensiarvoisuudesta ty\u00f6n kokonaistuottavuudessa. Moniulotteisuudessaan paneutuvan diplomity\u00f6n merkityst\u00e4 ei t\u00e4ss\u00e4 maailmanajassa voi korostaa liikaa. Tutkimustulokset kehitt\u00e4misehdotuksineen soisi otettavan tosissaan Rajavartiolaitoksen lis\u00e4ksi sek\u00e4 Puolustusvoimissa ett\u00e4 muualla ylip\u00e4\u00e4ns\u00e4 voimavarojensa uusjaon kanssa tuskailevassa julkishallinnossa.<\/p>\n<p><em>\u201dUudet teht\u00e4v\u00e4t virkist\u00e4v\u00e4t. Olen eritt\u00e4in tyytyv\u00e4inen ty\u00f6nantajaani siin\u00e4 asiassa, ett\u00e4 voin vaihtaa l\u00e4hes tulkoon eri ammattiin (ty\u00f6teht\u00e4v\u00e4t poikkeavat suuresti aikaisemmasta teht\u00e4v\u00e4st\u00e4) Rajavartiolaitoksen sis\u00e4ll\u00e4 ilman pitki\u00e4 kouluttautumisia.\u201d<\/em><\/p>\n<p style=\"text-align: center;\">***<\/p>\n<p><em>Kirjoittaja, KTT, majuri evp <strong>Pekka Kurvinen<\/strong> on liiketalouden sek\u00e4 sotilasjohtajuuden tutkija ja soveltaja. H\u00e4nelle kokonaishyvinvointi on ty\u00f6n ja el\u00e4m\u00e4n kohtalonkysymys.<\/em><\/p>\n<p>Kuvat Nikolai Ylirotu \/ Sarvikuono Design<\/p>\n<\/div><\/section><\/p><\/div><div  class='hr av-24tmga-ca34d41ef5ec5fc4314b98a56dee3817 hr-default  avia-builder-el-5  el_after_av_one_full  el_before_av_blog '><span class='hr-inner '><span class=\"hr-inner-style\"><\/span><\/span><\/div><\/p>\n<div  class='av-alb-blogposts template-blog  '  itemscope=\"itemscope\" itemtype=\"https:\/\/schema.org\/Blog\" ><article class=\"post-entry post-entry-type-standard post-entry-8522 post-loop-1 post-parity-odd bloglist-simple with-slider post-8522 post type-post status-publish format-standard has-post-thumbnail hentry category-115 category-blogi category-blogi-2025\"  itemscope=\"itemscope\" itemtype=\"https:\/\/schema.org\/BlogPosting\" ><div class=\"blog-meta\"><\/div><div class='entry-content-wrapper clearfix standard-content'><header class=\"entry-content-header\"><h2 class='post-title entry-title '  itemprop=\"headline\" ><a href=\"https:\/\/kylkirauta.fi\/index.php\/2025\/12\/04\/kadetin-ajatuksia-25-ensimmainen-syksy-kadettina-kasvua-kuria-ja-yhteisollisyytta\/\" rel=\"bookmark\" title=\"Permanent Link: Kadetin ajatuksia 25 &#8211; Ensimm\u00e4inen syksy kadettina, kasvua, kuria ja yhteis\u00f6llisyytt\u00e4\">Kadetin ajatuksia 25 &#8211; Ensimm\u00e4inen syksy kadettina, kasvua, kuria ja yhteis\u00f6llisyytt\u00e4<span class=\"post-format-icon minor-meta\"><\/span><\/a><\/h2><span class=\"post-meta-infos\"><time class=\"date-container minor-meta updated\"  itemprop=\"datePublished\" datetime=\"2025-12-04T14:21:39+02:00\" >4.12.2025<\/time><span class=\"text-sep\">\/<\/span><span class=\"blog-categories minor-meta\">in <a href=\"https:\/\/kylkirauta.fi\/index.php\/category\/2025\/\" rel=\"tag\">2025<\/a>, <a href=\"https:\/\/kylkirauta.fi\/index.php\/category\/blogi\/\" rel=\"tag\">Blogi<\/a>, <a href=\"https:\/\/kylkirauta.fi\/index.php\/category\/blogi-2025\/\" rel=\"tag\">Blogi 2025<\/a><\/span><span class=\"text-sep\">\/<\/span><span class=\"blog-author minor-meta\">by <span class=\"entry-author-link\"  itemprop=\"author\" ><span class=\"author\"><span class=\"fn\"><a href=\"https:\/\/kylkirauta.fi\/index.php\/author\/karisain\/\" title=\"Kirjoittanut: Kari Sainio\" rel=\"author\">Kari Sainio<\/a><\/span><\/span><\/span><\/span><div class=\"read-more-link\"><a href=\"https:\/\/kylkirauta.fi\/index.php\/2025\/12\/04\/kadetin-ajatuksia-25-ensimmainen-syksy-kadettina-kasvua-kuria-ja-yhteisollisyytta\/\" class=\"more-link\">Read more<span class=\"more-link-arrow\"><\/span><\/a><\/div><\/span><\/header><footer class=\"entry-footer\"><\/footer><div class='post_delimiter'><\/div><\/div><div class=\"post_author_timeline\"><\/div><span class='hidden'>\n\t\t\t\t<span class='av-structured-data'  itemprop=\"image\" itemscope=\"itemscope\" itemtype=\"https:\/\/schema.org\/ImageObject\" >\n\t\t\t\t\t\t<span itemprop='url'>https:\/\/kylkirauta.fi\/wp-content\/uploads\/2025\/12\/Konola-02122025-Artikkeli-3.jpg<\/span>\n\t\t\t\t\t\t<span itemprop='height'>487<\/span>\n\t\t\t\t\t\t<span itemprop='width'>843<\/span>\n\t\t\t\t<\/span>\n\t\t\t\t<span class='av-structured-data'  itemprop=\"publisher\" itemtype=\"https:\/\/schema.org\/Organization\" itemscope=\"itemscope\" >\n\t\t\t\t\t\t<span itemprop='name'>Kari Sainio<\/span>\n\t\t\t\t\t\t<span itemprop='logo' itemscope itemtype='https:\/\/schema.org\/ImageObject'>\n\t\t\t\t\t\t\t<span itemprop='url'>https:\/\/kylkirauta.fi\/wp-content\/uploads\/2020\/02\/kkunta_weblogo-100x100-1.png<\/span>\n\t\t\t\t\t\t<\/span>\n\t\t\t\t<\/span><span class='av-structured-data'  itemprop=\"author\" itemscope=\"itemscope\" itemtype=\"https:\/\/schema.org\/Person\" ><span itemprop='name'>Kari Sainio<\/span><\/span><span class='av-structured-data'  itemprop=\"datePublished\" datetime=\"2025-12-04T14:21:39+02:00\" >2025-12-04 14:21:39<\/span><span class='av-structured-data'  itemprop=\"dateModified\" itemtype=\"https:\/\/schema.org\/dateModified\" >2025-12-04 14:28:57<\/span><span class='av-structured-data'  itemprop=\"mainEntityOfPage\" itemtype=\"https:\/\/schema.org\/mainEntityOfPage\" ><span itemprop='name'>Kadetin ajatuksia 25 &#8211; Ensimm\u00e4inen syksy kadettina, kasvua, kuria ja yhteis\u00f6llisyytt\u00e4<\/span><\/span><\/span><\/article><article class=\"post-entry post-entry-type-standard post-entry-8485 post-loop-2 post-parity-even bloglist-simple with-slider post-8485 post type-post status-publish format-standard has-post-thumbnail hentry category-115 category-blogi category-blogi-2025\"  itemscope=\"itemscope\" itemtype=\"https:\/\/schema.org\/BlogPosting\" ><div class=\"blog-meta\"><\/div><div class='entry-content-wrapper clearfix standard-content'><header class=\"entry-content-header\"><h2 class='post-title entry-title '  itemprop=\"headline\" ><a href=\"https:\/\/kylkirauta.fi\/index.php\/2025\/11\/05\/vihijohtaja-liiallinen-tyomaara-liian-vahan-tekijoita-ja-liian-laaja-tehtavakentta\/\" rel=\"bookmark\" title=\"Permanent Link: Vihijohtaja: \u201dLiiallinen ty\u00f6m\u00e4\u00e4r\u00e4, liian v\u00e4h\u00e4n tekij\u00f6it\u00e4 ja liian laaja teht\u00e4v\u00e4kentt\u00e4\u201d\">Vihijohtaja: \u201dLiiallinen ty\u00f6m\u00e4\u00e4r\u00e4, liian v\u00e4h\u00e4n tekij\u00f6it\u00e4 ja liian laaja teht\u00e4v\u00e4kentt\u00e4\u201d<span class=\"post-format-icon minor-meta\"><\/span><\/a><\/h2><span class=\"post-meta-infos\"><time class=\"date-container minor-meta updated\"  itemprop=\"datePublished\" datetime=\"2025-11-05T13:26:35+02:00\" >5.11.2025<\/time><span class=\"text-sep\">\/<\/span><span class=\"blog-categories minor-meta\">in <a href=\"https:\/\/kylkirauta.fi\/index.php\/category\/2025\/\" rel=\"tag\">2025<\/a>, <a href=\"https:\/\/kylkirauta.fi\/index.php\/category\/blogi\/\" rel=\"tag\">Blogi<\/a>, <a href=\"https:\/\/kylkirauta.fi\/index.php\/category\/blogi-2025\/\" rel=\"tag\">Blogi 2025<\/a><\/span><span class=\"text-sep\">\/<\/span><span class=\"blog-author minor-meta\">by <span class=\"entry-author-link\"  itemprop=\"author\" ><span class=\"author\"><span class=\"fn\"><a href=\"https:\/\/kylkirauta.fi\/index.php\/author\/karisain\/\" title=\"Kirjoittanut: Kari Sainio\" rel=\"author\">Kari Sainio<\/a><\/span><\/span><\/span><\/span><div class=\"read-more-link\"><a href=\"https:\/\/kylkirauta.fi\/index.php\/2025\/11\/05\/vihijohtaja-liiallinen-tyomaara-liian-vahan-tekijoita-ja-liian-laaja-tehtavakentta\/\" class=\"more-link\">Read more<span class=\"more-link-arrow\"><\/span><\/a><\/div><\/span><\/header><footer class=\"entry-footer\"><\/footer><div class='post_delimiter'><\/div><\/div><div class=\"post_author_timeline\"><\/div><span class='hidden'>\n\t\t\t\t<span class='av-structured-data'  itemprop=\"image\" itemscope=\"itemscope\" itemtype=\"https:\/\/schema.org\/ImageObject\" >\n\t\t\t\t\t\t<span itemprop='url'>https:\/\/kylkirauta.fi\/wp-content\/uploads\/2025\/11\/Vihijohtaja-marras-2025-artikkeli-paivitetty.jpg<\/span>\n\t\t\t\t\t\t<span itemprop='height'>487<\/span>\n\t\t\t\t\t\t<span itemprop='width'>843<\/span>\n\t\t\t\t<\/span>\n\t\t\t\t<span class='av-structured-data'  itemprop=\"publisher\" itemtype=\"https:\/\/schema.org\/Organization\" itemscope=\"itemscope\" >\n\t\t\t\t\t\t<span itemprop='name'>Kari Sainio<\/span>\n\t\t\t\t\t\t<span itemprop='logo' itemscope itemtype='https:\/\/schema.org\/ImageObject'>\n\t\t\t\t\t\t\t<span itemprop='url'>https:\/\/kylkirauta.fi\/wp-content\/uploads\/2020\/02\/kkunta_weblogo-100x100-1.png<\/span>\n\t\t\t\t\t\t<\/span>\n\t\t\t\t<\/span><span class='av-structured-data'  itemprop=\"author\" itemscope=\"itemscope\" itemtype=\"https:\/\/schema.org\/Person\" ><span itemprop='name'>Kari Sainio<\/span><\/span><span class='av-structured-data'  itemprop=\"datePublished\" datetime=\"2025-11-05T13:26:35+02:00\" >2025-11-05 13:26:35<\/span><span class='av-structured-data'  itemprop=\"dateModified\" itemtype=\"https:\/\/schema.org\/dateModified\" >2025-11-05 13:47:41<\/span><span class='av-structured-data'  itemprop=\"mainEntityOfPage\" itemtype=\"https:\/\/schema.org\/mainEntityOfPage\" ><span itemprop='name'>Vihijohtaja: \u201dLiiallinen ty\u00f6m\u00e4\u00e4r\u00e4, liian v\u00e4h\u00e4n tekij\u00f6it\u00e4 ja liian laaja teht\u00e4v\u00e4kentt\u00e4\u201d<\/span><\/span><\/span><\/article><article class=\"post-entry post-entry-type-standard post-entry-8466 post-loop-3 post-parity-odd bloglist-simple with-slider post-8466 post type-post status-publish format-standard has-post-thumbnail hentry category-115 category-blogi category-blogi-2025\"  itemscope=\"itemscope\" itemtype=\"https:\/\/schema.org\/BlogPosting\" ><div class=\"blog-meta\"><\/div><div class='entry-content-wrapper clearfix standard-content'><header class=\"entry-content-header\"><h2 class='post-title entry-title '  itemprop=\"headline\" ><a href=\"https:\/\/kylkirauta.fi\/index.php\/2025\/10\/28\/kadetin-ajatuksia-24-nuorten-maanpuolustuskeskustelut-santahaminassa\/\" rel=\"bookmark\" title=\"Permanent Link: Kadetin ajatuksia 24 &#8211; Nuorten Maanpuolustuskeskustelut Santahaminassa\">Kadetin ajatuksia 24 &#8211; Nuorten Maanpuolustuskeskustelut Santahaminassa<span class=\"post-format-icon minor-meta\"><\/span><\/a><\/h2><span class=\"post-meta-infos\"><time class=\"date-container minor-meta updated\"  itemprop=\"datePublished\" datetime=\"2025-10-28T18:17:40+02:00\" >28.10.2025<\/time><span class=\"text-sep\">\/<\/span><span class=\"blog-categories minor-meta\">in <a href=\"https:\/\/kylkirauta.fi\/index.php\/category\/2025\/\" rel=\"tag\">2025<\/a>, <a href=\"https:\/\/kylkirauta.fi\/index.php\/category\/blogi\/\" rel=\"tag\">Blogi<\/a>, <a href=\"https:\/\/kylkirauta.fi\/index.php\/category\/blogi-2025\/\" rel=\"tag\">Blogi 2025<\/a><\/span><span class=\"text-sep\">\/<\/span><span class=\"blog-author minor-meta\">by <span class=\"entry-author-link\"  itemprop=\"author\" ><span class=\"author\"><span class=\"fn\"><a href=\"https:\/\/kylkirauta.fi\/index.php\/author\/karisain\/\" title=\"Kirjoittanut: Kari Sainio\" rel=\"author\">Kari Sainio<\/a><\/span><\/span><\/span><\/span><div class=\"read-more-link\"><a href=\"https:\/\/kylkirauta.fi\/index.php\/2025\/10\/28\/kadetin-ajatuksia-24-nuorten-maanpuolustuskeskustelut-santahaminassa\/\" class=\"more-link\">Read more<span class=\"more-link-arrow\"><\/span><\/a><\/div><\/span><\/header><footer class=\"entry-footer\"><\/footer><div class='post_delimiter'><\/div><\/div><div class=\"post_author_timeline\"><\/div><span class='hidden'>\n\t\t\t\t<span class='av-structured-data'  itemprop=\"image\" itemscope=\"itemscope\" itemtype=\"https:\/\/schema.org\/ImageObject\" >\n\t\t\t\t\t\t<span itemprop='url'>https:\/\/kylkirauta.fi\/wp-content\/uploads\/2025\/10\/Maanpuolustuskeskustelut-2025-artikkeli-2.jpg<\/span>\n\t\t\t\t\t\t<span itemprop='height'>487<\/span>\n\t\t\t\t\t\t<span itemprop='width'>843<\/span>\n\t\t\t\t<\/span>\n\t\t\t\t<span class='av-structured-data'  itemprop=\"publisher\" itemtype=\"https:\/\/schema.org\/Organization\" itemscope=\"itemscope\" >\n\t\t\t\t\t\t<span itemprop='name'>Kari Sainio<\/span>\n\t\t\t\t\t\t<span itemprop='logo' itemscope itemtype='https:\/\/schema.org\/ImageObject'>\n\t\t\t\t\t\t\t<span itemprop='url'>https:\/\/kylkirauta.fi\/wp-content\/uploads\/2020\/02\/kkunta_weblogo-100x100-1.png<\/span>\n\t\t\t\t\t\t<\/span>\n\t\t\t\t<\/span><span class='av-structured-data'  itemprop=\"author\" itemscope=\"itemscope\" itemtype=\"https:\/\/schema.org\/Person\" ><span itemprop='name'>Kari Sainio<\/span><\/span><span class='av-structured-data'  itemprop=\"datePublished\" datetime=\"2025-10-28T18:17:40+02:00\" >2025-10-28 18:17:40<\/span><span class='av-structured-data'  itemprop=\"dateModified\" itemtype=\"https:\/\/schema.org\/dateModified\" >2025-10-28 18:18:58<\/span><span class='av-structured-data'  itemprop=\"mainEntityOfPage\" itemtype=\"https:\/\/schema.org\/mainEntityOfPage\" ><span itemprop='name'>Kadetin ajatuksia 24 &#8211; Nuorten Maanpuolustuskeskustelut Santahaminassa<\/span><\/span><\/span><\/article><article class=\"post-entry post-entry-type-standard post-entry-8409 post-loop-4 post-parity-even bloglist-simple with-slider post-8409 post type-post status-publish format-standard has-post-thumbnail hentry category-115 category-blogi category-blogi-2025\"  itemscope=\"itemscope\" itemtype=\"https:\/\/schema.org\/BlogPosting\" ><div class=\"blog-meta\"><\/div><div class='entry-content-wrapper clearfix standard-content'><header class=\"entry-content-header\"><h2 class='post-title entry-title '  itemprop=\"headline\" ><a href=\"https:\/\/kylkirauta.fi\/index.php\/2025\/10\/15\/vihijohtaja-informaatiovaikuttaminen-kokonaisvaltaista-narratiivia-ja-strategista-viestintaa\/\" rel=\"bookmark\" title=\"Permanent Link: Vihijohtaja: Informaatiovaikuttaminen \u2013 kokonaisvaltaista narratiivia ja strategista viestint\u00e4\u00e4\">Vihijohtaja: Informaatiovaikuttaminen \u2013 kokonaisvaltaista narratiivia ja strategista viestint\u00e4\u00e4<span class=\"post-format-icon minor-meta\"><\/span><\/a><\/h2><span class=\"post-meta-infos\"><time class=\"date-container minor-meta updated\"  itemprop=\"datePublished\" datetime=\"2025-10-15T12:14:31+03:00\" >15.10.2025<\/time><span class=\"text-sep\">\/<\/span><span class=\"blog-categories minor-meta\">in <a href=\"https:\/\/kylkirauta.fi\/index.php\/category\/2025\/\" rel=\"tag\">2025<\/a>, <a href=\"https:\/\/kylkirauta.fi\/index.php\/category\/blogi\/\" rel=\"tag\">Blogi<\/a>, <a href=\"https:\/\/kylkirauta.fi\/index.php\/category\/blogi-2025\/\" rel=\"tag\">Blogi 2025<\/a><\/span><span class=\"text-sep\">\/<\/span><span class=\"blog-author minor-meta\">by <span class=\"entry-author-link\"  itemprop=\"author\" ><span class=\"author\"><span class=\"fn\"><a href=\"https:\/\/kylkirauta.fi\/index.php\/author\/karisain\/\" title=\"Kirjoittanut: Kari Sainio\" rel=\"author\">Kari Sainio<\/a><\/span><\/span><\/span><\/span><div class=\"read-more-link\"><a href=\"https:\/\/kylkirauta.fi\/index.php\/2025\/10\/15\/vihijohtaja-informaatiovaikuttaminen-kokonaisvaltaista-narratiivia-ja-strategista-viestintaa\/\" class=\"more-link\">Read more<span class=\"more-link-arrow\"><\/span><\/a><\/div><\/span><\/header><footer class=\"entry-footer\"><\/footer><div class='post_delimiter'><\/div><\/div><div class=\"post_author_timeline\"><\/div><span class='hidden'>\n\t\t\t\t<span class='av-structured-data'  itemprop=\"image\" itemscope=\"itemscope\" itemtype=\"https:\/\/schema.org\/ImageObject\" >\n\t\t\t\t\t\t<span itemprop='url'>https:\/\/kylkirauta.fi\/wp-content\/uploads\/2025\/10\/Saressalo-artikkeli.jpg<\/span>\n\t\t\t\t\t\t<span itemprop='height'>487<\/span>\n\t\t\t\t\t\t<span itemprop='width'>843<\/span>\n\t\t\t\t<\/span>\n\t\t\t\t<span class='av-structured-data'  itemprop=\"publisher\" itemtype=\"https:\/\/schema.org\/Organization\" itemscope=\"itemscope\" >\n\t\t\t\t\t\t<span itemprop='name'>Kari Sainio<\/span>\n\t\t\t\t\t\t<span itemprop='logo' itemscope itemtype='https:\/\/schema.org\/ImageObject'>\n\t\t\t\t\t\t\t<span itemprop='url'>https:\/\/kylkirauta.fi\/wp-content\/uploads\/2020\/02\/kkunta_weblogo-100x100-1.png<\/span>\n\t\t\t\t\t\t<\/span>\n\t\t\t\t<\/span><span class='av-structured-data'  itemprop=\"author\" itemscope=\"itemscope\" itemtype=\"https:\/\/schema.org\/Person\" ><span itemprop='name'>Kari Sainio<\/span><\/span><span class='av-structured-data'  itemprop=\"datePublished\" datetime=\"2025-10-15T12:14:31+03:00\" >2025-10-15 12:14:31<\/span><span class='av-structured-data'  itemprop=\"dateModified\" itemtype=\"https:\/\/schema.org\/dateModified\" >2025-10-15 12:14:31<\/span><span class='av-structured-data'  itemprop=\"mainEntityOfPage\" itemtype=\"https:\/\/schema.org\/mainEntityOfPage\" ><span itemprop='name'>Vihijohtaja: Informaatiovaikuttaminen \u2013 kokonaisvaltaista narratiivia ja strategista viestint\u00e4\u00e4<\/span><\/span><\/span><\/article><article class=\"post-entry post-entry-type-standard post-entry-8368 post-loop-5 post-parity-odd post-entry-last bloglist-simple with-slider post-8368 post type-post status-publish format-standard has-post-thumbnail hentry category-115 category-blogi category-blogi-2025\"  itemscope=\"itemscope\" itemtype=\"https:\/\/schema.org\/BlogPosting\" ><div class=\"blog-meta\"><\/div><div class='entry-content-wrapper clearfix standard-content'><header class=\"entry-content-header\"><h2 class='post-title entry-title '  itemprop=\"headline\" ><a href=\"https:\/\/kylkirauta.fi\/index.php\/2025\/09\/08\/vihijohtaja-katupoika-kognitiivisena-sodankavijana\/\" rel=\"bookmark\" title=\"Permanent Link: Vihijohtaja: Katupoika kognitiivisena sodank\u00e4vij\u00e4n\u00e4\">Vihijohtaja: Katupoika kognitiivisena sodank\u00e4vij\u00e4n\u00e4<span class=\"post-format-icon minor-meta\"><\/span><\/a><\/h2><span class=\"post-meta-infos\"><time class=\"date-container minor-meta updated\"  itemprop=\"datePublished\" datetime=\"2025-09-08T12:13:15+03:00\" >8.9.2025<\/time><span class=\"text-sep\">\/<\/span><span class=\"blog-categories minor-meta\">in <a href=\"https:\/\/kylkirauta.fi\/index.php\/category\/2025\/\" rel=\"tag\">2025<\/a>, <a href=\"https:\/\/kylkirauta.fi\/index.php\/category\/blogi\/\" rel=\"tag\">Blogi<\/a>, <a href=\"https:\/\/kylkirauta.fi\/index.php\/category\/blogi-2025\/\" rel=\"tag\">Blogi 2025<\/a><\/span><span class=\"text-sep\">\/<\/span><span class=\"blog-author minor-meta\">by <span class=\"entry-author-link\"  itemprop=\"author\" ><span class=\"author\"><span class=\"fn\"><a href=\"https:\/\/kylkirauta.fi\/index.php\/author\/karisain\/\" title=\"Kirjoittanut: Kari Sainio\" rel=\"author\">Kari Sainio<\/a><\/span><\/span><\/span><\/span><div class=\"read-more-link\"><a href=\"https:\/\/kylkirauta.fi\/index.php\/2025\/09\/08\/vihijohtaja-katupoika-kognitiivisena-sodankavijana\/\" class=\"more-link\">Read more<span class=\"more-link-arrow\"><\/span><\/a><\/div><\/span><\/header><footer class=\"entry-footer\"><\/footer><div class='post_delimiter'><\/div><\/div><div class=\"post_author_timeline\"><\/div><span class='hidden'>\n\t\t\t\t<span class='av-structured-data'  itemprop=\"image\" itemscope=\"itemscope\" itemtype=\"https:\/\/schema.org\/ImageObject\" >\n\t\t\t\t\t\t<span itemprop='url'>https:\/\/kylkirauta.fi\/wp-content\/uploads\/2025\/09\/Katupoika-08092025-artikkeli.jpg<\/span>\n\t\t\t\t\t\t<span itemprop='height'>487<\/span>\n\t\t\t\t\t\t<span itemprop='width'>843<\/span>\n\t\t\t\t<\/span>\n\t\t\t\t<span class='av-structured-data'  itemprop=\"publisher\" itemtype=\"https:\/\/schema.org\/Organization\" itemscope=\"itemscope\" >\n\t\t\t\t\t\t<span itemprop='name'>Kari Sainio<\/span>\n\t\t\t\t\t\t<span itemprop='logo' itemscope itemtype='https:\/\/schema.org\/ImageObject'>\n\t\t\t\t\t\t\t<span itemprop='url'>https:\/\/kylkirauta.fi\/wp-content\/uploads\/2020\/02\/kkunta_weblogo-100x100-1.png<\/span>\n\t\t\t\t\t\t<\/span>\n\t\t\t\t<\/span><span class='av-structured-data'  itemprop=\"author\" itemscope=\"itemscope\" itemtype=\"https:\/\/schema.org\/Person\" ><span itemprop='name'>Kari Sainio<\/span><\/span><span class='av-structured-data'  itemprop=\"datePublished\" datetime=\"2025-09-08T12:13:15+03:00\" >2025-09-08 12:13:15<\/span><span class='av-structured-data'  itemprop=\"dateModified\" itemtype=\"https:\/\/schema.org\/dateModified\" >2025-09-08 12:13:15<\/span><span class='av-structured-data'  itemprop=\"mainEntityOfPage\" itemtype=\"https:\/\/schema.org\/mainEntityOfPage\" ><span itemprop='name'>Vihijohtaja: Katupoika kognitiivisena sodank\u00e4vij\u00e4n\u00e4<\/span><\/span><\/span><\/article><div class='bloglist-simple'><nav class='pagination'><span class='pagination-meta'>Page 1 of 6<\/span><span class='current'>1<\/span><a href='https:\/\/kylkirauta.fi\/index.php\/wp-json\/wp\/v2\/posts\/8485\/page\/2\/' class='inactive next_page' >2<\/a><a href='https:\/\/kylkirauta.fi\/index.php\/wp-json\/wp\/v2\/posts\/8485\/page\/3\/' class='inactive' >3<\/a><a href='https:\/\/kylkirauta.fi\/index.php\/wp-json\/wp\/v2\/posts\/8485\/page\/2\/'>&rsaquo;<\/a><a href='https:\/\/kylkirauta.fi\/index.php\/wp-json\/wp\/v2\/posts\/8485\/page\/6\/'>&raquo;<\/a><\/nav>\n<\/div><\/div>\n","protected":false},"excerpt":{"rendered":"","protected":false},"author":3,"featured_media":8490,"comment_status":"closed","ping_status":"closed","sticky":false,"template":"","format":"standard","meta":{"footnotes":""},"categories":[115,3,117],"tags":[],"class_list":["post-8485","post","type-post","status-publish","format-standard","has-post-thumbnail","hentry","category-115","category-blogi","category-blogi-2025"],"yoast_head":"<!-- This site is optimized with the Yoast SEO plugin v27.5 - https:\/\/yoast.com\/product\/yoast-seo-wordpress\/ -->\n<title>Vihijohtaja: \u201dLiiallinen ty\u00f6m\u00e4\u00e4r\u00e4, liian v\u00e4h\u00e4n tekij\u00f6it\u00e4 ja liian laaja teht\u00e4v\u00e4kentt\u00e4\u201d - Kylkirauta<\/title>\n<meta name=\"robots\" content=\"index, follow, max-snippet:-1, max-image-preview:large, max-video-preview:-1\" \/>\n<link rel=\"canonical\" href=\"https:\/\/kylkirauta.fi\/index.php\/2025\/11\/05\/vihijohtaja-liiallinen-tyomaara-liian-vahan-tekijoita-ja-liian-laaja-tehtavakentta\/\" \/>\n<meta property=\"og:locale\" content=\"fi_FI\" \/>\n<meta property=\"og:type\" content=\"article\" \/>\n<meta property=\"og:title\" content=\"Vihijohtaja: \u201dLiiallinen ty\u00f6m\u00e4\u00e4r\u00e4, liian v\u00e4h\u00e4n tekij\u00f6it\u00e4 ja liian laaja teht\u00e4v\u00e4kentt\u00e4\u201d - Kylkirauta\" \/>\n<meta property=\"og:url\" content=\"https:\/\/kylkirauta.fi\/index.php\/2025\/11\/05\/vihijohtaja-liiallinen-tyomaara-liian-vahan-tekijoita-ja-liian-laaja-tehtavakentta\/\" \/>\n<meta property=\"og:site_name\" content=\"Kylkirauta\" \/>\n<meta property=\"article:published_time\" content=\"2025-11-05T11:26:35+00:00\" \/>\n<meta property=\"article:modified_time\" content=\"2025-11-05T11:47:41+00:00\" \/>\n<meta property=\"og:image\" content=\"https:\/\/kylkirauta.fi\/wp-content\/uploads\/2025\/11\/Vihijohtaja-marras-2025-artikkeli-paivitetty.jpg\" \/>\n\t<meta property=\"og:image:width\" content=\"843\" \/>\n\t<meta property=\"og:image:height\" content=\"487\" \/>\n\t<meta property=\"og:image:type\" content=\"image\/jpeg\" \/>\n<meta name=\"author\" content=\"Kari Sainio\" \/>\n<meta name=\"twitter:card\" content=\"summary_large_image\" \/>\n<meta name=\"twitter:label1\" content=\"Kirjoittanut\" \/>\n\t<meta name=\"twitter:data1\" content=\"Kari Sainio\" \/>\n\t<meta name=\"twitter:label2\" content=\"Arvioitu lukuaika\" \/>\n\t<meta name=\"twitter:data2\" content=\"10 minuuttia\" \/>\n<script type=\"application\/ld+json\" class=\"yoast-schema-graph\">{\"@context\":\"https:\\\/\\\/schema.org\",\"@graph\":[{\"@type\":\"Article\",\"@id\":\"https:\\\/\\\/kylkirauta.fi\\\/index.php\\\/2025\\\/11\\\/05\\\/vihijohtaja-liiallinen-tyomaara-liian-vahan-tekijoita-ja-liian-laaja-tehtavakentta\\\/#article\",\"isPartOf\":{\"@id\":\"https:\\\/\\\/kylkirauta.fi\\\/index.php\\\/2025\\\/11\\\/05\\\/vihijohtaja-liiallinen-tyomaara-liian-vahan-tekijoita-ja-liian-laaja-tehtavakentta\\\/\"},\"author\":{\"name\":\"Kari Sainio\",\"@id\":\"https:\\\/\\\/kylkirauta.fi\\\/#\\\/schema\\\/person\\\/714ab39a349c656b20d60a239be1d6f6\"},\"headline\":\"Vihijohtaja: \u201dLiiallinen ty\u00f6m\u00e4\u00e4r\u00e4, liian v\u00e4h\u00e4n tekij\u00f6it\u00e4 ja liian laaja teht\u00e4v\u00e4kentt\u00e4\u201d\",\"datePublished\":\"2025-11-05T11:26:35+00:00\",\"dateModified\":\"2025-11-05T11:47:41+00:00\",\"mainEntityOfPage\":{\"@id\":\"https:\\\/\\\/kylkirauta.fi\\\/index.php\\\/2025\\\/11\\\/05\\\/vihijohtaja-liiallinen-tyomaara-liian-vahan-tekijoita-ja-liian-laaja-tehtavakentta\\\/\"},\"wordCount\":2295,\"image\":{\"@id\":\"https:\\\/\\\/kylkirauta.fi\\\/index.php\\\/2025\\\/11\\\/05\\\/vihijohtaja-liiallinen-tyomaara-liian-vahan-tekijoita-ja-liian-laaja-tehtavakentta\\\/#primaryimage\"},\"thumbnailUrl\":\"https:\\\/\\\/kylkirauta.fi\\\/wp-content\\\/uploads\\\/2025\\\/11\\\/Vihijohtaja-marras-2025-artikkeli-paivitetty.jpg\",\"articleSection\":[\"2025\",\"Blogi\",\"Blogi 2025\"],\"inLanguage\":\"fi\"},{\"@type\":\"WebPage\",\"@id\":\"https:\\\/\\\/kylkirauta.fi\\\/index.php\\\/2025\\\/11\\\/05\\\/vihijohtaja-liiallinen-tyomaara-liian-vahan-tekijoita-ja-liian-laaja-tehtavakentta\\\/\",\"url\":\"https:\\\/\\\/kylkirauta.fi\\\/index.php\\\/2025\\\/11\\\/05\\\/vihijohtaja-liiallinen-tyomaara-liian-vahan-tekijoita-ja-liian-laaja-tehtavakentta\\\/\",\"name\":\"Vihijohtaja: \u201dLiiallinen ty\u00f6m\u00e4\u00e4r\u00e4, liian v\u00e4h\u00e4n tekij\u00f6it\u00e4 ja liian laaja teht\u00e4v\u00e4kentt\u00e4\u201d - Kylkirauta\",\"isPartOf\":{\"@id\":\"https:\\\/\\\/kylkirauta.fi\\\/#website\"},\"primaryImageOfPage\":{\"@id\":\"https:\\\/\\\/kylkirauta.fi\\\/index.php\\\/2025\\\/11\\\/05\\\/vihijohtaja-liiallinen-tyomaara-liian-vahan-tekijoita-ja-liian-laaja-tehtavakentta\\\/#primaryimage\"},\"image\":{\"@id\":\"https:\\\/\\\/kylkirauta.fi\\\/index.php\\\/2025\\\/11\\\/05\\\/vihijohtaja-liiallinen-tyomaara-liian-vahan-tekijoita-ja-liian-laaja-tehtavakentta\\\/#primaryimage\"},\"thumbnailUrl\":\"https:\\\/\\\/kylkirauta.fi\\\/wp-content\\\/uploads\\\/2025\\\/11\\\/Vihijohtaja-marras-2025-artikkeli-paivitetty.jpg\",\"datePublished\":\"2025-11-05T11:26:35+00:00\",\"dateModified\":\"2025-11-05T11:47:41+00:00\",\"author\":{\"@id\":\"https:\\\/\\\/kylkirauta.fi\\\/#\\\/schema\\\/person\\\/714ab39a349c656b20d60a239be1d6f6\"},\"breadcrumb\":{\"@id\":\"https:\\\/\\\/kylkirauta.fi\\\/index.php\\\/2025\\\/11\\\/05\\\/vihijohtaja-liiallinen-tyomaara-liian-vahan-tekijoita-ja-liian-laaja-tehtavakentta\\\/#breadcrumb\"},\"inLanguage\":\"fi\",\"potentialAction\":[{\"@type\":\"ReadAction\",\"target\":[\"https:\\\/\\\/kylkirauta.fi\\\/index.php\\\/2025\\\/11\\\/05\\\/vihijohtaja-liiallinen-tyomaara-liian-vahan-tekijoita-ja-liian-laaja-tehtavakentta\\\/\"]}]},{\"@type\":\"ImageObject\",\"inLanguage\":\"fi\",\"@id\":\"https:\\\/\\\/kylkirauta.fi\\\/index.php\\\/2025\\\/11\\\/05\\\/vihijohtaja-liiallinen-tyomaara-liian-vahan-tekijoita-ja-liian-laaja-tehtavakentta\\\/#primaryimage\",\"url\":\"https:\\\/\\\/kylkirauta.fi\\\/wp-content\\\/uploads\\\/2025\\\/11\\\/Vihijohtaja-marras-2025-artikkeli-paivitetty.jpg\",\"contentUrl\":\"https:\\\/\\\/kylkirauta.fi\\\/wp-content\\\/uploads\\\/2025\\\/11\\\/Vihijohtaja-marras-2025-artikkeli-paivitetty.jpg\",\"width\":843,\"height\":487},{\"@type\":\"BreadcrumbList\",\"@id\":\"https:\\\/\\\/kylkirauta.fi\\\/index.php\\\/2025\\\/11\\\/05\\\/vihijohtaja-liiallinen-tyomaara-liian-vahan-tekijoita-ja-liian-laaja-tehtavakentta\\\/#breadcrumb\",\"itemListElement\":[{\"@type\":\"ListItem\",\"position\":1,\"name\":\"Home\",\"item\":\"https:\\\/\\\/kylkirauta.fi\\\/index.php\\\/home\\\/\"},{\"@type\":\"ListItem\",\"position\":2,\"name\":\"Vihijohtaja: \u201dLiiallinen ty\u00f6m\u00e4\u00e4r\u00e4, liian v\u00e4h\u00e4n tekij\u00f6it\u00e4 ja liian laaja teht\u00e4v\u00e4kentt\u00e4\u201d\"}]},{\"@type\":\"WebSite\",\"@id\":\"https:\\\/\\\/kylkirauta.fi\\\/#website\",\"url\":\"https:\\\/\\\/kylkirauta.fi\\\/\",\"name\":\"Kylkirauta\",\"description\":\"Kadettiupseerit yhteiskunnan palveluksessa\",\"potentialAction\":[{\"@type\":\"SearchAction\",\"target\":{\"@type\":\"EntryPoint\",\"urlTemplate\":\"https:\\\/\\\/kylkirauta.fi\\\/?s={search_term_string}\"},\"query-input\":{\"@type\":\"PropertyValueSpecification\",\"valueRequired\":true,\"valueName\":\"search_term_string\"}}],\"inLanguage\":\"fi\"},{\"@type\":\"Person\",\"@id\":\"https:\\\/\\\/kylkirauta.fi\\\/#\\\/schema\\\/person\\\/714ab39a349c656b20d60a239be1d6f6\",\"name\":\"Kari Sainio\",\"sameAs\":[\"http:\\\/\\\/www.kylkirauta.fi\"],\"url\":\"https:\\\/\\\/kylkirauta.fi\\\/index.php\\\/author\\\/karisain\\\/\"}]}<\/script>\n<!-- \/ Yoast SEO plugin. -->","yoast_head_json":{"title":"Vihijohtaja: \u201dLiiallinen ty\u00f6m\u00e4\u00e4r\u00e4, liian v\u00e4h\u00e4n tekij\u00f6it\u00e4 ja liian laaja teht\u00e4v\u00e4kentt\u00e4\u201d - Kylkirauta","robots":{"index":"index","follow":"follow","max-snippet":"max-snippet:-1","max-image-preview":"max-image-preview:large","max-video-preview":"max-video-preview:-1"},"canonical":"https:\/\/kylkirauta.fi\/index.php\/2025\/11\/05\/vihijohtaja-liiallinen-tyomaara-liian-vahan-tekijoita-ja-liian-laaja-tehtavakentta\/","og_locale":"fi_FI","og_type":"article","og_title":"Vihijohtaja: \u201dLiiallinen ty\u00f6m\u00e4\u00e4r\u00e4, liian v\u00e4h\u00e4n tekij\u00f6it\u00e4 ja liian laaja teht\u00e4v\u00e4kentt\u00e4\u201d - Kylkirauta","og_url":"https:\/\/kylkirauta.fi\/index.php\/2025\/11\/05\/vihijohtaja-liiallinen-tyomaara-liian-vahan-tekijoita-ja-liian-laaja-tehtavakentta\/","og_site_name":"Kylkirauta","article_published_time":"2025-11-05T11:26:35+00:00","article_modified_time":"2025-11-05T11:47:41+00:00","og_image":[{"width":843,"height":487,"url":"https:\/\/kylkirauta.fi\/wp-content\/uploads\/2025\/11\/Vihijohtaja-marras-2025-artikkeli-paivitetty.jpg","type":"image\/jpeg"}],"author":"Kari Sainio","twitter_card":"summary_large_image","twitter_misc":{"Kirjoittanut":"Kari Sainio","Arvioitu lukuaika":"10 minuuttia"},"schema":{"@context":"https:\/\/schema.org","@graph":[{"@type":"Article","@id":"https:\/\/kylkirauta.fi\/index.php\/2025\/11\/05\/vihijohtaja-liiallinen-tyomaara-liian-vahan-tekijoita-ja-liian-laaja-tehtavakentta\/#article","isPartOf":{"@id":"https:\/\/kylkirauta.fi\/index.php\/2025\/11\/05\/vihijohtaja-liiallinen-tyomaara-liian-vahan-tekijoita-ja-liian-laaja-tehtavakentta\/"},"author":{"name":"Kari Sainio","@id":"https:\/\/kylkirauta.fi\/#\/schema\/person\/714ab39a349c656b20d60a239be1d6f6"},"headline":"Vihijohtaja: \u201dLiiallinen ty\u00f6m\u00e4\u00e4r\u00e4, liian v\u00e4h\u00e4n tekij\u00f6it\u00e4 ja liian laaja teht\u00e4v\u00e4kentt\u00e4\u201d","datePublished":"2025-11-05T11:26:35+00:00","dateModified":"2025-11-05T11:47:41+00:00","mainEntityOfPage":{"@id":"https:\/\/kylkirauta.fi\/index.php\/2025\/11\/05\/vihijohtaja-liiallinen-tyomaara-liian-vahan-tekijoita-ja-liian-laaja-tehtavakentta\/"},"wordCount":2295,"image":{"@id":"https:\/\/kylkirauta.fi\/index.php\/2025\/11\/05\/vihijohtaja-liiallinen-tyomaara-liian-vahan-tekijoita-ja-liian-laaja-tehtavakentta\/#primaryimage"},"thumbnailUrl":"https:\/\/kylkirauta.fi\/wp-content\/uploads\/2025\/11\/Vihijohtaja-marras-2025-artikkeli-paivitetty.jpg","articleSection":["2025","Blogi","Blogi 2025"],"inLanguage":"fi"},{"@type":"WebPage","@id":"https:\/\/kylkirauta.fi\/index.php\/2025\/11\/05\/vihijohtaja-liiallinen-tyomaara-liian-vahan-tekijoita-ja-liian-laaja-tehtavakentta\/","url":"https:\/\/kylkirauta.fi\/index.php\/2025\/11\/05\/vihijohtaja-liiallinen-tyomaara-liian-vahan-tekijoita-ja-liian-laaja-tehtavakentta\/","name":"Vihijohtaja: \u201dLiiallinen ty\u00f6m\u00e4\u00e4r\u00e4, liian v\u00e4h\u00e4n tekij\u00f6it\u00e4 ja liian laaja teht\u00e4v\u00e4kentt\u00e4\u201d - Kylkirauta","isPartOf":{"@id":"https:\/\/kylkirauta.fi\/#website"},"primaryImageOfPage":{"@id":"https:\/\/kylkirauta.fi\/index.php\/2025\/11\/05\/vihijohtaja-liiallinen-tyomaara-liian-vahan-tekijoita-ja-liian-laaja-tehtavakentta\/#primaryimage"},"image":{"@id":"https:\/\/kylkirauta.fi\/index.php\/2025\/11\/05\/vihijohtaja-liiallinen-tyomaara-liian-vahan-tekijoita-ja-liian-laaja-tehtavakentta\/#primaryimage"},"thumbnailUrl":"https:\/\/kylkirauta.fi\/wp-content\/uploads\/2025\/11\/Vihijohtaja-marras-2025-artikkeli-paivitetty.jpg","datePublished":"2025-11-05T11:26:35+00:00","dateModified":"2025-11-05T11:47:41+00:00","author":{"@id":"https:\/\/kylkirauta.fi\/#\/schema\/person\/714ab39a349c656b20d60a239be1d6f6"},"breadcrumb":{"@id":"https:\/\/kylkirauta.fi\/index.php\/2025\/11\/05\/vihijohtaja-liiallinen-tyomaara-liian-vahan-tekijoita-ja-liian-laaja-tehtavakentta\/#breadcrumb"},"inLanguage":"fi","potentialAction":[{"@type":"ReadAction","target":["https:\/\/kylkirauta.fi\/index.php\/2025\/11\/05\/vihijohtaja-liiallinen-tyomaara-liian-vahan-tekijoita-ja-liian-laaja-tehtavakentta\/"]}]},{"@type":"ImageObject","inLanguage":"fi","@id":"https:\/\/kylkirauta.fi\/index.php\/2025\/11\/05\/vihijohtaja-liiallinen-tyomaara-liian-vahan-tekijoita-ja-liian-laaja-tehtavakentta\/#primaryimage","url":"https:\/\/kylkirauta.fi\/wp-content\/uploads\/2025\/11\/Vihijohtaja-marras-2025-artikkeli-paivitetty.jpg","contentUrl":"https:\/\/kylkirauta.fi\/wp-content\/uploads\/2025\/11\/Vihijohtaja-marras-2025-artikkeli-paivitetty.jpg","width":843,"height":487},{"@type":"BreadcrumbList","@id":"https:\/\/kylkirauta.fi\/index.php\/2025\/11\/05\/vihijohtaja-liiallinen-tyomaara-liian-vahan-tekijoita-ja-liian-laaja-tehtavakentta\/#breadcrumb","itemListElement":[{"@type":"ListItem","position":1,"name":"Home","item":"https:\/\/kylkirauta.fi\/index.php\/home\/"},{"@type":"ListItem","position":2,"name":"Vihijohtaja: \u201dLiiallinen ty\u00f6m\u00e4\u00e4r\u00e4, liian v\u00e4h\u00e4n tekij\u00f6it\u00e4 ja liian laaja teht\u00e4v\u00e4kentt\u00e4\u201d"}]},{"@type":"WebSite","@id":"https:\/\/kylkirauta.fi\/#website","url":"https:\/\/kylkirauta.fi\/","name":"Kylkirauta","description":"Kadettiupseerit yhteiskunnan palveluksessa","potentialAction":[{"@type":"SearchAction","target":{"@type":"EntryPoint","urlTemplate":"https:\/\/kylkirauta.fi\/?s={search_term_string}"},"query-input":{"@type":"PropertyValueSpecification","valueRequired":true,"valueName":"search_term_string"}}],"inLanguage":"fi"},{"@type":"Person","@id":"https:\/\/kylkirauta.fi\/#\/schema\/person\/714ab39a349c656b20d60a239be1d6f6","name":"Kari Sainio","sameAs":["http:\/\/www.kylkirauta.fi"],"url":"https:\/\/kylkirauta.fi\/index.php\/author\/karisain\/"}]}},"_links":{"self":[{"href":"https:\/\/kylkirauta.fi\/index.php\/wp-json\/wp\/v2\/posts\/8485","targetHints":{"allow":["GET"]}}],"collection":[{"href":"https:\/\/kylkirauta.fi\/index.php\/wp-json\/wp\/v2\/posts"}],"about":[{"href":"https:\/\/kylkirauta.fi\/index.php\/wp-json\/wp\/v2\/types\/post"}],"author":[{"embeddable":true,"href":"https:\/\/kylkirauta.fi\/index.php\/wp-json\/wp\/v2\/users\/3"}],"replies":[{"embeddable":true,"href":"https:\/\/kylkirauta.fi\/index.php\/wp-json\/wp\/v2\/comments?post=8485"}],"version-history":[{"count":4,"href":"https:\/\/kylkirauta.fi\/index.php\/wp-json\/wp\/v2\/posts\/8485\/revisions"}],"predecessor-version":[{"id":8493,"href":"https:\/\/kylkirauta.fi\/index.php\/wp-json\/wp\/v2\/posts\/8485\/revisions\/8493"}],"wp:featuredmedia":[{"embeddable":true,"href":"https:\/\/kylkirauta.fi\/index.php\/wp-json\/wp\/v2\/media\/8490"}],"wp:attachment":[{"href":"https:\/\/kylkirauta.fi\/index.php\/wp-json\/wp\/v2\/media?parent=8485"}],"wp:term":[{"taxonomy":"category","embeddable":true,"href":"https:\/\/kylkirauta.fi\/index.php\/wp-json\/wp\/v2\/categories?post=8485"},{"taxonomy":"post_tag","embeddable":true,"href":"https:\/\/kylkirauta.fi\/index.php\/wp-json\/wp\/v2\/tags?post=8485"}],"curies":[{"name":"wp","href":"https:\/\/api.w.org\/{rel}","templated":true}]}}