{"id":8466,"date":"2025-10-28T18:17:40","date_gmt":"2025-10-28T16:17:40","guid":{"rendered":"https:\/\/kylkirauta.fi\/?p=8466"},"modified":"2025-10-28T18:18:58","modified_gmt":"2025-10-28T16:18:58","slug":"kadetin-ajatuksia-24-nuorten-maanpuolustuskeskustelut-santahaminassa","status":"publish","type":"post","link":"https:\/\/kylkirauta.fi\/index.php\/2025\/10\/28\/kadetin-ajatuksia-24-nuorten-maanpuolustuskeskustelut-santahaminassa\/","title":{"rendered":"Kadetin ajatuksia 24 &#8211; Nuorten Maanpuolustuskeskustelut Santahaminassa"},"content":{"rendered":"<div id='full_slider_1'  class='avia-fullwidth-slider main_color avia-shadow   avia-builder-el-0  el_before_av_one_full  avia-builder-el-first   container_wrap sidebar_right'  ><div  class='avia-slideshow av-l9olo-eba87a12f940917775723c57f530a7d6 avia-slideshow-no scaling av_slideshow_full avia-slide-slider av-slideshow-ui av-control-default av-slideshow-manual av-loop-once av-loop-manual-endless av-default-height-applied   avia-slideshow-1' data-slideshow-options=\"{&quot;animation&quot;:&quot;slide&quot;,&quot;autoplay&quot;:false,&quot;loop_autoplay&quot;:&quot;once&quot;,&quot;interval&quot;:5,&quot;loop_manual&quot;:&quot;manual-endless&quot;,&quot;autoplay_stopper&quot;:false,&quot;noNavigation&quot;:false,&quot;bg_slider&quot;:false,&quot;keep_padding&quot;:false,&quot;hoverpause&quot;:false,&quot;show_slide_delay&quot;:0}\"  itemprop=\"image\" itemscope=\"itemscope\" itemtype=\"https:\/\/schema.org\/ImageObject\" ><ul class='avia-slideshow-inner ' style='padding-bottom: 15.283203125%;'><li  class='avia-slideshow-slide av-l9olo-eba87a12f940917775723c57f530a7d6__0  av-single-slide slide-1 slide-odd'><div data-rel='slideshow-1' class='avia-slide-wrap '   ><img decoding=\"async\" fetchpriority=\"high\" class=\"wp-image-3149 avia-img-lazy-loading-not-3149\"  src=\"https:\/\/kylkirauta.fi\/wp-content\/uploads\/2020\/02\/miekka_logo_v2.png\" width=\"2048\" height=\"313\" title='miekka_logo_v2' alt=''  itemprop=\"thumbnailUrl\" srcset=\"https:\/\/kylkirauta.fi\/wp-content\/uploads\/2020\/02\/miekka_logo_v2.png 2048w, https:\/\/kylkirauta.fi\/wp-content\/uploads\/2020\/02\/miekka_logo_v2-300x46.png 300w, https:\/\/kylkirauta.fi\/wp-content\/uploads\/2020\/02\/miekka_logo_v2-1030x157.png 1030w, https:\/\/kylkirauta.fi\/wp-content\/uploads\/2020\/02\/miekka_logo_v2-768x117.png 768w, https:\/\/kylkirauta.fi\/wp-content\/uploads\/2020\/02\/miekka_logo_v2-1536x235.png 1536w, https:\/\/kylkirauta.fi\/wp-content\/uploads\/2020\/02\/miekka_logo_v2-1500x229.png 1500w, https:\/\/kylkirauta.fi\/wp-content\/uploads\/2020\/02\/miekka_logo_v2-705x108.png 705w\" sizes=\"(max-width: 2048px) 100vw, 2048px\" \/><\/div><\/li><\/ul><\/div><\/div><div id='after_full_slider_1'  class='main_color av_default_container_wrap container_wrap sidebar_right'  ><div class='container av-section-cont-open' ><div class='template-page content  av-content-small alpha units'><div class='post-entry post-entry-type-page post-entry-8466'><div class='entry-content-wrapper clearfix'>\n\n<style type=\"text\/css\" data-created_by=\"avia_inline_auto\" id=\"style-css-av-km4zs-0614ada41eb3461e6efbb361dfbae970\">\n.flex_column.av-km4zs-0614ada41eb3461e6efbb361dfbae970{\nborder-radius:0px 0px 0px 0px;\npadding:0px 0px 0px 0px;\n}\n<\/style>\n<div  class='flex_column av-km4zs-0614ada41eb3461e6efbb361dfbae970 av_one_full  avia-builder-el-1  el_after_av_slideshow_full  el_before_av_hr  avia-builder-el-first  first flex_column_div av-zero-column-padding  '     ><p>\n<style type=\"text\/css\" data-created_by=\"avia_inline_auto\" id=\"style-css-av-2q1d15-0827819902abaf3c23d99a55beee1d67\">\n#top .av-special-heading.av-2q1d15-0827819902abaf3c23d99a55beee1d67{\npadding-bottom:10px;\n}\nbody .av-special-heading.av-2q1d15-0827819902abaf3c23d99a55beee1d67 .av-special-heading-tag .heading-char{\nfont-size:25px;\n}\n.av-special-heading.av-2q1d15-0827819902abaf3c23d99a55beee1d67 .av-subheading{\nfont-size:15px;\n}\n<\/style>\n<div  class='av-special-heading av-2q1d15-0827819902abaf3c23d99a55beee1d67 av-special-heading-h3  avia-builder-el-2  el_before_av_hr  avia-builder-el-first  av-linked-heading'><h3 class='av-special-heading-tag'  itemprop=\"headline\"  >Kadetin ajatuksia 24 &#8211; Nuorten Maanpuolustuskeskustelut Santahaminassa<\/h3><div class=\"special-heading-border\"><div class=\"special-heading-inner-border\"><\/div><\/div><\/div><br \/>\n\n<style type=\"text\/css\" data-created_by=\"avia_inline_auto\" id=\"style-css-av-k1to1iy9-0b4b8d7a542aef095c0d71f3b4e8b649\">\n#top .hr.hr-invisible.av-k1to1iy9-0b4b8d7a542aef095c0d71f3b4e8b649{\nheight:20px;\n}\n<\/style>\n<div  class='hr av-k1to1iy9-0b4b8d7a542aef095c0d71f3b4e8b649 hr-invisible  avia-builder-el-3  el_after_av_heading  el_before_av_textblock '><span class='hr-inner '><span class=\"hr-inner-style\"><\/span><\/span><\/div><br \/>\n<section  class='av_textblock_section av-k8d08-b6982eb89db820e3f2ea785bf1b317fd '   itemscope=\"itemscope\" itemtype=\"https:\/\/schema.org\/BlogPosting\" itemprop=\"blogPost\" ><div class='avia_textblock'  itemprop=\"text\" ><div id=\"attachment_8471\" style=\"width: 200px\" class=\"wp-caption alignright\"><img loading=\"lazy\" decoding=\"async\" aria-describedby=\"caption-attachment-8471\" class=\"wp-image-8471\" src=\"https:\/\/kylkirauta.fi\/wp-content\/uploads\/2025\/10\/KOSKI_Kasperi-uusi.jpg\" alt=\"\" width=\"190\" height=\"273\" \/><p id=\"caption-attachment-8471\" class=\"wp-caption-text\">Kadetti Kasperi Koski<\/p><\/div>\n<p><strong><em>On helppo puhua nuorista maanpuolustajina \u2013 vaikeampi on antaa heille \u00e4\u00e4ni maanpuolustuksen kehitt\u00e4jin\u00e4. Lokakuun alussa\u00a0 j\u00e4rjestetyt Nuorten Maanpuolustuskeskustelut Santahaminassa tekiv\u00e4t juuri sen.<\/em><\/strong><\/p>\n<p>Kadettien opiskelijaj\u00e4rjest\u00f6 Kadettitoverikunta ja Kadettikunta kokosivat Santahaminaan toista kertaa joukon nuoria, jotka halusivat puhua maanpuolustuksesta, turvallisuudesta ja tulevaisuudesta omalla \u00e4\u00e4nell\u00e4\u00e4n. Tavoitteena oli kannustaa nuoria osallistumaan yhteiskunnalliseen keskusteluun aiheista, jotka koskettavat meit\u00e4 kaikkia \u2013 my\u00f6s heit\u00e4, joilla ei viel\u00e4 ole omaa kokemusta varusmiespalveluksesta tai laajemmista sotilasteht\u00e4vist\u00e4.<\/p>\n<p>Tapahtumaan osallistui nuoria hyvin erilaisista taustoista: yliopistojen ainej\u00e4rjest\u00f6ist\u00e4, poliittisista nuorisoj\u00e4rjest\u00f6ist\u00e4 sek\u00e4 maanpuolustusteemoihin liittyvist\u00e4 yhdistyksist\u00e4. Laaja osallistujakirjo tarjosi aidosti uusia n\u00e4k\u00f6kulmia ja haastoi pohtimaan tuttuja aiheita tuorein silmin. Samalla tapahtuma toimi my\u00f6s verkostoitumisalustana, t\u00e4llaisia keskusteluja kun ei usein k\u00e4yd\u00e4 yli rajojen, ja juuri siksi ne ovat arvokkaita.<\/p>\n<p><em><strong>Kahden maailman rajapinnassa<\/strong><\/em><\/p>\n<p>Itse (kuvassa kommentoimassa) viet\u00e4n t\u00e4ll\u00e4 hetkell\u00e4 \u201dsimppuvuottani\u201d (ensimm\u00e4isen vuosikurssin kadetti). En kuitenkaan t\u00e4ss\u00e4 tapahtumassa ollut Puolustusvoimien edustajana paikalla, vaan edustin Aalto-yliopiston puolustus- ja turvallisuusteemoihin keskittyv\u00e4\u00e4 yhdistyst\u00e4, Aalto Defence&#8217;a. \u201dKaksoishenkil\u00f6llisyyteni\u201d niin kadettina, kuin siviiliyliopiston opiskelijanakin, teki p\u00e4iv\u00e4st\u00e4 erityisen antoisan. Sain mielenkiintoisen mahdollisuuden peilata omia n\u00e4kemyksi\u00e4 sek\u00e4 sotilaiden, ett\u00e4 ryhm\u00e4mme siviiliosallistujien kokemuksiin. Tuntuu, ett\u00e4 siviilit ja sotilaat puhuvat usein eri kielt\u00e4, ei vain termeiss\u00e4 mutta my\u00f6s maailmankuvassa. N\u00e4iss\u00e4 p\u00f6ydiss\u00e4 ne kielet kohtasivat.<\/p>\n<p><em><strong>Nelj\u00e4 teemaa, lukematon m\u00e4\u00e4r\u00e4 n\u00e4k\u00f6kulmia<\/strong><\/em><\/p>\n<p>Keskustelut k\u00e4ytiin kuuden hengen p\u00f6yt\u00e4ryhmiss\u00e4, joissa yhdisteltiin eri taustoista tulevia osallistujia ja kadetteja. Keskustelunaiheita oli nelj\u00e4. Lyhyiden asiantuntija-alustusten j\u00e4lkeen ryhm\u00e4t kokosivat johtop\u00e4\u00e4t\u00f6ksens\u00e4 ja alustajat kommentoivat tuloksia. My\u00f6s tapahtuman suoratoistol\u00e4hetyst\u00e4 et\u00e4yhteyksin seuraava yleis\u00f6 sai tuoda kysymyksi\u00e4\u00e4n osaksi salikeskustelua.<\/p>\n<p>Ensimm\u00e4inen teema oli reservil\u00e4isten maanpuolustustahto. Alustajana teemalle toimi maanpuolustukseen ja reservil\u00e4isyyteen keskittyv\u00e4 sosiaalisen median yhteis\u00f6 Mighty Finlandin Ville Sormunen. Keskustelu py\u00f6ri reservil\u00e4isten roolin ja motivoinnin ymp\u00e4rill\u00e4, todeten reservil\u00e4isten maanpuolustustahdon olevan Suomessa korkealla tasolla ja tunnistaen reservil\u00e4isten suorittaman elint\u00e4rke\u00e4n ty\u00f6n puolustuksen ja kokonaisturvallisuuden eteen.<\/p>\n<p>Toinen teema k\u00e4sitteli tasa-arvoa naisten vapaaehtoisen asepalveluksen 30-vuotisen taipaleen kunniaksi. Teeman alusti Turvallisuuskomitean yleissihteeri, everstiluutnantti Annukka Ylivaara. Keskusteluissa korostuivat tulevaisuuden vaihtoehdot kutsuntojen toteuttamiseen ja varusmiespalveluksen suorittavien nuorten kokonaistason kehitt\u00e4miseen. My\u00f6s kansalaispalveluksen tai koko ik\u00e4luokalle toteutettavien maanpuolustuskurssien vaikutusta kokonaisturvallisuuteen pohdittiin.<\/p>\n<p>Kolmantena aiheena oli kansalaisten resilienssi eli kriisinsietokyky. Resilienssi\u00e4 tarkasteltiin erityisesti taiteen ja kulttuurin kautta, ja aiheen alustajana toimi Taiteen edist\u00e4miskeskuksen johtaja Kaisa R\u00f6nkk\u00f6. Keskusteluryhmien pohdinnat koskivat kulttuurisen yhteenkuuluvuuden merkityksest\u00e4 kriisinkest\u00e4vyyden rakentumisessa sek\u00e4 taiteen merkityst\u00e4 kansallisen identiteetin rakentumisessa.<\/p>\n<p>Nelj\u00e4s aihe keskittyi Ukrainan sotaan ja Ven\u00e4j\u00e4n toimintaan niin sodassa kuin Suomen turvallisuusymp\u00e4rist\u00f6ss\u00e4. Nelj\u00e4nnen teeman osalta keskustelun alusti Maanpuolustuskorkeakoulun Ven\u00e4j\u00e4-tutkimusryhm\u00e4n johtaja, everstiluutnantti Simo Pesu. Olimme siis viimeisenkin teeman osalta hyviss\u00e4 ja eritt\u00e4in asiantuntevissa k\u00e4siss\u00e4. Suomi ei valitettavasti voi maantieteelleen eik\u00e4 naapureilleen mit\u00e4\u00e4n, ja nimenomaan maantieteest\u00e4 johtuen Suomen t\u00e4ytyy olla erityisen ter\u00e4v\u00e4n\u00e4 ja valppaana.<\/p>\n<p>Keskustelujen s\u00e4vy vaihteli vakavasta analyyttiseen ja pohtivasta kevyemp\u00e4\u00e4n. Yhteinen nimitt\u00e4j\u00e4 oli kuitenkin selv\u00e4: nuoret halusivat ymm\u00e4rt\u00e4\u00e4, eiv\u00e4t vain toistaa valmiita vastauksia.<img loading=\"lazy\" decoding=\"async\" class=\"aligncenter wp-image-8472 size-full\" src=\"https:\/\/kylkirauta.fi\/wp-content\/uploads\/2025\/10\/Maanpuolustuskeskustelut-2025-artikkeli-2.jpg\" alt=\"\" width=\"843\" height=\"487\" srcset=\"https:\/\/kylkirauta.fi\/wp-content\/uploads\/2025\/10\/Maanpuolustuskeskustelut-2025-artikkeli-2.jpg 843w, https:\/\/kylkirauta.fi\/wp-content\/uploads\/2025\/10\/Maanpuolustuskeskustelut-2025-artikkeli-2-300x173.jpg 300w, https:\/\/kylkirauta.fi\/wp-content\/uploads\/2025\/10\/Maanpuolustuskeskustelut-2025-artikkeli-2-768x444.jpg 768w, https:\/\/kylkirauta.fi\/wp-content\/uploads\/2025\/10\/Maanpuolustuskeskustelut-2025-artikkeli-2-705x407.jpg 705w\" sizes=\"auto, (max-width: 843px) 100vw, 843px\" \/><\/p>\n<p><em><strong>Keskusteluja ja kahvittelua<\/strong><\/em><\/p>\n<p>Keskusteluosuuden p\u00e4\u00e4tti Maanpuolustuskorkeakoulun rehtori, kenraalimajuri Mika Kalliomaa omalla puheenvuorollaan. Rehtori korosti Maanpuolustuskorkeakoulun roolia maanpuolustuksesta ja kokonaisturvallisuudesta tiedottamisessa. Erityisesti h\u00e4n korosti nuorten mukanaolon t\u00e4rkeytt\u00e4 keskusteluissa k\u00e4siteltyjen elint\u00e4rkeiden teemojen osalta.<\/p>\n<p>Tilaisuuden j\u00e4lkeen osallistujille mahdollistettiin viel\u00e4 vapaamuotoisempi keskusteluiden jatkaminen kahvitustilaisuuden muodossa. My\u00f6s kakkua oli tietysti tarjolla. Maittavista tarjoiluista kiitos kuuluu j\u00e4lleen Santahaminan sotilaskotiyhdistykselle.<\/p>\n<p>Keskustelup\u00e4iv\u00e4 tarjosi paljon enemm\u00e4n kuin vain vastauksia alustajien esitt\u00e4miin kysymyksiin. Se tarjosi pohdintaa, laajentuneita n\u00e4k\u00f6kulmia ja ennen kaikkea uusia tuttavuuksia. Jos maanpuolustustahto on yhteinen selk\u00e4rankamme, t\u00e4llaiset keskustelut ovat sen hermoja \u2013 ne pit\u00e4v\u00e4t meid\u00e4t tuntevina, ajattelevina ja toisistamme kiinnostuneina.<\/p>\n<p>Tapahtuman tallenne l\u00f6ytyy <a href=\"https:\/\/www.youtube.com\/watch?v=RrTVnhM9Dkw\" target=\"_blank\" rel=\"noopener\">verkosta t\u00e4st\u00e4 linkist\u00e4.<\/a> Kiinnostuneita kehotan ehdottomasti katsomaan tallenteen ja merkitsem\u00e4\u00e4n ensi vuoden keskustelut ajoissa kalenteriin. Erityisesti nuoria kannustan lis\u00e4ksi my\u00f6s harkitsemaan ensi vuoden keskusteluihin osallistumista.<\/p>\n<p>Lopuksi haluan viel\u00e4 jakaa kenraalimajuri Kalliomaan nuorille osoittamat sanat erityisesti kaikille t\u00e4t\u00e4 artikkelia lukeville nuorille:<\/p>\n<p><em>\u201dTulevaisuus ei vain tule jostain, vaan tulevaisuus rakennetaan. Tulevaisuus on teid\u00e4n, ja te teette tulevaisuuden meille.\u201d<\/em><\/p>\n<p style=\"text-align: center;\">***<\/p>\n<p><em>Kirjoittaja opiskelee 112. kadettikurssilla maavoimien koulutusohjelmassa.<\/em><\/p>\n<p><em><br \/>\n<\/em><em><a href=\"https:\/\/www.youtube.com\/watch?v=RrTVnhM9Dkw\" target=\"_blank\" rel=\"noopener\">Tapahtuman tallenne katsottavissa t\u00e4st\u00e4 linkist\u00e4.<\/a><\/em><\/p>\n<\/div><\/section><\/p><\/div><div  class='hr av-24tmga-ca34d41ef5ec5fc4314b98a56dee3817 hr-default  avia-builder-el-5  el_after_av_one_full  el_before_av_blog '><span class='hr-inner '><span class=\"hr-inner-style\"><\/span><\/span><\/div><\/p>\n<div  class='av-alb-blogposts template-blog  '  itemscope=\"itemscope\" itemtype=\"https:\/\/schema.org\/Blog\" ><article class=\"post-entry post-entry-type-standard post-entry-8522 post-loop-1 post-parity-odd bloglist-simple with-slider post-8522 post type-post status-publish format-standard has-post-thumbnail hentry category-115 category-blogi category-blogi-2025\"  itemscope=\"itemscope\" itemtype=\"https:\/\/schema.org\/BlogPosting\" ><div class=\"blog-meta\"><\/div><div class='entry-content-wrapper clearfix standard-content'><header class=\"entry-content-header\"><h2 class='post-title entry-title '  itemprop=\"headline\" ><a href=\"https:\/\/kylkirauta.fi\/index.php\/2025\/12\/04\/kadetin-ajatuksia-25-ensimmainen-syksy-kadettina-kasvua-kuria-ja-yhteisollisyytta\/\" rel=\"bookmark\" title=\"Permanent Link: Kadetin ajatuksia 25 &#8211; Ensimm\u00e4inen syksy kadettina, kasvua, kuria ja yhteis\u00f6llisyytt\u00e4\">Kadetin ajatuksia 25 &#8211; Ensimm\u00e4inen syksy kadettina, kasvua, kuria ja yhteis\u00f6llisyytt\u00e4<span class=\"post-format-icon minor-meta\"><\/span><\/a><\/h2><span class=\"post-meta-infos\"><time class=\"date-container minor-meta updated\"  itemprop=\"datePublished\" datetime=\"2025-12-04T14:21:39+02:00\" >4.12.2025<\/time><span class=\"text-sep\">\/<\/span><span class=\"blog-categories minor-meta\">in <a href=\"https:\/\/kylkirauta.fi\/index.php\/category\/2025\/\" rel=\"tag\">2025<\/a>, <a href=\"https:\/\/kylkirauta.fi\/index.php\/category\/blogi\/\" rel=\"tag\">Blogi<\/a>, <a href=\"https:\/\/kylkirauta.fi\/index.php\/category\/blogi-2025\/\" rel=\"tag\">Blogi 2025<\/a><\/span><span class=\"text-sep\">\/<\/span><span class=\"blog-author minor-meta\">by <span class=\"entry-author-link\"  itemprop=\"author\" ><span class=\"author\"><span class=\"fn\"><a href=\"https:\/\/kylkirauta.fi\/index.php\/author\/karisain\/\" title=\"Kirjoittanut: Kari Sainio\" rel=\"author\">Kari Sainio<\/a><\/span><\/span><\/span><\/span><div class=\"read-more-link\"><a href=\"https:\/\/kylkirauta.fi\/index.php\/2025\/12\/04\/kadetin-ajatuksia-25-ensimmainen-syksy-kadettina-kasvua-kuria-ja-yhteisollisyytta\/\" class=\"more-link\">Read more<span class=\"more-link-arrow\"><\/span><\/a><\/div><\/span><\/header><footer class=\"entry-footer\"><\/footer><div class='post_delimiter'><\/div><\/div><div class=\"post_author_timeline\"><\/div><span class='hidden'>\n\t\t\t\t<span class='av-structured-data'  itemprop=\"image\" itemscope=\"itemscope\" itemtype=\"https:\/\/schema.org\/ImageObject\" >\n\t\t\t\t\t\t<span itemprop='url'>https:\/\/kylkirauta.fi\/wp-content\/uploads\/2025\/12\/Konola-02122025-Artikkeli-3.jpg<\/span>\n\t\t\t\t\t\t<span itemprop='height'>487<\/span>\n\t\t\t\t\t\t<span itemprop='width'>843<\/span>\n\t\t\t\t<\/span>\n\t\t\t\t<span class='av-structured-data'  itemprop=\"publisher\" itemtype=\"https:\/\/schema.org\/Organization\" itemscope=\"itemscope\" >\n\t\t\t\t\t\t<span itemprop='name'>Kari Sainio<\/span>\n\t\t\t\t\t\t<span itemprop='logo' itemscope itemtype='https:\/\/schema.org\/ImageObject'>\n\t\t\t\t\t\t\t<span itemprop='url'>https:\/\/kylkirauta.fi\/wp-content\/uploads\/2020\/02\/kkunta_weblogo-100x100-1.png<\/span>\n\t\t\t\t\t\t<\/span>\n\t\t\t\t<\/span><span class='av-structured-data'  itemprop=\"author\" itemscope=\"itemscope\" itemtype=\"https:\/\/schema.org\/Person\" ><span itemprop='name'>Kari Sainio<\/span><\/span><span class='av-structured-data'  itemprop=\"datePublished\" datetime=\"2025-12-04T14:21:39+02:00\" >2025-12-04 14:21:39<\/span><span class='av-structured-data'  itemprop=\"dateModified\" itemtype=\"https:\/\/schema.org\/dateModified\" >2025-12-04 14:28:57<\/span><span class='av-structured-data'  itemprop=\"mainEntityOfPage\" itemtype=\"https:\/\/schema.org\/mainEntityOfPage\" ><span itemprop='name'>Kadetin ajatuksia 25 &#8211; Ensimm\u00e4inen syksy kadettina, kasvua, kuria ja yhteis\u00f6llisyytt\u00e4<\/span><\/span><\/span><\/article><article class=\"post-entry post-entry-type-standard post-entry-8485 post-loop-2 post-parity-even bloglist-simple with-slider post-8485 post type-post status-publish format-standard has-post-thumbnail hentry category-115 category-blogi category-blogi-2025\"  itemscope=\"itemscope\" itemtype=\"https:\/\/schema.org\/BlogPosting\" ><div class=\"blog-meta\"><\/div><div class='entry-content-wrapper clearfix standard-content'><header class=\"entry-content-header\"><h2 class='post-title entry-title '  itemprop=\"headline\" ><a href=\"https:\/\/kylkirauta.fi\/index.php\/2025\/11\/05\/vihijohtaja-liiallinen-tyomaara-liian-vahan-tekijoita-ja-liian-laaja-tehtavakentta\/\" rel=\"bookmark\" title=\"Permanent Link: Vihijohtaja: \u201dLiiallinen ty\u00f6m\u00e4\u00e4r\u00e4, liian v\u00e4h\u00e4n tekij\u00f6it\u00e4 ja liian laaja teht\u00e4v\u00e4kentt\u00e4\u201d\">Vihijohtaja: \u201dLiiallinen ty\u00f6m\u00e4\u00e4r\u00e4, liian v\u00e4h\u00e4n tekij\u00f6it\u00e4 ja liian laaja teht\u00e4v\u00e4kentt\u00e4\u201d<span class=\"post-format-icon minor-meta\"><\/span><\/a><\/h2><span class=\"post-meta-infos\"><time class=\"date-container minor-meta updated\"  itemprop=\"datePublished\" datetime=\"2025-11-05T13:26:35+02:00\" >5.11.2025<\/time><span class=\"text-sep\">\/<\/span><span class=\"blog-categories minor-meta\">in <a href=\"https:\/\/kylkirauta.fi\/index.php\/category\/2025\/\" rel=\"tag\">2025<\/a>, <a href=\"https:\/\/kylkirauta.fi\/index.php\/category\/blogi\/\" rel=\"tag\">Blogi<\/a>, <a href=\"https:\/\/kylkirauta.fi\/index.php\/category\/blogi-2025\/\" rel=\"tag\">Blogi 2025<\/a><\/span><span class=\"text-sep\">\/<\/span><span class=\"blog-author minor-meta\">by <span class=\"entry-author-link\"  itemprop=\"author\" ><span class=\"author\"><span class=\"fn\"><a href=\"https:\/\/kylkirauta.fi\/index.php\/author\/karisain\/\" title=\"Kirjoittanut: Kari Sainio\" rel=\"author\">Kari Sainio<\/a><\/span><\/span><\/span><\/span><div class=\"read-more-link\"><a href=\"https:\/\/kylkirauta.fi\/index.php\/2025\/11\/05\/vihijohtaja-liiallinen-tyomaara-liian-vahan-tekijoita-ja-liian-laaja-tehtavakentta\/\" class=\"more-link\">Read more<span class=\"more-link-arrow\"><\/span><\/a><\/div><\/span><\/header><footer class=\"entry-footer\"><\/footer><div class='post_delimiter'><\/div><\/div><div class=\"post_author_timeline\"><\/div><span class='hidden'>\n\t\t\t\t<span class='av-structured-data'  itemprop=\"image\" itemscope=\"itemscope\" itemtype=\"https:\/\/schema.org\/ImageObject\" >\n\t\t\t\t\t\t<span itemprop='url'>https:\/\/kylkirauta.fi\/wp-content\/uploads\/2025\/11\/Vihijohtaja-marras-2025-artikkeli-paivitetty.jpg<\/span>\n\t\t\t\t\t\t<span itemprop='height'>487<\/span>\n\t\t\t\t\t\t<span itemprop='width'>843<\/span>\n\t\t\t\t<\/span>\n\t\t\t\t<span class='av-structured-data'  itemprop=\"publisher\" itemtype=\"https:\/\/schema.org\/Organization\" itemscope=\"itemscope\" >\n\t\t\t\t\t\t<span itemprop='name'>Kari Sainio<\/span>\n\t\t\t\t\t\t<span itemprop='logo' itemscope itemtype='https:\/\/schema.org\/ImageObject'>\n\t\t\t\t\t\t\t<span itemprop='url'>https:\/\/kylkirauta.fi\/wp-content\/uploads\/2020\/02\/kkunta_weblogo-100x100-1.png<\/span>\n\t\t\t\t\t\t<\/span>\n\t\t\t\t<\/span><span class='av-structured-data'  itemprop=\"author\" itemscope=\"itemscope\" itemtype=\"https:\/\/schema.org\/Person\" ><span itemprop='name'>Kari Sainio<\/span><\/span><span class='av-structured-data'  itemprop=\"datePublished\" datetime=\"2025-11-05T13:26:35+02:00\" >2025-11-05 13:26:35<\/span><span class='av-structured-data'  itemprop=\"dateModified\" itemtype=\"https:\/\/schema.org\/dateModified\" >2025-11-05 13:47:41<\/span><span class='av-structured-data'  itemprop=\"mainEntityOfPage\" itemtype=\"https:\/\/schema.org\/mainEntityOfPage\" ><span itemprop='name'>Vihijohtaja: \u201dLiiallinen ty\u00f6m\u00e4\u00e4r\u00e4, liian v\u00e4h\u00e4n tekij\u00f6it\u00e4 ja liian laaja teht\u00e4v\u00e4kentt\u00e4\u201d<\/span><\/span><\/span><\/article><article class=\"post-entry post-entry-type-standard post-entry-8466 post-loop-3 post-parity-odd bloglist-simple with-slider post-8466 post type-post status-publish format-standard has-post-thumbnail hentry category-115 category-blogi category-blogi-2025\"  itemscope=\"itemscope\" itemtype=\"https:\/\/schema.org\/BlogPosting\" ><div class=\"blog-meta\"><\/div><div class='entry-content-wrapper clearfix standard-content'><header class=\"entry-content-header\"><h2 class='post-title entry-title '  itemprop=\"headline\" ><a href=\"https:\/\/kylkirauta.fi\/index.php\/2025\/10\/28\/kadetin-ajatuksia-24-nuorten-maanpuolustuskeskustelut-santahaminassa\/\" rel=\"bookmark\" title=\"Permanent Link: Kadetin ajatuksia 24 &#8211; Nuorten Maanpuolustuskeskustelut Santahaminassa\">Kadetin ajatuksia 24 &#8211; Nuorten Maanpuolustuskeskustelut Santahaminassa<span class=\"post-format-icon minor-meta\"><\/span><\/a><\/h2><span class=\"post-meta-infos\"><time class=\"date-container minor-meta updated\"  itemprop=\"datePublished\" datetime=\"2025-10-28T18:17:40+02:00\" >28.10.2025<\/time><span class=\"text-sep\">\/<\/span><span class=\"blog-categories minor-meta\">in <a href=\"https:\/\/kylkirauta.fi\/index.php\/category\/2025\/\" rel=\"tag\">2025<\/a>, <a href=\"https:\/\/kylkirauta.fi\/index.php\/category\/blogi\/\" rel=\"tag\">Blogi<\/a>, <a href=\"https:\/\/kylkirauta.fi\/index.php\/category\/blogi-2025\/\" rel=\"tag\">Blogi 2025<\/a><\/span><span class=\"text-sep\">\/<\/span><span class=\"blog-author minor-meta\">by <span class=\"entry-author-link\"  itemprop=\"author\" ><span class=\"author\"><span class=\"fn\"><a href=\"https:\/\/kylkirauta.fi\/index.php\/author\/karisain\/\" title=\"Kirjoittanut: Kari Sainio\" rel=\"author\">Kari Sainio<\/a><\/span><\/span><\/span><\/span><div class=\"read-more-link\"><a href=\"https:\/\/kylkirauta.fi\/index.php\/2025\/10\/28\/kadetin-ajatuksia-24-nuorten-maanpuolustuskeskustelut-santahaminassa\/\" class=\"more-link\">Read more<span class=\"more-link-arrow\"><\/span><\/a><\/div><\/span><\/header><footer class=\"entry-footer\"><\/footer><div class='post_delimiter'><\/div><\/div><div class=\"post_author_timeline\"><\/div><span class='hidden'>\n\t\t\t\t<span class='av-structured-data'  itemprop=\"image\" itemscope=\"itemscope\" itemtype=\"https:\/\/schema.org\/ImageObject\" >\n\t\t\t\t\t\t<span itemprop='url'>https:\/\/kylkirauta.fi\/wp-content\/uploads\/2025\/10\/Maanpuolustuskeskustelut-2025-artikkeli-2.jpg<\/span>\n\t\t\t\t\t\t<span itemprop='height'>487<\/span>\n\t\t\t\t\t\t<span itemprop='width'>843<\/span>\n\t\t\t\t<\/span>\n\t\t\t\t<span class='av-structured-data'  itemprop=\"publisher\" itemtype=\"https:\/\/schema.org\/Organization\" itemscope=\"itemscope\" >\n\t\t\t\t\t\t<span itemprop='name'>Kari Sainio<\/span>\n\t\t\t\t\t\t<span itemprop='logo' itemscope itemtype='https:\/\/schema.org\/ImageObject'>\n\t\t\t\t\t\t\t<span itemprop='url'>https:\/\/kylkirauta.fi\/wp-content\/uploads\/2020\/02\/kkunta_weblogo-100x100-1.png<\/span>\n\t\t\t\t\t\t<\/span>\n\t\t\t\t<\/span><span class='av-structured-data'  itemprop=\"author\" itemscope=\"itemscope\" itemtype=\"https:\/\/schema.org\/Person\" ><span itemprop='name'>Kari Sainio<\/span><\/span><span class='av-structured-data'  itemprop=\"datePublished\" datetime=\"2025-10-28T18:17:40+02:00\" >2025-10-28 18:17:40<\/span><span class='av-structured-data'  itemprop=\"dateModified\" itemtype=\"https:\/\/schema.org\/dateModified\" >2025-10-28 18:18:58<\/span><span class='av-structured-data'  itemprop=\"mainEntityOfPage\" itemtype=\"https:\/\/schema.org\/mainEntityOfPage\" ><span itemprop='name'>Kadetin ajatuksia 24 &#8211; Nuorten Maanpuolustuskeskustelut Santahaminassa<\/span><\/span><\/span><\/article><article class=\"post-entry post-entry-type-standard post-entry-8409 post-loop-4 post-parity-even bloglist-simple with-slider post-8409 post type-post status-publish format-standard has-post-thumbnail hentry category-115 category-blogi category-blogi-2025\"  itemscope=\"itemscope\" itemtype=\"https:\/\/schema.org\/BlogPosting\" ><div class=\"blog-meta\"><\/div><div class='entry-content-wrapper clearfix standard-content'><header class=\"entry-content-header\"><h2 class='post-title entry-title '  itemprop=\"headline\" ><a href=\"https:\/\/kylkirauta.fi\/index.php\/2025\/10\/15\/vihijohtaja-informaatiovaikuttaminen-kokonaisvaltaista-narratiivia-ja-strategista-viestintaa\/\" rel=\"bookmark\" title=\"Permanent Link: Vihijohtaja: Informaatiovaikuttaminen \u2013 kokonaisvaltaista narratiivia ja strategista viestint\u00e4\u00e4\">Vihijohtaja: Informaatiovaikuttaminen \u2013 kokonaisvaltaista narratiivia ja strategista viestint\u00e4\u00e4<span class=\"post-format-icon minor-meta\"><\/span><\/a><\/h2><span class=\"post-meta-infos\"><time class=\"date-container minor-meta updated\"  itemprop=\"datePublished\" datetime=\"2025-10-15T12:14:31+03:00\" >15.10.2025<\/time><span class=\"text-sep\">\/<\/span><span class=\"blog-categories minor-meta\">in <a href=\"https:\/\/kylkirauta.fi\/index.php\/category\/2025\/\" rel=\"tag\">2025<\/a>, <a href=\"https:\/\/kylkirauta.fi\/index.php\/category\/blogi\/\" rel=\"tag\">Blogi<\/a>, <a href=\"https:\/\/kylkirauta.fi\/index.php\/category\/blogi-2025\/\" rel=\"tag\">Blogi 2025<\/a><\/span><span class=\"text-sep\">\/<\/span><span class=\"blog-author minor-meta\">by <span class=\"entry-author-link\"  itemprop=\"author\" ><span class=\"author\"><span class=\"fn\"><a href=\"https:\/\/kylkirauta.fi\/index.php\/author\/karisain\/\" title=\"Kirjoittanut: Kari Sainio\" rel=\"author\">Kari Sainio<\/a><\/span><\/span><\/span><\/span><div class=\"read-more-link\"><a href=\"https:\/\/kylkirauta.fi\/index.php\/2025\/10\/15\/vihijohtaja-informaatiovaikuttaminen-kokonaisvaltaista-narratiivia-ja-strategista-viestintaa\/\" class=\"more-link\">Read more<span class=\"more-link-arrow\"><\/span><\/a><\/div><\/span><\/header><footer class=\"entry-footer\"><\/footer><div class='post_delimiter'><\/div><\/div><div class=\"post_author_timeline\"><\/div><span class='hidden'>\n\t\t\t\t<span class='av-structured-data'  itemprop=\"image\" itemscope=\"itemscope\" itemtype=\"https:\/\/schema.org\/ImageObject\" >\n\t\t\t\t\t\t<span itemprop='url'>https:\/\/kylkirauta.fi\/wp-content\/uploads\/2025\/10\/Saressalo-artikkeli.jpg<\/span>\n\t\t\t\t\t\t<span itemprop='height'>487<\/span>\n\t\t\t\t\t\t<span itemprop='width'>843<\/span>\n\t\t\t\t<\/span>\n\t\t\t\t<span class='av-structured-data'  itemprop=\"publisher\" itemtype=\"https:\/\/schema.org\/Organization\" itemscope=\"itemscope\" >\n\t\t\t\t\t\t<span itemprop='name'>Kari Sainio<\/span>\n\t\t\t\t\t\t<span itemprop='logo' itemscope itemtype='https:\/\/schema.org\/ImageObject'>\n\t\t\t\t\t\t\t<span itemprop='url'>https:\/\/kylkirauta.fi\/wp-content\/uploads\/2020\/02\/kkunta_weblogo-100x100-1.png<\/span>\n\t\t\t\t\t\t<\/span>\n\t\t\t\t<\/span><span class='av-structured-data'  itemprop=\"author\" itemscope=\"itemscope\" itemtype=\"https:\/\/schema.org\/Person\" ><span itemprop='name'>Kari Sainio<\/span><\/span><span class='av-structured-data'  itemprop=\"datePublished\" datetime=\"2025-10-15T12:14:31+03:00\" >2025-10-15 12:14:31<\/span><span class='av-structured-data'  itemprop=\"dateModified\" itemtype=\"https:\/\/schema.org\/dateModified\" >2025-10-15 12:14:31<\/span><span class='av-structured-data'  itemprop=\"mainEntityOfPage\" itemtype=\"https:\/\/schema.org\/mainEntityOfPage\" ><span itemprop='name'>Vihijohtaja: Informaatiovaikuttaminen \u2013 kokonaisvaltaista narratiivia ja strategista viestint\u00e4\u00e4<\/span><\/span><\/span><\/article><article class=\"post-entry post-entry-type-standard post-entry-8368 post-loop-5 post-parity-odd post-entry-last bloglist-simple with-slider post-8368 post type-post status-publish format-standard has-post-thumbnail hentry category-115 category-blogi category-blogi-2025\"  itemscope=\"itemscope\" itemtype=\"https:\/\/schema.org\/BlogPosting\" ><div class=\"blog-meta\"><\/div><div class='entry-content-wrapper clearfix standard-content'><header class=\"entry-content-header\"><h2 class='post-title entry-title '  itemprop=\"headline\" ><a href=\"https:\/\/kylkirauta.fi\/index.php\/2025\/09\/08\/vihijohtaja-katupoika-kognitiivisena-sodankavijana\/\" rel=\"bookmark\" title=\"Permanent Link: Vihijohtaja: Katupoika kognitiivisena sodank\u00e4vij\u00e4n\u00e4\">Vihijohtaja: Katupoika kognitiivisena sodank\u00e4vij\u00e4n\u00e4<span class=\"post-format-icon minor-meta\"><\/span><\/a><\/h2><span class=\"post-meta-infos\"><time class=\"date-container minor-meta updated\"  itemprop=\"datePublished\" datetime=\"2025-09-08T12:13:15+03:00\" >8.9.2025<\/time><span class=\"text-sep\">\/<\/span><span class=\"blog-categories minor-meta\">in <a href=\"https:\/\/kylkirauta.fi\/index.php\/category\/2025\/\" rel=\"tag\">2025<\/a>, <a href=\"https:\/\/kylkirauta.fi\/index.php\/category\/blogi\/\" rel=\"tag\">Blogi<\/a>, <a href=\"https:\/\/kylkirauta.fi\/index.php\/category\/blogi-2025\/\" rel=\"tag\">Blogi 2025<\/a><\/span><span class=\"text-sep\">\/<\/span><span class=\"blog-author minor-meta\">by <span class=\"entry-author-link\"  itemprop=\"author\" ><span class=\"author\"><span class=\"fn\"><a href=\"https:\/\/kylkirauta.fi\/index.php\/author\/karisain\/\" title=\"Kirjoittanut: Kari Sainio\" rel=\"author\">Kari Sainio<\/a><\/span><\/span><\/span><\/span><div class=\"read-more-link\"><a href=\"https:\/\/kylkirauta.fi\/index.php\/2025\/09\/08\/vihijohtaja-katupoika-kognitiivisena-sodankavijana\/\" class=\"more-link\">Read more<span class=\"more-link-arrow\"><\/span><\/a><\/div><\/span><\/header><footer class=\"entry-footer\"><\/footer><div class='post_delimiter'><\/div><\/div><div class=\"post_author_timeline\"><\/div><span class='hidden'>\n\t\t\t\t<span class='av-structured-data'  itemprop=\"image\" itemscope=\"itemscope\" itemtype=\"https:\/\/schema.org\/ImageObject\" >\n\t\t\t\t\t\t<span itemprop='url'>https:\/\/kylkirauta.fi\/wp-content\/uploads\/2025\/09\/Katupoika-08092025-artikkeli.jpg<\/span>\n\t\t\t\t\t\t<span itemprop='height'>487<\/span>\n\t\t\t\t\t\t<span itemprop='width'>843<\/span>\n\t\t\t\t<\/span>\n\t\t\t\t<span class='av-structured-data'  itemprop=\"publisher\" itemtype=\"https:\/\/schema.org\/Organization\" itemscope=\"itemscope\" >\n\t\t\t\t\t\t<span itemprop='name'>Kari Sainio<\/span>\n\t\t\t\t\t\t<span itemprop='logo' itemscope itemtype='https:\/\/schema.org\/ImageObject'>\n\t\t\t\t\t\t\t<span itemprop='url'>https:\/\/kylkirauta.fi\/wp-content\/uploads\/2020\/02\/kkunta_weblogo-100x100-1.png<\/span>\n\t\t\t\t\t\t<\/span>\n\t\t\t\t<\/span><span class='av-structured-data'  itemprop=\"author\" itemscope=\"itemscope\" itemtype=\"https:\/\/schema.org\/Person\" ><span itemprop='name'>Kari Sainio<\/span><\/span><span class='av-structured-data'  itemprop=\"datePublished\" datetime=\"2025-09-08T12:13:15+03:00\" >2025-09-08 12:13:15<\/span><span class='av-structured-data'  itemprop=\"dateModified\" itemtype=\"https:\/\/schema.org\/dateModified\" >2025-09-08 12:13:15<\/span><span class='av-structured-data'  itemprop=\"mainEntityOfPage\" itemtype=\"https:\/\/schema.org\/mainEntityOfPage\" ><span itemprop='name'>Vihijohtaja: Katupoika kognitiivisena sodank\u00e4vij\u00e4n\u00e4<\/span><\/span><\/span><\/article><div class='bloglist-simple'><nav class='pagination'><span class='pagination-meta'>Page 1 of 3<\/span><span class='current'>1<\/span><a href='https:\/\/kylkirauta.fi\/index.php\/wp-json\/wp\/v2\/posts\/8466\/page\/2\/' class='inactive next_page' >2<\/a><a href='https:\/\/kylkirauta.fi\/index.php\/wp-json\/wp\/v2\/posts\/8466\/page\/3\/' class='inactive' >3<\/a><\/nav>\n<\/div><\/div>\n","protected":false},"excerpt":{"rendered":"","protected":false},"author":3,"featured_media":8472,"comment_status":"closed","ping_status":"closed","sticky":false,"template":"","format":"standard","meta":{"footnotes":""},"categories":[115,3,117],"tags":[],"class_list":["post-8466","post","type-post","status-publish","format-standard","has-post-thumbnail","hentry","category-115","category-blogi","category-blogi-2025"],"yoast_head":"<!-- This site is optimized with the Yoast SEO plugin v27.5 - https:\/\/yoast.com\/product\/yoast-seo-wordpress\/ -->\n<title>Kadetin ajatuksia 24 - Nuorten Maanpuolustuskeskustelut Santahaminassa - Kylkirauta<\/title>\n<meta name=\"robots\" content=\"index, follow, max-snippet:-1, max-image-preview:large, max-video-preview:-1\" \/>\n<link rel=\"canonical\" href=\"https:\/\/kylkirauta.fi\/index.php\/2025\/10\/28\/kadetin-ajatuksia-24-nuorten-maanpuolustuskeskustelut-santahaminassa\/\" \/>\n<meta property=\"og:locale\" content=\"fi_FI\" \/>\n<meta property=\"og:type\" content=\"article\" \/>\n<meta property=\"og:title\" content=\"Kadetin ajatuksia 24 - Nuorten Maanpuolustuskeskustelut Santahaminassa - Kylkirauta\" \/>\n<meta property=\"og:url\" content=\"https:\/\/kylkirauta.fi\/index.php\/2025\/10\/28\/kadetin-ajatuksia-24-nuorten-maanpuolustuskeskustelut-santahaminassa\/\" \/>\n<meta property=\"og:site_name\" content=\"Kylkirauta\" \/>\n<meta property=\"article:published_time\" content=\"2025-10-28T16:17:40+00:00\" \/>\n<meta property=\"article:modified_time\" content=\"2025-10-28T16:18:58+00:00\" \/>\n<meta property=\"og:image\" content=\"https:\/\/kylkirauta.fi\/wp-content\/uploads\/2025\/10\/Maanpuolustuskeskustelut-2025-artikkeli-2.jpg\" \/>\n\t<meta property=\"og:image:width\" content=\"843\" \/>\n\t<meta property=\"og:image:height\" content=\"487\" \/>\n\t<meta property=\"og:image:type\" content=\"image\/jpeg\" \/>\n<meta name=\"author\" content=\"Kari Sainio\" \/>\n<meta name=\"twitter:card\" content=\"summary_large_image\" \/>\n<meta name=\"twitter:label1\" content=\"Kirjoittanut\" \/>\n\t<meta name=\"twitter:data1\" content=\"Kari Sainio\" \/>\n\t<meta name=\"twitter:label2\" content=\"Arvioitu lukuaika\" \/>\n\t<meta name=\"twitter:data2\" content=\"6 minuuttia\" \/>\n<script type=\"application\/ld+json\" class=\"yoast-schema-graph\">{\"@context\":\"https:\\\/\\\/schema.org\",\"@graph\":[{\"@type\":\"Article\",\"@id\":\"https:\\\/\\\/kylkirauta.fi\\\/index.php\\\/2025\\\/10\\\/28\\\/kadetin-ajatuksia-24-nuorten-maanpuolustuskeskustelut-santahaminassa\\\/#article\",\"isPartOf\":{\"@id\":\"https:\\\/\\\/kylkirauta.fi\\\/index.php\\\/2025\\\/10\\\/28\\\/kadetin-ajatuksia-24-nuorten-maanpuolustuskeskustelut-santahaminassa\\\/\"},\"author\":{\"name\":\"Kari Sainio\",\"@id\":\"https:\\\/\\\/kylkirauta.fi\\\/#\\\/schema\\\/person\\\/714ab39a349c656b20d60a239be1d6f6\"},\"headline\":\"Kadetin ajatuksia 24 &#8211; Nuorten Maanpuolustuskeskustelut Santahaminassa\",\"datePublished\":\"2025-10-28T16:17:40+00:00\",\"dateModified\":\"2025-10-28T16:18:58+00:00\",\"mainEntityOfPage\":{\"@id\":\"https:\\\/\\\/kylkirauta.fi\\\/index.php\\\/2025\\\/10\\\/28\\\/kadetin-ajatuksia-24-nuorten-maanpuolustuskeskustelut-santahaminassa\\\/\"},\"wordCount\":1308,\"image\":{\"@id\":\"https:\\\/\\\/kylkirauta.fi\\\/index.php\\\/2025\\\/10\\\/28\\\/kadetin-ajatuksia-24-nuorten-maanpuolustuskeskustelut-santahaminassa\\\/#primaryimage\"},\"thumbnailUrl\":\"https:\\\/\\\/kylkirauta.fi\\\/wp-content\\\/uploads\\\/2025\\\/10\\\/Maanpuolustuskeskustelut-2025-artikkeli-2.jpg\",\"articleSection\":[\"2025\",\"Blogi\",\"Blogi 2025\"],\"inLanguage\":\"fi\"},{\"@type\":\"WebPage\",\"@id\":\"https:\\\/\\\/kylkirauta.fi\\\/index.php\\\/2025\\\/10\\\/28\\\/kadetin-ajatuksia-24-nuorten-maanpuolustuskeskustelut-santahaminassa\\\/\",\"url\":\"https:\\\/\\\/kylkirauta.fi\\\/index.php\\\/2025\\\/10\\\/28\\\/kadetin-ajatuksia-24-nuorten-maanpuolustuskeskustelut-santahaminassa\\\/\",\"name\":\"Kadetin ajatuksia 24 - Nuorten Maanpuolustuskeskustelut Santahaminassa - Kylkirauta\",\"isPartOf\":{\"@id\":\"https:\\\/\\\/kylkirauta.fi\\\/#website\"},\"primaryImageOfPage\":{\"@id\":\"https:\\\/\\\/kylkirauta.fi\\\/index.php\\\/2025\\\/10\\\/28\\\/kadetin-ajatuksia-24-nuorten-maanpuolustuskeskustelut-santahaminassa\\\/#primaryimage\"},\"image\":{\"@id\":\"https:\\\/\\\/kylkirauta.fi\\\/index.php\\\/2025\\\/10\\\/28\\\/kadetin-ajatuksia-24-nuorten-maanpuolustuskeskustelut-santahaminassa\\\/#primaryimage\"},\"thumbnailUrl\":\"https:\\\/\\\/kylkirauta.fi\\\/wp-content\\\/uploads\\\/2025\\\/10\\\/Maanpuolustuskeskustelut-2025-artikkeli-2.jpg\",\"datePublished\":\"2025-10-28T16:17:40+00:00\",\"dateModified\":\"2025-10-28T16:18:58+00:00\",\"author\":{\"@id\":\"https:\\\/\\\/kylkirauta.fi\\\/#\\\/schema\\\/person\\\/714ab39a349c656b20d60a239be1d6f6\"},\"breadcrumb\":{\"@id\":\"https:\\\/\\\/kylkirauta.fi\\\/index.php\\\/2025\\\/10\\\/28\\\/kadetin-ajatuksia-24-nuorten-maanpuolustuskeskustelut-santahaminassa\\\/#breadcrumb\"},\"inLanguage\":\"fi\",\"potentialAction\":[{\"@type\":\"ReadAction\",\"target\":[\"https:\\\/\\\/kylkirauta.fi\\\/index.php\\\/2025\\\/10\\\/28\\\/kadetin-ajatuksia-24-nuorten-maanpuolustuskeskustelut-santahaminassa\\\/\"]}]},{\"@type\":\"ImageObject\",\"inLanguage\":\"fi\",\"@id\":\"https:\\\/\\\/kylkirauta.fi\\\/index.php\\\/2025\\\/10\\\/28\\\/kadetin-ajatuksia-24-nuorten-maanpuolustuskeskustelut-santahaminassa\\\/#primaryimage\",\"url\":\"https:\\\/\\\/kylkirauta.fi\\\/wp-content\\\/uploads\\\/2025\\\/10\\\/Maanpuolustuskeskustelut-2025-artikkeli-2.jpg\",\"contentUrl\":\"https:\\\/\\\/kylkirauta.fi\\\/wp-content\\\/uploads\\\/2025\\\/10\\\/Maanpuolustuskeskustelut-2025-artikkeli-2.jpg\",\"width\":843,\"height\":487},{\"@type\":\"BreadcrumbList\",\"@id\":\"https:\\\/\\\/kylkirauta.fi\\\/index.php\\\/2025\\\/10\\\/28\\\/kadetin-ajatuksia-24-nuorten-maanpuolustuskeskustelut-santahaminassa\\\/#breadcrumb\",\"itemListElement\":[{\"@type\":\"ListItem\",\"position\":1,\"name\":\"Home\",\"item\":\"https:\\\/\\\/kylkirauta.fi\\\/index.php\\\/home\\\/\"},{\"@type\":\"ListItem\",\"position\":2,\"name\":\"Kadetin ajatuksia 24 &#8211; Nuorten Maanpuolustuskeskustelut Santahaminassa\"}]},{\"@type\":\"WebSite\",\"@id\":\"https:\\\/\\\/kylkirauta.fi\\\/#website\",\"url\":\"https:\\\/\\\/kylkirauta.fi\\\/\",\"name\":\"Kylkirauta\",\"description\":\"Kadettiupseerit yhteiskunnan palveluksessa\",\"potentialAction\":[{\"@type\":\"SearchAction\",\"target\":{\"@type\":\"EntryPoint\",\"urlTemplate\":\"https:\\\/\\\/kylkirauta.fi\\\/?s={search_term_string}\"},\"query-input\":{\"@type\":\"PropertyValueSpecification\",\"valueRequired\":true,\"valueName\":\"search_term_string\"}}],\"inLanguage\":\"fi\"},{\"@type\":\"Person\",\"@id\":\"https:\\\/\\\/kylkirauta.fi\\\/#\\\/schema\\\/person\\\/714ab39a349c656b20d60a239be1d6f6\",\"name\":\"Kari Sainio\",\"sameAs\":[\"http:\\\/\\\/www.kylkirauta.fi\"],\"url\":\"https:\\\/\\\/kylkirauta.fi\\\/index.php\\\/author\\\/karisain\\\/\"}]}<\/script>\n<!-- \/ Yoast SEO plugin. -->","yoast_head_json":{"title":"Kadetin ajatuksia 24 - Nuorten Maanpuolustuskeskustelut Santahaminassa - Kylkirauta","robots":{"index":"index","follow":"follow","max-snippet":"max-snippet:-1","max-image-preview":"max-image-preview:large","max-video-preview":"max-video-preview:-1"},"canonical":"https:\/\/kylkirauta.fi\/index.php\/2025\/10\/28\/kadetin-ajatuksia-24-nuorten-maanpuolustuskeskustelut-santahaminassa\/","og_locale":"fi_FI","og_type":"article","og_title":"Kadetin ajatuksia 24 - Nuorten Maanpuolustuskeskustelut Santahaminassa - Kylkirauta","og_url":"https:\/\/kylkirauta.fi\/index.php\/2025\/10\/28\/kadetin-ajatuksia-24-nuorten-maanpuolustuskeskustelut-santahaminassa\/","og_site_name":"Kylkirauta","article_published_time":"2025-10-28T16:17:40+00:00","article_modified_time":"2025-10-28T16:18:58+00:00","og_image":[{"width":843,"height":487,"url":"https:\/\/kylkirauta.fi\/wp-content\/uploads\/2025\/10\/Maanpuolustuskeskustelut-2025-artikkeli-2.jpg","type":"image\/jpeg"}],"author":"Kari Sainio","twitter_card":"summary_large_image","twitter_misc":{"Kirjoittanut":"Kari Sainio","Arvioitu lukuaika":"6 minuuttia"},"schema":{"@context":"https:\/\/schema.org","@graph":[{"@type":"Article","@id":"https:\/\/kylkirauta.fi\/index.php\/2025\/10\/28\/kadetin-ajatuksia-24-nuorten-maanpuolustuskeskustelut-santahaminassa\/#article","isPartOf":{"@id":"https:\/\/kylkirauta.fi\/index.php\/2025\/10\/28\/kadetin-ajatuksia-24-nuorten-maanpuolustuskeskustelut-santahaminassa\/"},"author":{"name":"Kari Sainio","@id":"https:\/\/kylkirauta.fi\/#\/schema\/person\/714ab39a349c656b20d60a239be1d6f6"},"headline":"Kadetin ajatuksia 24 &#8211; Nuorten Maanpuolustuskeskustelut Santahaminassa","datePublished":"2025-10-28T16:17:40+00:00","dateModified":"2025-10-28T16:18:58+00:00","mainEntityOfPage":{"@id":"https:\/\/kylkirauta.fi\/index.php\/2025\/10\/28\/kadetin-ajatuksia-24-nuorten-maanpuolustuskeskustelut-santahaminassa\/"},"wordCount":1308,"image":{"@id":"https:\/\/kylkirauta.fi\/index.php\/2025\/10\/28\/kadetin-ajatuksia-24-nuorten-maanpuolustuskeskustelut-santahaminassa\/#primaryimage"},"thumbnailUrl":"https:\/\/kylkirauta.fi\/wp-content\/uploads\/2025\/10\/Maanpuolustuskeskustelut-2025-artikkeli-2.jpg","articleSection":["2025","Blogi","Blogi 2025"],"inLanguage":"fi"},{"@type":"WebPage","@id":"https:\/\/kylkirauta.fi\/index.php\/2025\/10\/28\/kadetin-ajatuksia-24-nuorten-maanpuolustuskeskustelut-santahaminassa\/","url":"https:\/\/kylkirauta.fi\/index.php\/2025\/10\/28\/kadetin-ajatuksia-24-nuorten-maanpuolustuskeskustelut-santahaminassa\/","name":"Kadetin ajatuksia 24 - Nuorten Maanpuolustuskeskustelut Santahaminassa - Kylkirauta","isPartOf":{"@id":"https:\/\/kylkirauta.fi\/#website"},"primaryImageOfPage":{"@id":"https:\/\/kylkirauta.fi\/index.php\/2025\/10\/28\/kadetin-ajatuksia-24-nuorten-maanpuolustuskeskustelut-santahaminassa\/#primaryimage"},"image":{"@id":"https:\/\/kylkirauta.fi\/index.php\/2025\/10\/28\/kadetin-ajatuksia-24-nuorten-maanpuolustuskeskustelut-santahaminassa\/#primaryimage"},"thumbnailUrl":"https:\/\/kylkirauta.fi\/wp-content\/uploads\/2025\/10\/Maanpuolustuskeskustelut-2025-artikkeli-2.jpg","datePublished":"2025-10-28T16:17:40+00:00","dateModified":"2025-10-28T16:18:58+00:00","author":{"@id":"https:\/\/kylkirauta.fi\/#\/schema\/person\/714ab39a349c656b20d60a239be1d6f6"},"breadcrumb":{"@id":"https:\/\/kylkirauta.fi\/index.php\/2025\/10\/28\/kadetin-ajatuksia-24-nuorten-maanpuolustuskeskustelut-santahaminassa\/#breadcrumb"},"inLanguage":"fi","potentialAction":[{"@type":"ReadAction","target":["https:\/\/kylkirauta.fi\/index.php\/2025\/10\/28\/kadetin-ajatuksia-24-nuorten-maanpuolustuskeskustelut-santahaminassa\/"]}]},{"@type":"ImageObject","inLanguage":"fi","@id":"https:\/\/kylkirauta.fi\/index.php\/2025\/10\/28\/kadetin-ajatuksia-24-nuorten-maanpuolustuskeskustelut-santahaminassa\/#primaryimage","url":"https:\/\/kylkirauta.fi\/wp-content\/uploads\/2025\/10\/Maanpuolustuskeskustelut-2025-artikkeli-2.jpg","contentUrl":"https:\/\/kylkirauta.fi\/wp-content\/uploads\/2025\/10\/Maanpuolustuskeskustelut-2025-artikkeli-2.jpg","width":843,"height":487},{"@type":"BreadcrumbList","@id":"https:\/\/kylkirauta.fi\/index.php\/2025\/10\/28\/kadetin-ajatuksia-24-nuorten-maanpuolustuskeskustelut-santahaminassa\/#breadcrumb","itemListElement":[{"@type":"ListItem","position":1,"name":"Home","item":"https:\/\/kylkirauta.fi\/index.php\/home\/"},{"@type":"ListItem","position":2,"name":"Kadetin ajatuksia 24 &#8211; Nuorten Maanpuolustuskeskustelut Santahaminassa"}]},{"@type":"WebSite","@id":"https:\/\/kylkirauta.fi\/#website","url":"https:\/\/kylkirauta.fi\/","name":"Kylkirauta","description":"Kadettiupseerit yhteiskunnan palveluksessa","potentialAction":[{"@type":"SearchAction","target":{"@type":"EntryPoint","urlTemplate":"https:\/\/kylkirauta.fi\/?s={search_term_string}"},"query-input":{"@type":"PropertyValueSpecification","valueRequired":true,"valueName":"search_term_string"}}],"inLanguage":"fi"},{"@type":"Person","@id":"https:\/\/kylkirauta.fi\/#\/schema\/person\/714ab39a349c656b20d60a239be1d6f6","name":"Kari Sainio","sameAs":["http:\/\/www.kylkirauta.fi"],"url":"https:\/\/kylkirauta.fi\/index.php\/author\/karisain\/"}]}},"_links":{"self":[{"href":"https:\/\/kylkirauta.fi\/index.php\/wp-json\/wp\/v2\/posts\/8466","targetHints":{"allow":["GET"]}}],"collection":[{"href":"https:\/\/kylkirauta.fi\/index.php\/wp-json\/wp\/v2\/posts"}],"about":[{"href":"https:\/\/kylkirauta.fi\/index.php\/wp-json\/wp\/v2\/types\/post"}],"author":[{"embeddable":true,"href":"https:\/\/kylkirauta.fi\/index.php\/wp-json\/wp\/v2\/users\/3"}],"replies":[{"embeddable":true,"href":"https:\/\/kylkirauta.fi\/index.php\/wp-json\/wp\/v2\/comments?post=8466"}],"version-history":[{"count":7,"href":"https:\/\/kylkirauta.fi\/index.php\/wp-json\/wp\/v2\/posts\/8466\/revisions"}],"predecessor-version":[{"id":8478,"href":"https:\/\/kylkirauta.fi\/index.php\/wp-json\/wp\/v2\/posts\/8466\/revisions\/8478"}],"wp:featuredmedia":[{"embeddable":true,"href":"https:\/\/kylkirauta.fi\/index.php\/wp-json\/wp\/v2\/media\/8472"}],"wp:attachment":[{"href":"https:\/\/kylkirauta.fi\/index.php\/wp-json\/wp\/v2\/media?parent=8466"}],"wp:term":[{"taxonomy":"category","embeddable":true,"href":"https:\/\/kylkirauta.fi\/index.php\/wp-json\/wp\/v2\/categories?post=8466"},{"taxonomy":"post_tag","embeddable":true,"href":"https:\/\/kylkirauta.fi\/index.php\/wp-json\/wp\/v2\/tags?post=8466"}],"curies":[{"name":"wp","href":"https:\/\/api.w.org\/{rel}","templated":true}]}}