{"id":826,"date":"2017-11-11T18:16:00","date_gmt":"2017-11-11T18:16:00","guid":{"rendered":"https:\/\/kylkirauta.fi\/?p=826"},"modified":"2020-01-26T10:23:53","modified_gmt":"2020-01-26T10:23:53","slug":"mentorin-merkintoja-7-johtaja-tunnetko-vakesi","status":"publish","type":"post","link":"https:\/\/kylkirauta.fi\/index.php\/2017\/11\/11\/mentorin-merkintoja-7-johtaja-tunnetko-vakesi\/","title":{"rendered":"&#8221;Mentorin merkint\u00f6j\u00e4 7&#8221; &#8211; Johtaja, tunnetko v\u00e4kesi?"},"content":{"rendered":"<div id='full_slider_1'  class='avia-fullwidth-slider main_color avia-shadow   avia-builder-el-0  el_before_av_one_full  avia-builder-el-first   container_wrap sidebar_right'  ><div  class='avia-slideshow av-l9olo-34f89e96fc3de7b9b51c14c99ace17a4 avia-slideshow-featured av_slideshow_full avia-slide-slider av-slideshow-ui av-control-default av-slideshow-manual av-loop-once av-loop-manual-endless av-default-height-applied   avia-slideshow-1' data-slideshow-options=\"{&quot;animation&quot;:&quot;slide&quot;,&quot;autoplay&quot;:false,&quot;loop_autoplay&quot;:&quot;once&quot;,&quot;interval&quot;:5,&quot;loop_manual&quot;:&quot;manual-endless&quot;,&quot;autoplay_stopper&quot;:false,&quot;noNavigation&quot;:false,&quot;bg_slider&quot;:false,&quot;keep_padding&quot;:false,&quot;hoverpause&quot;:false,&quot;show_slide_delay&quot;:0}\"  itemprop=\"image\" itemscope=\"itemscope\" itemtype=\"https:\/\/schema.org\/ImageObject\" ><ul class='avia-slideshow-inner ' style='padding-bottom: 28.666666666667%;'><li  class='avia-slideshow-slide av-l9olo-34f89e96fc3de7b9b51c14c99ace17a4__0  av-single-slide slide-1 slide-odd'><div data-rel='slideshow-1' class='avia-slide-wrap '   ><img decoding=\"async\" fetchpriority=\"high\" class=\"wp-image-54 avia-img-lazy-loading-not-54\"  src=\"https:\/\/kylkirauta.fi\/wp-content\/uploads\/2019\/10\/otsake-kuva_1500x430-1500x430.png\" width=\"1500\" height=\"430\" title='otsake-kuva_1500x430' alt=''  itemprop=\"thumbnailUrl\" srcset=\"https:\/\/kylkirauta.fi\/wp-content\/uploads\/2019\/10\/otsake-kuva_1500x430-1500x430.png 1500w, https:\/\/kylkirauta.fi\/wp-content\/uploads\/2019\/10\/otsake-kuva_1500x430-300x86.png 300w, https:\/\/kylkirauta.fi\/wp-content\/uploads\/2019\/10\/otsake-kuva_1500x430-768x220.png 768w, https:\/\/kylkirauta.fi\/wp-content\/uploads\/2019\/10\/otsake-kuva_1500x430-1030x295.png 1030w, https:\/\/kylkirauta.fi\/wp-content\/uploads\/2019\/10\/otsake-kuva_1500x430-705x202.png 705w, https:\/\/kylkirauta.fi\/wp-content\/uploads\/2019\/10\/otsake-kuva_1500x430.png 1817w\" sizes=\"(max-width: 1500px) 100vw, 1500px\" \/><\/div><\/li><\/ul><\/div><\/div><div id='after_full_slider_1'  class='main_color av_default_container_wrap container_wrap sidebar_right'  ><div class='container av-section-cont-open' ><div class='template-page content  av-content-small alpha units'><div class='post-entry post-entry-type-page post-entry-826'><div class='entry-content-wrapper clearfix'>\n\n<style type=\"text\/css\" data-created_by=\"avia_inline_auto\" id=\"style-css-av-km4zs-0614ada41eb3461e6efbb361dfbae970\">\n.flex_column.av-km4zs-0614ada41eb3461e6efbb361dfbae970{\nborder-radius:0px 0px 0px 0px;\npadding:0px 0px 0px 0px;\n}\n<\/style>\n<div  class='flex_column av-km4zs-0614ada41eb3461e6efbb361dfbae970 av_one_full  avia-builder-el-1  el_after_av_slideshow_full  el_before_av_hr  avia-builder-el-first  first flex_column_div av-zero-column-padding  '     ><p>\n<style type=\"text\/css\" data-created_by=\"avia_inline_auto\" id=\"style-css-av-av_heading-cb6e752ce859efa2bebfe594ff20d11e\">\n#top .av-special-heading.av-av_heading-cb6e752ce859efa2bebfe594ff20d11e{\npadding-bottom:10px;\n}\nbody .av-special-heading.av-av_heading-cb6e752ce859efa2bebfe594ff20d11e .av-special-heading-tag .heading-char{\nfont-size:25px;\n}\n.av-special-heading.av-av_heading-cb6e752ce859efa2bebfe594ff20d11e .av-subheading{\nfont-size:15px;\n}\n<\/style>\n<div  class='av-special-heading av-av_heading-cb6e752ce859efa2bebfe594ff20d11e av-special-heading-h3  avia-builder-el-2  el_before_av_hr  avia-builder-el-first '><h3 class='av-special-heading-tag'  itemprop=\"headline\"  ><span class='special_amp'>&#8221;<\/span>Mentorin merkint\u00f6j\u00e4 7<span class='special_amp'>&#8221;<\/span> &#8211; Johtaja, tunnetko v\u00e4kesi?<\/h3><div class=\"special-heading-border\"><div class=\"special-heading-inner-border\"><\/div><\/div><\/div><br \/>\n\n<style type=\"text\/css\" data-created_by=\"avia_inline_auto\" id=\"style-css-av-k5m7b9te-01401dd5e8beb25770de1be03f41ecf3\">\n#top .hr.hr-invisible.av-k5m7b9te-01401dd5e8beb25770de1be03f41ecf3{\nheight:30px;\n}\n<\/style>\n<div  class='hr av-k5m7b9te-01401dd5e8beb25770de1be03f41ecf3 hr-invisible  avia-builder-el-3  el_after_av_heading  el_before_av_textblock '><span class='hr-inner '><span class=\"hr-inner-style\"><\/span><\/span><\/div><br \/>\n<section  class='av_textblock_section av-k8d08-dea0f25c8df625cf22cbdeac32688808 '   itemscope=\"itemscope\" itemtype=\"https:\/\/schema.org\/BlogPosting\" itemprop=\"blogPost\" ><div class='avia_textblock'  itemprop=\"text\" ><div id=\"attachment_660\" style=\"width: 135px\" class=\"wp-caption alignleft\"><img loading=\"lazy\" decoding=\"async\" aria-describedby=\"caption-attachment-660\" class=\"wp-image-660\" src=\"https:\/\/kylkirauta.fi\/wp-content\/uploads\/2020\/01\/Kurvinen-Pekka.jpg\" alt=\"\" width=\"125\" height=\"177\" srcset=\"https:\/\/kylkirauta.fi\/wp-content\/uploads\/2020\/01\/Kurvinen-Pekka.jpg 410w, https:\/\/kylkirauta.fi\/wp-content\/uploads\/2020\/01\/Kurvinen-Pekka-212x300.jpg 212w\" sizes=\"auto, (max-width: 125px) 100vw, 125px\" \/><p id=\"caption-attachment-660\" class=\"wp-caption-text\">Pekka Kurvinen<\/p><\/div>\n<p><strong>Sotilasjoukon johtamista tarkastellaan usein nelikent\u00e4ss\u00e4, jonka osat ovat\u00a0<em>leadership (johtajuus, ihmisten johtaminen)<\/em>,\u00a0<em>management (asioiden johtaminen, hallinto)<\/em>,\u00a0<em>organisaatiokulttuuri<\/em>\u00a0ja\u00a0<em>organisaation rakenne<\/em>. Kriisijohtamiselle, joka on muutosjohtamista nopeimmillaan, ominainen organisaation rakenne on linja-esikuntaorganisaatio. Sen hy\u00f6tyj\u00e4 ja vahvuuksia ovat selv\u00e4t, yksiselitteiset ja hierarkkiset johtosuhteet yhdistyneen\u00e4 valvontaj\u00e4nteeseen, mik\u00e4 tukee automaatiotason osaamisvaatimusta. <\/strong><\/p>\n<p>Kiivaassa tulitaistelussa, operatiivisessa toiminnassa sotamiesneuvostojen perustamiseen, mies ja \u00e4\u00e4ni -periaatteen mielipiteen ilmaisemiseen, sit\u00e4 seuraavan keskustelun ja pulinat pois \u2013 Kiinalainen parlamentti -p\u00e4\u00e4t\u00f6kseen ei ole aikaa eik\u00e4 mahdollisuuksia. Mutta sodank\u00e4ynnille \u2013 tai mille hyv\u00e4ns\u00e4 kriisin ratkaisulle \u2013 on ominaista my\u00f6s pitkien hiljaisten, odottelujaksojen aika. Ihmistuntemukseen \u2013 johtajaan itseens\u00e4, johdettaviin, verkostoihin sek\u00e4 tietysti vastustajaan sek\u00e4 n\u00e4iden muodostamaan sosiaaliseen konstruktioon onkin syyt\u00e4 paneutua toiminnan kaikissa vaiheissa. Tiedostoissa erinomaiselta n\u00e4ytt\u00e4v\u00e4 yksil\u00f6 saattaakin paineen alaisena tai joukon osana toimia aivan toisin kuin koulutus ja kokemus antaisivat ymm\u00e4rt\u00e4\u00e4.<\/p>\n<p>Oikea johtamismenetelm\u00e4 riippuu tilanteesta ja yhteydest\u00e4. Organisaation rakenne ei ole itseisarvo: organisaation \u2013 ihmisjoukon, joka on sitoutunut yhteiseen tavoitteeseen, rakenteen muodostamisessa teht\u00e4v\u00e4 ja p\u00e4\u00e4m\u00e4\u00e4r\u00e4 ratkaisevat keinot, rakenteen. J\u00e4ykinkin, muodollisiin k\u00e4skyvaltasuhteisiin perustuva linjaorganisaatio mahdollistaa toiminnan kannalta keskeisen vertikaalisesta komentotiest\u00e4 poikkeavan, ohjaavan vuorovaikutuksen, asetien. Sodank\u00e4ynnin muuttuessa yh\u00e4 erikoisjoukkokeskeisemm\u00e4ksi oikeiden ihmisten rekrytointi ja sijoittaminen teht\u00e4viin synergian saavuttamiseksi edellytt\u00e4\u00e4 ihmistuntemusta ja luottamusta. Sen saavuttamiseksi henkil\u00f6valintoihin on kiinnitett\u00e4v\u00e4 erityist\u00e4 huomiota paitsi koulutuksellisen my\u00f6s ja eritoten (sosiaali)psykologisten tekij\u00f6iden avulla.<\/p>\n<p>Puolustusvoimain komentaja\u00a0<strong>kenraali Jarmo Lindberg<\/strong>\u00a0totesi Valtakunnallisen 223. Maanpuolustuskurssin avajaisissa 6.11.2017, ett\u00e4\u00a0<em>Koulutus 2020<\/em>\u00a0-ohjelman kehitt\u00e4mistoimet sis\u00e4lt\u00e4v\u00e4t my\u00f6s yhteydenpidon asevelvollisiin sek\u00e4 ennen palvelusta ett\u00e4 reserviin siirtymisen j\u00e4lkeen entist\u00e4 paremman viestinn\u00e4n keinoin. Ytimess\u00e4 ovat valmius, ammattisotilaiden ja reservin osaaminen ja toimintakyky ja joukkojen suorituskyky \u2013 sek\u00e4 kaikensuunaitainen verkottuminen tehokkuuden ja vaikuttavuuden saavuttamiseksi.<\/p>\n<p>Keski\u00f6ss\u00e4 siis on kuuntelupainotteinen vuorovaikutus. Sen avulla voidaan kaikkien olojen menestyksekk\u00e4\u00e4n, tavoitteellisen johtajuuden perusvaatimus: itsens\u00e4, johdettaviensa sek\u00e4 koko organisaation tunteminen. Erikoistumisen my\u00f6t\u00e4 supistuvissa henkil\u00f6vahvuuksissa vain yksil\u00f6n ja yhteis\u00f6n halujen, tarpeiden ja osaamisen yhdist\u00e4minen voi tuottaa voitollista, kustannustehokkainta synergiaa.<\/p>\n<p>Kyky johtaa itse\u00e4\u00e4n edellytt\u00e4\u00e4 johtajalta jatkuvaa, rehellist\u00e4, p\u00e4\u00e4m\u00e4\u00e4r\u00e4tietoista arvo- ja etiikkaper\u00e4ist\u00e4 itsetutkistelua. Sisint\u00e4\u00e4n on kuitenkin mahdoton arvioida ulkokohtaisesti. Johtajan olisikin hyv\u00e4ksi arvioida tekemisi\u00e4\u00e4n 360 asteen menetelm\u00e4n avulla, jossa h\u00e4n saa palautteen niin esimiehilt\u00e4\u00e4n, johdettaviltaan kuin vertaisiltaankin. N\u00e4ytt\u00e4isi silt\u00e4, ett\u00e4 vertaisarvion merkitys ja eritoten jatkuva, tilanteenmukainen, luonnollisena toiminnan osana tapahtuva ep\u00e4muodollisen palautteenantokulttuuri olisi suurimmaksi hy\u00f6dyksi.<\/p>\n<p><em><strong>Puurtajat, valloittajat, rikkurit ja pudokkaat<\/strong><\/em><\/p>\n<p>Oivallinen kaikkien henkil\u00f6st\u00f6ryhmien halujen, tarpeiden ja motivaation arviointikeino tai -tapa on tarinankerronta. L\u00e4nsimaisessa tarinankerronnassa tuttuja ovat nelj\u00e4 tyyppitarinaa: komedia, romanssi, satiiri\/ironia sek\u00e4 tragedia.<\/p>\n<p>Toiveikkuuden s\u00e4vytt\u00e4m\u00e4ss\u00e4 komediallisessa kerronnassa kertoja luottaa p\u00e4\u00e4m\u00e4\u00e4r\u00e4\u00e4ns\u00e4 ja mahdollisuuksiinsa saavuttaa se: metaforisesti &#8221;nuoruus ja halu voittavat vanhuuden ja kuoleman&#8221;. Tavoitteena voi olla paitsi ammatillisuuden hakemisen korostus, my\u00f6s pysyv\u00e4n ty\u00f6n etsimisen ja saavuttamisen merkitys ammatilliselle identiteetille\u00a0<em>(Etel\u00e4pelto ja V\u00e4h\u00e4santanen 2006)<\/em>.\u00a0<em>Tolskan (2002)<\/em>\u00a0mukaan komediakerronta n\u00e4ytt\u00e4isi kohoavan halusta yhteiseen menestykseen ja pysyv\u00e4\u00e4n sosiaaliseen sitoutumiseen sek\u00e4 ty\u00f6yhteis\u00f6\u00f6n ett\u00e4 ammattitaitoon.<\/p>\n<p>Nykyp\u00e4iv\u00e4n komediatyypit ovat arjen puurtajia. He ovat ihmisi\u00e4, joille ty\u00f6 on keskeinen, muttei t\u00e4rkein el\u00e4m\u00e4nsis\u00e4lt\u00f6. He eiv\u00e4t joko olleet halunneet edet\u00e4 uraputkessaan vertikaalisesti tai sitten ovat luopuneet asiasta kerran pari koetettuaan ja v\u00e4sytty\u00e4\u00e4n. Osallisuus, kuuluminen johonkin ja tunne mukanaolosta puurtajan hyv\u00e4n el\u00e4m\u00e4n edellytyksi\u00e4. Puurtaja on v\u00e4sym\u00e4t\u00f6n, tarkka-aistinen havainnoija, oikein johdettuna todellinen johtajan luottohenkil\u00f6.<\/p>\n<p>Romanssissa, joka luo perustan nykyajan ty\u00f6el\u00e4m\u00e4n esteiden voittajalle ja valloittajalle, ovat vastakkain hyv\u00e4 ja paha, jossa vastakohtaisuus ratkeaa taistelulla. Sankari taistelee ja lopulta voittaa &#8221;pahan&#8221;. Identiteettiprojektina romanssi on sankaruuden osoittamista sek\u00e4 minuuden ja omien kykyjen asettamista julkiseen testiin. Romanssissa hallitseva yhteiskunta tai luokka pyrkii osoittamaan ihanteensa jonkinlaisen romanssin muotoon, miss\u00e4 tyypillisesti hyveelliset sankarit ja kauniit sankarittaret edustavat ihanteita, joita roistot uhkaavat.\u00a0<em>(Tolska 2002)<\/em>. Romanssin tarinoille tyypillisen\u00e4 n\u00e4ytt\u00e4ytyy tapa kuvata suhdetta ty\u00f6h\u00f6n joksikin, joka kyll\u00e4 joustaa, mutta ei m\u00e4\u00e4r\u00e4tt\u00f6m\u00e4sti. Ty\u00f6paikka voi olla my\u00f6s pakotie ristiriitatilanteista.<\/p>\n<p>Romanssihenkil\u00f6t kulkevat omaa tiet\u00e4\u00e4n valloittajina, jotka siirtyv\u00e4t sujuvat sujuvasti el\u00e4m\u00e4ss\u00e4\u00e4n ja urallaan tilanteista sek\u00e4 toimialalta toiseen, vertikaalisissa ja horisontaalisissa suhteissa sujuvasti sukkuloimalla. He toimivat vuolaasti, tuittup\u00e4isesti ja intuitiivisesti, etsiv\u00e4t rajojaan p\u00e4\u00e4m\u00e4\u00e4r\u00e4tt\u00e4 ja ovat valmiita naiivistikin muuttamaan niin ty\u00f6ns\u00e4 kuin muunkin el\u00e4m\u00e4ns\u00e4 suuntaa \u2013 usein freelancereina ja viel\u00e4 el\u00e4kei\u00e4ss\u00e4kin verkottuneina.<\/p>\n<p>Satiirissa tai ironiassa asia, tilanne tai maailma esitet\u00e4\u00e4n huvittavana, ja satiirisella kertomuksella on poliittisia, sosiaalisia ja\/tai moraalisia p\u00e4\u00e4m\u00e4\u00e4ri\u00e4.\u00a0<em>(H\u00e4nninen 1999; Leinikki 2009; Frye 1969). V\u00e4h\u00e4m\u00e4ki (1998)<\/em>\u00a0kuvaa ironiaa keinona, jonka avulla modernille ihmiselle tarjoutuu mahdollisuus l\u00f6yt\u00e4\u00e4 suvereeni asema suhteessa siihen kontekstiin, johon h\u00e4n kuuluu. Kun etsii ironian k\u00e4rjen, voi l\u00f6yt\u00e4\u00e4 sen kontekstin, jonka suhteen ironikko rakentaa itsen\u00e4ist\u00e4 asemaansa.<\/p>\n<p>Rikkurit ovat digiajan satiirikkoja ja ironikkoja, seikkailijoita. He kyseenalaistavat vallitsevat arvot, myytit ja uskomukset. He eiv\u00e4t kuvioita kuvia, auktoriteetteja eiv\u00e4tk\u00e4 puolue- tai kabinettipolitikointia \u2013 viel\u00e4 v\u00e4hemm\u00e4n hyv\u00e4 veli -j\u00e4rjestelm\u00e4\u00e4 tai armeijan v\u00e4\u00e4pelikulttuuria. Rikkuri kulkee vastarintaan vaikuttiminaan voimakas oma arvolataus sek\u00e4 oikeudenmukaisuus, rehellisyys ja usko omaan asiaan, jossa raha ei ratkaise. N\u00f6yryytt\u00e4m\u00e4t\u00f6n ty\u00f6nteko jatkuu usein el\u00e4kei\u00e4ss\u00e4.<\/p>\n<p><em>Aristoteleen (1997)<\/em>\u00a0mukaan tragedian sankarin on oltava jalo, sovelias, totuudenmukainen ja johdonmukainen. Kertomusten traagiset hahmot n\u00e4ytt\u00e4ytyv\u00e4t t\u00e4m\u00e4n p\u00e4iv\u00e4n ty\u00f6el\u00e4m\u00e4ss\u00e4 pudokkaina. Pudokkaat ovat uransa jossain vaiheessa syyllisyytt\u00e4, h\u00e4pe\u00e4\u00e4 ja kaltoin kohdelluksi itsens\u00e4 tunteneita. He h\u00e4pe\u00e4v\u00e4t ep\u00e4onnistumista ja siit\u00e4 kertomista. Pudokkaan epiteettej\u00e4 ovat my\u00f6s viha, kauna, kateus, katkeruus, pettymys ja ep\u00e4toivo, sukupuolittunut lasikattokin.<\/p>\n<p><em><strong>Johdettavien el\u00e4m\u00e4peruiset valinnat<\/strong><\/em><\/p>\n<p>Organisaatiokulttuuri on yksi\u00f6iden arvojen, etiikan, identiteetin, ammatillisuuden, motivaation, kokemuksen, luovuuden ja kokonaishyvinvoinnin sulatusuuni. Se syntyy yhteis\u00f6llisesti kehittyen: puolustusvoimamme toiminta nojaa hyviksi havaitsemiimme myytteihin ja uskomuksiin ja suosuisiin k\u00e4yt\u00e4nt\u00f6ihin. Puolustushaaramme ja rauhan ajan joukko-osastomme viett\u00e4v\u00e4t vuosip\u00e4iv\u00e4\u00e4ns\u00e4 usein jonkin sotahistoriallisesti t\u00e4rke\u00e4n taistelun muistossa. Johtajien keskeinen teht\u00e4v\u00e4 on vied\u00e4 hyvien k\u00e4yt\u00e4nt\u00f6jen kertomusta eteenp\u00e4in, nykytaistelijoille ja rauhanturvaajillemme. Ty\u00f6n helpottamiseksi ja onnistumisen varmistamiseksi on tunnettava v\u00e4kens\u00e4, kuunneltava heit\u00e4, l\u00f6ydett\u00e4v\u00e4 heid\u00e4n yksil\u00f6lliset ja eritoten yhteis\u00f6lliset vahvuutensa my\u00f6nteisesti valjastettaviksi. Samastumisen, identifikaation vuorovaikutuksen ohella t\u00e4rkein liima on luottamus. Erikoisjoukkojen toiminnassa on ensiarvoista, ett\u00e4 johtaja tuntee johdettavansa ja luottaa heid\u00e4n eri el\u00e4m\u00e4nalueilla hankkimaansa, maanpuolustusta vahvistavaan osaamiseensa. T\u00e4ll\u00f6in johtaja voi keskitty\u00e4 omaan teht\u00e4v\u00e4\u00e4ns\u00e4 \u2013 johtamiseen ja p\u00e4\u00e4t\u00f6ksentekoon.<\/p>\n<p>J\u00e4\u00e4d\u00e4\u00e4n kuulolle.<\/p>\n<p><em><strong>Kirjallisuutta:<\/strong><\/em><\/p>\n<p><em><strong>Aristoteles (1997)<\/strong>. Retoriikka; Runousoppi, suom. Paavo Hohto, Helsinki: Gaudeamus.<\/em><br \/>\n<em><strong>Etel\u00e4pelto, A. &amp; V\u00e4h\u00e4santanen, K.<\/strong>\u00a0(2006). Ammatillinen identiteetti persoonallisena ja sosiaalisena konstruktiona. [Professional identity as a personal and social construction]. Teoksessa Etel\u00e4pelto, A. &amp; Onnismaa, J. (toim.). Ammatillisuus ja ammatillinen kasvu. [Promoting professional growth.] Aikuiskasvatuksen 46. vuosikirja. Kansanvalistusseura ja Aikuiskasvatuksen tutkimusseura. Vantaa: Dark Oy. 26-49.<\/em><br \/>\n<em><strong>Frye, N.<\/strong>\u00a0(1990). Anatomy of Criticism. Four Essays. Princeton and Oxford: Princeton University Press.<\/em><br \/>\n<em><strong>H\u00e4nninen, V.<\/strong>\u00a0(1999). Sis\u00e4inen tarina, el\u00e4m\u00e4 ja muutos. Tampere: Tampereen yliopisto.<\/em><br \/>\n<em><strong>Kurvinen, P.<\/strong>\u00a0(2015). Media-ammattilaisen sis\u00e4inen puhe. Vaasa: Vaasan yliopisto. Osoitteessa http:\/\/www.uva.fi\/materiaali\/pdf\/isbn_978-952-476-598-5.pdf . Ladattu 8.11.2017.<\/em><br \/>\n<em><strong>Leinikki, S.<\/strong>\u00a0(2009). Pelon ja toivon v\u00e4liss\u00e4. P\u00e4tk\u00e4ty\u00f6l\u00e4isen urakerronta. Helsinki: Helsingin yliopisto.<\/em><br \/>\n<em><strong>Lindberg, J.<\/strong>\u00a0(2017). 223. Valtakunnallisen maanpuolustuskurssin avajaispuhe. Osoitteessa http:\/\/puolustusvoimat.fi\/223.-valtakunnallisen-maanpuolustuskurssin-avajaiset . Ladattu 8.11.2017.\u00a0<\/em><br \/>\n<em><strong>Tolska, T.<\/strong>\u00a0(2002). Kertova mieli. Jerome Brunerin narratiivik\u00e4sitys. Helsinki: Helsingin yliopisto.<\/em><br \/>\n<em><strong>V\u00e4h\u00e4m\u00e4ki, J.<\/strong>\u00a0(1998). Tragedian synty ja ajan kristalli. Teoksessa Politiikka pois paikoiltaan (toim. Er\u00e4saari, I., Palonen, K. &amp; Parvikko, T.). Jyv\u00e4skyl\u00e4: Jyv\u00e4skyl\u00e4n yliopisto.<\/em><\/p>\n<p><em>Kirjoittaja,\u00a0<strong>KTT, majuri evp Pekka Kurvinen<\/strong>\u00a0ty\u00f6skentelee itsen\u00e4isen\u00e4 johdon konsulttina ja valmentajana sek\u00e4 tietokirjailijana.<br \/>\n<\/em><em>kurvisen.pekka(at)gmail.com, Twitter: (at)PKurvinen<\/em><\/p>\n<\/div><\/section><\/p><\/div><div  class='hr av-6zsyz-b471ba5482e75b0a604afa4166a853a5 hr-default  avia-builder-el-5  el_after_av_one_full  el_before_av_blog '><span class='hr-inner '><span class=\"hr-inner-style\"><\/span><\/span><\/div><\/p>\n<div  class='av-alb-blogposts template-blog  '  itemscope=\"itemscope\" itemtype=\"https:\/\/schema.org\/Blog\" ><article class=\"post-entry post-entry-type-standard post-entry-8921 post-loop-1 post-parity-odd bloglist-simple with-slider post-8921 post type-post status-publish format-standard has-post-thumbnail hentry category-artikkeli category-artikkeli-2026\"  itemscope=\"itemscope\" itemtype=\"https:\/\/schema.org\/BlogPosting\" ><div class=\"blog-meta\"><\/div><div class='entry-content-wrapper clearfix standard-content'><header class=\"entry-content-header\"><h2 class='post-title entry-title '  itemprop=\"headline\" ><a href=\"https:\/\/kylkirauta.fi\/index.php\/2026\/04\/20\/kaaderilaulajien-julkaisutoiminta\/\" rel=\"bookmark\" title=\"Permanent Link: Kaaderilaulajien julkaisutoiminta\">Kaaderilaulajien julkaisutoiminta<span class=\"post-format-icon minor-meta\"><\/span><\/a><\/h2><span class=\"post-meta-infos\"><time class=\"date-container minor-meta updated\"  itemprop=\"datePublished\" datetime=\"2026-04-20T15:45:24+03:00\" >20.4.2026<\/time><span class=\"text-sep\">\/<\/span><span class=\"blog-categories minor-meta\">in <a href=\"https:\/\/kylkirauta.fi\/index.php\/category\/artikkeli\/\" rel=\"tag\">Artikkeli<\/a>, <a href=\"https:\/\/kylkirauta.fi\/index.php\/category\/artikkeli-2026\/\" rel=\"tag\">Artikkeli 2026<\/a><\/span><span class=\"text-sep\">\/<\/span><span class=\"blog-author minor-meta\">by <span class=\"entry-author-link\"  itemprop=\"author\" ><span class=\"author\"><span class=\"fn\"><a href=\"https:\/\/kylkirauta.fi\/index.php\/author\/karisain\/\" title=\"Kirjoittanut: Kari Sainio\" rel=\"author\">Kari Sainio<\/a><\/span><\/span><\/span><\/span><div class=\"read-more-link\"><a href=\"https:\/\/kylkirauta.fi\/index.php\/2026\/04\/20\/kaaderilaulajien-julkaisutoiminta\/\" class=\"more-link\">Read more<span class=\"more-link-arrow\"><\/span><\/a><\/div><\/span><\/header><footer class=\"entry-footer\"><\/footer><div class='post_delimiter'><\/div><\/div><div class=\"post_author_timeline\"><\/div><span class='hidden'>\n\t\t\t\t<span class='av-structured-data'  itemprop=\"image\" itemscope=\"itemscope\" itemtype=\"https:\/\/schema.org\/ImageObject\" >\n\t\t\t\t\t\t<span itemprop='url'>https:\/\/kylkirauta.fi\/wp-content\/uploads\/2026\/04\/Artikkeli-4-2026-2.jpg<\/span>\n\t\t\t\t\t\t<span itemprop='height'>487<\/span>\n\t\t\t\t\t\t<span itemprop='width'>843<\/span>\n\t\t\t\t<\/span>\n\t\t\t\t<span class='av-structured-data'  itemprop=\"publisher\" itemtype=\"https:\/\/schema.org\/Organization\" itemscope=\"itemscope\" >\n\t\t\t\t\t\t<span itemprop='name'>Kari Sainio<\/span>\n\t\t\t\t\t\t<span itemprop='logo' itemscope itemtype='https:\/\/schema.org\/ImageObject'>\n\t\t\t\t\t\t\t<span itemprop='url'>https:\/\/kylkirauta.fi\/wp-content\/uploads\/2020\/02\/kkunta_weblogo-100x100-1.png<\/span>\n\t\t\t\t\t\t<\/span>\n\t\t\t\t<\/span><span class='av-structured-data'  itemprop=\"author\" itemscope=\"itemscope\" itemtype=\"https:\/\/schema.org\/Person\" ><span itemprop='name'>Kari Sainio<\/span><\/span><span class='av-structured-data'  itemprop=\"datePublished\" datetime=\"2026-04-20T15:45:24+03:00\" >2026-04-20 15:45:24<\/span><span class='av-structured-data'  itemprop=\"dateModified\" itemtype=\"https:\/\/schema.org\/dateModified\" >2026-04-20 15:45:24<\/span><span class='av-structured-data'  itemprop=\"mainEntityOfPage\" itemtype=\"https:\/\/schema.org\/mainEntityOfPage\" ><span itemprop='name'>Kaaderilaulajien julkaisutoiminta<\/span><\/span><\/span><\/article><article class=\"post-entry post-entry-type-standard post-entry-8884 post-loop-2 post-parity-even bloglist-simple with-slider post-8884 post type-post status-publish format-standard has-post-thumbnail hentry category-artikkeli category-artikkeli-2026\"  itemscope=\"itemscope\" itemtype=\"https:\/\/schema.org\/BlogPosting\" ><div class=\"blog-meta\"><\/div><div class='entry-content-wrapper clearfix standard-content'><header class=\"entry-content-header\"><h2 class='post-title entry-title '  itemprop=\"headline\" ><a href=\"https:\/\/kylkirauta.fi\/index.php\/2026\/03\/27\/kaaderilaulajien-ukraina-tukikonsertit\/\" rel=\"bookmark\" title=\"Permanent Link: Kaaderilaulajien Ukraina-tukikonsertit\">Kaaderilaulajien Ukraina-tukikonsertit<span class=\"post-format-icon minor-meta\"><\/span><\/a><\/h2><span class=\"post-meta-infos\"><time class=\"date-container minor-meta updated\"  itemprop=\"datePublished\" datetime=\"2026-03-27T12:30:38+02:00\" >27.3.2026<\/time><span class=\"text-sep\">\/<\/span><span class=\"blog-categories minor-meta\">in <a href=\"https:\/\/kylkirauta.fi\/index.php\/category\/artikkeli\/\" rel=\"tag\">Artikkeli<\/a>, <a href=\"https:\/\/kylkirauta.fi\/index.php\/category\/artikkeli-2026\/\" rel=\"tag\">Artikkeli 2026<\/a><\/span><span class=\"text-sep\">\/<\/span><span class=\"blog-author minor-meta\">by <span class=\"entry-author-link\"  itemprop=\"author\" ><span class=\"author\"><span class=\"fn\"><a href=\"https:\/\/kylkirauta.fi\/index.php\/author\/karisain\/\" title=\"Kirjoittanut: Kari Sainio\" rel=\"author\">Kari Sainio<\/a><\/span><\/span><\/span><\/span><div class=\"read-more-link\"><a href=\"https:\/\/kylkirauta.fi\/index.php\/2026\/03\/27\/kaaderilaulajien-ukraina-tukikonsertit\/\" class=\"more-link\">Read more<span class=\"more-link-arrow\"><\/span><\/a><\/div><\/span><\/header><footer class=\"entry-footer\"><\/footer><div class='post_delimiter'><\/div><\/div><div class=\"post_author_timeline\"><\/div><span class='hidden'>\n\t\t\t\t<span class='av-structured-data'  itemprop=\"image\" itemscope=\"itemscope\" itemtype=\"https:\/\/schema.org\/ImageObject\" >\n\t\t\t\t\t\t<span itemprop='url'>https:\/\/kylkirauta.fi\/wp-content\/uploads\/2026\/03\/3-2026-artikkeli.jpg<\/span>\n\t\t\t\t\t\t<span itemprop='height'>487<\/span>\n\t\t\t\t\t\t<span itemprop='width'>843<\/span>\n\t\t\t\t<\/span>\n\t\t\t\t<span class='av-structured-data'  itemprop=\"publisher\" itemtype=\"https:\/\/schema.org\/Organization\" itemscope=\"itemscope\" >\n\t\t\t\t\t\t<span itemprop='name'>Kari Sainio<\/span>\n\t\t\t\t\t\t<span itemprop='logo' itemscope itemtype='https:\/\/schema.org\/ImageObject'>\n\t\t\t\t\t\t\t<span itemprop='url'>https:\/\/kylkirauta.fi\/wp-content\/uploads\/2020\/02\/kkunta_weblogo-100x100-1.png<\/span>\n\t\t\t\t\t\t<\/span>\n\t\t\t\t<\/span><span class='av-structured-data'  itemprop=\"author\" itemscope=\"itemscope\" itemtype=\"https:\/\/schema.org\/Person\" ><span itemprop='name'>Kari Sainio<\/span><\/span><span class='av-structured-data'  itemprop=\"datePublished\" datetime=\"2026-03-27T12:30:38+02:00\" >2026-03-27 12:30:38<\/span><span class='av-structured-data'  itemprop=\"dateModified\" itemtype=\"https:\/\/schema.org\/dateModified\" >2026-03-27 12:30:38<\/span><span class='av-structured-data'  itemprop=\"mainEntityOfPage\" itemtype=\"https:\/\/schema.org\/mainEntityOfPage\" ><span itemprop='name'>Kaaderilaulajien Ukraina-tukikonsertit<\/span><\/span><\/span><\/article><article class=\"post-entry post-entry-type-standard post-entry-8786 post-loop-3 post-parity-odd post-entry-last bloglist-simple with-slider post-8786 post type-post status-publish format-standard has-post-thumbnail hentry category-artikkeli category-artikkeli-2026\"  itemscope=\"itemscope\" itemtype=\"https:\/\/schema.org\/BlogPosting\" ><div class=\"blog-meta\"><\/div><div class='entry-content-wrapper clearfix standard-content'><header class=\"entry-content-header\"><h2 class='post-title entry-title '  itemprop=\"headline\" ><a href=\"https:\/\/kylkirauta.fi\/index.php\/2026\/02\/23\/risto-sinkko-eu-kansalaisten-nakemyksia-turvallisuudesta-ja-puolustuksesta\/\" rel=\"bookmark\" title=\"Permanent Link: Risto Sinkko: EU-kansalaisten n\u00e4kemyksi\u00e4 turvallisuudesta ja puolustuksesta\">Risto Sinkko: EU-kansalaisten n\u00e4kemyksi\u00e4 turvallisuudesta ja puolustuksesta<span class=\"post-format-icon minor-meta\"><\/span><\/a><\/h2><span class=\"post-meta-infos\"><time class=\"date-container minor-meta updated\"  itemprop=\"datePublished\" datetime=\"2026-02-23T17:08:33+02:00\" >23.2.2026<\/time><span class=\"text-sep\">\/<\/span><span class=\"blog-categories minor-meta\">in <a href=\"https:\/\/kylkirauta.fi\/index.php\/category\/artikkeli\/\" rel=\"tag\">Artikkeli<\/a>, <a href=\"https:\/\/kylkirauta.fi\/index.php\/category\/artikkeli-2026\/\" rel=\"tag\">Artikkeli 2026<\/a><\/span><span class=\"text-sep\">\/<\/span><span class=\"blog-author minor-meta\">by <span class=\"entry-author-link\"  itemprop=\"author\" ><span class=\"author\"><span class=\"fn\"><a href=\"https:\/\/kylkirauta.fi\/index.php\/author\/karisain\/\" title=\"Kirjoittanut: Kari Sainio\" rel=\"author\">Kari Sainio<\/a><\/span><\/span><\/span><\/span><div class=\"read-more-link\"><a href=\"https:\/\/kylkirauta.fi\/index.php\/2026\/02\/23\/risto-sinkko-eu-kansalaisten-nakemyksia-turvallisuudesta-ja-puolustuksesta\/\" class=\"more-link\">Read more<span class=\"more-link-arrow\"><\/span><\/a><\/div><\/span><\/header><footer class=\"entry-footer\"><\/footer><div class='post_delimiter'><\/div><\/div><div class=\"post_author_timeline\"><\/div><span class='hidden'>\n\t\t\t\t<span class='av-structured-data'  itemprop=\"image\" itemscope=\"itemscope\" itemtype=\"https:\/\/schema.org\/ImageObject\" >\n\t\t\t\t\t\t<span itemprop='url'>https:\/\/kylkirauta.fi\/wp-content\/uploads\/2026\/02\/Artikkeli-MSC-artikkeli.jpg<\/span>\n\t\t\t\t\t\t<span itemprop='height'>487<\/span>\n\t\t\t\t\t\t<span itemprop='width'>843<\/span>\n\t\t\t\t<\/span>\n\t\t\t\t<span class='av-structured-data'  itemprop=\"publisher\" itemtype=\"https:\/\/schema.org\/Organization\" itemscope=\"itemscope\" >\n\t\t\t\t\t\t<span itemprop='name'>Kari Sainio<\/span>\n\t\t\t\t\t\t<span itemprop='logo' itemscope itemtype='https:\/\/schema.org\/ImageObject'>\n\t\t\t\t\t\t\t<span itemprop='url'>https:\/\/kylkirauta.fi\/wp-content\/uploads\/2020\/02\/kkunta_weblogo-100x100-1.png<\/span>\n\t\t\t\t\t\t<\/span>\n\t\t\t\t<\/span><span class='av-structured-data'  itemprop=\"author\" itemscope=\"itemscope\" itemtype=\"https:\/\/schema.org\/Person\" ><span itemprop='name'>Kari Sainio<\/span><\/span><span class='av-structured-data'  itemprop=\"datePublished\" datetime=\"2026-02-23T17:08:33+02:00\" >2026-02-23 17:08:33<\/span><span class='av-structured-data'  itemprop=\"dateModified\" itemtype=\"https:\/\/schema.org\/dateModified\" >2026-02-23 17:29:54<\/span><span class='av-structured-data'  itemprop=\"mainEntityOfPage\" itemtype=\"https:\/\/schema.org\/mainEntityOfPage\" ><span itemprop='name'>Risto Sinkko: EU-kansalaisten n\u00e4kemyksi\u00e4 turvallisuudesta ja puolustuksesta<\/span><\/span><\/span><\/article><div class='bloglist-simple'><nav class='pagination'><span class='pagination-meta'>Page 1 of 58<\/span><span class='current'>1<\/span><a href='https:\/\/kylkirauta.fi\/index.php\/wp-json\/wp\/v2\/posts\/826\/page\/2\/' class='inactive next_page' >2<\/a><a href='https:\/\/kylkirauta.fi\/index.php\/wp-json\/wp\/v2\/posts\/826\/page\/3\/' class='inactive' >3<\/a><a href='https:\/\/kylkirauta.fi\/index.php\/wp-json\/wp\/v2\/posts\/826\/page\/2\/'>&rsaquo;<\/a><a href='https:\/\/kylkirauta.fi\/index.php\/wp-json\/wp\/v2\/posts\/826\/page\/58\/'>&raquo;<\/a><\/nav>\n<\/div><\/div>\n","protected":false},"excerpt":{"rendered":"","protected":false},"author":3,"featured_media":0,"comment_status":"closed","ping_status":"closed","sticky":false,"template":"","format":"standard","meta":{"footnotes":""},"categories":[4,29],"tags":[],"class_list":["post-826","post","type-post","status-publish","format-standard","hentry","category-artikkeli","category-artikkeli-2017"],"yoast_head":"<!-- This site is optimized with the Yoast SEO plugin v27.5 - https:\/\/yoast.com\/product\/yoast-seo-wordpress\/ -->\n<title>&quot;Mentorin merkint\u00f6j\u00e4 7&quot; - Johtaja, tunnetko v\u00e4kesi? - Kylkirauta<\/title>\n<meta name=\"robots\" content=\"index, follow, max-snippet:-1, max-image-preview:large, max-video-preview:-1\" \/>\n<link rel=\"canonical\" href=\"https:\/\/kylkirauta.fi\/index.php\/2017\/11\/11\/mentorin-merkintoja-7-johtaja-tunnetko-vakesi\/\" \/>\n<meta property=\"og:locale\" content=\"fi_FI\" \/>\n<meta property=\"og:type\" content=\"article\" \/>\n<meta property=\"og:title\" content=\"&quot;Mentorin merkint\u00f6j\u00e4 7&quot; - Johtaja, tunnetko v\u00e4kesi? - Kylkirauta\" \/>\n<meta property=\"og:url\" content=\"https:\/\/kylkirauta.fi\/index.php\/2017\/11\/11\/mentorin-merkintoja-7-johtaja-tunnetko-vakesi\/\" \/>\n<meta property=\"og:site_name\" content=\"Kylkirauta\" \/>\n<meta property=\"article:published_time\" content=\"2017-11-11T18:16:00+00:00\" \/>\n<meta property=\"article:modified_time\" content=\"2020-01-26T10:23:53+00:00\" \/>\n<meta property=\"og:image\" content=\"https:\/\/kylkirauta.fi\/wp-content\/uploads\/2020\/01\/Kurvinen-Pekka.jpg\" \/>\n<meta name=\"author\" content=\"Kari Sainio\" \/>\n<meta name=\"twitter:card\" content=\"summary_large_image\" \/>\n<meta name=\"twitter:label1\" content=\"Kirjoittanut\" \/>\n\t<meta name=\"twitter:data1\" content=\"Kari Sainio\" \/>\n\t<meta name=\"twitter:label2\" content=\"Arvioitu lukuaika\" \/>\n\t<meta name=\"twitter:data2\" content=\"9 minuuttia\" \/>\n<script type=\"application\/ld+json\" class=\"yoast-schema-graph\">{\"@context\":\"https:\\\/\\\/schema.org\",\"@graph\":[{\"@type\":\"Article\",\"@id\":\"https:\\\/\\\/kylkirauta.fi\\\/index.php\\\/2017\\\/11\\\/11\\\/mentorin-merkintoja-7-johtaja-tunnetko-vakesi\\\/#article\",\"isPartOf\":{\"@id\":\"https:\\\/\\\/kylkirauta.fi\\\/index.php\\\/2017\\\/11\\\/11\\\/mentorin-merkintoja-7-johtaja-tunnetko-vakesi\\\/\"},\"author\":{\"name\":\"Kari Sainio\",\"@id\":\"https:\\\/\\\/kylkirauta.fi\\\/#\\\/schema\\\/person\\\/714ab39a349c656b20d60a239be1d6f6\"},\"headline\":\"&#8221;Mentorin merkint\u00f6j\u00e4 7&#8221; &#8211; Johtaja, tunnetko v\u00e4kesi?\",\"datePublished\":\"2017-11-11T18:16:00+00:00\",\"dateModified\":\"2020-01-26T10:23:53+00:00\",\"mainEntityOfPage\":{\"@id\":\"https:\\\/\\\/kylkirauta.fi\\\/index.php\\\/2017\\\/11\\\/11\\\/mentorin-merkintoja-7-johtaja-tunnetko-vakesi\\\/\"},\"wordCount\":1710,\"image\":{\"@id\":\"https:\\\/\\\/kylkirauta.fi\\\/index.php\\\/2017\\\/11\\\/11\\\/mentorin-merkintoja-7-johtaja-tunnetko-vakesi\\\/#primaryimage\"},\"thumbnailUrl\":\"https:\\\/\\\/kylkirauta.fi\\\/wp-content\\\/uploads\\\/2020\\\/01\\\/Kurvinen-Pekka.jpg\",\"articleSection\":[\"Artikkeli\",\"Artikkeli 2017\"],\"inLanguage\":\"fi\"},{\"@type\":\"WebPage\",\"@id\":\"https:\\\/\\\/kylkirauta.fi\\\/index.php\\\/2017\\\/11\\\/11\\\/mentorin-merkintoja-7-johtaja-tunnetko-vakesi\\\/\",\"url\":\"https:\\\/\\\/kylkirauta.fi\\\/index.php\\\/2017\\\/11\\\/11\\\/mentorin-merkintoja-7-johtaja-tunnetko-vakesi\\\/\",\"name\":\"\\\"Mentorin merkint\u00f6j\u00e4 7\\\" - Johtaja, tunnetko v\u00e4kesi? - Kylkirauta\",\"isPartOf\":{\"@id\":\"https:\\\/\\\/kylkirauta.fi\\\/#website\"},\"primaryImageOfPage\":{\"@id\":\"https:\\\/\\\/kylkirauta.fi\\\/index.php\\\/2017\\\/11\\\/11\\\/mentorin-merkintoja-7-johtaja-tunnetko-vakesi\\\/#primaryimage\"},\"image\":{\"@id\":\"https:\\\/\\\/kylkirauta.fi\\\/index.php\\\/2017\\\/11\\\/11\\\/mentorin-merkintoja-7-johtaja-tunnetko-vakesi\\\/#primaryimage\"},\"thumbnailUrl\":\"https:\\\/\\\/kylkirauta.fi\\\/wp-content\\\/uploads\\\/2020\\\/01\\\/Kurvinen-Pekka.jpg\",\"datePublished\":\"2017-11-11T18:16:00+00:00\",\"dateModified\":\"2020-01-26T10:23:53+00:00\",\"author\":{\"@id\":\"https:\\\/\\\/kylkirauta.fi\\\/#\\\/schema\\\/person\\\/714ab39a349c656b20d60a239be1d6f6\"},\"breadcrumb\":{\"@id\":\"https:\\\/\\\/kylkirauta.fi\\\/index.php\\\/2017\\\/11\\\/11\\\/mentorin-merkintoja-7-johtaja-tunnetko-vakesi\\\/#breadcrumb\"},\"inLanguage\":\"fi\",\"potentialAction\":[{\"@type\":\"ReadAction\",\"target\":[\"https:\\\/\\\/kylkirauta.fi\\\/index.php\\\/2017\\\/11\\\/11\\\/mentorin-merkintoja-7-johtaja-tunnetko-vakesi\\\/\"]}]},{\"@type\":\"ImageObject\",\"inLanguage\":\"fi\",\"@id\":\"https:\\\/\\\/kylkirauta.fi\\\/index.php\\\/2017\\\/11\\\/11\\\/mentorin-merkintoja-7-johtaja-tunnetko-vakesi\\\/#primaryimage\",\"url\":\"https:\\\/\\\/kylkirauta.fi\\\/wp-content\\\/uploads\\\/2020\\\/01\\\/Kurvinen-Pekka.jpg\",\"contentUrl\":\"https:\\\/\\\/kylkirauta.fi\\\/wp-content\\\/uploads\\\/2020\\\/01\\\/Kurvinen-Pekka.jpg\",\"width\":410,\"height\":580,\"caption\":\"Pekka Kurvinen\"},{\"@type\":\"BreadcrumbList\",\"@id\":\"https:\\\/\\\/kylkirauta.fi\\\/index.php\\\/2017\\\/11\\\/11\\\/mentorin-merkintoja-7-johtaja-tunnetko-vakesi\\\/#breadcrumb\",\"itemListElement\":[{\"@type\":\"ListItem\",\"position\":1,\"name\":\"Home\",\"item\":\"https:\\\/\\\/kylkirauta.fi\\\/index.php\\\/home\\\/\"},{\"@type\":\"ListItem\",\"position\":2,\"name\":\"&#8221;Mentorin merkint\u00f6j\u00e4 7&#8221; &#8211; Johtaja, tunnetko v\u00e4kesi?\"}]},{\"@type\":\"WebSite\",\"@id\":\"https:\\\/\\\/kylkirauta.fi\\\/#website\",\"url\":\"https:\\\/\\\/kylkirauta.fi\\\/\",\"name\":\"Kylkirauta\",\"description\":\"Kadettiupseerit yhteiskunnan palveluksessa\",\"potentialAction\":[{\"@type\":\"SearchAction\",\"target\":{\"@type\":\"EntryPoint\",\"urlTemplate\":\"https:\\\/\\\/kylkirauta.fi\\\/?s={search_term_string}\"},\"query-input\":{\"@type\":\"PropertyValueSpecification\",\"valueRequired\":true,\"valueName\":\"search_term_string\"}}],\"inLanguage\":\"fi\"},{\"@type\":\"Person\",\"@id\":\"https:\\\/\\\/kylkirauta.fi\\\/#\\\/schema\\\/person\\\/714ab39a349c656b20d60a239be1d6f6\",\"name\":\"Kari Sainio\",\"sameAs\":[\"http:\\\/\\\/www.kylkirauta.fi\"],\"url\":\"https:\\\/\\\/kylkirauta.fi\\\/index.php\\\/author\\\/karisain\\\/\"}]}<\/script>\n<!-- \/ Yoast SEO plugin. -->","yoast_head_json":{"title":"\"Mentorin merkint\u00f6j\u00e4 7\" - Johtaja, tunnetko v\u00e4kesi? - Kylkirauta","robots":{"index":"index","follow":"follow","max-snippet":"max-snippet:-1","max-image-preview":"max-image-preview:large","max-video-preview":"max-video-preview:-1"},"canonical":"https:\/\/kylkirauta.fi\/index.php\/2017\/11\/11\/mentorin-merkintoja-7-johtaja-tunnetko-vakesi\/","og_locale":"fi_FI","og_type":"article","og_title":"\"Mentorin merkint\u00f6j\u00e4 7\" - Johtaja, tunnetko v\u00e4kesi? - Kylkirauta","og_url":"https:\/\/kylkirauta.fi\/index.php\/2017\/11\/11\/mentorin-merkintoja-7-johtaja-tunnetko-vakesi\/","og_site_name":"Kylkirauta","article_published_time":"2017-11-11T18:16:00+00:00","article_modified_time":"2020-01-26T10:23:53+00:00","og_image":[{"url":"https:\/\/kylkirauta.fi\/wp-content\/uploads\/2020\/01\/Kurvinen-Pekka.jpg","type":"","width":"","height":""}],"author":"Kari Sainio","twitter_card":"summary_large_image","twitter_misc":{"Kirjoittanut":"Kari Sainio","Arvioitu lukuaika":"9 minuuttia"},"schema":{"@context":"https:\/\/schema.org","@graph":[{"@type":"Article","@id":"https:\/\/kylkirauta.fi\/index.php\/2017\/11\/11\/mentorin-merkintoja-7-johtaja-tunnetko-vakesi\/#article","isPartOf":{"@id":"https:\/\/kylkirauta.fi\/index.php\/2017\/11\/11\/mentorin-merkintoja-7-johtaja-tunnetko-vakesi\/"},"author":{"name":"Kari Sainio","@id":"https:\/\/kylkirauta.fi\/#\/schema\/person\/714ab39a349c656b20d60a239be1d6f6"},"headline":"&#8221;Mentorin merkint\u00f6j\u00e4 7&#8221; &#8211; Johtaja, tunnetko v\u00e4kesi?","datePublished":"2017-11-11T18:16:00+00:00","dateModified":"2020-01-26T10:23:53+00:00","mainEntityOfPage":{"@id":"https:\/\/kylkirauta.fi\/index.php\/2017\/11\/11\/mentorin-merkintoja-7-johtaja-tunnetko-vakesi\/"},"wordCount":1710,"image":{"@id":"https:\/\/kylkirauta.fi\/index.php\/2017\/11\/11\/mentorin-merkintoja-7-johtaja-tunnetko-vakesi\/#primaryimage"},"thumbnailUrl":"https:\/\/kylkirauta.fi\/wp-content\/uploads\/2020\/01\/Kurvinen-Pekka.jpg","articleSection":["Artikkeli","Artikkeli 2017"],"inLanguage":"fi"},{"@type":"WebPage","@id":"https:\/\/kylkirauta.fi\/index.php\/2017\/11\/11\/mentorin-merkintoja-7-johtaja-tunnetko-vakesi\/","url":"https:\/\/kylkirauta.fi\/index.php\/2017\/11\/11\/mentorin-merkintoja-7-johtaja-tunnetko-vakesi\/","name":"\"Mentorin merkint\u00f6j\u00e4 7\" - Johtaja, tunnetko v\u00e4kesi? - Kylkirauta","isPartOf":{"@id":"https:\/\/kylkirauta.fi\/#website"},"primaryImageOfPage":{"@id":"https:\/\/kylkirauta.fi\/index.php\/2017\/11\/11\/mentorin-merkintoja-7-johtaja-tunnetko-vakesi\/#primaryimage"},"image":{"@id":"https:\/\/kylkirauta.fi\/index.php\/2017\/11\/11\/mentorin-merkintoja-7-johtaja-tunnetko-vakesi\/#primaryimage"},"thumbnailUrl":"https:\/\/kylkirauta.fi\/wp-content\/uploads\/2020\/01\/Kurvinen-Pekka.jpg","datePublished":"2017-11-11T18:16:00+00:00","dateModified":"2020-01-26T10:23:53+00:00","author":{"@id":"https:\/\/kylkirauta.fi\/#\/schema\/person\/714ab39a349c656b20d60a239be1d6f6"},"breadcrumb":{"@id":"https:\/\/kylkirauta.fi\/index.php\/2017\/11\/11\/mentorin-merkintoja-7-johtaja-tunnetko-vakesi\/#breadcrumb"},"inLanguage":"fi","potentialAction":[{"@type":"ReadAction","target":["https:\/\/kylkirauta.fi\/index.php\/2017\/11\/11\/mentorin-merkintoja-7-johtaja-tunnetko-vakesi\/"]}]},{"@type":"ImageObject","inLanguage":"fi","@id":"https:\/\/kylkirauta.fi\/index.php\/2017\/11\/11\/mentorin-merkintoja-7-johtaja-tunnetko-vakesi\/#primaryimage","url":"https:\/\/kylkirauta.fi\/wp-content\/uploads\/2020\/01\/Kurvinen-Pekka.jpg","contentUrl":"https:\/\/kylkirauta.fi\/wp-content\/uploads\/2020\/01\/Kurvinen-Pekka.jpg","width":410,"height":580,"caption":"Pekka Kurvinen"},{"@type":"BreadcrumbList","@id":"https:\/\/kylkirauta.fi\/index.php\/2017\/11\/11\/mentorin-merkintoja-7-johtaja-tunnetko-vakesi\/#breadcrumb","itemListElement":[{"@type":"ListItem","position":1,"name":"Home","item":"https:\/\/kylkirauta.fi\/index.php\/home\/"},{"@type":"ListItem","position":2,"name":"&#8221;Mentorin merkint\u00f6j\u00e4 7&#8221; &#8211; Johtaja, tunnetko v\u00e4kesi?"}]},{"@type":"WebSite","@id":"https:\/\/kylkirauta.fi\/#website","url":"https:\/\/kylkirauta.fi\/","name":"Kylkirauta","description":"Kadettiupseerit yhteiskunnan palveluksessa","potentialAction":[{"@type":"SearchAction","target":{"@type":"EntryPoint","urlTemplate":"https:\/\/kylkirauta.fi\/?s={search_term_string}"},"query-input":{"@type":"PropertyValueSpecification","valueRequired":true,"valueName":"search_term_string"}}],"inLanguage":"fi"},{"@type":"Person","@id":"https:\/\/kylkirauta.fi\/#\/schema\/person\/714ab39a349c656b20d60a239be1d6f6","name":"Kari Sainio","sameAs":["http:\/\/www.kylkirauta.fi"],"url":"https:\/\/kylkirauta.fi\/index.php\/author\/karisain\/"}]}},"_links":{"self":[{"href":"https:\/\/kylkirauta.fi\/index.php\/wp-json\/wp\/v2\/posts\/826","targetHints":{"allow":["GET"]}}],"collection":[{"href":"https:\/\/kylkirauta.fi\/index.php\/wp-json\/wp\/v2\/posts"}],"about":[{"href":"https:\/\/kylkirauta.fi\/index.php\/wp-json\/wp\/v2\/types\/post"}],"author":[{"embeddable":true,"href":"https:\/\/kylkirauta.fi\/index.php\/wp-json\/wp\/v2\/users\/3"}],"replies":[{"embeddable":true,"href":"https:\/\/kylkirauta.fi\/index.php\/wp-json\/wp\/v2\/comments?post=826"}],"version-history":[{"count":5,"href":"https:\/\/kylkirauta.fi\/index.php\/wp-json\/wp\/v2\/posts\/826\/revisions"}],"predecessor-version":[{"id":2333,"href":"https:\/\/kylkirauta.fi\/index.php\/wp-json\/wp\/v2\/posts\/826\/revisions\/2333"}],"wp:attachment":[{"href":"https:\/\/kylkirauta.fi\/index.php\/wp-json\/wp\/v2\/media?parent=826"}],"wp:term":[{"taxonomy":"category","embeddable":true,"href":"https:\/\/kylkirauta.fi\/index.php\/wp-json\/wp\/v2\/categories?post=826"},{"taxonomy":"post_tag","embeddable":true,"href":"https:\/\/kylkirauta.fi\/index.php\/wp-json\/wp\/v2\/tags?post=826"}],"curies":[{"name":"wp","href":"https:\/\/api.w.org\/{rel}","templated":true}]}}