{"id":8175,"date":"2025-06-13T12:58:47","date_gmt":"2025-06-13T09:58:47","guid":{"rendered":"https:\/\/kylkirauta.fi\/?p=8175"},"modified":"2025-06-13T12:58:47","modified_gmt":"2025-06-13T09:58:47","slug":"risto-sinkko-eurooppalaisilta-tukea-ukrainalle","status":"publish","type":"post","link":"https:\/\/kylkirauta.fi\/index.php\/2025\/06\/13\/risto-sinkko-eurooppalaisilta-tukea-ukrainalle\/","title":{"rendered":"Risto Sinkko: Eurooppalaisilta tukea Ukrainalle"},"content":{"rendered":"\n<style type=\"text\/css\" data-created_by=\"avia_inline_auto\" id=\"style-css-av-km4zs-0614ada41eb3461e6efbb361dfbae970\">\n.flex_column.av-km4zs-0614ada41eb3461e6efbb361dfbae970{\nborder-radius:0px 0px 0px 0px;\npadding:0px 0px 0px 0px;\n}\n<\/style>\n<div  class='flex_column av-km4zs-0614ada41eb3461e6efbb361dfbae970 av_one_full  avia-builder-el-0  el_before_av_hr  avia-builder-el-first  first flex_column_div av-zero-column-padding  '     ><p>\n<style type=\"text\/css\" data-created_by=\"avia_inline_auto\" id=\"style-css-av-37iggf-932e2cee3feeeee558bf630e70b44461\">\n#top .av-special-heading.av-37iggf-932e2cee3feeeee558bf630e70b44461{\npadding-bottom:10px;\n}\nbody .av-special-heading.av-37iggf-932e2cee3feeeee558bf630e70b44461 .av-special-heading-tag .heading-char{\nfont-size:25px;\n}\n.av-special-heading.av-37iggf-932e2cee3feeeee558bf630e70b44461 .av-subheading{\nfont-size:15px;\n}\n<\/style>\n<div  class='av-special-heading av-37iggf-932e2cee3feeeee558bf630e70b44461 av-special-heading-h3  avia-builder-el-1  el_before_av_hr  avia-builder-el-first  av-linked-heading'><h3 class='av-special-heading-tag'  itemprop=\"headline\"  >Eurooppalaisilta tukea Ukrainalle<\/h3><div class=\"special-heading-border\"><div class=\"special-heading-inner-border\"><\/div><\/div><\/div><br \/>\n\n<style type=\"text\/css\" data-created_by=\"avia_inline_auto\" id=\"style-css-av-k5m7b9te-01401dd5e8beb25770de1be03f41ecf3\">\n#top .hr.hr-invisible.av-k5m7b9te-01401dd5e8beb25770de1be03f41ecf3{\nheight:30px;\n}\n<\/style>\n<div  class='hr av-k5m7b9te-01401dd5e8beb25770de1be03f41ecf3 hr-invisible  avia-builder-el-2  el_after_av_heading  el_before_av_textblock '><span class='hr-inner '><span class=\"hr-inner-style\"><\/span><\/span><\/div><br \/>\n<section  class='av_textblock_section av-k8d08-b6982eb89db820e3f2ea785bf1b317fd '   itemscope=\"itemscope\" itemtype=\"https:\/\/schema.org\/BlogPosting\" itemprop=\"blogPost\" ><div class='avia_textblock'  itemprop=\"text\" ><div id=\"attachment_459\" style=\"width: 140px\" class=\"wp-caption alignright\"><img loading=\"lazy\" decoding=\"async\" aria-describedby=\"caption-attachment-459\" class=\"wp-image-459\" src=\"https:\/\/kylkirauta.fi\/wp-content\/uploads\/2019\/10\/Sinkko_uusi.jpeg\" alt=\"\" width=\"130\" height=\"177\" srcset=\"https:\/\/kylkirauta.fi\/wp-content\/uploads\/2019\/10\/Sinkko_uusi.jpeg 369w, https:\/\/kylkirauta.fi\/wp-content\/uploads\/2019\/10\/Sinkko_uusi-221x300.jpeg 221w\" sizes=\"auto, (max-width: 130px) 100vw, 130px\" \/><p id=\"caption-attachment-459\" class=\"wp-caption-text\">ST Risto Sinkko<\/p><\/div>\n<div class=\"\" data-block=\"true\" data-editor=\"d3t8s\" data-offset-key=\"83llj-0-0\">\n<p><strong>Elinkeinoel\u00e4m\u00e4n valtuuskunnan (EVA) toukokuussa 2025 julkaistu arvo- ja asennetutkimus kertoo, kuinka suomalaiset antavat tukensa Ukrainalle ja onko tuki ollut kansalaisten mielest\u00e4 riitt\u00e4v\u00e4\u00e4. Samoin juuri ilmestynyt Eurobarometri-tutkimus kertoo kaikkien EU:n j\u00e4senmaiden kansalaisten tuesta Ukrainalle.<\/strong><\/p>\n<p>EVA:n raportoiman mielipidetutkimuksen mukaan 63 prosenttia suomalaisista arvioi, ett\u00e4 maamme on tukenut riitt\u00e4v\u00e4sti Ukrainaa Ven\u00e4j\u00e4n hy\u00f6kk\u00e4yst\u00e4 vastaan.<\/p>\n<p>EU-kansalaisten mielest\u00e4 t\u00e4rkein valtioliittouman ongelma on Ven\u00e4j\u00e4n hy\u00f6kk\u00e4ys Ukrainaan \u2013 24 prosenttia tutkituista ajattelee n\u00e4in. Ukraina saa tukea laajalti eri mailta.<\/p>\n<p>Tutkimuksissa n\u00e4hd\u00e4\u00e4n silti tasoeroja poliittisen kannan tai kotimaan mukaan.<\/p>\n<p><strong><em>EVA:n tutkimus Ukrainan sodasta<\/em><\/strong><\/p>\n<p>EVA:n kyselyss\u00e4 k\u00e4ytetty kysymys kuului seuraavasti: \u201dSuomi ei ole tukenut Ukrainaa riitt\u00e4v\u00e4sti sodassa sen kimppuun hy\u00f6k\u00e4nnytt\u00e4 Ven\u00e4j\u00e4\u00e4 vastaan.\u201d Vastausvaihtoehdot olivat \u201dSamaa mielt\u00e4\u201d, \u201dVaikea sanoa\u201d ja \u201dEri mielt\u00e4\u201d.<\/p>\n<p>Vastaajista 18 prosenttia oli samaa mielt\u00e4 esitetyn v\u00e4itteen kanssa, eli oli sit\u00e4 mielt\u00e4, ett\u00e4 Ukrainaa ei ole tuettu riitt\u00e4v\u00e4sti. Vastaavasti 63 prosenttia vastaajista piti annetun tuen m\u00e4\u00e4r\u00e4\u00e4 riitt\u00e4v\u00e4n\u00e4.<\/p>\n<p><img loading=\"lazy\" decoding=\"async\" class=\"aligncenter wp-image-8179 size-large\" src=\"https:\/\/kylkirauta.fi\/wp-content\/uploads\/2025\/06\/EVA-1-1030x391.jpg\" alt=\"\" width=\"1030\" height=\"391\" srcset=\"https:\/\/kylkirauta.fi\/wp-content\/uploads\/2025\/06\/EVA-1-1030x391.jpg 1030w, https:\/\/kylkirauta.fi\/wp-content\/uploads\/2025\/06\/EVA-1-300x114.jpg 300w, https:\/\/kylkirauta.fi\/wp-content\/uploads\/2025\/06\/EVA-1-768x292.jpg 768w, https:\/\/kylkirauta.fi\/wp-content\/uploads\/2025\/06\/EVA-1-705x268.jpg 705w, https:\/\/kylkirauta.fi\/wp-content\/uploads\/2025\/06\/EVA-1-845x321.jpg 845w, https:\/\/kylkirauta.fi\/wp-content\/uploads\/2025\/06\/EVA-1.jpg 1417w\" sizes=\"auto, (max-width: 1030px) 100vw, 1030px\" \/><\/p>\n<div id=\"attachment_8180\" style=\"width: 1040px\" class=\"wp-caption aligncenter\"><img loading=\"lazy\" decoding=\"async\" aria-describedby=\"caption-attachment-8180\" class=\"wp-image-8180 size-large\" src=\"https:\/\/kylkirauta.fi\/wp-content\/uploads\/2025\/06\/EVA-2-1030x237.jpg\" alt=\"\" width=\"1030\" height=\"237\" srcset=\"https:\/\/kylkirauta.fi\/wp-content\/uploads\/2025\/06\/EVA-2-1030x237.jpg 1030w, https:\/\/kylkirauta.fi\/wp-content\/uploads\/2025\/06\/EVA-2-300x69.jpg 300w, https:\/\/kylkirauta.fi\/wp-content\/uploads\/2025\/06\/EVA-2-768x176.jpg 768w, https:\/\/kylkirauta.fi\/wp-content\/uploads\/2025\/06\/EVA-2-705x162.jpg 705w, https:\/\/kylkirauta.fi\/wp-content\/uploads\/2025\/06\/EVA-2.jpg 1472w\" sizes=\"auto, (max-width: 1030px) 100vw, 1030px\" \/><p id=\"caption-attachment-8180\" class=\"wp-caption-text\">Kuviot: Kysymys Ukrainan tuen riitt\u00e4vyydest\u00e4 EVA:n tutkimuksessa (%). L\u00e4hde EVA.<\/p><\/div>\n<p>EVA on tutkimuksessaan k\u00e4ytt\u00e4nyt perinteisesti vastaajan poliittista kantaa taustamuuttujana, jonka mukaan tulokset eritell\u00e4\u00e4n. Ukrainan tukikysymyksess\u00e4 havaitaan puolueiden v\u00e4lill\u00e4 eroja. Keskustapuolueen (7 %) ja kristillisten kannattajien (4 %) joukossa on tuloksen mukaan v\u00e4hiten heit\u00e4, joiden mielest\u00e4 tukea ei ole annettu riitt\u00e4v\u00e4sti. Toisin p\u00e4in tarkastellen t\u00e4m\u00e4 n\u00e4ytt\u00e4\u00e4 silt\u00e4, ett\u00e4 tukea on annettu riitt\u00e4v\u00e4sti. Voisiko t\u00e4m\u00e4 tarkoittaa sit\u00e4, ett\u00e4 tuen antaminen riitt\u00e4\u00e4 jo, eik\u00e4 lis\u00e4\u00e4 tarvita?<\/p>\n<p>Toisaalta kuviossa kiinnitt\u00e4\u00e4 huomiota se, ett\u00e4 RKP:n, vasemmistoliiton ja vihreiden kannattajien joukossa \u201dvaikea sanoa\u201d-vastausten osuus on suuri, eli asiaan on vaikea ottaa kantaa.<\/p>\n<p>Kysymys on vaikeatulkintainen mahdollisesti siksi, ett\u00e4 vastaajalle v\u00e4itet\u00e4\u00e4n Ven\u00e4j\u00e4n olleen hy\u00f6kk\u00e4\u00e4j\u00e4. Mahdollisesti vastaaja pit\u00e4\u00e4 t\u00e4t\u00e4 v\u00e4\u00e4r\u00e4n\u00e4 eik\u00e4 siksi ota kantaa varsinaiseen kysyttyyn asiaan. Suomalaisissakin saattaa saada tukea ajatus siit\u00e4, ett\u00e4 Ven\u00e4j\u00e4 on joutunut hy\u00f6kk\u00e4\u00e4m\u00e4\u00e4n, koska Ukraina on ajanut asiat sellaiseen tilanteeseen.<\/p>\n<p>EVA:n teett\u00e4m\u00e4ss\u00e4 vastaavassa tutkimuksessa kaksi vuotta sitten Ukrainan tukemista koskevat tulos oli l\u00e4hes sama, 61 prosenttia tutkituista piti tuen m\u00e4\u00e4r\u00e4\u00e4 riitt\u00e4v\u00e4n\u00e4.<\/p>\n<p><strong><em>EU:n Eurobarometri-tutkimus<\/em><\/strong><\/p>\n<p>Euroopan Unionin komissio teett\u00e4\u00e4 laajan j\u00e4senmaiden kansalaisia koskevan mielipidetutkimuksen kaksi kertaa vuodessa. Eurobarometri 103 -raportti on ilmestynyt toukokuun lopussa 2025.<\/p>\n<p>Osa tutkimuksen kysymyksist\u00e4 kattoi puolustukseen ja turvallisuuteen liittyvi\u00e4 asioita. T\u00e4m\u00e4 k\u00e4yt\u00e4nt\u00f6 aloitettiin Ven\u00e4j\u00e4n aloitettua laajan maahy\u00f6kk\u00e4yksen Ukrainaan 2022.<\/p>\n<p><div id=\"attachment_8181\" style=\"width: 1040px\" class=\"wp-caption aligncenter\"><img loading=\"lazy\" decoding=\"async\" aria-describedby=\"caption-attachment-8181\" class=\"wp-image-8181 size-large\" src=\"https:\/\/kylkirauta.fi\/wp-content\/uploads\/2025\/06\/KUVA-1-NIKOLAI-1030x524.jpg\" alt=\"\" width=\"1030\" height=\"524\" srcset=\"https:\/\/kylkirauta.fi\/wp-content\/uploads\/2025\/06\/KUVA-1-NIKOLAI-1030x524.jpg 1030w, https:\/\/kylkirauta.fi\/wp-content\/uploads\/2025\/06\/KUVA-1-NIKOLAI-300x153.jpg 300w, https:\/\/kylkirauta.fi\/wp-content\/uploads\/2025\/06\/KUVA-1-NIKOLAI-768x391.jpg 768w, https:\/\/kylkirauta.fi\/wp-content\/uploads\/2025\/06\/KUVA-1-NIKOLAI-705x359.jpg 705w, https:\/\/kylkirauta.fi\/wp-content\/uploads\/2025\/06\/KUVA-1-NIKOLAI.jpg 1330w\" sizes=\"auto, (max-width: 1030px) 100vw, 1030px\" \/><p id=\"caption-attachment-8181\" class=\"wp-caption-text\">Kuvio: Kansalaisten tyytyv\u00e4isyys oman maansa toimintaan Ven\u00e4j\u00e4n hy\u00f6kk\u00e4yst\u00e4 vastaan (%). L\u00e4hde Eurobarometri 103.<\/p><\/div>\n<\/div>\n<p>Kuviosta n\u00e4hd\u00e4\u00e4n, ett\u00e4 tyytyv\u00e4isimpi\u00e4 ovat suomalaiset vastaajat, eritt\u00e4in ja jokseenkin tyytyv\u00e4isi\u00e4 on 87 prosenttia. L\u00e4helle suomalaisia tulevat tanskalaiset ja ruotsalaiset.<\/p>\n<p>Kuvion esittelemien jakaumien toisessa laidassa on Kreikka, jossa tyytyv\u00e4isyyden taso n\u00e4ytt\u00e4\u00e4 pienelt\u00e4. Tulkinta t\u00e4lle voikin olla se, ett\u00e4 sodan ei arvioida olevan omalle maalle t\u00e4rke\u00e4, vaan t\u00e4rkeit\u00e4 ovat muut ongelmat.<\/p>\n<p>Toisaalla raportissa ilmenee, ett\u00e4 EU-maista kahdeksassatoista maan suurimmaksi ongelmaksi mainitaan kohoavat hinnat, inflaatio ja asumisen kustannukset. Esimerkiksi kreikkalaisista vastaajista 49 prosenttia vastasi n\u00e4in, Bulgariassa osuus oli 47 prosenttia, Unkarissa 46 prosenttia ja Kroatiassa jopa 54. Vastaajat saivat valita kaksi ongelmakohtaa.<\/p>\n<p>Yleistys Kaakkois-Euroopan maista voisi olla se, ett\u00e4 kansalaiset toivovat hoidettavaksi ongelmia, joita esimerkiksi pohjoisen Euroopan maissa hoidetaan niin sanotun hyvinvointivaltion mallin mukaisesti.<\/p>\n<div id=\"attachment_8182\" style=\"width: 1040px\" class=\"wp-caption aligncenter\"><img loading=\"lazy\" decoding=\"async\" aria-describedby=\"caption-attachment-8182\" class=\"wp-image-8182 size-large\" src=\"https:\/\/kylkirauta.fi\/wp-content\/uploads\/2025\/06\/KUVA-2-NIKOLAI-1030x577.jpg\" alt=\"\" width=\"1030\" height=\"577\" srcset=\"https:\/\/kylkirauta.fi\/wp-content\/uploads\/2025\/06\/KUVA-2-NIKOLAI-1030x577.jpg 1030w, https:\/\/kylkirauta.fi\/wp-content\/uploads\/2025\/06\/KUVA-2-NIKOLAI-300x168.jpg 300w, https:\/\/kylkirauta.fi\/wp-content\/uploads\/2025\/06\/KUVA-2-NIKOLAI-768x430.jpg 768w, https:\/\/kylkirauta.fi\/wp-content\/uploads\/2025\/06\/KUVA-2-NIKOLAI-705x395.jpg 705w, https:\/\/kylkirauta.fi\/wp-content\/uploads\/2025\/06\/KUVA-2-NIKOLAI.jpg 1370w\" sizes=\"auto, (max-width: 1030px) 100vw, 1030px\" \/><p id=\"caption-attachment-8182\" class=\"wp-caption-text\">Kuvio: EU-maiden suurimmiksi koetut ongelmat (%). L\u00e4hde Eurobarometri 103.<\/p><\/div>\n<p><strong><em>Toiveena yhteinen puolustus?<\/em><\/strong><\/p>\n<p>Toisaalta 16 EU-maassa mainittiin EU:n suurimmaksi ongelmaksi Ven\u00e4j\u00e4n hy\u00f6kk\u00e4ys Ukrainaan. Kansalaisten ajattelua kuvannee se, ett\u00e4 maanpuolustus ja turvallisuus t\u00e4ss\u00e4 tilanteessa on ik\u00e4\u00e4n kuin ulkoistettu EU:n hoidettavaksi.<\/p>\n<p>Raportin mukaan kansalaiset toivovatkin useimmiten (43 %) EU:n budjettia k\u00e4ytett\u00e4v\u00e4n puolustukseen ja turvallisuuteen. T\u00e4ss\u00e4 on kahdeksan prosenttiyksikk\u00f6\u00e4 kasvua verrattuna edelliseen syksyn 2024 tutkimukseen. Toiseksi useimmiten rahank\u00e4ytt\u00f6toiveita kohdistetaan ty\u00f6llisyyden, sosiaalisen tuen ja terveydenhoidon lis\u00e4\u00e4miseen.<\/p>\n<p>Yleisen\u00e4 poliittisena toivomuksena on raportin mukaan se, ett\u00e4 Euroopan Unionilla olisi yhteinen puolustus- ja turvallisuuspolitiikka. Vastaajista keskim\u00e4\u00e4rin 81 prosenttia on t\u00e4t\u00e4 mielt\u00e4. T\u00e4m\u00e4 koskee my\u00f6s niit\u00e4 maita, jotka ovat Naton j\u00e4seni\u00e4. V\u00e4hiten yhteisen puolustuspolitiikan kannattajia (68 %) on It\u00e4vallassa, joka ei ole Nato-maa. Toive yhteisest\u00e4 puolustuksesta on havaittu my\u00f6s EVA:n tutkimuksissa.<\/p>\n<p>Tutkimuksen yleistulosta kuvaa se, ett\u00e4 luottamus unioniin on suurimmillaan 18 vuoteen.<\/p>\n<p>Eurobarometrin mukaan EU-maiden kansalaisista 60 prosenttia my\u00f6nt\u00e4isi Ukrainalle EU-j\u00e4senyyden ehdokasmaan statuksen. Tutkituista suomalaisista n\u00e4in vastasi 75 prosenttia. T\u00e4m\u00e4 osuus on jopa suurempi kuin EVA:n tutkimuksessa, jossa j\u00e4senyytt\u00e4 kannatti 61 prosenttia.<\/p>\n<p><em>Majuri res, ST<br \/>\nr.sinkko@kolumbus.fi<\/em><\/p>\n<p style=\"text-align: center;\">***<\/p>\n<p><strong><em>L\u00e4hteet:<\/em><\/strong><\/p>\n<p><strong>EVA:n tutkimus<\/strong><\/p>\n<p><em>Tiedot on ker\u00e4tty 12.3.-24.3.2025. Vastaajat edustavat koko maan 18\u201379-vuotiasta v\u00e4est\u00f6\u00e4 (pl. Ahvenanmaa). Aineisto on ker\u00e4tty Taloustutkimus Oy:n internetpaneelissa. Tulokset perustuvat 2 070 henkil\u00f6n antamiin vastauksiin.<\/em><\/p>\n<p><em><a href=\"https:\/\/www.eva.fi\/blog\/2025\/05\/20\/suomalaiset-eivat-sulata-ukrainan-tulitaukoa-hinnalla-milla-hyvansa-ehtona-vedenpitavat-turvatakuut\/\" target=\"_blank\" rel=\"noopener\">Suomalaiset eiv\u00e4t sulata Ukrainan tulitaukoa hinnalla mill\u00e4 hyv\u00e4ns\u00e4 \u2013 ehtona vedenpit\u00e4v\u00e4t turvatakuut &#8211; (linkki)<\/a><\/em><\/p>\n<p><em><strong>Eurobarometri 103<\/strong><\/em><\/p>\n<p><em>Eurobarometri 103 (kev\u00e4t 2025) on toteutettu 26.\u00a0maaliskuuta \u2013 22.\u00a0huhtikuuta 2025 kaikissa EU:n 27 j\u00e4senmaassa. Sit\u00e4 varten haastateltiin 26\u00a0368:aa EU-kansalaista kasvokkain. Haastatteluja tehtiin my\u00f6s yhdeks\u00e4ss\u00e4 ehdokasmaassa. Yht\u00e4 laajana tutkimus tehd\u00e4\u00e4n kahdesti vuodessa, toinen kerta syksyll\u00e4. Suurin osa barometrista koskee muita EU-asioita kuin puolustusta, jota t\u00e4ss\u00e4 on k\u00e4sitelty.<\/em><\/p>\n<p><em><a href=\"https:\/\/europa.eu\/eurobarometer\/surveys\/detail\/3372\" target=\"_blank\" rel=\"noopener\">Standard Eurobarometer 103 &#8211; Spring 2025 &#8211; toukokuu 2025 &#8211; &#8211; Eurobarometer survey (linkki)<\/a><\/em><\/p>\n<p><em>Artikkelikuva Kuva\u00a0Du\u0161an Cvetanovi\u0107 Pixabayst\u00e4.<\/em><\/p>\n<\/div><\/section><\/p><\/div><div  class='hr av-6zsyz-b471ba5482e75b0a604afa4166a853a5 hr-default  avia-builder-el-4  el_after_av_one_full  el_before_av_blog '><span class='hr-inner '><span class=\"hr-inner-style\"><\/span><\/span><\/div><\/p>\n<div  class='av-alb-blogposts template-blog  '  itemscope=\"itemscope\" itemtype=\"https:\/\/schema.org\/Blog\" ><article class=\"post-entry post-entry-type-standard post-entry-8921 post-loop-1 post-parity-odd bloglist-simple with-slider post-8921 post type-post status-publish format-standard has-post-thumbnail hentry category-artikkeli category-artikkeli-2026\"  itemscope=\"itemscope\" itemtype=\"https:\/\/schema.org\/BlogPosting\" ><div class=\"blog-meta\"><\/div><div class='entry-content-wrapper clearfix standard-content'><header class=\"entry-content-header\"><h2 class='post-title entry-title '  itemprop=\"headline\" ><a href=\"https:\/\/kylkirauta.fi\/index.php\/2026\/04\/20\/kaaderilaulajien-julkaisutoiminta\/\" rel=\"bookmark\" title=\"Permanent Link: Kaaderilaulajien julkaisutoiminta\">Kaaderilaulajien julkaisutoiminta<span class=\"post-format-icon minor-meta\"><\/span><\/a><\/h2><span class=\"post-meta-infos\"><time class=\"date-container minor-meta updated\"  itemprop=\"datePublished\" datetime=\"2026-04-20T15:45:24+03:00\" >20.4.2026<\/time><span class=\"text-sep\">\/<\/span><span class=\"blog-categories minor-meta\">in <a href=\"https:\/\/kylkirauta.fi\/index.php\/category\/artikkeli\/\" rel=\"tag\">Artikkeli<\/a>, <a href=\"https:\/\/kylkirauta.fi\/index.php\/category\/artikkeli-2026\/\" rel=\"tag\">Artikkeli 2026<\/a><\/span><span class=\"text-sep\">\/<\/span><span class=\"blog-author minor-meta\">by <span class=\"entry-author-link\"  itemprop=\"author\" ><span class=\"author\"><span class=\"fn\"><a href=\"https:\/\/kylkirauta.fi\/index.php\/author\/karisain\/\" title=\"Kirjoittanut: Kari Sainio\" rel=\"author\">Kari Sainio<\/a><\/span><\/span><\/span><\/span><div class=\"read-more-link\"><a href=\"https:\/\/kylkirauta.fi\/index.php\/2026\/04\/20\/kaaderilaulajien-julkaisutoiminta\/\" class=\"more-link\">Read more<span class=\"more-link-arrow\"><\/span><\/a><\/div><\/span><\/header><footer class=\"entry-footer\"><\/footer><div class='post_delimiter'><\/div><\/div><div class=\"post_author_timeline\"><\/div><span class='hidden'>\n\t\t\t\t<span class='av-structured-data'  itemprop=\"image\" itemscope=\"itemscope\" itemtype=\"https:\/\/schema.org\/ImageObject\" >\n\t\t\t\t\t\t<span itemprop='url'>https:\/\/kylkirauta.fi\/wp-content\/uploads\/2026\/04\/Artikkeli-4-2026-2.jpg<\/span>\n\t\t\t\t\t\t<span itemprop='height'>487<\/span>\n\t\t\t\t\t\t<span itemprop='width'>843<\/span>\n\t\t\t\t<\/span>\n\t\t\t\t<span class='av-structured-data'  itemprop=\"publisher\" itemtype=\"https:\/\/schema.org\/Organization\" itemscope=\"itemscope\" >\n\t\t\t\t\t\t<span itemprop='name'>Kari Sainio<\/span>\n\t\t\t\t\t\t<span itemprop='logo' itemscope itemtype='https:\/\/schema.org\/ImageObject'>\n\t\t\t\t\t\t\t<span itemprop='url'>https:\/\/kylkirauta.fi\/wp-content\/uploads\/2020\/02\/kkunta_weblogo-100x100-1.png<\/span>\n\t\t\t\t\t\t<\/span>\n\t\t\t\t<\/span><span class='av-structured-data'  itemprop=\"author\" itemscope=\"itemscope\" itemtype=\"https:\/\/schema.org\/Person\" ><span itemprop='name'>Kari Sainio<\/span><\/span><span class='av-structured-data'  itemprop=\"datePublished\" datetime=\"2026-04-20T15:45:24+03:00\" >2026-04-20 15:45:24<\/span><span class='av-structured-data'  itemprop=\"dateModified\" itemtype=\"https:\/\/schema.org\/dateModified\" >2026-04-20 15:45:24<\/span><span class='av-structured-data'  itemprop=\"mainEntityOfPage\" itemtype=\"https:\/\/schema.org\/mainEntityOfPage\" ><span itemprop='name'>Kaaderilaulajien julkaisutoiminta<\/span><\/span><\/span><\/article><article class=\"post-entry post-entry-type-standard post-entry-8884 post-loop-2 post-parity-even bloglist-simple with-slider post-8884 post type-post status-publish format-standard has-post-thumbnail hentry category-artikkeli category-artikkeli-2026\"  itemscope=\"itemscope\" itemtype=\"https:\/\/schema.org\/BlogPosting\" ><div class=\"blog-meta\"><\/div><div class='entry-content-wrapper clearfix standard-content'><header class=\"entry-content-header\"><h2 class='post-title entry-title '  itemprop=\"headline\" ><a href=\"https:\/\/kylkirauta.fi\/index.php\/2026\/03\/27\/kaaderilaulajien-ukraina-tukikonsertit\/\" rel=\"bookmark\" title=\"Permanent Link: Kaaderilaulajien Ukraina-tukikonsertit\">Kaaderilaulajien Ukraina-tukikonsertit<span class=\"post-format-icon minor-meta\"><\/span><\/a><\/h2><span class=\"post-meta-infos\"><time class=\"date-container minor-meta updated\"  itemprop=\"datePublished\" datetime=\"2026-03-27T12:30:38+02:00\" >27.3.2026<\/time><span class=\"text-sep\">\/<\/span><span class=\"blog-categories minor-meta\">in <a href=\"https:\/\/kylkirauta.fi\/index.php\/category\/artikkeli\/\" rel=\"tag\">Artikkeli<\/a>, <a href=\"https:\/\/kylkirauta.fi\/index.php\/category\/artikkeli-2026\/\" rel=\"tag\">Artikkeli 2026<\/a><\/span><span class=\"text-sep\">\/<\/span><span class=\"blog-author minor-meta\">by <span class=\"entry-author-link\"  itemprop=\"author\" ><span class=\"author\"><span class=\"fn\"><a href=\"https:\/\/kylkirauta.fi\/index.php\/author\/karisain\/\" title=\"Kirjoittanut: Kari Sainio\" rel=\"author\">Kari Sainio<\/a><\/span><\/span><\/span><\/span><div class=\"read-more-link\"><a href=\"https:\/\/kylkirauta.fi\/index.php\/2026\/03\/27\/kaaderilaulajien-ukraina-tukikonsertit\/\" class=\"more-link\">Read more<span class=\"more-link-arrow\"><\/span><\/a><\/div><\/span><\/header><footer class=\"entry-footer\"><\/footer><div class='post_delimiter'><\/div><\/div><div class=\"post_author_timeline\"><\/div><span class='hidden'>\n\t\t\t\t<span class='av-structured-data'  itemprop=\"image\" itemscope=\"itemscope\" itemtype=\"https:\/\/schema.org\/ImageObject\" >\n\t\t\t\t\t\t<span itemprop='url'>https:\/\/kylkirauta.fi\/wp-content\/uploads\/2026\/03\/3-2026-artikkeli.jpg<\/span>\n\t\t\t\t\t\t<span itemprop='height'>487<\/span>\n\t\t\t\t\t\t<span itemprop='width'>843<\/span>\n\t\t\t\t<\/span>\n\t\t\t\t<span class='av-structured-data'  itemprop=\"publisher\" itemtype=\"https:\/\/schema.org\/Organization\" itemscope=\"itemscope\" >\n\t\t\t\t\t\t<span itemprop='name'>Kari Sainio<\/span>\n\t\t\t\t\t\t<span itemprop='logo' itemscope itemtype='https:\/\/schema.org\/ImageObject'>\n\t\t\t\t\t\t\t<span itemprop='url'>https:\/\/kylkirauta.fi\/wp-content\/uploads\/2020\/02\/kkunta_weblogo-100x100-1.png<\/span>\n\t\t\t\t\t\t<\/span>\n\t\t\t\t<\/span><span class='av-structured-data'  itemprop=\"author\" itemscope=\"itemscope\" itemtype=\"https:\/\/schema.org\/Person\" ><span itemprop='name'>Kari Sainio<\/span><\/span><span class='av-structured-data'  itemprop=\"datePublished\" datetime=\"2026-03-27T12:30:38+02:00\" >2026-03-27 12:30:38<\/span><span class='av-structured-data'  itemprop=\"dateModified\" itemtype=\"https:\/\/schema.org\/dateModified\" >2026-03-27 12:30:38<\/span><span class='av-structured-data'  itemprop=\"mainEntityOfPage\" itemtype=\"https:\/\/schema.org\/mainEntityOfPage\" ><span itemprop='name'>Kaaderilaulajien Ukraina-tukikonsertit<\/span><\/span><\/span><\/article><article class=\"post-entry post-entry-type-standard post-entry-8786 post-loop-3 post-parity-odd bloglist-simple with-slider post-8786 post type-post status-publish format-standard has-post-thumbnail hentry category-artikkeli category-artikkeli-2026\"  itemscope=\"itemscope\" itemtype=\"https:\/\/schema.org\/BlogPosting\" ><div class=\"blog-meta\"><\/div><div class='entry-content-wrapper clearfix standard-content'><header class=\"entry-content-header\"><h2 class='post-title entry-title '  itemprop=\"headline\" ><a href=\"https:\/\/kylkirauta.fi\/index.php\/2026\/02\/23\/risto-sinkko-eu-kansalaisten-nakemyksia-turvallisuudesta-ja-puolustuksesta\/\" rel=\"bookmark\" title=\"Permanent Link: Risto Sinkko: EU-kansalaisten n\u00e4kemyksi\u00e4 turvallisuudesta ja puolustuksesta\">Risto Sinkko: EU-kansalaisten n\u00e4kemyksi\u00e4 turvallisuudesta ja puolustuksesta<span class=\"post-format-icon minor-meta\"><\/span><\/a><\/h2><span class=\"post-meta-infos\"><time class=\"date-container minor-meta updated\"  itemprop=\"datePublished\" datetime=\"2026-02-23T17:08:33+02:00\" >23.2.2026<\/time><span class=\"text-sep\">\/<\/span><span class=\"blog-categories minor-meta\">in <a href=\"https:\/\/kylkirauta.fi\/index.php\/category\/artikkeli\/\" rel=\"tag\">Artikkeli<\/a>, <a href=\"https:\/\/kylkirauta.fi\/index.php\/category\/artikkeli-2026\/\" rel=\"tag\">Artikkeli 2026<\/a><\/span><span class=\"text-sep\">\/<\/span><span class=\"blog-author minor-meta\">by <span class=\"entry-author-link\"  itemprop=\"author\" ><span class=\"author\"><span class=\"fn\"><a href=\"https:\/\/kylkirauta.fi\/index.php\/author\/karisain\/\" title=\"Kirjoittanut: Kari Sainio\" rel=\"author\">Kari Sainio<\/a><\/span><\/span><\/span><\/span><div class=\"read-more-link\"><a href=\"https:\/\/kylkirauta.fi\/index.php\/2026\/02\/23\/risto-sinkko-eu-kansalaisten-nakemyksia-turvallisuudesta-ja-puolustuksesta\/\" class=\"more-link\">Read more<span class=\"more-link-arrow\"><\/span><\/a><\/div><\/span><\/header><footer class=\"entry-footer\"><\/footer><div class='post_delimiter'><\/div><\/div><div class=\"post_author_timeline\"><\/div><span class='hidden'>\n\t\t\t\t<span class='av-structured-data'  itemprop=\"image\" itemscope=\"itemscope\" itemtype=\"https:\/\/schema.org\/ImageObject\" >\n\t\t\t\t\t\t<span itemprop='url'>https:\/\/kylkirauta.fi\/wp-content\/uploads\/2026\/02\/Artikkeli-MSC-artikkeli.jpg<\/span>\n\t\t\t\t\t\t<span itemprop='height'>487<\/span>\n\t\t\t\t\t\t<span itemprop='width'>843<\/span>\n\t\t\t\t<\/span>\n\t\t\t\t<span class='av-structured-data'  itemprop=\"publisher\" itemtype=\"https:\/\/schema.org\/Organization\" itemscope=\"itemscope\" >\n\t\t\t\t\t\t<span itemprop='name'>Kari Sainio<\/span>\n\t\t\t\t\t\t<span itemprop='logo' itemscope itemtype='https:\/\/schema.org\/ImageObject'>\n\t\t\t\t\t\t\t<span itemprop='url'>https:\/\/kylkirauta.fi\/wp-content\/uploads\/2020\/02\/kkunta_weblogo-100x100-1.png<\/span>\n\t\t\t\t\t\t<\/span>\n\t\t\t\t<\/span><span class='av-structured-data'  itemprop=\"author\" itemscope=\"itemscope\" itemtype=\"https:\/\/schema.org\/Person\" ><span itemprop='name'>Kari Sainio<\/span><\/span><span class='av-structured-data'  itemprop=\"datePublished\" datetime=\"2026-02-23T17:08:33+02:00\" >2026-02-23 17:08:33<\/span><span class='av-structured-data'  itemprop=\"dateModified\" itemtype=\"https:\/\/schema.org\/dateModified\" >2026-02-23 17:29:54<\/span><span class='av-structured-data'  itemprop=\"mainEntityOfPage\" itemtype=\"https:\/\/schema.org\/mainEntityOfPage\" ><span itemprop='name'>Risto Sinkko: EU-kansalaisten n\u00e4kemyksi\u00e4 turvallisuudesta ja puolustuksesta<\/span><\/span><\/span><\/article><article class=\"post-entry post-entry-type-standard post-entry-8765 post-loop-4 post-parity-even bloglist-simple with-slider post-8765 post type-post status-publish format-standard has-post-thumbnail hentry category-artikkeli category-artikkeli-2026\"  itemscope=\"itemscope\" itemtype=\"https:\/\/schema.org\/BlogPosting\" ><div class=\"blog-meta\"><\/div><div class='entry-content-wrapper clearfix standard-content'><header class=\"entry-content-header\"><h2 class='post-title entry-title '  itemprop=\"headline\" ><a href=\"https:\/\/kylkirauta.fi\/index.php\/2026\/02\/15\/kaaderilaulajat-suomen-pojat-suomen-vapauden-ja-viron-kunnian-puolesta\/\" rel=\"bookmark\" title=\"Permanent Link: Kaaderilaulajat: Suomen pojat &#8211; Suomen vapauden ja Viron kunnian puolesta\">Kaaderilaulajat: Suomen pojat &#8211; Suomen vapauden ja Viron kunnian puolesta<span class=\"post-format-icon minor-meta\"><\/span><\/a><\/h2><span class=\"post-meta-infos\"><time class=\"date-container minor-meta updated\"  itemprop=\"datePublished\" datetime=\"2026-02-15T15:44:11+02:00\" >15.2.2026<\/time><span class=\"text-sep\">\/<\/span><span class=\"blog-categories minor-meta\">in <a href=\"https:\/\/kylkirauta.fi\/index.php\/category\/artikkeli\/\" rel=\"tag\">Artikkeli<\/a>, <a href=\"https:\/\/kylkirauta.fi\/index.php\/category\/artikkeli-2026\/\" rel=\"tag\">Artikkeli 2026<\/a><\/span><span class=\"text-sep\">\/<\/span><span class=\"blog-author minor-meta\">by <span class=\"entry-author-link\"  itemprop=\"author\" ><span class=\"author\"><span class=\"fn\"><a href=\"https:\/\/kylkirauta.fi\/index.php\/author\/karisain\/\" title=\"Kirjoittanut: Kari Sainio\" rel=\"author\">Kari Sainio<\/a><\/span><\/span><\/span><\/span><div class=\"read-more-link\"><a href=\"https:\/\/kylkirauta.fi\/index.php\/2026\/02\/15\/kaaderilaulajat-suomen-pojat-suomen-vapauden-ja-viron-kunnian-puolesta\/\" class=\"more-link\">Read more<span class=\"more-link-arrow\"><\/span><\/a><\/div><\/span><\/header><footer class=\"entry-footer\"><\/footer><div class='post_delimiter'><\/div><\/div><div class=\"post_author_timeline\"><\/div><span class='hidden'>\n\t\t\t\t<span class='av-structured-data'  itemprop=\"image\" itemscope=\"itemscope\" itemtype=\"https:\/\/schema.org\/ImageObject\" >\n\t\t\t\t\t\t<span itemprop='url'>https:\/\/kylkirauta.fi\/wp-content\/uploads\/2026\/02\/Kuva-3-1-2026-artikkeli.jpg<\/span>\n\t\t\t\t\t\t<span itemprop='height'>487<\/span>\n\t\t\t\t\t\t<span itemprop='width'>843<\/span>\n\t\t\t\t<\/span>\n\t\t\t\t<span class='av-structured-data'  itemprop=\"publisher\" itemtype=\"https:\/\/schema.org\/Organization\" itemscope=\"itemscope\" >\n\t\t\t\t\t\t<span itemprop='name'>Kari Sainio<\/span>\n\t\t\t\t\t\t<span itemprop='logo' itemscope itemtype='https:\/\/schema.org\/ImageObject'>\n\t\t\t\t\t\t\t<span itemprop='url'>https:\/\/kylkirauta.fi\/wp-content\/uploads\/2020\/02\/kkunta_weblogo-100x100-1.png<\/span>\n\t\t\t\t\t\t<\/span>\n\t\t\t\t<\/span><span class='av-structured-data'  itemprop=\"author\" itemscope=\"itemscope\" itemtype=\"https:\/\/schema.org\/Person\" ><span itemprop='name'>Kari Sainio<\/span><\/span><span class='av-structured-data'  itemprop=\"datePublished\" datetime=\"2026-02-15T15:44:11+02:00\" >2026-02-15 15:44:11<\/span><span class='av-structured-data'  itemprop=\"dateModified\" itemtype=\"https:\/\/schema.org\/dateModified\" >2026-02-15 15:49:07<\/span><span class='av-structured-data'  itemprop=\"mainEntityOfPage\" itemtype=\"https:\/\/schema.org\/mainEntityOfPage\" ><span itemprop='name'>Kaaderilaulajat: Suomen pojat &#8211; Suomen vapauden ja Viron kunnian puolesta<\/span><\/span><\/span><\/article><article class=\"post-entry post-entry-type-standard post-entry-8754 post-loop-5 post-parity-odd post-entry-last bloglist-simple with-slider post-8754 post type-post status-publish format-standard has-post-thumbnail hentry category-artikkeli category-artikkeli-2026\"  itemscope=\"itemscope\" itemtype=\"https:\/\/schema.org\/BlogPosting\" ><div class=\"blog-meta\"><\/div><div class='entry-content-wrapper clearfix standard-content'><header class=\"entry-content-header\"><h2 class='post-title entry-title '  itemprop=\"headline\" ><a href=\"https:\/\/kylkirauta.fi\/index.php\/2026\/01\/21\/kaaderilaulajista-kajahtaa\/\" rel=\"bookmark\" title=\"Permanent Link: Kaaderilaulajista kajahtaa\">Kaaderilaulajista kajahtaa<span class=\"post-format-icon minor-meta\"><\/span><\/a><\/h2><span class=\"post-meta-infos\"><time class=\"date-container minor-meta updated\"  itemprop=\"datePublished\" datetime=\"2026-01-21T18:17:28+02:00\" >21.1.2026<\/time><span class=\"text-sep\">\/<\/span><span class=\"blog-categories minor-meta\">in <a href=\"https:\/\/kylkirauta.fi\/index.php\/category\/artikkeli\/\" rel=\"tag\">Artikkeli<\/a>, <a href=\"https:\/\/kylkirauta.fi\/index.php\/category\/artikkeli-2026\/\" rel=\"tag\">Artikkeli 2026<\/a><\/span><span class=\"text-sep\">\/<\/span><span class=\"blog-author minor-meta\">by <span class=\"entry-author-link\"  itemprop=\"author\" ><span class=\"author\"><span class=\"fn\"><a href=\"https:\/\/kylkirauta.fi\/index.php\/author\/karisain\/\" title=\"Kirjoittanut: Kari Sainio\" rel=\"author\">Kari Sainio<\/a><\/span><\/span><\/span><\/span><div class=\"read-more-link\"><a href=\"https:\/\/kylkirauta.fi\/index.php\/2026\/01\/21\/kaaderilaulajista-kajahtaa\/\" class=\"more-link\">Read more<span class=\"more-link-arrow\"><\/span><\/a><\/div><\/span><\/header><footer class=\"entry-footer\"><\/footer><div class='post_delimiter'><\/div><\/div><div class=\"post_author_timeline\"><\/div><span class='hidden'>\n\t\t\t\t<span class='av-structured-data'  itemprop=\"image\" itemscope=\"itemscope\" itemtype=\"https:\/\/schema.org\/ImageObject\" >\n\t\t\t\t\t\t<span itemprop='url'>https:\/\/kylkirauta.fi\/wp-content\/uploads\/2026\/01\/Artikkeli-1-2026.jpg<\/span>\n\t\t\t\t\t\t<span itemprop='height'>487<\/span>\n\t\t\t\t\t\t<span itemprop='width'>843<\/span>\n\t\t\t\t<\/span>\n\t\t\t\t<span class='av-structured-data'  itemprop=\"publisher\" itemtype=\"https:\/\/schema.org\/Organization\" itemscope=\"itemscope\" >\n\t\t\t\t\t\t<span itemprop='name'>Kari Sainio<\/span>\n\t\t\t\t\t\t<span itemprop='logo' itemscope itemtype='https:\/\/schema.org\/ImageObject'>\n\t\t\t\t\t\t\t<span itemprop='url'>https:\/\/kylkirauta.fi\/wp-content\/uploads\/2020\/02\/kkunta_weblogo-100x100-1.png<\/span>\n\t\t\t\t\t\t<\/span>\n\t\t\t\t<\/span><span class='av-structured-data'  itemprop=\"author\" itemscope=\"itemscope\" itemtype=\"https:\/\/schema.org\/Person\" ><span itemprop='name'>Kari Sainio<\/span><\/span><span class='av-structured-data'  itemprop=\"datePublished\" datetime=\"2026-01-21T18:17:28+02:00\" >2026-01-21 18:17:28<\/span><span class='av-structured-data'  itemprop=\"dateModified\" itemtype=\"https:\/\/schema.org\/dateModified\" >2026-01-21 18:17:28<\/span><span class='av-structured-data'  itemprop=\"mainEntityOfPage\" itemtype=\"https:\/\/schema.org\/mainEntityOfPage\" ><span itemprop='name'>Kaaderilaulajista kajahtaa<\/span><\/span><\/span><\/article><div class='bloglist-simple'><nav class='pagination'><span class='pagination-meta'>Page 1 of 35<\/span><span class='current'>1<\/span><a href='https:\/\/kylkirauta.fi\/index.php\/wp-json\/wp\/v2\/posts\/8175\/page\/2\/' class='inactive next_page' >2<\/a><a href='https:\/\/kylkirauta.fi\/index.php\/wp-json\/wp\/v2\/posts\/8175\/page\/3\/' class='inactive' >3<\/a><a href='https:\/\/kylkirauta.fi\/index.php\/wp-json\/wp\/v2\/posts\/8175\/page\/2\/'>&rsaquo;<\/a><a href='https:\/\/kylkirauta.fi\/index.php\/wp-json\/wp\/v2\/posts\/8175\/page\/35\/'>&raquo;<\/a><\/nav>\n<\/div><\/div>\n","protected":false},"excerpt":{"rendered":"","protected":false},"author":3,"featured_media":8183,"comment_status":"closed","ping_status":"closed","sticky":false,"template":"","format":"standard","meta":{"footnotes":""},"categories":[4,121],"tags":[],"class_list":["post-8175","post","type-post","status-publish","format-standard","has-post-thumbnail","hentry","category-artikkeli","category-artikkeli-2025"],"yoast_head":"<!-- This site is optimized with the Yoast SEO plugin v27.5 - https:\/\/yoast.com\/product\/yoast-seo-wordpress\/ -->\n<title>Risto Sinkko: Eurooppalaisilta tukea Ukrainalle - Kylkirauta<\/title>\n<meta name=\"robots\" content=\"index, follow, max-snippet:-1, max-image-preview:large, max-video-preview:-1\" \/>\n<link rel=\"canonical\" href=\"https:\/\/kylkirauta.fi\/index.php\/2025\/06\/13\/risto-sinkko-eurooppalaisilta-tukea-ukrainalle\/\" \/>\n<meta property=\"og:locale\" content=\"fi_FI\" \/>\n<meta property=\"og:type\" content=\"article\" \/>\n<meta property=\"og:title\" content=\"Risto Sinkko: Eurooppalaisilta tukea Ukrainalle - Kylkirauta\" \/>\n<meta property=\"og:url\" content=\"https:\/\/kylkirauta.fi\/index.php\/2025\/06\/13\/risto-sinkko-eurooppalaisilta-tukea-ukrainalle\/\" \/>\n<meta property=\"og:site_name\" content=\"Kylkirauta\" \/>\n<meta property=\"article:published_time\" content=\"2025-06-13T09:58:47+00:00\" \/>\n<meta property=\"og:image\" content=\"https:\/\/kylkirauta.fi\/wp-content\/uploads\/2025\/06\/EU-Ukraina-artikkeli.jpg\" \/>\n\t<meta property=\"og:image:width\" content=\"843\" \/>\n\t<meta property=\"og:image:height\" content=\"487\" \/>\n\t<meta property=\"og:image:type\" content=\"image\/jpeg\" \/>\n<meta name=\"author\" content=\"Kari Sainio\" \/>\n<meta name=\"twitter:card\" content=\"summary_large_image\" \/>\n<meta name=\"twitter:label1\" content=\"Kirjoittanut\" \/>\n\t<meta name=\"twitter:data1\" content=\"Kari Sainio\" \/>\n\t<meta name=\"twitter:label2\" content=\"Arvioitu lukuaika\" \/>\n\t<meta name=\"twitter:data2\" content=\"7 minuuttia\" \/>\n<script type=\"application\/ld+json\" class=\"yoast-schema-graph\">{\"@context\":\"https:\\\/\\\/schema.org\",\"@graph\":[{\"@type\":\"Article\",\"@id\":\"https:\\\/\\\/kylkirauta.fi\\\/index.php\\\/2025\\\/06\\\/13\\\/risto-sinkko-eurooppalaisilta-tukea-ukrainalle\\\/#article\",\"isPartOf\":{\"@id\":\"https:\\\/\\\/kylkirauta.fi\\\/index.php\\\/2025\\\/06\\\/13\\\/risto-sinkko-eurooppalaisilta-tukea-ukrainalle\\\/\"},\"author\":{\"name\":\"Kari Sainio\",\"@id\":\"https:\\\/\\\/kylkirauta.fi\\\/#\\\/schema\\\/person\\\/714ab39a349c656b20d60a239be1d6f6\"},\"headline\":\"Risto Sinkko: Eurooppalaisilta tukea Ukrainalle\",\"datePublished\":\"2025-06-13T09:58:47+00:00\",\"mainEntityOfPage\":{\"@id\":\"https:\\\/\\\/kylkirauta.fi\\\/index.php\\\/2025\\\/06\\\/13\\\/risto-sinkko-eurooppalaisilta-tukea-ukrainalle\\\/\"},\"wordCount\":1323,\"image\":{\"@id\":\"https:\\\/\\\/kylkirauta.fi\\\/index.php\\\/2025\\\/06\\\/13\\\/risto-sinkko-eurooppalaisilta-tukea-ukrainalle\\\/#primaryimage\"},\"thumbnailUrl\":\"https:\\\/\\\/kylkirauta.fi\\\/wp-content\\\/uploads\\\/2025\\\/06\\\/EU-Ukraina-artikkeli.jpg\",\"articleSection\":[\"Artikkeli\",\"Artikkeli 2025\"],\"inLanguage\":\"fi\"},{\"@type\":\"WebPage\",\"@id\":\"https:\\\/\\\/kylkirauta.fi\\\/index.php\\\/2025\\\/06\\\/13\\\/risto-sinkko-eurooppalaisilta-tukea-ukrainalle\\\/\",\"url\":\"https:\\\/\\\/kylkirauta.fi\\\/index.php\\\/2025\\\/06\\\/13\\\/risto-sinkko-eurooppalaisilta-tukea-ukrainalle\\\/\",\"name\":\"Risto Sinkko: Eurooppalaisilta tukea Ukrainalle - Kylkirauta\",\"isPartOf\":{\"@id\":\"https:\\\/\\\/kylkirauta.fi\\\/#website\"},\"primaryImageOfPage\":{\"@id\":\"https:\\\/\\\/kylkirauta.fi\\\/index.php\\\/2025\\\/06\\\/13\\\/risto-sinkko-eurooppalaisilta-tukea-ukrainalle\\\/#primaryimage\"},\"image\":{\"@id\":\"https:\\\/\\\/kylkirauta.fi\\\/index.php\\\/2025\\\/06\\\/13\\\/risto-sinkko-eurooppalaisilta-tukea-ukrainalle\\\/#primaryimage\"},\"thumbnailUrl\":\"https:\\\/\\\/kylkirauta.fi\\\/wp-content\\\/uploads\\\/2025\\\/06\\\/EU-Ukraina-artikkeli.jpg\",\"datePublished\":\"2025-06-13T09:58:47+00:00\",\"author\":{\"@id\":\"https:\\\/\\\/kylkirauta.fi\\\/#\\\/schema\\\/person\\\/714ab39a349c656b20d60a239be1d6f6\"},\"breadcrumb\":{\"@id\":\"https:\\\/\\\/kylkirauta.fi\\\/index.php\\\/2025\\\/06\\\/13\\\/risto-sinkko-eurooppalaisilta-tukea-ukrainalle\\\/#breadcrumb\"},\"inLanguage\":\"fi\",\"potentialAction\":[{\"@type\":\"ReadAction\",\"target\":[\"https:\\\/\\\/kylkirauta.fi\\\/index.php\\\/2025\\\/06\\\/13\\\/risto-sinkko-eurooppalaisilta-tukea-ukrainalle\\\/\"]}]},{\"@type\":\"ImageObject\",\"inLanguage\":\"fi\",\"@id\":\"https:\\\/\\\/kylkirauta.fi\\\/index.php\\\/2025\\\/06\\\/13\\\/risto-sinkko-eurooppalaisilta-tukea-ukrainalle\\\/#primaryimage\",\"url\":\"https:\\\/\\\/kylkirauta.fi\\\/wp-content\\\/uploads\\\/2025\\\/06\\\/EU-Ukraina-artikkeli.jpg\",\"contentUrl\":\"https:\\\/\\\/kylkirauta.fi\\\/wp-content\\\/uploads\\\/2025\\\/06\\\/EU-Ukraina-artikkeli.jpg\",\"width\":843,\"height\":487},{\"@type\":\"BreadcrumbList\",\"@id\":\"https:\\\/\\\/kylkirauta.fi\\\/index.php\\\/2025\\\/06\\\/13\\\/risto-sinkko-eurooppalaisilta-tukea-ukrainalle\\\/#breadcrumb\",\"itemListElement\":[{\"@type\":\"ListItem\",\"position\":1,\"name\":\"Home\",\"item\":\"https:\\\/\\\/kylkirauta.fi\\\/index.php\\\/home\\\/\"},{\"@type\":\"ListItem\",\"position\":2,\"name\":\"Risto Sinkko: Eurooppalaisilta tukea Ukrainalle\"}]},{\"@type\":\"WebSite\",\"@id\":\"https:\\\/\\\/kylkirauta.fi\\\/#website\",\"url\":\"https:\\\/\\\/kylkirauta.fi\\\/\",\"name\":\"Kylkirauta\",\"description\":\"Kadettiupseerit yhteiskunnan palveluksessa\",\"potentialAction\":[{\"@type\":\"SearchAction\",\"target\":{\"@type\":\"EntryPoint\",\"urlTemplate\":\"https:\\\/\\\/kylkirauta.fi\\\/?s={search_term_string}\"},\"query-input\":{\"@type\":\"PropertyValueSpecification\",\"valueRequired\":true,\"valueName\":\"search_term_string\"}}],\"inLanguage\":\"fi\"},{\"@type\":\"Person\",\"@id\":\"https:\\\/\\\/kylkirauta.fi\\\/#\\\/schema\\\/person\\\/714ab39a349c656b20d60a239be1d6f6\",\"name\":\"Kari Sainio\",\"sameAs\":[\"http:\\\/\\\/www.kylkirauta.fi\"],\"url\":\"https:\\\/\\\/kylkirauta.fi\\\/index.php\\\/author\\\/karisain\\\/\"}]}<\/script>\n<!-- \/ Yoast SEO plugin. -->","yoast_head_json":{"title":"Risto Sinkko: Eurooppalaisilta tukea Ukrainalle - Kylkirauta","robots":{"index":"index","follow":"follow","max-snippet":"max-snippet:-1","max-image-preview":"max-image-preview:large","max-video-preview":"max-video-preview:-1"},"canonical":"https:\/\/kylkirauta.fi\/index.php\/2025\/06\/13\/risto-sinkko-eurooppalaisilta-tukea-ukrainalle\/","og_locale":"fi_FI","og_type":"article","og_title":"Risto Sinkko: Eurooppalaisilta tukea Ukrainalle - Kylkirauta","og_url":"https:\/\/kylkirauta.fi\/index.php\/2025\/06\/13\/risto-sinkko-eurooppalaisilta-tukea-ukrainalle\/","og_site_name":"Kylkirauta","article_published_time":"2025-06-13T09:58:47+00:00","og_image":[{"width":843,"height":487,"url":"https:\/\/kylkirauta.fi\/wp-content\/uploads\/2025\/06\/EU-Ukraina-artikkeli.jpg","type":"image\/jpeg"}],"author":"Kari Sainio","twitter_card":"summary_large_image","twitter_misc":{"Kirjoittanut":"Kari Sainio","Arvioitu lukuaika":"7 minuuttia"},"schema":{"@context":"https:\/\/schema.org","@graph":[{"@type":"Article","@id":"https:\/\/kylkirauta.fi\/index.php\/2025\/06\/13\/risto-sinkko-eurooppalaisilta-tukea-ukrainalle\/#article","isPartOf":{"@id":"https:\/\/kylkirauta.fi\/index.php\/2025\/06\/13\/risto-sinkko-eurooppalaisilta-tukea-ukrainalle\/"},"author":{"name":"Kari Sainio","@id":"https:\/\/kylkirauta.fi\/#\/schema\/person\/714ab39a349c656b20d60a239be1d6f6"},"headline":"Risto Sinkko: Eurooppalaisilta tukea Ukrainalle","datePublished":"2025-06-13T09:58:47+00:00","mainEntityOfPage":{"@id":"https:\/\/kylkirauta.fi\/index.php\/2025\/06\/13\/risto-sinkko-eurooppalaisilta-tukea-ukrainalle\/"},"wordCount":1323,"image":{"@id":"https:\/\/kylkirauta.fi\/index.php\/2025\/06\/13\/risto-sinkko-eurooppalaisilta-tukea-ukrainalle\/#primaryimage"},"thumbnailUrl":"https:\/\/kylkirauta.fi\/wp-content\/uploads\/2025\/06\/EU-Ukraina-artikkeli.jpg","articleSection":["Artikkeli","Artikkeli 2025"],"inLanguage":"fi"},{"@type":"WebPage","@id":"https:\/\/kylkirauta.fi\/index.php\/2025\/06\/13\/risto-sinkko-eurooppalaisilta-tukea-ukrainalle\/","url":"https:\/\/kylkirauta.fi\/index.php\/2025\/06\/13\/risto-sinkko-eurooppalaisilta-tukea-ukrainalle\/","name":"Risto Sinkko: Eurooppalaisilta tukea Ukrainalle - Kylkirauta","isPartOf":{"@id":"https:\/\/kylkirauta.fi\/#website"},"primaryImageOfPage":{"@id":"https:\/\/kylkirauta.fi\/index.php\/2025\/06\/13\/risto-sinkko-eurooppalaisilta-tukea-ukrainalle\/#primaryimage"},"image":{"@id":"https:\/\/kylkirauta.fi\/index.php\/2025\/06\/13\/risto-sinkko-eurooppalaisilta-tukea-ukrainalle\/#primaryimage"},"thumbnailUrl":"https:\/\/kylkirauta.fi\/wp-content\/uploads\/2025\/06\/EU-Ukraina-artikkeli.jpg","datePublished":"2025-06-13T09:58:47+00:00","author":{"@id":"https:\/\/kylkirauta.fi\/#\/schema\/person\/714ab39a349c656b20d60a239be1d6f6"},"breadcrumb":{"@id":"https:\/\/kylkirauta.fi\/index.php\/2025\/06\/13\/risto-sinkko-eurooppalaisilta-tukea-ukrainalle\/#breadcrumb"},"inLanguage":"fi","potentialAction":[{"@type":"ReadAction","target":["https:\/\/kylkirauta.fi\/index.php\/2025\/06\/13\/risto-sinkko-eurooppalaisilta-tukea-ukrainalle\/"]}]},{"@type":"ImageObject","inLanguage":"fi","@id":"https:\/\/kylkirauta.fi\/index.php\/2025\/06\/13\/risto-sinkko-eurooppalaisilta-tukea-ukrainalle\/#primaryimage","url":"https:\/\/kylkirauta.fi\/wp-content\/uploads\/2025\/06\/EU-Ukraina-artikkeli.jpg","contentUrl":"https:\/\/kylkirauta.fi\/wp-content\/uploads\/2025\/06\/EU-Ukraina-artikkeli.jpg","width":843,"height":487},{"@type":"BreadcrumbList","@id":"https:\/\/kylkirauta.fi\/index.php\/2025\/06\/13\/risto-sinkko-eurooppalaisilta-tukea-ukrainalle\/#breadcrumb","itemListElement":[{"@type":"ListItem","position":1,"name":"Home","item":"https:\/\/kylkirauta.fi\/index.php\/home\/"},{"@type":"ListItem","position":2,"name":"Risto Sinkko: Eurooppalaisilta tukea Ukrainalle"}]},{"@type":"WebSite","@id":"https:\/\/kylkirauta.fi\/#website","url":"https:\/\/kylkirauta.fi\/","name":"Kylkirauta","description":"Kadettiupseerit yhteiskunnan palveluksessa","potentialAction":[{"@type":"SearchAction","target":{"@type":"EntryPoint","urlTemplate":"https:\/\/kylkirauta.fi\/?s={search_term_string}"},"query-input":{"@type":"PropertyValueSpecification","valueRequired":true,"valueName":"search_term_string"}}],"inLanguage":"fi"},{"@type":"Person","@id":"https:\/\/kylkirauta.fi\/#\/schema\/person\/714ab39a349c656b20d60a239be1d6f6","name":"Kari Sainio","sameAs":["http:\/\/www.kylkirauta.fi"],"url":"https:\/\/kylkirauta.fi\/index.php\/author\/karisain\/"}]}},"_links":{"self":[{"href":"https:\/\/kylkirauta.fi\/index.php\/wp-json\/wp\/v2\/posts\/8175","targetHints":{"allow":["GET"]}}],"collection":[{"href":"https:\/\/kylkirauta.fi\/index.php\/wp-json\/wp\/v2\/posts"}],"about":[{"href":"https:\/\/kylkirauta.fi\/index.php\/wp-json\/wp\/v2\/types\/post"}],"author":[{"embeddable":true,"href":"https:\/\/kylkirauta.fi\/index.php\/wp-json\/wp\/v2\/users\/3"}],"replies":[{"embeddable":true,"href":"https:\/\/kylkirauta.fi\/index.php\/wp-json\/wp\/v2\/comments?post=8175"}],"version-history":[{"count":2,"href":"https:\/\/kylkirauta.fi\/index.php\/wp-json\/wp\/v2\/posts\/8175\/revisions"}],"predecessor-version":[{"id":8715,"href":"https:\/\/kylkirauta.fi\/index.php\/wp-json\/wp\/v2\/posts\/8175\/revisions\/8715"}],"wp:featuredmedia":[{"embeddable":true,"href":"https:\/\/kylkirauta.fi\/index.php\/wp-json\/wp\/v2\/media\/8183"}],"wp:attachment":[{"href":"https:\/\/kylkirauta.fi\/index.php\/wp-json\/wp\/v2\/media?parent=8175"}],"wp:term":[{"taxonomy":"category","embeddable":true,"href":"https:\/\/kylkirauta.fi\/index.php\/wp-json\/wp\/v2\/categories?post=8175"},{"taxonomy":"post_tag","embeddable":true,"href":"https:\/\/kylkirauta.fi\/index.php\/wp-json\/wp\/v2\/tags?post=8175"}],"curies":[{"name":"wp","href":"https:\/\/api.w.org\/{rel}","templated":true}]}}