{"id":813,"date":"2018-06-10T18:02:00","date_gmt":"2018-06-10T18:02:00","guid":{"rendered":"https:\/\/kylkirauta.fi\/?p=813"},"modified":"2020-01-26T10:27:57","modified_gmt":"2020-01-26T10:27:57","slug":"mentorin-merkintoja-12-taistelijan-intuitiivinen-mieli","status":"publish","type":"post","link":"https:\/\/kylkirauta.fi\/index.php\/2018\/06\/10\/mentorin-merkintoja-12-taistelijan-intuitiivinen-mieli\/","title":{"rendered":"Mentorin merkint\u00f6j\u00e4 12 &#8211; Taistelijan intuitiivinen mieli"},"content":{"rendered":"<div id='full_slider_1'  class='avia-fullwidth-slider main_color avia-shadow   avia-builder-el-0  el_before_av_one_full  avia-builder-el-first   container_wrap sidebar_right'  ><div  class='avia-slideshow av-l9olo-34f89e96fc3de7b9b51c14c99ace17a4 avia-slideshow-featured av_slideshow_full avia-slide-slider av-slideshow-ui av-control-default av-slideshow-manual av-loop-once av-loop-manual-endless av-default-height-applied   avia-slideshow-1' data-slideshow-options=\"{&quot;animation&quot;:&quot;slide&quot;,&quot;autoplay&quot;:false,&quot;loop_autoplay&quot;:&quot;once&quot;,&quot;interval&quot;:5,&quot;loop_manual&quot;:&quot;manual-endless&quot;,&quot;autoplay_stopper&quot;:false,&quot;noNavigation&quot;:false,&quot;bg_slider&quot;:false,&quot;keep_padding&quot;:false,&quot;hoverpause&quot;:false,&quot;show_slide_delay&quot;:0}\"  itemprop=\"image\" itemscope=\"itemscope\" itemtype=\"https:\/\/schema.org\/ImageObject\" ><ul class='avia-slideshow-inner ' style='padding-bottom: 28.666666666667%;'><li  class='avia-slideshow-slide av-l9olo-34f89e96fc3de7b9b51c14c99ace17a4__0  av-single-slide slide-1 slide-odd'><div data-rel='slideshow-1' class='avia-slide-wrap '   ><img decoding=\"async\" fetchpriority=\"high\" class=\"wp-image-54 avia-img-lazy-loading-not-54\"  src=\"https:\/\/kylkirauta.fi\/wp-content\/uploads\/2019\/10\/otsake-kuva_1500x430-1500x430.png\" width=\"1500\" height=\"430\" title='otsake-kuva_1500x430' alt=''  itemprop=\"thumbnailUrl\" srcset=\"https:\/\/kylkirauta.fi\/wp-content\/uploads\/2019\/10\/otsake-kuva_1500x430-1500x430.png 1500w, https:\/\/kylkirauta.fi\/wp-content\/uploads\/2019\/10\/otsake-kuva_1500x430-300x86.png 300w, https:\/\/kylkirauta.fi\/wp-content\/uploads\/2019\/10\/otsake-kuva_1500x430-768x220.png 768w, https:\/\/kylkirauta.fi\/wp-content\/uploads\/2019\/10\/otsake-kuva_1500x430-1030x295.png 1030w, https:\/\/kylkirauta.fi\/wp-content\/uploads\/2019\/10\/otsake-kuva_1500x430-705x202.png 705w, https:\/\/kylkirauta.fi\/wp-content\/uploads\/2019\/10\/otsake-kuva_1500x430.png 1817w\" sizes=\"(max-width: 1500px) 100vw, 1500px\" \/><\/div><\/li><\/ul><\/div><\/div><div id='after_full_slider_1'  class='main_color av_default_container_wrap container_wrap sidebar_right'  ><div class='container av-section-cont-open' ><div class='template-page content  av-content-small alpha units'><div class='post-entry post-entry-type-page post-entry-813'><div class='entry-content-wrapper clearfix'>\n\n<style type=\"text\/css\" data-created_by=\"avia_inline_auto\" id=\"style-css-av-km4zs-0614ada41eb3461e6efbb361dfbae970\">\n.flex_column.av-km4zs-0614ada41eb3461e6efbb361dfbae970{\nborder-radius:0px 0px 0px 0px;\npadding:0px 0px 0px 0px;\n}\n<\/style>\n<div  class='flex_column av-km4zs-0614ada41eb3461e6efbb361dfbae970 av_one_full  avia-builder-el-1  el_after_av_slideshow_full  el_before_av_hr  avia-builder-el-first  first flex_column_div av-zero-column-padding  '     ><p>\n<style type=\"text\/css\" data-created_by=\"avia_inline_auto\" id=\"style-css-av-av_heading-7ef4c1e3dd3f5a71748bb1c955fa6d0e\">\n#top .av-special-heading.av-av_heading-7ef4c1e3dd3f5a71748bb1c955fa6d0e{\npadding-bottom:10px;\n}\nbody .av-special-heading.av-av_heading-7ef4c1e3dd3f5a71748bb1c955fa6d0e .av-special-heading-tag .heading-char{\nfont-size:25px;\n}\n.av-special-heading.av-av_heading-7ef4c1e3dd3f5a71748bb1c955fa6d0e .av-subheading{\nfont-size:15px;\n}\n<\/style>\n<div  class='av-special-heading av-av_heading-7ef4c1e3dd3f5a71748bb1c955fa6d0e av-special-heading-h3  avia-builder-el-2  el_before_av_hr  avia-builder-el-first '><h3 class='av-special-heading-tag'  itemprop=\"headline\"  ><span class='special_amp'>&#8221;<\/span>Mentorin merkint\u00f6j\u00e4 12<span class='special_amp'>&#8221;<\/span> &#8211; Taistelijan intuitiivinen mieli<\/h3><div class=\"special-heading-border\"><div class=\"special-heading-inner-border\"><\/div><\/div><\/div><br \/>\n\n<style type=\"text\/css\" data-created_by=\"avia_inline_auto\" id=\"style-css-av-k5m7b9te-01401dd5e8beb25770de1be03f41ecf3\">\n#top .hr.hr-invisible.av-k5m7b9te-01401dd5e8beb25770de1be03f41ecf3{\nheight:30px;\n}\n<\/style>\n<div  class='hr av-k5m7b9te-01401dd5e8beb25770de1be03f41ecf3 hr-invisible  avia-builder-el-3  el_after_av_heading  el_before_av_textblock '><span class='hr-inner '><span class=\"hr-inner-style\"><\/span><\/span><\/div><br \/>\n<section  class='av_textblock_section av-k8d08-dea0f25c8df625cf22cbdeac32688808 '   itemscope=\"itemscope\" itemtype=\"https:\/\/schema.org\/BlogPosting\" itemprop=\"blogPost\" ><div class='avia_textblock'  itemprop=\"text\" ><div id=\"attachment_660\" style=\"width: 135px\" class=\"wp-caption alignleft\"><img loading=\"lazy\" decoding=\"async\" aria-describedby=\"caption-attachment-660\" class=\"wp-image-660\" src=\"https:\/\/kylkirauta.fi\/wp-content\/uploads\/2020\/01\/Kurvinen-Pekka.jpg\" alt=\"\" width=\"125\" height=\"177\" srcset=\"https:\/\/kylkirauta.fi\/wp-content\/uploads\/2020\/01\/Kurvinen-Pekka.jpg 410w, https:\/\/kylkirauta.fi\/wp-content\/uploads\/2020\/01\/Kurvinen-Pekka-212x300.jpg 212w\" sizes=\"auto, (max-width: 125px) 100vw, 125px\" \/><p id=\"caption-attachment-660\" class=\"wp-caption-text\">Pekka Kurvinen<\/p><\/div>\n<p><strong>Puolustusvoimain komentaja kenraali Jarmo Lindberg totesi Puolustusvoimain Lippujuhlan p\u00e4iv\u00e4n paraatissa Sein\u00e4joella 4.6.2018, ett\u00e4 Suomen turvallisuusymp\u00e4rist\u00f6 on muuttunut viime vuosina ep\u00e4vakaammaksi ja ennustamattomammaksi. Komentajan mukaan emme el\u00e4 Suomessa tyhji\u00f6ss\u00e4 vaan Suomi yll\u00e4pit\u00e4\u00e4 toimintaymp\u00e4rist\u00f6n kehitykseen suhteutettua puolustuskyky\u00e4 ja valmiutta jatkuvasti.<\/strong><\/p>\n<p><strong>Yht\u00e4\u00e4lt\u00e4 puolustushallinnon taloudellisten resurssien niukkuus ja toisaalta erityisosaamisen vaatimukset yhdistynein\u00e4 reservin kokoon n\u00e4ytt\u00e4isiv\u00e4t lis\u00e4\u00e4v\u00e4n sotilasjohtamisen ja -kouluttamisen painopisteen siirt\u00e4mist\u00e4 yh\u00e4 vahvemmin taistelijan jo ennen palvelukseen astumista hankkiman, puolustusvoimien toiminnan kannalta arvokkaan osaamisen hy\u00f6dynt\u00e4miseen. Kehityksess\u00e4 huomioitavia tekij\u00f6it\u00e4 ovat ainakin yksil\u00f6n siviilikoulutuksen huomioiminen, motivaatiotekij\u00e4t sek\u00e4 sotilaallisen varusmies- ja johtajakoulutuksen keston pituus ja painotukset.<\/strong><\/p>\n<p>Sotilasjohtamisen menestyksen kalliopohja rakentuu periteisesti yhteis\u00f6llisyydelle, sosiologiselle ajattelu- ja toimintatavalle, jota leimaavat ihmisten keskin\u00e4inen vuorovaikutus \u2013 sosiaalinen toiminta yhteis\u00f6rakenteissa. Yksil\u00f6\u00e4 ryhm\u00e4n j\u00e4senen\u00e4 puolestaan tarkastelee sosiaalipsykologia. Se on kiinnostunut my\u00f6s sosiaalisen ymp\u00e4rist\u00f6n vaikutuksesta yksil\u00f6\u00f6n, yksil\u00f6n vaikutusta ymp\u00e4rist\u00f6\u00f6ns\u00e4 sek\u00e4 ryhmien sis\u00e4isi\u00e4 ja niiden v\u00e4lisi\u00e4 prosesseja psykologian ja sosiologian v\u00e4limaastossa. Puolustusvoimien kouluttaja- ja johtamiskoulutuksessa yksil\u00f6n p\u00e4\u00e4n ja mielen sis\u00e4isten prosessien tunteminen ja ymm\u00e4rt\u00e4minen n\u00e4ytt\u00e4isiv\u00e4t korostuvan aiempaa enemm\u00e4n. Sotilassosiologiassa voitaneen puhua siirtym\u00e4st\u00e4 yksil\u00f6keskeisen sosiaalisen konstruktivismin suuntaan. T\u00e4ll\u00f6in on syvennytt\u00e4v\u00e4 yksitt\u00e4isen arjen draamaan yksitt\u00e4isen taistelijan tulokulmasta ja ongelmista, h\u00e4nen el\u00e4m\u00e4ns\u00e4 aikana kerrytt\u00e4m\u00e4st\u00e4\u00e4n yksil\u00f6llisest\u00e4 ja sosiaalisesta tarinavarannosta ammentamiinsa n\u00e4kemyksiin \u2013 kokemuksesta, sis\u00e4isest\u00e4 n\u00e4kemyksest\u00e4 ja ymm\u00e4rryksest\u00e4.<\/p>\n<p><em><strong>Todellisuus on merkityksiss\u00e4<\/strong><\/em><\/p>\n<p>Bergerin ja Luckmannin (1966\/2005) mukaan yhteiskunta on olemassa sek\u00e4 objektiivisena ett\u00e4 subjektiivisena todellisuutena, tapana hahmottaa maailmaa: todellisuus on sosiaalisten toimijoiden v\u00e4linen muuttuva tila sosiaalisessa kontekstissa, ajassa ja paikassa. T\u00e4t\u00e4 todellisuutta kukin toimija hahmottaa sek\u00e4 yhteisen, jaetun kielen kautta ett\u00e4 omien tulkintojensa kautta. Todellisuuden muodostuu merkityksenantoprosesseissa, joissa osallistujat tuottavat, muokkaavat, uusintavat, yhdist\u00e4v\u00e4t ja erottavat merkityksi\u00e4. Sosiaalisen konstruktion ansiosta taistelija voi heitt\u00e4yty\u00e4 avoimeen, ennakkoluulottomaan ja uutta luovaan keskusteluun.<\/p>\n<p>Vuorovaikutuksessa ja sosiaalisissa suhteissa sis\u00e4iset tai ulkoiset syyt eiv\u00e4t m\u00e4\u00e4r\u00e4\u00e4 ihmist\u00e4 vaan ihminen rakentuu sosiaalisen vuorovaikutuksen ja kielen prosesseissa. H\u00e4nen toimintansa perustuu luonteeltaan sosiaalisiin merkityksiin ja ihmisen toiminta on sosiaalista. Yksitt\u00e4iselle ihmiselle voi olla my\u00f6s merkitt\u00e4v\u00e4\u00e4 kuulua johonkin luokkaan. (Hacking 2009). Taistelijan menestys on kiinni yksil\u00f6n ja joukon yhteisest\u00e4 taistelutahdosta, joka kumpuaa yhteisest\u00e4 teht\u00e4v\u00e4n, k\u00e4skyjen ja m\u00e4\u00e4r\u00e4ysten j\u00e4rk\u00e4ht\u00e4m\u00e4tt\u00f6m\u00e4st\u00e4 noudattamisesta. Tilanteessa ja ymp\u00e4rist\u00f6ss\u00e4 ulkoiset sosiaaliset voimat tuottavat yksil\u00f6n valinnat, ajattelun ja k\u00e4ytt\u00e4ytymisen. Ihminen toimii todellisuudesta tekemiens\u00e4 tulkintojen varassa tavoitteellisesti, asettaa p\u00e4\u00e4m\u00e4\u00e4ri\u00e4 ja punnitsee niiden saavuttamiseen soveliaita keinoja.<\/p>\n<p>Raamin (2015) mukaan tuomalla henkil\u00f6kohtaiset, erityislaatuiset intuitiokokemukset osaksi tietoista ymm\u00e4rryst\u00e4, ja erityisesti keskustelemalla ja jakamalla kokemuksia muiden kanssa, kokija voi rakentaa syvemp\u00e4\u00e4 ymm\u00e4rryst\u00e4 omasta luovasta prosessistaan. Samalla vahvistuu my\u00f6s oma ammatillinen asiantuntijuus ja itsetuntemus.<\/p>\n<p>N\u00e4en inhimillisen toiminnan sek\u00e4 ulkoisten, yhteydellisten ja tilanteenmukaisten tekij\u00f6iden ett\u00e4 yksil\u00f6n toiminnalleen asettamien p\u00e4\u00e4m\u00e4\u00e4rien ja tilanteen tulkintojen tuloksena. Toiminnan taustalla vaikuttavat my\u00f6s arvot. Sosiaalinen todellisuus tuotetaan aina joistakin arvoista ja intresseist\u00e4 k\u00e4sin.<\/p>\n<p><em><strong>Systeemi\u00e4lyk\u00e4s intuitioon luottaminen<\/strong><\/em><\/p>\n<p>H\u00e4m\u00e4l\u00e4inen ja Saarinen (2005) toteavat, ett\u00e4 yksil\u00f6n n\u00e4k\u00f6kulmasta systeemi\u00e4ly on halua hahmottaa itsens\u00e4 yksil\u00f6n\u00e4 systeemisesti ja k\u00e4sitell\u00e4 omia uskomuksia. Se on kyky\u00e4 tunnistaa omien arvojensa vastaisia tai niiden kanssa ristiriitaisia toiminta- ja ajatusmalleja omassa toiminnassa. Se on kokonaisuuden hahmottamista ja herkkyytt\u00e4 toimia jokaisella sopivalla hetkell\u00e4 tilanteen parantamiseksi seuraamalla intuitiota ja omaa j\u00e4rke\u00e4. Systeemi\u00e4lyk\u00e4st\u00e4 voi olla intuitioon luottaminen ja kyky toimia tietyll\u00e4 tavalla, tietyss\u00e4 tilanteessa, koska uskoo, aavistaa tai jotenkin vain tiet\u00e4\u00e4 sen olevan oikein. J\u00e4rvisen ym. (2002) mukaan sosiaalisiin prosesseihin sis\u00e4ltyv\u00e4t kokemusten vaihto ja intuition muodostus.<\/p>\n<p>Yhteis\u00f6n oppiminen alkaa jonkun organisaation j\u00e4senen intuitiosta. Intuitiivinen tieto vaatii kollektiivista reflektointia ja tulkintaa. Kollektiivinen tulkinta tuottaa uuden intuitiivisen ymm\u00e4rryksen, tiet\u00e4myksen, joka konstruoituu uudeksi ajattelumalliksi ja joka hy\u00f6dynnet\u00e4\u00e4n yhteisen\u00e4 k\u00e4yt\u00e4nt\u00f6n\u00e4. Merkityksellist\u00e4 on johdon intuitiivinen ymm\u00e4rrys uudesta ajattelumallista ja siihen sis\u00e4ltyv\u00e4st\u00e4 tiet\u00e4myksest\u00e4, jossa proaktiivinen empatia on toiminnan ytimess\u00e4.<\/p>\n<p>Parikhin (1994) mukaan intuitiivinen ajattelu toimii tietoisuuden syvimpien rakenteiden tasolla, jolla on hyv\u00e4ksytt\u00e4v\u00e4 mielen, kehon ja tunteiden yhteys. Intuitiivisesta johtamisesta tulee arjen asiantuntemuksen ja toiminnan \u00e4\u00e4net\u00f6nt\u00e4 reflektointia ja hy\u00f6dynt\u00e4mist\u00e4. Rationaaliseen ajatteluun voidaan liitt\u00e4\u00e4 intuitiivisuus. Rationaalisessa ajattelussa k\u00e4ytet\u00e4\u00e4n sanoja ja mielikuvia ja liikutaan k\u00e4sitteiden maailmassa, mutta n\u00e4iden v\u00e4liset yhteydet ymm\u00e4rret\u00e4\u00e4n intuition avulla. Intuitiivinen tiedostaminen j\u00e4rjest\u00e4\u00e4 k\u00e4sitteet ja sanat sek\u00e4 mielikuvat uudella tavalla saaden aikaan mielekk\u00e4it\u00e4 ajatuskokonaisuuksia. Ihminen saa ik\u00e4\u00e4n kuin tietoa tapahtumista, joihin h\u00e4nell\u00e4 ei ole tietoista yhteytt\u00e4 ja h\u00e4n tiet\u00e4\u00e4 selitt\u00e4m\u00e4tt\u00f6m\u00e4ll\u00e4 tavalla, mit\u00e4 seuraavaksi tapahtuu tai h\u00e4n ymm\u00e4rt\u00e4\u00e4 intuitiivisesti, mit\u00e4 toinen ihminen ajattelee. (Kolari 2010). Intuitiivisuuden voi n\u00e4hd\u00e4 tunteisiin, tuntemuksiin ja aistimuksiin liittyv\u00e4n\u00e4 piirteen\u00e4, ominaisuutena ja tunneper\u00e4isen\u00e4 emotionaalisena johtamiskompetenssina.<\/p>\n<p><em><strong>Johtajan on uskallettava heitt\u00e4yty\u00e4<\/strong><\/em><\/p>\n<p>Intuitiivisuus onkin tunneper\u00e4isess\u00e4 johtamiskyvyss\u00e4, jossa mieli ja tunne yhdistyv\u00e4t esimerkiksi uhkaavissa ja ahdistavissa tilanteissa. T\u00e4ll\u00f6in syntyy merkityssuhde, jossa ihminen pyrkii l\u00f6yt\u00e4m\u00e4\u00e4n ymm\u00e4rt\u00e4v\u00e4n, hyv\u00e4ksytt\u00e4v\u00e4n ongelmanratkaisun. Tieto ja oppiminen todentuvat taitoina ja intuitiona. Taidot ovat todennettavia, intuitio on sis\u00e4ist\u00e4 k\u00e4sitt\u00e4mist\u00e4 ja p\u00e4tev\u00e4\u00e4 ilman todisteita. Johtajan teht\u00e4v\u00e4n\u00e4 on johdettavien tiedon luomiseen liittyvien toimintojen edist\u00e4minen. (Ruohotie &amp; Honka 1997). Johtajan on uskallettava heitt\u00e4yty\u00e4 tilanteeseen, ymm\u00e4rt\u00e4\u00e4, ett\u00e4 oman arvovallan uhallakin intuitio tarjoaa luovan mahdollisuuden \u2013 joskus paremminkin kuin tosiasiat antaisivat syyn olettaa.<\/p>\n<p>Intuitiivisuuteen sis\u00e4ltyy yksil\u00f6n keskustelu itsens\u00e4 kanssa, mahdollisuus saada tietoa tulevasta, levollisesti ja sis\u00e4isesti varmasti, kokemuksesta, tiedosta ja ymm\u00e4rryksest\u00e4 kumpuavin hyv\u00e4n olon tuntein.<\/p>\n<p>Strateginen, taktinen ja operatiivinen aloitteellisuus ja etuly\u00f6ntiasema vaativat kyky\u00e4 yhdist\u00e4v\u00e4t intuitiivinen ymm\u00e4rrys ja analyyttisyys, tosiot ja uudet oivallukset Analyyttisyydess\u00e4 intuitiivista havaintoa tai kokemusta analysoidaan, reflektoidaan ja tulkitaan aiempien kokemusten ja tiet\u00e4myksen sek\u00e4 vaiston pohjalta. Jokap\u00e4iv\u00e4isiss\u00e4 el\u00e4m\u00e4n T-risteyksiss\u00e4 vastaantulevien ongelmatilanteiden suuntap\u00e4\u00e4t\u00f6ksiss\u00e4 intuitio yhdist\u00e4\u00e4 n\u00e4m\u00e4 tekij\u00e4t ja kietoo ne ratkaiseviksi valinnoiksi. Intuitio on sis\u00e4ist\u00e4 viisautta, joka auttaa silloin, kun tunnetaan ep\u00e4varmuutta ja koetaan vaikeaksi tehd\u00e4 p\u00e4\u00e4t\u00f6st\u00e4 pelk\u00e4n tiedon tai faktojen perusteella. Realistinen intuition tulkinta voi edist\u00e4\u00e4 oivallusta ja siten helpottaa asian tai tilanteen uudelleen muotoilua. Intuition voi luoda edellytyksi\u00e4 uudelle ymm\u00e4rrykselle.<\/p>\n<p>Yh\u00e4 teknistyv\u00e4ss\u00e4 erityisosaamisen toimintaymp\u00e4rist\u00f6ss\u00e4mme my\u00f6s johtamisajattelu on murroksessa. Perinteinen autorit\u00e4\u00e4rinen ja johtamiskeskeinen ajattelu vaatii paitsi yksil\u00f6n sis\u00e4isen n\u00e4kemyksen hyv\u00e4ksymist\u00e4 my\u00f6s alati tiukkenevia vaatimuksia itsens\u00e4 johtamisen kyvyst\u00e4. Milleniaaleilla, z-sukupolvella, tarkoitetaan joukkoa, joka on syntynyt vuosituhannen vaihteen aikaan. T\u00e4m\u00e4 saapumiser\u00e4 on astumassa varusmiespalvelukseen ja muodostaa joukkotuotannossa puolustusvoimiemme iskev\u00e4n ytimen. Ik\u00e4luokan transmodernit, pyyteett\u00f6m\u00e4st\u00e4 yhteis\u00f6llisyydest\u00e4 huolta kantavat, henkil\u00f6kohtaisen el\u00e4m\u00e4n ja urapolun vaatimukset n\u00e4ytt\u00e4isiv\u00e4t korostuvan erinomaisten digivalmiuksien my\u00f6t\u00e4vaikuttamina. N\u00e4m\u00e4 painotukset puolustusvoimien on syyt\u00e4 huomioida kouluttaja- ja johtajakoulutusta kehitt\u00e4ess\u00e4\u00e4n. Teknisin, taloudellisin ja ennen kaikkea suorituskykymittarein tulevaisuuden taistelijan intuitiivisen, ennakkoluulottoman ja uteliaan mielen huomioimisessa on vain voitettavaa.<\/p>\n<p><em><strong>Kirjallisuutta:<\/strong><\/em><\/p>\n<p><em><strong>Berger, P.<\/strong>\u00a0&amp;\u00a0<strong>Luckmann, T.<\/strong>\u00a0(2005). Todellisuuden sosiaalinen rakentuminen. Tiedonsosiologinen tutkielma. Alkuteos: The Social Construction of Reality (1966). Suomentanut ja toimittanut Vesa Raiskila. 4. painos. Helsinki: Gaudeamus.<\/em><br \/>\n<em><strong>Hacking, I.<\/strong>\u00a0(2009). Mit\u00e4 sosiaalinen konstruktionismi on? Vastapaino, Tampere.<\/em><br \/>\n<em><strong>H\u00e4m\u00e4l\u00e4inen, R. P.<\/strong>\u00a0&amp;\u00a0<strong>Saarinen. E.<\/strong>\u00a0(2005). Systeemi\u00e4ly. Helsinki University of Technology Systems Analysis Laboratory Research Reports B25, May 2005.<\/em><br \/>\n<em><strong>J\u00e4rvinen, A.<\/strong>,\u00a0<strong>Koivisto, T.<\/strong>\u00a0&amp;\u00a0<strong>Poikela, E.<\/strong>\u00a0(2002). Oppiminen ty\u00f6ss\u00e4 ja ty\u00f6yhteis\u00f6ss\u00e4. Juva: WS Bookwell Oy.<\/em><br \/>\n<em><strong>Kolari, P.<\/strong>\u00a0(2010). Tunne\u00e4lyjohtaminen asiantuntijaorganisaation muutoksessa. Tampere: Tampereen yliopisto.<\/em><br \/>\n<em><strong>Lindberg, J.<\/strong>\u00a0(2018). Puolustusvoimain Lippujuhlan p\u00e4iv\u00e4n paraatipuhe Sein\u00e4joella 4.6.2018. Osoitteessa http:\/\/puolustusvoimat.fi\/artikkeli\/-\/asset_publisher\/puolustusvoimain-komentajan-puhe-puolustusvoimain-lippujuhlan-paivan-paraatissa-seinajoella-4-6-2018. Ladattu 5.6.2018.<\/em><br \/>\n<em><strong>Parikh, J.<\/strong>\u00a0(1994). Intuition: The new frontier of management. Oxford: Blackwell.<\/em><br \/>\n<em><strong>Raami, A.<\/strong>\u00a0(2015). Intuition Unleashed \u2013 On the application and development of intuition in the creative process. Helsinki: Aalto-yliopisto.<\/em><br \/>\n<em><strong>Ruohotie, P.<\/strong>\u00a0&amp;\u00a0<strong>Honka, J.<\/strong>\u00a0(toim.) (1997). Osaamisen kehitt\u00e4minen organisaatiossa. Sein\u00e4joki: RT Consulting Team. Saarij\u00e4rvi: Saarij\u00e4rven Offset Oy.<\/em><\/p>\n<p><em>Kirjoittaja, KTT,\u00a0<strong>majuri evp Pekka Kurvinen<\/strong>\u00a0ty\u00f6skentelee itsen\u00e4isen\u00e4 johdon konsulttina ja valmentajana sek\u00e4 tietokirjailijana.<\/em><br \/>\n<em>kurvisen.pekka(at)gmail.com, Twitter: (at)PKurvinen<\/em><\/p>\n<\/div><\/section><\/p><\/div><div  class='hr av-6zsyz-b471ba5482e75b0a604afa4166a853a5 hr-default  avia-builder-el-5  el_after_av_one_full  el_before_av_blog '><span class='hr-inner '><span class=\"hr-inner-style\"><\/span><\/span><\/div><\/p>\n<div  class='av-alb-blogposts template-blog  '  itemscope=\"itemscope\" itemtype=\"https:\/\/schema.org\/Blog\" ><article class=\"post-entry post-entry-type-standard post-entry-8921 post-loop-1 post-parity-odd bloglist-simple with-slider post-8921 post type-post status-publish format-standard has-post-thumbnail hentry category-artikkeli category-artikkeli-2026\"  itemscope=\"itemscope\" itemtype=\"https:\/\/schema.org\/BlogPosting\" ><div class=\"blog-meta\"><\/div><div class='entry-content-wrapper clearfix standard-content'><header class=\"entry-content-header\"><h2 class='post-title entry-title '  itemprop=\"headline\" ><a href=\"https:\/\/kylkirauta.fi\/index.php\/2026\/04\/20\/kaaderilaulajien-julkaisutoiminta\/\" rel=\"bookmark\" title=\"Permanent Link: Kaaderilaulajien julkaisutoiminta\">Kaaderilaulajien julkaisutoiminta<span class=\"post-format-icon minor-meta\"><\/span><\/a><\/h2><span class=\"post-meta-infos\"><time class=\"date-container minor-meta updated\"  itemprop=\"datePublished\" datetime=\"2026-04-20T15:45:24+03:00\" >20.4.2026<\/time><span class=\"text-sep\">\/<\/span><span class=\"blog-categories minor-meta\">in <a href=\"https:\/\/kylkirauta.fi\/index.php\/category\/artikkeli\/\" rel=\"tag\">Artikkeli<\/a>, <a href=\"https:\/\/kylkirauta.fi\/index.php\/category\/artikkeli-2026\/\" rel=\"tag\">Artikkeli 2026<\/a><\/span><span class=\"text-sep\">\/<\/span><span class=\"blog-author minor-meta\">by <span class=\"entry-author-link\"  itemprop=\"author\" ><span class=\"author\"><span class=\"fn\"><a href=\"https:\/\/kylkirauta.fi\/index.php\/author\/karisain\/\" title=\"Kirjoittanut: Kari Sainio\" rel=\"author\">Kari Sainio<\/a><\/span><\/span><\/span><\/span><div class=\"read-more-link\"><a href=\"https:\/\/kylkirauta.fi\/index.php\/2026\/04\/20\/kaaderilaulajien-julkaisutoiminta\/\" class=\"more-link\">Read more<span class=\"more-link-arrow\"><\/span><\/a><\/div><\/span><\/header><footer class=\"entry-footer\"><\/footer><div class='post_delimiter'><\/div><\/div><div class=\"post_author_timeline\"><\/div><span class='hidden'>\n\t\t\t\t<span class='av-structured-data'  itemprop=\"image\" itemscope=\"itemscope\" itemtype=\"https:\/\/schema.org\/ImageObject\" >\n\t\t\t\t\t\t<span itemprop='url'>https:\/\/kylkirauta.fi\/wp-content\/uploads\/2026\/04\/Artikkeli-4-2026-2.jpg<\/span>\n\t\t\t\t\t\t<span itemprop='height'>487<\/span>\n\t\t\t\t\t\t<span itemprop='width'>843<\/span>\n\t\t\t\t<\/span>\n\t\t\t\t<span class='av-structured-data'  itemprop=\"publisher\" itemtype=\"https:\/\/schema.org\/Organization\" itemscope=\"itemscope\" >\n\t\t\t\t\t\t<span itemprop='name'>Kari Sainio<\/span>\n\t\t\t\t\t\t<span itemprop='logo' itemscope itemtype='https:\/\/schema.org\/ImageObject'>\n\t\t\t\t\t\t\t<span itemprop='url'>https:\/\/kylkirauta.fi\/wp-content\/uploads\/2020\/02\/kkunta_weblogo-100x100-1.png<\/span>\n\t\t\t\t\t\t<\/span>\n\t\t\t\t<\/span><span class='av-structured-data'  itemprop=\"author\" itemscope=\"itemscope\" itemtype=\"https:\/\/schema.org\/Person\" ><span itemprop='name'>Kari Sainio<\/span><\/span><span class='av-structured-data'  itemprop=\"datePublished\" datetime=\"2026-04-20T15:45:24+03:00\" >2026-04-20 15:45:24<\/span><span class='av-structured-data'  itemprop=\"dateModified\" itemtype=\"https:\/\/schema.org\/dateModified\" >2026-04-20 15:45:24<\/span><span class='av-structured-data'  itemprop=\"mainEntityOfPage\" itemtype=\"https:\/\/schema.org\/mainEntityOfPage\" ><span itemprop='name'>Kaaderilaulajien julkaisutoiminta<\/span><\/span><\/span><\/article><article class=\"post-entry post-entry-type-standard post-entry-8884 post-loop-2 post-parity-even bloglist-simple with-slider post-8884 post type-post status-publish format-standard has-post-thumbnail hentry category-artikkeli category-artikkeli-2026\"  itemscope=\"itemscope\" itemtype=\"https:\/\/schema.org\/BlogPosting\" ><div class=\"blog-meta\"><\/div><div class='entry-content-wrapper clearfix standard-content'><header class=\"entry-content-header\"><h2 class='post-title entry-title '  itemprop=\"headline\" ><a href=\"https:\/\/kylkirauta.fi\/index.php\/2026\/03\/27\/kaaderilaulajien-ukraina-tukikonsertit\/\" rel=\"bookmark\" title=\"Permanent Link: Kaaderilaulajien Ukraina-tukikonsertit\">Kaaderilaulajien Ukraina-tukikonsertit<span class=\"post-format-icon minor-meta\"><\/span><\/a><\/h2><span class=\"post-meta-infos\"><time class=\"date-container minor-meta updated\"  itemprop=\"datePublished\" datetime=\"2026-03-27T12:30:38+02:00\" >27.3.2026<\/time><span class=\"text-sep\">\/<\/span><span class=\"blog-categories minor-meta\">in <a href=\"https:\/\/kylkirauta.fi\/index.php\/category\/artikkeli\/\" rel=\"tag\">Artikkeli<\/a>, <a href=\"https:\/\/kylkirauta.fi\/index.php\/category\/artikkeli-2026\/\" rel=\"tag\">Artikkeli 2026<\/a><\/span><span class=\"text-sep\">\/<\/span><span class=\"blog-author minor-meta\">by <span class=\"entry-author-link\"  itemprop=\"author\" ><span class=\"author\"><span class=\"fn\"><a href=\"https:\/\/kylkirauta.fi\/index.php\/author\/karisain\/\" title=\"Kirjoittanut: Kari Sainio\" rel=\"author\">Kari Sainio<\/a><\/span><\/span><\/span><\/span><div class=\"read-more-link\"><a href=\"https:\/\/kylkirauta.fi\/index.php\/2026\/03\/27\/kaaderilaulajien-ukraina-tukikonsertit\/\" class=\"more-link\">Read more<span class=\"more-link-arrow\"><\/span><\/a><\/div><\/span><\/header><footer class=\"entry-footer\"><\/footer><div class='post_delimiter'><\/div><\/div><div class=\"post_author_timeline\"><\/div><span class='hidden'>\n\t\t\t\t<span class='av-structured-data'  itemprop=\"image\" itemscope=\"itemscope\" itemtype=\"https:\/\/schema.org\/ImageObject\" >\n\t\t\t\t\t\t<span itemprop='url'>https:\/\/kylkirauta.fi\/wp-content\/uploads\/2026\/03\/3-2026-artikkeli.jpg<\/span>\n\t\t\t\t\t\t<span itemprop='height'>487<\/span>\n\t\t\t\t\t\t<span itemprop='width'>843<\/span>\n\t\t\t\t<\/span>\n\t\t\t\t<span class='av-structured-data'  itemprop=\"publisher\" itemtype=\"https:\/\/schema.org\/Organization\" itemscope=\"itemscope\" >\n\t\t\t\t\t\t<span itemprop='name'>Kari Sainio<\/span>\n\t\t\t\t\t\t<span itemprop='logo' itemscope itemtype='https:\/\/schema.org\/ImageObject'>\n\t\t\t\t\t\t\t<span itemprop='url'>https:\/\/kylkirauta.fi\/wp-content\/uploads\/2020\/02\/kkunta_weblogo-100x100-1.png<\/span>\n\t\t\t\t\t\t<\/span>\n\t\t\t\t<\/span><span class='av-structured-data'  itemprop=\"author\" itemscope=\"itemscope\" itemtype=\"https:\/\/schema.org\/Person\" ><span itemprop='name'>Kari Sainio<\/span><\/span><span class='av-structured-data'  itemprop=\"datePublished\" datetime=\"2026-03-27T12:30:38+02:00\" >2026-03-27 12:30:38<\/span><span class='av-structured-data'  itemprop=\"dateModified\" itemtype=\"https:\/\/schema.org\/dateModified\" >2026-03-27 12:30:38<\/span><span class='av-structured-data'  itemprop=\"mainEntityOfPage\" itemtype=\"https:\/\/schema.org\/mainEntityOfPage\" ><span itemprop='name'>Kaaderilaulajien Ukraina-tukikonsertit<\/span><\/span><\/span><\/article><article class=\"post-entry post-entry-type-standard post-entry-8786 post-loop-3 post-parity-odd post-entry-last bloglist-simple with-slider post-8786 post type-post status-publish format-standard has-post-thumbnail hentry category-artikkeli category-artikkeli-2026\"  itemscope=\"itemscope\" itemtype=\"https:\/\/schema.org\/BlogPosting\" ><div class=\"blog-meta\"><\/div><div class='entry-content-wrapper clearfix standard-content'><header class=\"entry-content-header\"><h2 class='post-title entry-title '  itemprop=\"headline\" ><a href=\"https:\/\/kylkirauta.fi\/index.php\/2026\/02\/23\/risto-sinkko-eu-kansalaisten-nakemyksia-turvallisuudesta-ja-puolustuksesta\/\" rel=\"bookmark\" title=\"Permanent Link: Risto Sinkko: EU-kansalaisten n\u00e4kemyksi\u00e4 turvallisuudesta ja puolustuksesta\">Risto Sinkko: EU-kansalaisten n\u00e4kemyksi\u00e4 turvallisuudesta ja puolustuksesta<span class=\"post-format-icon minor-meta\"><\/span><\/a><\/h2><span class=\"post-meta-infos\"><time class=\"date-container minor-meta updated\"  itemprop=\"datePublished\" datetime=\"2026-02-23T17:08:33+02:00\" >23.2.2026<\/time><span class=\"text-sep\">\/<\/span><span class=\"blog-categories minor-meta\">in <a href=\"https:\/\/kylkirauta.fi\/index.php\/category\/artikkeli\/\" rel=\"tag\">Artikkeli<\/a>, <a href=\"https:\/\/kylkirauta.fi\/index.php\/category\/artikkeli-2026\/\" rel=\"tag\">Artikkeli 2026<\/a><\/span><span class=\"text-sep\">\/<\/span><span class=\"blog-author minor-meta\">by <span class=\"entry-author-link\"  itemprop=\"author\" ><span class=\"author\"><span class=\"fn\"><a href=\"https:\/\/kylkirauta.fi\/index.php\/author\/karisain\/\" title=\"Kirjoittanut: Kari Sainio\" rel=\"author\">Kari Sainio<\/a><\/span><\/span><\/span><\/span><div class=\"read-more-link\"><a href=\"https:\/\/kylkirauta.fi\/index.php\/2026\/02\/23\/risto-sinkko-eu-kansalaisten-nakemyksia-turvallisuudesta-ja-puolustuksesta\/\" class=\"more-link\">Read more<span class=\"more-link-arrow\"><\/span><\/a><\/div><\/span><\/header><footer class=\"entry-footer\"><\/footer><div class='post_delimiter'><\/div><\/div><div class=\"post_author_timeline\"><\/div><span class='hidden'>\n\t\t\t\t<span class='av-structured-data'  itemprop=\"image\" itemscope=\"itemscope\" itemtype=\"https:\/\/schema.org\/ImageObject\" >\n\t\t\t\t\t\t<span itemprop='url'>https:\/\/kylkirauta.fi\/wp-content\/uploads\/2026\/02\/Artikkeli-MSC-artikkeli.jpg<\/span>\n\t\t\t\t\t\t<span itemprop='height'>487<\/span>\n\t\t\t\t\t\t<span itemprop='width'>843<\/span>\n\t\t\t\t<\/span>\n\t\t\t\t<span class='av-structured-data'  itemprop=\"publisher\" itemtype=\"https:\/\/schema.org\/Organization\" itemscope=\"itemscope\" >\n\t\t\t\t\t\t<span itemprop='name'>Kari Sainio<\/span>\n\t\t\t\t\t\t<span itemprop='logo' itemscope itemtype='https:\/\/schema.org\/ImageObject'>\n\t\t\t\t\t\t\t<span itemprop='url'>https:\/\/kylkirauta.fi\/wp-content\/uploads\/2020\/02\/kkunta_weblogo-100x100-1.png<\/span>\n\t\t\t\t\t\t<\/span>\n\t\t\t\t<\/span><span class='av-structured-data'  itemprop=\"author\" itemscope=\"itemscope\" itemtype=\"https:\/\/schema.org\/Person\" ><span itemprop='name'>Kari Sainio<\/span><\/span><span class='av-structured-data'  itemprop=\"datePublished\" datetime=\"2026-02-23T17:08:33+02:00\" >2026-02-23 17:08:33<\/span><span class='av-structured-data'  itemprop=\"dateModified\" itemtype=\"https:\/\/schema.org\/dateModified\" >2026-02-23 17:29:54<\/span><span class='av-structured-data'  itemprop=\"mainEntityOfPage\" itemtype=\"https:\/\/schema.org\/mainEntityOfPage\" ><span itemprop='name'>Risto Sinkko: EU-kansalaisten n\u00e4kemyksi\u00e4 turvallisuudesta ja puolustuksesta<\/span><\/span><\/span><\/article><div class='bloglist-simple'><nav class='pagination'><span class='pagination-meta'>Page 1 of 58<\/span><span class='current'>1<\/span><a href='https:\/\/kylkirauta.fi\/index.php\/wp-json\/wp\/v2\/posts\/813\/page\/2\/' class='inactive next_page' >2<\/a><a href='https:\/\/kylkirauta.fi\/index.php\/wp-json\/wp\/v2\/posts\/813\/page\/3\/' class='inactive' >3<\/a><a href='https:\/\/kylkirauta.fi\/index.php\/wp-json\/wp\/v2\/posts\/813\/page\/2\/'>&rsaquo;<\/a><a href='https:\/\/kylkirauta.fi\/index.php\/wp-json\/wp\/v2\/posts\/813\/page\/58\/'>&raquo;<\/a><\/nav>\n<\/div><\/div>\n","protected":false},"excerpt":{"rendered":"","protected":false},"author":3,"featured_media":0,"comment_status":"closed","ping_status":"closed","sticky":false,"template":"","format":"standard","meta":{"footnotes":""},"categories":[4,31],"tags":[],"class_list":["post-813","post","type-post","status-publish","format-standard","hentry","category-artikkeli","category-artikkeli-2018"],"yoast_head":"<!-- This site is optimized with the Yoast SEO plugin v27.5 - https:\/\/yoast.com\/product\/yoast-seo-wordpress\/ -->\n<title>Mentorin merkint\u00f6j\u00e4 12 - Taistelijan intuitiivinen mieli - Kylkirauta<\/title>\n<meta name=\"robots\" content=\"index, follow, max-snippet:-1, max-image-preview:large, max-video-preview:-1\" \/>\n<link rel=\"canonical\" href=\"https:\/\/kylkirauta.fi\/index.php\/2018\/06\/10\/mentorin-merkintoja-12-taistelijan-intuitiivinen-mieli\/\" \/>\n<meta property=\"og:locale\" content=\"fi_FI\" \/>\n<meta property=\"og:type\" content=\"article\" \/>\n<meta property=\"og:title\" content=\"Mentorin merkint\u00f6j\u00e4 12 - Taistelijan intuitiivinen mieli - Kylkirauta\" \/>\n<meta property=\"og:url\" content=\"https:\/\/kylkirauta.fi\/index.php\/2018\/06\/10\/mentorin-merkintoja-12-taistelijan-intuitiivinen-mieli\/\" \/>\n<meta property=\"og:site_name\" content=\"Kylkirauta\" \/>\n<meta property=\"article:published_time\" content=\"2018-06-10T18:02:00+00:00\" \/>\n<meta property=\"article:modified_time\" content=\"2020-01-26T10:27:57+00:00\" \/>\n<meta property=\"og:image\" content=\"https:\/\/kylkirauta.fi\/wp-content\/uploads\/2020\/01\/Kurvinen-Pekka.jpg\" \/>\n<meta name=\"author\" content=\"Kari Sainio\" \/>\n<meta name=\"twitter:card\" content=\"summary_large_image\" \/>\n<meta name=\"twitter:label1\" content=\"Kirjoittanut\" \/>\n\t<meta name=\"twitter:data1\" content=\"Kari Sainio\" \/>\n\t<meta name=\"twitter:label2\" content=\"Arvioitu lukuaika\" \/>\n\t<meta name=\"twitter:data2\" content=\"10 minuuttia\" \/>\n<script type=\"application\/ld+json\" class=\"yoast-schema-graph\">{\"@context\":\"https:\\\/\\\/schema.org\",\"@graph\":[{\"@type\":\"Article\",\"@id\":\"https:\\\/\\\/kylkirauta.fi\\\/index.php\\\/2018\\\/06\\\/10\\\/mentorin-merkintoja-12-taistelijan-intuitiivinen-mieli\\\/#article\",\"isPartOf\":{\"@id\":\"https:\\\/\\\/kylkirauta.fi\\\/index.php\\\/2018\\\/06\\\/10\\\/mentorin-merkintoja-12-taistelijan-intuitiivinen-mieli\\\/\"},\"author\":{\"name\":\"Kari Sainio\",\"@id\":\"https:\\\/\\\/kylkirauta.fi\\\/#\\\/schema\\\/person\\\/714ab39a349c656b20d60a239be1d6f6\"},\"headline\":\"Mentorin merkint\u00f6j\u00e4 12 &#8211; Taistelijan intuitiivinen mieli\",\"datePublished\":\"2018-06-10T18:02:00+00:00\",\"dateModified\":\"2020-01-26T10:27:57+00:00\",\"mainEntityOfPage\":{\"@id\":\"https:\\\/\\\/kylkirauta.fi\\\/index.php\\\/2018\\\/06\\\/10\\\/mentorin-merkintoja-12-taistelijan-intuitiivinen-mieli\\\/\"},\"wordCount\":1779,\"image\":{\"@id\":\"https:\\\/\\\/kylkirauta.fi\\\/index.php\\\/2018\\\/06\\\/10\\\/mentorin-merkintoja-12-taistelijan-intuitiivinen-mieli\\\/#primaryimage\"},\"thumbnailUrl\":\"https:\\\/\\\/kylkirauta.fi\\\/wp-content\\\/uploads\\\/2020\\\/01\\\/Kurvinen-Pekka.jpg\",\"articleSection\":[\"Artikkeli\",\"Artikkeli 2018\"],\"inLanguage\":\"fi\"},{\"@type\":\"WebPage\",\"@id\":\"https:\\\/\\\/kylkirauta.fi\\\/index.php\\\/2018\\\/06\\\/10\\\/mentorin-merkintoja-12-taistelijan-intuitiivinen-mieli\\\/\",\"url\":\"https:\\\/\\\/kylkirauta.fi\\\/index.php\\\/2018\\\/06\\\/10\\\/mentorin-merkintoja-12-taistelijan-intuitiivinen-mieli\\\/\",\"name\":\"Mentorin merkint\u00f6j\u00e4 12 - Taistelijan intuitiivinen mieli - Kylkirauta\",\"isPartOf\":{\"@id\":\"https:\\\/\\\/kylkirauta.fi\\\/#website\"},\"primaryImageOfPage\":{\"@id\":\"https:\\\/\\\/kylkirauta.fi\\\/index.php\\\/2018\\\/06\\\/10\\\/mentorin-merkintoja-12-taistelijan-intuitiivinen-mieli\\\/#primaryimage\"},\"image\":{\"@id\":\"https:\\\/\\\/kylkirauta.fi\\\/index.php\\\/2018\\\/06\\\/10\\\/mentorin-merkintoja-12-taistelijan-intuitiivinen-mieli\\\/#primaryimage\"},\"thumbnailUrl\":\"https:\\\/\\\/kylkirauta.fi\\\/wp-content\\\/uploads\\\/2020\\\/01\\\/Kurvinen-Pekka.jpg\",\"datePublished\":\"2018-06-10T18:02:00+00:00\",\"dateModified\":\"2020-01-26T10:27:57+00:00\",\"author\":{\"@id\":\"https:\\\/\\\/kylkirauta.fi\\\/#\\\/schema\\\/person\\\/714ab39a349c656b20d60a239be1d6f6\"},\"breadcrumb\":{\"@id\":\"https:\\\/\\\/kylkirauta.fi\\\/index.php\\\/2018\\\/06\\\/10\\\/mentorin-merkintoja-12-taistelijan-intuitiivinen-mieli\\\/#breadcrumb\"},\"inLanguage\":\"fi\",\"potentialAction\":[{\"@type\":\"ReadAction\",\"target\":[\"https:\\\/\\\/kylkirauta.fi\\\/index.php\\\/2018\\\/06\\\/10\\\/mentorin-merkintoja-12-taistelijan-intuitiivinen-mieli\\\/\"]}]},{\"@type\":\"ImageObject\",\"inLanguage\":\"fi\",\"@id\":\"https:\\\/\\\/kylkirauta.fi\\\/index.php\\\/2018\\\/06\\\/10\\\/mentorin-merkintoja-12-taistelijan-intuitiivinen-mieli\\\/#primaryimage\",\"url\":\"https:\\\/\\\/kylkirauta.fi\\\/wp-content\\\/uploads\\\/2020\\\/01\\\/Kurvinen-Pekka.jpg\",\"contentUrl\":\"https:\\\/\\\/kylkirauta.fi\\\/wp-content\\\/uploads\\\/2020\\\/01\\\/Kurvinen-Pekka.jpg\",\"width\":410,\"height\":580,\"caption\":\"Pekka Kurvinen\"},{\"@type\":\"BreadcrumbList\",\"@id\":\"https:\\\/\\\/kylkirauta.fi\\\/index.php\\\/2018\\\/06\\\/10\\\/mentorin-merkintoja-12-taistelijan-intuitiivinen-mieli\\\/#breadcrumb\",\"itemListElement\":[{\"@type\":\"ListItem\",\"position\":1,\"name\":\"Home\",\"item\":\"https:\\\/\\\/kylkirauta.fi\\\/index.php\\\/home\\\/\"},{\"@type\":\"ListItem\",\"position\":2,\"name\":\"Mentorin merkint\u00f6j\u00e4 12 &#8211; Taistelijan intuitiivinen mieli\"}]},{\"@type\":\"WebSite\",\"@id\":\"https:\\\/\\\/kylkirauta.fi\\\/#website\",\"url\":\"https:\\\/\\\/kylkirauta.fi\\\/\",\"name\":\"Kylkirauta\",\"description\":\"Kadettiupseerit yhteiskunnan palveluksessa\",\"potentialAction\":[{\"@type\":\"SearchAction\",\"target\":{\"@type\":\"EntryPoint\",\"urlTemplate\":\"https:\\\/\\\/kylkirauta.fi\\\/?s={search_term_string}\"},\"query-input\":{\"@type\":\"PropertyValueSpecification\",\"valueRequired\":true,\"valueName\":\"search_term_string\"}}],\"inLanguage\":\"fi\"},{\"@type\":\"Person\",\"@id\":\"https:\\\/\\\/kylkirauta.fi\\\/#\\\/schema\\\/person\\\/714ab39a349c656b20d60a239be1d6f6\",\"name\":\"Kari Sainio\",\"sameAs\":[\"http:\\\/\\\/www.kylkirauta.fi\"],\"url\":\"https:\\\/\\\/kylkirauta.fi\\\/index.php\\\/author\\\/karisain\\\/\"}]}<\/script>\n<!-- \/ Yoast SEO plugin. -->","yoast_head_json":{"title":"Mentorin merkint\u00f6j\u00e4 12 - Taistelijan intuitiivinen mieli - Kylkirauta","robots":{"index":"index","follow":"follow","max-snippet":"max-snippet:-1","max-image-preview":"max-image-preview:large","max-video-preview":"max-video-preview:-1"},"canonical":"https:\/\/kylkirauta.fi\/index.php\/2018\/06\/10\/mentorin-merkintoja-12-taistelijan-intuitiivinen-mieli\/","og_locale":"fi_FI","og_type":"article","og_title":"Mentorin merkint\u00f6j\u00e4 12 - Taistelijan intuitiivinen mieli - Kylkirauta","og_url":"https:\/\/kylkirauta.fi\/index.php\/2018\/06\/10\/mentorin-merkintoja-12-taistelijan-intuitiivinen-mieli\/","og_site_name":"Kylkirauta","article_published_time":"2018-06-10T18:02:00+00:00","article_modified_time":"2020-01-26T10:27:57+00:00","og_image":[{"url":"https:\/\/kylkirauta.fi\/wp-content\/uploads\/2020\/01\/Kurvinen-Pekka.jpg","type":"","width":"","height":""}],"author":"Kari Sainio","twitter_card":"summary_large_image","twitter_misc":{"Kirjoittanut":"Kari Sainio","Arvioitu lukuaika":"10 minuuttia"},"schema":{"@context":"https:\/\/schema.org","@graph":[{"@type":"Article","@id":"https:\/\/kylkirauta.fi\/index.php\/2018\/06\/10\/mentorin-merkintoja-12-taistelijan-intuitiivinen-mieli\/#article","isPartOf":{"@id":"https:\/\/kylkirauta.fi\/index.php\/2018\/06\/10\/mentorin-merkintoja-12-taistelijan-intuitiivinen-mieli\/"},"author":{"name":"Kari Sainio","@id":"https:\/\/kylkirauta.fi\/#\/schema\/person\/714ab39a349c656b20d60a239be1d6f6"},"headline":"Mentorin merkint\u00f6j\u00e4 12 &#8211; Taistelijan intuitiivinen mieli","datePublished":"2018-06-10T18:02:00+00:00","dateModified":"2020-01-26T10:27:57+00:00","mainEntityOfPage":{"@id":"https:\/\/kylkirauta.fi\/index.php\/2018\/06\/10\/mentorin-merkintoja-12-taistelijan-intuitiivinen-mieli\/"},"wordCount":1779,"image":{"@id":"https:\/\/kylkirauta.fi\/index.php\/2018\/06\/10\/mentorin-merkintoja-12-taistelijan-intuitiivinen-mieli\/#primaryimage"},"thumbnailUrl":"https:\/\/kylkirauta.fi\/wp-content\/uploads\/2020\/01\/Kurvinen-Pekka.jpg","articleSection":["Artikkeli","Artikkeli 2018"],"inLanguage":"fi"},{"@type":"WebPage","@id":"https:\/\/kylkirauta.fi\/index.php\/2018\/06\/10\/mentorin-merkintoja-12-taistelijan-intuitiivinen-mieli\/","url":"https:\/\/kylkirauta.fi\/index.php\/2018\/06\/10\/mentorin-merkintoja-12-taistelijan-intuitiivinen-mieli\/","name":"Mentorin merkint\u00f6j\u00e4 12 - Taistelijan intuitiivinen mieli - Kylkirauta","isPartOf":{"@id":"https:\/\/kylkirauta.fi\/#website"},"primaryImageOfPage":{"@id":"https:\/\/kylkirauta.fi\/index.php\/2018\/06\/10\/mentorin-merkintoja-12-taistelijan-intuitiivinen-mieli\/#primaryimage"},"image":{"@id":"https:\/\/kylkirauta.fi\/index.php\/2018\/06\/10\/mentorin-merkintoja-12-taistelijan-intuitiivinen-mieli\/#primaryimage"},"thumbnailUrl":"https:\/\/kylkirauta.fi\/wp-content\/uploads\/2020\/01\/Kurvinen-Pekka.jpg","datePublished":"2018-06-10T18:02:00+00:00","dateModified":"2020-01-26T10:27:57+00:00","author":{"@id":"https:\/\/kylkirauta.fi\/#\/schema\/person\/714ab39a349c656b20d60a239be1d6f6"},"breadcrumb":{"@id":"https:\/\/kylkirauta.fi\/index.php\/2018\/06\/10\/mentorin-merkintoja-12-taistelijan-intuitiivinen-mieli\/#breadcrumb"},"inLanguage":"fi","potentialAction":[{"@type":"ReadAction","target":["https:\/\/kylkirauta.fi\/index.php\/2018\/06\/10\/mentorin-merkintoja-12-taistelijan-intuitiivinen-mieli\/"]}]},{"@type":"ImageObject","inLanguage":"fi","@id":"https:\/\/kylkirauta.fi\/index.php\/2018\/06\/10\/mentorin-merkintoja-12-taistelijan-intuitiivinen-mieli\/#primaryimage","url":"https:\/\/kylkirauta.fi\/wp-content\/uploads\/2020\/01\/Kurvinen-Pekka.jpg","contentUrl":"https:\/\/kylkirauta.fi\/wp-content\/uploads\/2020\/01\/Kurvinen-Pekka.jpg","width":410,"height":580,"caption":"Pekka Kurvinen"},{"@type":"BreadcrumbList","@id":"https:\/\/kylkirauta.fi\/index.php\/2018\/06\/10\/mentorin-merkintoja-12-taistelijan-intuitiivinen-mieli\/#breadcrumb","itemListElement":[{"@type":"ListItem","position":1,"name":"Home","item":"https:\/\/kylkirauta.fi\/index.php\/home\/"},{"@type":"ListItem","position":2,"name":"Mentorin merkint\u00f6j\u00e4 12 &#8211; Taistelijan intuitiivinen mieli"}]},{"@type":"WebSite","@id":"https:\/\/kylkirauta.fi\/#website","url":"https:\/\/kylkirauta.fi\/","name":"Kylkirauta","description":"Kadettiupseerit yhteiskunnan palveluksessa","potentialAction":[{"@type":"SearchAction","target":{"@type":"EntryPoint","urlTemplate":"https:\/\/kylkirauta.fi\/?s={search_term_string}"},"query-input":{"@type":"PropertyValueSpecification","valueRequired":true,"valueName":"search_term_string"}}],"inLanguage":"fi"},{"@type":"Person","@id":"https:\/\/kylkirauta.fi\/#\/schema\/person\/714ab39a349c656b20d60a239be1d6f6","name":"Kari Sainio","sameAs":["http:\/\/www.kylkirauta.fi"],"url":"https:\/\/kylkirauta.fi\/index.php\/author\/karisain\/"}]}},"_links":{"self":[{"href":"https:\/\/kylkirauta.fi\/index.php\/wp-json\/wp\/v2\/posts\/813","targetHints":{"allow":["GET"]}}],"collection":[{"href":"https:\/\/kylkirauta.fi\/index.php\/wp-json\/wp\/v2\/posts"}],"about":[{"href":"https:\/\/kylkirauta.fi\/index.php\/wp-json\/wp\/v2\/types\/post"}],"author":[{"embeddable":true,"href":"https:\/\/kylkirauta.fi\/index.php\/wp-json\/wp\/v2\/users\/3"}],"replies":[{"embeddable":true,"href":"https:\/\/kylkirauta.fi\/index.php\/wp-json\/wp\/v2\/comments?post=813"}],"version-history":[{"count":5,"href":"https:\/\/kylkirauta.fi\/index.php\/wp-json\/wp\/v2\/posts\/813\/revisions"}],"predecessor-version":[{"id":2699,"href":"https:\/\/kylkirauta.fi\/index.php\/wp-json\/wp\/v2\/posts\/813\/revisions\/2699"}],"wp:attachment":[{"href":"https:\/\/kylkirauta.fi\/index.php\/wp-json\/wp\/v2\/media?parent=813"}],"wp:term":[{"taxonomy":"category","embeddable":true,"href":"https:\/\/kylkirauta.fi\/index.php\/wp-json\/wp\/v2\/categories?post=813"},{"taxonomy":"post_tag","embeddable":true,"href":"https:\/\/kylkirauta.fi\/index.php\/wp-json\/wp\/v2\/tags?post=813"}],"curies":[{"name":"wp","href":"https:\/\/api.w.org\/{rel}","templated":true}]}}