{"id":8124,"date":"2025-05-12T10:00:35","date_gmt":"2025-05-12T07:00:35","guid":{"rendered":"https:\/\/kylkirauta.fi\/?p=8124"},"modified":"2025-05-12T10:10:48","modified_gmt":"2025-05-12T07:10:48","slug":"risto-sinkko-kansalaisten-mielipiteita-natosta-ja-yhdysvalloista","status":"publish","type":"post","link":"https:\/\/kylkirauta.fi\/index.php\/2025\/05\/12\/risto-sinkko-kansalaisten-mielipiteita-natosta-ja-yhdysvalloista\/","title":{"rendered":"Risto Sinkko: Kansalaisten mielipiteit\u00e4 Natosta ja Yhdysvalloista"},"content":{"rendered":"\n<style type=\"text\/css\" data-created_by=\"avia_inline_auto\" id=\"style-css-av-km4zs-0614ada41eb3461e6efbb361dfbae970\">\n.flex_column.av-km4zs-0614ada41eb3461e6efbb361dfbae970{\nborder-radius:0px 0px 0px 0px;\npadding:0px 0px 0px 0px;\n}\n<\/style>\n<div  class='flex_column av-km4zs-0614ada41eb3461e6efbb361dfbae970 av_one_full  avia-builder-el-0  el_before_av_hr  avia-builder-el-first  first flex_column_div av-zero-column-padding  '     ><p>\n<style type=\"text\/css\" data-created_by=\"avia_inline_auto\" id=\"style-css-av-37iggf-e4224fb77c71af622a6d3cceee8e14fe\">\n#top .av-special-heading.av-37iggf-e4224fb77c71af622a6d3cceee8e14fe{\npadding-bottom:10px;\n}\nbody .av-special-heading.av-37iggf-e4224fb77c71af622a6d3cceee8e14fe .av-special-heading-tag .heading-char{\nfont-size:25px;\n}\n.av-special-heading.av-37iggf-e4224fb77c71af622a6d3cceee8e14fe .av-subheading{\nfont-size:15px;\n}\n<\/style>\n<div  class='av-special-heading av-37iggf-e4224fb77c71af622a6d3cceee8e14fe av-special-heading-h3  avia-builder-el-1  el_before_av_hr  avia-builder-el-first  av-linked-heading'><h3 class='av-special-heading-tag'  itemprop=\"headline\"  >Kansalaisten mielipiteit\u00e4 Natosta ja Yhdysvalloista<\/h3><div class=\"special-heading-border\"><div class=\"special-heading-inner-border\"><\/div><\/div><\/div><br \/>\n\n<style type=\"text\/css\" data-created_by=\"avia_inline_auto\" id=\"style-css-av-k5m7b9te-01401dd5e8beb25770de1be03f41ecf3\">\n#top .hr.hr-invisible.av-k5m7b9te-01401dd5e8beb25770de1be03f41ecf3{\nheight:30px;\n}\n<\/style>\n<div  class='hr av-k5m7b9te-01401dd5e8beb25770de1be03f41ecf3 hr-invisible  avia-builder-el-2  el_after_av_heading  el_before_av_textblock '><span class='hr-inner '><span class=\"hr-inner-style\"><\/span><\/span><\/div><br \/>\n<section  class='av_textblock_section av-k8d08-b6982eb89db820e3f2ea785bf1b317fd '   itemscope=\"itemscope\" itemtype=\"https:\/\/schema.org\/BlogPosting\" itemprop=\"blogPost\" ><div class='avia_textblock'  itemprop=\"text\" ><div id=\"attachment_459\" style=\"width: 140px\" class=\"wp-caption alignright\"><img loading=\"lazy\" decoding=\"async\" aria-describedby=\"caption-attachment-459\" class=\"wp-image-459\" src=\"https:\/\/kylkirauta.fi\/wp-content\/uploads\/2019\/10\/Sinkko_uusi.jpeg\" alt=\"\" width=\"130\" height=\"177\" srcset=\"https:\/\/kylkirauta.fi\/wp-content\/uploads\/2019\/10\/Sinkko_uusi.jpeg 369w, https:\/\/kylkirauta.fi\/wp-content\/uploads\/2019\/10\/Sinkko_uusi-221x300.jpeg 221w\" sizes=\"auto, (max-width: 130px) 100vw, 130px\" \/><p id=\"caption-attachment-459\" class=\"wp-caption-text\">ST Risto Sinkko<\/p><\/div>\n<div class=\"\" data-block=\"true\" data-editor=\"d3t8s\" data-offset-key=\"83llj-0-0\">\n<p><em><strong>Viime viikkojen aikana on ilmestynyt kolme erillist\u00e4 mielipidetutkimusta, joissa sivutaan suomalaisten mielipiteit\u00e4 Natosta ja suhtautumisesta Yhdysvaltoihin. Raportoidut tutkimukset ovat Helsingin yliopiston tutkijaryhm\u00e4n NATOpoll-tutkimus, Elinkeinoel\u00e4m\u00e4n valtuuskunnan (EVA) Arvo- ja asennetutkimus ja valtioneuvoston kanslian tilaama Kansalaispulssi.<\/strong><\/em><\/p>\n<p><strong><em>NATOpoll<\/em><\/strong><\/p>\n<p>NATOpollin kysymys <em>\u201dJos voisi \u00e4\u00e4nest\u00e4\u00e4 t\u00e4n\u00e4\u00e4n Suomen kuulumisesta puolustusliitto Natoon, miten \u00e4\u00e4nest\u00e4isit?\u201d<\/em> kertoo my\u00f6nteisi\u00e4 vastauksia olevan 76 prosentilla vastaajista. Kielteisi\u00e4 vastauksia oli 15 % ja 9 % ei osannut ottaa kantaa.<\/p>\n<p>Tutkimuksen aineistonkeruu on tehty maaliskuussa t\u00e4n\u00e4 vuonna. My\u00f6nteisi\u00e4 vastauksia on 7 prosenttiyksikk\u00f6\u00e4 v\u00e4hemm\u00e4n verrattuna vuoden 2024 huhtikuussa tehtyyn tutkimussarjan edelliseen kyselyyn. Raportin mukaan suurin lasku kannatuksessa on tapahtunut vihreiden (13 prosenttiyksikk\u00f6\u00e4) ja vasemmistoliiton kannattajilla (12 prosenttiyksikk\u00f6\u00e4), joista ensimm\u00e4ist\u00e4 kertaa en\u00e4\u00e4 alle puolet on j\u00e4senyyden takana.<\/p>\n<p>Kokonaisuudessa n\u00e4ytt\u00e4\u00e4kin silt\u00e4, ett\u00e4 Suomen Nato-j\u00e4senyyteen l\u00e4ht\u00f6kohtaisestikin varauksellisesti suhtautuneet ovat reagoineet voimakkaasti Trumpin hallinnon puolustusliittoa koskeviin linjauksiin siin\u00e4 miss\u00e4 j\u00e4senyytt\u00e4 alusta alkaen voimakkaasti kannattaneet ovat edelleen sit\u00e4 mielt\u00e4, ett\u00e4 Suomen liittyminen puolustusliiton j\u00e4seneksi oli oikea ratkaisu.<\/p>\n<p>Yksi tutkimuksen kysymyksist\u00e4 k\u00e4sitteli Yhdysvaltoja, ja ainoastaan 16 prosenttia luottaa Yhdysvaltojen valmiuteen puolustaa eurooppalaisia Nato-maita Trumpin kaudella. Raportissa todetaan, ett\u00e4 pudotus vuoden takaisesta arviosta on 14 prosenttiyksikk\u00f6\u00e4.<\/p>\n<p><strong><em>EVA:n tutkimus<\/em><\/strong><\/p>\n<p>EVA:n Arvo- ja asennetutkimuksen raportti on julkistettu 29.4.2025. Tutkituista suomalaisista 66 prosenttia suhtautuu my\u00f6nteisesti maamme natoj\u00e4senyyteen. Puolessa vuodessa my\u00f6nteisyys on v\u00e4hentynyt viidell\u00e4 prosenttiyksik\u00f6ll\u00e4.<\/p>\n<p>Haastattelussa k\u00e4ytetty kysymys oli, miten vastaaja suhtautuu natoj\u00e4senyyteen. Vaihtoehdot ovat olleet my\u00f6nteisesti, neutraalisti, ei osaa sanoa sek\u00e4 kielteisesti.<\/p>\n<p>EVA:n datassa on mukana my\u00f6s tieto tutkittujen suhtautumisesta Euroopan unioniin. Tuloksen mukaan n\u00e4hd\u00e4\u00e4n selv\u00e4 korrelaatio Nato- ja EU-suhtautumisen v\u00e4lill\u00e4 &#8211; my\u00f6nteisesti Euroopan unioniin suhtautuvista 83 prosenttia suhtautuu my\u00f6nteisesti my\u00f6s Natoon.<\/p>\n<p>T\u00e4lt\u00e4 pohjalta n\u00e4ytt\u00e4\u00e4, ett\u00e4 tietty osa suomalaisista haluaa olla kummankin yhteenliittym\u00e4n ulkopuolella. Tietty ehrensv\u00e4rdil\u00e4isyys n\u00e4ytt\u00e4\u00e4 el\u00e4v\u00e4n suomalaisten mieless\u00e4, sill\u00e4 65 prosenttia t\u00e4m\u00e4n tutkimuksen vastaajista ajattelee, ett\u00e4 <em>\u201dSuomen on kaikissa oloissa kyett\u00e4v\u00e4 vastaamaan itse turvallisuudestaan, muista ei ole siin\u00e4 apua\u201d<\/em>.<\/p>\n<p>Suomalaisten mielikuvat Naton tuottamasta turvasta jakautuvat kolmeen l\u00e4hes yht\u00e4 suureen osaan. \u201dNaton turvatakuut ovat niin j\u00e4re\u00e4 pelote, ettei kukaan uskalla koskea liittouman j\u00e4senmaihin\u201d. Vastaajista 32 prosenttia on samaa mielt\u00e4 t\u00e4m\u00e4n v\u00e4itt\u00e4m\u00e4n kanssa, 38 prosenttia on eri mielt\u00e4 ja 30 prosenttia ei osaa ottaa kantaa asiaan.<\/p>\n<p><strong><em>Kansalaispulssi<\/em><\/strong><\/p>\n<p>Kansalaispulssi on valtioneuvoston kanslian teett\u00e4m\u00e4 ajankohtaistutkimus, jonka tekeminen aloitettiin koronaepidemian alkukuukausina ja sit\u00e4 tehtiin keskim\u00e4\u00e4rin noin kerran kuukaudessa viime vuoden loppuun asti. T\u00e4ll\u00e4 hetkell\u00e4 kyselyj\u00e4 tehd\u00e4\u00e4n kaksi vuodessa.<\/p>\n<p>Yhten\u00e4 tutkimuskohteena Kansalaispulssissa on seurattu suomalaisten luottamusta Natoon. Viimeksi kyselyn tulokset on julkistettu 10.4.2025 ja verkkokyselyt on tehty aivan huhtikuun alussa. K\u00e4ytetty kysymys kuuluu <em>\u201dKuinka paljon henkil\u00f6kohtaisesti luotat seuraaviin tahoihin?\u201d.<\/em> Yhten\u00e4 kysyttyn\u00e4 kohteena on pitk\u00e4\u00e4n ollut Nato.<\/p>\n<p>Nyt huhtikuussa Natoon luottaa melko paljon tai t\u00e4ydellisesti 67 prosenttia vastaajista. Edellisess\u00e4 kyselyss\u00e4 viime vuoden joulukuussa vastaava osuus oli 69 prosenttia. N\u00e4in pieni muutos ei ole mitenk\u00e4\u00e4n merkitsev\u00e4, se voi johtua tilastollisesta sattumastakin.<\/p>\n<p>Yhdysvaltojen hallintoon luottavia huhtikuun kyselyss\u00e4 oli 12 prosenttia vastaajista. T\u00e4m\u00e4 tulos on hengelt\u00e4\u00e4n samansuuntainen kuin EVA:n ja NATOpollin raporteissa kerrotut tulokset.<\/p>\n<p>Kansalaispulssissa kysyt\u00e4\u00e4n my\u00f6s Natoon liittyv\u00e4\u00e4 turvallisuuden tunnetta seuraavasti: <em>\u201dVaikuttaako Suomen Nato-j\u00e4senyys turvallisuuden tunteeseesi?\u201d<\/em>. Vahvistaa merkitt\u00e4v\u00e4sti ja vahvistaa jonkin verran -vastausten osuus oli huhtikuun mittauksessa 73 prosenttia. Merkitt\u00e4v\u00e4sti-vastausten osuus on pitk\u00e4ss\u00e4 aikasarjassa liev\u00e4sti laskenut, mutta kokonaisuutena t\u00e4ll\u00e4 tavoin mitattu suhtautuminen Natoon on korkealla tasolla.<\/p>\n<p>Kansalaispulsseissa vastaajien poliittista kannatusta ei ole k\u00e4ytetty taustatietona, joten vertailua ei saada siit\u00e4, miss\u00e4 poliittisissa ryhmiss\u00e4 havaittu liev\u00e4 lasku olisi mahdollisesti tapahtunut.<\/p>\n<p><strong><em>Suomalaisilta luottamusta Natolle, ei niink\u00e4\u00e4n Yhdysvalloille<\/em><\/strong><\/p>\n<p>N\u00e4m\u00e4 kolme mielipidetutkimusta kuvaavat samansuuntaisesti suomalaisten mielenmaailmaa. Liittymisp\u00e4\u00e4t\u00f6st\u00e4 Natoon pidet\u00e4\u00e4n onnistuneena ratkaisuna maamme turvallisuuden kannalta. Yhdysvaltoja on aikaisemmin ajateltu Naton keskeisen\u00e4 tukipuuna, mutta ainakin maan nykyisen hallinnon aikana t\u00e4h\u00e4n kuvaan on kansalaisten mieliss\u00e4 tullut selv\u00e4 s\u00e4r\u00f6.<\/p>\n<\/div>\n<p><em><strong>Risto Sinkko<\/strong><\/em><br \/>\n<em>Majuri res, ST<br \/>\nr.sinkko@kolumbus.fi<\/em><\/p>\n<p style=\"text-align: center;\">***<\/p>\n<p><strong><em>L\u00e4hteet:<\/em><\/strong><\/p>\n<p><a href=\"https:\/\/www.helsinki.fi\/assets\/drupal\/2025-04\/NATOpoll%20policy%20brief%201_2025%20finall.pdf\" target=\"_blank\" rel=\"noopener\">NATOpoll policy brief 1_2025 final.pdf (linkki)<\/a><\/p>\n<p><a href=\"https:\/\/www.eva.fi\/blog\/2025\/04\/29\/liittolaisuus-puntarissa-luottamus-naton-turvatakuisiin-on-notkahtanut-trumpin-toisella-kaudella\/\" target=\"_blank\" rel=\"noopener\">Liittolaisuus puntarissa \u2013 Luottamus Naton turvatakuisiin on notkahtanut Trumpin toisella kaudella &#8211; EVA (linkki)<\/a><\/p>\n<p><a href=\"https:\/\/valtioneuvosto.fi\/documents\/194055633\/200124111\/Kansalaispulssi%2010.4.2025.pdf\/8b490432-1d06-e4f8-43d4-16372f7290d7\/Kansalaispulssi%2010.4.2025.pdf?t=1744374139158\" target=\"_blank\" rel=\"noopener\">Kansalaispulssi (linkki)<\/a><\/p>\n<\/div><\/section><\/p><\/div><div  class='hr av-6zsyz-b471ba5482e75b0a604afa4166a853a5 hr-default  avia-builder-el-4  el_after_av_one_full  el_before_av_blog '><span class='hr-inner '><span class=\"hr-inner-style\"><\/span><\/span><\/div><\/p>\n<div  class='av-alb-blogposts template-blog  '  itemscope=\"itemscope\" itemtype=\"https:\/\/schema.org\/Blog\" ><article class=\"post-entry post-entry-type-standard post-entry-8921 post-loop-1 post-parity-odd bloglist-simple with-slider post-8921 post type-post status-publish format-standard has-post-thumbnail hentry category-artikkeli category-artikkeli-2026\"  itemscope=\"itemscope\" itemtype=\"https:\/\/schema.org\/BlogPosting\" ><div class=\"blog-meta\"><\/div><div class='entry-content-wrapper clearfix standard-content'><header class=\"entry-content-header\"><h2 class='post-title entry-title '  itemprop=\"headline\" ><a href=\"https:\/\/kylkirauta.fi\/index.php\/2026\/04\/20\/kaaderilaulajien-julkaisutoiminta\/\" rel=\"bookmark\" title=\"Permanent Link: Kaaderilaulajien julkaisutoiminta\">Kaaderilaulajien julkaisutoiminta<span class=\"post-format-icon minor-meta\"><\/span><\/a><\/h2><span class=\"post-meta-infos\"><time class=\"date-container minor-meta updated\"  itemprop=\"datePublished\" datetime=\"2026-04-20T15:45:24+03:00\" >20.4.2026<\/time><span class=\"text-sep\">\/<\/span><span class=\"blog-categories minor-meta\">in <a href=\"https:\/\/kylkirauta.fi\/index.php\/category\/artikkeli\/\" rel=\"tag\">Artikkeli<\/a>, <a href=\"https:\/\/kylkirauta.fi\/index.php\/category\/artikkeli-2026\/\" rel=\"tag\">Artikkeli 2026<\/a><\/span><span class=\"text-sep\">\/<\/span><span class=\"blog-author minor-meta\">by <span class=\"entry-author-link\"  itemprop=\"author\" ><span class=\"author\"><span class=\"fn\"><a href=\"https:\/\/kylkirauta.fi\/index.php\/author\/karisain\/\" title=\"Kirjoittanut: Kari Sainio\" rel=\"author\">Kari Sainio<\/a><\/span><\/span><\/span><\/span><div class=\"read-more-link\"><a href=\"https:\/\/kylkirauta.fi\/index.php\/2026\/04\/20\/kaaderilaulajien-julkaisutoiminta\/\" class=\"more-link\">Read more<span class=\"more-link-arrow\"><\/span><\/a><\/div><\/span><\/header><footer class=\"entry-footer\"><\/footer><div class='post_delimiter'><\/div><\/div><div class=\"post_author_timeline\"><\/div><span class='hidden'>\n\t\t\t\t<span class='av-structured-data'  itemprop=\"image\" itemscope=\"itemscope\" itemtype=\"https:\/\/schema.org\/ImageObject\" >\n\t\t\t\t\t\t<span itemprop='url'>https:\/\/kylkirauta.fi\/wp-content\/uploads\/2026\/04\/Artikkeli-4-2026-2.jpg<\/span>\n\t\t\t\t\t\t<span itemprop='height'>487<\/span>\n\t\t\t\t\t\t<span itemprop='width'>843<\/span>\n\t\t\t\t<\/span>\n\t\t\t\t<span class='av-structured-data'  itemprop=\"publisher\" itemtype=\"https:\/\/schema.org\/Organization\" itemscope=\"itemscope\" >\n\t\t\t\t\t\t<span itemprop='name'>Kari Sainio<\/span>\n\t\t\t\t\t\t<span itemprop='logo' itemscope itemtype='https:\/\/schema.org\/ImageObject'>\n\t\t\t\t\t\t\t<span itemprop='url'>https:\/\/kylkirauta.fi\/wp-content\/uploads\/2020\/02\/kkunta_weblogo-100x100-1.png<\/span>\n\t\t\t\t\t\t<\/span>\n\t\t\t\t<\/span><span class='av-structured-data'  itemprop=\"author\" itemscope=\"itemscope\" itemtype=\"https:\/\/schema.org\/Person\" ><span itemprop='name'>Kari Sainio<\/span><\/span><span class='av-structured-data'  itemprop=\"datePublished\" datetime=\"2026-04-20T15:45:24+03:00\" >2026-04-20 15:45:24<\/span><span class='av-structured-data'  itemprop=\"dateModified\" itemtype=\"https:\/\/schema.org\/dateModified\" >2026-04-20 15:45:24<\/span><span class='av-structured-data'  itemprop=\"mainEntityOfPage\" itemtype=\"https:\/\/schema.org\/mainEntityOfPage\" ><span itemprop='name'>Kaaderilaulajien julkaisutoiminta<\/span><\/span><\/span><\/article><article class=\"post-entry post-entry-type-standard post-entry-8884 post-loop-2 post-parity-even bloglist-simple with-slider post-8884 post type-post status-publish format-standard has-post-thumbnail hentry category-artikkeli category-artikkeli-2026\"  itemscope=\"itemscope\" itemtype=\"https:\/\/schema.org\/BlogPosting\" ><div class=\"blog-meta\"><\/div><div class='entry-content-wrapper clearfix standard-content'><header class=\"entry-content-header\"><h2 class='post-title entry-title '  itemprop=\"headline\" ><a href=\"https:\/\/kylkirauta.fi\/index.php\/2026\/03\/27\/kaaderilaulajien-ukraina-tukikonsertit\/\" rel=\"bookmark\" title=\"Permanent Link: Kaaderilaulajien Ukraina-tukikonsertit\">Kaaderilaulajien Ukraina-tukikonsertit<span class=\"post-format-icon minor-meta\"><\/span><\/a><\/h2><span class=\"post-meta-infos\"><time class=\"date-container minor-meta updated\"  itemprop=\"datePublished\" datetime=\"2026-03-27T12:30:38+02:00\" >27.3.2026<\/time><span class=\"text-sep\">\/<\/span><span class=\"blog-categories minor-meta\">in <a href=\"https:\/\/kylkirauta.fi\/index.php\/category\/artikkeli\/\" rel=\"tag\">Artikkeli<\/a>, <a href=\"https:\/\/kylkirauta.fi\/index.php\/category\/artikkeli-2026\/\" rel=\"tag\">Artikkeli 2026<\/a><\/span><span class=\"text-sep\">\/<\/span><span class=\"blog-author minor-meta\">by <span class=\"entry-author-link\"  itemprop=\"author\" ><span class=\"author\"><span class=\"fn\"><a href=\"https:\/\/kylkirauta.fi\/index.php\/author\/karisain\/\" title=\"Kirjoittanut: Kari Sainio\" rel=\"author\">Kari Sainio<\/a><\/span><\/span><\/span><\/span><div class=\"read-more-link\"><a href=\"https:\/\/kylkirauta.fi\/index.php\/2026\/03\/27\/kaaderilaulajien-ukraina-tukikonsertit\/\" class=\"more-link\">Read more<span class=\"more-link-arrow\"><\/span><\/a><\/div><\/span><\/header><footer class=\"entry-footer\"><\/footer><div class='post_delimiter'><\/div><\/div><div class=\"post_author_timeline\"><\/div><span class='hidden'>\n\t\t\t\t<span class='av-structured-data'  itemprop=\"image\" itemscope=\"itemscope\" itemtype=\"https:\/\/schema.org\/ImageObject\" >\n\t\t\t\t\t\t<span itemprop='url'>https:\/\/kylkirauta.fi\/wp-content\/uploads\/2026\/03\/3-2026-artikkeli.jpg<\/span>\n\t\t\t\t\t\t<span itemprop='height'>487<\/span>\n\t\t\t\t\t\t<span itemprop='width'>843<\/span>\n\t\t\t\t<\/span>\n\t\t\t\t<span class='av-structured-data'  itemprop=\"publisher\" itemtype=\"https:\/\/schema.org\/Organization\" itemscope=\"itemscope\" >\n\t\t\t\t\t\t<span itemprop='name'>Kari Sainio<\/span>\n\t\t\t\t\t\t<span itemprop='logo' itemscope itemtype='https:\/\/schema.org\/ImageObject'>\n\t\t\t\t\t\t\t<span itemprop='url'>https:\/\/kylkirauta.fi\/wp-content\/uploads\/2020\/02\/kkunta_weblogo-100x100-1.png<\/span>\n\t\t\t\t\t\t<\/span>\n\t\t\t\t<\/span><span class='av-structured-data'  itemprop=\"author\" itemscope=\"itemscope\" itemtype=\"https:\/\/schema.org\/Person\" ><span itemprop='name'>Kari Sainio<\/span><\/span><span class='av-structured-data'  itemprop=\"datePublished\" datetime=\"2026-03-27T12:30:38+02:00\" >2026-03-27 12:30:38<\/span><span class='av-structured-data'  itemprop=\"dateModified\" itemtype=\"https:\/\/schema.org\/dateModified\" >2026-03-27 12:30:38<\/span><span class='av-structured-data'  itemprop=\"mainEntityOfPage\" itemtype=\"https:\/\/schema.org\/mainEntityOfPage\" ><span itemprop='name'>Kaaderilaulajien Ukraina-tukikonsertit<\/span><\/span><\/span><\/article><article class=\"post-entry post-entry-type-standard post-entry-8786 post-loop-3 post-parity-odd bloglist-simple with-slider post-8786 post type-post status-publish format-standard has-post-thumbnail hentry category-artikkeli category-artikkeli-2026\"  itemscope=\"itemscope\" itemtype=\"https:\/\/schema.org\/BlogPosting\" ><div class=\"blog-meta\"><\/div><div class='entry-content-wrapper clearfix standard-content'><header class=\"entry-content-header\"><h2 class='post-title entry-title '  itemprop=\"headline\" ><a href=\"https:\/\/kylkirauta.fi\/index.php\/2026\/02\/23\/risto-sinkko-eu-kansalaisten-nakemyksia-turvallisuudesta-ja-puolustuksesta\/\" rel=\"bookmark\" title=\"Permanent Link: Risto Sinkko: EU-kansalaisten n\u00e4kemyksi\u00e4 turvallisuudesta ja puolustuksesta\">Risto Sinkko: EU-kansalaisten n\u00e4kemyksi\u00e4 turvallisuudesta ja puolustuksesta<span class=\"post-format-icon minor-meta\"><\/span><\/a><\/h2><span class=\"post-meta-infos\"><time class=\"date-container minor-meta updated\"  itemprop=\"datePublished\" datetime=\"2026-02-23T17:08:33+02:00\" >23.2.2026<\/time><span class=\"text-sep\">\/<\/span><span class=\"blog-categories minor-meta\">in <a href=\"https:\/\/kylkirauta.fi\/index.php\/category\/artikkeli\/\" rel=\"tag\">Artikkeli<\/a>, <a href=\"https:\/\/kylkirauta.fi\/index.php\/category\/artikkeli-2026\/\" rel=\"tag\">Artikkeli 2026<\/a><\/span><span class=\"text-sep\">\/<\/span><span class=\"blog-author minor-meta\">by <span class=\"entry-author-link\"  itemprop=\"author\" ><span class=\"author\"><span class=\"fn\"><a href=\"https:\/\/kylkirauta.fi\/index.php\/author\/karisain\/\" title=\"Kirjoittanut: Kari Sainio\" rel=\"author\">Kari Sainio<\/a><\/span><\/span><\/span><\/span><div class=\"read-more-link\"><a href=\"https:\/\/kylkirauta.fi\/index.php\/2026\/02\/23\/risto-sinkko-eu-kansalaisten-nakemyksia-turvallisuudesta-ja-puolustuksesta\/\" class=\"more-link\">Read more<span class=\"more-link-arrow\"><\/span><\/a><\/div><\/span><\/header><footer class=\"entry-footer\"><\/footer><div class='post_delimiter'><\/div><\/div><div class=\"post_author_timeline\"><\/div><span class='hidden'>\n\t\t\t\t<span class='av-structured-data'  itemprop=\"image\" itemscope=\"itemscope\" itemtype=\"https:\/\/schema.org\/ImageObject\" >\n\t\t\t\t\t\t<span itemprop='url'>https:\/\/kylkirauta.fi\/wp-content\/uploads\/2026\/02\/Artikkeli-MSC-artikkeli.jpg<\/span>\n\t\t\t\t\t\t<span itemprop='height'>487<\/span>\n\t\t\t\t\t\t<span itemprop='width'>843<\/span>\n\t\t\t\t<\/span>\n\t\t\t\t<span class='av-structured-data'  itemprop=\"publisher\" itemtype=\"https:\/\/schema.org\/Organization\" itemscope=\"itemscope\" >\n\t\t\t\t\t\t<span itemprop='name'>Kari Sainio<\/span>\n\t\t\t\t\t\t<span itemprop='logo' itemscope itemtype='https:\/\/schema.org\/ImageObject'>\n\t\t\t\t\t\t\t<span itemprop='url'>https:\/\/kylkirauta.fi\/wp-content\/uploads\/2020\/02\/kkunta_weblogo-100x100-1.png<\/span>\n\t\t\t\t\t\t<\/span>\n\t\t\t\t<\/span><span class='av-structured-data'  itemprop=\"author\" itemscope=\"itemscope\" itemtype=\"https:\/\/schema.org\/Person\" ><span itemprop='name'>Kari Sainio<\/span><\/span><span class='av-structured-data'  itemprop=\"datePublished\" datetime=\"2026-02-23T17:08:33+02:00\" >2026-02-23 17:08:33<\/span><span class='av-structured-data'  itemprop=\"dateModified\" itemtype=\"https:\/\/schema.org\/dateModified\" >2026-02-23 17:29:54<\/span><span class='av-structured-data'  itemprop=\"mainEntityOfPage\" itemtype=\"https:\/\/schema.org\/mainEntityOfPage\" ><span itemprop='name'>Risto Sinkko: EU-kansalaisten n\u00e4kemyksi\u00e4 turvallisuudesta ja puolustuksesta<\/span><\/span><\/span><\/article><article class=\"post-entry post-entry-type-standard post-entry-8765 post-loop-4 post-parity-even bloglist-simple with-slider post-8765 post type-post status-publish format-standard has-post-thumbnail hentry category-artikkeli category-artikkeli-2026\"  itemscope=\"itemscope\" itemtype=\"https:\/\/schema.org\/BlogPosting\" ><div class=\"blog-meta\"><\/div><div class='entry-content-wrapper clearfix standard-content'><header class=\"entry-content-header\"><h2 class='post-title entry-title '  itemprop=\"headline\" ><a href=\"https:\/\/kylkirauta.fi\/index.php\/2026\/02\/15\/kaaderilaulajat-suomen-pojat-suomen-vapauden-ja-viron-kunnian-puolesta\/\" rel=\"bookmark\" title=\"Permanent Link: Kaaderilaulajat: Suomen pojat &#8211; Suomen vapauden ja Viron kunnian puolesta\">Kaaderilaulajat: Suomen pojat &#8211; Suomen vapauden ja Viron kunnian puolesta<span class=\"post-format-icon minor-meta\"><\/span><\/a><\/h2><span class=\"post-meta-infos\"><time class=\"date-container minor-meta updated\"  itemprop=\"datePublished\" datetime=\"2026-02-15T15:44:11+02:00\" >15.2.2026<\/time><span class=\"text-sep\">\/<\/span><span class=\"blog-categories minor-meta\">in <a href=\"https:\/\/kylkirauta.fi\/index.php\/category\/artikkeli\/\" rel=\"tag\">Artikkeli<\/a>, <a href=\"https:\/\/kylkirauta.fi\/index.php\/category\/artikkeli-2026\/\" rel=\"tag\">Artikkeli 2026<\/a><\/span><span class=\"text-sep\">\/<\/span><span class=\"blog-author minor-meta\">by <span class=\"entry-author-link\"  itemprop=\"author\" ><span class=\"author\"><span class=\"fn\"><a href=\"https:\/\/kylkirauta.fi\/index.php\/author\/karisain\/\" title=\"Kirjoittanut: Kari Sainio\" rel=\"author\">Kari Sainio<\/a><\/span><\/span><\/span><\/span><div class=\"read-more-link\"><a href=\"https:\/\/kylkirauta.fi\/index.php\/2026\/02\/15\/kaaderilaulajat-suomen-pojat-suomen-vapauden-ja-viron-kunnian-puolesta\/\" class=\"more-link\">Read more<span class=\"more-link-arrow\"><\/span><\/a><\/div><\/span><\/header><footer class=\"entry-footer\"><\/footer><div class='post_delimiter'><\/div><\/div><div class=\"post_author_timeline\"><\/div><span class='hidden'>\n\t\t\t\t<span class='av-structured-data'  itemprop=\"image\" itemscope=\"itemscope\" itemtype=\"https:\/\/schema.org\/ImageObject\" >\n\t\t\t\t\t\t<span itemprop='url'>https:\/\/kylkirauta.fi\/wp-content\/uploads\/2026\/02\/Kuva-3-1-2026-artikkeli.jpg<\/span>\n\t\t\t\t\t\t<span itemprop='height'>487<\/span>\n\t\t\t\t\t\t<span itemprop='width'>843<\/span>\n\t\t\t\t<\/span>\n\t\t\t\t<span class='av-structured-data'  itemprop=\"publisher\" itemtype=\"https:\/\/schema.org\/Organization\" itemscope=\"itemscope\" >\n\t\t\t\t\t\t<span itemprop='name'>Kari Sainio<\/span>\n\t\t\t\t\t\t<span itemprop='logo' itemscope itemtype='https:\/\/schema.org\/ImageObject'>\n\t\t\t\t\t\t\t<span itemprop='url'>https:\/\/kylkirauta.fi\/wp-content\/uploads\/2020\/02\/kkunta_weblogo-100x100-1.png<\/span>\n\t\t\t\t\t\t<\/span>\n\t\t\t\t<\/span><span class='av-structured-data'  itemprop=\"author\" itemscope=\"itemscope\" itemtype=\"https:\/\/schema.org\/Person\" ><span itemprop='name'>Kari Sainio<\/span><\/span><span class='av-structured-data'  itemprop=\"datePublished\" datetime=\"2026-02-15T15:44:11+02:00\" >2026-02-15 15:44:11<\/span><span class='av-structured-data'  itemprop=\"dateModified\" itemtype=\"https:\/\/schema.org\/dateModified\" >2026-02-15 15:49:07<\/span><span class='av-structured-data'  itemprop=\"mainEntityOfPage\" itemtype=\"https:\/\/schema.org\/mainEntityOfPage\" ><span itemprop='name'>Kaaderilaulajat: Suomen pojat &#8211; Suomen vapauden ja Viron kunnian puolesta<\/span><\/span><\/span><\/article><article class=\"post-entry post-entry-type-standard post-entry-8754 post-loop-5 post-parity-odd post-entry-last bloglist-simple with-slider post-8754 post type-post status-publish format-standard has-post-thumbnail hentry category-artikkeli category-artikkeli-2026\"  itemscope=\"itemscope\" itemtype=\"https:\/\/schema.org\/BlogPosting\" ><div class=\"blog-meta\"><\/div><div class='entry-content-wrapper clearfix standard-content'><header class=\"entry-content-header\"><h2 class='post-title entry-title '  itemprop=\"headline\" ><a href=\"https:\/\/kylkirauta.fi\/index.php\/2026\/01\/21\/kaaderilaulajista-kajahtaa\/\" rel=\"bookmark\" title=\"Permanent Link: Kaaderilaulajista kajahtaa\">Kaaderilaulajista kajahtaa<span class=\"post-format-icon minor-meta\"><\/span><\/a><\/h2><span class=\"post-meta-infos\"><time class=\"date-container minor-meta updated\"  itemprop=\"datePublished\" datetime=\"2026-01-21T18:17:28+02:00\" >21.1.2026<\/time><span class=\"text-sep\">\/<\/span><span class=\"blog-categories minor-meta\">in <a href=\"https:\/\/kylkirauta.fi\/index.php\/category\/artikkeli\/\" rel=\"tag\">Artikkeli<\/a>, <a href=\"https:\/\/kylkirauta.fi\/index.php\/category\/artikkeli-2026\/\" rel=\"tag\">Artikkeli 2026<\/a><\/span><span class=\"text-sep\">\/<\/span><span class=\"blog-author minor-meta\">by <span class=\"entry-author-link\"  itemprop=\"author\" ><span class=\"author\"><span class=\"fn\"><a href=\"https:\/\/kylkirauta.fi\/index.php\/author\/karisain\/\" title=\"Kirjoittanut: Kari Sainio\" rel=\"author\">Kari Sainio<\/a><\/span><\/span><\/span><\/span><div class=\"read-more-link\"><a href=\"https:\/\/kylkirauta.fi\/index.php\/2026\/01\/21\/kaaderilaulajista-kajahtaa\/\" class=\"more-link\">Read more<span class=\"more-link-arrow\"><\/span><\/a><\/div><\/span><\/header><footer class=\"entry-footer\"><\/footer><div class='post_delimiter'><\/div><\/div><div class=\"post_author_timeline\"><\/div><span class='hidden'>\n\t\t\t\t<span class='av-structured-data'  itemprop=\"image\" itemscope=\"itemscope\" itemtype=\"https:\/\/schema.org\/ImageObject\" >\n\t\t\t\t\t\t<span itemprop='url'>https:\/\/kylkirauta.fi\/wp-content\/uploads\/2026\/01\/Artikkeli-1-2026.jpg<\/span>\n\t\t\t\t\t\t<span itemprop='height'>487<\/span>\n\t\t\t\t\t\t<span itemprop='width'>843<\/span>\n\t\t\t\t<\/span>\n\t\t\t\t<span class='av-structured-data'  itemprop=\"publisher\" itemtype=\"https:\/\/schema.org\/Organization\" itemscope=\"itemscope\" >\n\t\t\t\t\t\t<span itemprop='name'>Kari Sainio<\/span>\n\t\t\t\t\t\t<span itemprop='logo' itemscope itemtype='https:\/\/schema.org\/ImageObject'>\n\t\t\t\t\t\t\t<span itemprop='url'>https:\/\/kylkirauta.fi\/wp-content\/uploads\/2020\/02\/kkunta_weblogo-100x100-1.png<\/span>\n\t\t\t\t\t\t<\/span>\n\t\t\t\t<\/span><span class='av-structured-data'  itemprop=\"author\" itemscope=\"itemscope\" itemtype=\"https:\/\/schema.org\/Person\" ><span itemprop='name'>Kari Sainio<\/span><\/span><span class='av-structured-data'  itemprop=\"datePublished\" datetime=\"2026-01-21T18:17:28+02:00\" >2026-01-21 18:17:28<\/span><span class='av-structured-data'  itemprop=\"dateModified\" itemtype=\"https:\/\/schema.org\/dateModified\" >2026-01-21 18:17:28<\/span><span class='av-structured-data'  itemprop=\"mainEntityOfPage\" itemtype=\"https:\/\/schema.org\/mainEntityOfPage\" ><span itemprop='name'>Kaaderilaulajista kajahtaa<\/span><\/span><\/span><\/article><div class='bloglist-simple'><nav class='pagination'><span class='pagination-meta'>Page 1 of 35<\/span><span class='current'>1<\/span><a href='https:\/\/kylkirauta.fi\/index.php\/wp-json\/wp\/v2\/posts\/8124\/page\/2\/' class='inactive next_page' >2<\/a><a href='https:\/\/kylkirauta.fi\/index.php\/wp-json\/wp\/v2\/posts\/8124\/page\/3\/' class='inactive' >3<\/a><a href='https:\/\/kylkirauta.fi\/index.php\/wp-json\/wp\/v2\/posts\/8124\/page\/2\/'>&rsaquo;<\/a><a href='https:\/\/kylkirauta.fi\/index.php\/wp-json\/wp\/v2\/posts\/8124\/page\/35\/'>&raquo;<\/a><\/nav>\n<\/div><\/div>\n","protected":false},"excerpt":{"rendered":"","protected":false},"author":3,"featured_media":7658,"comment_status":"closed","ping_status":"closed","sticky":false,"template":"","format":"standard","meta":{"footnotes":""},"categories":[4,121],"tags":[],"class_list":["post-8124","post","type-post","status-publish","format-standard","has-post-thumbnail","hentry","category-artikkeli","category-artikkeli-2025"],"yoast_head":"<!-- This site is optimized with the Yoast SEO plugin v27.5 - https:\/\/yoast.com\/product\/yoast-seo-wordpress\/ -->\n<title>Risto Sinkko: Kansalaisten mielipiteit\u00e4 Natosta ja Yhdysvalloista - Kylkirauta<\/title>\n<meta name=\"robots\" content=\"index, follow, max-snippet:-1, max-image-preview:large, max-video-preview:-1\" \/>\n<link rel=\"canonical\" href=\"https:\/\/kylkirauta.fi\/index.php\/2025\/05\/12\/risto-sinkko-kansalaisten-mielipiteita-natosta-ja-yhdysvalloista\/\" \/>\n<meta property=\"og:locale\" content=\"fi_FI\" \/>\n<meta property=\"og:type\" content=\"article\" \/>\n<meta property=\"og:title\" content=\"Risto Sinkko: Kansalaisten mielipiteit\u00e4 Natosta ja Yhdysvalloista - Kylkirauta\" \/>\n<meta property=\"og:url\" content=\"https:\/\/kylkirauta.fi\/index.php\/2025\/05\/12\/risto-sinkko-kansalaisten-mielipiteita-natosta-ja-yhdysvalloista\/\" \/>\n<meta property=\"og:site_name\" content=\"Kylkirauta\" \/>\n<meta property=\"article:published_time\" content=\"2025-05-12T07:00:35+00:00\" \/>\n<meta property=\"article:modified_time\" content=\"2025-05-12T07:10:48+00:00\" \/>\n<meta property=\"og:image\" content=\"https:\/\/kylkirauta.fi\/wp-content\/uploads\/2024\/12\/Nato-luottamus.png\" \/>\n\t<meta property=\"og:image:width\" content=\"843\" \/>\n\t<meta property=\"og:image:height\" content=\"487\" \/>\n\t<meta property=\"og:image:type\" content=\"image\/png\" \/>\n<meta name=\"author\" content=\"Kari Sainio\" \/>\n<meta name=\"twitter:card\" content=\"summary_large_image\" \/>\n<meta name=\"twitter:label1\" content=\"Kirjoittanut\" \/>\n\t<meta name=\"twitter:data1\" content=\"Kari Sainio\" \/>\n\t<meta name=\"twitter:label2\" content=\"Arvioitu lukuaika\" \/>\n\t<meta name=\"twitter:data2\" content=\"6 minuuttia\" \/>\n<script type=\"application\/ld+json\" class=\"yoast-schema-graph\">{\"@context\":\"https:\\\/\\\/schema.org\",\"@graph\":[{\"@type\":\"Article\",\"@id\":\"https:\\\/\\\/kylkirauta.fi\\\/index.php\\\/2025\\\/05\\\/12\\\/risto-sinkko-kansalaisten-mielipiteita-natosta-ja-yhdysvalloista\\\/#article\",\"isPartOf\":{\"@id\":\"https:\\\/\\\/kylkirauta.fi\\\/index.php\\\/2025\\\/05\\\/12\\\/risto-sinkko-kansalaisten-mielipiteita-natosta-ja-yhdysvalloista\\\/\"},\"author\":{\"name\":\"Kari Sainio\",\"@id\":\"https:\\\/\\\/kylkirauta.fi\\\/#\\\/schema\\\/person\\\/714ab39a349c656b20d60a239be1d6f6\"},\"headline\":\"Risto Sinkko: Kansalaisten mielipiteit\u00e4 Natosta ja Yhdysvalloista\",\"datePublished\":\"2025-05-12T07:00:35+00:00\",\"dateModified\":\"2025-05-12T07:10:48+00:00\",\"mainEntityOfPage\":{\"@id\":\"https:\\\/\\\/kylkirauta.fi\\\/index.php\\\/2025\\\/05\\\/12\\\/risto-sinkko-kansalaisten-mielipiteita-natosta-ja-yhdysvalloista\\\/\"},\"wordCount\":1116,\"image\":{\"@id\":\"https:\\\/\\\/kylkirauta.fi\\\/index.php\\\/2025\\\/05\\\/12\\\/risto-sinkko-kansalaisten-mielipiteita-natosta-ja-yhdysvalloista\\\/#primaryimage\"},\"thumbnailUrl\":\"https:\\\/\\\/kylkirauta.fi\\\/wp-content\\\/uploads\\\/2024\\\/12\\\/Nato-luottamus.png\",\"articleSection\":[\"Artikkeli\",\"Artikkeli 2025\"],\"inLanguage\":\"fi\"},{\"@type\":\"WebPage\",\"@id\":\"https:\\\/\\\/kylkirauta.fi\\\/index.php\\\/2025\\\/05\\\/12\\\/risto-sinkko-kansalaisten-mielipiteita-natosta-ja-yhdysvalloista\\\/\",\"url\":\"https:\\\/\\\/kylkirauta.fi\\\/index.php\\\/2025\\\/05\\\/12\\\/risto-sinkko-kansalaisten-mielipiteita-natosta-ja-yhdysvalloista\\\/\",\"name\":\"Risto Sinkko: Kansalaisten mielipiteit\u00e4 Natosta ja Yhdysvalloista - Kylkirauta\",\"isPartOf\":{\"@id\":\"https:\\\/\\\/kylkirauta.fi\\\/#website\"},\"primaryImageOfPage\":{\"@id\":\"https:\\\/\\\/kylkirauta.fi\\\/index.php\\\/2025\\\/05\\\/12\\\/risto-sinkko-kansalaisten-mielipiteita-natosta-ja-yhdysvalloista\\\/#primaryimage\"},\"image\":{\"@id\":\"https:\\\/\\\/kylkirauta.fi\\\/index.php\\\/2025\\\/05\\\/12\\\/risto-sinkko-kansalaisten-mielipiteita-natosta-ja-yhdysvalloista\\\/#primaryimage\"},\"thumbnailUrl\":\"https:\\\/\\\/kylkirauta.fi\\\/wp-content\\\/uploads\\\/2024\\\/12\\\/Nato-luottamus.png\",\"datePublished\":\"2025-05-12T07:00:35+00:00\",\"dateModified\":\"2025-05-12T07:10:48+00:00\",\"author\":{\"@id\":\"https:\\\/\\\/kylkirauta.fi\\\/#\\\/schema\\\/person\\\/714ab39a349c656b20d60a239be1d6f6\"},\"breadcrumb\":{\"@id\":\"https:\\\/\\\/kylkirauta.fi\\\/index.php\\\/2025\\\/05\\\/12\\\/risto-sinkko-kansalaisten-mielipiteita-natosta-ja-yhdysvalloista\\\/#breadcrumb\"},\"inLanguage\":\"fi\",\"potentialAction\":[{\"@type\":\"ReadAction\",\"target\":[\"https:\\\/\\\/kylkirauta.fi\\\/index.php\\\/2025\\\/05\\\/12\\\/risto-sinkko-kansalaisten-mielipiteita-natosta-ja-yhdysvalloista\\\/\"]}]},{\"@type\":\"ImageObject\",\"inLanguage\":\"fi\",\"@id\":\"https:\\\/\\\/kylkirauta.fi\\\/index.php\\\/2025\\\/05\\\/12\\\/risto-sinkko-kansalaisten-mielipiteita-natosta-ja-yhdysvalloista\\\/#primaryimage\",\"url\":\"https:\\\/\\\/kylkirauta.fi\\\/wp-content\\\/uploads\\\/2024\\\/12\\\/Nato-luottamus.png\",\"contentUrl\":\"https:\\\/\\\/kylkirauta.fi\\\/wp-content\\\/uploads\\\/2024\\\/12\\\/Nato-luottamus.png\",\"width\":843,\"height\":487},{\"@type\":\"BreadcrumbList\",\"@id\":\"https:\\\/\\\/kylkirauta.fi\\\/index.php\\\/2025\\\/05\\\/12\\\/risto-sinkko-kansalaisten-mielipiteita-natosta-ja-yhdysvalloista\\\/#breadcrumb\",\"itemListElement\":[{\"@type\":\"ListItem\",\"position\":1,\"name\":\"Home\",\"item\":\"https:\\\/\\\/kylkirauta.fi\\\/index.php\\\/home\\\/\"},{\"@type\":\"ListItem\",\"position\":2,\"name\":\"Risto Sinkko: Kansalaisten mielipiteit\u00e4 Natosta ja Yhdysvalloista\"}]},{\"@type\":\"WebSite\",\"@id\":\"https:\\\/\\\/kylkirauta.fi\\\/#website\",\"url\":\"https:\\\/\\\/kylkirauta.fi\\\/\",\"name\":\"Kylkirauta\",\"description\":\"Kadettiupseerit yhteiskunnan palveluksessa\",\"potentialAction\":[{\"@type\":\"SearchAction\",\"target\":{\"@type\":\"EntryPoint\",\"urlTemplate\":\"https:\\\/\\\/kylkirauta.fi\\\/?s={search_term_string}\"},\"query-input\":{\"@type\":\"PropertyValueSpecification\",\"valueRequired\":true,\"valueName\":\"search_term_string\"}}],\"inLanguage\":\"fi\"},{\"@type\":\"Person\",\"@id\":\"https:\\\/\\\/kylkirauta.fi\\\/#\\\/schema\\\/person\\\/714ab39a349c656b20d60a239be1d6f6\",\"name\":\"Kari Sainio\",\"sameAs\":[\"http:\\\/\\\/www.kylkirauta.fi\"],\"url\":\"https:\\\/\\\/kylkirauta.fi\\\/index.php\\\/author\\\/karisain\\\/\"}]}<\/script>\n<!-- \/ Yoast SEO plugin. -->","yoast_head_json":{"title":"Risto Sinkko: Kansalaisten mielipiteit\u00e4 Natosta ja Yhdysvalloista - Kylkirauta","robots":{"index":"index","follow":"follow","max-snippet":"max-snippet:-1","max-image-preview":"max-image-preview:large","max-video-preview":"max-video-preview:-1"},"canonical":"https:\/\/kylkirauta.fi\/index.php\/2025\/05\/12\/risto-sinkko-kansalaisten-mielipiteita-natosta-ja-yhdysvalloista\/","og_locale":"fi_FI","og_type":"article","og_title":"Risto Sinkko: Kansalaisten mielipiteit\u00e4 Natosta ja Yhdysvalloista - Kylkirauta","og_url":"https:\/\/kylkirauta.fi\/index.php\/2025\/05\/12\/risto-sinkko-kansalaisten-mielipiteita-natosta-ja-yhdysvalloista\/","og_site_name":"Kylkirauta","article_published_time":"2025-05-12T07:00:35+00:00","article_modified_time":"2025-05-12T07:10:48+00:00","og_image":[{"width":843,"height":487,"url":"https:\/\/kylkirauta.fi\/wp-content\/uploads\/2024\/12\/Nato-luottamus.png","type":"image\/png"}],"author":"Kari Sainio","twitter_card":"summary_large_image","twitter_misc":{"Kirjoittanut":"Kari Sainio","Arvioitu lukuaika":"6 minuuttia"},"schema":{"@context":"https:\/\/schema.org","@graph":[{"@type":"Article","@id":"https:\/\/kylkirauta.fi\/index.php\/2025\/05\/12\/risto-sinkko-kansalaisten-mielipiteita-natosta-ja-yhdysvalloista\/#article","isPartOf":{"@id":"https:\/\/kylkirauta.fi\/index.php\/2025\/05\/12\/risto-sinkko-kansalaisten-mielipiteita-natosta-ja-yhdysvalloista\/"},"author":{"name":"Kari Sainio","@id":"https:\/\/kylkirauta.fi\/#\/schema\/person\/714ab39a349c656b20d60a239be1d6f6"},"headline":"Risto Sinkko: Kansalaisten mielipiteit\u00e4 Natosta ja Yhdysvalloista","datePublished":"2025-05-12T07:00:35+00:00","dateModified":"2025-05-12T07:10:48+00:00","mainEntityOfPage":{"@id":"https:\/\/kylkirauta.fi\/index.php\/2025\/05\/12\/risto-sinkko-kansalaisten-mielipiteita-natosta-ja-yhdysvalloista\/"},"wordCount":1116,"image":{"@id":"https:\/\/kylkirauta.fi\/index.php\/2025\/05\/12\/risto-sinkko-kansalaisten-mielipiteita-natosta-ja-yhdysvalloista\/#primaryimage"},"thumbnailUrl":"https:\/\/kylkirauta.fi\/wp-content\/uploads\/2024\/12\/Nato-luottamus.png","articleSection":["Artikkeli","Artikkeli 2025"],"inLanguage":"fi"},{"@type":"WebPage","@id":"https:\/\/kylkirauta.fi\/index.php\/2025\/05\/12\/risto-sinkko-kansalaisten-mielipiteita-natosta-ja-yhdysvalloista\/","url":"https:\/\/kylkirauta.fi\/index.php\/2025\/05\/12\/risto-sinkko-kansalaisten-mielipiteita-natosta-ja-yhdysvalloista\/","name":"Risto Sinkko: Kansalaisten mielipiteit\u00e4 Natosta ja Yhdysvalloista - Kylkirauta","isPartOf":{"@id":"https:\/\/kylkirauta.fi\/#website"},"primaryImageOfPage":{"@id":"https:\/\/kylkirauta.fi\/index.php\/2025\/05\/12\/risto-sinkko-kansalaisten-mielipiteita-natosta-ja-yhdysvalloista\/#primaryimage"},"image":{"@id":"https:\/\/kylkirauta.fi\/index.php\/2025\/05\/12\/risto-sinkko-kansalaisten-mielipiteita-natosta-ja-yhdysvalloista\/#primaryimage"},"thumbnailUrl":"https:\/\/kylkirauta.fi\/wp-content\/uploads\/2024\/12\/Nato-luottamus.png","datePublished":"2025-05-12T07:00:35+00:00","dateModified":"2025-05-12T07:10:48+00:00","author":{"@id":"https:\/\/kylkirauta.fi\/#\/schema\/person\/714ab39a349c656b20d60a239be1d6f6"},"breadcrumb":{"@id":"https:\/\/kylkirauta.fi\/index.php\/2025\/05\/12\/risto-sinkko-kansalaisten-mielipiteita-natosta-ja-yhdysvalloista\/#breadcrumb"},"inLanguage":"fi","potentialAction":[{"@type":"ReadAction","target":["https:\/\/kylkirauta.fi\/index.php\/2025\/05\/12\/risto-sinkko-kansalaisten-mielipiteita-natosta-ja-yhdysvalloista\/"]}]},{"@type":"ImageObject","inLanguage":"fi","@id":"https:\/\/kylkirauta.fi\/index.php\/2025\/05\/12\/risto-sinkko-kansalaisten-mielipiteita-natosta-ja-yhdysvalloista\/#primaryimage","url":"https:\/\/kylkirauta.fi\/wp-content\/uploads\/2024\/12\/Nato-luottamus.png","contentUrl":"https:\/\/kylkirauta.fi\/wp-content\/uploads\/2024\/12\/Nato-luottamus.png","width":843,"height":487},{"@type":"BreadcrumbList","@id":"https:\/\/kylkirauta.fi\/index.php\/2025\/05\/12\/risto-sinkko-kansalaisten-mielipiteita-natosta-ja-yhdysvalloista\/#breadcrumb","itemListElement":[{"@type":"ListItem","position":1,"name":"Home","item":"https:\/\/kylkirauta.fi\/index.php\/home\/"},{"@type":"ListItem","position":2,"name":"Risto Sinkko: Kansalaisten mielipiteit\u00e4 Natosta ja Yhdysvalloista"}]},{"@type":"WebSite","@id":"https:\/\/kylkirauta.fi\/#website","url":"https:\/\/kylkirauta.fi\/","name":"Kylkirauta","description":"Kadettiupseerit yhteiskunnan palveluksessa","potentialAction":[{"@type":"SearchAction","target":{"@type":"EntryPoint","urlTemplate":"https:\/\/kylkirauta.fi\/?s={search_term_string}"},"query-input":{"@type":"PropertyValueSpecification","valueRequired":true,"valueName":"search_term_string"}}],"inLanguage":"fi"},{"@type":"Person","@id":"https:\/\/kylkirauta.fi\/#\/schema\/person\/714ab39a349c656b20d60a239be1d6f6","name":"Kari Sainio","sameAs":["http:\/\/www.kylkirauta.fi"],"url":"https:\/\/kylkirauta.fi\/index.php\/author\/karisain\/"}]}},"_links":{"self":[{"href":"https:\/\/kylkirauta.fi\/index.php\/wp-json\/wp\/v2\/posts\/8124","targetHints":{"allow":["GET"]}}],"collection":[{"href":"https:\/\/kylkirauta.fi\/index.php\/wp-json\/wp\/v2\/posts"}],"about":[{"href":"https:\/\/kylkirauta.fi\/index.php\/wp-json\/wp\/v2\/types\/post"}],"author":[{"embeddable":true,"href":"https:\/\/kylkirauta.fi\/index.php\/wp-json\/wp\/v2\/users\/3"}],"replies":[{"embeddable":true,"href":"https:\/\/kylkirauta.fi\/index.php\/wp-json\/wp\/v2\/comments?post=8124"}],"version-history":[{"count":4,"href":"https:\/\/kylkirauta.fi\/index.php\/wp-json\/wp\/v2\/posts\/8124\/revisions"}],"predecessor-version":[{"id":8128,"href":"https:\/\/kylkirauta.fi\/index.php\/wp-json\/wp\/v2\/posts\/8124\/revisions\/8128"}],"wp:featuredmedia":[{"embeddable":true,"href":"https:\/\/kylkirauta.fi\/index.php\/wp-json\/wp\/v2\/media\/7658"}],"wp:attachment":[{"href":"https:\/\/kylkirauta.fi\/index.php\/wp-json\/wp\/v2\/media?parent=8124"}],"wp:term":[{"taxonomy":"category","embeddable":true,"href":"https:\/\/kylkirauta.fi\/index.php\/wp-json\/wp\/v2\/categories?post=8124"},{"taxonomy":"post_tag","embeddable":true,"href":"https:\/\/kylkirauta.fi\/index.php\/wp-json\/wp\/v2\/tags?post=8124"}],"curies":[{"name":"wp","href":"https:\/\/api.w.org\/{rel}","templated":true}]}}