{"id":7884,"date":"2025-02-27T11:53:16","date_gmt":"2025-02-27T09:53:16","guid":{"rendered":"https:\/\/kylkirauta.fi\/?p=7884"},"modified":"2025-03-13T09:47:40","modified_gmt":"2025-03-13T07:47:40","slug":"taisteluammuntojen-anti","status":"publish","type":"post","link":"https:\/\/kylkirauta.fi\/index.php\/2025\/02\/27\/taisteluammuntojen-anti\/","title":{"rendered":"Kadetin ajatuksia 18 &#8211; Taisteluammuntojen anti"},"content":{"rendered":"<div id='full_slider_1'  class='avia-fullwidth-slider main_color avia-shadow   avia-builder-el-0  el_before_av_one_full  avia-builder-el-first   container_wrap sidebar_right'  ><div  class='avia-slideshow av-l9olo-eba87a12f940917775723c57f530a7d6 avia-slideshow-no scaling av_slideshow_full avia-slide-slider av-slideshow-ui av-control-default av-slideshow-manual av-loop-once av-loop-manual-endless av-default-height-applied   avia-slideshow-1' data-slideshow-options=\"{&quot;animation&quot;:&quot;slide&quot;,&quot;autoplay&quot;:false,&quot;loop_autoplay&quot;:&quot;once&quot;,&quot;interval&quot;:5,&quot;loop_manual&quot;:&quot;manual-endless&quot;,&quot;autoplay_stopper&quot;:false,&quot;noNavigation&quot;:false,&quot;bg_slider&quot;:false,&quot;keep_padding&quot;:false,&quot;hoverpause&quot;:false,&quot;show_slide_delay&quot;:0}\"  itemprop=\"image\" itemscope=\"itemscope\" itemtype=\"https:\/\/schema.org\/ImageObject\" ><ul class='avia-slideshow-inner ' style='padding-bottom: 15.283203125%;'><li  class='avia-slideshow-slide av-l9olo-eba87a12f940917775723c57f530a7d6__0  av-single-slide slide-1 slide-odd'><div data-rel='slideshow-1' class='avia-slide-wrap '   ><img decoding=\"async\" fetchpriority=\"high\" class=\"wp-image-3149 avia-img-lazy-loading-not-3149\"  src=\"https:\/\/kylkirauta.fi\/wp-content\/uploads\/2020\/02\/miekka_logo_v2.png\" width=\"2048\" height=\"313\" title='miekka_logo_v2' alt=''  itemprop=\"thumbnailUrl\" srcset=\"https:\/\/kylkirauta.fi\/wp-content\/uploads\/2020\/02\/miekka_logo_v2.png 2048w, https:\/\/kylkirauta.fi\/wp-content\/uploads\/2020\/02\/miekka_logo_v2-300x46.png 300w, https:\/\/kylkirauta.fi\/wp-content\/uploads\/2020\/02\/miekka_logo_v2-1030x157.png 1030w, https:\/\/kylkirauta.fi\/wp-content\/uploads\/2020\/02\/miekka_logo_v2-768x117.png 768w, https:\/\/kylkirauta.fi\/wp-content\/uploads\/2020\/02\/miekka_logo_v2-1536x235.png 1536w, https:\/\/kylkirauta.fi\/wp-content\/uploads\/2020\/02\/miekka_logo_v2-1500x229.png 1500w, https:\/\/kylkirauta.fi\/wp-content\/uploads\/2020\/02\/miekka_logo_v2-705x108.png 705w\" sizes=\"(max-width: 2048px) 100vw, 2048px\" \/><\/div><\/li><\/ul><\/div><\/div><div id='after_full_slider_1'  class='main_color av_default_container_wrap container_wrap sidebar_right'  ><div class='container av-section-cont-open' ><div class='template-page content  av-content-small alpha units'><div class='post-entry post-entry-type-page post-entry-7884'><div class='entry-content-wrapper clearfix'>\n\n<style type=\"text\/css\" data-created_by=\"avia_inline_auto\" id=\"style-css-av-km4zs-0614ada41eb3461e6efbb361dfbae970\">\n.flex_column.av-km4zs-0614ada41eb3461e6efbb361dfbae970{\nborder-radius:0px 0px 0px 0px;\npadding:0px 0px 0px 0px;\n}\n<\/style>\n<div  class='flex_column av-km4zs-0614ada41eb3461e6efbb361dfbae970 av_one_full  avia-builder-el-1  el_after_av_slideshow_full  el_before_av_hr  avia-builder-el-first  first flex_column_div av-zero-column-padding  '     ><p>\n<style type=\"text\/css\" data-created_by=\"avia_inline_auto\" id=\"style-css-av-2q1d15-36dcdea261fe2f51181dff93c390f6ce\">\n#top .av-special-heading.av-2q1d15-36dcdea261fe2f51181dff93c390f6ce{\npadding-bottom:10px;\n}\nbody .av-special-heading.av-2q1d15-36dcdea261fe2f51181dff93c390f6ce .av-special-heading-tag .heading-char{\nfont-size:25px;\n}\n.av-special-heading.av-2q1d15-36dcdea261fe2f51181dff93c390f6ce .av-subheading{\nfont-size:15px;\n}\n<\/style>\n<div  class='av-special-heading av-2q1d15-36dcdea261fe2f51181dff93c390f6ce av-special-heading-h3  avia-builder-el-2  el_before_av_hr  avia-builder-el-first  av-linked-heading'><h3 class='av-special-heading-tag'  itemprop=\"headline\"  >Kadetin ajatuksia 18 &#8211; Taisteluammuntojen anti <\/h3><div class=\"special-heading-border\"><div class=\"special-heading-inner-border\"><\/div><\/div><\/div><br \/>\n\n<style type=\"text\/css\" data-created_by=\"avia_inline_auto\" id=\"style-css-av-k1to1iy9-0b4b8d7a542aef095c0d71f3b4e8b649\">\n#top .hr.hr-invisible.av-k1to1iy9-0b4b8d7a542aef095c0d71f3b4e8b649{\nheight:20px;\n}\n<\/style>\n<div  class='hr av-k1to1iy9-0b4b8d7a542aef095c0d71f3b4e8b649 hr-invisible  avia-builder-el-3  el_after_av_heading  el_before_av_textblock '><span class='hr-inner '><span class=\"hr-inner-style\"><\/span><\/span><\/div><br \/>\n<section  class='av_textblock_section av-k8d08-b6982eb89db820e3f2ea785bf1b317fd '   itemscope=\"itemscope\" itemtype=\"https:\/\/schema.org\/BlogPosting\" itemprop=\"blogPost\" ><div class='avia_textblock'  itemprop=\"text\" ><p><em><strong>Olimme tammikuussa kolme viikkoa Kuhmon Vuosangassa ampuma- ja taisteluharjoituksessa. Harjoituksen p\u00e4\u00e4tavoitteena oli hankkia toisen vuosikurssin kadeteille ryhm\u00e4ammuntojen johtamiseen oikeuttavat valmiudet ja meille ensimm\u00e4isen vuosikurssin kadeteille valmiudet toimia tulitoiminnan valvojana. Harjoitus oli jaettu osiin, joissa kolmasosa kurssistamme vuorollaan toimi tulitoiminnan valvojina, ampuvana joukkona tai harjoitteli tiedustelujoukkueen toimintoja taisteluharjoituksessa.<\/strong><\/em><\/p>\n<p><img loading=\"lazy\" decoding=\"async\" class=\"aligncenter wp-image-7885 size-full\" src=\"https:\/\/kylkirauta.fi\/wp-content\/uploads\/2025\/02\/Joona-Sorvari-1.jpg\" alt=\"\" width=\"480\" height=\"640\" srcset=\"https:\/\/kylkirauta.fi\/wp-content\/uploads\/2025\/02\/Joona-Sorvari-1.jpg 480w, https:\/\/kylkirauta.fi\/wp-content\/uploads\/2025\/02\/Joona-Sorvari-1-225x300.jpg 225w\" sizes=\"auto, (max-width: 480px) 100vw, 480px\" \/><\/p>\n<p>Taisteluammunnat ovat taistelukoulutusta kovin ampumatarvikkein. T\u00e4m\u00e4 mieless\u00e4 kurssimme antoi n\u00e4ytt\u00f6j\u00e4 tulitoiminnanvalvojana toimimiseen. Perusteelliset koulutukset sek\u00e4 aikaisemmin l\u00e4p\u00e4isty teoriakoe antoivat t\u00e4h\u00e4n parhaan mahdollisen tilaisuuden.<\/p>\n<p><em><strong>Ensimm\u00e4inen p\u00e4iv\u00e4 maalilaitteiden parissa <\/strong><\/em><\/p>\n<p>Her\u00e4tys puolijoukkueteltassa oli klo 06.00.\u00a0 Telttakankaan ulkopuolella l\u00e4mp\u00f6tila oli laskenut l\u00e4helle -20 astetta. Vuorossa olisi aamup\u00e4iv\u00e4 maalilaiteupseerin apulaisena, josta iltap\u00e4iv\u00e4n ammuntoihin vastuu vaihtuisi k\u00e4rkipartion tulitoiminnan valvojaksi.\u00a0 Aamutuimaan k\u00e4vimme ampumaty\u00f6ryhm\u00e4n kanssa p\u00e4iv\u00e4n toimintasuunnitelman l\u00e4pi. Ensimm\u00e4inen teht\u00e4v\u00e4 oli akkujen asentaminen maalilaitteisiin sek\u00e4 tulenkuvauskent\u00e4n valmistelu. Yhdess\u00e4 maalilaiteupseerin ja toisen apulaisen kanssa saatettiin maalitoiminta valmiiksi ammuntaa varten. Lopuksi viel\u00e4 r\u00e4j\u00e4hdekent\u00e4n vastuksen mittaaminen vastusmittarilla. Mittarin tulos oli oikea, ja panokset voitiin asentaa paikoilleen, ja lopuksi kentt\u00e4 yhdist\u00e4\u00e4 runkokaapeliin.<\/p>\n<p>T\u00e4ss\u00e4 kohtaa alkoi jo aurinkokin osoittamaan her\u00e4\u00e4misen merkkej\u00e4. Puiden lomitse paistava aamuaurinko sai kuuran kimaltelemaan puiden kyljiss\u00e4. Hymyss\u00e4 suin sai ahkiota kiskoa ja pohtia kiitollisena, miten upeasti yhdistyy yliopiston akateemisuus ja luonnossa liikkuminen. Koko p\u00e4iv\u00e4 tulisi vietetty\u00e4 ulkosalla, taukojen aikana oli toki mahdollisuus hy\u00f6dynt\u00e4\u00e4 nuotiota. Aamun osalta maalitoiminta oli varmistettu ja ep\u00e4suoraa tulta sek\u00e4 vaunun tuhoutumista kuvaavat kent\u00e4t olivat valmisteltu.<\/p>\n<p><em><strong>Lipas kiinnit\u00e4, lataa ja varmista!<\/strong><\/em><\/p>\n<p>Aamun ensimm\u00e4inen kovapanosvaihe meni onnistuneesti ja mik\u00e4 t\u00e4rkeint\u00e4 \u2500 turvallisesti. Maalipellit kaatuivat, singot osuivat ja tulenkuvauskent\u00e4t r\u00e4j\u00e4htiv\u00e4t. Ampuva joukko sai hyv\u00e4\u00e4 palautetta aktiivisesta tilannetietoisuuden jakamisesta. Parannettavaa j\u00e4i tuliasematoimintaan, joka hieman oli ollut passiivista. Seuraavaksi olisi tauko ja valmistautuminen illan ammuntaan.<\/p>\n<p>Pimeyden laskeuduttua harjoiteltiin hy\u00f6kk\u00e4ys liikerataharjoitteluna pime\u00e4toiminnan erityispiirteiden ja varom\u00e4\u00e4r\u00e4yksien vuoksi. Uutena tulisi valon vahvistimien k\u00e4ytt\u00f6 hy\u00f6kk\u00e4yksess\u00e4 sek\u00e4 sinkojen k\u00e4ytt\u00f6 valaisukierrosten avulla.\u00a0 N\u00e4it\u00e4 toimia harjoiteltiin viel\u00e4 partioittain ennen kovapanosvaihetta.<\/p>\n<p><img loading=\"lazy\" decoding=\"async\" class=\"aligncenter wp-image-7886 size-full\" src=\"https:\/\/kylkirauta.fi\/wp-content\/uploads\/2025\/02\/Joona-Sorvari-2.jpg\" alt=\"\" width=\"640\" height=\"480\" srcset=\"https:\/\/kylkirauta.fi\/wp-content\/uploads\/2025\/02\/Joona-Sorvari-2.jpg 640w, https:\/\/kylkirauta.fi\/wp-content\/uploads\/2025\/02\/Joona-Sorvari-2-300x225.jpg 300w\" sizes=\"auto, (max-width: 640px) 100vw, 640px\" \/><\/p>\n<p>Aseen piippu maalialueelle, lipas kiinni, lataus ja varmistus. Kun aseet oli ladattu, ilmoitettiin ammunnanjohtajalle k\u00e4rkipartion valmius. Hy\u00f6kk\u00e4ys saattoi alkaa. Ensimm\u00e4isell\u00e4 tasalla valoraketin valaisu onnistui ja kevyen kertasingon harjoitusraketit l\u00e4p\u00e4isiv\u00e4t vaunun tornin juuresta. Viel\u00e4 hy\u00f6kk\u00e4ys tavoitteeseen ja tasalla vihollisen vastahy\u00f6kk\u00e4yksen voitokas torjunta.<\/p>\n<p>Paluumatkalla aloituspaikalle k\u00e4ytiin partion kanssa antoisa palautekeskustelu. Aktiivinen tuliasematoiminta oli kehittynyt aamusta. Hyvi\u00e4 havaintoja tuli yhteydenpidon haasteista etenkin valaisuun liittyen. Mielt\u00e4 l\u00e4mmitti ampuvan joukon tyytyv\u00e4isyys omaan suoritukseen, sek\u00e4 huomattava kehitys koko ryhm\u00e4n toiminnassa.<\/p>\n<p><em><strong>Ammatillinen kokemus lis\u00e4\u00e4ntyi<\/strong><\/em><\/p>\n<p>Kokonaisuudessaan ammuntojen eri toimihenkil\u00f6teht\u00e4v\u00e4t antoivat eritt\u00e4in paljon ammatillista kokemusta. Teht\u00e4v\u00e4t taisteluv\u00e4lineupseerina, tulitoiminnanvalvojana ja maalilaiteupseerin apulaisena opettivat erityisesti tiimity\u00f6skentelytaitoja. Palautteen merkitys korostui erityisesti kouluttajan n\u00e4k\u00f6kulmasta. Hyvin muotoiltu sek\u00e4 motivoiva ja oikea-aikainen palaute nostaa joukon osaamisen tasoa. T\u00e4llekin oppimisen teorialle saatiin siis vastaus my\u00f6s \u201dauditorion ulkopuolelta\u201d. Kokonaisuutena mahtava ja antoisa harjoitus keskell\u00e4 kauneinta talvista Kuhmoa. N\u00e4hd\u00e4\u00e4n taas ensi vuoden tammikuussa.<\/p>\n<p style=\"text-align: center;\">***<\/p>\n<p><em>Kirjoittaja kadetti Joona opiskelee 111. kadettikurssilla maavoimien koulutusohjelmassa ja nauttii suunnattomasti jalkav\u00e4en yksinkertaisuudesta akateemisuuden keskell\u00e4.<\/em><\/p>\n<p><em>Kuvat kirjoittajan<\/em><\/p>\n<\/div><\/section><\/p><\/div><div  class='hr av-24tmga-ca34d41ef5ec5fc4314b98a56dee3817 hr-default  avia-builder-el-5  el_after_av_one_full  el_before_av_blog '><span class='hr-inner '><span class=\"hr-inner-style\"><\/span><\/span><\/div><\/p>\n<div  class='av-alb-blogposts template-blog  '  itemscope=\"itemscope\" itemtype=\"https:\/\/schema.org\/Blog\" ><article class=\"post-entry post-entry-type-standard post-entry-8522 post-loop-1 post-parity-odd bloglist-simple with-slider post-8522 post type-post status-publish format-standard has-post-thumbnail hentry category-115 category-blogi category-blogi-2025\"  itemscope=\"itemscope\" itemtype=\"https:\/\/schema.org\/BlogPosting\" ><div class=\"blog-meta\"><\/div><div class='entry-content-wrapper clearfix standard-content'><header class=\"entry-content-header\"><h2 class='post-title entry-title '  itemprop=\"headline\" ><a href=\"https:\/\/kylkirauta.fi\/index.php\/2025\/12\/04\/kadetin-ajatuksia-25-ensimmainen-syksy-kadettina-kasvua-kuria-ja-yhteisollisyytta\/\" rel=\"bookmark\" title=\"Permanent Link: Kadetin ajatuksia 25 &#8211; Ensimm\u00e4inen syksy kadettina, kasvua, kuria ja yhteis\u00f6llisyytt\u00e4\">Kadetin ajatuksia 25 &#8211; Ensimm\u00e4inen syksy kadettina, kasvua, kuria ja yhteis\u00f6llisyytt\u00e4<span class=\"post-format-icon minor-meta\"><\/span><\/a><\/h2><span class=\"post-meta-infos\"><time class=\"date-container minor-meta updated\"  itemprop=\"datePublished\" datetime=\"2025-12-04T14:21:39+02:00\" >4.12.2025<\/time><span class=\"text-sep\">\/<\/span><span class=\"blog-categories minor-meta\">in <a href=\"https:\/\/kylkirauta.fi\/index.php\/category\/2025\/\" rel=\"tag\">2025<\/a>, <a href=\"https:\/\/kylkirauta.fi\/index.php\/category\/blogi\/\" rel=\"tag\">Blogi<\/a>, <a href=\"https:\/\/kylkirauta.fi\/index.php\/category\/blogi-2025\/\" rel=\"tag\">Blogi 2025<\/a><\/span><span class=\"text-sep\">\/<\/span><span class=\"blog-author minor-meta\">by <span class=\"entry-author-link\"  itemprop=\"author\" ><span class=\"author\"><span class=\"fn\"><a href=\"https:\/\/kylkirauta.fi\/index.php\/author\/karisain\/\" title=\"Kirjoittanut: Kari Sainio\" rel=\"author\">Kari Sainio<\/a><\/span><\/span><\/span><\/span><div class=\"read-more-link\"><a href=\"https:\/\/kylkirauta.fi\/index.php\/2025\/12\/04\/kadetin-ajatuksia-25-ensimmainen-syksy-kadettina-kasvua-kuria-ja-yhteisollisyytta\/\" class=\"more-link\">Read more<span class=\"more-link-arrow\"><\/span><\/a><\/div><\/span><\/header><footer class=\"entry-footer\"><\/footer><div class='post_delimiter'><\/div><\/div><div class=\"post_author_timeline\"><\/div><span class='hidden'>\n\t\t\t\t<span class='av-structured-data'  itemprop=\"image\" itemscope=\"itemscope\" itemtype=\"https:\/\/schema.org\/ImageObject\" >\n\t\t\t\t\t\t<span itemprop='url'>https:\/\/kylkirauta.fi\/wp-content\/uploads\/2025\/12\/Konola-02122025-Artikkeli-3.jpg<\/span>\n\t\t\t\t\t\t<span itemprop='height'>487<\/span>\n\t\t\t\t\t\t<span itemprop='width'>843<\/span>\n\t\t\t\t<\/span>\n\t\t\t\t<span class='av-structured-data'  itemprop=\"publisher\" itemtype=\"https:\/\/schema.org\/Organization\" itemscope=\"itemscope\" >\n\t\t\t\t\t\t<span itemprop='name'>Kari Sainio<\/span>\n\t\t\t\t\t\t<span itemprop='logo' itemscope itemtype='https:\/\/schema.org\/ImageObject'>\n\t\t\t\t\t\t\t<span itemprop='url'>https:\/\/kylkirauta.fi\/wp-content\/uploads\/2020\/02\/kkunta_weblogo-100x100-1.png<\/span>\n\t\t\t\t\t\t<\/span>\n\t\t\t\t<\/span><span class='av-structured-data'  itemprop=\"author\" itemscope=\"itemscope\" itemtype=\"https:\/\/schema.org\/Person\" ><span itemprop='name'>Kari Sainio<\/span><\/span><span class='av-structured-data'  itemprop=\"datePublished\" datetime=\"2025-12-04T14:21:39+02:00\" >2025-12-04 14:21:39<\/span><span class='av-structured-data'  itemprop=\"dateModified\" itemtype=\"https:\/\/schema.org\/dateModified\" >2025-12-04 14:28:57<\/span><span class='av-structured-data'  itemprop=\"mainEntityOfPage\" itemtype=\"https:\/\/schema.org\/mainEntityOfPage\" ><span itemprop='name'>Kadetin ajatuksia 25 &#8211; Ensimm\u00e4inen syksy kadettina, kasvua, kuria ja yhteis\u00f6llisyytt\u00e4<\/span><\/span><\/span><\/article><article class=\"post-entry post-entry-type-standard post-entry-8485 post-loop-2 post-parity-even bloglist-simple with-slider post-8485 post type-post status-publish format-standard has-post-thumbnail hentry category-115 category-blogi category-blogi-2025\"  itemscope=\"itemscope\" itemtype=\"https:\/\/schema.org\/BlogPosting\" ><div class=\"blog-meta\"><\/div><div class='entry-content-wrapper clearfix standard-content'><header class=\"entry-content-header\"><h2 class='post-title entry-title '  itemprop=\"headline\" ><a href=\"https:\/\/kylkirauta.fi\/index.php\/2025\/11\/05\/vihijohtaja-liiallinen-tyomaara-liian-vahan-tekijoita-ja-liian-laaja-tehtavakentta\/\" rel=\"bookmark\" title=\"Permanent Link: Vihijohtaja: \u201dLiiallinen ty\u00f6m\u00e4\u00e4r\u00e4, liian v\u00e4h\u00e4n tekij\u00f6it\u00e4 ja liian laaja teht\u00e4v\u00e4kentt\u00e4\u201d\">Vihijohtaja: \u201dLiiallinen ty\u00f6m\u00e4\u00e4r\u00e4, liian v\u00e4h\u00e4n tekij\u00f6it\u00e4 ja liian laaja teht\u00e4v\u00e4kentt\u00e4\u201d<span class=\"post-format-icon minor-meta\"><\/span><\/a><\/h2><span class=\"post-meta-infos\"><time class=\"date-container minor-meta updated\"  itemprop=\"datePublished\" datetime=\"2025-11-05T13:26:35+02:00\" >5.11.2025<\/time><span class=\"text-sep\">\/<\/span><span class=\"blog-categories minor-meta\">in <a href=\"https:\/\/kylkirauta.fi\/index.php\/category\/2025\/\" rel=\"tag\">2025<\/a>, <a href=\"https:\/\/kylkirauta.fi\/index.php\/category\/blogi\/\" rel=\"tag\">Blogi<\/a>, <a href=\"https:\/\/kylkirauta.fi\/index.php\/category\/blogi-2025\/\" rel=\"tag\">Blogi 2025<\/a><\/span><span class=\"text-sep\">\/<\/span><span class=\"blog-author minor-meta\">by <span class=\"entry-author-link\"  itemprop=\"author\" ><span class=\"author\"><span class=\"fn\"><a href=\"https:\/\/kylkirauta.fi\/index.php\/author\/karisain\/\" title=\"Kirjoittanut: Kari Sainio\" rel=\"author\">Kari Sainio<\/a><\/span><\/span><\/span><\/span><div class=\"read-more-link\"><a href=\"https:\/\/kylkirauta.fi\/index.php\/2025\/11\/05\/vihijohtaja-liiallinen-tyomaara-liian-vahan-tekijoita-ja-liian-laaja-tehtavakentta\/\" class=\"more-link\">Read more<span class=\"more-link-arrow\"><\/span><\/a><\/div><\/span><\/header><footer class=\"entry-footer\"><\/footer><div class='post_delimiter'><\/div><\/div><div class=\"post_author_timeline\"><\/div><span class='hidden'>\n\t\t\t\t<span class='av-structured-data'  itemprop=\"image\" itemscope=\"itemscope\" itemtype=\"https:\/\/schema.org\/ImageObject\" >\n\t\t\t\t\t\t<span itemprop='url'>https:\/\/kylkirauta.fi\/wp-content\/uploads\/2025\/11\/Vihijohtaja-marras-2025-artikkeli-paivitetty.jpg<\/span>\n\t\t\t\t\t\t<span itemprop='height'>487<\/span>\n\t\t\t\t\t\t<span itemprop='width'>843<\/span>\n\t\t\t\t<\/span>\n\t\t\t\t<span class='av-structured-data'  itemprop=\"publisher\" itemtype=\"https:\/\/schema.org\/Organization\" itemscope=\"itemscope\" >\n\t\t\t\t\t\t<span itemprop='name'>Kari Sainio<\/span>\n\t\t\t\t\t\t<span itemprop='logo' itemscope itemtype='https:\/\/schema.org\/ImageObject'>\n\t\t\t\t\t\t\t<span itemprop='url'>https:\/\/kylkirauta.fi\/wp-content\/uploads\/2020\/02\/kkunta_weblogo-100x100-1.png<\/span>\n\t\t\t\t\t\t<\/span>\n\t\t\t\t<\/span><span class='av-structured-data'  itemprop=\"author\" itemscope=\"itemscope\" itemtype=\"https:\/\/schema.org\/Person\" ><span itemprop='name'>Kari Sainio<\/span><\/span><span class='av-structured-data'  itemprop=\"datePublished\" datetime=\"2025-11-05T13:26:35+02:00\" >2025-11-05 13:26:35<\/span><span class='av-structured-data'  itemprop=\"dateModified\" itemtype=\"https:\/\/schema.org\/dateModified\" >2025-11-05 13:47:41<\/span><span class='av-structured-data'  itemprop=\"mainEntityOfPage\" itemtype=\"https:\/\/schema.org\/mainEntityOfPage\" ><span itemprop='name'>Vihijohtaja: \u201dLiiallinen ty\u00f6m\u00e4\u00e4r\u00e4, liian v\u00e4h\u00e4n tekij\u00f6it\u00e4 ja liian laaja teht\u00e4v\u00e4kentt\u00e4\u201d<\/span><\/span><\/span><\/article><article class=\"post-entry post-entry-type-standard post-entry-8466 post-loop-3 post-parity-odd bloglist-simple with-slider post-8466 post type-post status-publish format-standard has-post-thumbnail hentry category-115 category-blogi category-blogi-2025\"  itemscope=\"itemscope\" itemtype=\"https:\/\/schema.org\/BlogPosting\" ><div class=\"blog-meta\"><\/div><div class='entry-content-wrapper clearfix standard-content'><header class=\"entry-content-header\"><h2 class='post-title entry-title '  itemprop=\"headline\" ><a href=\"https:\/\/kylkirauta.fi\/index.php\/2025\/10\/28\/kadetin-ajatuksia-24-nuorten-maanpuolustuskeskustelut-santahaminassa\/\" rel=\"bookmark\" title=\"Permanent Link: Kadetin ajatuksia 24 &#8211; Nuorten Maanpuolustuskeskustelut Santahaminassa\">Kadetin ajatuksia 24 &#8211; Nuorten Maanpuolustuskeskustelut Santahaminassa<span class=\"post-format-icon minor-meta\"><\/span><\/a><\/h2><span class=\"post-meta-infos\"><time class=\"date-container minor-meta updated\"  itemprop=\"datePublished\" datetime=\"2025-10-28T18:17:40+02:00\" >28.10.2025<\/time><span class=\"text-sep\">\/<\/span><span class=\"blog-categories minor-meta\">in <a href=\"https:\/\/kylkirauta.fi\/index.php\/category\/2025\/\" rel=\"tag\">2025<\/a>, <a href=\"https:\/\/kylkirauta.fi\/index.php\/category\/blogi\/\" rel=\"tag\">Blogi<\/a>, <a href=\"https:\/\/kylkirauta.fi\/index.php\/category\/blogi-2025\/\" rel=\"tag\">Blogi 2025<\/a><\/span><span class=\"text-sep\">\/<\/span><span class=\"blog-author minor-meta\">by <span class=\"entry-author-link\"  itemprop=\"author\" ><span class=\"author\"><span class=\"fn\"><a href=\"https:\/\/kylkirauta.fi\/index.php\/author\/karisain\/\" title=\"Kirjoittanut: Kari Sainio\" rel=\"author\">Kari Sainio<\/a><\/span><\/span><\/span><\/span><div class=\"read-more-link\"><a href=\"https:\/\/kylkirauta.fi\/index.php\/2025\/10\/28\/kadetin-ajatuksia-24-nuorten-maanpuolustuskeskustelut-santahaminassa\/\" class=\"more-link\">Read more<span class=\"more-link-arrow\"><\/span><\/a><\/div><\/span><\/header><footer class=\"entry-footer\"><\/footer><div class='post_delimiter'><\/div><\/div><div class=\"post_author_timeline\"><\/div><span class='hidden'>\n\t\t\t\t<span class='av-structured-data'  itemprop=\"image\" itemscope=\"itemscope\" itemtype=\"https:\/\/schema.org\/ImageObject\" >\n\t\t\t\t\t\t<span itemprop='url'>https:\/\/kylkirauta.fi\/wp-content\/uploads\/2025\/10\/Maanpuolustuskeskustelut-2025-artikkeli-2.jpg<\/span>\n\t\t\t\t\t\t<span itemprop='height'>487<\/span>\n\t\t\t\t\t\t<span itemprop='width'>843<\/span>\n\t\t\t\t<\/span>\n\t\t\t\t<span class='av-structured-data'  itemprop=\"publisher\" itemtype=\"https:\/\/schema.org\/Organization\" itemscope=\"itemscope\" >\n\t\t\t\t\t\t<span itemprop='name'>Kari Sainio<\/span>\n\t\t\t\t\t\t<span itemprop='logo' itemscope itemtype='https:\/\/schema.org\/ImageObject'>\n\t\t\t\t\t\t\t<span itemprop='url'>https:\/\/kylkirauta.fi\/wp-content\/uploads\/2020\/02\/kkunta_weblogo-100x100-1.png<\/span>\n\t\t\t\t\t\t<\/span>\n\t\t\t\t<\/span><span class='av-structured-data'  itemprop=\"author\" itemscope=\"itemscope\" itemtype=\"https:\/\/schema.org\/Person\" ><span itemprop='name'>Kari Sainio<\/span><\/span><span class='av-structured-data'  itemprop=\"datePublished\" datetime=\"2025-10-28T18:17:40+02:00\" >2025-10-28 18:17:40<\/span><span class='av-structured-data'  itemprop=\"dateModified\" itemtype=\"https:\/\/schema.org\/dateModified\" >2025-10-28 18:18:58<\/span><span class='av-structured-data'  itemprop=\"mainEntityOfPage\" itemtype=\"https:\/\/schema.org\/mainEntityOfPage\" ><span itemprop='name'>Kadetin ajatuksia 24 &#8211; Nuorten Maanpuolustuskeskustelut Santahaminassa<\/span><\/span><\/span><\/article><article class=\"post-entry post-entry-type-standard post-entry-8409 post-loop-4 post-parity-even bloglist-simple with-slider post-8409 post type-post status-publish format-standard has-post-thumbnail hentry category-115 category-blogi category-blogi-2025\"  itemscope=\"itemscope\" itemtype=\"https:\/\/schema.org\/BlogPosting\" ><div class=\"blog-meta\"><\/div><div class='entry-content-wrapper clearfix standard-content'><header class=\"entry-content-header\"><h2 class='post-title entry-title '  itemprop=\"headline\" ><a href=\"https:\/\/kylkirauta.fi\/index.php\/2025\/10\/15\/vihijohtaja-informaatiovaikuttaminen-kokonaisvaltaista-narratiivia-ja-strategista-viestintaa\/\" rel=\"bookmark\" title=\"Permanent Link: Vihijohtaja: Informaatiovaikuttaminen \u2013 kokonaisvaltaista narratiivia ja strategista viestint\u00e4\u00e4\">Vihijohtaja: Informaatiovaikuttaminen \u2013 kokonaisvaltaista narratiivia ja strategista viestint\u00e4\u00e4<span class=\"post-format-icon minor-meta\"><\/span><\/a><\/h2><span class=\"post-meta-infos\"><time class=\"date-container minor-meta updated\"  itemprop=\"datePublished\" datetime=\"2025-10-15T12:14:31+03:00\" >15.10.2025<\/time><span class=\"text-sep\">\/<\/span><span class=\"blog-categories minor-meta\">in <a href=\"https:\/\/kylkirauta.fi\/index.php\/category\/2025\/\" rel=\"tag\">2025<\/a>, <a href=\"https:\/\/kylkirauta.fi\/index.php\/category\/blogi\/\" rel=\"tag\">Blogi<\/a>, <a href=\"https:\/\/kylkirauta.fi\/index.php\/category\/blogi-2025\/\" rel=\"tag\">Blogi 2025<\/a><\/span><span class=\"text-sep\">\/<\/span><span class=\"blog-author minor-meta\">by <span class=\"entry-author-link\"  itemprop=\"author\" ><span class=\"author\"><span class=\"fn\"><a href=\"https:\/\/kylkirauta.fi\/index.php\/author\/karisain\/\" title=\"Kirjoittanut: Kari Sainio\" rel=\"author\">Kari Sainio<\/a><\/span><\/span><\/span><\/span><div class=\"read-more-link\"><a href=\"https:\/\/kylkirauta.fi\/index.php\/2025\/10\/15\/vihijohtaja-informaatiovaikuttaminen-kokonaisvaltaista-narratiivia-ja-strategista-viestintaa\/\" class=\"more-link\">Read more<span class=\"more-link-arrow\"><\/span><\/a><\/div><\/span><\/header><footer class=\"entry-footer\"><\/footer><div class='post_delimiter'><\/div><\/div><div class=\"post_author_timeline\"><\/div><span class='hidden'>\n\t\t\t\t<span class='av-structured-data'  itemprop=\"image\" itemscope=\"itemscope\" itemtype=\"https:\/\/schema.org\/ImageObject\" >\n\t\t\t\t\t\t<span itemprop='url'>https:\/\/kylkirauta.fi\/wp-content\/uploads\/2025\/10\/Saressalo-artikkeli.jpg<\/span>\n\t\t\t\t\t\t<span itemprop='height'>487<\/span>\n\t\t\t\t\t\t<span itemprop='width'>843<\/span>\n\t\t\t\t<\/span>\n\t\t\t\t<span class='av-structured-data'  itemprop=\"publisher\" itemtype=\"https:\/\/schema.org\/Organization\" itemscope=\"itemscope\" >\n\t\t\t\t\t\t<span itemprop='name'>Kari Sainio<\/span>\n\t\t\t\t\t\t<span itemprop='logo' itemscope itemtype='https:\/\/schema.org\/ImageObject'>\n\t\t\t\t\t\t\t<span itemprop='url'>https:\/\/kylkirauta.fi\/wp-content\/uploads\/2020\/02\/kkunta_weblogo-100x100-1.png<\/span>\n\t\t\t\t\t\t<\/span>\n\t\t\t\t<\/span><span class='av-structured-data'  itemprop=\"author\" itemscope=\"itemscope\" itemtype=\"https:\/\/schema.org\/Person\" ><span itemprop='name'>Kari Sainio<\/span><\/span><span class='av-structured-data'  itemprop=\"datePublished\" datetime=\"2025-10-15T12:14:31+03:00\" >2025-10-15 12:14:31<\/span><span class='av-structured-data'  itemprop=\"dateModified\" itemtype=\"https:\/\/schema.org\/dateModified\" >2025-10-15 12:14:31<\/span><span class='av-structured-data'  itemprop=\"mainEntityOfPage\" itemtype=\"https:\/\/schema.org\/mainEntityOfPage\" ><span itemprop='name'>Vihijohtaja: Informaatiovaikuttaminen \u2013 kokonaisvaltaista narratiivia ja strategista viestint\u00e4\u00e4<\/span><\/span><\/span><\/article><article class=\"post-entry post-entry-type-standard post-entry-8368 post-loop-5 post-parity-odd post-entry-last bloglist-simple with-slider post-8368 post type-post status-publish format-standard has-post-thumbnail hentry category-115 category-blogi category-blogi-2025\"  itemscope=\"itemscope\" itemtype=\"https:\/\/schema.org\/BlogPosting\" ><div class=\"blog-meta\"><\/div><div class='entry-content-wrapper clearfix standard-content'><header class=\"entry-content-header\"><h2 class='post-title entry-title '  itemprop=\"headline\" ><a href=\"https:\/\/kylkirauta.fi\/index.php\/2025\/09\/08\/vihijohtaja-katupoika-kognitiivisena-sodankavijana\/\" rel=\"bookmark\" title=\"Permanent Link: Vihijohtaja: Katupoika kognitiivisena sodank\u00e4vij\u00e4n\u00e4\">Vihijohtaja: Katupoika kognitiivisena sodank\u00e4vij\u00e4n\u00e4<span class=\"post-format-icon minor-meta\"><\/span><\/a><\/h2><span class=\"post-meta-infos\"><time class=\"date-container minor-meta updated\"  itemprop=\"datePublished\" datetime=\"2025-09-08T12:13:15+03:00\" >8.9.2025<\/time><span class=\"text-sep\">\/<\/span><span class=\"blog-categories minor-meta\">in <a href=\"https:\/\/kylkirauta.fi\/index.php\/category\/2025\/\" rel=\"tag\">2025<\/a>, <a href=\"https:\/\/kylkirauta.fi\/index.php\/category\/blogi\/\" rel=\"tag\">Blogi<\/a>, <a href=\"https:\/\/kylkirauta.fi\/index.php\/category\/blogi-2025\/\" rel=\"tag\">Blogi 2025<\/a><\/span><span class=\"text-sep\">\/<\/span><span class=\"blog-author minor-meta\">by <span class=\"entry-author-link\"  itemprop=\"author\" ><span class=\"author\"><span class=\"fn\"><a href=\"https:\/\/kylkirauta.fi\/index.php\/author\/karisain\/\" title=\"Kirjoittanut: Kari Sainio\" rel=\"author\">Kari Sainio<\/a><\/span><\/span><\/span><\/span><div class=\"read-more-link\"><a href=\"https:\/\/kylkirauta.fi\/index.php\/2025\/09\/08\/vihijohtaja-katupoika-kognitiivisena-sodankavijana\/\" class=\"more-link\">Read more<span class=\"more-link-arrow\"><\/span><\/a><\/div><\/span><\/header><footer class=\"entry-footer\"><\/footer><div class='post_delimiter'><\/div><\/div><div class=\"post_author_timeline\"><\/div><span class='hidden'>\n\t\t\t\t<span class='av-structured-data'  itemprop=\"image\" itemscope=\"itemscope\" itemtype=\"https:\/\/schema.org\/ImageObject\" >\n\t\t\t\t\t\t<span itemprop='url'>https:\/\/kylkirauta.fi\/wp-content\/uploads\/2025\/09\/Katupoika-08092025-artikkeli.jpg<\/span>\n\t\t\t\t\t\t<span itemprop='height'>487<\/span>\n\t\t\t\t\t\t<span itemprop='width'>843<\/span>\n\t\t\t\t<\/span>\n\t\t\t\t<span class='av-structured-data'  itemprop=\"publisher\" itemtype=\"https:\/\/schema.org\/Organization\" itemscope=\"itemscope\" >\n\t\t\t\t\t\t<span itemprop='name'>Kari Sainio<\/span>\n\t\t\t\t\t\t<span itemprop='logo' itemscope itemtype='https:\/\/schema.org\/ImageObject'>\n\t\t\t\t\t\t\t<span itemprop='url'>https:\/\/kylkirauta.fi\/wp-content\/uploads\/2020\/02\/kkunta_weblogo-100x100-1.png<\/span>\n\t\t\t\t\t\t<\/span>\n\t\t\t\t<\/span><span class='av-structured-data'  itemprop=\"author\" itemscope=\"itemscope\" itemtype=\"https:\/\/schema.org\/Person\" ><span itemprop='name'>Kari Sainio<\/span><\/span><span class='av-structured-data'  itemprop=\"datePublished\" datetime=\"2025-09-08T12:13:15+03:00\" >2025-09-08 12:13:15<\/span><span class='av-structured-data'  itemprop=\"dateModified\" itemtype=\"https:\/\/schema.org\/dateModified\" >2025-09-08 12:13:15<\/span><span class='av-structured-data'  itemprop=\"mainEntityOfPage\" itemtype=\"https:\/\/schema.org\/mainEntityOfPage\" ><span itemprop='name'>Vihijohtaja: Katupoika kognitiivisena sodank\u00e4vij\u00e4n\u00e4<\/span><\/span><\/span><\/article><div class='bloglist-simple'><nav class='pagination'><span class='pagination-meta'>Page 1 of 3<\/span><span class='current'>1<\/span><a href='https:\/\/kylkirauta.fi\/index.php\/wp-json\/wp\/v2\/posts\/7884\/page\/2\/' class='inactive next_page' >2<\/a><a href='https:\/\/kylkirauta.fi\/index.php\/wp-json\/wp\/v2\/posts\/7884\/page\/3\/' class='inactive' >3<\/a><\/nav>\n<\/div><\/div>\n","protected":false},"excerpt":{"rendered":"","protected":false},"author":3,"featured_media":7887,"comment_status":"closed","ping_status":"closed","sticky":false,"template":"","format":"standard","meta":{"footnotes":""},"categories":[107,115,3,117],"tags":[],"class_list":["post-7884","post","type-post","status-publish","format-standard","has-post-thumbnail","hentry","category-107","category-115","category-blogi","category-blogi-2025"],"yoast_head":"<!-- This site is optimized with the Yoast SEO plugin v27.5 - https:\/\/yoast.com\/product\/yoast-seo-wordpress\/ -->\n<title>Kadetin ajatuksia 18 - Taisteluammuntojen anti - Kylkirauta<\/title>\n<meta name=\"robots\" content=\"index, follow, max-snippet:-1, max-image-preview:large, max-video-preview:-1\" \/>\n<link rel=\"canonical\" href=\"https:\/\/kylkirauta.fi\/index.php\/2025\/02\/27\/taisteluammuntojen-anti\/\" \/>\n<meta property=\"og:locale\" content=\"fi_FI\" \/>\n<meta property=\"og:type\" content=\"article\" \/>\n<meta property=\"og:title\" content=\"Kadetin ajatuksia 18 - Taisteluammuntojen anti - Kylkirauta\" \/>\n<meta property=\"og:url\" content=\"https:\/\/kylkirauta.fi\/index.php\/2025\/02\/27\/taisteluammuntojen-anti\/\" \/>\n<meta property=\"og:site_name\" content=\"Kylkirauta\" \/>\n<meta property=\"article:published_time\" content=\"2025-02-27T09:53:16+00:00\" \/>\n<meta property=\"article:modified_time\" content=\"2025-03-13T07:47:40+00:00\" \/>\n<meta property=\"og:image\" content=\"https:\/\/kylkirauta.fi\/wp-content\/uploads\/2025\/02\/Joona-Sorvari-artikkeli.jpg\" \/>\n\t<meta property=\"og:image:width\" content=\"843\" \/>\n\t<meta property=\"og:image:height\" content=\"487\" \/>\n\t<meta property=\"og:image:type\" content=\"image\/jpeg\" \/>\n<meta name=\"author\" content=\"Kari Sainio\" \/>\n<meta name=\"twitter:card\" content=\"summary_large_image\" \/>\n<meta name=\"twitter:label1\" content=\"Kirjoittanut\" \/>\n\t<meta name=\"twitter:data1\" content=\"Kari Sainio\" \/>\n\t<meta name=\"twitter:label2\" content=\"Arvioitu lukuaika\" \/>\n\t<meta name=\"twitter:data2\" content=\"4 minuuttia\" \/>\n<script type=\"application\/ld+json\" class=\"yoast-schema-graph\">{\"@context\":\"https:\\\/\\\/schema.org\",\"@graph\":[{\"@type\":\"Article\",\"@id\":\"https:\\\/\\\/kylkirauta.fi\\\/index.php\\\/2025\\\/02\\\/27\\\/taisteluammuntojen-anti\\\/#article\",\"isPartOf\":{\"@id\":\"https:\\\/\\\/kylkirauta.fi\\\/index.php\\\/2025\\\/02\\\/27\\\/taisteluammuntojen-anti\\\/\"},\"author\":{\"name\":\"Kari Sainio\",\"@id\":\"https:\\\/\\\/kylkirauta.fi\\\/#\\\/schema\\\/person\\\/714ab39a349c656b20d60a239be1d6f6\"},\"headline\":\"Kadetin ajatuksia 18 &#8211; Taisteluammuntojen anti\",\"datePublished\":\"2025-02-27T09:53:16+00:00\",\"dateModified\":\"2025-03-13T07:47:40+00:00\",\"mainEntityOfPage\":{\"@id\":\"https:\\\/\\\/kylkirauta.fi\\\/index.php\\\/2025\\\/02\\\/27\\\/taisteluammuntojen-anti\\\/\"},\"wordCount\":1125,\"image\":{\"@id\":\"https:\\\/\\\/kylkirauta.fi\\\/index.php\\\/2025\\\/02\\\/27\\\/taisteluammuntojen-anti\\\/#primaryimage\"},\"thumbnailUrl\":\"https:\\\/\\\/kylkirauta.fi\\\/wp-content\\\/uploads\\\/2025\\\/02\\\/Joona-Sorvari-artikkeli.jpg\",\"articleSection\":[\"2024\",\"2025\",\"Blogi\",\"Blogi 2025\"],\"inLanguage\":\"fi\"},{\"@type\":\"WebPage\",\"@id\":\"https:\\\/\\\/kylkirauta.fi\\\/index.php\\\/2025\\\/02\\\/27\\\/taisteluammuntojen-anti\\\/\",\"url\":\"https:\\\/\\\/kylkirauta.fi\\\/index.php\\\/2025\\\/02\\\/27\\\/taisteluammuntojen-anti\\\/\",\"name\":\"Kadetin ajatuksia 18 - Taisteluammuntojen anti - Kylkirauta\",\"isPartOf\":{\"@id\":\"https:\\\/\\\/kylkirauta.fi\\\/#website\"},\"primaryImageOfPage\":{\"@id\":\"https:\\\/\\\/kylkirauta.fi\\\/index.php\\\/2025\\\/02\\\/27\\\/taisteluammuntojen-anti\\\/#primaryimage\"},\"image\":{\"@id\":\"https:\\\/\\\/kylkirauta.fi\\\/index.php\\\/2025\\\/02\\\/27\\\/taisteluammuntojen-anti\\\/#primaryimage\"},\"thumbnailUrl\":\"https:\\\/\\\/kylkirauta.fi\\\/wp-content\\\/uploads\\\/2025\\\/02\\\/Joona-Sorvari-artikkeli.jpg\",\"datePublished\":\"2025-02-27T09:53:16+00:00\",\"dateModified\":\"2025-03-13T07:47:40+00:00\",\"author\":{\"@id\":\"https:\\\/\\\/kylkirauta.fi\\\/#\\\/schema\\\/person\\\/714ab39a349c656b20d60a239be1d6f6\"},\"breadcrumb\":{\"@id\":\"https:\\\/\\\/kylkirauta.fi\\\/index.php\\\/2025\\\/02\\\/27\\\/taisteluammuntojen-anti\\\/#breadcrumb\"},\"inLanguage\":\"fi\",\"potentialAction\":[{\"@type\":\"ReadAction\",\"target\":[\"https:\\\/\\\/kylkirauta.fi\\\/index.php\\\/2025\\\/02\\\/27\\\/taisteluammuntojen-anti\\\/\"]}]},{\"@type\":\"ImageObject\",\"inLanguage\":\"fi\",\"@id\":\"https:\\\/\\\/kylkirauta.fi\\\/index.php\\\/2025\\\/02\\\/27\\\/taisteluammuntojen-anti\\\/#primaryimage\",\"url\":\"https:\\\/\\\/kylkirauta.fi\\\/wp-content\\\/uploads\\\/2025\\\/02\\\/Joona-Sorvari-artikkeli.jpg\",\"contentUrl\":\"https:\\\/\\\/kylkirauta.fi\\\/wp-content\\\/uploads\\\/2025\\\/02\\\/Joona-Sorvari-artikkeli.jpg\",\"width\":843,\"height\":487},{\"@type\":\"BreadcrumbList\",\"@id\":\"https:\\\/\\\/kylkirauta.fi\\\/index.php\\\/2025\\\/02\\\/27\\\/taisteluammuntojen-anti\\\/#breadcrumb\",\"itemListElement\":[{\"@type\":\"ListItem\",\"position\":1,\"name\":\"Home\",\"item\":\"https:\\\/\\\/kylkirauta.fi\\\/index.php\\\/home\\\/\"},{\"@type\":\"ListItem\",\"position\":2,\"name\":\"Kadetin ajatuksia 18 &#8211; Taisteluammuntojen anti\"}]},{\"@type\":\"WebSite\",\"@id\":\"https:\\\/\\\/kylkirauta.fi\\\/#website\",\"url\":\"https:\\\/\\\/kylkirauta.fi\\\/\",\"name\":\"Kylkirauta\",\"description\":\"Kadettiupseerit yhteiskunnan palveluksessa\",\"potentialAction\":[{\"@type\":\"SearchAction\",\"target\":{\"@type\":\"EntryPoint\",\"urlTemplate\":\"https:\\\/\\\/kylkirauta.fi\\\/?s={search_term_string}\"},\"query-input\":{\"@type\":\"PropertyValueSpecification\",\"valueRequired\":true,\"valueName\":\"search_term_string\"}}],\"inLanguage\":\"fi\"},{\"@type\":\"Person\",\"@id\":\"https:\\\/\\\/kylkirauta.fi\\\/#\\\/schema\\\/person\\\/714ab39a349c656b20d60a239be1d6f6\",\"name\":\"Kari Sainio\",\"sameAs\":[\"http:\\\/\\\/www.kylkirauta.fi\"],\"url\":\"https:\\\/\\\/kylkirauta.fi\\\/index.php\\\/author\\\/karisain\\\/\"}]}<\/script>\n<!-- \/ Yoast SEO plugin. -->","yoast_head_json":{"title":"Kadetin ajatuksia 18 - Taisteluammuntojen anti - Kylkirauta","robots":{"index":"index","follow":"follow","max-snippet":"max-snippet:-1","max-image-preview":"max-image-preview:large","max-video-preview":"max-video-preview:-1"},"canonical":"https:\/\/kylkirauta.fi\/index.php\/2025\/02\/27\/taisteluammuntojen-anti\/","og_locale":"fi_FI","og_type":"article","og_title":"Kadetin ajatuksia 18 - Taisteluammuntojen anti - Kylkirauta","og_url":"https:\/\/kylkirauta.fi\/index.php\/2025\/02\/27\/taisteluammuntojen-anti\/","og_site_name":"Kylkirauta","article_published_time":"2025-02-27T09:53:16+00:00","article_modified_time":"2025-03-13T07:47:40+00:00","og_image":[{"width":843,"height":487,"url":"https:\/\/kylkirauta.fi\/wp-content\/uploads\/2025\/02\/Joona-Sorvari-artikkeli.jpg","type":"image\/jpeg"}],"author":"Kari Sainio","twitter_card":"summary_large_image","twitter_misc":{"Kirjoittanut":"Kari Sainio","Arvioitu lukuaika":"4 minuuttia"},"schema":{"@context":"https:\/\/schema.org","@graph":[{"@type":"Article","@id":"https:\/\/kylkirauta.fi\/index.php\/2025\/02\/27\/taisteluammuntojen-anti\/#article","isPartOf":{"@id":"https:\/\/kylkirauta.fi\/index.php\/2025\/02\/27\/taisteluammuntojen-anti\/"},"author":{"name":"Kari Sainio","@id":"https:\/\/kylkirauta.fi\/#\/schema\/person\/714ab39a349c656b20d60a239be1d6f6"},"headline":"Kadetin ajatuksia 18 &#8211; Taisteluammuntojen anti","datePublished":"2025-02-27T09:53:16+00:00","dateModified":"2025-03-13T07:47:40+00:00","mainEntityOfPage":{"@id":"https:\/\/kylkirauta.fi\/index.php\/2025\/02\/27\/taisteluammuntojen-anti\/"},"wordCount":1125,"image":{"@id":"https:\/\/kylkirauta.fi\/index.php\/2025\/02\/27\/taisteluammuntojen-anti\/#primaryimage"},"thumbnailUrl":"https:\/\/kylkirauta.fi\/wp-content\/uploads\/2025\/02\/Joona-Sorvari-artikkeli.jpg","articleSection":["2024","2025","Blogi","Blogi 2025"],"inLanguage":"fi"},{"@type":"WebPage","@id":"https:\/\/kylkirauta.fi\/index.php\/2025\/02\/27\/taisteluammuntojen-anti\/","url":"https:\/\/kylkirauta.fi\/index.php\/2025\/02\/27\/taisteluammuntojen-anti\/","name":"Kadetin ajatuksia 18 - Taisteluammuntojen anti - Kylkirauta","isPartOf":{"@id":"https:\/\/kylkirauta.fi\/#website"},"primaryImageOfPage":{"@id":"https:\/\/kylkirauta.fi\/index.php\/2025\/02\/27\/taisteluammuntojen-anti\/#primaryimage"},"image":{"@id":"https:\/\/kylkirauta.fi\/index.php\/2025\/02\/27\/taisteluammuntojen-anti\/#primaryimage"},"thumbnailUrl":"https:\/\/kylkirauta.fi\/wp-content\/uploads\/2025\/02\/Joona-Sorvari-artikkeli.jpg","datePublished":"2025-02-27T09:53:16+00:00","dateModified":"2025-03-13T07:47:40+00:00","author":{"@id":"https:\/\/kylkirauta.fi\/#\/schema\/person\/714ab39a349c656b20d60a239be1d6f6"},"breadcrumb":{"@id":"https:\/\/kylkirauta.fi\/index.php\/2025\/02\/27\/taisteluammuntojen-anti\/#breadcrumb"},"inLanguage":"fi","potentialAction":[{"@type":"ReadAction","target":["https:\/\/kylkirauta.fi\/index.php\/2025\/02\/27\/taisteluammuntojen-anti\/"]}]},{"@type":"ImageObject","inLanguage":"fi","@id":"https:\/\/kylkirauta.fi\/index.php\/2025\/02\/27\/taisteluammuntojen-anti\/#primaryimage","url":"https:\/\/kylkirauta.fi\/wp-content\/uploads\/2025\/02\/Joona-Sorvari-artikkeli.jpg","contentUrl":"https:\/\/kylkirauta.fi\/wp-content\/uploads\/2025\/02\/Joona-Sorvari-artikkeli.jpg","width":843,"height":487},{"@type":"BreadcrumbList","@id":"https:\/\/kylkirauta.fi\/index.php\/2025\/02\/27\/taisteluammuntojen-anti\/#breadcrumb","itemListElement":[{"@type":"ListItem","position":1,"name":"Home","item":"https:\/\/kylkirauta.fi\/index.php\/home\/"},{"@type":"ListItem","position":2,"name":"Kadetin ajatuksia 18 &#8211; Taisteluammuntojen anti"}]},{"@type":"WebSite","@id":"https:\/\/kylkirauta.fi\/#website","url":"https:\/\/kylkirauta.fi\/","name":"Kylkirauta","description":"Kadettiupseerit yhteiskunnan palveluksessa","potentialAction":[{"@type":"SearchAction","target":{"@type":"EntryPoint","urlTemplate":"https:\/\/kylkirauta.fi\/?s={search_term_string}"},"query-input":{"@type":"PropertyValueSpecification","valueRequired":true,"valueName":"search_term_string"}}],"inLanguage":"fi"},{"@type":"Person","@id":"https:\/\/kylkirauta.fi\/#\/schema\/person\/714ab39a349c656b20d60a239be1d6f6","name":"Kari Sainio","sameAs":["http:\/\/www.kylkirauta.fi"],"url":"https:\/\/kylkirauta.fi\/index.php\/author\/karisain\/"}]}},"_links":{"self":[{"href":"https:\/\/kylkirauta.fi\/index.php\/wp-json\/wp\/v2\/posts\/7884","targetHints":{"allow":["GET"]}}],"collection":[{"href":"https:\/\/kylkirauta.fi\/index.php\/wp-json\/wp\/v2\/posts"}],"about":[{"href":"https:\/\/kylkirauta.fi\/index.php\/wp-json\/wp\/v2\/types\/post"}],"author":[{"embeddable":true,"href":"https:\/\/kylkirauta.fi\/index.php\/wp-json\/wp\/v2\/users\/3"}],"replies":[{"embeddable":true,"href":"https:\/\/kylkirauta.fi\/index.php\/wp-json\/wp\/v2\/comments?post=7884"}],"version-history":[{"count":4,"href":"https:\/\/kylkirauta.fi\/index.php\/wp-json\/wp\/v2\/posts\/7884\/revisions"}],"predecessor-version":[{"id":8122,"href":"https:\/\/kylkirauta.fi\/index.php\/wp-json\/wp\/v2\/posts\/7884\/revisions\/8122"}],"wp:featuredmedia":[{"embeddable":true,"href":"https:\/\/kylkirauta.fi\/index.php\/wp-json\/wp\/v2\/media\/7887"}],"wp:attachment":[{"href":"https:\/\/kylkirauta.fi\/index.php\/wp-json\/wp\/v2\/media?parent=7884"}],"wp:term":[{"taxonomy":"category","embeddable":true,"href":"https:\/\/kylkirauta.fi\/index.php\/wp-json\/wp\/v2\/categories?post=7884"},{"taxonomy":"post_tag","embeddable":true,"href":"https:\/\/kylkirauta.fi\/index.php\/wp-json\/wp\/v2\/tags?post=7884"}],"curies":[{"name":"wp","href":"https:\/\/api.w.org\/{rel}","templated":true}]}}