{"id":7522,"date":"2024-10-04T09:39:45","date_gmt":"2024-10-04T06:39:45","guid":{"rendered":"https:\/\/kylkirauta.fi\/?p=7522"},"modified":"2024-10-04T09:39:45","modified_gmt":"2024-10-04T06:39:45","slug":"risto-sinkko-velvollisuus-on-velvollisuus-eika-pakko-kommentti-asevelvollisuudesta-ja-maanpuolustustahdosta","status":"publish","type":"post","link":"https:\/\/kylkirauta.fi\/index.php\/2024\/10\/04\/risto-sinkko-velvollisuus-on-velvollisuus-eika-pakko-kommentti-asevelvollisuudesta-ja-maanpuolustustahdosta\/","title":{"rendered":"Risto Sinkko: Velvollisuus on velvollisuus eik\u00e4 pakko \u2013 kommentti asevelvollisuudesta ja maanpuolustustahdosta"},"content":{"rendered":"\n<style type=\"text\/css\" data-created_by=\"avia_inline_auto\" id=\"style-css-av-km4zs-0614ada41eb3461e6efbb361dfbae970\">\n.flex_column.av-km4zs-0614ada41eb3461e6efbb361dfbae970{\nborder-radius:0px 0px 0px 0px;\npadding:0px 0px 0px 0px;\n}\n<\/style>\n<div  class='flex_column av-km4zs-0614ada41eb3461e6efbb361dfbae970 av_one_full  avia-builder-el-0  el_before_av_hr  avia-builder-el-first  first flex_column_div av-zero-column-padding  '     ><p>\n<style type=\"text\/css\" data-created_by=\"avia_inline_auto\" id=\"style-css-av-37iggf-3f30a772b4a921973e1e74c7dddd3931\">\n#top .av-special-heading.av-37iggf-3f30a772b4a921973e1e74c7dddd3931{\npadding-bottom:10px;\n}\nbody .av-special-heading.av-37iggf-3f30a772b4a921973e1e74c7dddd3931 .av-special-heading-tag .heading-char{\nfont-size:25px;\n}\n.av-special-heading.av-37iggf-3f30a772b4a921973e1e74c7dddd3931 .av-subheading{\nfont-size:15px;\n}\n<\/style>\n<div  class='av-special-heading av-37iggf-3f30a772b4a921973e1e74c7dddd3931 av-special-heading-h3  avia-builder-el-1  el_before_av_hr  avia-builder-el-first  av-linked-heading'><h3 class='av-special-heading-tag'  itemprop=\"headline\"  >Velvollisuus on velvollisuus eik\u00e4 pakko \u2013 kommentti asevelvollisuudesta ja maanpuolustustahdosta<\/h3><div class=\"special-heading-border\"><div class=\"special-heading-inner-border\"><\/div><\/div><\/div><br \/>\n\n<style type=\"text\/css\" data-created_by=\"avia_inline_auto\" id=\"style-css-av-k5m7b9te-01401dd5e8beb25770de1be03f41ecf3\">\n#top .hr.hr-invisible.av-k5m7b9te-01401dd5e8beb25770de1be03f41ecf3{\nheight:30px;\n}\n<\/style>\n<div  class='hr av-k5m7b9te-01401dd5e8beb25770de1be03f41ecf3 hr-invisible  avia-builder-el-2  el_after_av_heading  el_before_av_textblock '><span class='hr-inner '><span class=\"hr-inner-style\"><\/span><\/span><\/div><br \/>\n<section  class='av_textblock_section av-k8d08-b6982eb89db820e3f2ea785bf1b317fd '   itemscope=\"itemscope\" itemtype=\"https:\/\/schema.org\/BlogPosting\" itemprop=\"blogPost\" ><div class='avia_textblock'  itemprop=\"text\" ><div id=\"attachment_459\" style=\"width: 140px\" class=\"wp-caption alignright\"><img loading=\"lazy\" decoding=\"async\" aria-describedby=\"caption-attachment-459\" class=\"wp-image-459\" src=\"https:\/\/kylkirauta.fi\/wp-content\/uploads\/2019\/10\/Sinkko_uusi.jpeg\" alt=\"\" width=\"130\" height=\"177\" srcset=\"https:\/\/kylkirauta.fi\/wp-content\/uploads\/2019\/10\/Sinkko_uusi.jpeg 369w, https:\/\/kylkirauta.fi\/wp-content\/uploads\/2019\/10\/Sinkko_uusi-221x300.jpeg 221w\" sizes=\"auto, (max-width: 130px) 100vw, 130px\" \/><p id=\"caption-attachment-459\" class=\"wp-caption-text\">ST Risto Sinkko<\/p><\/div>\n<div class=\"\" data-block=\"true\" data-editor=\"d3t8s\" data-offset-key=\"83llj-0-0\">\n<p><strong>Monien tutkimusten mukaan suomalaisilla on poikkeuksellisen vahva maanpuolustustahto verrattuna muihin maihin. N\u00e4ytt\u00e4\u00e4 kuitenkin silt\u00e4, ett\u00e4 varusmiespalvelukseen l\u00e4htemiseen liittyy liikaa harkinnanvaraa.<\/strong><\/p>\n<p><strong>Vapaassa demokraattisessa yhteiskunnassamme \u201dvelvollisuus\u201d miellet\u00e4\u00e4n usein samaksi asiaksi kuin \u201dpakko\u201d. Menem\u00e4tt\u00e4 termin \u201dvelvollisuus\u201d laajoihin filosofisiin pohdiskeluihin, niin yksinkertaisesti n\u00e4htyn\u00e4 velvollisuus on yksil\u00f6n lupaus yhteis\u00f6lleen ja maalleen siit\u00e4, ett\u00e4 \u201dhoidan homman\u201d. Asiaa ei muuta sek\u00e4\u00e4n, ett\u00e4 velvollisuus on m\u00e4\u00e4ritelty laissa. Lakikin on yhteinen sopimus siit\u00e4, kuinka tulee toimia.<\/strong><\/p>\n<p><strong>Maanpuolustustahto ja maan puolustaminen keskittyy entist\u00e4 harvemmille<\/strong><\/p>\n<p>Yhdeksi maanpuolustustahdon konkreettisista ilmenemismuodoista on asepalvelukseen suorittaminen varusmiehen\u00e4 (ml. naisten vapaehtoinen asepalvelus) ja osallistuminen kutsuttaessa reservil\u00e4isen\u00e4 kertausharjoituksiin.<\/p>\n<p>Asepalveluskelpoisuudesta on omat pyk\u00e4l\u00e4ns\u00e4 ja m\u00e4\u00e4r\u00e4yksens\u00e4, mutta niihin vetoaminen n\u00e4ytt\u00e4\u00e4 kasvavan vuosi vuodelta. Asepalveluksen suorittamisessa onkin jo n\u00e4ht\u00e4viss\u00e4 pieni h\u00e4iv\u00e4hdys er\u00e4\u00e4nlaisesta vapaaehtoisuudesta. Miesik\u00e4luokasta varusmiespalveluksen viimeist\u00e4\u00e4n 30-vuotiaana suorittaneiden osuus on laskenut alle 70 prosentin. Reservin kertausharjoituksista on anottu lykk\u00e4yst\u00e4 viime vuosina vaihtelevin m\u00e4\u00e4rin. Onneksi kuitenkin parina viime vuonna anomusten m\u00e4\u00e4r\u00e4 on v\u00e4hentynyt. Lis\u00e4\u00e4ntyv\u00e4n\u00e4 ilmi\u00f6n\u00e4 on eroaminen reservist\u00e4 ja siirtyminen lyhyen t\u00e4ydennyskoulutuksen kautta siviilipalvelusvelvolliseksi.<\/p>\n<div id=\"attachment_7523\" style=\"width: 853px\" class=\"wp-caption aligncenter\"><img loading=\"lazy\" decoding=\"async\" aria-describedby=\"caption-attachment-7523\" class=\"wp-image-7523 size-full\" src=\"https:\/\/kylkirauta.fi\/wp-content\/uploads\/2024\/10\/Velvollisuus-on-velvollisuus-eika-pakko-artikkeli.png\" alt=\"\" width=\"843\" height=\"487\" srcset=\"https:\/\/kylkirauta.fi\/wp-content\/uploads\/2024\/10\/Velvollisuus-on-velvollisuus-eika-pakko-artikkeli.png 843w, https:\/\/kylkirauta.fi\/wp-content\/uploads\/2024\/10\/Velvollisuus-on-velvollisuus-eika-pakko-artikkeli-300x173.png 300w, https:\/\/kylkirauta.fi\/wp-content\/uploads\/2024\/10\/Velvollisuus-on-velvollisuus-eika-pakko-artikkeli-768x444.png 768w, https:\/\/kylkirauta.fi\/wp-content\/uploads\/2024\/10\/Velvollisuus-on-velvollisuus-eika-pakko-artikkeli-705x407.png 705w\" sizes=\"auto, (max-width: 843px) 100vw, 843px\" \/><p id=\"caption-attachment-7523\" class=\"wp-caption-text\">Kuva Puolustusvoimat<\/p><\/div>\n<p>Mielipidetutkimuksissa maanpuolustustahtoa pyrit\u00e4\u00e4n mittaamaan kysym\u00e4ll\u00e4 halua maan puolustautumista aseellista hy\u00f6kk\u00e4yst\u00e4 vastaan. Kansalaisista maanpuolustustahtoisia on t\u00e4m\u00e4n kysymyksen vastausten perusteella 70-80 prosenttia. Yksitt\u00e4isi\u00e4 kansalaisia koskevia asioita ei yleens\u00e4 tutkita, esimerkiksi ei kysyt\u00e4 halukkuutta poistua maasta sodan uhatessa. Olin kev\u00e4\u00e4ll\u00e4 2021 mukana maanpuolustusj\u00e4rjest\u00f6jen 15-24 vuotiaille nuorille kohdistetussa mielipidekyselyss\u00e4. Sen vastaajista jopa 34 prosenttia sanoi poistuvansa maasta sotilaallisen kriisin uhatessa.<\/p>\n<p><strong>Asepalveluksen merkitys<\/strong><\/p>\n<p>Asepalveluksella kansalaiskasvatuksena on ilman muuta merkityst\u00e4. Palvelus tarjoaa nuorille miehille ja naisille tuntumaa suuressa organisaatiossa toimimisesta ja teht\u00e4vien menestyksellisest\u00e4 toteuttamisesta tavoitehakuisessa yhteis\u00f6ss\u00e4.<\/p>\n<p>Suoritetulla varusmiespalveluksella on sosiaalista merkityst\u00e4 kansalaiseksi kasvamisessa samaan tapaan kuin vaikkapa rippikoulun suorittamisella. Asepalvelus ei kuitenkaan tee yksil\u00f6st\u00e4 keskim\u00e4\u00e4rin erityisen sotilaallista eik\u00e4 rippikoulu \u201duskovaista\u201d. Silti molempia arvostetaan, vaikka saadun koulutuksen j\u00e4ljet v\u00e4ltt\u00e4m\u00e4tt\u00e4 eiv\u00e4t kovin syv\u00e4llisi\u00e4 olisikaan.<\/p>\n<p>Varusmiespalvelusta pidet\u00e4\u00e4n siis arvona sin\u00e4ns\u00e4, mutta sit\u00e4 ei miellet\u00e4 \u201dvelvollisuutena\u201d palvelemaan reservil\u00e4isen\u00e4, josta n\u00e4ytt\u00e4\u00e4kin olevan joissain piireiss\u00e4 helppo luopua, kun mieless\u00e4 h\u00e4iv\u00e4ht\u00e4\u00e4 \u201duhkakuva\u201d tulossa olevista taisteluteht\u00e4vist\u00e4.<\/p>\n<p>Nykyinen asevelvollisuus- ja kutsuntaj\u00e4rjestelm\u00e4mme antaa mahdollisuuden tehd\u00e4 valintoja my\u00f6s niille, joille maan puolustaminen ei henkil\u00f6kohtaisesti n\u00e4ytt\u00e4ydy riitt\u00e4v\u00e4n t\u00e4rke\u00e4n\u00e4, vaan uskotaan joidenkin toisten siit\u00e4 ottaman vastuun tai \u201dvelvollisuuden\u201d riitt\u00e4v\u00e4n.<\/p>\n<\/div>\n<p><em><strong>Risto Sinkko<\/strong><\/em><br \/>\n<em>Majuri res, ST<br \/>\nr.sinkko@kolumbus.fi<\/em><\/p>\n<\/div><\/section><\/p><\/div><div  class='hr av-6zsyz-b471ba5482e75b0a604afa4166a853a5 hr-default  avia-builder-el-4  el_after_av_one_full  el_before_av_blog '><span class='hr-inner '><span class=\"hr-inner-style\"><\/span><\/span><\/div><\/p>\n<div  class='av-alb-blogposts template-blog  '  itemscope=\"itemscope\" itemtype=\"https:\/\/schema.org\/Blog\" ><article class=\"post-entry post-entry-type-standard post-entry-8921 post-loop-1 post-parity-odd bloglist-simple with-slider post-8921 post type-post status-publish format-standard has-post-thumbnail hentry category-artikkeli category-artikkeli-2026\"  itemscope=\"itemscope\" itemtype=\"https:\/\/schema.org\/BlogPosting\" ><div class=\"blog-meta\"><\/div><div class='entry-content-wrapper clearfix standard-content'><header class=\"entry-content-header\"><h2 class='post-title entry-title '  itemprop=\"headline\" ><a href=\"https:\/\/kylkirauta.fi\/index.php\/2026\/04\/20\/kaaderilaulajien-julkaisutoiminta\/\" rel=\"bookmark\" title=\"Permanent Link: Kaaderilaulajien julkaisutoiminta\">Kaaderilaulajien julkaisutoiminta<span class=\"post-format-icon minor-meta\"><\/span><\/a><\/h2><span class=\"post-meta-infos\"><time class=\"date-container minor-meta updated\"  itemprop=\"datePublished\" datetime=\"2026-04-20T15:45:24+03:00\" >20.4.2026<\/time><span class=\"text-sep\">\/<\/span><span class=\"blog-categories minor-meta\">in <a href=\"https:\/\/kylkirauta.fi\/index.php\/category\/artikkeli\/\" rel=\"tag\">Artikkeli<\/a>, <a href=\"https:\/\/kylkirauta.fi\/index.php\/category\/artikkeli-2026\/\" rel=\"tag\">Artikkeli 2026<\/a><\/span><span class=\"text-sep\">\/<\/span><span class=\"blog-author minor-meta\">by <span class=\"entry-author-link\"  itemprop=\"author\" ><span class=\"author\"><span class=\"fn\"><a href=\"https:\/\/kylkirauta.fi\/index.php\/author\/karisain\/\" title=\"Kirjoittanut: Kari Sainio\" rel=\"author\">Kari Sainio<\/a><\/span><\/span><\/span><\/span><div class=\"read-more-link\"><a href=\"https:\/\/kylkirauta.fi\/index.php\/2026\/04\/20\/kaaderilaulajien-julkaisutoiminta\/\" class=\"more-link\">Read more<span class=\"more-link-arrow\"><\/span><\/a><\/div><\/span><\/header><footer class=\"entry-footer\"><\/footer><div class='post_delimiter'><\/div><\/div><div class=\"post_author_timeline\"><\/div><span class='hidden'>\n\t\t\t\t<span class='av-structured-data'  itemprop=\"image\" itemscope=\"itemscope\" itemtype=\"https:\/\/schema.org\/ImageObject\" >\n\t\t\t\t\t\t<span itemprop='url'>https:\/\/kylkirauta.fi\/wp-content\/uploads\/2026\/04\/Artikkeli-4-2026-2.jpg<\/span>\n\t\t\t\t\t\t<span itemprop='height'>487<\/span>\n\t\t\t\t\t\t<span itemprop='width'>843<\/span>\n\t\t\t\t<\/span>\n\t\t\t\t<span class='av-structured-data'  itemprop=\"publisher\" itemtype=\"https:\/\/schema.org\/Organization\" itemscope=\"itemscope\" >\n\t\t\t\t\t\t<span itemprop='name'>Kari Sainio<\/span>\n\t\t\t\t\t\t<span itemprop='logo' itemscope itemtype='https:\/\/schema.org\/ImageObject'>\n\t\t\t\t\t\t\t<span itemprop='url'>https:\/\/kylkirauta.fi\/wp-content\/uploads\/2020\/02\/kkunta_weblogo-100x100-1.png<\/span>\n\t\t\t\t\t\t<\/span>\n\t\t\t\t<\/span><span class='av-structured-data'  itemprop=\"author\" itemscope=\"itemscope\" itemtype=\"https:\/\/schema.org\/Person\" ><span itemprop='name'>Kari Sainio<\/span><\/span><span class='av-structured-data'  itemprop=\"datePublished\" datetime=\"2026-04-20T15:45:24+03:00\" >2026-04-20 15:45:24<\/span><span class='av-structured-data'  itemprop=\"dateModified\" itemtype=\"https:\/\/schema.org\/dateModified\" >2026-04-20 15:45:24<\/span><span class='av-structured-data'  itemprop=\"mainEntityOfPage\" itemtype=\"https:\/\/schema.org\/mainEntityOfPage\" ><span itemprop='name'>Kaaderilaulajien julkaisutoiminta<\/span><\/span><\/span><\/article><article class=\"post-entry post-entry-type-standard post-entry-8884 post-loop-2 post-parity-even bloglist-simple with-slider post-8884 post type-post status-publish format-standard has-post-thumbnail hentry category-artikkeli category-artikkeli-2026\"  itemscope=\"itemscope\" itemtype=\"https:\/\/schema.org\/BlogPosting\" ><div class=\"blog-meta\"><\/div><div class='entry-content-wrapper clearfix standard-content'><header class=\"entry-content-header\"><h2 class='post-title entry-title '  itemprop=\"headline\" ><a href=\"https:\/\/kylkirauta.fi\/index.php\/2026\/03\/27\/kaaderilaulajien-ukraina-tukikonsertit\/\" rel=\"bookmark\" title=\"Permanent Link: Kaaderilaulajien Ukraina-tukikonsertit\">Kaaderilaulajien Ukraina-tukikonsertit<span class=\"post-format-icon minor-meta\"><\/span><\/a><\/h2><span class=\"post-meta-infos\"><time class=\"date-container minor-meta updated\"  itemprop=\"datePublished\" datetime=\"2026-03-27T12:30:38+02:00\" >27.3.2026<\/time><span class=\"text-sep\">\/<\/span><span class=\"blog-categories minor-meta\">in <a href=\"https:\/\/kylkirauta.fi\/index.php\/category\/artikkeli\/\" rel=\"tag\">Artikkeli<\/a>, <a href=\"https:\/\/kylkirauta.fi\/index.php\/category\/artikkeli-2026\/\" rel=\"tag\">Artikkeli 2026<\/a><\/span><span class=\"text-sep\">\/<\/span><span class=\"blog-author minor-meta\">by <span class=\"entry-author-link\"  itemprop=\"author\" ><span class=\"author\"><span class=\"fn\"><a href=\"https:\/\/kylkirauta.fi\/index.php\/author\/karisain\/\" title=\"Kirjoittanut: Kari Sainio\" rel=\"author\">Kari Sainio<\/a><\/span><\/span><\/span><\/span><div class=\"read-more-link\"><a href=\"https:\/\/kylkirauta.fi\/index.php\/2026\/03\/27\/kaaderilaulajien-ukraina-tukikonsertit\/\" class=\"more-link\">Read more<span class=\"more-link-arrow\"><\/span><\/a><\/div><\/span><\/header><footer class=\"entry-footer\"><\/footer><div class='post_delimiter'><\/div><\/div><div class=\"post_author_timeline\"><\/div><span class='hidden'>\n\t\t\t\t<span class='av-structured-data'  itemprop=\"image\" itemscope=\"itemscope\" itemtype=\"https:\/\/schema.org\/ImageObject\" >\n\t\t\t\t\t\t<span itemprop='url'>https:\/\/kylkirauta.fi\/wp-content\/uploads\/2026\/03\/3-2026-artikkeli.jpg<\/span>\n\t\t\t\t\t\t<span itemprop='height'>487<\/span>\n\t\t\t\t\t\t<span itemprop='width'>843<\/span>\n\t\t\t\t<\/span>\n\t\t\t\t<span class='av-structured-data'  itemprop=\"publisher\" itemtype=\"https:\/\/schema.org\/Organization\" itemscope=\"itemscope\" >\n\t\t\t\t\t\t<span itemprop='name'>Kari Sainio<\/span>\n\t\t\t\t\t\t<span itemprop='logo' itemscope itemtype='https:\/\/schema.org\/ImageObject'>\n\t\t\t\t\t\t\t<span itemprop='url'>https:\/\/kylkirauta.fi\/wp-content\/uploads\/2020\/02\/kkunta_weblogo-100x100-1.png<\/span>\n\t\t\t\t\t\t<\/span>\n\t\t\t\t<\/span><span class='av-structured-data'  itemprop=\"author\" itemscope=\"itemscope\" itemtype=\"https:\/\/schema.org\/Person\" ><span itemprop='name'>Kari Sainio<\/span><\/span><span class='av-structured-data'  itemprop=\"datePublished\" datetime=\"2026-03-27T12:30:38+02:00\" >2026-03-27 12:30:38<\/span><span class='av-structured-data'  itemprop=\"dateModified\" itemtype=\"https:\/\/schema.org\/dateModified\" >2026-03-27 12:30:38<\/span><span class='av-structured-data'  itemprop=\"mainEntityOfPage\" itemtype=\"https:\/\/schema.org\/mainEntityOfPage\" ><span itemprop='name'>Kaaderilaulajien Ukraina-tukikonsertit<\/span><\/span><\/span><\/article><article class=\"post-entry post-entry-type-standard post-entry-8786 post-loop-3 post-parity-odd bloglist-simple with-slider post-8786 post type-post status-publish format-standard has-post-thumbnail hentry category-artikkeli category-artikkeli-2026\"  itemscope=\"itemscope\" itemtype=\"https:\/\/schema.org\/BlogPosting\" ><div class=\"blog-meta\"><\/div><div class='entry-content-wrapper clearfix standard-content'><header class=\"entry-content-header\"><h2 class='post-title entry-title '  itemprop=\"headline\" ><a href=\"https:\/\/kylkirauta.fi\/index.php\/2026\/02\/23\/risto-sinkko-eu-kansalaisten-nakemyksia-turvallisuudesta-ja-puolustuksesta\/\" rel=\"bookmark\" title=\"Permanent Link: Risto Sinkko: EU-kansalaisten n\u00e4kemyksi\u00e4 turvallisuudesta ja puolustuksesta\">Risto Sinkko: EU-kansalaisten n\u00e4kemyksi\u00e4 turvallisuudesta ja puolustuksesta<span class=\"post-format-icon minor-meta\"><\/span><\/a><\/h2><span class=\"post-meta-infos\"><time class=\"date-container minor-meta updated\"  itemprop=\"datePublished\" datetime=\"2026-02-23T17:08:33+02:00\" >23.2.2026<\/time><span class=\"text-sep\">\/<\/span><span class=\"blog-categories minor-meta\">in <a href=\"https:\/\/kylkirauta.fi\/index.php\/category\/artikkeli\/\" rel=\"tag\">Artikkeli<\/a>, <a href=\"https:\/\/kylkirauta.fi\/index.php\/category\/artikkeli-2026\/\" rel=\"tag\">Artikkeli 2026<\/a><\/span><span class=\"text-sep\">\/<\/span><span class=\"blog-author minor-meta\">by <span class=\"entry-author-link\"  itemprop=\"author\" ><span class=\"author\"><span class=\"fn\"><a href=\"https:\/\/kylkirauta.fi\/index.php\/author\/karisain\/\" title=\"Kirjoittanut: Kari Sainio\" rel=\"author\">Kari Sainio<\/a><\/span><\/span><\/span><\/span><div class=\"read-more-link\"><a href=\"https:\/\/kylkirauta.fi\/index.php\/2026\/02\/23\/risto-sinkko-eu-kansalaisten-nakemyksia-turvallisuudesta-ja-puolustuksesta\/\" class=\"more-link\">Read more<span class=\"more-link-arrow\"><\/span><\/a><\/div><\/span><\/header><footer class=\"entry-footer\"><\/footer><div class='post_delimiter'><\/div><\/div><div class=\"post_author_timeline\"><\/div><span class='hidden'>\n\t\t\t\t<span class='av-structured-data'  itemprop=\"image\" itemscope=\"itemscope\" itemtype=\"https:\/\/schema.org\/ImageObject\" >\n\t\t\t\t\t\t<span itemprop='url'>https:\/\/kylkirauta.fi\/wp-content\/uploads\/2026\/02\/Artikkeli-MSC-artikkeli.jpg<\/span>\n\t\t\t\t\t\t<span itemprop='height'>487<\/span>\n\t\t\t\t\t\t<span itemprop='width'>843<\/span>\n\t\t\t\t<\/span>\n\t\t\t\t<span class='av-structured-data'  itemprop=\"publisher\" itemtype=\"https:\/\/schema.org\/Organization\" itemscope=\"itemscope\" >\n\t\t\t\t\t\t<span itemprop='name'>Kari Sainio<\/span>\n\t\t\t\t\t\t<span itemprop='logo' itemscope itemtype='https:\/\/schema.org\/ImageObject'>\n\t\t\t\t\t\t\t<span itemprop='url'>https:\/\/kylkirauta.fi\/wp-content\/uploads\/2020\/02\/kkunta_weblogo-100x100-1.png<\/span>\n\t\t\t\t\t\t<\/span>\n\t\t\t\t<\/span><span class='av-structured-data'  itemprop=\"author\" itemscope=\"itemscope\" itemtype=\"https:\/\/schema.org\/Person\" ><span itemprop='name'>Kari Sainio<\/span><\/span><span class='av-structured-data'  itemprop=\"datePublished\" datetime=\"2026-02-23T17:08:33+02:00\" >2026-02-23 17:08:33<\/span><span class='av-structured-data'  itemprop=\"dateModified\" itemtype=\"https:\/\/schema.org\/dateModified\" >2026-02-23 17:29:54<\/span><span class='av-structured-data'  itemprop=\"mainEntityOfPage\" itemtype=\"https:\/\/schema.org\/mainEntityOfPage\" ><span itemprop='name'>Risto Sinkko: EU-kansalaisten n\u00e4kemyksi\u00e4 turvallisuudesta ja puolustuksesta<\/span><\/span><\/span><\/article><article class=\"post-entry post-entry-type-standard post-entry-8765 post-loop-4 post-parity-even bloglist-simple with-slider post-8765 post type-post status-publish format-standard has-post-thumbnail hentry category-artikkeli category-artikkeli-2026\"  itemscope=\"itemscope\" itemtype=\"https:\/\/schema.org\/BlogPosting\" ><div class=\"blog-meta\"><\/div><div class='entry-content-wrapper clearfix standard-content'><header class=\"entry-content-header\"><h2 class='post-title entry-title '  itemprop=\"headline\" ><a href=\"https:\/\/kylkirauta.fi\/index.php\/2026\/02\/15\/kaaderilaulajat-suomen-pojat-suomen-vapauden-ja-viron-kunnian-puolesta\/\" rel=\"bookmark\" title=\"Permanent Link: Kaaderilaulajat: Suomen pojat &#8211; Suomen vapauden ja Viron kunnian puolesta\">Kaaderilaulajat: Suomen pojat &#8211; Suomen vapauden ja Viron kunnian puolesta<span class=\"post-format-icon minor-meta\"><\/span><\/a><\/h2><span class=\"post-meta-infos\"><time class=\"date-container minor-meta updated\"  itemprop=\"datePublished\" datetime=\"2026-02-15T15:44:11+02:00\" >15.2.2026<\/time><span class=\"text-sep\">\/<\/span><span class=\"blog-categories minor-meta\">in <a href=\"https:\/\/kylkirauta.fi\/index.php\/category\/artikkeli\/\" rel=\"tag\">Artikkeli<\/a>, <a href=\"https:\/\/kylkirauta.fi\/index.php\/category\/artikkeli-2026\/\" rel=\"tag\">Artikkeli 2026<\/a><\/span><span class=\"text-sep\">\/<\/span><span class=\"blog-author minor-meta\">by <span class=\"entry-author-link\"  itemprop=\"author\" ><span class=\"author\"><span class=\"fn\"><a href=\"https:\/\/kylkirauta.fi\/index.php\/author\/karisain\/\" title=\"Kirjoittanut: Kari Sainio\" rel=\"author\">Kari Sainio<\/a><\/span><\/span><\/span><\/span><div class=\"read-more-link\"><a href=\"https:\/\/kylkirauta.fi\/index.php\/2026\/02\/15\/kaaderilaulajat-suomen-pojat-suomen-vapauden-ja-viron-kunnian-puolesta\/\" class=\"more-link\">Read more<span class=\"more-link-arrow\"><\/span><\/a><\/div><\/span><\/header><footer class=\"entry-footer\"><\/footer><div class='post_delimiter'><\/div><\/div><div class=\"post_author_timeline\"><\/div><span class='hidden'>\n\t\t\t\t<span class='av-structured-data'  itemprop=\"image\" itemscope=\"itemscope\" itemtype=\"https:\/\/schema.org\/ImageObject\" >\n\t\t\t\t\t\t<span itemprop='url'>https:\/\/kylkirauta.fi\/wp-content\/uploads\/2026\/02\/Kuva-3-1-2026-artikkeli.jpg<\/span>\n\t\t\t\t\t\t<span itemprop='height'>487<\/span>\n\t\t\t\t\t\t<span itemprop='width'>843<\/span>\n\t\t\t\t<\/span>\n\t\t\t\t<span class='av-structured-data'  itemprop=\"publisher\" itemtype=\"https:\/\/schema.org\/Organization\" itemscope=\"itemscope\" >\n\t\t\t\t\t\t<span itemprop='name'>Kari Sainio<\/span>\n\t\t\t\t\t\t<span itemprop='logo' itemscope itemtype='https:\/\/schema.org\/ImageObject'>\n\t\t\t\t\t\t\t<span itemprop='url'>https:\/\/kylkirauta.fi\/wp-content\/uploads\/2020\/02\/kkunta_weblogo-100x100-1.png<\/span>\n\t\t\t\t\t\t<\/span>\n\t\t\t\t<\/span><span class='av-structured-data'  itemprop=\"author\" itemscope=\"itemscope\" itemtype=\"https:\/\/schema.org\/Person\" ><span itemprop='name'>Kari Sainio<\/span><\/span><span class='av-structured-data'  itemprop=\"datePublished\" datetime=\"2026-02-15T15:44:11+02:00\" >2026-02-15 15:44:11<\/span><span class='av-structured-data'  itemprop=\"dateModified\" itemtype=\"https:\/\/schema.org\/dateModified\" >2026-02-15 15:49:07<\/span><span class='av-structured-data'  itemprop=\"mainEntityOfPage\" itemtype=\"https:\/\/schema.org\/mainEntityOfPage\" ><span itemprop='name'>Kaaderilaulajat: Suomen pojat &#8211; Suomen vapauden ja Viron kunnian puolesta<\/span><\/span><\/span><\/article><article class=\"post-entry post-entry-type-standard post-entry-8754 post-loop-5 post-parity-odd post-entry-last bloglist-simple with-slider post-8754 post type-post status-publish format-standard has-post-thumbnail hentry category-artikkeli category-artikkeli-2026\"  itemscope=\"itemscope\" itemtype=\"https:\/\/schema.org\/BlogPosting\" ><div class=\"blog-meta\"><\/div><div class='entry-content-wrapper clearfix standard-content'><header class=\"entry-content-header\"><h2 class='post-title entry-title '  itemprop=\"headline\" ><a href=\"https:\/\/kylkirauta.fi\/index.php\/2026\/01\/21\/kaaderilaulajista-kajahtaa\/\" rel=\"bookmark\" title=\"Permanent Link: Kaaderilaulajista kajahtaa\">Kaaderilaulajista kajahtaa<span class=\"post-format-icon minor-meta\"><\/span><\/a><\/h2><span class=\"post-meta-infos\"><time class=\"date-container minor-meta updated\"  itemprop=\"datePublished\" datetime=\"2026-01-21T18:17:28+02:00\" >21.1.2026<\/time><span class=\"text-sep\">\/<\/span><span class=\"blog-categories minor-meta\">in <a href=\"https:\/\/kylkirauta.fi\/index.php\/category\/artikkeli\/\" rel=\"tag\">Artikkeli<\/a>, <a href=\"https:\/\/kylkirauta.fi\/index.php\/category\/artikkeli-2026\/\" rel=\"tag\">Artikkeli 2026<\/a><\/span><span class=\"text-sep\">\/<\/span><span class=\"blog-author minor-meta\">by <span class=\"entry-author-link\"  itemprop=\"author\" ><span class=\"author\"><span class=\"fn\"><a href=\"https:\/\/kylkirauta.fi\/index.php\/author\/karisain\/\" title=\"Kirjoittanut: Kari Sainio\" rel=\"author\">Kari Sainio<\/a><\/span><\/span><\/span><\/span><div class=\"read-more-link\"><a href=\"https:\/\/kylkirauta.fi\/index.php\/2026\/01\/21\/kaaderilaulajista-kajahtaa\/\" class=\"more-link\">Read more<span class=\"more-link-arrow\"><\/span><\/a><\/div><\/span><\/header><footer class=\"entry-footer\"><\/footer><div class='post_delimiter'><\/div><\/div><div class=\"post_author_timeline\"><\/div><span class='hidden'>\n\t\t\t\t<span class='av-structured-data'  itemprop=\"image\" itemscope=\"itemscope\" itemtype=\"https:\/\/schema.org\/ImageObject\" >\n\t\t\t\t\t\t<span itemprop='url'>https:\/\/kylkirauta.fi\/wp-content\/uploads\/2026\/01\/Artikkeli-1-2026.jpg<\/span>\n\t\t\t\t\t\t<span itemprop='height'>487<\/span>\n\t\t\t\t\t\t<span itemprop='width'>843<\/span>\n\t\t\t\t<\/span>\n\t\t\t\t<span class='av-structured-data'  itemprop=\"publisher\" itemtype=\"https:\/\/schema.org\/Organization\" itemscope=\"itemscope\" >\n\t\t\t\t\t\t<span itemprop='name'>Kari Sainio<\/span>\n\t\t\t\t\t\t<span itemprop='logo' itemscope itemtype='https:\/\/schema.org\/ImageObject'>\n\t\t\t\t\t\t\t<span itemprop='url'>https:\/\/kylkirauta.fi\/wp-content\/uploads\/2020\/02\/kkunta_weblogo-100x100-1.png<\/span>\n\t\t\t\t\t\t<\/span>\n\t\t\t\t<\/span><span class='av-structured-data'  itemprop=\"author\" itemscope=\"itemscope\" itemtype=\"https:\/\/schema.org\/Person\" ><span itemprop='name'>Kari Sainio<\/span><\/span><span class='av-structured-data'  itemprop=\"datePublished\" datetime=\"2026-01-21T18:17:28+02:00\" >2026-01-21 18:17:28<\/span><span class='av-structured-data'  itemprop=\"dateModified\" itemtype=\"https:\/\/schema.org\/dateModified\" >2026-01-21 18:17:28<\/span><span class='av-structured-data'  itemprop=\"mainEntityOfPage\" itemtype=\"https:\/\/schema.org\/mainEntityOfPage\" ><span itemprop='name'>Kaaderilaulajista kajahtaa<\/span><\/span><\/span><\/article><div class='bloglist-simple'><nav class='pagination'><span class='pagination-meta'>Page 1 of 35<\/span><span class='current'>1<\/span><a href='https:\/\/kylkirauta.fi\/index.php\/wp-json\/wp\/v2\/posts\/7522\/page\/2\/' class='inactive next_page' >2<\/a><a href='https:\/\/kylkirauta.fi\/index.php\/wp-json\/wp\/v2\/posts\/7522\/page\/3\/' class='inactive' >3<\/a><a href='https:\/\/kylkirauta.fi\/index.php\/wp-json\/wp\/v2\/posts\/7522\/page\/2\/'>&rsaquo;<\/a><a href='https:\/\/kylkirauta.fi\/index.php\/wp-json\/wp\/v2\/posts\/7522\/page\/35\/'>&raquo;<\/a><\/nav>\n<\/div><\/div>\n","protected":false},"excerpt":{"rendered":"","protected":false},"author":3,"featured_media":7523,"comment_status":"closed","ping_status":"closed","sticky":false,"template":"","format":"standard","meta":{"footnotes":""},"categories":[107,4,105],"tags":[],"class_list":["post-7522","post","type-post","status-publish","format-standard","has-post-thumbnail","hentry","category-107","category-artikkeli","category-artikkeli-2024"],"yoast_head":"<!-- This site is optimized with the Yoast SEO plugin v27.5 - https:\/\/yoast.com\/product\/yoast-seo-wordpress\/ -->\n<title>Risto Sinkko: Velvollisuus on velvollisuus eik\u00e4 pakko \u2013 kommentti asevelvollisuudesta ja maanpuolustustahdosta - Kylkirauta<\/title>\n<meta name=\"robots\" content=\"index, follow, max-snippet:-1, max-image-preview:large, max-video-preview:-1\" \/>\n<link rel=\"canonical\" href=\"https:\/\/kylkirauta.fi\/index.php\/2024\/10\/04\/risto-sinkko-velvollisuus-on-velvollisuus-eika-pakko-kommentti-asevelvollisuudesta-ja-maanpuolustustahdosta\/\" \/>\n<meta property=\"og:locale\" content=\"fi_FI\" \/>\n<meta property=\"og:type\" content=\"article\" \/>\n<meta property=\"og:title\" content=\"Risto Sinkko: Velvollisuus on velvollisuus eik\u00e4 pakko \u2013 kommentti asevelvollisuudesta ja maanpuolustustahdosta - Kylkirauta\" \/>\n<meta property=\"og:url\" content=\"https:\/\/kylkirauta.fi\/index.php\/2024\/10\/04\/risto-sinkko-velvollisuus-on-velvollisuus-eika-pakko-kommentti-asevelvollisuudesta-ja-maanpuolustustahdosta\/\" \/>\n<meta property=\"og:site_name\" content=\"Kylkirauta\" \/>\n<meta property=\"article:published_time\" content=\"2024-10-04T06:39:45+00:00\" \/>\n<meta property=\"og:image\" content=\"https:\/\/kylkirauta.fi\/wp-content\/uploads\/2024\/10\/Velvollisuus-on-velvollisuus-eika-pakko-artikkeli.png\" \/>\n\t<meta property=\"og:image:width\" content=\"843\" \/>\n\t<meta property=\"og:image:height\" content=\"487\" \/>\n\t<meta property=\"og:image:type\" content=\"image\/png\" \/>\n<meta name=\"author\" content=\"Kari Sainio\" \/>\n<meta name=\"twitter:card\" content=\"summary_large_image\" \/>\n<meta name=\"twitter:label1\" content=\"Kirjoittanut\" \/>\n\t<meta name=\"twitter:data1\" content=\"Kari Sainio\" \/>\n\t<meta name=\"twitter:label2\" content=\"Arvioitu lukuaika\" \/>\n\t<meta name=\"twitter:data2\" content=\"5 minuuttia\" \/>\n<script type=\"application\/ld+json\" class=\"yoast-schema-graph\">{\"@context\":\"https:\\\/\\\/schema.org\",\"@graph\":[{\"@type\":\"Article\",\"@id\":\"https:\\\/\\\/kylkirauta.fi\\\/index.php\\\/2024\\\/10\\\/04\\\/risto-sinkko-velvollisuus-on-velvollisuus-eika-pakko-kommentti-asevelvollisuudesta-ja-maanpuolustustahdosta\\\/#article\",\"isPartOf\":{\"@id\":\"https:\\\/\\\/kylkirauta.fi\\\/index.php\\\/2024\\\/10\\\/04\\\/risto-sinkko-velvollisuus-on-velvollisuus-eika-pakko-kommentti-asevelvollisuudesta-ja-maanpuolustustahdosta\\\/\"},\"author\":{\"name\":\"Kari Sainio\",\"@id\":\"https:\\\/\\\/kylkirauta.fi\\\/#\\\/schema\\\/person\\\/714ab39a349c656b20d60a239be1d6f6\"},\"headline\":\"Risto Sinkko: Velvollisuus on velvollisuus eik\u00e4 pakko \u2013 kommentti asevelvollisuudesta ja maanpuolustustahdosta\",\"datePublished\":\"2024-10-04T06:39:45+00:00\",\"mainEntityOfPage\":{\"@id\":\"https:\\\/\\\/kylkirauta.fi\\\/index.php\\\/2024\\\/10\\\/04\\\/risto-sinkko-velvollisuus-on-velvollisuus-eika-pakko-kommentti-asevelvollisuudesta-ja-maanpuolustustahdosta\\\/\"},\"wordCount\":875,\"image\":{\"@id\":\"https:\\\/\\\/kylkirauta.fi\\\/index.php\\\/2024\\\/10\\\/04\\\/risto-sinkko-velvollisuus-on-velvollisuus-eika-pakko-kommentti-asevelvollisuudesta-ja-maanpuolustustahdosta\\\/#primaryimage\"},\"thumbnailUrl\":\"https:\\\/\\\/kylkirauta.fi\\\/wp-content\\\/uploads\\\/2024\\\/10\\\/Velvollisuus-on-velvollisuus-eika-pakko-artikkeli.png\",\"articleSection\":[\"2024\",\"Artikkeli\",\"Artikkeli 2024\"],\"inLanguage\":\"fi\"},{\"@type\":\"WebPage\",\"@id\":\"https:\\\/\\\/kylkirauta.fi\\\/index.php\\\/2024\\\/10\\\/04\\\/risto-sinkko-velvollisuus-on-velvollisuus-eika-pakko-kommentti-asevelvollisuudesta-ja-maanpuolustustahdosta\\\/\",\"url\":\"https:\\\/\\\/kylkirauta.fi\\\/index.php\\\/2024\\\/10\\\/04\\\/risto-sinkko-velvollisuus-on-velvollisuus-eika-pakko-kommentti-asevelvollisuudesta-ja-maanpuolustustahdosta\\\/\",\"name\":\"Risto Sinkko: Velvollisuus on velvollisuus eik\u00e4 pakko \u2013 kommentti asevelvollisuudesta ja maanpuolustustahdosta - Kylkirauta\",\"isPartOf\":{\"@id\":\"https:\\\/\\\/kylkirauta.fi\\\/#website\"},\"primaryImageOfPage\":{\"@id\":\"https:\\\/\\\/kylkirauta.fi\\\/index.php\\\/2024\\\/10\\\/04\\\/risto-sinkko-velvollisuus-on-velvollisuus-eika-pakko-kommentti-asevelvollisuudesta-ja-maanpuolustustahdosta\\\/#primaryimage\"},\"image\":{\"@id\":\"https:\\\/\\\/kylkirauta.fi\\\/index.php\\\/2024\\\/10\\\/04\\\/risto-sinkko-velvollisuus-on-velvollisuus-eika-pakko-kommentti-asevelvollisuudesta-ja-maanpuolustustahdosta\\\/#primaryimage\"},\"thumbnailUrl\":\"https:\\\/\\\/kylkirauta.fi\\\/wp-content\\\/uploads\\\/2024\\\/10\\\/Velvollisuus-on-velvollisuus-eika-pakko-artikkeli.png\",\"datePublished\":\"2024-10-04T06:39:45+00:00\",\"author\":{\"@id\":\"https:\\\/\\\/kylkirauta.fi\\\/#\\\/schema\\\/person\\\/714ab39a349c656b20d60a239be1d6f6\"},\"breadcrumb\":{\"@id\":\"https:\\\/\\\/kylkirauta.fi\\\/index.php\\\/2024\\\/10\\\/04\\\/risto-sinkko-velvollisuus-on-velvollisuus-eika-pakko-kommentti-asevelvollisuudesta-ja-maanpuolustustahdosta\\\/#breadcrumb\"},\"inLanguage\":\"fi\",\"potentialAction\":[{\"@type\":\"ReadAction\",\"target\":[\"https:\\\/\\\/kylkirauta.fi\\\/index.php\\\/2024\\\/10\\\/04\\\/risto-sinkko-velvollisuus-on-velvollisuus-eika-pakko-kommentti-asevelvollisuudesta-ja-maanpuolustustahdosta\\\/\"]}]},{\"@type\":\"ImageObject\",\"inLanguage\":\"fi\",\"@id\":\"https:\\\/\\\/kylkirauta.fi\\\/index.php\\\/2024\\\/10\\\/04\\\/risto-sinkko-velvollisuus-on-velvollisuus-eika-pakko-kommentti-asevelvollisuudesta-ja-maanpuolustustahdosta\\\/#primaryimage\",\"url\":\"https:\\\/\\\/kylkirauta.fi\\\/wp-content\\\/uploads\\\/2024\\\/10\\\/Velvollisuus-on-velvollisuus-eika-pakko-artikkeli.png\",\"contentUrl\":\"https:\\\/\\\/kylkirauta.fi\\\/wp-content\\\/uploads\\\/2024\\\/10\\\/Velvollisuus-on-velvollisuus-eika-pakko-artikkeli.png\",\"width\":843,\"height\":487},{\"@type\":\"BreadcrumbList\",\"@id\":\"https:\\\/\\\/kylkirauta.fi\\\/index.php\\\/2024\\\/10\\\/04\\\/risto-sinkko-velvollisuus-on-velvollisuus-eika-pakko-kommentti-asevelvollisuudesta-ja-maanpuolustustahdosta\\\/#breadcrumb\",\"itemListElement\":[{\"@type\":\"ListItem\",\"position\":1,\"name\":\"Home\",\"item\":\"https:\\\/\\\/kylkirauta.fi\\\/index.php\\\/home\\\/\"},{\"@type\":\"ListItem\",\"position\":2,\"name\":\"Risto Sinkko: Velvollisuus on velvollisuus eik\u00e4 pakko \u2013 kommentti asevelvollisuudesta ja maanpuolustustahdosta\"}]},{\"@type\":\"WebSite\",\"@id\":\"https:\\\/\\\/kylkirauta.fi\\\/#website\",\"url\":\"https:\\\/\\\/kylkirauta.fi\\\/\",\"name\":\"Kylkirauta\",\"description\":\"Kadettiupseerit yhteiskunnan palveluksessa\",\"potentialAction\":[{\"@type\":\"SearchAction\",\"target\":{\"@type\":\"EntryPoint\",\"urlTemplate\":\"https:\\\/\\\/kylkirauta.fi\\\/?s={search_term_string}\"},\"query-input\":{\"@type\":\"PropertyValueSpecification\",\"valueRequired\":true,\"valueName\":\"search_term_string\"}}],\"inLanguage\":\"fi\"},{\"@type\":\"Person\",\"@id\":\"https:\\\/\\\/kylkirauta.fi\\\/#\\\/schema\\\/person\\\/714ab39a349c656b20d60a239be1d6f6\",\"name\":\"Kari Sainio\",\"sameAs\":[\"http:\\\/\\\/www.kylkirauta.fi\"],\"url\":\"https:\\\/\\\/kylkirauta.fi\\\/index.php\\\/author\\\/karisain\\\/\"}]}<\/script>\n<!-- \/ Yoast SEO plugin. -->","yoast_head_json":{"title":"Risto Sinkko: Velvollisuus on velvollisuus eik\u00e4 pakko \u2013 kommentti asevelvollisuudesta ja maanpuolustustahdosta - Kylkirauta","robots":{"index":"index","follow":"follow","max-snippet":"max-snippet:-1","max-image-preview":"max-image-preview:large","max-video-preview":"max-video-preview:-1"},"canonical":"https:\/\/kylkirauta.fi\/index.php\/2024\/10\/04\/risto-sinkko-velvollisuus-on-velvollisuus-eika-pakko-kommentti-asevelvollisuudesta-ja-maanpuolustustahdosta\/","og_locale":"fi_FI","og_type":"article","og_title":"Risto Sinkko: Velvollisuus on velvollisuus eik\u00e4 pakko \u2013 kommentti asevelvollisuudesta ja maanpuolustustahdosta - Kylkirauta","og_url":"https:\/\/kylkirauta.fi\/index.php\/2024\/10\/04\/risto-sinkko-velvollisuus-on-velvollisuus-eika-pakko-kommentti-asevelvollisuudesta-ja-maanpuolustustahdosta\/","og_site_name":"Kylkirauta","article_published_time":"2024-10-04T06:39:45+00:00","og_image":[{"width":843,"height":487,"url":"https:\/\/kylkirauta.fi\/wp-content\/uploads\/2024\/10\/Velvollisuus-on-velvollisuus-eika-pakko-artikkeli.png","type":"image\/png"}],"author":"Kari Sainio","twitter_card":"summary_large_image","twitter_misc":{"Kirjoittanut":"Kari Sainio","Arvioitu lukuaika":"5 minuuttia"},"schema":{"@context":"https:\/\/schema.org","@graph":[{"@type":"Article","@id":"https:\/\/kylkirauta.fi\/index.php\/2024\/10\/04\/risto-sinkko-velvollisuus-on-velvollisuus-eika-pakko-kommentti-asevelvollisuudesta-ja-maanpuolustustahdosta\/#article","isPartOf":{"@id":"https:\/\/kylkirauta.fi\/index.php\/2024\/10\/04\/risto-sinkko-velvollisuus-on-velvollisuus-eika-pakko-kommentti-asevelvollisuudesta-ja-maanpuolustustahdosta\/"},"author":{"name":"Kari Sainio","@id":"https:\/\/kylkirauta.fi\/#\/schema\/person\/714ab39a349c656b20d60a239be1d6f6"},"headline":"Risto Sinkko: Velvollisuus on velvollisuus eik\u00e4 pakko \u2013 kommentti asevelvollisuudesta ja maanpuolustustahdosta","datePublished":"2024-10-04T06:39:45+00:00","mainEntityOfPage":{"@id":"https:\/\/kylkirauta.fi\/index.php\/2024\/10\/04\/risto-sinkko-velvollisuus-on-velvollisuus-eika-pakko-kommentti-asevelvollisuudesta-ja-maanpuolustustahdosta\/"},"wordCount":875,"image":{"@id":"https:\/\/kylkirauta.fi\/index.php\/2024\/10\/04\/risto-sinkko-velvollisuus-on-velvollisuus-eika-pakko-kommentti-asevelvollisuudesta-ja-maanpuolustustahdosta\/#primaryimage"},"thumbnailUrl":"https:\/\/kylkirauta.fi\/wp-content\/uploads\/2024\/10\/Velvollisuus-on-velvollisuus-eika-pakko-artikkeli.png","articleSection":["2024","Artikkeli","Artikkeli 2024"],"inLanguage":"fi"},{"@type":"WebPage","@id":"https:\/\/kylkirauta.fi\/index.php\/2024\/10\/04\/risto-sinkko-velvollisuus-on-velvollisuus-eika-pakko-kommentti-asevelvollisuudesta-ja-maanpuolustustahdosta\/","url":"https:\/\/kylkirauta.fi\/index.php\/2024\/10\/04\/risto-sinkko-velvollisuus-on-velvollisuus-eika-pakko-kommentti-asevelvollisuudesta-ja-maanpuolustustahdosta\/","name":"Risto Sinkko: Velvollisuus on velvollisuus eik\u00e4 pakko \u2013 kommentti asevelvollisuudesta ja maanpuolustustahdosta - Kylkirauta","isPartOf":{"@id":"https:\/\/kylkirauta.fi\/#website"},"primaryImageOfPage":{"@id":"https:\/\/kylkirauta.fi\/index.php\/2024\/10\/04\/risto-sinkko-velvollisuus-on-velvollisuus-eika-pakko-kommentti-asevelvollisuudesta-ja-maanpuolustustahdosta\/#primaryimage"},"image":{"@id":"https:\/\/kylkirauta.fi\/index.php\/2024\/10\/04\/risto-sinkko-velvollisuus-on-velvollisuus-eika-pakko-kommentti-asevelvollisuudesta-ja-maanpuolustustahdosta\/#primaryimage"},"thumbnailUrl":"https:\/\/kylkirauta.fi\/wp-content\/uploads\/2024\/10\/Velvollisuus-on-velvollisuus-eika-pakko-artikkeli.png","datePublished":"2024-10-04T06:39:45+00:00","author":{"@id":"https:\/\/kylkirauta.fi\/#\/schema\/person\/714ab39a349c656b20d60a239be1d6f6"},"breadcrumb":{"@id":"https:\/\/kylkirauta.fi\/index.php\/2024\/10\/04\/risto-sinkko-velvollisuus-on-velvollisuus-eika-pakko-kommentti-asevelvollisuudesta-ja-maanpuolustustahdosta\/#breadcrumb"},"inLanguage":"fi","potentialAction":[{"@type":"ReadAction","target":["https:\/\/kylkirauta.fi\/index.php\/2024\/10\/04\/risto-sinkko-velvollisuus-on-velvollisuus-eika-pakko-kommentti-asevelvollisuudesta-ja-maanpuolustustahdosta\/"]}]},{"@type":"ImageObject","inLanguage":"fi","@id":"https:\/\/kylkirauta.fi\/index.php\/2024\/10\/04\/risto-sinkko-velvollisuus-on-velvollisuus-eika-pakko-kommentti-asevelvollisuudesta-ja-maanpuolustustahdosta\/#primaryimage","url":"https:\/\/kylkirauta.fi\/wp-content\/uploads\/2024\/10\/Velvollisuus-on-velvollisuus-eika-pakko-artikkeli.png","contentUrl":"https:\/\/kylkirauta.fi\/wp-content\/uploads\/2024\/10\/Velvollisuus-on-velvollisuus-eika-pakko-artikkeli.png","width":843,"height":487},{"@type":"BreadcrumbList","@id":"https:\/\/kylkirauta.fi\/index.php\/2024\/10\/04\/risto-sinkko-velvollisuus-on-velvollisuus-eika-pakko-kommentti-asevelvollisuudesta-ja-maanpuolustustahdosta\/#breadcrumb","itemListElement":[{"@type":"ListItem","position":1,"name":"Home","item":"https:\/\/kylkirauta.fi\/index.php\/home\/"},{"@type":"ListItem","position":2,"name":"Risto Sinkko: Velvollisuus on velvollisuus eik\u00e4 pakko \u2013 kommentti asevelvollisuudesta ja maanpuolustustahdosta"}]},{"@type":"WebSite","@id":"https:\/\/kylkirauta.fi\/#website","url":"https:\/\/kylkirauta.fi\/","name":"Kylkirauta","description":"Kadettiupseerit yhteiskunnan palveluksessa","potentialAction":[{"@type":"SearchAction","target":{"@type":"EntryPoint","urlTemplate":"https:\/\/kylkirauta.fi\/?s={search_term_string}"},"query-input":{"@type":"PropertyValueSpecification","valueRequired":true,"valueName":"search_term_string"}}],"inLanguage":"fi"},{"@type":"Person","@id":"https:\/\/kylkirauta.fi\/#\/schema\/person\/714ab39a349c656b20d60a239be1d6f6","name":"Kari Sainio","sameAs":["http:\/\/www.kylkirauta.fi"],"url":"https:\/\/kylkirauta.fi\/index.php\/author\/karisain\/"}]}},"_links":{"self":[{"href":"https:\/\/kylkirauta.fi\/index.php\/wp-json\/wp\/v2\/posts\/7522","targetHints":{"allow":["GET"]}}],"collection":[{"href":"https:\/\/kylkirauta.fi\/index.php\/wp-json\/wp\/v2\/posts"}],"about":[{"href":"https:\/\/kylkirauta.fi\/index.php\/wp-json\/wp\/v2\/types\/post"}],"author":[{"embeddable":true,"href":"https:\/\/kylkirauta.fi\/index.php\/wp-json\/wp\/v2\/users\/3"}],"replies":[{"embeddable":true,"href":"https:\/\/kylkirauta.fi\/index.php\/wp-json\/wp\/v2\/comments?post=7522"}],"version-history":[{"count":2,"href":"https:\/\/kylkirauta.fi\/index.php\/wp-json\/wp\/v2\/posts\/7522\/revisions"}],"predecessor-version":[{"id":7525,"href":"https:\/\/kylkirauta.fi\/index.php\/wp-json\/wp\/v2\/posts\/7522\/revisions\/7525"}],"wp:featuredmedia":[{"embeddable":true,"href":"https:\/\/kylkirauta.fi\/index.php\/wp-json\/wp\/v2\/media\/7523"}],"wp:attachment":[{"href":"https:\/\/kylkirauta.fi\/index.php\/wp-json\/wp\/v2\/media?parent=7522"}],"wp:term":[{"taxonomy":"category","embeddable":true,"href":"https:\/\/kylkirauta.fi\/index.php\/wp-json\/wp\/v2\/categories?post=7522"},{"taxonomy":"post_tag","embeddable":true,"href":"https:\/\/kylkirauta.fi\/index.php\/wp-json\/wp\/v2\/tags?post=7522"}],"curies":[{"name":"wp","href":"https:\/\/api.w.org\/{rel}","templated":true}]}}