{"id":751,"date":"2019-12-27T18:51:00","date_gmt":"2019-12-27T18:51:00","guid":{"rendered":"https:\/\/kylkirauta.fi\/?p=751"},"modified":"2020-02-02T15:32:21","modified_gmt":"2020-02-02T15:32:21","slug":"terveisia-seminaarista-vuosi-2014-turvallisuuspolitiikan-kaannevuosi","status":"publish","type":"post","link":"https:\/\/kylkirauta.fi\/index.php\/2019\/12\/27\/terveisia-seminaarista-vuosi-2014-turvallisuuspolitiikan-kaannevuosi\/","title":{"rendered":"Risto Sinkko: Terveisi\u00e4 seminaarista \u2013 vuosi 2014 turvallisuuspolitiikan k\u00e4\u00e4nnevuosi"},"content":{"rendered":"<div id='full_slider_1'  class='avia-fullwidth-slider main_color avia-shadow   avia-builder-el-0  el_before_av_one_full  avia-builder-el-first   container_wrap sidebar_right'  ><div  class='avia-slideshow av-l9olo-34f89e96fc3de7b9b51c14c99ace17a4 avia-slideshow-featured av_slideshow_full avia-slide-slider av-slideshow-ui av-control-default av-slideshow-manual av-loop-once av-loop-manual-endless av-default-height-applied   avia-slideshow-1' data-slideshow-options=\"{&quot;animation&quot;:&quot;slide&quot;,&quot;autoplay&quot;:false,&quot;loop_autoplay&quot;:&quot;once&quot;,&quot;interval&quot;:5,&quot;loop_manual&quot;:&quot;manual-endless&quot;,&quot;autoplay_stopper&quot;:false,&quot;noNavigation&quot;:false,&quot;bg_slider&quot;:false,&quot;keep_padding&quot;:false,&quot;hoverpause&quot;:false,&quot;show_slide_delay&quot;:0}\"  itemprop=\"image\" itemscope=\"itemscope\" itemtype=\"https:\/\/schema.org\/ImageObject\" ><ul class='avia-slideshow-inner ' style='padding-bottom: 22.6%;'><li  class='avia-slideshow-slide av-l9olo-34f89e96fc3de7b9b51c14c99ace17a4__0  av-single-slide slide-1 slide-odd'><div data-rel='slideshow-1' class='avia-slide-wrap '   ><img decoding=\"async\" fetchpriority=\"high\" class=\"wp-image-3024 avia-img-lazy-loading-not-3024\"  src=\"https:\/\/kylkirauta.fi\/wp-content\/uploads\/2020\/01\/kylkirauta-otsake_1500px-1.png\" width=\"1500\" height=\"339\" title='kylkirauta-otsake_1500px' alt=''  itemprop=\"thumbnailUrl\" srcset=\"https:\/\/kylkirauta.fi\/wp-content\/uploads\/2020\/01\/kylkirauta-otsake_1500px-1.png 1500w, https:\/\/kylkirauta.fi\/wp-content\/uploads\/2020\/01\/kylkirauta-otsake_1500px-1-300x68.png 300w, https:\/\/kylkirauta.fi\/wp-content\/uploads\/2020\/01\/kylkirauta-otsake_1500px-1-1030x233.png 1030w, https:\/\/kylkirauta.fi\/wp-content\/uploads\/2020\/01\/kylkirauta-otsake_1500px-1-768x174.png 768w, https:\/\/kylkirauta.fi\/wp-content\/uploads\/2020\/01\/kylkirauta-otsake_1500px-1-705x159.png 705w\" sizes=\"(max-width: 1500px) 100vw, 1500px\" \/><\/div><\/li><\/ul><\/div><\/div><div id='after_full_slider_1'  class='main_color av_default_container_wrap container_wrap sidebar_right'  ><div class='container av-section-cont-open' ><div class='template-page content  av-content-small alpha units'><div class='post-entry post-entry-type-page post-entry-751'><div class='entry-content-wrapper clearfix'>\n\n<style type=\"text\/css\" data-created_by=\"avia_inline_auto\" id=\"style-css-av-km4zs-0614ada41eb3461e6efbb361dfbae970\">\n.flex_column.av-km4zs-0614ada41eb3461e6efbb361dfbae970{\nborder-radius:0px 0px 0px 0px;\npadding:0px 0px 0px 0px;\n}\n<\/style>\n<div  class='flex_column av-km4zs-0614ada41eb3461e6efbb361dfbae970 av_one_full  avia-builder-el-1  el_after_av_slideshow_full  el_before_av_hr  avia-builder-el-first  first flex_column_div av-zero-column-padding  '     ><p>\n<style type=\"text\/css\" data-created_by=\"avia_inline_auto\" id=\"style-css-av-8n5yv-10b24ac63b3ec631d4f74c5caf41f302\">\n#top .av-special-heading.av-8n5yv-10b24ac63b3ec631d4f74c5caf41f302{\npadding-bottom:10px;\n}\nbody .av-special-heading.av-8n5yv-10b24ac63b3ec631d4f74c5caf41f302 .av-special-heading-tag .heading-char{\nfont-size:25px;\n}\n.av-special-heading.av-8n5yv-10b24ac63b3ec631d4f74c5caf41f302 .av-subheading{\nfont-size:15px;\n}\n<\/style>\n<div  class='av-special-heading av-8n5yv-10b24ac63b3ec631d4f74c5caf41f302 av-special-heading-h3  avia-builder-el-2  el_before_av_hr  avia-builder-el-first '><h3 class='av-special-heading-tag'  itemprop=\"headline\"  >Risto Sinkko: Terveisi\u00e4 seminaarista \u2013 vuosi 2014 turvallisuuspolitiikan k\u00e4\u00e4nnevuosi<\/h3><div class=\"special-heading-border\"><div class=\"special-heading-inner-border\"><\/div><\/div><\/div><br \/>\n\n<style type=\"text\/css\" data-created_by=\"avia_inline_auto\" id=\"style-css-av-k5m7b9te-01401dd5e8beb25770de1be03f41ecf3\">\n#top .hr.hr-invisible.av-k5m7b9te-01401dd5e8beb25770de1be03f41ecf3{\nheight:30px;\n}\n<\/style>\n<div  class='hr av-k5m7b9te-01401dd5e8beb25770de1be03f41ecf3 hr-invisible  avia-builder-el-3  el_after_av_heading  el_before_av_textblock '><span class='hr-inner '><span class=\"hr-inner-style\"><\/span><\/span><\/div><br \/>\n<section  class='av_textblock_section av-k8d08-dea0f25c8df625cf22cbdeac32688808 '   itemscope=\"itemscope\" itemtype=\"https:\/\/schema.org\/BlogPosting\" itemprop=\"blogPost\" ><div class='avia_textblock'  itemprop=\"text\" ><div class=\"art-article\">\n<div class=\"img_caption none\">\n<div class=\"img_caption none\">\n<div class=\"mceTemp\"><\/div>\n<div id=\"attachment_459\" style=\"width: 140px\" class=\"wp-caption alignleft\"><img loading=\"lazy\" decoding=\"async\" aria-describedby=\"caption-attachment-459\" class=\"wp-image-459\" src=\"https:\/\/kylkirauta.fi\/wp-content\/uploads\/2019\/10\/Sinkko_uusi.jpeg\" alt=\"\" width=\"130\" height=\"176\" srcset=\"https:\/\/kylkirauta.fi\/wp-content\/uploads\/2019\/10\/Sinkko_uusi.jpeg 369w, https:\/\/kylkirauta.fi\/wp-content\/uploads\/2019\/10\/Sinkko_uusi-221x300.jpeg 221w\" sizes=\"auto, (max-width: 130px) 100vw, 130px\" \/><p id=\"caption-attachment-459\" class=\"wp-caption-text\">ST Risto Sinkko<\/p><\/div>\n<p class=\"img_caption\"><a href=\"https:\/\/www.defmin.fi\/tehtavat_ja_toiminta\/viestinta\/maanpuolustustiedotuksen_suunnittelukunta_mts\" target=\"_blank\" rel=\"noopener noreferrer\">Maanpuolustustiedotuksen suunnittelukunta (MTS)<\/a>\u00a0j\u00e4rjest\u00e4\u00e4 kiitett\u00e4v\u00e4sti journalistiseminaareja, viimeksi\u00a0<a href=\"https:\/\/www.defmin.fi\/tehtavat_ja_toiminta\/viestinta\/maanpuolustustiedotuksen_suunnittelukunta_mts\/seminaarit\/journalistiseminaari_17.12.2019\" target=\"_blank\" rel=\"noopener noreferrer\">17.12.2019 (linkki)<\/a>. Seminaarin aluksi korostettiin, ett\u00e4 k\u00e4yt\u00f6ss\u00e4 on\u00a0<em>Chatham House<\/em>\u00a0-periaate. Se tarkoittaa, ett\u00e4 esitettyj\u00e4 tietoja saa lainata laadituissa raporteissa tai lehtijutuissa ilman ett\u00e4 l\u00e4hde mainitaan.<\/p>\n<\/div>\n<p>No eip\u00e4 periaate montaa tuntia kest\u00e4nyt, kun esimerkiksi Ilta-Sanomat nettisivuillaan referoi Suojelupoliisin p\u00e4\u00e4llikk\u00f6 Antti Pelttarin esityst\u00e4 nimell\u00e4 mainiten. Nopean k\u00e4sittelyn sai my\u00f6s Maanpuolustuskorkeakoulun strategian p\u00e4\u00e4opettaja komentaja Jaakko J\u00e4ntti Syyriaa koskevasta analyysistaan. H\u00e4n tosin jakoi esityksens\u00e4 seminaarin nettisivulla. N\u00e4m\u00e4 olivat siis ainakin Ilta-Sanomia eniten kiinnostaneet esitykset. Syyria, sen vankileirit ja suomalaiset siell\u00e4 ovat viime viikkojen kuumin aihe.<\/p>\n<p><em><strong>Isis ja turvallisuusuhat<\/strong><\/em><\/p>\n<p>Ilta-Sanomat uutisoi Pelttarin sanoneen, ett\u00e4 Isis-taistelijoiden vaimot ja heid\u00e4n teini-ik\u00e4iset lapset ovat Suomessa suurempi turvallisuusuhka kuin Syyriassa. Eiv\u00e4t v\u00e4ltt\u00e4m\u00e4tt\u00e4 kaikki, mutta jokainen on tapauskohtaisesti arvioitava.<\/p>\n<p>Pelttarin n\u00e4kemyksen mukaan naisten teht\u00e4v\u00e4n\u00e4 on ollut propagandan levitt\u00e4minen ja seuraavien sukupolvien kasvattaminen. On my\u00f6s mahdollista, ett\u00e4 osa naisista on osallistunut aseelliseen toimintaan. Terroristilains\u00e4\u00e4d\u00e4nt\u00f6\u00e4mme on viel\u00e4 tarkistettava. Suomessa on annettu yksi tuomio terrorismin perusteella, esimerkiksi Ruotsissa useita.<\/p>\n<p><strong><em>Syyria<\/em><\/strong><\/p>\n<p>Komentaja Jaakko J\u00e4ntti pit\u00e4\u00e4 mahdollisena, ett\u00e4 Isis 2.0 voi viel\u00e4 synty\u00e4 (<a href=\"https:\/\/www.defmin.fi\/files\/4766\/Jaakko_Jantti_Syyria_MTS_171219.pdf\" target=\"_blank\" rel=\"noopener noreferrer\">linkki esitykseen<\/a>). H\u00e4n kiteytti esityksens\u00e4 siihen, ett\u00e4 Isisi\u00e4 ei ole ly\u00f6ty, vaikka johto on eliminoitu ja sen hallitsemat maa-alueet on saatu p\u00e4\u00e4osin vallattua takaisin. Isisin syntymisen juurisyyt ovat edelleen olemassa jopa entist\u00e4 voimakkaampina. Taistelijoita arvioidaan olevan edelleen runsaasti, jopa 15 000. Osa taistelijoista on mahdollisesti liittynein\u00e4 muihin ryhmittymiin ja osa passiivisina nukkuvina soluina. Isis pystyy toimimaan J\u00e4ntin arvion mukaan k\u00e4rsiv\u00e4llisesti, yli sukupolvien.<\/p>\n<p>J\u00e4ntti tarkasteli esityksess\u00e4\u00e4n useita toimijoita Syyrian alueella, mutta h\u00e4nen mukaan todenn\u00e4k\u00f6ist\u00e4 rauhaa ei ole n\u00e4k\u00f6piiriss\u00e4. Konfliktin kompleksisuus tekee siit\u00e4 mahdottoman hallita, kansainv\u00e4lisest\u00e4 mittakaavasta aina paikallistasolle saakka. Alueen toimijoista ei ole j\u00e4lleenrakentajiksikaan, ei ole kapasiteettia tai intressi\u00e4. J\u00e4ntin tulkinnan mukaan Euroopalla olisi kapasiteettia, mutta poliittinen kyky puuttuu.<\/p>\n<p><em><strong>Tiedustelulakien k\u00e4yt\u00e4nn\u00f6n sis\u00e4\u00e4najo alkanut<\/strong><\/em><\/p>\n<p>Uudet tiedustelulakimme tulivat voimaan 1.6.2019. Seminaarissa kerrottujen tietojen mukaan sek\u00e4 siviili- ett\u00e4 sotilastiedustelussa valtuuksien edellytt\u00e4mi\u00e4 toimenpiteit\u00e4 on hallitusti alettu ajaa sis\u00e4\u00e4n organisaatioihin. T\u00e4m\u00e4 tarkoittaa koulutusta kaikille toimijoille ja my\u00f6s tarvittavan sis\u00e4isen valvonnan k\u00e4ynnist\u00e4mist\u00e4. T\u00e4rkeint\u00e4 on, ett\u00e4 sek\u00e4 siviili- ett\u00e4 sotilastiedustelun tiedot ovat nyt vaihtokelpoisia ulkomaisten toimijoiden kanssa. Toimintojen kehittyminen vie silti useita vuosia.<\/p>\n<p>Tiedustelumme on nyt kehittyneempi ja pystyy tukemaan valtion johtoa ja my\u00f6s puolustusvoimien johtoa paremmin tiedoin. Ennakkovaroituksia on mahdollista saada aikaisempaa paremmin. Tiedustelumme on valvotumpaa, ja samalla my\u00f6s rajoitetusti avoimempaa. Sotilas- ja siviilitiedustelu koordinoivat toimintojaan.<\/p>\n<p><em><strong>Vuosi 2014 on merkitt\u00e4v\u00e4 muutoskohta<\/strong><\/em><\/p>\n<p>Seminaarin upseeriasiantuntijoiden yhteisen\u00e4 n\u00e4kemyksen\u00e4 voi kiteytt\u00e4\u00e4 vuoden 2014 merkityksen turvallisuuden n\u00e4kym\u00e4ss\u00e4. Neuvostoliiton kaatumisen j\u00e4lkeen vuodesta 1991 l\u00e4htien turvallisuusk\u00e4sityksiss\u00e4 Euroopassa elettiin 25 vuotta n\u00e4kemyksess\u00e4, ett\u00e4 uusi kylm\u00e4n sodan j\u00e4lkeinen aika on koittanut. Tultiin vuoteen 2014, jolloin valtioiden rajoja muutettiin aseellisella toiminnalla Krimill\u00e4. Ven\u00e4j\u00e4 k\u00e4ynnisti aseelliset toimet Ukrainaa vastaan It\u00e4-Ukrainassa. Alkoi turvallisuuden uusi aikakausi eik\u00e4 tuon vuoden j\u00e4lkeen turvallisuusn\u00e4kemys Euroopassa ole muuttunut, ei ole mit\u00e4\u00e4n perusteita esimerkiksi Ven\u00e4j\u00e4n pakotteiden perumiseksi.<\/p>\n<p>Ven\u00e4j\u00e4n asevoimien painopiste on siirtynyt l\u00e4nteen Keski-Aasiasta. USA:n painopiste on nyt Kiinan suunnassa, Etel\u00e4-Kiinan merell\u00e4. Ruotsalaisen rauhantutkimuslaitos Siprin tilastojen mukaan maailman eri alueista kuitenkin Eurooppa on ainoa, jossa yhteenlasketut puolustukseen k\u00e4ytetyt raham\u00e4\u00e4r\u00e4t ovat pienentyneet.<\/p>\n<p>Kiinan merkitys kasvaa my\u00f6s Euroopan kannalta, eik\u00e4 v\u00e4hiten tietoliikenteen 5G-kehityksen takia. Uusi verkko on hajautetumpi, ja vaatii luotettavuutta operaattoreilta paikallisesti sek\u00e4 verkkolaitteistojen valmistajilta. Informaation ja digitalisaation merkitys kasvaa muutenkin kaikessa turvallisuuteen liittyv\u00e4ss\u00e4 toiminnassa, koska mahdollisuudet yll\u00e4tyksiin kasvavat.<\/p>\n<p>Ulkoministeri\u00f6n poliittisen osaston osastop\u00e4\u00e4llikk\u00f6 Mikko Kinnunen huomautti osana esityst\u00e4\u00e4n (<a href=\"https:\/\/www.defmin.fi\/files\/4762\/Mikko_Kinnunen_MTS171219.pdf\" target=\"_blank\" rel=\"noopener noreferrer\">linkki<\/a>), ett\u00e4 joulukuun alussa pidetty Naton p\u00e4\u00e4mieskokous oli hyv\u00e4. N\u00e4kemysten yhten\u00e4isyyden laskukausi on ilmeisesti p\u00e4\u00e4ttynyt ja nyt ollaan aikaisempaa yhten\u00e4isemm\u00e4ss\u00e4 vaiheessa.<\/p>\n<p>Oma vaikutuksensa globaaliin turvallisuuteen on my\u00f6s politiikan kehityksell\u00e4 USA:ssa. Professori Benita Heiskanen Pohjois-Amerikan tutkimuksen John Morton-keskuksesta Turun yliopistosta analysoi tulevien presidentinvaalien n\u00e4kymi\u00e4. Oletettavaa on, ett\u00e4 presidentti Donald Trump vaalit voittaa.<\/p>\n<p><em><strong>Journalismin YYA-aikaa ei ole kunnolla k\u00e4sitelty<\/strong><\/em><\/p>\n<p>Seminaarin loppuk\u00e4sittelyss\u00e4 Ilta-Sanomien p\u00e4\u00e4toimittaja Ulla Appelsin ja Ylen p\u00e4\u00e4toimittaja Jouko Jokinen k\u00e4sitteliv\u00e4t median roolin muuttumista nykyisiss\u00e4 muuttuvissa oloissa. Keskustelussa kuitenkin p\u00e4\u00e4llimm\u00e4isiksi j\u00e4iv\u00e4t muistelut siit\u00e4, millaista journalismi oli YYA-aikana. Ilta-Sanomat on tuottanut oman julkaisunsa aiheesta, mutta Ylell\u00e4 asia on kokonaan k\u00e4sittelem\u00e4tt\u00e4. Muisteltiin kyll\u00e4, ett\u00e4 sit\u00e4 aikaa olivat N\u00e4in naapurissa -ohjelmat, jotka sivulauseenomaisesti hym\u00e4hdellen sivuutettiin.<\/p>\n<p>P\u00e4\u00e4toimittajien n\u00e4kemyksen mukaan ulko- ja turvallisuuspolitiikka ovat mediaa vahvasti kiinnostavia aiheita. Seminaarin monet alustajat painottivat vuoden 2014 merkityst\u00e4 turvallisuusajattelulle Euroopassa Ven\u00e4j\u00e4n Krimill\u00e4 ja Ukrainassa toteuttamien toimien j\u00e4lkeen. Ylen Jokisen mukaan ne olivat k\u00e4\u00e4nnekohtia t\u00e4h\u00e4n aihepiiriin liittyvien uutisten ja muiden sis\u00e4lt\u00f6jen uutisoinnin lis\u00e4\u00e4ntymisess\u00e4.<\/p>\n<p>P\u00e4\u00e4toimittaja Appelsin nosti mukaan viel\u00e4 muita kiinnostavia tapahtumia. Yhdysvaltoihin on valittu presidentiksi voimakkaita mielipiteit\u00e4 her\u00e4tt\u00e4v\u00e4 Donald Trump. Vladimir Putinin johtaman Ven\u00e4j\u00e4n arvaamattomuus kansainv\u00e4lisill\u00e4 kentill\u00e4 on jatkunut. Jokinen kommentoi, ett\u00e4 Ven\u00e4j\u00e4 on kiinnostanut suomalaisia aina.<\/p>\n<p>Jokinen linjasi, ett\u00e4 ulko- ja turvallisuuspolitiikkaa ei k\u00e4sitell\u00e4 mediassa en\u00e4\u00e4 samalla tavalla kuin ennen. Ulko- ja turvallisuuspolitiikasta puhuminen oli aiemmin tiettyjen ihmisten etuoikeus. Se mit\u00e4 sanottiin, hiottiin sana sanalta ja lause lauseelta.<\/p>\n<p><em>Lis\u00e4\u00e4 seminaarista ja seminaarin julkisiksi jaetut esitykset luettavissa\u00a0<strong><a href=\"https:\/\/www.defmin.fi\/tehtavat_ja_toiminta\/viestinta\/maanpuolustustiedotuksen_suunnittelukunta_mts\/seminaarit\/journalistiseminaari_17.12.2019\" target=\"_blank\" rel=\"noopener noreferrer\">t\u00e4st\u00e4 linkist\u00e4<\/a><\/strong>.<\/em><\/p>\n<p><strong><em>Risto Sinkko<\/em><\/strong><br \/>\n<em>ST, Senior Analyst, Insight360 Oy<\/em><\/p>\n<\/div>\n<div class=\"img_caption none\"><\/div>\n<div class=\"img_caption none\">\n<div class=\"mceTemp\"><\/div>\n<\/div>\n<\/div>\n<\/div><\/section><\/p><\/div>\n<div  class='hr av-6zsyz-b471ba5482e75b0a604afa4166a853a5 hr-default  avia-builder-el-5  el_after_av_one_full  el_before_av_blog '><span class='hr-inner '><span class=\"hr-inner-style\"><\/span><\/span><\/div>\n<div  class='av-alb-blogposts template-blog  '  itemscope=\"itemscope\" itemtype=\"https:\/\/schema.org\/Blog\" ><article class=\"post-entry post-entry-type-standard post-entry-8921 post-loop-1 post-parity-odd bloglist-simple with-slider post-8921 post type-post status-publish format-standard has-post-thumbnail hentry category-artikkeli category-artikkeli-2026\"  itemscope=\"itemscope\" itemtype=\"https:\/\/schema.org\/BlogPosting\" ><div class=\"blog-meta\"><\/div><div class='entry-content-wrapper clearfix standard-content'><header class=\"entry-content-header\"><h2 class='post-title entry-title '  itemprop=\"headline\" ><a href=\"https:\/\/kylkirauta.fi\/index.php\/2026\/04\/20\/kaaderilaulajien-julkaisutoiminta\/\" rel=\"bookmark\" title=\"Permanent Link: Kaaderilaulajien julkaisutoiminta\">Kaaderilaulajien julkaisutoiminta<span class=\"post-format-icon minor-meta\"><\/span><\/a><\/h2><span class=\"post-meta-infos\"><time class=\"date-container minor-meta updated\"  itemprop=\"datePublished\" datetime=\"2026-04-20T15:45:24+03:00\" >20.4.2026<\/time><span class=\"text-sep\">\/<\/span><span class=\"blog-categories minor-meta\">in <a href=\"https:\/\/kylkirauta.fi\/index.php\/category\/artikkeli\/\" rel=\"tag\">Artikkeli<\/a>, <a href=\"https:\/\/kylkirauta.fi\/index.php\/category\/artikkeli-2026\/\" rel=\"tag\">Artikkeli 2026<\/a><\/span><span class=\"text-sep\">\/<\/span><span class=\"blog-author minor-meta\">by <span class=\"entry-author-link\"  itemprop=\"author\" ><span class=\"author\"><span class=\"fn\"><a href=\"https:\/\/kylkirauta.fi\/index.php\/author\/karisain\/\" title=\"Kirjoittanut: Kari Sainio\" rel=\"author\">Kari Sainio<\/a><\/span><\/span><\/span><\/span><div class=\"read-more-link\"><a href=\"https:\/\/kylkirauta.fi\/index.php\/2026\/04\/20\/kaaderilaulajien-julkaisutoiminta\/\" class=\"more-link\">Read more<span class=\"more-link-arrow\"><\/span><\/a><\/div><\/span><\/header><footer class=\"entry-footer\"><\/footer><div class='post_delimiter'><\/div><\/div><div class=\"post_author_timeline\"><\/div><span class='hidden'>\n\t\t\t\t<span class='av-structured-data'  itemprop=\"image\" itemscope=\"itemscope\" itemtype=\"https:\/\/schema.org\/ImageObject\" >\n\t\t\t\t\t\t<span itemprop='url'>https:\/\/kylkirauta.fi\/wp-content\/uploads\/2026\/04\/Artikkeli-4-2026-2.jpg<\/span>\n\t\t\t\t\t\t<span itemprop='height'>487<\/span>\n\t\t\t\t\t\t<span itemprop='width'>843<\/span>\n\t\t\t\t<\/span>\n\t\t\t\t<span class='av-structured-data'  itemprop=\"publisher\" itemtype=\"https:\/\/schema.org\/Organization\" itemscope=\"itemscope\" >\n\t\t\t\t\t\t<span itemprop='name'>Kari Sainio<\/span>\n\t\t\t\t\t\t<span itemprop='logo' itemscope itemtype='https:\/\/schema.org\/ImageObject'>\n\t\t\t\t\t\t\t<span itemprop='url'>https:\/\/kylkirauta.fi\/wp-content\/uploads\/2020\/02\/kkunta_weblogo-100x100-1.png<\/span>\n\t\t\t\t\t\t<\/span>\n\t\t\t\t<\/span><span class='av-structured-data'  itemprop=\"author\" itemscope=\"itemscope\" itemtype=\"https:\/\/schema.org\/Person\" ><span itemprop='name'>Kari Sainio<\/span><\/span><span class='av-structured-data'  itemprop=\"datePublished\" datetime=\"2026-04-20T15:45:24+03:00\" >2026-04-20 15:45:24<\/span><span class='av-structured-data'  itemprop=\"dateModified\" itemtype=\"https:\/\/schema.org\/dateModified\" >2026-04-20 15:45:24<\/span><span class='av-structured-data'  itemprop=\"mainEntityOfPage\" itemtype=\"https:\/\/schema.org\/mainEntityOfPage\" ><span itemprop='name'>Kaaderilaulajien julkaisutoiminta<\/span><\/span><\/span><\/article><article class=\"post-entry post-entry-type-standard post-entry-8884 post-loop-2 post-parity-even bloglist-simple with-slider post-8884 post type-post status-publish format-standard has-post-thumbnail hentry category-artikkeli category-artikkeli-2026\"  itemscope=\"itemscope\" itemtype=\"https:\/\/schema.org\/BlogPosting\" ><div class=\"blog-meta\"><\/div><div class='entry-content-wrapper clearfix standard-content'><header class=\"entry-content-header\"><h2 class='post-title entry-title '  itemprop=\"headline\" ><a href=\"https:\/\/kylkirauta.fi\/index.php\/2026\/03\/27\/kaaderilaulajien-ukraina-tukikonsertit\/\" rel=\"bookmark\" title=\"Permanent Link: Kaaderilaulajien Ukraina-tukikonsertit\">Kaaderilaulajien Ukraina-tukikonsertit<span class=\"post-format-icon minor-meta\"><\/span><\/a><\/h2><span class=\"post-meta-infos\"><time class=\"date-container minor-meta updated\"  itemprop=\"datePublished\" datetime=\"2026-03-27T12:30:38+02:00\" >27.3.2026<\/time><span class=\"text-sep\">\/<\/span><span class=\"blog-categories minor-meta\">in <a href=\"https:\/\/kylkirauta.fi\/index.php\/category\/artikkeli\/\" rel=\"tag\">Artikkeli<\/a>, <a href=\"https:\/\/kylkirauta.fi\/index.php\/category\/artikkeli-2026\/\" rel=\"tag\">Artikkeli 2026<\/a><\/span><span class=\"text-sep\">\/<\/span><span class=\"blog-author minor-meta\">by <span class=\"entry-author-link\"  itemprop=\"author\" ><span class=\"author\"><span class=\"fn\"><a href=\"https:\/\/kylkirauta.fi\/index.php\/author\/karisain\/\" title=\"Kirjoittanut: Kari Sainio\" rel=\"author\">Kari Sainio<\/a><\/span><\/span><\/span><\/span><div class=\"read-more-link\"><a href=\"https:\/\/kylkirauta.fi\/index.php\/2026\/03\/27\/kaaderilaulajien-ukraina-tukikonsertit\/\" class=\"more-link\">Read more<span class=\"more-link-arrow\"><\/span><\/a><\/div><\/span><\/header><footer class=\"entry-footer\"><\/footer><div class='post_delimiter'><\/div><\/div><div class=\"post_author_timeline\"><\/div><span class='hidden'>\n\t\t\t\t<span class='av-structured-data'  itemprop=\"image\" itemscope=\"itemscope\" itemtype=\"https:\/\/schema.org\/ImageObject\" >\n\t\t\t\t\t\t<span itemprop='url'>https:\/\/kylkirauta.fi\/wp-content\/uploads\/2026\/03\/3-2026-artikkeli.jpg<\/span>\n\t\t\t\t\t\t<span itemprop='height'>487<\/span>\n\t\t\t\t\t\t<span itemprop='width'>843<\/span>\n\t\t\t\t<\/span>\n\t\t\t\t<span class='av-structured-data'  itemprop=\"publisher\" itemtype=\"https:\/\/schema.org\/Organization\" itemscope=\"itemscope\" >\n\t\t\t\t\t\t<span itemprop='name'>Kari Sainio<\/span>\n\t\t\t\t\t\t<span itemprop='logo' itemscope itemtype='https:\/\/schema.org\/ImageObject'>\n\t\t\t\t\t\t\t<span itemprop='url'>https:\/\/kylkirauta.fi\/wp-content\/uploads\/2020\/02\/kkunta_weblogo-100x100-1.png<\/span>\n\t\t\t\t\t\t<\/span>\n\t\t\t\t<\/span><span class='av-structured-data'  itemprop=\"author\" itemscope=\"itemscope\" itemtype=\"https:\/\/schema.org\/Person\" ><span itemprop='name'>Kari Sainio<\/span><\/span><span class='av-structured-data'  itemprop=\"datePublished\" datetime=\"2026-03-27T12:30:38+02:00\" >2026-03-27 12:30:38<\/span><span class='av-structured-data'  itemprop=\"dateModified\" itemtype=\"https:\/\/schema.org\/dateModified\" >2026-03-27 12:30:38<\/span><span class='av-structured-data'  itemprop=\"mainEntityOfPage\" itemtype=\"https:\/\/schema.org\/mainEntityOfPage\" ><span itemprop='name'>Kaaderilaulajien Ukraina-tukikonsertit<\/span><\/span><\/span><\/article><article class=\"post-entry post-entry-type-standard post-entry-8786 post-loop-3 post-parity-odd post-entry-last bloglist-simple with-slider post-8786 post type-post status-publish format-standard has-post-thumbnail hentry category-artikkeli category-artikkeli-2026\"  itemscope=\"itemscope\" itemtype=\"https:\/\/schema.org\/BlogPosting\" ><div class=\"blog-meta\"><\/div><div class='entry-content-wrapper clearfix standard-content'><header class=\"entry-content-header\"><h2 class='post-title entry-title '  itemprop=\"headline\" ><a href=\"https:\/\/kylkirauta.fi\/index.php\/2026\/02\/23\/risto-sinkko-eu-kansalaisten-nakemyksia-turvallisuudesta-ja-puolustuksesta\/\" rel=\"bookmark\" title=\"Permanent Link: Risto Sinkko: EU-kansalaisten n\u00e4kemyksi\u00e4 turvallisuudesta ja puolustuksesta\">Risto Sinkko: EU-kansalaisten n\u00e4kemyksi\u00e4 turvallisuudesta ja puolustuksesta<span class=\"post-format-icon minor-meta\"><\/span><\/a><\/h2><span class=\"post-meta-infos\"><time class=\"date-container minor-meta updated\"  itemprop=\"datePublished\" datetime=\"2026-02-23T17:08:33+02:00\" >23.2.2026<\/time><span class=\"text-sep\">\/<\/span><span class=\"blog-categories minor-meta\">in <a href=\"https:\/\/kylkirauta.fi\/index.php\/category\/artikkeli\/\" rel=\"tag\">Artikkeli<\/a>, <a href=\"https:\/\/kylkirauta.fi\/index.php\/category\/artikkeli-2026\/\" rel=\"tag\">Artikkeli 2026<\/a><\/span><span class=\"text-sep\">\/<\/span><span class=\"blog-author minor-meta\">by <span class=\"entry-author-link\"  itemprop=\"author\" ><span class=\"author\"><span class=\"fn\"><a href=\"https:\/\/kylkirauta.fi\/index.php\/author\/karisain\/\" title=\"Kirjoittanut: Kari Sainio\" rel=\"author\">Kari Sainio<\/a><\/span><\/span><\/span><\/span><div class=\"read-more-link\"><a href=\"https:\/\/kylkirauta.fi\/index.php\/2026\/02\/23\/risto-sinkko-eu-kansalaisten-nakemyksia-turvallisuudesta-ja-puolustuksesta\/\" class=\"more-link\">Read more<span class=\"more-link-arrow\"><\/span><\/a><\/div><\/span><\/header><footer class=\"entry-footer\"><\/footer><div class='post_delimiter'><\/div><\/div><div class=\"post_author_timeline\"><\/div><span class='hidden'>\n\t\t\t\t<span class='av-structured-data'  itemprop=\"image\" itemscope=\"itemscope\" itemtype=\"https:\/\/schema.org\/ImageObject\" >\n\t\t\t\t\t\t<span itemprop='url'>https:\/\/kylkirauta.fi\/wp-content\/uploads\/2026\/02\/Artikkeli-MSC-artikkeli.jpg<\/span>\n\t\t\t\t\t\t<span itemprop='height'>487<\/span>\n\t\t\t\t\t\t<span itemprop='width'>843<\/span>\n\t\t\t\t<\/span>\n\t\t\t\t<span class='av-structured-data'  itemprop=\"publisher\" itemtype=\"https:\/\/schema.org\/Organization\" itemscope=\"itemscope\" >\n\t\t\t\t\t\t<span itemprop='name'>Kari Sainio<\/span>\n\t\t\t\t\t\t<span itemprop='logo' itemscope itemtype='https:\/\/schema.org\/ImageObject'>\n\t\t\t\t\t\t\t<span itemprop='url'>https:\/\/kylkirauta.fi\/wp-content\/uploads\/2020\/02\/kkunta_weblogo-100x100-1.png<\/span>\n\t\t\t\t\t\t<\/span>\n\t\t\t\t<\/span><span class='av-structured-data'  itemprop=\"author\" itemscope=\"itemscope\" itemtype=\"https:\/\/schema.org\/Person\" ><span itemprop='name'>Kari Sainio<\/span><\/span><span class='av-structured-data'  itemprop=\"datePublished\" datetime=\"2026-02-23T17:08:33+02:00\" >2026-02-23 17:08:33<\/span><span class='av-structured-data'  itemprop=\"dateModified\" itemtype=\"https:\/\/schema.org\/dateModified\" >2026-02-23 17:29:54<\/span><span class='av-structured-data'  itemprop=\"mainEntityOfPage\" itemtype=\"https:\/\/schema.org\/mainEntityOfPage\" ><span itemprop='name'>Risto Sinkko: EU-kansalaisten n\u00e4kemyksi\u00e4 turvallisuudesta ja puolustuksesta<\/span><\/span><\/span><\/article><div class='bloglist-simple'><nav class='pagination'><span class='pagination-meta'>Page 1 of 58<\/span><span class='current'>1<\/span><a href='https:\/\/kylkirauta.fi\/index.php\/wp-json\/wp\/v2\/posts\/751\/page\/2\/' class='inactive next_page' >2<\/a><a href='https:\/\/kylkirauta.fi\/index.php\/wp-json\/wp\/v2\/posts\/751\/page\/3\/' class='inactive' >3<\/a><a href='https:\/\/kylkirauta.fi\/index.php\/wp-json\/wp\/v2\/posts\/751\/page\/2\/'>&rsaquo;<\/a><a href='https:\/\/kylkirauta.fi\/index.php\/wp-json\/wp\/v2\/posts\/751\/page\/58\/'>&raquo;<\/a><\/nav>\n<\/div><\/div>\n","protected":false},"excerpt":{"rendered":"","protected":false},"author":3,"featured_media":0,"comment_status":"closed","ping_status":"closed","sticky":false,"template":"","format":"standard","meta":{"footnotes":""},"categories":[4,30],"tags":[],"class_list":["post-751","post","type-post","status-publish","format-standard","hentry","category-artikkeli","category-artikkeli-2019"],"yoast_head":"<!-- This site is optimized with the Yoast SEO plugin v27.5 - https:\/\/yoast.com\/product\/yoast-seo-wordpress\/ -->\n<title>Risto Sinkko: Terveisi\u00e4 seminaarista \u2013 vuosi 2014 turvallisuuspolitiikan k\u00e4\u00e4nnevuosi - Kylkirauta<\/title>\n<meta name=\"robots\" content=\"index, follow, max-snippet:-1, max-image-preview:large, max-video-preview:-1\" \/>\n<link rel=\"canonical\" href=\"https:\/\/kylkirauta.fi\/index.php\/2019\/12\/27\/terveisia-seminaarista-vuosi-2014-turvallisuuspolitiikan-kaannevuosi\/\" \/>\n<meta property=\"og:locale\" content=\"fi_FI\" \/>\n<meta property=\"og:type\" content=\"article\" \/>\n<meta property=\"og:title\" content=\"Risto Sinkko: Terveisi\u00e4 seminaarista \u2013 vuosi 2014 turvallisuuspolitiikan k\u00e4\u00e4nnevuosi - Kylkirauta\" \/>\n<meta property=\"og:url\" content=\"https:\/\/kylkirauta.fi\/index.php\/2019\/12\/27\/terveisia-seminaarista-vuosi-2014-turvallisuuspolitiikan-kaannevuosi\/\" \/>\n<meta property=\"og:site_name\" content=\"Kylkirauta\" \/>\n<meta property=\"article:published_time\" content=\"2019-12-27T18:51:00+00:00\" \/>\n<meta property=\"article:modified_time\" content=\"2020-02-02T15:32:21+00:00\" \/>\n<meta property=\"og:image\" content=\"https:\/\/kylkirauta.fi\/wp-content\/uploads\/2019\/10\/Sinkko_uusi.jpeg\" \/>\n<meta name=\"author\" content=\"Kari Sainio\" \/>\n<meta name=\"twitter:card\" content=\"summary_large_image\" \/>\n<meta name=\"twitter:label1\" content=\"Kirjoittanut\" \/>\n\t<meta name=\"twitter:data1\" content=\"Kari Sainio\" \/>\n\t<meta name=\"twitter:label2\" content=\"Arvioitu lukuaika\" \/>\n\t<meta name=\"twitter:data2\" content=\"7 minuuttia\" \/>\n<script type=\"application\/ld+json\" class=\"yoast-schema-graph\">{\"@context\":\"https:\\\/\\\/schema.org\",\"@graph\":[{\"@type\":\"Article\",\"@id\":\"https:\\\/\\\/kylkirauta.fi\\\/index.php\\\/2019\\\/12\\\/27\\\/terveisia-seminaarista-vuosi-2014-turvallisuuspolitiikan-kaannevuosi\\\/#article\",\"isPartOf\":{\"@id\":\"https:\\\/\\\/kylkirauta.fi\\\/index.php\\\/2019\\\/12\\\/27\\\/terveisia-seminaarista-vuosi-2014-turvallisuuspolitiikan-kaannevuosi\\\/\"},\"author\":{\"name\":\"Kari Sainio\",\"@id\":\"https:\\\/\\\/kylkirauta.fi\\\/#\\\/schema\\\/person\\\/714ab39a349c656b20d60a239be1d6f6\"},\"headline\":\"Risto Sinkko: Terveisi\u00e4 seminaarista \u2013 vuosi 2014 turvallisuuspolitiikan k\u00e4\u00e4nnevuosi\",\"datePublished\":\"2019-12-27T18:51:00+00:00\",\"dateModified\":\"2020-02-02T15:32:21+00:00\",\"mainEntityOfPage\":{\"@id\":\"https:\\\/\\\/kylkirauta.fi\\\/index.php\\\/2019\\\/12\\\/27\\\/terveisia-seminaarista-vuosi-2014-turvallisuuspolitiikan-kaannevuosi\\\/\"},\"wordCount\":1323,\"image\":{\"@id\":\"https:\\\/\\\/kylkirauta.fi\\\/index.php\\\/2019\\\/12\\\/27\\\/terveisia-seminaarista-vuosi-2014-turvallisuuspolitiikan-kaannevuosi\\\/#primaryimage\"},\"thumbnailUrl\":\"https:\\\/\\\/kylkirauta.fi\\\/wp-content\\\/uploads\\\/2019\\\/10\\\/Sinkko_uusi.jpeg\",\"articleSection\":[\"Artikkeli\",\"Artikkeli 2019\"],\"inLanguage\":\"fi\"},{\"@type\":\"WebPage\",\"@id\":\"https:\\\/\\\/kylkirauta.fi\\\/index.php\\\/2019\\\/12\\\/27\\\/terveisia-seminaarista-vuosi-2014-turvallisuuspolitiikan-kaannevuosi\\\/\",\"url\":\"https:\\\/\\\/kylkirauta.fi\\\/index.php\\\/2019\\\/12\\\/27\\\/terveisia-seminaarista-vuosi-2014-turvallisuuspolitiikan-kaannevuosi\\\/\",\"name\":\"Risto Sinkko: Terveisi\u00e4 seminaarista \u2013 vuosi 2014 turvallisuuspolitiikan k\u00e4\u00e4nnevuosi - Kylkirauta\",\"isPartOf\":{\"@id\":\"https:\\\/\\\/kylkirauta.fi\\\/#website\"},\"primaryImageOfPage\":{\"@id\":\"https:\\\/\\\/kylkirauta.fi\\\/index.php\\\/2019\\\/12\\\/27\\\/terveisia-seminaarista-vuosi-2014-turvallisuuspolitiikan-kaannevuosi\\\/#primaryimage\"},\"image\":{\"@id\":\"https:\\\/\\\/kylkirauta.fi\\\/index.php\\\/2019\\\/12\\\/27\\\/terveisia-seminaarista-vuosi-2014-turvallisuuspolitiikan-kaannevuosi\\\/#primaryimage\"},\"thumbnailUrl\":\"https:\\\/\\\/kylkirauta.fi\\\/wp-content\\\/uploads\\\/2019\\\/10\\\/Sinkko_uusi.jpeg\",\"datePublished\":\"2019-12-27T18:51:00+00:00\",\"dateModified\":\"2020-02-02T15:32:21+00:00\",\"author\":{\"@id\":\"https:\\\/\\\/kylkirauta.fi\\\/#\\\/schema\\\/person\\\/714ab39a349c656b20d60a239be1d6f6\"},\"breadcrumb\":{\"@id\":\"https:\\\/\\\/kylkirauta.fi\\\/index.php\\\/2019\\\/12\\\/27\\\/terveisia-seminaarista-vuosi-2014-turvallisuuspolitiikan-kaannevuosi\\\/#breadcrumb\"},\"inLanguage\":\"fi\",\"potentialAction\":[{\"@type\":\"ReadAction\",\"target\":[\"https:\\\/\\\/kylkirauta.fi\\\/index.php\\\/2019\\\/12\\\/27\\\/terveisia-seminaarista-vuosi-2014-turvallisuuspolitiikan-kaannevuosi\\\/\"]}]},{\"@type\":\"ImageObject\",\"inLanguage\":\"fi\",\"@id\":\"https:\\\/\\\/kylkirauta.fi\\\/index.php\\\/2019\\\/12\\\/27\\\/terveisia-seminaarista-vuosi-2014-turvallisuuspolitiikan-kaannevuosi\\\/#primaryimage\",\"url\":\"https:\\\/\\\/kylkirauta.fi\\\/wp-content\\\/uploads\\\/2019\\\/10\\\/Sinkko_uusi.jpeg\",\"contentUrl\":\"https:\\\/\\\/kylkirauta.fi\\\/wp-content\\\/uploads\\\/2019\\\/10\\\/Sinkko_uusi.jpeg\",\"width\":369,\"height\":500,\"caption\":\"ST Risto Sinkko\"},{\"@type\":\"BreadcrumbList\",\"@id\":\"https:\\\/\\\/kylkirauta.fi\\\/index.php\\\/2019\\\/12\\\/27\\\/terveisia-seminaarista-vuosi-2014-turvallisuuspolitiikan-kaannevuosi\\\/#breadcrumb\",\"itemListElement\":[{\"@type\":\"ListItem\",\"position\":1,\"name\":\"Home\",\"item\":\"https:\\\/\\\/kylkirauta.fi\\\/index.php\\\/home\\\/\"},{\"@type\":\"ListItem\",\"position\":2,\"name\":\"Risto Sinkko: Terveisi\u00e4 seminaarista \u2013 vuosi 2014 turvallisuuspolitiikan k\u00e4\u00e4nnevuosi\"}]},{\"@type\":\"WebSite\",\"@id\":\"https:\\\/\\\/kylkirauta.fi\\\/#website\",\"url\":\"https:\\\/\\\/kylkirauta.fi\\\/\",\"name\":\"Kylkirauta\",\"description\":\"Kadettiupseerit yhteiskunnan palveluksessa\",\"potentialAction\":[{\"@type\":\"SearchAction\",\"target\":{\"@type\":\"EntryPoint\",\"urlTemplate\":\"https:\\\/\\\/kylkirauta.fi\\\/?s={search_term_string}\"},\"query-input\":{\"@type\":\"PropertyValueSpecification\",\"valueRequired\":true,\"valueName\":\"search_term_string\"}}],\"inLanguage\":\"fi\"},{\"@type\":\"Person\",\"@id\":\"https:\\\/\\\/kylkirauta.fi\\\/#\\\/schema\\\/person\\\/714ab39a349c656b20d60a239be1d6f6\",\"name\":\"Kari Sainio\",\"sameAs\":[\"http:\\\/\\\/www.kylkirauta.fi\"],\"url\":\"https:\\\/\\\/kylkirauta.fi\\\/index.php\\\/author\\\/karisain\\\/\"}]}<\/script>\n<!-- \/ Yoast SEO plugin. -->","yoast_head_json":{"title":"Risto Sinkko: Terveisi\u00e4 seminaarista \u2013 vuosi 2014 turvallisuuspolitiikan k\u00e4\u00e4nnevuosi - Kylkirauta","robots":{"index":"index","follow":"follow","max-snippet":"max-snippet:-1","max-image-preview":"max-image-preview:large","max-video-preview":"max-video-preview:-1"},"canonical":"https:\/\/kylkirauta.fi\/index.php\/2019\/12\/27\/terveisia-seminaarista-vuosi-2014-turvallisuuspolitiikan-kaannevuosi\/","og_locale":"fi_FI","og_type":"article","og_title":"Risto Sinkko: Terveisi\u00e4 seminaarista \u2013 vuosi 2014 turvallisuuspolitiikan k\u00e4\u00e4nnevuosi - Kylkirauta","og_url":"https:\/\/kylkirauta.fi\/index.php\/2019\/12\/27\/terveisia-seminaarista-vuosi-2014-turvallisuuspolitiikan-kaannevuosi\/","og_site_name":"Kylkirauta","article_published_time":"2019-12-27T18:51:00+00:00","article_modified_time":"2020-02-02T15:32:21+00:00","og_image":[{"url":"https:\/\/kylkirauta.fi\/wp-content\/uploads\/2019\/10\/Sinkko_uusi.jpeg","type":"","width":"","height":""}],"author":"Kari Sainio","twitter_card":"summary_large_image","twitter_misc":{"Kirjoittanut":"Kari Sainio","Arvioitu lukuaika":"7 minuuttia"},"schema":{"@context":"https:\/\/schema.org","@graph":[{"@type":"Article","@id":"https:\/\/kylkirauta.fi\/index.php\/2019\/12\/27\/terveisia-seminaarista-vuosi-2014-turvallisuuspolitiikan-kaannevuosi\/#article","isPartOf":{"@id":"https:\/\/kylkirauta.fi\/index.php\/2019\/12\/27\/terveisia-seminaarista-vuosi-2014-turvallisuuspolitiikan-kaannevuosi\/"},"author":{"name":"Kari Sainio","@id":"https:\/\/kylkirauta.fi\/#\/schema\/person\/714ab39a349c656b20d60a239be1d6f6"},"headline":"Risto Sinkko: Terveisi\u00e4 seminaarista \u2013 vuosi 2014 turvallisuuspolitiikan k\u00e4\u00e4nnevuosi","datePublished":"2019-12-27T18:51:00+00:00","dateModified":"2020-02-02T15:32:21+00:00","mainEntityOfPage":{"@id":"https:\/\/kylkirauta.fi\/index.php\/2019\/12\/27\/terveisia-seminaarista-vuosi-2014-turvallisuuspolitiikan-kaannevuosi\/"},"wordCount":1323,"image":{"@id":"https:\/\/kylkirauta.fi\/index.php\/2019\/12\/27\/terveisia-seminaarista-vuosi-2014-turvallisuuspolitiikan-kaannevuosi\/#primaryimage"},"thumbnailUrl":"https:\/\/kylkirauta.fi\/wp-content\/uploads\/2019\/10\/Sinkko_uusi.jpeg","articleSection":["Artikkeli","Artikkeli 2019"],"inLanguage":"fi"},{"@type":"WebPage","@id":"https:\/\/kylkirauta.fi\/index.php\/2019\/12\/27\/terveisia-seminaarista-vuosi-2014-turvallisuuspolitiikan-kaannevuosi\/","url":"https:\/\/kylkirauta.fi\/index.php\/2019\/12\/27\/terveisia-seminaarista-vuosi-2014-turvallisuuspolitiikan-kaannevuosi\/","name":"Risto Sinkko: Terveisi\u00e4 seminaarista \u2013 vuosi 2014 turvallisuuspolitiikan k\u00e4\u00e4nnevuosi - Kylkirauta","isPartOf":{"@id":"https:\/\/kylkirauta.fi\/#website"},"primaryImageOfPage":{"@id":"https:\/\/kylkirauta.fi\/index.php\/2019\/12\/27\/terveisia-seminaarista-vuosi-2014-turvallisuuspolitiikan-kaannevuosi\/#primaryimage"},"image":{"@id":"https:\/\/kylkirauta.fi\/index.php\/2019\/12\/27\/terveisia-seminaarista-vuosi-2014-turvallisuuspolitiikan-kaannevuosi\/#primaryimage"},"thumbnailUrl":"https:\/\/kylkirauta.fi\/wp-content\/uploads\/2019\/10\/Sinkko_uusi.jpeg","datePublished":"2019-12-27T18:51:00+00:00","dateModified":"2020-02-02T15:32:21+00:00","author":{"@id":"https:\/\/kylkirauta.fi\/#\/schema\/person\/714ab39a349c656b20d60a239be1d6f6"},"breadcrumb":{"@id":"https:\/\/kylkirauta.fi\/index.php\/2019\/12\/27\/terveisia-seminaarista-vuosi-2014-turvallisuuspolitiikan-kaannevuosi\/#breadcrumb"},"inLanguage":"fi","potentialAction":[{"@type":"ReadAction","target":["https:\/\/kylkirauta.fi\/index.php\/2019\/12\/27\/terveisia-seminaarista-vuosi-2014-turvallisuuspolitiikan-kaannevuosi\/"]}]},{"@type":"ImageObject","inLanguage":"fi","@id":"https:\/\/kylkirauta.fi\/index.php\/2019\/12\/27\/terveisia-seminaarista-vuosi-2014-turvallisuuspolitiikan-kaannevuosi\/#primaryimage","url":"https:\/\/kylkirauta.fi\/wp-content\/uploads\/2019\/10\/Sinkko_uusi.jpeg","contentUrl":"https:\/\/kylkirauta.fi\/wp-content\/uploads\/2019\/10\/Sinkko_uusi.jpeg","width":369,"height":500,"caption":"ST Risto Sinkko"},{"@type":"BreadcrumbList","@id":"https:\/\/kylkirauta.fi\/index.php\/2019\/12\/27\/terveisia-seminaarista-vuosi-2014-turvallisuuspolitiikan-kaannevuosi\/#breadcrumb","itemListElement":[{"@type":"ListItem","position":1,"name":"Home","item":"https:\/\/kylkirauta.fi\/index.php\/home\/"},{"@type":"ListItem","position":2,"name":"Risto Sinkko: Terveisi\u00e4 seminaarista \u2013 vuosi 2014 turvallisuuspolitiikan k\u00e4\u00e4nnevuosi"}]},{"@type":"WebSite","@id":"https:\/\/kylkirauta.fi\/#website","url":"https:\/\/kylkirauta.fi\/","name":"Kylkirauta","description":"Kadettiupseerit yhteiskunnan palveluksessa","potentialAction":[{"@type":"SearchAction","target":{"@type":"EntryPoint","urlTemplate":"https:\/\/kylkirauta.fi\/?s={search_term_string}"},"query-input":{"@type":"PropertyValueSpecification","valueRequired":true,"valueName":"search_term_string"}}],"inLanguage":"fi"},{"@type":"Person","@id":"https:\/\/kylkirauta.fi\/#\/schema\/person\/714ab39a349c656b20d60a239be1d6f6","name":"Kari Sainio","sameAs":["http:\/\/www.kylkirauta.fi"],"url":"https:\/\/kylkirauta.fi\/index.php\/author\/karisain\/"}]}},"_links":{"self":[{"href":"https:\/\/kylkirauta.fi\/index.php\/wp-json\/wp\/v2\/posts\/751","targetHints":{"allow":["GET"]}}],"collection":[{"href":"https:\/\/kylkirauta.fi\/index.php\/wp-json\/wp\/v2\/posts"}],"about":[{"href":"https:\/\/kylkirauta.fi\/index.php\/wp-json\/wp\/v2\/types\/post"}],"author":[{"embeddable":true,"href":"https:\/\/kylkirauta.fi\/index.php\/wp-json\/wp\/v2\/users\/3"}],"replies":[{"embeddable":true,"href":"https:\/\/kylkirauta.fi\/index.php\/wp-json\/wp\/v2\/comments?post=751"}],"version-history":[{"count":10,"href":"https:\/\/kylkirauta.fi\/index.php\/wp-json\/wp\/v2\/posts\/751\/revisions"}],"predecessor-version":[{"id":3069,"href":"https:\/\/kylkirauta.fi\/index.php\/wp-json\/wp\/v2\/posts\/751\/revisions\/3069"}],"wp:attachment":[{"href":"https:\/\/kylkirauta.fi\/index.php\/wp-json\/wp\/v2\/media?parent=751"}],"wp:term":[{"taxonomy":"category","embeddable":true,"href":"https:\/\/kylkirauta.fi\/index.php\/wp-json\/wp\/v2\/categories?post=751"},{"taxonomy":"post_tag","embeddable":true,"href":"https:\/\/kylkirauta.fi\/index.php\/wp-json\/wp\/v2\/tags?post=751"}],"curies":[{"name":"wp","href":"https:\/\/api.w.org\/{rel}","templated":true}]}}