{"id":7442,"date":"2024-06-26T15:52:45","date_gmt":"2024-06-26T12:52:45","guid":{"rendered":"https:\/\/kylkirauta.fi\/?p=7442"},"modified":"2024-06-27T11:23:05","modified_gmt":"2024-06-27T08:23:05","slug":"kadetin-ajatuksia-13-lukukauden-paatos-syndalenissa","status":"publish","type":"post","link":"https:\/\/kylkirauta.fi\/index.php\/2024\/06\/26\/kadetin-ajatuksia-13-lukukauden-paatos-syndalenissa\/","title":{"rendered":"Kadetin ajatuksia 13 &#8211; Lukukauden p\u00e4\u00e4t\u00f6s Syndalenissa"},"content":{"rendered":"<div id='full_slider_1'  class='avia-fullwidth-slider main_color avia-shadow   avia-builder-el-0  el_before_av_one_full  avia-builder-el-first   container_wrap sidebar_right'  ><div  class='avia-slideshow av-l9olo-eba87a12f940917775723c57f530a7d6 avia-slideshow-no scaling av_slideshow_full avia-slide-slider av-slideshow-ui av-control-default av-slideshow-manual av-loop-once av-loop-manual-endless av-default-height-applied   avia-slideshow-1' data-slideshow-options=\"{&quot;animation&quot;:&quot;slide&quot;,&quot;autoplay&quot;:false,&quot;loop_autoplay&quot;:&quot;once&quot;,&quot;interval&quot;:5,&quot;loop_manual&quot;:&quot;manual-endless&quot;,&quot;autoplay_stopper&quot;:false,&quot;noNavigation&quot;:false,&quot;bg_slider&quot;:false,&quot;keep_padding&quot;:false,&quot;hoverpause&quot;:false,&quot;show_slide_delay&quot;:0}\"  itemprop=\"image\" itemscope=\"itemscope\" itemtype=\"https:\/\/schema.org\/ImageObject\" ><ul class='avia-slideshow-inner ' style='padding-bottom: 15.283203125%;'><li  class='avia-slideshow-slide av-l9olo-eba87a12f940917775723c57f530a7d6__0  av-single-slide slide-1 slide-odd'><div data-rel='slideshow-1' class='avia-slide-wrap '   ><img decoding=\"async\" fetchpriority=\"high\" class=\"wp-image-3149 avia-img-lazy-loading-not-3149\"  src=\"https:\/\/kylkirauta.fi\/wp-content\/uploads\/2020\/02\/miekka_logo_v2.png\" width=\"2048\" height=\"313\" title='miekka_logo_v2' alt=''  itemprop=\"thumbnailUrl\" srcset=\"https:\/\/kylkirauta.fi\/wp-content\/uploads\/2020\/02\/miekka_logo_v2.png 2048w, https:\/\/kylkirauta.fi\/wp-content\/uploads\/2020\/02\/miekka_logo_v2-300x46.png 300w, https:\/\/kylkirauta.fi\/wp-content\/uploads\/2020\/02\/miekka_logo_v2-1030x157.png 1030w, https:\/\/kylkirauta.fi\/wp-content\/uploads\/2020\/02\/miekka_logo_v2-768x117.png 768w, https:\/\/kylkirauta.fi\/wp-content\/uploads\/2020\/02\/miekka_logo_v2-1536x235.png 1536w, https:\/\/kylkirauta.fi\/wp-content\/uploads\/2020\/02\/miekka_logo_v2-1500x229.png 1500w, https:\/\/kylkirauta.fi\/wp-content\/uploads\/2020\/02\/miekka_logo_v2-705x108.png 705w\" sizes=\"(max-width: 2048px) 100vw, 2048px\" \/><\/div><\/li><\/ul><\/div><\/div><div id='after_full_slider_1'  class='main_color av_default_container_wrap container_wrap sidebar_right'  ><div class='container av-section-cont-open' ><div class='template-page content  av-content-small alpha units'><div class='post-entry post-entry-type-page post-entry-7442'><div class='entry-content-wrapper clearfix'>\n\n<style type=\"text\/css\" data-created_by=\"avia_inline_auto\" id=\"style-css-av-km4zs-0614ada41eb3461e6efbb361dfbae970\">\n.flex_column.av-km4zs-0614ada41eb3461e6efbb361dfbae970{\nborder-radius:0px 0px 0px 0px;\npadding:0px 0px 0px 0px;\n}\n<\/style>\n<div  class='flex_column av-km4zs-0614ada41eb3461e6efbb361dfbae970 av_one_full  avia-builder-el-1  el_after_av_slideshow_full  el_before_av_hr  avia-builder-el-first  first flex_column_div av-zero-column-padding  '     ><p>\n<style type=\"text\/css\" data-created_by=\"avia_inline_auto\" id=\"style-css-av-2q1d15-c399c63c3b3b22abd178c91da69797b3\">\n#top .av-special-heading.av-2q1d15-c399c63c3b3b22abd178c91da69797b3{\npadding-bottom:10px;\n}\nbody .av-special-heading.av-2q1d15-c399c63c3b3b22abd178c91da69797b3 .av-special-heading-tag .heading-char{\nfont-size:25px;\n}\n.av-special-heading.av-2q1d15-c399c63c3b3b22abd178c91da69797b3 .av-subheading{\nfont-size:15px;\n}\n<\/style>\n<div  class='av-special-heading av-2q1d15-c399c63c3b3b22abd178c91da69797b3 av-special-heading-h3  avia-builder-el-2  el_before_av_hr  avia-builder-el-first  av-linked-heading'><h3 class='av-special-heading-tag'  itemprop=\"headline\"  >Kadetin ajatuksia 13 &#8211; Lukukauden p\u00e4\u00e4t\u00f6s Syndalenissa<\/h3><div class=\"special-heading-border\"><div class=\"special-heading-inner-border\"><\/div><\/div><\/div><br \/>\n\n<style type=\"text\/css\" data-created_by=\"avia_inline_auto\" id=\"style-css-av-k1to1iy9-0b4b8d7a542aef095c0d71f3b4e8b649\">\n#top .hr.hr-invisible.av-k1to1iy9-0b4b8d7a542aef095c0d71f3b4e8b649{\nheight:20px;\n}\n<\/style>\n<div  class='hr av-k1to1iy9-0b4b8d7a542aef095c0d71f3b4e8b649 hr-invisible  avia-builder-el-3  el_after_av_heading  el_before_av_textblock '><span class='hr-inner '><span class=\"hr-inner-style\"><\/span><\/span><\/div><br \/>\n<section  class='av_textblock_section av-k8d08-b6982eb89db820e3f2ea785bf1b317fd '   itemscope=\"itemscope\" itemtype=\"https:\/\/schema.org\/BlogPosting\" itemprop=\"blogPost\" ><div class='avia_textblock'  itemprop=\"text\" ><div id=\"attachment_7443\" style=\"width: 210px\" class=\"wp-caption alignright\"><img loading=\"lazy\" decoding=\"async\" aria-describedby=\"caption-attachment-7443\" class=\"wp-image-7443\" src=\"https:\/\/kylkirauta.fi\/wp-content\/uploads\/2024\/06\/Eero-Gronlund-224x300.jpg\" alt=\"\" width=\"200\" height=\"268\" srcset=\"https:\/\/kylkirauta.fi\/wp-content\/uploads\/2024\/06\/Eero-Gronlund-224x300.jpg 224w, https:\/\/kylkirauta.fi\/wp-content\/uploads\/2024\/06\/Eero-Gronlund-770x1030.jpg 770w, https:\/\/kylkirauta.fi\/wp-content\/uploads\/2024\/06\/Eero-Gronlund-768x1027.jpg 768w, https:\/\/kylkirauta.fi\/wp-content\/uploads\/2024\/06\/Eero-Gronlund-527x705.jpg 527w, https:\/\/kylkirauta.fi\/wp-content\/uploads\/2024\/06\/Eero-Gronlund.jpg 800w\" sizes=\"auto, (max-width: 200px) 100vw, 200px\" \/><p id=\"caption-attachment-7443\" class=\"wp-caption-text\">Kadetti Eero Gr\u00f6nlund<\/p><\/div>\n<p><em><strong>Ensimm\u00e4inen vuosi kadettikoulussa p\u00e4\u00e4ttyi kahden viikon mittaiseen harjoitukseen Syndalenin harjoitusalueella. N\u00e4iden viikkojen p\u00e4\u00e4painona oli saavuttaa oikeudet taisteluammuntojen johtamiseen partion kokoiselle osastolle. Lis\u00e4ksi oikeuksia haalittiin my\u00f6s panssarintorjunta aseille, k\u00e4sikranaatille sek\u00e4 r\u00e4j\u00e4ytysharjoituksen johtamiseen. Aistittavissa oli siis oikeaa jalkav\u00e4en juhlaa.<\/strong><\/em><\/p>\n<p>Harjoitukseen osallistuivat maavoimien sek\u00e4 rannikkojoukko-opintosuunnan kadetit ensimm\u00e4iselt\u00e4 vuosikurssilta. Kadetit olivat jaettu noin ryhm\u00e4n vahvuisiin ty\u00f6ryhmiin, joissa ammunnat suunniteltiin, rakennettiin ja toteutettiin. P\u00e4\u00e4piirteitt\u00e4in ensimm\u00e4inen viikko k\u00e4ytettiin ammuntojen suunnitteluun, rakentamiseen sek\u00e4 ampumak\u00e4skyn valmistamiseen. Ampumak\u00e4skyn palautuksen takaraja oli kirkkaana mieless\u00e4 ja y\u00f6t olivat todella kadetin omaa aikaa.<\/p>\n<p>Valmistellessamme ensimm\u00e4ist\u00e4 taisteluammuntaamme, tulivat my\u00f6s ammunnanjohtajan vastuut tutuiksi. Uskaltaisin melkeinp\u00e4 yksinkertaistaa, ett\u00e4 ammunnanjohtaja vastaa kaikesta. Se toi itse kullekin paljon ajateltavaa palvelusturvallisuuteen liittyen.<\/p>\n<p>Viimeaikainen uutisointi palvelusturvallisuudesta Puolustusvoimissa on ollut tapetilla ja n\u00e4in pit\u00e4\u00e4kin olla. Tappioita valmistaudutaan kest\u00e4m\u00e4\u00e4n poikkeusoloissa, mutta normaalioloissa jokainen onnettomuus on liikaa. Jokainen taistelija on saatava ehj\u00e4n\u00e4 takaisin rauhanajan palveluksestaan Puolustusvoimissa, oli kyse sitten asepalveluksesta tai ammattisotilaan urasta.<\/p>\n<div id=\"attachment_7392\" style=\"width: 1040px\" class=\"wp-caption aligncenter\"><img loading=\"lazy\" decoding=\"async\" aria-describedby=\"caption-attachment-7392\" class=\"wp-image-7392 size-large\" src=\"https:\/\/kylkirauta.fi\/wp-content\/uploads\/2024\/06\/Oskar-von-Essen2-1030x744.jpeg\" alt=\"\" width=\"1030\" height=\"744\" srcset=\"https:\/\/kylkirauta.fi\/wp-content\/uploads\/2024\/06\/Oskar-von-Essen2-1030x744.jpeg 1030w, https:\/\/kylkirauta.fi\/wp-content\/uploads\/2024\/06\/Oskar-von-Essen2-300x217.jpeg 300w, https:\/\/kylkirauta.fi\/wp-content\/uploads\/2024\/06\/Oskar-von-Essen2-768x554.jpeg 768w, https:\/\/kylkirauta.fi\/wp-content\/uploads\/2024\/06\/Oskar-von-Essen2-1536x1109.jpeg 1536w, https:\/\/kylkirauta.fi\/wp-content\/uploads\/2024\/06\/Oskar-von-Essen2-1500x1083.jpeg 1500w, https:\/\/kylkirauta.fi\/wp-content\/uploads\/2024\/06\/Oskar-von-Essen2-705x509.jpeg 705w, https:\/\/kylkirauta.fi\/wp-content\/uploads\/2024\/06\/Oskar-von-Essen2.jpeg 1600w\" sizes=\"auto, (max-width: 1030px) 100vw, 1030px\" \/><p id=\"caption-attachment-7392\" class=\"wp-caption-text\">Kuva: Oskar von Essen\/Ruotuv\u00e4ki<\/p><\/div>\n<p>Jokaiselle huolestuneelle kansalaiselle haluaisin kuitenkin sanoa, ett\u00e4 asia otetaan vakavasti ja ammuntojen suunnittelussa turvallisuus oli kaiken keski\u00f6ss\u00e4. Ampumak\u00e4sky omalla ty\u00f6ryhm\u00e4ll\u00e4ni oli lopulta 44-sivua pitk\u00e4 ja kattoi kaiken piippulinjalle ajautumisen v\u00e4ltt\u00e4misest\u00e4 aina punkkien puremiin asti. En v\u00e4it\u00e4, ett\u00e4 n\u00e4in laaja k\u00e4sky olisi todellisuutta ty\u00f6el\u00e4m\u00e4ss\u00e4, mutta koulussa annetut perusteet olivat v\u00e4hint\u00e4\u00e4nkin kaiken kattavat. My\u00f6s p\u00e4ivitt\u00e4in j\u00e4rjestett\u00e4viss\u00e4 ampumapuhutteluissa k\u00e4ytiin avoimesti l\u00e4pi palvelusturvallisuuteen liittyvi\u00e4 poikkeamia. T\u00e4llainen avoin toimintakulttuuri on ehdoton edellytys turvallisuuden kehittymiselle my\u00f6s jatkossa. Asiaa painotti my\u00f6s ammuntoja tarkastamassa ollut Maavoimien komentaja omassa puheenvuorossaan.<\/p>\n<div id=\"attachment_7391\" style=\"width: 1040px\" class=\"wp-caption aligncenter\"><img loading=\"lazy\" decoding=\"async\" aria-describedby=\"caption-attachment-7391\" class=\"wp-image-7391 size-large\" src=\"https:\/\/kylkirauta.fi\/wp-content\/uploads\/2024\/06\/Oskar-von-Essen1-1030x691.jpeg\" alt=\"\" width=\"1030\" height=\"691\" srcset=\"https:\/\/kylkirauta.fi\/wp-content\/uploads\/2024\/06\/Oskar-von-Essen1-1030x691.jpeg 1030w, https:\/\/kylkirauta.fi\/wp-content\/uploads\/2024\/06\/Oskar-von-Essen1-300x201.jpeg 300w, https:\/\/kylkirauta.fi\/wp-content\/uploads\/2024\/06\/Oskar-von-Essen1-768x515.jpeg 768w, https:\/\/kylkirauta.fi\/wp-content\/uploads\/2024\/06\/Oskar-von-Essen1-1536x1030.jpeg 1536w, https:\/\/kylkirauta.fi\/wp-content\/uploads\/2024\/06\/Oskar-von-Essen1-1500x1006.jpeg 1500w, https:\/\/kylkirauta.fi\/wp-content\/uploads\/2024\/06\/Oskar-von-Essen1-705x473.jpeg 705w, https:\/\/kylkirauta.fi\/wp-content\/uploads\/2024\/06\/Oskar-von-Essen1.jpeg 1600w\" sizes=\"auto, (max-width: 1030px) 100vw, 1030px\" \/><p id=\"caption-attachment-7391\" class=\"wp-caption-text\">Kuva: Oskar von Essen\/Ruotuv\u00e4ki<\/p><\/div>\n<p>Ensimm\u00e4inen viikko piti sis\u00e4ll\u00e4\u00e4n muutakin kuin tietokoneen n\u00e4pytt\u00e4mist\u00e4. Syndalenin merellisest\u00e4 toimintaymp\u00e4rist\u00f6st\u00e4 johtuen suunnittelup\u00e4ivien sis\u00e4\u00e4n mahtui niin venekoulutusta kuin vedest\u00e4 pelastautumistakin, onneksi vain harjoituksen muodossa t\u00e4ll\u00e4 kertaa. Itselleni tulevana rannikon puolustajana t\u00e4m\u00e4 oli mielenkiintoinen osio harjoitusta, sill\u00e4 juureni ovat kasvaneet aikaisemman palvelukseni takia syv\u00e4lle maavoimiin. Harjoitus vahvisti uskoani, ett\u00e4 loikka merivoimiin on ollut oikea valinta. Toisaalta t\u00e4m\u00e4 keskustelu on ehk\u00e4 parempi k\u00e4yd\u00e4 maaliskuun j\u00e4\u00e4t\u00e4v\u00e4ss\u00e4 tihkusateessa kuin juhannusviikolla.<\/p>\n<p>Omalle kohdalleni osui pieni tauko harjoituksen puoliv\u00e4liss\u00e4, jossa p\u00e4\u00e4sin k\u00e4ym\u00e4\u00e4n Ruotsin kadettikoulussa vanhimman kurssin valmistujaisjuhlissa. Reissu meni todella mukavasti ja oli hienoa p\u00e4\u00e4st\u00e4 tutustumaan pohjoismaalaisiin kadettiveljiin ja &#8211; siskoihin It\u00e4meren tuolla puolen. <em>Tack f\u00f6r senast! <\/em>Naton my\u00f6t\u00e4 kansainv\u00e4lisyys on pop ja se luo varmasti mielenkiintoa upseerin urapolkua kohti.<\/p>\n<div id=\"attachment_7389\" style=\"width: 1040px\" class=\"wp-caption aligncenter\"><img loading=\"lazy\" decoding=\"async\" aria-describedby=\"caption-attachment-7389\" class=\"wp-image-7389 size-large\" src=\"https:\/\/kylkirauta.fi\/wp-content\/uploads\/2024\/06\/eeron-kuva1-1030x773.jpeg\" alt=\"\" width=\"1030\" height=\"773\" srcset=\"https:\/\/kylkirauta.fi\/wp-content\/uploads\/2024\/06\/eeron-kuva1-1030x773.jpeg 1030w, https:\/\/kylkirauta.fi\/wp-content\/uploads\/2024\/06\/eeron-kuva1-300x225.jpeg 300w, https:\/\/kylkirauta.fi\/wp-content\/uploads\/2024\/06\/eeron-kuva1-768x576.jpeg 768w, https:\/\/kylkirauta.fi\/wp-content\/uploads\/2024\/06\/eeron-kuva1-1536x1152.jpeg 1536w, https:\/\/kylkirauta.fi\/wp-content\/uploads\/2024\/06\/eeron-kuva1-1500x1125.jpeg 1500w, https:\/\/kylkirauta.fi\/wp-content\/uploads\/2024\/06\/eeron-kuva1-705x529.jpeg 705w, https:\/\/kylkirauta.fi\/wp-content\/uploads\/2024\/06\/eeron-kuva1.jpeg 1600w\" sizes=\"auto, (max-width: 1030px) 100vw, 1030px\" \/><p id=\"caption-attachment-7389\" class=\"wp-caption-text\">Kuva: Eero Gr\u00f6nlund<\/p><\/div>\n<p>Reissuni aikana k\u00e4yt\u00e4nn\u00f6n ty\u00f6 Syndalenissa oli potkaistu k\u00e4yntiin toden teolla. Viimeinen viikko harjoituksesta kuluikin kovapanosammuntojen toteuttamisessa. Ammunoissa oli hienoa huomata, ett\u00e4 meill\u00e4 Suomessa on mahdollista suorittaa hyvi\u00e4 tilanteenmukaisia, opettavaisia ja turvallisia taisteluammuntoja. Jokainen kadetti antoi omassa ty\u00f6ryhm\u00e4ss\u00e4\u00e4n n\u00e4yt\u00f6n ammuntojen johtamisesta valvojiemme tarkan silm\u00e4n alla. Haluan esitt\u00e4\u00e4 ison kiitoksen omalle valvojallemme, joka teki ison ty\u00f6n ja pitk\u00e4\u00e4 p\u00e4iv\u00e4\u00e4 tukiessaan meid\u00e4n taivallusta kohti lisenssien saavuttamista.<\/p>\n<p>Nyt on kuitenkin aika j\u00e4tt\u00e4\u00e4 <em>\u201dhanskat-taistelijan\u201d<\/em> <em>(<!--StartFragment --><span class=\"cf0\">Puolustusvoimien tapa nimet\u00e4 materiaali, eli k\u00e4\u00e4nt\u00e4\u00e4 yhdyssanat v\u00e4\u00e4rinp\u00e4in) <\/span><\/em><!--EndFragment -->hetkeksi naulaan ja siirty\u00e4 kes\u00e4lomalle. Elokuussa h\u00e4\u00e4m\u00f6tt\u00e4\u00e4 paluu pulpettiin ja syyskuussa on hienoa p\u00e4\u00e4st\u00e4 tapaamaan l\u00e4hes 200 tulevaa ty\u00f6kaveria 111. kadettikurssin merkeiss\u00e4. Siihen asti haluan kuitenkin toivottaa kaikille oikein mukavaa ja rentouttavaa kes\u00e4aikaa!<\/p>\n<p style=\"text-align: center;\">***<\/p>\n<p style=\"text-align: left;\"><em>Kirjoittaja opiskelee 93. merikadettikurssin rannikkojoukko-opintosuunalla.<\/em><\/p>\n<\/div><\/section><\/p><\/div><div  class='hr av-24tmga-ca34d41ef5ec5fc4314b98a56dee3817 hr-default  avia-builder-el-5  el_after_av_one_full  el_before_av_blog '><span class='hr-inner '><span class=\"hr-inner-style\"><\/span><\/span><\/div><\/p>\n<div  class='av-alb-blogposts template-blog  '  itemscope=\"itemscope\" itemtype=\"https:\/\/schema.org\/Blog\" ><article class=\"post-entry post-entry-type-standard post-entry-7645 post-loop-1 post-parity-odd bloglist-simple with-slider post-7645 post type-post status-publish format-standard has-post-thumbnail hentry category-107 category-blogi category-blogi-2024\"  itemscope=\"itemscope\" itemtype=\"https:\/\/schema.org\/BlogPosting\" ><div class=\"blog-meta\"><\/div><div class='entry-content-wrapper clearfix standard-content'><header class=\"entry-content-header\"><h2 class='post-title entry-title '  itemprop=\"headline\" ><a href=\"https:\/\/kylkirauta.fi\/index.php\/2024\/12\/09\/vihijohtaja-sotilaan-toimintakyky-kumpuaa-itsellisyydesta-ja-yhteisollisyydesta\/\" rel=\"bookmark\" title=\"Permanent Link: Vihijohtaja: Sotilaan toimintakyky kumpuaa itsellisyydest\u00e4 ja yhteis\u00f6llisyydest\u00e4\">Vihijohtaja: Sotilaan toimintakyky kumpuaa itsellisyydest\u00e4 ja yhteis\u00f6llisyydest\u00e4<span class=\"post-format-icon minor-meta\"><\/span><\/a><\/h2><span class=\"post-meta-infos\"><time class=\"date-container minor-meta updated\"  itemprop=\"datePublished\" datetime=\"2024-12-09T10:02:19+02:00\" >9.12.2024<\/time><span class=\"text-sep\">\/<\/span><span class=\"blog-categories minor-meta\">in <a href=\"https:\/\/kylkirauta.fi\/index.php\/category\/2024\/\" rel=\"tag\">2024<\/a>, <a href=\"https:\/\/kylkirauta.fi\/index.php\/category\/blogi\/\" rel=\"tag\">Blogi<\/a>, <a href=\"https:\/\/kylkirauta.fi\/index.php\/category\/blogi-2024\/\" rel=\"tag\">Blogi 2024<\/a><\/span><span class=\"text-sep\">\/<\/span><span class=\"blog-author minor-meta\">by <span class=\"entry-author-link\"  itemprop=\"author\" ><span class=\"author\"><span class=\"fn\"><a href=\"https:\/\/kylkirauta.fi\/index.php\/author\/karisain\/\" title=\"Kirjoittanut: Kari Sainio\" rel=\"author\">Kari Sainio<\/a><\/span><\/span><\/span><\/span><div class=\"read-more-link\"><a href=\"https:\/\/kylkirauta.fi\/index.php\/2024\/12\/09\/vihijohtaja-sotilaan-toimintakyky-kumpuaa-itsellisyydesta-ja-yhteisollisyydesta\/\" class=\"more-link\">Read more<span class=\"more-link-arrow\"><\/span><\/a><\/div><\/span><\/header><footer class=\"entry-footer\"><\/footer><div class='post_delimiter'><\/div><\/div><div class=\"post_author_timeline\"><\/div><span class='hidden'>\n\t\t\t\t<span class='av-structured-data'  itemprop=\"image\" itemscope=\"itemscope\" itemtype=\"https:\/\/schema.org\/ImageObject\" >\n\t\t\t\t\t\t<span itemprop='url'>https:\/\/kylkirauta.fi\/wp-content\/uploads\/2024\/12\/Sotilaan-toimintakyky-artikkeli.png<\/span>\n\t\t\t\t\t\t<span itemprop='height'>487<\/span>\n\t\t\t\t\t\t<span itemprop='width'>843<\/span>\n\t\t\t\t<\/span>\n\t\t\t\t<span class='av-structured-data'  itemprop=\"publisher\" itemtype=\"https:\/\/schema.org\/Organization\" itemscope=\"itemscope\" >\n\t\t\t\t\t\t<span itemprop='name'>Kari Sainio<\/span>\n\t\t\t\t\t\t<span itemprop='logo' itemscope itemtype='https:\/\/schema.org\/ImageObject'>\n\t\t\t\t\t\t\t<span itemprop='url'>https:\/\/kylkirauta.fi\/wp-content\/uploads\/2020\/02\/kkunta_weblogo-100x100-1.png<\/span>\n\t\t\t\t\t\t<\/span>\n\t\t\t\t<\/span><span class='av-structured-data'  itemprop=\"author\" itemscope=\"itemscope\" itemtype=\"https:\/\/schema.org\/Person\" ><span itemprop='name'>Kari Sainio<\/span><\/span><span class='av-structured-data'  itemprop=\"datePublished\" datetime=\"2024-12-09T10:02:19+02:00\" >2024-12-09 10:02:19<\/span><span class='av-structured-data'  itemprop=\"dateModified\" itemtype=\"https:\/\/schema.org\/dateModified\" >2024-12-09 10:02:19<\/span><span class='av-structured-data'  itemprop=\"mainEntityOfPage\" itemtype=\"https:\/\/schema.org\/mainEntityOfPage\" ><span itemprop='name'>Vihijohtaja: Sotilaan toimintakyky kumpuaa itsellisyydest\u00e4 ja yhteis\u00f6llisyydest\u00e4<\/span><\/span><\/span><\/article><article class=\"post-entry post-entry-type-standard post-entry-7633 post-loop-2 post-parity-even bloglist-simple with-slider post-7633 post type-post status-publish format-standard has-post-thumbnail hentry category-107 category-blogi category-blogi-2024\"  itemscope=\"itemscope\" itemtype=\"https:\/\/schema.org\/BlogPosting\" ><div class=\"blog-meta\"><\/div><div class='entry-content-wrapper clearfix standard-content'><header class=\"entry-content-header\"><h2 class='post-title entry-title '  itemprop=\"headline\" ><a href=\"https:\/\/kylkirauta.fi\/index.php\/2024\/12\/08\/kadetin-ajatuksia-17-sana-kiire-tiivistaa-ensimmaisen-vuosikurssin-kadetin-syksyn\/\" rel=\"bookmark\" title=\"Permanent Link: Kadetin ajatuksia 17 &#8211; Sana \u201dkiire\u201d tiivist\u00e4\u00e4 ensimm\u00e4isen vuosikurssin kadetin syksyn\">Kadetin ajatuksia 17 &#8211; Sana \u201dkiire\u201d tiivist\u00e4\u00e4 ensimm\u00e4isen vuosikurssin kadetin syksyn<span class=\"post-format-icon minor-meta\"><\/span><\/a><\/h2><span class=\"post-meta-infos\"><time class=\"date-container minor-meta updated\"  itemprop=\"datePublished\" datetime=\"2024-12-08T12:16:59+02:00\" >8.12.2024<\/time><span class=\"text-sep\">\/<\/span><span class=\"blog-categories minor-meta\">in <a href=\"https:\/\/kylkirauta.fi\/index.php\/category\/2024\/\" rel=\"tag\">2024<\/a>, <a href=\"https:\/\/kylkirauta.fi\/index.php\/category\/blogi\/\" rel=\"tag\">Blogi<\/a>, <a href=\"https:\/\/kylkirauta.fi\/index.php\/category\/blogi-2024\/\" rel=\"tag\">Blogi 2024<\/a><\/span><span class=\"text-sep\">\/<\/span><span class=\"blog-author minor-meta\">by <span class=\"entry-author-link\"  itemprop=\"author\" ><span class=\"author\"><span class=\"fn\"><a href=\"https:\/\/kylkirauta.fi\/index.php\/author\/karisain\/\" title=\"Kirjoittanut: Kari Sainio\" rel=\"author\">Kari Sainio<\/a><\/span><\/span><\/span><\/span><div class=\"read-more-link\"><a href=\"https:\/\/kylkirauta.fi\/index.php\/2024\/12\/08\/kadetin-ajatuksia-17-sana-kiire-tiivistaa-ensimmaisen-vuosikurssin-kadetin-syksyn\/\" class=\"more-link\">Read more<span class=\"more-link-arrow\"><\/span><\/a><\/div><\/span><\/header><footer class=\"entry-footer\"><\/footer><div class='post_delimiter'><\/div><\/div><div class=\"post_author_timeline\"><\/div><span class='hidden'>\n\t\t\t\t<span class='av-structured-data'  itemprop=\"image\" itemscope=\"itemscope\" itemtype=\"https:\/\/schema.org\/ImageObject\" >\n\t\t\t\t\t\t<span itemprop='url'>https:\/\/kylkirauta.fi\/wp-content\/uploads\/2024\/12\/Kasperi-artikkeli.png<\/span>\n\t\t\t\t\t\t<span itemprop='height'>487<\/span>\n\t\t\t\t\t\t<span itemprop='width'>843<\/span>\n\t\t\t\t<\/span>\n\t\t\t\t<span class='av-structured-data'  itemprop=\"publisher\" itemtype=\"https:\/\/schema.org\/Organization\" itemscope=\"itemscope\" >\n\t\t\t\t\t\t<span itemprop='name'>Kari Sainio<\/span>\n\t\t\t\t\t\t<span itemprop='logo' itemscope itemtype='https:\/\/schema.org\/ImageObject'>\n\t\t\t\t\t\t\t<span itemprop='url'>https:\/\/kylkirauta.fi\/wp-content\/uploads\/2020\/02\/kkunta_weblogo-100x100-1.png<\/span>\n\t\t\t\t\t\t<\/span>\n\t\t\t\t<\/span><span class='av-structured-data'  itemprop=\"author\" itemscope=\"itemscope\" itemtype=\"https:\/\/schema.org\/Person\" ><span itemprop='name'>Kari Sainio<\/span><\/span><span class='av-structured-data'  itemprop=\"datePublished\" datetime=\"2024-12-08T12:16:59+02:00\" >2024-12-08 12:16:59<\/span><span class='av-structured-data'  itemprop=\"dateModified\" itemtype=\"https:\/\/schema.org\/dateModified\" >2024-12-08 12:20:55<\/span><span class='av-structured-data'  itemprop=\"mainEntityOfPage\" itemtype=\"https:\/\/schema.org\/mainEntityOfPage\" ><span itemprop='name'>Kadetin ajatuksia 17 &#8211; Sana \u201dkiire\u201d tiivist\u00e4\u00e4 ensimm\u00e4isen vuosikurssin kadetin syksyn<\/span><\/span><\/span><\/article><article class=\"post-entry post-entry-type-standard post-entry-7570 post-loop-3 post-parity-odd bloglist-simple with-slider post-7570 post type-post status-publish format-standard has-post-thumbnail hentry category-107 category-blogi category-blogi-2024\"  itemscope=\"itemscope\" itemtype=\"https:\/\/schema.org\/BlogPosting\" ><div class=\"blog-meta\"><\/div><div class='entry-content-wrapper clearfix standard-content'><header class=\"entry-content-header\"><h2 class='post-title entry-title '  itemprop=\"headline\" ><a href=\"https:\/\/kylkirauta.fi\/index.php\/2024\/11\/02\/kadetin-ajatuksia-16-nuorten-maanpuolustuskeskustelut-santahaminassa\/\" rel=\"bookmark\" title=\"Permanent Link: Kadetin ajatuksia 16 &#8211; Nuorten Maanpuolustuskeskustelut Santahaminassa\">Kadetin ajatuksia 16 &#8211; Nuorten Maanpuolustuskeskustelut Santahaminassa<span class=\"post-format-icon minor-meta\"><\/span><\/a><\/h2><span class=\"post-meta-infos\"><time class=\"date-container minor-meta updated\"  itemprop=\"datePublished\" datetime=\"2024-11-02T18:26:20+02:00\" >2.11.2024<\/time><span class=\"text-sep\">\/<\/span><span class=\"blog-categories minor-meta\">in <a href=\"https:\/\/kylkirauta.fi\/index.php\/category\/2024\/\" rel=\"tag\">2024<\/a>, <a href=\"https:\/\/kylkirauta.fi\/index.php\/category\/blogi\/\" rel=\"tag\">Blogi<\/a>, <a href=\"https:\/\/kylkirauta.fi\/index.php\/category\/blogi-2024\/\" rel=\"tag\">Blogi 2024<\/a><\/span><span class=\"text-sep\">\/<\/span><span class=\"blog-author minor-meta\">by <span class=\"entry-author-link\"  itemprop=\"author\" ><span class=\"author\"><span class=\"fn\"><a href=\"https:\/\/kylkirauta.fi\/index.php\/author\/karisain\/\" title=\"Kirjoittanut: Kari Sainio\" rel=\"author\">Kari Sainio<\/a><\/span><\/span><\/span><\/span><div class=\"read-more-link\"><a href=\"https:\/\/kylkirauta.fi\/index.php\/2024\/11\/02\/kadetin-ajatuksia-16-nuorten-maanpuolustuskeskustelut-santahaminassa\/\" class=\"more-link\">Read more<span class=\"more-link-arrow\"><\/span><\/a><\/div><\/span><\/header><footer class=\"entry-footer\"><\/footer><div class='post_delimiter'><\/div><\/div><div class=\"post_author_timeline\"><\/div><span class='hidden'>\n\t\t\t\t<span class='av-structured-data'  itemprop=\"image\" itemscope=\"itemscope\" itemtype=\"https:\/\/schema.org\/ImageObject\" >\n\t\t\t\t\t\t<span itemprop='url'>https:\/\/kylkirauta.fi\/wp-content\/uploads\/2024\/11\/Artikkeli-2-keskustelut.png<\/span>\n\t\t\t\t\t\t<span itemprop='height'>487<\/span>\n\t\t\t\t\t\t<span itemprop='width'>843<\/span>\n\t\t\t\t<\/span>\n\t\t\t\t<span class='av-structured-data'  itemprop=\"publisher\" itemtype=\"https:\/\/schema.org\/Organization\" itemscope=\"itemscope\" >\n\t\t\t\t\t\t<span itemprop='name'>Kari Sainio<\/span>\n\t\t\t\t\t\t<span itemprop='logo' itemscope itemtype='https:\/\/schema.org\/ImageObject'>\n\t\t\t\t\t\t\t<span itemprop='url'>https:\/\/kylkirauta.fi\/wp-content\/uploads\/2020\/02\/kkunta_weblogo-100x100-1.png<\/span>\n\t\t\t\t\t\t<\/span>\n\t\t\t\t<\/span><span class='av-structured-data'  itemprop=\"author\" itemscope=\"itemscope\" itemtype=\"https:\/\/schema.org\/Person\" ><span itemprop='name'>Kari Sainio<\/span><\/span><span class='av-structured-data'  itemprop=\"datePublished\" datetime=\"2024-11-02T18:26:20+02:00\" >2024-11-02 18:26:20<\/span><span class='av-structured-data'  itemprop=\"dateModified\" itemtype=\"https:\/\/schema.org\/dateModified\" >2024-11-06 08:51:33<\/span><span class='av-structured-data'  itemprop=\"mainEntityOfPage\" itemtype=\"https:\/\/schema.org\/mainEntityOfPage\" ><span itemprop='name'>Kadetin ajatuksia 16 &#8211; Nuorten Maanpuolustuskeskustelut Santahaminassa<\/span><\/span><\/span><\/article><article class=\"post-entry post-entry-type-standard post-entry-7503 post-loop-4 post-parity-even bloglist-simple with-slider post-7503 post type-post status-publish format-standard has-post-thumbnail hentry category-107 category-blogi category-blogi-2024\"  itemscope=\"itemscope\" itemtype=\"https:\/\/schema.org\/BlogPosting\" ><div class=\"blog-meta\"><\/div><div class='entry-content-wrapper clearfix standard-content'><header class=\"entry-content-header\"><h2 class='post-title entry-title '  itemprop=\"headline\" ><a href=\"https:\/\/kylkirauta.fi\/index.php\/2024\/09\/30\/vihijohtaja-kolme-pointtia\/\" rel=\"bookmark\" title=\"Permanent Link: Vihijohtaja: Kolme pointtia\">Vihijohtaja: Kolme pointtia<span class=\"post-format-icon minor-meta\"><\/span><\/a><\/h2><span class=\"post-meta-infos\"><time class=\"date-container minor-meta updated\"  itemprop=\"datePublished\" datetime=\"2024-09-30T14:05:37+03:00\" >30.9.2024<\/time><span class=\"text-sep\">\/<\/span><span class=\"blog-categories minor-meta\">in <a href=\"https:\/\/kylkirauta.fi\/index.php\/category\/2024\/\" rel=\"tag\">2024<\/a>, <a href=\"https:\/\/kylkirauta.fi\/index.php\/category\/blogi\/\" rel=\"tag\">Blogi<\/a>, <a href=\"https:\/\/kylkirauta.fi\/index.php\/category\/blogi-2024\/\" rel=\"tag\">Blogi 2024<\/a><\/span><span class=\"text-sep\">\/<\/span><span class=\"blog-author minor-meta\">by <span class=\"entry-author-link\"  itemprop=\"author\" ><span class=\"author\"><span class=\"fn\"><a href=\"https:\/\/kylkirauta.fi\/index.php\/author\/karisain\/\" title=\"Kirjoittanut: Kari Sainio\" rel=\"author\">Kari Sainio<\/a><\/span><\/span><\/span><\/span><div class=\"read-more-link\"><a href=\"https:\/\/kylkirauta.fi\/index.php\/2024\/09\/30\/vihijohtaja-kolme-pointtia\/\" class=\"more-link\">Read more<span class=\"more-link-arrow\"><\/span><\/a><\/div><\/span><\/header><footer class=\"entry-footer\"><\/footer><div class='post_delimiter'><\/div><\/div><div class=\"post_author_timeline\"><\/div><span class='hidden'>\n\t\t\t\t<span class='av-structured-data'  itemprop=\"image\" itemscope=\"itemscope\" itemtype=\"https:\/\/schema.org\/ImageObject\" >\n\t\t\t\t\t\t<span itemprop='url'>https:\/\/kylkirauta.fi\/wp-content\/uploads\/2024\/09\/Kolem-pointtia-artikkeli-4.png<\/span>\n\t\t\t\t\t\t<span itemprop='height'>487<\/span>\n\t\t\t\t\t\t<span itemprop='width'>843<\/span>\n\t\t\t\t<\/span>\n\t\t\t\t<span class='av-structured-data'  itemprop=\"publisher\" itemtype=\"https:\/\/schema.org\/Organization\" itemscope=\"itemscope\" >\n\t\t\t\t\t\t<span itemprop='name'>Kari Sainio<\/span>\n\t\t\t\t\t\t<span itemprop='logo' itemscope itemtype='https:\/\/schema.org\/ImageObject'>\n\t\t\t\t\t\t\t<span itemprop='url'>https:\/\/kylkirauta.fi\/wp-content\/uploads\/2020\/02\/kkunta_weblogo-100x100-1.png<\/span>\n\t\t\t\t\t\t<\/span>\n\t\t\t\t<\/span><span class='av-structured-data'  itemprop=\"author\" itemscope=\"itemscope\" itemtype=\"https:\/\/schema.org\/Person\" ><span itemprop='name'>Kari Sainio<\/span><\/span><span class='av-structured-data'  itemprop=\"datePublished\" datetime=\"2024-09-30T14:05:37+03:00\" >2024-09-30 14:05:37<\/span><span class='av-structured-data'  itemprop=\"dateModified\" itemtype=\"https:\/\/schema.org\/dateModified\" >2024-09-30 17:02:30<\/span><span class='av-structured-data'  itemprop=\"mainEntityOfPage\" itemtype=\"https:\/\/schema.org\/mainEntityOfPage\" ><span itemprop='name'>Vihijohtaja: Kolme pointtia<\/span><\/span><\/span><\/article><article class=\"post-entry post-entry-type-standard post-entry-7486 post-loop-5 post-parity-odd post-entry-last bloglist-simple with-slider post-7486 post type-post status-publish format-standard has-post-thumbnail hentry category-107 category-blogi category-blogi-2024\"  itemscope=\"itemscope\" itemtype=\"https:\/\/schema.org\/BlogPosting\" ><div class=\"blog-meta\"><\/div><div class='entry-content-wrapper clearfix standard-content'><header class=\"entry-content-header\"><h2 class='post-title entry-title '  itemprop=\"headline\" ><a href=\"https:\/\/kylkirauta.fi\/index.php\/2024\/09\/22\/kadetin-ajatuksia-15-merikadettien-vaylaajot\/\" rel=\"bookmark\" title=\"Permanent Link: Kadetin ajatuksia 15 &#8211; Merikadettien v\u00e4yl\u00e4ajot\">Kadetin ajatuksia 15 &#8211; Merikadettien v\u00e4yl\u00e4ajot<span class=\"post-format-icon minor-meta\"><\/span><\/a><\/h2><span class=\"post-meta-infos\"><time class=\"date-container minor-meta updated\"  itemprop=\"datePublished\" datetime=\"2024-09-22T14:44:49+03:00\" >22.9.2024<\/time><span class=\"text-sep\">\/<\/span><span class=\"blog-categories minor-meta\">in <a href=\"https:\/\/kylkirauta.fi\/index.php\/category\/2024\/\" rel=\"tag\">2024<\/a>, <a href=\"https:\/\/kylkirauta.fi\/index.php\/category\/blogi\/\" rel=\"tag\">Blogi<\/a>, <a href=\"https:\/\/kylkirauta.fi\/index.php\/category\/blogi-2024\/\" rel=\"tag\">Blogi 2024<\/a><\/span><span class=\"text-sep\">\/<\/span><span class=\"blog-author minor-meta\">by <span class=\"entry-author-link\"  itemprop=\"author\" ><span class=\"author\"><span class=\"fn\"><a href=\"https:\/\/kylkirauta.fi\/index.php\/author\/karisain\/\" title=\"Kirjoittanut: Kari Sainio\" rel=\"author\">Kari Sainio<\/a><\/span><\/span><\/span><\/span><div class=\"read-more-link\"><a href=\"https:\/\/kylkirauta.fi\/index.php\/2024\/09\/22\/kadetin-ajatuksia-15-merikadettien-vaylaajot\/\" class=\"more-link\">Read more<span class=\"more-link-arrow\"><\/span><\/a><\/div><\/span><\/header><footer class=\"entry-footer\"><\/footer><div class='post_delimiter'><\/div><\/div><div class=\"post_author_timeline\"><\/div><span class='hidden'>\n\t\t\t\t<span class='av-structured-data'  itemprop=\"image\" itemscope=\"itemscope\" itemtype=\"https:\/\/schema.org\/ImageObject\" >\n\t\t\t\t\t\t<span itemprop='url'>https:\/\/kylkirauta.fi\/wp-content\/uploads\/2024\/09\/Eevi-artikkeli.png<\/span>\n\t\t\t\t\t\t<span itemprop='height'>487<\/span>\n\t\t\t\t\t\t<span itemprop='width'>843<\/span>\n\t\t\t\t<\/span>\n\t\t\t\t<span class='av-structured-data'  itemprop=\"publisher\" itemtype=\"https:\/\/schema.org\/Organization\" itemscope=\"itemscope\" >\n\t\t\t\t\t\t<span itemprop='name'>Kari Sainio<\/span>\n\t\t\t\t\t\t<span itemprop='logo' itemscope itemtype='https:\/\/schema.org\/ImageObject'>\n\t\t\t\t\t\t\t<span itemprop='url'>https:\/\/kylkirauta.fi\/wp-content\/uploads\/2020\/02\/kkunta_weblogo-100x100-1.png<\/span>\n\t\t\t\t\t\t<\/span>\n\t\t\t\t<\/span><span class='av-structured-data'  itemprop=\"author\" itemscope=\"itemscope\" itemtype=\"https:\/\/schema.org\/Person\" ><span itemprop='name'>Kari Sainio<\/span><\/span><span class='av-structured-data'  itemprop=\"datePublished\" datetime=\"2024-09-22T14:44:49+03:00\" >2024-09-22 14:44:49<\/span><span class='av-structured-data'  itemprop=\"dateModified\" itemtype=\"https:\/\/schema.org\/dateModified\" >2024-09-22 16:59:32<\/span><span class='av-structured-data'  itemprop=\"mainEntityOfPage\" itemtype=\"https:\/\/schema.org\/mainEntityOfPage\" ><span itemprop='name'>Kadetin ajatuksia 15 &#8211; Merikadettien v\u00e4yl\u00e4ajot<\/span><\/span><\/span><\/article><div class='bloglist-simple'><nav class='pagination'><span class='pagination-meta'>Page 1 of 3<\/span><span class='current'>1<\/span><a href='https:\/\/kylkirauta.fi\/index.php\/wp-json\/wp\/v2\/posts\/7442\/page\/2\/' class='inactive next_page' >2<\/a><a href='https:\/\/kylkirauta.fi\/index.php\/wp-json\/wp\/v2\/posts\/7442\/page\/3\/' class='inactive' >3<\/a><\/nav>\n<\/div><\/div>\n","protected":false},"excerpt":{"rendered":"","protected":false},"author":3,"featured_media":7446,"comment_status":"closed","ping_status":"closed","sticky":false,"template":"","format":"standard","meta":{"footnotes":""},"categories":[107,3,111],"tags":[],"class_list":["post-7442","post","type-post","status-publish","format-standard","has-post-thumbnail","hentry","category-107","category-blogi","category-blogi-2024"],"yoast_head":"<!-- This site is optimized with the Yoast SEO plugin v27.5 - https:\/\/yoast.com\/product\/yoast-seo-wordpress\/ -->\n<title>Kadetin ajatuksia 13 - Lukukauden p\u00e4\u00e4t\u00f6s Syndalenissa - Kylkirauta<\/title>\n<meta name=\"robots\" content=\"index, follow, max-snippet:-1, max-image-preview:large, max-video-preview:-1\" \/>\n<link rel=\"canonical\" href=\"https:\/\/kylkirauta.fi\/index.php\/2024\/06\/26\/kadetin-ajatuksia-13-lukukauden-paatos-syndalenissa\/\" \/>\n<meta property=\"og:locale\" content=\"fi_FI\" \/>\n<meta property=\"og:type\" content=\"article\" \/>\n<meta property=\"og:title\" content=\"Kadetin ajatuksia 13 - Lukukauden p\u00e4\u00e4t\u00f6s Syndalenissa - Kylkirauta\" \/>\n<meta property=\"og:url\" content=\"https:\/\/kylkirauta.fi\/index.php\/2024\/06\/26\/kadetin-ajatuksia-13-lukukauden-paatos-syndalenissa\/\" \/>\n<meta property=\"og:site_name\" content=\"Kylkirauta\" \/>\n<meta property=\"article:published_time\" content=\"2024-06-26T12:52:45+00:00\" \/>\n<meta property=\"article:modified_time\" content=\"2024-06-27T08:23:05+00:00\" \/>\n<meta property=\"og:image\" content=\"https:\/\/kylkirauta.fi\/wp-content\/uploads\/2024\/06\/Eero-Gronlund-artikkeli.png\" \/>\n\t<meta property=\"og:image:width\" content=\"843\" \/>\n\t<meta property=\"og:image:height\" content=\"487\" \/>\n\t<meta property=\"og:image:type\" content=\"image\/png\" \/>\n<meta name=\"author\" content=\"Kari Sainio\" \/>\n<meta name=\"twitter:card\" content=\"summary_large_image\" \/>\n<meta name=\"twitter:label1\" content=\"Kirjoittanut\" \/>\n\t<meta name=\"twitter:data1\" content=\"Kari Sainio\" \/>\n\t<meta name=\"twitter:label2\" content=\"Arvioitu lukuaika\" \/>\n\t<meta name=\"twitter:data2\" content=\"6 minuuttia\" \/>\n<script type=\"application\/ld+json\" class=\"yoast-schema-graph\">{\"@context\":\"https:\\\/\\\/schema.org\",\"@graph\":[{\"@type\":\"Article\",\"@id\":\"https:\\\/\\\/kylkirauta.fi\\\/index.php\\\/2024\\\/06\\\/26\\\/kadetin-ajatuksia-13-lukukauden-paatos-syndalenissa\\\/#article\",\"isPartOf\":{\"@id\":\"https:\\\/\\\/kylkirauta.fi\\\/index.php\\\/2024\\\/06\\\/26\\\/kadetin-ajatuksia-13-lukukauden-paatos-syndalenissa\\\/\"},\"author\":{\"name\":\"Kari Sainio\",\"@id\":\"https:\\\/\\\/kylkirauta.fi\\\/#\\\/schema\\\/person\\\/714ab39a349c656b20d60a239be1d6f6\"},\"headline\":\"Kadetin ajatuksia 13 &#8211; Lukukauden p\u00e4\u00e4t\u00f6s Syndalenissa\",\"datePublished\":\"2024-06-26T12:52:45+00:00\",\"dateModified\":\"2024-06-27T08:23:05+00:00\",\"mainEntityOfPage\":{\"@id\":\"https:\\\/\\\/kylkirauta.fi\\\/index.php\\\/2024\\\/06\\\/26\\\/kadetin-ajatuksia-13-lukukauden-paatos-syndalenissa\\\/\"},\"wordCount\":1214,\"image\":{\"@id\":\"https:\\\/\\\/kylkirauta.fi\\\/index.php\\\/2024\\\/06\\\/26\\\/kadetin-ajatuksia-13-lukukauden-paatos-syndalenissa\\\/#primaryimage\"},\"thumbnailUrl\":\"https:\\\/\\\/kylkirauta.fi\\\/wp-content\\\/uploads\\\/2024\\\/06\\\/Eero-Gronlund-artikkeli.png\",\"articleSection\":[\"2024\",\"Blogi\",\"Blogi 2024\"],\"inLanguage\":\"fi\"},{\"@type\":\"WebPage\",\"@id\":\"https:\\\/\\\/kylkirauta.fi\\\/index.php\\\/2024\\\/06\\\/26\\\/kadetin-ajatuksia-13-lukukauden-paatos-syndalenissa\\\/\",\"url\":\"https:\\\/\\\/kylkirauta.fi\\\/index.php\\\/2024\\\/06\\\/26\\\/kadetin-ajatuksia-13-lukukauden-paatos-syndalenissa\\\/\",\"name\":\"Kadetin ajatuksia 13 - Lukukauden p\u00e4\u00e4t\u00f6s Syndalenissa - Kylkirauta\",\"isPartOf\":{\"@id\":\"https:\\\/\\\/kylkirauta.fi\\\/#website\"},\"primaryImageOfPage\":{\"@id\":\"https:\\\/\\\/kylkirauta.fi\\\/index.php\\\/2024\\\/06\\\/26\\\/kadetin-ajatuksia-13-lukukauden-paatos-syndalenissa\\\/#primaryimage\"},\"image\":{\"@id\":\"https:\\\/\\\/kylkirauta.fi\\\/index.php\\\/2024\\\/06\\\/26\\\/kadetin-ajatuksia-13-lukukauden-paatos-syndalenissa\\\/#primaryimage\"},\"thumbnailUrl\":\"https:\\\/\\\/kylkirauta.fi\\\/wp-content\\\/uploads\\\/2024\\\/06\\\/Eero-Gronlund-artikkeli.png\",\"datePublished\":\"2024-06-26T12:52:45+00:00\",\"dateModified\":\"2024-06-27T08:23:05+00:00\",\"author\":{\"@id\":\"https:\\\/\\\/kylkirauta.fi\\\/#\\\/schema\\\/person\\\/714ab39a349c656b20d60a239be1d6f6\"},\"breadcrumb\":{\"@id\":\"https:\\\/\\\/kylkirauta.fi\\\/index.php\\\/2024\\\/06\\\/26\\\/kadetin-ajatuksia-13-lukukauden-paatos-syndalenissa\\\/#breadcrumb\"},\"inLanguage\":\"fi\",\"potentialAction\":[{\"@type\":\"ReadAction\",\"target\":[\"https:\\\/\\\/kylkirauta.fi\\\/index.php\\\/2024\\\/06\\\/26\\\/kadetin-ajatuksia-13-lukukauden-paatos-syndalenissa\\\/\"]}]},{\"@type\":\"ImageObject\",\"inLanguage\":\"fi\",\"@id\":\"https:\\\/\\\/kylkirauta.fi\\\/index.php\\\/2024\\\/06\\\/26\\\/kadetin-ajatuksia-13-lukukauden-paatos-syndalenissa\\\/#primaryimage\",\"url\":\"https:\\\/\\\/kylkirauta.fi\\\/wp-content\\\/uploads\\\/2024\\\/06\\\/Eero-Gronlund-artikkeli.png\",\"contentUrl\":\"https:\\\/\\\/kylkirauta.fi\\\/wp-content\\\/uploads\\\/2024\\\/06\\\/Eero-Gronlund-artikkeli.png\",\"width\":843,\"height\":487},{\"@type\":\"BreadcrumbList\",\"@id\":\"https:\\\/\\\/kylkirauta.fi\\\/index.php\\\/2024\\\/06\\\/26\\\/kadetin-ajatuksia-13-lukukauden-paatos-syndalenissa\\\/#breadcrumb\",\"itemListElement\":[{\"@type\":\"ListItem\",\"position\":1,\"name\":\"Home\",\"item\":\"https:\\\/\\\/kylkirauta.fi\\\/index.php\\\/home\\\/\"},{\"@type\":\"ListItem\",\"position\":2,\"name\":\"Kadetin ajatuksia 13 &#8211; Lukukauden p\u00e4\u00e4t\u00f6s Syndalenissa\"}]},{\"@type\":\"WebSite\",\"@id\":\"https:\\\/\\\/kylkirauta.fi\\\/#website\",\"url\":\"https:\\\/\\\/kylkirauta.fi\\\/\",\"name\":\"Kylkirauta\",\"description\":\"Kadettiupseerit yhteiskunnan palveluksessa\",\"potentialAction\":[{\"@type\":\"SearchAction\",\"target\":{\"@type\":\"EntryPoint\",\"urlTemplate\":\"https:\\\/\\\/kylkirauta.fi\\\/?s={search_term_string}\"},\"query-input\":{\"@type\":\"PropertyValueSpecification\",\"valueRequired\":true,\"valueName\":\"search_term_string\"}}],\"inLanguage\":\"fi\"},{\"@type\":\"Person\",\"@id\":\"https:\\\/\\\/kylkirauta.fi\\\/#\\\/schema\\\/person\\\/714ab39a349c656b20d60a239be1d6f6\",\"name\":\"Kari Sainio\",\"sameAs\":[\"http:\\\/\\\/www.kylkirauta.fi\"],\"url\":\"https:\\\/\\\/kylkirauta.fi\\\/index.php\\\/author\\\/karisain\\\/\"}]}<\/script>\n<!-- \/ Yoast SEO plugin. -->","yoast_head_json":{"title":"Kadetin ajatuksia 13 - Lukukauden p\u00e4\u00e4t\u00f6s Syndalenissa - Kylkirauta","robots":{"index":"index","follow":"follow","max-snippet":"max-snippet:-1","max-image-preview":"max-image-preview:large","max-video-preview":"max-video-preview:-1"},"canonical":"https:\/\/kylkirauta.fi\/index.php\/2024\/06\/26\/kadetin-ajatuksia-13-lukukauden-paatos-syndalenissa\/","og_locale":"fi_FI","og_type":"article","og_title":"Kadetin ajatuksia 13 - Lukukauden p\u00e4\u00e4t\u00f6s Syndalenissa - Kylkirauta","og_url":"https:\/\/kylkirauta.fi\/index.php\/2024\/06\/26\/kadetin-ajatuksia-13-lukukauden-paatos-syndalenissa\/","og_site_name":"Kylkirauta","article_published_time":"2024-06-26T12:52:45+00:00","article_modified_time":"2024-06-27T08:23:05+00:00","og_image":[{"width":843,"height":487,"url":"https:\/\/kylkirauta.fi\/wp-content\/uploads\/2024\/06\/Eero-Gronlund-artikkeli.png","type":"image\/png"}],"author":"Kari Sainio","twitter_card":"summary_large_image","twitter_misc":{"Kirjoittanut":"Kari Sainio","Arvioitu lukuaika":"6 minuuttia"},"schema":{"@context":"https:\/\/schema.org","@graph":[{"@type":"Article","@id":"https:\/\/kylkirauta.fi\/index.php\/2024\/06\/26\/kadetin-ajatuksia-13-lukukauden-paatos-syndalenissa\/#article","isPartOf":{"@id":"https:\/\/kylkirauta.fi\/index.php\/2024\/06\/26\/kadetin-ajatuksia-13-lukukauden-paatos-syndalenissa\/"},"author":{"name":"Kari Sainio","@id":"https:\/\/kylkirauta.fi\/#\/schema\/person\/714ab39a349c656b20d60a239be1d6f6"},"headline":"Kadetin ajatuksia 13 &#8211; Lukukauden p\u00e4\u00e4t\u00f6s Syndalenissa","datePublished":"2024-06-26T12:52:45+00:00","dateModified":"2024-06-27T08:23:05+00:00","mainEntityOfPage":{"@id":"https:\/\/kylkirauta.fi\/index.php\/2024\/06\/26\/kadetin-ajatuksia-13-lukukauden-paatos-syndalenissa\/"},"wordCount":1214,"image":{"@id":"https:\/\/kylkirauta.fi\/index.php\/2024\/06\/26\/kadetin-ajatuksia-13-lukukauden-paatos-syndalenissa\/#primaryimage"},"thumbnailUrl":"https:\/\/kylkirauta.fi\/wp-content\/uploads\/2024\/06\/Eero-Gronlund-artikkeli.png","articleSection":["2024","Blogi","Blogi 2024"],"inLanguage":"fi"},{"@type":"WebPage","@id":"https:\/\/kylkirauta.fi\/index.php\/2024\/06\/26\/kadetin-ajatuksia-13-lukukauden-paatos-syndalenissa\/","url":"https:\/\/kylkirauta.fi\/index.php\/2024\/06\/26\/kadetin-ajatuksia-13-lukukauden-paatos-syndalenissa\/","name":"Kadetin ajatuksia 13 - Lukukauden p\u00e4\u00e4t\u00f6s Syndalenissa - Kylkirauta","isPartOf":{"@id":"https:\/\/kylkirauta.fi\/#website"},"primaryImageOfPage":{"@id":"https:\/\/kylkirauta.fi\/index.php\/2024\/06\/26\/kadetin-ajatuksia-13-lukukauden-paatos-syndalenissa\/#primaryimage"},"image":{"@id":"https:\/\/kylkirauta.fi\/index.php\/2024\/06\/26\/kadetin-ajatuksia-13-lukukauden-paatos-syndalenissa\/#primaryimage"},"thumbnailUrl":"https:\/\/kylkirauta.fi\/wp-content\/uploads\/2024\/06\/Eero-Gronlund-artikkeli.png","datePublished":"2024-06-26T12:52:45+00:00","dateModified":"2024-06-27T08:23:05+00:00","author":{"@id":"https:\/\/kylkirauta.fi\/#\/schema\/person\/714ab39a349c656b20d60a239be1d6f6"},"breadcrumb":{"@id":"https:\/\/kylkirauta.fi\/index.php\/2024\/06\/26\/kadetin-ajatuksia-13-lukukauden-paatos-syndalenissa\/#breadcrumb"},"inLanguage":"fi","potentialAction":[{"@type":"ReadAction","target":["https:\/\/kylkirauta.fi\/index.php\/2024\/06\/26\/kadetin-ajatuksia-13-lukukauden-paatos-syndalenissa\/"]}]},{"@type":"ImageObject","inLanguage":"fi","@id":"https:\/\/kylkirauta.fi\/index.php\/2024\/06\/26\/kadetin-ajatuksia-13-lukukauden-paatos-syndalenissa\/#primaryimage","url":"https:\/\/kylkirauta.fi\/wp-content\/uploads\/2024\/06\/Eero-Gronlund-artikkeli.png","contentUrl":"https:\/\/kylkirauta.fi\/wp-content\/uploads\/2024\/06\/Eero-Gronlund-artikkeli.png","width":843,"height":487},{"@type":"BreadcrumbList","@id":"https:\/\/kylkirauta.fi\/index.php\/2024\/06\/26\/kadetin-ajatuksia-13-lukukauden-paatos-syndalenissa\/#breadcrumb","itemListElement":[{"@type":"ListItem","position":1,"name":"Home","item":"https:\/\/kylkirauta.fi\/index.php\/home\/"},{"@type":"ListItem","position":2,"name":"Kadetin ajatuksia 13 &#8211; Lukukauden p\u00e4\u00e4t\u00f6s Syndalenissa"}]},{"@type":"WebSite","@id":"https:\/\/kylkirauta.fi\/#website","url":"https:\/\/kylkirauta.fi\/","name":"Kylkirauta","description":"Kadettiupseerit yhteiskunnan palveluksessa","potentialAction":[{"@type":"SearchAction","target":{"@type":"EntryPoint","urlTemplate":"https:\/\/kylkirauta.fi\/?s={search_term_string}"},"query-input":{"@type":"PropertyValueSpecification","valueRequired":true,"valueName":"search_term_string"}}],"inLanguage":"fi"},{"@type":"Person","@id":"https:\/\/kylkirauta.fi\/#\/schema\/person\/714ab39a349c656b20d60a239be1d6f6","name":"Kari Sainio","sameAs":["http:\/\/www.kylkirauta.fi"],"url":"https:\/\/kylkirauta.fi\/index.php\/author\/karisain\/"}]}},"_links":{"self":[{"href":"https:\/\/kylkirauta.fi\/index.php\/wp-json\/wp\/v2\/posts\/7442","targetHints":{"allow":["GET"]}}],"collection":[{"href":"https:\/\/kylkirauta.fi\/index.php\/wp-json\/wp\/v2\/posts"}],"about":[{"href":"https:\/\/kylkirauta.fi\/index.php\/wp-json\/wp\/v2\/types\/post"}],"author":[{"embeddable":true,"href":"https:\/\/kylkirauta.fi\/index.php\/wp-json\/wp\/v2\/users\/3"}],"replies":[{"embeddable":true,"href":"https:\/\/kylkirauta.fi\/index.php\/wp-json\/wp\/v2\/comments?post=7442"}],"version-history":[{"count":7,"href":"https:\/\/kylkirauta.fi\/index.php\/wp-json\/wp\/v2\/posts\/7442\/revisions"}],"predecessor-version":[{"id":7456,"href":"https:\/\/kylkirauta.fi\/index.php\/wp-json\/wp\/v2\/posts\/7442\/revisions\/7456"}],"wp:featuredmedia":[{"embeddable":true,"href":"https:\/\/kylkirauta.fi\/index.php\/wp-json\/wp\/v2\/media\/7446"}],"wp:attachment":[{"href":"https:\/\/kylkirauta.fi\/index.php\/wp-json\/wp\/v2\/media?parent=7442"}],"wp:term":[{"taxonomy":"category","embeddable":true,"href":"https:\/\/kylkirauta.fi\/index.php\/wp-json\/wp\/v2\/categories?post=7442"},{"taxonomy":"post_tag","embeddable":true,"href":"https:\/\/kylkirauta.fi\/index.php\/wp-json\/wp\/v2\/tags?post=7442"}],"curies":[{"name":"wp","href":"https:\/\/api.w.org\/{rel}","templated":true}]}}