{"id":7271,"date":"2024-06-09T11:27:38","date_gmt":"2024-06-09T08:27:38","guid":{"rendered":"https:\/\/kylkirauta.fi\/?p=7271"},"modified":"2024-06-26T14:53:56","modified_gmt":"2024-06-26T11:53:56","slug":"vihijohtaja-upseerius-tanssia-paatoksenteon-suljettujen-kabinettien-parketeilla","status":"publish","type":"post","link":"https:\/\/kylkirauta.fi\/index.php\/2024\/06\/09\/vihijohtaja-upseerius-tanssia-paatoksenteon-suljettujen-kabinettien-parketeilla\/","title":{"rendered":"Vihijohtaja: Upseerius &#8211; Tanssia p\u00e4\u00e4t\u00f6ksenteon suljettujen kabinettien parketeilla"},"content":{"rendered":"<div id='full_slider_1'  class='avia-fullwidth-slider main_color avia-shadow   avia-builder-el-0  el_before_av_one_full  avia-builder-el-first   container_wrap sidebar_right'  ><div  class='avia-slideshow av-l9olo-eba87a12f940917775723c57f530a7d6 avia-slideshow-no scaling av_slideshow_full avia-slide-slider av-slideshow-ui av-control-default av-slideshow-manual av-loop-once av-loop-manual-endless av-default-height-applied   avia-slideshow-1' data-slideshow-options=\"{&quot;animation&quot;:&quot;slide&quot;,&quot;autoplay&quot;:false,&quot;loop_autoplay&quot;:&quot;once&quot;,&quot;interval&quot;:5,&quot;loop_manual&quot;:&quot;manual-endless&quot;,&quot;autoplay_stopper&quot;:false,&quot;noNavigation&quot;:false,&quot;bg_slider&quot;:false,&quot;keep_padding&quot;:false,&quot;hoverpause&quot;:false,&quot;show_slide_delay&quot;:0}\"  itemprop=\"image\" itemscope=\"itemscope\" itemtype=\"https:\/\/schema.org\/ImageObject\" ><ul class='avia-slideshow-inner ' style='padding-bottom: 15.283203125%;'><li  class='avia-slideshow-slide av-l9olo-eba87a12f940917775723c57f530a7d6__0  av-single-slide slide-1 slide-odd'><div data-rel='slideshow-1' class='avia-slide-wrap '   ><img decoding=\"async\" fetchpriority=\"high\" class=\"wp-image-3149 avia-img-lazy-loading-not-3149\"  src=\"https:\/\/kylkirauta.fi\/wp-content\/uploads\/2020\/02\/miekka_logo_v2.png\" width=\"2048\" height=\"313\" title='miekka_logo_v2' alt=''  itemprop=\"thumbnailUrl\" srcset=\"https:\/\/kylkirauta.fi\/wp-content\/uploads\/2020\/02\/miekka_logo_v2.png 2048w, https:\/\/kylkirauta.fi\/wp-content\/uploads\/2020\/02\/miekka_logo_v2-300x46.png 300w, https:\/\/kylkirauta.fi\/wp-content\/uploads\/2020\/02\/miekka_logo_v2-1030x157.png 1030w, https:\/\/kylkirauta.fi\/wp-content\/uploads\/2020\/02\/miekka_logo_v2-768x117.png 768w, https:\/\/kylkirauta.fi\/wp-content\/uploads\/2020\/02\/miekka_logo_v2-1536x235.png 1536w, https:\/\/kylkirauta.fi\/wp-content\/uploads\/2020\/02\/miekka_logo_v2-1500x229.png 1500w, https:\/\/kylkirauta.fi\/wp-content\/uploads\/2020\/02\/miekka_logo_v2-705x108.png 705w\" sizes=\"(max-width: 2048px) 100vw, 2048px\" \/><\/div><\/li><\/ul><\/div><\/div><div id='after_full_slider_1'  class='main_color av_default_container_wrap container_wrap sidebar_right'  ><div class='container av-section-cont-open' ><div class='template-page content  av-content-small alpha units'><div class='post-entry post-entry-type-page post-entry-7271'><div class='entry-content-wrapper clearfix'>\n\n<style type=\"text\/css\" data-created_by=\"avia_inline_auto\" id=\"style-css-av-km4zs-0614ada41eb3461e6efbb361dfbae970\">\n.flex_column.av-km4zs-0614ada41eb3461e6efbb361dfbae970{\nborder-radius:0px 0px 0px 0px;\npadding:0px 0px 0px 0px;\n}\n<\/style>\n<div  class='flex_column av-km4zs-0614ada41eb3461e6efbb361dfbae970 av_one_full  avia-builder-el-1  el_after_av_slideshow_full  el_before_av_hr  avia-builder-el-first  first flex_column_div av-zero-column-padding  '     ><p>\n<style type=\"text\/css\" data-created_by=\"avia_inline_auto\" id=\"style-css-av-2q1d15-134fb408b258b55d743cad16494068ad\">\n#top .av-special-heading.av-2q1d15-134fb408b258b55d743cad16494068ad{\npadding-bottom:10px;\n}\nbody .av-special-heading.av-2q1d15-134fb408b258b55d743cad16494068ad .av-special-heading-tag .heading-char{\nfont-size:25px;\n}\n.av-special-heading.av-2q1d15-134fb408b258b55d743cad16494068ad .av-subheading{\nfont-size:15px;\n}\n<\/style>\n<div  class='av-special-heading av-2q1d15-134fb408b258b55d743cad16494068ad av-special-heading-h3  avia-builder-el-2  el_before_av_hr  avia-builder-el-first  av-linked-heading'><h3 class='av-special-heading-tag'  itemprop=\"headline\"  >Vihijohtaja: Upseerius &#8211; Tanssia p\u00e4\u00e4t\u00f6ksenteon suljettujen kabinettien parketeilla<\/h3><div class=\"special-heading-border\"><div class=\"special-heading-inner-border\"><\/div><\/div><\/div><br \/>\n\n<style type=\"text\/css\" data-created_by=\"avia_inline_auto\" id=\"style-css-av-k1to1iy9-0b4b8d7a542aef095c0d71f3b4e8b649\">\n#top .hr.hr-invisible.av-k1to1iy9-0b4b8d7a542aef095c0d71f3b4e8b649{\nheight:20px;\n}\n<\/style>\n<div  class='hr av-k1to1iy9-0b4b8d7a542aef095c0d71f3b4e8b649 hr-invisible  avia-builder-el-3  el_after_av_heading  el_before_av_textblock '><span class='hr-inner '><span class=\"hr-inner-style\"><\/span><\/span><\/div><br \/>\n<section  class='av_textblock_section av-k8d08-b6982eb89db820e3f2ea785bf1b317fd '   itemscope=\"itemscope\" itemtype=\"https:\/\/schema.org\/BlogPosting\" itemprop=\"blogPost\" ><div class='avia_textblock'  itemprop=\"text\" ><div id=\"attachment_7274\" style=\"width: 207px\" class=\"wp-caption alignright\"><img loading=\"lazy\" decoding=\"async\" aria-describedby=\"caption-attachment-7274\" class=\"wp-image-7274 size-full\" src=\"https:\/\/kylkirauta.fi\/wp-content\/uploads\/2024\/06\/Henkilokuva.jpg\" alt=\"\" width=\"197\" height=\"247\" \/><p id=\"caption-attachment-7274\" class=\"wp-caption-text\">Pekka Kurvinen<\/p><\/div>\n<p><strong>Tutkimukset ovat osoittaneet tanssin my\u00f6nteiset vaikutukset terveyteen ja hyvinvointiin. Tanssin harrastajan fyysinen aktiivisuus ja kunto kehittyv\u00e4t, h\u00e4n kykenee keskittym\u00e4\u00e4n terveyteens\u00e4 ja ymm\u00e4rt\u00e4m\u00e4\u00e4n paremmin yh\u00e4 terveellisempi\u00e4 el\u00e4m\u00e4ntapoja.\u00a0 Tanssi my\u00f6s edist\u00e4\u00e4 kognitiivisen kyvyn s\u00e4ilymist\u00e4 ja jopa parantumista.<\/strong><\/p>\n<p><strong>Sotatieteiden kandidaattiopinnoissa kadettien tanssikurssilla on vakiintunut paikkansa. Tanssitaidon laajakantoinen merkitys ansaitseekin yh\u00e4 kilpaillummassa ajank\u00e4yt\u00f6n ymp\u00e4rist\u00f6ss\u00e4 yhteiskunnallisen, yhteis\u00f6llisen ja yksil\u00f6llisen merkityksens\u00e4 pohdinnan.<\/strong><\/p>\n<p>Puolustusvoimien yhten\u00e4 p\u00e4\u00e4m\u00e4\u00e4r\u00e4n\u00e4 on turvata fyysisesti toimintakykyinen, aktiivisesti liikuntaa harrastava ja teht\u00e4viins\u00e4 motivoitunut henkil\u00f6st\u00f6 normaali- ja poikkeusolojen tarpeisiin. Liikuntakoulutuksen tavoitteena on pysyv\u00e4n liikuntakipin\u00e4n her\u00e4tt\u00e4minen reserviin siirtyville asevelvollisille.<\/p>\n<p>Ihminen toivoo, ett\u00e4 h\u00e4nen h\u00e4net huomataan sek\u00e4 hyv\u00e4ksyt\u00e4\u00e4n osana yhteis\u00f6\u00e4, jossa h\u00e4n my\u00f6s saa kokea arvokkuutta. Kannattelevissa ihmissuhteissa tunnustus on keskeinen osa ihmisyytt\u00e4 sek\u00e4 ty\u00f6el\u00e4m\u00e4ss\u00e4 ett\u00e4 sen ulkopuolella.<\/p>\n<p>Tanssi n\u00e4ytt\u00e4isi vaikuttavan my\u00f6nteisesti niin henkiseen, ruumiilliseen kuin yhteis\u00f6lliseenkin psyykkiseen terveyteen Tanssiharrastus tuo el\u00e4m\u00e4\u00e4n tyytyv\u00e4isyytt\u00e4 ja laatua ja tarkoitusta. Se my\u00f6s kehitt\u00e4\u00e4 tietoista l\u00e4sn\u00e4olontaitoa.<\/p>\n<p>Tanssin tuomat hy\u00f6dyt ovat yhteydess\u00e4 my\u00f6s min\u00e4kuvaan, itsetuntoon, itsens\u00e4 hyv\u00e4ksymiseen ja lis\u00e4\u00e4ntyneeseen itseluottamukseen. Tanssin on my\u00f6s havaittu lis\u00e4\u00e4v\u00e4n my\u00f6nteist\u00e4 suhtautumistapaa itseen ja yhteis\u00f6\u00f6n, onnellisuutta tunnekasvua sek\u00e4 vapautuneisuutta. Se voi kehitt\u00e4\u00e4 paineensietokyky\u00e4 ja resilienssi\u00e4 sek\u00e4 auttaa surussa, toivon tuottamisessa ja tulevaisuudenuskossa. Tanssi my\u00f6s lis\u00e4\u00e4 yhteis\u00f6llisyytt\u00e4 tarjoamalla jokaiselle halukkaalle osallistumisen mahdollisuuden. Yhdess\u00e4 tekeminen kehitt\u00e4\u00e4 kehoa ja mielt\u00e4 terapeuttisesti edist\u00e4m\u00e4ll\u00e4 rentoutusta ja parantamalla mielialaa. Erilaiset ja eri-ik\u00e4iset ihmiset voivat jakaa tanssin kokemuksia.<\/p>\n<p><em><strong>\u00c5ke Blomqvistin perint\u00f6 kantaa<\/strong><\/em><\/p>\n<p>Kadettikoulun pitk\u00e4aikaisimman opettajan arvoa kantaa legendaarinen, 40-luvulta 1990-luvun lopulle kadeteille tanssia opettanut <strong>diplomitanssinopettaja<\/strong> <strong>\u00c5ke Blomqvist<\/strong> (1925 \u2013 2013). Arvostettu ja monin huomionosoituksin palkittu tanssiopettaja koki teht\u00e4v\u00e4ns\u00e4 kadettien k\u00e4yt\u00f6stapojen kehitt\u00e4j\u00e4n\u00e4 osana yleissivistyksellist\u00e4 el\u00e4m\u00e4nteht\u00e4v\u00e4\u00e4ns\u00e4.<\/p>\n<p>Clara Blomqvistin ja Marja Bj\u00f6rkin kirjoittamassa el\u00e4m\u00e4kerrassa \u00c5ke Blomqvistin muistiinpanot ovat saaneet oman kadettien tanssikursseja k\u00e4sittelev\u00e4n lukunsa. Siin\u00e4 opetusneuvos suitsuttaa oppijoitaan vuolaasti, todeten mm. kadettien olleen h\u00e4nen parhaita oppilaitaan.<\/p>\n<p>\u00c5ke Blomqvist n\u00e4ki my\u00f6s, ett\u00e4 l\u00e4himm\u00e4isen hyvinvoinnin ja mielihyv\u00e4n etusijalle asettava ihminen on aina hyv\u00e4k\u00e4yt\u00f6ksinen ihminen. H\u00e4nen mukaansa hyv\u00e4n k\u00e4yt\u00f6ksen peruspilareita ovat kultainen keskitie, avoimuus, terve itsetunto ja terve n\u00f6yryys.<\/p>\n<p>Is\u00e4ns\u00e4 ty\u00f6t\u00e4 kadettien tanssikurssin vet\u00e4j\u00e4n\u00e4 jatkava <strong>diplomitanssinopettaja Clara Blomqvist<\/strong> painottaa, ett\u00e4 Kadettikoulussa opitut taidot kantavat l\u00e4pi el\u00e4m\u00e4n. Kadettien tanssinopettaminen ei ole pelk\u00e4st\u00e4\u00e4n askelten harjoittelemista, vaan my\u00f6s tanssi- ja tapakasvatusta. Etiketin mukaisesti toisen ihmisen kunnioittamiseen ja huomioimiseen kiinnitet\u00e4\u00e4n erityisesti huomiota. H\u00e4n onkin huolissaan tanssikurssin poistumisesta opetusohjelmasta.<\/p>\n<p>H\u00e4nen mukaansa valmistuneelle upseerille tulee viel\u00e4 kymmenien vuosien ajan eteen tilanteita, joissa tarvitaan tanssitaitoa.<\/p>\n<p><em>&#8211; Paritanssien harjoittelu on kuulunut aina upseerien koulutukseen. Se on osa sivistyst\u00e4, oman kehon hallintaa, toisen kehon kuuntelemista, koskettamaan oppimista ja toisen ihmisen huomioimista. Tanssi helpottaa stressi\u00e4, tuo mielihyv\u00e4\u00e4, on sosiaalista ja hyv\u00e4\u00e4 k\u00e4yt\u00f6st\u00e4. Kaikissa aivoja k\u00e4sitteleviss\u00e4 seminaareissa puhutaan tanssin positiivisista vaikutuksista aivotoimintaan. En ole koskaan kuullut kenenk\u00e4\u00e4n sanovan, ett\u00e4 tanssitaidosta olisi ollut haittaa, p\u00e4invastoin.<\/em><\/p>\n<div id=\"attachment_7280\" style=\"width: 810px\" class=\"wp-caption aligncenter\"><img loading=\"lazy\" decoding=\"async\" aria-describedby=\"caption-attachment-7280\" class=\"wp-image-7280\" src=\"https:\/\/kylkirauta.fi\/wp-content\/uploads\/2024\/06\/Tanssit-2.jpg\" alt=\"\" width=\"800\" height=\"546\" srcset=\"https:\/\/kylkirauta.fi\/wp-content\/uploads\/2024\/06\/Tanssit-2.jpg 1000w, https:\/\/kylkirauta.fi\/wp-content\/uploads\/2024\/06\/Tanssit-2-300x205.jpg 300w, https:\/\/kylkirauta.fi\/wp-content\/uploads\/2024\/06\/Tanssit-2-768x524.jpg 768w, https:\/\/kylkirauta.fi\/wp-content\/uploads\/2024\/06\/Tanssit-2-705x481.jpg 705w\" sizes=\"auto, (max-width: 800px) 100vw, 800px\" \/><p id=\"caption-attachment-7280\" class=\"wp-caption-text\">Kuva: Ruotuv\u00e4ki<\/p><\/div>\n<p><em><strong>Kosketusta, l\u00e4mp\u00f6\u00e4 ja l\u00e4heisyytt\u00e4<\/strong><\/em><\/p>\n<p>Kadettien tanssikurssi on my\u00f6s viritt\u00e4nyt usealle aktiiviupseerille elinik\u00e4isen, sotilaallistakin kyvykkyytt\u00e4 edist\u00e4v\u00e4n, mielekk\u00e4\u00e4n harrastuksen. Ovatpa jotkut reserviin siirrytty\u00e4\u00e4n l\u00f6yt\u00e4nyt paritanssista uuden ty\u00f6urankin.<\/p>\n<p><strong>Eversti evp, tanssinopettaja Esa Lappalainen<\/strong> korostaakin tanssin merkityst\u00e4 nimenomaan yksil\u00f6n ja yhteis\u00f6n hyvinvoinnin kohottajana.<\/p>\n<p><em>&#8211; Lavatanssi on useiden tutkimusten mukaan yksi parhaista, ellei paras liikuntamuoto. Se luo fyysist\u00e4, henkist\u00e4 ja sosiaalista hyvinvointia. Se on harrastus, jossa todella p\u00e4\u00e4see kohtaamaan toisen ihmisen. <\/em><\/p>\n<p>Lappalaisen n\u00e4kee, ett\u00e4 kadettien tanssikurssilla on merkityst\u00e4 hyv\u00e4n liikunnan lis\u00e4ksi sosiaalisen kasvun ja hyv\u00e4n k\u00e4yt\u00f6ksen kehitt\u00e4j\u00e4n\u00e4. Merkitys ehk\u00e4 jopa korostuu nykyaikana, kun nuoret kohtaavat toisiaan yh\u00e4 enemm\u00e4n somessa ja tindereiss\u00e4. Tanssin aikana saa olla olla l\u00e4hell\u00e4 toista ihmist\u00e4.<\/p>\n<p><strong>Kommodori evp, tanssinopettaja Auvo Viita-aho<\/strong> kertoo olevansa &#8221;hurahtanut&#8221; tanssiin ja korostaa h\u00e4nkin tanssin monipuolisuutta kokonaishyvinvoinnin tuottajana. H\u00e4n soisi yh\u00e4 useamman l\u00f6yt\u00e4v\u00e4n tanssista el\u00e4m\u00e4niloa ja l\u00e4heisyytt\u00e4 tuottavan harrastuksen.<\/p>\n<p><em>&#8211; Min\u00e4, kuten moni muukin tanssiin riitt\u00e4v\u00e4sti sis\u00e4lle p\u00e4\u00e4ssyt, ihmettelen usein, miksi kaikki eiv\u00e4t tanssi. On helposti uskottavissa, ett\u00e4 tanssi on harrastuksista se, joka kehitt\u00e4\u00e4 &#8211; paitsi fyysist\u00e4 kuntoa, koordinaatiota, ajattelua, sosiaalisia taitoja &#8211; my\u00f6s antaa mahdollisuuden fiksulla tavalla koskettaa\/tulla kosketuksi ja tarjoaa n\u00e4in l\u00e4heisyytt\u00e4 ja l\u00e4mp\u00f6\u00e4, jota me kaikki kaipaamme.&#8221;<\/em><\/p>\n<p>Viita-aho n\u00e4kee tanssikurssin merkityksen sotatieteiden kandidaattien opinnoissa m\u00e4\u00e4r\u00e4\u00e4ns\u00e4 merkityksellisemp\u00e4n\u00e4 ja puoltaa varauksetta tanssikurssin s\u00e4ilytt\u00e4mist\u00e4 sotatieteiden kandidaattien opinto-ohjelmassa.<\/p>\n<p><em><strong>Br\u00e4ndi\u00e4 sek\u00e4 luottamus- ja mainep\u00e4\u00e4omaa<\/strong><\/em><\/p>\n<p>Yhteis\u00f6n uskottavuutta ja luotettavuutta arvioitaessa viitataan usein Michael Porterin kilpailukykystrategioihin kustannusjohtajuuteen (hinta), erilaistamiseen (tuotedifferointi) ja segmentointiin (asiakkuuksien osittamiseen ja jakoon. Puolustusvoimien on teht\u00e4v\u00e4ns\u00e4 mukaisesti kyett\u00e4v\u00e4 omalta osaltaan vahvistamaan ja pit\u00e4m\u00e4\u00e4n yll\u00e4 kansanterveytt\u00e4 sek\u00e4 yhteis\u00f6n ja yksil\u00f6n hyvinvointia poikkeusoloissa. On varmistettava sek\u00e4 aineellisesti ett\u00e4 yh\u00e4 enenev\u00e4sti aineettomasti reservins\u00e4 toimintakyky kaikissa oloissa. J\u00e4lkimm\u00e4inen painottuu rauhan aikana maanpuolustushaluun ja -suhteeseen \u2013 jokaisen kiinnostukseen huolehtia psyko-fyysis-sosiaalisesta kunnostaan. Vastuu omasta ja yhteis\u00f6n hyvinvoinnista on kansalaisvelvoite, jonka merkityst\u00e4 ei pid\u00e4 v\u00e4heksy\u00e4 my\u00f6sk\u00e4\u00e4n kansantaloudellisessa arvossa.<\/p>\n<p>Puolustusvoimat on onnistunut itsens\u00e4 br\u00e4nd\u00e4\u00e4misess\u00e4. T\u00e4m\u00e4 n\u00e4kyy korkeana maanpuolustussuhteena, mik\u00e4 juontuu kansalaisen arvoista ja perusarvostuksista. Puolustusvoimien tarina uskottava, haluttuna, kunnioitettuna yhteis\u00f6llisen turvallisuudentuottajana koostuu mikrotason erilaistavista osatekij\u00f6ist\u00e4.<\/p>\n<p>Kadettien tanssikurssi k\u00e4y esimerkkin\u00e4 yhden joukon sivistyksellisest\u00e4 erityispiirteest\u00e4. Se kielii ainutlaatuisesta, yh\u00e4 kansainv\u00e4listyvimmill\u00e4 diplomatiafoorumeilla arvokkaammasta, kokoaan paljon merkityksellisemm\u00e4st\u00e4 luottamusta sanattoman vuorovaikutuksen avulla tuottavasta maine- ja osaamisp\u00e4\u00e4omasta. Maine syntyy hyvist\u00e4 teoista, hyvist\u00e4 suhteista ja hyv\u00e4st\u00e4 viestinn\u00e4st\u00e4. Kerronnassa muokkaantuu aineeton p\u00e4\u00e4oma \u2013 uskottava ja luotettava kumppanuudellinen suorituskyky.<\/p>\n<p>Kadettien tanssikursseilla on edelleen paikkansa sotatieteiden kandidaattien opinto-ohjelmassa.<\/p>\n<p style=\"text-align: center;\">***<\/p>\n<p><em>Kirjoittaja, KTT, majuri evp <strong>Pekka Kurvinen<\/strong>\u00a0on <\/em><em>liiketalouden sek\u00e4 sotilasjohtajuuden tutkija ja soveltaja. H\u00e4n perustaa johtamisk\u00e4sityksens\u00e4 itse- ja ihmistuntemukseen, jossa yhdistyv\u00e4t el\u00e4m\u00e4- ja urakerronta.<\/em><\/p>\n<\/div><\/section><\/p><\/div>\n<div  class='hr av-24tmga-ca34d41ef5ec5fc4314b98a56dee3817 hr-default  avia-builder-el-5  el_after_av_one_full  el_before_av_blog '><span class='hr-inner '><span class=\"hr-inner-style\"><\/span><\/span><\/div>\n<div  class='av-alb-blogposts template-blog  '  itemscope=\"itemscope\" itemtype=\"https:\/\/schema.org\/Blog\" ><article class=\"post-entry post-entry-type-standard post-entry-7645 post-loop-1 post-parity-odd bloglist-simple with-slider post-7645 post type-post status-publish format-standard has-post-thumbnail hentry category-107 category-blogi category-blogi-2024\"  itemscope=\"itemscope\" itemtype=\"https:\/\/schema.org\/BlogPosting\" ><div class=\"blog-meta\"><\/div><div class='entry-content-wrapper clearfix standard-content'><header class=\"entry-content-header\"><h2 class='post-title entry-title '  itemprop=\"headline\" ><a href=\"https:\/\/kylkirauta.fi\/index.php\/2024\/12\/09\/vihijohtaja-sotilaan-toimintakyky-kumpuaa-itsellisyydesta-ja-yhteisollisyydesta\/\" rel=\"bookmark\" title=\"Permanent Link: Vihijohtaja: Sotilaan toimintakyky kumpuaa itsellisyydest\u00e4 ja yhteis\u00f6llisyydest\u00e4\">Vihijohtaja: Sotilaan toimintakyky kumpuaa itsellisyydest\u00e4 ja yhteis\u00f6llisyydest\u00e4<span class=\"post-format-icon minor-meta\"><\/span><\/a><\/h2><span class=\"post-meta-infos\"><time class=\"date-container minor-meta updated\"  itemprop=\"datePublished\" datetime=\"2024-12-09T10:02:19+02:00\" >9.12.2024<\/time><span class=\"text-sep\">\/<\/span><span class=\"blog-categories minor-meta\">in <a href=\"https:\/\/kylkirauta.fi\/index.php\/category\/2024\/\" rel=\"tag\">2024<\/a>, <a href=\"https:\/\/kylkirauta.fi\/index.php\/category\/blogi\/\" rel=\"tag\">Blogi<\/a>, <a href=\"https:\/\/kylkirauta.fi\/index.php\/category\/blogi-2024\/\" rel=\"tag\">Blogi 2024<\/a><\/span><span class=\"text-sep\">\/<\/span><span class=\"blog-author minor-meta\">by <span class=\"entry-author-link\"  itemprop=\"author\" ><span class=\"author\"><span class=\"fn\"><a href=\"https:\/\/kylkirauta.fi\/index.php\/author\/karisain\/\" title=\"Kirjoittanut: Kari Sainio\" rel=\"author\">Kari Sainio<\/a><\/span><\/span><\/span><\/span><div class=\"read-more-link\"><a href=\"https:\/\/kylkirauta.fi\/index.php\/2024\/12\/09\/vihijohtaja-sotilaan-toimintakyky-kumpuaa-itsellisyydesta-ja-yhteisollisyydesta\/\" class=\"more-link\">Read more<span class=\"more-link-arrow\"><\/span><\/a><\/div><\/span><\/header><footer class=\"entry-footer\"><\/footer><div class='post_delimiter'><\/div><\/div><div class=\"post_author_timeline\"><\/div><span class='hidden'>\n\t\t\t\t<span class='av-structured-data'  itemprop=\"image\" itemscope=\"itemscope\" itemtype=\"https:\/\/schema.org\/ImageObject\" >\n\t\t\t\t\t\t<span itemprop='url'>https:\/\/kylkirauta.fi\/wp-content\/uploads\/2024\/12\/Sotilaan-toimintakyky-artikkeli.png<\/span>\n\t\t\t\t\t\t<span itemprop='height'>487<\/span>\n\t\t\t\t\t\t<span itemprop='width'>843<\/span>\n\t\t\t\t<\/span>\n\t\t\t\t<span class='av-structured-data'  itemprop=\"publisher\" itemtype=\"https:\/\/schema.org\/Organization\" itemscope=\"itemscope\" >\n\t\t\t\t\t\t<span itemprop='name'>Kari Sainio<\/span>\n\t\t\t\t\t\t<span itemprop='logo' itemscope itemtype='https:\/\/schema.org\/ImageObject'>\n\t\t\t\t\t\t\t<span itemprop='url'>https:\/\/kylkirauta.fi\/wp-content\/uploads\/2020\/02\/kkunta_weblogo-100x100-1.png<\/span>\n\t\t\t\t\t\t<\/span>\n\t\t\t\t<\/span><span class='av-structured-data'  itemprop=\"author\" itemscope=\"itemscope\" itemtype=\"https:\/\/schema.org\/Person\" ><span itemprop='name'>Kari Sainio<\/span><\/span><span class='av-structured-data'  itemprop=\"datePublished\" datetime=\"2024-12-09T10:02:19+02:00\" >2024-12-09 10:02:19<\/span><span class='av-structured-data'  itemprop=\"dateModified\" itemtype=\"https:\/\/schema.org\/dateModified\" >2024-12-09 10:02:19<\/span><span class='av-structured-data'  itemprop=\"mainEntityOfPage\" itemtype=\"https:\/\/schema.org\/mainEntityOfPage\" ><span itemprop='name'>Vihijohtaja: Sotilaan toimintakyky kumpuaa itsellisyydest\u00e4 ja yhteis\u00f6llisyydest\u00e4<\/span><\/span><\/span><\/article><article class=\"post-entry post-entry-type-standard post-entry-7633 post-loop-2 post-parity-even bloglist-simple with-slider post-7633 post type-post status-publish format-standard has-post-thumbnail hentry category-107 category-blogi category-blogi-2024\"  itemscope=\"itemscope\" itemtype=\"https:\/\/schema.org\/BlogPosting\" ><div class=\"blog-meta\"><\/div><div class='entry-content-wrapper clearfix standard-content'><header class=\"entry-content-header\"><h2 class='post-title entry-title '  itemprop=\"headline\" ><a href=\"https:\/\/kylkirauta.fi\/index.php\/2024\/12\/08\/kadetin-ajatuksia-17-sana-kiire-tiivistaa-ensimmaisen-vuosikurssin-kadetin-syksyn\/\" rel=\"bookmark\" title=\"Permanent Link: Kadetin ajatuksia 17 &#8211; Sana \u201dkiire\u201d tiivist\u00e4\u00e4 ensimm\u00e4isen vuosikurssin kadetin syksyn\">Kadetin ajatuksia 17 &#8211; Sana \u201dkiire\u201d tiivist\u00e4\u00e4 ensimm\u00e4isen vuosikurssin kadetin syksyn<span class=\"post-format-icon minor-meta\"><\/span><\/a><\/h2><span class=\"post-meta-infos\"><time class=\"date-container minor-meta updated\"  itemprop=\"datePublished\" datetime=\"2024-12-08T12:16:59+02:00\" >8.12.2024<\/time><span class=\"text-sep\">\/<\/span><span class=\"blog-categories minor-meta\">in <a href=\"https:\/\/kylkirauta.fi\/index.php\/category\/2024\/\" rel=\"tag\">2024<\/a>, <a href=\"https:\/\/kylkirauta.fi\/index.php\/category\/blogi\/\" rel=\"tag\">Blogi<\/a>, <a href=\"https:\/\/kylkirauta.fi\/index.php\/category\/blogi-2024\/\" rel=\"tag\">Blogi 2024<\/a><\/span><span class=\"text-sep\">\/<\/span><span class=\"blog-author minor-meta\">by <span class=\"entry-author-link\"  itemprop=\"author\" ><span class=\"author\"><span class=\"fn\"><a href=\"https:\/\/kylkirauta.fi\/index.php\/author\/karisain\/\" title=\"Kirjoittanut: Kari Sainio\" rel=\"author\">Kari Sainio<\/a><\/span><\/span><\/span><\/span><div class=\"read-more-link\"><a href=\"https:\/\/kylkirauta.fi\/index.php\/2024\/12\/08\/kadetin-ajatuksia-17-sana-kiire-tiivistaa-ensimmaisen-vuosikurssin-kadetin-syksyn\/\" class=\"more-link\">Read more<span class=\"more-link-arrow\"><\/span><\/a><\/div><\/span><\/header><footer class=\"entry-footer\"><\/footer><div class='post_delimiter'><\/div><\/div><div class=\"post_author_timeline\"><\/div><span class='hidden'>\n\t\t\t\t<span class='av-structured-data'  itemprop=\"image\" itemscope=\"itemscope\" itemtype=\"https:\/\/schema.org\/ImageObject\" >\n\t\t\t\t\t\t<span itemprop='url'>https:\/\/kylkirauta.fi\/wp-content\/uploads\/2024\/12\/Kasperi-artikkeli.png<\/span>\n\t\t\t\t\t\t<span itemprop='height'>487<\/span>\n\t\t\t\t\t\t<span itemprop='width'>843<\/span>\n\t\t\t\t<\/span>\n\t\t\t\t<span class='av-structured-data'  itemprop=\"publisher\" itemtype=\"https:\/\/schema.org\/Organization\" itemscope=\"itemscope\" >\n\t\t\t\t\t\t<span itemprop='name'>Kari Sainio<\/span>\n\t\t\t\t\t\t<span itemprop='logo' itemscope itemtype='https:\/\/schema.org\/ImageObject'>\n\t\t\t\t\t\t\t<span itemprop='url'>https:\/\/kylkirauta.fi\/wp-content\/uploads\/2020\/02\/kkunta_weblogo-100x100-1.png<\/span>\n\t\t\t\t\t\t<\/span>\n\t\t\t\t<\/span><span class='av-structured-data'  itemprop=\"author\" itemscope=\"itemscope\" itemtype=\"https:\/\/schema.org\/Person\" ><span itemprop='name'>Kari Sainio<\/span><\/span><span class='av-structured-data'  itemprop=\"datePublished\" datetime=\"2024-12-08T12:16:59+02:00\" >2024-12-08 12:16:59<\/span><span class='av-structured-data'  itemprop=\"dateModified\" itemtype=\"https:\/\/schema.org\/dateModified\" >2024-12-08 12:20:55<\/span><span class='av-structured-data'  itemprop=\"mainEntityOfPage\" itemtype=\"https:\/\/schema.org\/mainEntityOfPage\" ><span itemprop='name'>Kadetin ajatuksia 17 &#8211; Sana \u201dkiire\u201d tiivist\u00e4\u00e4 ensimm\u00e4isen vuosikurssin kadetin syksyn<\/span><\/span><\/span><\/article><article class=\"post-entry post-entry-type-standard post-entry-7570 post-loop-3 post-parity-odd bloglist-simple with-slider post-7570 post type-post status-publish format-standard has-post-thumbnail hentry category-107 category-blogi category-blogi-2024\"  itemscope=\"itemscope\" itemtype=\"https:\/\/schema.org\/BlogPosting\" ><div class=\"blog-meta\"><\/div><div class='entry-content-wrapper clearfix standard-content'><header class=\"entry-content-header\"><h2 class='post-title entry-title '  itemprop=\"headline\" ><a href=\"https:\/\/kylkirauta.fi\/index.php\/2024\/11\/02\/kadetin-ajatuksia-16-nuorten-maanpuolustuskeskustelut-santahaminassa\/\" rel=\"bookmark\" title=\"Permanent Link: Kadetin ajatuksia 16 &#8211; Nuorten Maanpuolustuskeskustelut Santahaminassa\">Kadetin ajatuksia 16 &#8211; Nuorten Maanpuolustuskeskustelut Santahaminassa<span class=\"post-format-icon minor-meta\"><\/span><\/a><\/h2><span class=\"post-meta-infos\"><time class=\"date-container minor-meta updated\"  itemprop=\"datePublished\" datetime=\"2024-11-02T18:26:20+02:00\" >2.11.2024<\/time><span class=\"text-sep\">\/<\/span><span class=\"blog-categories minor-meta\">in <a href=\"https:\/\/kylkirauta.fi\/index.php\/category\/2024\/\" rel=\"tag\">2024<\/a>, <a href=\"https:\/\/kylkirauta.fi\/index.php\/category\/blogi\/\" rel=\"tag\">Blogi<\/a>, <a href=\"https:\/\/kylkirauta.fi\/index.php\/category\/blogi-2024\/\" rel=\"tag\">Blogi 2024<\/a><\/span><span class=\"text-sep\">\/<\/span><span class=\"blog-author minor-meta\">by <span class=\"entry-author-link\"  itemprop=\"author\" ><span class=\"author\"><span class=\"fn\"><a href=\"https:\/\/kylkirauta.fi\/index.php\/author\/karisain\/\" title=\"Kirjoittanut: Kari Sainio\" rel=\"author\">Kari Sainio<\/a><\/span><\/span><\/span><\/span><div class=\"read-more-link\"><a href=\"https:\/\/kylkirauta.fi\/index.php\/2024\/11\/02\/kadetin-ajatuksia-16-nuorten-maanpuolustuskeskustelut-santahaminassa\/\" class=\"more-link\">Read more<span class=\"more-link-arrow\"><\/span><\/a><\/div><\/span><\/header><footer class=\"entry-footer\"><\/footer><div class='post_delimiter'><\/div><\/div><div class=\"post_author_timeline\"><\/div><span class='hidden'>\n\t\t\t\t<span class='av-structured-data'  itemprop=\"image\" itemscope=\"itemscope\" itemtype=\"https:\/\/schema.org\/ImageObject\" >\n\t\t\t\t\t\t<span itemprop='url'>https:\/\/kylkirauta.fi\/wp-content\/uploads\/2024\/11\/Artikkeli-2-keskustelut.png<\/span>\n\t\t\t\t\t\t<span itemprop='height'>487<\/span>\n\t\t\t\t\t\t<span itemprop='width'>843<\/span>\n\t\t\t\t<\/span>\n\t\t\t\t<span class='av-structured-data'  itemprop=\"publisher\" itemtype=\"https:\/\/schema.org\/Organization\" itemscope=\"itemscope\" >\n\t\t\t\t\t\t<span itemprop='name'>Kari Sainio<\/span>\n\t\t\t\t\t\t<span itemprop='logo' itemscope itemtype='https:\/\/schema.org\/ImageObject'>\n\t\t\t\t\t\t\t<span itemprop='url'>https:\/\/kylkirauta.fi\/wp-content\/uploads\/2020\/02\/kkunta_weblogo-100x100-1.png<\/span>\n\t\t\t\t\t\t<\/span>\n\t\t\t\t<\/span><span class='av-structured-data'  itemprop=\"author\" itemscope=\"itemscope\" itemtype=\"https:\/\/schema.org\/Person\" ><span itemprop='name'>Kari Sainio<\/span><\/span><span class='av-structured-data'  itemprop=\"datePublished\" datetime=\"2024-11-02T18:26:20+02:00\" >2024-11-02 18:26:20<\/span><span class='av-structured-data'  itemprop=\"dateModified\" itemtype=\"https:\/\/schema.org\/dateModified\" >2024-11-06 08:51:33<\/span><span class='av-structured-data'  itemprop=\"mainEntityOfPage\" itemtype=\"https:\/\/schema.org\/mainEntityOfPage\" ><span itemprop='name'>Kadetin ajatuksia 16 &#8211; Nuorten Maanpuolustuskeskustelut Santahaminassa<\/span><\/span><\/span><\/article><article class=\"post-entry post-entry-type-standard post-entry-7503 post-loop-4 post-parity-even bloglist-simple with-slider post-7503 post type-post status-publish format-standard has-post-thumbnail hentry category-107 category-blogi category-blogi-2024\"  itemscope=\"itemscope\" itemtype=\"https:\/\/schema.org\/BlogPosting\" ><div class=\"blog-meta\"><\/div><div class='entry-content-wrapper clearfix standard-content'><header class=\"entry-content-header\"><h2 class='post-title entry-title '  itemprop=\"headline\" ><a href=\"https:\/\/kylkirauta.fi\/index.php\/2024\/09\/30\/vihijohtaja-kolme-pointtia\/\" rel=\"bookmark\" title=\"Permanent Link: Vihijohtaja: Kolme pointtia\">Vihijohtaja: Kolme pointtia<span class=\"post-format-icon minor-meta\"><\/span><\/a><\/h2><span class=\"post-meta-infos\"><time class=\"date-container minor-meta updated\"  itemprop=\"datePublished\" datetime=\"2024-09-30T14:05:37+03:00\" >30.9.2024<\/time><span class=\"text-sep\">\/<\/span><span class=\"blog-categories minor-meta\">in <a href=\"https:\/\/kylkirauta.fi\/index.php\/category\/2024\/\" rel=\"tag\">2024<\/a>, <a href=\"https:\/\/kylkirauta.fi\/index.php\/category\/blogi\/\" rel=\"tag\">Blogi<\/a>, <a href=\"https:\/\/kylkirauta.fi\/index.php\/category\/blogi-2024\/\" rel=\"tag\">Blogi 2024<\/a><\/span><span class=\"text-sep\">\/<\/span><span class=\"blog-author minor-meta\">by <span class=\"entry-author-link\"  itemprop=\"author\" ><span class=\"author\"><span class=\"fn\"><a href=\"https:\/\/kylkirauta.fi\/index.php\/author\/karisain\/\" title=\"Kirjoittanut: Kari Sainio\" rel=\"author\">Kari Sainio<\/a><\/span><\/span><\/span><\/span><div class=\"read-more-link\"><a href=\"https:\/\/kylkirauta.fi\/index.php\/2024\/09\/30\/vihijohtaja-kolme-pointtia\/\" class=\"more-link\">Read more<span class=\"more-link-arrow\"><\/span><\/a><\/div><\/span><\/header><footer class=\"entry-footer\"><\/footer><div class='post_delimiter'><\/div><\/div><div class=\"post_author_timeline\"><\/div><span class='hidden'>\n\t\t\t\t<span class='av-structured-data'  itemprop=\"image\" itemscope=\"itemscope\" itemtype=\"https:\/\/schema.org\/ImageObject\" >\n\t\t\t\t\t\t<span itemprop='url'>https:\/\/kylkirauta.fi\/wp-content\/uploads\/2024\/09\/Kolem-pointtia-artikkeli-4.png<\/span>\n\t\t\t\t\t\t<span itemprop='height'>487<\/span>\n\t\t\t\t\t\t<span itemprop='width'>843<\/span>\n\t\t\t\t<\/span>\n\t\t\t\t<span class='av-structured-data'  itemprop=\"publisher\" itemtype=\"https:\/\/schema.org\/Organization\" itemscope=\"itemscope\" >\n\t\t\t\t\t\t<span itemprop='name'>Kari Sainio<\/span>\n\t\t\t\t\t\t<span itemprop='logo' itemscope itemtype='https:\/\/schema.org\/ImageObject'>\n\t\t\t\t\t\t\t<span itemprop='url'>https:\/\/kylkirauta.fi\/wp-content\/uploads\/2020\/02\/kkunta_weblogo-100x100-1.png<\/span>\n\t\t\t\t\t\t<\/span>\n\t\t\t\t<\/span><span class='av-structured-data'  itemprop=\"author\" itemscope=\"itemscope\" itemtype=\"https:\/\/schema.org\/Person\" ><span itemprop='name'>Kari Sainio<\/span><\/span><span class='av-structured-data'  itemprop=\"datePublished\" datetime=\"2024-09-30T14:05:37+03:00\" >2024-09-30 14:05:37<\/span><span class='av-structured-data'  itemprop=\"dateModified\" itemtype=\"https:\/\/schema.org\/dateModified\" >2024-09-30 17:02:30<\/span><span class='av-structured-data'  itemprop=\"mainEntityOfPage\" itemtype=\"https:\/\/schema.org\/mainEntityOfPage\" ><span itemprop='name'>Vihijohtaja: Kolme pointtia<\/span><\/span><\/span><\/article><article class=\"post-entry post-entry-type-standard post-entry-7486 post-loop-5 post-parity-odd post-entry-last bloglist-simple with-slider post-7486 post type-post status-publish format-standard has-post-thumbnail hentry category-107 category-blogi category-blogi-2024\"  itemscope=\"itemscope\" itemtype=\"https:\/\/schema.org\/BlogPosting\" ><div class=\"blog-meta\"><\/div><div class='entry-content-wrapper clearfix standard-content'><header class=\"entry-content-header\"><h2 class='post-title entry-title '  itemprop=\"headline\" ><a href=\"https:\/\/kylkirauta.fi\/index.php\/2024\/09\/22\/kadetin-ajatuksia-15-merikadettien-vaylaajot\/\" rel=\"bookmark\" title=\"Permanent Link: Kadetin ajatuksia 15 &#8211; Merikadettien v\u00e4yl\u00e4ajot\">Kadetin ajatuksia 15 &#8211; Merikadettien v\u00e4yl\u00e4ajot<span class=\"post-format-icon minor-meta\"><\/span><\/a><\/h2><span class=\"post-meta-infos\"><time class=\"date-container minor-meta updated\"  itemprop=\"datePublished\" datetime=\"2024-09-22T14:44:49+03:00\" >22.9.2024<\/time><span class=\"text-sep\">\/<\/span><span class=\"blog-categories minor-meta\">in <a href=\"https:\/\/kylkirauta.fi\/index.php\/category\/2024\/\" rel=\"tag\">2024<\/a>, <a href=\"https:\/\/kylkirauta.fi\/index.php\/category\/blogi\/\" rel=\"tag\">Blogi<\/a>, <a href=\"https:\/\/kylkirauta.fi\/index.php\/category\/blogi-2024\/\" rel=\"tag\">Blogi 2024<\/a><\/span><span class=\"text-sep\">\/<\/span><span class=\"blog-author minor-meta\">by <span class=\"entry-author-link\"  itemprop=\"author\" ><span class=\"author\"><span class=\"fn\"><a href=\"https:\/\/kylkirauta.fi\/index.php\/author\/karisain\/\" title=\"Kirjoittanut: Kari Sainio\" rel=\"author\">Kari Sainio<\/a><\/span><\/span><\/span><\/span><div class=\"read-more-link\"><a href=\"https:\/\/kylkirauta.fi\/index.php\/2024\/09\/22\/kadetin-ajatuksia-15-merikadettien-vaylaajot\/\" class=\"more-link\">Read more<span class=\"more-link-arrow\"><\/span><\/a><\/div><\/span><\/header><footer class=\"entry-footer\"><\/footer><div class='post_delimiter'><\/div><\/div><div class=\"post_author_timeline\"><\/div><span class='hidden'>\n\t\t\t\t<span class='av-structured-data'  itemprop=\"image\" itemscope=\"itemscope\" itemtype=\"https:\/\/schema.org\/ImageObject\" >\n\t\t\t\t\t\t<span itemprop='url'>https:\/\/kylkirauta.fi\/wp-content\/uploads\/2024\/09\/Eevi-artikkeli.png<\/span>\n\t\t\t\t\t\t<span itemprop='height'>487<\/span>\n\t\t\t\t\t\t<span itemprop='width'>843<\/span>\n\t\t\t\t<\/span>\n\t\t\t\t<span class='av-structured-data'  itemprop=\"publisher\" itemtype=\"https:\/\/schema.org\/Organization\" itemscope=\"itemscope\" >\n\t\t\t\t\t\t<span itemprop='name'>Kari Sainio<\/span>\n\t\t\t\t\t\t<span itemprop='logo' itemscope itemtype='https:\/\/schema.org\/ImageObject'>\n\t\t\t\t\t\t\t<span itemprop='url'>https:\/\/kylkirauta.fi\/wp-content\/uploads\/2020\/02\/kkunta_weblogo-100x100-1.png<\/span>\n\t\t\t\t\t\t<\/span>\n\t\t\t\t<\/span><span class='av-structured-data'  itemprop=\"author\" itemscope=\"itemscope\" itemtype=\"https:\/\/schema.org\/Person\" ><span itemprop='name'>Kari Sainio<\/span><\/span><span class='av-structured-data'  itemprop=\"datePublished\" datetime=\"2024-09-22T14:44:49+03:00\" >2024-09-22 14:44:49<\/span><span class='av-structured-data'  itemprop=\"dateModified\" itemtype=\"https:\/\/schema.org\/dateModified\" >2024-09-22 16:59:32<\/span><span class='av-structured-data'  itemprop=\"mainEntityOfPage\" itemtype=\"https:\/\/schema.org\/mainEntityOfPage\" ><span itemprop='name'>Kadetin ajatuksia 15 &#8211; Merikadettien v\u00e4yl\u00e4ajot<\/span><\/span><\/span><\/article><div class='bloglist-simple'><nav class='pagination'><span class='pagination-meta'>Page 1 of 3<\/span><span class='current'>1<\/span><a href='https:\/\/kylkirauta.fi\/index.php\/wp-json\/wp\/v2\/posts\/7271\/page\/2\/' class='inactive next_page' >2<\/a><a href='https:\/\/kylkirauta.fi\/index.php\/wp-json\/wp\/v2\/posts\/7271\/page\/3\/' class='inactive' >3<\/a><\/nav>\n<\/div><\/div>\n","protected":false},"excerpt":{"rendered":"","protected":false},"author":3,"featured_media":7289,"comment_status":"closed","ping_status":"closed","sticky":false,"template":"","format":"standard","meta":{"footnotes":""},"categories":[107,3,111],"tags":[],"class_list":["post-7271","post","type-post","status-publish","format-standard","has-post-thumbnail","hentry","category-107","category-blogi","category-blogi-2024"],"yoast_head":"<!-- This site is optimized with the Yoast SEO plugin v27.5 - https:\/\/yoast.com\/product\/yoast-seo-wordpress\/ -->\n<title>Vihijohtaja: Upseerius - Tanssia p\u00e4\u00e4t\u00f6ksenteon suljettujen kabinettien parketeilla - Kylkirauta<\/title>\n<meta name=\"robots\" content=\"index, follow, max-snippet:-1, max-image-preview:large, max-video-preview:-1\" \/>\n<link rel=\"canonical\" href=\"https:\/\/kylkirauta.fi\/index.php\/2024\/06\/09\/vihijohtaja-upseerius-tanssia-paatoksenteon-suljettujen-kabinettien-parketeilla\/\" \/>\n<meta property=\"og:locale\" content=\"fi_FI\" \/>\n<meta property=\"og:type\" content=\"article\" \/>\n<meta property=\"og:title\" content=\"Vihijohtaja: Upseerius - Tanssia p\u00e4\u00e4t\u00f6ksenteon suljettujen kabinettien parketeilla - Kylkirauta\" \/>\n<meta property=\"og:url\" content=\"https:\/\/kylkirauta.fi\/index.php\/2024\/06\/09\/vihijohtaja-upseerius-tanssia-paatoksenteon-suljettujen-kabinettien-parketeilla\/\" \/>\n<meta property=\"og:site_name\" content=\"Kylkirauta\" \/>\n<meta property=\"article:published_time\" content=\"2024-06-09T08:27:38+00:00\" \/>\n<meta property=\"article:modified_time\" content=\"2024-06-26T11:53:56+00:00\" \/>\n<meta property=\"og:image\" content=\"https:\/\/kylkirauta.fi\/wp-content\/uploads\/2024\/06\/Artikkeli-2-tanssit.png\" \/>\n\t<meta property=\"og:image:width\" content=\"843\" \/>\n\t<meta property=\"og:image:height\" content=\"487\" \/>\n\t<meta property=\"og:image:type\" content=\"image\/png\" \/>\n<meta name=\"author\" content=\"Kari Sainio\" \/>\n<meta name=\"twitter:card\" content=\"summary_large_image\" \/>\n<meta name=\"twitter:label1\" content=\"Kirjoittanut\" \/>\n\t<meta name=\"twitter:data1\" content=\"Kari Sainio\" \/>\n\t<meta name=\"twitter:label2\" content=\"Arvioitu lukuaika\" \/>\n\t<meta name=\"twitter:data2\" content=\"7 minuuttia\" \/>\n<script type=\"application\/ld+json\" class=\"yoast-schema-graph\">{\"@context\":\"https:\\\/\\\/schema.org\",\"@graph\":[{\"@type\":\"Article\",\"@id\":\"https:\\\/\\\/kylkirauta.fi\\\/index.php\\\/2024\\\/06\\\/09\\\/vihijohtaja-upseerius-tanssia-paatoksenteon-suljettujen-kabinettien-parketeilla\\\/#article\",\"isPartOf\":{\"@id\":\"https:\\\/\\\/kylkirauta.fi\\\/index.php\\\/2024\\\/06\\\/09\\\/vihijohtaja-upseerius-tanssia-paatoksenteon-suljettujen-kabinettien-parketeilla\\\/\"},\"author\":{\"name\":\"Kari Sainio\",\"@id\":\"https:\\\/\\\/kylkirauta.fi\\\/#\\\/schema\\\/person\\\/714ab39a349c656b20d60a239be1d6f6\"},\"headline\":\"Vihijohtaja: Upseerius &#8211; Tanssia p\u00e4\u00e4t\u00f6ksenteon suljettujen kabinettien parketeilla\",\"datePublished\":\"2024-06-09T08:27:38+00:00\",\"dateModified\":\"2024-06-26T11:53:56+00:00\",\"mainEntityOfPage\":{\"@id\":\"https:\\\/\\\/kylkirauta.fi\\\/index.php\\\/2024\\\/06\\\/09\\\/vihijohtaja-upseerius-tanssia-paatoksenteon-suljettujen-kabinettien-parketeilla\\\/\"},\"wordCount\":1624,\"image\":{\"@id\":\"https:\\\/\\\/kylkirauta.fi\\\/index.php\\\/2024\\\/06\\\/09\\\/vihijohtaja-upseerius-tanssia-paatoksenteon-suljettujen-kabinettien-parketeilla\\\/#primaryimage\"},\"thumbnailUrl\":\"https:\\\/\\\/kylkirauta.fi\\\/wp-content\\\/uploads\\\/2024\\\/06\\\/Artikkeli-2-tanssit.png\",\"articleSection\":[\"2024\",\"Blogi\",\"Blogi 2024\"],\"inLanguage\":\"fi\"},{\"@type\":\"WebPage\",\"@id\":\"https:\\\/\\\/kylkirauta.fi\\\/index.php\\\/2024\\\/06\\\/09\\\/vihijohtaja-upseerius-tanssia-paatoksenteon-suljettujen-kabinettien-parketeilla\\\/\",\"url\":\"https:\\\/\\\/kylkirauta.fi\\\/index.php\\\/2024\\\/06\\\/09\\\/vihijohtaja-upseerius-tanssia-paatoksenteon-suljettujen-kabinettien-parketeilla\\\/\",\"name\":\"Vihijohtaja: Upseerius - Tanssia p\u00e4\u00e4t\u00f6ksenteon suljettujen kabinettien parketeilla - Kylkirauta\",\"isPartOf\":{\"@id\":\"https:\\\/\\\/kylkirauta.fi\\\/#website\"},\"primaryImageOfPage\":{\"@id\":\"https:\\\/\\\/kylkirauta.fi\\\/index.php\\\/2024\\\/06\\\/09\\\/vihijohtaja-upseerius-tanssia-paatoksenteon-suljettujen-kabinettien-parketeilla\\\/#primaryimage\"},\"image\":{\"@id\":\"https:\\\/\\\/kylkirauta.fi\\\/index.php\\\/2024\\\/06\\\/09\\\/vihijohtaja-upseerius-tanssia-paatoksenteon-suljettujen-kabinettien-parketeilla\\\/#primaryimage\"},\"thumbnailUrl\":\"https:\\\/\\\/kylkirauta.fi\\\/wp-content\\\/uploads\\\/2024\\\/06\\\/Artikkeli-2-tanssit.png\",\"datePublished\":\"2024-06-09T08:27:38+00:00\",\"dateModified\":\"2024-06-26T11:53:56+00:00\",\"author\":{\"@id\":\"https:\\\/\\\/kylkirauta.fi\\\/#\\\/schema\\\/person\\\/714ab39a349c656b20d60a239be1d6f6\"},\"breadcrumb\":{\"@id\":\"https:\\\/\\\/kylkirauta.fi\\\/index.php\\\/2024\\\/06\\\/09\\\/vihijohtaja-upseerius-tanssia-paatoksenteon-suljettujen-kabinettien-parketeilla\\\/#breadcrumb\"},\"inLanguage\":\"fi\",\"potentialAction\":[{\"@type\":\"ReadAction\",\"target\":[\"https:\\\/\\\/kylkirauta.fi\\\/index.php\\\/2024\\\/06\\\/09\\\/vihijohtaja-upseerius-tanssia-paatoksenteon-suljettujen-kabinettien-parketeilla\\\/\"]}]},{\"@type\":\"ImageObject\",\"inLanguage\":\"fi\",\"@id\":\"https:\\\/\\\/kylkirauta.fi\\\/index.php\\\/2024\\\/06\\\/09\\\/vihijohtaja-upseerius-tanssia-paatoksenteon-suljettujen-kabinettien-parketeilla\\\/#primaryimage\",\"url\":\"https:\\\/\\\/kylkirauta.fi\\\/wp-content\\\/uploads\\\/2024\\\/06\\\/Artikkeli-2-tanssit.png\",\"contentUrl\":\"https:\\\/\\\/kylkirauta.fi\\\/wp-content\\\/uploads\\\/2024\\\/06\\\/Artikkeli-2-tanssit.png\",\"width\":843,\"height\":487},{\"@type\":\"BreadcrumbList\",\"@id\":\"https:\\\/\\\/kylkirauta.fi\\\/index.php\\\/2024\\\/06\\\/09\\\/vihijohtaja-upseerius-tanssia-paatoksenteon-suljettujen-kabinettien-parketeilla\\\/#breadcrumb\",\"itemListElement\":[{\"@type\":\"ListItem\",\"position\":1,\"name\":\"Home\",\"item\":\"https:\\\/\\\/kylkirauta.fi\\\/index.php\\\/home\\\/\"},{\"@type\":\"ListItem\",\"position\":2,\"name\":\"Vihijohtaja: Upseerius &#8211; Tanssia p\u00e4\u00e4t\u00f6ksenteon suljettujen kabinettien parketeilla\"}]},{\"@type\":\"WebSite\",\"@id\":\"https:\\\/\\\/kylkirauta.fi\\\/#website\",\"url\":\"https:\\\/\\\/kylkirauta.fi\\\/\",\"name\":\"Kylkirauta\",\"description\":\"Kadettiupseerit yhteiskunnan palveluksessa\",\"potentialAction\":[{\"@type\":\"SearchAction\",\"target\":{\"@type\":\"EntryPoint\",\"urlTemplate\":\"https:\\\/\\\/kylkirauta.fi\\\/?s={search_term_string}\"},\"query-input\":{\"@type\":\"PropertyValueSpecification\",\"valueRequired\":true,\"valueName\":\"search_term_string\"}}],\"inLanguage\":\"fi\"},{\"@type\":\"Person\",\"@id\":\"https:\\\/\\\/kylkirauta.fi\\\/#\\\/schema\\\/person\\\/714ab39a349c656b20d60a239be1d6f6\",\"name\":\"Kari Sainio\",\"sameAs\":[\"http:\\\/\\\/www.kylkirauta.fi\"],\"url\":\"https:\\\/\\\/kylkirauta.fi\\\/index.php\\\/author\\\/karisain\\\/\"}]}<\/script>\n<!-- \/ Yoast SEO plugin. -->","yoast_head_json":{"title":"Vihijohtaja: Upseerius - Tanssia p\u00e4\u00e4t\u00f6ksenteon suljettujen kabinettien parketeilla - Kylkirauta","robots":{"index":"index","follow":"follow","max-snippet":"max-snippet:-1","max-image-preview":"max-image-preview:large","max-video-preview":"max-video-preview:-1"},"canonical":"https:\/\/kylkirauta.fi\/index.php\/2024\/06\/09\/vihijohtaja-upseerius-tanssia-paatoksenteon-suljettujen-kabinettien-parketeilla\/","og_locale":"fi_FI","og_type":"article","og_title":"Vihijohtaja: Upseerius - Tanssia p\u00e4\u00e4t\u00f6ksenteon suljettujen kabinettien parketeilla - Kylkirauta","og_url":"https:\/\/kylkirauta.fi\/index.php\/2024\/06\/09\/vihijohtaja-upseerius-tanssia-paatoksenteon-suljettujen-kabinettien-parketeilla\/","og_site_name":"Kylkirauta","article_published_time":"2024-06-09T08:27:38+00:00","article_modified_time":"2024-06-26T11:53:56+00:00","og_image":[{"width":843,"height":487,"url":"https:\/\/kylkirauta.fi\/wp-content\/uploads\/2024\/06\/Artikkeli-2-tanssit.png","type":"image\/png"}],"author":"Kari Sainio","twitter_card":"summary_large_image","twitter_misc":{"Kirjoittanut":"Kari Sainio","Arvioitu lukuaika":"7 minuuttia"},"schema":{"@context":"https:\/\/schema.org","@graph":[{"@type":"Article","@id":"https:\/\/kylkirauta.fi\/index.php\/2024\/06\/09\/vihijohtaja-upseerius-tanssia-paatoksenteon-suljettujen-kabinettien-parketeilla\/#article","isPartOf":{"@id":"https:\/\/kylkirauta.fi\/index.php\/2024\/06\/09\/vihijohtaja-upseerius-tanssia-paatoksenteon-suljettujen-kabinettien-parketeilla\/"},"author":{"name":"Kari Sainio","@id":"https:\/\/kylkirauta.fi\/#\/schema\/person\/714ab39a349c656b20d60a239be1d6f6"},"headline":"Vihijohtaja: Upseerius &#8211; Tanssia p\u00e4\u00e4t\u00f6ksenteon suljettujen kabinettien parketeilla","datePublished":"2024-06-09T08:27:38+00:00","dateModified":"2024-06-26T11:53:56+00:00","mainEntityOfPage":{"@id":"https:\/\/kylkirauta.fi\/index.php\/2024\/06\/09\/vihijohtaja-upseerius-tanssia-paatoksenteon-suljettujen-kabinettien-parketeilla\/"},"wordCount":1624,"image":{"@id":"https:\/\/kylkirauta.fi\/index.php\/2024\/06\/09\/vihijohtaja-upseerius-tanssia-paatoksenteon-suljettujen-kabinettien-parketeilla\/#primaryimage"},"thumbnailUrl":"https:\/\/kylkirauta.fi\/wp-content\/uploads\/2024\/06\/Artikkeli-2-tanssit.png","articleSection":["2024","Blogi","Blogi 2024"],"inLanguage":"fi"},{"@type":"WebPage","@id":"https:\/\/kylkirauta.fi\/index.php\/2024\/06\/09\/vihijohtaja-upseerius-tanssia-paatoksenteon-suljettujen-kabinettien-parketeilla\/","url":"https:\/\/kylkirauta.fi\/index.php\/2024\/06\/09\/vihijohtaja-upseerius-tanssia-paatoksenteon-suljettujen-kabinettien-parketeilla\/","name":"Vihijohtaja: Upseerius - Tanssia p\u00e4\u00e4t\u00f6ksenteon suljettujen kabinettien parketeilla - Kylkirauta","isPartOf":{"@id":"https:\/\/kylkirauta.fi\/#website"},"primaryImageOfPage":{"@id":"https:\/\/kylkirauta.fi\/index.php\/2024\/06\/09\/vihijohtaja-upseerius-tanssia-paatoksenteon-suljettujen-kabinettien-parketeilla\/#primaryimage"},"image":{"@id":"https:\/\/kylkirauta.fi\/index.php\/2024\/06\/09\/vihijohtaja-upseerius-tanssia-paatoksenteon-suljettujen-kabinettien-parketeilla\/#primaryimage"},"thumbnailUrl":"https:\/\/kylkirauta.fi\/wp-content\/uploads\/2024\/06\/Artikkeli-2-tanssit.png","datePublished":"2024-06-09T08:27:38+00:00","dateModified":"2024-06-26T11:53:56+00:00","author":{"@id":"https:\/\/kylkirauta.fi\/#\/schema\/person\/714ab39a349c656b20d60a239be1d6f6"},"breadcrumb":{"@id":"https:\/\/kylkirauta.fi\/index.php\/2024\/06\/09\/vihijohtaja-upseerius-tanssia-paatoksenteon-suljettujen-kabinettien-parketeilla\/#breadcrumb"},"inLanguage":"fi","potentialAction":[{"@type":"ReadAction","target":["https:\/\/kylkirauta.fi\/index.php\/2024\/06\/09\/vihijohtaja-upseerius-tanssia-paatoksenteon-suljettujen-kabinettien-parketeilla\/"]}]},{"@type":"ImageObject","inLanguage":"fi","@id":"https:\/\/kylkirauta.fi\/index.php\/2024\/06\/09\/vihijohtaja-upseerius-tanssia-paatoksenteon-suljettujen-kabinettien-parketeilla\/#primaryimage","url":"https:\/\/kylkirauta.fi\/wp-content\/uploads\/2024\/06\/Artikkeli-2-tanssit.png","contentUrl":"https:\/\/kylkirauta.fi\/wp-content\/uploads\/2024\/06\/Artikkeli-2-tanssit.png","width":843,"height":487},{"@type":"BreadcrumbList","@id":"https:\/\/kylkirauta.fi\/index.php\/2024\/06\/09\/vihijohtaja-upseerius-tanssia-paatoksenteon-suljettujen-kabinettien-parketeilla\/#breadcrumb","itemListElement":[{"@type":"ListItem","position":1,"name":"Home","item":"https:\/\/kylkirauta.fi\/index.php\/home\/"},{"@type":"ListItem","position":2,"name":"Vihijohtaja: Upseerius &#8211; Tanssia p\u00e4\u00e4t\u00f6ksenteon suljettujen kabinettien parketeilla"}]},{"@type":"WebSite","@id":"https:\/\/kylkirauta.fi\/#website","url":"https:\/\/kylkirauta.fi\/","name":"Kylkirauta","description":"Kadettiupseerit yhteiskunnan palveluksessa","potentialAction":[{"@type":"SearchAction","target":{"@type":"EntryPoint","urlTemplate":"https:\/\/kylkirauta.fi\/?s={search_term_string}"},"query-input":{"@type":"PropertyValueSpecification","valueRequired":true,"valueName":"search_term_string"}}],"inLanguage":"fi"},{"@type":"Person","@id":"https:\/\/kylkirauta.fi\/#\/schema\/person\/714ab39a349c656b20d60a239be1d6f6","name":"Kari Sainio","sameAs":["http:\/\/www.kylkirauta.fi"],"url":"https:\/\/kylkirauta.fi\/index.php\/author\/karisain\/"}]}},"_links":{"self":[{"href":"https:\/\/kylkirauta.fi\/index.php\/wp-json\/wp\/v2\/posts\/7271","targetHints":{"allow":["GET"]}}],"collection":[{"href":"https:\/\/kylkirauta.fi\/index.php\/wp-json\/wp\/v2\/posts"}],"about":[{"href":"https:\/\/kylkirauta.fi\/index.php\/wp-json\/wp\/v2\/types\/post"}],"author":[{"embeddable":true,"href":"https:\/\/kylkirauta.fi\/index.php\/wp-json\/wp\/v2\/users\/3"}],"replies":[{"embeddable":true,"href":"https:\/\/kylkirauta.fi\/index.php\/wp-json\/wp\/v2\/comments?post=7271"}],"version-history":[{"count":23,"href":"https:\/\/kylkirauta.fi\/index.php\/wp-json\/wp\/v2\/posts\/7271\/revisions"}],"predecessor-version":[{"id":7440,"href":"https:\/\/kylkirauta.fi\/index.php\/wp-json\/wp\/v2\/posts\/7271\/revisions\/7440"}],"wp:featuredmedia":[{"embeddable":true,"href":"https:\/\/kylkirauta.fi\/index.php\/wp-json\/wp\/v2\/media\/7289"}],"wp:attachment":[{"href":"https:\/\/kylkirauta.fi\/index.php\/wp-json\/wp\/v2\/media?parent=7271"}],"wp:term":[{"taxonomy":"category","embeddable":true,"href":"https:\/\/kylkirauta.fi\/index.php\/wp-json\/wp\/v2\/categories?post=7271"},{"taxonomy":"post_tag","embeddable":true,"href":"https:\/\/kylkirauta.fi\/index.php\/wp-json\/wp\/v2\/tags?post=7271"}],"curies":[{"name":"wp","href":"https:\/\/api.w.org\/{rel}","templated":true}]}}