{"id":711,"date":"2019-06-12T17:58:00","date_gmt":"2019-06-12T17:58:00","guid":{"rendered":"https:\/\/kylkirauta.fi\/?p=711"},"modified":"2020-01-26T10:34:18","modified_gmt":"2020-01-26T10:34:18","slug":"mentorin-merkintoja-19-mentorien-painoarvo-huikea","status":"publish","type":"post","link":"https:\/\/kylkirauta.fi\/index.php\/2019\/06\/12\/mentorin-merkintoja-19-mentorien-painoarvo-huikea\/","title":{"rendered":"Mentorin merkint\u00f6j\u00e4 19 &#8211; Mentorien painoarvo huikea"},"content":{"rendered":"<div id='full_slider_1'  class='avia-fullwidth-slider main_color avia-shadow   avia-builder-el-0  el_before_av_one_full  avia-builder-el-first   container_wrap sidebar_right'  ><div  class='avia-slideshow av-l9olo-34f89e96fc3de7b9b51c14c99ace17a4 avia-slideshow-featured av_slideshow_full avia-slide-slider av-slideshow-ui av-control-default av-slideshow-manual av-loop-once av-loop-manual-endless av-default-height-applied   avia-slideshow-1' data-slideshow-options=\"{&quot;animation&quot;:&quot;slide&quot;,&quot;autoplay&quot;:false,&quot;loop_autoplay&quot;:&quot;once&quot;,&quot;interval&quot;:5,&quot;loop_manual&quot;:&quot;manual-endless&quot;,&quot;autoplay_stopper&quot;:false,&quot;noNavigation&quot;:false,&quot;bg_slider&quot;:false,&quot;keep_padding&quot;:false,&quot;hoverpause&quot;:false,&quot;show_slide_delay&quot;:0}\"  itemprop=\"image\" itemscope=\"itemscope\" itemtype=\"https:\/\/schema.org\/ImageObject\" ><ul class='avia-slideshow-inner ' style='padding-bottom: 28.666666666667%;'><li  class='avia-slideshow-slide av-l9olo-34f89e96fc3de7b9b51c14c99ace17a4__0  av-single-slide slide-1 slide-odd'><div data-rel='slideshow-1' class='avia-slide-wrap '   ><img decoding=\"async\" fetchpriority=\"high\" class=\"wp-image-54 avia-img-lazy-loading-not-54\"  src=\"https:\/\/kylkirauta.fi\/wp-content\/uploads\/2019\/10\/otsake-kuva_1500x430-1500x430.png\" width=\"1500\" height=\"430\" title='otsake-kuva_1500x430' alt=''  itemprop=\"thumbnailUrl\" srcset=\"https:\/\/kylkirauta.fi\/wp-content\/uploads\/2019\/10\/otsake-kuva_1500x430-1500x430.png 1500w, https:\/\/kylkirauta.fi\/wp-content\/uploads\/2019\/10\/otsake-kuva_1500x430-300x86.png 300w, https:\/\/kylkirauta.fi\/wp-content\/uploads\/2019\/10\/otsake-kuva_1500x430-768x220.png 768w, https:\/\/kylkirauta.fi\/wp-content\/uploads\/2019\/10\/otsake-kuva_1500x430-1030x295.png 1030w, https:\/\/kylkirauta.fi\/wp-content\/uploads\/2019\/10\/otsake-kuva_1500x430-705x202.png 705w, https:\/\/kylkirauta.fi\/wp-content\/uploads\/2019\/10\/otsake-kuva_1500x430.png 1817w\" sizes=\"(max-width: 1500px) 100vw, 1500px\" \/><\/div><\/li><\/ul><\/div><\/div><div id='after_full_slider_1'  class='main_color av_default_container_wrap container_wrap sidebar_right'  ><div class='container av-section-cont-open' ><div class='template-page content  av-content-small alpha units'><div class='post-entry post-entry-type-page post-entry-711'><div class='entry-content-wrapper clearfix'>\n\n<style type=\"text\/css\" data-created_by=\"avia_inline_auto\" id=\"style-css-av-km4zs-0614ada41eb3461e6efbb361dfbae970\">\n.flex_column.av-km4zs-0614ada41eb3461e6efbb361dfbae970{\nborder-radius:0px 0px 0px 0px;\npadding:0px 0px 0px 0px;\n}\n<\/style>\n<div  class='flex_column av-km4zs-0614ada41eb3461e6efbb361dfbae970 av_one_full  avia-builder-el-1  el_after_av_slideshow_full  el_before_av_hr  avia-builder-el-first  first flex_column_div av-zero-column-padding  '     ><p>\n<style type=\"text\/css\" data-created_by=\"avia_inline_auto\" id=\"style-css-av-k5twuqcr-c718ebfc31a401680f2637480eadbfff\">\n#top .av-special-heading.av-k5twuqcr-c718ebfc31a401680f2637480eadbfff{\npadding-bottom:10px;\n}\nbody .av-special-heading.av-k5twuqcr-c718ebfc31a401680f2637480eadbfff .av-special-heading-tag .heading-char{\nfont-size:25px;\n}\n.av-special-heading.av-k5twuqcr-c718ebfc31a401680f2637480eadbfff .av-subheading{\nfont-size:15px;\n}\n<\/style>\n<div  class='av-special-heading av-k5twuqcr-c718ebfc31a401680f2637480eadbfff av-special-heading-h3  avia-builder-el-2  el_before_av_hr  avia-builder-el-first '><h3 class='av-special-heading-tag'  itemprop=\"headline\"  >Mentorin merkint\u00f6j\u00e4 19 &#8211; Mentorien painoarvo huikea<\/h3><div class=\"special-heading-border\"><div class=\"special-heading-inner-border\"><\/div><\/div><\/div><br \/>\n\n<style type=\"text\/css\" data-created_by=\"avia_inline_auto\" id=\"style-css-av-k5m7b9te-01401dd5e8beb25770de1be03f41ecf3\">\n#top .hr.hr-invisible.av-k5m7b9te-01401dd5e8beb25770de1be03f41ecf3{\nheight:30px;\n}\n<\/style>\n<div  class='hr av-k5m7b9te-01401dd5e8beb25770de1be03f41ecf3 hr-invisible  avia-builder-el-3  el_after_av_heading  el_before_av_textblock '><span class='hr-inner '><span class=\"hr-inner-style\"><\/span><\/span><\/div><br \/>\n<section  class='av_textblock_section av-k8d08-dea0f25c8df625cf22cbdeac32688808 '   itemscope=\"itemscope\" itemtype=\"https:\/\/schema.org\/BlogPosting\" itemprop=\"blogPost\" ><div class='avia_textblock'  itemprop=\"text\" ><div id=\"attachment_660\" style=\"width: 135px\" class=\"wp-caption alignleft\"><img loading=\"lazy\" decoding=\"async\" aria-describedby=\"caption-attachment-660\" class=\"wp-image-660\" src=\"https:\/\/kylkirauta.fi\/wp-content\/uploads\/2020\/01\/Kurvinen-Pekka.jpg\" alt=\"\" width=\"125\" height=\"177\" srcset=\"https:\/\/kylkirauta.fi\/wp-content\/uploads\/2020\/01\/Kurvinen-Pekka.jpg 410w, https:\/\/kylkirauta.fi\/wp-content\/uploads\/2020\/01\/Kurvinen-Pekka-212x300.jpg 212w\" sizes=\"auto, (max-width: 125px) 100vw, 125px\" \/><p id=\"caption-attachment-660\" class=\"wp-caption-text\">Pekka Kurvinen<\/p><\/div>\n<p><strong>22 evp-upseeria saivat j\u00e4lleen lukuvuoden 2018-2019 aikana jakaa johtamis-, ura- ja el\u00e4m\u00e4nkokemuksensa tuleville sotatieteiden kandidaateille. Johtamisen perusopintoihin kuuluneiden opintojaksojen Ihminen johdettavana sek\u00e4 Johtaminen sodan ajan toimintaymp\u00e4rist\u00f6ss\u00e4 aktoreina olivat 105. kadettikurssin ja 88. merikadettikurssin opiskelijat. Mentorit olivat jakautuneet 16 opiskelijaryhm\u00e4\u00e4n.<\/strong><\/p>\n<p><strong>Mentorointi toteutettiin koko kurssille pidettyjen luentojen j\u00e4lkeisin\u00e4 kahden tunnin mittaisina ryhm\u00e4keskusteluina. Ihminen johdettavana -opintojaksoon kuului my\u00f6s mentorijohtoinen, julkisen, yksityisen tai kolmannen sektorin organisaatioihin tutustumisen teemap\u00e4iv\u00e4. Lis\u00e4ksi mentorit ohjasivat henkil\u00f6kohtaisesti saman opintojakson oppimisteht\u00e4v\u00e4\u00e4.<\/strong><\/p>\n<p><strong>Tarkastelen kirjoituksessani mentoroinnin opiskelijapalautetta sek\u00e4 mentorien ja jaksojen opettajien kanssa keskusteluissa ilmenneit\u00e4 vapaita kokemuksia.<\/strong><\/p>\n<p>Opiskelijat antoivat palautteensa omalla nimell\u00e4\u00e4n s\u00e4hk\u00f6isesti puolustusvoimien verkkoymp\u00e4rist\u00f6ss\u00e4 PVMoodlessa. Vastaajista 81 mielest\u00e4 mentoritoiminta loi erinomaista tai kiitett\u00e4v\u00e4\u00e4 lis\u00e4arvoa opiskelulle ja 80 prosenttia antoi mentoritoiminnasta arvosanan erinomainen tai kiitett\u00e4v\u00e4.<\/p>\n<p>Mentorit saivat osaamisestaan ja asennoitumisestaan viljalti kiitosta. Toiveissa oli, ett\u00e4 heid\u00e4n kokemustaan ja ammattitaitoaan olisi voinut hy\u00f6dynt\u00e4\u00e4 nykyist\u00e4 enemm\u00e4n henkil\u00f6kohtaisessa ohjauksessa sek\u00e4 johtamissuorituksessa. Joissain arvioissa kiinnitettiin huomiota sukupolvien v\u00e4liseen kuiluun. Toisaalta sek\u00e4 upseerin ett\u00e4 siviilikokemuksen jakaminen koettiin esimerkein voiman ansiosta arvokkaaksi, ja tositarinoita haluttiin kuulla lis\u00e4\u00e4.<\/p>\n<p><em><strong>Kokemus ja tuki voimaannuttivat<\/strong><\/em><\/p>\n<p>Oppijat suitsuttivat mentorien is\u00e4llist\u00e4, vapaata ja huolehtivaa otetta. N\u00e4k\u00f6kulman laajentamisen sek\u00e4 kuuntelemisen ja oikeiden kysymysten esitt\u00e4misen taito valmiiden vastausten antamisen sijaan sai my\u00f6nteisi\u00e4 huomautuksia.<\/p>\n<p><em>\u201dMielest\u00e4ni mentoritoiminta oli todella positiivista. Pienryhmiss\u00e4 keskustelu ja asioiden l\u00e4pik\u00e4ynti, sek\u00e4 kokemusten jakaminen olivat todella opettavaisia tuokioita. Viel\u00e4 t\u00e4ss\u00e4 vaiheessa v\u00e4h\u00e4n pimennossa se, ett\u00e4 mit\u00e4 hy\u00f6ty\u00e4 mentoritoiminnasta todellisuudessa oli. N\u00e4kyvin osa eli v\u00e4likommentit ryhm\u00e4keskusteluissa eiv\u00e4t sin\u00e4ll\u00e4\u00e4n antaneet mit\u00e4\u00e4n lis\u00e4arvoa opintojaksolle.\u201d<\/em><\/p>\n<p><em>\u201dEhk\u00e4 mentoreita voisi ohjeistaa antamaan enemm\u00e4n kokemuksia heid\u00e4n omasta johtamisesta. Heill\u00e4 on enemm\u00e4n johtamiskokemusta kuin ryhm\u00e4ll\u00e4 yhteens\u00e4, ja siit\u00e4 syyst\u00e4 suuria tiedonl\u00e4hteit\u00e4\/resursseja. Heit\u00e4 voisi kehottaa l\u00f6yt\u00e4m\u00e4\u00e4n tasapaino siin\u00e4 kuinka paljo he liittyv\u00e4t keskusteluihin, ja kuinka paljon he pysyv\u00e4t taka-alalla ja antavat ryhm\u00e4n itse hoitaa keskustelun kulkua.\u201d<\/em><\/p>\n<p><em>\u201dMentoritoiminnassa ryhm\u00e4t tulisi koostaa saman puolustushaaran edustajista\/henkil\u00f6ist\u00e4, joiden johtamiskokemus on l\u00e4hell\u00e4 toisiaan. Mielest\u00e4ni mentoritoiminta oli hyv\u00e4 tapa kerrata oppituntien aiheita sek\u00e4 kuulla niin vertaisten, kuin kokeneemmankin johtajan n\u00e4kemyksi\u00e4, kokemuksia ja ajatuksia. Mentorikeskustelu pakotti jokaista ajattelemaan k\u00e4sitelt\u00e4v\u00e4\u00e4 aihetta, joka lis\u00e4si my\u00f6s oppimista. Mentori oli t\u00e4ysill\u00e4 mukana ja esitti keskusteluissa hyvi\u00e4 ajatuksia, mutta antoi my\u00f6s kadeteille riitt\u00e4v\u00e4n vapauden johtaa keskustelu itse.\u201d<\/em><\/p>\n<p><em><strong>Vuorovaikutuksen monensuuntaisuus keskusteluttivat<\/strong><\/em><\/p>\n<p>Mentoritoiminnan perusajatus, jonka mukaan molemmat osapuolet ovat sek\u00e4 saajia ett\u00e4 antajia, kantoi p\u00e4\u00e4s\u00e4\u00e4nt\u00f6isesti.<\/p>\n<p><em>\u201dMentori oli aktiivinen ensimm\u00e4isest\u00e4 tapaamisesta aina opintojakson loppuun asti. H\u00e4n ei dominoinut ryhm\u00e4keskustuilta, vaan tuki ja ohjasi tarkoituksenmukaiseen suuntaan. Teemap\u00e4iv\u00e4n\u00e4 p\u00e4\u00e4simme tutustumaan kolmeen erityyppiseen organisaatioon &#8211;&gt; tosi jees. Tulevaisuudessa oli hienoa, jos mentori antaisi yksil\u00f6llist\u00e4 &#8221;palautetta&#8221; tai n\u00e4kemyksi\u00e4 esim. opintojen suunnittelun tai tulevaisuuden tavoitteiden osalta.\u201d<\/em><\/p>\n<p>\u201dKeskusteluissa v\u00e4lill\u00e4 olisi voinut luottaa my\u00f6s meid\u00e4n kokemuksiimme asioista, eik\u00e4 aina tyrm\u00e4t\u00e4 ajatuksiamme kertomalla miten teid\u00e4n kokemuksenne asiasta kertovat.\u201d<\/p>\n<p>Usea vastaaja toi kuitenkin painokkaasti esiin mentorien heterogeenisyyden.<\/p>\n<p><em>\u201dKuulemani mukaan ryhm\u00e4mme mentorit olivat huomattavasti parempia, kun muilla ryhmill\u00e4. Mentorikeskusteluissa toivoisin mentoreilta enemm\u00e4n aktiivisuutta ja omia n\u00e4kemyksi\u00e4 asioihin, etenkin omien esimerkkien kautta.\u201d<\/em><\/p>\n<p><em>\u201dOmalle kohdalle tuli hyv\u00e4 mentori, joten voin sanoa ett\u00e4 se toi lis\u00e4-arvoa opiskeluun. Kuulemani mukaan kaikilla ei ole ollut yht\u00e4 hyv\u00e4 tilanne.\u201d<\/em><\/p>\n<p><em>\u201dMentorin olisi hyv\u00e4 my\u00f6s osata tukea hieman enemm\u00e4n, oma mentorimme ei oikein tehnyt mit\u00e4\u00e4n, mutta oli vain mukana.\u201d<\/em><\/p>\n<p><strong><em>Turvallisuuden ilmapiiri vapautti<\/em><\/strong><\/p>\n<p>Palautteissa korostuivat mentoritoiminta n\u00e4k\u00f6kulmia avartava panos, jota luotsit h\u00f6ystiv\u00e4t tasaveroisuuden ja historiallisen jatkumon ilmapiiriss\u00e4.<\/p>\n<p><em>\u201dMentoritoiminta oli oppimista tukevaa ja sielt\u00e4 sai hyv\u00e4\u00e4 vinkki\u00e4 tulevaan. P\u00e4\u00e4llimm\u00e4isen\u00e4 j\u00e4i mieleen se, ett\u00e4 nyt meid\u00e4n kadettien ymm\u00e4rrys puolustusvoimista on melko kapea, mutta laajentuu ajan kuluessa.\u201d<\/em><\/p>\n<p><em>\u201dMentoroinnin keskustelutilaisuudet olivat ryhm\u00e4mme osalta toimivat, vapaa ilmapiiri ja muutenkin luontevan oloinen tapahtuma, jossa sai vapaasti sanoa mielipiteens\u00e4. (ehk\u00e4 kurssin parhaat osuudet)\u201d<\/em><\/p>\n<p><em>\u201dMentoreiden tuoma tietotaito ryhm\u00e4keskusteluihin oli hyv\u00e4. Heilt\u00e4 pystyi kysym\u00e4\u00e4n kysymyksi\u00e4 mihin emme itse pystyneet vastaamaan.\u201d<\/em><\/p>\n<p><em>\u201dMentorit toimivat hyvin tukena ryhm\u00e4keskusteluissa ja toivat niit\u00e4 kallisarvoisia kokemuksen kultakimpaleita.\u201d<\/em><\/p>\n<p><em><strong>Teemap\u00e4iv\u00e4 avarsi n\u00e4kemyst\u00e4 ja ymm\u00e4rryst\u00e4<\/strong><\/em><br \/>\nTeemap\u00e4iv\u00e4n oppijat katsoivat tuovan lis\u00e4\u00e4 syvyytt\u00e4 ja havainnollistavaa ymm\u00e4rryst\u00e4 eri toimijodien johtamisk\u00e4yt\u00e4nt\u00f6jen moninaisuuteen ja haasteisiin yhteydess\u00e4\u00e4n. Kritiikki\u00e4 tuli p\u00e4iv\u00e4n hajauttamisesta useaan yhteis\u00f6\u00f6n sek\u00e4 purkutilaisuuden j\u00e4rjestelyist\u00e4.<\/p>\n<p><em>\u201dJohtamisen teemap\u00e4iv\u00e4 sen sijaan oli erinomainen; p\u00e4iv\u00e4n aikana mahdollisuus vertailla siviiliorganisaation tapoja toimia ja johtamisperiaatteita Puolustusvoimien malliin antoi paljon materiaalia mm. oppimisteht\u00e4v\u00e4\u00e4n. P\u00e4iv\u00e4 toi my\u00f6s esiin mahdollisuuksia p\u00e4ivitt\u00e4\u00e4 Pv:n toimintaa, mutta siviiliorganisaation oppien siirt\u00e4minen Pv:n kulttuuriin on todenn\u00e4k\u00f6isesti eritt\u00e4in haastavaa.\u201d<\/em><\/p>\n<p><em>\u201dTeemap\u00e4iv\u00e4mme olivat mielest\u00e4ni eritt\u00e4in soveltuvia meid\u00e4n opintoihin, koska ne koskivat organisaatioita joilla oli jonkinlainen linkki Pv:iin.\u201d<\/em><\/p>\n<p><em>\u201dTeemap\u00e4iv\u00e4 oli todella positiivinen kokemus. Sen aikana konkretisoitui moni teorian tasolla ep\u00e4selv\u00e4ksi j\u00e4\u00e4nyt asia. Teemap\u00e4iv\u00e4n purkutilaisuus olisi mielest\u00e4ni j\u00e4rjest\u00e4\u00e4 heti seuraavien p\u00e4ivien aikana.\u201d<\/em><\/p>\n<p>Mentorit toivoivat teemap\u00e4iv\u00e4n suunnitteluun etupainoisuutta: vierailun onnistuminen kohdeorganisaatiossa parin kuukauden varoitusajalla on osoittautunut haastavaksi. N\u00e4ytt\u00e4isi my\u00f6s silt\u00e4, ett\u00e4 kaksi kohdeorganisaatiota riitt\u00e4\u00e4 ryhm\u00e4lle.<\/p>\n<p><em><strong>Mentorien kaikki osaaminen k\u00e4ytt\u00f6\u00f6n<\/strong><\/em><\/p>\n<p>Lukuisista kehitt\u00e4misehdotuksista p\u00e4\u00e4llimm\u00e4isin\u00e4 olivat mentorien nykyist\u00e4 monipuolisempi ja painopisteilt\u00e4\u00e4n tavoitteellisempi hy\u00f6dynt\u00e4minen luennoilla, johtamisharjoituksissa sek\u00e4 henkil\u00f6kohtaisessa ohjauksessa. My\u00f6s puolustushaarakohtainen mentorointi tuli esiin.<\/p>\n<p><em>\u201dKehitt\u00e4isin mentoritoiminnassa sen painottamista johtamissuoritukseen eli jotta mentorit pystyisiv\u00e4t antamaan hyv\u00e4\u00e4 ja konkreettista palautetta voisi olla p\u00e4iv\u00e4, jolloin he n\u00e4kev\u00e4t jonkin johtamissuorituksen.\u201d<\/em><\/p>\n<p><em>\u201dKehitt\u00e4misajatuksena mentoritoiminta voisi olla jaoteltuna puolustushaaroittain, sill\u00e4 johtamiskokemukset ovat erilaisia ja t\u00e4ten saataisiin kohdennetumpaa mentorointia. Toisaalta t\u00e4ll\u00f6in erilaisten kokemusten jakaminen k\u00e4rsisi.\u201d<\/em><\/p>\n<p><em>\u201dMentori toiminta sin\u00e4ll\u00e4\u00e4n on hyv\u00e4 lis\u00e4 johtamisopintoihin, eik\u00e4 mentoreissakaan vikaa ollut. Kuitenkin noin 60-vuotiaan ye-upseerin ja reilun parikymppisen kadetin maailmankuva ja el\u00e4m\u00e4n kokemus eroavat niin paljon, etten kokenut saavani heilt\u00e4 juuri mit\u00e4\u00e4n lis\u00e4\u00e4. Olisi ollut my\u00f6s hyv\u00e4 jos mentorit olisivat olleet l\u00e4sn\u00e4 johtamissuorituksissa, jolloin palautteesta saisi enemm\u00e4n irti.\u201d<\/em><\/p>\n<p>Mentorien ei toivottu esittelev\u00e4n johtamisen teorioita vaan keskittym\u00e4\u00e4n upseeriuden arjen voittoihin ja sudenkuoppiin.<\/p>\n<p><em>\u201dEnemm\u00e4n tapauskohtaisia, omia esimerkkej\u00e4 ty\u00f6el\u00e4m\u00e4st\u00e4. Avaisi enemm\u00e4n keltanokkien putkin\u00e4k\u00f6\u00e4, mit\u00e4 se ty\u00f6el\u00e4m\u00e4 todellisuudessa tulee olemaan.\u201d<\/em><\/p>\n<p>Johtaminen sodan ajan toimintaymp\u00e4rist\u00f6ss\u00e4 -opintojakson j\u00e4rjestelyt saivat vastaajat pohtimaan mentoritoiminnan nykyist\u00e4 parempaa suunnittelua. Joidenkin mentorien asenne sai my\u00f6s kielteist\u00e4 arviointia.<\/p>\n<p><em>\u201dMuuttaisin ryhm\u00e4ty\u00f6t\u00e4. En osaa sanoa mik\u00e4 olisi hyv\u00e4, mutta t\u00e4m\u00e4 vaikutti olevan liian haastava ja esittelytilaisuus oli &#8221;cringe\u00e4&#8221; katsottavaa, kun mentorit &#8221;servasivat&#8221; kadetteja luentosalin edess\u00e4. En olisi ainakaan itse nauttinut olla edess\u00e4 esiintym\u00e4ss\u00e4, eik\u00e4 olisi ainakaan kehitt\u00e4nyt esiintymisvarmuutta.<\/em><\/p>\n<p>Mentorien ja vastuuopettajan v\u00e4lisiss\u00e4 keskusteluissa tuli ilmi ongelmal\u00e4ht\u00f6isen oppimisen mahdollisuus.<\/p>\n<p><em>\u201dAvasin lopuksi keskustelun mentoritoiminnan kehitt\u00e4misest\u00e4 ja kerroin ajatuksesta, ett\u00e4 etenkin Y4F-opintojaksolla voisi opetukseen ottaa tapaustarkasteluja, eli osassa mentorikeskusteluja voisi k\u00e4sitell\u00e4 jotain tapausta (casea) opetetun (tai osin itseopiskellun) teorian pohjalta. L\u00e4hestyminen olisi ongelmal\u00e4ht\u00f6ist\u00e4 opetusta (problem based learning). T\u00e4m\u00e4 sai kannatusta ja otetaan opettajien toimesta jatkokehittelyyn.\u201d<\/em><\/p>\n<p>Oppijat eiv\u00e4t palautteissaan aina silitt\u00e4neet luotsejaan my\u00f6t\u00e4karvaan. Kritiikki oli kuitenkin rakentavaa, siit\u00e4 huokui yhteis\u00f6llisen oppimisen pyrkimys. Siksi lausahduksiin, ett\u00e4\u00a0<em>\u201dmentorointi on turhaa, teemap\u00e4iv\u00e4 ei antanut kovin paljon ev\u00e4it\u00e4, n\u00e4m\u00e4 voisivat hy\u00f6dytt\u00e4\u00e4 enemm\u00e4n maisteriopiskelijoita\u201d<\/em>\u00a0tai\u00a0<em>\u201d henkil\u00f6kohtaisesti en saanut kauheasti irti mentoroinnista\u201d, mahdollisuus mentorointiin on erinomainen ajatus, mutta sen m\u00e4\u00e4r\u00e4\u00e4 voisi hieman pudottaa alasp\u00e4in\u201d<\/em>\u00a0kannattaa pys\u00e4hty\u00e4.<\/p>\n<p>Monimuotoisen, kunkin mentorin erityisosaamisen ja painopisteajattelun ohella mentorivalinnoissa on my\u00f6s kannettava vastuunsa: jokainen oppija ansaitsee tasaveroisen hiljaisen tiedon saattajansa. Haitaksi ei liioin liene\u00a0<em>\u201doman mentorin kokemus paitsi puolustusvoimien, my\u00f6s siviiliyhteiskunnan johtamisymp\u00e4rist\u00f6ist\u00e4 \u00e4\u00e4rimm\u00e4isen arvokasta\u201d<\/em>\u00a0-palautteen hy\u00f6dynt\u00e4minen.<\/p>\n<p><em>Kirjoittaja,\u00a0<strong>KTT, majuri evp Pekka Kurvinen<\/strong>\u00a0ty\u00f6skentelee itsen\u00e4isen\u00e4 johdon konsulttina ja valmentajana sek\u00e4 tietokirjailijana.<\/em><br \/>\n<em>kurvisen.pekka(at)gmail.com, Twitter: (at)PKurvinen<\/em><\/p>\n<\/div><\/section><\/p><\/div><div  class='hr av-6zsyz-b471ba5482e75b0a604afa4166a853a5 hr-default  avia-builder-el-5  el_after_av_one_full  el_before_av_blog '><span class='hr-inner '><span class=\"hr-inner-style\"><\/span><\/span><\/div><\/p>\n<div  class='av-alb-blogposts template-blog  '  itemscope=\"itemscope\" itemtype=\"https:\/\/schema.org\/Blog\" ><article class=\"post-entry post-entry-type-standard post-entry-8921 post-loop-1 post-parity-odd bloglist-simple with-slider post-8921 post type-post status-publish format-standard has-post-thumbnail hentry category-artikkeli category-artikkeli-2026\"  itemscope=\"itemscope\" itemtype=\"https:\/\/schema.org\/BlogPosting\" ><div class=\"blog-meta\"><\/div><div class='entry-content-wrapper clearfix standard-content'><header class=\"entry-content-header\"><h2 class='post-title entry-title '  itemprop=\"headline\" ><a href=\"https:\/\/kylkirauta.fi\/index.php\/2026\/04\/20\/kaaderilaulajien-julkaisutoiminta\/\" rel=\"bookmark\" title=\"Permanent Link: Kaaderilaulajien julkaisutoiminta\">Kaaderilaulajien julkaisutoiminta<span class=\"post-format-icon minor-meta\"><\/span><\/a><\/h2><span class=\"post-meta-infos\"><time class=\"date-container minor-meta updated\"  itemprop=\"datePublished\" datetime=\"2026-04-20T15:45:24+03:00\" >20.4.2026<\/time><span class=\"text-sep\">\/<\/span><span class=\"blog-categories minor-meta\">in <a href=\"https:\/\/kylkirauta.fi\/index.php\/category\/artikkeli\/\" rel=\"tag\">Artikkeli<\/a>, <a href=\"https:\/\/kylkirauta.fi\/index.php\/category\/artikkeli-2026\/\" rel=\"tag\">Artikkeli 2026<\/a><\/span><span class=\"text-sep\">\/<\/span><span class=\"blog-author minor-meta\">by <span class=\"entry-author-link\"  itemprop=\"author\" ><span class=\"author\"><span class=\"fn\"><a href=\"https:\/\/kylkirauta.fi\/index.php\/author\/karisain\/\" title=\"Kirjoittanut: Kari Sainio\" rel=\"author\">Kari Sainio<\/a><\/span><\/span><\/span><\/span><div class=\"read-more-link\"><a href=\"https:\/\/kylkirauta.fi\/index.php\/2026\/04\/20\/kaaderilaulajien-julkaisutoiminta\/\" class=\"more-link\">Read more<span class=\"more-link-arrow\"><\/span><\/a><\/div><\/span><\/header><footer class=\"entry-footer\"><\/footer><div class='post_delimiter'><\/div><\/div><div class=\"post_author_timeline\"><\/div><span class='hidden'>\n\t\t\t\t<span class='av-structured-data'  itemprop=\"image\" itemscope=\"itemscope\" itemtype=\"https:\/\/schema.org\/ImageObject\" >\n\t\t\t\t\t\t<span itemprop='url'>https:\/\/kylkirauta.fi\/wp-content\/uploads\/2026\/04\/Artikkeli-4-2026-2.jpg<\/span>\n\t\t\t\t\t\t<span itemprop='height'>487<\/span>\n\t\t\t\t\t\t<span itemprop='width'>843<\/span>\n\t\t\t\t<\/span>\n\t\t\t\t<span class='av-structured-data'  itemprop=\"publisher\" itemtype=\"https:\/\/schema.org\/Organization\" itemscope=\"itemscope\" >\n\t\t\t\t\t\t<span itemprop='name'>Kari Sainio<\/span>\n\t\t\t\t\t\t<span itemprop='logo' itemscope itemtype='https:\/\/schema.org\/ImageObject'>\n\t\t\t\t\t\t\t<span itemprop='url'>https:\/\/kylkirauta.fi\/wp-content\/uploads\/2020\/02\/kkunta_weblogo-100x100-1.png<\/span>\n\t\t\t\t\t\t<\/span>\n\t\t\t\t<\/span><span class='av-structured-data'  itemprop=\"author\" itemscope=\"itemscope\" itemtype=\"https:\/\/schema.org\/Person\" ><span itemprop='name'>Kari Sainio<\/span><\/span><span class='av-structured-data'  itemprop=\"datePublished\" datetime=\"2026-04-20T15:45:24+03:00\" >2026-04-20 15:45:24<\/span><span class='av-structured-data'  itemprop=\"dateModified\" itemtype=\"https:\/\/schema.org\/dateModified\" >2026-04-20 15:45:24<\/span><span class='av-structured-data'  itemprop=\"mainEntityOfPage\" itemtype=\"https:\/\/schema.org\/mainEntityOfPage\" ><span itemprop='name'>Kaaderilaulajien julkaisutoiminta<\/span><\/span><\/span><\/article><article class=\"post-entry post-entry-type-standard post-entry-8884 post-loop-2 post-parity-even bloglist-simple with-slider post-8884 post type-post status-publish format-standard has-post-thumbnail hentry category-artikkeli category-artikkeli-2026\"  itemscope=\"itemscope\" itemtype=\"https:\/\/schema.org\/BlogPosting\" ><div class=\"blog-meta\"><\/div><div class='entry-content-wrapper clearfix standard-content'><header class=\"entry-content-header\"><h2 class='post-title entry-title '  itemprop=\"headline\" ><a href=\"https:\/\/kylkirauta.fi\/index.php\/2026\/03\/27\/kaaderilaulajien-ukraina-tukikonsertit\/\" rel=\"bookmark\" title=\"Permanent Link: Kaaderilaulajien Ukraina-tukikonsertit\">Kaaderilaulajien Ukraina-tukikonsertit<span class=\"post-format-icon minor-meta\"><\/span><\/a><\/h2><span class=\"post-meta-infos\"><time class=\"date-container minor-meta updated\"  itemprop=\"datePublished\" datetime=\"2026-03-27T12:30:38+02:00\" >27.3.2026<\/time><span class=\"text-sep\">\/<\/span><span class=\"blog-categories minor-meta\">in <a href=\"https:\/\/kylkirauta.fi\/index.php\/category\/artikkeli\/\" rel=\"tag\">Artikkeli<\/a>, <a href=\"https:\/\/kylkirauta.fi\/index.php\/category\/artikkeli-2026\/\" rel=\"tag\">Artikkeli 2026<\/a><\/span><span class=\"text-sep\">\/<\/span><span class=\"blog-author minor-meta\">by <span class=\"entry-author-link\"  itemprop=\"author\" ><span class=\"author\"><span class=\"fn\"><a href=\"https:\/\/kylkirauta.fi\/index.php\/author\/karisain\/\" title=\"Kirjoittanut: Kari Sainio\" rel=\"author\">Kari Sainio<\/a><\/span><\/span><\/span><\/span><div class=\"read-more-link\"><a href=\"https:\/\/kylkirauta.fi\/index.php\/2026\/03\/27\/kaaderilaulajien-ukraina-tukikonsertit\/\" class=\"more-link\">Read more<span class=\"more-link-arrow\"><\/span><\/a><\/div><\/span><\/header><footer class=\"entry-footer\"><\/footer><div class='post_delimiter'><\/div><\/div><div class=\"post_author_timeline\"><\/div><span class='hidden'>\n\t\t\t\t<span class='av-structured-data'  itemprop=\"image\" itemscope=\"itemscope\" itemtype=\"https:\/\/schema.org\/ImageObject\" >\n\t\t\t\t\t\t<span itemprop='url'>https:\/\/kylkirauta.fi\/wp-content\/uploads\/2026\/03\/3-2026-artikkeli.jpg<\/span>\n\t\t\t\t\t\t<span itemprop='height'>487<\/span>\n\t\t\t\t\t\t<span itemprop='width'>843<\/span>\n\t\t\t\t<\/span>\n\t\t\t\t<span class='av-structured-data'  itemprop=\"publisher\" itemtype=\"https:\/\/schema.org\/Organization\" itemscope=\"itemscope\" >\n\t\t\t\t\t\t<span itemprop='name'>Kari Sainio<\/span>\n\t\t\t\t\t\t<span itemprop='logo' itemscope itemtype='https:\/\/schema.org\/ImageObject'>\n\t\t\t\t\t\t\t<span itemprop='url'>https:\/\/kylkirauta.fi\/wp-content\/uploads\/2020\/02\/kkunta_weblogo-100x100-1.png<\/span>\n\t\t\t\t\t\t<\/span>\n\t\t\t\t<\/span><span class='av-structured-data'  itemprop=\"author\" itemscope=\"itemscope\" itemtype=\"https:\/\/schema.org\/Person\" ><span itemprop='name'>Kari Sainio<\/span><\/span><span class='av-structured-data'  itemprop=\"datePublished\" datetime=\"2026-03-27T12:30:38+02:00\" >2026-03-27 12:30:38<\/span><span class='av-structured-data'  itemprop=\"dateModified\" itemtype=\"https:\/\/schema.org\/dateModified\" >2026-03-27 12:30:38<\/span><span class='av-structured-data'  itemprop=\"mainEntityOfPage\" itemtype=\"https:\/\/schema.org\/mainEntityOfPage\" ><span itemprop='name'>Kaaderilaulajien Ukraina-tukikonsertit<\/span><\/span><\/span><\/article><article class=\"post-entry post-entry-type-standard post-entry-8786 post-loop-3 post-parity-odd post-entry-last bloglist-simple with-slider post-8786 post type-post status-publish format-standard has-post-thumbnail hentry category-artikkeli category-artikkeli-2026\"  itemscope=\"itemscope\" itemtype=\"https:\/\/schema.org\/BlogPosting\" ><div class=\"blog-meta\"><\/div><div class='entry-content-wrapper clearfix standard-content'><header class=\"entry-content-header\"><h2 class='post-title entry-title '  itemprop=\"headline\" ><a href=\"https:\/\/kylkirauta.fi\/index.php\/2026\/02\/23\/risto-sinkko-eu-kansalaisten-nakemyksia-turvallisuudesta-ja-puolustuksesta\/\" rel=\"bookmark\" title=\"Permanent Link: Risto Sinkko: EU-kansalaisten n\u00e4kemyksi\u00e4 turvallisuudesta ja puolustuksesta\">Risto Sinkko: EU-kansalaisten n\u00e4kemyksi\u00e4 turvallisuudesta ja puolustuksesta<span class=\"post-format-icon minor-meta\"><\/span><\/a><\/h2><span class=\"post-meta-infos\"><time class=\"date-container minor-meta updated\"  itemprop=\"datePublished\" datetime=\"2026-02-23T17:08:33+02:00\" >23.2.2026<\/time><span class=\"text-sep\">\/<\/span><span class=\"blog-categories minor-meta\">in <a href=\"https:\/\/kylkirauta.fi\/index.php\/category\/artikkeli\/\" rel=\"tag\">Artikkeli<\/a>, <a href=\"https:\/\/kylkirauta.fi\/index.php\/category\/artikkeli-2026\/\" rel=\"tag\">Artikkeli 2026<\/a><\/span><span class=\"text-sep\">\/<\/span><span class=\"blog-author minor-meta\">by <span class=\"entry-author-link\"  itemprop=\"author\" ><span class=\"author\"><span class=\"fn\"><a href=\"https:\/\/kylkirauta.fi\/index.php\/author\/karisain\/\" title=\"Kirjoittanut: Kari Sainio\" rel=\"author\">Kari Sainio<\/a><\/span><\/span><\/span><\/span><div class=\"read-more-link\"><a href=\"https:\/\/kylkirauta.fi\/index.php\/2026\/02\/23\/risto-sinkko-eu-kansalaisten-nakemyksia-turvallisuudesta-ja-puolustuksesta\/\" class=\"more-link\">Read more<span class=\"more-link-arrow\"><\/span><\/a><\/div><\/span><\/header><footer class=\"entry-footer\"><\/footer><div class='post_delimiter'><\/div><\/div><div class=\"post_author_timeline\"><\/div><span class='hidden'>\n\t\t\t\t<span class='av-structured-data'  itemprop=\"image\" itemscope=\"itemscope\" itemtype=\"https:\/\/schema.org\/ImageObject\" >\n\t\t\t\t\t\t<span itemprop='url'>https:\/\/kylkirauta.fi\/wp-content\/uploads\/2026\/02\/Artikkeli-MSC-artikkeli.jpg<\/span>\n\t\t\t\t\t\t<span itemprop='height'>487<\/span>\n\t\t\t\t\t\t<span itemprop='width'>843<\/span>\n\t\t\t\t<\/span>\n\t\t\t\t<span class='av-structured-data'  itemprop=\"publisher\" itemtype=\"https:\/\/schema.org\/Organization\" itemscope=\"itemscope\" >\n\t\t\t\t\t\t<span itemprop='name'>Kari Sainio<\/span>\n\t\t\t\t\t\t<span itemprop='logo' itemscope itemtype='https:\/\/schema.org\/ImageObject'>\n\t\t\t\t\t\t\t<span itemprop='url'>https:\/\/kylkirauta.fi\/wp-content\/uploads\/2020\/02\/kkunta_weblogo-100x100-1.png<\/span>\n\t\t\t\t\t\t<\/span>\n\t\t\t\t<\/span><span class='av-structured-data'  itemprop=\"author\" itemscope=\"itemscope\" itemtype=\"https:\/\/schema.org\/Person\" ><span itemprop='name'>Kari Sainio<\/span><\/span><span class='av-structured-data'  itemprop=\"datePublished\" datetime=\"2026-02-23T17:08:33+02:00\" >2026-02-23 17:08:33<\/span><span class='av-structured-data'  itemprop=\"dateModified\" itemtype=\"https:\/\/schema.org\/dateModified\" >2026-02-23 17:29:54<\/span><span class='av-structured-data'  itemprop=\"mainEntityOfPage\" itemtype=\"https:\/\/schema.org\/mainEntityOfPage\" ><span itemprop='name'>Risto Sinkko: EU-kansalaisten n\u00e4kemyksi\u00e4 turvallisuudesta ja puolustuksesta<\/span><\/span><\/span><\/article><div class='bloglist-simple'><nav class='pagination'><span class='pagination-meta'>Page 1 of 58<\/span><span class='current'>1<\/span><a href='https:\/\/kylkirauta.fi\/index.php\/wp-json\/wp\/v2\/posts\/711\/page\/2\/' class='inactive next_page' >2<\/a><a href='https:\/\/kylkirauta.fi\/index.php\/wp-json\/wp\/v2\/posts\/711\/page\/3\/' class='inactive' >3<\/a><a href='https:\/\/kylkirauta.fi\/index.php\/wp-json\/wp\/v2\/posts\/711\/page\/2\/'>&rsaquo;<\/a><a href='https:\/\/kylkirauta.fi\/index.php\/wp-json\/wp\/v2\/posts\/711\/page\/58\/'>&raquo;<\/a><\/nav>\n<\/div><\/div>\n","protected":false},"excerpt":{"rendered":"","protected":false},"author":3,"featured_media":0,"comment_status":"closed","ping_status":"closed","sticky":false,"template":"","format":"standard","meta":{"footnotes":""},"categories":[4,30],"tags":[],"class_list":["post-711","post","type-post","status-publish","format-standard","hentry","category-artikkeli","category-artikkeli-2019"],"yoast_head":"<!-- This site is optimized with the Yoast SEO plugin v27.4 - https:\/\/yoast.com\/product\/yoast-seo-wordpress\/ -->\n<title>Mentorin merkint\u00f6j\u00e4 19 - Mentorien painoarvo huikea - Kylkirauta<\/title>\n<meta name=\"robots\" content=\"index, follow, max-snippet:-1, max-image-preview:large, max-video-preview:-1\" \/>\n<link rel=\"canonical\" href=\"https:\/\/kylkirauta.fi\/index.php\/2019\/06\/12\/mentorin-merkintoja-19-mentorien-painoarvo-huikea\/\" \/>\n<meta property=\"og:locale\" content=\"fi_FI\" \/>\n<meta property=\"og:type\" content=\"article\" \/>\n<meta property=\"og:title\" content=\"Mentorin merkint\u00f6j\u00e4 19 - Mentorien painoarvo huikea - Kylkirauta\" \/>\n<meta property=\"og:url\" content=\"https:\/\/kylkirauta.fi\/index.php\/2019\/06\/12\/mentorin-merkintoja-19-mentorien-painoarvo-huikea\/\" \/>\n<meta property=\"og:site_name\" content=\"Kylkirauta\" \/>\n<meta property=\"article:published_time\" content=\"2019-06-12T17:58:00+00:00\" \/>\n<meta property=\"article:modified_time\" content=\"2020-01-26T10:34:18+00:00\" \/>\n<meta property=\"og:image\" content=\"https:\/\/kylkirauta.fi\/wp-content\/uploads\/2020\/01\/Kurvinen-Pekka.jpg\" \/>\n<meta name=\"author\" content=\"Kari Sainio\" \/>\n<meta name=\"twitter:card\" content=\"summary_large_image\" \/>\n<meta name=\"twitter:label1\" content=\"Kirjoittanut\" \/>\n\t<meta name=\"twitter:data1\" content=\"Kari Sainio\" \/>\n\t<meta name=\"twitter:label2\" content=\"Arvioitu lukuaika\" \/>\n\t<meta name=\"twitter:data2\" content=\"9 minuuttia\" \/>\n<script type=\"application\/ld+json\" class=\"yoast-schema-graph\">{\"@context\":\"https:\\\/\\\/schema.org\",\"@graph\":[{\"@type\":\"Article\",\"@id\":\"https:\\\/\\\/kylkirauta.fi\\\/index.php\\\/2019\\\/06\\\/12\\\/mentorin-merkintoja-19-mentorien-painoarvo-huikea\\\/#article\",\"isPartOf\":{\"@id\":\"https:\\\/\\\/kylkirauta.fi\\\/index.php\\\/2019\\\/06\\\/12\\\/mentorin-merkintoja-19-mentorien-painoarvo-huikea\\\/\"},\"author\":{\"name\":\"Kari Sainio\",\"@id\":\"https:\\\/\\\/kylkirauta.fi\\\/#\\\/schema\\\/person\\\/714ab39a349c656b20d60a239be1d6f6\"},\"headline\":\"Mentorin merkint\u00f6j\u00e4 19 &#8211; Mentorien painoarvo huikea\",\"datePublished\":\"2019-06-12T17:58:00+00:00\",\"dateModified\":\"2020-01-26T10:34:18+00:00\",\"mainEntityOfPage\":{\"@id\":\"https:\\\/\\\/kylkirauta.fi\\\/index.php\\\/2019\\\/06\\\/12\\\/mentorin-merkintoja-19-mentorien-painoarvo-huikea\\\/\"},\"wordCount\":1749,\"image\":{\"@id\":\"https:\\\/\\\/kylkirauta.fi\\\/index.php\\\/2019\\\/06\\\/12\\\/mentorin-merkintoja-19-mentorien-painoarvo-huikea\\\/#primaryimage\"},\"thumbnailUrl\":\"https:\\\/\\\/kylkirauta.fi\\\/wp-content\\\/uploads\\\/2020\\\/01\\\/Kurvinen-Pekka.jpg\",\"articleSection\":[\"Artikkeli\",\"Artikkeli 2019\"],\"inLanguage\":\"fi\"},{\"@type\":\"WebPage\",\"@id\":\"https:\\\/\\\/kylkirauta.fi\\\/index.php\\\/2019\\\/06\\\/12\\\/mentorin-merkintoja-19-mentorien-painoarvo-huikea\\\/\",\"url\":\"https:\\\/\\\/kylkirauta.fi\\\/index.php\\\/2019\\\/06\\\/12\\\/mentorin-merkintoja-19-mentorien-painoarvo-huikea\\\/\",\"name\":\"Mentorin merkint\u00f6j\u00e4 19 - Mentorien painoarvo huikea - Kylkirauta\",\"isPartOf\":{\"@id\":\"https:\\\/\\\/kylkirauta.fi\\\/#website\"},\"primaryImageOfPage\":{\"@id\":\"https:\\\/\\\/kylkirauta.fi\\\/index.php\\\/2019\\\/06\\\/12\\\/mentorin-merkintoja-19-mentorien-painoarvo-huikea\\\/#primaryimage\"},\"image\":{\"@id\":\"https:\\\/\\\/kylkirauta.fi\\\/index.php\\\/2019\\\/06\\\/12\\\/mentorin-merkintoja-19-mentorien-painoarvo-huikea\\\/#primaryimage\"},\"thumbnailUrl\":\"https:\\\/\\\/kylkirauta.fi\\\/wp-content\\\/uploads\\\/2020\\\/01\\\/Kurvinen-Pekka.jpg\",\"datePublished\":\"2019-06-12T17:58:00+00:00\",\"dateModified\":\"2020-01-26T10:34:18+00:00\",\"author\":{\"@id\":\"https:\\\/\\\/kylkirauta.fi\\\/#\\\/schema\\\/person\\\/714ab39a349c656b20d60a239be1d6f6\"},\"breadcrumb\":{\"@id\":\"https:\\\/\\\/kylkirauta.fi\\\/index.php\\\/2019\\\/06\\\/12\\\/mentorin-merkintoja-19-mentorien-painoarvo-huikea\\\/#breadcrumb\"},\"inLanguage\":\"fi\",\"potentialAction\":[{\"@type\":\"ReadAction\",\"target\":[\"https:\\\/\\\/kylkirauta.fi\\\/index.php\\\/2019\\\/06\\\/12\\\/mentorin-merkintoja-19-mentorien-painoarvo-huikea\\\/\"]}]},{\"@type\":\"ImageObject\",\"inLanguage\":\"fi\",\"@id\":\"https:\\\/\\\/kylkirauta.fi\\\/index.php\\\/2019\\\/06\\\/12\\\/mentorin-merkintoja-19-mentorien-painoarvo-huikea\\\/#primaryimage\",\"url\":\"https:\\\/\\\/kylkirauta.fi\\\/wp-content\\\/uploads\\\/2020\\\/01\\\/Kurvinen-Pekka.jpg\",\"contentUrl\":\"https:\\\/\\\/kylkirauta.fi\\\/wp-content\\\/uploads\\\/2020\\\/01\\\/Kurvinen-Pekka.jpg\",\"width\":410,\"height\":580,\"caption\":\"Pekka Kurvinen\"},{\"@type\":\"BreadcrumbList\",\"@id\":\"https:\\\/\\\/kylkirauta.fi\\\/index.php\\\/2019\\\/06\\\/12\\\/mentorin-merkintoja-19-mentorien-painoarvo-huikea\\\/#breadcrumb\",\"itemListElement\":[{\"@type\":\"ListItem\",\"position\":1,\"name\":\"Home\",\"item\":\"https:\\\/\\\/kylkirauta.fi\\\/index.php\\\/home\\\/\"},{\"@type\":\"ListItem\",\"position\":2,\"name\":\"Mentorin merkint\u00f6j\u00e4 19 &#8211; Mentorien painoarvo huikea\"}]},{\"@type\":\"WebSite\",\"@id\":\"https:\\\/\\\/kylkirauta.fi\\\/#website\",\"url\":\"https:\\\/\\\/kylkirauta.fi\\\/\",\"name\":\"Kylkirauta\",\"description\":\"Kadettiupseerit yhteiskunnan palveluksessa\",\"potentialAction\":[{\"@type\":\"SearchAction\",\"target\":{\"@type\":\"EntryPoint\",\"urlTemplate\":\"https:\\\/\\\/kylkirauta.fi\\\/?s={search_term_string}\"},\"query-input\":{\"@type\":\"PropertyValueSpecification\",\"valueRequired\":true,\"valueName\":\"search_term_string\"}}],\"inLanguage\":\"fi\"},{\"@type\":\"Person\",\"@id\":\"https:\\\/\\\/kylkirauta.fi\\\/#\\\/schema\\\/person\\\/714ab39a349c656b20d60a239be1d6f6\",\"name\":\"Kari Sainio\",\"sameAs\":[\"http:\\\/\\\/www.kylkirauta.fi\"],\"url\":\"https:\\\/\\\/kylkirauta.fi\\\/index.php\\\/author\\\/karisain\\\/\"}]}<\/script>\n<!-- \/ Yoast SEO plugin. -->","yoast_head_json":{"title":"Mentorin merkint\u00f6j\u00e4 19 - Mentorien painoarvo huikea - Kylkirauta","robots":{"index":"index","follow":"follow","max-snippet":"max-snippet:-1","max-image-preview":"max-image-preview:large","max-video-preview":"max-video-preview:-1"},"canonical":"https:\/\/kylkirauta.fi\/index.php\/2019\/06\/12\/mentorin-merkintoja-19-mentorien-painoarvo-huikea\/","og_locale":"fi_FI","og_type":"article","og_title":"Mentorin merkint\u00f6j\u00e4 19 - Mentorien painoarvo huikea - Kylkirauta","og_url":"https:\/\/kylkirauta.fi\/index.php\/2019\/06\/12\/mentorin-merkintoja-19-mentorien-painoarvo-huikea\/","og_site_name":"Kylkirauta","article_published_time":"2019-06-12T17:58:00+00:00","article_modified_time":"2020-01-26T10:34:18+00:00","og_image":[{"url":"https:\/\/kylkirauta.fi\/wp-content\/uploads\/2020\/01\/Kurvinen-Pekka.jpg","type":"","width":"","height":""}],"author":"Kari Sainio","twitter_card":"summary_large_image","twitter_misc":{"Kirjoittanut":"Kari Sainio","Arvioitu lukuaika":"9 minuuttia"},"schema":{"@context":"https:\/\/schema.org","@graph":[{"@type":"Article","@id":"https:\/\/kylkirauta.fi\/index.php\/2019\/06\/12\/mentorin-merkintoja-19-mentorien-painoarvo-huikea\/#article","isPartOf":{"@id":"https:\/\/kylkirauta.fi\/index.php\/2019\/06\/12\/mentorin-merkintoja-19-mentorien-painoarvo-huikea\/"},"author":{"name":"Kari Sainio","@id":"https:\/\/kylkirauta.fi\/#\/schema\/person\/714ab39a349c656b20d60a239be1d6f6"},"headline":"Mentorin merkint\u00f6j\u00e4 19 &#8211; Mentorien painoarvo huikea","datePublished":"2019-06-12T17:58:00+00:00","dateModified":"2020-01-26T10:34:18+00:00","mainEntityOfPage":{"@id":"https:\/\/kylkirauta.fi\/index.php\/2019\/06\/12\/mentorin-merkintoja-19-mentorien-painoarvo-huikea\/"},"wordCount":1749,"image":{"@id":"https:\/\/kylkirauta.fi\/index.php\/2019\/06\/12\/mentorin-merkintoja-19-mentorien-painoarvo-huikea\/#primaryimage"},"thumbnailUrl":"https:\/\/kylkirauta.fi\/wp-content\/uploads\/2020\/01\/Kurvinen-Pekka.jpg","articleSection":["Artikkeli","Artikkeli 2019"],"inLanguage":"fi"},{"@type":"WebPage","@id":"https:\/\/kylkirauta.fi\/index.php\/2019\/06\/12\/mentorin-merkintoja-19-mentorien-painoarvo-huikea\/","url":"https:\/\/kylkirauta.fi\/index.php\/2019\/06\/12\/mentorin-merkintoja-19-mentorien-painoarvo-huikea\/","name":"Mentorin merkint\u00f6j\u00e4 19 - Mentorien painoarvo huikea - Kylkirauta","isPartOf":{"@id":"https:\/\/kylkirauta.fi\/#website"},"primaryImageOfPage":{"@id":"https:\/\/kylkirauta.fi\/index.php\/2019\/06\/12\/mentorin-merkintoja-19-mentorien-painoarvo-huikea\/#primaryimage"},"image":{"@id":"https:\/\/kylkirauta.fi\/index.php\/2019\/06\/12\/mentorin-merkintoja-19-mentorien-painoarvo-huikea\/#primaryimage"},"thumbnailUrl":"https:\/\/kylkirauta.fi\/wp-content\/uploads\/2020\/01\/Kurvinen-Pekka.jpg","datePublished":"2019-06-12T17:58:00+00:00","dateModified":"2020-01-26T10:34:18+00:00","author":{"@id":"https:\/\/kylkirauta.fi\/#\/schema\/person\/714ab39a349c656b20d60a239be1d6f6"},"breadcrumb":{"@id":"https:\/\/kylkirauta.fi\/index.php\/2019\/06\/12\/mentorin-merkintoja-19-mentorien-painoarvo-huikea\/#breadcrumb"},"inLanguage":"fi","potentialAction":[{"@type":"ReadAction","target":["https:\/\/kylkirauta.fi\/index.php\/2019\/06\/12\/mentorin-merkintoja-19-mentorien-painoarvo-huikea\/"]}]},{"@type":"ImageObject","inLanguage":"fi","@id":"https:\/\/kylkirauta.fi\/index.php\/2019\/06\/12\/mentorin-merkintoja-19-mentorien-painoarvo-huikea\/#primaryimage","url":"https:\/\/kylkirauta.fi\/wp-content\/uploads\/2020\/01\/Kurvinen-Pekka.jpg","contentUrl":"https:\/\/kylkirauta.fi\/wp-content\/uploads\/2020\/01\/Kurvinen-Pekka.jpg","width":410,"height":580,"caption":"Pekka Kurvinen"},{"@type":"BreadcrumbList","@id":"https:\/\/kylkirauta.fi\/index.php\/2019\/06\/12\/mentorin-merkintoja-19-mentorien-painoarvo-huikea\/#breadcrumb","itemListElement":[{"@type":"ListItem","position":1,"name":"Home","item":"https:\/\/kylkirauta.fi\/index.php\/home\/"},{"@type":"ListItem","position":2,"name":"Mentorin merkint\u00f6j\u00e4 19 &#8211; Mentorien painoarvo huikea"}]},{"@type":"WebSite","@id":"https:\/\/kylkirauta.fi\/#website","url":"https:\/\/kylkirauta.fi\/","name":"Kylkirauta","description":"Kadettiupseerit yhteiskunnan palveluksessa","potentialAction":[{"@type":"SearchAction","target":{"@type":"EntryPoint","urlTemplate":"https:\/\/kylkirauta.fi\/?s={search_term_string}"},"query-input":{"@type":"PropertyValueSpecification","valueRequired":true,"valueName":"search_term_string"}}],"inLanguage":"fi"},{"@type":"Person","@id":"https:\/\/kylkirauta.fi\/#\/schema\/person\/714ab39a349c656b20d60a239be1d6f6","name":"Kari Sainio","sameAs":["http:\/\/www.kylkirauta.fi"],"url":"https:\/\/kylkirauta.fi\/index.php\/author\/karisain\/"}]}},"_links":{"self":[{"href":"https:\/\/kylkirauta.fi\/index.php\/wp-json\/wp\/v2\/posts\/711","targetHints":{"allow":["GET"]}}],"collection":[{"href":"https:\/\/kylkirauta.fi\/index.php\/wp-json\/wp\/v2\/posts"}],"about":[{"href":"https:\/\/kylkirauta.fi\/index.php\/wp-json\/wp\/v2\/types\/post"}],"author":[{"embeddable":true,"href":"https:\/\/kylkirauta.fi\/index.php\/wp-json\/wp\/v2\/users\/3"}],"replies":[{"embeddable":true,"href":"https:\/\/kylkirauta.fi\/index.php\/wp-json\/wp\/v2\/comments?post=711"}],"version-history":[{"count":6,"href":"https:\/\/kylkirauta.fi\/index.php\/wp-json\/wp\/v2\/posts\/711\/revisions"}],"predecessor-version":[{"id":2779,"href":"https:\/\/kylkirauta.fi\/index.php\/wp-json\/wp\/v2\/posts\/711\/revisions\/2779"}],"wp:attachment":[{"href":"https:\/\/kylkirauta.fi\/index.php\/wp-json\/wp\/v2\/media?parent=711"}],"wp:term":[{"taxonomy":"category","embeddable":true,"href":"https:\/\/kylkirauta.fi\/index.php\/wp-json\/wp\/v2\/categories?post=711"},{"taxonomy":"post_tag","embeddable":true,"href":"https:\/\/kylkirauta.fi\/index.php\/wp-json\/wp\/v2\/tags?post=711"}],"curies":[{"name":"wp","href":"https:\/\/api.w.org\/{rel}","templated":true}]}}