{"id":7053,"date":"2024-03-01T10:50:58","date_gmt":"2024-03-01T08:50:58","guid":{"rendered":"https:\/\/kylkirauta.fi\/?p=7053"},"modified":"2024-03-01T10:57:47","modified_gmt":"2024-03-01T08:57:47","slug":"kadetin-ajatuksia-9-vastuun-ottaminen-kannattaa","status":"publish","type":"post","link":"https:\/\/kylkirauta.fi\/index.php\/2024\/03\/01\/kadetin-ajatuksia-9-vastuun-ottaminen-kannattaa\/","title":{"rendered":"Kadetin ajatuksia 9 \u2013 Vastuun ottaminen kannattaa"},"content":{"rendered":"<div id='full_slider_1'  class='avia-fullwidth-slider main_color avia-shadow   avia-builder-el-0  el_before_av_one_full  avia-builder-el-first   container_wrap sidebar_right'  ><div  class='avia-slideshow av-l9olo-eba87a12f940917775723c57f530a7d6 avia-slideshow-no scaling av_slideshow_full avia-slide-slider av-slideshow-ui av-control-default av-slideshow-manual av-loop-once av-loop-manual-endless av-default-height-applied   avia-slideshow-1' data-slideshow-options=\"{&quot;animation&quot;:&quot;slide&quot;,&quot;autoplay&quot;:false,&quot;loop_autoplay&quot;:&quot;once&quot;,&quot;interval&quot;:5,&quot;loop_manual&quot;:&quot;manual-endless&quot;,&quot;autoplay_stopper&quot;:false,&quot;noNavigation&quot;:false,&quot;bg_slider&quot;:false,&quot;keep_padding&quot;:false,&quot;hoverpause&quot;:false,&quot;show_slide_delay&quot;:0}\"  itemprop=\"image\" itemscope=\"itemscope\" itemtype=\"https:\/\/schema.org\/ImageObject\" ><ul class='avia-slideshow-inner ' style='padding-bottom: 15.283203125%;'><li  class='avia-slideshow-slide av-l9olo-eba87a12f940917775723c57f530a7d6__0  av-single-slide slide-1 slide-odd'><div data-rel='slideshow-1' class='avia-slide-wrap '   ><img decoding=\"async\" fetchpriority=\"high\" class=\"wp-image-3149 avia-img-lazy-loading-not-3149\"  src=\"https:\/\/kylkirauta.fi\/wp-content\/uploads\/2020\/02\/miekka_logo_v2.png\" width=\"2048\" height=\"313\" title='miekka_logo_v2' alt=''  itemprop=\"thumbnailUrl\" srcset=\"https:\/\/kylkirauta.fi\/wp-content\/uploads\/2020\/02\/miekka_logo_v2.png 2048w, https:\/\/kylkirauta.fi\/wp-content\/uploads\/2020\/02\/miekka_logo_v2-300x46.png 300w, https:\/\/kylkirauta.fi\/wp-content\/uploads\/2020\/02\/miekka_logo_v2-1030x157.png 1030w, https:\/\/kylkirauta.fi\/wp-content\/uploads\/2020\/02\/miekka_logo_v2-768x117.png 768w, https:\/\/kylkirauta.fi\/wp-content\/uploads\/2020\/02\/miekka_logo_v2-1536x235.png 1536w, https:\/\/kylkirauta.fi\/wp-content\/uploads\/2020\/02\/miekka_logo_v2-1500x229.png 1500w, https:\/\/kylkirauta.fi\/wp-content\/uploads\/2020\/02\/miekka_logo_v2-705x108.png 705w\" sizes=\"(max-width: 2048px) 100vw, 2048px\" \/><\/div><\/li><\/ul><\/div><\/div><div id='after_full_slider_1'  class='main_color av_default_container_wrap container_wrap sidebar_right'  ><div class='container av-section-cont-open' ><div class='template-page content  av-content-small alpha units'><div class='post-entry post-entry-type-page post-entry-7053'><div class='entry-content-wrapper clearfix'>\n\n<style type=\"text\/css\" data-created_by=\"avia_inline_auto\" id=\"style-css-av-km4zs-0614ada41eb3461e6efbb361dfbae970\">\n.flex_column.av-km4zs-0614ada41eb3461e6efbb361dfbae970{\nborder-radius:0px 0px 0px 0px;\npadding:0px 0px 0px 0px;\n}\n<\/style>\n<div  class='flex_column av-km4zs-0614ada41eb3461e6efbb361dfbae970 av_one_full  avia-builder-el-1  el_after_av_slideshow_full  el_before_av_hr  avia-builder-el-first  first flex_column_div av-zero-column-padding  '     ><p>\n<style type=\"text\/css\" data-created_by=\"avia_inline_auto\" id=\"style-css-av-2q1d15-fd9585ae3cd5a167b8e12ae24981bcc1\">\n#top .av-special-heading.av-2q1d15-fd9585ae3cd5a167b8e12ae24981bcc1{\npadding-bottom:10px;\n}\nbody .av-special-heading.av-2q1d15-fd9585ae3cd5a167b8e12ae24981bcc1 .av-special-heading-tag .heading-char{\nfont-size:25px;\n}\n.av-special-heading.av-2q1d15-fd9585ae3cd5a167b8e12ae24981bcc1 .av-subheading{\nfont-size:15px;\n}\n<\/style>\n<div  class='av-special-heading av-2q1d15-fd9585ae3cd5a167b8e12ae24981bcc1 av-special-heading-h3  avia-builder-el-2  el_before_av_hr  avia-builder-el-first  av-linked-heading'><h3 class='av-special-heading-tag'  itemprop=\"headline\"  >Kadetin ajatuksia 9 \u2013 Vastuun ottaminen kannattaa<\/h3><div class=\"special-heading-border\"><div class=\"special-heading-inner-border\"><\/div><\/div><\/div><br \/>\n\n<style type=\"text\/css\" data-created_by=\"avia_inline_auto\" id=\"style-css-av-k1to1iy9-0b4b8d7a542aef095c0d71f3b4e8b649\">\n#top .hr.hr-invisible.av-k1to1iy9-0b4b8d7a542aef095c0d71f3b4e8b649{\nheight:20px;\n}\n<\/style>\n<div  class='hr av-k1to1iy9-0b4b8d7a542aef095c0d71f3b4e8b649 hr-invisible  avia-builder-el-3  el_after_av_heading  el_before_av_textblock '><span class='hr-inner '><span class=\"hr-inner-style\"><\/span><\/span><\/div><br \/>\n<section  class='av_textblock_section av-k8d08-b6982eb89db820e3f2ea785bf1b317fd '   itemscope=\"itemscope\" itemtype=\"https:\/\/schema.org\/BlogPosting\" itemprop=\"blogPost\" ><div class='avia_textblock'  itemprop=\"text\" ><div id=\"attachment_7055\" style=\"width: 160px\" class=\"wp-caption alignright\"><img loading=\"lazy\" decoding=\"async\" aria-describedby=\"caption-attachment-7055\" class=\"wp-image-7055\" src=\"https:\/\/kylkirauta.fi\/wp-content\/uploads\/2024\/03\/Sippola-3-210x300.jpg\" alt=\"\" width=\"150\" height=\"215\" srcset=\"https:\/\/kylkirauta.fi\/wp-content\/uploads\/2024\/03\/Sippola-3-210x300.jpg 210w, https:\/\/kylkirauta.fi\/wp-content\/uploads\/2024\/03\/Sippola-3.jpg 452w\" sizes=\"auto, (max-width: 150px) 100vw, 150px\" \/><p id=\"caption-attachment-7055\" class=\"wp-caption-text\">Kadetti Kuisma Sippola<\/p><\/div>\n<p><strong><em>Mit\u00e4 jokainen meist\u00e4 kaipaa? Tunnetta merkityksellisyydest\u00e4. Minulle se rakentuu mielekk\u00e4\u00e4n tekemisen lis\u00e4ksi siit\u00e4, ett\u00e4 p\u00e4\u00e4sen luomaan ymp\u00e4r\u00f6iville ihmisille hyv\u00e4n el\u00e4m\u00e4n puitteet.<\/em><\/strong><\/p>\n<p>Tulevana upseerina asetun osaksi Suomen sotilaallista pid\u00e4kett\u00e4, jotta yhteiskunta ja sen j\u00e4senet saavat mahdollisuuden kukoistaa. Yksil\u00f6n\u00e4 haluan omalla toiminnallani edist\u00e4\u00e4 l\u00e4heisteni menestyst\u00e4 kaikin keinoin.<\/p>\n<p>Vertaisjohtaminen on keskeinen osa kadetin arkea. Vertaisjohtajat fasilitoivat kadetin arkea koordinoimalla, viestim\u00e4ll\u00e4 sek\u00e4 olemalla vastuussa yhteisist\u00e4 asioista.<\/p>\n<p>Olen viime viikot toiminut kurssin vanhimman sek\u00e4 tanssikadetin vastuuteht\u00e4viss\u00e4. Kurssin vanhimpana olen vastuussa koko kadettikurssistani, tanssikadettina kadettien tanssiharjoituksista tulevaa sarkajuhlaa varten.<\/p>\n<p>Pestini osuvat murroskohtaan, jossa vanhemman vuosikurssin muutto pois Santahaminasta asettaa lis\u00e4\u00e4 vastuuta edustamalleni ensimm\u00e4iselle vuosikurssille sen arjen tekemisiss\u00e4. Selkeimmin t\u00e4m\u00e4 n\u00e4kyy kurssin vanhimman vastuun kasvamisena.<\/p>\n<p>Kaikki ei aina ole ollut helppoa tai yksinkertaista, kun johdettavana on n\u00e4in laaja ja moninainen vertaisjoukko. Vertaisjohtajat ovat samalla vertaisia, esimiehi\u00e4 ja alaisia. Onnistuminen vaatii hienovaraista tasapainottelua n\u00e4iden eri roolien v\u00e4lill\u00e4. Vastuuteht\u00e4v\u00e4ni ovat kuitenkin tarjonneet arvokasta ja antoisaa oppia johtamisen k\u00e4yt\u00e4nn\u00f6st\u00e4. Ja mik\u00e4 t\u00e4rkeint\u00e4, teht\u00e4v\u00e4t ovat olleet merkityksellisi\u00e4 p\u00e4\u00e4stess\u00e4ni luomaan puitteita kadettien hyv\u00e4lle ja sulavalle arjelle.<\/p>\n<p>Kannustan kaikkia tarttumaan rohkeasti omassa el\u00e4m\u00e4ss\u00e4\u00e4n mahdollisuuksiin ottaa vastuuta! Vastuu kasvattaa ja tarjoaa tunnetta merkityksellisyydest\u00e4.<\/p>\n<p style=\"text-align: center;\">***<\/p>\n<p style=\"text-align: left;\"><em>Kirjoittaja opiskelee 110. kadettikurssilla.<br \/>\nKuvat kirjoittajan.<\/em><\/p>\n<\/div><\/section><\/p><\/div><div  class='hr av-24tmga-ca34d41ef5ec5fc4314b98a56dee3817 hr-default  avia-builder-el-5  el_after_av_one_full  avia-builder-el-last '><span class='hr-inner '><span class=\"hr-inner-style\"><\/span><\/span><\/div><\/p>\n","protected":false},"excerpt":{"rendered":"","protected":false},"author":3,"featured_media":7056,"comment_status":"closed","ping_status":"closed","sticky":false,"template":"","format":"standard","meta":{"footnotes":""},"categories":[107,3,111],"tags":[],"class_list":["post-7053","post","type-post","status-publish","format-standard","has-post-thumbnail","hentry","category-107","category-blogi","category-blogi-2024"],"yoast_head":"<!-- This site is optimized with the Yoast SEO plugin v27.5 - https:\/\/yoast.com\/product\/yoast-seo-wordpress\/ -->\n<title>Kadetin ajatuksia 9 \u2013 Vastuun ottaminen kannattaa - Kylkirauta<\/title>\n<meta name=\"robots\" content=\"index, follow, max-snippet:-1, max-image-preview:large, max-video-preview:-1\" \/>\n<link rel=\"canonical\" href=\"https:\/\/kylkirauta.fi\/index.php\/2024\/03\/01\/kadetin-ajatuksia-9-vastuun-ottaminen-kannattaa\/\" \/>\n<meta property=\"og:locale\" content=\"fi_FI\" \/>\n<meta property=\"og:type\" content=\"article\" \/>\n<meta property=\"og:title\" content=\"Kadetin ajatuksia 9 \u2013 Vastuun ottaminen kannattaa - Kylkirauta\" \/>\n<meta property=\"og:url\" content=\"https:\/\/kylkirauta.fi\/index.php\/2024\/03\/01\/kadetin-ajatuksia-9-vastuun-ottaminen-kannattaa\/\" \/>\n<meta property=\"og:site_name\" content=\"Kylkirauta\" \/>\n<meta property=\"article:published_time\" content=\"2024-03-01T08:50:58+00:00\" \/>\n<meta property=\"article:modified_time\" content=\"2024-03-01T08:57:47+00:00\" \/>\n<meta property=\"og:image\" content=\"https:\/\/kylkirauta.fi\/wp-content\/uploads\/2024\/03\/Sippola-artikkeli.png\" \/>\n\t<meta property=\"og:image:width\" content=\"843\" \/>\n\t<meta property=\"og:image:height\" content=\"487\" \/>\n\t<meta property=\"og:image:type\" content=\"image\/png\" \/>\n<meta name=\"author\" content=\"Kari Sainio\" \/>\n<meta name=\"twitter:card\" content=\"summary_large_image\" \/>\n<meta name=\"twitter:label1\" content=\"Kirjoittanut\" \/>\n\t<meta name=\"twitter:data1\" content=\"Kari Sainio\" \/>\n\t<meta name=\"twitter:label2\" content=\"Arvioitu lukuaika\" \/>\n\t<meta name=\"twitter:data2\" content=\"2 minuuttia\" \/>\n<script type=\"application\/ld+json\" class=\"yoast-schema-graph\">{\"@context\":\"https:\\\/\\\/schema.org\",\"@graph\":[{\"@type\":\"Article\",\"@id\":\"https:\\\/\\\/kylkirauta.fi\\\/index.php\\\/2024\\\/03\\\/01\\\/kadetin-ajatuksia-9-vastuun-ottaminen-kannattaa\\\/#article\",\"isPartOf\":{\"@id\":\"https:\\\/\\\/kylkirauta.fi\\\/index.php\\\/2024\\\/03\\\/01\\\/kadetin-ajatuksia-9-vastuun-ottaminen-kannattaa\\\/\"},\"author\":{\"name\":\"Kari Sainio\",\"@id\":\"https:\\\/\\\/kylkirauta.fi\\\/#\\\/schema\\\/person\\\/714ab39a349c656b20d60a239be1d6f6\"},\"headline\":\"Kadetin ajatuksia 9 \u2013 Vastuun ottaminen kannattaa\",\"datePublished\":\"2024-03-01T08:50:58+00:00\",\"dateModified\":\"2024-03-01T08:57:47+00:00\",\"mainEntityOfPage\":{\"@id\":\"https:\\\/\\\/kylkirauta.fi\\\/index.php\\\/2024\\\/03\\\/01\\\/kadetin-ajatuksia-9-vastuun-ottaminen-kannattaa\\\/\"},\"wordCount\":763,\"image\":{\"@id\":\"https:\\\/\\\/kylkirauta.fi\\\/index.php\\\/2024\\\/03\\\/01\\\/kadetin-ajatuksia-9-vastuun-ottaminen-kannattaa\\\/#primaryimage\"},\"thumbnailUrl\":\"https:\\\/\\\/kylkirauta.fi\\\/wp-content\\\/uploads\\\/2024\\\/03\\\/Sippola-artikkeli.png\",\"articleSection\":[\"2024\",\"Blogi\",\"Blogi 2024\"],\"inLanguage\":\"fi\"},{\"@type\":\"WebPage\",\"@id\":\"https:\\\/\\\/kylkirauta.fi\\\/index.php\\\/2024\\\/03\\\/01\\\/kadetin-ajatuksia-9-vastuun-ottaminen-kannattaa\\\/\",\"url\":\"https:\\\/\\\/kylkirauta.fi\\\/index.php\\\/2024\\\/03\\\/01\\\/kadetin-ajatuksia-9-vastuun-ottaminen-kannattaa\\\/\",\"name\":\"Kadetin ajatuksia 9 \u2013 Vastuun ottaminen kannattaa - Kylkirauta\",\"isPartOf\":{\"@id\":\"https:\\\/\\\/kylkirauta.fi\\\/#website\"},\"primaryImageOfPage\":{\"@id\":\"https:\\\/\\\/kylkirauta.fi\\\/index.php\\\/2024\\\/03\\\/01\\\/kadetin-ajatuksia-9-vastuun-ottaminen-kannattaa\\\/#primaryimage\"},\"image\":{\"@id\":\"https:\\\/\\\/kylkirauta.fi\\\/index.php\\\/2024\\\/03\\\/01\\\/kadetin-ajatuksia-9-vastuun-ottaminen-kannattaa\\\/#primaryimage\"},\"thumbnailUrl\":\"https:\\\/\\\/kylkirauta.fi\\\/wp-content\\\/uploads\\\/2024\\\/03\\\/Sippola-artikkeli.png\",\"datePublished\":\"2024-03-01T08:50:58+00:00\",\"dateModified\":\"2024-03-01T08:57:47+00:00\",\"author\":{\"@id\":\"https:\\\/\\\/kylkirauta.fi\\\/#\\\/schema\\\/person\\\/714ab39a349c656b20d60a239be1d6f6\"},\"breadcrumb\":{\"@id\":\"https:\\\/\\\/kylkirauta.fi\\\/index.php\\\/2024\\\/03\\\/01\\\/kadetin-ajatuksia-9-vastuun-ottaminen-kannattaa\\\/#breadcrumb\"},\"inLanguage\":\"fi\",\"potentialAction\":[{\"@type\":\"ReadAction\",\"target\":[\"https:\\\/\\\/kylkirauta.fi\\\/index.php\\\/2024\\\/03\\\/01\\\/kadetin-ajatuksia-9-vastuun-ottaminen-kannattaa\\\/\"]}]},{\"@type\":\"ImageObject\",\"inLanguage\":\"fi\",\"@id\":\"https:\\\/\\\/kylkirauta.fi\\\/index.php\\\/2024\\\/03\\\/01\\\/kadetin-ajatuksia-9-vastuun-ottaminen-kannattaa\\\/#primaryimage\",\"url\":\"https:\\\/\\\/kylkirauta.fi\\\/wp-content\\\/uploads\\\/2024\\\/03\\\/Sippola-artikkeli.png\",\"contentUrl\":\"https:\\\/\\\/kylkirauta.fi\\\/wp-content\\\/uploads\\\/2024\\\/03\\\/Sippola-artikkeli.png\",\"width\":843,\"height\":487},{\"@type\":\"BreadcrumbList\",\"@id\":\"https:\\\/\\\/kylkirauta.fi\\\/index.php\\\/2024\\\/03\\\/01\\\/kadetin-ajatuksia-9-vastuun-ottaminen-kannattaa\\\/#breadcrumb\",\"itemListElement\":[{\"@type\":\"ListItem\",\"position\":1,\"name\":\"Home\",\"item\":\"https:\\\/\\\/kylkirauta.fi\\\/index.php\\\/home\\\/\"},{\"@type\":\"ListItem\",\"position\":2,\"name\":\"Kadetin ajatuksia 9 \u2013 Vastuun ottaminen kannattaa\"}]},{\"@type\":\"WebSite\",\"@id\":\"https:\\\/\\\/kylkirauta.fi\\\/#website\",\"url\":\"https:\\\/\\\/kylkirauta.fi\\\/\",\"name\":\"Kylkirauta\",\"description\":\"Kadettiupseerit yhteiskunnan palveluksessa\",\"potentialAction\":[{\"@type\":\"SearchAction\",\"target\":{\"@type\":\"EntryPoint\",\"urlTemplate\":\"https:\\\/\\\/kylkirauta.fi\\\/?s={search_term_string}\"},\"query-input\":{\"@type\":\"PropertyValueSpecification\",\"valueRequired\":true,\"valueName\":\"search_term_string\"}}],\"inLanguage\":\"fi\"},{\"@type\":\"Person\",\"@id\":\"https:\\\/\\\/kylkirauta.fi\\\/#\\\/schema\\\/person\\\/714ab39a349c656b20d60a239be1d6f6\",\"name\":\"Kari Sainio\",\"sameAs\":[\"http:\\\/\\\/www.kylkirauta.fi\"],\"url\":\"https:\\\/\\\/kylkirauta.fi\\\/index.php\\\/author\\\/karisain\\\/\"}]}<\/script>\n<!-- \/ Yoast SEO plugin. -->","yoast_head_json":{"title":"Kadetin ajatuksia 9 \u2013 Vastuun ottaminen kannattaa - Kylkirauta","robots":{"index":"index","follow":"follow","max-snippet":"max-snippet:-1","max-image-preview":"max-image-preview:large","max-video-preview":"max-video-preview:-1"},"canonical":"https:\/\/kylkirauta.fi\/index.php\/2024\/03\/01\/kadetin-ajatuksia-9-vastuun-ottaminen-kannattaa\/","og_locale":"fi_FI","og_type":"article","og_title":"Kadetin ajatuksia 9 \u2013 Vastuun ottaminen kannattaa - Kylkirauta","og_url":"https:\/\/kylkirauta.fi\/index.php\/2024\/03\/01\/kadetin-ajatuksia-9-vastuun-ottaminen-kannattaa\/","og_site_name":"Kylkirauta","article_published_time":"2024-03-01T08:50:58+00:00","article_modified_time":"2024-03-01T08:57:47+00:00","og_image":[{"width":843,"height":487,"url":"https:\/\/kylkirauta.fi\/wp-content\/uploads\/2024\/03\/Sippola-artikkeli.png","type":"image\/png"}],"author":"Kari Sainio","twitter_card":"summary_large_image","twitter_misc":{"Kirjoittanut":"Kari Sainio","Arvioitu lukuaika":"2 minuuttia"},"schema":{"@context":"https:\/\/schema.org","@graph":[{"@type":"Article","@id":"https:\/\/kylkirauta.fi\/index.php\/2024\/03\/01\/kadetin-ajatuksia-9-vastuun-ottaminen-kannattaa\/#article","isPartOf":{"@id":"https:\/\/kylkirauta.fi\/index.php\/2024\/03\/01\/kadetin-ajatuksia-9-vastuun-ottaminen-kannattaa\/"},"author":{"name":"Kari Sainio","@id":"https:\/\/kylkirauta.fi\/#\/schema\/person\/714ab39a349c656b20d60a239be1d6f6"},"headline":"Kadetin ajatuksia 9 \u2013 Vastuun ottaminen kannattaa","datePublished":"2024-03-01T08:50:58+00:00","dateModified":"2024-03-01T08:57:47+00:00","mainEntityOfPage":{"@id":"https:\/\/kylkirauta.fi\/index.php\/2024\/03\/01\/kadetin-ajatuksia-9-vastuun-ottaminen-kannattaa\/"},"wordCount":763,"image":{"@id":"https:\/\/kylkirauta.fi\/index.php\/2024\/03\/01\/kadetin-ajatuksia-9-vastuun-ottaminen-kannattaa\/#primaryimage"},"thumbnailUrl":"https:\/\/kylkirauta.fi\/wp-content\/uploads\/2024\/03\/Sippola-artikkeli.png","articleSection":["2024","Blogi","Blogi 2024"],"inLanguage":"fi"},{"@type":"WebPage","@id":"https:\/\/kylkirauta.fi\/index.php\/2024\/03\/01\/kadetin-ajatuksia-9-vastuun-ottaminen-kannattaa\/","url":"https:\/\/kylkirauta.fi\/index.php\/2024\/03\/01\/kadetin-ajatuksia-9-vastuun-ottaminen-kannattaa\/","name":"Kadetin ajatuksia 9 \u2013 Vastuun ottaminen kannattaa - Kylkirauta","isPartOf":{"@id":"https:\/\/kylkirauta.fi\/#website"},"primaryImageOfPage":{"@id":"https:\/\/kylkirauta.fi\/index.php\/2024\/03\/01\/kadetin-ajatuksia-9-vastuun-ottaminen-kannattaa\/#primaryimage"},"image":{"@id":"https:\/\/kylkirauta.fi\/index.php\/2024\/03\/01\/kadetin-ajatuksia-9-vastuun-ottaminen-kannattaa\/#primaryimage"},"thumbnailUrl":"https:\/\/kylkirauta.fi\/wp-content\/uploads\/2024\/03\/Sippola-artikkeli.png","datePublished":"2024-03-01T08:50:58+00:00","dateModified":"2024-03-01T08:57:47+00:00","author":{"@id":"https:\/\/kylkirauta.fi\/#\/schema\/person\/714ab39a349c656b20d60a239be1d6f6"},"breadcrumb":{"@id":"https:\/\/kylkirauta.fi\/index.php\/2024\/03\/01\/kadetin-ajatuksia-9-vastuun-ottaminen-kannattaa\/#breadcrumb"},"inLanguage":"fi","potentialAction":[{"@type":"ReadAction","target":["https:\/\/kylkirauta.fi\/index.php\/2024\/03\/01\/kadetin-ajatuksia-9-vastuun-ottaminen-kannattaa\/"]}]},{"@type":"ImageObject","inLanguage":"fi","@id":"https:\/\/kylkirauta.fi\/index.php\/2024\/03\/01\/kadetin-ajatuksia-9-vastuun-ottaminen-kannattaa\/#primaryimage","url":"https:\/\/kylkirauta.fi\/wp-content\/uploads\/2024\/03\/Sippola-artikkeli.png","contentUrl":"https:\/\/kylkirauta.fi\/wp-content\/uploads\/2024\/03\/Sippola-artikkeli.png","width":843,"height":487},{"@type":"BreadcrumbList","@id":"https:\/\/kylkirauta.fi\/index.php\/2024\/03\/01\/kadetin-ajatuksia-9-vastuun-ottaminen-kannattaa\/#breadcrumb","itemListElement":[{"@type":"ListItem","position":1,"name":"Home","item":"https:\/\/kylkirauta.fi\/index.php\/home\/"},{"@type":"ListItem","position":2,"name":"Kadetin ajatuksia 9 \u2013 Vastuun ottaminen kannattaa"}]},{"@type":"WebSite","@id":"https:\/\/kylkirauta.fi\/#website","url":"https:\/\/kylkirauta.fi\/","name":"Kylkirauta","description":"Kadettiupseerit yhteiskunnan palveluksessa","potentialAction":[{"@type":"SearchAction","target":{"@type":"EntryPoint","urlTemplate":"https:\/\/kylkirauta.fi\/?s={search_term_string}"},"query-input":{"@type":"PropertyValueSpecification","valueRequired":true,"valueName":"search_term_string"}}],"inLanguage":"fi"},{"@type":"Person","@id":"https:\/\/kylkirauta.fi\/#\/schema\/person\/714ab39a349c656b20d60a239be1d6f6","name":"Kari Sainio","sameAs":["http:\/\/www.kylkirauta.fi"],"url":"https:\/\/kylkirauta.fi\/index.php\/author\/karisain\/"}]}},"_links":{"self":[{"href":"https:\/\/kylkirauta.fi\/index.php\/wp-json\/wp\/v2\/posts\/7053","targetHints":{"allow":["GET"]}}],"collection":[{"href":"https:\/\/kylkirauta.fi\/index.php\/wp-json\/wp\/v2\/posts"}],"about":[{"href":"https:\/\/kylkirauta.fi\/index.php\/wp-json\/wp\/v2\/types\/post"}],"author":[{"embeddable":true,"href":"https:\/\/kylkirauta.fi\/index.php\/wp-json\/wp\/v2\/users\/3"}],"replies":[{"embeddable":true,"href":"https:\/\/kylkirauta.fi\/index.php\/wp-json\/wp\/v2\/comments?post=7053"}],"version-history":[{"count":3,"href":"https:\/\/kylkirauta.fi\/index.php\/wp-json\/wp\/v2\/posts\/7053\/revisions"}],"predecessor-version":[{"id":7065,"href":"https:\/\/kylkirauta.fi\/index.php\/wp-json\/wp\/v2\/posts\/7053\/revisions\/7065"}],"wp:featuredmedia":[{"embeddable":true,"href":"https:\/\/kylkirauta.fi\/index.php\/wp-json\/wp\/v2\/media\/7056"}],"wp:attachment":[{"href":"https:\/\/kylkirauta.fi\/index.php\/wp-json\/wp\/v2\/media?parent=7053"}],"wp:term":[{"taxonomy":"category","embeddable":true,"href":"https:\/\/kylkirauta.fi\/index.php\/wp-json\/wp\/v2\/categories?post=7053"},{"taxonomy":"post_tag","embeddable":true,"href":"https:\/\/kylkirauta.fi\/index.php\/wp-json\/wp\/v2\/tags?post=7053"}],"curies":[{"name":"wp","href":"https:\/\/api.w.org\/{rel}","templated":true}]}}