{"id":6764,"date":"2023-12-05T23:03:24","date_gmt":"2023-12-05T23:03:24","guid":{"rendered":"https:\/\/kylkirauta.fi\/?p=6764"},"modified":"2023-12-05T23:04:50","modified_gmt":"2023-12-05T23:04:50","slug":"ylennykset-itsenaisyyspaivana-6-12-2023","status":"publish","type":"post","link":"https:\/\/kylkirauta.fi\/index.php\/2023\/12\/05\/ylennykset-itsenaisyyspaivana-6-12-2023\/","title":{"rendered":"Ylennykset itsen\u00e4isyysp\u00e4iv\u00e4n\u00e4 6.12.2023"},"content":{"rendered":"<div id='full_slider_1'  class='avia-fullwidth-slider main_color avia-shadow   avia-builder-el-0  el_before_av_one_full  avia-builder-el-first   container_wrap sidebar_right'  ><div  class='avia-slideshow av-l9olo-eba87a12f940917775723c57f530a7d6 avia-slideshow-no scaling av_slideshow_full avia-slide-slider av-slideshow-ui av-control-default av-slideshow-manual av-loop-once av-loop-manual-endless av-default-height-applied   avia-slideshow-1' data-slideshow-options=\"{&quot;animation&quot;:&quot;slide&quot;,&quot;autoplay&quot;:false,&quot;loop_autoplay&quot;:&quot;once&quot;,&quot;interval&quot;:5,&quot;loop_manual&quot;:&quot;manual-endless&quot;,&quot;autoplay_stopper&quot;:false,&quot;noNavigation&quot;:false,&quot;bg_slider&quot;:false,&quot;keep_padding&quot;:false,&quot;hoverpause&quot;:false,&quot;show_slide_delay&quot;:0}\"  itemprop=\"image\" itemscope=\"itemscope\" itemtype=\"https:\/\/schema.org\/ImageObject\" ><ul class='avia-slideshow-inner ' style='padding-bottom: 15.076436478651%;'><li  class='avia-slideshow-slide av-l9olo-eba87a12f940917775723c57f530a7d6__0  av-single-slide slide-1 slide-odd'><div data-rel='slideshow-1' class='avia-slide-wrap '   ><img decoding=\"async\" fetchpriority=\"high\" class=\"wp-image-3799 avia-img-lazy-loading-not-3799\"  src=\"https:\/\/kylkirauta.fi\/wp-content\/uploads\/2020\/06\/Kylkirauta-yl\u00e4banneri.png\" width=\"1897\" height=\"286\" title='Kylkirauta yl\u00e4banneri' alt=''  itemprop=\"thumbnailUrl\" srcset=\"https:\/\/kylkirauta.fi\/wp-content\/uploads\/2020\/06\/Kylkirauta-yl\u00e4banneri.png 1897w, https:\/\/kylkirauta.fi\/wp-content\/uploads\/2020\/06\/Kylkirauta-yl\u00e4banneri-300x45.png 300w, https:\/\/kylkirauta.fi\/wp-content\/uploads\/2020\/06\/Kylkirauta-yl\u00e4banneri-1030x155.png 1030w, https:\/\/kylkirauta.fi\/wp-content\/uploads\/2020\/06\/Kylkirauta-yl\u00e4banneri-768x116.png 768w, https:\/\/kylkirauta.fi\/wp-content\/uploads\/2020\/06\/Kylkirauta-yl\u00e4banneri-1536x232.png 1536w, https:\/\/kylkirauta.fi\/wp-content\/uploads\/2020\/06\/Kylkirauta-yl\u00e4banneri-1500x226.png 1500w, https:\/\/kylkirauta.fi\/wp-content\/uploads\/2020\/06\/Kylkirauta-yl\u00e4banneri-705x106.png 705w\" sizes=\"(max-width: 1897px) 100vw, 1897px\" \/><\/div><\/li><\/ul><\/div><\/div><div id='after_full_slider_1'  class='main_color av_default_container_wrap container_wrap sidebar_right'  ><div class='container av-section-cont-open' ><div class='template-page content  av-content-small alpha units'><div class='post-entry post-entry-type-page post-entry-6764'><div class='entry-content-wrapper clearfix'>\n\n<style type=\"text\/css\" data-created_by=\"avia_inline_auto\" id=\"style-css-av-km4zs-0614ada41eb3461e6efbb361dfbae970\">\n.flex_column.av-km4zs-0614ada41eb3461e6efbb361dfbae970{\nborder-radius:0px 0px 0px 0px;\npadding:0px 0px 0px 0px;\n}\n<\/style>\n<div  class='flex_column av-km4zs-0614ada41eb3461e6efbb361dfbae970 av_one_full  avia-builder-el-1  el_after_av_slideshow_full  el_before_av_hr  avia-builder-el-first  first flex_column_div av-zero-column-padding  '     ><p>\n<style type=\"text\/css\" data-created_by=\"avia_inline_auto\" id=\"style-css-av-av_heading-daafc228a3fb47b7d52ef90bbe4943b6\">\n#top .av-special-heading.av-av_heading-daafc228a3fb47b7d52ef90bbe4943b6{\npadding-bottom:10px;\n}\nbody .av-special-heading.av-av_heading-daafc228a3fb47b7d52ef90bbe4943b6 .av-special-heading-tag .heading-char{\nfont-size:25px;\n}\n.av-special-heading.av-av_heading-daafc228a3fb47b7d52ef90bbe4943b6 .av-subheading{\nfont-size:15px;\n}\n<\/style>\n<div  class='av-special-heading av-av_heading-daafc228a3fb47b7d52ef90bbe4943b6 av-special-heading-h3  avia-builder-el-2  el_before_av_textblock  avia-builder-el-first '><h3 class='av-special-heading-tag'  itemprop=\"headline\"  >Ylennykset itsen\u00e4isyysp\u00e4iv\u00e4n\u00e4 6.12.2023<\/h3><div class=\"special-heading-border\"><div class=\"special-heading-inner-border\"><\/div><\/div><\/div><br \/>\n<section  class='av_textblock_section av-k8d08-dea0f25c8df625cf22cbdeac32688808 '   itemscope=\"itemscope\" itemtype=\"https:\/\/schema.org\/BlogPosting\" itemprop=\"blogPost\" ><div class='avia_textblock'  itemprop=\"text\" ><p>Tasavallan presidentti on Itsen\u00e4isyysp\u00e4iv\u00e4n\u00e4 6. joulukuuta 2023 ylent\u00e4nyt lippueamiraali Tuomas Antero Tiilikaisen kontra-amiraaliksi. Kontra-amiraali Tuomas Tiilikaisen on m\u00e4\u00e4r\u00e4tty Merivoimien komentajaksi 1.1.2024 lukien.<\/p>\n<p>Everstiksi ylennettiin everstiluutnantit Tomi B\u00f6hmin ja Tuukka Elonheimon Ilmavoimien esikunnasta, Aki-Mauri Huhtisen Maanpuolustuskorkeakoululta, Matti Sopasen J\u00e4rjestelm\u00e4keskukselta sek\u00e4 Niko H\u00f6lt\u00e4n ja Jussi Viinam\u00e4en P\u00e4\u00e4esikunnasta. Insin\u00f6\u00f6rieverstiksi ylennettiin insin\u00f6\u00f6rieverstiluutnantit Harri Korhonen J\u00e4rjestelm\u00e4keskukselta ja Harri Saarinen Ilmavoimien esikunnasta. Kommodoriksi ylennettiin komentaja Kristian Isberg J\u00e4rjestelm\u00e4keskukselta.<\/p>\n<p>Lis\u00e4ksi Tasavallan presidentti on itsen\u00e4isyysp\u00e4iv\u00e4n\u00e4 my\u00f6s ylent\u00e4nyt yhteens\u00e4 1087 reservin upseeria ja erikoisupseeria. Majuriksi 32, komentajakapteeniksi kolme, insin\u00f6\u00f6rimajuriksi yksi, kapteeniksi 133, kapteeniluutnantiksi viisi, insin\u00f6\u00f6rikapteeniksi yksi, l\u00e4\u00e4kint\u00e4kapteeniksi yksi, yliluutnantiksi 295, merivoimien yliluutnantiksi 16, l\u00e4\u00e4kint\u00e4yliluutnantiksi nelj\u00e4, merivoimien l\u00e4\u00e4kint\u00e4yliluutnantiksi yksi, teknikkoyliluutnantiksi yksi, luutnantiksi 542, merivoimien luutnantiksi 48, l\u00e4\u00e4kint\u00e4luutnantiksi kolme ja v\u00e4nrikiksi yksi henkil\u00f6\u00e4.<\/p>\n<div class=\"art-postheadericons art-metadata-icons\">\n<p>Kaikki ylennykset ovat luettavissa\u00a0<a href=\"https:\/\/ruotuvaki.fi\/-\/ylennykset-ja-kunniamerkit-itsenaisyyspaivana-2023\" target=\"_blank\" rel=\"noopener\"><strong>t\u00e4st\u00e4 linkist\u00e4<\/strong><\/a>.<em><br \/>\n<\/em><\/p>\n<\/div>\n<p style=\"text-align: center;\"><strong><em>Kadettikunta onnittelee kaikkia ylennettyj\u00e4!<\/em><\/strong><\/p>\n<\/div><\/section><\/p><\/div><div  class='hr av-1yxn9h-045ff4a48e3d08b37e9c8b2269f2c2e8 hr-default  avia-builder-el-4  el_after_av_one_full  el_before_av_blog '><span class='hr-inner '><span class=\"hr-inner-style\"><\/span><\/span><\/div><\/p>\n<div  class='av-alb-blogposts template-blog  '  itemscope=\"itemscope\" itemtype=\"https:\/\/schema.org\/Blog\" ><article class=\"post-entry post-entry-type-standard post-entry-8916 post-loop-1 post-parity-odd bloglist-excerpt  post-8916 post type-post status-publish format-standard hentry category-ajankohtaista\"  itemscope=\"itemscope\" itemtype=\"https:\/\/schema.org\/BlogPosting\" ><div class=\"blog-meta\"><\/div><div class='entry-content-wrapper clearfix standard-content'><header class=\"entry-content-header\"><h2 class='post-title entry-title '  itemprop=\"headline\" ><a href=\"https:\/\/kylkirauta.fi\/index.php\/2026\/04\/18\/eversti-kari-janhunen-vuoden-kadettiupseeriksi\/\" rel=\"bookmark\" title=\"Permanent Link: Eversti Kari Janhunen Vuoden kadettiupseeriksi\">Eversti Kari Janhunen Vuoden kadettiupseeriksi<span class=\"post-format-icon minor-meta\"><\/span><\/a><\/h2><span class=\"post-meta-infos\"><time class=\"date-container minor-meta updated\"  itemprop=\"datePublished\" datetime=\"2026-04-18T16:03:58+03:00\" >18.4.2026<\/time><span class=\"text-sep\">\/<\/span><span class=\"blog-categories minor-meta\">in <a href=\"https:\/\/kylkirauta.fi\/index.php\/category\/ajankohtaista\/\" rel=\"tag\">Ajankohtaista<\/a><\/span><span class=\"text-sep\">\/<\/span><span class=\"blog-author minor-meta\">by <span class=\"entry-author-link\"  itemprop=\"author\" ><span class=\"author\"><span class=\"fn\"><a href=\"https:\/\/kylkirauta.fi\/index.php\/author\/karisain\/\" title=\"Kirjoittanut: Kari Sainio\" rel=\"author\">Kari Sainio<\/a><\/span><\/span><\/span><\/span><\/span><\/header><div class=\"read-more-link\"><a href=\"https:\/\/kylkirauta.fi\/index.php\/2026\/04\/18\/eversti-kari-janhunen-vuoden-kadettiupseeriksi\/\" class=\"more-link\">Read more<span class=\"more-link-arrow\"><\/span><\/a><\/div><footer class=\"entry-footer\"><\/footer><div class='post_delimiter'><\/div><\/div><div class=\"post_author_timeline\"><\/div><span class='hidden'>\n\t\t\t\t<span class='av-structured-data'  itemprop=\"image\" itemscope=\"itemscope\" itemtype=\"https:\/\/schema.org\/ImageObject\" >\n\t\t\t\t\t\t<span itemprop='url'>https:\/\/kylkirauta.fi\/wp-content\/uploads\/2020\/02\/kkunta_weblogo-100x100-1.png<\/span>\n\t\t\t\t\t\t<span itemprop='height'>0<\/span>\n\t\t\t\t\t\t<span itemprop='width'>0<\/span>\n\t\t\t\t<\/span>\n\t\t\t\t<span class='av-structured-data'  itemprop=\"publisher\" itemtype=\"https:\/\/schema.org\/Organization\" itemscope=\"itemscope\" >\n\t\t\t\t\t\t<span itemprop='name'>Kari Sainio<\/span>\n\t\t\t\t\t\t<span itemprop='logo' itemscope itemtype='https:\/\/schema.org\/ImageObject'>\n\t\t\t\t\t\t\t<span itemprop='url'>https:\/\/kylkirauta.fi\/wp-content\/uploads\/2020\/02\/kkunta_weblogo-100x100-1.png<\/span>\n\t\t\t\t\t\t<\/span>\n\t\t\t\t<\/span><span class='av-structured-data'  itemprop=\"author\" itemscope=\"itemscope\" itemtype=\"https:\/\/schema.org\/Person\" ><span itemprop='name'>Kari Sainio<\/span><\/span><span class='av-structured-data'  itemprop=\"datePublished\" datetime=\"2026-04-18T16:03:58+03:00\" >2026-04-18 16:03:58<\/span><span class='av-structured-data'  itemprop=\"dateModified\" itemtype=\"https:\/\/schema.org\/dateModified\" >2026-04-18 16:03:58<\/span><span class='av-structured-data'  itemprop=\"mainEntityOfPage\" itemtype=\"https:\/\/schema.org\/mainEntityOfPage\" ><span itemprop='name'>Eversti Kari Janhunen Vuoden kadettiupseeriksi<\/span><\/span><\/span><\/article><article class=\"post-entry post-entry-type-standard post-entry-8901 post-loop-2 post-parity-even bloglist-excerpt  post-8901 post type-post status-publish format-standard hentry category-ajankohtaista\"  itemscope=\"itemscope\" itemtype=\"https:\/\/schema.org\/BlogPosting\" ><div class=\"blog-meta\"><\/div><div class='entry-content-wrapper clearfix standard-content'><header class=\"entry-content-header\"><h2 class='post-title entry-title '  itemprop=\"headline\" ><a href=\"https:\/\/kylkirauta.fi\/index.php\/2026\/04\/14\/tutkimus-nuoret-aikuiset-luottavat-suomen-puolustuskykyyn-vaikka-kansainvalinen-tilanne-huolestuttaa\/\" rel=\"bookmark\" title=\"Permanent Link: Tutkimus: Nuoret aikuiset luottavat Suomen puolustuskykyyn, vaikka kansainv\u00e4linen tilanne huolestuttaa\">Tutkimus: Nuoret aikuiset luottavat Suomen puolustuskykyyn, vaikka kansainv\u00e4linen tilanne huolestuttaa<span class=\"post-format-icon minor-meta\"><\/span><\/a><\/h2><span class=\"post-meta-infos\"><time class=\"date-container minor-meta updated\"  itemprop=\"datePublished\" datetime=\"2026-04-14T08:25:11+03:00\" >14.4.2026<\/time><span class=\"text-sep\">\/<\/span><span class=\"blog-categories minor-meta\">in <a href=\"https:\/\/kylkirauta.fi\/index.php\/category\/ajankohtaista\/\" rel=\"tag\">Ajankohtaista<\/a><\/span><span class=\"text-sep\">\/<\/span><span class=\"blog-author minor-meta\">by <span class=\"entry-author-link\"  itemprop=\"author\" ><span class=\"author\"><span class=\"fn\"><a href=\"https:\/\/kylkirauta.fi\/index.php\/author\/karisain\/\" title=\"Kirjoittanut: Kari Sainio\" rel=\"author\">Kari Sainio<\/a><\/span><\/span><\/span><\/span><\/span><\/header><div class=\"read-more-link\"><a href=\"https:\/\/kylkirauta.fi\/index.php\/2026\/04\/14\/tutkimus-nuoret-aikuiset-luottavat-suomen-puolustuskykyyn-vaikka-kansainvalinen-tilanne-huolestuttaa\/\" class=\"more-link\">Read more<span class=\"more-link-arrow\"><\/span><\/a><\/div><footer class=\"entry-footer\"><\/footer><div class='post_delimiter'><\/div><\/div><div class=\"post_author_timeline\"><\/div><span class='hidden'>\n\t\t\t\t<span class='av-structured-data'  itemprop=\"image\" itemscope=\"itemscope\" itemtype=\"https:\/\/schema.org\/ImageObject\" >\n\t\t\t\t\t\t<span itemprop='url'>https:\/\/kylkirauta.fi\/wp-content\/uploads\/2020\/02\/kkunta_weblogo-100x100-1.png<\/span>\n\t\t\t\t\t\t<span itemprop='height'>0<\/span>\n\t\t\t\t\t\t<span itemprop='width'>0<\/span>\n\t\t\t\t<\/span>\n\t\t\t\t<span class='av-structured-data'  itemprop=\"publisher\" itemtype=\"https:\/\/schema.org\/Organization\" itemscope=\"itemscope\" >\n\t\t\t\t\t\t<span itemprop='name'>Kari Sainio<\/span>\n\t\t\t\t\t\t<span itemprop='logo' itemscope itemtype='https:\/\/schema.org\/ImageObject'>\n\t\t\t\t\t\t\t<span itemprop='url'>https:\/\/kylkirauta.fi\/wp-content\/uploads\/2020\/02\/kkunta_weblogo-100x100-1.png<\/span>\n\t\t\t\t\t\t<\/span>\n\t\t\t\t<\/span><span class='av-structured-data'  itemprop=\"author\" itemscope=\"itemscope\" itemtype=\"https:\/\/schema.org\/Person\" ><span itemprop='name'>Kari Sainio<\/span><\/span><span class='av-structured-data'  itemprop=\"datePublished\" datetime=\"2026-04-14T08:25:11+03:00\" >2026-04-14 08:25:11<\/span><span class='av-structured-data'  itemprop=\"dateModified\" itemtype=\"https:\/\/schema.org\/dateModified\" >2026-04-14 08:25:46<\/span><span class='av-structured-data'  itemprop=\"mainEntityOfPage\" itemtype=\"https:\/\/schema.org\/mainEntityOfPage\" ><span itemprop='name'>Tutkimus: Nuoret aikuiset luottavat Suomen puolustuskykyyn, vaikka kansainv\u00e4linen tilanne huolestuttaa<\/span><\/span><\/span><\/article><article class=\"post-entry post-entry-type-standard post-entry-8893 post-loop-3 post-parity-odd bloglist-excerpt  post-8893 post type-post status-publish format-standard hentry category-ajankohtaista\"  itemscope=\"itemscope\" itemtype=\"https:\/\/schema.org\/BlogPosting\" ><div class=\"blog-meta\"><\/div><div class='entry-content-wrapper clearfix standard-content'><header class=\"entry-content-header\"><h2 class='post-title entry-title '  itemprop=\"headline\" ><a href=\"https:\/\/kylkirauta.fi\/index.php\/2026\/04\/07\/maailma-myllerryksessa-muuttuvatko-arvomme-arvoseminaari-28-5-2026\/\" rel=\"bookmark\" title=\"Permanent Link: Maailma myllerryksess\u00e4 \u2013 muuttuvatko arvomme? -arvoseminaari 28.5.2026\">Maailma myllerryksess\u00e4 \u2013 muuttuvatko arvomme? -arvoseminaari 28.5.2026<span class=\"post-format-icon minor-meta\"><\/span><\/a><\/h2><span class=\"post-meta-infos\"><time class=\"date-container minor-meta updated\"  itemprop=\"datePublished\" datetime=\"2026-04-07T15:57:56+03:00\" >7.4.2026<\/time><span class=\"text-sep\">\/<\/span><span class=\"blog-categories minor-meta\">in <a href=\"https:\/\/kylkirauta.fi\/index.php\/category\/ajankohtaista\/\" rel=\"tag\">Ajankohtaista<\/a><\/span><span class=\"text-sep\">\/<\/span><span class=\"blog-author minor-meta\">by <span class=\"entry-author-link\"  itemprop=\"author\" ><span class=\"author\"><span class=\"fn\"><a href=\"https:\/\/kylkirauta.fi\/index.php\/author\/karisain\/\" title=\"Kirjoittanut: Kari Sainio\" rel=\"author\">Kari Sainio<\/a><\/span><\/span><\/span><\/span><\/span><\/header><div class=\"read-more-link\"><a href=\"https:\/\/kylkirauta.fi\/index.php\/2026\/04\/07\/maailma-myllerryksessa-muuttuvatko-arvomme-arvoseminaari-28-5-2026\/\" class=\"more-link\">Read more<span class=\"more-link-arrow\"><\/span><\/a><\/div><footer class=\"entry-footer\"><\/footer><div class='post_delimiter'><\/div><\/div><div class=\"post_author_timeline\"><\/div><span class='hidden'>\n\t\t\t\t<span class='av-structured-data'  itemprop=\"image\" itemscope=\"itemscope\" itemtype=\"https:\/\/schema.org\/ImageObject\" >\n\t\t\t\t\t\t<span itemprop='url'>https:\/\/kylkirauta.fi\/wp-content\/uploads\/2020\/02\/kkunta_weblogo-100x100-1.png<\/span>\n\t\t\t\t\t\t<span itemprop='height'>0<\/span>\n\t\t\t\t\t\t<span itemprop='width'>0<\/span>\n\t\t\t\t<\/span>\n\t\t\t\t<span class='av-structured-data'  itemprop=\"publisher\" itemtype=\"https:\/\/schema.org\/Organization\" itemscope=\"itemscope\" >\n\t\t\t\t\t\t<span itemprop='name'>Kari Sainio<\/span>\n\t\t\t\t\t\t<span itemprop='logo' itemscope itemtype='https:\/\/schema.org\/ImageObject'>\n\t\t\t\t\t\t\t<span itemprop='url'>https:\/\/kylkirauta.fi\/wp-content\/uploads\/2020\/02\/kkunta_weblogo-100x100-1.png<\/span>\n\t\t\t\t\t\t<\/span>\n\t\t\t\t<\/span><span class='av-structured-data'  itemprop=\"author\" itemscope=\"itemscope\" itemtype=\"https:\/\/schema.org\/Person\" ><span itemprop='name'>Kari Sainio<\/span><\/span><span class='av-structured-data'  itemprop=\"datePublished\" datetime=\"2026-04-07T15:57:56+03:00\" >2026-04-07 15:57:56<\/span><span class='av-structured-data'  itemprop=\"dateModified\" itemtype=\"https:\/\/schema.org\/dateModified\" >2026-04-08 07:24:08<\/span><span class='av-structured-data'  itemprop=\"mainEntityOfPage\" itemtype=\"https:\/\/schema.org\/mainEntityOfPage\" ><span itemprop='name'>Maailma myllerryksess\u00e4 \u2013 muuttuvatko arvomme? -arvoseminaari 28.5.2026<\/span><\/span><\/span><\/article><article class=\"post-entry post-entry-type-standard post-entry-8833 post-loop-4 post-parity-even bloglist-excerpt  post-8833 post type-post status-publish format-standard hentry category-ajankohtaista\"  itemscope=\"itemscope\" itemtype=\"https:\/\/schema.org\/BlogPosting\" ><div class=\"blog-meta\"><\/div><div class='entry-content-wrapper clearfix standard-content'><header class=\"entry-content-header\"><h2 class='post-title entry-title '  itemprop=\"headline\" ><a href=\"https:\/\/kylkirauta.fi\/index.php\/2026\/03\/15\/kylkirauta-1-2026-ilmestyy-perjantaina-20-3-teemalla-naton-muutos\/\" rel=\"bookmark\" title=\"Permanent Link: Kylkirauta 1\/2026 ilmestyy perjantaina 20.3. teemalla \u201dNaton muutos\u201d.\">Kylkirauta 1\/2026 ilmestyy perjantaina 20.3. teemalla \u201dNaton muutos\u201d.<span class=\"post-format-icon minor-meta\"><\/span><\/a><\/h2><span class=\"post-meta-infos\"><time class=\"date-container minor-meta updated\"  itemprop=\"datePublished\" datetime=\"2026-03-15T14:41:59+02:00\" >15.3.2026<\/time><span class=\"text-sep\">\/<\/span><span class=\"blog-categories minor-meta\">in <a href=\"https:\/\/kylkirauta.fi\/index.php\/category\/ajankohtaista\/\" rel=\"tag\">Ajankohtaista<\/a><\/span><span class=\"text-sep\">\/<\/span><span class=\"blog-author minor-meta\">by <span class=\"entry-author-link\"  itemprop=\"author\" ><span class=\"author\"><span class=\"fn\"><a href=\"https:\/\/kylkirauta.fi\/index.php\/author\/karisain\/\" title=\"Kirjoittanut: Kari Sainio\" rel=\"author\">Kari Sainio<\/a><\/span><\/span><\/span><\/span><\/span><\/header><div class=\"read-more-link\"><a href=\"https:\/\/kylkirauta.fi\/index.php\/2026\/03\/15\/kylkirauta-1-2026-ilmestyy-perjantaina-20-3-teemalla-naton-muutos\/\" class=\"more-link\">Read more<span class=\"more-link-arrow\"><\/span><\/a><\/div><footer class=\"entry-footer\"><\/footer><div class='post_delimiter'><\/div><\/div><div class=\"post_author_timeline\"><\/div><span class='hidden'>\n\t\t\t\t<span class='av-structured-data'  itemprop=\"image\" itemscope=\"itemscope\" itemtype=\"https:\/\/schema.org\/ImageObject\" >\n\t\t\t\t\t\t<span itemprop='url'>https:\/\/kylkirauta.fi\/wp-content\/uploads\/2020\/02\/kkunta_weblogo-100x100-1.png<\/span>\n\t\t\t\t\t\t<span itemprop='height'>0<\/span>\n\t\t\t\t\t\t<span itemprop='width'>0<\/span>\n\t\t\t\t<\/span>\n\t\t\t\t<span class='av-structured-data'  itemprop=\"publisher\" itemtype=\"https:\/\/schema.org\/Organization\" itemscope=\"itemscope\" >\n\t\t\t\t\t\t<span itemprop='name'>Kari Sainio<\/span>\n\t\t\t\t\t\t<span itemprop='logo' itemscope itemtype='https:\/\/schema.org\/ImageObject'>\n\t\t\t\t\t\t\t<span itemprop='url'>https:\/\/kylkirauta.fi\/wp-content\/uploads\/2020\/02\/kkunta_weblogo-100x100-1.png<\/span>\n\t\t\t\t\t\t<\/span>\n\t\t\t\t<\/span><span class='av-structured-data'  itemprop=\"author\" itemscope=\"itemscope\" itemtype=\"https:\/\/schema.org\/Person\" ><span itemprop='name'>Kari Sainio<\/span><\/span><span class='av-structured-data'  itemprop=\"datePublished\" datetime=\"2026-03-15T14:41:59+02:00\" >2026-03-15 14:41:59<\/span><span class='av-structured-data'  itemprop=\"dateModified\" itemtype=\"https:\/\/schema.org\/dateModified\" >2026-03-15 14:41:59<\/span><span class='av-structured-data'  itemprop=\"mainEntityOfPage\" itemtype=\"https:\/\/schema.org\/mainEntityOfPage\" ><span itemprop='name'>Kylkirauta 1\/2026 ilmestyy perjantaina 20.3. teemalla \u201dNaton muutos\u201d.<\/span><\/span><\/span><\/article><article class=\"post-entry post-entry-type-standard post-entry-8811 post-loop-5 post-parity-odd bloglist-excerpt  post-8811 post type-post status-publish format-standard hentry category-ajankohtaista\"  itemscope=\"itemscope\" itemtype=\"https:\/\/schema.org\/BlogPosting\" ><div class=\"blog-meta\"><\/div><div class='entry-content-wrapper clearfix standard-content'><header class=\"entry-content-header\"><h2 class='post-title entry-title '  itemprop=\"headline\" ><a href=\"https:\/\/kylkirauta.fi\/index.php\/2026\/02\/27\/aaderilaulajien-ja-kadettikuoron-konsertti-ukrainan-tukemiseksi-19-4-2026\/\" rel=\"bookmark\" title=\"Permanent Link: Kaaderilaulajien ja Kadettikuoron konsertti Ukrainan tukemiseksi 19.4.2026\">Kaaderilaulajien ja Kadettikuoron konsertti Ukrainan tukemiseksi 19.4.2026<span class=\"post-format-icon minor-meta\"><\/span><\/a><\/h2><span class=\"post-meta-infos\"><time class=\"date-container minor-meta updated\"  itemprop=\"datePublished\" datetime=\"2026-02-27T11:48:22+02:00\" >27.2.2026<\/time><span class=\"text-sep\">\/<\/span><span class=\"blog-categories minor-meta\">in <a href=\"https:\/\/kylkirauta.fi\/index.php\/category\/ajankohtaista\/\" rel=\"tag\">Ajankohtaista<\/a><\/span><span class=\"text-sep\">\/<\/span><span class=\"blog-author minor-meta\">by <span class=\"entry-author-link\"  itemprop=\"author\" ><span class=\"author\"><span class=\"fn\"><a href=\"https:\/\/kylkirauta.fi\/index.php\/author\/karisain\/\" title=\"Kirjoittanut: Kari Sainio\" rel=\"author\">Kari Sainio<\/a><\/span><\/span><\/span><\/span><\/span><\/header><div class=\"read-more-link\"><a href=\"https:\/\/kylkirauta.fi\/index.php\/2026\/02\/27\/aaderilaulajien-ja-kadettikuoron-konsertti-ukrainan-tukemiseksi-19-4-2026\/\" class=\"more-link\">Read more<span class=\"more-link-arrow\"><\/span><\/a><\/div><footer class=\"entry-footer\"><\/footer><div class='post_delimiter'><\/div><\/div><div class=\"post_author_timeline\"><\/div><span class='hidden'>\n\t\t\t\t<span class='av-structured-data'  itemprop=\"image\" itemscope=\"itemscope\" itemtype=\"https:\/\/schema.org\/ImageObject\" >\n\t\t\t\t\t\t<span itemprop='url'>https:\/\/kylkirauta.fi\/wp-content\/uploads\/2020\/02\/kkunta_weblogo-100x100-1.png<\/span>\n\t\t\t\t\t\t<span itemprop='height'>0<\/span>\n\t\t\t\t\t\t<span itemprop='width'>0<\/span>\n\t\t\t\t<\/span>\n\t\t\t\t<span class='av-structured-data'  itemprop=\"publisher\" itemtype=\"https:\/\/schema.org\/Organization\" itemscope=\"itemscope\" >\n\t\t\t\t\t\t<span itemprop='name'>Kari Sainio<\/span>\n\t\t\t\t\t\t<span itemprop='logo' itemscope itemtype='https:\/\/schema.org\/ImageObject'>\n\t\t\t\t\t\t\t<span itemprop='url'>https:\/\/kylkirauta.fi\/wp-content\/uploads\/2020\/02\/kkunta_weblogo-100x100-1.png<\/span>\n\t\t\t\t\t\t<\/span>\n\t\t\t\t<\/span><span class='av-structured-data'  itemprop=\"author\" itemscope=\"itemscope\" itemtype=\"https:\/\/schema.org\/Person\" ><span itemprop='name'>Kari Sainio<\/span><\/span><span class='av-structured-data'  itemprop=\"datePublished\" datetime=\"2026-02-27T11:48:22+02:00\" >2026-02-27 11:48:22<\/span><span class='av-structured-data'  itemprop=\"dateModified\" itemtype=\"https:\/\/schema.org\/dateModified\" >2026-02-27 11:48:54<\/span><span class='av-structured-data'  itemprop=\"mainEntityOfPage\" itemtype=\"https:\/\/schema.org\/mainEntityOfPage\" ><span itemprop='name'>Kaaderilaulajien ja Kadettikuoron konsertti Ukrainan tukemiseksi 19.4.2026<\/span><\/span><\/span><\/article><article class=\"post-entry post-entry-type-standard post-entry-8777 post-loop-6 post-parity-even bloglist-excerpt  post-8777 post type-post status-publish format-standard hentry category-ajankohtaista\"  itemscope=\"itemscope\" itemtype=\"https:\/\/schema.org\/BlogPosting\" ><div class=\"blog-meta\"><\/div><div class='entry-content-wrapper clearfix standard-content'><header class=\"entry-content-header\"><h2 class='post-title entry-title '  itemprop=\"headline\" ><a href=\"https:\/\/kylkirauta.fi\/index.php\/2026\/02\/18\/werner-hacklinin-saation-kevaan-2026-apurahat-haettavissa\/\" rel=\"bookmark\" title=\"Permanent Link: Werner Hacklinin s\u00e4\u00e4ti\u00f6n kev\u00e4\u00e4n 2026 apurahat haettavissa\">Werner Hacklinin s\u00e4\u00e4ti\u00f6n kev\u00e4\u00e4n 2026 apurahat haettavissa<span class=\"post-format-icon minor-meta\"><\/span><\/a><\/h2><span class=\"post-meta-infos\"><time class=\"date-container minor-meta updated\"  itemprop=\"datePublished\" datetime=\"2026-02-18T10:28:13+02:00\" >18.2.2026<\/time><span class=\"text-sep\">\/<\/span><span class=\"blog-categories minor-meta\">in <a href=\"https:\/\/kylkirauta.fi\/index.php\/category\/ajankohtaista\/\" rel=\"tag\">Ajankohtaista<\/a><\/span><span class=\"text-sep\">\/<\/span><span class=\"blog-author minor-meta\">by <span class=\"entry-author-link\"  itemprop=\"author\" ><span class=\"author\"><span class=\"fn\"><a href=\"https:\/\/kylkirauta.fi\/index.php\/author\/karisain\/\" title=\"Kirjoittanut: Kari Sainio\" rel=\"author\">Kari Sainio<\/a><\/span><\/span><\/span><\/span><\/span><\/header><div class=\"read-more-link\"><a href=\"https:\/\/kylkirauta.fi\/index.php\/2026\/02\/18\/werner-hacklinin-saation-kevaan-2026-apurahat-haettavissa\/\" class=\"more-link\">Read more<span class=\"more-link-arrow\"><\/span><\/a><\/div><footer class=\"entry-footer\"><\/footer><div class='post_delimiter'><\/div><\/div><div class=\"post_author_timeline\"><\/div><span class='hidden'>\n\t\t\t\t<span class='av-structured-data'  itemprop=\"image\" itemscope=\"itemscope\" itemtype=\"https:\/\/schema.org\/ImageObject\" >\n\t\t\t\t\t\t<span itemprop='url'>https:\/\/kylkirauta.fi\/wp-content\/uploads\/2020\/02\/kkunta_weblogo-100x100-1.png<\/span>\n\t\t\t\t\t\t<span itemprop='height'>0<\/span>\n\t\t\t\t\t\t<span itemprop='width'>0<\/span>\n\t\t\t\t<\/span>\n\t\t\t\t<span class='av-structured-data'  itemprop=\"publisher\" itemtype=\"https:\/\/schema.org\/Organization\" itemscope=\"itemscope\" >\n\t\t\t\t\t\t<span itemprop='name'>Kari Sainio<\/span>\n\t\t\t\t\t\t<span itemprop='logo' itemscope itemtype='https:\/\/schema.org\/ImageObject'>\n\t\t\t\t\t\t\t<span itemprop='url'>https:\/\/kylkirauta.fi\/wp-content\/uploads\/2020\/02\/kkunta_weblogo-100x100-1.png<\/span>\n\t\t\t\t\t\t<\/span>\n\t\t\t\t<\/span><span class='av-structured-data'  itemprop=\"author\" itemscope=\"itemscope\" itemtype=\"https:\/\/schema.org\/Person\" ><span itemprop='name'>Kari Sainio<\/span><\/span><span class='av-structured-data'  itemprop=\"datePublished\" datetime=\"2026-02-18T10:28:13+02:00\" >2026-02-18 10:28:13<\/span><span class='av-structured-data'  itemprop=\"dateModified\" itemtype=\"https:\/\/schema.org\/dateModified\" >2026-02-23 17:17:45<\/span><span class='av-structured-data'  itemprop=\"mainEntityOfPage\" itemtype=\"https:\/\/schema.org\/mainEntityOfPage\" ><span itemprop='name'>Werner Hacklinin s\u00e4\u00e4ti\u00f6n kev\u00e4\u00e4n 2026 apurahat haettavissa<\/span><\/span><\/span><\/article><article class=\"post-entry post-entry-type-standard post-entry-8772 post-loop-7 post-parity-odd bloglist-excerpt  post-8772 post type-post status-publish format-standard hentry category-ajankohtaista\"  itemscope=\"itemscope\" itemtype=\"https:\/\/schema.org\/BlogPosting\" ><div class=\"blog-meta\"><\/div><div class='entry-content-wrapper clearfix standard-content'><header class=\"entry-content-header\"><h2 class='post-title entry-title '  itemprop=\"headline\" ><a href=\"https:\/\/kylkirauta.fi\/index.php\/2026\/02\/17\/maanpuolustuskorkeakoulu-hakee-evp-upseereita-kadettien-mentoritoimintaan-2026-2027\/\" rel=\"bookmark\" title=\"Permanent Link: Maanpuolustuskorkeakoulu hakee evp-upseereita kadettien mentoritoimintaan 2026-2027\">Maanpuolustuskorkeakoulu hakee evp-upseereita kadettien mentoritoimintaan 2026-2027<span class=\"post-format-icon minor-meta\"><\/span><\/a><\/h2><span class=\"post-meta-infos\"><time class=\"date-container minor-meta updated\"  itemprop=\"datePublished\" datetime=\"2026-02-17T10:19:52+02:00\" >17.2.2026<\/time><span class=\"text-sep\">\/<\/span><span class=\"blog-categories minor-meta\">in <a href=\"https:\/\/kylkirauta.fi\/index.php\/category\/ajankohtaista\/\" rel=\"tag\">Ajankohtaista<\/a><\/span><span class=\"text-sep\">\/<\/span><span class=\"blog-author minor-meta\">by <span class=\"entry-author-link\"  itemprop=\"author\" ><span class=\"author\"><span class=\"fn\"><a href=\"https:\/\/kylkirauta.fi\/index.php\/author\/karisain\/\" title=\"Kirjoittanut: Kari Sainio\" rel=\"author\">Kari Sainio<\/a><\/span><\/span><\/span><\/span><\/span><\/header><p>\ufeff\ufeff<\/p>\n<div class=\"read-more-link\"><a href=\"https:\/\/kylkirauta.fi\/index.php\/2026\/02\/17\/maanpuolustuskorkeakoulu-hakee-evp-upseereita-kadettien-mentoritoimintaan-2026-2027\/\" class=\"more-link\">Read more<span class=\"more-link-arrow\"><\/span><\/a><\/div><footer class=\"entry-footer\"><\/footer><div class='post_delimiter'><\/div><\/div><div class=\"post_author_timeline\"><\/div><span class='hidden'>\n\t\t\t\t<span class='av-structured-data'  itemprop=\"image\" itemscope=\"itemscope\" itemtype=\"https:\/\/schema.org\/ImageObject\" >\n\t\t\t\t\t\t<span itemprop='url'>https:\/\/kylkirauta.fi\/wp-content\/uploads\/2020\/02\/kkunta_weblogo-100x100-1.png<\/span>\n\t\t\t\t\t\t<span itemprop='height'>0<\/span>\n\t\t\t\t\t\t<span itemprop='width'>0<\/span>\n\t\t\t\t<\/span>\n\t\t\t\t<span class='av-structured-data'  itemprop=\"publisher\" itemtype=\"https:\/\/schema.org\/Organization\" itemscope=\"itemscope\" >\n\t\t\t\t\t\t<span itemprop='name'>Kari Sainio<\/span>\n\t\t\t\t\t\t<span itemprop='logo' itemscope itemtype='https:\/\/schema.org\/ImageObject'>\n\t\t\t\t\t\t\t<span itemprop='url'>https:\/\/kylkirauta.fi\/wp-content\/uploads\/2020\/02\/kkunta_weblogo-100x100-1.png<\/span>\n\t\t\t\t\t\t<\/span>\n\t\t\t\t<\/span><span class='av-structured-data'  itemprop=\"author\" itemscope=\"itemscope\" itemtype=\"https:\/\/schema.org\/Person\" ><span itemprop='name'>Kari Sainio<\/span><\/span><span class='av-structured-data'  itemprop=\"datePublished\" datetime=\"2026-02-17T10:19:52+02:00\" >2026-02-17 10:19:52<\/span><span class='av-structured-data'  itemprop=\"dateModified\" itemtype=\"https:\/\/schema.org\/dateModified\" >2026-02-23 17:18:14<\/span><span class='av-structured-data'  itemprop=\"mainEntityOfPage\" itemtype=\"https:\/\/schema.org\/mainEntityOfPage\" ><span itemprop='name'>Maanpuolustuskorkeakoulu hakee evp-upseereita kadettien mentoritoimintaan 2026-2027<\/span><\/span><\/span><\/article><article class=\"post-entry post-entry-type-standard post-entry-8702 post-loop-8 post-parity-even bloglist-excerpt  post-8702 post type-post status-publish format-standard hentry category-ajankohtaista\"  itemscope=\"itemscope\" itemtype=\"https:\/\/schema.org\/BlogPosting\" ><div class=\"blog-meta\"><\/div><div class='entry-content-wrapper clearfix standard-content'><header class=\"entry-content-header\"><h2 class='post-title entry-title '  itemprop=\"headline\" ><a href=\"https:\/\/kylkirauta.fi\/index.php\/2026\/01\/01\/tasavallan-presidentti-alexander-stubbin-uudenvuodenpuhe-1-1-2026\/\" rel=\"bookmark\" title=\"Permanent Link: Tasavallan presidentti Alexander Stubbin uudenvuodenpuhe 1.1.2026\">Tasavallan presidentti Alexander Stubbin uudenvuodenpuhe 1.1.2026<span class=\"post-format-icon minor-meta\"><\/span><\/a><\/h2><span class=\"post-meta-infos\"><time class=\"date-container minor-meta updated\"  itemprop=\"datePublished\" datetime=\"2026-01-01T13:09:50+02:00\" >1.1.2026<\/time><span class=\"text-sep\">\/<\/span><span class=\"blog-categories minor-meta\">in <a href=\"https:\/\/kylkirauta.fi\/index.php\/category\/ajankohtaista\/\" rel=\"tag\">Ajankohtaista<\/a><\/span><span class=\"text-sep\">\/<\/span><span class=\"blog-author minor-meta\">by <span class=\"entry-author-link\"  itemprop=\"author\" ><span class=\"author\"><span class=\"fn\"><a href=\"https:\/\/kylkirauta.fi\/index.php\/author\/karisain\/\" title=\"Kirjoittanut: Kari Sainio\" rel=\"author\">Kari Sainio<\/a><\/span><\/span><\/span><\/span><\/span><\/header><div class=\"read-more-link\"><a href=\"https:\/\/kylkirauta.fi\/index.php\/2026\/01\/01\/tasavallan-presidentti-alexander-stubbin-uudenvuodenpuhe-1-1-2026\/\" class=\"more-link\">Read more<span class=\"more-link-arrow\"><\/span><\/a><\/div><footer class=\"entry-footer\"><\/footer><div class='post_delimiter'><\/div><\/div><div class=\"post_author_timeline\"><\/div><span class='hidden'>\n\t\t\t\t<span class='av-structured-data'  itemprop=\"image\" itemscope=\"itemscope\" itemtype=\"https:\/\/schema.org\/ImageObject\" >\n\t\t\t\t\t\t<span itemprop='url'>https:\/\/kylkirauta.fi\/wp-content\/uploads\/2020\/02\/kkunta_weblogo-100x100-1.png<\/span>\n\t\t\t\t\t\t<span itemprop='height'>0<\/span>\n\t\t\t\t\t\t<span itemprop='width'>0<\/span>\n\t\t\t\t<\/span>\n\t\t\t\t<span class='av-structured-data'  itemprop=\"publisher\" itemtype=\"https:\/\/schema.org\/Organization\" itemscope=\"itemscope\" >\n\t\t\t\t\t\t<span itemprop='name'>Kari Sainio<\/span>\n\t\t\t\t\t\t<span itemprop='logo' itemscope itemtype='https:\/\/schema.org\/ImageObject'>\n\t\t\t\t\t\t\t<span itemprop='url'>https:\/\/kylkirauta.fi\/wp-content\/uploads\/2020\/02\/kkunta_weblogo-100x100-1.png<\/span>\n\t\t\t\t\t\t<\/span>\n\t\t\t\t<\/span><span class='av-structured-data'  itemprop=\"author\" itemscope=\"itemscope\" itemtype=\"https:\/\/schema.org\/Person\" ><span itemprop='name'>Kari Sainio<\/span><\/span><span class='av-structured-data'  itemprop=\"datePublished\" datetime=\"2026-01-01T13:09:50+02:00\" >2026-01-01 13:09:50<\/span><span class='av-structured-data'  itemprop=\"dateModified\" itemtype=\"https:\/\/schema.org\/dateModified\" >2026-01-15 10:27:31<\/span><span class='av-structured-data'  itemprop=\"mainEntityOfPage\" itemtype=\"https:\/\/schema.org\/mainEntityOfPage\" ><span itemprop='name'>Tasavallan presidentti Alexander Stubbin uudenvuodenpuhe 1.1.2026<\/span><\/span><\/span><\/article><article class=\"post-entry post-entry-type-standard post-entry-8615 post-loop-9 post-parity-odd bloglist-excerpt  post-8615 post type-post status-publish format-standard hentry category-115 category-ajankohtaista\"  itemscope=\"itemscope\" itemtype=\"https:\/\/schema.org\/BlogPosting\" ><div class=\"blog-meta\"><\/div><div class='entry-content-wrapper clearfix standard-content'><header class=\"entry-content-header\"><h2 class='post-title entry-title '  itemprop=\"headline\" ><a href=\"https:\/\/kylkirauta.fi\/index.php\/2025\/12\/17\/kadettikunnan-turvallisuuspolitiikan-tietopankki-on-paivitetty-3\/\" rel=\"bookmark\" title=\"Permanent Link: Kadettikunnan Turvallisuuspolitiikan tietopankki on p\u00e4ivitetty\">Kadettikunnan Turvallisuuspolitiikan tietopankki on p\u00e4ivitetty<span class=\"post-format-icon minor-meta\"><\/span><\/a><\/h2><span class=\"post-meta-infos\"><time class=\"date-container minor-meta updated\"  itemprop=\"datePublished\" datetime=\"2025-12-17T12:12:42+02:00\" >17.12.2025<\/time><span class=\"text-sep\">\/<\/span><span class=\"blog-categories minor-meta\">in <a href=\"https:\/\/kylkirauta.fi\/index.php\/category\/2025\/\" rel=\"tag\">2025<\/a>, <a href=\"https:\/\/kylkirauta.fi\/index.php\/category\/ajankohtaista\/\" rel=\"tag\">Ajankohtaista<\/a><\/span><span class=\"text-sep\">\/<\/span><span class=\"blog-author minor-meta\">by <span class=\"entry-author-link\"  itemprop=\"author\" ><span class=\"author\"><span class=\"fn\"><a href=\"https:\/\/kylkirauta.fi\/index.php\/author\/karisain\/\" title=\"Kirjoittanut: Kari Sainio\" rel=\"author\">Kari Sainio<\/a><\/span><\/span><\/span><\/span><\/span><\/header><div class=\"read-more-link\"><a href=\"https:\/\/kylkirauta.fi\/index.php\/2025\/12\/17\/kadettikunnan-turvallisuuspolitiikan-tietopankki-on-paivitetty-3\/\" class=\"more-link\">Read more<span class=\"more-link-arrow\"><\/span><\/a><\/div><footer class=\"entry-footer\"><\/footer><div class='post_delimiter'><\/div><\/div><div class=\"post_author_timeline\"><\/div><span class='hidden'>\n\t\t\t\t<span class='av-structured-data'  itemprop=\"image\" itemscope=\"itemscope\" itemtype=\"https:\/\/schema.org\/ImageObject\" >\n\t\t\t\t\t\t<span itemprop='url'>https:\/\/kylkirauta.fi\/wp-content\/uploads\/2020\/02\/kkunta_weblogo-100x100-1.png<\/span>\n\t\t\t\t\t\t<span itemprop='height'>0<\/span>\n\t\t\t\t\t\t<span itemprop='width'>0<\/span>\n\t\t\t\t<\/span>\n\t\t\t\t<span class='av-structured-data'  itemprop=\"publisher\" itemtype=\"https:\/\/schema.org\/Organization\" itemscope=\"itemscope\" >\n\t\t\t\t\t\t<span itemprop='name'>Kari Sainio<\/span>\n\t\t\t\t\t\t<span itemprop='logo' itemscope itemtype='https:\/\/schema.org\/ImageObject'>\n\t\t\t\t\t\t\t<span itemprop='url'>https:\/\/kylkirauta.fi\/wp-content\/uploads\/2020\/02\/kkunta_weblogo-100x100-1.png<\/span>\n\t\t\t\t\t\t<\/span>\n\t\t\t\t<\/span><span class='av-structured-data'  itemprop=\"author\" itemscope=\"itemscope\" itemtype=\"https:\/\/schema.org\/Person\" ><span itemprop='name'>Kari Sainio<\/span><\/span><span class='av-structured-data'  itemprop=\"datePublished\" datetime=\"2025-12-17T12:12:42+02:00\" >2025-12-17 12:12:42<\/span><span class='av-structured-data'  itemprop=\"dateModified\" itemtype=\"https:\/\/schema.org\/dateModified\" >2025-12-17 12:12:42<\/span><span class='av-structured-data'  itemprop=\"mainEntityOfPage\" itemtype=\"https:\/\/schema.org\/mainEntityOfPage\" ><span itemprop='name'>Kadettikunnan Turvallisuuspolitiikan tietopankki on p\u00e4ivitetty<\/span><\/span><\/span><\/article><article class=\"post-entry post-entry-type-standard post-entry-8535 post-loop-10 post-parity-even post-entry-last bloglist-excerpt  post-8535 post type-post status-publish format-standard hentry category-115 category-ajankohtaista\"  itemscope=\"itemscope\" itemtype=\"https:\/\/schema.org\/BlogPosting\" ><div class=\"blog-meta\"><\/div><div class='entry-content-wrapper clearfix standard-content'><header class=\"entry-content-header\"><h2 class='post-title entry-title '  itemprop=\"headline\" ><a href=\"https:\/\/kylkirauta.fi\/index.php\/2025\/12\/13\/kylkirauta-4-2025-ilmestyy-19-12-teemalla-tyynimeri\/\" rel=\"bookmark\" title=\"Permanent Link: Kylkirauta 4\/2025 ilmestyy 19.12. teemalla\u00a0\u201dTyynimeri\u201d\">Kylkirauta 4\/2025 ilmestyy 19.12. teemalla\u00a0\u201dTyynimeri\u201d<span class=\"post-format-icon minor-meta\"><\/span><\/a><\/h2><span class=\"post-meta-infos\"><time class=\"date-container minor-meta updated\"  itemprop=\"datePublished\" datetime=\"2025-12-13T13:31:55+02:00\" >13.12.2025<\/time><span class=\"text-sep\">\/<\/span><span class=\"blog-categories minor-meta\">in <a href=\"https:\/\/kylkirauta.fi\/index.php\/category\/2025\/\" rel=\"tag\">2025<\/a>, <a href=\"https:\/\/kylkirauta.fi\/index.php\/category\/ajankohtaista\/\" rel=\"tag\">Ajankohtaista<\/a><\/span><span class=\"text-sep\">\/<\/span><span class=\"blog-author minor-meta\">by <span class=\"entry-author-link\"  itemprop=\"author\" ><span class=\"author\"><span class=\"fn\"><a href=\"https:\/\/kylkirauta.fi\/index.php\/author\/karisain\/\" title=\"Kirjoittanut: Kari Sainio\" rel=\"author\">Kari Sainio<\/a><\/span><\/span><\/span><\/span><\/span><\/header><div class=\"read-more-link\"><a href=\"https:\/\/kylkirauta.fi\/index.php\/2025\/12\/13\/kylkirauta-4-2025-ilmestyy-19-12-teemalla-tyynimeri\/\" class=\"more-link\">Read more<span class=\"more-link-arrow\"><\/span><\/a><\/div><footer class=\"entry-footer\"><\/footer><div class='post_delimiter'><\/div><\/div><div class=\"post_author_timeline\"><\/div><span class='hidden'>\n\t\t\t\t<span class='av-structured-data'  itemprop=\"image\" itemscope=\"itemscope\" itemtype=\"https:\/\/schema.org\/ImageObject\" >\n\t\t\t\t\t\t<span itemprop='url'>https:\/\/kylkirauta.fi\/wp-content\/uploads\/2020\/02\/kkunta_weblogo-100x100-1.png<\/span>\n\t\t\t\t\t\t<span itemprop='height'>0<\/span>\n\t\t\t\t\t\t<span itemprop='width'>0<\/span>\n\t\t\t\t<\/span>\n\t\t\t\t<span class='av-structured-data'  itemprop=\"publisher\" itemtype=\"https:\/\/schema.org\/Organization\" itemscope=\"itemscope\" >\n\t\t\t\t\t\t<span itemprop='name'>Kari Sainio<\/span>\n\t\t\t\t\t\t<span itemprop='logo' itemscope itemtype='https:\/\/schema.org\/ImageObject'>\n\t\t\t\t\t\t\t<span itemprop='url'>https:\/\/kylkirauta.fi\/wp-content\/uploads\/2020\/02\/kkunta_weblogo-100x100-1.png<\/span>\n\t\t\t\t\t\t<\/span>\n\t\t\t\t<\/span><span class='av-structured-data'  itemprop=\"author\" itemscope=\"itemscope\" itemtype=\"https:\/\/schema.org\/Person\" ><span itemprop='name'>Kari Sainio<\/span><\/span><span class='av-structured-data'  itemprop=\"datePublished\" datetime=\"2025-12-13T13:31:55+02:00\" >2025-12-13 13:31:55<\/span><span class='av-structured-data'  itemprop=\"dateModified\" itemtype=\"https:\/\/schema.org\/dateModified\" >2025-12-15 12:55:47<\/span><span class='av-structured-data'  itemprop=\"mainEntityOfPage\" itemtype=\"https:\/\/schema.org\/mainEntityOfPage\" ><span itemprop='name'>Kylkirauta 4\/2025 ilmestyy 19.12. teemalla\u00a0\u201dTyynimeri\u201d<\/span><\/span><\/span><\/article><div class='bloglist-excerpt'><nav class='pagination'><span class='pagination-meta'>Page 1 of 14<\/span><span class='current'>1<\/span><a href='https:\/\/kylkirauta.fi\/index.php\/wp-json\/wp\/v2\/posts\/6764\/page\/2\/' class='inactive next_page' >2<\/a><a href='https:\/\/kylkirauta.fi\/index.php\/wp-json\/wp\/v2\/posts\/6764\/page\/3\/' class='inactive' >3<\/a><a href='https:\/\/kylkirauta.fi\/index.php\/wp-json\/wp\/v2\/posts\/6764\/page\/2\/'>&rsaquo;<\/a><a href='https:\/\/kylkirauta.fi\/index.php\/wp-json\/wp\/v2\/posts\/6764\/page\/14\/'>&raquo;<\/a><\/nav>\n<\/div><\/div>\n","protected":false},"excerpt":{"rendered":"","protected":false},"author":3,"featured_media":0,"comment_status":"closed","ping_status":"closed","sticky":false,"template":"","format":"standard","meta":{"footnotes":""},"categories":[100,14],"tags":[],"class_list":["post-6764","post","type-post","status-publish","format-standard","hentry","category-100","category-ajankohtaista"],"yoast_head":"<!-- This site is optimized with the Yoast SEO plugin v27.5 - https:\/\/yoast.com\/product\/yoast-seo-wordpress\/ -->\n<title>Ylennykset itsen\u00e4isyysp\u00e4iv\u00e4n\u00e4 6.12.2023 - Kylkirauta<\/title>\n<meta name=\"robots\" content=\"index, follow, max-snippet:-1, max-image-preview:large, max-video-preview:-1\" \/>\n<link rel=\"canonical\" href=\"https:\/\/kylkirauta.fi\/index.php\/2023\/12\/05\/ylennykset-itsenaisyyspaivana-6-12-2023\/\" \/>\n<meta property=\"og:locale\" content=\"fi_FI\" \/>\n<meta property=\"og:type\" content=\"article\" \/>\n<meta property=\"og:title\" content=\"Ylennykset itsen\u00e4isyysp\u00e4iv\u00e4n\u00e4 6.12.2023 - Kylkirauta\" \/>\n<meta property=\"og:url\" content=\"https:\/\/kylkirauta.fi\/index.php\/2023\/12\/05\/ylennykset-itsenaisyyspaivana-6-12-2023\/\" \/>\n<meta property=\"og:site_name\" content=\"Kylkirauta\" \/>\n<meta property=\"article:published_time\" content=\"2023-12-05T23:03:24+00:00\" \/>\n<meta property=\"article:modified_time\" content=\"2023-12-05T23:04:50+00:00\" \/>\n<meta name=\"author\" content=\"Kari Sainio\" \/>\n<meta name=\"twitter:card\" content=\"summary_large_image\" \/>\n<meta name=\"twitter:label1\" content=\"Kirjoittanut\" \/>\n\t<meta name=\"twitter:data1\" content=\"Kari Sainio\" \/>\n\t<meta name=\"twitter:label2\" content=\"Arvioitu lukuaika\" \/>\n\t<meta name=\"twitter:data2\" content=\"3 minuuttia\" \/>\n<script type=\"application\/ld+json\" class=\"yoast-schema-graph\">{\"@context\":\"https:\\\/\\\/schema.org\",\"@graph\":[{\"@type\":\"Article\",\"@id\":\"https:\\\/\\\/kylkirauta.fi\\\/index.php\\\/2023\\\/12\\\/05\\\/ylennykset-itsenaisyyspaivana-6-12-2023\\\/#article\",\"isPartOf\":{\"@id\":\"https:\\\/\\\/kylkirauta.fi\\\/index.php\\\/2023\\\/12\\\/05\\\/ylennykset-itsenaisyyspaivana-6-12-2023\\\/\"},\"author\":{\"name\":\"Kari Sainio\",\"@id\":\"https:\\\/\\\/kylkirauta.fi\\\/#\\\/schema\\\/person\\\/714ab39a349c656b20d60a239be1d6f6\"},\"headline\":\"Ylennykset itsen\u00e4isyysp\u00e4iv\u00e4n\u00e4 6.12.2023\",\"datePublished\":\"2023-12-05T23:03:24+00:00\",\"dateModified\":\"2023-12-05T23:04:50+00:00\",\"mainEntityOfPage\":{\"@id\":\"https:\\\/\\\/kylkirauta.fi\\\/index.php\\\/2023\\\/12\\\/05\\\/ylennykset-itsenaisyyspaivana-6-12-2023\\\/\"},\"wordCount\":542,\"articleSection\":[\"2023\",\"Ajankohtaista\"],\"inLanguage\":\"fi\"},{\"@type\":\"WebPage\",\"@id\":\"https:\\\/\\\/kylkirauta.fi\\\/index.php\\\/2023\\\/12\\\/05\\\/ylennykset-itsenaisyyspaivana-6-12-2023\\\/\",\"url\":\"https:\\\/\\\/kylkirauta.fi\\\/index.php\\\/2023\\\/12\\\/05\\\/ylennykset-itsenaisyyspaivana-6-12-2023\\\/\",\"name\":\"Ylennykset itsen\u00e4isyysp\u00e4iv\u00e4n\u00e4 6.12.2023 - Kylkirauta\",\"isPartOf\":{\"@id\":\"https:\\\/\\\/kylkirauta.fi\\\/#website\"},\"datePublished\":\"2023-12-05T23:03:24+00:00\",\"dateModified\":\"2023-12-05T23:04:50+00:00\",\"author\":{\"@id\":\"https:\\\/\\\/kylkirauta.fi\\\/#\\\/schema\\\/person\\\/714ab39a349c656b20d60a239be1d6f6\"},\"breadcrumb\":{\"@id\":\"https:\\\/\\\/kylkirauta.fi\\\/index.php\\\/2023\\\/12\\\/05\\\/ylennykset-itsenaisyyspaivana-6-12-2023\\\/#breadcrumb\"},\"inLanguage\":\"fi\",\"potentialAction\":[{\"@type\":\"ReadAction\",\"target\":[\"https:\\\/\\\/kylkirauta.fi\\\/index.php\\\/2023\\\/12\\\/05\\\/ylennykset-itsenaisyyspaivana-6-12-2023\\\/\"]}]},{\"@type\":\"BreadcrumbList\",\"@id\":\"https:\\\/\\\/kylkirauta.fi\\\/index.php\\\/2023\\\/12\\\/05\\\/ylennykset-itsenaisyyspaivana-6-12-2023\\\/#breadcrumb\",\"itemListElement\":[{\"@type\":\"ListItem\",\"position\":1,\"name\":\"Home\",\"item\":\"https:\\\/\\\/kylkirauta.fi\\\/index.php\\\/home\\\/\"},{\"@type\":\"ListItem\",\"position\":2,\"name\":\"Ylennykset itsen\u00e4isyysp\u00e4iv\u00e4n\u00e4 6.12.2023\"}]},{\"@type\":\"WebSite\",\"@id\":\"https:\\\/\\\/kylkirauta.fi\\\/#website\",\"url\":\"https:\\\/\\\/kylkirauta.fi\\\/\",\"name\":\"Kylkirauta\",\"description\":\"Kadettiupseerit yhteiskunnan palveluksessa\",\"potentialAction\":[{\"@type\":\"SearchAction\",\"target\":{\"@type\":\"EntryPoint\",\"urlTemplate\":\"https:\\\/\\\/kylkirauta.fi\\\/?s={search_term_string}\"},\"query-input\":{\"@type\":\"PropertyValueSpecification\",\"valueRequired\":true,\"valueName\":\"search_term_string\"}}],\"inLanguage\":\"fi\"},{\"@type\":\"Person\",\"@id\":\"https:\\\/\\\/kylkirauta.fi\\\/#\\\/schema\\\/person\\\/714ab39a349c656b20d60a239be1d6f6\",\"name\":\"Kari Sainio\",\"sameAs\":[\"http:\\\/\\\/www.kylkirauta.fi\"],\"url\":\"https:\\\/\\\/kylkirauta.fi\\\/index.php\\\/author\\\/karisain\\\/\"}]}<\/script>\n<!-- \/ Yoast SEO plugin. -->","yoast_head_json":{"title":"Ylennykset itsen\u00e4isyysp\u00e4iv\u00e4n\u00e4 6.12.2023 - Kylkirauta","robots":{"index":"index","follow":"follow","max-snippet":"max-snippet:-1","max-image-preview":"max-image-preview:large","max-video-preview":"max-video-preview:-1"},"canonical":"https:\/\/kylkirauta.fi\/index.php\/2023\/12\/05\/ylennykset-itsenaisyyspaivana-6-12-2023\/","og_locale":"fi_FI","og_type":"article","og_title":"Ylennykset itsen\u00e4isyysp\u00e4iv\u00e4n\u00e4 6.12.2023 - Kylkirauta","og_url":"https:\/\/kylkirauta.fi\/index.php\/2023\/12\/05\/ylennykset-itsenaisyyspaivana-6-12-2023\/","og_site_name":"Kylkirauta","article_published_time":"2023-12-05T23:03:24+00:00","article_modified_time":"2023-12-05T23:04:50+00:00","author":"Kari Sainio","twitter_card":"summary_large_image","twitter_misc":{"Kirjoittanut":"Kari Sainio","Arvioitu lukuaika":"3 minuuttia"},"schema":{"@context":"https:\/\/schema.org","@graph":[{"@type":"Article","@id":"https:\/\/kylkirauta.fi\/index.php\/2023\/12\/05\/ylennykset-itsenaisyyspaivana-6-12-2023\/#article","isPartOf":{"@id":"https:\/\/kylkirauta.fi\/index.php\/2023\/12\/05\/ylennykset-itsenaisyyspaivana-6-12-2023\/"},"author":{"name":"Kari Sainio","@id":"https:\/\/kylkirauta.fi\/#\/schema\/person\/714ab39a349c656b20d60a239be1d6f6"},"headline":"Ylennykset itsen\u00e4isyysp\u00e4iv\u00e4n\u00e4 6.12.2023","datePublished":"2023-12-05T23:03:24+00:00","dateModified":"2023-12-05T23:04:50+00:00","mainEntityOfPage":{"@id":"https:\/\/kylkirauta.fi\/index.php\/2023\/12\/05\/ylennykset-itsenaisyyspaivana-6-12-2023\/"},"wordCount":542,"articleSection":["2023","Ajankohtaista"],"inLanguage":"fi"},{"@type":"WebPage","@id":"https:\/\/kylkirauta.fi\/index.php\/2023\/12\/05\/ylennykset-itsenaisyyspaivana-6-12-2023\/","url":"https:\/\/kylkirauta.fi\/index.php\/2023\/12\/05\/ylennykset-itsenaisyyspaivana-6-12-2023\/","name":"Ylennykset itsen\u00e4isyysp\u00e4iv\u00e4n\u00e4 6.12.2023 - Kylkirauta","isPartOf":{"@id":"https:\/\/kylkirauta.fi\/#website"},"datePublished":"2023-12-05T23:03:24+00:00","dateModified":"2023-12-05T23:04:50+00:00","author":{"@id":"https:\/\/kylkirauta.fi\/#\/schema\/person\/714ab39a349c656b20d60a239be1d6f6"},"breadcrumb":{"@id":"https:\/\/kylkirauta.fi\/index.php\/2023\/12\/05\/ylennykset-itsenaisyyspaivana-6-12-2023\/#breadcrumb"},"inLanguage":"fi","potentialAction":[{"@type":"ReadAction","target":["https:\/\/kylkirauta.fi\/index.php\/2023\/12\/05\/ylennykset-itsenaisyyspaivana-6-12-2023\/"]}]},{"@type":"BreadcrumbList","@id":"https:\/\/kylkirauta.fi\/index.php\/2023\/12\/05\/ylennykset-itsenaisyyspaivana-6-12-2023\/#breadcrumb","itemListElement":[{"@type":"ListItem","position":1,"name":"Home","item":"https:\/\/kylkirauta.fi\/index.php\/home\/"},{"@type":"ListItem","position":2,"name":"Ylennykset itsen\u00e4isyysp\u00e4iv\u00e4n\u00e4 6.12.2023"}]},{"@type":"WebSite","@id":"https:\/\/kylkirauta.fi\/#website","url":"https:\/\/kylkirauta.fi\/","name":"Kylkirauta","description":"Kadettiupseerit yhteiskunnan palveluksessa","potentialAction":[{"@type":"SearchAction","target":{"@type":"EntryPoint","urlTemplate":"https:\/\/kylkirauta.fi\/?s={search_term_string}"},"query-input":{"@type":"PropertyValueSpecification","valueRequired":true,"valueName":"search_term_string"}}],"inLanguage":"fi"},{"@type":"Person","@id":"https:\/\/kylkirauta.fi\/#\/schema\/person\/714ab39a349c656b20d60a239be1d6f6","name":"Kari Sainio","sameAs":["http:\/\/www.kylkirauta.fi"],"url":"https:\/\/kylkirauta.fi\/index.php\/author\/karisain\/"}]}},"_links":{"self":[{"href":"https:\/\/kylkirauta.fi\/index.php\/wp-json\/wp\/v2\/posts\/6764","targetHints":{"allow":["GET"]}}],"collection":[{"href":"https:\/\/kylkirauta.fi\/index.php\/wp-json\/wp\/v2\/posts"}],"about":[{"href":"https:\/\/kylkirauta.fi\/index.php\/wp-json\/wp\/v2\/types\/post"}],"author":[{"embeddable":true,"href":"https:\/\/kylkirauta.fi\/index.php\/wp-json\/wp\/v2\/users\/3"}],"replies":[{"embeddable":true,"href":"https:\/\/kylkirauta.fi\/index.php\/wp-json\/wp\/v2\/comments?post=6764"}],"version-history":[{"count":3,"href":"https:\/\/kylkirauta.fi\/index.php\/wp-json\/wp\/v2\/posts\/6764\/revisions"}],"predecessor-version":[{"id":6767,"href":"https:\/\/kylkirauta.fi\/index.php\/wp-json\/wp\/v2\/posts\/6764\/revisions\/6767"}],"wp:attachment":[{"href":"https:\/\/kylkirauta.fi\/index.php\/wp-json\/wp\/v2\/media?parent=6764"}],"wp:term":[{"taxonomy":"category","embeddable":true,"href":"https:\/\/kylkirauta.fi\/index.php\/wp-json\/wp\/v2\/categories?post=6764"},{"taxonomy":"post_tag","embeddable":true,"href":"https:\/\/kylkirauta.fi\/index.php\/wp-json\/wp\/v2\/tags?post=6764"}],"curies":[{"name":"wp","href":"https:\/\/api.w.org\/{rel}","templated":true}]}}