{"id":6712,"date":"2023-09-10T09:08:27","date_gmt":"2023-09-10T09:08:27","guid":{"rendered":"https:\/\/kylkirauta.fi\/?p=6712"},"modified":"2023-12-15T13:03:33","modified_gmt":"2023-12-15T13:03:33","slug":"risto-sinkko-nato-ja-eu-suomen-turvallisuuspolitiikassa-molempi-parempi","status":"publish","type":"post","link":"https:\/\/kylkirauta.fi\/index.php\/2023\/09\/10\/risto-sinkko-nato-ja-eu-suomen-turvallisuuspolitiikassa-molempi-parempi\/","title":{"rendered":"Risto Sinkko: Nato ja EU Suomen turvallisuuspolitiikassa \u2013 molempi parempi?"},"content":{"rendered":"\n<style type=\"text\/css\" data-created_by=\"avia_inline_auto\" id=\"style-css-av-km4zs-0614ada41eb3461e6efbb361dfbae970\">\n.flex_column.av-km4zs-0614ada41eb3461e6efbb361dfbae970{\nborder-radius:0px 0px 0px 0px;\npadding:0px 0px 0px 0px;\n}\n<\/style>\n<div  class='flex_column av-km4zs-0614ada41eb3461e6efbb361dfbae970 av_one_full  avia-builder-el-0  el_before_av_hr  avia-builder-el-first  first flex_column_div av-zero-column-padding  '     ><p>\n<style type=\"text\/css\" data-created_by=\"avia_inline_auto\" id=\"style-css-av-av_heading-734a6c8b00d46c6cb334602bcf27ee91\">\n#top .av-special-heading.av-av_heading-734a6c8b00d46c6cb334602bcf27ee91{\npadding-bottom:10px;\n}\nbody .av-special-heading.av-av_heading-734a6c8b00d46c6cb334602bcf27ee91 .av-special-heading-tag .heading-char{\nfont-size:25px;\n}\n.av-special-heading.av-av_heading-734a6c8b00d46c6cb334602bcf27ee91 .av-subheading{\nfont-size:15px;\n}\n<\/style>\n<div  class='av-special-heading av-av_heading-734a6c8b00d46c6cb334602bcf27ee91 av-special-heading-h3  avia-builder-el-1  el_before_av_hr  avia-builder-el-first '><h3 class='av-special-heading-tag'  itemprop=\"headline\"  >Nato ja EU Suomen turvallisuuspolitiikassa \u2013 molempi parempi?<\/h3><div class=\"special-heading-border\"><div class=\"special-heading-inner-border\"><\/div><\/div><\/div><br \/>\n\n<style type=\"text\/css\" data-created_by=\"avia_inline_auto\" id=\"style-css-av-k5m7b9te-01401dd5e8beb25770de1be03f41ecf3\">\n#top .hr.hr-invisible.av-k5m7b9te-01401dd5e8beb25770de1be03f41ecf3{\nheight:30px;\n}\n<\/style>\n<div  class='hr av-k5m7b9te-01401dd5e8beb25770de1be03f41ecf3 hr-invisible  avia-builder-el-2  el_after_av_heading  el_before_av_textblock '><span class='hr-inner '><span class=\"hr-inner-style\"><\/span><\/span><\/div><br \/>\n<section  class='av_textblock_section av-k8d08-dea0f25c8df625cf22cbdeac32688808 '   itemscope=\"itemscope\" itemtype=\"https:\/\/schema.org\/BlogPosting\" itemprop=\"blogPost\" ><div class='avia_textblock'  itemprop=\"text\" ><div id=\"attachment_459\" style=\"width: 140px\" class=\"wp-caption alignright\"><img loading=\"lazy\" decoding=\"async\" aria-describedby=\"caption-attachment-459\" class=\"wp-image-459\" src=\"https:\/\/kylkirauta.fi\/wp-content\/uploads\/2019\/10\/Sinkko_uusi.jpeg\" alt=\"\" width=\"130\" height=\"177\" srcset=\"https:\/\/kylkirauta.fi\/wp-content\/uploads\/2019\/10\/Sinkko_uusi.jpeg 369w, https:\/\/kylkirauta.fi\/wp-content\/uploads\/2019\/10\/Sinkko_uusi-221x300.jpeg 221w\" sizes=\"auto, (max-width: 130px) 100vw, 130px\" \/><p id=\"caption-attachment-459\" class=\"wp-caption-text\">ST Risto Sinkko<\/p><\/div>\n<div class=\"\" data-block=\"true\" data-editor=\"d3t8s\" data-offset-key=\"83llj-0-0\">\n<div class=\"_1mf _1mj\" data-offset-key=\"83llj-0-0\">\n<p><strong><em>Puolustusliitto Naton j\u00e4senyyden my\u00f6t\u00e4 Suomi on osa Naton yhteist\u00e4 puolustusta ja p\u00e4\u00e4tt\u00e4m\u00e4ss\u00e4 Suomelle keskeisist\u00e4 turvallisuuspoliittisista kysymyksist\u00e4. Naton j\u00e4senyyden ohella Suomi on edelleen sitoutunut Euroopan unionin yhteisen turvallisuus- ja puolustuspolitiikan toteuttamiseen.<\/em><\/strong><\/p>\n<p>Suomalaisten mielipide k\u00e4\u00e4ntyi nopeasti Natoon liittymisen kannalle, kun Ven\u00e4j\u00e4 aloitti hy\u00f6kk\u00e4yksens\u00e4 Ukrainaan helmikuussa 2022.\u00a0 Nato-j\u00e4senyyden kannatus on my\u00f6s jatkunut vahvana. Valtioneuvoston kanslian 24.8.2023 julkaistun Kansalaispulssi-mielipidetutkimuksen mukaan Nato-j\u00e4senyys on vahvasti lis\u00e4nnyt kansalaisten turvallisuuden tunnetta.<\/p>\n<p>Viimeisimm\u00e4n \u00a0valtioneuvoston kanslian toteuttaman tutkimuksen (kuva alla) mukaan 81 prosenttia kyselyyn osallistuneista arvioi turvallisuuden tunteensa vahvistuneen merkitt\u00e4v\u00e4sti tai jonkin verran. Naiset kokevat turvallisuuden tunteensa vahventuneen jopa hieman enemm\u00e4n kuin miehet. Tutkimuksessa ei selvitetty turvallisuuden tunnetta kansalaisten poliittisen kannan mukaan.<\/p>\n<div id=\"attachment_6713\" style=\"width: 1040px\" class=\"wp-caption aligncenter\"><img loading=\"lazy\" decoding=\"async\" aria-describedby=\"caption-attachment-6713\" class=\"wp-image-6713 size-large\" src=\"https:\/\/kylkirauta.fi\/wp-content\/uploads\/2023\/09\/Kuva-1-08092023-1030x572.jpg\" alt=\"\" width=\"1030\" height=\"572\" srcset=\"https:\/\/kylkirauta.fi\/wp-content\/uploads\/2023\/09\/Kuva-1-08092023-1030x572.jpg 1030w, https:\/\/kylkirauta.fi\/wp-content\/uploads\/2023\/09\/Kuva-1-08092023-300x167.jpg 300w, https:\/\/kylkirauta.fi\/wp-content\/uploads\/2023\/09\/Kuva-1-08092023-768x426.jpg 768w, https:\/\/kylkirauta.fi\/wp-content\/uploads\/2023\/09\/Kuva-1-08092023-705x391.jpg 705w, https:\/\/kylkirauta.fi\/wp-content\/uploads\/2023\/09\/Kuva-1-08092023.jpg 1257w\" sizes=\"auto, (max-width: 1030px) 100vw, 1030px\" \/><p id=\"caption-attachment-6713\" class=\"wp-caption-text\">L\u00e4hde: Kansalaispulssi \u2013 47. kierros. VNK\/Strategiaosasto 2023.<\/p><\/div>\n<p>Natoon liittymist\u00e4 tarkastelleiden tutkimusten tuloksista tiedet\u00e4\u00e4n, ett\u00e4 viimeisen\u00e4 Natoon liittymisen kannatus nousi Vasemmistoliiton kannattajien ryhm\u00e4ss\u00e4 enemmist\u00f6n kannaksi. Poliittisen kannatustaustan tarkastelu kertoo my\u00f6s sen, ett\u00e4 liittymist\u00e4 ep\u00e4r\u00f6ivi\u00e4 oli my\u00f6s Perussuomalaisia kannattavien joukossa. Poliittiset \u00e4\u00e4rip\u00e4\u00e4t tavallaan tapaavatkin t\u00e4ss\u00e4 asiassa toisensa. Kiivainta Naton vastustus oli liittymisvaiheessa poliittisen janan kummassakin \u00e4\u00e4rip\u00e4\u00e4ss\u00e4 eduskuntapuolueiden ulkopuolella.<\/p>\n<p>Kansalaispulssissa on selvitetty rinnakkain kansalaisten luottamusta Euroopan unioniin ja Natoon (kuva alla). T\u00e4ss\u00e4 vertailussa kansalaisten luottamus kohdistuu enemm\u00e4n Natoon. Natoon luottavia on suomalaisista 80 prosenttia, Euroopan unioniin luottavia 64 prosenttia.<\/p>\n<p>Euroopan unionin toiminnassa saattaa olla tekij\u00f6it\u00e4, jotka kansalaiset kokevat luottamusta alentaviksi. N\u00e4it\u00e4 voivat olla esimerkiksi tuore keskustelu luonnon ennallistamisesta tai vaikkapa koronapandemian haittojen korjaamiseksi laadittu elpymisj\u00e4rjestelm\u00e4, niin sanottu NextGenerationEU.<\/p>\n<div id=\"attachment_6714\" style=\"width: 1040px\" class=\"wp-caption aligncenter\"><img loading=\"lazy\" decoding=\"async\" aria-describedby=\"caption-attachment-6714\" class=\"wp-image-6714 size-large\" src=\"https:\/\/kylkirauta.fi\/wp-content\/uploads\/2023\/09\/Kuva-2-08092023-1030x578.jpg\" alt=\"\" width=\"1030\" height=\"578\" srcset=\"https:\/\/kylkirauta.fi\/wp-content\/uploads\/2023\/09\/Kuva-2-08092023-1030x578.jpg 1030w, https:\/\/kylkirauta.fi\/wp-content\/uploads\/2023\/09\/Kuva-2-08092023-300x168.jpg 300w, https:\/\/kylkirauta.fi\/wp-content\/uploads\/2023\/09\/Kuva-2-08092023-768x431.jpg 768w, https:\/\/kylkirauta.fi\/wp-content\/uploads\/2023\/09\/Kuva-2-08092023-705x395.jpg 705w, https:\/\/kylkirauta.fi\/wp-content\/uploads\/2023\/09\/Kuva-2-08092023.jpg 1250w\" sizes=\"auto, (max-width: 1030px) 100vw, 1030px\" \/><p id=\"caption-attachment-6714\" class=\"wp-caption-text\">L\u00e4hde: Kansalaispulssi \u2013 47. kierros. VNK\/Strategiaosasto 2023.<\/p><\/div>\n<p><strong><em>Naton kannatus Euroopassa<\/em><\/strong><\/p>\n<p>Nato tutkituttaa j\u00e4senmaidensa kansalaisten mielipiteit\u00e4 s\u00e4\u00e4nn\u00f6llisesti kaksi kertaa vuodessa. Toinen mielipidetutkimus tehd\u00e4\u00e4n aina Naton huippukokouksen edell\u00e4. N\u00e4ist\u00e4 tutkimustuloksista syntyy n\u00e4kemys, ettei Naton kannatus ole v\u00e4ltt\u00e4m\u00e4tt\u00e4 l\u00e4hesk\u00e4\u00e4n samaa tasoa kuin Suomessa.<\/p>\n<p>Vilnassa pidettiin huippukokous hein\u00e4kuussa 2023. Sit\u00e4 varten tehdyss\u00e4 kyselyss\u00e4 (kuva alla) 38 prosenttia piti Natoa eritt\u00e4in t\u00e4rke\u00e4n\u00e4 oman maansa tulevan turvallisuuden kannalta. Suomessa n\u00e4in ajattelevia oli 47 prosenttia tutkituista kansalaisista. \u00c4\u00e4rip\u00e4\u00e4ss\u00e4 esimerkiksi Sloveniassa samoin ajattelevia oli 19 % ja Slovakiassa 24 %. N\u00e4m\u00e4 maat ovat olleet Naton j\u00e4seni\u00e4 vuodesta 2004 l\u00e4htien. Suurista Euroopan maista Naton v\u00e4h\u00e4isen arvostuksen maita ovat muun muassa Ranska (21 %) ja Italia (28 %).<\/p>\n<div id=\"attachment_6715\" style=\"width: 1040px\" class=\"wp-caption aligncenter\"><img loading=\"lazy\" decoding=\"async\" aria-describedby=\"caption-attachment-6715\" class=\"wp-image-6715 size-large\" src=\"https:\/\/kylkirauta.fi\/wp-content\/uploads\/2023\/09\/Kuva-3-08092023-1030x576.jpg\" alt=\"\" width=\"1030\" height=\"576\" srcset=\"https:\/\/kylkirauta.fi\/wp-content\/uploads\/2023\/09\/Kuva-3-08092023-1030x576.jpg 1030w, https:\/\/kylkirauta.fi\/wp-content\/uploads\/2023\/09\/Kuva-3-08092023-300x168.jpg 300w, https:\/\/kylkirauta.fi\/wp-content\/uploads\/2023\/09\/Kuva-3-08092023-768x429.jpg 768w, https:\/\/kylkirauta.fi\/wp-content\/uploads\/2023\/09\/Kuva-3-08092023-705x394.jpg 705w, https:\/\/kylkirauta.fi\/wp-content\/uploads\/2023\/09\/Kuva-3-08092023.jpg 1256w\" sizes=\"auto, (max-width: 1030px) 100vw, 1030px\" \/><p id=\"caption-attachment-6715\" class=\"wp-caption-text\">L\u00e4hde: Nato, Pre-Summit polling results 2023.<\/p><\/div>\n<p><strong><em>Euroopan pohjoinen ulottuvuus<\/em><\/strong><\/p>\n<p>Puolustusministeri Antti H\u00e4kk\u00e4nen tarkasteli puolustuspolitiikkamme ratkaisuja puheessaan maamme suurl\u00e4hettil\u00e4ille 22.8.2023. H\u00e4n toi puheessaan esille my\u00f6s niin sanotun JEF-yhteisty\u00f6n.<\/p>\n<p><a href=\"https:\/\/www.defmin.fi\/vastuualueet\/kansainvalinen_puolustusyhteistyo\/jef-yhteistyo\" target=\"_blank\" rel=\"noopener\">JEF eli Joint Expeditionary Force<\/a> on Ison-Britannian johtama kymmenen maan \u2212 Alankomaiden, Islannin, Ison-Britannian, Latvian, Liettuan, Norjan, Ruotsin, Suomen, Tanskan ja Viron \u2013 muodostama monenv\u00e4linen puolustusyhteisty\u00f6n kehys, johon Suomi liittyi kes\u00e4ll\u00e4 2017 yht\u00e4 aikaa Ruotsin kanssa. Yhteisty\u00f6n p\u00e4\u00e4m\u00e4\u00e4r\u00e4n\u00e4 on kehitt\u00e4\u00e4 osallistujamaiden sotilaallisia valmiuksia, ennaltaehk\u00e4ist\u00e4 erilaisia kriisej\u00e4 sek\u00e4 tarvittaessa toimia yhdess\u00e4 kriisitilanteissa. Yhteisty\u00f6kehyst\u00e4 voidaan k\u00e4ytt\u00e4\u00e4 tukemaan esimerkiksi YK:n, Naton tai Euroopan unionin operaatiota.<\/p>\n<p>H\u00e4kk\u00e4nen kuvasi maaryhm\u00e4\u00e4 seuraavasti: <em>\u201dJEF:n etuna on mahdollisuus Natoa joustavampaan ja nopeampaan p\u00e4\u00e4t\u00f6ksentekoon. JEF:ss\u00e4 on vain 10 maata, jotka taustastaan ja maantieteellisest\u00e4 asemastaan johtuen usein jakavat samankaltaisia n\u00e4kemyksi\u00e4 arvojen ja turvallisuuspoliittisen tilanteenarvion osalta.\u201d<\/em><\/p>\n<p>JEF:n p\u00e4\u00e4asiallinen toimintaymp\u00e4rist\u00f6 on Pohjois-Eurooppa ja It\u00e4meren alue. Naton mielipidetutkimuksen tuloksista n\u00e4hd\u00e4\u00e4n my\u00f6s, ett\u00e4 kysymys on tietyll\u00e4 tavalla samanmielisist\u00e4 maista \u2013 ehk\u00e4 Islantia lukuun ottamatta. Tutkimustulokset viittaavat siihen, ett\u00e4 Islannin kansalaiset ymm\u00e4rt\u00e4v\u00e4t maan roolin ja mahdollisuudet maanpuolustuksessa. Islannin puolustus ei tietenk\u00e4\u00e4n voi perustua taistelevien joukkojen k\u00e4ytt\u00f6\u00f6n. Islannin mukana olo mahdollistaa puolustuksellisen kontrollin Pohjois-Atlantin alueella.<\/p>\n<p>Edell\u00e4 kuvatun kansalaiskyselyn tulokset tukevat ministerin n\u00e4kemyst\u00e4. JEF-maiden kansalaisista keskim\u00e4\u00e4rin 52 % katsoo (kuva yll\u00e4), ett\u00e4 Nato on maan tulevalle turvallisuudelle eritt\u00e4in t\u00e4rke\u00e4, kun kaikkien j\u00e4senmaiden keskim\u00e4\u00e4r\u00e4inen prosentti on 38. Vahva oletus on, ett\u00e4 maiden johdon ja kansan n\u00e4kemykset ovat olennaisesti samansuuntaiset.<\/p>\n<p><strong><em>Euroopan Unionin yhteinen puolustuspolitiikka<\/em><\/strong><\/p>\n<p>Euroopan Unionin komission toimintaperiaatteisiin on perinteisesti kuulunut j\u00e4senvaltioiden kansalaisten mielipiteiden kartoitus. Viime vuosina tutkimuksissa ovat olleet mukana my\u00f6s j\u00e4senkandidaattimaiden kansalaiset. Yksi peruskysymyksist\u00e4 on ollut, kannattavatko ihmiset Euroopan unionin yhteist\u00e4 puolustus- ja turvallisuuspolitiikkaa.<\/p>\n<p>Viimeksi ilmestyneen Eurobarometri 99 -tutkimuksen mukaan 77 prosenttia j\u00e4senmaiden kansalaisista kannattaa yhteist\u00e4 puolustuspolitiikkaa. Tutkituista suomalaisista 81 prosenttia ajattelee n\u00e4in. Kannatus on korkealla tasolla, vaikka olemme nyt Naton j\u00e4seni\u00e4 ja kannatus on noussut selv\u00e4sti aikaisemmasta. Vuoden 2015 syksyn tutkimuksessa kannattajia oli 67 prosenttia. Vuoden 2002 mittauksessa yhteisen puolustuksen kannattajia Suomessa oli 48 prosenttia. Tuolloin j\u00e4senmaita oli 15.<\/p>\n<p>Kansalaisten mielipiteen kehittyminen on yhdensuuntainen puolustusministeri H\u00e4kk\u00e4sen ajattelun kanssa. H\u00e4nen mukaansa <em>\u201dEuroopan unionin ty\u00f6kalupakki on Natoa laajempi, ml. lains\u00e4\u00e4d\u00e4nt\u00f6 sek\u00e4 sanktiot ja sill\u00e4 on merkitt\u00e4v\u00e4sti suurempi budjetti, mik\u00e4 tekee siit\u00e4 kokonaisvaltaisen turvallisuustoimijan\u201d.<\/em><\/p>\n<p>Mielipidetutkimusten tuloksia arvioiden lienee perusteltua jatkaa puolustuksemme ja turvallisuutemme kehitt\u00e4mist\u00e4 rinnakkain kahdella suunnalla, Euroopan Unionissa ja Natossa. Kansa antaa tukensa n\u00e4iss\u00e4 j\u00e4rjestelmiss\u00e4 toimimiselle, vaikka painotuseroja mielipiteiss\u00e4 onkin jonkin verran n\u00e4ht\u00e4viss\u00e4.<\/p>\n<\/div>\n<\/div>\n<p><em><strong>Risto Sinkko<\/strong><\/em><br \/>\n<em>Majuri res, ST<br \/>\nr.sinkko@kolumbus.fi<\/em><\/p>\n<p style=\"text-align: center;\">***<\/p>\n<p><b><i>L\u00e4hteet:<br \/>\n<\/i><\/b><\/p>\n<p class=\"feed-item__heading\"><a href=\"https:\/\/valtioneuvosto.fi\/ajankohtaista\/kansalaispulssi\" target=\"_blank\" rel=\"noopener\"><em>Kansalaispulssi 25.8.2023 (linkki)\u00a0<\/em><\/a><br \/>\n<a href=\"http:\/\/nato.int\/nato_static_fl2014\/assets\/pdf\/2023\/7\/pdf\/2300707-pre-summit-research-2023.pdf\" target=\"_blank\" rel=\"noopener\"><em>NATO Audience Research: pre-Summit polling results 2023 (linkki)<\/em><\/a><br \/>\n<a href=\"https:\/\/www.defmin.fi\/vastuualueet\/kansainvalinen_puolustusyhteistyo\/jef-yhteistyo\" target=\"_blank\" rel=\"noopener\"><em>JEF-yhteisty\u00f6 (linkki)<\/em><\/a><\/p>\n<p><b><i>\u00a0<\/i><\/b><\/p>\n<\/div><\/section><\/p><\/div><div  class='hr av-6zsyz-b471ba5482e75b0a604afa4166a853a5 hr-default  avia-builder-el-4  el_after_av_one_full  el_before_av_blog '><span class='hr-inner '><span class=\"hr-inner-style\"><\/span><\/span><\/div><\/p>\n<div  class='av-alb-blogposts template-blog  '  itemscope=\"itemscope\" itemtype=\"https:\/\/schema.org\/Blog\" ><article class=\"post-entry post-entry-type-standard post-entry-8921 post-loop-1 post-parity-odd bloglist-simple with-slider post-8921 post type-post status-publish format-standard has-post-thumbnail hentry category-artikkeli category-artikkeli-2026\"  itemscope=\"itemscope\" itemtype=\"https:\/\/schema.org\/BlogPosting\" ><div class=\"blog-meta\"><\/div><div class='entry-content-wrapper clearfix standard-content'><header class=\"entry-content-header\"><h2 class='post-title entry-title '  itemprop=\"headline\" ><a href=\"https:\/\/kylkirauta.fi\/index.php\/2026\/04\/20\/kaaderilaulajien-julkaisutoiminta\/\" rel=\"bookmark\" title=\"Permanent Link: Kaaderilaulajien julkaisutoiminta\">Kaaderilaulajien julkaisutoiminta<span class=\"post-format-icon minor-meta\"><\/span><\/a><\/h2><span class=\"post-meta-infos\"><time class=\"date-container minor-meta updated\"  itemprop=\"datePublished\" datetime=\"2026-04-20T15:45:24+03:00\" >20.4.2026<\/time><span class=\"text-sep\">\/<\/span><span class=\"blog-categories minor-meta\">in <a href=\"https:\/\/kylkirauta.fi\/index.php\/category\/artikkeli\/\" rel=\"tag\">Artikkeli<\/a>, <a href=\"https:\/\/kylkirauta.fi\/index.php\/category\/artikkeli-2026\/\" rel=\"tag\">Artikkeli 2026<\/a><\/span><span class=\"text-sep\">\/<\/span><span class=\"blog-author minor-meta\">by <span class=\"entry-author-link\"  itemprop=\"author\" ><span class=\"author\"><span class=\"fn\"><a href=\"https:\/\/kylkirauta.fi\/index.php\/author\/karisain\/\" title=\"Kirjoittanut: Kari Sainio\" rel=\"author\">Kari Sainio<\/a><\/span><\/span><\/span><\/span><div class=\"read-more-link\"><a href=\"https:\/\/kylkirauta.fi\/index.php\/2026\/04\/20\/kaaderilaulajien-julkaisutoiminta\/\" class=\"more-link\">Read more<span class=\"more-link-arrow\"><\/span><\/a><\/div><\/span><\/header><footer class=\"entry-footer\"><\/footer><div class='post_delimiter'><\/div><\/div><div class=\"post_author_timeline\"><\/div><span class='hidden'>\n\t\t\t\t<span class='av-structured-data'  itemprop=\"image\" itemscope=\"itemscope\" itemtype=\"https:\/\/schema.org\/ImageObject\" >\n\t\t\t\t\t\t<span itemprop='url'>https:\/\/kylkirauta.fi\/wp-content\/uploads\/2026\/04\/Artikkeli-4-2026-2.jpg<\/span>\n\t\t\t\t\t\t<span itemprop='height'>487<\/span>\n\t\t\t\t\t\t<span itemprop='width'>843<\/span>\n\t\t\t\t<\/span>\n\t\t\t\t<span class='av-structured-data'  itemprop=\"publisher\" itemtype=\"https:\/\/schema.org\/Organization\" itemscope=\"itemscope\" >\n\t\t\t\t\t\t<span itemprop='name'>Kari Sainio<\/span>\n\t\t\t\t\t\t<span itemprop='logo' itemscope itemtype='https:\/\/schema.org\/ImageObject'>\n\t\t\t\t\t\t\t<span itemprop='url'>https:\/\/kylkirauta.fi\/wp-content\/uploads\/2020\/02\/kkunta_weblogo-100x100-1.png<\/span>\n\t\t\t\t\t\t<\/span>\n\t\t\t\t<\/span><span class='av-structured-data'  itemprop=\"author\" itemscope=\"itemscope\" itemtype=\"https:\/\/schema.org\/Person\" ><span itemprop='name'>Kari Sainio<\/span><\/span><span class='av-structured-data'  itemprop=\"datePublished\" datetime=\"2026-04-20T15:45:24+03:00\" >2026-04-20 15:45:24<\/span><span class='av-structured-data'  itemprop=\"dateModified\" itemtype=\"https:\/\/schema.org\/dateModified\" >2026-04-20 15:45:24<\/span><span class='av-structured-data'  itemprop=\"mainEntityOfPage\" itemtype=\"https:\/\/schema.org\/mainEntityOfPage\" ><span itemprop='name'>Kaaderilaulajien julkaisutoiminta<\/span><\/span><\/span><\/article><article class=\"post-entry post-entry-type-standard post-entry-8884 post-loop-2 post-parity-even bloglist-simple with-slider post-8884 post type-post status-publish format-standard has-post-thumbnail hentry category-artikkeli category-artikkeli-2026\"  itemscope=\"itemscope\" itemtype=\"https:\/\/schema.org\/BlogPosting\" ><div class=\"blog-meta\"><\/div><div class='entry-content-wrapper clearfix standard-content'><header class=\"entry-content-header\"><h2 class='post-title entry-title '  itemprop=\"headline\" ><a href=\"https:\/\/kylkirauta.fi\/index.php\/2026\/03\/27\/kaaderilaulajien-ukraina-tukikonsertit\/\" rel=\"bookmark\" title=\"Permanent Link: Kaaderilaulajien Ukraina-tukikonsertit\">Kaaderilaulajien Ukraina-tukikonsertit<span class=\"post-format-icon minor-meta\"><\/span><\/a><\/h2><span class=\"post-meta-infos\"><time class=\"date-container minor-meta updated\"  itemprop=\"datePublished\" datetime=\"2026-03-27T12:30:38+02:00\" >27.3.2026<\/time><span class=\"text-sep\">\/<\/span><span class=\"blog-categories minor-meta\">in <a href=\"https:\/\/kylkirauta.fi\/index.php\/category\/artikkeli\/\" rel=\"tag\">Artikkeli<\/a>, <a href=\"https:\/\/kylkirauta.fi\/index.php\/category\/artikkeli-2026\/\" rel=\"tag\">Artikkeli 2026<\/a><\/span><span class=\"text-sep\">\/<\/span><span class=\"blog-author minor-meta\">by <span class=\"entry-author-link\"  itemprop=\"author\" ><span class=\"author\"><span class=\"fn\"><a href=\"https:\/\/kylkirauta.fi\/index.php\/author\/karisain\/\" title=\"Kirjoittanut: Kari Sainio\" rel=\"author\">Kari Sainio<\/a><\/span><\/span><\/span><\/span><div class=\"read-more-link\"><a href=\"https:\/\/kylkirauta.fi\/index.php\/2026\/03\/27\/kaaderilaulajien-ukraina-tukikonsertit\/\" class=\"more-link\">Read more<span class=\"more-link-arrow\"><\/span><\/a><\/div><\/span><\/header><footer class=\"entry-footer\"><\/footer><div class='post_delimiter'><\/div><\/div><div class=\"post_author_timeline\"><\/div><span class='hidden'>\n\t\t\t\t<span class='av-structured-data'  itemprop=\"image\" itemscope=\"itemscope\" itemtype=\"https:\/\/schema.org\/ImageObject\" >\n\t\t\t\t\t\t<span itemprop='url'>https:\/\/kylkirauta.fi\/wp-content\/uploads\/2026\/03\/3-2026-artikkeli.jpg<\/span>\n\t\t\t\t\t\t<span itemprop='height'>487<\/span>\n\t\t\t\t\t\t<span itemprop='width'>843<\/span>\n\t\t\t\t<\/span>\n\t\t\t\t<span class='av-structured-data'  itemprop=\"publisher\" itemtype=\"https:\/\/schema.org\/Organization\" itemscope=\"itemscope\" >\n\t\t\t\t\t\t<span itemprop='name'>Kari Sainio<\/span>\n\t\t\t\t\t\t<span itemprop='logo' itemscope itemtype='https:\/\/schema.org\/ImageObject'>\n\t\t\t\t\t\t\t<span itemprop='url'>https:\/\/kylkirauta.fi\/wp-content\/uploads\/2020\/02\/kkunta_weblogo-100x100-1.png<\/span>\n\t\t\t\t\t\t<\/span>\n\t\t\t\t<\/span><span class='av-structured-data'  itemprop=\"author\" itemscope=\"itemscope\" itemtype=\"https:\/\/schema.org\/Person\" ><span itemprop='name'>Kari Sainio<\/span><\/span><span class='av-structured-data'  itemprop=\"datePublished\" datetime=\"2026-03-27T12:30:38+02:00\" >2026-03-27 12:30:38<\/span><span class='av-structured-data'  itemprop=\"dateModified\" itemtype=\"https:\/\/schema.org\/dateModified\" >2026-03-27 12:30:38<\/span><span class='av-structured-data'  itemprop=\"mainEntityOfPage\" itemtype=\"https:\/\/schema.org\/mainEntityOfPage\" ><span itemprop='name'>Kaaderilaulajien Ukraina-tukikonsertit<\/span><\/span><\/span><\/article><article class=\"post-entry post-entry-type-standard post-entry-8786 post-loop-3 post-parity-odd bloglist-simple with-slider post-8786 post type-post status-publish format-standard has-post-thumbnail hentry category-artikkeli category-artikkeli-2026\"  itemscope=\"itemscope\" itemtype=\"https:\/\/schema.org\/BlogPosting\" ><div class=\"blog-meta\"><\/div><div class='entry-content-wrapper clearfix standard-content'><header class=\"entry-content-header\"><h2 class='post-title entry-title '  itemprop=\"headline\" ><a href=\"https:\/\/kylkirauta.fi\/index.php\/2026\/02\/23\/risto-sinkko-eu-kansalaisten-nakemyksia-turvallisuudesta-ja-puolustuksesta\/\" rel=\"bookmark\" title=\"Permanent Link: Risto Sinkko: EU-kansalaisten n\u00e4kemyksi\u00e4 turvallisuudesta ja puolustuksesta\">Risto Sinkko: EU-kansalaisten n\u00e4kemyksi\u00e4 turvallisuudesta ja puolustuksesta<span class=\"post-format-icon minor-meta\"><\/span><\/a><\/h2><span class=\"post-meta-infos\"><time class=\"date-container minor-meta updated\"  itemprop=\"datePublished\" datetime=\"2026-02-23T17:08:33+02:00\" >23.2.2026<\/time><span class=\"text-sep\">\/<\/span><span class=\"blog-categories minor-meta\">in <a href=\"https:\/\/kylkirauta.fi\/index.php\/category\/artikkeli\/\" rel=\"tag\">Artikkeli<\/a>, <a href=\"https:\/\/kylkirauta.fi\/index.php\/category\/artikkeli-2026\/\" rel=\"tag\">Artikkeli 2026<\/a><\/span><span class=\"text-sep\">\/<\/span><span class=\"blog-author minor-meta\">by <span class=\"entry-author-link\"  itemprop=\"author\" ><span class=\"author\"><span class=\"fn\"><a href=\"https:\/\/kylkirauta.fi\/index.php\/author\/karisain\/\" title=\"Kirjoittanut: Kari Sainio\" rel=\"author\">Kari Sainio<\/a><\/span><\/span><\/span><\/span><div class=\"read-more-link\"><a href=\"https:\/\/kylkirauta.fi\/index.php\/2026\/02\/23\/risto-sinkko-eu-kansalaisten-nakemyksia-turvallisuudesta-ja-puolustuksesta\/\" class=\"more-link\">Read more<span class=\"more-link-arrow\"><\/span><\/a><\/div><\/span><\/header><footer class=\"entry-footer\"><\/footer><div class='post_delimiter'><\/div><\/div><div class=\"post_author_timeline\"><\/div><span class='hidden'>\n\t\t\t\t<span class='av-structured-data'  itemprop=\"image\" itemscope=\"itemscope\" itemtype=\"https:\/\/schema.org\/ImageObject\" >\n\t\t\t\t\t\t<span itemprop='url'>https:\/\/kylkirauta.fi\/wp-content\/uploads\/2026\/02\/Artikkeli-MSC-artikkeli.jpg<\/span>\n\t\t\t\t\t\t<span itemprop='height'>487<\/span>\n\t\t\t\t\t\t<span itemprop='width'>843<\/span>\n\t\t\t\t<\/span>\n\t\t\t\t<span class='av-structured-data'  itemprop=\"publisher\" itemtype=\"https:\/\/schema.org\/Organization\" itemscope=\"itemscope\" >\n\t\t\t\t\t\t<span itemprop='name'>Kari Sainio<\/span>\n\t\t\t\t\t\t<span itemprop='logo' itemscope itemtype='https:\/\/schema.org\/ImageObject'>\n\t\t\t\t\t\t\t<span itemprop='url'>https:\/\/kylkirauta.fi\/wp-content\/uploads\/2020\/02\/kkunta_weblogo-100x100-1.png<\/span>\n\t\t\t\t\t\t<\/span>\n\t\t\t\t<\/span><span class='av-structured-data'  itemprop=\"author\" itemscope=\"itemscope\" itemtype=\"https:\/\/schema.org\/Person\" ><span itemprop='name'>Kari Sainio<\/span><\/span><span class='av-structured-data'  itemprop=\"datePublished\" datetime=\"2026-02-23T17:08:33+02:00\" >2026-02-23 17:08:33<\/span><span class='av-structured-data'  itemprop=\"dateModified\" itemtype=\"https:\/\/schema.org\/dateModified\" >2026-02-23 17:29:54<\/span><span class='av-structured-data'  itemprop=\"mainEntityOfPage\" itemtype=\"https:\/\/schema.org\/mainEntityOfPage\" ><span itemprop='name'>Risto Sinkko: EU-kansalaisten n\u00e4kemyksi\u00e4 turvallisuudesta ja puolustuksesta<\/span><\/span><\/span><\/article><article class=\"post-entry post-entry-type-standard post-entry-8765 post-loop-4 post-parity-even bloglist-simple with-slider post-8765 post type-post status-publish format-standard has-post-thumbnail hentry category-artikkeli category-artikkeli-2026\"  itemscope=\"itemscope\" itemtype=\"https:\/\/schema.org\/BlogPosting\" ><div class=\"blog-meta\"><\/div><div class='entry-content-wrapper clearfix standard-content'><header class=\"entry-content-header\"><h2 class='post-title entry-title '  itemprop=\"headline\" ><a href=\"https:\/\/kylkirauta.fi\/index.php\/2026\/02\/15\/kaaderilaulajat-suomen-pojat-suomen-vapauden-ja-viron-kunnian-puolesta\/\" rel=\"bookmark\" title=\"Permanent Link: Kaaderilaulajat: Suomen pojat &#8211; Suomen vapauden ja Viron kunnian puolesta\">Kaaderilaulajat: Suomen pojat &#8211; Suomen vapauden ja Viron kunnian puolesta<span class=\"post-format-icon minor-meta\"><\/span><\/a><\/h2><span class=\"post-meta-infos\"><time class=\"date-container minor-meta updated\"  itemprop=\"datePublished\" datetime=\"2026-02-15T15:44:11+02:00\" >15.2.2026<\/time><span class=\"text-sep\">\/<\/span><span class=\"blog-categories minor-meta\">in <a href=\"https:\/\/kylkirauta.fi\/index.php\/category\/artikkeli\/\" rel=\"tag\">Artikkeli<\/a>, <a href=\"https:\/\/kylkirauta.fi\/index.php\/category\/artikkeli-2026\/\" rel=\"tag\">Artikkeli 2026<\/a><\/span><span class=\"text-sep\">\/<\/span><span class=\"blog-author minor-meta\">by <span class=\"entry-author-link\"  itemprop=\"author\" ><span class=\"author\"><span class=\"fn\"><a href=\"https:\/\/kylkirauta.fi\/index.php\/author\/karisain\/\" title=\"Kirjoittanut: Kari Sainio\" rel=\"author\">Kari Sainio<\/a><\/span><\/span><\/span><\/span><div class=\"read-more-link\"><a href=\"https:\/\/kylkirauta.fi\/index.php\/2026\/02\/15\/kaaderilaulajat-suomen-pojat-suomen-vapauden-ja-viron-kunnian-puolesta\/\" class=\"more-link\">Read more<span class=\"more-link-arrow\"><\/span><\/a><\/div><\/span><\/header><footer class=\"entry-footer\"><\/footer><div class='post_delimiter'><\/div><\/div><div class=\"post_author_timeline\"><\/div><span class='hidden'>\n\t\t\t\t<span class='av-structured-data'  itemprop=\"image\" itemscope=\"itemscope\" itemtype=\"https:\/\/schema.org\/ImageObject\" >\n\t\t\t\t\t\t<span itemprop='url'>https:\/\/kylkirauta.fi\/wp-content\/uploads\/2026\/02\/Kuva-3-1-2026-artikkeli.jpg<\/span>\n\t\t\t\t\t\t<span itemprop='height'>487<\/span>\n\t\t\t\t\t\t<span itemprop='width'>843<\/span>\n\t\t\t\t<\/span>\n\t\t\t\t<span class='av-structured-data'  itemprop=\"publisher\" itemtype=\"https:\/\/schema.org\/Organization\" itemscope=\"itemscope\" >\n\t\t\t\t\t\t<span itemprop='name'>Kari Sainio<\/span>\n\t\t\t\t\t\t<span itemprop='logo' itemscope itemtype='https:\/\/schema.org\/ImageObject'>\n\t\t\t\t\t\t\t<span itemprop='url'>https:\/\/kylkirauta.fi\/wp-content\/uploads\/2020\/02\/kkunta_weblogo-100x100-1.png<\/span>\n\t\t\t\t\t\t<\/span>\n\t\t\t\t<\/span><span class='av-structured-data'  itemprop=\"author\" itemscope=\"itemscope\" itemtype=\"https:\/\/schema.org\/Person\" ><span itemprop='name'>Kari Sainio<\/span><\/span><span class='av-structured-data'  itemprop=\"datePublished\" datetime=\"2026-02-15T15:44:11+02:00\" >2026-02-15 15:44:11<\/span><span class='av-structured-data'  itemprop=\"dateModified\" itemtype=\"https:\/\/schema.org\/dateModified\" >2026-02-15 15:49:07<\/span><span class='av-structured-data'  itemprop=\"mainEntityOfPage\" itemtype=\"https:\/\/schema.org\/mainEntityOfPage\" ><span itemprop='name'>Kaaderilaulajat: Suomen pojat &#8211; Suomen vapauden ja Viron kunnian puolesta<\/span><\/span><\/span><\/article><article class=\"post-entry post-entry-type-standard post-entry-8754 post-loop-5 post-parity-odd post-entry-last bloglist-simple with-slider post-8754 post type-post status-publish format-standard has-post-thumbnail hentry category-artikkeli category-artikkeli-2026\"  itemscope=\"itemscope\" itemtype=\"https:\/\/schema.org\/BlogPosting\" ><div class=\"blog-meta\"><\/div><div class='entry-content-wrapper clearfix standard-content'><header class=\"entry-content-header\"><h2 class='post-title entry-title '  itemprop=\"headline\" ><a href=\"https:\/\/kylkirauta.fi\/index.php\/2026\/01\/21\/kaaderilaulajista-kajahtaa\/\" rel=\"bookmark\" title=\"Permanent Link: Kaaderilaulajista kajahtaa\">Kaaderilaulajista kajahtaa<span class=\"post-format-icon minor-meta\"><\/span><\/a><\/h2><span class=\"post-meta-infos\"><time class=\"date-container minor-meta updated\"  itemprop=\"datePublished\" datetime=\"2026-01-21T18:17:28+02:00\" >21.1.2026<\/time><span class=\"text-sep\">\/<\/span><span class=\"blog-categories minor-meta\">in <a href=\"https:\/\/kylkirauta.fi\/index.php\/category\/artikkeli\/\" rel=\"tag\">Artikkeli<\/a>, <a href=\"https:\/\/kylkirauta.fi\/index.php\/category\/artikkeli-2026\/\" rel=\"tag\">Artikkeli 2026<\/a><\/span><span class=\"text-sep\">\/<\/span><span class=\"blog-author minor-meta\">by <span class=\"entry-author-link\"  itemprop=\"author\" ><span class=\"author\"><span class=\"fn\"><a href=\"https:\/\/kylkirauta.fi\/index.php\/author\/karisain\/\" title=\"Kirjoittanut: Kari Sainio\" rel=\"author\">Kari Sainio<\/a><\/span><\/span><\/span><\/span><div class=\"read-more-link\"><a href=\"https:\/\/kylkirauta.fi\/index.php\/2026\/01\/21\/kaaderilaulajista-kajahtaa\/\" class=\"more-link\">Read more<span class=\"more-link-arrow\"><\/span><\/a><\/div><\/span><\/header><footer class=\"entry-footer\"><\/footer><div class='post_delimiter'><\/div><\/div><div class=\"post_author_timeline\"><\/div><span class='hidden'>\n\t\t\t\t<span class='av-structured-data'  itemprop=\"image\" itemscope=\"itemscope\" itemtype=\"https:\/\/schema.org\/ImageObject\" >\n\t\t\t\t\t\t<span itemprop='url'>https:\/\/kylkirauta.fi\/wp-content\/uploads\/2026\/01\/Artikkeli-1-2026.jpg<\/span>\n\t\t\t\t\t\t<span itemprop='height'>487<\/span>\n\t\t\t\t\t\t<span itemprop='width'>843<\/span>\n\t\t\t\t<\/span>\n\t\t\t\t<span class='av-structured-data'  itemprop=\"publisher\" itemtype=\"https:\/\/schema.org\/Organization\" itemscope=\"itemscope\" >\n\t\t\t\t\t\t<span itemprop='name'>Kari Sainio<\/span>\n\t\t\t\t\t\t<span itemprop='logo' itemscope itemtype='https:\/\/schema.org\/ImageObject'>\n\t\t\t\t\t\t\t<span itemprop='url'>https:\/\/kylkirauta.fi\/wp-content\/uploads\/2020\/02\/kkunta_weblogo-100x100-1.png<\/span>\n\t\t\t\t\t\t<\/span>\n\t\t\t\t<\/span><span class='av-structured-data'  itemprop=\"author\" itemscope=\"itemscope\" itemtype=\"https:\/\/schema.org\/Person\" ><span itemprop='name'>Kari Sainio<\/span><\/span><span class='av-structured-data'  itemprop=\"datePublished\" datetime=\"2026-01-21T18:17:28+02:00\" >2026-01-21 18:17:28<\/span><span class='av-structured-data'  itemprop=\"dateModified\" itemtype=\"https:\/\/schema.org\/dateModified\" >2026-01-21 18:17:28<\/span><span class='av-structured-data'  itemprop=\"mainEntityOfPage\" itemtype=\"https:\/\/schema.org\/mainEntityOfPage\" ><span itemprop='name'>Kaaderilaulajista kajahtaa<\/span><\/span><\/span><\/article><div class='bloglist-simple'><nav class='pagination'><span class='pagination-meta'>Page 1 of 35<\/span><span class='current'>1<\/span><a href='https:\/\/kylkirauta.fi\/index.php\/wp-json\/wp\/v2\/posts\/6712\/page\/2\/' class='inactive next_page' >2<\/a><a href='https:\/\/kylkirauta.fi\/index.php\/wp-json\/wp\/v2\/posts\/6712\/page\/3\/' class='inactive' >3<\/a><a href='https:\/\/kylkirauta.fi\/index.php\/wp-json\/wp\/v2\/posts\/6712\/page\/2\/'>&rsaquo;<\/a><a href='https:\/\/kylkirauta.fi\/index.php\/wp-json\/wp\/v2\/posts\/6712\/page\/35\/'>&raquo;<\/a><\/nav>\n<\/div><\/div>\n","protected":false},"excerpt":{"rendered":"","protected":false},"author":3,"featured_media":6799,"comment_status":"closed","ping_status":"closed","sticky":false,"template":"","format":"standard","meta":{"footnotes":""},"categories":[100,4,102],"tags":[],"class_list":["post-6712","post","type-post","status-publish","format-standard","has-post-thumbnail","hentry","category-100","category-artikkeli","category-artikkeli-2023"],"yoast_head":"<!-- This site is optimized with the Yoast SEO plugin v27.5 - https:\/\/yoast.com\/product\/yoast-seo-wordpress\/ -->\n<title>Risto Sinkko: Nato ja EU Suomen turvallisuuspolitiikassa \u2013 molempi parempi? - Kylkirauta<\/title>\n<meta name=\"robots\" content=\"index, follow, max-snippet:-1, max-image-preview:large, max-video-preview:-1\" \/>\n<link rel=\"canonical\" href=\"https:\/\/kylkirauta.fi\/index.php\/2023\/09\/10\/risto-sinkko-nato-ja-eu-suomen-turvallisuuspolitiikassa-molempi-parempi\/\" \/>\n<meta property=\"og:locale\" content=\"fi_FI\" \/>\n<meta property=\"og:type\" content=\"article\" \/>\n<meta property=\"og:title\" content=\"Risto Sinkko: Nato ja EU Suomen turvallisuuspolitiikassa \u2013 molempi parempi? - Kylkirauta\" \/>\n<meta property=\"og:url\" content=\"https:\/\/kylkirauta.fi\/index.php\/2023\/09\/10\/risto-sinkko-nato-ja-eu-suomen-turvallisuuspolitiikassa-molempi-parempi\/\" \/>\n<meta property=\"og:site_name\" content=\"Kylkirauta\" \/>\n<meta property=\"article:published_time\" content=\"2023-09-10T09:08:27+00:00\" \/>\n<meta property=\"article:modified_time\" content=\"2023-12-15T13:03:33+00:00\" \/>\n<meta property=\"og:image\" content=\"https:\/\/kylkirauta.fi\/wp-content\/uploads\/2023\/09\/Nato_EU-3.png\" \/>\n\t<meta property=\"og:image:width\" content=\"843\" \/>\n\t<meta property=\"og:image:height\" content=\"487\" \/>\n\t<meta property=\"og:image:type\" content=\"image\/png\" \/>\n<meta name=\"author\" content=\"Kari Sainio\" \/>\n<meta name=\"twitter:card\" content=\"summary_large_image\" \/>\n<meta name=\"twitter:label1\" content=\"Kirjoittanut\" \/>\n\t<meta name=\"twitter:data1\" content=\"Kari Sainio\" \/>\n\t<meta name=\"twitter:label2\" content=\"Arvioitu lukuaika\" \/>\n\t<meta name=\"twitter:data2\" content=\"7 minuuttia\" \/>\n<script type=\"application\/ld+json\" class=\"yoast-schema-graph\">{\"@context\":\"https:\\\/\\\/schema.org\",\"@graph\":[{\"@type\":\"Article\",\"@id\":\"https:\\\/\\\/kylkirauta.fi\\\/index.php\\\/2023\\\/09\\\/10\\\/risto-sinkko-nato-ja-eu-suomen-turvallisuuspolitiikassa-molempi-parempi\\\/#article\",\"isPartOf\":{\"@id\":\"https:\\\/\\\/kylkirauta.fi\\\/index.php\\\/2023\\\/09\\\/10\\\/risto-sinkko-nato-ja-eu-suomen-turvallisuuspolitiikassa-molempi-parempi\\\/\"},\"author\":{\"name\":\"Kari Sainio\",\"@id\":\"https:\\\/\\\/kylkirauta.fi\\\/#\\\/schema\\\/person\\\/714ab39a349c656b20d60a239be1d6f6\"},\"headline\":\"Risto Sinkko: Nato ja EU Suomen turvallisuuspolitiikassa \u2013 molempi parempi?\",\"datePublished\":\"2023-09-10T09:08:27+00:00\",\"dateModified\":\"2023-12-15T13:03:33+00:00\",\"mainEntityOfPage\":{\"@id\":\"https:\\\/\\\/kylkirauta.fi\\\/index.php\\\/2023\\\/09\\\/10\\\/risto-sinkko-nato-ja-eu-suomen-turvallisuuspolitiikassa-molempi-parempi\\\/\"},\"wordCount\":1140,\"image\":{\"@id\":\"https:\\\/\\\/kylkirauta.fi\\\/index.php\\\/2023\\\/09\\\/10\\\/risto-sinkko-nato-ja-eu-suomen-turvallisuuspolitiikassa-molempi-parempi\\\/#primaryimage\"},\"thumbnailUrl\":\"https:\\\/\\\/kylkirauta.fi\\\/wp-content\\\/uploads\\\/2023\\\/09\\\/Nato_EU-3.png\",\"articleSection\":[\"2023\",\"Artikkeli\",\"Artikkeli 2023\"],\"inLanguage\":\"fi\"},{\"@type\":\"WebPage\",\"@id\":\"https:\\\/\\\/kylkirauta.fi\\\/index.php\\\/2023\\\/09\\\/10\\\/risto-sinkko-nato-ja-eu-suomen-turvallisuuspolitiikassa-molempi-parempi\\\/\",\"url\":\"https:\\\/\\\/kylkirauta.fi\\\/index.php\\\/2023\\\/09\\\/10\\\/risto-sinkko-nato-ja-eu-suomen-turvallisuuspolitiikassa-molempi-parempi\\\/\",\"name\":\"Risto Sinkko: Nato ja EU Suomen turvallisuuspolitiikassa \u2013 molempi parempi? - Kylkirauta\",\"isPartOf\":{\"@id\":\"https:\\\/\\\/kylkirauta.fi\\\/#website\"},\"primaryImageOfPage\":{\"@id\":\"https:\\\/\\\/kylkirauta.fi\\\/index.php\\\/2023\\\/09\\\/10\\\/risto-sinkko-nato-ja-eu-suomen-turvallisuuspolitiikassa-molempi-parempi\\\/#primaryimage\"},\"image\":{\"@id\":\"https:\\\/\\\/kylkirauta.fi\\\/index.php\\\/2023\\\/09\\\/10\\\/risto-sinkko-nato-ja-eu-suomen-turvallisuuspolitiikassa-molempi-parempi\\\/#primaryimage\"},\"thumbnailUrl\":\"https:\\\/\\\/kylkirauta.fi\\\/wp-content\\\/uploads\\\/2023\\\/09\\\/Nato_EU-3.png\",\"datePublished\":\"2023-09-10T09:08:27+00:00\",\"dateModified\":\"2023-12-15T13:03:33+00:00\",\"author\":{\"@id\":\"https:\\\/\\\/kylkirauta.fi\\\/#\\\/schema\\\/person\\\/714ab39a349c656b20d60a239be1d6f6\"},\"breadcrumb\":{\"@id\":\"https:\\\/\\\/kylkirauta.fi\\\/index.php\\\/2023\\\/09\\\/10\\\/risto-sinkko-nato-ja-eu-suomen-turvallisuuspolitiikassa-molempi-parempi\\\/#breadcrumb\"},\"inLanguage\":\"fi\",\"potentialAction\":[{\"@type\":\"ReadAction\",\"target\":[\"https:\\\/\\\/kylkirauta.fi\\\/index.php\\\/2023\\\/09\\\/10\\\/risto-sinkko-nato-ja-eu-suomen-turvallisuuspolitiikassa-molempi-parempi\\\/\"]}]},{\"@type\":\"ImageObject\",\"inLanguage\":\"fi\",\"@id\":\"https:\\\/\\\/kylkirauta.fi\\\/index.php\\\/2023\\\/09\\\/10\\\/risto-sinkko-nato-ja-eu-suomen-turvallisuuspolitiikassa-molempi-parempi\\\/#primaryimage\",\"url\":\"https:\\\/\\\/kylkirauta.fi\\\/wp-content\\\/uploads\\\/2023\\\/09\\\/Nato_EU-3.png\",\"contentUrl\":\"https:\\\/\\\/kylkirauta.fi\\\/wp-content\\\/uploads\\\/2023\\\/09\\\/Nato_EU-3.png\",\"width\":843,\"height\":487},{\"@type\":\"BreadcrumbList\",\"@id\":\"https:\\\/\\\/kylkirauta.fi\\\/index.php\\\/2023\\\/09\\\/10\\\/risto-sinkko-nato-ja-eu-suomen-turvallisuuspolitiikassa-molempi-parempi\\\/#breadcrumb\",\"itemListElement\":[{\"@type\":\"ListItem\",\"position\":1,\"name\":\"Home\",\"item\":\"https:\\\/\\\/kylkirauta.fi\\\/index.php\\\/home\\\/\"},{\"@type\":\"ListItem\",\"position\":2,\"name\":\"Risto Sinkko: Nato ja EU Suomen turvallisuuspolitiikassa \u2013 molempi parempi?\"}]},{\"@type\":\"WebSite\",\"@id\":\"https:\\\/\\\/kylkirauta.fi\\\/#website\",\"url\":\"https:\\\/\\\/kylkirauta.fi\\\/\",\"name\":\"Kylkirauta\",\"description\":\"Kadettiupseerit yhteiskunnan palveluksessa\",\"potentialAction\":[{\"@type\":\"SearchAction\",\"target\":{\"@type\":\"EntryPoint\",\"urlTemplate\":\"https:\\\/\\\/kylkirauta.fi\\\/?s={search_term_string}\"},\"query-input\":{\"@type\":\"PropertyValueSpecification\",\"valueRequired\":true,\"valueName\":\"search_term_string\"}}],\"inLanguage\":\"fi\"},{\"@type\":\"Person\",\"@id\":\"https:\\\/\\\/kylkirauta.fi\\\/#\\\/schema\\\/person\\\/714ab39a349c656b20d60a239be1d6f6\",\"name\":\"Kari Sainio\",\"sameAs\":[\"http:\\\/\\\/www.kylkirauta.fi\"],\"url\":\"https:\\\/\\\/kylkirauta.fi\\\/index.php\\\/author\\\/karisain\\\/\"}]}<\/script>\n<!-- \/ Yoast SEO plugin. -->","yoast_head_json":{"title":"Risto Sinkko: Nato ja EU Suomen turvallisuuspolitiikassa \u2013 molempi parempi? - Kylkirauta","robots":{"index":"index","follow":"follow","max-snippet":"max-snippet:-1","max-image-preview":"max-image-preview:large","max-video-preview":"max-video-preview:-1"},"canonical":"https:\/\/kylkirauta.fi\/index.php\/2023\/09\/10\/risto-sinkko-nato-ja-eu-suomen-turvallisuuspolitiikassa-molempi-parempi\/","og_locale":"fi_FI","og_type":"article","og_title":"Risto Sinkko: Nato ja EU Suomen turvallisuuspolitiikassa \u2013 molempi parempi? - Kylkirauta","og_url":"https:\/\/kylkirauta.fi\/index.php\/2023\/09\/10\/risto-sinkko-nato-ja-eu-suomen-turvallisuuspolitiikassa-molempi-parempi\/","og_site_name":"Kylkirauta","article_published_time":"2023-09-10T09:08:27+00:00","article_modified_time":"2023-12-15T13:03:33+00:00","og_image":[{"width":843,"height":487,"url":"https:\/\/kylkirauta.fi\/wp-content\/uploads\/2023\/09\/Nato_EU-3.png","type":"image\/png"}],"author":"Kari Sainio","twitter_card":"summary_large_image","twitter_misc":{"Kirjoittanut":"Kari Sainio","Arvioitu lukuaika":"7 minuuttia"},"schema":{"@context":"https:\/\/schema.org","@graph":[{"@type":"Article","@id":"https:\/\/kylkirauta.fi\/index.php\/2023\/09\/10\/risto-sinkko-nato-ja-eu-suomen-turvallisuuspolitiikassa-molempi-parempi\/#article","isPartOf":{"@id":"https:\/\/kylkirauta.fi\/index.php\/2023\/09\/10\/risto-sinkko-nato-ja-eu-suomen-turvallisuuspolitiikassa-molempi-parempi\/"},"author":{"name":"Kari Sainio","@id":"https:\/\/kylkirauta.fi\/#\/schema\/person\/714ab39a349c656b20d60a239be1d6f6"},"headline":"Risto Sinkko: Nato ja EU Suomen turvallisuuspolitiikassa \u2013 molempi parempi?","datePublished":"2023-09-10T09:08:27+00:00","dateModified":"2023-12-15T13:03:33+00:00","mainEntityOfPage":{"@id":"https:\/\/kylkirauta.fi\/index.php\/2023\/09\/10\/risto-sinkko-nato-ja-eu-suomen-turvallisuuspolitiikassa-molempi-parempi\/"},"wordCount":1140,"image":{"@id":"https:\/\/kylkirauta.fi\/index.php\/2023\/09\/10\/risto-sinkko-nato-ja-eu-suomen-turvallisuuspolitiikassa-molempi-parempi\/#primaryimage"},"thumbnailUrl":"https:\/\/kylkirauta.fi\/wp-content\/uploads\/2023\/09\/Nato_EU-3.png","articleSection":["2023","Artikkeli","Artikkeli 2023"],"inLanguage":"fi"},{"@type":"WebPage","@id":"https:\/\/kylkirauta.fi\/index.php\/2023\/09\/10\/risto-sinkko-nato-ja-eu-suomen-turvallisuuspolitiikassa-molempi-parempi\/","url":"https:\/\/kylkirauta.fi\/index.php\/2023\/09\/10\/risto-sinkko-nato-ja-eu-suomen-turvallisuuspolitiikassa-molempi-parempi\/","name":"Risto Sinkko: Nato ja EU Suomen turvallisuuspolitiikassa \u2013 molempi parempi? - Kylkirauta","isPartOf":{"@id":"https:\/\/kylkirauta.fi\/#website"},"primaryImageOfPage":{"@id":"https:\/\/kylkirauta.fi\/index.php\/2023\/09\/10\/risto-sinkko-nato-ja-eu-suomen-turvallisuuspolitiikassa-molempi-parempi\/#primaryimage"},"image":{"@id":"https:\/\/kylkirauta.fi\/index.php\/2023\/09\/10\/risto-sinkko-nato-ja-eu-suomen-turvallisuuspolitiikassa-molempi-parempi\/#primaryimage"},"thumbnailUrl":"https:\/\/kylkirauta.fi\/wp-content\/uploads\/2023\/09\/Nato_EU-3.png","datePublished":"2023-09-10T09:08:27+00:00","dateModified":"2023-12-15T13:03:33+00:00","author":{"@id":"https:\/\/kylkirauta.fi\/#\/schema\/person\/714ab39a349c656b20d60a239be1d6f6"},"breadcrumb":{"@id":"https:\/\/kylkirauta.fi\/index.php\/2023\/09\/10\/risto-sinkko-nato-ja-eu-suomen-turvallisuuspolitiikassa-molempi-parempi\/#breadcrumb"},"inLanguage":"fi","potentialAction":[{"@type":"ReadAction","target":["https:\/\/kylkirauta.fi\/index.php\/2023\/09\/10\/risto-sinkko-nato-ja-eu-suomen-turvallisuuspolitiikassa-molempi-parempi\/"]}]},{"@type":"ImageObject","inLanguage":"fi","@id":"https:\/\/kylkirauta.fi\/index.php\/2023\/09\/10\/risto-sinkko-nato-ja-eu-suomen-turvallisuuspolitiikassa-molempi-parempi\/#primaryimage","url":"https:\/\/kylkirauta.fi\/wp-content\/uploads\/2023\/09\/Nato_EU-3.png","contentUrl":"https:\/\/kylkirauta.fi\/wp-content\/uploads\/2023\/09\/Nato_EU-3.png","width":843,"height":487},{"@type":"BreadcrumbList","@id":"https:\/\/kylkirauta.fi\/index.php\/2023\/09\/10\/risto-sinkko-nato-ja-eu-suomen-turvallisuuspolitiikassa-molempi-parempi\/#breadcrumb","itemListElement":[{"@type":"ListItem","position":1,"name":"Home","item":"https:\/\/kylkirauta.fi\/index.php\/home\/"},{"@type":"ListItem","position":2,"name":"Risto Sinkko: Nato ja EU Suomen turvallisuuspolitiikassa \u2013 molempi parempi?"}]},{"@type":"WebSite","@id":"https:\/\/kylkirauta.fi\/#website","url":"https:\/\/kylkirauta.fi\/","name":"Kylkirauta","description":"Kadettiupseerit yhteiskunnan palveluksessa","potentialAction":[{"@type":"SearchAction","target":{"@type":"EntryPoint","urlTemplate":"https:\/\/kylkirauta.fi\/?s={search_term_string}"},"query-input":{"@type":"PropertyValueSpecification","valueRequired":true,"valueName":"search_term_string"}}],"inLanguage":"fi"},{"@type":"Person","@id":"https:\/\/kylkirauta.fi\/#\/schema\/person\/714ab39a349c656b20d60a239be1d6f6","name":"Kari Sainio","sameAs":["http:\/\/www.kylkirauta.fi"],"url":"https:\/\/kylkirauta.fi\/index.php\/author\/karisain\/"}]}},"_links":{"self":[{"href":"https:\/\/kylkirauta.fi\/index.php\/wp-json\/wp\/v2\/posts\/6712","targetHints":{"allow":["GET"]}}],"collection":[{"href":"https:\/\/kylkirauta.fi\/index.php\/wp-json\/wp\/v2\/posts"}],"about":[{"href":"https:\/\/kylkirauta.fi\/index.php\/wp-json\/wp\/v2\/types\/post"}],"author":[{"embeddable":true,"href":"https:\/\/kylkirauta.fi\/index.php\/wp-json\/wp\/v2\/users\/3"}],"replies":[{"embeddable":true,"href":"https:\/\/kylkirauta.fi\/index.php\/wp-json\/wp\/v2\/comments?post=6712"}],"version-history":[{"count":3,"href":"https:\/\/kylkirauta.fi\/index.php\/wp-json\/wp\/v2\/posts\/6712\/revisions"}],"predecessor-version":[{"id":6798,"href":"https:\/\/kylkirauta.fi\/index.php\/wp-json\/wp\/v2\/posts\/6712\/revisions\/6798"}],"wp:featuredmedia":[{"embeddable":true,"href":"https:\/\/kylkirauta.fi\/index.php\/wp-json\/wp\/v2\/media\/6799"}],"wp:attachment":[{"href":"https:\/\/kylkirauta.fi\/index.php\/wp-json\/wp\/v2\/media?parent=6712"}],"wp:term":[{"taxonomy":"category","embeddable":true,"href":"https:\/\/kylkirauta.fi\/index.php\/wp-json\/wp\/v2\/categories?post=6712"},{"taxonomy":"post_tag","embeddable":true,"href":"https:\/\/kylkirauta.fi\/index.php\/wp-json\/wp\/v2\/tags?post=6712"}],"curies":[{"name":"wp","href":"https:\/\/api.w.org\/{rel}","templated":true}]}}