{"id":6552,"date":"2023-06-15T05:20:48","date_gmt":"2023-06-15T05:20:48","guid":{"rendered":"https:\/\/kylkirauta.fi\/?p=6552"},"modified":"2023-06-16T16:37:53","modified_gmt":"2023-06-16T16:37:53","slug":"majuri-joni-pirisen-runoteos-tunnettu-sotilas-mannerheim-ristin-ritareista-on-julkaistu","status":"publish","type":"post","link":"https:\/\/kylkirauta.fi\/index.php\/2023\/06\/15\/majuri-joni-pirisen-runoteos-tunnettu-sotilas-mannerheim-ristin-ritareista-on-julkaistu\/","title":{"rendered":"Majuri Joni Pirisen runoteos \u201dTunnettu sotilas\u201d Mannerheim-ristin ritareista on julkaistu"},"content":{"rendered":"\n<style type=\"text\/css\" data-created_by=\"avia_inline_auto\" id=\"style-css-av-km4zs-0614ada41eb3461e6efbb361dfbae970\">\n.flex_column.av-km4zs-0614ada41eb3461e6efbb361dfbae970{\nborder-radius:0px 0px 0px 0px;\npadding:0px 0px 0px 0px;\n}\n<\/style>\n<div  class='flex_column av-km4zs-0614ada41eb3461e6efbb361dfbae970 av_one_full  avia-builder-el-0  el_before_av_hr  avia-builder-el-first  first flex_column_div av-zero-column-padding  '     ><p>\n<style type=\"text\/css\" data-created_by=\"avia_inline_auto\" id=\"style-css-av-av_heading-c4ed97deafa9dac100b254e2a326d0ac\">\n#top .av-special-heading.av-av_heading-c4ed97deafa9dac100b254e2a326d0ac{\npadding-bottom:10px;\n}\nbody .av-special-heading.av-av_heading-c4ed97deafa9dac100b254e2a326d0ac .av-special-heading-tag .heading-char{\nfont-size:25px;\n}\n.av-special-heading.av-av_heading-c4ed97deafa9dac100b254e2a326d0ac .av-subheading{\nfont-size:15px;\n}\n<\/style>\n<div  class='av-special-heading av-av_heading-c4ed97deafa9dac100b254e2a326d0ac av-special-heading-h3  avia-builder-el-1  el_before_av_hr  avia-builder-el-first '><h3 class='av-special-heading-tag'  itemprop=\"headline\"  >Majuri Joni Pirisen runoteos <span class='special_amp'>\u201d<\/span>Tunnettu sotilas<span class='special_amp'>\u201d<\/span> Mannerheim-ristin ritareista on julkaistu<\/h3><div class=\"special-heading-border\"><div class=\"special-heading-inner-border\"><\/div><\/div><\/div><br \/>\n\n<style type=\"text\/css\" data-created_by=\"avia_inline_auto\" id=\"style-css-av-k5m7b9te-01401dd5e8beb25770de1be03f41ecf3\">\n#top .hr.hr-invisible.av-k5m7b9te-01401dd5e8beb25770de1be03f41ecf3{\nheight:30px;\n}\n<\/style>\n<div  class='hr av-k5m7b9te-01401dd5e8beb25770de1be03f41ecf3 hr-invisible  avia-builder-el-2  el_after_av_heading  el_before_av_textblock '><span class='hr-inner '><span class=\"hr-inner-style\"><\/span><\/span><\/div><br \/>\n<section  class='av_textblock_section av-k8d08-dea0f25c8df625cf22cbdeac32688808 '   itemscope=\"itemscope\" itemtype=\"https:\/\/schema.org\/BlogPosting\" itemprop=\"blogPost\" ><div class='avia_textblock'  itemprop=\"text\" ><p><img loading=\"lazy\" decoding=\"async\" class=\"alignright wp-image-6551\" src=\"https:\/\/kylkirauta.fi\/wp-content\/uploads\/2023\/06\/Pirinen_Joni-212x300.jpg\" alt=\"\" width=\"180\" height=\"255\" srcset=\"https:\/\/kylkirauta.fi\/wp-content\/uploads\/2023\/06\/Pirinen_Joni-212x300.jpg 212w, https:\/\/kylkirauta.fi\/wp-content\/uploads\/2023\/06\/Pirinen_Joni.jpg 443w\" sizes=\"auto, (max-width: 180px) 100vw, 180px\" \/>Mannerheim -risti my\u00f6nnettiin jatkosodan aikana 191 henkil\u00f6lle. Vuoden 2020 marraskuussa 98-vuotiaana menehtynyt Mannerheim-ristin ritari numero 95 Tuomas Gerdt oli viimeinen elossa ollut ritari. H\u00e4nen kuolemansa my\u00f6t\u00e4 ritarit el\u00e4v\u00e4t en\u00e4\u00e4 muistoissamme.<em>\u00a0<\/em><\/p>\n<p>Yli 20 vuotta runoutta harrastaneen <strong>majuri Joni Pirisen <\/strong>vajaa kaksi vuotta sitten aloitettu kirjoitusprojekti runoteoksesta Mannerheim-ristin ritareista on tullut p\u00e4\u00e4t\u00f6kseen. H\u00e4n toteaa, ett\u00e4 kirjoitusty\u00f6n taustalla on sanonta <em>\u201dihminen kuolee vasta sitten, kun h\u00e4nen muistonsa lakkaa\u201d<\/em>. Pirinen haluaakin runoteoksellaan <a href=\"https:\/\/kadettikunta.fi\/julkaisut\/muut-julkaisut\/tunnettu-sotilas-runoteos-mannerheim-ristin-ritareista-2023\/\" target=\"_blank\" rel=\"noopener\"><strong>\u201d<\/strong><em><strong>Tunnettu sotilas\u201d<\/strong> (linkki) <\/em><\/a>omalta osaltaan olla varmistamassa, ett\u00e4 suomalaiset sankarit ja heid\u00e4n tarinansa eiv\u00e4t koskaan kuolisi.<\/p>\n<p><em>&#8211; Vajaa kaksi vuotta sitten aloitettu projekti on nyt tullut p\u00e4\u00e4t\u00f6kseen. Enp\u00e4 olisi arvannut kuinka ajankohtainen t\u00e4st\u00e4 kirjasta voikaan tulla. Kun kirjoitin edellisen Euroopassa riehuneen suursodan 80 vuoden takaisista suomalaisista sankareista, niin samaan aikaa Ukraina on kokenut tuon Suomen aikaisemman kohtalon ja sota Euroopassa on j\u00e4lleen tosiasia. T\u00e4m\u00e4 nostaa suomalaisen veteraanisukupolven teot j\u00e4lleen keski\u00f6\u00f6n ja mittaamattomaan arvoon. Teos onkin my\u00f6s omistettu Suomelle\u00a0ja sen urhoolliselle kansalle. Siis kiitos suomalaiset sankarit,\u00a0yh\u00e4kin aika velikultia.<\/em><em>\u00a0<\/em><\/p>\n<p>\u201d<em>Tunnettu sotilas\u201d &#8211;<\/em>runoteoksessa jokaisen Mannerheim-ristin ritarin tarina kerrotaan kansallisrunoilija Runebergin tapaan runomittaan personoituna. Kirja ei toista ristin saajien osalta esitettyj\u00e4 virallisia perusteita, vaan pyrkii kertomaan aidoista, oikeasti el\u00e4neist\u00e4, inhimillisesti tunteneista ja sodan kokeneista yksil\u00f6llisist\u00e4 ihmisist\u00e4, jotka taisteluiden \u00e4\u00e4rimm\u00e4isiss\u00e4 olosuhteissa osoittivat poikkeuksellista toimintaa. Teos tarjoaa my\u00f6s t\u00e4ysin uuden l\u00e4hestymistavan suomalaiseen sotahistorian tarkasteluun.<\/p>\n<p>Pirinen tuntee, ett\u00e4 on h\u00e4n saanut aikaiseksi jotain merkityksellist\u00e4 ja arvokasta.<\/p>\n<p><em>&#8211;\u00a0 Koen, ett\u00e4 olen omalta osaltani saanut olla vaikuttamassa suomalaiseen historiankirjoitukseen silt\u00e4 osin, kun puhutaan Mannerheim-ristin ritareista ja heid\u00e4n sankariteoistaan sek\u00e4 veteraanisukupolvesta yleisesti laajemminkin. Kiitokseni kirjan ensipainoksen kustantajalle Kadettikunnalle ja kaikille minua kirjoitusty\u00f6n aikana tukeneille.<\/em><em>\u00a0<\/em><\/p>\n<div class=\"art-postheadericons art-metadata-icons\">\n<p style=\"text-align: center;\">***<\/p>\n<p>Runoteos on luettavissa <a href=\"https:\/\/kadettikunta.fi\/wp-content\/uploads\/2023\/06\/Tunnettu-Sotilas-Runokirja_web.pdf\" target=\"_blank\" rel=\"noopener\">PDF-versiona t\u00e4st\u00e4 linkist\u00e4<\/a> ja <a href=\"https:\/\/issuu.com\/kadetkunta\/docs\/tunnettu_sotilas_runokirja_lowres_ls?fr=sY2EzNjYxNDk5ODE\" target=\"_blank\" rel=\"noopener\">digi-versiona t\u00e4st\u00e4 linkist\u00e4<\/a>.<\/p>\n<\/div>\n<div class=\"art-postheadericons art-metadata-icons\">\n<p style=\"text-align: center;\">\n<\/div>\n<\/div><\/section><\/p><\/div><div  class='hr av-6zsyz-b471ba5482e75b0a604afa4166a853a5 hr-default  avia-builder-el-4  el_after_av_one_full  el_before_av_blog '><span class='hr-inner '><span class=\"hr-inner-style\"><\/span><\/span><\/div><\/p>\n<div  class='av-alb-blogposts template-blog  '  itemscope=\"itemscope\" itemtype=\"https:\/\/schema.org\/Blog\" ><article class=\"post-entry post-entry-type-standard post-entry-8921 post-loop-1 post-parity-odd bloglist-simple with-slider post-8921 post type-post status-publish format-standard has-post-thumbnail hentry category-artikkeli category-artikkeli-2026\"  itemscope=\"itemscope\" itemtype=\"https:\/\/schema.org\/BlogPosting\" ><div class=\"blog-meta\"><\/div><div class='entry-content-wrapper clearfix standard-content'><header class=\"entry-content-header\"><h2 class='post-title entry-title '  itemprop=\"headline\" ><a href=\"https:\/\/kylkirauta.fi\/index.php\/2026\/04\/20\/kaaderilaulajien-julkaisutoiminta\/\" rel=\"bookmark\" title=\"Permanent Link: Kaaderilaulajien julkaisutoiminta\">Kaaderilaulajien julkaisutoiminta<span class=\"post-format-icon minor-meta\"><\/span><\/a><\/h2><span class=\"post-meta-infos\"><time class=\"date-container minor-meta updated\"  itemprop=\"datePublished\" datetime=\"2026-04-20T15:45:24+03:00\" >20.4.2026<\/time><span class=\"text-sep\">\/<\/span><span class=\"blog-categories minor-meta\">in <a href=\"https:\/\/kylkirauta.fi\/index.php\/category\/artikkeli\/\" rel=\"tag\">Artikkeli<\/a>, <a href=\"https:\/\/kylkirauta.fi\/index.php\/category\/artikkeli-2026\/\" rel=\"tag\">Artikkeli 2026<\/a><\/span><span class=\"text-sep\">\/<\/span><span class=\"blog-author minor-meta\">by <span class=\"entry-author-link\"  itemprop=\"author\" ><span class=\"author\"><span class=\"fn\"><a href=\"https:\/\/kylkirauta.fi\/index.php\/author\/karisain\/\" title=\"Kirjoittanut: Kari Sainio\" rel=\"author\">Kari Sainio<\/a><\/span><\/span><\/span><\/span><div class=\"read-more-link\"><a href=\"https:\/\/kylkirauta.fi\/index.php\/2026\/04\/20\/kaaderilaulajien-julkaisutoiminta\/\" class=\"more-link\">Read more<span class=\"more-link-arrow\"><\/span><\/a><\/div><\/span><\/header><footer class=\"entry-footer\"><\/footer><div class='post_delimiter'><\/div><\/div><div class=\"post_author_timeline\"><\/div><span class='hidden'>\n\t\t\t\t<span class='av-structured-data'  itemprop=\"image\" itemscope=\"itemscope\" itemtype=\"https:\/\/schema.org\/ImageObject\" >\n\t\t\t\t\t\t<span itemprop='url'>https:\/\/kylkirauta.fi\/wp-content\/uploads\/2026\/04\/Artikkeli-4-2026-2.jpg<\/span>\n\t\t\t\t\t\t<span itemprop='height'>487<\/span>\n\t\t\t\t\t\t<span itemprop='width'>843<\/span>\n\t\t\t\t<\/span>\n\t\t\t\t<span class='av-structured-data'  itemprop=\"publisher\" itemtype=\"https:\/\/schema.org\/Organization\" itemscope=\"itemscope\" >\n\t\t\t\t\t\t<span itemprop='name'>Kari Sainio<\/span>\n\t\t\t\t\t\t<span itemprop='logo' itemscope itemtype='https:\/\/schema.org\/ImageObject'>\n\t\t\t\t\t\t\t<span itemprop='url'>https:\/\/kylkirauta.fi\/wp-content\/uploads\/2020\/02\/kkunta_weblogo-100x100-1.png<\/span>\n\t\t\t\t\t\t<\/span>\n\t\t\t\t<\/span><span class='av-structured-data'  itemprop=\"author\" itemscope=\"itemscope\" itemtype=\"https:\/\/schema.org\/Person\" ><span itemprop='name'>Kari Sainio<\/span><\/span><span class='av-structured-data'  itemprop=\"datePublished\" datetime=\"2026-04-20T15:45:24+03:00\" >2026-04-20 15:45:24<\/span><span class='av-structured-data'  itemprop=\"dateModified\" itemtype=\"https:\/\/schema.org\/dateModified\" >2026-04-20 15:45:24<\/span><span class='av-structured-data'  itemprop=\"mainEntityOfPage\" itemtype=\"https:\/\/schema.org\/mainEntityOfPage\" ><span itemprop='name'>Kaaderilaulajien julkaisutoiminta<\/span><\/span><\/span><\/article><article class=\"post-entry post-entry-type-standard post-entry-8884 post-loop-2 post-parity-even bloglist-simple with-slider post-8884 post type-post status-publish format-standard has-post-thumbnail hentry category-artikkeli category-artikkeli-2026\"  itemscope=\"itemscope\" itemtype=\"https:\/\/schema.org\/BlogPosting\" ><div class=\"blog-meta\"><\/div><div class='entry-content-wrapper clearfix standard-content'><header class=\"entry-content-header\"><h2 class='post-title entry-title '  itemprop=\"headline\" ><a href=\"https:\/\/kylkirauta.fi\/index.php\/2026\/03\/27\/kaaderilaulajien-ukraina-tukikonsertit\/\" rel=\"bookmark\" title=\"Permanent Link: Kaaderilaulajien Ukraina-tukikonsertit\">Kaaderilaulajien Ukraina-tukikonsertit<span class=\"post-format-icon minor-meta\"><\/span><\/a><\/h2><span class=\"post-meta-infos\"><time class=\"date-container minor-meta updated\"  itemprop=\"datePublished\" datetime=\"2026-03-27T12:30:38+02:00\" >27.3.2026<\/time><span class=\"text-sep\">\/<\/span><span class=\"blog-categories minor-meta\">in <a href=\"https:\/\/kylkirauta.fi\/index.php\/category\/artikkeli\/\" rel=\"tag\">Artikkeli<\/a>, <a href=\"https:\/\/kylkirauta.fi\/index.php\/category\/artikkeli-2026\/\" rel=\"tag\">Artikkeli 2026<\/a><\/span><span class=\"text-sep\">\/<\/span><span class=\"blog-author minor-meta\">by <span class=\"entry-author-link\"  itemprop=\"author\" ><span class=\"author\"><span class=\"fn\"><a href=\"https:\/\/kylkirauta.fi\/index.php\/author\/karisain\/\" title=\"Kirjoittanut: Kari Sainio\" rel=\"author\">Kari Sainio<\/a><\/span><\/span><\/span><\/span><div class=\"read-more-link\"><a href=\"https:\/\/kylkirauta.fi\/index.php\/2026\/03\/27\/kaaderilaulajien-ukraina-tukikonsertit\/\" class=\"more-link\">Read more<span class=\"more-link-arrow\"><\/span><\/a><\/div><\/span><\/header><footer class=\"entry-footer\"><\/footer><div class='post_delimiter'><\/div><\/div><div class=\"post_author_timeline\"><\/div><span class='hidden'>\n\t\t\t\t<span class='av-structured-data'  itemprop=\"image\" itemscope=\"itemscope\" itemtype=\"https:\/\/schema.org\/ImageObject\" >\n\t\t\t\t\t\t<span itemprop='url'>https:\/\/kylkirauta.fi\/wp-content\/uploads\/2026\/03\/3-2026-artikkeli.jpg<\/span>\n\t\t\t\t\t\t<span itemprop='height'>487<\/span>\n\t\t\t\t\t\t<span itemprop='width'>843<\/span>\n\t\t\t\t<\/span>\n\t\t\t\t<span class='av-structured-data'  itemprop=\"publisher\" itemtype=\"https:\/\/schema.org\/Organization\" itemscope=\"itemscope\" >\n\t\t\t\t\t\t<span itemprop='name'>Kari Sainio<\/span>\n\t\t\t\t\t\t<span itemprop='logo' itemscope itemtype='https:\/\/schema.org\/ImageObject'>\n\t\t\t\t\t\t\t<span itemprop='url'>https:\/\/kylkirauta.fi\/wp-content\/uploads\/2020\/02\/kkunta_weblogo-100x100-1.png<\/span>\n\t\t\t\t\t\t<\/span>\n\t\t\t\t<\/span><span class='av-structured-data'  itemprop=\"author\" itemscope=\"itemscope\" itemtype=\"https:\/\/schema.org\/Person\" ><span itemprop='name'>Kari Sainio<\/span><\/span><span class='av-structured-data'  itemprop=\"datePublished\" datetime=\"2026-03-27T12:30:38+02:00\" >2026-03-27 12:30:38<\/span><span class='av-structured-data'  itemprop=\"dateModified\" itemtype=\"https:\/\/schema.org\/dateModified\" >2026-03-27 12:30:38<\/span><span class='av-structured-data'  itemprop=\"mainEntityOfPage\" itemtype=\"https:\/\/schema.org\/mainEntityOfPage\" ><span itemprop='name'>Kaaderilaulajien Ukraina-tukikonsertit<\/span><\/span><\/span><\/article><article class=\"post-entry post-entry-type-standard post-entry-8786 post-loop-3 post-parity-odd bloglist-simple with-slider post-8786 post type-post status-publish format-standard has-post-thumbnail hentry category-artikkeli category-artikkeli-2026\"  itemscope=\"itemscope\" itemtype=\"https:\/\/schema.org\/BlogPosting\" ><div class=\"blog-meta\"><\/div><div class='entry-content-wrapper clearfix standard-content'><header class=\"entry-content-header\"><h2 class='post-title entry-title '  itemprop=\"headline\" ><a href=\"https:\/\/kylkirauta.fi\/index.php\/2026\/02\/23\/risto-sinkko-eu-kansalaisten-nakemyksia-turvallisuudesta-ja-puolustuksesta\/\" rel=\"bookmark\" title=\"Permanent Link: Risto Sinkko: EU-kansalaisten n\u00e4kemyksi\u00e4 turvallisuudesta ja puolustuksesta\">Risto Sinkko: EU-kansalaisten n\u00e4kemyksi\u00e4 turvallisuudesta ja puolustuksesta<span class=\"post-format-icon minor-meta\"><\/span><\/a><\/h2><span class=\"post-meta-infos\"><time class=\"date-container minor-meta updated\"  itemprop=\"datePublished\" datetime=\"2026-02-23T17:08:33+02:00\" >23.2.2026<\/time><span class=\"text-sep\">\/<\/span><span class=\"blog-categories minor-meta\">in <a href=\"https:\/\/kylkirauta.fi\/index.php\/category\/artikkeli\/\" rel=\"tag\">Artikkeli<\/a>, <a href=\"https:\/\/kylkirauta.fi\/index.php\/category\/artikkeli-2026\/\" rel=\"tag\">Artikkeli 2026<\/a><\/span><span class=\"text-sep\">\/<\/span><span class=\"blog-author minor-meta\">by <span class=\"entry-author-link\"  itemprop=\"author\" ><span class=\"author\"><span class=\"fn\"><a href=\"https:\/\/kylkirauta.fi\/index.php\/author\/karisain\/\" title=\"Kirjoittanut: Kari Sainio\" rel=\"author\">Kari Sainio<\/a><\/span><\/span><\/span><\/span><div class=\"read-more-link\"><a href=\"https:\/\/kylkirauta.fi\/index.php\/2026\/02\/23\/risto-sinkko-eu-kansalaisten-nakemyksia-turvallisuudesta-ja-puolustuksesta\/\" class=\"more-link\">Read more<span class=\"more-link-arrow\"><\/span><\/a><\/div><\/span><\/header><footer class=\"entry-footer\"><\/footer><div class='post_delimiter'><\/div><\/div><div class=\"post_author_timeline\"><\/div><span class='hidden'>\n\t\t\t\t<span class='av-structured-data'  itemprop=\"image\" itemscope=\"itemscope\" itemtype=\"https:\/\/schema.org\/ImageObject\" >\n\t\t\t\t\t\t<span itemprop='url'>https:\/\/kylkirauta.fi\/wp-content\/uploads\/2026\/02\/Artikkeli-MSC-artikkeli.jpg<\/span>\n\t\t\t\t\t\t<span itemprop='height'>487<\/span>\n\t\t\t\t\t\t<span itemprop='width'>843<\/span>\n\t\t\t\t<\/span>\n\t\t\t\t<span class='av-structured-data'  itemprop=\"publisher\" itemtype=\"https:\/\/schema.org\/Organization\" itemscope=\"itemscope\" >\n\t\t\t\t\t\t<span itemprop='name'>Kari Sainio<\/span>\n\t\t\t\t\t\t<span itemprop='logo' itemscope itemtype='https:\/\/schema.org\/ImageObject'>\n\t\t\t\t\t\t\t<span itemprop='url'>https:\/\/kylkirauta.fi\/wp-content\/uploads\/2020\/02\/kkunta_weblogo-100x100-1.png<\/span>\n\t\t\t\t\t\t<\/span>\n\t\t\t\t<\/span><span class='av-structured-data'  itemprop=\"author\" itemscope=\"itemscope\" itemtype=\"https:\/\/schema.org\/Person\" ><span itemprop='name'>Kari Sainio<\/span><\/span><span class='av-structured-data'  itemprop=\"datePublished\" datetime=\"2026-02-23T17:08:33+02:00\" >2026-02-23 17:08:33<\/span><span class='av-structured-data'  itemprop=\"dateModified\" itemtype=\"https:\/\/schema.org\/dateModified\" >2026-02-23 17:29:54<\/span><span class='av-structured-data'  itemprop=\"mainEntityOfPage\" itemtype=\"https:\/\/schema.org\/mainEntityOfPage\" ><span itemprop='name'>Risto Sinkko: EU-kansalaisten n\u00e4kemyksi\u00e4 turvallisuudesta ja puolustuksesta<\/span><\/span><\/span><\/article><article class=\"post-entry post-entry-type-standard post-entry-8765 post-loop-4 post-parity-even bloglist-simple with-slider post-8765 post type-post status-publish format-standard has-post-thumbnail hentry category-artikkeli category-artikkeli-2026\"  itemscope=\"itemscope\" itemtype=\"https:\/\/schema.org\/BlogPosting\" ><div class=\"blog-meta\"><\/div><div class='entry-content-wrapper clearfix standard-content'><header class=\"entry-content-header\"><h2 class='post-title entry-title '  itemprop=\"headline\" ><a href=\"https:\/\/kylkirauta.fi\/index.php\/2026\/02\/15\/kaaderilaulajat-suomen-pojat-suomen-vapauden-ja-viron-kunnian-puolesta\/\" rel=\"bookmark\" title=\"Permanent Link: Kaaderilaulajat: Suomen pojat &#8211; Suomen vapauden ja Viron kunnian puolesta\">Kaaderilaulajat: Suomen pojat &#8211; Suomen vapauden ja Viron kunnian puolesta<span class=\"post-format-icon minor-meta\"><\/span><\/a><\/h2><span class=\"post-meta-infos\"><time class=\"date-container minor-meta updated\"  itemprop=\"datePublished\" datetime=\"2026-02-15T15:44:11+02:00\" >15.2.2026<\/time><span class=\"text-sep\">\/<\/span><span class=\"blog-categories minor-meta\">in <a href=\"https:\/\/kylkirauta.fi\/index.php\/category\/artikkeli\/\" rel=\"tag\">Artikkeli<\/a>, <a href=\"https:\/\/kylkirauta.fi\/index.php\/category\/artikkeli-2026\/\" rel=\"tag\">Artikkeli 2026<\/a><\/span><span class=\"text-sep\">\/<\/span><span class=\"blog-author minor-meta\">by <span class=\"entry-author-link\"  itemprop=\"author\" ><span class=\"author\"><span class=\"fn\"><a href=\"https:\/\/kylkirauta.fi\/index.php\/author\/karisain\/\" title=\"Kirjoittanut: Kari Sainio\" rel=\"author\">Kari Sainio<\/a><\/span><\/span><\/span><\/span><div class=\"read-more-link\"><a href=\"https:\/\/kylkirauta.fi\/index.php\/2026\/02\/15\/kaaderilaulajat-suomen-pojat-suomen-vapauden-ja-viron-kunnian-puolesta\/\" class=\"more-link\">Read more<span class=\"more-link-arrow\"><\/span><\/a><\/div><\/span><\/header><footer class=\"entry-footer\"><\/footer><div class='post_delimiter'><\/div><\/div><div class=\"post_author_timeline\"><\/div><span class='hidden'>\n\t\t\t\t<span class='av-structured-data'  itemprop=\"image\" itemscope=\"itemscope\" itemtype=\"https:\/\/schema.org\/ImageObject\" >\n\t\t\t\t\t\t<span itemprop='url'>https:\/\/kylkirauta.fi\/wp-content\/uploads\/2026\/02\/Kuva-3-1-2026-artikkeli.jpg<\/span>\n\t\t\t\t\t\t<span itemprop='height'>487<\/span>\n\t\t\t\t\t\t<span itemprop='width'>843<\/span>\n\t\t\t\t<\/span>\n\t\t\t\t<span class='av-structured-data'  itemprop=\"publisher\" itemtype=\"https:\/\/schema.org\/Organization\" itemscope=\"itemscope\" >\n\t\t\t\t\t\t<span itemprop='name'>Kari Sainio<\/span>\n\t\t\t\t\t\t<span itemprop='logo' itemscope itemtype='https:\/\/schema.org\/ImageObject'>\n\t\t\t\t\t\t\t<span itemprop='url'>https:\/\/kylkirauta.fi\/wp-content\/uploads\/2020\/02\/kkunta_weblogo-100x100-1.png<\/span>\n\t\t\t\t\t\t<\/span>\n\t\t\t\t<\/span><span class='av-structured-data'  itemprop=\"author\" itemscope=\"itemscope\" itemtype=\"https:\/\/schema.org\/Person\" ><span itemprop='name'>Kari Sainio<\/span><\/span><span class='av-structured-data'  itemprop=\"datePublished\" datetime=\"2026-02-15T15:44:11+02:00\" >2026-02-15 15:44:11<\/span><span class='av-structured-data'  itemprop=\"dateModified\" itemtype=\"https:\/\/schema.org\/dateModified\" >2026-02-15 15:49:07<\/span><span class='av-structured-data'  itemprop=\"mainEntityOfPage\" itemtype=\"https:\/\/schema.org\/mainEntityOfPage\" ><span itemprop='name'>Kaaderilaulajat: Suomen pojat &#8211; Suomen vapauden ja Viron kunnian puolesta<\/span><\/span><\/span><\/article><article class=\"post-entry post-entry-type-standard post-entry-8754 post-loop-5 post-parity-odd post-entry-last bloglist-simple with-slider post-8754 post type-post status-publish format-standard has-post-thumbnail hentry category-artikkeli category-artikkeli-2026\"  itemscope=\"itemscope\" itemtype=\"https:\/\/schema.org\/BlogPosting\" ><div class=\"blog-meta\"><\/div><div class='entry-content-wrapper clearfix standard-content'><header class=\"entry-content-header\"><h2 class='post-title entry-title '  itemprop=\"headline\" ><a href=\"https:\/\/kylkirauta.fi\/index.php\/2026\/01\/21\/kaaderilaulajista-kajahtaa\/\" rel=\"bookmark\" title=\"Permanent Link: Kaaderilaulajista kajahtaa\">Kaaderilaulajista kajahtaa<span class=\"post-format-icon minor-meta\"><\/span><\/a><\/h2><span class=\"post-meta-infos\"><time class=\"date-container minor-meta updated\"  itemprop=\"datePublished\" datetime=\"2026-01-21T18:17:28+02:00\" >21.1.2026<\/time><span class=\"text-sep\">\/<\/span><span class=\"blog-categories minor-meta\">in <a href=\"https:\/\/kylkirauta.fi\/index.php\/category\/artikkeli\/\" rel=\"tag\">Artikkeli<\/a>, <a href=\"https:\/\/kylkirauta.fi\/index.php\/category\/artikkeli-2026\/\" rel=\"tag\">Artikkeli 2026<\/a><\/span><span class=\"text-sep\">\/<\/span><span class=\"blog-author minor-meta\">by <span class=\"entry-author-link\"  itemprop=\"author\" ><span class=\"author\"><span class=\"fn\"><a href=\"https:\/\/kylkirauta.fi\/index.php\/author\/karisain\/\" title=\"Kirjoittanut: Kari Sainio\" rel=\"author\">Kari Sainio<\/a><\/span><\/span><\/span><\/span><div class=\"read-more-link\"><a href=\"https:\/\/kylkirauta.fi\/index.php\/2026\/01\/21\/kaaderilaulajista-kajahtaa\/\" class=\"more-link\">Read more<span class=\"more-link-arrow\"><\/span><\/a><\/div><\/span><\/header><footer class=\"entry-footer\"><\/footer><div class='post_delimiter'><\/div><\/div><div class=\"post_author_timeline\"><\/div><span class='hidden'>\n\t\t\t\t<span class='av-structured-data'  itemprop=\"image\" itemscope=\"itemscope\" itemtype=\"https:\/\/schema.org\/ImageObject\" >\n\t\t\t\t\t\t<span itemprop='url'>https:\/\/kylkirauta.fi\/wp-content\/uploads\/2026\/01\/Artikkeli-1-2026.jpg<\/span>\n\t\t\t\t\t\t<span itemprop='height'>487<\/span>\n\t\t\t\t\t\t<span itemprop='width'>843<\/span>\n\t\t\t\t<\/span>\n\t\t\t\t<span class='av-structured-data'  itemprop=\"publisher\" itemtype=\"https:\/\/schema.org\/Organization\" itemscope=\"itemscope\" >\n\t\t\t\t\t\t<span itemprop='name'>Kari Sainio<\/span>\n\t\t\t\t\t\t<span itemprop='logo' itemscope itemtype='https:\/\/schema.org\/ImageObject'>\n\t\t\t\t\t\t\t<span itemprop='url'>https:\/\/kylkirauta.fi\/wp-content\/uploads\/2020\/02\/kkunta_weblogo-100x100-1.png<\/span>\n\t\t\t\t\t\t<\/span>\n\t\t\t\t<\/span><span class='av-structured-data'  itemprop=\"author\" itemscope=\"itemscope\" itemtype=\"https:\/\/schema.org\/Person\" ><span itemprop='name'>Kari Sainio<\/span><\/span><span class='av-structured-data'  itemprop=\"datePublished\" datetime=\"2026-01-21T18:17:28+02:00\" >2026-01-21 18:17:28<\/span><span class='av-structured-data'  itemprop=\"dateModified\" itemtype=\"https:\/\/schema.org\/dateModified\" >2026-01-21 18:17:28<\/span><span class='av-structured-data'  itemprop=\"mainEntityOfPage\" itemtype=\"https:\/\/schema.org\/mainEntityOfPage\" ><span itemprop='name'>Kaaderilaulajista kajahtaa<\/span><\/span><\/span><\/article><div class='bloglist-simple'><nav class='pagination'><span class='pagination-meta'>Page 1 of 35<\/span><span class='current'>1<\/span><a href='https:\/\/kylkirauta.fi\/index.php\/wp-json\/wp\/v2\/posts\/6552\/page\/2\/' class='inactive next_page' >2<\/a><a href='https:\/\/kylkirauta.fi\/index.php\/wp-json\/wp\/v2\/posts\/6552\/page\/3\/' class='inactive' >3<\/a><a href='https:\/\/kylkirauta.fi\/index.php\/wp-json\/wp\/v2\/posts\/6552\/page\/2\/'>&rsaquo;<\/a><a href='https:\/\/kylkirauta.fi\/index.php\/wp-json\/wp\/v2\/posts\/6552\/page\/35\/'>&raquo;<\/a><\/nav>\n<\/div><\/div>\n","protected":false},"excerpt":{"rendered":"","protected":false},"author":3,"featured_media":6553,"comment_status":"closed","ping_status":"closed","sticky":false,"template":"","format":"standard","meta":{"footnotes":""},"categories":[100,4,102],"tags":[],"class_list":["post-6552","post","type-post","status-publish","format-standard","has-post-thumbnail","hentry","category-100","category-artikkeli","category-artikkeli-2023"],"yoast_head":"<!-- This site is optimized with the Yoast SEO plugin v27.4 - https:\/\/yoast.com\/product\/yoast-seo-wordpress\/ -->\n<title>Majuri Joni Pirisen runoteos \u201dTunnettu sotilas\u201d Mannerheim-ristin ritareista on julkaistu - Kylkirauta<\/title>\n<meta name=\"robots\" content=\"index, follow, max-snippet:-1, max-image-preview:large, max-video-preview:-1\" \/>\n<link rel=\"canonical\" href=\"https:\/\/kylkirauta.fi\/index.php\/2023\/06\/15\/majuri-joni-pirisen-runoteos-tunnettu-sotilas-mannerheim-ristin-ritareista-on-julkaistu\/\" \/>\n<meta property=\"og:locale\" content=\"fi_FI\" \/>\n<meta property=\"og:type\" content=\"article\" \/>\n<meta property=\"og:title\" content=\"Majuri Joni Pirisen runoteos \u201dTunnettu sotilas\u201d Mannerheim-ristin ritareista on julkaistu - Kylkirauta\" \/>\n<meta property=\"og:url\" content=\"https:\/\/kylkirauta.fi\/index.php\/2023\/06\/15\/majuri-joni-pirisen-runoteos-tunnettu-sotilas-mannerheim-ristin-ritareista-on-julkaistu\/\" \/>\n<meta property=\"og:site_name\" content=\"Kylkirauta\" \/>\n<meta property=\"article:published_time\" content=\"2023-06-15T05:20:48+00:00\" \/>\n<meta property=\"article:modified_time\" content=\"2023-06-16T16:37:53+00:00\" \/>\n<meta property=\"og:image\" content=\"https:\/\/kylkirauta.fi\/wp-content\/uploads\/2023\/06\/Artikkeli-Kyra.png\" \/>\n\t<meta property=\"og:image:width\" content=\"843\" \/>\n\t<meta property=\"og:image:height\" content=\"487\" \/>\n\t<meta property=\"og:image:type\" content=\"image\/png\" \/>\n<meta name=\"author\" content=\"Kari Sainio\" \/>\n<meta name=\"twitter:card\" content=\"summary_large_image\" \/>\n<meta name=\"twitter:label1\" content=\"Kirjoittanut\" \/>\n\t<meta name=\"twitter:data1\" content=\"Kari Sainio\" \/>\n\t<meta name=\"twitter:label2\" content=\"Arvioitu lukuaika\" \/>\n\t<meta name=\"twitter:data2\" content=\"3 minuuttia\" \/>\n<script type=\"application\/ld+json\" class=\"yoast-schema-graph\">{\"@context\":\"https:\\\/\\\/schema.org\",\"@graph\":[{\"@type\":\"Article\",\"@id\":\"https:\\\/\\\/kylkirauta.fi\\\/index.php\\\/2023\\\/06\\\/15\\\/majuri-joni-pirisen-runoteos-tunnettu-sotilas-mannerheim-ristin-ritareista-on-julkaistu\\\/#article\",\"isPartOf\":{\"@id\":\"https:\\\/\\\/kylkirauta.fi\\\/index.php\\\/2023\\\/06\\\/15\\\/majuri-joni-pirisen-runoteos-tunnettu-sotilas-mannerheim-ristin-ritareista-on-julkaistu\\\/\"},\"author\":{\"name\":\"Kari Sainio\",\"@id\":\"https:\\\/\\\/kylkirauta.fi\\\/#\\\/schema\\\/person\\\/714ab39a349c656b20d60a239be1d6f6\"},\"headline\":\"Majuri Joni Pirisen runoteos \u201dTunnettu sotilas\u201d Mannerheim-ristin ritareista on julkaistu\",\"datePublished\":\"2023-06-15T05:20:48+00:00\",\"dateModified\":\"2023-06-16T16:37:53+00:00\",\"mainEntityOfPage\":{\"@id\":\"https:\\\/\\\/kylkirauta.fi\\\/index.php\\\/2023\\\/06\\\/15\\\/majuri-joni-pirisen-runoteos-tunnettu-sotilas-mannerheim-ristin-ritareista-on-julkaistu\\\/\"},\"wordCount\":600,\"image\":{\"@id\":\"https:\\\/\\\/kylkirauta.fi\\\/index.php\\\/2023\\\/06\\\/15\\\/majuri-joni-pirisen-runoteos-tunnettu-sotilas-mannerheim-ristin-ritareista-on-julkaistu\\\/#primaryimage\"},\"thumbnailUrl\":\"https:\\\/\\\/kylkirauta.fi\\\/wp-content\\\/uploads\\\/2023\\\/06\\\/Artikkeli-Kyra.png\",\"articleSection\":[\"2023\",\"Artikkeli\",\"Artikkeli 2023\"],\"inLanguage\":\"fi\"},{\"@type\":\"WebPage\",\"@id\":\"https:\\\/\\\/kylkirauta.fi\\\/index.php\\\/2023\\\/06\\\/15\\\/majuri-joni-pirisen-runoteos-tunnettu-sotilas-mannerheim-ristin-ritareista-on-julkaistu\\\/\",\"url\":\"https:\\\/\\\/kylkirauta.fi\\\/index.php\\\/2023\\\/06\\\/15\\\/majuri-joni-pirisen-runoteos-tunnettu-sotilas-mannerheim-ristin-ritareista-on-julkaistu\\\/\",\"name\":\"Majuri Joni Pirisen runoteos \u201dTunnettu sotilas\u201d Mannerheim-ristin ritareista on julkaistu - Kylkirauta\",\"isPartOf\":{\"@id\":\"https:\\\/\\\/kylkirauta.fi\\\/#website\"},\"primaryImageOfPage\":{\"@id\":\"https:\\\/\\\/kylkirauta.fi\\\/index.php\\\/2023\\\/06\\\/15\\\/majuri-joni-pirisen-runoteos-tunnettu-sotilas-mannerheim-ristin-ritareista-on-julkaistu\\\/#primaryimage\"},\"image\":{\"@id\":\"https:\\\/\\\/kylkirauta.fi\\\/index.php\\\/2023\\\/06\\\/15\\\/majuri-joni-pirisen-runoteos-tunnettu-sotilas-mannerheim-ristin-ritareista-on-julkaistu\\\/#primaryimage\"},\"thumbnailUrl\":\"https:\\\/\\\/kylkirauta.fi\\\/wp-content\\\/uploads\\\/2023\\\/06\\\/Artikkeli-Kyra.png\",\"datePublished\":\"2023-06-15T05:20:48+00:00\",\"dateModified\":\"2023-06-16T16:37:53+00:00\",\"author\":{\"@id\":\"https:\\\/\\\/kylkirauta.fi\\\/#\\\/schema\\\/person\\\/714ab39a349c656b20d60a239be1d6f6\"},\"breadcrumb\":{\"@id\":\"https:\\\/\\\/kylkirauta.fi\\\/index.php\\\/2023\\\/06\\\/15\\\/majuri-joni-pirisen-runoteos-tunnettu-sotilas-mannerheim-ristin-ritareista-on-julkaistu\\\/#breadcrumb\"},\"inLanguage\":\"fi\",\"potentialAction\":[{\"@type\":\"ReadAction\",\"target\":[\"https:\\\/\\\/kylkirauta.fi\\\/index.php\\\/2023\\\/06\\\/15\\\/majuri-joni-pirisen-runoteos-tunnettu-sotilas-mannerheim-ristin-ritareista-on-julkaistu\\\/\"]}]},{\"@type\":\"ImageObject\",\"inLanguage\":\"fi\",\"@id\":\"https:\\\/\\\/kylkirauta.fi\\\/index.php\\\/2023\\\/06\\\/15\\\/majuri-joni-pirisen-runoteos-tunnettu-sotilas-mannerheim-ristin-ritareista-on-julkaistu\\\/#primaryimage\",\"url\":\"https:\\\/\\\/kylkirauta.fi\\\/wp-content\\\/uploads\\\/2023\\\/06\\\/Artikkeli-Kyra.png\",\"contentUrl\":\"https:\\\/\\\/kylkirauta.fi\\\/wp-content\\\/uploads\\\/2023\\\/06\\\/Artikkeli-Kyra.png\",\"width\":843,\"height\":487},{\"@type\":\"BreadcrumbList\",\"@id\":\"https:\\\/\\\/kylkirauta.fi\\\/index.php\\\/2023\\\/06\\\/15\\\/majuri-joni-pirisen-runoteos-tunnettu-sotilas-mannerheim-ristin-ritareista-on-julkaistu\\\/#breadcrumb\",\"itemListElement\":[{\"@type\":\"ListItem\",\"position\":1,\"name\":\"Home\",\"item\":\"https:\\\/\\\/kylkirauta.fi\\\/index.php\\\/home\\\/\"},{\"@type\":\"ListItem\",\"position\":2,\"name\":\"Majuri Joni Pirisen runoteos \u201dTunnettu sotilas\u201d Mannerheim-ristin ritareista on julkaistu\"}]},{\"@type\":\"WebSite\",\"@id\":\"https:\\\/\\\/kylkirauta.fi\\\/#website\",\"url\":\"https:\\\/\\\/kylkirauta.fi\\\/\",\"name\":\"Kylkirauta\",\"description\":\"Kadettiupseerit yhteiskunnan palveluksessa\",\"potentialAction\":[{\"@type\":\"SearchAction\",\"target\":{\"@type\":\"EntryPoint\",\"urlTemplate\":\"https:\\\/\\\/kylkirauta.fi\\\/?s={search_term_string}\"},\"query-input\":{\"@type\":\"PropertyValueSpecification\",\"valueRequired\":true,\"valueName\":\"search_term_string\"}}],\"inLanguage\":\"fi\"},{\"@type\":\"Person\",\"@id\":\"https:\\\/\\\/kylkirauta.fi\\\/#\\\/schema\\\/person\\\/714ab39a349c656b20d60a239be1d6f6\",\"name\":\"Kari Sainio\",\"sameAs\":[\"http:\\\/\\\/www.kylkirauta.fi\"],\"url\":\"https:\\\/\\\/kylkirauta.fi\\\/index.php\\\/author\\\/karisain\\\/\"}]}<\/script>\n<!-- \/ Yoast SEO plugin. -->","yoast_head_json":{"title":"Majuri Joni Pirisen runoteos \u201dTunnettu sotilas\u201d Mannerheim-ristin ritareista on julkaistu - Kylkirauta","robots":{"index":"index","follow":"follow","max-snippet":"max-snippet:-1","max-image-preview":"max-image-preview:large","max-video-preview":"max-video-preview:-1"},"canonical":"https:\/\/kylkirauta.fi\/index.php\/2023\/06\/15\/majuri-joni-pirisen-runoteos-tunnettu-sotilas-mannerheim-ristin-ritareista-on-julkaistu\/","og_locale":"fi_FI","og_type":"article","og_title":"Majuri Joni Pirisen runoteos \u201dTunnettu sotilas\u201d Mannerheim-ristin ritareista on julkaistu - Kylkirauta","og_url":"https:\/\/kylkirauta.fi\/index.php\/2023\/06\/15\/majuri-joni-pirisen-runoteos-tunnettu-sotilas-mannerheim-ristin-ritareista-on-julkaistu\/","og_site_name":"Kylkirauta","article_published_time":"2023-06-15T05:20:48+00:00","article_modified_time":"2023-06-16T16:37:53+00:00","og_image":[{"width":843,"height":487,"url":"https:\/\/kylkirauta.fi\/wp-content\/uploads\/2023\/06\/Artikkeli-Kyra.png","type":"image\/png"}],"author":"Kari Sainio","twitter_card":"summary_large_image","twitter_misc":{"Kirjoittanut":"Kari Sainio","Arvioitu lukuaika":"3 minuuttia"},"schema":{"@context":"https:\/\/schema.org","@graph":[{"@type":"Article","@id":"https:\/\/kylkirauta.fi\/index.php\/2023\/06\/15\/majuri-joni-pirisen-runoteos-tunnettu-sotilas-mannerheim-ristin-ritareista-on-julkaistu\/#article","isPartOf":{"@id":"https:\/\/kylkirauta.fi\/index.php\/2023\/06\/15\/majuri-joni-pirisen-runoteos-tunnettu-sotilas-mannerheim-ristin-ritareista-on-julkaistu\/"},"author":{"name":"Kari Sainio","@id":"https:\/\/kylkirauta.fi\/#\/schema\/person\/714ab39a349c656b20d60a239be1d6f6"},"headline":"Majuri Joni Pirisen runoteos \u201dTunnettu sotilas\u201d Mannerheim-ristin ritareista on julkaistu","datePublished":"2023-06-15T05:20:48+00:00","dateModified":"2023-06-16T16:37:53+00:00","mainEntityOfPage":{"@id":"https:\/\/kylkirauta.fi\/index.php\/2023\/06\/15\/majuri-joni-pirisen-runoteos-tunnettu-sotilas-mannerheim-ristin-ritareista-on-julkaistu\/"},"wordCount":600,"image":{"@id":"https:\/\/kylkirauta.fi\/index.php\/2023\/06\/15\/majuri-joni-pirisen-runoteos-tunnettu-sotilas-mannerheim-ristin-ritareista-on-julkaistu\/#primaryimage"},"thumbnailUrl":"https:\/\/kylkirauta.fi\/wp-content\/uploads\/2023\/06\/Artikkeli-Kyra.png","articleSection":["2023","Artikkeli","Artikkeli 2023"],"inLanguage":"fi"},{"@type":"WebPage","@id":"https:\/\/kylkirauta.fi\/index.php\/2023\/06\/15\/majuri-joni-pirisen-runoteos-tunnettu-sotilas-mannerheim-ristin-ritareista-on-julkaistu\/","url":"https:\/\/kylkirauta.fi\/index.php\/2023\/06\/15\/majuri-joni-pirisen-runoteos-tunnettu-sotilas-mannerheim-ristin-ritareista-on-julkaistu\/","name":"Majuri Joni Pirisen runoteos \u201dTunnettu sotilas\u201d Mannerheim-ristin ritareista on julkaistu - Kylkirauta","isPartOf":{"@id":"https:\/\/kylkirauta.fi\/#website"},"primaryImageOfPage":{"@id":"https:\/\/kylkirauta.fi\/index.php\/2023\/06\/15\/majuri-joni-pirisen-runoteos-tunnettu-sotilas-mannerheim-ristin-ritareista-on-julkaistu\/#primaryimage"},"image":{"@id":"https:\/\/kylkirauta.fi\/index.php\/2023\/06\/15\/majuri-joni-pirisen-runoteos-tunnettu-sotilas-mannerheim-ristin-ritareista-on-julkaistu\/#primaryimage"},"thumbnailUrl":"https:\/\/kylkirauta.fi\/wp-content\/uploads\/2023\/06\/Artikkeli-Kyra.png","datePublished":"2023-06-15T05:20:48+00:00","dateModified":"2023-06-16T16:37:53+00:00","author":{"@id":"https:\/\/kylkirauta.fi\/#\/schema\/person\/714ab39a349c656b20d60a239be1d6f6"},"breadcrumb":{"@id":"https:\/\/kylkirauta.fi\/index.php\/2023\/06\/15\/majuri-joni-pirisen-runoteos-tunnettu-sotilas-mannerheim-ristin-ritareista-on-julkaistu\/#breadcrumb"},"inLanguage":"fi","potentialAction":[{"@type":"ReadAction","target":["https:\/\/kylkirauta.fi\/index.php\/2023\/06\/15\/majuri-joni-pirisen-runoteos-tunnettu-sotilas-mannerheim-ristin-ritareista-on-julkaistu\/"]}]},{"@type":"ImageObject","inLanguage":"fi","@id":"https:\/\/kylkirauta.fi\/index.php\/2023\/06\/15\/majuri-joni-pirisen-runoteos-tunnettu-sotilas-mannerheim-ristin-ritareista-on-julkaistu\/#primaryimage","url":"https:\/\/kylkirauta.fi\/wp-content\/uploads\/2023\/06\/Artikkeli-Kyra.png","contentUrl":"https:\/\/kylkirauta.fi\/wp-content\/uploads\/2023\/06\/Artikkeli-Kyra.png","width":843,"height":487},{"@type":"BreadcrumbList","@id":"https:\/\/kylkirauta.fi\/index.php\/2023\/06\/15\/majuri-joni-pirisen-runoteos-tunnettu-sotilas-mannerheim-ristin-ritareista-on-julkaistu\/#breadcrumb","itemListElement":[{"@type":"ListItem","position":1,"name":"Home","item":"https:\/\/kylkirauta.fi\/index.php\/home\/"},{"@type":"ListItem","position":2,"name":"Majuri Joni Pirisen runoteos \u201dTunnettu sotilas\u201d Mannerheim-ristin ritareista on julkaistu"}]},{"@type":"WebSite","@id":"https:\/\/kylkirauta.fi\/#website","url":"https:\/\/kylkirauta.fi\/","name":"Kylkirauta","description":"Kadettiupseerit yhteiskunnan palveluksessa","potentialAction":[{"@type":"SearchAction","target":{"@type":"EntryPoint","urlTemplate":"https:\/\/kylkirauta.fi\/?s={search_term_string}"},"query-input":{"@type":"PropertyValueSpecification","valueRequired":true,"valueName":"search_term_string"}}],"inLanguage":"fi"},{"@type":"Person","@id":"https:\/\/kylkirauta.fi\/#\/schema\/person\/714ab39a349c656b20d60a239be1d6f6","name":"Kari Sainio","sameAs":["http:\/\/www.kylkirauta.fi"],"url":"https:\/\/kylkirauta.fi\/index.php\/author\/karisain\/"}]}},"_links":{"self":[{"href":"https:\/\/kylkirauta.fi\/index.php\/wp-json\/wp\/v2\/posts\/6552","targetHints":{"allow":["GET"]}}],"collection":[{"href":"https:\/\/kylkirauta.fi\/index.php\/wp-json\/wp\/v2\/posts"}],"about":[{"href":"https:\/\/kylkirauta.fi\/index.php\/wp-json\/wp\/v2\/types\/post"}],"author":[{"embeddable":true,"href":"https:\/\/kylkirauta.fi\/index.php\/wp-json\/wp\/v2\/users\/3"}],"replies":[{"embeddable":true,"href":"https:\/\/kylkirauta.fi\/index.php\/wp-json\/wp\/v2\/comments?post=6552"}],"version-history":[{"count":6,"href":"https:\/\/kylkirauta.fi\/index.php\/wp-json\/wp\/v2\/posts\/6552\/revisions"}],"predecessor-version":[{"id":6575,"href":"https:\/\/kylkirauta.fi\/index.php\/wp-json\/wp\/v2\/posts\/6552\/revisions\/6575"}],"wp:featuredmedia":[{"embeddable":true,"href":"https:\/\/kylkirauta.fi\/index.php\/wp-json\/wp\/v2\/media\/6553"}],"wp:attachment":[{"href":"https:\/\/kylkirauta.fi\/index.php\/wp-json\/wp\/v2\/media?parent=6552"}],"wp:term":[{"taxonomy":"category","embeddable":true,"href":"https:\/\/kylkirauta.fi\/index.php\/wp-json\/wp\/v2\/categories?post=6552"},{"taxonomy":"post_tag","embeddable":true,"href":"https:\/\/kylkirauta.fi\/index.php\/wp-json\/wp\/v2\/tags?post=6552"}],"curies":[{"name":"wp","href":"https:\/\/api.w.org\/{rel}","templated":true}]}}