{"id":637,"date":"2019-01-31T17:33:00","date_gmt":"2019-01-31T17:33:00","guid":{"rendered":"https:\/\/kylkirauta.fi\/?p=637"},"modified":"2020-01-26T10:38:31","modified_gmt":"2020-01-26T10:38:31","slug":"vuosi-2014-ja-kansalaisten-uhkakuvat-ja-huolenaiheet-sen-jalkeen","status":"publish","type":"post","link":"https:\/\/kylkirauta.fi\/index.php\/2019\/01\/31\/vuosi-2014-ja-kansalaisten-uhkakuvat-ja-huolenaiheet-sen-jalkeen\/","title":{"rendered":"Mentorin merkint\u00f6j\u00e4 16 &#8211; Kati, komppanian kovin kundi"},"content":{"rendered":"<div id='full_slider_1'  class='avia-fullwidth-slider main_color avia-shadow   avia-builder-el-0  el_before_av_one_full  avia-builder-el-first   container_wrap sidebar_right'  ><div  class='avia-slideshow av-l9olo-34f89e96fc3de7b9b51c14c99ace17a4 avia-slideshow-featured av_slideshow_full avia-slide-slider av-slideshow-ui av-control-default av-slideshow-manual av-loop-once av-loop-manual-endless av-default-height-applied   avia-slideshow-1' data-slideshow-options=\"{&quot;animation&quot;:&quot;slide&quot;,&quot;autoplay&quot;:false,&quot;loop_autoplay&quot;:&quot;once&quot;,&quot;interval&quot;:5,&quot;loop_manual&quot;:&quot;manual-endless&quot;,&quot;autoplay_stopper&quot;:false,&quot;noNavigation&quot;:false,&quot;bg_slider&quot;:false,&quot;keep_padding&quot;:false,&quot;hoverpause&quot;:false,&quot;show_slide_delay&quot;:0}\"  itemprop=\"image\" itemscope=\"itemscope\" itemtype=\"https:\/\/schema.org\/ImageObject\" ><ul class='avia-slideshow-inner ' style='padding-bottom: 28.666666666667%;'><li  class='avia-slideshow-slide av-l9olo-34f89e96fc3de7b9b51c14c99ace17a4__0  av-single-slide slide-1 slide-odd'><div data-rel='slideshow-1' class='avia-slide-wrap '   ><img decoding=\"async\" fetchpriority=\"high\" class=\"wp-image-54 avia-img-lazy-loading-not-54\"  src=\"https:\/\/kylkirauta.fi\/wp-content\/uploads\/2019\/10\/otsake-kuva_1500x430-1500x430.png\" width=\"1500\" height=\"430\" title='otsake-kuva_1500x430' alt=''  itemprop=\"thumbnailUrl\" srcset=\"https:\/\/kylkirauta.fi\/wp-content\/uploads\/2019\/10\/otsake-kuva_1500x430-1500x430.png 1500w, https:\/\/kylkirauta.fi\/wp-content\/uploads\/2019\/10\/otsake-kuva_1500x430-300x86.png 300w, https:\/\/kylkirauta.fi\/wp-content\/uploads\/2019\/10\/otsake-kuva_1500x430-768x220.png 768w, https:\/\/kylkirauta.fi\/wp-content\/uploads\/2019\/10\/otsake-kuva_1500x430-1030x295.png 1030w, https:\/\/kylkirauta.fi\/wp-content\/uploads\/2019\/10\/otsake-kuva_1500x430-705x202.png 705w, https:\/\/kylkirauta.fi\/wp-content\/uploads\/2019\/10\/otsake-kuva_1500x430.png 1817w\" sizes=\"(max-width: 1500px) 100vw, 1500px\" \/><\/div><\/li><\/ul><\/div><\/div><div id='after_full_slider_1'  class='main_color av_default_container_wrap container_wrap sidebar_right'  ><div class='container av-section-cont-open' ><div class='template-page content  av-content-small alpha units'><div class='post-entry post-entry-type-page post-entry-637'><div class='entry-content-wrapper clearfix'>\n\n<style type=\"text\/css\" data-created_by=\"avia_inline_auto\" id=\"style-css-av-km4zs-0614ada41eb3461e6efbb361dfbae970\">\n.flex_column.av-km4zs-0614ada41eb3461e6efbb361dfbae970{\nborder-radius:0px 0px 0px 0px;\npadding:0px 0px 0px 0px;\n}\n<\/style>\n<div  class='flex_column av-km4zs-0614ada41eb3461e6efbb361dfbae970 av_one_full  avia-builder-el-1  el_after_av_slideshow_full  el_before_av_hr  avia-builder-el-first  first flex_column_div av-zero-column-padding  '     ><p>\n<style type=\"text\/css\" data-created_by=\"avia_inline_auto\" id=\"style-css-av-k5tx2308-11b1b3503f8d3ebb5aaf260f095e15b7\">\n#top .av-special-heading.av-k5tx2308-11b1b3503f8d3ebb5aaf260f095e15b7{\npadding-bottom:10px;\n}\nbody .av-special-heading.av-k5tx2308-11b1b3503f8d3ebb5aaf260f095e15b7 .av-special-heading-tag .heading-char{\nfont-size:25px;\n}\n.av-special-heading.av-k5tx2308-11b1b3503f8d3ebb5aaf260f095e15b7 .av-subheading{\nfont-size:15px;\n}\n<\/style>\n<div  class='av-special-heading av-k5tx2308-11b1b3503f8d3ebb5aaf260f095e15b7 av-special-heading-h3  avia-builder-el-2  el_before_av_hr  avia-builder-el-first '><h3 class='av-special-heading-tag'  itemprop=\"headline\"  >Mentorin merkint\u00f6j\u00e4 16 &#8211; Kati, komppanian kovin kundi<\/h3><div class=\"special-heading-border\"><div class=\"special-heading-inner-border\"><\/div><\/div><\/div><br \/>\n\n<style type=\"text\/css\" data-created_by=\"avia_inline_auto\" id=\"style-css-av-k5m7b9te-01401dd5e8beb25770de1be03f41ecf3\">\n#top .hr.hr-invisible.av-k5m7b9te-01401dd5e8beb25770de1be03f41ecf3{\nheight:30px;\n}\n<\/style>\n<div  class='hr av-k5m7b9te-01401dd5e8beb25770de1be03f41ecf3 hr-invisible  avia-builder-el-3  el_after_av_heading  el_before_av_textblock '><span class='hr-inner '><span class=\"hr-inner-style\"><\/span><\/span><\/div><br \/>\n<section  class='av_textblock_section av-k8d08-dea0f25c8df625cf22cbdeac32688808 '   itemscope=\"itemscope\" itemtype=\"https:\/\/schema.org\/BlogPosting\" itemprop=\"blogPost\" ><div class='avia_textblock'  itemprop=\"text\" ><div id=\"attachment_660\" style=\"width: 135px\" class=\"wp-caption alignleft\"><img loading=\"lazy\" decoding=\"async\" aria-describedby=\"caption-attachment-660\" class=\"wp-image-660\" src=\"https:\/\/kylkirauta.fi\/wp-content\/uploads\/2020\/01\/Kurvinen-Pekka.jpg\" alt=\"\" width=\"125\" height=\"177\" srcset=\"https:\/\/kylkirauta.fi\/wp-content\/uploads\/2020\/01\/Kurvinen-Pekka.jpg 410w, https:\/\/kylkirauta.fi\/wp-content\/uploads\/2020\/01\/Kurvinen-Pekka-212x300.jpg 212w\" sizes=\"auto, (max-width: 125px) 100vw, 125px\" \/><p id=\"caption-attachment-660\" class=\"wp-caption-text\">Pekka Kurvinen<\/p><\/div>\n<p><strong>Puolustusvoimien hyv\u00e4 ty\u00f6ilmapiiri luo vankan perustan henkil\u00f6st\u00f6n sosiaaliselle toimintakyvylle. Ty\u00f6ilmapiirin vahvuuksia ovat pienryhmien vahva me-henki sek\u00e4 tyytyv\u00e4isyys omiin ty\u00f6teht\u00e4viin ja l\u00e4hiesimieheen. Puolustusvoimien tavoitteena onkin muun muassa vahvistaa t\u00f6iden oikeudenmukaista jakautumista sek\u00e4 ty\u00f6ss\u00e4 kehittymisen mahdollisuuksia. Puolustusvoimien asevelvollisuusj\u00e4rjestelm\u00e4n toimivuuden ja uskottavuuden kannalta on t\u00e4rke\u00e4\u00e4, ett\u00e4 johtajateht\u00e4viin valikoituvat johtajaominaisuuksiltaan parhaat henkil\u00f6t.<\/strong><\/p>\n<p><strong>Upseerikuntamme ja sotav\u00e4kemme naisistuminen k\u00e4y vitkaan mutta v\u00e4\u00e4j\u00e4\u00e4m\u00e4tt\u00e4. Vuonna 1999 valmistuivat ensimm\u00e4iset naisopistoupseerit ja seuraavana vuonna ensimm\u00e4inen naiskadettiupseeri. 2017 naisopistoupseereita oli 10 ja naisupseereita 72. Erikoisupseereista naisia oli 17 ja aliupseereista 153.<\/strong><\/p>\n<p>Reserviin on koulutettu vuodesta 1995 l\u00e4htien yhteens\u00e4 yli 8 100 naista. Viime vuosina noin 65\u201370 % heist\u00e4 on saanut johtajakoulutuksen. Vuonna 2017 varusmiespalveluksen aloitti 24 282 henkil\u00f6\u00e4, joista naisia oli 704. Varusmiespalveluksesta siirrettiin reserviin kertomusvuonna t\u00e4ysin palvelleena 20 323 varusmiest\u00e4, joista naisia oli 532. Vuonna 2018 naisten vapaaehtoiseen asepalvelukseen haki enn\u00e4tysm\u00e4\u00e4r\u00e4, yhteens\u00e4 1 516 naista \u2013 noin 400 enemm\u00e4n kuin vuonna 2017.<\/p>\n<p>Keskustelu naisjohtajuudesta, naisten asiantuntemuksen ja osaamisen valjastaminen my\u00f6s Puolustusvoimien k\u00e4ytt\u00f6\u00f6n on ajankohtaista ja perusteltua yht\u00e4\u00e4lt\u00e4 eettisen ja tasa-arvon n\u00e4k\u00f6kulmasta ja toisaalta my\u00f6s sukupuolikysymyksen\u00e4. Painokkaimpana vaikuttimena ovat kuitenkin vaatimukset organisaation suorituskyvyn sek\u00e4 tehokkuuden maksimaalisuudesta jatkuvassa turvallisuusymp\u00e4rist\u00f6n muutosten ja sodank\u00e4ynnin vaatimusten yh\u00e4 enemm\u00e4n erityisasiantuntijuutta ja innovatiivisuutta vaativissa tilanteissa.<\/p>\n<p><em><strong>V\u00e4litt\u00e4v\u00e4 vuorovaikutus muodollisuuden sijaan<\/strong><\/em><\/p>\n<p>Erilaisuuteen painottuvat tutkimukset tuovat esille naisjohtajien erityisen panoksen ty\u00f6el\u00e4m\u00e4\u00e4n, sill\u00e4 heid\u00e4n kokemuksensa, ajatuksensa, arvonsa ja toiminta-tapansa ajatellaan eroavan miesten vastaavista. Tutkimukset n\u00e4et hahmottavat naisten johtamistavat vaihtoehtona miesten johtamistavoille, mit\u00e4 voi pit\u00e4\u00e4 my\u00f6s eettisesti t\u00e4rke\u00e4n\u00e4 n\u00e4k\u00f6kulmana. Onkin ajateltu, ett\u00e4 naiset voisivat tuoda organisaatioihin feminiinisi\u00e4 toimintatapoja ja n\u00e4kemyksi\u00e4 sek\u00e4 siten parantaa yhteis\u00f6n tehokkuutta ja menestyst\u00e4. (Billing &amp; Alvesson 1989).<\/p>\n<p>Naisjohtajat n\u00e4ytt\u00e4isiv\u00e4t korostavan toiminnassaan enemm\u00e4n vuorovaikutusta kuin muodollista auktoriteettia. He vaikuttaisivat kykenev\u00e4n toimimaana intuitiivisesti ja empaattisesti, jakamaan valtaa ja tietoa, olemaan vuorovaikutuksessa avoimia, tukemaan ty\u00f6ntekij\u00f6iden itseluottamusta ja aloitteellisuutta ja siten lis\u00e4t\u00e4 kiinnostusta ja motivaatiota ty\u00f6h\u00f6n. Keskeisi\u00e4 tekij\u00f6it\u00e4 ovat esimerkkin\u00e4 oleminen, oman k\u00e4ytt\u00e4ytymisen vaikutus luottamuksen ja luotettavuuden syntymisess\u00e4, oikeudenmukaisuus, tasapuolisuus ja eettiset arvot. Naisjohtajat tuntuisivat haluavan olla helposti l\u00e4hestytt\u00e4vi\u00e4, eiv\u00e4t korkealla jalustalla seisovia johtajia. (Aaltio-Marjosola 2001).<\/p>\n<p>Yksil\u00f6- ja yhteis\u00f6kohtaisen luottamuksen rakentaminen sek\u00e4 ihmisen kohtaaminen v\u00e4littyv\u00e4t naisjohtajuustutkimuksessa.<\/p>\n<p>Ljungbergin (2018) mukaan naisjohtajien ty\u00f6n perustana on hyv\u00e4 vuorovaikutus, avoimuus ja turvallisen ilmapiirin luominen, kyky perhe-el\u00e4m\u00e4n ja ty\u00f6el\u00e4m\u00e4n yhdist\u00e4miseen liittyvien haasteiden ratkaisemiseen sek\u00e4 ennakkoluulojen kitkemisen taito. Sukupuolten v\u00e4lisin\u00e4 henkisin\u00e4 eroina, joissa naisjohtajat menestyv\u00e4t miehi\u00e4 tuloksekkaammin, ilmenev\u00e4t muun muassa asenteet, vaikuttavuus, vallank\u00e4ytt\u00f6, temperamentti sek\u00e4 k\u00e4ytt\u00e4ytyminen \u2013 ominaisuuksia, joita alati monimuotoistuva, tasa-arvoistuva yhteiskunta tarvitsee: siirtopakkoupseerit, joissa puoliso matkasi mukaan hellanvartijana, ovat ohitse.<\/p>\n<p><em><strong>Sanoista tekoihin<\/strong><\/em><\/p>\n<p>Ty\u00f6sarkaa on toki molemmilla sukupuolilla tajuntamme kulttuurisen ja sosiaalisen tarinavarannon nujertamisessa. Kouri (2018) v\u00e4itt\u00e4\u00e4, ett\u00e4 upseerinaiset ylitt\u00e4v\u00e4t maskuliinisuuksien ja feminiinisyyksien rajat ja sukupuolten kategoriat. Vaihtoehtoisten sukupuolen tekemisen tavoilla my\u00f6s perinteiset sotilaan normit ja ideaali s\u00e4r\u00f6ilev\u00e4t. T\u00e4m\u00e4 luo paitsi naisille, my\u00f6s miehille tilaa toteuttaa sotiluutta uusilla tavoilla. Muutokseen vaaditaan yksil\u00f6iden toiminnan lis\u00e4ksi rakenteellisia muutoksia ja sotilasorganisaatiossa vallitsevan n\u00e4enn\u00e4isen sukupuolineutraliteetin purkamista, maskuliinisten normien esille nostamista ja haastamista.<\/p>\n<p>Koivusen (2007) mukaan johtajan t\u00e4rkeimpi\u00e4 ominaisuuksia on kuuntelemisen taito. Sen tarkoituksena on purkaa hierarkiaa johtajan ja johdettavien v\u00e4lill\u00e4 sek\u00e4 lis\u00e4t\u00e4 tasavertaisuutta ja sosiaalista vuorovaikutusta, kannustaa ja auttaa johdettaviaan tekem\u00e4\u00e4n parhaansa. Kuuntelevaa johtajuutta on fyysisen kuuntelun lis\u00e4ksi muun muassa keskittynyt l\u00e4sn\u00e4olo, aito johdettavien kohtaaminen sek\u00e4 avoimuus. Kaikki johtamisty\u00f6 perustuisi rehellisyyteen, aitouteen, avoimuuteen ja turvallisen ilmapiirin luominen \u2013 transformationaalisen suomalaisen syv\u00e4johtajuuden arvoista kumpuavaan, kokemuksellisesti kovimpaan ytimeen.<\/p>\n<p>Puolustusvoimien lakiperuinen henkil\u00f6st\u00f6strategia perustuu sille, ett\u00e4 jokainen kansalainen on velvollinen puolustamaan maataan. Feministinen tutkimus pyrkiikin kohdistamaan tutkimuksen huomion sellaisiin aiheisiin, jotka on eritoten miehisess\u00e4 sotilaskeskustelussa aiemmin koettu toisarvoisiksi. T\u00e4llaisia aiheita ovat muun muassa ihmissuhteet, perheet sek\u00e4 naisten koti- ja palkkaty\u00f6t. Naiset kantavat edelleen usein kasvatus- ja hoitovastuun, mink\u00e4 vuoksi naisiin suhtaudutaan ty\u00f6el\u00e4m\u00e4ss\u00e4 varauksella mahdollisen synnytt\u00e4misen ja \u00e4itiyden johdosta. Yhteiskunnassamme naisiin kohdistuu edelleen paineita perheen perustamisesta ja hoivavastuusta, mik\u00e4 voi vaikuttaa ammatinvalintaan ja urakehitykseen. Ty\u00f6el\u00e4m\u00e4\u00e4n osallistuva, uraa rakentava nainen saattaa kipuilla huonon \u00e4idin syyllisyydentunnosta, ja toisaalta naiset kokevat my\u00f6s paineita uralla menestymisest\u00e4. (Juutilainen 2003)<\/p>\n<p><em><strong>Ennakkoluuloton muutosvalmius<\/strong><\/em><\/p>\n<p>Puolustusvoimien teht\u00e4vi\u00e4 ja suorituskykyvaatimuksia tarkasteltaessa johtamisk\u00e4yt\u00e4nn\u00f6t on arvioitava uudelleen: tietoverkkoihin siirtyv\u00e4t operaatiot korostavat siviilikoulutuksen merkityst\u00e4 ja luovien asiantuntijoiden johtamisen erityisvaatimuksia kaikin tavoin monimuotoisessa toimintaymp\u00e4rist\u00f6ss\u00e4.<\/p>\n<p>Uusi-Kakkurin (2017) mukaan on ymm\u00e4rrett\u00e4v\u00e4\u00e4, ett\u00e4 johtajiksi valikoituvat tyypillisesti ihmiset, jotka arvostavat faktoja ja parhaita k\u00e4yt\u00e4nteit\u00e4. Heid\u00e4n johdonmukaisuutensa ja p\u00e4tevyytens\u00e4 her\u00e4tt\u00e4\u00e4 luottamusta.<\/p>\n<p>Johtajalla on eritt\u00e4in suuri vaikutus organisaatioiden ja yksil\u00f6jen luovuuteen. Insin\u00f6\u00f6rityyppisist\u00e4 johtajista ei Uusi-Kakkurin mukaan ole innovaattoreiden luotsiksi. Sen sijaan intuitiiviset, ekstravertit ja spontaanit naiset soveltuvat parhaiten luovien ihmisten johtajiksi. Luovuus vaatii vapautta ja rohkeutta kokeilla, ehdottaa ja tehd\u00e4 virheit\u00e4kin. Luovuutta tukevan johtajan on taas oltava yll\u00e4tt\u00e4v\u00e4, inspiroiva ja positiivisesti kyseenalaistava.<\/p>\n<p>Uusi-Kakkurista my\u00f6s luovien ja innovatiivisten alaisten n\u00e4k\u00f6kulmasta transformationaalinen johtajuus on suositeltava johtamistyyli. Erityisesti \u00e4lyllinen stimulointi ja inspiroiva motivointi ovat t\u00e4rkeit\u00e4 innovatiivisten ihmisten johtamisessa. Transformationaalisimmat johtajat ovat my\u00f6s luovia ja heill\u00e4 on erinomaiset l\u00e4ht\u00f6kohdat johtaa innovaattoreita. Johtajan on kyseenalaistettava omakin tekeminens\u00e4 sek\u00e4 rohkaistava muita tekem\u00e4\u00e4n samoin \u2013 tehd\u00e4 oikeita asioista oikein, t\u00e4ss\u00e4 marssij\u00e4rjestyksess\u00e4. H\u00e4n janoaa ideoita eik\u00e4 kritisoi virheit\u00e4 ja erilaisia mielipiteit\u00e4.<\/p>\n<p>Yksil\u00f6tasolla Uusi-Kakkuri suosittelee johtajuuskoulutusta ja luovan mentorin etsimist\u00e4, tekij\u00f6it\u00e4, joiden etulinjassa Maanpuolustuskorkeakoulu kulkee. Puolustusvoimiemme MBTI-testauksessa upseerikunnasta (mm. Aalto 2012) vajaa kymmenesosa n\u00e4ytt\u00e4isi edustavan intuitiivista ja spontaania joukkoa \u2013 ekstraverttia valtaosa kyll\u00e4kin.<\/p>\n<p><em><strong>\u201dKuin yksi j\u00e4tkist\u00e4\u2026\u201d<\/strong><\/em><\/p>\n<p>Yritysmaailmassa tavataan hokea, ett\u00e4 niin sanotuista pehmeist\u00e4 arvoista laistaminen n\u00e4kyy kovina, surkeina seuraamuksina tilinp\u00e4\u00e4t\u00f6sten viimeisell\u00e4 rivill\u00e4. Oikea-aikainen, aito herkkyys onkin kovuutta, heikkous vahvuutta. Herkk\u00e4 ja haavoittuva voikin \u00c4iti Teresan, Mahatma Gandhin tai Martin Luther Kingin esimerkkej\u00e4 muistellessamme muodostaa j\u00e4rk\u00e4ht\u00e4m\u00e4tt\u00f6m\u00e4n kalliopohjan kest\u00e4v\u00e4n el\u00e4m\u00e4n- ja ty\u00f6uran rakentamiseksi.<\/p>\n<p>Ennakkoluuloisuuden lasikatto on viime nelj\u00e4nnesvuosisadan aikana s\u00e4rkynyt. Maailman ensimm\u00e4isen naispuolustusministerin Elisabeth Rehnin seuraaja Anneli Taina nimitti oikeustieteen tohtorin Kaarina Buure-H\u00e4gglundin vuonna 1995 Puolustusvoimien asessoriksi eli p\u00e4\u00e4juristiksi, joka osastop\u00e4\u00e4llikk\u00f6n\u00e4 rinnastettiin vuoteen 2008 asti kenraaliin. Vuonna 2000 Kadettikoulusta valmistui ensimm\u00e4inen naisupseeri, yliluutnantti Titta Lindqvist. T\u00e4m\u00e4n vuoden alusta H\u00e4vitt\u00e4j\u00e4lentolaivue 31:n komentajaksi nimitettiin everstiluutnantti Inka Niskanen, joka on my\u00f6s toistaiseksi sotilasarvoltaan vanhin naisupseeri Puolustusvoimissa.<\/p>\n<p>Joulukuussa 2018 ensimm\u00e4iseksi naiskentt\u00e4rovastiksi valittu Sanna Timonen toivoi, ett\u00e4 joku p\u00e4iv\u00e4 nainen armeijassa on niin normaalia, ettei sukupuolta tarvitse erikseen todeta. H\u00e4nen mukaansa naisena t\u00e4ytyy tehd\u00e4 kaksinkertaisesti t\u00f6it\u00e4, ett\u00e4 voittaa luottamuksen.\u00a0<em>\u201dKun muut huomasivat, ett\u00e4 osaan hoitaa hommani, olin kuin yksi j\u00e4tkist\u00e4.\u201d<\/em><\/p>\n<p>Timosen mielest\u00e4 h\u00e4nen t\u00e4rkein teht\u00e4v\u00e4ns\u00e4 on olla vieress\u00e4 ja kuunnella. H\u00e4nest\u00e4 ei ole t\u00e4rke\u00e4\u00e4 se, ett\u00e4 l\u00f6yt\u00e4\u00e4 oikeat sanat, vaan ett\u00e4 puhujalle tulee olo, ett\u00e4 jotakuta kiinnostaa aidosti h\u00e4nen ongelmansa.<\/p>\n<p>Kentt\u00e4rovastin johtajuusajatuksia kannattaa kuunnella.<\/p>\n<p><em><strong>Kirjallisuutta:<\/strong><\/em><\/p>\n<p><em><strong>Aalto, M.<\/strong>\u00a0(2012). Strategin tragedia: suomalaisupseerit clausewitzlaisina strategeina. Helsinki: Aalto-yliopiston kauppakorkeakoulu.<\/em><br \/>\n<em><strong>Aaltio-Marjosola, I.<\/strong>\u00a0(2001). Naiset, miehet ja johtajuus. Porvoo: WSOY.<\/em><br \/>\n<em><strong>Billing, Y. D. &amp; Alvesson, M.<\/strong>\u00a0(1989). Four Ways of Looking at Women and Leadership. Scandinavian Journal of Management 5 (1), 63-80.<\/em><br \/>\n<em><strong>Juutilainen, P-K.<\/strong>\u00a0(2003). El\u00e4m\u00e4\u00e4n vai sukupuoleen ohjausta? Tutkimus opinto-ohjauskeskustelun rakentumisesta prosessina. Jyv\u00e4skyl\u00e4: Jyv\u00e4skyl\u00e4n yliopisto.<\/em><br \/>\n<em><strong>Kouri, S.<\/strong>\u00a0(2018). Upseerinaiset h\u00e4ivytt\u00e4v\u00e4t naiseuttaan, mutta my\u00f6s uudistavat sotilaan mallia.. Osoitteessa\u00a0<a href=\"https:\/\/www.jyu.fi\/fi\/ajankohtaista\/arkisto\/2018\/09\/upseerinaiset-haivyttavat-naiseuttaan-mutta-myos-uudistavat-sotilaan-mallia?fbclid=IwAR1IiVYKDMhI1LvosrKC9b6kizBe_yqm64Ns--G5Dc9a3XmMKrGMfOGasAw\">https:\/\/www.jyu.fi\/fi\/ajankohtaista\/arkisto\/2018\/09\/upseerinaiset-haivyttavat-naiseuttaan-mutta-myos-uudistavat-sotilaan-mallia?fbclid=IwAR1IiVYKDMhI1LvosrKC9b6kizBe_yqm64Ns&#8211;G5Dc9a3XmMKrGMfOGasAw<\/a>\u00a0. Ladattu 31.1.2019.<\/em><br \/>\n<em><strong>Koivunen, Niina.<\/strong>\u00a02007. Kohti kuuntelevaa johtajuuskulttuuria: Johtajuustutkimuksen ja estetiikan yhtym\u00e4kohtia. Hallinnon tutkimus 2\/2007.<\/em><br \/>\n<em><strong>Ljungberg. S.<\/strong>\u00a0(2018). Bimbo bossi vai hyv\u00e4 j\u00e4tk\u00e4? Naispuolisten musiikinjohtajien kokemuksia. Helsinki: Helsingin yliopisto.<\/em><br \/>\n<em><strong>Puolustusvoimat<\/strong>\u00a0(2018). Henkil\u00f6st\u00f6tilinp\u00e4\u00e4t\u00f6s 2017. Osoitteessa\u00a0<a href=\"https:\/\/puolustusvoimat.fi\/documents\/1948673\/2267037\/PEVIESTOS_Henkilostontilinpaatos_2017\/aef7c602-f7fc-4440-893f-54799f35918a\/PEVIESTOS_Henkilostontilinpaatos_2017.pdf\">https:\/\/puolustusvoimat.fi\/documents\/1948673\/2267037\/PEVIESTOS_Henkilostontilinpaatos_2017\/aef7c602-f7fc-4440-893f-54799f35918a\/PEVIESTOS_Henkilostontilinpaatos_2017.pdf<\/a>\u00a0. Ladattu 31.1.2019.<\/em><br \/>\n<em><strong>Puolustusvoimat<\/strong>\u00a0(2017). Puolustusvoimien henkil\u00f6st\u00f6strategia. Palkatulle henkil\u00f6st\u00f6lle ja asevelvollisille. Osoitteessa\u00a0<a href=\"https:\/\/puolustusvoimat.fi\/documents\/1948673\/2267766\/PEVIESTOS-HESTRA-Esite-FIN.pdf\/118549a2-d20b-411a-a2dd-b91a5fd26cae\/PEVIESTOS-HESTRA-Esite-FIN.pdf.pdf\">https:\/\/puolustusvoimat.fi\/documents\/1948673\/2267766\/PEVIESTOS-HESTRA-Esite-FIN.pdf\/118549a2-d20b-411a-a2dd-b91a5fd26cae\/PEVIESTOS-HESTRA-Esite-FIN.pdf.pdf<\/a>\u00a0. Ladattu 31.1.2019.<\/em><br \/>\n<em><strong>Uusi-Kakkuri, P.<\/strong>\u00a0(2017). Transformational leadership and leading creativity. Vaasa: Vaasan yliopisto.<\/em><br \/>\n<em><strong>Yleisradio<\/strong>\u00a0(2018). Sanna Timonen valittiin ensimm\u00e4isen\u00e4 naisena kentt\u00e4rovastiksi: &#8221;Toivon, ett\u00e4 joku p\u00e4iv\u00e4 nainen armeijassa on niin normaalia, ettei sukupuolta tarvitse erikseen todeta&#8221;. Osoitteessa\u00a0<a href=\"https:\/\/yle.fi\/uutiset\/3-10535273\">https:\/\/yle.fi\/uutiset\/3-10535273<\/a>\u00a0. Ladattu 31.1.2019.<\/em><\/p>\n<p><em><strong>Kirjoittaja, KTT, majuri evp Pekka Kurvinen<\/strong>\u00a0ty\u00f6skentelee itsen\u00e4isen\u00e4 johdon konsulttina ja valmentajana sek\u00e4 tietokirjailijana.<\/em><br \/>\n<em>kurvisen.pekka(at)gmail.com, Twitter: (at)PKurvinen<\/em><\/p>\n<\/div><\/section><\/p><\/div><div  class='hr av-6zsyz-b471ba5482e75b0a604afa4166a853a5 hr-default  avia-builder-el-5  el_after_av_one_full  el_before_av_blog '><span class='hr-inner '><span class=\"hr-inner-style\"><\/span><\/span><\/div><\/p>\n<div  class='av-alb-blogposts template-blog  '  itemscope=\"itemscope\" itemtype=\"https:\/\/schema.org\/Blog\" ><article class=\"post-entry post-entry-type-standard post-entry-8921 post-loop-1 post-parity-odd bloglist-simple with-slider post-8921 post type-post status-publish format-standard has-post-thumbnail hentry category-artikkeli category-artikkeli-2026\"  itemscope=\"itemscope\" itemtype=\"https:\/\/schema.org\/BlogPosting\" ><div class=\"blog-meta\"><\/div><div class='entry-content-wrapper clearfix standard-content'><header class=\"entry-content-header\"><h2 class='post-title entry-title '  itemprop=\"headline\" ><a href=\"https:\/\/kylkirauta.fi\/index.php\/2026\/04\/20\/kaaderilaulajien-julkaisutoiminta\/\" rel=\"bookmark\" title=\"Permanent Link: Kaaderilaulajien julkaisutoiminta\">Kaaderilaulajien julkaisutoiminta<span class=\"post-format-icon minor-meta\"><\/span><\/a><\/h2><span class=\"post-meta-infos\"><time class=\"date-container minor-meta updated\"  itemprop=\"datePublished\" datetime=\"2026-04-20T15:45:24+03:00\" >20.4.2026<\/time><span class=\"text-sep\">\/<\/span><span class=\"blog-categories minor-meta\">in <a href=\"https:\/\/kylkirauta.fi\/index.php\/category\/artikkeli\/\" rel=\"tag\">Artikkeli<\/a>, <a href=\"https:\/\/kylkirauta.fi\/index.php\/category\/artikkeli-2026\/\" rel=\"tag\">Artikkeli 2026<\/a><\/span><span class=\"text-sep\">\/<\/span><span class=\"blog-author minor-meta\">by <span class=\"entry-author-link\"  itemprop=\"author\" ><span class=\"author\"><span class=\"fn\"><a href=\"https:\/\/kylkirauta.fi\/index.php\/author\/karisain\/\" title=\"Kirjoittanut: Kari Sainio\" rel=\"author\">Kari Sainio<\/a><\/span><\/span><\/span><\/span><div class=\"read-more-link\"><a href=\"https:\/\/kylkirauta.fi\/index.php\/2026\/04\/20\/kaaderilaulajien-julkaisutoiminta\/\" class=\"more-link\">Read more<span class=\"more-link-arrow\"><\/span><\/a><\/div><\/span><\/header><footer class=\"entry-footer\"><\/footer><div class='post_delimiter'><\/div><\/div><div class=\"post_author_timeline\"><\/div><span class='hidden'>\n\t\t\t\t<span class='av-structured-data'  itemprop=\"image\" itemscope=\"itemscope\" itemtype=\"https:\/\/schema.org\/ImageObject\" >\n\t\t\t\t\t\t<span itemprop='url'>https:\/\/kylkirauta.fi\/wp-content\/uploads\/2026\/04\/Artikkeli-4-2026-2.jpg<\/span>\n\t\t\t\t\t\t<span itemprop='height'>487<\/span>\n\t\t\t\t\t\t<span itemprop='width'>843<\/span>\n\t\t\t\t<\/span>\n\t\t\t\t<span class='av-structured-data'  itemprop=\"publisher\" itemtype=\"https:\/\/schema.org\/Organization\" itemscope=\"itemscope\" >\n\t\t\t\t\t\t<span itemprop='name'>Kari Sainio<\/span>\n\t\t\t\t\t\t<span itemprop='logo' itemscope itemtype='https:\/\/schema.org\/ImageObject'>\n\t\t\t\t\t\t\t<span itemprop='url'>https:\/\/kylkirauta.fi\/wp-content\/uploads\/2020\/02\/kkunta_weblogo-100x100-1.png<\/span>\n\t\t\t\t\t\t<\/span>\n\t\t\t\t<\/span><span class='av-structured-data'  itemprop=\"author\" itemscope=\"itemscope\" itemtype=\"https:\/\/schema.org\/Person\" ><span itemprop='name'>Kari Sainio<\/span><\/span><span class='av-structured-data'  itemprop=\"datePublished\" datetime=\"2026-04-20T15:45:24+03:00\" >2026-04-20 15:45:24<\/span><span class='av-structured-data'  itemprop=\"dateModified\" itemtype=\"https:\/\/schema.org\/dateModified\" >2026-04-20 15:45:24<\/span><span class='av-structured-data'  itemprop=\"mainEntityOfPage\" itemtype=\"https:\/\/schema.org\/mainEntityOfPage\" ><span itemprop='name'>Kaaderilaulajien julkaisutoiminta<\/span><\/span><\/span><\/article><article class=\"post-entry post-entry-type-standard post-entry-8884 post-loop-2 post-parity-even bloglist-simple with-slider post-8884 post type-post status-publish format-standard has-post-thumbnail hentry category-artikkeli category-artikkeli-2026\"  itemscope=\"itemscope\" itemtype=\"https:\/\/schema.org\/BlogPosting\" ><div class=\"blog-meta\"><\/div><div class='entry-content-wrapper clearfix standard-content'><header class=\"entry-content-header\"><h2 class='post-title entry-title '  itemprop=\"headline\" ><a href=\"https:\/\/kylkirauta.fi\/index.php\/2026\/03\/27\/kaaderilaulajien-ukraina-tukikonsertit\/\" rel=\"bookmark\" title=\"Permanent Link: Kaaderilaulajien Ukraina-tukikonsertit\">Kaaderilaulajien Ukraina-tukikonsertit<span class=\"post-format-icon minor-meta\"><\/span><\/a><\/h2><span class=\"post-meta-infos\"><time class=\"date-container minor-meta updated\"  itemprop=\"datePublished\" datetime=\"2026-03-27T12:30:38+02:00\" >27.3.2026<\/time><span class=\"text-sep\">\/<\/span><span class=\"blog-categories minor-meta\">in <a href=\"https:\/\/kylkirauta.fi\/index.php\/category\/artikkeli\/\" rel=\"tag\">Artikkeli<\/a>, <a href=\"https:\/\/kylkirauta.fi\/index.php\/category\/artikkeli-2026\/\" rel=\"tag\">Artikkeli 2026<\/a><\/span><span class=\"text-sep\">\/<\/span><span class=\"blog-author minor-meta\">by <span class=\"entry-author-link\"  itemprop=\"author\" ><span class=\"author\"><span class=\"fn\"><a href=\"https:\/\/kylkirauta.fi\/index.php\/author\/karisain\/\" title=\"Kirjoittanut: Kari Sainio\" rel=\"author\">Kari Sainio<\/a><\/span><\/span><\/span><\/span><div class=\"read-more-link\"><a href=\"https:\/\/kylkirauta.fi\/index.php\/2026\/03\/27\/kaaderilaulajien-ukraina-tukikonsertit\/\" class=\"more-link\">Read more<span class=\"more-link-arrow\"><\/span><\/a><\/div><\/span><\/header><footer class=\"entry-footer\"><\/footer><div class='post_delimiter'><\/div><\/div><div class=\"post_author_timeline\"><\/div><span class='hidden'>\n\t\t\t\t<span class='av-structured-data'  itemprop=\"image\" itemscope=\"itemscope\" itemtype=\"https:\/\/schema.org\/ImageObject\" >\n\t\t\t\t\t\t<span itemprop='url'>https:\/\/kylkirauta.fi\/wp-content\/uploads\/2026\/03\/3-2026-artikkeli.jpg<\/span>\n\t\t\t\t\t\t<span itemprop='height'>487<\/span>\n\t\t\t\t\t\t<span itemprop='width'>843<\/span>\n\t\t\t\t<\/span>\n\t\t\t\t<span class='av-structured-data'  itemprop=\"publisher\" itemtype=\"https:\/\/schema.org\/Organization\" itemscope=\"itemscope\" >\n\t\t\t\t\t\t<span itemprop='name'>Kari Sainio<\/span>\n\t\t\t\t\t\t<span itemprop='logo' itemscope itemtype='https:\/\/schema.org\/ImageObject'>\n\t\t\t\t\t\t\t<span itemprop='url'>https:\/\/kylkirauta.fi\/wp-content\/uploads\/2020\/02\/kkunta_weblogo-100x100-1.png<\/span>\n\t\t\t\t\t\t<\/span>\n\t\t\t\t<\/span><span class='av-structured-data'  itemprop=\"author\" itemscope=\"itemscope\" itemtype=\"https:\/\/schema.org\/Person\" ><span itemprop='name'>Kari Sainio<\/span><\/span><span class='av-structured-data'  itemprop=\"datePublished\" datetime=\"2026-03-27T12:30:38+02:00\" >2026-03-27 12:30:38<\/span><span class='av-structured-data'  itemprop=\"dateModified\" itemtype=\"https:\/\/schema.org\/dateModified\" >2026-03-27 12:30:38<\/span><span class='av-structured-data'  itemprop=\"mainEntityOfPage\" itemtype=\"https:\/\/schema.org\/mainEntityOfPage\" ><span itemprop='name'>Kaaderilaulajien Ukraina-tukikonsertit<\/span><\/span><\/span><\/article><article class=\"post-entry post-entry-type-standard post-entry-8786 post-loop-3 post-parity-odd post-entry-last bloglist-simple with-slider post-8786 post type-post status-publish format-standard has-post-thumbnail hentry category-artikkeli category-artikkeli-2026\"  itemscope=\"itemscope\" itemtype=\"https:\/\/schema.org\/BlogPosting\" ><div class=\"blog-meta\"><\/div><div class='entry-content-wrapper clearfix standard-content'><header class=\"entry-content-header\"><h2 class='post-title entry-title '  itemprop=\"headline\" ><a href=\"https:\/\/kylkirauta.fi\/index.php\/2026\/02\/23\/risto-sinkko-eu-kansalaisten-nakemyksia-turvallisuudesta-ja-puolustuksesta\/\" rel=\"bookmark\" title=\"Permanent Link: Risto Sinkko: EU-kansalaisten n\u00e4kemyksi\u00e4 turvallisuudesta ja puolustuksesta\">Risto Sinkko: EU-kansalaisten n\u00e4kemyksi\u00e4 turvallisuudesta ja puolustuksesta<span class=\"post-format-icon minor-meta\"><\/span><\/a><\/h2><span class=\"post-meta-infos\"><time class=\"date-container minor-meta updated\"  itemprop=\"datePublished\" datetime=\"2026-02-23T17:08:33+02:00\" >23.2.2026<\/time><span class=\"text-sep\">\/<\/span><span class=\"blog-categories minor-meta\">in <a href=\"https:\/\/kylkirauta.fi\/index.php\/category\/artikkeli\/\" rel=\"tag\">Artikkeli<\/a>, <a href=\"https:\/\/kylkirauta.fi\/index.php\/category\/artikkeli-2026\/\" rel=\"tag\">Artikkeli 2026<\/a><\/span><span class=\"text-sep\">\/<\/span><span class=\"blog-author minor-meta\">by <span class=\"entry-author-link\"  itemprop=\"author\" ><span class=\"author\"><span class=\"fn\"><a href=\"https:\/\/kylkirauta.fi\/index.php\/author\/karisain\/\" title=\"Kirjoittanut: Kari Sainio\" rel=\"author\">Kari Sainio<\/a><\/span><\/span><\/span><\/span><div class=\"read-more-link\"><a href=\"https:\/\/kylkirauta.fi\/index.php\/2026\/02\/23\/risto-sinkko-eu-kansalaisten-nakemyksia-turvallisuudesta-ja-puolustuksesta\/\" class=\"more-link\">Read more<span class=\"more-link-arrow\"><\/span><\/a><\/div><\/span><\/header><footer class=\"entry-footer\"><\/footer><div class='post_delimiter'><\/div><\/div><div class=\"post_author_timeline\"><\/div><span class='hidden'>\n\t\t\t\t<span class='av-structured-data'  itemprop=\"image\" itemscope=\"itemscope\" itemtype=\"https:\/\/schema.org\/ImageObject\" >\n\t\t\t\t\t\t<span itemprop='url'>https:\/\/kylkirauta.fi\/wp-content\/uploads\/2026\/02\/Artikkeli-MSC-artikkeli.jpg<\/span>\n\t\t\t\t\t\t<span itemprop='height'>487<\/span>\n\t\t\t\t\t\t<span itemprop='width'>843<\/span>\n\t\t\t\t<\/span>\n\t\t\t\t<span class='av-structured-data'  itemprop=\"publisher\" itemtype=\"https:\/\/schema.org\/Organization\" itemscope=\"itemscope\" >\n\t\t\t\t\t\t<span itemprop='name'>Kari Sainio<\/span>\n\t\t\t\t\t\t<span itemprop='logo' itemscope itemtype='https:\/\/schema.org\/ImageObject'>\n\t\t\t\t\t\t\t<span itemprop='url'>https:\/\/kylkirauta.fi\/wp-content\/uploads\/2020\/02\/kkunta_weblogo-100x100-1.png<\/span>\n\t\t\t\t\t\t<\/span>\n\t\t\t\t<\/span><span class='av-structured-data'  itemprop=\"author\" itemscope=\"itemscope\" itemtype=\"https:\/\/schema.org\/Person\" ><span itemprop='name'>Kari Sainio<\/span><\/span><span class='av-structured-data'  itemprop=\"datePublished\" datetime=\"2026-02-23T17:08:33+02:00\" >2026-02-23 17:08:33<\/span><span class='av-structured-data'  itemprop=\"dateModified\" itemtype=\"https:\/\/schema.org\/dateModified\" >2026-02-23 17:29:54<\/span><span class='av-structured-data'  itemprop=\"mainEntityOfPage\" itemtype=\"https:\/\/schema.org\/mainEntityOfPage\" ><span itemprop='name'>Risto Sinkko: EU-kansalaisten n\u00e4kemyksi\u00e4 turvallisuudesta ja puolustuksesta<\/span><\/span><\/span><\/article><div class='bloglist-simple'><nav class='pagination'><span class='pagination-meta'>Page 1 of 58<\/span><span class='current'>1<\/span><a href='https:\/\/kylkirauta.fi\/index.php\/wp-json\/wp\/v2\/posts\/637\/page\/2\/' class='inactive next_page' >2<\/a><a href='https:\/\/kylkirauta.fi\/index.php\/wp-json\/wp\/v2\/posts\/637\/page\/3\/' class='inactive' >3<\/a><a href='https:\/\/kylkirauta.fi\/index.php\/wp-json\/wp\/v2\/posts\/637\/page\/2\/'>&rsaquo;<\/a><a href='https:\/\/kylkirauta.fi\/index.php\/wp-json\/wp\/v2\/posts\/637\/page\/58\/'>&raquo;<\/a><\/nav>\n<\/div><\/div>\n","protected":false},"excerpt":{"rendered":"","protected":false},"author":3,"featured_media":0,"comment_status":"closed","ping_status":"closed","sticky":false,"template":"","format":"standard","meta":{"footnotes":""},"categories":[4,30],"tags":[],"class_list":["post-637","post","type-post","status-publish","format-standard","hentry","category-artikkeli","category-artikkeli-2019"],"yoast_head":"<!-- This site is optimized with the Yoast SEO plugin v27.5 - https:\/\/yoast.com\/product\/yoast-seo-wordpress\/ -->\n<title>Mentorin merkint\u00f6j\u00e4 16 - Kati, komppanian kovin kundi - Kylkirauta<\/title>\n<meta name=\"robots\" content=\"index, follow, max-snippet:-1, max-image-preview:large, max-video-preview:-1\" \/>\n<link rel=\"canonical\" href=\"https:\/\/kylkirauta.fi\/index.php\/2019\/01\/31\/vuosi-2014-ja-kansalaisten-uhkakuvat-ja-huolenaiheet-sen-jalkeen\/\" \/>\n<meta property=\"og:locale\" content=\"fi_FI\" \/>\n<meta property=\"og:type\" content=\"article\" \/>\n<meta property=\"og:title\" content=\"Mentorin merkint\u00f6j\u00e4 16 - Kati, komppanian kovin kundi - Kylkirauta\" \/>\n<meta property=\"og:url\" content=\"https:\/\/kylkirauta.fi\/index.php\/2019\/01\/31\/vuosi-2014-ja-kansalaisten-uhkakuvat-ja-huolenaiheet-sen-jalkeen\/\" \/>\n<meta property=\"og:site_name\" content=\"Kylkirauta\" \/>\n<meta property=\"article:published_time\" content=\"2019-01-31T17:33:00+00:00\" \/>\n<meta property=\"article:modified_time\" content=\"2020-01-26T10:38:31+00:00\" \/>\n<meta property=\"og:image\" content=\"https:\/\/kylkirauta.fi\/wp-content\/uploads\/2020\/01\/Kurvinen-Pekka.jpg\" \/>\n<meta name=\"author\" content=\"Kari Sainio\" \/>\n<meta name=\"twitter:card\" content=\"summary_large_image\" \/>\n<meta name=\"twitter:label1\" content=\"Kirjoittanut\" \/>\n\t<meta name=\"twitter:data1\" content=\"Kari Sainio\" \/>\n\t<meta name=\"twitter:label2\" content=\"Arvioitu lukuaika\" \/>\n\t<meta name=\"twitter:data2\" content=\"10 minuuttia\" \/>\n<script type=\"application\/ld+json\" class=\"yoast-schema-graph\">{\"@context\":\"https:\\\/\\\/schema.org\",\"@graph\":[{\"@type\":\"Article\",\"@id\":\"https:\\\/\\\/kylkirauta.fi\\\/index.php\\\/2019\\\/01\\\/31\\\/vuosi-2014-ja-kansalaisten-uhkakuvat-ja-huolenaiheet-sen-jalkeen\\\/#article\",\"isPartOf\":{\"@id\":\"https:\\\/\\\/kylkirauta.fi\\\/index.php\\\/2019\\\/01\\\/31\\\/vuosi-2014-ja-kansalaisten-uhkakuvat-ja-huolenaiheet-sen-jalkeen\\\/\"},\"author\":{\"name\":\"Kari Sainio\",\"@id\":\"https:\\\/\\\/kylkirauta.fi\\\/#\\\/schema\\\/person\\\/714ab39a349c656b20d60a239be1d6f6\"},\"headline\":\"Mentorin merkint\u00f6j\u00e4 16 &#8211; Kati, komppanian kovin kundi\",\"datePublished\":\"2019-01-31T17:33:00+00:00\",\"dateModified\":\"2020-01-26T10:38:31+00:00\",\"mainEntityOfPage\":{\"@id\":\"https:\\\/\\\/kylkirauta.fi\\\/index.php\\\/2019\\\/01\\\/31\\\/vuosi-2014-ja-kansalaisten-uhkakuvat-ja-huolenaiheet-sen-jalkeen\\\/\"},\"wordCount\":1825,\"image\":{\"@id\":\"https:\\\/\\\/kylkirauta.fi\\\/index.php\\\/2019\\\/01\\\/31\\\/vuosi-2014-ja-kansalaisten-uhkakuvat-ja-huolenaiheet-sen-jalkeen\\\/#primaryimage\"},\"thumbnailUrl\":\"https:\\\/\\\/kylkirauta.fi\\\/wp-content\\\/uploads\\\/2020\\\/01\\\/Kurvinen-Pekka.jpg\",\"articleSection\":[\"Artikkeli\",\"Artikkeli 2019\"],\"inLanguage\":\"fi\"},{\"@type\":\"WebPage\",\"@id\":\"https:\\\/\\\/kylkirauta.fi\\\/index.php\\\/2019\\\/01\\\/31\\\/vuosi-2014-ja-kansalaisten-uhkakuvat-ja-huolenaiheet-sen-jalkeen\\\/\",\"url\":\"https:\\\/\\\/kylkirauta.fi\\\/index.php\\\/2019\\\/01\\\/31\\\/vuosi-2014-ja-kansalaisten-uhkakuvat-ja-huolenaiheet-sen-jalkeen\\\/\",\"name\":\"Mentorin merkint\u00f6j\u00e4 16 - Kati, komppanian kovin kundi - Kylkirauta\",\"isPartOf\":{\"@id\":\"https:\\\/\\\/kylkirauta.fi\\\/#website\"},\"primaryImageOfPage\":{\"@id\":\"https:\\\/\\\/kylkirauta.fi\\\/index.php\\\/2019\\\/01\\\/31\\\/vuosi-2014-ja-kansalaisten-uhkakuvat-ja-huolenaiheet-sen-jalkeen\\\/#primaryimage\"},\"image\":{\"@id\":\"https:\\\/\\\/kylkirauta.fi\\\/index.php\\\/2019\\\/01\\\/31\\\/vuosi-2014-ja-kansalaisten-uhkakuvat-ja-huolenaiheet-sen-jalkeen\\\/#primaryimage\"},\"thumbnailUrl\":\"https:\\\/\\\/kylkirauta.fi\\\/wp-content\\\/uploads\\\/2020\\\/01\\\/Kurvinen-Pekka.jpg\",\"datePublished\":\"2019-01-31T17:33:00+00:00\",\"dateModified\":\"2020-01-26T10:38:31+00:00\",\"author\":{\"@id\":\"https:\\\/\\\/kylkirauta.fi\\\/#\\\/schema\\\/person\\\/714ab39a349c656b20d60a239be1d6f6\"},\"breadcrumb\":{\"@id\":\"https:\\\/\\\/kylkirauta.fi\\\/index.php\\\/2019\\\/01\\\/31\\\/vuosi-2014-ja-kansalaisten-uhkakuvat-ja-huolenaiheet-sen-jalkeen\\\/#breadcrumb\"},\"inLanguage\":\"fi\",\"potentialAction\":[{\"@type\":\"ReadAction\",\"target\":[\"https:\\\/\\\/kylkirauta.fi\\\/index.php\\\/2019\\\/01\\\/31\\\/vuosi-2014-ja-kansalaisten-uhkakuvat-ja-huolenaiheet-sen-jalkeen\\\/\"]}]},{\"@type\":\"ImageObject\",\"inLanguage\":\"fi\",\"@id\":\"https:\\\/\\\/kylkirauta.fi\\\/index.php\\\/2019\\\/01\\\/31\\\/vuosi-2014-ja-kansalaisten-uhkakuvat-ja-huolenaiheet-sen-jalkeen\\\/#primaryimage\",\"url\":\"https:\\\/\\\/kylkirauta.fi\\\/wp-content\\\/uploads\\\/2020\\\/01\\\/Kurvinen-Pekka.jpg\",\"contentUrl\":\"https:\\\/\\\/kylkirauta.fi\\\/wp-content\\\/uploads\\\/2020\\\/01\\\/Kurvinen-Pekka.jpg\",\"width\":410,\"height\":580,\"caption\":\"Pekka Kurvinen\"},{\"@type\":\"BreadcrumbList\",\"@id\":\"https:\\\/\\\/kylkirauta.fi\\\/index.php\\\/2019\\\/01\\\/31\\\/vuosi-2014-ja-kansalaisten-uhkakuvat-ja-huolenaiheet-sen-jalkeen\\\/#breadcrumb\",\"itemListElement\":[{\"@type\":\"ListItem\",\"position\":1,\"name\":\"Home\",\"item\":\"https:\\\/\\\/kylkirauta.fi\\\/index.php\\\/home\\\/\"},{\"@type\":\"ListItem\",\"position\":2,\"name\":\"Mentorin merkint\u00f6j\u00e4 16 &#8211; Kati, komppanian kovin kundi\"}]},{\"@type\":\"WebSite\",\"@id\":\"https:\\\/\\\/kylkirauta.fi\\\/#website\",\"url\":\"https:\\\/\\\/kylkirauta.fi\\\/\",\"name\":\"Kylkirauta\",\"description\":\"Kadettiupseerit yhteiskunnan palveluksessa\",\"potentialAction\":[{\"@type\":\"SearchAction\",\"target\":{\"@type\":\"EntryPoint\",\"urlTemplate\":\"https:\\\/\\\/kylkirauta.fi\\\/?s={search_term_string}\"},\"query-input\":{\"@type\":\"PropertyValueSpecification\",\"valueRequired\":true,\"valueName\":\"search_term_string\"}}],\"inLanguage\":\"fi\"},{\"@type\":\"Person\",\"@id\":\"https:\\\/\\\/kylkirauta.fi\\\/#\\\/schema\\\/person\\\/714ab39a349c656b20d60a239be1d6f6\",\"name\":\"Kari Sainio\",\"sameAs\":[\"http:\\\/\\\/www.kylkirauta.fi\"],\"url\":\"https:\\\/\\\/kylkirauta.fi\\\/index.php\\\/author\\\/karisain\\\/\"}]}<\/script>\n<!-- \/ Yoast SEO plugin. -->","yoast_head_json":{"title":"Mentorin merkint\u00f6j\u00e4 16 - Kati, komppanian kovin kundi - Kylkirauta","robots":{"index":"index","follow":"follow","max-snippet":"max-snippet:-1","max-image-preview":"max-image-preview:large","max-video-preview":"max-video-preview:-1"},"canonical":"https:\/\/kylkirauta.fi\/index.php\/2019\/01\/31\/vuosi-2014-ja-kansalaisten-uhkakuvat-ja-huolenaiheet-sen-jalkeen\/","og_locale":"fi_FI","og_type":"article","og_title":"Mentorin merkint\u00f6j\u00e4 16 - Kati, komppanian kovin kundi - Kylkirauta","og_url":"https:\/\/kylkirauta.fi\/index.php\/2019\/01\/31\/vuosi-2014-ja-kansalaisten-uhkakuvat-ja-huolenaiheet-sen-jalkeen\/","og_site_name":"Kylkirauta","article_published_time":"2019-01-31T17:33:00+00:00","article_modified_time":"2020-01-26T10:38:31+00:00","og_image":[{"url":"https:\/\/kylkirauta.fi\/wp-content\/uploads\/2020\/01\/Kurvinen-Pekka.jpg","type":"","width":"","height":""}],"author":"Kari Sainio","twitter_card":"summary_large_image","twitter_misc":{"Kirjoittanut":"Kari Sainio","Arvioitu lukuaika":"10 minuuttia"},"schema":{"@context":"https:\/\/schema.org","@graph":[{"@type":"Article","@id":"https:\/\/kylkirauta.fi\/index.php\/2019\/01\/31\/vuosi-2014-ja-kansalaisten-uhkakuvat-ja-huolenaiheet-sen-jalkeen\/#article","isPartOf":{"@id":"https:\/\/kylkirauta.fi\/index.php\/2019\/01\/31\/vuosi-2014-ja-kansalaisten-uhkakuvat-ja-huolenaiheet-sen-jalkeen\/"},"author":{"name":"Kari Sainio","@id":"https:\/\/kylkirauta.fi\/#\/schema\/person\/714ab39a349c656b20d60a239be1d6f6"},"headline":"Mentorin merkint\u00f6j\u00e4 16 &#8211; Kati, komppanian kovin kundi","datePublished":"2019-01-31T17:33:00+00:00","dateModified":"2020-01-26T10:38:31+00:00","mainEntityOfPage":{"@id":"https:\/\/kylkirauta.fi\/index.php\/2019\/01\/31\/vuosi-2014-ja-kansalaisten-uhkakuvat-ja-huolenaiheet-sen-jalkeen\/"},"wordCount":1825,"image":{"@id":"https:\/\/kylkirauta.fi\/index.php\/2019\/01\/31\/vuosi-2014-ja-kansalaisten-uhkakuvat-ja-huolenaiheet-sen-jalkeen\/#primaryimage"},"thumbnailUrl":"https:\/\/kylkirauta.fi\/wp-content\/uploads\/2020\/01\/Kurvinen-Pekka.jpg","articleSection":["Artikkeli","Artikkeli 2019"],"inLanguage":"fi"},{"@type":"WebPage","@id":"https:\/\/kylkirauta.fi\/index.php\/2019\/01\/31\/vuosi-2014-ja-kansalaisten-uhkakuvat-ja-huolenaiheet-sen-jalkeen\/","url":"https:\/\/kylkirauta.fi\/index.php\/2019\/01\/31\/vuosi-2014-ja-kansalaisten-uhkakuvat-ja-huolenaiheet-sen-jalkeen\/","name":"Mentorin merkint\u00f6j\u00e4 16 - Kati, komppanian kovin kundi - Kylkirauta","isPartOf":{"@id":"https:\/\/kylkirauta.fi\/#website"},"primaryImageOfPage":{"@id":"https:\/\/kylkirauta.fi\/index.php\/2019\/01\/31\/vuosi-2014-ja-kansalaisten-uhkakuvat-ja-huolenaiheet-sen-jalkeen\/#primaryimage"},"image":{"@id":"https:\/\/kylkirauta.fi\/index.php\/2019\/01\/31\/vuosi-2014-ja-kansalaisten-uhkakuvat-ja-huolenaiheet-sen-jalkeen\/#primaryimage"},"thumbnailUrl":"https:\/\/kylkirauta.fi\/wp-content\/uploads\/2020\/01\/Kurvinen-Pekka.jpg","datePublished":"2019-01-31T17:33:00+00:00","dateModified":"2020-01-26T10:38:31+00:00","author":{"@id":"https:\/\/kylkirauta.fi\/#\/schema\/person\/714ab39a349c656b20d60a239be1d6f6"},"breadcrumb":{"@id":"https:\/\/kylkirauta.fi\/index.php\/2019\/01\/31\/vuosi-2014-ja-kansalaisten-uhkakuvat-ja-huolenaiheet-sen-jalkeen\/#breadcrumb"},"inLanguage":"fi","potentialAction":[{"@type":"ReadAction","target":["https:\/\/kylkirauta.fi\/index.php\/2019\/01\/31\/vuosi-2014-ja-kansalaisten-uhkakuvat-ja-huolenaiheet-sen-jalkeen\/"]}]},{"@type":"ImageObject","inLanguage":"fi","@id":"https:\/\/kylkirauta.fi\/index.php\/2019\/01\/31\/vuosi-2014-ja-kansalaisten-uhkakuvat-ja-huolenaiheet-sen-jalkeen\/#primaryimage","url":"https:\/\/kylkirauta.fi\/wp-content\/uploads\/2020\/01\/Kurvinen-Pekka.jpg","contentUrl":"https:\/\/kylkirauta.fi\/wp-content\/uploads\/2020\/01\/Kurvinen-Pekka.jpg","width":410,"height":580,"caption":"Pekka Kurvinen"},{"@type":"BreadcrumbList","@id":"https:\/\/kylkirauta.fi\/index.php\/2019\/01\/31\/vuosi-2014-ja-kansalaisten-uhkakuvat-ja-huolenaiheet-sen-jalkeen\/#breadcrumb","itemListElement":[{"@type":"ListItem","position":1,"name":"Home","item":"https:\/\/kylkirauta.fi\/index.php\/home\/"},{"@type":"ListItem","position":2,"name":"Mentorin merkint\u00f6j\u00e4 16 &#8211; Kati, komppanian kovin kundi"}]},{"@type":"WebSite","@id":"https:\/\/kylkirauta.fi\/#website","url":"https:\/\/kylkirauta.fi\/","name":"Kylkirauta","description":"Kadettiupseerit yhteiskunnan palveluksessa","potentialAction":[{"@type":"SearchAction","target":{"@type":"EntryPoint","urlTemplate":"https:\/\/kylkirauta.fi\/?s={search_term_string}"},"query-input":{"@type":"PropertyValueSpecification","valueRequired":true,"valueName":"search_term_string"}}],"inLanguage":"fi"},{"@type":"Person","@id":"https:\/\/kylkirauta.fi\/#\/schema\/person\/714ab39a349c656b20d60a239be1d6f6","name":"Kari Sainio","sameAs":["http:\/\/www.kylkirauta.fi"],"url":"https:\/\/kylkirauta.fi\/index.php\/author\/karisain\/"}]}},"_links":{"self":[{"href":"https:\/\/kylkirauta.fi\/index.php\/wp-json\/wp\/v2\/posts\/637","targetHints":{"allow":["GET"]}}],"collection":[{"href":"https:\/\/kylkirauta.fi\/index.php\/wp-json\/wp\/v2\/posts"}],"about":[{"href":"https:\/\/kylkirauta.fi\/index.php\/wp-json\/wp\/v2\/types\/post"}],"author":[{"embeddable":true,"href":"https:\/\/kylkirauta.fi\/index.php\/wp-json\/wp\/v2\/users\/3"}],"replies":[{"embeddable":true,"href":"https:\/\/kylkirauta.fi\/index.php\/wp-json\/wp\/v2\/comments?post=637"}],"version-history":[{"count":5,"href":"https:\/\/kylkirauta.fi\/index.php\/wp-json\/wp\/v2\/posts\/637\/revisions"}],"predecessor-version":[{"id":2732,"href":"https:\/\/kylkirauta.fi\/index.php\/wp-json\/wp\/v2\/posts\/637\/revisions\/2732"}],"wp:attachment":[{"href":"https:\/\/kylkirauta.fi\/index.php\/wp-json\/wp\/v2\/media?parent=637"}],"wp:term":[{"taxonomy":"category","embeddable":true,"href":"https:\/\/kylkirauta.fi\/index.php\/wp-json\/wp\/v2\/categories?post=637"},{"taxonomy":"post_tag","embeddable":true,"href":"https:\/\/kylkirauta.fi\/index.php\/wp-json\/wp\/v2\/tags?post=637"}],"curies":[{"name":"wp","href":"https:\/\/api.w.org\/{rel}","templated":true}]}}