{"id":6304,"date":"2022-12-04T10:17:38","date_gmt":"2022-12-04T10:17:38","guid":{"rendered":"https:\/\/kylkirauta.fi\/?p=6304"},"modified":"2022-12-04T10:44:14","modified_gmt":"2022-12-04T10:44:14","slug":"risto-sinkko-maanpuolustuksella-ja-nato-jasenyydella-on-kansalaisten-vankka-tuki","status":"publish","type":"post","link":"https:\/\/kylkirauta.fi\/index.php\/2022\/12\/04\/risto-sinkko-maanpuolustuksella-ja-nato-jasenyydella-on-kansalaisten-vankka-tuki\/","title":{"rendered":"Risto Sinkko: Maanpuolustuksella ja Nato-j\u00e4senyydell\u00e4 on kansalaisten vankka tuki"},"content":{"rendered":"\n<style type=\"text\/css\" data-created_by=\"avia_inline_auto\" id=\"style-css-av-km4zs-0614ada41eb3461e6efbb361dfbae970\">\n.flex_column.av-km4zs-0614ada41eb3461e6efbb361dfbae970{\nborder-radius:0px 0px 0px 0px;\npadding:0px 0px 0px 0px;\n}\n<\/style>\n<div  class='flex_column av-km4zs-0614ada41eb3461e6efbb361dfbae970 av_one_full  avia-builder-el-0  el_before_av_hr  avia-builder-el-first  first flex_column_div av-zero-column-padding  '     ><p>\n<style type=\"text\/css\" data-created_by=\"avia_inline_auto\" id=\"style-css-av-lb98ksn8-3bbd8ff12b4cbe25fe2d0e21dadbf449\">\n#top .av-special-heading.av-lb98ksn8-3bbd8ff12b4cbe25fe2d0e21dadbf449{\npadding-bottom:10px;\n}\nbody .av-special-heading.av-lb98ksn8-3bbd8ff12b4cbe25fe2d0e21dadbf449 .av-special-heading-tag .heading-char{\nfont-size:25px;\n}\n.av-special-heading.av-lb98ksn8-3bbd8ff12b4cbe25fe2d0e21dadbf449 .av-subheading{\nfont-size:15px;\n}\n<\/style>\n<div  class='av-special-heading av-lb98ksn8-3bbd8ff12b4cbe25fe2d0e21dadbf449 av-special-heading-h3  avia-builder-el-1  el_before_av_hr  avia-builder-el-first '><h3 class='av-special-heading-tag'  itemprop=\"headline\"  >Maanpuolustuksella ja Nato-j\u00e4senyydell\u00e4 on kansalaisten vankka tuki<\/h3><div class=\"special-heading-border\"><div class=\"special-heading-inner-border\"><\/div><\/div><\/div><br \/>\n\n<style type=\"text\/css\" data-created_by=\"avia_inline_auto\" id=\"style-css-av-k5m7b9te-01401dd5e8beb25770de1be03f41ecf3\">\n#top .hr.hr-invisible.av-k5m7b9te-01401dd5e8beb25770de1be03f41ecf3{\nheight:30px;\n}\n<\/style>\n<div  class='hr av-k5m7b9te-01401dd5e8beb25770de1be03f41ecf3 hr-invisible  avia-builder-el-2  el_after_av_heading  el_before_av_textblock '><span class='hr-inner '><span class=\"hr-inner-style\"><\/span><\/span><\/div><br \/>\n<section  class='av_textblock_section av-k8d08-dea0f25c8df625cf22cbdeac32688808 '   itemscope=\"itemscope\" itemtype=\"https:\/\/schema.org\/BlogPosting\" itemprop=\"blogPost\" ><div class='avia_textblock'  itemprop=\"text\" ><div id=\"attachment_459\" style=\"width: 140px\" class=\"wp-caption alignleft\"><img loading=\"lazy\" decoding=\"async\" aria-describedby=\"caption-attachment-459\" class=\"wp-image-459\" src=\"https:\/\/kylkirauta.fi\/wp-content\/uploads\/2019\/10\/Sinkko_uusi.jpeg\" alt=\"\" width=\"130\" height=\"177\" srcset=\"https:\/\/kylkirauta.fi\/wp-content\/uploads\/2019\/10\/Sinkko_uusi.jpeg 369w, https:\/\/kylkirauta.fi\/wp-content\/uploads\/2019\/10\/Sinkko_uusi-221x300.jpeg 221w\" sizes=\"auto, (max-width: 130px) 100vw, 130px\" \/><p id=\"caption-attachment-459\" class=\"wp-caption-text\">ST Risto Sinkko<\/p><\/div>\n<div class=\"\" data-block=\"true\" data-editor=\"d3t8s\" data-offset-key=\"83llj-0-0\">\n<div class=\"_1mf _1mj\" data-offset-key=\"83llj-0-0\">\n<p><strong>Kansalaisten ajattelu maailman valtioiden ja globaalien organisaatioiden roolista on k\u00e4\u00e4ntynyt kuluvan vuoden aikana t\u00e4ysin uuteen asentoon. Maanpuolustustiedotuksen suunnittelukunnan (MTS) raportissa toukokuussa 2022 kirjoitettiin viel\u00e4, ett\u00e4 sotilaallisen liittoutumattomuuden kannatus on romahtanut. Kansalaismielipide k\u00e4\u00e4ntyikin Nato-j\u00e4senyyden hakemisen kannalle ja nyt joulukuun ensimm\u00e4isen\u00e4 p\u00e4iv\u00e4n\u00e4 julkistettu tulos vahvistaa t\u00e4m\u00e4n. Per\u00e4ti 85 prosenttia kyselyn vastaajista suhtautuu eritt\u00e4in tai melko my\u00f6nteisesti siihen, ett\u00e4 Suomi on hakenut Nato-j\u00e4senyytt\u00e4.<\/strong><\/p>\n<p>Vastaajia pyydettiin arvioimaan eri tahojen vaikutusta Suomen turvallisuuteen. Eniten my\u00f6nteisi\u00e4 mainintoja sai Nato (68 prosenttia). EU:n saama vastaava osuus oli 65 prosenttia. YK n\u00e4ytt\u00e4\u00e4 menett\u00e4neen asemaansa turvallisuuden takaajana, my\u00f6nteisi\u00e4 mainintoja oli nyt 50 prosentilla vastaajista. Nato-my\u00f6nteisyyden mukana nousee my\u00f6s USA-my\u00f6nteisyys, mainintoja nyt 48 prosenttia. Suomalaisten aikaisemmin tuntema USA:n vieroksunta n\u00e4ytt\u00e4\u00e4 k\u00e4\u00e4ntyneen toiseen suuntaan.<\/p>\n<p>Kansalaisten toiveissa on my\u00f6s Naton ja EU:n yhteisten turvallisuutta lis\u00e4\u00e4vien toimenpiteiden lis\u00e4\u00e4minen. Tutkituista 89 prosenttia tukee yhteisty\u00f6t\u00e4. Taustalla lienee se, ett\u00e4 kymmenen vuoden aikaj\u00e4nteell\u00e4 tilanne Suomen l\u00e4hialueella arvioidaan turvattomammaksi. N\u00e4in sanoo 55 prosenttia nyt joulukuussa tutkituista ja toukokuussa MTS:n tutkimuksessa osuus oli 62 prosenttia. Turvattomuuden tunne nousi t\u00e4lle aikaisempaa selv\u00e4sti korkeammalle tasolle vuonna 2014 Ven\u00e4j\u00e4n aloitettua aggressiot Ukrainassa.<\/p>\n<p>Kansantalouden kiristyv\u00e4st\u00e4 tilanteesta huolimatta enemmist\u00f6 (58 prosenttia) MTS:n tutkimuksen vastaajista kannattaa puolustusm\u00e4\u00e4r\u00e4rahojen korottamista paljon tai jonkin verran. Vuonna 2014 Ven\u00e4j\u00e4n aloitettua aggressiot Ukrainaa vastaan luku oli 56 prosenttia. Tuon vuoden j\u00e4lkeen korottamista toivovien osuus kuitenkin v\u00e4hitellen liudentui, mutta nousi siis vuosien j\u00e4lkeen taas samalle tasolle. Kansainv\u00e4linen yhteis\u00f6 eik\u00e4 yleinen mielipide Suomessakaan osannut arvioida Ven\u00e4j\u00e4n toimenpiteiden ja tavoitteiden vakavuutta.<\/p>\n<p>N\u00e4kemys puolustusm\u00e4\u00e4r\u00e4rahojen korottamisen tarpeesta on samansuuntainen yli puoluekent\u00e4n. Ainoastaan Vasemmistoliiton \u00e4\u00e4nest\u00e4jien joukossa m\u00e4\u00e4r\u00e4rahojen v\u00e4hent\u00e4mist\u00e4 kannatti 33 prosenttia, ja korottamisen kannattajia oli 27 prosenttia.<\/p>\n<p><em><strong>Eri tutkimuksia<\/strong><\/em><\/p>\n<p>Toisistaan riippumattomissa mielipidekyselyiss\u00e4 n\u00e4kyy sama maanpuolustushenkisyyden kasvu. Maanpuolustusajattelun suurin muutos on ollut Nato-suhteemme muuttuminen ja j\u00e4senyyden hakeminen. T\u00e4ydellisesti talvisodan yksimielisyydest\u00e4 ei silti voida puhua, vanhoihin poteroihinsa ovat j\u00e4\u00e4neet vasemmistolaisimmin ajattelevat.<\/p>\n<p>Kansalaisten suhtautumisessa n\u00e4kyy my\u00f6s polarisoitumista. Vapaaehtoisen maanpuolustuksen j\u00e4rjest\u00f6t ovat vauhdilla kasvattaneet j\u00e4senyydest\u00e4 kiinnostuneiden m\u00e4\u00e4r\u00e4\u00e4 ja toimintaan ja erilaisiin harjoituksiin osallistutaan enn\u00e4tysm\u00e4\u00e4rin. Toisaalla ovat reservil\u00e4iset, jotka osaoptimoivat osallistumisensa maanpuolustukseen ja luopuvat reservil\u00e4isyydest\u00e4\u00e4n siirtym\u00e4ll\u00e4 siviilipalvelukseen. Lehtitietojen mukaan tarvittavaan t\u00e4ydennyspalvelukseen on hakeutunut yli 3\u00a0700 henkil\u00f6\u00e4.<\/p>\n<p><em><strong>Huoli taloudesta voimakkaampaa kuin turvallisuudesta<\/strong><\/em><\/p>\n<p>Suomalaisten voi kuitenkin sanoa ajattelevan Ukrainan sodan aiheuttamaa tilannetta enemm\u00e4n lompakkonsa tai pankkitilins\u00e4 kautta. Koronaepidemian alettua valtioneuvoston kanslia on tilannut Tilastokeskukselta Kansalaispulssi-mielipidetutkimusta, jota tehd\u00e4\u00e4n edelleen l\u00e4hes kuukausittain.<\/p>\n<p>Marraskuussa 2020 tehdyn tutkimuskierroksen mukaan Ukrainan sodan vaikutuksesta Suomen turvallisuuteen huolestuneita on 28 prosenttia tutkituista (eritt\u00e4in tai melko paljon), taloudellisista vaikutuksista huolestuneita on vastaavasti 62 prosenttia. Alkuvuonna ennen Ven\u00e4j\u00e4n Ukrainaan aloittamaa laajaa maahy\u00f6kk\u00e4yst\u00e4 50 prosenttia tutkituista arveli, ett\u00e4 kotitalouden toimeentulosta ei tarvitse olla huolissaan, marraskuussa osuus oli en\u00e4\u00e4 33 prosenttia.<\/p>\n<p>Kansalaispulssin mukaan selv\u00e4sti eniten kansalaisten luottamusta sai Puolustusvoimat, luottavien osuus oli 92 prosenttia ja luottamus on ollut yht\u00e4 vakaata koko vuoden ajan. Toiseksi luotetuin on poliisi (89 %). Kansalaisten luottamus maan hallitukseen on hiipumaan p\u00e4in (luottavia 60 %) ja yleissuunta on laskeva tutkimuksen alusta vuoden 2020 maaliskuusta l\u00e4htien.<\/p>\n<p>Tutkituista kansalaisista 63 prosenttia sanoo Nato-j\u00e4senyyshakemuksen lis\u00e4nneen turvallisuuden tunnetta ja ainoastaan kuusi prosenttia raportoi turvallisuudentunteensa v\u00e4hentyneen paljon tai jonkin verran.<\/p>\n<p><em><strong>EVAn raportti Nato-j\u00e4senyydest\u00e4<\/strong><\/em><\/p>\n<p>Elinkeinoel\u00e4m\u00e4n valtuuskunta EVA kertoi 23.11.2022 julkistetussa raportissaan, ett\u00e4 78 prosenttia kyselytutkimuksen vastaajista suhtautui Nato-j\u00e4senyyteen my\u00f6nteisesti. Kysymyksess\u00e4 puhuttiin nimenomaan Nato-j\u00e4senyydest\u00e4, vaikka Suomi ei viel\u00e4 ole j\u00e4sen, mutta asia ei t\u00e4st\u00e4 ep\u00e4tarkkuudesta juuri muutu. Raportin mukaan j\u00e4senyyden kannatus on nopeasti kasvanut, ja eri puolueiden kannattajista vain Vasemmistoliiton kannattajissa ei ole ehdotonta enemmist\u00f6\u00e4 (kannattajia 48 prosenttia, kielteisesti suhtautuvia 23 prosenttia).<\/p>\n<p>Kyselyn perusteella n\u00e4hd\u00e4\u00e4n my\u00f6s, ett\u00e4 my\u00f6nteinen suhtautuminen Ven\u00e4j\u00e4\u00e4n on v\u00e4h\u00e4isemp\u00e4\u00e4 kuin kertaakaan vastaavissa EVAn kyselyiss\u00e4 2000-luvun aikana. Esitetty kysymys kuului: \u201dVaikka Ven\u00e4j\u00e4ll\u00e4 on omat ongelmansa, suomalaisilla ei ole nykyisin mit\u00e4\u00e4n syyt\u00e4 suhtautua suureen naapuriinsa kielteisesti\u201d. My\u00f6nteisi\u00e4 vastauksia antoi 7 prosenttia tutkituista.<\/p>\n<p><em><strong>Yhteenveto<\/strong><\/em><\/p>\n<p>Yhteinen kuva n\u00e4ist\u00e4 tutkimuksista kertoo siit\u00e4, ett\u00e4 l\u00e4hes yksimielisesti kansalaiset oivaltavat nykyisess\u00e4 turvallisuustilanteessa olemassa olevaan asevelvollisuusj\u00e4rjestelm\u00e4\u00e4n perustuvan riitt\u00e4v\u00e4sti rahoitetun puolustuksen merkityksen ja sen, ett\u00e4 \u00a0aseellinen taisteluun valmistautuminen on tapa toimia sotilaallisen kriisin uhatessa. MTS:n tutkimuksen vastaajista 89 prosenttia luottaa Puolustusvoimien kykyyn puolustaa Suomea erilaisia sotilaallisia uhkia vastaan.<\/p>\n<p>Omaa tai perheens\u00e4 turvallisuutta pohtivan reservil\u00e4isen arka kohta saattaa l\u00f6yty\u00e4 lis\u00e4\u00e4ntyneist\u00e4 taloudellisista huolista. Mill\u00e4 mielell\u00e4 reservil\u00e4inen ottaa vastaan taistelijan teht\u00e4v\u00e4n, jos perheen s\u00e4hk\u00f6laskun maksaminen on ep\u00e4varmaa? Valtiovallan teht\u00e4v\u00e4 on huolehtia kokonaisturvallisuudesta t\u00e4m\u00e4kin huomioon ottamalla.<\/p>\n<p>Ven\u00e4j\u00e4 n\u00e4hd\u00e4\u00e4n arvaamattoman uhkaavana naapurivaltiona. Toiveikkaat ajatukset sen luonteesta ja tavoitteista ovat karisseet. Valveutuneet kansainv\u00e4list\u00e4 politiikkaa seuranneet kansalaiset ovat havainneet my\u00f6s, ett\u00e4 Ven\u00e4j\u00e4n toiminta YK:n turvaneuvostossa on romahduttanut koko j\u00e4rjest\u00f6n toimintakyvyn ja arvovallan rauhan puolesta toimivana organisaationa.<\/p>\n<\/div>\n<\/div>\n<p><em><strong>Risto Sinkko<\/strong><\/em><br \/>\n<em>Majuri res, ST<br \/>\nr.sinkko@kolumbus.fi<br \/>\n<\/em><\/p>\n<p style=\"text-align: center;\">***<\/p>\n<p><em><strong>L\u00e4hteet<\/strong>:<\/em><\/p>\n<p><em><strong>MTS:<\/strong> Suomalaisten mielipiteit\u00e4 ulko- ja turvallisuuspolitiikasta, maanpuolustuksesta ja turvallisuudesta. Maanpuolustustiedotuksen suunnittelukunta MTS 2022:4.\u00a0<\/em><\/p>\n<p><em>Tutkimuksen teki Taloustutkimus Oy MTS:n toimeksiannosta. Koronatilanteen vuoksi tutkimus toteutettiin yhdistelm\u00e4n\u00e4 Omnibus-tutkimuksen henkil\u00f6kohtaisia haastatteluja sek\u00e4 Taloustutkimuksen internet-paneelissa. Tutkimuksen otos on 1033 henkil\u00f6\u00e4. Tutkimuksen kohderyhm\u00e4n\u00e4 on maamme 15\u201379-vuotias v\u00e4est\u00f6 Ahvenanmaan maakuntaa lukuun ottamatta.<\/em><\/p>\n<p><em><a href=\"https:\/\/www.defmin.fi\/maanpuolustustiedotuksen_suunnittelukunta_mts\/mielipidetutkimukset\/suomalaisten_mielipiteita_ulko-_ja_turvallisuuspolitiikasta_maanpuolustuksesta_ja_turvallisuudesta_joulukuu_2022.13227.news#2a1277d0\" target=\"_blank\" rel=\"noopener\">https:\/\/www.defmin.fi\/maanpuolustustiedotuksen_suunnittelukunta_mts\/mielipidetutkimukset\/suomalaisten_mielipiteita_ulko-_ja_turvallisuuspolitiikasta_maanpuolustuksesta_ja_turvallisuudesta_joulukuu_2022.13227.news#2a1277d0<\/a><\/em><\/p>\n<p><em><strong>Kansalaispulssi: <\/strong>Valtioneuvoston kanslia tilasi Tilastokeskukselta 1.4.2020 nopealla aikataululla toteutettavan kyselyn Korona-epidemian poikkeusolojen takia. Kysely toteutetaan verkkokyselyn\u00e4 kuukausittain s\u00e4\u00e4nn\u00f6llisesti poikkeusolojen aikana. Kansalaispulssiin vastanneita on yli 1\u00a0000 henkil\u00f6\u00e4 kierrosta kohden.<\/em><\/p>\n<p><em> <a href=\"https:\/\/www.stat.fi\/tup\/htpalvelut\/tutkimukset\/kansalaispulssi.html\" target=\"_blank\" rel=\"noopener\">https:\/\/www.stat.fi\/tup\/htpalvelut\/tutkimukset\/kansalaispulssi.html<\/a>.<\/em><\/p>\n<p><em><a href=\"https:\/\/valtioneuvosto.fi\/ajankohtaista\/kansalaispulssi\" target=\"_blank\" rel=\"noopener\">https:\/\/valtioneuvosto.fi\/ajankohtaista\/kansalaispulssi<\/a><\/em><\/p>\n<p><em><strong>EVA: Tulokset perustuvat 2 088 henkil\u00f6n antamiin vastauksiin. Tiedot ker\u00e4ttiin 19.\u201331.10.2022. Vastaajat edustavat koko maan 18\u201379-vuotiasta v\u00e4est\u00f6\u00e4 (pl. Ahvenanmaa). Aineisto on ker\u00e4tty Taloustutkimus Oy:n internet-paneelissa.<\/strong><\/em><\/p>\n<p><em> <a href=\"https:\/\/www.eva.fi\/blog\/2022\/11\/23\/suomalaiset-liittyvat-natoon-yhtenaisina\/\" target=\"_blank\" rel=\"noopener\">https:\/\/www.eva.fi\/blog\/2022\/11\/23\/suomalaiset-liittyvat-natoon-yhtenaisina\/<\/a><\/em><\/p>\n<\/div><\/section><\/p><\/div><div  class='hr av-6zsyz-b471ba5482e75b0a604afa4166a853a5 hr-default  avia-builder-el-4  el_after_av_one_full  el_before_av_blog '><span class='hr-inner '><span class=\"hr-inner-style\"><\/span><\/span><\/div><\/p>\n<div  class='av-alb-blogposts template-blog  '  itemscope=\"itemscope\" itemtype=\"https:\/\/schema.org\/Blog\" ><article class=\"post-entry post-entry-type-standard post-entry-8921 post-loop-1 post-parity-odd bloglist-simple with-slider post-8921 post type-post status-publish format-standard has-post-thumbnail hentry category-artikkeli category-artikkeli-2026\"  itemscope=\"itemscope\" itemtype=\"https:\/\/schema.org\/BlogPosting\" ><div class=\"blog-meta\"><\/div><div class='entry-content-wrapper clearfix standard-content'><header class=\"entry-content-header\"><h2 class='post-title entry-title '  itemprop=\"headline\" ><a href=\"https:\/\/kylkirauta.fi\/index.php\/2026\/04\/20\/kaaderilaulajien-julkaisutoiminta\/\" rel=\"bookmark\" title=\"Permanent Link: Kaaderilaulajien julkaisutoiminta\">Kaaderilaulajien julkaisutoiminta<span class=\"post-format-icon minor-meta\"><\/span><\/a><\/h2><span class=\"post-meta-infos\"><time class=\"date-container minor-meta updated\"  itemprop=\"datePublished\" datetime=\"2026-04-20T15:45:24+03:00\" >20.4.2026<\/time><span class=\"text-sep\">\/<\/span><span class=\"blog-categories minor-meta\">in <a href=\"https:\/\/kylkirauta.fi\/index.php\/category\/artikkeli\/\" rel=\"tag\">Artikkeli<\/a>, <a href=\"https:\/\/kylkirauta.fi\/index.php\/category\/artikkeli-2026\/\" rel=\"tag\">Artikkeli 2026<\/a><\/span><span class=\"text-sep\">\/<\/span><span class=\"blog-author minor-meta\">by <span class=\"entry-author-link\"  itemprop=\"author\" ><span class=\"author\"><span class=\"fn\"><a href=\"https:\/\/kylkirauta.fi\/index.php\/author\/karisain\/\" title=\"Kirjoittanut: Kari Sainio\" rel=\"author\">Kari Sainio<\/a><\/span><\/span><\/span><\/span><div class=\"read-more-link\"><a href=\"https:\/\/kylkirauta.fi\/index.php\/2026\/04\/20\/kaaderilaulajien-julkaisutoiminta\/\" class=\"more-link\">Read more<span class=\"more-link-arrow\"><\/span><\/a><\/div><\/span><\/header><footer class=\"entry-footer\"><\/footer><div class='post_delimiter'><\/div><\/div><div class=\"post_author_timeline\"><\/div><span class='hidden'>\n\t\t\t\t<span class='av-structured-data'  itemprop=\"image\" itemscope=\"itemscope\" itemtype=\"https:\/\/schema.org\/ImageObject\" >\n\t\t\t\t\t\t<span itemprop='url'>https:\/\/kylkirauta.fi\/wp-content\/uploads\/2026\/04\/Artikkeli-4-2026-2.jpg<\/span>\n\t\t\t\t\t\t<span itemprop='height'>487<\/span>\n\t\t\t\t\t\t<span itemprop='width'>843<\/span>\n\t\t\t\t<\/span>\n\t\t\t\t<span class='av-structured-data'  itemprop=\"publisher\" itemtype=\"https:\/\/schema.org\/Organization\" itemscope=\"itemscope\" >\n\t\t\t\t\t\t<span itemprop='name'>Kari Sainio<\/span>\n\t\t\t\t\t\t<span itemprop='logo' itemscope itemtype='https:\/\/schema.org\/ImageObject'>\n\t\t\t\t\t\t\t<span itemprop='url'>https:\/\/kylkirauta.fi\/wp-content\/uploads\/2020\/02\/kkunta_weblogo-100x100-1.png<\/span>\n\t\t\t\t\t\t<\/span>\n\t\t\t\t<\/span><span class='av-structured-data'  itemprop=\"author\" itemscope=\"itemscope\" itemtype=\"https:\/\/schema.org\/Person\" ><span itemprop='name'>Kari Sainio<\/span><\/span><span class='av-structured-data'  itemprop=\"datePublished\" datetime=\"2026-04-20T15:45:24+03:00\" >2026-04-20 15:45:24<\/span><span class='av-structured-data'  itemprop=\"dateModified\" itemtype=\"https:\/\/schema.org\/dateModified\" >2026-04-20 15:45:24<\/span><span class='av-structured-data'  itemprop=\"mainEntityOfPage\" itemtype=\"https:\/\/schema.org\/mainEntityOfPage\" ><span itemprop='name'>Kaaderilaulajien julkaisutoiminta<\/span><\/span><\/span><\/article><article class=\"post-entry post-entry-type-standard post-entry-8884 post-loop-2 post-parity-even bloglist-simple with-slider post-8884 post type-post status-publish format-standard has-post-thumbnail hentry category-artikkeli category-artikkeli-2026\"  itemscope=\"itemscope\" itemtype=\"https:\/\/schema.org\/BlogPosting\" ><div class=\"blog-meta\"><\/div><div class='entry-content-wrapper clearfix standard-content'><header class=\"entry-content-header\"><h2 class='post-title entry-title '  itemprop=\"headline\" ><a href=\"https:\/\/kylkirauta.fi\/index.php\/2026\/03\/27\/kaaderilaulajien-ukraina-tukikonsertit\/\" rel=\"bookmark\" title=\"Permanent Link: Kaaderilaulajien Ukraina-tukikonsertit\">Kaaderilaulajien Ukraina-tukikonsertit<span class=\"post-format-icon minor-meta\"><\/span><\/a><\/h2><span class=\"post-meta-infos\"><time class=\"date-container minor-meta updated\"  itemprop=\"datePublished\" datetime=\"2026-03-27T12:30:38+02:00\" >27.3.2026<\/time><span class=\"text-sep\">\/<\/span><span class=\"blog-categories minor-meta\">in <a href=\"https:\/\/kylkirauta.fi\/index.php\/category\/artikkeli\/\" rel=\"tag\">Artikkeli<\/a>, <a href=\"https:\/\/kylkirauta.fi\/index.php\/category\/artikkeli-2026\/\" rel=\"tag\">Artikkeli 2026<\/a><\/span><span class=\"text-sep\">\/<\/span><span class=\"blog-author minor-meta\">by <span class=\"entry-author-link\"  itemprop=\"author\" ><span class=\"author\"><span class=\"fn\"><a href=\"https:\/\/kylkirauta.fi\/index.php\/author\/karisain\/\" title=\"Kirjoittanut: Kari Sainio\" rel=\"author\">Kari Sainio<\/a><\/span><\/span><\/span><\/span><div class=\"read-more-link\"><a href=\"https:\/\/kylkirauta.fi\/index.php\/2026\/03\/27\/kaaderilaulajien-ukraina-tukikonsertit\/\" class=\"more-link\">Read more<span class=\"more-link-arrow\"><\/span><\/a><\/div><\/span><\/header><footer class=\"entry-footer\"><\/footer><div class='post_delimiter'><\/div><\/div><div class=\"post_author_timeline\"><\/div><span class='hidden'>\n\t\t\t\t<span class='av-structured-data'  itemprop=\"image\" itemscope=\"itemscope\" itemtype=\"https:\/\/schema.org\/ImageObject\" >\n\t\t\t\t\t\t<span itemprop='url'>https:\/\/kylkirauta.fi\/wp-content\/uploads\/2026\/03\/3-2026-artikkeli.jpg<\/span>\n\t\t\t\t\t\t<span itemprop='height'>487<\/span>\n\t\t\t\t\t\t<span itemprop='width'>843<\/span>\n\t\t\t\t<\/span>\n\t\t\t\t<span class='av-structured-data'  itemprop=\"publisher\" itemtype=\"https:\/\/schema.org\/Organization\" itemscope=\"itemscope\" >\n\t\t\t\t\t\t<span itemprop='name'>Kari Sainio<\/span>\n\t\t\t\t\t\t<span itemprop='logo' itemscope itemtype='https:\/\/schema.org\/ImageObject'>\n\t\t\t\t\t\t\t<span itemprop='url'>https:\/\/kylkirauta.fi\/wp-content\/uploads\/2020\/02\/kkunta_weblogo-100x100-1.png<\/span>\n\t\t\t\t\t\t<\/span>\n\t\t\t\t<\/span><span class='av-structured-data'  itemprop=\"author\" itemscope=\"itemscope\" itemtype=\"https:\/\/schema.org\/Person\" ><span itemprop='name'>Kari Sainio<\/span><\/span><span class='av-structured-data'  itemprop=\"datePublished\" datetime=\"2026-03-27T12:30:38+02:00\" >2026-03-27 12:30:38<\/span><span class='av-structured-data'  itemprop=\"dateModified\" itemtype=\"https:\/\/schema.org\/dateModified\" >2026-03-27 12:30:38<\/span><span class='av-structured-data'  itemprop=\"mainEntityOfPage\" itemtype=\"https:\/\/schema.org\/mainEntityOfPage\" ><span itemprop='name'>Kaaderilaulajien Ukraina-tukikonsertit<\/span><\/span><\/span><\/article><article class=\"post-entry post-entry-type-standard post-entry-8786 post-loop-3 post-parity-odd bloglist-simple with-slider post-8786 post type-post status-publish format-standard has-post-thumbnail hentry category-artikkeli category-artikkeli-2026\"  itemscope=\"itemscope\" itemtype=\"https:\/\/schema.org\/BlogPosting\" ><div class=\"blog-meta\"><\/div><div class='entry-content-wrapper clearfix standard-content'><header class=\"entry-content-header\"><h2 class='post-title entry-title '  itemprop=\"headline\" ><a href=\"https:\/\/kylkirauta.fi\/index.php\/2026\/02\/23\/risto-sinkko-eu-kansalaisten-nakemyksia-turvallisuudesta-ja-puolustuksesta\/\" rel=\"bookmark\" title=\"Permanent Link: Risto Sinkko: EU-kansalaisten n\u00e4kemyksi\u00e4 turvallisuudesta ja puolustuksesta\">Risto Sinkko: EU-kansalaisten n\u00e4kemyksi\u00e4 turvallisuudesta ja puolustuksesta<span class=\"post-format-icon minor-meta\"><\/span><\/a><\/h2><span class=\"post-meta-infos\"><time class=\"date-container minor-meta updated\"  itemprop=\"datePublished\" datetime=\"2026-02-23T17:08:33+02:00\" >23.2.2026<\/time><span class=\"text-sep\">\/<\/span><span class=\"blog-categories minor-meta\">in <a href=\"https:\/\/kylkirauta.fi\/index.php\/category\/artikkeli\/\" rel=\"tag\">Artikkeli<\/a>, <a href=\"https:\/\/kylkirauta.fi\/index.php\/category\/artikkeli-2026\/\" rel=\"tag\">Artikkeli 2026<\/a><\/span><span class=\"text-sep\">\/<\/span><span class=\"blog-author minor-meta\">by <span class=\"entry-author-link\"  itemprop=\"author\" ><span class=\"author\"><span class=\"fn\"><a href=\"https:\/\/kylkirauta.fi\/index.php\/author\/karisain\/\" title=\"Kirjoittanut: Kari Sainio\" rel=\"author\">Kari Sainio<\/a><\/span><\/span><\/span><\/span><div class=\"read-more-link\"><a href=\"https:\/\/kylkirauta.fi\/index.php\/2026\/02\/23\/risto-sinkko-eu-kansalaisten-nakemyksia-turvallisuudesta-ja-puolustuksesta\/\" class=\"more-link\">Read more<span class=\"more-link-arrow\"><\/span><\/a><\/div><\/span><\/header><footer class=\"entry-footer\"><\/footer><div class='post_delimiter'><\/div><\/div><div class=\"post_author_timeline\"><\/div><span class='hidden'>\n\t\t\t\t<span class='av-structured-data'  itemprop=\"image\" itemscope=\"itemscope\" itemtype=\"https:\/\/schema.org\/ImageObject\" >\n\t\t\t\t\t\t<span itemprop='url'>https:\/\/kylkirauta.fi\/wp-content\/uploads\/2026\/02\/Artikkeli-MSC-artikkeli.jpg<\/span>\n\t\t\t\t\t\t<span itemprop='height'>487<\/span>\n\t\t\t\t\t\t<span itemprop='width'>843<\/span>\n\t\t\t\t<\/span>\n\t\t\t\t<span class='av-structured-data'  itemprop=\"publisher\" itemtype=\"https:\/\/schema.org\/Organization\" itemscope=\"itemscope\" >\n\t\t\t\t\t\t<span itemprop='name'>Kari Sainio<\/span>\n\t\t\t\t\t\t<span itemprop='logo' itemscope itemtype='https:\/\/schema.org\/ImageObject'>\n\t\t\t\t\t\t\t<span itemprop='url'>https:\/\/kylkirauta.fi\/wp-content\/uploads\/2020\/02\/kkunta_weblogo-100x100-1.png<\/span>\n\t\t\t\t\t\t<\/span>\n\t\t\t\t<\/span><span class='av-structured-data'  itemprop=\"author\" itemscope=\"itemscope\" itemtype=\"https:\/\/schema.org\/Person\" ><span itemprop='name'>Kari Sainio<\/span><\/span><span class='av-structured-data'  itemprop=\"datePublished\" datetime=\"2026-02-23T17:08:33+02:00\" >2026-02-23 17:08:33<\/span><span class='av-structured-data'  itemprop=\"dateModified\" itemtype=\"https:\/\/schema.org\/dateModified\" >2026-02-23 17:29:54<\/span><span class='av-structured-data'  itemprop=\"mainEntityOfPage\" itemtype=\"https:\/\/schema.org\/mainEntityOfPage\" ><span itemprop='name'>Risto Sinkko: EU-kansalaisten n\u00e4kemyksi\u00e4 turvallisuudesta ja puolustuksesta<\/span><\/span><\/span><\/article><article class=\"post-entry post-entry-type-standard post-entry-8765 post-loop-4 post-parity-even bloglist-simple with-slider post-8765 post type-post status-publish format-standard has-post-thumbnail hentry category-artikkeli category-artikkeli-2026\"  itemscope=\"itemscope\" itemtype=\"https:\/\/schema.org\/BlogPosting\" ><div class=\"blog-meta\"><\/div><div class='entry-content-wrapper clearfix standard-content'><header class=\"entry-content-header\"><h2 class='post-title entry-title '  itemprop=\"headline\" ><a href=\"https:\/\/kylkirauta.fi\/index.php\/2026\/02\/15\/kaaderilaulajat-suomen-pojat-suomen-vapauden-ja-viron-kunnian-puolesta\/\" rel=\"bookmark\" title=\"Permanent Link: Kaaderilaulajat: Suomen pojat &#8211; Suomen vapauden ja Viron kunnian puolesta\">Kaaderilaulajat: Suomen pojat &#8211; Suomen vapauden ja Viron kunnian puolesta<span class=\"post-format-icon minor-meta\"><\/span><\/a><\/h2><span class=\"post-meta-infos\"><time class=\"date-container minor-meta updated\"  itemprop=\"datePublished\" datetime=\"2026-02-15T15:44:11+02:00\" >15.2.2026<\/time><span class=\"text-sep\">\/<\/span><span class=\"blog-categories minor-meta\">in <a href=\"https:\/\/kylkirauta.fi\/index.php\/category\/artikkeli\/\" rel=\"tag\">Artikkeli<\/a>, <a href=\"https:\/\/kylkirauta.fi\/index.php\/category\/artikkeli-2026\/\" rel=\"tag\">Artikkeli 2026<\/a><\/span><span class=\"text-sep\">\/<\/span><span class=\"blog-author minor-meta\">by <span class=\"entry-author-link\"  itemprop=\"author\" ><span class=\"author\"><span class=\"fn\"><a href=\"https:\/\/kylkirauta.fi\/index.php\/author\/karisain\/\" title=\"Kirjoittanut: Kari Sainio\" rel=\"author\">Kari Sainio<\/a><\/span><\/span><\/span><\/span><div class=\"read-more-link\"><a href=\"https:\/\/kylkirauta.fi\/index.php\/2026\/02\/15\/kaaderilaulajat-suomen-pojat-suomen-vapauden-ja-viron-kunnian-puolesta\/\" class=\"more-link\">Read more<span class=\"more-link-arrow\"><\/span><\/a><\/div><\/span><\/header><footer class=\"entry-footer\"><\/footer><div class='post_delimiter'><\/div><\/div><div class=\"post_author_timeline\"><\/div><span class='hidden'>\n\t\t\t\t<span class='av-structured-data'  itemprop=\"image\" itemscope=\"itemscope\" itemtype=\"https:\/\/schema.org\/ImageObject\" >\n\t\t\t\t\t\t<span itemprop='url'>https:\/\/kylkirauta.fi\/wp-content\/uploads\/2026\/02\/Kuva-3-1-2026-artikkeli.jpg<\/span>\n\t\t\t\t\t\t<span itemprop='height'>487<\/span>\n\t\t\t\t\t\t<span itemprop='width'>843<\/span>\n\t\t\t\t<\/span>\n\t\t\t\t<span class='av-structured-data'  itemprop=\"publisher\" itemtype=\"https:\/\/schema.org\/Organization\" itemscope=\"itemscope\" >\n\t\t\t\t\t\t<span itemprop='name'>Kari Sainio<\/span>\n\t\t\t\t\t\t<span itemprop='logo' itemscope itemtype='https:\/\/schema.org\/ImageObject'>\n\t\t\t\t\t\t\t<span itemprop='url'>https:\/\/kylkirauta.fi\/wp-content\/uploads\/2020\/02\/kkunta_weblogo-100x100-1.png<\/span>\n\t\t\t\t\t\t<\/span>\n\t\t\t\t<\/span><span class='av-structured-data'  itemprop=\"author\" itemscope=\"itemscope\" itemtype=\"https:\/\/schema.org\/Person\" ><span itemprop='name'>Kari Sainio<\/span><\/span><span class='av-structured-data'  itemprop=\"datePublished\" datetime=\"2026-02-15T15:44:11+02:00\" >2026-02-15 15:44:11<\/span><span class='av-structured-data'  itemprop=\"dateModified\" itemtype=\"https:\/\/schema.org\/dateModified\" >2026-02-15 15:49:07<\/span><span class='av-structured-data'  itemprop=\"mainEntityOfPage\" itemtype=\"https:\/\/schema.org\/mainEntityOfPage\" ><span itemprop='name'>Kaaderilaulajat: Suomen pojat &#8211; Suomen vapauden ja Viron kunnian puolesta<\/span><\/span><\/span><\/article><article class=\"post-entry post-entry-type-standard post-entry-8754 post-loop-5 post-parity-odd post-entry-last bloglist-simple with-slider post-8754 post type-post status-publish format-standard has-post-thumbnail hentry category-artikkeli category-artikkeli-2026\"  itemscope=\"itemscope\" itemtype=\"https:\/\/schema.org\/BlogPosting\" ><div class=\"blog-meta\"><\/div><div class='entry-content-wrapper clearfix standard-content'><header class=\"entry-content-header\"><h2 class='post-title entry-title '  itemprop=\"headline\" ><a href=\"https:\/\/kylkirauta.fi\/index.php\/2026\/01\/21\/kaaderilaulajista-kajahtaa\/\" rel=\"bookmark\" title=\"Permanent Link: Kaaderilaulajista kajahtaa\">Kaaderilaulajista kajahtaa<span class=\"post-format-icon minor-meta\"><\/span><\/a><\/h2><span class=\"post-meta-infos\"><time class=\"date-container minor-meta updated\"  itemprop=\"datePublished\" datetime=\"2026-01-21T18:17:28+02:00\" >21.1.2026<\/time><span class=\"text-sep\">\/<\/span><span class=\"blog-categories minor-meta\">in <a href=\"https:\/\/kylkirauta.fi\/index.php\/category\/artikkeli\/\" rel=\"tag\">Artikkeli<\/a>, <a href=\"https:\/\/kylkirauta.fi\/index.php\/category\/artikkeli-2026\/\" rel=\"tag\">Artikkeli 2026<\/a><\/span><span class=\"text-sep\">\/<\/span><span class=\"blog-author minor-meta\">by <span class=\"entry-author-link\"  itemprop=\"author\" ><span class=\"author\"><span class=\"fn\"><a href=\"https:\/\/kylkirauta.fi\/index.php\/author\/karisain\/\" title=\"Kirjoittanut: Kari Sainio\" rel=\"author\">Kari Sainio<\/a><\/span><\/span><\/span><\/span><div class=\"read-more-link\"><a href=\"https:\/\/kylkirauta.fi\/index.php\/2026\/01\/21\/kaaderilaulajista-kajahtaa\/\" class=\"more-link\">Read more<span class=\"more-link-arrow\"><\/span><\/a><\/div><\/span><\/header><footer class=\"entry-footer\"><\/footer><div class='post_delimiter'><\/div><\/div><div class=\"post_author_timeline\"><\/div><span class='hidden'>\n\t\t\t\t<span class='av-structured-data'  itemprop=\"image\" itemscope=\"itemscope\" itemtype=\"https:\/\/schema.org\/ImageObject\" >\n\t\t\t\t\t\t<span itemprop='url'>https:\/\/kylkirauta.fi\/wp-content\/uploads\/2026\/01\/Artikkeli-1-2026.jpg<\/span>\n\t\t\t\t\t\t<span itemprop='height'>487<\/span>\n\t\t\t\t\t\t<span itemprop='width'>843<\/span>\n\t\t\t\t<\/span>\n\t\t\t\t<span class='av-structured-data'  itemprop=\"publisher\" itemtype=\"https:\/\/schema.org\/Organization\" itemscope=\"itemscope\" >\n\t\t\t\t\t\t<span itemprop='name'>Kari Sainio<\/span>\n\t\t\t\t\t\t<span itemprop='logo' itemscope itemtype='https:\/\/schema.org\/ImageObject'>\n\t\t\t\t\t\t\t<span itemprop='url'>https:\/\/kylkirauta.fi\/wp-content\/uploads\/2020\/02\/kkunta_weblogo-100x100-1.png<\/span>\n\t\t\t\t\t\t<\/span>\n\t\t\t\t<\/span><span class='av-structured-data'  itemprop=\"author\" itemscope=\"itemscope\" itemtype=\"https:\/\/schema.org\/Person\" ><span itemprop='name'>Kari Sainio<\/span><\/span><span class='av-structured-data'  itemprop=\"datePublished\" datetime=\"2026-01-21T18:17:28+02:00\" >2026-01-21 18:17:28<\/span><span class='av-structured-data'  itemprop=\"dateModified\" itemtype=\"https:\/\/schema.org\/dateModified\" >2026-01-21 18:17:28<\/span><span class='av-structured-data'  itemprop=\"mainEntityOfPage\" itemtype=\"https:\/\/schema.org\/mainEntityOfPage\" ><span itemprop='name'>Kaaderilaulajista kajahtaa<\/span><\/span><\/span><\/article><div class='bloglist-simple'><nav class='pagination'><span class='pagination-meta'>Page 1 of 35<\/span><span class='current'>1<\/span><a href='https:\/\/kylkirauta.fi\/index.php\/wp-json\/wp\/v2\/posts\/6304\/page\/2\/' class='inactive next_page' >2<\/a><a href='https:\/\/kylkirauta.fi\/index.php\/wp-json\/wp\/v2\/posts\/6304\/page\/3\/' class='inactive' >3<\/a><a href='https:\/\/kylkirauta.fi\/index.php\/wp-json\/wp\/v2\/posts\/6304\/page\/2\/'>&rsaquo;<\/a><a href='https:\/\/kylkirauta.fi\/index.php\/wp-json\/wp\/v2\/posts\/6304\/page\/35\/'>&raquo;<\/a><\/nav>\n<\/div><\/div>\n","protected":false},"excerpt":{"rendered":"","protected":false},"author":3,"featured_media":6311,"comment_status":"closed","ping_status":"closed","sticky":false,"template":"","format":"standard","meta":{"footnotes":""},"categories":[94,4,98],"tags":[],"class_list":["post-6304","post","type-post","status-publish","format-standard","has-post-thumbnail","hentry","category-94","category-artikkeli","category-artikkeli-2022"],"yoast_head":"<!-- This site is optimized with the Yoast SEO plugin v27.5 - https:\/\/yoast.com\/product\/yoast-seo-wordpress\/ -->\n<title>Risto Sinkko: Maanpuolustuksella ja Nato-j\u00e4senyydell\u00e4 on kansalaisten vankka tuki - Kylkirauta<\/title>\n<meta name=\"robots\" content=\"index, follow, max-snippet:-1, max-image-preview:large, max-video-preview:-1\" \/>\n<link rel=\"canonical\" href=\"https:\/\/kylkirauta.fi\/index.php\/2022\/12\/04\/risto-sinkko-maanpuolustuksella-ja-nato-jasenyydella-on-kansalaisten-vankka-tuki\/\" \/>\n<meta property=\"og:locale\" content=\"fi_FI\" \/>\n<meta property=\"og:type\" content=\"article\" \/>\n<meta property=\"og:title\" content=\"Risto Sinkko: Maanpuolustuksella ja Nato-j\u00e4senyydell\u00e4 on kansalaisten vankka tuki - Kylkirauta\" \/>\n<meta property=\"og:url\" content=\"https:\/\/kylkirauta.fi\/index.php\/2022\/12\/04\/risto-sinkko-maanpuolustuksella-ja-nato-jasenyydella-on-kansalaisten-vankka-tuki\/\" \/>\n<meta property=\"og:site_name\" content=\"Kylkirauta\" \/>\n<meta property=\"article:published_time\" content=\"2022-12-04T10:17:38+00:00\" \/>\n<meta property=\"article:modified_time\" content=\"2022-12-04T10:44:14+00:00\" \/>\n<meta property=\"og:image\" content=\"https:\/\/kylkirauta.fi\/wp-content\/uploads\/2022\/12\/Artikkeli-04122022.png\" \/>\n\t<meta property=\"og:image:width\" content=\"843\" \/>\n\t<meta property=\"og:image:height\" content=\"487\" \/>\n\t<meta property=\"og:image:type\" content=\"image\/png\" \/>\n<meta name=\"author\" content=\"Kari Sainio\" \/>\n<meta name=\"twitter:card\" content=\"summary_large_image\" \/>\n<meta name=\"twitter:label1\" content=\"Kirjoittanut\" \/>\n\t<meta name=\"twitter:data1\" content=\"Kari Sainio\" \/>\n\t<meta name=\"twitter:label2\" content=\"Arvioitu lukuaika\" \/>\n\t<meta name=\"twitter:data2\" content=\"7 minuuttia\" \/>\n<script type=\"application\/ld+json\" class=\"yoast-schema-graph\">{\"@context\":\"https:\\\/\\\/schema.org\",\"@graph\":[{\"@type\":\"Article\",\"@id\":\"https:\\\/\\\/kylkirauta.fi\\\/index.php\\\/2022\\\/12\\\/04\\\/risto-sinkko-maanpuolustuksella-ja-nato-jasenyydella-on-kansalaisten-vankka-tuki\\\/#article\",\"isPartOf\":{\"@id\":\"https:\\\/\\\/kylkirauta.fi\\\/index.php\\\/2022\\\/12\\\/04\\\/risto-sinkko-maanpuolustuksella-ja-nato-jasenyydella-on-kansalaisten-vankka-tuki\\\/\"},\"author\":{\"name\":\"Kari Sainio\",\"@id\":\"https:\\\/\\\/kylkirauta.fi\\\/#\\\/schema\\\/person\\\/714ab39a349c656b20d60a239be1d6f6\"},\"headline\":\"Risto Sinkko: Maanpuolustuksella ja Nato-j\u00e4senyydell\u00e4 on kansalaisten vankka tuki\",\"datePublished\":\"2022-12-04T10:17:38+00:00\",\"dateModified\":\"2022-12-04T10:44:14+00:00\",\"mainEntityOfPage\":{\"@id\":\"https:\\\/\\\/kylkirauta.fi\\\/index.php\\\/2022\\\/12\\\/04\\\/risto-sinkko-maanpuolustuksella-ja-nato-jasenyydella-on-kansalaisten-vankka-tuki\\\/\"},\"wordCount\":1275,\"image\":{\"@id\":\"https:\\\/\\\/kylkirauta.fi\\\/index.php\\\/2022\\\/12\\\/04\\\/risto-sinkko-maanpuolustuksella-ja-nato-jasenyydella-on-kansalaisten-vankka-tuki\\\/#primaryimage\"},\"thumbnailUrl\":\"https:\\\/\\\/kylkirauta.fi\\\/wp-content\\\/uploads\\\/2022\\\/12\\\/Artikkeli-04122022.png\",\"articleSection\":[\"2022\",\"Artikkeli\",\"Artikkeli 2022\"],\"inLanguage\":\"fi\"},{\"@type\":\"WebPage\",\"@id\":\"https:\\\/\\\/kylkirauta.fi\\\/index.php\\\/2022\\\/12\\\/04\\\/risto-sinkko-maanpuolustuksella-ja-nato-jasenyydella-on-kansalaisten-vankka-tuki\\\/\",\"url\":\"https:\\\/\\\/kylkirauta.fi\\\/index.php\\\/2022\\\/12\\\/04\\\/risto-sinkko-maanpuolustuksella-ja-nato-jasenyydella-on-kansalaisten-vankka-tuki\\\/\",\"name\":\"Risto Sinkko: Maanpuolustuksella ja Nato-j\u00e4senyydell\u00e4 on kansalaisten vankka tuki - Kylkirauta\",\"isPartOf\":{\"@id\":\"https:\\\/\\\/kylkirauta.fi\\\/#website\"},\"primaryImageOfPage\":{\"@id\":\"https:\\\/\\\/kylkirauta.fi\\\/index.php\\\/2022\\\/12\\\/04\\\/risto-sinkko-maanpuolustuksella-ja-nato-jasenyydella-on-kansalaisten-vankka-tuki\\\/#primaryimage\"},\"image\":{\"@id\":\"https:\\\/\\\/kylkirauta.fi\\\/index.php\\\/2022\\\/12\\\/04\\\/risto-sinkko-maanpuolustuksella-ja-nato-jasenyydella-on-kansalaisten-vankka-tuki\\\/#primaryimage\"},\"thumbnailUrl\":\"https:\\\/\\\/kylkirauta.fi\\\/wp-content\\\/uploads\\\/2022\\\/12\\\/Artikkeli-04122022.png\",\"datePublished\":\"2022-12-04T10:17:38+00:00\",\"dateModified\":\"2022-12-04T10:44:14+00:00\",\"author\":{\"@id\":\"https:\\\/\\\/kylkirauta.fi\\\/#\\\/schema\\\/person\\\/714ab39a349c656b20d60a239be1d6f6\"},\"breadcrumb\":{\"@id\":\"https:\\\/\\\/kylkirauta.fi\\\/index.php\\\/2022\\\/12\\\/04\\\/risto-sinkko-maanpuolustuksella-ja-nato-jasenyydella-on-kansalaisten-vankka-tuki\\\/#breadcrumb\"},\"inLanguage\":\"fi\",\"potentialAction\":[{\"@type\":\"ReadAction\",\"target\":[\"https:\\\/\\\/kylkirauta.fi\\\/index.php\\\/2022\\\/12\\\/04\\\/risto-sinkko-maanpuolustuksella-ja-nato-jasenyydella-on-kansalaisten-vankka-tuki\\\/\"]}]},{\"@type\":\"ImageObject\",\"inLanguage\":\"fi\",\"@id\":\"https:\\\/\\\/kylkirauta.fi\\\/index.php\\\/2022\\\/12\\\/04\\\/risto-sinkko-maanpuolustuksella-ja-nato-jasenyydella-on-kansalaisten-vankka-tuki\\\/#primaryimage\",\"url\":\"https:\\\/\\\/kylkirauta.fi\\\/wp-content\\\/uploads\\\/2022\\\/12\\\/Artikkeli-04122022.png\",\"contentUrl\":\"https:\\\/\\\/kylkirauta.fi\\\/wp-content\\\/uploads\\\/2022\\\/12\\\/Artikkeli-04122022.png\",\"width\":843,\"height\":487},{\"@type\":\"BreadcrumbList\",\"@id\":\"https:\\\/\\\/kylkirauta.fi\\\/index.php\\\/2022\\\/12\\\/04\\\/risto-sinkko-maanpuolustuksella-ja-nato-jasenyydella-on-kansalaisten-vankka-tuki\\\/#breadcrumb\",\"itemListElement\":[{\"@type\":\"ListItem\",\"position\":1,\"name\":\"Home\",\"item\":\"https:\\\/\\\/kylkirauta.fi\\\/index.php\\\/home\\\/\"},{\"@type\":\"ListItem\",\"position\":2,\"name\":\"Risto Sinkko: Maanpuolustuksella ja Nato-j\u00e4senyydell\u00e4 on kansalaisten vankka tuki\"}]},{\"@type\":\"WebSite\",\"@id\":\"https:\\\/\\\/kylkirauta.fi\\\/#website\",\"url\":\"https:\\\/\\\/kylkirauta.fi\\\/\",\"name\":\"Kylkirauta\",\"description\":\"Kadettiupseerit yhteiskunnan palveluksessa\",\"potentialAction\":[{\"@type\":\"SearchAction\",\"target\":{\"@type\":\"EntryPoint\",\"urlTemplate\":\"https:\\\/\\\/kylkirauta.fi\\\/?s={search_term_string}\"},\"query-input\":{\"@type\":\"PropertyValueSpecification\",\"valueRequired\":true,\"valueName\":\"search_term_string\"}}],\"inLanguage\":\"fi\"},{\"@type\":\"Person\",\"@id\":\"https:\\\/\\\/kylkirauta.fi\\\/#\\\/schema\\\/person\\\/714ab39a349c656b20d60a239be1d6f6\",\"name\":\"Kari Sainio\",\"sameAs\":[\"http:\\\/\\\/www.kylkirauta.fi\"],\"url\":\"https:\\\/\\\/kylkirauta.fi\\\/index.php\\\/author\\\/karisain\\\/\"}]}<\/script>\n<!-- \/ Yoast SEO plugin. -->","yoast_head_json":{"title":"Risto Sinkko: Maanpuolustuksella ja Nato-j\u00e4senyydell\u00e4 on kansalaisten vankka tuki - Kylkirauta","robots":{"index":"index","follow":"follow","max-snippet":"max-snippet:-1","max-image-preview":"max-image-preview:large","max-video-preview":"max-video-preview:-1"},"canonical":"https:\/\/kylkirauta.fi\/index.php\/2022\/12\/04\/risto-sinkko-maanpuolustuksella-ja-nato-jasenyydella-on-kansalaisten-vankka-tuki\/","og_locale":"fi_FI","og_type":"article","og_title":"Risto Sinkko: Maanpuolustuksella ja Nato-j\u00e4senyydell\u00e4 on kansalaisten vankka tuki - Kylkirauta","og_url":"https:\/\/kylkirauta.fi\/index.php\/2022\/12\/04\/risto-sinkko-maanpuolustuksella-ja-nato-jasenyydella-on-kansalaisten-vankka-tuki\/","og_site_name":"Kylkirauta","article_published_time":"2022-12-04T10:17:38+00:00","article_modified_time":"2022-12-04T10:44:14+00:00","og_image":[{"width":843,"height":487,"url":"https:\/\/kylkirauta.fi\/wp-content\/uploads\/2022\/12\/Artikkeli-04122022.png","type":"image\/png"}],"author":"Kari Sainio","twitter_card":"summary_large_image","twitter_misc":{"Kirjoittanut":"Kari Sainio","Arvioitu lukuaika":"7 minuuttia"},"schema":{"@context":"https:\/\/schema.org","@graph":[{"@type":"Article","@id":"https:\/\/kylkirauta.fi\/index.php\/2022\/12\/04\/risto-sinkko-maanpuolustuksella-ja-nato-jasenyydella-on-kansalaisten-vankka-tuki\/#article","isPartOf":{"@id":"https:\/\/kylkirauta.fi\/index.php\/2022\/12\/04\/risto-sinkko-maanpuolustuksella-ja-nato-jasenyydella-on-kansalaisten-vankka-tuki\/"},"author":{"name":"Kari Sainio","@id":"https:\/\/kylkirauta.fi\/#\/schema\/person\/714ab39a349c656b20d60a239be1d6f6"},"headline":"Risto Sinkko: Maanpuolustuksella ja Nato-j\u00e4senyydell\u00e4 on kansalaisten vankka tuki","datePublished":"2022-12-04T10:17:38+00:00","dateModified":"2022-12-04T10:44:14+00:00","mainEntityOfPage":{"@id":"https:\/\/kylkirauta.fi\/index.php\/2022\/12\/04\/risto-sinkko-maanpuolustuksella-ja-nato-jasenyydella-on-kansalaisten-vankka-tuki\/"},"wordCount":1275,"image":{"@id":"https:\/\/kylkirauta.fi\/index.php\/2022\/12\/04\/risto-sinkko-maanpuolustuksella-ja-nato-jasenyydella-on-kansalaisten-vankka-tuki\/#primaryimage"},"thumbnailUrl":"https:\/\/kylkirauta.fi\/wp-content\/uploads\/2022\/12\/Artikkeli-04122022.png","articleSection":["2022","Artikkeli","Artikkeli 2022"],"inLanguage":"fi"},{"@type":"WebPage","@id":"https:\/\/kylkirauta.fi\/index.php\/2022\/12\/04\/risto-sinkko-maanpuolustuksella-ja-nato-jasenyydella-on-kansalaisten-vankka-tuki\/","url":"https:\/\/kylkirauta.fi\/index.php\/2022\/12\/04\/risto-sinkko-maanpuolustuksella-ja-nato-jasenyydella-on-kansalaisten-vankka-tuki\/","name":"Risto Sinkko: Maanpuolustuksella ja Nato-j\u00e4senyydell\u00e4 on kansalaisten vankka tuki - Kylkirauta","isPartOf":{"@id":"https:\/\/kylkirauta.fi\/#website"},"primaryImageOfPage":{"@id":"https:\/\/kylkirauta.fi\/index.php\/2022\/12\/04\/risto-sinkko-maanpuolustuksella-ja-nato-jasenyydella-on-kansalaisten-vankka-tuki\/#primaryimage"},"image":{"@id":"https:\/\/kylkirauta.fi\/index.php\/2022\/12\/04\/risto-sinkko-maanpuolustuksella-ja-nato-jasenyydella-on-kansalaisten-vankka-tuki\/#primaryimage"},"thumbnailUrl":"https:\/\/kylkirauta.fi\/wp-content\/uploads\/2022\/12\/Artikkeli-04122022.png","datePublished":"2022-12-04T10:17:38+00:00","dateModified":"2022-12-04T10:44:14+00:00","author":{"@id":"https:\/\/kylkirauta.fi\/#\/schema\/person\/714ab39a349c656b20d60a239be1d6f6"},"breadcrumb":{"@id":"https:\/\/kylkirauta.fi\/index.php\/2022\/12\/04\/risto-sinkko-maanpuolustuksella-ja-nato-jasenyydella-on-kansalaisten-vankka-tuki\/#breadcrumb"},"inLanguage":"fi","potentialAction":[{"@type":"ReadAction","target":["https:\/\/kylkirauta.fi\/index.php\/2022\/12\/04\/risto-sinkko-maanpuolustuksella-ja-nato-jasenyydella-on-kansalaisten-vankka-tuki\/"]}]},{"@type":"ImageObject","inLanguage":"fi","@id":"https:\/\/kylkirauta.fi\/index.php\/2022\/12\/04\/risto-sinkko-maanpuolustuksella-ja-nato-jasenyydella-on-kansalaisten-vankka-tuki\/#primaryimage","url":"https:\/\/kylkirauta.fi\/wp-content\/uploads\/2022\/12\/Artikkeli-04122022.png","contentUrl":"https:\/\/kylkirauta.fi\/wp-content\/uploads\/2022\/12\/Artikkeli-04122022.png","width":843,"height":487},{"@type":"BreadcrumbList","@id":"https:\/\/kylkirauta.fi\/index.php\/2022\/12\/04\/risto-sinkko-maanpuolustuksella-ja-nato-jasenyydella-on-kansalaisten-vankka-tuki\/#breadcrumb","itemListElement":[{"@type":"ListItem","position":1,"name":"Home","item":"https:\/\/kylkirauta.fi\/index.php\/home\/"},{"@type":"ListItem","position":2,"name":"Risto Sinkko: Maanpuolustuksella ja Nato-j\u00e4senyydell\u00e4 on kansalaisten vankka tuki"}]},{"@type":"WebSite","@id":"https:\/\/kylkirauta.fi\/#website","url":"https:\/\/kylkirauta.fi\/","name":"Kylkirauta","description":"Kadettiupseerit yhteiskunnan palveluksessa","potentialAction":[{"@type":"SearchAction","target":{"@type":"EntryPoint","urlTemplate":"https:\/\/kylkirauta.fi\/?s={search_term_string}"},"query-input":{"@type":"PropertyValueSpecification","valueRequired":true,"valueName":"search_term_string"}}],"inLanguage":"fi"},{"@type":"Person","@id":"https:\/\/kylkirauta.fi\/#\/schema\/person\/714ab39a349c656b20d60a239be1d6f6","name":"Kari Sainio","sameAs":["http:\/\/www.kylkirauta.fi"],"url":"https:\/\/kylkirauta.fi\/index.php\/author\/karisain\/"}]}},"_links":{"self":[{"href":"https:\/\/kylkirauta.fi\/index.php\/wp-json\/wp\/v2\/posts\/6304","targetHints":{"allow":["GET"]}}],"collection":[{"href":"https:\/\/kylkirauta.fi\/index.php\/wp-json\/wp\/v2\/posts"}],"about":[{"href":"https:\/\/kylkirauta.fi\/index.php\/wp-json\/wp\/v2\/types\/post"}],"author":[{"embeddable":true,"href":"https:\/\/kylkirauta.fi\/index.php\/wp-json\/wp\/v2\/users\/3"}],"replies":[{"embeddable":true,"href":"https:\/\/kylkirauta.fi\/index.php\/wp-json\/wp\/v2\/comments?post=6304"}],"version-history":[{"count":4,"href":"https:\/\/kylkirauta.fi\/index.php\/wp-json\/wp\/v2\/posts\/6304\/revisions"}],"predecessor-version":[{"id":8541,"href":"https:\/\/kylkirauta.fi\/index.php\/wp-json\/wp\/v2\/posts\/6304\/revisions\/8541"}],"wp:featuredmedia":[{"embeddable":true,"href":"https:\/\/kylkirauta.fi\/index.php\/wp-json\/wp\/v2\/media\/6311"}],"wp:attachment":[{"href":"https:\/\/kylkirauta.fi\/index.php\/wp-json\/wp\/v2\/media?parent=6304"}],"wp:term":[{"taxonomy":"category","embeddable":true,"href":"https:\/\/kylkirauta.fi\/index.php\/wp-json\/wp\/v2\/categories?post=6304"},{"taxonomy":"post_tag","embeddable":true,"href":"https:\/\/kylkirauta.fi\/index.php\/wp-json\/wp\/v2\/tags?post=6304"}],"curies":[{"name":"wp","href":"https:\/\/api.w.org\/{rel}","templated":true}]}}