{"id":6162,"date":"2022-09-14T07:20:38","date_gmt":"2022-09-14T07:20:38","guid":{"rendered":"https:\/\/kylkirauta.fi\/?p=6162"},"modified":"2022-09-14T07:20:38","modified_gmt":"2022-09-14T07:20:38","slug":"risto-sinkko-eurobarometri-suomalaisten-maanpuolustusasenteet-huipussaan","status":"publish","type":"post","link":"https:\/\/kylkirauta.fi\/index.php\/2022\/09\/14\/risto-sinkko-eurobarometri-suomalaisten-maanpuolustusasenteet-huipussaan\/","title":{"rendered":"Risto Sinkko: Eurobarometri &#8211; suomalaisten maanpuolustusasenteet huipussaan"},"content":{"rendered":"\n<style type=\"text\/css\" data-created_by=\"avia_inline_auto\" id=\"style-css-av-km4zs-0614ada41eb3461e6efbb361dfbae970\">\n.flex_column.av-km4zs-0614ada41eb3461e6efbb361dfbae970{\nborder-radius:0px 0px 0px 0px;\npadding:0px 0px 0px 0px;\n}\n<\/style>\n<div  class='flex_column av-km4zs-0614ada41eb3461e6efbb361dfbae970 av_one_full  avia-builder-el-0  el_before_av_hr  avia-builder-el-first  first flex_column_div av-zero-column-padding  '     ><p>\n<style type=\"text\/css\" data-created_by=\"avia_inline_auto\" id=\"style-css-av-l81a8t2c-d101e8ad1e980e08516643b56a0f5ffc\">\n#top .av-special-heading.av-l81a8t2c-d101e8ad1e980e08516643b56a0f5ffc{\npadding-bottom:10px;\n}\nbody .av-special-heading.av-l81a8t2c-d101e8ad1e980e08516643b56a0f5ffc .av-special-heading-tag .heading-char{\nfont-size:25px;\n}\n.av-special-heading.av-l81a8t2c-d101e8ad1e980e08516643b56a0f5ffc .av-subheading{\nfont-size:15px;\n}\n<\/style>\n<div  class='av-special-heading av-l81a8t2c-d101e8ad1e980e08516643b56a0f5ffc av-special-heading-h3  avia-builder-el-1  el_before_av_hr  avia-builder-el-first '><h3 class='av-special-heading-tag'  itemprop=\"headline\"  >Eurobarometri &#8211; suomalaisten maanpuolustusasenteet huipussaan<\/h3><div class=\"special-heading-border\"><div class=\"special-heading-inner-border\"><\/div><\/div><\/div><br \/>\n\n<style type=\"text\/css\" data-created_by=\"avia_inline_auto\" id=\"style-css-av-k5m7b9te-01401dd5e8beb25770de1be03f41ecf3\">\n#top .hr.hr-invisible.av-k5m7b9te-01401dd5e8beb25770de1be03f41ecf3{\nheight:30px;\n}\n<\/style>\n<div  class='hr av-k5m7b9te-01401dd5e8beb25770de1be03f41ecf3 hr-invisible  avia-builder-el-2  el_after_av_heading  el_before_av_textblock '><span class='hr-inner '><span class=\"hr-inner-style\"><\/span><\/span><\/div><br \/>\n<section  class='av_textblock_section av-k8d08-dea0f25c8df625cf22cbdeac32688808 '   itemscope=\"itemscope\" itemtype=\"https:\/\/schema.org\/BlogPosting\" itemprop=\"blogPost\" ><div class='avia_textblock'  itemprop=\"text\" ><div id=\"attachment_459\" style=\"width: 140px\" class=\"wp-caption alignleft\"><img loading=\"lazy\" decoding=\"async\" aria-describedby=\"caption-attachment-459\" class=\"wp-image-459\" src=\"https:\/\/kylkirauta.fi\/wp-content\/uploads\/2019\/10\/Sinkko_uusi.jpeg\" alt=\"\" width=\"130\" height=\"177\" srcset=\"https:\/\/kylkirauta.fi\/wp-content\/uploads\/2019\/10\/Sinkko_uusi.jpeg 369w, https:\/\/kylkirauta.fi\/wp-content\/uploads\/2019\/10\/Sinkko_uusi-221x300.jpeg 221w\" sizes=\"auto, (max-width: 130px) 100vw, 130px\" \/><p id=\"caption-attachment-459\" class=\"wp-caption-text\">ST Risto Sinkko<\/p><\/div>\n<div class=\"\" data-block=\"true\" data-editor=\"d3t8s\" data-offset-key=\"83llj-0-0\">\n<div class=\"_1mf _1mj\" data-offset-key=\"83llj-0-0\">\n<p><strong><a href=\"https:\/\/europa.eu\/eurobarometer\/surveys\/detail\/2693\" target=\"_blank\" rel=\"noopener\"><em>Standard Eurobarometer 97 Summer 2022<\/em><\/a> on osa Euroopan komission toistuvasti teett\u00e4m\u00e4\u00e4 tutkimussarjaa. Tietojenkeruu tehd\u00e4\u00e4n kaikissa EU-maissa ja 12 muussa maassa henkil\u00f6kohtaisina haastatteluina tai nettihaastatteluina. T\u00e4n\u00e4 vuonna toteutettiin kes\u00e4-hein\u00e4kuussa. Suomessa vastaajia oli 1 045 ja yhteens\u00e4 vastaajia oli 37 239.<\/strong><\/p>\n<p><em><strong>Perinteisesti n\u00e4iss\u00e4 Eurobarometreissa on kysytty luottamusta puolustusvoimiin (Army). Suomessa mitattu luottamusluku oli 95 prosenttia. Suomalaisten luottamus puolustusvoimiin on huipussaan eik\u00e4 muissa tutkituissa maissa p\u00e4\u00e4st\u00e4 l\u00e4hellek\u00e4\u00e4n t\u00e4t\u00e4.<\/strong><\/em><\/p>\n<p><strong><em>Nato-luottamus kovassa kasvussa<\/em><\/strong><\/p>\n<p>Muuttunutta asenneilmapiiri\u00e4 kuvaa kysytty luottamus Natoa kohtaan. Nyt 77 prosenttia haastatelluista suomalaisista sanoo luottavansa Natoon. Edelle p\u00e4\u00e4see vain vanha Nato-maa Tanska (87 %). Edelliseen viime talvena tehtyyn tutkimukseen verrattuna kasvua on 26 prosenttiyksikk\u00f6\u00e4.<\/p>\n<p>Pelk\u00e4st\u00e4\u00e4n Natoon suomalaiset eiv\u00e4t silti halua tukeutua. Kysymykseen EU:n yhteisest\u00e4 turvallisuus- ja puolustuspolitiikasta 78 prosenttia tutkituista antaa my\u00f6nt\u00e4v\u00e4n vastauksen. Lis\u00e4yst\u00e4 edelliseen tutkimukseen verrattuna on kahdeksan prosenttiyksikk\u00f6\u00e4. Turvallisuudentunteeseen haetaan nyt voimakkaasti tukea.<\/p>\n<p>Jopa 83 prosenttia vastaajista on sit\u00e4 mielt\u00e4, ett\u00e4 EU:n ulkorajoja pit\u00e4\u00e4 vahvistaa lis\u00e4\u00e4m\u00e4ll\u00e4 rajavartijoita sek\u00e4 rannikoiden vartiointia.<\/p>\n<p>Kysytt\u00e4ess\u00e4 EU:n parhaita ominaisuuksia eniten mainintoja (35 %) sai rauha j\u00e4senmaiden kesken. Toiseksi useimmin (29 %) mainittiin ihmisten, tavaroiden ja palveluiden vapaa liikkuvuus maiden v\u00e4lill\u00e4. Rauhaa piti t\u00e4rkeimp\u00e4n\u00e4 henkil\u00f6kohtaisesti merkitsev\u00e4n\u00e4 arvona 52 prosenttia tutkituista suomalaisista. Rauha on my\u00f6s vastaajien mielest\u00e4 parhaiten EU:ta kuvaava piirre.<\/p>\n<p><strong><em>Ukrainaa autetaan ja tuetaan<\/em><\/strong><\/p>\n<p>Ukrainan ja ukrainalaisten tukemisesta Eurobarometri kertoo tuloksia, joita t\u00e4llaisissa tutkimuksissa harvoin \u00a0n\u00e4hd\u00e4\u00e4n \u2013 tutkitut ovat l\u00e4hes t\u00e4ysin samaa mielt\u00e4. Suomalaisista vastaajista 96 prosenttia hyv\u00e4ksyy humanitaarisen avun tarjoamisen sodasta k\u00e4rsiville. Sama osuus vastaajista toivottaa ukrainalaiset pakolaiset tervetulleiksi Suomeen. Kaikkien EU:n vastaajien joukossa tulokset ovat samanlaisia.<\/p>\n<p>Suomalaisista 88 prosenttia on tyytyv\u00e4isi\u00e4 Suomen hallituksen toimenpiteist\u00e4 ja vastalauseista Ven\u00e4j\u00e4n hy\u00f6kk\u00e4yksest\u00e4 Ukrainaan. T\u00e4m\u00e4 osuus on suurin EU:n j\u00e4senmaiden joukossa.<\/p>\n<p>Ukrainan sodan taloudellisista vaikutuksista Suomelle vastaajat ovat my\u00f6s l\u00e4hes yksimielisi\u00e4 &#8211; 87 prosenttia arvioi, ett\u00e4 vaikutukset ovat vakavia &#8211; \u00a057 prosenttia kokee, ettei vakavia vaikutuksia ole. T\u00e4ll\u00e4 saattaa olla vaikutusta siihen, kuinka huolestuneita Ukrainan tilanteesta ollaan.<\/p>\n<p>Tilastokeskuksen tekem\u00e4st\u00e4 Kansalaispulssi-tutkimuksesta ilmenee, ett\u00e4 huolestuminen on selv\u00e4ss\u00e4 laskusuunnassa. Heti Ven\u00e4j\u00e4n hy\u00f6kk\u00e4yksen alettua helmikuussa 2022 44,5 prosenttia tutkituista suomalaista oli melko tai eritt\u00e4in paljon huolestuneita kriisin vaikutuksesta Suomen turvallisuuteen. Elokuussa julkistetussa kyselyss\u00e4 vastaava huolestuneiden osuus oli en\u00e4\u00e4 22,7 prosenttia.<\/p>\n<p>Kun suhtautuminen tilanteeseen arkip\u00e4iv\u00e4istyy, saattaa kansalaisten halu ja ymm\u00e4rrys Ukrainan tukemiseen heiket\u00e4. Suomeen tulleiden pakolaisten tilanne ei en\u00e4\u00e4 ole p\u00e4ivitt\u00e4in esill\u00e4 mediassa. Viimeaikaiset tiedot Ukrainan vastahy\u00f6kk\u00e4yksen etenemisest\u00e4 ja onnistumisesta saattavat osaltaan v\u00e4hent\u00e4\u00e4 huolestumista sodan tilanteesta.<\/p>\n<p><strong><em>Talouden n\u00e4kym\u00e4t pessimistisi\u00e4<\/em><\/strong><\/p>\n<p>Eurobarometrissa on s\u00e4\u00e4nn\u00f6llisesti seurattu kansalaisten n\u00e4kemyksi\u00e4 talouden tilanteesta. N\u00e4kemyksi\u00e4 talouden heikentymisest\u00e4 on raportoitu vuoden 2019 mittauksista alkaen sek\u00e4 Suomea ett\u00e4 koko Unionia koskevina. Taloustilanteen ratkaisuksi laadittiin koko unionia koskeva elvytysohjelma (<em>NextGenerationEU<\/em>). Enemmist\u00f6 EU-maiden kansalaisista piti ohjelmaa tehokkaana. Suomessa sen sijaan 44 prosenttia vastaajista piti sit\u00e4 tehottomana, ja tehokkaana pit\u00e4vien osuus oli t\u00e4sm\u00e4lleen yht\u00e4 suuri. Mielipiteet siis jakautuivat vahvasti.<\/p>\n<p>Kysytt\u00e4ess\u00e4 muutosta tulevien 12 kuukauden aikana, 57 prosenttia suomalaisista vastaajista arveli maamme talouden tilanteen huonontuvan. 32 prosenttia arveli tilanteen pysyv\u00e4n samanlaisena \u2013 tosin kysymyksest\u00e4 ei selvi\u00e4, pidettiink\u00f6 tilannetta jo valmiiksi huonona. Ainoastaan 9 prosenttia veikkasi tilanteen paranevan.<\/p>\n<p>Pahimmaksi maatamme koskevaksi ongelmaksi suomalaiset vastaajat nimesiv\u00e4t hintojen nousun, inflaation ja asumisen kustannukset. Kun vastaaja sai nimet\u00e4 kaksi ongelmaa, 55 prosenttia tutkituista valitsi juuri edell\u00e4 mainitun. Seuraavalle sijalle tuli kansainv\u00e4linen tilanne (36 %). Kolmanneksi eniten mainintoja sai hallituksen velkaantuminen (22 %). Aikaisemmin enemm\u00e4n mainintoja saanut ilmaston muutos ja ymp\u00e4rist\u00f6n tilanne sai 16 prosenttia maininnoista.<\/p>\n<p><strong><em>Maanpuolustustahdon suunnitelmallisuus<\/em><\/strong><\/p>\n<p>Ei ole mit\u00e4\u00e4n ep\u00e4ilyst\u00e4 siit\u00e4, etteik\u00f6 kansakunnan maanpuolustusasenne olisi l\u00e4hes yksimielisesti aseellisen puolustautumisen hyv\u00e4ksymisen kannalta. Vapaaehtoiseen maanpuolustustoimintaan osallistuminen on kokenut huomattavan nousun.<\/p>\n<p>Aivan ajankohtaisia tutkimustietoja tilanteesta ei ole. Joitakin s\u00e4r\u00f6j\u00e4 kokonaisasennoitumisessa on my\u00f6s havaittavissa tavassa, jolla er\u00e4\u00e4t kansalaiset osaoptimoivat omaa panostustaan aseelliseen maanpuolustukseen. On havaittu reservil\u00e4isen mahdollisuus siirty\u00e4 siviilipalvelukseen. Kansalaisilla on halua spontaaniin evakuoitumiseen ja kynnys ulkomaille l\u00e4htemiseen on luultavasti aikaisempaa matalampi.<\/p>\n<p>Julkisuuteen nousee my\u00f6s puheenvuoroja, joista voidaan ajatella, ett\u00e4 asevoiman ja puolustuskyvyn yll\u00e4pito on tavoite sin\u00e4ns\u00e4. T\u00e4st\u00e4 syyst\u00e4 puolustautumisen valmistelua halutaan v\u00e4heksy\u00e4 ja pit\u00e4\u00e4 sit\u00e4 militarismina tai sapelinkalisteluna.<\/p>\n<p>Tunnettu ja nyt jo edesmennyt sosiologi Antti Eskola havaitsi maanpuolustustahtoa tutkiessaan 1960-luvulla, ett\u00e4 kotimaan kokeminen puolustamisen arvoiseksi on maanpuolustusajattelun osatekij\u00e4. Kansakunnan talouden taantuminen ja henkil\u00f6kohtaisen elintason lasku saattaa olla nykyp\u00e4iv\u00e4n tilanteessakin maanpuolustustahtoa ja kotimaahan sitoutumista heikent\u00e4v\u00e4 tekij\u00e4. Maanpuolustustahdon s\u00e4ilyminen mahdollistuu suunnitelmallisella yll\u00e4pidolla.<\/p>\n<\/div>\n<\/div>\n<p><em><strong>Risto Sinkko<\/strong><\/em><br \/>\n<em>Majuri res, ST<br \/>\nr.sinkko@kolumbus.fi<br \/>\n<\/em><\/p>\n<p style=\"text-align: center;\">***<\/p>\n<p><em><strong>L\u00e4hdeaineisto<\/strong>:\u00a0<\/em><\/p>\n<p><a href=\"https:\/\/europa.eu\/eurobarometer\/surveys\/detail\/2693\" target=\"_blank\" rel=\"noopener\">https:\/\/europa.eu\/eurobarometer\/surveys\/detail\/2693<\/a><\/p>\n<\/div><\/section><\/p><\/div><div  class='hr av-6zsyz-b471ba5482e75b0a604afa4166a853a5 hr-default  avia-builder-el-4  el_after_av_one_full  el_before_av_blog '><span class='hr-inner '><span class=\"hr-inner-style\"><\/span><\/span><\/div><\/p>\n<div  class='av-alb-blogposts template-blog  '  itemscope=\"itemscope\" itemtype=\"https:\/\/schema.org\/Blog\" ><article class=\"post-entry post-entry-type-standard post-entry-8921 post-loop-1 post-parity-odd bloglist-simple with-slider post-8921 post type-post status-publish format-standard has-post-thumbnail hentry category-artikkeli category-artikkeli-2026\"  itemscope=\"itemscope\" itemtype=\"https:\/\/schema.org\/BlogPosting\" ><div class=\"blog-meta\"><\/div><div class='entry-content-wrapper clearfix standard-content'><header class=\"entry-content-header\"><h2 class='post-title entry-title '  itemprop=\"headline\" ><a href=\"https:\/\/kylkirauta.fi\/index.php\/2026\/04\/20\/kaaderilaulajien-julkaisutoiminta\/\" rel=\"bookmark\" title=\"Permanent Link: Kaaderilaulajien julkaisutoiminta\">Kaaderilaulajien julkaisutoiminta<span class=\"post-format-icon minor-meta\"><\/span><\/a><\/h2><span class=\"post-meta-infos\"><time class=\"date-container minor-meta updated\"  itemprop=\"datePublished\" datetime=\"2026-04-20T15:45:24+03:00\" >20.4.2026<\/time><span class=\"text-sep\">\/<\/span><span class=\"blog-categories minor-meta\">in <a href=\"https:\/\/kylkirauta.fi\/index.php\/category\/artikkeli\/\" rel=\"tag\">Artikkeli<\/a>, <a href=\"https:\/\/kylkirauta.fi\/index.php\/category\/artikkeli-2026\/\" rel=\"tag\">Artikkeli 2026<\/a><\/span><span class=\"text-sep\">\/<\/span><span class=\"blog-author minor-meta\">by <span class=\"entry-author-link\"  itemprop=\"author\" ><span class=\"author\"><span class=\"fn\"><a href=\"https:\/\/kylkirauta.fi\/index.php\/author\/karisain\/\" title=\"Kirjoittanut: Kari Sainio\" rel=\"author\">Kari Sainio<\/a><\/span><\/span><\/span><\/span><div class=\"read-more-link\"><a href=\"https:\/\/kylkirauta.fi\/index.php\/2026\/04\/20\/kaaderilaulajien-julkaisutoiminta\/\" class=\"more-link\">Read more<span class=\"more-link-arrow\"><\/span><\/a><\/div><\/span><\/header><footer class=\"entry-footer\"><\/footer><div class='post_delimiter'><\/div><\/div><div class=\"post_author_timeline\"><\/div><span class='hidden'>\n\t\t\t\t<span class='av-structured-data'  itemprop=\"image\" itemscope=\"itemscope\" itemtype=\"https:\/\/schema.org\/ImageObject\" >\n\t\t\t\t\t\t<span itemprop='url'>https:\/\/kylkirauta.fi\/wp-content\/uploads\/2026\/04\/Artikkeli-4-2026-2.jpg<\/span>\n\t\t\t\t\t\t<span itemprop='height'>487<\/span>\n\t\t\t\t\t\t<span itemprop='width'>843<\/span>\n\t\t\t\t<\/span>\n\t\t\t\t<span class='av-structured-data'  itemprop=\"publisher\" itemtype=\"https:\/\/schema.org\/Organization\" itemscope=\"itemscope\" >\n\t\t\t\t\t\t<span itemprop='name'>Kari Sainio<\/span>\n\t\t\t\t\t\t<span itemprop='logo' itemscope itemtype='https:\/\/schema.org\/ImageObject'>\n\t\t\t\t\t\t\t<span itemprop='url'>https:\/\/kylkirauta.fi\/wp-content\/uploads\/2020\/02\/kkunta_weblogo-100x100-1.png<\/span>\n\t\t\t\t\t\t<\/span>\n\t\t\t\t<\/span><span class='av-structured-data'  itemprop=\"author\" itemscope=\"itemscope\" itemtype=\"https:\/\/schema.org\/Person\" ><span itemprop='name'>Kari Sainio<\/span><\/span><span class='av-structured-data'  itemprop=\"datePublished\" datetime=\"2026-04-20T15:45:24+03:00\" >2026-04-20 15:45:24<\/span><span class='av-structured-data'  itemprop=\"dateModified\" itemtype=\"https:\/\/schema.org\/dateModified\" >2026-04-20 15:45:24<\/span><span class='av-structured-data'  itemprop=\"mainEntityOfPage\" itemtype=\"https:\/\/schema.org\/mainEntityOfPage\" ><span itemprop='name'>Kaaderilaulajien julkaisutoiminta<\/span><\/span><\/span><\/article><article class=\"post-entry post-entry-type-standard post-entry-8884 post-loop-2 post-parity-even bloglist-simple with-slider post-8884 post type-post status-publish format-standard has-post-thumbnail hentry category-artikkeli category-artikkeli-2026\"  itemscope=\"itemscope\" itemtype=\"https:\/\/schema.org\/BlogPosting\" ><div class=\"blog-meta\"><\/div><div class='entry-content-wrapper clearfix standard-content'><header class=\"entry-content-header\"><h2 class='post-title entry-title '  itemprop=\"headline\" ><a href=\"https:\/\/kylkirauta.fi\/index.php\/2026\/03\/27\/kaaderilaulajien-ukraina-tukikonsertit\/\" rel=\"bookmark\" title=\"Permanent Link: Kaaderilaulajien Ukraina-tukikonsertit\">Kaaderilaulajien Ukraina-tukikonsertit<span class=\"post-format-icon minor-meta\"><\/span><\/a><\/h2><span class=\"post-meta-infos\"><time class=\"date-container minor-meta updated\"  itemprop=\"datePublished\" datetime=\"2026-03-27T12:30:38+02:00\" >27.3.2026<\/time><span class=\"text-sep\">\/<\/span><span class=\"blog-categories minor-meta\">in <a href=\"https:\/\/kylkirauta.fi\/index.php\/category\/artikkeli\/\" rel=\"tag\">Artikkeli<\/a>, <a href=\"https:\/\/kylkirauta.fi\/index.php\/category\/artikkeli-2026\/\" rel=\"tag\">Artikkeli 2026<\/a><\/span><span class=\"text-sep\">\/<\/span><span class=\"blog-author minor-meta\">by <span class=\"entry-author-link\"  itemprop=\"author\" ><span class=\"author\"><span class=\"fn\"><a href=\"https:\/\/kylkirauta.fi\/index.php\/author\/karisain\/\" title=\"Kirjoittanut: Kari Sainio\" rel=\"author\">Kari Sainio<\/a><\/span><\/span><\/span><\/span><div class=\"read-more-link\"><a href=\"https:\/\/kylkirauta.fi\/index.php\/2026\/03\/27\/kaaderilaulajien-ukraina-tukikonsertit\/\" class=\"more-link\">Read more<span class=\"more-link-arrow\"><\/span><\/a><\/div><\/span><\/header><footer class=\"entry-footer\"><\/footer><div class='post_delimiter'><\/div><\/div><div class=\"post_author_timeline\"><\/div><span class='hidden'>\n\t\t\t\t<span class='av-structured-data'  itemprop=\"image\" itemscope=\"itemscope\" itemtype=\"https:\/\/schema.org\/ImageObject\" >\n\t\t\t\t\t\t<span itemprop='url'>https:\/\/kylkirauta.fi\/wp-content\/uploads\/2026\/03\/3-2026-artikkeli.jpg<\/span>\n\t\t\t\t\t\t<span itemprop='height'>487<\/span>\n\t\t\t\t\t\t<span itemprop='width'>843<\/span>\n\t\t\t\t<\/span>\n\t\t\t\t<span class='av-structured-data'  itemprop=\"publisher\" itemtype=\"https:\/\/schema.org\/Organization\" itemscope=\"itemscope\" >\n\t\t\t\t\t\t<span itemprop='name'>Kari Sainio<\/span>\n\t\t\t\t\t\t<span itemprop='logo' itemscope itemtype='https:\/\/schema.org\/ImageObject'>\n\t\t\t\t\t\t\t<span itemprop='url'>https:\/\/kylkirauta.fi\/wp-content\/uploads\/2020\/02\/kkunta_weblogo-100x100-1.png<\/span>\n\t\t\t\t\t\t<\/span>\n\t\t\t\t<\/span><span class='av-structured-data'  itemprop=\"author\" itemscope=\"itemscope\" itemtype=\"https:\/\/schema.org\/Person\" ><span itemprop='name'>Kari Sainio<\/span><\/span><span class='av-structured-data'  itemprop=\"datePublished\" datetime=\"2026-03-27T12:30:38+02:00\" >2026-03-27 12:30:38<\/span><span class='av-structured-data'  itemprop=\"dateModified\" itemtype=\"https:\/\/schema.org\/dateModified\" >2026-03-27 12:30:38<\/span><span class='av-structured-data'  itemprop=\"mainEntityOfPage\" itemtype=\"https:\/\/schema.org\/mainEntityOfPage\" ><span itemprop='name'>Kaaderilaulajien Ukraina-tukikonsertit<\/span><\/span><\/span><\/article><article class=\"post-entry post-entry-type-standard post-entry-8786 post-loop-3 post-parity-odd bloglist-simple with-slider post-8786 post type-post status-publish format-standard has-post-thumbnail hentry category-artikkeli category-artikkeli-2026\"  itemscope=\"itemscope\" itemtype=\"https:\/\/schema.org\/BlogPosting\" ><div class=\"blog-meta\"><\/div><div class='entry-content-wrapper clearfix standard-content'><header class=\"entry-content-header\"><h2 class='post-title entry-title '  itemprop=\"headline\" ><a href=\"https:\/\/kylkirauta.fi\/index.php\/2026\/02\/23\/risto-sinkko-eu-kansalaisten-nakemyksia-turvallisuudesta-ja-puolustuksesta\/\" rel=\"bookmark\" title=\"Permanent Link: Risto Sinkko: EU-kansalaisten n\u00e4kemyksi\u00e4 turvallisuudesta ja puolustuksesta\">Risto Sinkko: EU-kansalaisten n\u00e4kemyksi\u00e4 turvallisuudesta ja puolustuksesta<span class=\"post-format-icon minor-meta\"><\/span><\/a><\/h2><span class=\"post-meta-infos\"><time class=\"date-container minor-meta updated\"  itemprop=\"datePublished\" datetime=\"2026-02-23T17:08:33+02:00\" >23.2.2026<\/time><span class=\"text-sep\">\/<\/span><span class=\"blog-categories minor-meta\">in <a href=\"https:\/\/kylkirauta.fi\/index.php\/category\/artikkeli\/\" rel=\"tag\">Artikkeli<\/a>, <a href=\"https:\/\/kylkirauta.fi\/index.php\/category\/artikkeli-2026\/\" rel=\"tag\">Artikkeli 2026<\/a><\/span><span class=\"text-sep\">\/<\/span><span class=\"blog-author minor-meta\">by <span class=\"entry-author-link\"  itemprop=\"author\" ><span class=\"author\"><span class=\"fn\"><a href=\"https:\/\/kylkirauta.fi\/index.php\/author\/karisain\/\" title=\"Kirjoittanut: Kari Sainio\" rel=\"author\">Kari Sainio<\/a><\/span><\/span><\/span><\/span><div class=\"read-more-link\"><a href=\"https:\/\/kylkirauta.fi\/index.php\/2026\/02\/23\/risto-sinkko-eu-kansalaisten-nakemyksia-turvallisuudesta-ja-puolustuksesta\/\" class=\"more-link\">Read more<span class=\"more-link-arrow\"><\/span><\/a><\/div><\/span><\/header><footer class=\"entry-footer\"><\/footer><div class='post_delimiter'><\/div><\/div><div class=\"post_author_timeline\"><\/div><span class='hidden'>\n\t\t\t\t<span class='av-structured-data'  itemprop=\"image\" itemscope=\"itemscope\" itemtype=\"https:\/\/schema.org\/ImageObject\" >\n\t\t\t\t\t\t<span itemprop='url'>https:\/\/kylkirauta.fi\/wp-content\/uploads\/2026\/02\/Artikkeli-MSC-artikkeli.jpg<\/span>\n\t\t\t\t\t\t<span itemprop='height'>487<\/span>\n\t\t\t\t\t\t<span itemprop='width'>843<\/span>\n\t\t\t\t<\/span>\n\t\t\t\t<span class='av-structured-data'  itemprop=\"publisher\" itemtype=\"https:\/\/schema.org\/Organization\" itemscope=\"itemscope\" >\n\t\t\t\t\t\t<span itemprop='name'>Kari Sainio<\/span>\n\t\t\t\t\t\t<span itemprop='logo' itemscope itemtype='https:\/\/schema.org\/ImageObject'>\n\t\t\t\t\t\t\t<span itemprop='url'>https:\/\/kylkirauta.fi\/wp-content\/uploads\/2020\/02\/kkunta_weblogo-100x100-1.png<\/span>\n\t\t\t\t\t\t<\/span>\n\t\t\t\t<\/span><span class='av-structured-data'  itemprop=\"author\" itemscope=\"itemscope\" itemtype=\"https:\/\/schema.org\/Person\" ><span itemprop='name'>Kari Sainio<\/span><\/span><span class='av-structured-data'  itemprop=\"datePublished\" datetime=\"2026-02-23T17:08:33+02:00\" >2026-02-23 17:08:33<\/span><span class='av-structured-data'  itemprop=\"dateModified\" itemtype=\"https:\/\/schema.org\/dateModified\" >2026-02-23 17:29:54<\/span><span class='av-structured-data'  itemprop=\"mainEntityOfPage\" itemtype=\"https:\/\/schema.org\/mainEntityOfPage\" ><span itemprop='name'>Risto Sinkko: EU-kansalaisten n\u00e4kemyksi\u00e4 turvallisuudesta ja puolustuksesta<\/span><\/span><\/span><\/article><article class=\"post-entry post-entry-type-standard post-entry-8765 post-loop-4 post-parity-even bloglist-simple with-slider post-8765 post type-post status-publish format-standard has-post-thumbnail hentry category-artikkeli category-artikkeli-2026\"  itemscope=\"itemscope\" itemtype=\"https:\/\/schema.org\/BlogPosting\" ><div class=\"blog-meta\"><\/div><div class='entry-content-wrapper clearfix standard-content'><header class=\"entry-content-header\"><h2 class='post-title entry-title '  itemprop=\"headline\" ><a href=\"https:\/\/kylkirauta.fi\/index.php\/2026\/02\/15\/kaaderilaulajat-suomen-pojat-suomen-vapauden-ja-viron-kunnian-puolesta\/\" rel=\"bookmark\" title=\"Permanent Link: Kaaderilaulajat: Suomen pojat &#8211; Suomen vapauden ja Viron kunnian puolesta\">Kaaderilaulajat: Suomen pojat &#8211; Suomen vapauden ja Viron kunnian puolesta<span class=\"post-format-icon minor-meta\"><\/span><\/a><\/h2><span class=\"post-meta-infos\"><time class=\"date-container minor-meta updated\"  itemprop=\"datePublished\" datetime=\"2026-02-15T15:44:11+02:00\" >15.2.2026<\/time><span class=\"text-sep\">\/<\/span><span class=\"blog-categories minor-meta\">in <a href=\"https:\/\/kylkirauta.fi\/index.php\/category\/artikkeli\/\" rel=\"tag\">Artikkeli<\/a>, <a href=\"https:\/\/kylkirauta.fi\/index.php\/category\/artikkeli-2026\/\" rel=\"tag\">Artikkeli 2026<\/a><\/span><span class=\"text-sep\">\/<\/span><span class=\"blog-author minor-meta\">by <span class=\"entry-author-link\"  itemprop=\"author\" ><span class=\"author\"><span class=\"fn\"><a href=\"https:\/\/kylkirauta.fi\/index.php\/author\/karisain\/\" title=\"Kirjoittanut: Kari Sainio\" rel=\"author\">Kari Sainio<\/a><\/span><\/span><\/span><\/span><div class=\"read-more-link\"><a href=\"https:\/\/kylkirauta.fi\/index.php\/2026\/02\/15\/kaaderilaulajat-suomen-pojat-suomen-vapauden-ja-viron-kunnian-puolesta\/\" class=\"more-link\">Read more<span class=\"more-link-arrow\"><\/span><\/a><\/div><\/span><\/header><footer class=\"entry-footer\"><\/footer><div class='post_delimiter'><\/div><\/div><div class=\"post_author_timeline\"><\/div><span class='hidden'>\n\t\t\t\t<span class='av-structured-data'  itemprop=\"image\" itemscope=\"itemscope\" itemtype=\"https:\/\/schema.org\/ImageObject\" >\n\t\t\t\t\t\t<span itemprop='url'>https:\/\/kylkirauta.fi\/wp-content\/uploads\/2026\/02\/Kuva-3-1-2026-artikkeli.jpg<\/span>\n\t\t\t\t\t\t<span itemprop='height'>487<\/span>\n\t\t\t\t\t\t<span itemprop='width'>843<\/span>\n\t\t\t\t<\/span>\n\t\t\t\t<span class='av-structured-data'  itemprop=\"publisher\" itemtype=\"https:\/\/schema.org\/Organization\" itemscope=\"itemscope\" >\n\t\t\t\t\t\t<span itemprop='name'>Kari Sainio<\/span>\n\t\t\t\t\t\t<span itemprop='logo' itemscope itemtype='https:\/\/schema.org\/ImageObject'>\n\t\t\t\t\t\t\t<span itemprop='url'>https:\/\/kylkirauta.fi\/wp-content\/uploads\/2020\/02\/kkunta_weblogo-100x100-1.png<\/span>\n\t\t\t\t\t\t<\/span>\n\t\t\t\t<\/span><span class='av-structured-data'  itemprop=\"author\" itemscope=\"itemscope\" itemtype=\"https:\/\/schema.org\/Person\" ><span itemprop='name'>Kari Sainio<\/span><\/span><span class='av-structured-data'  itemprop=\"datePublished\" datetime=\"2026-02-15T15:44:11+02:00\" >2026-02-15 15:44:11<\/span><span class='av-structured-data'  itemprop=\"dateModified\" itemtype=\"https:\/\/schema.org\/dateModified\" >2026-02-15 15:49:07<\/span><span class='av-structured-data'  itemprop=\"mainEntityOfPage\" itemtype=\"https:\/\/schema.org\/mainEntityOfPage\" ><span itemprop='name'>Kaaderilaulajat: Suomen pojat &#8211; Suomen vapauden ja Viron kunnian puolesta<\/span><\/span><\/span><\/article><article class=\"post-entry post-entry-type-standard post-entry-8754 post-loop-5 post-parity-odd post-entry-last bloglist-simple with-slider post-8754 post type-post status-publish format-standard has-post-thumbnail hentry category-artikkeli category-artikkeli-2026\"  itemscope=\"itemscope\" itemtype=\"https:\/\/schema.org\/BlogPosting\" ><div class=\"blog-meta\"><\/div><div class='entry-content-wrapper clearfix standard-content'><header class=\"entry-content-header\"><h2 class='post-title entry-title '  itemprop=\"headline\" ><a href=\"https:\/\/kylkirauta.fi\/index.php\/2026\/01\/21\/kaaderilaulajista-kajahtaa\/\" rel=\"bookmark\" title=\"Permanent Link: Kaaderilaulajista kajahtaa\">Kaaderilaulajista kajahtaa<span class=\"post-format-icon minor-meta\"><\/span><\/a><\/h2><span class=\"post-meta-infos\"><time class=\"date-container minor-meta updated\"  itemprop=\"datePublished\" datetime=\"2026-01-21T18:17:28+02:00\" >21.1.2026<\/time><span class=\"text-sep\">\/<\/span><span class=\"blog-categories minor-meta\">in <a href=\"https:\/\/kylkirauta.fi\/index.php\/category\/artikkeli\/\" rel=\"tag\">Artikkeli<\/a>, <a href=\"https:\/\/kylkirauta.fi\/index.php\/category\/artikkeli-2026\/\" rel=\"tag\">Artikkeli 2026<\/a><\/span><span class=\"text-sep\">\/<\/span><span class=\"blog-author minor-meta\">by <span class=\"entry-author-link\"  itemprop=\"author\" ><span class=\"author\"><span class=\"fn\"><a href=\"https:\/\/kylkirauta.fi\/index.php\/author\/karisain\/\" title=\"Kirjoittanut: Kari Sainio\" rel=\"author\">Kari Sainio<\/a><\/span><\/span><\/span><\/span><div class=\"read-more-link\"><a href=\"https:\/\/kylkirauta.fi\/index.php\/2026\/01\/21\/kaaderilaulajista-kajahtaa\/\" class=\"more-link\">Read more<span class=\"more-link-arrow\"><\/span><\/a><\/div><\/span><\/header><footer class=\"entry-footer\"><\/footer><div class='post_delimiter'><\/div><\/div><div class=\"post_author_timeline\"><\/div><span class='hidden'>\n\t\t\t\t<span class='av-structured-data'  itemprop=\"image\" itemscope=\"itemscope\" itemtype=\"https:\/\/schema.org\/ImageObject\" >\n\t\t\t\t\t\t<span itemprop='url'>https:\/\/kylkirauta.fi\/wp-content\/uploads\/2026\/01\/Artikkeli-1-2026.jpg<\/span>\n\t\t\t\t\t\t<span itemprop='height'>487<\/span>\n\t\t\t\t\t\t<span itemprop='width'>843<\/span>\n\t\t\t\t<\/span>\n\t\t\t\t<span class='av-structured-data'  itemprop=\"publisher\" itemtype=\"https:\/\/schema.org\/Organization\" itemscope=\"itemscope\" >\n\t\t\t\t\t\t<span itemprop='name'>Kari Sainio<\/span>\n\t\t\t\t\t\t<span itemprop='logo' itemscope itemtype='https:\/\/schema.org\/ImageObject'>\n\t\t\t\t\t\t\t<span itemprop='url'>https:\/\/kylkirauta.fi\/wp-content\/uploads\/2020\/02\/kkunta_weblogo-100x100-1.png<\/span>\n\t\t\t\t\t\t<\/span>\n\t\t\t\t<\/span><span class='av-structured-data'  itemprop=\"author\" itemscope=\"itemscope\" itemtype=\"https:\/\/schema.org\/Person\" ><span itemprop='name'>Kari Sainio<\/span><\/span><span class='av-structured-data'  itemprop=\"datePublished\" datetime=\"2026-01-21T18:17:28+02:00\" >2026-01-21 18:17:28<\/span><span class='av-structured-data'  itemprop=\"dateModified\" itemtype=\"https:\/\/schema.org\/dateModified\" >2026-01-21 18:17:28<\/span><span class='av-structured-data'  itemprop=\"mainEntityOfPage\" itemtype=\"https:\/\/schema.org\/mainEntityOfPage\" ><span itemprop='name'>Kaaderilaulajista kajahtaa<\/span><\/span><\/span><\/article><div class='bloglist-simple'><nav class='pagination'><span class='pagination-meta'>Page 1 of 35<\/span><span class='current'>1<\/span><a href='https:\/\/kylkirauta.fi\/index.php\/wp-json\/wp\/v2\/posts\/6162\/page\/2\/' class='inactive next_page' >2<\/a><a href='https:\/\/kylkirauta.fi\/index.php\/wp-json\/wp\/v2\/posts\/6162\/page\/3\/' class='inactive' >3<\/a><a href='https:\/\/kylkirauta.fi\/index.php\/wp-json\/wp\/v2\/posts\/6162\/page\/2\/'>&rsaquo;<\/a><a href='https:\/\/kylkirauta.fi\/index.php\/wp-json\/wp\/v2\/posts\/6162\/page\/35\/'>&raquo;<\/a><\/nav>\n<\/div><\/div>\n","protected":false},"excerpt":{"rendered":"","protected":false},"author":3,"featured_media":6163,"comment_status":"closed","ping_status":"closed","sticky":false,"template":"","format":"standard","meta":{"footnotes":""},"categories":[94,4,98],"tags":[],"class_list":["post-6162","post","type-post","status-publish","format-standard","has-post-thumbnail","hentry","category-94","category-artikkeli","category-artikkeli-2022"],"yoast_head":"<!-- This site is optimized with the Yoast SEO plugin v27.4 - https:\/\/yoast.com\/product\/yoast-seo-wordpress\/ -->\n<title>Risto Sinkko: Eurobarometri - suomalaisten maanpuolustusasenteet huipussaan - Kylkirauta<\/title>\n<meta name=\"robots\" content=\"index, follow, max-snippet:-1, max-image-preview:large, max-video-preview:-1\" \/>\n<link rel=\"canonical\" href=\"https:\/\/kylkirauta.fi\/index.php\/2022\/09\/14\/risto-sinkko-eurobarometri-suomalaisten-maanpuolustusasenteet-huipussaan\/\" \/>\n<meta property=\"og:locale\" content=\"fi_FI\" \/>\n<meta property=\"og:type\" content=\"article\" \/>\n<meta property=\"og:title\" content=\"Risto Sinkko: Eurobarometri - suomalaisten maanpuolustusasenteet huipussaan - Kylkirauta\" \/>\n<meta property=\"og:url\" content=\"https:\/\/kylkirauta.fi\/index.php\/2022\/09\/14\/risto-sinkko-eurobarometri-suomalaisten-maanpuolustusasenteet-huipussaan\/\" \/>\n<meta property=\"og:site_name\" content=\"Kylkirauta\" \/>\n<meta property=\"article:published_time\" content=\"2022-09-14T07:20:38+00:00\" \/>\n<meta property=\"og:image\" content=\"https:\/\/kylkirauta.fi\/wp-content\/uploads\/2022\/09\/EUrobarometer-2022-artikkeli.png\" \/>\n\t<meta property=\"og:image:width\" content=\"843\" \/>\n\t<meta property=\"og:image:height\" content=\"487\" \/>\n\t<meta property=\"og:image:type\" content=\"image\/png\" \/>\n<meta name=\"author\" content=\"Kari Sainio\" \/>\n<meta name=\"twitter:card\" content=\"summary_large_image\" \/>\n<meta name=\"twitter:label1\" content=\"Kirjoittanut\" \/>\n\t<meta name=\"twitter:data1\" content=\"Kari Sainio\" \/>\n\t<meta name=\"twitter:label2\" content=\"Arvioitu lukuaika\" \/>\n\t<meta name=\"twitter:data2\" content=\"6 minuuttia\" \/>\n<script type=\"application\/ld+json\" class=\"yoast-schema-graph\">{\"@context\":\"https:\\\/\\\/schema.org\",\"@graph\":[{\"@type\":\"Article\",\"@id\":\"https:\\\/\\\/kylkirauta.fi\\\/index.php\\\/2022\\\/09\\\/14\\\/risto-sinkko-eurobarometri-suomalaisten-maanpuolustusasenteet-huipussaan\\\/#article\",\"isPartOf\":{\"@id\":\"https:\\\/\\\/kylkirauta.fi\\\/index.php\\\/2022\\\/09\\\/14\\\/risto-sinkko-eurobarometri-suomalaisten-maanpuolustusasenteet-huipussaan\\\/\"},\"author\":{\"name\":\"Kari Sainio\",\"@id\":\"https:\\\/\\\/kylkirauta.fi\\\/#\\\/schema\\\/person\\\/714ab39a349c656b20d60a239be1d6f6\"},\"headline\":\"Risto Sinkko: Eurobarometri &#8211; suomalaisten maanpuolustusasenteet huipussaan\",\"datePublished\":\"2022-09-14T07:20:38+00:00\",\"mainEntityOfPage\":{\"@id\":\"https:\\\/\\\/kylkirauta.fi\\\/index.php\\\/2022\\\/09\\\/14\\\/risto-sinkko-eurobarometri-suomalaisten-maanpuolustusasenteet-huipussaan\\\/\"},\"wordCount\":1052,\"image\":{\"@id\":\"https:\\\/\\\/kylkirauta.fi\\\/index.php\\\/2022\\\/09\\\/14\\\/risto-sinkko-eurobarometri-suomalaisten-maanpuolustusasenteet-huipussaan\\\/#primaryimage\"},\"thumbnailUrl\":\"https:\\\/\\\/kylkirauta.fi\\\/wp-content\\\/uploads\\\/2022\\\/09\\\/EUrobarometer-2022-artikkeli.png\",\"articleSection\":[\"2022\",\"Artikkeli\",\"Artikkeli 2022\"],\"inLanguage\":\"fi\"},{\"@type\":\"WebPage\",\"@id\":\"https:\\\/\\\/kylkirauta.fi\\\/index.php\\\/2022\\\/09\\\/14\\\/risto-sinkko-eurobarometri-suomalaisten-maanpuolustusasenteet-huipussaan\\\/\",\"url\":\"https:\\\/\\\/kylkirauta.fi\\\/index.php\\\/2022\\\/09\\\/14\\\/risto-sinkko-eurobarometri-suomalaisten-maanpuolustusasenteet-huipussaan\\\/\",\"name\":\"Risto Sinkko: Eurobarometri - suomalaisten maanpuolustusasenteet huipussaan - Kylkirauta\",\"isPartOf\":{\"@id\":\"https:\\\/\\\/kylkirauta.fi\\\/#website\"},\"primaryImageOfPage\":{\"@id\":\"https:\\\/\\\/kylkirauta.fi\\\/index.php\\\/2022\\\/09\\\/14\\\/risto-sinkko-eurobarometri-suomalaisten-maanpuolustusasenteet-huipussaan\\\/#primaryimage\"},\"image\":{\"@id\":\"https:\\\/\\\/kylkirauta.fi\\\/index.php\\\/2022\\\/09\\\/14\\\/risto-sinkko-eurobarometri-suomalaisten-maanpuolustusasenteet-huipussaan\\\/#primaryimage\"},\"thumbnailUrl\":\"https:\\\/\\\/kylkirauta.fi\\\/wp-content\\\/uploads\\\/2022\\\/09\\\/EUrobarometer-2022-artikkeli.png\",\"datePublished\":\"2022-09-14T07:20:38+00:00\",\"author\":{\"@id\":\"https:\\\/\\\/kylkirauta.fi\\\/#\\\/schema\\\/person\\\/714ab39a349c656b20d60a239be1d6f6\"},\"breadcrumb\":{\"@id\":\"https:\\\/\\\/kylkirauta.fi\\\/index.php\\\/2022\\\/09\\\/14\\\/risto-sinkko-eurobarometri-suomalaisten-maanpuolustusasenteet-huipussaan\\\/#breadcrumb\"},\"inLanguage\":\"fi\",\"potentialAction\":[{\"@type\":\"ReadAction\",\"target\":[\"https:\\\/\\\/kylkirauta.fi\\\/index.php\\\/2022\\\/09\\\/14\\\/risto-sinkko-eurobarometri-suomalaisten-maanpuolustusasenteet-huipussaan\\\/\"]}]},{\"@type\":\"ImageObject\",\"inLanguage\":\"fi\",\"@id\":\"https:\\\/\\\/kylkirauta.fi\\\/index.php\\\/2022\\\/09\\\/14\\\/risto-sinkko-eurobarometri-suomalaisten-maanpuolustusasenteet-huipussaan\\\/#primaryimage\",\"url\":\"https:\\\/\\\/kylkirauta.fi\\\/wp-content\\\/uploads\\\/2022\\\/09\\\/EUrobarometer-2022-artikkeli.png\",\"contentUrl\":\"https:\\\/\\\/kylkirauta.fi\\\/wp-content\\\/uploads\\\/2022\\\/09\\\/EUrobarometer-2022-artikkeli.png\",\"width\":843,\"height\":487},{\"@type\":\"BreadcrumbList\",\"@id\":\"https:\\\/\\\/kylkirauta.fi\\\/index.php\\\/2022\\\/09\\\/14\\\/risto-sinkko-eurobarometri-suomalaisten-maanpuolustusasenteet-huipussaan\\\/#breadcrumb\",\"itemListElement\":[{\"@type\":\"ListItem\",\"position\":1,\"name\":\"Home\",\"item\":\"https:\\\/\\\/kylkirauta.fi\\\/index.php\\\/home\\\/\"},{\"@type\":\"ListItem\",\"position\":2,\"name\":\"Risto Sinkko: Eurobarometri &#8211; suomalaisten maanpuolustusasenteet huipussaan\"}]},{\"@type\":\"WebSite\",\"@id\":\"https:\\\/\\\/kylkirauta.fi\\\/#website\",\"url\":\"https:\\\/\\\/kylkirauta.fi\\\/\",\"name\":\"Kylkirauta\",\"description\":\"Kadettiupseerit yhteiskunnan palveluksessa\",\"potentialAction\":[{\"@type\":\"SearchAction\",\"target\":{\"@type\":\"EntryPoint\",\"urlTemplate\":\"https:\\\/\\\/kylkirauta.fi\\\/?s={search_term_string}\"},\"query-input\":{\"@type\":\"PropertyValueSpecification\",\"valueRequired\":true,\"valueName\":\"search_term_string\"}}],\"inLanguage\":\"fi\"},{\"@type\":\"Person\",\"@id\":\"https:\\\/\\\/kylkirauta.fi\\\/#\\\/schema\\\/person\\\/714ab39a349c656b20d60a239be1d6f6\",\"name\":\"Kari Sainio\",\"sameAs\":[\"http:\\\/\\\/www.kylkirauta.fi\"],\"url\":\"https:\\\/\\\/kylkirauta.fi\\\/index.php\\\/author\\\/karisain\\\/\"}]}<\/script>\n<!-- \/ Yoast SEO plugin. -->","yoast_head_json":{"title":"Risto Sinkko: Eurobarometri - suomalaisten maanpuolustusasenteet huipussaan - Kylkirauta","robots":{"index":"index","follow":"follow","max-snippet":"max-snippet:-1","max-image-preview":"max-image-preview:large","max-video-preview":"max-video-preview:-1"},"canonical":"https:\/\/kylkirauta.fi\/index.php\/2022\/09\/14\/risto-sinkko-eurobarometri-suomalaisten-maanpuolustusasenteet-huipussaan\/","og_locale":"fi_FI","og_type":"article","og_title":"Risto Sinkko: Eurobarometri - suomalaisten maanpuolustusasenteet huipussaan - Kylkirauta","og_url":"https:\/\/kylkirauta.fi\/index.php\/2022\/09\/14\/risto-sinkko-eurobarometri-suomalaisten-maanpuolustusasenteet-huipussaan\/","og_site_name":"Kylkirauta","article_published_time":"2022-09-14T07:20:38+00:00","og_image":[{"width":843,"height":487,"url":"https:\/\/kylkirauta.fi\/wp-content\/uploads\/2022\/09\/EUrobarometer-2022-artikkeli.png","type":"image\/png"}],"author":"Kari Sainio","twitter_card":"summary_large_image","twitter_misc":{"Kirjoittanut":"Kari Sainio","Arvioitu lukuaika":"6 minuuttia"},"schema":{"@context":"https:\/\/schema.org","@graph":[{"@type":"Article","@id":"https:\/\/kylkirauta.fi\/index.php\/2022\/09\/14\/risto-sinkko-eurobarometri-suomalaisten-maanpuolustusasenteet-huipussaan\/#article","isPartOf":{"@id":"https:\/\/kylkirauta.fi\/index.php\/2022\/09\/14\/risto-sinkko-eurobarometri-suomalaisten-maanpuolustusasenteet-huipussaan\/"},"author":{"name":"Kari Sainio","@id":"https:\/\/kylkirauta.fi\/#\/schema\/person\/714ab39a349c656b20d60a239be1d6f6"},"headline":"Risto Sinkko: Eurobarometri &#8211; suomalaisten maanpuolustusasenteet huipussaan","datePublished":"2022-09-14T07:20:38+00:00","mainEntityOfPage":{"@id":"https:\/\/kylkirauta.fi\/index.php\/2022\/09\/14\/risto-sinkko-eurobarometri-suomalaisten-maanpuolustusasenteet-huipussaan\/"},"wordCount":1052,"image":{"@id":"https:\/\/kylkirauta.fi\/index.php\/2022\/09\/14\/risto-sinkko-eurobarometri-suomalaisten-maanpuolustusasenteet-huipussaan\/#primaryimage"},"thumbnailUrl":"https:\/\/kylkirauta.fi\/wp-content\/uploads\/2022\/09\/EUrobarometer-2022-artikkeli.png","articleSection":["2022","Artikkeli","Artikkeli 2022"],"inLanguage":"fi"},{"@type":"WebPage","@id":"https:\/\/kylkirauta.fi\/index.php\/2022\/09\/14\/risto-sinkko-eurobarometri-suomalaisten-maanpuolustusasenteet-huipussaan\/","url":"https:\/\/kylkirauta.fi\/index.php\/2022\/09\/14\/risto-sinkko-eurobarometri-suomalaisten-maanpuolustusasenteet-huipussaan\/","name":"Risto Sinkko: Eurobarometri - suomalaisten maanpuolustusasenteet huipussaan - Kylkirauta","isPartOf":{"@id":"https:\/\/kylkirauta.fi\/#website"},"primaryImageOfPage":{"@id":"https:\/\/kylkirauta.fi\/index.php\/2022\/09\/14\/risto-sinkko-eurobarometri-suomalaisten-maanpuolustusasenteet-huipussaan\/#primaryimage"},"image":{"@id":"https:\/\/kylkirauta.fi\/index.php\/2022\/09\/14\/risto-sinkko-eurobarometri-suomalaisten-maanpuolustusasenteet-huipussaan\/#primaryimage"},"thumbnailUrl":"https:\/\/kylkirauta.fi\/wp-content\/uploads\/2022\/09\/EUrobarometer-2022-artikkeli.png","datePublished":"2022-09-14T07:20:38+00:00","author":{"@id":"https:\/\/kylkirauta.fi\/#\/schema\/person\/714ab39a349c656b20d60a239be1d6f6"},"breadcrumb":{"@id":"https:\/\/kylkirauta.fi\/index.php\/2022\/09\/14\/risto-sinkko-eurobarometri-suomalaisten-maanpuolustusasenteet-huipussaan\/#breadcrumb"},"inLanguage":"fi","potentialAction":[{"@type":"ReadAction","target":["https:\/\/kylkirauta.fi\/index.php\/2022\/09\/14\/risto-sinkko-eurobarometri-suomalaisten-maanpuolustusasenteet-huipussaan\/"]}]},{"@type":"ImageObject","inLanguage":"fi","@id":"https:\/\/kylkirauta.fi\/index.php\/2022\/09\/14\/risto-sinkko-eurobarometri-suomalaisten-maanpuolustusasenteet-huipussaan\/#primaryimage","url":"https:\/\/kylkirauta.fi\/wp-content\/uploads\/2022\/09\/EUrobarometer-2022-artikkeli.png","contentUrl":"https:\/\/kylkirauta.fi\/wp-content\/uploads\/2022\/09\/EUrobarometer-2022-artikkeli.png","width":843,"height":487},{"@type":"BreadcrumbList","@id":"https:\/\/kylkirauta.fi\/index.php\/2022\/09\/14\/risto-sinkko-eurobarometri-suomalaisten-maanpuolustusasenteet-huipussaan\/#breadcrumb","itemListElement":[{"@type":"ListItem","position":1,"name":"Home","item":"https:\/\/kylkirauta.fi\/index.php\/home\/"},{"@type":"ListItem","position":2,"name":"Risto Sinkko: Eurobarometri &#8211; suomalaisten maanpuolustusasenteet huipussaan"}]},{"@type":"WebSite","@id":"https:\/\/kylkirauta.fi\/#website","url":"https:\/\/kylkirauta.fi\/","name":"Kylkirauta","description":"Kadettiupseerit yhteiskunnan palveluksessa","potentialAction":[{"@type":"SearchAction","target":{"@type":"EntryPoint","urlTemplate":"https:\/\/kylkirauta.fi\/?s={search_term_string}"},"query-input":{"@type":"PropertyValueSpecification","valueRequired":true,"valueName":"search_term_string"}}],"inLanguage":"fi"},{"@type":"Person","@id":"https:\/\/kylkirauta.fi\/#\/schema\/person\/714ab39a349c656b20d60a239be1d6f6","name":"Kari Sainio","sameAs":["http:\/\/www.kylkirauta.fi"],"url":"https:\/\/kylkirauta.fi\/index.php\/author\/karisain\/"}]}},"_links":{"self":[{"href":"https:\/\/kylkirauta.fi\/index.php\/wp-json\/wp\/v2\/posts\/6162","targetHints":{"allow":["GET"]}}],"collection":[{"href":"https:\/\/kylkirauta.fi\/index.php\/wp-json\/wp\/v2\/posts"}],"about":[{"href":"https:\/\/kylkirauta.fi\/index.php\/wp-json\/wp\/v2\/types\/post"}],"author":[{"embeddable":true,"href":"https:\/\/kylkirauta.fi\/index.php\/wp-json\/wp\/v2\/users\/3"}],"replies":[{"embeddable":true,"href":"https:\/\/kylkirauta.fi\/index.php\/wp-json\/wp\/v2\/comments?post=6162"}],"version-history":[{"count":2,"href":"https:\/\/kylkirauta.fi\/index.php\/wp-json\/wp\/v2\/posts\/6162\/revisions"}],"predecessor-version":[{"id":6165,"href":"https:\/\/kylkirauta.fi\/index.php\/wp-json\/wp\/v2\/posts\/6162\/revisions\/6165"}],"wp:featuredmedia":[{"embeddable":true,"href":"https:\/\/kylkirauta.fi\/index.php\/wp-json\/wp\/v2\/media\/6163"}],"wp:attachment":[{"href":"https:\/\/kylkirauta.fi\/index.php\/wp-json\/wp\/v2\/media?parent=6162"}],"wp:term":[{"taxonomy":"category","embeddable":true,"href":"https:\/\/kylkirauta.fi\/index.php\/wp-json\/wp\/v2\/categories?post=6162"},{"taxonomy":"post_tag","embeddable":true,"href":"https:\/\/kylkirauta.fi\/index.php\/wp-json\/wp\/v2\/tags?post=6162"}],"curies":[{"name":"wp","href":"https:\/\/api.w.org\/{rel}","templated":true}]}}