{"id":590,"date":"2019-01-15T17:25:00","date_gmt":"2019-01-15T17:25:00","guid":{"rendered":"https:\/\/kylkirauta.fi\/?p=590"},"modified":"2023-02-11T09:30:38","modified_gmt":"2023-02-11T09:30:38","slug":"pohjoismaiset-naiskadetit-koolla","status":"publish","type":"post","link":"https:\/\/kylkirauta.fi\/index.php\/2019\/01\/15\/pohjoismaiset-naiskadetit-koolla\/","title":{"rendered":"Pohjoismaiset naiskadetit koolla"},"content":{"rendered":"<div id='full_slider_1'  class='avia-fullwidth-slider main_color avia-shadow   avia-builder-el-0  el_before_av_one_full  avia-builder-el-first   container_wrap sidebar_right'  ><div  class='avia-slideshow av-l9olo-34f89e96fc3de7b9b51c14c99ace17a4 avia-slideshow-featured av_slideshow_full avia-slide-slider av-slideshow-ui av-control-default av-slideshow-manual av-loop-once av-loop-manual-endless av-default-height-applied   avia-slideshow-1' data-slideshow-options=\"{&quot;animation&quot;:&quot;slide&quot;,&quot;autoplay&quot;:false,&quot;loop_autoplay&quot;:&quot;once&quot;,&quot;interval&quot;:5,&quot;loop_manual&quot;:&quot;manual-endless&quot;,&quot;autoplay_stopper&quot;:false,&quot;noNavigation&quot;:false,&quot;bg_slider&quot;:false,&quot;keep_padding&quot;:false,&quot;hoverpause&quot;:false,&quot;show_slide_delay&quot;:0}\"  itemprop=\"image\" itemscope=\"itemscope\" itemtype=\"https:\/\/schema.org\/ImageObject\" ><ul class='avia-slideshow-inner ' style='padding-bottom: 28.666666666667%;'><li  class='avia-slideshow-slide av-l9olo-34f89e96fc3de7b9b51c14c99ace17a4__0  av-single-slide slide-1 slide-odd'><div data-rel='slideshow-1' class='avia-slide-wrap '   ><img decoding=\"async\" fetchpriority=\"high\" class=\"wp-image-54 avia-img-lazy-loading-not-54\"  src=\"https:\/\/kylkirauta.fi\/wp-content\/uploads\/2019\/10\/otsake-kuva_1500x430-1500x430.png\" width=\"1500\" height=\"430\" title='otsake-kuva_1500x430' alt=''  itemprop=\"thumbnailUrl\" srcset=\"https:\/\/kylkirauta.fi\/wp-content\/uploads\/2019\/10\/otsake-kuva_1500x430-1500x430.png 1500w, https:\/\/kylkirauta.fi\/wp-content\/uploads\/2019\/10\/otsake-kuva_1500x430-300x86.png 300w, https:\/\/kylkirauta.fi\/wp-content\/uploads\/2019\/10\/otsake-kuva_1500x430-768x220.png 768w, https:\/\/kylkirauta.fi\/wp-content\/uploads\/2019\/10\/otsake-kuva_1500x430-1030x295.png 1030w, https:\/\/kylkirauta.fi\/wp-content\/uploads\/2019\/10\/otsake-kuva_1500x430-705x202.png 705w, https:\/\/kylkirauta.fi\/wp-content\/uploads\/2019\/10\/otsake-kuva_1500x430.png 1817w\" sizes=\"(max-width: 1500px) 100vw, 1500px\" \/><\/div><\/li><\/ul><\/div><\/div><div id='after_full_slider_1'  class='main_color av_default_container_wrap container_wrap sidebar_right'  ><div class='container av-section-cont-open' ><div class='template-page content  av-content-small alpha units'><div class='post-entry post-entry-type-page post-entry-590'><div class='entry-content-wrapper clearfix'>\n\n<style type=\"text\/css\" data-created_by=\"avia_inline_auto\" id=\"style-css-av-km4zs-0614ada41eb3461e6efbb361dfbae970\">\n.flex_column.av-km4zs-0614ada41eb3461e6efbb361dfbae970{\nborder-radius:0px 0px 0px 0px;\npadding:0px 0px 0px 0px;\n}\n<\/style>\n<div  class='flex_column av-km4zs-0614ada41eb3461e6efbb361dfbae970 av_one_full  avia-builder-el-1  el_after_av_slideshow_full  el_before_av_hr  avia-builder-el-first  first flex_column_div av-zero-column-padding  '     ><p>\n<style type=\"text\/css\" data-created_by=\"avia_inline_auto\" id=\"style-css-av-av_heading-9e5fdff3f2c64ab5519313b1b17e2b5f\">\n#top .av-special-heading.av-av_heading-9e5fdff3f2c64ab5519313b1b17e2b5f{\npadding-bottom:10px;\n}\nbody .av-special-heading.av-av_heading-9e5fdff3f2c64ab5519313b1b17e2b5f .av-special-heading-tag .heading-char{\nfont-size:25px;\n}\n.av-special-heading.av-av_heading-9e5fdff3f2c64ab5519313b1b17e2b5f .av-subheading{\nfont-size:15px;\n}\n<\/style>\n<div  class='av-special-heading av-av_heading-9e5fdff3f2c64ab5519313b1b17e2b5f av-special-heading-h3  avia-builder-el-2  el_before_av_hr  avia-builder-el-first '><h3 class='av-special-heading-tag'  itemprop=\"headline\"  >Pohjoismaiset naiskadetit koolla<\/h3><div class=\"special-heading-border\"><div class=\"special-heading-inner-border\"><\/div><\/div><\/div><br \/>\n\n<style type=\"text\/css\" data-created_by=\"avia_inline_auto\" id=\"style-css-av-k5m7b9te-01401dd5e8beb25770de1be03f41ecf3\">\n#top .hr.hr-invisible.av-k5m7b9te-01401dd5e8beb25770de1be03f41ecf3{\nheight:30px;\n}\n<\/style>\n<div  class='hr av-k5m7b9te-01401dd5e8beb25770de1be03f41ecf3 hr-invisible  avia-builder-el-3  el_after_av_heading  el_before_av_textblock '><span class='hr-inner '><span class=\"hr-inner-style\"><\/span><\/span><\/div><br \/>\n<section  class='av_textblock_section av-k8d08-dea0f25c8df625cf22cbdeac32688808 '   itemscope=\"itemscope\" itemtype=\"https:\/\/schema.org\/BlogPosting\" itemprop=\"blogPost\" ><div class='avia_textblock'  itemprop=\"text\" ><div id=\"attachment_6395\" style=\"width: 160px\" class=\"wp-caption alignright\"><img loading=\"lazy\" decoding=\"async\" aria-describedby=\"caption-attachment-6395\" class=\"wp-image-6395\" src=\"https:\/\/kylkirauta.fi\/wp-content\/uploads\/2019\/01\/Kinnunen-Anni-239x300.jpg\" alt=\"\" width=\"150\" height=\"189\" srcset=\"https:\/\/kylkirauta.fi\/wp-content\/uploads\/2019\/01\/Kinnunen-Anni-239x300.jpg 239w, https:\/\/kylkirauta.fi\/wp-content\/uploads\/2019\/01\/Kinnunen-Anni.jpg 427w\" sizes=\"auto, (max-width: 150px) 100vw, 150px\" \/><p id=\"caption-attachment-6395\" class=\"wp-caption-text\">Kadetti Anni Kinnunen<\/p><\/div>\n<p><em>Ruotsin Halmstadissa j\u00e4rjestettiin 30.11. &#8211; 2.12.2018 Pohjoismainen naiskadettien konferenssi. Suomesta tapahtumaan osallistuivat muun muassa <strong>kadetit <\/strong><strong>Anni Kinnunen <\/strong>ja <strong>Anna Korhonen<\/strong>, jotka t\u00e4ss\u00e4 artikkelissa kertovat kokemuksiaan ja n\u00e4kemyksist\u00e4\u00e4n konferenssin annista.\u00a0<\/em><\/p>\n<p>Konferenssin ohjelma oli monipuolinen, ja kokonaisuus auttoi ymm\u00e4rt\u00e4m\u00e4\u00e4n maidemme v\u00e4lisi\u00e4 kulttuurieroja. Konferenssi tarjosi oppeja tulevalle palvelusuralle ja toimi erinomaisena englannin ja ruotsin kielikylpyn\u00e4.<\/p>\n<p>Ensimm\u00e4isen\u00e4 iltana ohjelmassa oli historiakatsaus, jossa 1600-luvun ruotsalaista sotilasta esitt\u00e4v\u00e4 mies kertoi skandinaavisen yhteisty\u00f6n taustoista. Kertoja totesi olleen paljon sotia ja riitaa mutta my\u00f6s yhteisty\u00f6t\u00e4. Naisteemaan kuului, ett\u00e4 h\u00e4n esitteli my\u00f6s kuninkaiden<\/p>\n<p>Kadetti Anna Korhonenvaltataistelujen taustalla vaikuttaneiden naishenkil\u00f6it\u00e4, kuten Kaarle XI:n vaimon Ulrika Eleonora vanhemman tarinan. Esitys oli viihdytt\u00e4v\u00e4, ja se antoi hyv\u00e4n alkusys\u00e4yksen perjantai-illan \u201dIcebreaker\u201d tutustumisillalliselle.<\/p>\n<p>Lauantaiaamun ensimm\u00e4isess\u00e4 puheenvuorossa ruotsalainen lippueamiraali Eva Skoog-Haslum kertoi omasta urastaan ja kuvasi, millainen naisupseerin tie voi olla. H\u00e4n kertoi esimerkiksi, kuinka<\/p>\n<div id=\"attachment_6396\" style=\"width: 160px\" class=\"wp-caption alignright\"><img loading=\"lazy\" decoding=\"async\" aria-describedby=\"caption-attachment-6396\" class=\"wp-image-6396\" src=\"https:\/\/kylkirauta.fi\/wp-content\/uploads\/2019\/01\/Korhonen-Anna-237x300.jpg\" alt=\"\" width=\"150\" height=\"190\" srcset=\"https:\/\/kylkirauta.fi\/wp-content\/uploads\/2019\/01\/Korhonen-Anna-237x300.jpg 237w, https:\/\/kylkirauta.fi\/wp-content\/uploads\/2019\/01\/Korhonen-Anna.jpg 425w\" sizes=\"auto, (max-width: 150px) 100vw, 150px\" \/><p id=\"caption-attachment-6396\" class=\"wp-caption-text\">Kadetti Anna Korhonen<\/p><\/div>\n<p>naisupseereita kohtaan voi olla enemm\u00e4n ennakkoluuloja. H\u00e4n kuitenkin korosti ongelmien poistuneen omalta osaltaan, kun h\u00e4net opittiin tuntemaan. Yhteenkuuluvuuden tunne on ollut riippumaton ty\u00f6ntekij\u00f6iden sukupuolesta.<\/p>\n<p>Lippueamiraali Eva Skoog-Haslumin puheenvuoro oli mielenkiintoinen my\u00f6s silt\u00e4 kannalta, mit\u00e4 h\u00e4n oli uransa aikana oppinut hy\u00f6dylliseksi. Upseerin on esimerkiksi\u00a0osattava olla empaattinen, vaikkei pit\u00e4isi esimiehest\u00e4\u00e4n tai alaisestaan. Skoog-Haslum korosti my\u00f6s luottamusta, joka on rakennettava alaisten ja johtajien v\u00e4lille. Ilman sit\u00e4 on h\u00e4nen mukaansa l\u00e4hes mahdotonta tehd\u00e4 t\u00f6it\u00e4. Puheenvuoron pohjalta keskustelimme ryhmiss\u00e4 h\u00e4nen esityksest\u00e4\u00e4n sek\u00e4 h\u00e4nen antamiensa kysymysten avulla.<\/p>\n<p>Ensimm\u00e4isen ryhm\u00e4keskustelun aiheina olivat naisten kyvykkyys upseerina, kuinka tulla kest\u00e4v\u00e4mm\u00e4ksi ennakkoluuloja kohtaan ja voittaa muuri niiden ja oman kyvykkyyden v\u00e4lill\u00e4 sek\u00e4 kuinka ymp\u00e4rist\u00f6, organisaatio ja komentajat tai kollegat voisivat tukea naisupseereita. Ryhm\u00e4keskusteluissa puhuimme paljon organisaatioidemme eroista. Aihe oli selke\u00e4sti kiinnostavin.<\/p>\n<p>Ruotsissa on perustettu naisupseerien j\u00e4rjest\u00f6, ja ruotsalaisilla upseereilla on puhelinpalvelu. Kuka tahansa, joka kokee syrjint\u00e4\u00e4 tai seksuaalista h\u00e4irint\u00e4\u00e4 ty\u00f6ss\u00e4\u00e4n tai palveluksessaan, voi soittaa palvelunumeroon. Palvelu perustettiin samanaikaisesti \u201dMe too\u201d -kampanjan kanssa.<\/p>\n<p>Koemme, ettei vastaava j\u00e4rjestelm\u00e4 ole kovinkaan tarpeellinen Suomessa, sill\u00e4 joukko-osastoissa on k\u00e4sitt\u00e4\u00e4ksemme toimiva kuraattoripalvelu. My\u00f6s Suomen puolustusvoimien linja seksuaalisen h\u00e4irinn\u00e4n ja syrjinn\u00e4n suhteen on eritt\u00e4in tiukka, joten asia mielest\u00e4mme hyv\u00e4ll\u00e4 tolalla Suomessa.<\/p>\n<p>Me suomalaiskadetit emme kokeneet, ett\u00e4 esimerkiksi Norjan mallin mukaiset sekatuvat olisivat tasa-arvon kannalta hyv\u00e4 ratkaisu. Varusmiehet, niin miehet kuin naisetkin, ovat sen verran kypsym\u00e4tt\u00f6mi\u00e4, etteiv\u00e4t sekatuvat olisi tasa-arvon n\u00e4k\u00f6kulmasta oikea ratkaisu. Ainakin sen tulisi perustua kaikkien t\u00e4ydelliseen vapaaehtoisuuteen.<\/p>\n<p>Me suomalaiskadetit tulimme siihen johtop\u00e4\u00e4t\u00f6kseen, ett\u00e4 Suomessa ollaan tarpeeksi tasa-arvoisia. Esimerkiksi kuntotestit ovat kaikille sotilaille samat ja vaadittavat suoritukset ovat samat kaikilla. Asuminen on mielest\u00e4mme helpompaa, kun huoneessa on vain naisia, jolloin tunnelma on rennompi puolin ja toisin. Harjoituksissa se oikea ryhm\u00e4henki rakennetaan: siell\u00e4 ollaan aina kaikki samalla viivalla ja saman asian puolesta harjoittelemassa.<\/p>\n<p>Toinen keskustelunaihe oli verkostoituminen. Meille esiteltiin j\u00e4lleen Ruotsin malli. Puheenvuoron piti tasa-arvovaltuutettu Helena Hoffman. H\u00e4nen ty\u00f6nkuvaansa kuuluu kiert\u00e4\u00e4 eri joukko-osastoissa tarkkailemassa ja keskustelemassa tasa-arvon merkityksest\u00e4.<\/p>\n<p>Ruotsissa j\u00e4rjestet\u00e4\u00e4n vuosittain seminaari, jossa on koolla niin siviili- kuin sotilashenkil\u00f6it\u00e4kin. Seminaarin tarkoituksena on luoda ty\u00f6kaluja tasa-arvon kehitt\u00e4miseksi ja luoda verkostoja naisten v\u00e4lille. Tapahtumaan osallistuu my\u00f6s miehi\u00e4, sill\u00e4 esimerkiksi joukko-osastojen komentajat osallistuvat siihen.<\/p>\n<p>Konferenssimme ryhm\u00e4keskusteluissa k\u00e4vi ilmi, ettei Ruotsin mallin mukaisia verkostoitumistapahtumia muissa maissa juurikaan ole. Me suomalaiskadetit emme my\u00f6sk\u00e4\u00e4n kokeneet, ett\u00e4 Suomessa tarvitaan t\u00e4llaista, varsinkaan erikseen naisia varten. Kadettikoulu, varusmiespalvelus ja ty\u00f6yhteis\u00f6 auttavat riitt\u00e4v\u00e4sti verkostoitumaan.<\/p>\n<p><img loading=\"lazy\" decoding=\"async\" class=\"alignleft size-full wp-image-616\" src=\"https:\/\/kylkirauta.fi\/wp-content\/uploads\/2020\/01\/Kadetit_Ruotsissa_Kuva_2-scaled.jpg\" alt=\"\" width=\"2560\" height=\"1707\" srcset=\"https:\/\/kylkirauta.fi\/wp-content\/uploads\/2020\/01\/Kadetit_Ruotsissa_Kuva_2-scaled.jpg 2560w, https:\/\/kylkirauta.fi\/wp-content\/uploads\/2020\/01\/Kadetit_Ruotsissa_Kuva_2-300x200.jpg 300w, https:\/\/kylkirauta.fi\/wp-content\/uploads\/2020\/01\/Kadetit_Ruotsissa_Kuva_2-1030x687.jpg 1030w, https:\/\/kylkirauta.fi\/wp-content\/uploads\/2020\/01\/Kadetit_Ruotsissa_Kuva_2-768x512.jpg 768w, https:\/\/kylkirauta.fi\/wp-content\/uploads\/2020\/01\/Kadetit_Ruotsissa_Kuva_2-1536x1024.jpg 1536w, https:\/\/kylkirauta.fi\/wp-content\/uploads\/2020\/01\/Kadetit_Ruotsissa_Kuva_2-2048x1365.jpg 2048w, https:\/\/kylkirauta.fi\/wp-content\/uploads\/2020\/01\/Kadetit_Ruotsissa_Kuva_2-1500x1000.jpg 1500w, https:\/\/kylkirauta.fi\/wp-content\/uploads\/2020\/01\/Kadetit_Ruotsissa_Kuva_2-705x470.jpg 705w\" sizes=\"auto, (max-width: 2560px) 100vw, 2560px\" \/><\/p>\n<p>Er\u00e4s naisaliupseeri piti puheenvuoron Ruotsin puolustusvoimien nykyisest\u00e4 henkil\u00f6st\u00f6rakenteesta, jossa on aliupseereja sek\u00e4 kahdentyyppisi\u00e4 upseereja, asiantuntijoita ja yleisjohtajia. Suomessa on tavallaan samanlainen jako. Esimerkiksi jalkav\u00e4kilinja kouluttaa yleisjohtajia ja muut linjat aselajiupseereita. Toisaalta aliupseerit ovat Suomessa juuri n\u00e4it\u00e4 asiantuntijoita, jotka ovat t\u00e4rke\u00e4 tuki nuorelle upseerille. K\u00e4vi ilmi, ett\u00e4 viime vuosina jokaisessa Pohjoismaassa henkil\u00f6st\u00f6rakennetta on muutettu hieman.<\/p>\n<p>Ruotsin puolustusvoimien rekrytoinnin suuntauksena on se, ett\u00e4 yh\u00e4 nuorempia pyrit\u00e4\u00e4n rekrytoimaan suoraan lukiosta, eik\u00e4 sit\u00e4 ennen tarvitse k\u00e4yd\u00e4 mit\u00e4\u00e4n sotilaallista koulutusta. Mit\u00e4 aiemmin koulutettavat saadaan rekrytoitua, sit\u00e4 enemm\u00e4n Ruotsin puolustusvoimat katsoo saavansa henkil\u00f6n koulutuksesta irti.<\/p>\n<p>Me suomalaiskadetit olimme hieman ymm\u00e4ll\u00e4mme, sill\u00e4 Suomen organisaation vahvuus on se, ett\u00e4 kaikki ammattisotilaat saavat periaatteessa saman pohjakoulutukseen. K\u00e4sitt\u00e4\u00e4ksemme on tarkoituksenmukaista, ett\u00e4 Suomessa suoritetaan varusmiespalvelus ennen hakeutumista Maanpuolustuskorkeakouluun.<\/p>\n<p>Sunnuntain teemana oli seminaarissa k\u00e4siteltyjen aiheiden tarkastelu. Ruotsin is\u00e4nt\u00e4mme kuvaili puheessaan, ett\u00e4 eik\u00f6 olisi hienoa, jos asevoimissa olisi 50 prosenttia naisia ja 50 prosenttia miehi\u00e4. Aihe her\u00e4tti keskustelua ryhmiss\u00e4.<\/p>\n<p>Konferenssin osallistujat olivat sit\u00e4 mielt\u00e4, ett\u00e4 jos joukkueessa on yksi nainen, se lis\u00e4\u00e4 joukkueen kyvykkyytt\u00e4, mutta jos puolet on naisia, se heikent\u00e4\u00e4 sit\u00e4. Yksi nainen voi tuoda monipuolisuutta ja esimerkiksi L\u00e4hi-id\u00e4n maissa luoda parempaa yhteytt\u00e4 paikallisiin naisiin kuin miehet. Totuus on, ett\u00e4 monet miehet ovat luonnostaan voimakkaampia ja fyysisempi\u00e4 kuin naiset. Liian suuri m\u00e4\u00e4r\u00e4 naisia joukossa alentaa sen kyvykkyytt\u00e4. Naisiakin on tietysti monenlaisia, eik\u00e4 asiaa saa liikaa yleist\u00e4\u00e4.<\/p>\n<p>Saimme my\u00f6s kuulla er\u00e4\u00e4lt\u00e4 kapteenilta, ett\u00e4 huolimatta sukupuolestaan on aina muistettava olla oma itsens\u00e4, jotta voi tehd\u00e4 ty\u00f6ns\u00e4 niin hyvin kuin mahdollista. Omalla tavallaan se kiteytt\u00e4\u00e4 hyvin t\u00e4t\u00e4kin seminaaria. Tasa-arvo alkaa siit\u00e4, ett\u00e4 jokainen hyv\u00e4ksyy itsens\u00e4. Sen j\u00e4lkeen voimme hyv\u00e4ksy\u00e4 toisemme juuri sellaisena kuin olemme. Jokaisella on jotain tarjottavaa omalle organisaatiolleen.<\/p>\n<p>Kokemus konferenssista oli kaikin puolin positiivinen. Hyv\u00e4\u00e4 oli se, ett\u00e4 k\u00e4sitellyt aiheet olivat ajankohtaisia ja asiallisia. On kuitenkin todettava, ett\u00e4 olisi hedelm\u00e4llisemp\u00e4\u00e4, jos my\u00f6s miehet olisivat olleet edustettuna. V\u00e4hemmist\u00f6n tuntemuksia on vaikea tiet\u00e4\u00e4 ja ennustaa, mik\u00e4li enemmist\u00f6 ei ole edustettuna.<\/p>\n<p>Monet keskustelut olisivat ep\u00e4ilem\u00e4tt\u00e4 avanneet suomalaistenkin miesupseerien n\u00e4kemyksi\u00e4 naisten asemasta ja tuntemuksista palveluksen ja uran aikana. T\u00e4rke\u00e4\u00e4 on, ett\u00e4 naiset ymm\u00e4rt\u00e4v\u00e4t my\u00f6s miesten aseman ja tuntemukset. N\u00e4in ollen tasa-arvo on yhteist\u00e4, eik\u00e4 vain korosta toista sukupuolta. Suomessa on hyv\u00e4 olla upseeri, sill\u00e4 t\u00e4\u00e4ll\u00e4 v\u00e4litet\u00e4\u00e4n paljon v\u00e4hemm\u00e4n sukupuolesta. Sit\u00e4 ei edes tarvitse korostaa. On hyv\u00e4, ett\u00e4 Suomessa korostetaan sit\u00e4, kuinka hyvin hoitaa teht\u00e4v\u00e4ns\u00e4 riippumatta sukupuolesta.<\/p>\n<p>Ruotsissa on otettu uudelleen k\u00e4ytt\u00f6\u00f6n asevelvollisuus, joka koskee kunakin vuonna 18 vuotta t\u00e4ytt\u00e4neit\u00e4 Ruotsin kansalaisia. T\u00e4m\u00e4 aiheutti mielenkiintoista keskustelua Suomen t\u00e4m\u00e4nhetkisest\u00e4 mallista ja k\u00e4\u00e4nsi ajatukset tulevaan. Millaisia uudistuksia Suomen malliin tulevaisuus voi mahdollisesti tuoda tullessaan?&#8221;<\/p>\n<\/div><\/section><\/p><\/div><div  class='hr av-6zsyz-b471ba5482e75b0a604afa4166a853a5 hr-default  avia-builder-el-5  el_after_av_one_full  el_before_av_blog '><span class='hr-inner '><span class=\"hr-inner-style\"><\/span><\/span><\/div><\/p>\n<div  class='av-alb-blogposts template-blog  '  itemscope=\"itemscope\" itemtype=\"https:\/\/schema.org\/Blog\" ><article class=\"post-entry post-entry-type-standard post-entry-8921 post-loop-1 post-parity-odd bloglist-simple with-slider post-8921 post type-post status-publish format-standard has-post-thumbnail hentry category-artikkeli category-artikkeli-2026\"  itemscope=\"itemscope\" itemtype=\"https:\/\/schema.org\/BlogPosting\" ><div class=\"blog-meta\"><\/div><div class='entry-content-wrapper clearfix standard-content'><header class=\"entry-content-header\"><h2 class='post-title entry-title '  itemprop=\"headline\" ><a href=\"https:\/\/kylkirauta.fi\/index.php\/2026\/04\/20\/kaaderilaulajien-julkaisutoiminta\/\" rel=\"bookmark\" title=\"Permanent Link: Kaaderilaulajien julkaisutoiminta\">Kaaderilaulajien julkaisutoiminta<span class=\"post-format-icon minor-meta\"><\/span><\/a><\/h2><span class=\"post-meta-infos\"><time class=\"date-container minor-meta updated\"  itemprop=\"datePublished\" datetime=\"2026-04-20T15:45:24+03:00\" >20.4.2026<\/time><span class=\"text-sep\">\/<\/span><span class=\"blog-categories minor-meta\">in <a href=\"https:\/\/kylkirauta.fi\/index.php\/category\/artikkeli\/\" rel=\"tag\">Artikkeli<\/a>, <a href=\"https:\/\/kylkirauta.fi\/index.php\/category\/artikkeli-2026\/\" rel=\"tag\">Artikkeli 2026<\/a><\/span><span class=\"text-sep\">\/<\/span><span class=\"blog-author minor-meta\">by <span class=\"entry-author-link\"  itemprop=\"author\" ><span class=\"author\"><span class=\"fn\"><a href=\"https:\/\/kylkirauta.fi\/index.php\/author\/karisain\/\" title=\"Kirjoittanut: Kari Sainio\" rel=\"author\">Kari Sainio<\/a><\/span><\/span><\/span><\/span><div class=\"read-more-link\"><a href=\"https:\/\/kylkirauta.fi\/index.php\/2026\/04\/20\/kaaderilaulajien-julkaisutoiminta\/\" class=\"more-link\">Read more<span class=\"more-link-arrow\"><\/span><\/a><\/div><\/span><\/header><footer class=\"entry-footer\"><\/footer><div class='post_delimiter'><\/div><\/div><div class=\"post_author_timeline\"><\/div><span class='hidden'>\n\t\t\t\t<span class='av-structured-data'  itemprop=\"image\" itemscope=\"itemscope\" itemtype=\"https:\/\/schema.org\/ImageObject\" >\n\t\t\t\t\t\t<span itemprop='url'>https:\/\/kylkirauta.fi\/wp-content\/uploads\/2026\/04\/Artikkeli-4-2026-2.jpg<\/span>\n\t\t\t\t\t\t<span itemprop='height'>487<\/span>\n\t\t\t\t\t\t<span itemprop='width'>843<\/span>\n\t\t\t\t<\/span>\n\t\t\t\t<span class='av-structured-data'  itemprop=\"publisher\" itemtype=\"https:\/\/schema.org\/Organization\" itemscope=\"itemscope\" >\n\t\t\t\t\t\t<span itemprop='name'>Kari Sainio<\/span>\n\t\t\t\t\t\t<span itemprop='logo' itemscope itemtype='https:\/\/schema.org\/ImageObject'>\n\t\t\t\t\t\t\t<span itemprop='url'>https:\/\/kylkirauta.fi\/wp-content\/uploads\/2020\/02\/kkunta_weblogo-100x100-1.png<\/span>\n\t\t\t\t\t\t<\/span>\n\t\t\t\t<\/span><span class='av-structured-data'  itemprop=\"author\" itemscope=\"itemscope\" itemtype=\"https:\/\/schema.org\/Person\" ><span itemprop='name'>Kari Sainio<\/span><\/span><span class='av-structured-data'  itemprop=\"datePublished\" datetime=\"2026-04-20T15:45:24+03:00\" >2026-04-20 15:45:24<\/span><span class='av-structured-data'  itemprop=\"dateModified\" itemtype=\"https:\/\/schema.org\/dateModified\" >2026-04-20 15:45:24<\/span><span class='av-structured-data'  itemprop=\"mainEntityOfPage\" itemtype=\"https:\/\/schema.org\/mainEntityOfPage\" ><span itemprop='name'>Kaaderilaulajien julkaisutoiminta<\/span><\/span><\/span><\/article><article class=\"post-entry post-entry-type-standard post-entry-8884 post-loop-2 post-parity-even bloglist-simple with-slider post-8884 post type-post status-publish format-standard has-post-thumbnail hentry category-artikkeli category-artikkeli-2026\"  itemscope=\"itemscope\" itemtype=\"https:\/\/schema.org\/BlogPosting\" ><div class=\"blog-meta\"><\/div><div class='entry-content-wrapper clearfix standard-content'><header class=\"entry-content-header\"><h2 class='post-title entry-title '  itemprop=\"headline\" ><a href=\"https:\/\/kylkirauta.fi\/index.php\/2026\/03\/27\/kaaderilaulajien-ukraina-tukikonsertit\/\" rel=\"bookmark\" title=\"Permanent Link: Kaaderilaulajien Ukraina-tukikonsertit\">Kaaderilaulajien Ukraina-tukikonsertit<span class=\"post-format-icon minor-meta\"><\/span><\/a><\/h2><span class=\"post-meta-infos\"><time class=\"date-container minor-meta updated\"  itemprop=\"datePublished\" datetime=\"2026-03-27T12:30:38+02:00\" >27.3.2026<\/time><span class=\"text-sep\">\/<\/span><span class=\"blog-categories minor-meta\">in <a href=\"https:\/\/kylkirauta.fi\/index.php\/category\/artikkeli\/\" rel=\"tag\">Artikkeli<\/a>, <a href=\"https:\/\/kylkirauta.fi\/index.php\/category\/artikkeli-2026\/\" rel=\"tag\">Artikkeli 2026<\/a><\/span><span class=\"text-sep\">\/<\/span><span class=\"blog-author minor-meta\">by <span class=\"entry-author-link\"  itemprop=\"author\" ><span class=\"author\"><span class=\"fn\"><a href=\"https:\/\/kylkirauta.fi\/index.php\/author\/karisain\/\" title=\"Kirjoittanut: Kari Sainio\" rel=\"author\">Kari Sainio<\/a><\/span><\/span><\/span><\/span><div class=\"read-more-link\"><a href=\"https:\/\/kylkirauta.fi\/index.php\/2026\/03\/27\/kaaderilaulajien-ukraina-tukikonsertit\/\" class=\"more-link\">Read more<span class=\"more-link-arrow\"><\/span><\/a><\/div><\/span><\/header><footer class=\"entry-footer\"><\/footer><div class='post_delimiter'><\/div><\/div><div class=\"post_author_timeline\"><\/div><span class='hidden'>\n\t\t\t\t<span class='av-structured-data'  itemprop=\"image\" itemscope=\"itemscope\" itemtype=\"https:\/\/schema.org\/ImageObject\" >\n\t\t\t\t\t\t<span itemprop='url'>https:\/\/kylkirauta.fi\/wp-content\/uploads\/2026\/03\/3-2026-artikkeli.jpg<\/span>\n\t\t\t\t\t\t<span itemprop='height'>487<\/span>\n\t\t\t\t\t\t<span itemprop='width'>843<\/span>\n\t\t\t\t<\/span>\n\t\t\t\t<span class='av-structured-data'  itemprop=\"publisher\" itemtype=\"https:\/\/schema.org\/Organization\" itemscope=\"itemscope\" >\n\t\t\t\t\t\t<span itemprop='name'>Kari Sainio<\/span>\n\t\t\t\t\t\t<span itemprop='logo' itemscope itemtype='https:\/\/schema.org\/ImageObject'>\n\t\t\t\t\t\t\t<span itemprop='url'>https:\/\/kylkirauta.fi\/wp-content\/uploads\/2020\/02\/kkunta_weblogo-100x100-1.png<\/span>\n\t\t\t\t\t\t<\/span>\n\t\t\t\t<\/span><span class='av-structured-data'  itemprop=\"author\" itemscope=\"itemscope\" itemtype=\"https:\/\/schema.org\/Person\" ><span itemprop='name'>Kari Sainio<\/span><\/span><span class='av-structured-data'  itemprop=\"datePublished\" datetime=\"2026-03-27T12:30:38+02:00\" >2026-03-27 12:30:38<\/span><span class='av-structured-data'  itemprop=\"dateModified\" itemtype=\"https:\/\/schema.org\/dateModified\" >2026-03-27 12:30:38<\/span><span class='av-structured-data'  itemprop=\"mainEntityOfPage\" itemtype=\"https:\/\/schema.org\/mainEntityOfPage\" ><span itemprop='name'>Kaaderilaulajien Ukraina-tukikonsertit<\/span><\/span><\/span><\/article><article class=\"post-entry post-entry-type-standard post-entry-8786 post-loop-3 post-parity-odd post-entry-last bloglist-simple with-slider post-8786 post type-post status-publish format-standard has-post-thumbnail hentry category-artikkeli category-artikkeli-2026\"  itemscope=\"itemscope\" itemtype=\"https:\/\/schema.org\/BlogPosting\" ><div class=\"blog-meta\"><\/div><div class='entry-content-wrapper clearfix standard-content'><header class=\"entry-content-header\"><h2 class='post-title entry-title '  itemprop=\"headline\" ><a href=\"https:\/\/kylkirauta.fi\/index.php\/2026\/02\/23\/risto-sinkko-eu-kansalaisten-nakemyksia-turvallisuudesta-ja-puolustuksesta\/\" rel=\"bookmark\" title=\"Permanent Link: Risto Sinkko: EU-kansalaisten n\u00e4kemyksi\u00e4 turvallisuudesta ja puolustuksesta\">Risto Sinkko: EU-kansalaisten n\u00e4kemyksi\u00e4 turvallisuudesta ja puolustuksesta<span class=\"post-format-icon minor-meta\"><\/span><\/a><\/h2><span class=\"post-meta-infos\"><time class=\"date-container minor-meta updated\"  itemprop=\"datePublished\" datetime=\"2026-02-23T17:08:33+02:00\" >23.2.2026<\/time><span class=\"text-sep\">\/<\/span><span class=\"blog-categories minor-meta\">in <a href=\"https:\/\/kylkirauta.fi\/index.php\/category\/artikkeli\/\" rel=\"tag\">Artikkeli<\/a>, <a href=\"https:\/\/kylkirauta.fi\/index.php\/category\/artikkeli-2026\/\" rel=\"tag\">Artikkeli 2026<\/a><\/span><span class=\"text-sep\">\/<\/span><span class=\"blog-author minor-meta\">by <span class=\"entry-author-link\"  itemprop=\"author\" ><span class=\"author\"><span class=\"fn\"><a href=\"https:\/\/kylkirauta.fi\/index.php\/author\/karisain\/\" title=\"Kirjoittanut: Kari Sainio\" rel=\"author\">Kari Sainio<\/a><\/span><\/span><\/span><\/span><div class=\"read-more-link\"><a href=\"https:\/\/kylkirauta.fi\/index.php\/2026\/02\/23\/risto-sinkko-eu-kansalaisten-nakemyksia-turvallisuudesta-ja-puolustuksesta\/\" class=\"more-link\">Read more<span class=\"more-link-arrow\"><\/span><\/a><\/div><\/span><\/header><footer class=\"entry-footer\"><\/footer><div class='post_delimiter'><\/div><\/div><div class=\"post_author_timeline\"><\/div><span class='hidden'>\n\t\t\t\t<span class='av-structured-data'  itemprop=\"image\" itemscope=\"itemscope\" itemtype=\"https:\/\/schema.org\/ImageObject\" >\n\t\t\t\t\t\t<span itemprop='url'>https:\/\/kylkirauta.fi\/wp-content\/uploads\/2026\/02\/Artikkeli-MSC-artikkeli.jpg<\/span>\n\t\t\t\t\t\t<span itemprop='height'>487<\/span>\n\t\t\t\t\t\t<span itemprop='width'>843<\/span>\n\t\t\t\t<\/span>\n\t\t\t\t<span class='av-structured-data'  itemprop=\"publisher\" itemtype=\"https:\/\/schema.org\/Organization\" itemscope=\"itemscope\" >\n\t\t\t\t\t\t<span itemprop='name'>Kari Sainio<\/span>\n\t\t\t\t\t\t<span itemprop='logo' itemscope itemtype='https:\/\/schema.org\/ImageObject'>\n\t\t\t\t\t\t\t<span itemprop='url'>https:\/\/kylkirauta.fi\/wp-content\/uploads\/2020\/02\/kkunta_weblogo-100x100-1.png<\/span>\n\t\t\t\t\t\t<\/span>\n\t\t\t\t<\/span><span class='av-structured-data'  itemprop=\"author\" itemscope=\"itemscope\" itemtype=\"https:\/\/schema.org\/Person\" ><span itemprop='name'>Kari Sainio<\/span><\/span><span class='av-structured-data'  itemprop=\"datePublished\" datetime=\"2026-02-23T17:08:33+02:00\" >2026-02-23 17:08:33<\/span><span class='av-structured-data'  itemprop=\"dateModified\" itemtype=\"https:\/\/schema.org\/dateModified\" >2026-02-23 17:29:54<\/span><span class='av-structured-data'  itemprop=\"mainEntityOfPage\" itemtype=\"https:\/\/schema.org\/mainEntityOfPage\" ><span itemprop='name'>Risto Sinkko: EU-kansalaisten n\u00e4kemyksi\u00e4 turvallisuudesta ja puolustuksesta<\/span><\/span><\/span><\/article><div class='bloglist-simple'><nav class='pagination'><span class='pagination-meta'>Page 1 of 58<\/span><span class='current'>1<\/span><a href='https:\/\/kylkirauta.fi\/index.php\/wp-json\/wp\/v2\/posts\/590\/page\/2\/' class='inactive next_page' >2<\/a><a href='https:\/\/kylkirauta.fi\/index.php\/wp-json\/wp\/v2\/posts\/590\/page\/3\/' class='inactive' >3<\/a><a href='https:\/\/kylkirauta.fi\/index.php\/wp-json\/wp\/v2\/posts\/590\/page\/2\/'>&rsaquo;<\/a><a href='https:\/\/kylkirauta.fi\/index.php\/wp-json\/wp\/v2\/posts\/590\/page\/58\/'>&raquo;<\/a><\/nav>\n<\/div><\/div>\n","protected":false},"excerpt":{"rendered":"","protected":false},"author":3,"featured_media":0,"comment_status":"closed","ping_status":"closed","sticky":false,"template":"","format":"standard","meta":{"footnotes":""},"categories":[4,30],"tags":[],"class_list":["post-590","post","type-post","status-publish","format-standard","hentry","category-artikkeli","category-artikkeli-2019"],"yoast_head":"<!-- This site is optimized with the Yoast SEO plugin v27.4 - https:\/\/yoast.com\/product\/yoast-seo-wordpress\/ -->\n<title>Pohjoismaiset naiskadetit koolla - Kylkirauta<\/title>\n<meta name=\"robots\" content=\"index, follow, max-snippet:-1, max-image-preview:large, max-video-preview:-1\" \/>\n<link rel=\"canonical\" href=\"https:\/\/kylkirauta.fi\/index.php\/2019\/01\/15\/pohjoismaiset-naiskadetit-koolla\/\" \/>\n<meta property=\"og:locale\" content=\"fi_FI\" \/>\n<meta property=\"og:type\" content=\"article\" \/>\n<meta property=\"og:title\" content=\"Pohjoismaiset naiskadetit koolla - Kylkirauta\" \/>\n<meta property=\"og:url\" content=\"https:\/\/kylkirauta.fi\/index.php\/2019\/01\/15\/pohjoismaiset-naiskadetit-koolla\/\" \/>\n<meta property=\"og:site_name\" content=\"Kylkirauta\" \/>\n<meta property=\"article:published_time\" content=\"2019-01-15T17:25:00+00:00\" \/>\n<meta property=\"article:modified_time\" content=\"2023-02-11T09:30:38+00:00\" \/>\n<meta property=\"og:image\" content=\"https:\/\/kylkirauta.fi\/wp-content\/uploads\/2019\/01\/Kinnunen-Anni-239x300.jpg\" \/>\n<meta name=\"author\" content=\"Kari Sainio\" \/>\n<meta name=\"twitter:card\" content=\"summary_large_image\" \/>\n<meta name=\"twitter:label1\" content=\"Kirjoittanut\" \/>\n\t<meta name=\"twitter:data1\" content=\"Kari Sainio\" \/>\n\t<meta name=\"twitter:label2\" content=\"Arvioitu lukuaika\" \/>\n\t<meta name=\"twitter:data2\" content=\"8 minuuttia\" \/>\n<script type=\"application\/ld+json\" class=\"yoast-schema-graph\">{\"@context\":\"https:\\\/\\\/schema.org\",\"@graph\":[{\"@type\":\"Article\",\"@id\":\"https:\\\/\\\/kylkirauta.fi\\\/index.php\\\/2019\\\/01\\\/15\\\/pohjoismaiset-naiskadetit-koolla\\\/#article\",\"isPartOf\":{\"@id\":\"https:\\\/\\\/kylkirauta.fi\\\/index.php\\\/2019\\\/01\\\/15\\\/pohjoismaiset-naiskadetit-koolla\\\/\"},\"author\":{\"name\":\"Kari Sainio\",\"@id\":\"https:\\\/\\\/kylkirauta.fi\\\/#\\\/schema\\\/person\\\/714ab39a349c656b20d60a239be1d6f6\"},\"headline\":\"Pohjoismaiset naiskadetit koolla\",\"datePublished\":\"2019-01-15T17:25:00+00:00\",\"dateModified\":\"2023-02-11T09:30:38+00:00\",\"mainEntityOfPage\":{\"@id\":\"https:\\\/\\\/kylkirauta.fi\\\/index.php\\\/2019\\\/01\\\/15\\\/pohjoismaiset-naiskadetit-koolla\\\/\"},\"wordCount\":1496,\"image\":{\"@id\":\"https:\\\/\\\/kylkirauta.fi\\\/index.php\\\/2019\\\/01\\\/15\\\/pohjoismaiset-naiskadetit-koolla\\\/#primaryimage\"},\"thumbnailUrl\":\"https:\\\/\\\/kylkirauta.fi\\\/wp-content\\\/uploads\\\/2019\\\/01\\\/Kinnunen-Anni-239x300.jpg\",\"articleSection\":[\"Artikkeli\",\"Artikkeli 2019\"],\"inLanguage\":\"fi\"},{\"@type\":\"WebPage\",\"@id\":\"https:\\\/\\\/kylkirauta.fi\\\/index.php\\\/2019\\\/01\\\/15\\\/pohjoismaiset-naiskadetit-koolla\\\/\",\"url\":\"https:\\\/\\\/kylkirauta.fi\\\/index.php\\\/2019\\\/01\\\/15\\\/pohjoismaiset-naiskadetit-koolla\\\/\",\"name\":\"Pohjoismaiset naiskadetit koolla - Kylkirauta\",\"isPartOf\":{\"@id\":\"https:\\\/\\\/kylkirauta.fi\\\/#website\"},\"primaryImageOfPage\":{\"@id\":\"https:\\\/\\\/kylkirauta.fi\\\/index.php\\\/2019\\\/01\\\/15\\\/pohjoismaiset-naiskadetit-koolla\\\/#primaryimage\"},\"image\":{\"@id\":\"https:\\\/\\\/kylkirauta.fi\\\/index.php\\\/2019\\\/01\\\/15\\\/pohjoismaiset-naiskadetit-koolla\\\/#primaryimage\"},\"thumbnailUrl\":\"https:\\\/\\\/kylkirauta.fi\\\/wp-content\\\/uploads\\\/2019\\\/01\\\/Kinnunen-Anni-239x300.jpg\",\"datePublished\":\"2019-01-15T17:25:00+00:00\",\"dateModified\":\"2023-02-11T09:30:38+00:00\",\"author\":{\"@id\":\"https:\\\/\\\/kylkirauta.fi\\\/#\\\/schema\\\/person\\\/714ab39a349c656b20d60a239be1d6f6\"},\"breadcrumb\":{\"@id\":\"https:\\\/\\\/kylkirauta.fi\\\/index.php\\\/2019\\\/01\\\/15\\\/pohjoismaiset-naiskadetit-koolla\\\/#breadcrumb\"},\"inLanguage\":\"fi\",\"potentialAction\":[{\"@type\":\"ReadAction\",\"target\":[\"https:\\\/\\\/kylkirauta.fi\\\/index.php\\\/2019\\\/01\\\/15\\\/pohjoismaiset-naiskadetit-koolla\\\/\"]}]},{\"@type\":\"ImageObject\",\"inLanguage\":\"fi\",\"@id\":\"https:\\\/\\\/kylkirauta.fi\\\/index.php\\\/2019\\\/01\\\/15\\\/pohjoismaiset-naiskadetit-koolla\\\/#primaryimage\",\"url\":\"https:\\\/\\\/kylkirauta.fi\\\/wp-content\\\/uploads\\\/2019\\\/01\\\/Kinnunen-Anni.jpg\",\"contentUrl\":\"https:\\\/\\\/kylkirauta.fi\\\/wp-content\\\/uploads\\\/2019\\\/01\\\/Kinnunen-Anni.jpg\",\"width\":427,\"height\":537,\"caption\":\"Kadetti Anni Kinnunen\"},{\"@type\":\"BreadcrumbList\",\"@id\":\"https:\\\/\\\/kylkirauta.fi\\\/index.php\\\/2019\\\/01\\\/15\\\/pohjoismaiset-naiskadetit-koolla\\\/#breadcrumb\",\"itemListElement\":[{\"@type\":\"ListItem\",\"position\":1,\"name\":\"Home\",\"item\":\"https:\\\/\\\/kylkirauta.fi\\\/index.php\\\/home\\\/\"},{\"@type\":\"ListItem\",\"position\":2,\"name\":\"Pohjoismaiset naiskadetit koolla\"}]},{\"@type\":\"WebSite\",\"@id\":\"https:\\\/\\\/kylkirauta.fi\\\/#website\",\"url\":\"https:\\\/\\\/kylkirauta.fi\\\/\",\"name\":\"Kylkirauta\",\"description\":\"Kadettiupseerit yhteiskunnan palveluksessa\",\"potentialAction\":[{\"@type\":\"SearchAction\",\"target\":{\"@type\":\"EntryPoint\",\"urlTemplate\":\"https:\\\/\\\/kylkirauta.fi\\\/?s={search_term_string}\"},\"query-input\":{\"@type\":\"PropertyValueSpecification\",\"valueRequired\":true,\"valueName\":\"search_term_string\"}}],\"inLanguage\":\"fi\"},{\"@type\":\"Person\",\"@id\":\"https:\\\/\\\/kylkirauta.fi\\\/#\\\/schema\\\/person\\\/714ab39a349c656b20d60a239be1d6f6\",\"name\":\"Kari Sainio\",\"sameAs\":[\"http:\\\/\\\/www.kylkirauta.fi\"],\"url\":\"https:\\\/\\\/kylkirauta.fi\\\/index.php\\\/author\\\/karisain\\\/\"}]}<\/script>\n<!-- \/ Yoast SEO plugin. -->","yoast_head_json":{"title":"Pohjoismaiset naiskadetit koolla - Kylkirauta","robots":{"index":"index","follow":"follow","max-snippet":"max-snippet:-1","max-image-preview":"max-image-preview:large","max-video-preview":"max-video-preview:-1"},"canonical":"https:\/\/kylkirauta.fi\/index.php\/2019\/01\/15\/pohjoismaiset-naiskadetit-koolla\/","og_locale":"fi_FI","og_type":"article","og_title":"Pohjoismaiset naiskadetit koolla - Kylkirauta","og_url":"https:\/\/kylkirauta.fi\/index.php\/2019\/01\/15\/pohjoismaiset-naiskadetit-koolla\/","og_site_name":"Kylkirauta","article_published_time":"2019-01-15T17:25:00+00:00","article_modified_time":"2023-02-11T09:30:38+00:00","og_image":[{"url":"https:\/\/kylkirauta.fi\/wp-content\/uploads\/2019\/01\/Kinnunen-Anni-239x300.jpg","type":"","width":"","height":""}],"author":"Kari Sainio","twitter_card":"summary_large_image","twitter_misc":{"Kirjoittanut":"Kari Sainio","Arvioitu lukuaika":"8 minuuttia"},"schema":{"@context":"https:\/\/schema.org","@graph":[{"@type":"Article","@id":"https:\/\/kylkirauta.fi\/index.php\/2019\/01\/15\/pohjoismaiset-naiskadetit-koolla\/#article","isPartOf":{"@id":"https:\/\/kylkirauta.fi\/index.php\/2019\/01\/15\/pohjoismaiset-naiskadetit-koolla\/"},"author":{"name":"Kari Sainio","@id":"https:\/\/kylkirauta.fi\/#\/schema\/person\/714ab39a349c656b20d60a239be1d6f6"},"headline":"Pohjoismaiset naiskadetit koolla","datePublished":"2019-01-15T17:25:00+00:00","dateModified":"2023-02-11T09:30:38+00:00","mainEntityOfPage":{"@id":"https:\/\/kylkirauta.fi\/index.php\/2019\/01\/15\/pohjoismaiset-naiskadetit-koolla\/"},"wordCount":1496,"image":{"@id":"https:\/\/kylkirauta.fi\/index.php\/2019\/01\/15\/pohjoismaiset-naiskadetit-koolla\/#primaryimage"},"thumbnailUrl":"https:\/\/kylkirauta.fi\/wp-content\/uploads\/2019\/01\/Kinnunen-Anni-239x300.jpg","articleSection":["Artikkeli","Artikkeli 2019"],"inLanguage":"fi"},{"@type":"WebPage","@id":"https:\/\/kylkirauta.fi\/index.php\/2019\/01\/15\/pohjoismaiset-naiskadetit-koolla\/","url":"https:\/\/kylkirauta.fi\/index.php\/2019\/01\/15\/pohjoismaiset-naiskadetit-koolla\/","name":"Pohjoismaiset naiskadetit koolla - Kylkirauta","isPartOf":{"@id":"https:\/\/kylkirauta.fi\/#website"},"primaryImageOfPage":{"@id":"https:\/\/kylkirauta.fi\/index.php\/2019\/01\/15\/pohjoismaiset-naiskadetit-koolla\/#primaryimage"},"image":{"@id":"https:\/\/kylkirauta.fi\/index.php\/2019\/01\/15\/pohjoismaiset-naiskadetit-koolla\/#primaryimage"},"thumbnailUrl":"https:\/\/kylkirauta.fi\/wp-content\/uploads\/2019\/01\/Kinnunen-Anni-239x300.jpg","datePublished":"2019-01-15T17:25:00+00:00","dateModified":"2023-02-11T09:30:38+00:00","author":{"@id":"https:\/\/kylkirauta.fi\/#\/schema\/person\/714ab39a349c656b20d60a239be1d6f6"},"breadcrumb":{"@id":"https:\/\/kylkirauta.fi\/index.php\/2019\/01\/15\/pohjoismaiset-naiskadetit-koolla\/#breadcrumb"},"inLanguage":"fi","potentialAction":[{"@type":"ReadAction","target":["https:\/\/kylkirauta.fi\/index.php\/2019\/01\/15\/pohjoismaiset-naiskadetit-koolla\/"]}]},{"@type":"ImageObject","inLanguage":"fi","@id":"https:\/\/kylkirauta.fi\/index.php\/2019\/01\/15\/pohjoismaiset-naiskadetit-koolla\/#primaryimage","url":"https:\/\/kylkirauta.fi\/wp-content\/uploads\/2019\/01\/Kinnunen-Anni.jpg","contentUrl":"https:\/\/kylkirauta.fi\/wp-content\/uploads\/2019\/01\/Kinnunen-Anni.jpg","width":427,"height":537,"caption":"Kadetti Anni Kinnunen"},{"@type":"BreadcrumbList","@id":"https:\/\/kylkirauta.fi\/index.php\/2019\/01\/15\/pohjoismaiset-naiskadetit-koolla\/#breadcrumb","itemListElement":[{"@type":"ListItem","position":1,"name":"Home","item":"https:\/\/kylkirauta.fi\/index.php\/home\/"},{"@type":"ListItem","position":2,"name":"Pohjoismaiset naiskadetit koolla"}]},{"@type":"WebSite","@id":"https:\/\/kylkirauta.fi\/#website","url":"https:\/\/kylkirauta.fi\/","name":"Kylkirauta","description":"Kadettiupseerit yhteiskunnan palveluksessa","potentialAction":[{"@type":"SearchAction","target":{"@type":"EntryPoint","urlTemplate":"https:\/\/kylkirauta.fi\/?s={search_term_string}"},"query-input":{"@type":"PropertyValueSpecification","valueRequired":true,"valueName":"search_term_string"}}],"inLanguage":"fi"},{"@type":"Person","@id":"https:\/\/kylkirauta.fi\/#\/schema\/person\/714ab39a349c656b20d60a239be1d6f6","name":"Kari Sainio","sameAs":["http:\/\/www.kylkirauta.fi"],"url":"https:\/\/kylkirauta.fi\/index.php\/author\/karisain\/"}]}},"_links":{"self":[{"href":"https:\/\/kylkirauta.fi\/index.php\/wp-json\/wp\/v2\/posts\/590","targetHints":{"allow":["GET"]}}],"collection":[{"href":"https:\/\/kylkirauta.fi\/index.php\/wp-json\/wp\/v2\/posts"}],"about":[{"href":"https:\/\/kylkirauta.fi\/index.php\/wp-json\/wp\/v2\/types\/post"}],"author":[{"embeddable":true,"href":"https:\/\/kylkirauta.fi\/index.php\/wp-json\/wp\/v2\/users\/3"}],"replies":[{"embeddable":true,"href":"https:\/\/kylkirauta.fi\/index.php\/wp-json\/wp\/v2\/comments?post=590"}],"version-history":[{"count":18,"href":"https:\/\/kylkirauta.fi\/index.php\/wp-json\/wp\/v2\/posts\/590\/revisions"}],"predecessor-version":[{"id":6420,"href":"https:\/\/kylkirauta.fi\/index.php\/wp-json\/wp\/v2\/posts\/590\/revisions\/6420"}],"wp:attachment":[{"href":"https:\/\/kylkirauta.fi\/index.php\/wp-json\/wp\/v2\/media?parent=590"}],"wp:term":[{"taxonomy":"category","embeddable":true,"href":"https:\/\/kylkirauta.fi\/index.php\/wp-json\/wp\/v2\/categories?post=590"},{"taxonomy":"post_tag","embeddable":true,"href":"https:\/\/kylkirauta.fi\/index.php\/wp-json\/wp\/v2\/tags?post=590"}],"curies":[{"name":"wp","href":"https:\/\/api.w.org\/{rel}","templated":true}]}}