{"id":5889,"date":"2022-04-19T11:49:47","date_gmt":"2022-04-19T11:49:47","guid":{"rendered":"https:\/\/kylkirauta.fi\/?p=5889"},"modified":"2022-05-29T13:00:07","modified_gmt":"2022-05-29T13:00:07","slug":"risto-sinkko-ruotsi-kaantaa-maanpuolustusajattelun-suuntaa","status":"publish","type":"post","link":"https:\/\/kylkirauta.fi\/index.php\/2022\/04\/19\/risto-sinkko-ruotsi-kaantaa-maanpuolustusajattelun-suuntaa\/","title":{"rendered":"Risto Sinkko: Ruotsi k\u00e4\u00e4nt\u00e4\u00e4 maanpuolustusajattelun suuntaa"},"content":{"rendered":"\n<style type=\"text\/css\" data-created_by=\"avia_inline_auto\" id=\"style-css-av-km4zs-0614ada41eb3461e6efbb361dfbae970\">\n.flex_column.av-km4zs-0614ada41eb3461e6efbb361dfbae970{\nborder-radius:0px 0px 0px 0px;\npadding:0px 0px 0px 0px;\n}\n<\/style>\n<div  class='flex_column av-km4zs-0614ada41eb3461e6efbb361dfbae970 av_one_full  avia-builder-el-0  el_before_av_hr  avia-builder-el-first  first flex_column_div av-zero-column-padding  '     ><p>\n<style type=\"text\/css\" data-created_by=\"avia_inline_auto\" id=\"style-css-av-av_heading-ce0b4af06808bbe43eaa52d9f0ae6329\">\n#top .av-special-heading.av-av_heading-ce0b4af06808bbe43eaa52d9f0ae6329{\npadding-bottom:10px;\n}\nbody .av-special-heading.av-av_heading-ce0b4af06808bbe43eaa52d9f0ae6329 .av-special-heading-tag .heading-char{\nfont-size:25px;\n}\n.av-special-heading.av-av_heading-ce0b4af06808bbe43eaa52d9f0ae6329 .av-subheading{\nfont-size:15px;\n}\n<\/style>\n<div  class='av-special-heading av-av_heading-ce0b4af06808bbe43eaa52d9f0ae6329 av-special-heading-h3  avia-builder-el-1  el_before_av_hr  avia-builder-el-first '><h3 class='av-special-heading-tag'  itemprop=\"headline\"  >Ruotsi k\u00e4\u00e4nt\u00e4\u00e4 maanpuolustusajattelun suuntaa<\/h3><div class=\"special-heading-border\"><div class=\"special-heading-inner-border\"><\/div><\/div><\/div><br \/>\n\n<style type=\"text\/css\" data-created_by=\"avia_inline_auto\" id=\"style-css-av-k5m7b9te-01401dd5e8beb25770de1be03f41ecf3\">\n#top .hr.hr-invisible.av-k5m7b9te-01401dd5e8beb25770de1be03f41ecf3{\nheight:30px;\n}\n<\/style>\n<div  class='hr av-k5m7b9te-01401dd5e8beb25770de1be03f41ecf3 hr-invisible  avia-builder-el-2  el_after_av_heading  el_before_av_textblock '><span class='hr-inner '><span class=\"hr-inner-style\"><\/span><\/span><\/div><br \/>\n<section  class='av_textblock_section av-k8d08-dea0f25c8df625cf22cbdeac32688808 '   itemscope=\"itemscope\" itemtype=\"https:\/\/schema.org\/BlogPosting\" itemprop=\"blogPost\" ><div class='avia_textblock'  itemprop=\"text\" ><div id=\"attachment_459\" style=\"width: 140px\" class=\"wp-caption alignleft\"><img loading=\"lazy\" decoding=\"async\" aria-describedby=\"caption-attachment-459\" class=\"wp-image-459\" src=\"https:\/\/kylkirauta.fi\/wp-content\/uploads\/2019\/10\/Sinkko_uusi.jpeg\" alt=\"\" width=\"130\" height=\"177\" srcset=\"https:\/\/kylkirauta.fi\/wp-content\/uploads\/2019\/10\/Sinkko_uusi.jpeg 369w, https:\/\/kylkirauta.fi\/wp-content\/uploads\/2019\/10\/Sinkko_uusi-221x300.jpeg 221w\" sizes=\"auto, (max-width: 130px) 100vw, 130px\" \/><p id=\"caption-attachment-459\" class=\"wp-caption-text\">ST Risto Sinkko<\/p><\/div>\n<p><strong>Tunnetusti Ruotsi luopui asevelvollisuudesta rauhan aikana arvioituaan kylm\u00e4n sodan p\u00e4\u00e4ttyneen vuonna 1991 Neuvostoliiton valtioj\u00e4rjestelm\u00e4n kaaduttua. Kotimaan sotilaallinen alueellinen puolustus ajettiin alas. Uhkien torjumisen painopiste oli ulkomaisissa kriiseiss\u00e4, joiden rauhoittamiseksi kehitettiin <em>\u201dinsatsf\u00f6rsvar\u201d<\/em>, kohdennettu puuttuminen, toki sotilaallisesti rajoitetusti.<\/strong><\/p>\n<p>Ruotsin valitsemaa toimintasuuntaa on kuvannut hyvin <a href=\"https:\/\/www.doria.fi\/bitstream\/handle\/10024\/93813\/Nykyaikainen_sotataito_verkkoversio_2013.pdf?sequence=2&amp;isAllowed=y\" target=\"_blank\" rel=\"noopener\">Nils Rekkedal alun perin vuonna 2006 kirjoittamassaan kirjassa nykyaikaisesta sotataidosta<\/a>. Kirjan on suomeksi toimittanut Juha M\u00e4lkki. Rekkedalin mukana l\u00e4nsimaissa siirrettiin resursseja sotilassektorilta yhteiskuntasektorille. Laajaa sotaa suurvaltojen v\u00e4lill\u00e4 ei pidetty mahdollisena. Ven\u00e4j\u00e4n odotettiin toipuvan muutamassa vuosikymmeness\u00e4 kommunismin j\u00e4lkeen eurooppalaisesta n\u00e4k\u00f6kulmasta tavalliseksi valtioksi.<\/p>\n<p>Ven\u00e4j\u00e4 kuitenkin muutti kehityskulun, sen aggressiiviset toimenpiteet It\u00e4-Ukrainassa ja Krimill\u00e4 vuonna 2014 her\u00e4ttiv\u00e4t my\u00f6s kansalaisissa samanlaisia mielenmuutoksia kuin Suomessakin. Aseellinen puolustaminen koettiin aikaisempaa t\u00e4rke\u00e4mm\u00e4ksi, puolustusm\u00e4\u00e4r\u00e4rahoihin toivottiin lis\u00e4yksi\u00e4. Viranomaisten toiminnassa korostettiin siviilipuolustuksen eri osatekij\u00f6it\u00e4. Muutokset olivat silti hitaita, Ven\u00e4j\u00e4n toimien aiheuttama ensi pel\u00e4stys laimeni v\u00e4hitellen ainakin kansalaisten mielipiteiss\u00e4.<\/p>\n<p><em><strong>Valtiovallan kaksi askelta<\/strong><\/em><\/p>\n<p>Ruotsin hallitus sosiaalidemokraattien johdolla ei voinut j\u00e4tt\u00e4\u00e4 puolustusta kehitt\u00e4m\u00e4tt\u00e4. Vuonna 2017 p\u00e4\u00e4tettiin rauhanaikaisen asevelvollisuuden palauttamisesta. Velvollisuuden k\u00e4yt\u00e4nt\u00f6 tarkoittaa kutsuntoja, joihin ik\u00e4luokan on osallistuttava. Kutsuntojen perusteella valitaan koulutettavat halukkuuden ja sopivuuden perusteella. Koulutettavien lukum\u00e4\u00e4r\u00e4n tavoitteeksi on otettu 8\u00a0000 vuosittain.<\/p>\n<p>Ruotsissa valtiop\u00e4iv\u00e4t tekee maanpuolustusta koskevan p\u00e4\u00e4t\u00f6ksen nelj\u00e4n vuoden v\u00e4lein. Uusin F\u00f6rsvarsbeslutet julkaistiin joulukuussa 2020. Kysymys on laajasta ja monialaisesta p\u00e4\u00e4t\u00f6ksest\u00e4, joka tietenkin sis\u00e4lt\u00e4\u00e4 suunnitelman puolustusvoimien m\u00e4\u00e4r\u00e4rahoista vuosille 2022\u20132025. Ruotsin puolustusbudjettia aiotaan kasvattaa viidell\u00e4 miljardilla kruunulla vuodessa vuosina. Yhteens\u00e4 20 miljardin kruunun eli l\u00e4hes 1,9 miljardin euron korotusten j\u00e4lkeen puolustusmenot olisivat noin 1,5 prosenttia Ruotsin BKT:st\u00e4. Puolustusbudjetin on arvioitu olevan noin 84 miljardia kruunua vuonna 2025 eli noin 7,9 miljardia euroa. P\u00e4\u00e4ministeri Stefan L\u00f6fven oli voimakkaasti t\u00e4m\u00e4n p\u00e4\u00e4t\u00f6ksen takana.<\/p>\n<p>Ven\u00e4j\u00e4n hy\u00f6k\u00e4tty\u00e4 Ukrainaan katsottiin kuitenkin, ett\u00e4 tarvitaan viel\u00e4 toinen askel puolustuskyvyn kasvattamiseksi. Hallitus p\u00e4\u00e4tti lis\u00e4satsauksista niin, ett\u00e4 puolustusm\u00e4\u00e4r\u00e4rahojen osuus BKT:st\u00e4 muodostuu kahdeksi prosentiksi. P\u00e4\u00e4ministeri Andersson korosti puolustuskyvyn pitk\u00e4aikaista vahvistamista. M\u00e4\u00e4r\u00e4rahatavoite on saavutettava niin pian kuin mahdollista. Samalla Ruotsi jatkoi aktiivista ulkopolitiikkaa puolustusyhteisty\u00f6st\u00e4 l\u00e4himaiden kanssa.<\/p>\n<p>Omaksutussa uudessa puolustusajattelussa hallitus on korostanut kest\u00e4vyytt\u00e4, <em>h\u00e5lbarhe<\/em>t. Ajatuksessa korostuvat my\u00f6s rinnalla yhteiskunnassa ja ymp\u00e4rist\u00f6ss\u00e4 tapahtuvat muutokset, ilmastonmuutos jne. T\u00e4m\u00e4 edellytt\u00e4\u00e4 ajatusmallina tietty\u00e4 tasapainoisuutta. Samaan ajatusmalliin liittyy my\u00f6s k\u00e4site <em>totalf\u00f6rsvaret<\/em>. Tasapainoisuutta tarkoittaa siviilipuolustuksen merkityksen ja toimintojen kasvattaminen.<\/p>\n<p>Suomalaisesta n\u00e4k\u00f6kulmasta tarkastellen Ruotsin puolustuksen perusteet ovat olleet selv\u00e4sti erilaiset. K\u00e4sitteen\u00e4 kansanluonne on kenties ep\u00e4tieteellinen, mutta valtion toimenpiteet ovat saaneet kansankin hyv\u00e4ksynn\u00e4n. 1920-luvulla kuvaava ilmi\u00f6 niin sanottu puolustusnihilismi. Se oli kenties \u00e4\u00e4risuunta yhteiskunnassa, mutta aseellisen puolustuksen kehitt\u00e4minen laiminly\u00f6tiin. Puolustusnihilismin yhten\u00e4 ajatuksena oli se, ett\u00e4 aseellisen puolustautumisen haitat ovat suuremmat kuin sen hy\u00f6dyt.<\/p>\n<p>Ruotsalaiseen ajatusmaailmaan n\u00e4ytt\u00e4\u00e4 kuuluvan tietynlainen yhteiskunnallisen voimank\u00e4yt\u00f6n vierastaminen, mik\u00e4 heijastuu suhtautumisessa voimank\u00e4yt\u00f6n organisaatioihin, puolustusvoimiin ja poliisiin. Ajattelutavassa on eroa Suomeen verrattuna.<\/p>\n<p>Toisessa maailmansodassa Ruotsi oli mielest\u00e4\u00e4n puolueeton, mutta k\u00e4yt\u00e4nn\u00f6ss\u00e4 se merkitsi my\u00f6ntyv\u00e4isyytt\u00e4 Saksaa kohtaan. Saksa sai haluamansa metallit tarvitsematta miehitt\u00e4\u00e4 maata.<\/p>\n<p>Toisen maailmansodan j\u00e4lkeen sai turvallisuuteensa haluamansa tukea USA:lta ja my\u00f6s Iso-Britannialta lupaamalla luopua ydinaseen kehitt\u00e4misest\u00e4. T\u00e4m\u00e4 politiikka on saanut jatkoa n\u00e4ihin p\u00e4iviin saakka ja heijastuu mahdollisesti t\u00e4m\u00e4n p\u00e4iv\u00e4n Nato-pohdintoihinkin.<\/p>\n<p><em><strong>Siviilipuolustuksen kehitysvaiheita<\/strong><\/em><\/p>\n<p>Toisen maailmansodan j\u00e4lkeen oivallettiin psykologisen puolustautumisen tarve ja sit\u00e4 kehitt\u00e4m\u00e4\u00e4n perustettiin viranomaisorganisaatio. T\u00e4t\u00e4 kehityst\u00e4 seurattiin Suomessakin ja siit\u00e4 pyrittiin ottamaan oppia. Ruotsissa panostus siviilipuolustuksen t\u00e4h\u00e4n puoleen on ollut selv\u00e4sti suurempaa kuin Suomessa. Viranomaisorganisaation nimi on vaihdellut vuosien varrella sodan j\u00e4lkeen, nykyisin se on <a href=\"https:\/\/www.msb.se\/\" target=\"_blank\" rel=\"noopener\">Myndighet f\u00f6r samh\u00e4llsskyd och beredskap<\/a> (MSB).<\/p>\n<p><img loading=\"lazy\" decoding=\"async\" class=\"alignright wp-image-5890\" src=\"https:\/\/kylkirauta.fi\/wp-content\/uploads\/2022\/04\/Om-kriget-kommer.jpg\" alt=\"\" width=\"450\" height=\"326\" \/>Toistuva toimintatapa on ollut kaikkiin kotitalouksiin jaettavan esitteen tuottaminen. \u201d<em>Om kriget kommer\u201d <\/em>julkaistiin ensimm\u00e4isen kerran vuonna 1943 ja sen j\u00e4lkeen kuusi kertaa. Vuonna 2018 julkaistiin kaikille kansalaisille jaettavaksi esite nimell\u00e4 <em>\u201dOm krisen eller kriget kommer\u201d. <\/em>T\u00e4m\u00e4 versio on 20-sivuinen ja siit\u00e4 on useita kieliversioita. Esitteen k\u00e4ytt\u00f6\u00e4 seurataan ja tutkitaan edelleen. Kyselyit\u00e4 on tehty t\u00e4n\u00e4kin vuonna, viimeksi on MSB julkaissut raportin huhtikuun alussa.<\/p>\n<p>Kyselyn vastaajista 42 prosenttia kertoi tuntevansa esitteen, mutta sit\u00e4 ei ollut kotona. 35 prosenttia sanoi omistavansa esitteen ja 21 prosenttia ei kysytt\u00e4ess\u00e4 tunnistanut tai muistanut sit\u00e4 lainkaan. Esitteen v\u00e4h\u00e4iselle k\u00e4yt\u00f6lle syit\u00e4 ei tutkittu, mutta yksi selitys voi olla se, ett\u00e4 kriisin tai sodan mahdollisuuteen ei uskota.<\/p>\n<p>Sosiaalidemokraattijohtoinen hallitus p\u00e4\u00e4tti perustaa uuden viranomaisen informaatiovaikuttamisen ja kyberturvallisuuden hoitamiseksi. Organisaation nimi on <a href=\"https:\/\/www.mpf.se\/\" target=\"_blank\" rel=\"noopener\">Myndigheten f\u00f6r psykologiskt f\u00f6rsvar<\/a> (MPF). Sen henkil\u00f6resurssit ovat 40 henkil\u00f6ty\u00f6vuotta, ja se on saanut osan henkil\u00f6kunnasta MSB:st\u00e4. Toistaiseksi toiminta ei n\u00e4y vahvasti ulosp\u00e4in, ja toimintaan sis\u00e4ltyykin sis\u00e4iseen turvallisuuteen liittyvi\u00e4 poliisimaisia toimintoja. MPF on nettisivujensa mukaan julkaissut informaatiovaikuttamiseen liittyvi\u00e4 toimintaohjeita medialle.<\/p>\n<p><em><strong>Asevelvollisuusajattelun muutoksista<\/strong><\/em><\/p>\n<p>1990-luvun puolessa v\u00e4liss\u00e4 koulutettujen asevelvollisten m\u00e4\u00e4r\u00e4 oli noin 37\u00a0000 vuodessa. T\u00e4st\u00e4 koulutettujen m\u00e4\u00e4r\u00e4 liukui v\u00e4hitellen alasp\u00e4in. Asepalveluksen suorittaminen sai enemm\u00e4n vapaaehtoisuuden luonnetta. Tyypillist\u00e4 oli, ett\u00e4 asevelvollisilta kysyttiin perusteita sille, miksi menee koulutukseen.<\/p>\n<p>Kehitys johti siihen, ett\u00e4 rauhanaikaisesta asevelvollisuudesta luovuttiin vuodesta 2010 alkaen. Malliksi tuli ammattiarmeija ja palvelukseen rekrytoituminen oli vapaaehtoista. J\u00e4rjestelyn toimintakyky oli kuitenkin huono. Vapaaehtoisia ei ilmoittautunut riitt\u00e4v\u00e4sti ja halukkaidenkin koulutus keskeytyi usein. Keskeytt\u00e4neiden osuus oli jopa suurempi kuin Suomessa. Koulutettavien sopivuus ajateltuihin teht\u00e4viin esimerkiksi ulkomaille tarkoitetuissa yksik\u00f6iss\u00e4 oli heikko muun muassa huonon kielitaidon vuoksi.<\/p>\n<p>Vuonna 2017 oli palattava takaisin velvollisuuteen perustuvaan j\u00e4rjestelm\u00e4\u00e4n. Kaikkia asevelvollisia koskevien kutsuntojen kautta valittiin koulutettavia aluksi noin 4\u00a0000 vuodessa. Uudelleen aloitettu toiminta palveli kuitenkin hitaasti uudelleen perustettavien joukko-osastojen koostamista.<\/p>\n<p>Kertausharjoituksia Ruotsissa ei k\u00e4yt\u00e4nn\u00f6ss\u00e4 ole j\u00e4rjestetty. Kansalaisten vapaaehtoisen puolustusaktiivisuuden organisoijana on ollut kodinturvajoukot, <a href=\"https:\/\/www.forsvarsmakten.se\/sv\/var-verksamhet\/det-har-gor-forsvarsmakten\/hemvarnet\/\" target=\"_blank\" rel=\"noopener\">Hemv\u00e4rnet<\/a>. Nyt Ven\u00e4j\u00e4n hy\u00f6k\u00e4tty\u00e4 Ukrainaan hakemuksia Hemv\u00e4rnetiin on tullut p\u00e4ivitt\u00e4in kymmenkertainen m\u00e4\u00e4r\u00e4 aikaisempaan verrattuna. Hallitus on vuoden 2022 alusta uudistanut Hemv\u00e4rnetin henkil\u00f6kunnan palvelus- ja palkkiosopimukset. Organisaatioon kuuluu noin 20\u00a0000 henkil\u00f6\u00e4.<\/p>\n<p><strong><em>Mielenmaiseman muutoksista<\/em><\/strong><\/p>\n<p>Hemv\u00e4rnetiin hakemista harkitsee jopa 14 prosenttia ruotsalaista, v\u00e4kim\u00e4\u00e4r\u00e4n\u00e4 se olisi noin miljoona kansalaista. Toisaalta on n\u00e4hty my\u00f6s toiseen suuntaan viittaavia ilmi\u00f6it\u00e4. Ukraina-hy\u00f6kk\u00e4yksen j\u00e4lkeen laajaa huomiota sai mediajulkkis Calle Schulmanin tapaus. H\u00e4n kertoi n\u00e4kemyksen\u00e4\u00e4n, ett\u00e4 ei toimisi kuin ukrainalaiset is\u00e4t, veisi vaimon ja lapset turvaan ja j\u00e4isi maahan sit\u00e4 puolustamaan. T\u00e4m\u00e4 kuvaa ehk\u00e4 maanpuolustusajattelun jakautumista enemm\u00e4n \u00e4\u00e4rip\u00e4ihin, puolustajiin ja ei-puolustajiin. Maaliskuun 2022 alussa Novus-tutkimusyhti\u00f6n tekem\u00e4n kyselyn mukaan 60 prosenttia ruotsalaisista olisi valmiita puolustamaan maata vieraan valtion hy\u00f6kk\u00e4ykselt\u00e4.<\/p>\n<p>Tutkimuksissaan Novus on havainnut my\u00f6s toisen ilmi\u00f6n, entist\u00e4 my\u00f6nteisemm\u00e4n suhtautumisen ydinvoimaan. 56 prosenttia tutkituista on sit\u00e4 mielt\u00e4, ett\u00e4 tarvittaessa voidaan rakentaa uutta ydinvoimaa. Ydinvoiman kannattajat ovat nyt siis enemmist\u00f6n\u00e4.<\/p>\n<p>Huomionarvoisin on kuitenkin muutos Natoon liittymisen kannatuksessa. Aivan helmikuun 2022 lopussa liittymisen kannattajien osuus Novus-tutkimuksissa nousi yli nelj\u00e4nkymmenen prosentin ja on pysynyt 40-50 prosentin tasolla seurantatutkimuksissa. Jopa 63 prosenttia ruotsalaista kannattaa Natoon liittymist\u00e4, jos Suomi liittyy. T\u00e4t\u00e4 kirjoitettaessa liittymisasiat ovat viel\u00e4 keskener\u00e4isi\u00e4.<\/p>\n<p><em><strong>Henkil\u00f6st\u00f6ongelmia muutoksessa<\/strong><\/em><\/p>\n<p>Puolustusvoimia uudistettaessa ja resursseja lis\u00e4tt\u00e4ess\u00e4 on loogista, ett\u00e4 lis\u00e4\u00e4 upseereita tarvitaan. Jo ennen nyt valtiovallan p\u00e4\u00e4tt\u00e4m\u00e4\u00e4 muutosta puolustusvoimilla oli \u201dhuutava upseeripula\u201d Ruotsin upseeriliiton vuonna 2018 j\u00e4senilleen tekem\u00e4n tutkimuksen mukaan. Ainoastaan kolmasosa upseereista piti puolustusvoimia vetovoimaisena ty\u00f6nantajana. Sin\u00e4ns\u00e4 lojaalisuus oli korkealla tasolla, mutta 3-9 vuotta palvelleista upseereista 74 prosenttia oli viime vuosina harkinnut eroamista.<\/p>\n<p>Upseeripulaan t\u00f6rm\u00e4ttiin vuonna 2017 kun rauhanaikainen asevelvollisuus palautettiin ja koulutettavien m\u00e4\u00e4r\u00e4ksi m\u00e4\u00e4riteltiin noin 4\u00a0000. Maanpuolustuskorkeakoulussa (F\u00f6rsvarh\u00f6gskolan) kolmivuotisen upseerikoulutuksen aloittavien m\u00e4\u00e4r\u00e4 on t\u00e4n\u00e4 vuonna 250 opiskelijaa koulun nettisivujen mukaan.<\/p>\n<p>Aseellisen peruskoulutuksen pieni m\u00e4\u00e4r\u00e4 on heijastunut v\u00e4ltt\u00e4m\u00e4tt\u00e4 johtajakoulutukseen. Reserviupseerikoulutukseen pyrkivien ja sitoutuneiden m\u00e4\u00e4r\u00e4 on ollut aivan liian pieni. Jollekin kurssille on hakeutunut yksi ainoa tarjokas. Reserviupseerikoulutusta on uudistettu vuoden 2022 alusta ja palveluksessa oleville asevelvollisille kampanjoidaan koulutukseen hakeutumiseen lis\u00e4\u00e4miseksi. Ruotsissa reserviupseerij\u00e4rjestelm\u00e4 poikkeaa suomalaisesta, siell\u00e4 reserviupseeri toimii rauhan aikana asevelvollisten kouluttajana.<\/p>\n<p>Ruotsin maahanmuutolle avoimen politiikan seurauksena on syntynyt yhteiskunnan rakennetta ja koettua tasa-arvoisuutta horjuttava tilanne. Maaliskuussa 2022 julkaistun EU:n Eurobarometritutkimuksen mukaan Ruotsi oli ainoa tutkituista maista, jossa suurimmaksi maata koskevaksi ongelmaksi mainittiin rikollisuus. Vastanneista ruotsalaisista 32 prosenttia vastasi n\u00e4in, kun kaksi vaihtoehtoa sai mainita. Maahanmuutto sai 16 prosenttia maininnoista. Rikollisuudella viitataan todenn\u00e4k\u00f6isesti jengiytymisilmi\u00f6\u00f6n, jonka seurauksena on v\u00e4kivaltaa ja ajoittain mellakoiksi levi\u00e4v\u00e4\u00e4 yhteiskunnan ja poliisin vastaisuutta. Ruotsi joutuu panostamaan jatkossa yhteiskunnan sis\u00e4iseen turvallisuuteen.<\/p>\n<p>Poliisin henkil\u00f6kunnan kannalta on syntynyt tilanne, jossa tasapaino n\u00e4ytt\u00e4\u00e4 h\u00e4vi\u00e4v\u00e4n. Muutamia vuosia sitten nuorten poliisien keskuudessa alkoi esiinty\u00e4 virasta eroamishalukkuutta. T\u00e4ll\u00e4 hetkell\u00e4 jopa kolmannes henkil\u00f6kunnasta pohtii t\u00f6iden lopettamista. Koulutusta poliisiteht\u00e4viin on lis\u00e4tty, mutta ilmeisesti tasapainotilannetta ei ole l\u00f6ytynyt.<\/p>\n<p>T\u00e4t\u00e4 kirjoitettaessa Suomen ja Ruotsin Nato-liittymisen p\u00e4\u00e4t\u00f6ksenteko on kesken. Vaikka maiden yhteisen\u00e4 tavoitteena pidett\u00e4isiinkin liittymisen samanaikaisuutta, n\u00e4ytt\u00e4\u00e4 silt\u00e4, ett\u00e4 Ruotsin p\u00e4\u00e4t\u00f6ksenteon psykologinen prosessi on erilainen. Lopullisen p\u00e4\u00e4t\u00f6ksen vaiheita on vaikea ennakoida. Vaikka maat halutaan n\u00e4hd\u00e4 puolustuksen kannalta samanlaisina ja l\u00e4heisin\u00e4 kumppaneina, historialliset erot mielenmaailman rakenteissa s\u00e4ilyv\u00e4t. Varsinkin aseellisen puolustuksen toimintaymp\u00e4rist\u00f6 Ruotsissa on erilainen.<\/p>\n<p><em><strong>Risto Sinkko<\/strong><\/em><br \/>\n<em>Majuri res, ST<br \/>\nr.sinkko@kolumbus.fi<br \/>\n<\/em><\/p>\n<p style=\"text-align: center;\">***<\/p>\n<p><em><strong>Tausta-aineistoa<\/strong>:\u00a0<\/em><\/p>\n<p><em>Nils Marius Rekkedal: Nykyaikainen sotataito, Sotilaallinen voima muutoksessa, Nelj\u00e4s uusittu painos. (Toim. Juha M\u00e4lkki). Helsinki 2006. Verkkoversio: Maanpuolustuskorkeakoulu, Helsinki 2013. <a href=\"https:\/\/www.doria.fi\/bitstream\/handle\/10024\/93813\/Nykyaikainen_sotataito_verkkoversio_2013.pdf?sequence=2&amp;isAllowed=y\" target=\"_blank\" rel=\"noopener\">https:\/\/www.doria.fi\/bitstream\/handle\/10024\/93813\/Nykyaikainen_sotataito_verkkoversio_2013.pdf?sequence=2&amp;isAllowed=y<\/a><\/em><\/p>\n<p><em>MSB:n kysely varautumisesta Ruotsissa:\u00a0<\/em><br \/>\n<em><a href=\"https:\/\/www.msb.se\/siteassets\/dokument\/aktuellt\/nyheter\/undersokning-msb-sakerhetspolitiska-laget-och-manniskors-beredskap.pdf\" target=\"_blank\" rel=\"noopener\">https:\/\/www.msb.se\/siteassets\/dokument\/aktuellt\/nyheter\/undersokning-msb-sakerhetspolitiska-laget-och-manniskors-beredskap.pdf<\/a><\/em><\/p>\n<\/div><\/section><\/p><\/div><div  class='hr av-6zsyz-b471ba5482e75b0a604afa4166a853a5 hr-default  avia-builder-el-4  el_after_av_one_full  el_before_av_blog '><span class='hr-inner '><span class=\"hr-inner-style\"><\/span><\/span><\/div><\/p>\n<div  class='av-alb-blogposts template-blog  '  itemscope=\"itemscope\" itemtype=\"https:\/\/schema.org\/Blog\" ><article class=\"post-entry post-entry-type-standard post-entry-8921 post-loop-1 post-parity-odd bloglist-simple with-slider post-8921 post type-post status-publish format-standard has-post-thumbnail hentry category-artikkeli category-artikkeli-2026\"  itemscope=\"itemscope\" itemtype=\"https:\/\/schema.org\/BlogPosting\" ><div class=\"blog-meta\"><\/div><div class='entry-content-wrapper clearfix standard-content'><header class=\"entry-content-header\"><h2 class='post-title entry-title '  itemprop=\"headline\" ><a href=\"https:\/\/kylkirauta.fi\/index.php\/2026\/04\/20\/kaaderilaulajien-julkaisutoiminta\/\" rel=\"bookmark\" title=\"Permanent Link: Kaaderilaulajien julkaisutoiminta\">Kaaderilaulajien julkaisutoiminta<span class=\"post-format-icon minor-meta\"><\/span><\/a><\/h2><span class=\"post-meta-infos\"><time class=\"date-container minor-meta updated\"  itemprop=\"datePublished\" datetime=\"2026-04-20T15:45:24+03:00\" >20.4.2026<\/time><span class=\"text-sep\">\/<\/span><span class=\"blog-categories minor-meta\">in <a href=\"https:\/\/kylkirauta.fi\/index.php\/category\/artikkeli\/\" rel=\"tag\">Artikkeli<\/a>, <a href=\"https:\/\/kylkirauta.fi\/index.php\/category\/artikkeli-2026\/\" rel=\"tag\">Artikkeli 2026<\/a><\/span><span class=\"text-sep\">\/<\/span><span class=\"blog-author minor-meta\">by <span class=\"entry-author-link\"  itemprop=\"author\" ><span class=\"author\"><span class=\"fn\"><a href=\"https:\/\/kylkirauta.fi\/index.php\/author\/karisain\/\" title=\"Kirjoittanut: Kari Sainio\" rel=\"author\">Kari Sainio<\/a><\/span><\/span><\/span><\/span><div class=\"read-more-link\"><a href=\"https:\/\/kylkirauta.fi\/index.php\/2026\/04\/20\/kaaderilaulajien-julkaisutoiminta\/\" class=\"more-link\">Read more<span class=\"more-link-arrow\"><\/span><\/a><\/div><\/span><\/header><footer class=\"entry-footer\"><\/footer><div class='post_delimiter'><\/div><\/div><div class=\"post_author_timeline\"><\/div><span class='hidden'>\n\t\t\t\t<span class='av-structured-data'  itemprop=\"image\" itemscope=\"itemscope\" itemtype=\"https:\/\/schema.org\/ImageObject\" >\n\t\t\t\t\t\t<span itemprop='url'>https:\/\/kylkirauta.fi\/wp-content\/uploads\/2026\/04\/Artikkeli-4-2026-2.jpg<\/span>\n\t\t\t\t\t\t<span itemprop='height'>487<\/span>\n\t\t\t\t\t\t<span itemprop='width'>843<\/span>\n\t\t\t\t<\/span>\n\t\t\t\t<span class='av-structured-data'  itemprop=\"publisher\" itemtype=\"https:\/\/schema.org\/Organization\" itemscope=\"itemscope\" >\n\t\t\t\t\t\t<span itemprop='name'>Kari Sainio<\/span>\n\t\t\t\t\t\t<span itemprop='logo' itemscope itemtype='https:\/\/schema.org\/ImageObject'>\n\t\t\t\t\t\t\t<span itemprop='url'>https:\/\/kylkirauta.fi\/wp-content\/uploads\/2020\/02\/kkunta_weblogo-100x100-1.png<\/span>\n\t\t\t\t\t\t<\/span>\n\t\t\t\t<\/span><span class='av-structured-data'  itemprop=\"author\" itemscope=\"itemscope\" itemtype=\"https:\/\/schema.org\/Person\" ><span itemprop='name'>Kari Sainio<\/span><\/span><span class='av-structured-data'  itemprop=\"datePublished\" datetime=\"2026-04-20T15:45:24+03:00\" >2026-04-20 15:45:24<\/span><span class='av-structured-data'  itemprop=\"dateModified\" itemtype=\"https:\/\/schema.org\/dateModified\" >2026-04-20 15:45:24<\/span><span class='av-structured-data'  itemprop=\"mainEntityOfPage\" itemtype=\"https:\/\/schema.org\/mainEntityOfPage\" ><span itemprop='name'>Kaaderilaulajien julkaisutoiminta<\/span><\/span><\/span><\/article><article class=\"post-entry post-entry-type-standard post-entry-8884 post-loop-2 post-parity-even bloglist-simple with-slider post-8884 post type-post status-publish format-standard has-post-thumbnail hentry category-artikkeli category-artikkeli-2026\"  itemscope=\"itemscope\" itemtype=\"https:\/\/schema.org\/BlogPosting\" ><div class=\"blog-meta\"><\/div><div class='entry-content-wrapper clearfix standard-content'><header class=\"entry-content-header\"><h2 class='post-title entry-title '  itemprop=\"headline\" ><a href=\"https:\/\/kylkirauta.fi\/index.php\/2026\/03\/27\/kaaderilaulajien-ukraina-tukikonsertit\/\" rel=\"bookmark\" title=\"Permanent Link: Kaaderilaulajien Ukraina-tukikonsertit\">Kaaderilaulajien Ukraina-tukikonsertit<span class=\"post-format-icon minor-meta\"><\/span><\/a><\/h2><span class=\"post-meta-infos\"><time class=\"date-container minor-meta updated\"  itemprop=\"datePublished\" datetime=\"2026-03-27T12:30:38+02:00\" >27.3.2026<\/time><span class=\"text-sep\">\/<\/span><span class=\"blog-categories minor-meta\">in <a href=\"https:\/\/kylkirauta.fi\/index.php\/category\/artikkeli\/\" rel=\"tag\">Artikkeli<\/a>, <a href=\"https:\/\/kylkirauta.fi\/index.php\/category\/artikkeli-2026\/\" rel=\"tag\">Artikkeli 2026<\/a><\/span><span class=\"text-sep\">\/<\/span><span class=\"blog-author minor-meta\">by <span class=\"entry-author-link\"  itemprop=\"author\" ><span class=\"author\"><span class=\"fn\"><a href=\"https:\/\/kylkirauta.fi\/index.php\/author\/karisain\/\" title=\"Kirjoittanut: Kari Sainio\" rel=\"author\">Kari Sainio<\/a><\/span><\/span><\/span><\/span><div class=\"read-more-link\"><a href=\"https:\/\/kylkirauta.fi\/index.php\/2026\/03\/27\/kaaderilaulajien-ukraina-tukikonsertit\/\" class=\"more-link\">Read more<span class=\"more-link-arrow\"><\/span><\/a><\/div><\/span><\/header><footer class=\"entry-footer\"><\/footer><div class='post_delimiter'><\/div><\/div><div class=\"post_author_timeline\"><\/div><span class='hidden'>\n\t\t\t\t<span class='av-structured-data'  itemprop=\"image\" itemscope=\"itemscope\" itemtype=\"https:\/\/schema.org\/ImageObject\" >\n\t\t\t\t\t\t<span itemprop='url'>https:\/\/kylkirauta.fi\/wp-content\/uploads\/2026\/03\/3-2026-artikkeli.jpg<\/span>\n\t\t\t\t\t\t<span itemprop='height'>487<\/span>\n\t\t\t\t\t\t<span itemprop='width'>843<\/span>\n\t\t\t\t<\/span>\n\t\t\t\t<span class='av-structured-data'  itemprop=\"publisher\" itemtype=\"https:\/\/schema.org\/Organization\" itemscope=\"itemscope\" >\n\t\t\t\t\t\t<span itemprop='name'>Kari Sainio<\/span>\n\t\t\t\t\t\t<span itemprop='logo' itemscope itemtype='https:\/\/schema.org\/ImageObject'>\n\t\t\t\t\t\t\t<span itemprop='url'>https:\/\/kylkirauta.fi\/wp-content\/uploads\/2020\/02\/kkunta_weblogo-100x100-1.png<\/span>\n\t\t\t\t\t\t<\/span>\n\t\t\t\t<\/span><span class='av-structured-data'  itemprop=\"author\" itemscope=\"itemscope\" itemtype=\"https:\/\/schema.org\/Person\" ><span itemprop='name'>Kari Sainio<\/span><\/span><span class='av-structured-data'  itemprop=\"datePublished\" datetime=\"2026-03-27T12:30:38+02:00\" >2026-03-27 12:30:38<\/span><span class='av-structured-data'  itemprop=\"dateModified\" itemtype=\"https:\/\/schema.org\/dateModified\" >2026-03-27 12:30:38<\/span><span class='av-structured-data'  itemprop=\"mainEntityOfPage\" itemtype=\"https:\/\/schema.org\/mainEntityOfPage\" ><span itemprop='name'>Kaaderilaulajien Ukraina-tukikonsertit<\/span><\/span><\/span><\/article><article class=\"post-entry post-entry-type-standard post-entry-8786 post-loop-3 post-parity-odd bloglist-simple with-slider post-8786 post type-post status-publish format-standard has-post-thumbnail hentry category-artikkeli category-artikkeli-2026\"  itemscope=\"itemscope\" itemtype=\"https:\/\/schema.org\/BlogPosting\" ><div class=\"blog-meta\"><\/div><div class='entry-content-wrapper clearfix standard-content'><header class=\"entry-content-header\"><h2 class='post-title entry-title '  itemprop=\"headline\" ><a href=\"https:\/\/kylkirauta.fi\/index.php\/2026\/02\/23\/risto-sinkko-eu-kansalaisten-nakemyksia-turvallisuudesta-ja-puolustuksesta\/\" rel=\"bookmark\" title=\"Permanent Link: Risto Sinkko: EU-kansalaisten n\u00e4kemyksi\u00e4 turvallisuudesta ja puolustuksesta\">Risto Sinkko: EU-kansalaisten n\u00e4kemyksi\u00e4 turvallisuudesta ja puolustuksesta<span class=\"post-format-icon minor-meta\"><\/span><\/a><\/h2><span class=\"post-meta-infos\"><time class=\"date-container minor-meta updated\"  itemprop=\"datePublished\" datetime=\"2026-02-23T17:08:33+02:00\" >23.2.2026<\/time><span class=\"text-sep\">\/<\/span><span class=\"blog-categories minor-meta\">in <a href=\"https:\/\/kylkirauta.fi\/index.php\/category\/artikkeli\/\" rel=\"tag\">Artikkeli<\/a>, <a href=\"https:\/\/kylkirauta.fi\/index.php\/category\/artikkeli-2026\/\" rel=\"tag\">Artikkeli 2026<\/a><\/span><span class=\"text-sep\">\/<\/span><span class=\"blog-author minor-meta\">by <span class=\"entry-author-link\"  itemprop=\"author\" ><span class=\"author\"><span class=\"fn\"><a href=\"https:\/\/kylkirauta.fi\/index.php\/author\/karisain\/\" title=\"Kirjoittanut: Kari Sainio\" rel=\"author\">Kari Sainio<\/a><\/span><\/span><\/span><\/span><div class=\"read-more-link\"><a href=\"https:\/\/kylkirauta.fi\/index.php\/2026\/02\/23\/risto-sinkko-eu-kansalaisten-nakemyksia-turvallisuudesta-ja-puolustuksesta\/\" class=\"more-link\">Read more<span class=\"more-link-arrow\"><\/span><\/a><\/div><\/span><\/header><footer class=\"entry-footer\"><\/footer><div class='post_delimiter'><\/div><\/div><div class=\"post_author_timeline\"><\/div><span class='hidden'>\n\t\t\t\t<span class='av-structured-data'  itemprop=\"image\" itemscope=\"itemscope\" itemtype=\"https:\/\/schema.org\/ImageObject\" >\n\t\t\t\t\t\t<span itemprop='url'>https:\/\/kylkirauta.fi\/wp-content\/uploads\/2026\/02\/Artikkeli-MSC-artikkeli.jpg<\/span>\n\t\t\t\t\t\t<span itemprop='height'>487<\/span>\n\t\t\t\t\t\t<span itemprop='width'>843<\/span>\n\t\t\t\t<\/span>\n\t\t\t\t<span class='av-structured-data'  itemprop=\"publisher\" itemtype=\"https:\/\/schema.org\/Organization\" itemscope=\"itemscope\" >\n\t\t\t\t\t\t<span itemprop='name'>Kari Sainio<\/span>\n\t\t\t\t\t\t<span itemprop='logo' itemscope itemtype='https:\/\/schema.org\/ImageObject'>\n\t\t\t\t\t\t\t<span itemprop='url'>https:\/\/kylkirauta.fi\/wp-content\/uploads\/2020\/02\/kkunta_weblogo-100x100-1.png<\/span>\n\t\t\t\t\t\t<\/span>\n\t\t\t\t<\/span><span class='av-structured-data'  itemprop=\"author\" itemscope=\"itemscope\" itemtype=\"https:\/\/schema.org\/Person\" ><span itemprop='name'>Kari Sainio<\/span><\/span><span class='av-structured-data'  itemprop=\"datePublished\" datetime=\"2026-02-23T17:08:33+02:00\" >2026-02-23 17:08:33<\/span><span class='av-structured-data'  itemprop=\"dateModified\" itemtype=\"https:\/\/schema.org\/dateModified\" >2026-02-23 17:29:54<\/span><span class='av-structured-data'  itemprop=\"mainEntityOfPage\" itemtype=\"https:\/\/schema.org\/mainEntityOfPage\" ><span itemprop='name'>Risto Sinkko: EU-kansalaisten n\u00e4kemyksi\u00e4 turvallisuudesta ja puolustuksesta<\/span><\/span><\/span><\/article><article class=\"post-entry post-entry-type-standard post-entry-8765 post-loop-4 post-parity-even bloglist-simple with-slider post-8765 post type-post status-publish format-standard has-post-thumbnail hentry category-artikkeli category-artikkeli-2026\"  itemscope=\"itemscope\" itemtype=\"https:\/\/schema.org\/BlogPosting\" ><div class=\"blog-meta\"><\/div><div class='entry-content-wrapper clearfix standard-content'><header class=\"entry-content-header\"><h2 class='post-title entry-title '  itemprop=\"headline\" ><a href=\"https:\/\/kylkirauta.fi\/index.php\/2026\/02\/15\/kaaderilaulajat-suomen-pojat-suomen-vapauden-ja-viron-kunnian-puolesta\/\" rel=\"bookmark\" title=\"Permanent Link: Kaaderilaulajat: Suomen pojat &#8211; Suomen vapauden ja Viron kunnian puolesta\">Kaaderilaulajat: Suomen pojat &#8211; Suomen vapauden ja Viron kunnian puolesta<span class=\"post-format-icon minor-meta\"><\/span><\/a><\/h2><span class=\"post-meta-infos\"><time class=\"date-container minor-meta updated\"  itemprop=\"datePublished\" datetime=\"2026-02-15T15:44:11+02:00\" >15.2.2026<\/time><span class=\"text-sep\">\/<\/span><span class=\"blog-categories minor-meta\">in <a href=\"https:\/\/kylkirauta.fi\/index.php\/category\/artikkeli\/\" rel=\"tag\">Artikkeli<\/a>, <a href=\"https:\/\/kylkirauta.fi\/index.php\/category\/artikkeli-2026\/\" rel=\"tag\">Artikkeli 2026<\/a><\/span><span class=\"text-sep\">\/<\/span><span class=\"blog-author minor-meta\">by <span class=\"entry-author-link\"  itemprop=\"author\" ><span class=\"author\"><span class=\"fn\"><a href=\"https:\/\/kylkirauta.fi\/index.php\/author\/karisain\/\" title=\"Kirjoittanut: Kari Sainio\" rel=\"author\">Kari Sainio<\/a><\/span><\/span><\/span><\/span><div class=\"read-more-link\"><a href=\"https:\/\/kylkirauta.fi\/index.php\/2026\/02\/15\/kaaderilaulajat-suomen-pojat-suomen-vapauden-ja-viron-kunnian-puolesta\/\" class=\"more-link\">Read more<span class=\"more-link-arrow\"><\/span><\/a><\/div><\/span><\/header><footer class=\"entry-footer\"><\/footer><div class='post_delimiter'><\/div><\/div><div class=\"post_author_timeline\"><\/div><span class='hidden'>\n\t\t\t\t<span class='av-structured-data'  itemprop=\"image\" itemscope=\"itemscope\" itemtype=\"https:\/\/schema.org\/ImageObject\" >\n\t\t\t\t\t\t<span itemprop='url'>https:\/\/kylkirauta.fi\/wp-content\/uploads\/2026\/02\/Kuva-3-1-2026-artikkeli.jpg<\/span>\n\t\t\t\t\t\t<span itemprop='height'>487<\/span>\n\t\t\t\t\t\t<span itemprop='width'>843<\/span>\n\t\t\t\t<\/span>\n\t\t\t\t<span class='av-structured-data'  itemprop=\"publisher\" itemtype=\"https:\/\/schema.org\/Organization\" itemscope=\"itemscope\" >\n\t\t\t\t\t\t<span itemprop='name'>Kari Sainio<\/span>\n\t\t\t\t\t\t<span itemprop='logo' itemscope itemtype='https:\/\/schema.org\/ImageObject'>\n\t\t\t\t\t\t\t<span itemprop='url'>https:\/\/kylkirauta.fi\/wp-content\/uploads\/2020\/02\/kkunta_weblogo-100x100-1.png<\/span>\n\t\t\t\t\t\t<\/span>\n\t\t\t\t<\/span><span class='av-structured-data'  itemprop=\"author\" itemscope=\"itemscope\" itemtype=\"https:\/\/schema.org\/Person\" ><span itemprop='name'>Kari Sainio<\/span><\/span><span class='av-structured-data'  itemprop=\"datePublished\" datetime=\"2026-02-15T15:44:11+02:00\" >2026-02-15 15:44:11<\/span><span class='av-structured-data'  itemprop=\"dateModified\" itemtype=\"https:\/\/schema.org\/dateModified\" >2026-02-15 15:49:07<\/span><span class='av-structured-data'  itemprop=\"mainEntityOfPage\" itemtype=\"https:\/\/schema.org\/mainEntityOfPage\" ><span itemprop='name'>Kaaderilaulajat: Suomen pojat &#8211; Suomen vapauden ja Viron kunnian puolesta<\/span><\/span><\/span><\/article><article class=\"post-entry post-entry-type-standard post-entry-8754 post-loop-5 post-parity-odd post-entry-last bloglist-simple with-slider post-8754 post type-post status-publish format-standard has-post-thumbnail hentry category-artikkeli category-artikkeli-2026\"  itemscope=\"itemscope\" itemtype=\"https:\/\/schema.org\/BlogPosting\" ><div class=\"blog-meta\"><\/div><div class='entry-content-wrapper clearfix standard-content'><header class=\"entry-content-header\"><h2 class='post-title entry-title '  itemprop=\"headline\" ><a href=\"https:\/\/kylkirauta.fi\/index.php\/2026\/01\/21\/kaaderilaulajista-kajahtaa\/\" rel=\"bookmark\" title=\"Permanent Link: Kaaderilaulajista kajahtaa\">Kaaderilaulajista kajahtaa<span class=\"post-format-icon minor-meta\"><\/span><\/a><\/h2><span class=\"post-meta-infos\"><time class=\"date-container minor-meta updated\"  itemprop=\"datePublished\" datetime=\"2026-01-21T18:17:28+02:00\" >21.1.2026<\/time><span class=\"text-sep\">\/<\/span><span class=\"blog-categories minor-meta\">in <a href=\"https:\/\/kylkirauta.fi\/index.php\/category\/artikkeli\/\" rel=\"tag\">Artikkeli<\/a>, <a href=\"https:\/\/kylkirauta.fi\/index.php\/category\/artikkeli-2026\/\" rel=\"tag\">Artikkeli 2026<\/a><\/span><span class=\"text-sep\">\/<\/span><span class=\"blog-author minor-meta\">by <span class=\"entry-author-link\"  itemprop=\"author\" ><span class=\"author\"><span class=\"fn\"><a href=\"https:\/\/kylkirauta.fi\/index.php\/author\/karisain\/\" title=\"Kirjoittanut: Kari Sainio\" rel=\"author\">Kari Sainio<\/a><\/span><\/span><\/span><\/span><div class=\"read-more-link\"><a href=\"https:\/\/kylkirauta.fi\/index.php\/2026\/01\/21\/kaaderilaulajista-kajahtaa\/\" class=\"more-link\">Read more<span class=\"more-link-arrow\"><\/span><\/a><\/div><\/span><\/header><footer class=\"entry-footer\"><\/footer><div class='post_delimiter'><\/div><\/div><div class=\"post_author_timeline\"><\/div><span class='hidden'>\n\t\t\t\t<span class='av-structured-data'  itemprop=\"image\" itemscope=\"itemscope\" itemtype=\"https:\/\/schema.org\/ImageObject\" >\n\t\t\t\t\t\t<span itemprop='url'>https:\/\/kylkirauta.fi\/wp-content\/uploads\/2026\/01\/Artikkeli-1-2026.jpg<\/span>\n\t\t\t\t\t\t<span itemprop='height'>487<\/span>\n\t\t\t\t\t\t<span itemprop='width'>843<\/span>\n\t\t\t\t<\/span>\n\t\t\t\t<span class='av-structured-data'  itemprop=\"publisher\" itemtype=\"https:\/\/schema.org\/Organization\" itemscope=\"itemscope\" >\n\t\t\t\t\t\t<span itemprop='name'>Kari Sainio<\/span>\n\t\t\t\t\t\t<span itemprop='logo' itemscope itemtype='https:\/\/schema.org\/ImageObject'>\n\t\t\t\t\t\t\t<span itemprop='url'>https:\/\/kylkirauta.fi\/wp-content\/uploads\/2020\/02\/kkunta_weblogo-100x100-1.png<\/span>\n\t\t\t\t\t\t<\/span>\n\t\t\t\t<\/span><span class='av-structured-data'  itemprop=\"author\" itemscope=\"itemscope\" itemtype=\"https:\/\/schema.org\/Person\" ><span itemprop='name'>Kari Sainio<\/span><\/span><span class='av-structured-data'  itemprop=\"datePublished\" datetime=\"2026-01-21T18:17:28+02:00\" >2026-01-21 18:17:28<\/span><span class='av-structured-data'  itemprop=\"dateModified\" itemtype=\"https:\/\/schema.org\/dateModified\" >2026-01-21 18:17:28<\/span><span class='av-structured-data'  itemprop=\"mainEntityOfPage\" itemtype=\"https:\/\/schema.org\/mainEntityOfPage\" ><span itemprop='name'>Kaaderilaulajista kajahtaa<\/span><\/span><\/span><\/article><div class='bloglist-simple'><nav class='pagination'><span class='pagination-meta'>Page 1 of 35<\/span><span class='current'>1<\/span><a href='https:\/\/kylkirauta.fi\/index.php\/wp-json\/wp\/v2\/posts\/5889\/page\/2\/' class='inactive next_page' >2<\/a><a href='https:\/\/kylkirauta.fi\/index.php\/wp-json\/wp\/v2\/posts\/5889\/page\/3\/' class='inactive' >3<\/a><a href='https:\/\/kylkirauta.fi\/index.php\/wp-json\/wp\/v2\/posts\/5889\/page\/2\/'>&rsaquo;<\/a><a href='https:\/\/kylkirauta.fi\/index.php\/wp-json\/wp\/v2\/posts\/5889\/page\/35\/'>&raquo;<\/a><\/nav>\n<\/div><\/div>\n","protected":false},"excerpt":{"rendered":"","protected":false},"author":3,"featured_media":5897,"comment_status":"closed","ping_status":"closed","sticky":false,"template":"","format":"standard","meta":{"footnotes":""},"categories":[94,4,98],"tags":[],"class_list":["post-5889","post","type-post","status-publish","format-standard","has-post-thumbnail","hentry","category-94","category-artikkeli","category-artikkeli-2022"],"yoast_head":"<!-- This site is optimized with the Yoast SEO plugin v27.5 - https:\/\/yoast.com\/product\/yoast-seo-wordpress\/ -->\n<title>Risto Sinkko: Ruotsi k\u00e4\u00e4nt\u00e4\u00e4 maanpuolustusajattelun suuntaa - Kylkirauta<\/title>\n<meta name=\"robots\" content=\"index, follow, max-snippet:-1, max-image-preview:large, max-video-preview:-1\" \/>\n<link rel=\"canonical\" href=\"https:\/\/kylkirauta.fi\/index.php\/2022\/04\/19\/risto-sinkko-ruotsi-kaantaa-maanpuolustusajattelun-suuntaa\/\" \/>\n<meta property=\"og:locale\" content=\"fi_FI\" \/>\n<meta property=\"og:type\" content=\"article\" \/>\n<meta property=\"og:title\" content=\"Risto Sinkko: Ruotsi k\u00e4\u00e4nt\u00e4\u00e4 maanpuolustusajattelun suuntaa - Kylkirauta\" \/>\n<meta property=\"og:url\" content=\"https:\/\/kylkirauta.fi\/index.php\/2022\/04\/19\/risto-sinkko-ruotsi-kaantaa-maanpuolustusajattelun-suuntaa\/\" \/>\n<meta property=\"og:site_name\" content=\"Kylkirauta\" \/>\n<meta property=\"article:published_time\" content=\"2022-04-19T11:49:47+00:00\" \/>\n<meta property=\"article:modified_time\" content=\"2022-05-29T13:00:07+00:00\" \/>\n<meta property=\"og:image\" content=\"https:\/\/kylkirauta.fi\/wp-content\/uploads\/2022\/04\/Ruotsi-muuttaa-suuntaa-artikkeli-KYRA.png\" \/>\n\t<meta property=\"og:image:width\" content=\"843\" \/>\n\t<meta property=\"og:image:height\" content=\"487\" \/>\n\t<meta property=\"og:image:type\" content=\"image\/png\" \/>\n<meta name=\"author\" content=\"Kari Sainio\" \/>\n<meta name=\"twitter:card\" content=\"summary_large_image\" \/>\n<meta name=\"twitter:label1\" content=\"Kirjoittanut\" \/>\n\t<meta name=\"twitter:data1\" content=\"Kari Sainio\" \/>\n\t<meta name=\"twitter:label2\" content=\"Arvioitu lukuaika\" \/>\n\t<meta name=\"twitter:data2\" content=\"10 minuuttia\" \/>\n<script type=\"application\/ld+json\" class=\"yoast-schema-graph\">{\"@context\":\"https:\\\/\\\/schema.org\",\"@graph\":[{\"@type\":\"Article\",\"@id\":\"https:\\\/\\\/kylkirauta.fi\\\/index.php\\\/2022\\\/04\\\/19\\\/risto-sinkko-ruotsi-kaantaa-maanpuolustusajattelun-suuntaa\\\/#article\",\"isPartOf\":{\"@id\":\"https:\\\/\\\/kylkirauta.fi\\\/index.php\\\/2022\\\/04\\\/19\\\/risto-sinkko-ruotsi-kaantaa-maanpuolustusajattelun-suuntaa\\\/\"},\"author\":{\"name\":\"Kari Sainio\",\"@id\":\"https:\\\/\\\/kylkirauta.fi\\\/#\\\/schema\\\/person\\\/714ab39a349c656b20d60a239be1d6f6\"},\"headline\":\"Risto Sinkko: Ruotsi k\u00e4\u00e4nt\u00e4\u00e4 maanpuolustusajattelun suuntaa\",\"datePublished\":\"2022-04-19T11:49:47+00:00\",\"dateModified\":\"2022-05-29T13:00:07+00:00\",\"mainEntityOfPage\":{\"@id\":\"https:\\\/\\\/kylkirauta.fi\\\/index.php\\\/2022\\\/04\\\/19\\\/risto-sinkko-ruotsi-kaantaa-maanpuolustusajattelun-suuntaa\\\/\"},\"wordCount\":1864,\"image\":{\"@id\":\"https:\\\/\\\/kylkirauta.fi\\\/index.php\\\/2022\\\/04\\\/19\\\/risto-sinkko-ruotsi-kaantaa-maanpuolustusajattelun-suuntaa\\\/#primaryimage\"},\"thumbnailUrl\":\"https:\\\/\\\/kylkirauta.fi\\\/wp-content\\\/uploads\\\/2022\\\/04\\\/Ruotsi-muuttaa-suuntaa-artikkeli-KYRA.png\",\"articleSection\":[\"2022\",\"Artikkeli\",\"Artikkeli 2022\"],\"inLanguage\":\"fi\"},{\"@type\":\"WebPage\",\"@id\":\"https:\\\/\\\/kylkirauta.fi\\\/index.php\\\/2022\\\/04\\\/19\\\/risto-sinkko-ruotsi-kaantaa-maanpuolustusajattelun-suuntaa\\\/\",\"url\":\"https:\\\/\\\/kylkirauta.fi\\\/index.php\\\/2022\\\/04\\\/19\\\/risto-sinkko-ruotsi-kaantaa-maanpuolustusajattelun-suuntaa\\\/\",\"name\":\"Risto Sinkko: Ruotsi k\u00e4\u00e4nt\u00e4\u00e4 maanpuolustusajattelun suuntaa - Kylkirauta\",\"isPartOf\":{\"@id\":\"https:\\\/\\\/kylkirauta.fi\\\/#website\"},\"primaryImageOfPage\":{\"@id\":\"https:\\\/\\\/kylkirauta.fi\\\/index.php\\\/2022\\\/04\\\/19\\\/risto-sinkko-ruotsi-kaantaa-maanpuolustusajattelun-suuntaa\\\/#primaryimage\"},\"image\":{\"@id\":\"https:\\\/\\\/kylkirauta.fi\\\/index.php\\\/2022\\\/04\\\/19\\\/risto-sinkko-ruotsi-kaantaa-maanpuolustusajattelun-suuntaa\\\/#primaryimage\"},\"thumbnailUrl\":\"https:\\\/\\\/kylkirauta.fi\\\/wp-content\\\/uploads\\\/2022\\\/04\\\/Ruotsi-muuttaa-suuntaa-artikkeli-KYRA.png\",\"datePublished\":\"2022-04-19T11:49:47+00:00\",\"dateModified\":\"2022-05-29T13:00:07+00:00\",\"author\":{\"@id\":\"https:\\\/\\\/kylkirauta.fi\\\/#\\\/schema\\\/person\\\/714ab39a349c656b20d60a239be1d6f6\"},\"breadcrumb\":{\"@id\":\"https:\\\/\\\/kylkirauta.fi\\\/index.php\\\/2022\\\/04\\\/19\\\/risto-sinkko-ruotsi-kaantaa-maanpuolustusajattelun-suuntaa\\\/#breadcrumb\"},\"inLanguage\":\"fi\",\"potentialAction\":[{\"@type\":\"ReadAction\",\"target\":[\"https:\\\/\\\/kylkirauta.fi\\\/index.php\\\/2022\\\/04\\\/19\\\/risto-sinkko-ruotsi-kaantaa-maanpuolustusajattelun-suuntaa\\\/\"]}]},{\"@type\":\"ImageObject\",\"inLanguage\":\"fi\",\"@id\":\"https:\\\/\\\/kylkirauta.fi\\\/index.php\\\/2022\\\/04\\\/19\\\/risto-sinkko-ruotsi-kaantaa-maanpuolustusajattelun-suuntaa\\\/#primaryimage\",\"url\":\"https:\\\/\\\/kylkirauta.fi\\\/wp-content\\\/uploads\\\/2022\\\/04\\\/Ruotsi-muuttaa-suuntaa-artikkeli-KYRA.png\",\"contentUrl\":\"https:\\\/\\\/kylkirauta.fi\\\/wp-content\\\/uploads\\\/2022\\\/04\\\/Ruotsi-muuttaa-suuntaa-artikkeli-KYRA.png\",\"width\":843,\"height\":487},{\"@type\":\"BreadcrumbList\",\"@id\":\"https:\\\/\\\/kylkirauta.fi\\\/index.php\\\/2022\\\/04\\\/19\\\/risto-sinkko-ruotsi-kaantaa-maanpuolustusajattelun-suuntaa\\\/#breadcrumb\",\"itemListElement\":[{\"@type\":\"ListItem\",\"position\":1,\"name\":\"Home\",\"item\":\"https:\\\/\\\/kylkirauta.fi\\\/index.php\\\/home\\\/\"},{\"@type\":\"ListItem\",\"position\":2,\"name\":\"Risto Sinkko: Ruotsi k\u00e4\u00e4nt\u00e4\u00e4 maanpuolustusajattelun suuntaa\"}]},{\"@type\":\"WebSite\",\"@id\":\"https:\\\/\\\/kylkirauta.fi\\\/#website\",\"url\":\"https:\\\/\\\/kylkirauta.fi\\\/\",\"name\":\"Kylkirauta\",\"description\":\"Kadettiupseerit yhteiskunnan palveluksessa\",\"potentialAction\":[{\"@type\":\"SearchAction\",\"target\":{\"@type\":\"EntryPoint\",\"urlTemplate\":\"https:\\\/\\\/kylkirauta.fi\\\/?s={search_term_string}\"},\"query-input\":{\"@type\":\"PropertyValueSpecification\",\"valueRequired\":true,\"valueName\":\"search_term_string\"}}],\"inLanguage\":\"fi\"},{\"@type\":\"Person\",\"@id\":\"https:\\\/\\\/kylkirauta.fi\\\/#\\\/schema\\\/person\\\/714ab39a349c656b20d60a239be1d6f6\",\"name\":\"Kari Sainio\",\"sameAs\":[\"http:\\\/\\\/www.kylkirauta.fi\"],\"url\":\"https:\\\/\\\/kylkirauta.fi\\\/index.php\\\/author\\\/karisain\\\/\"}]}<\/script>\n<!-- \/ Yoast SEO plugin. -->","yoast_head_json":{"title":"Risto Sinkko: Ruotsi k\u00e4\u00e4nt\u00e4\u00e4 maanpuolustusajattelun suuntaa - Kylkirauta","robots":{"index":"index","follow":"follow","max-snippet":"max-snippet:-1","max-image-preview":"max-image-preview:large","max-video-preview":"max-video-preview:-1"},"canonical":"https:\/\/kylkirauta.fi\/index.php\/2022\/04\/19\/risto-sinkko-ruotsi-kaantaa-maanpuolustusajattelun-suuntaa\/","og_locale":"fi_FI","og_type":"article","og_title":"Risto Sinkko: Ruotsi k\u00e4\u00e4nt\u00e4\u00e4 maanpuolustusajattelun suuntaa - Kylkirauta","og_url":"https:\/\/kylkirauta.fi\/index.php\/2022\/04\/19\/risto-sinkko-ruotsi-kaantaa-maanpuolustusajattelun-suuntaa\/","og_site_name":"Kylkirauta","article_published_time":"2022-04-19T11:49:47+00:00","article_modified_time":"2022-05-29T13:00:07+00:00","og_image":[{"width":843,"height":487,"url":"https:\/\/kylkirauta.fi\/wp-content\/uploads\/2022\/04\/Ruotsi-muuttaa-suuntaa-artikkeli-KYRA.png","type":"image\/png"}],"author":"Kari Sainio","twitter_card":"summary_large_image","twitter_misc":{"Kirjoittanut":"Kari Sainio","Arvioitu lukuaika":"10 minuuttia"},"schema":{"@context":"https:\/\/schema.org","@graph":[{"@type":"Article","@id":"https:\/\/kylkirauta.fi\/index.php\/2022\/04\/19\/risto-sinkko-ruotsi-kaantaa-maanpuolustusajattelun-suuntaa\/#article","isPartOf":{"@id":"https:\/\/kylkirauta.fi\/index.php\/2022\/04\/19\/risto-sinkko-ruotsi-kaantaa-maanpuolustusajattelun-suuntaa\/"},"author":{"name":"Kari Sainio","@id":"https:\/\/kylkirauta.fi\/#\/schema\/person\/714ab39a349c656b20d60a239be1d6f6"},"headline":"Risto Sinkko: Ruotsi k\u00e4\u00e4nt\u00e4\u00e4 maanpuolustusajattelun suuntaa","datePublished":"2022-04-19T11:49:47+00:00","dateModified":"2022-05-29T13:00:07+00:00","mainEntityOfPage":{"@id":"https:\/\/kylkirauta.fi\/index.php\/2022\/04\/19\/risto-sinkko-ruotsi-kaantaa-maanpuolustusajattelun-suuntaa\/"},"wordCount":1864,"image":{"@id":"https:\/\/kylkirauta.fi\/index.php\/2022\/04\/19\/risto-sinkko-ruotsi-kaantaa-maanpuolustusajattelun-suuntaa\/#primaryimage"},"thumbnailUrl":"https:\/\/kylkirauta.fi\/wp-content\/uploads\/2022\/04\/Ruotsi-muuttaa-suuntaa-artikkeli-KYRA.png","articleSection":["2022","Artikkeli","Artikkeli 2022"],"inLanguage":"fi"},{"@type":"WebPage","@id":"https:\/\/kylkirauta.fi\/index.php\/2022\/04\/19\/risto-sinkko-ruotsi-kaantaa-maanpuolustusajattelun-suuntaa\/","url":"https:\/\/kylkirauta.fi\/index.php\/2022\/04\/19\/risto-sinkko-ruotsi-kaantaa-maanpuolustusajattelun-suuntaa\/","name":"Risto Sinkko: Ruotsi k\u00e4\u00e4nt\u00e4\u00e4 maanpuolustusajattelun suuntaa - Kylkirauta","isPartOf":{"@id":"https:\/\/kylkirauta.fi\/#website"},"primaryImageOfPage":{"@id":"https:\/\/kylkirauta.fi\/index.php\/2022\/04\/19\/risto-sinkko-ruotsi-kaantaa-maanpuolustusajattelun-suuntaa\/#primaryimage"},"image":{"@id":"https:\/\/kylkirauta.fi\/index.php\/2022\/04\/19\/risto-sinkko-ruotsi-kaantaa-maanpuolustusajattelun-suuntaa\/#primaryimage"},"thumbnailUrl":"https:\/\/kylkirauta.fi\/wp-content\/uploads\/2022\/04\/Ruotsi-muuttaa-suuntaa-artikkeli-KYRA.png","datePublished":"2022-04-19T11:49:47+00:00","dateModified":"2022-05-29T13:00:07+00:00","author":{"@id":"https:\/\/kylkirauta.fi\/#\/schema\/person\/714ab39a349c656b20d60a239be1d6f6"},"breadcrumb":{"@id":"https:\/\/kylkirauta.fi\/index.php\/2022\/04\/19\/risto-sinkko-ruotsi-kaantaa-maanpuolustusajattelun-suuntaa\/#breadcrumb"},"inLanguage":"fi","potentialAction":[{"@type":"ReadAction","target":["https:\/\/kylkirauta.fi\/index.php\/2022\/04\/19\/risto-sinkko-ruotsi-kaantaa-maanpuolustusajattelun-suuntaa\/"]}]},{"@type":"ImageObject","inLanguage":"fi","@id":"https:\/\/kylkirauta.fi\/index.php\/2022\/04\/19\/risto-sinkko-ruotsi-kaantaa-maanpuolustusajattelun-suuntaa\/#primaryimage","url":"https:\/\/kylkirauta.fi\/wp-content\/uploads\/2022\/04\/Ruotsi-muuttaa-suuntaa-artikkeli-KYRA.png","contentUrl":"https:\/\/kylkirauta.fi\/wp-content\/uploads\/2022\/04\/Ruotsi-muuttaa-suuntaa-artikkeli-KYRA.png","width":843,"height":487},{"@type":"BreadcrumbList","@id":"https:\/\/kylkirauta.fi\/index.php\/2022\/04\/19\/risto-sinkko-ruotsi-kaantaa-maanpuolustusajattelun-suuntaa\/#breadcrumb","itemListElement":[{"@type":"ListItem","position":1,"name":"Home","item":"https:\/\/kylkirauta.fi\/index.php\/home\/"},{"@type":"ListItem","position":2,"name":"Risto Sinkko: Ruotsi k\u00e4\u00e4nt\u00e4\u00e4 maanpuolustusajattelun suuntaa"}]},{"@type":"WebSite","@id":"https:\/\/kylkirauta.fi\/#website","url":"https:\/\/kylkirauta.fi\/","name":"Kylkirauta","description":"Kadettiupseerit yhteiskunnan palveluksessa","potentialAction":[{"@type":"SearchAction","target":{"@type":"EntryPoint","urlTemplate":"https:\/\/kylkirauta.fi\/?s={search_term_string}"},"query-input":{"@type":"PropertyValueSpecification","valueRequired":true,"valueName":"search_term_string"}}],"inLanguage":"fi"},{"@type":"Person","@id":"https:\/\/kylkirauta.fi\/#\/schema\/person\/714ab39a349c656b20d60a239be1d6f6","name":"Kari Sainio","sameAs":["http:\/\/www.kylkirauta.fi"],"url":"https:\/\/kylkirauta.fi\/index.php\/author\/karisain\/"}]}},"_links":{"self":[{"href":"https:\/\/kylkirauta.fi\/index.php\/wp-json\/wp\/v2\/posts\/5889","targetHints":{"allow":["GET"]}}],"collection":[{"href":"https:\/\/kylkirauta.fi\/index.php\/wp-json\/wp\/v2\/posts"}],"about":[{"href":"https:\/\/kylkirauta.fi\/index.php\/wp-json\/wp\/v2\/types\/post"}],"author":[{"embeddable":true,"href":"https:\/\/kylkirauta.fi\/index.php\/wp-json\/wp\/v2\/users\/3"}],"replies":[{"embeddable":true,"href":"https:\/\/kylkirauta.fi\/index.php\/wp-json\/wp\/v2\/comments?post=5889"}],"version-history":[{"count":4,"href":"https:\/\/kylkirauta.fi\/index.php\/wp-json\/wp\/v2\/posts\/5889\/revisions"}],"predecessor-version":[{"id":5977,"href":"https:\/\/kylkirauta.fi\/index.php\/wp-json\/wp\/v2\/posts\/5889\/revisions\/5977"}],"wp:featuredmedia":[{"embeddable":true,"href":"https:\/\/kylkirauta.fi\/index.php\/wp-json\/wp\/v2\/media\/5897"}],"wp:attachment":[{"href":"https:\/\/kylkirauta.fi\/index.php\/wp-json\/wp\/v2\/media?parent=5889"}],"wp:term":[{"taxonomy":"category","embeddable":true,"href":"https:\/\/kylkirauta.fi\/index.php\/wp-json\/wp\/v2\/categories?post=5889"},{"taxonomy":"post_tag","embeddable":true,"href":"https:\/\/kylkirauta.fi\/index.php\/wp-json\/wp\/v2\/tags?post=5889"}],"curies":[{"name":"wp","href":"https:\/\/api.w.org\/{rel}","templated":true}]}}