{"id":5756,"date":"2022-02-04T09:13:20","date_gmt":"2022-02-04T09:13:20","guid":{"rendered":"https:\/\/kylkirauta.fi\/?p=5756"},"modified":"2022-02-04T09:21:34","modified_gmt":"2022-02-04T09:21:34","slug":"kadetin-ajatuksia-6-kadetin-paiva-merisotakoululla","status":"publish","type":"post","link":"https:\/\/kylkirauta.fi\/index.php\/2022\/02\/04\/kadetin-ajatuksia-6-kadetin-paiva-merisotakoululla\/","title":{"rendered":"Kadetin ajatuksia 6 \u2013 Kadetin p\u00e4iv\u00e4 Merisotakoululla"},"content":{"rendered":"<div id='full_slider_1'  class='avia-fullwidth-slider main_color avia-shadow   avia-builder-el-0  el_before_av_one_full  avia-builder-el-first   container_wrap sidebar_right'  ><div  class='avia-slideshow av-l9olo-eba87a12f940917775723c57f530a7d6 avia-slideshow-no scaling av_slideshow_full avia-slide-slider av-slideshow-ui av-control-default av-slideshow-manual av-loop-once av-loop-manual-endless av-default-height-applied   avia-slideshow-1' data-slideshow-options=\"{&quot;animation&quot;:&quot;slide&quot;,&quot;autoplay&quot;:false,&quot;loop_autoplay&quot;:&quot;once&quot;,&quot;interval&quot;:5,&quot;loop_manual&quot;:&quot;manual-endless&quot;,&quot;autoplay_stopper&quot;:false,&quot;noNavigation&quot;:false,&quot;bg_slider&quot;:false,&quot;keep_padding&quot;:false,&quot;hoverpause&quot;:false,&quot;show_slide_delay&quot;:0}\"  itemprop=\"image\" itemscope=\"itemscope\" itemtype=\"https:\/\/schema.org\/ImageObject\" ><ul class='avia-slideshow-inner ' style='padding-bottom: 15.283203125%;'><li  class='avia-slideshow-slide av-l9olo-eba87a12f940917775723c57f530a7d6__0  av-single-slide slide-1 slide-odd'><div data-rel='slideshow-1' class='avia-slide-wrap '   ><img decoding=\"async\" fetchpriority=\"high\" class=\"wp-image-3149 avia-img-lazy-loading-not-3149\"  src=\"https:\/\/kylkirauta.fi\/wp-content\/uploads\/2020\/02\/miekka_logo_v2.png\" width=\"2048\" height=\"313\" title='miekka_logo_v2' alt=''  itemprop=\"thumbnailUrl\" srcset=\"https:\/\/kylkirauta.fi\/wp-content\/uploads\/2020\/02\/miekka_logo_v2.png 2048w, https:\/\/kylkirauta.fi\/wp-content\/uploads\/2020\/02\/miekka_logo_v2-300x46.png 300w, https:\/\/kylkirauta.fi\/wp-content\/uploads\/2020\/02\/miekka_logo_v2-1030x157.png 1030w, https:\/\/kylkirauta.fi\/wp-content\/uploads\/2020\/02\/miekka_logo_v2-768x117.png 768w, https:\/\/kylkirauta.fi\/wp-content\/uploads\/2020\/02\/miekka_logo_v2-1536x235.png 1536w, https:\/\/kylkirauta.fi\/wp-content\/uploads\/2020\/02\/miekka_logo_v2-1500x229.png 1500w, https:\/\/kylkirauta.fi\/wp-content\/uploads\/2020\/02\/miekka_logo_v2-705x108.png 705w\" sizes=\"(max-width: 2048px) 100vw, 2048px\" \/><\/div><\/li><\/ul><\/div><\/div><div id='after_full_slider_1'  class='main_color av_default_container_wrap container_wrap sidebar_right'  ><div class='container av-section-cont-open' ><div class='template-page content  av-content-small alpha units'><div class='post-entry post-entry-type-page post-entry-5756'><div class='entry-content-wrapper clearfix'>\n\n<style type=\"text\/css\" data-created_by=\"avia_inline_auto\" id=\"style-css-av-km4zs-0614ada41eb3461e6efbb361dfbae970\">\n.flex_column.av-km4zs-0614ada41eb3461e6efbb361dfbae970{\nborder-radius:0px 0px 0px 0px;\npadding:0px 0px 0px 0px;\n}\n<\/style>\n<div  class='flex_column av-km4zs-0614ada41eb3461e6efbb361dfbae970 av_one_full  avia-builder-el-1  el_after_av_slideshow_full  el_before_av_hr  avia-builder-el-first  first flex_column_div av-zero-column-padding  '     ><p>\n<style type=\"text\/css\" data-created_by=\"avia_inline_auto\" id=\"style-css-av-av_heading-847894469b2b708fa6b9ce3c31877eaa\">\n#top .av-special-heading.av-av_heading-847894469b2b708fa6b9ce3c31877eaa{\npadding-bottom:10px;\n}\nbody .av-special-heading.av-av_heading-847894469b2b708fa6b9ce3c31877eaa .av-special-heading-tag .heading-char{\nfont-size:25px;\n}\n.av-special-heading.av-av_heading-847894469b2b708fa6b9ce3c31877eaa .av-subheading{\nfont-size:15px;\n}\n<\/style>\n<div  class='av-special-heading av-av_heading-847894469b2b708fa6b9ce3c31877eaa av-special-heading-h3  avia-builder-el-2  el_before_av_hr  avia-builder-el-first '><h3 class='av-special-heading-tag'  itemprop=\"headline\"  >Kadetin ajatuksia 6 \u2013 Kadetin p\u00e4iv\u00e4 Merisotakoululla<\/h3><div class=\"special-heading-border\"><div class=\"special-heading-inner-border\"><\/div><\/div><\/div><br \/>\n\n<style type=\"text\/css\" data-created_by=\"avia_inline_auto\" id=\"style-css-av-k1to1iy9-0b4b8d7a542aef095c0d71f3b4e8b649\">\n#top .hr.hr-invisible.av-k1to1iy9-0b4b8d7a542aef095c0d71f3b4e8b649{\nheight:20px;\n}\n<\/style>\n<div  class='hr av-k1to1iy9-0b4b8d7a542aef095c0d71f3b4e8b649 hr-invisible  avia-builder-el-3  el_after_av_heading  el_before_av_textblock '><span class='hr-inner '><span class=\"hr-inner-style\"><\/span><\/span><\/div><br \/>\n<section  class='av_textblock_section av-k8d08-dea0f25c8df625cf22cbdeac32688808 '   itemscope=\"itemscope\" itemtype=\"https:\/\/schema.org\/BlogPosting\" itemprop=\"blogPost\" ><div class='avia_textblock'  itemprop=\"text\" ><div id=\"attachment_5766\" style=\"width: 258px\" class=\"wp-caption alignright\"><img loading=\"lazy\" decoding=\"async\" aria-describedby=\"caption-attachment-5766\" class=\"size-full wp-image-5766\" src=\"https:\/\/kylkirauta.fi\/wp-content\/uploads\/2022\/02\/Renvall-omakuva.jpg\" alt=\"\" width=\"248\" height=\"281\" \/><p id=\"caption-attachment-5766\" class=\"wp-caption-text\">Kadetti Totti Renvall<\/p><\/div>\n<p>Joululomat on takana ja on ollut aika palata takaisin kuluttamaan koulun penkkej\u00e4. Fyysisesti merikadetit palasivat Merisotakoululle Suomenlinnaan vasta tammikuun viikolla kaksi, sill\u00e4 ensimm\u00e4isen opiskeluviikon vietimme et\u00e4opetuksessa.<\/p>\n<p>Et\u00e4opetus oli merenkulkuenglantia itsen\u00e4isen opiskelun muodossa, joten parhaat kielinikkarit pystyiv\u00e4t pit\u00e4m\u00e4\u00e4n opiskelun alkua l\u00e4hinn\u00e4 loman jatkeena. Allekirjoittanut teki annetut teht\u00e4v\u00e4t tunnollisesti, sill\u00e4 aiempaan merenkulun sanastoon kuuluu l\u00e4hinn\u00e4 &#8221;Pirates of the Caribbean&#8221; -leffoista opitut ilmaukset \u201dArrrgh!\u201d ja \u201dAhoy matey!\u201d.<\/p>\n<p>Toisella viikolla kadetit sitten palasivat Merisotakoululle ja normaali arki alkoi taas py\u00f6rim\u00e4\u00e4n edes hetkellisesti. Omalla kohdallani t\u00e4m\u00e4 tarkoittaa aamuher\u00e4tyst\u00e4 klo 06.20, jonka j\u00e4lkeen l\u00e4hden kadettitoverieni kanssa aamulenkille &#8211; niiden kanssa, jotka jaksavat her\u00e4t\u00e4 siihen aikaan. Lenkki on vain noin kaksi kilometri\u00e4 pitk\u00e4, mutta siin\u00e4 saa kroppaa her\u00e4telty\u00e4 seuraavaan aktiviteettiin eli avantoon.<\/p>\n<p><img loading=\"lazy\" decoding=\"async\" class=\"alignleft wp-image-5759\" src=\"https:\/\/kylkirauta.fi\/wp-content\/uploads\/2022\/02\/Renvall-2-225x300.png\" alt=\"\" width=\"200\" height=\"267\" srcset=\"https:\/\/kylkirauta.fi\/wp-content\/uploads\/2022\/02\/Renvall-2-225x300.png 225w, https:\/\/kylkirauta.fi\/wp-content\/uploads\/2022\/02\/Renvall-2-528x705.png 528w, https:\/\/kylkirauta.fi\/wp-content\/uploads\/2022\/02\/Renvall-2.png 657w\" sizes=\"auto, (max-width: 200px) 100vw, 200px\" \/><\/p>\n<p>Joku hyv\u00e4 haltija tai avantotonttu on tehnyt ihmisen ment\u00e4v\u00e4n rei\u00e4n j\u00e4\u00e4h\u00e4n koulun vieress\u00e4 olevalle Ahvenlaiturille. T\u00e4st\u00e4 avannon poikasesta kadetit ovat ottaneet ilon irti ja joka p\u00e4iv\u00e4 siell\u00e4 k\u00e4y joku pulahtamassa \u2013 min\u00e4 itse mukaan luettuna. Avannon j\u00e4lkeen aloitamme aamutoimet, puemme p\u00e4\u00e4lle palveluspuvun ja suuntaamme aamupalalle.<\/p>\n<p>Raikkaan aamunavauksen j\u00e4lkeen on aamupalan vuoro klo 07.30. Tarjolla on tuoretta leip\u00e4\u00e4, puuroa, marjoja, rahkaa, kahvia, hedelmi\u00e4 yms. Todella tasapainoinen ja maukas ateria. Minulla ei ole mit\u00e4\u00e4n muuta kuin hyv\u00e4\u00e4 sanottavaa Suomenlinnan Leijona-cateringin henkil\u00f6kunnasta ja heid\u00e4n tarjoamastaan ruoasta. Aamupalan ehtii my\u00f6s nauttia aivan rauhassa, sill\u00e4 varsinainen opiskelu alkaa vasta reilu tunti aamupalan j\u00e4lkeen. Kiirett\u00e4 ei tule, jos jaksaa her\u00e4t\u00e4 aikaisin!<\/p>\n<p>P\u00e4iv\u00e4n ensimm\u00e4iset luennot k\u00e4sittelev\u00e4t laivatekniikkaa. Tavoitteena on syvent\u00e4\u00e4 ymm\u00e4rryst\u00e4mme laivan eri osista ja niiden toiminnasta. Opiskelemme muun muassa, mit\u00e4 sis\u00e4ltyy propulsioj\u00e4rjestelm\u00e4\u00e4n, miten aluksen runko rakentuu, mit\u00e4 tarkoitetaan osastoinnilla, mit\u00e4 ominaisuuksia eri metalleilla on sek\u00e4 miten materiaalin valinta vaikuttaa aluksen suorituskykyyn. N\u00e4iden ja vastaavien aiheiden parissa viet\u00e4mme koko p\u00e4iv\u00e4n. V\u00e4liss\u00e4 k\u00e4ymme sy\u00f6m\u00e4ss\u00e4 maittavaa lounasta, jonka taso on v\u00e4hint\u00e4\u00e4nkin sama kuin aamupalalla. Luennot loppuvat viimeist\u00e4\u00e4n klo 15.00, jonka j\u00e4lkeen on itseopiskelun aika.<\/p>\n<p>Kuitenkin ennen itseopiskelua suuntaamme vakioporukalla Merisotakoulun ulkokuntosalille ja puramme p\u00e4iv\u00e4n aikana ker\u00e4\u00e4ntyneen \u201dtietoiskup\u00e4\u00e4ns\u00e4ryn\u201d rautaan! L\u00e4hes jokainen treeni sis\u00e4lt\u00e4\u00e4 maastavetoja, penkki\u00e4 ja leuanvetoja. Rokin soidessa treeni kulkee. Sis\u00e4salien sulkeminen ja pakkanen ei est\u00e4 fyysisen toimintakyvyn kehittymist\u00e4!<\/p>\n<p><img loading=\"lazy\" decoding=\"async\" class=\"alignnone size-full wp-image-5763\" src=\"https:\/\/kylkirauta.fi\/wp-content\/uploads\/2022\/02\/Renvall-7.jpg\" alt=\"\" width=\"1167\" height=\"562\" srcset=\"https:\/\/kylkirauta.fi\/wp-content\/uploads\/2022\/02\/Renvall-7.jpg 1167w, https:\/\/kylkirauta.fi\/wp-content\/uploads\/2022\/02\/Renvall-7-300x144.jpg 300w, https:\/\/kylkirauta.fi\/wp-content\/uploads\/2022\/02\/Renvall-7-1030x496.jpg 1030w, https:\/\/kylkirauta.fi\/wp-content\/uploads\/2022\/02\/Renvall-7-768x370.jpg 768w, https:\/\/kylkirauta.fi\/wp-content\/uploads\/2022\/02\/Renvall-7-705x340.jpg 705w\" sizes=\"auto, (max-width: 1167px) 100vw, 1167px\" \/><\/p>\n<p>Illalla kertaan yleens\u00e4 p\u00e4iv\u00e4ll\u00e4 opittuja aiheita 1-2 tuntia, jonka j\u00e4lkeen rentoudun tupakaverini kanssa sarjoja katsellen tai muiden kadettien kanssa aikaa viett\u00e4en. Noin tuntia ennen nukkumaanmenoa luen kevytt\u00e4 kirjallisuutta, kunnes alkaa silm\u00e4 painamaan. Aamulla alkaa kaikki uudestaan.<\/p>\n<p style=\"text-align: center;\">***<\/p>\n<p><em>Kirjoittaja opiskelee 90. merikadettikurssin merivartiolinjalla.<br \/>\nKuvat kirjoittajan.<\/em><\/p>\n<\/div><\/section><\/p><\/div><div  class='hr av-24tmga-ca34d41ef5ec5fc4314b98a56dee3817 hr-default  avia-builder-el-5  el_after_av_one_full  avia-builder-el-last '><span class='hr-inner '><span class=\"hr-inner-style\"><\/span><\/span><\/div><\/p>\n","protected":false},"excerpt":{"rendered":"","protected":false},"author":3,"featured_media":5757,"comment_status":"closed","ping_status":"closed","sticky":false,"template":"","format":"standard","meta":{"footnotes":""},"categories":[3,96],"tags":[],"class_list":["post-5756","post","type-post","status-publish","format-standard","has-post-thumbnail","hentry","category-blogi","category-blogi-2022"],"yoast_head":"<!-- This site is optimized with the Yoast SEO plugin v27.5 - https:\/\/yoast.com\/product\/yoast-seo-wordpress\/ -->\n<title>Kadetin ajatuksia 6 \u2013 Kadetin p\u00e4iv\u00e4 Merisotakoululla - Kylkirauta<\/title>\n<meta name=\"robots\" content=\"index, follow, max-snippet:-1, max-image-preview:large, max-video-preview:-1\" \/>\n<link rel=\"canonical\" href=\"https:\/\/kylkirauta.fi\/index.php\/2022\/02\/04\/kadetin-ajatuksia-6-kadetin-paiva-merisotakoululla\/\" \/>\n<meta property=\"og:locale\" content=\"fi_FI\" \/>\n<meta property=\"og:type\" content=\"article\" \/>\n<meta property=\"og:title\" content=\"Kadetin ajatuksia 6 \u2013 Kadetin p\u00e4iv\u00e4 Merisotakoululla - Kylkirauta\" \/>\n<meta property=\"og:url\" content=\"https:\/\/kylkirauta.fi\/index.php\/2022\/02\/04\/kadetin-ajatuksia-6-kadetin-paiva-merisotakoululla\/\" \/>\n<meta property=\"og:site_name\" content=\"Kylkirauta\" \/>\n<meta property=\"article:published_time\" content=\"2022-02-04T09:13:20+00:00\" \/>\n<meta property=\"article:modified_time\" content=\"2022-02-04T09:21:34+00:00\" \/>\n<meta property=\"og:image\" content=\"https:\/\/kylkirauta.fi\/wp-content\/uploads\/2022\/02\/MERISK-artikkeli.png\" \/>\n\t<meta property=\"og:image:width\" content=\"843\" \/>\n\t<meta property=\"og:image:height\" content=\"487\" \/>\n\t<meta property=\"og:image:type\" content=\"image\/png\" \/>\n<meta name=\"author\" content=\"Kari Sainio\" \/>\n<meta name=\"twitter:card\" content=\"summary_large_image\" \/>\n<meta name=\"twitter:label1\" content=\"Kirjoittanut\" \/>\n\t<meta name=\"twitter:data1\" content=\"Kari Sainio\" \/>\n\t<meta name=\"twitter:label2\" content=\"Arvioitu lukuaika\" \/>\n\t<meta name=\"twitter:data2\" content=\"5 minuuttia\" \/>\n<script type=\"application\/ld+json\" class=\"yoast-schema-graph\">{\"@context\":\"https:\\\/\\\/schema.org\",\"@graph\":[{\"@type\":\"Article\",\"@id\":\"https:\\\/\\\/kylkirauta.fi\\\/index.php\\\/2022\\\/02\\\/04\\\/kadetin-ajatuksia-6-kadetin-paiva-merisotakoululla\\\/#article\",\"isPartOf\":{\"@id\":\"https:\\\/\\\/kylkirauta.fi\\\/index.php\\\/2022\\\/02\\\/04\\\/kadetin-ajatuksia-6-kadetin-paiva-merisotakoululla\\\/\"},\"author\":{\"name\":\"Kari Sainio\",\"@id\":\"https:\\\/\\\/kylkirauta.fi\\\/#\\\/schema\\\/person\\\/714ab39a349c656b20d60a239be1d6f6\"},\"headline\":\"Kadetin ajatuksia 6 \u2013 Kadetin p\u00e4iv\u00e4 Merisotakoululla\",\"datePublished\":\"2022-02-04T09:13:20+00:00\",\"dateModified\":\"2022-02-04T09:21:34+00:00\",\"mainEntityOfPage\":{\"@id\":\"https:\\\/\\\/kylkirauta.fi\\\/index.php\\\/2022\\\/02\\\/04\\\/kadetin-ajatuksia-6-kadetin-paiva-merisotakoululla\\\/\"},\"wordCount\":830,\"image\":{\"@id\":\"https:\\\/\\\/kylkirauta.fi\\\/index.php\\\/2022\\\/02\\\/04\\\/kadetin-ajatuksia-6-kadetin-paiva-merisotakoululla\\\/#primaryimage\"},\"thumbnailUrl\":\"https:\\\/\\\/kylkirauta.fi\\\/wp-content\\\/uploads\\\/2022\\\/02\\\/MERISK-artikkeli.png\",\"articleSection\":[\"Blogi\",\"Blogi 2022\"],\"inLanguage\":\"fi\"},{\"@type\":\"WebPage\",\"@id\":\"https:\\\/\\\/kylkirauta.fi\\\/index.php\\\/2022\\\/02\\\/04\\\/kadetin-ajatuksia-6-kadetin-paiva-merisotakoululla\\\/\",\"url\":\"https:\\\/\\\/kylkirauta.fi\\\/index.php\\\/2022\\\/02\\\/04\\\/kadetin-ajatuksia-6-kadetin-paiva-merisotakoululla\\\/\",\"name\":\"Kadetin ajatuksia 6 \u2013 Kadetin p\u00e4iv\u00e4 Merisotakoululla - Kylkirauta\",\"isPartOf\":{\"@id\":\"https:\\\/\\\/kylkirauta.fi\\\/#website\"},\"primaryImageOfPage\":{\"@id\":\"https:\\\/\\\/kylkirauta.fi\\\/index.php\\\/2022\\\/02\\\/04\\\/kadetin-ajatuksia-6-kadetin-paiva-merisotakoululla\\\/#primaryimage\"},\"image\":{\"@id\":\"https:\\\/\\\/kylkirauta.fi\\\/index.php\\\/2022\\\/02\\\/04\\\/kadetin-ajatuksia-6-kadetin-paiva-merisotakoululla\\\/#primaryimage\"},\"thumbnailUrl\":\"https:\\\/\\\/kylkirauta.fi\\\/wp-content\\\/uploads\\\/2022\\\/02\\\/MERISK-artikkeli.png\",\"datePublished\":\"2022-02-04T09:13:20+00:00\",\"dateModified\":\"2022-02-04T09:21:34+00:00\",\"author\":{\"@id\":\"https:\\\/\\\/kylkirauta.fi\\\/#\\\/schema\\\/person\\\/714ab39a349c656b20d60a239be1d6f6\"},\"breadcrumb\":{\"@id\":\"https:\\\/\\\/kylkirauta.fi\\\/index.php\\\/2022\\\/02\\\/04\\\/kadetin-ajatuksia-6-kadetin-paiva-merisotakoululla\\\/#breadcrumb\"},\"inLanguage\":\"fi\",\"potentialAction\":[{\"@type\":\"ReadAction\",\"target\":[\"https:\\\/\\\/kylkirauta.fi\\\/index.php\\\/2022\\\/02\\\/04\\\/kadetin-ajatuksia-6-kadetin-paiva-merisotakoululla\\\/\"]}]},{\"@type\":\"ImageObject\",\"inLanguage\":\"fi\",\"@id\":\"https:\\\/\\\/kylkirauta.fi\\\/index.php\\\/2022\\\/02\\\/04\\\/kadetin-ajatuksia-6-kadetin-paiva-merisotakoululla\\\/#primaryimage\",\"url\":\"https:\\\/\\\/kylkirauta.fi\\\/wp-content\\\/uploads\\\/2022\\\/02\\\/MERISK-artikkeli.png\",\"contentUrl\":\"https:\\\/\\\/kylkirauta.fi\\\/wp-content\\\/uploads\\\/2022\\\/02\\\/MERISK-artikkeli.png\",\"width\":843,\"height\":487},{\"@type\":\"BreadcrumbList\",\"@id\":\"https:\\\/\\\/kylkirauta.fi\\\/index.php\\\/2022\\\/02\\\/04\\\/kadetin-ajatuksia-6-kadetin-paiva-merisotakoululla\\\/#breadcrumb\",\"itemListElement\":[{\"@type\":\"ListItem\",\"position\":1,\"name\":\"Home\",\"item\":\"https:\\\/\\\/kylkirauta.fi\\\/index.php\\\/home\\\/\"},{\"@type\":\"ListItem\",\"position\":2,\"name\":\"Kadetin ajatuksia 6 \u2013 Kadetin p\u00e4iv\u00e4 Merisotakoululla\"}]},{\"@type\":\"WebSite\",\"@id\":\"https:\\\/\\\/kylkirauta.fi\\\/#website\",\"url\":\"https:\\\/\\\/kylkirauta.fi\\\/\",\"name\":\"Kylkirauta\",\"description\":\"Kadettiupseerit yhteiskunnan palveluksessa\",\"potentialAction\":[{\"@type\":\"SearchAction\",\"target\":{\"@type\":\"EntryPoint\",\"urlTemplate\":\"https:\\\/\\\/kylkirauta.fi\\\/?s={search_term_string}\"},\"query-input\":{\"@type\":\"PropertyValueSpecification\",\"valueRequired\":true,\"valueName\":\"search_term_string\"}}],\"inLanguage\":\"fi\"},{\"@type\":\"Person\",\"@id\":\"https:\\\/\\\/kylkirauta.fi\\\/#\\\/schema\\\/person\\\/714ab39a349c656b20d60a239be1d6f6\",\"name\":\"Kari Sainio\",\"sameAs\":[\"http:\\\/\\\/www.kylkirauta.fi\"],\"url\":\"https:\\\/\\\/kylkirauta.fi\\\/index.php\\\/author\\\/karisain\\\/\"}]}<\/script>\n<!-- \/ Yoast SEO plugin. -->","yoast_head_json":{"title":"Kadetin ajatuksia 6 \u2013 Kadetin p\u00e4iv\u00e4 Merisotakoululla - Kylkirauta","robots":{"index":"index","follow":"follow","max-snippet":"max-snippet:-1","max-image-preview":"max-image-preview:large","max-video-preview":"max-video-preview:-1"},"canonical":"https:\/\/kylkirauta.fi\/index.php\/2022\/02\/04\/kadetin-ajatuksia-6-kadetin-paiva-merisotakoululla\/","og_locale":"fi_FI","og_type":"article","og_title":"Kadetin ajatuksia 6 \u2013 Kadetin p\u00e4iv\u00e4 Merisotakoululla - Kylkirauta","og_url":"https:\/\/kylkirauta.fi\/index.php\/2022\/02\/04\/kadetin-ajatuksia-6-kadetin-paiva-merisotakoululla\/","og_site_name":"Kylkirauta","article_published_time":"2022-02-04T09:13:20+00:00","article_modified_time":"2022-02-04T09:21:34+00:00","og_image":[{"width":843,"height":487,"url":"https:\/\/kylkirauta.fi\/wp-content\/uploads\/2022\/02\/MERISK-artikkeli.png","type":"image\/png"}],"author":"Kari Sainio","twitter_card":"summary_large_image","twitter_misc":{"Kirjoittanut":"Kari Sainio","Arvioitu lukuaika":"5 minuuttia"},"schema":{"@context":"https:\/\/schema.org","@graph":[{"@type":"Article","@id":"https:\/\/kylkirauta.fi\/index.php\/2022\/02\/04\/kadetin-ajatuksia-6-kadetin-paiva-merisotakoululla\/#article","isPartOf":{"@id":"https:\/\/kylkirauta.fi\/index.php\/2022\/02\/04\/kadetin-ajatuksia-6-kadetin-paiva-merisotakoululla\/"},"author":{"name":"Kari Sainio","@id":"https:\/\/kylkirauta.fi\/#\/schema\/person\/714ab39a349c656b20d60a239be1d6f6"},"headline":"Kadetin ajatuksia 6 \u2013 Kadetin p\u00e4iv\u00e4 Merisotakoululla","datePublished":"2022-02-04T09:13:20+00:00","dateModified":"2022-02-04T09:21:34+00:00","mainEntityOfPage":{"@id":"https:\/\/kylkirauta.fi\/index.php\/2022\/02\/04\/kadetin-ajatuksia-6-kadetin-paiva-merisotakoululla\/"},"wordCount":830,"image":{"@id":"https:\/\/kylkirauta.fi\/index.php\/2022\/02\/04\/kadetin-ajatuksia-6-kadetin-paiva-merisotakoululla\/#primaryimage"},"thumbnailUrl":"https:\/\/kylkirauta.fi\/wp-content\/uploads\/2022\/02\/MERISK-artikkeli.png","articleSection":["Blogi","Blogi 2022"],"inLanguage":"fi"},{"@type":"WebPage","@id":"https:\/\/kylkirauta.fi\/index.php\/2022\/02\/04\/kadetin-ajatuksia-6-kadetin-paiva-merisotakoululla\/","url":"https:\/\/kylkirauta.fi\/index.php\/2022\/02\/04\/kadetin-ajatuksia-6-kadetin-paiva-merisotakoululla\/","name":"Kadetin ajatuksia 6 \u2013 Kadetin p\u00e4iv\u00e4 Merisotakoululla - Kylkirauta","isPartOf":{"@id":"https:\/\/kylkirauta.fi\/#website"},"primaryImageOfPage":{"@id":"https:\/\/kylkirauta.fi\/index.php\/2022\/02\/04\/kadetin-ajatuksia-6-kadetin-paiva-merisotakoululla\/#primaryimage"},"image":{"@id":"https:\/\/kylkirauta.fi\/index.php\/2022\/02\/04\/kadetin-ajatuksia-6-kadetin-paiva-merisotakoululla\/#primaryimage"},"thumbnailUrl":"https:\/\/kylkirauta.fi\/wp-content\/uploads\/2022\/02\/MERISK-artikkeli.png","datePublished":"2022-02-04T09:13:20+00:00","dateModified":"2022-02-04T09:21:34+00:00","author":{"@id":"https:\/\/kylkirauta.fi\/#\/schema\/person\/714ab39a349c656b20d60a239be1d6f6"},"breadcrumb":{"@id":"https:\/\/kylkirauta.fi\/index.php\/2022\/02\/04\/kadetin-ajatuksia-6-kadetin-paiva-merisotakoululla\/#breadcrumb"},"inLanguage":"fi","potentialAction":[{"@type":"ReadAction","target":["https:\/\/kylkirauta.fi\/index.php\/2022\/02\/04\/kadetin-ajatuksia-6-kadetin-paiva-merisotakoululla\/"]}]},{"@type":"ImageObject","inLanguage":"fi","@id":"https:\/\/kylkirauta.fi\/index.php\/2022\/02\/04\/kadetin-ajatuksia-6-kadetin-paiva-merisotakoululla\/#primaryimage","url":"https:\/\/kylkirauta.fi\/wp-content\/uploads\/2022\/02\/MERISK-artikkeli.png","contentUrl":"https:\/\/kylkirauta.fi\/wp-content\/uploads\/2022\/02\/MERISK-artikkeli.png","width":843,"height":487},{"@type":"BreadcrumbList","@id":"https:\/\/kylkirauta.fi\/index.php\/2022\/02\/04\/kadetin-ajatuksia-6-kadetin-paiva-merisotakoululla\/#breadcrumb","itemListElement":[{"@type":"ListItem","position":1,"name":"Home","item":"https:\/\/kylkirauta.fi\/index.php\/home\/"},{"@type":"ListItem","position":2,"name":"Kadetin ajatuksia 6 \u2013 Kadetin p\u00e4iv\u00e4 Merisotakoululla"}]},{"@type":"WebSite","@id":"https:\/\/kylkirauta.fi\/#website","url":"https:\/\/kylkirauta.fi\/","name":"Kylkirauta","description":"Kadettiupseerit yhteiskunnan palveluksessa","potentialAction":[{"@type":"SearchAction","target":{"@type":"EntryPoint","urlTemplate":"https:\/\/kylkirauta.fi\/?s={search_term_string}"},"query-input":{"@type":"PropertyValueSpecification","valueRequired":true,"valueName":"search_term_string"}}],"inLanguage":"fi"},{"@type":"Person","@id":"https:\/\/kylkirauta.fi\/#\/schema\/person\/714ab39a349c656b20d60a239be1d6f6","name":"Kari Sainio","sameAs":["http:\/\/www.kylkirauta.fi"],"url":"https:\/\/kylkirauta.fi\/index.php\/author\/karisain\/"}]}},"_links":{"self":[{"href":"https:\/\/kylkirauta.fi\/index.php\/wp-json\/wp\/v2\/posts\/5756","targetHints":{"allow":["GET"]}}],"collection":[{"href":"https:\/\/kylkirauta.fi\/index.php\/wp-json\/wp\/v2\/posts"}],"about":[{"href":"https:\/\/kylkirauta.fi\/index.php\/wp-json\/wp\/v2\/types\/post"}],"author":[{"embeddable":true,"href":"https:\/\/kylkirauta.fi\/index.php\/wp-json\/wp\/v2\/users\/3"}],"replies":[{"embeddable":true,"href":"https:\/\/kylkirauta.fi\/index.php\/wp-json\/wp\/v2\/comments?post=5756"}],"version-history":[{"count":6,"href":"https:\/\/kylkirauta.fi\/index.php\/wp-json\/wp\/v2\/posts\/5756\/revisions"}],"predecessor-version":[{"id":5770,"href":"https:\/\/kylkirauta.fi\/index.php\/wp-json\/wp\/v2\/posts\/5756\/revisions\/5770"}],"wp:featuredmedia":[{"embeddable":true,"href":"https:\/\/kylkirauta.fi\/index.php\/wp-json\/wp\/v2\/media\/5757"}],"wp:attachment":[{"href":"https:\/\/kylkirauta.fi\/index.php\/wp-json\/wp\/v2\/media?parent=5756"}],"wp:term":[{"taxonomy":"category","embeddable":true,"href":"https:\/\/kylkirauta.fi\/index.php\/wp-json\/wp\/v2\/categories?post=5756"},{"taxonomy":"post_tag","embeddable":true,"href":"https:\/\/kylkirauta.fi\/index.php\/wp-json\/wp\/v2\/tags?post=5756"}],"curies":[{"name":"wp","href":"https:\/\/api.w.org\/{rel}","templated":true}]}}