{"id":562,"date":"2019-01-07T17:17:00","date_gmt":"2019-01-07T17:17:00","guid":{"rendered":"https:\/\/kylkirauta.fi\/?p=562"},"modified":"2020-01-26T10:39:59","modified_gmt":"2020-01-26T10:39:59","slug":"kysely-ruotsissa-maa-menossa-huonompaan-suuntaan","status":"publish","type":"post","link":"https:\/\/kylkirauta.fi\/index.php\/2019\/01\/07\/kysely-ruotsissa-maa-menossa-huonompaan-suuntaan\/","title":{"rendered":"Risto Sinkko: Kysely Ruotsissa \u2013 maa menossa huonompaan suuntaan"},"content":{"rendered":"<div id='full_slider_1'  class='avia-fullwidth-slider main_color avia-shadow   avia-builder-el-0  el_before_av_one_full  avia-builder-el-first   container_wrap sidebar_right'  ><div  class='avia-slideshow av-l9olo-34f89e96fc3de7b9b51c14c99ace17a4 avia-slideshow-featured av_slideshow_full avia-slide-slider av-slideshow-ui av-control-default av-slideshow-manual av-loop-once av-loop-manual-endless av-default-height-applied   avia-slideshow-1' data-slideshow-options=\"{&quot;animation&quot;:&quot;slide&quot;,&quot;autoplay&quot;:false,&quot;loop_autoplay&quot;:&quot;once&quot;,&quot;interval&quot;:5,&quot;loop_manual&quot;:&quot;manual-endless&quot;,&quot;autoplay_stopper&quot;:false,&quot;noNavigation&quot;:false,&quot;bg_slider&quot;:false,&quot;keep_padding&quot;:false,&quot;hoverpause&quot;:false,&quot;show_slide_delay&quot;:0}\"  itemprop=\"image\" itemscope=\"itemscope\" itemtype=\"https:\/\/schema.org\/ImageObject\" ><ul class='avia-slideshow-inner ' style='padding-bottom: 28.666666666667%;'><li  class='avia-slideshow-slide av-l9olo-34f89e96fc3de7b9b51c14c99ace17a4__0  av-single-slide slide-1 slide-odd'><div data-rel='slideshow-1' class='avia-slide-wrap '   ><img decoding=\"async\" fetchpriority=\"high\" class=\"wp-image-54 avia-img-lazy-loading-not-54\"  src=\"https:\/\/kylkirauta.fi\/wp-content\/uploads\/2019\/10\/otsake-kuva_1500x430-1500x430.png\" width=\"1500\" height=\"430\" title='otsake-kuva_1500x430' alt=''  itemprop=\"thumbnailUrl\" srcset=\"https:\/\/kylkirauta.fi\/wp-content\/uploads\/2019\/10\/otsake-kuva_1500x430-1500x430.png 1500w, https:\/\/kylkirauta.fi\/wp-content\/uploads\/2019\/10\/otsake-kuva_1500x430-300x86.png 300w, https:\/\/kylkirauta.fi\/wp-content\/uploads\/2019\/10\/otsake-kuva_1500x430-768x220.png 768w, https:\/\/kylkirauta.fi\/wp-content\/uploads\/2019\/10\/otsake-kuva_1500x430-1030x295.png 1030w, https:\/\/kylkirauta.fi\/wp-content\/uploads\/2019\/10\/otsake-kuva_1500x430-705x202.png 705w, https:\/\/kylkirauta.fi\/wp-content\/uploads\/2019\/10\/otsake-kuva_1500x430.png 1817w\" sizes=\"(max-width: 1500px) 100vw, 1500px\" \/><\/div><\/li><\/ul><\/div><\/div><div id='after_full_slider_1'  class='main_color av_default_container_wrap container_wrap sidebar_right'  ><div class='container av-section-cont-open' ><div class='template-page content  av-content-small alpha units'><div class='post-entry post-entry-type-page post-entry-562'><div class='entry-content-wrapper clearfix'>\n\n<style type=\"text\/css\" data-created_by=\"avia_inline_auto\" id=\"style-css-av-km4zs-0614ada41eb3461e6efbb361dfbae970\">\n.flex_column.av-km4zs-0614ada41eb3461e6efbb361dfbae970{\nborder-radius:0px 0px 0px 0px;\npadding:0px 0px 0px 0px;\n}\n<\/style>\n<div  class='flex_column av-km4zs-0614ada41eb3461e6efbb361dfbae970 av_one_full  avia-builder-el-1  el_after_av_slideshow_full  el_before_av_hr  avia-builder-el-first  first flex_column_div av-zero-column-padding  '     ><p>\n<style type=\"text\/css\" data-created_by=\"avia_inline_auto\" id=\"style-css-av-av_heading-a9f6f2ed4f78879820ae060b7b2af4cf\">\n#top .av-special-heading.av-av_heading-a9f6f2ed4f78879820ae060b7b2af4cf{\npadding-bottom:10px;\n}\nbody .av-special-heading.av-av_heading-a9f6f2ed4f78879820ae060b7b2af4cf .av-special-heading-tag .heading-char{\nfont-size:25px;\n}\n.av-special-heading.av-av_heading-a9f6f2ed4f78879820ae060b7b2af4cf .av-subheading{\nfont-size:15px;\n}\n<\/style>\n<div  class='av-special-heading av-av_heading-a9f6f2ed4f78879820ae060b7b2af4cf av-special-heading-h3  avia-builder-el-2  el_before_av_hr  avia-builder-el-first '><h3 class='av-special-heading-tag'  itemprop=\"headline\"  >Kysely Ruotsissa \u2013 maa menossa huonompaan suuntaan<\/h3><div class=\"special-heading-border\"><div class=\"special-heading-inner-border\"><\/div><\/div><\/div><br \/>\n\n<style type=\"text\/css\" data-created_by=\"avia_inline_auto\" id=\"style-css-av-k5m7b9te-01401dd5e8beb25770de1be03f41ecf3\">\n#top .hr.hr-invisible.av-k5m7b9te-01401dd5e8beb25770de1be03f41ecf3{\nheight:30px;\n}\n<\/style>\n<div  class='hr av-k5m7b9te-01401dd5e8beb25770de1be03f41ecf3 hr-invisible  avia-builder-el-3  el_after_av_heading  el_before_av_textblock '><span class='hr-inner '><span class=\"hr-inner-style\"><\/span><\/span><\/div><br \/>\n<section  class='av_textblock_section av-k8d08-dea0f25c8df625cf22cbdeac32688808 '   itemscope=\"itemscope\" itemtype=\"https:\/\/schema.org\/BlogPosting\" itemprop=\"blogPost\" ><div class='avia_textblock'  itemprop=\"text\" ><div id=\"attachment_459\" style=\"width: 140px\" class=\"wp-caption alignleft\"><img loading=\"lazy\" decoding=\"async\" aria-describedby=\"caption-attachment-459\" class=\"wp-image-459\" src=\"https:\/\/kylkirauta.fi\/wp-content\/uploads\/2019\/10\/Sinkko_uusi.jpeg\" alt=\"\" width=\"130\" height=\"177\" srcset=\"https:\/\/kylkirauta.fi\/wp-content\/uploads\/2019\/10\/Sinkko_uusi.jpeg 369w, https:\/\/kylkirauta.fi\/wp-content\/uploads\/2019\/10\/Sinkko_uusi-221x300.jpeg 221w\" sizes=\"auto, (max-width: 130px) 100vw, 130px\" \/><p id=\"caption-attachment-459\" class=\"wp-caption-text\">ST Risto Sinkko<\/p><\/div>\n<p>Ruotsissa perinteist\u00e4 maanpuolustuskysely\u00e4 hoitaa\u00a0<a href=\"https:\/\/www.msb.se\/\" target=\"_blank\" rel=\"noopener noreferrer\">Myndigheten f\u00f6r samh\u00e4llsskydd och beredskap (MSB, linkki)<\/a>. Sen\u00a0<a href=\"https:\/\/www.msb.se\/Upload\/Kunskapsbank\/Statistik_larande\/Opinioner\/Opinioner%202018.pdf\" target=\"_blank\" rel=\"noopener noreferrer\">Opinioner-raportti (linkki)<\/a>\u00a0ilmestyi joulun alla. MSB on Maanpuolustustiedotuksen suunnittelukunnan (MTS) l\u00e4heinen yhteisty\u00f6kumppani Ruotsissa ja maanpuolustukseen liittyv\u00e4t kansalaiskyselyt muistuttavat molemmissa maissa toisiaan.<\/p>\n<p>Ruotsin hallitus havahtui lis\u00e4\u00e4m\u00e4\u00e4n MSB:n rahoitusta vuoden 2014 Krimin ja Ukrainan tapahtumien j\u00e4lkeen ja my\u00f6s sen puheenjohtaja vaihdettiin. Ennest\u00e4\u00e4nkin toki MSB:n resurssit tutkimustoimintaan ovat olleet suuremmat kuin MTS:n ja kansalaiskyselyss\u00e4 esitet\u00e4\u00e4n enemm\u00e4n kysymyksi\u00e4. Kysymykset liittyv\u00e4t kaikkiin MSB:n toiminnan aloihin. Opinioner-tutkimus on ainoa MSB:n vuosittain toteuttama toistuva mielipidekysely. MSB:n tutkimusbudjetti on vuosittain 110-120 miljoonaa kruunua.<\/p>\n<p>MSB:n toimialaan kuuluvat kaikki kriisit ja onnettomuustilanteet. Sill\u00e4 on teht\u00e4vi\u00e4 my\u00f6s siviilipuolustuksen alalla ja muun muassa kyberturvallisuudessa. Henkil\u00f6it\u00e4 sen palveluksessa on nettisivun mukaan 850.<\/p>\n<p>Ruotsalaista ajattelua kuvaa hyvin kysymys siit\u00e4 n\u00e4kev\u00e4tk\u00f6 kansalaiset maan tulevaisuudessa parempana vai huonompana asua. Vastaajista 90 % pit\u00e4\u00e4 maataan t\u00e4ll\u00e4 hetkell\u00e4 hyv\u00e4n\u00e4. Kuitenkin viiden vuoden kuluessa 41 % arvioi tilanteen olevan huonompi. Suuren maahanmuuton vuonna 2015 n\u00e4in ajattelevia oli 50 %.<\/p>\n<p>Kansalaisia huolestuttavia ilmi\u00f6it\u00e4 kysytt\u00e4ess\u00e4 etusijalle nousi organisoitu kansainv\u00e4linen rikollisuus (71 %). Kuitenkin tarkasteltaessa hyvin huolestuneiden (<em>mycket oroad<\/em>) osuutta suurimmaksi (32 %) osuudeksi tuli suuret pakolaism\u00e4\u00e4r\u00e4t (<em>stora flyktingstr\u00f6mmar<\/em>).<\/p>\n<p><em><strong>Ven\u00e4j\u00e4 uhkana<\/strong><\/em><\/p>\n<p>Muutokset ymp\u00e4r\u00f6iv\u00e4n maailman turvallisuusuhkissa Ven\u00e4j\u00e4n vuoden 2014 Krimin ja Ukrainan toiminnan j\u00e4lkeen j\u00e4rkyttiv\u00e4t ruotsalaisia hyvin samaan tapaan kuin suomalaisiakin. Vuoden 2014 tutkimuksessa 86 % ruotsalaisista vastaajista oli sit\u00e4 mielt\u00e4, ett\u00e4 Ven\u00e4j\u00e4 on ongelma rauhalle ja turvallisuudelle. Viime vuonna vastaava osuus oli edelleen 80 %.<\/p>\n<p>Alla olevasta kuviosta n\u00e4hd\u00e4\u00e4n, ett\u00e4 vuoden 2008 Georgian sota aiheutti tietyn heilahduksen ruotsalaisten turvattomuuden tunteessa. Vaikutus kuitenkin h\u00e4visi seuraavaan vuoteen tultaessa toisin kuin pysyv\u00e4ksi j\u00e4\u00e4nyt tilanne vuoden 2014 j\u00e4lkeen. Sama havainto voidaan tehd\u00e4 my\u00f6s vastaajien n\u00e4kemyksist\u00e4 siit\u00e4, onko sotilaallinen tilanne muuttunut l\u00e4hiymp\u00e4rist\u00f6ss\u00e4 turvattomammaksi viimeksi kuluneiden kymmenen vuoden aikana.<\/p>\n<p>Sama ilmi\u00f6 on n\u00e4ht\u00e4viss\u00e4 Ven\u00e4j\u00e4\u00e4 koskevissa kysymyksiss\u00e4 my\u00f6s MTS:n raporteissa. Kummankin toimijan tutkimuksissa hyv\u00e4n\u00e4 piirteen\u00e4 voidaan pit\u00e4\u00e4 sit\u00e4, ett\u00e4 tilanteen ja ymp\u00e4rist\u00f6n muutosta tarkastellaan monesta eri n\u00e4k\u00f6kulmasta. Vastaajat sanovat mielipiteens\u00e4 yleens\u00e4 maailman turvallisuudesta, l\u00e4hiymp\u00e4rist\u00f6n sotilaallisesta turvallisuudesta, kehityksest\u00e4 Ven\u00e4j\u00e4ll\u00e4 sek\u00e4 Ven\u00e4j\u00e4n ja muiden toimijoiden vaikutuksesta turvallisuuteen tai turvattomuuteen. Empiiristen tutkimusten n\u00e4k\u00f6kulmasta saadun tuloksen reliabiliteetti kasvaa kun yht\u00e4 asiaa tutkitaan monella eri mittarilla ja niiden yhdistelm\u00e4ll\u00e4.<\/p>\n<p><strong><em>Asevelvollisuus ja maanpuolustus<\/em><\/strong><\/p>\n<p>Yleisen asevelvollisuuden arvostus ruotsalaisten mielipiteiss\u00e4 on kasvanut koko 2010-luvun ajan. Vuonna 2011 vastaajista 47 % oli sit\u00e4 mielt\u00e4, ett\u00e4 yleinen asevelvollisuus on t\u00e4rke\u00e4 uskottavan puolustuksen kannalta. Vuoden 2018 tutkimuksessa n\u00e4in ajattelevien osuus oli 70 %.<\/p>\n<p>Yleisen asevelvollisuuden arvostus on kasvanut riippumatta siit\u00e4, ett\u00e4 valtion p\u00e4\u00e4t\u00f6kset asevelvollisuudesta ovat vaihdelleet \u2013 kuten muistamme. Rauhanaikaisesta yleisest\u00e4 asevelvollisuudesta luovuttiin vuonna 2010 hallituksen p\u00e4\u00e4t\u00f6ksell\u00e4. Vapaaehtoisuuteen perustuva ammattiarmeijan rekrytointi ei kuitenkaan toiminut ja asevelvollisuus palautettiin 2017. K\u00e4yt\u00e4nn\u00f6ss\u00e4 asevelvollisuusj\u00e4rjestelm\u00e4 perustuu kuitenkin vapaaehtoisuuteen. Nykyj\u00e4rjestelm\u00e4\u00e4 kannattaa 68 % tutkituista.<\/p>\n<p>Vuonna 2014 ruotsalaisten kannatus Natoon liittymiselle oli huipussaan (46 %) ja on laskenut siit\u00e4 viime vuoden lukemaan 42 %. J\u00e4senyytt\u00e4 vastaan oli 32 % vastaajista. Olennainen muutos viime vuosina on ehk\u00e4 se, ett\u00e4 kannastaan ep\u00e4varmojen osuus kasvanut ja oli nyt 24 %.<\/p>\n<p>Vuoden 2014 j\u00e4lkeen ruotsalaisten enemmist\u00f6 on ollut sit\u00e4 mielt\u00e4, ett\u00e4 maanpuolustuksen m\u00e4\u00e4r\u00e4rahoja on korotettava. Vuonna 2013 n\u00e4in sanovien osuus oli 38 %, vuonna 2014 osuus oli 57 % ja nyt julkaistussa kyselyss\u00e4 54 %. Kuitenkin 78 % vastaajista on sit\u00e4 mielt\u00e4, ett\u00e4 Ruotsilla ei ole riitt\u00e4v\u00e4\u00e4 valmiutta torjuntaan, jos maahan kohdistuisi aseellinen hy\u00f6kk\u00e4ys.<\/p>\n<p><em><strong>Tutkimus ulkoistettu<\/strong><\/em><\/p>\n<p>MSB ei itse tee vuosittaista mielipidekysely\u00e4, vaan sen toteuttaa Attityd i Karlstad AB. Tutkimuksen tietojenkeruu on tehty nettihaastatteluina marraskuun alussa 2018 tavoitteena haastatella 1000 vastaajaa. Vastaukset on painotettu edustamaan 18\u201375 -vuotiasta Ruotsin v\u00e4est\u00f6\u00e4.<\/p>\n<p><em><a href=\"https:\/\/www.msb.se\/Upload\/Kunskapsbank\/Statistik_larande\/Opinioner\/Opinioner%202018.pdf\" target=\"_blank\" rel=\"noopener noreferrer\">Linkki MSB:n Opinioner-kyselyyn.<\/a><\/em><\/p>\n<p><strong><em>Risto Sinkko<\/em><\/strong><br \/>\n<em>ST, Senior Analyst, Insight360 Oy<\/em><\/p>\n<\/div><\/section><\/p><\/div><div  class='hr av-6zsyz-b471ba5482e75b0a604afa4166a853a5 hr-default  avia-builder-el-5  el_after_av_one_full  el_before_av_blog '><span class='hr-inner '><span class=\"hr-inner-style\"><\/span><\/span><\/div><\/p>\n<div  class='av-alb-blogposts template-blog  '  itemscope=\"itemscope\" itemtype=\"https:\/\/schema.org\/Blog\" ><article class=\"post-entry post-entry-type-standard post-entry-8921 post-loop-1 post-parity-odd bloglist-simple with-slider post-8921 post type-post status-publish format-standard has-post-thumbnail hentry category-artikkeli category-artikkeli-2026\"  itemscope=\"itemscope\" itemtype=\"https:\/\/schema.org\/BlogPosting\" ><div class=\"blog-meta\"><\/div><div class='entry-content-wrapper clearfix standard-content'><header class=\"entry-content-header\"><h2 class='post-title entry-title '  itemprop=\"headline\" ><a href=\"https:\/\/kylkirauta.fi\/index.php\/2026\/04\/20\/kaaderilaulajien-julkaisutoiminta\/\" rel=\"bookmark\" title=\"Permanent Link: Kaaderilaulajien julkaisutoiminta\">Kaaderilaulajien julkaisutoiminta<span class=\"post-format-icon minor-meta\"><\/span><\/a><\/h2><span class=\"post-meta-infos\"><time class=\"date-container minor-meta updated\"  itemprop=\"datePublished\" datetime=\"2026-04-20T15:45:24+03:00\" >20.4.2026<\/time><span class=\"text-sep\">\/<\/span><span class=\"blog-categories minor-meta\">in <a href=\"https:\/\/kylkirauta.fi\/index.php\/category\/artikkeli\/\" rel=\"tag\">Artikkeli<\/a>, <a href=\"https:\/\/kylkirauta.fi\/index.php\/category\/artikkeli-2026\/\" rel=\"tag\">Artikkeli 2026<\/a><\/span><span class=\"text-sep\">\/<\/span><span class=\"blog-author minor-meta\">by <span class=\"entry-author-link\"  itemprop=\"author\" ><span class=\"author\"><span class=\"fn\"><a href=\"https:\/\/kylkirauta.fi\/index.php\/author\/karisain\/\" title=\"Kirjoittanut: Kari Sainio\" rel=\"author\">Kari Sainio<\/a><\/span><\/span><\/span><\/span><div class=\"read-more-link\"><a href=\"https:\/\/kylkirauta.fi\/index.php\/2026\/04\/20\/kaaderilaulajien-julkaisutoiminta\/\" class=\"more-link\">Read more<span class=\"more-link-arrow\"><\/span><\/a><\/div><\/span><\/header><footer class=\"entry-footer\"><\/footer><div class='post_delimiter'><\/div><\/div><div class=\"post_author_timeline\"><\/div><span class='hidden'>\n\t\t\t\t<span class='av-structured-data'  itemprop=\"image\" itemscope=\"itemscope\" itemtype=\"https:\/\/schema.org\/ImageObject\" >\n\t\t\t\t\t\t<span itemprop='url'>https:\/\/kylkirauta.fi\/wp-content\/uploads\/2026\/04\/Artikkeli-4-2026-2.jpg<\/span>\n\t\t\t\t\t\t<span itemprop='height'>487<\/span>\n\t\t\t\t\t\t<span itemprop='width'>843<\/span>\n\t\t\t\t<\/span>\n\t\t\t\t<span class='av-structured-data'  itemprop=\"publisher\" itemtype=\"https:\/\/schema.org\/Organization\" itemscope=\"itemscope\" >\n\t\t\t\t\t\t<span itemprop='name'>Kari Sainio<\/span>\n\t\t\t\t\t\t<span itemprop='logo' itemscope itemtype='https:\/\/schema.org\/ImageObject'>\n\t\t\t\t\t\t\t<span itemprop='url'>https:\/\/kylkirauta.fi\/wp-content\/uploads\/2020\/02\/kkunta_weblogo-100x100-1.png<\/span>\n\t\t\t\t\t\t<\/span>\n\t\t\t\t<\/span><span class='av-structured-data'  itemprop=\"author\" itemscope=\"itemscope\" itemtype=\"https:\/\/schema.org\/Person\" ><span itemprop='name'>Kari Sainio<\/span><\/span><span class='av-structured-data'  itemprop=\"datePublished\" datetime=\"2026-04-20T15:45:24+03:00\" >2026-04-20 15:45:24<\/span><span class='av-structured-data'  itemprop=\"dateModified\" itemtype=\"https:\/\/schema.org\/dateModified\" >2026-04-20 15:45:24<\/span><span class='av-structured-data'  itemprop=\"mainEntityOfPage\" itemtype=\"https:\/\/schema.org\/mainEntityOfPage\" ><span itemprop='name'>Kaaderilaulajien julkaisutoiminta<\/span><\/span><\/span><\/article><article class=\"post-entry post-entry-type-standard post-entry-8884 post-loop-2 post-parity-even bloglist-simple with-slider post-8884 post type-post status-publish format-standard has-post-thumbnail hentry category-artikkeli category-artikkeli-2026\"  itemscope=\"itemscope\" itemtype=\"https:\/\/schema.org\/BlogPosting\" ><div class=\"blog-meta\"><\/div><div class='entry-content-wrapper clearfix standard-content'><header class=\"entry-content-header\"><h2 class='post-title entry-title '  itemprop=\"headline\" ><a href=\"https:\/\/kylkirauta.fi\/index.php\/2026\/03\/27\/kaaderilaulajien-ukraina-tukikonsertit\/\" rel=\"bookmark\" title=\"Permanent Link: Kaaderilaulajien Ukraina-tukikonsertit\">Kaaderilaulajien Ukraina-tukikonsertit<span class=\"post-format-icon minor-meta\"><\/span><\/a><\/h2><span class=\"post-meta-infos\"><time class=\"date-container minor-meta updated\"  itemprop=\"datePublished\" datetime=\"2026-03-27T12:30:38+02:00\" >27.3.2026<\/time><span class=\"text-sep\">\/<\/span><span class=\"blog-categories minor-meta\">in <a href=\"https:\/\/kylkirauta.fi\/index.php\/category\/artikkeli\/\" rel=\"tag\">Artikkeli<\/a>, <a href=\"https:\/\/kylkirauta.fi\/index.php\/category\/artikkeli-2026\/\" rel=\"tag\">Artikkeli 2026<\/a><\/span><span class=\"text-sep\">\/<\/span><span class=\"blog-author minor-meta\">by <span class=\"entry-author-link\"  itemprop=\"author\" ><span class=\"author\"><span class=\"fn\"><a href=\"https:\/\/kylkirauta.fi\/index.php\/author\/karisain\/\" title=\"Kirjoittanut: Kari Sainio\" rel=\"author\">Kari Sainio<\/a><\/span><\/span><\/span><\/span><div class=\"read-more-link\"><a href=\"https:\/\/kylkirauta.fi\/index.php\/2026\/03\/27\/kaaderilaulajien-ukraina-tukikonsertit\/\" class=\"more-link\">Read more<span class=\"more-link-arrow\"><\/span><\/a><\/div><\/span><\/header><footer class=\"entry-footer\"><\/footer><div class='post_delimiter'><\/div><\/div><div class=\"post_author_timeline\"><\/div><span class='hidden'>\n\t\t\t\t<span class='av-structured-data'  itemprop=\"image\" itemscope=\"itemscope\" itemtype=\"https:\/\/schema.org\/ImageObject\" >\n\t\t\t\t\t\t<span itemprop='url'>https:\/\/kylkirauta.fi\/wp-content\/uploads\/2026\/03\/3-2026-artikkeli.jpg<\/span>\n\t\t\t\t\t\t<span itemprop='height'>487<\/span>\n\t\t\t\t\t\t<span itemprop='width'>843<\/span>\n\t\t\t\t<\/span>\n\t\t\t\t<span class='av-structured-data'  itemprop=\"publisher\" itemtype=\"https:\/\/schema.org\/Organization\" itemscope=\"itemscope\" >\n\t\t\t\t\t\t<span itemprop='name'>Kari Sainio<\/span>\n\t\t\t\t\t\t<span itemprop='logo' itemscope itemtype='https:\/\/schema.org\/ImageObject'>\n\t\t\t\t\t\t\t<span itemprop='url'>https:\/\/kylkirauta.fi\/wp-content\/uploads\/2020\/02\/kkunta_weblogo-100x100-1.png<\/span>\n\t\t\t\t\t\t<\/span>\n\t\t\t\t<\/span><span class='av-structured-data'  itemprop=\"author\" itemscope=\"itemscope\" itemtype=\"https:\/\/schema.org\/Person\" ><span itemprop='name'>Kari Sainio<\/span><\/span><span class='av-structured-data'  itemprop=\"datePublished\" datetime=\"2026-03-27T12:30:38+02:00\" >2026-03-27 12:30:38<\/span><span class='av-structured-data'  itemprop=\"dateModified\" itemtype=\"https:\/\/schema.org\/dateModified\" >2026-03-27 12:30:38<\/span><span class='av-structured-data'  itemprop=\"mainEntityOfPage\" itemtype=\"https:\/\/schema.org\/mainEntityOfPage\" ><span itemprop='name'>Kaaderilaulajien Ukraina-tukikonsertit<\/span><\/span><\/span><\/article><article class=\"post-entry post-entry-type-standard post-entry-8786 post-loop-3 post-parity-odd post-entry-last bloglist-simple with-slider post-8786 post type-post status-publish format-standard has-post-thumbnail hentry category-artikkeli category-artikkeli-2026\"  itemscope=\"itemscope\" itemtype=\"https:\/\/schema.org\/BlogPosting\" ><div class=\"blog-meta\"><\/div><div class='entry-content-wrapper clearfix standard-content'><header class=\"entry-content-header\"><h2 class='post-title entry-title '  itemprop=\"headline\" ><a href=\"https:\/\/kylkirauta.fi\/index.php\/2026\/02\/23\/risto-sinkko-eu-kansalaisten-nakemyksia-turvallisuudesta-ja-puolustuksesta\/\" rel=\"bookmark\" title=\"Permanent Link: Risto Sinkko: EU-kansalaisten n\u00e4kemyksi\u00e4 turvallisuudesta ja puolustuksesta\">Risto Sinkko: EU-kansalaisten n\u00e4kemyksi\u00e4 turvallisuudesta ja puolustuksesta<span class=\"post-format-icon minor-meta\"><\/span><\/a><\/h2><span class=\"post-meta-infos\"><time class=\"date-container minor-meta updated\"  itemprop=\"datePublished\" datetime=\"2026-02-23T17:08:33+02:00\" >23.2.2026<\/time><span class=\"text-sep\">\/<\/span><span class=\"blog-categories minor-meta\">in <a href=\"https:\/\/kylkirauta.fi\/index.php\/category\/artikkeli\/\" rel=\"tag\">Artikkeli<\/a>, <a href=\"https:\/\/kylkirauta.fi\/index.php\/category\/artikkeli-2026\/\" rel=\"tag\">Artikkeli 2026<\/a><\/span><span class=\"text-sep\">\/<\/span><span class=\"blog-author minor-meta\">by <span class=\"entry-author-link\"  itemprop=\"author\" ><span class=\"author\"><span class=\"fn\"><a href=\"https:\/\/kylkirauta.fi\/index.php\/author\/karisain\/\" title=\"Kirjoittanut: Kari Sainio\" rel=\"author\">Kari Sainio<\/a><\/span><\/span><\/span><\/span><div class=\"read-more-link\"><a href=\"https:\/\/kylkirauta.fi\/index.php\/2026\/02\/23\/risto-sinkko-eu-kansalaisten-nakemyksia-turvallisuudesta-ja-puolustuksesta\/\" class=\"more-link\">Read more<span class=\"more-link-arrow\"><\/span><\/a><\/div><\/span><\/header><footer class=\"entry-footer\"><\/footer><div class='post_delimiter'><\/div><\/div><div class=\"post_author_timeline\"><\/div><span class='hidden'>\n\t\t\t\t<span class='av-structured-data'  itemprop=\"image\" itemscope=\"itemscope\" itemtype=\"https:\/\/schema.org\/ImageObject\" >\n\t\t\t\t\t\t<span itemprop='url'>https:\/\/kylkirauta.fi\/wp-content\/uploads\/2026\/02\/Artikkeli-MSC-artikkeli.jpg<\/span>\n\t\t\t\t\t\t<span itemprop='height'>487<\/span>\n\t\t\t\t\t\t<span itemprop='width'>843<\/span>\n\t\t\t\t<\/span>\n\t\t\t\t<span class='av-structured-data'  itemprop=\"publisher\" itemtype=\"https:\/\/schema.org\/Organization\" itemscope=\"itemscope\" >\n\t\t\t\t\t\t<span itemprop='name'>Kari Sainio<\/span>\n\t\t\t\t\t\t<span itemprop='logo' itemscope itemtype='https:\/\/schema.org\/ImageObject'>\n\t\t\t\t\t\t\t<span itemprop='url'>https:\/\/kylkirauta.fi\/wp-content\/uploads\/2020\/02\/kkunta_weblogo-100x100-1.png<\/span>\n\t\t\t\t\t\t<\/span>\n\t\t\t\t<\/span><span class='av-structured-data'  itemprop=\"author\" itemscope=\"itemscope\" itemtype=\"https:\/\/schema.org\/Person\" ><span itemprop='name'>Kari Sainio<\/span><\/span><span class='av-structured-data'  itemprop=\"datePublished\" datetime=\"2026-02-23T17:08:33+02:00\" >2026-02-23 17:08:33<\/span><span class='av-structured-data'  itemprop=\"dateModified\" itemtype=\"https:\/\/schema.org\/dateModified\" >2026-02-23 17:29:54<\/span><span class='av-structured-data'  itemprop=\"mainEntityOfPage\" itemtype=\"https:\/\/schema.org\/mainEntityOfPage\" ><span itemprop='name'>Risto Sinkko: EU-kansalaisten n\u00e4kemyksi\u00e4 turvallisuudesta ja puolustuksesta<\/span><\/span><\/span><\/article><div class='bloglist-simple'><nav class='pagination'><span class='pagination-meta'>Page 1 of 58<\/span><span class='current'>1<\/span><a href='https:\/\/kylkirauta.fi\/index.php\/wp-json\/wp\/v2\/posts\/562\/page\/2\/' class='inactive next_page' >2<\/a><a href='https:\/\/kylkirauta.fi\/index.php\/wp-json\/wp\/v2\/posts\/562\/page\/3\/' class='inactive' >3<\/a><a href='https:\/\/kylkirauta.fi\/index.php\/wp-json\/wp\/v2\/posts\/562\/page\/2\/'>&rsaquo;<\/a><a href='https:\/\/kylkirauta.fi\/index.php\/wp-json\/wp\/v2\/posts\/562\/page\/58\/'>&raquo;<\/a><\/nav>\n<\/div><\/div>\n","protected":false},"excerpt":{"rendered":"","protected":false},"author":3,"featured_media":0,"comment_status":"closed","ping_status":"closed","sticky":false,"template":"","format":"standard","meta":{"footnotes":""},"categories":[4,30],"tags":[],"class_list":["post-562","post","type-post","status-publish","format-standard","hentry","category-artikkeli","category-artikkeli-2019"],"yoast_head":"<!-- This site is optimized with the Yoast SEO plugin v27.4 - https:\/\/yoast.com\/product\/yoast-seo-wordpress\/ -->\n<title>Risto Sinkko: Kysely Ruotsissa \u2013 maa menossa huonompaan suuntaan - Kylkirauta<\/title>\n<meta name=\"robots\" content=\"index, follow, max-snippet:-1, max-image-preview:large, max-video-preview:-1\" \/>\n<link rel=\"canonical\" href=\"https:\/\/kylkirauta.fi\/index.php\/2019\/01\/07\/kysely-ruotsissa-maa-menossa-huonompaan-suuntaan\/\" \/>\n<meta property=\"og:locale\" content=\"fi_FI\" \/>\n<meta property=\"og:type\" content=\"article\" \/>\n<meta property=\"og:title\" content=\"Risto Sinkko: Kysely Ruotsissa \u2013 maa menossa huonompaan suuntaan - Kylkirauta\" \/>\n<meta property=\"og:url\" content=\"https:\/\/kylkirauta.fi\/index.php\/2019\/01\/07\/kysely-ruotsissa-maa-menossa-huonompaan-suuntaan\/\" \/>\n<meta property=\"og:site_name\" content=\"Kylkirauta\" \/>\n<meta property=\"article:published_time\" content=\"2019-01-07T17:17:00+00:00\" \/>\n<meta property=\"article:modified_time\" content=\"2020-01-26T10:39:59+00:00\" \/>\n<meta property=\"og:image\" content=\"https:\/\/kylkirauta.fi\/wp-content\/uploads\/2019\/10\/Sinkko_uusi.jpeg\" \/>\n<meta name=\"author\" content=\"Kari Sainio\" \/>\n<meta name=\"twitter:card\" content=\"summary_large_image\" \/>\n<meta name=\"twitter:label1\" content=\"Kirjoittanut\" \/>\n\t<meta name=\"twitter:data1\" content=\"Kari Sainio\" \/>\n\t<meta name=\"twitter:label2\" content=\"Arvioitu lukuaika\" \/>\n\t<meta name=\"twitter:data2\" content=\"6 minuuttia\" \/>\n<script type=\"application\/ld+json\" class=\"yoast-schema-graph\">{\"@context\":\"https:\\\/\\\/schema.org\",\"@graph\":[{\"@type\":\"Article\",\"@id\":\"https:\\\/\\\/kylkirauta.fi\\\/index.php\\\/2019\\\/01\\\/07\\\/kysely-ruotsissa-maa-menossa-huonompaan-suuntaan\\\/#article\",\"isPartOf\":{\"@id\":\"https:\\\/\\\/kylkirauta.fi\\\/index.php\\\/2019\\\/01\\\/07\\\/kysely-ruotsissa-maa-menossa-huonompaan-suuntaan\\\/\"},\"author\":{\"name\":\"Kari Sainio\",\"@id\":\"https:\\\/\\\/kylkirauta.fi\\\/#\\\/schema\\\/person\\\/714ab39a349c656b20d60a239be1d6f6\"},\"headline\":\"Risto Sinkko: Kysely Ruotsissa \u2013 maa menossa huonompaan suuntaan\",\"datePublished\":\"2019-01-07T17:17:00+00:00\",\"dateModified\":\"2020-01-26T10:39:59+00:00\",\"mainEntityOfPage\":{\"@id\":\"https:\\\/\\\/kylkirauta.fi\\\/index.php\\\/2019\\\/01\\\/07\\\/kysely-ruotsissa-maa-menossa-huonompaan-suuntaan\\\/\"},\"wordCount\":1044,\"image\":{\"@id\":\"https:\\\/\\\/kylkirauta.fi\\\/index.php\\\/2019\\\/01\\\/07\\\/kysely-ruotsissa-maa-menossa-huonompaan-suuntaan\\\/#primaryimage\"},\"thumbnailUrl\":\"https:\\\/\\\/kylkirauta.fi\\\/wp-content\\\/uploads\\\/2019\\\/10\\\/Sinkko_uusi.jpeg\",\"articleSection\":[\"Artikkeli\",\"Artikkeli 2019\"],\"inLanguage\":\"fi\"},{\"@type\":\"WebPage\",\"@id\":\"https:\\\/\\\/kylkirauta.fi\\\/index.php\\\/2019\\\/01\\\/07\\\/kysely-ruotsissa-maa-menossa-huonompaan-suuntaan\\\/\",\"url\":\"https:\\\/\\\/kylkirauta.fi\\\/index.php\\\/2019\\\/01\\\/07\\\/kysely-ruotsissa-maa-menossa-huonompaan-suuntaan\\\/\",\"name\":\"Risto Sinkko: Kysely Ruotsissa \u2013 maa menossa huonompaan suuntaan - Kylkirauta\",\"isPartOf\":{\"@id\":\"https:\\\/\\\/kylkirauta.fi\\\/#website\"},\"primaryImageOfPage\":{\"@id\":\"https:\\\/\\\/kylkirauta.fi\\\/index.php\\\/2019\\\/01\\\/07\\\/kysely-ruotsissa-maa-menossa-huonompaan-suuntaan\\\/#primaryimage\"},\"image\":{\"@id\":\"https:\\\/\\\/kylkirauta.fi\\\/index.php\\\/2019\\\/01\\\/07\\\/kysely-ruotsissa-maa-menossa-huonompaan-suuntaan\\\/#primaryimage\"},\"thumbnailUrl\":\"https:\\\/\\\/kylkirauta.fi\\\/wp-content\\\/uploads\\\/2019\\\/10\\\/Sinkko_uusi.jpeg\",\"datePublished\":\"2019-01-07T17:17:00+00:00\",\"dateModified\":\"2020-01-26T10:39:59+00:00\",\"author\":{\"@id\":\"https:\\\/\\\/kylkirauta.fi\\\/#\\\/schema\\\/person\\\/714ab39a349c656b20d60a239be1d6f6\"},\"breadcrumb\":{\"@id\":\"https:\\\/\\\/kylkirauta.fi\\\/index.php\\\/2019\\\/01\\\/07\\\/kysely-ruotsissa-maa-menossa-huonompaan-suuntaan\\\/#breadcrumb\"},\"inLanguage\":\"fi\",\"potentialAction\":[{\"@type\":\"ReadAction\",\"target\":[\"https:\\\/\\\/kylkirauta.fi\\\/index.php\\\/2019\\\/01\\\/07\\\/kysely-ruotsissa-maa-menossa-huonompaan-suuntaan\\\/\"]}]},{\"@type\":\"ImageObject\",\"inLanguage\":\"fi\",\"@id\":\"https:\\\/\\\/kylkirauta.fi\\\/index.php\\\/2019\\\/01\\\/07\\\/kysely-ruotsissa-maa-menossa-huonompaan-suuntaan\\\/#primaryimage\",\"url\":\"https:\\\/\\\/kylkirauta.fi\\\/wp-content\\\/uploads\\\/2019\\\/10\\\/Sinkko_uusi.jpeg\",\"contentUrl\":\"https:\\\/\\\/kylkirauta.fi\\\/wp-content\\\/uploads\\\/2019\\\/10\\\/Sinkko_uusi.jpeg\",\"width\":369,\"height\":500,\"caption\":\"ST Risto Sinkko\"},{\"@type\":\"BreadcrumbList\",\"@id\":\"https:\\\/\\\/kylkirauta.fi\\\/index.php\\\/2019\\\/01\\\/07\\\/kysely-ruotsissa-maa-menossa-huonompaan-suuntaan\\\/#breadcrumb\",\"itemListElement\":[{\"@type\":\"ListItem\",\"position\":1,\"name\":\"Home\",\"item\":\"https:\\\/\\\/kylkirauta.fi\\\/index.php\\\/home\\\/\"},{\"@type\":\"ListItem\",\"position\":2,\"name\":\"Risto Sinkko: Kysely Ruotsissa \u2013 maa menossa huonompaan suuntaan\"}]},{\"@type\":\"WebSite\",\"@id\":\"https:\\\/\\\/kylkirauta.fi\\\/#website\",\"url\":\"https:\\\/\\\/kylkirauta.fi\\\/\",\"name\":\"Kylkirauta\",\"description\":\"Kadettiupseerit yhteiskunnan palveluksessa\",\"potentialAction\":[{\"@type\":\"SearchAction\",\"target\":{\"@type\":\"EntryPoint\",\"urlTemplate\":\"https:\\\/\\\/kylkirauta.fi\\\/?s={search_term_string}\"},\"query-input\":{\"@type\":\"PropertyValueSpecification\",\"valueRequired\":true,\"valueName\":\"search_term_string\"}}],\"inLanguage\":\"fi\"},{\"@type\":\"Person\",\"@id\":\"https:\\\/\\\/kylkirauta.fi\\\/#\\\/schema\\\/person\\\/714ab39a349c656b20d60a239be1d6f6\",\"name\":\"Kari Sainio\",\"sameAs\":[\"http:\\\/\\\/www.kylkirauta.fi\"],\"url\":\"https:\\\/\\\/kylkirauta.fi\\\/index.php\\\/author\\\/karisain\\\/\"}]}<\/script>\n<!-- \/ Yoast SEO plugin. -->","yoast_head_json":{"title":"Risto Sinkko: Kysely Ruotsissa \u2013 maa menossa huonompaan suuntaan - Kylkirauta","robots":{"index":"index","follow":"follow","max-snippet":"max-snippet:-1","max-image-preview":"max-image-preview:large","max-video-preview":"max-video-preview:-1"},"canonical":"https:\/\/kylkirauta.fi\/index.php\/2019\/01\/07\/kysely-ruotsissa-maa-menossa-huonompaan-suuntaan\/","og_locale":"fi_FI","og_type":"article","og_title":"Risto Sinkko: Kysely Ruotsissa \u2013 maa menossa huonompaan suuntaan - Kylkirauta","og_url":"https:\/\/kylkirauta.fi\/index.php\/2019\/01\/07\/kysely-ruotsissa-maa-menossa-huonompaan-suuntaan\/","og_site_name":"Kylkirauta","article_published_time":"2019-01-07T17:17:00+00:00","article_modified_time":"2020-01-26T10:39:59+00:00","og_image":[{"url":"https:\/\/kylkirauta.fi\/wp-content\/uploads\/2019\/10\/Sinkko_uusi.jpeg","type":"","width":"","height":""}],"author":"Kari Sainio","twitter_card":"summary_large_image","twitter_misc":{"Kirjoittanut":"Kari Sainio","Arvioitu lukuaika":"6 minuuttia"},"schema":{"@context":"https:\/\/schema.org","@graph":[{"@type":"Article","@id":"https:\/\/kylkirauta.fi\/index.php\/2019\/01\/07\/kysely-ruotsissa-maa-menossa-huonompaan-suuntaan\/#article","isPartOf":{"@id":"https:\/\/kylkirauta.fi\/index.php\/2019\/01\/07\/kysely-ruotsissa-maa-menossa-huonompaan-suuntaan\/"},"author":{"name":"Kari Sainio","@id":"https:\/\/kylkirauta.fi\/#\/schema\/person\/714ab39a349c656b20d60a239be1d6f6"},"headline":"Risto Sinkko: Kysely Ruotsissa \u2013 maa menossa huonompaan suuntaan","datePublished":"2019-01-07T17:17:00+00:00","dateModified":"2020-01-26T10:39:59+00:00","mainEntityOfPage":{"@id":"https:\/\/kylkirauta.fi\/index.php\/2019\/01\/07\/kysely-ruotsissa-maa-menossa-huonompaan-suuntaan\/"},"wordCount":1044,"image":{"@id":"https:\/\/kylkirauta.fi\/index.php\/2019\/01\/07\/kysely-ruotsissa-maa-menossa-huonompaan-suuntaan\/#primaryimage"},"thumbnailUrl":"https:\/\/kylkirauta.fi\/wp-content\/uploads\/2019\/10\/Sinkko_uusi.jpeg","articleSection":["Artikkeli","Artikkeli 2019"],"inLanguage":"fi"},{"@type":"WebPage","@id":"https:\/\/kylkirauta.fi\/index.php\/2019\/01\/07\/kysely-ruotsissa-maa-menossa-huonompaan-suuntaan\/","url":"https:\/\/kylkirauta.fi\/index.php\/2019\/01\/07\/kysely-ruotsissa-maa-menossa-huonompaan-suuntaan\/","name":"Risto Sinkko: Kysely Ruotsissa \u2013 maa menossa huonompaan suuntaan - Kylkirauta","isPartOf":{"@id":"https:\/\/kylkirauta.fi\/#website"},"primaryImageOfPage":{"@id":"https:\/\/kylkirauta.fi\/index.php\/2019\/01\/07\/kysely-ruotsissa-maa-menossa-huonompaan-suuntaan\/#primaryimage"},"image":{"@id":"https:\/\/kylkirauta.fi\/index.php\/2019\/01\/07\/kysely-ruotsissa-maa-menossa-huonompaan-suuntaan\/#primaryimage"},"thumbnailUrl":"https:\/\/kylkirauta.fi\/wp-content\/uploads\/2019\/10\/Sinkko_uusi.jpeg","datePublished":"2019-01-07T17:17:00+00:00","dateModified":"2020-01-26T10:39:59+00:00","author":{"@id":"https:\/\/kylkirauta.fi\/#\/schema\/person\/714ab39a349c656b20d60a239be1d6f6"},"breadcrumb":{"@id":"https:\/\/kylkirauta.fi\/index.php\/2019\/01\/07\/kysely-ruotsissa-maa-menossa-huonompaan-suuntaan\/#breadcrumb"},"inLanguage":"fi","potentialAction":[{"@type":"ReadAction","target":["https:\/\/kylkirauta.fi\/index.php\/2019\/01\/07\/kysely-ruotsissa-maa-menossa-huonompaan-suuntaan\/"]}]},{"@type":"ImageObject","inLanguage":"fi","@id":"https:\/\/kylkirauta.fi\/index.php\/2019\/01\/07\/kysely-ruotsissa-maa-menossa-huonompaan-suuntaan\/#primaryimage","url":"https:\/\/kylkirauta.fi\/wp-content\/uploads\/2019\/10\/Sinkko_uusi.jpeg","contentUrl":"https:\/\/kylkirauta.fi\/wp-content\/uploads\/2019\/10\/Sinkko_uusi.jpeg","width":369,"height":500,"caption":"ST Risto Sinkko"},{"@type":"BreadcrumbList","@id":"https:\/\/kylkirauta.fi\/index.php\/2019\/01\/07\/kysely-ruotsissa-maa-menossa-huonompaan-suuntaan\/#breadcrumb","itemListElement":[{"@type":"ListItem","position":1,"name":"Home","item":"https:\/\/kylkirauta.fi\/index.php\/home\/"},{"@type":"ListItem","position":2,"name":"Risto Sinkko: Kysely Ruotsissa \u2013 maa menossa huonompaan suuntaan"}]},{"@type":"WebSite","@id":"https:\/\/kylkirauta.fi\/#website","url":"https:\/\/kylkirauta.fi\/","name":"Kylkirauta","description":"Kadettiupseerit yhteiskunnan palveluksessa","potentialAction":[{"@type":"SearchAction","target":{"@type":"EntryPoint","urlTemplate":"https:\/\/kylkirauta.fi\/?s={search_term_string}"},"query-input":{"@type":"PropertyValueSpecification","valueRequired":true,"valueName":"search_term_string"}}],"inLanguage":"fi"},{"@type":"Person","@id":"https:\/\/kylkirauta.fi\/#\/schema\/person\/714ab39a349c656b20d60a239be1d6f6","name":"Kari Sainio","sameAs":["http:\/\/www.kylkirauta.fi"],"url":"https:\/\/kylkirauta.fi\/index.php\/author\/karisain\/"}]}},"_links":{"self":[{"href":"https:\/\/kylkirauta.fi\/index.php\/wp-json\/wp\/v2\/posts\/562","targetHints":{"allow":["GET"]}}],"collection":[{"href":"https:\/\/kylkirauta.fi\/index.php\/wp-json\/wp\/v2\/posts"}],"about":[{"href":"https:\/\/kylkirauta.fi\/index.php\/wp-json\/wp\/v2\/types\/post"}],"author":[{"embeddable":true,"href":"https:\/\/kylkirauta.fi\/index.php\/wp-json\/wp\/v2\/users\/3"}],"replies":[{"embeddable":true,"href":"https:\/\/kylkirauta.fi\/index.php\/wp-json\/wp\/v2\/comments?post=562"}],"version-history":[{"count":5,"href":"https:\/\/kylkirauta.fi\/index.php\/wp-json\/wp\/v2\/posts\/562\/revisions"}],"predecessor-version":[{"id":2738,"href":"https:\/\/kylkirauta.fi\/index.php\/wp-json\/wp\/v2\/posts\/562\/revisions\/2738"}],"wp:attachment":[{"href":"https:\/\/kylkirauta.fi\/index.php\/wp-json\/wp\/v2\/media?parent=562"}],"wp:term":[{"taxonomy":"category","embeddable":true,"href":"https:\/\/kylkirauta.fi\/index.php\/wp-json\/wp\/v2\/categories?post=562"},{"taxonomy":"post_tag","embeddable":true,"href":"https:\/\/kylkirauta.fi\/index.php\/wp-json\/wp\/v2\/tags?post=562"}],"curies":[{"name":"wp","href":"https:\/\/api.w.org\/{rel}","templated":true}]}}