{"id":5550,"date":"2021-12-16T08:03:21","date_gmt":"2021-12-16T08:03:21","guid":{"rendered":"https:\/\/kylkirauta.fi\/?p=5550"},"modified":"2022-01-07T11:50:55","modified_gmt":"2022-01-07T11:50:55","slug":"tahystaja-jos-kameleita-ja-moskeijoita-ei-olisi","status":"publish","type":"post","link":"https:\/\/kylkirauta.fi\/index.php\/2021\/12\/16\/tahystaja-jos-kameleita-ja-moskeijoita-ei-olisi\/","title":{"rendered":"T\u00e4hyst\u00e4j\u00e4: Jos kameleita ja moskeijoita ei olisi"},"content":{"rendered":"<div id='full_slider_1'  class='avia-fullwidth-slider main_color avia-shadow   avia-builder-el-0  el_before_av_one_full  avia-builder-el-first   container_wrap sidebar_right'  ><div  class='avia-slideshow av-l9olo-eba87a12f940917775723c57f530a7d6 avia-slideshow-no scaling av_slideshow_full avia-slide-slider av-slideshow-ui av-control-default av-slideshow-manual av-loop-once av-loop-manual-endless av-default-height-applied   avia-slideshow-1' data-slideshow-options=\"{&quot;animation&quot;:&quot;slide&quot;,&quot;autoplay&quot;:false,&quot;loop_autoplay&quot;:&quot;once&quot;,&quot;interval&quot;:5,&quot;loop_manual&quot;:&quot;manual-endless&quot;,&quot;autoplay_stopper&quot;:false,&quot;noNavigation&quot;:false,&quot;bg_slider&quot;:false,&quot;keep_padding&quot;:false,&quot;hoverpause&quot;:false,&quot;show_slide_delay&quot;:0}\"  itemprop=\"image\" itemscope=\"itemscope\" itemtype=\"https:\/\/schema.org\/ImageObject\" ><ul class='avia-slideshow-inner ' style='padding-bottom: 15.283203125%;'><li  class='avia-slideshow-slide av-l9olo-eba87a12f940917775723c57f530a7d6__0  av-single-slide slide-1 slide-odd'><div data-rel='slideshow-1' class='avia-slide-wrap '   ><img decoding=\"async\" fetchpriority=\"high\" class=\"wp-image-3149 avia-img-lazy-loading-not-3149\"  src=\"https:\/\/kylkirauta.fi\/wp-content\/uploads\/2020\/02\/miekka_logo_v2.png\" width=\"2048\" height=\"313\" title='miekka_logo_v2' alt=''  itemprop=\"thumbnailUrl\" srcset=\"https:\/\/kylkirauta.fi\/wp-content\/uploads\/2020\/02\/miekka_logo_v2.png 2048w, https:\/\/kylkirauta.fi\/wp-content\/uploads\/2020\/02\/miekka_logo_v2-300x46.png 300w, https:\/\/kylkirauta.fi\/wp-content\/uploads\/2020\/02\/miekka_logo_v2-1030x157.png 1030w, https:\/\/kylkirauta.fi\/wp-content\/uploads\/2020\/02\/miekka_logo_v2-768x117.png 768w, https:\/\/kylkirauta.fi\/wp-content\/uploads\/2020\/02\/miekka_logo_v2-1536x235.png 1536w, https:\/\/kylkirauta.fi\/wp-content\/uploads\/2020\/02\/miekka_logo_v2-1500x229.png 1500w, https:\/\/kylkirauta.fi\/wp-content\/uploads\/2020\/02\/miekka_logo_v2-705x108.png 705w\" sizes=\"(max-width: 2048px) 100vw, 2048px\" \/><\/div><\/li><\/ul><\/div><\/div><div id='after_full_slider_1'  class='main_color av_default_container_wrap container_wrap sidebar_right'  ><div class='container av-section-cont-open' ><div class='template-page content  av-content-small alpha units'><div class='post-entry post-entry-type-page post-entry-5550'><div class='entry-content-wrapper clearfix'>\n\n<style type=\"text\/css\" data-created_by=\"avia_inline_auto\" id=\"style-css-av-km4zs-0614ada41eb3461e6efbb361dfbae970\">\n.flex_column.av-km4zs-0614ada41eb3461e6efbb361dfbae970{\nborder-radius:0px 0px 0px 0px;\npadding:0px 0px 0px 0px;\n}\n<\/style>\n<div  class='flex_column av-km4zs-0614ada41eb3461e6efbb361dfbae970 av_one_full  avia-builder-el-1  el_after_av_slideshow_full  el_before_av_hr  avia-builder-el-first  first flex_column_div av-zero-column-padding  '     ><p>\n<style type=\"text\/css\" data-created_by=\"avia_inline_auto\" id=\"style-css-av-av_heading-d0abe29d2180ee55dd5f89eaec62b2c2\">\n#top .av-special-heading.av-av_heading-d0abe29d2180ee55dd5f89eaec62b2c2{\npadding-bottom:10px;\n}\nbody .av-special-heading.av-av_heading-d0abe29d2180ee55dd5f89eaec62b2c2 .av-special-heading-tag .heading-char{\nfont-size:25px;\n}\n.av-special-heading.av-av_heading-d0abe29d2180ee55dd5f89eaec62b2c2 .av-subheading{\nfont-size:15px;\n}\n<\/style>\n<div  class='av-special-heading av-av_heading-d0abe29d2180ee55dd5f89eaec62b2c2 av-special-heading-h3  avia-builder-el-2  el_before_av_hr  avia-builder-el-first '><h3 class='av-special-heading-tag'  itemprop=\"headline\"  >Jos kameleita ja moskeijoita ei olisi <\/h3><div class=\"special-heading-border\"><div class=\"special-heading-inner-border\"><\/div><\/div><\/div><br \/>\n\n<style type=\"text\/css\" data-created_by=\"avia_inline_auto\" id=\"style-css-av-k1to1iy9-0b4b8d7a542aef095c0d71f3b4e8b649\">\n#top .hr.hr-invisible.av-k1to1iy9-0b4b8d7a542aef095c0d71f3b4e8b649{\nheight:20px;\n}\n<\/style>\n<div  class='hr av-k1to1iy9-0b4b8d7a542aef095c0d71f3b4e8b649 hr-invisible  avia-builder-el-3  el_after_av_heading  el_before_av_textblock '><span class='hr-inner '><span class=\"hr-inner-style\"><\/span><\/span><\/div><br \/>\n<section  class='av_textblock_section av-k8d08-dea0f25c8df625cf22cbdeac32688808 '   itemscope=\"itemscope\" itemtype=\"https:\/\/schema.org\/BlogPosting\" itemprop=\"blogPost\" ><div class='avia_textblock'  itemprop=\"text\" ><p><img loading=\"lazy\" decoding=\"async\" class=\"wp-image-3333 alignright\" src=\"https:\/\/kylkirauta.fi\/wp-content\/uploads\/2020\/03\/Suhonen-Johanna.jpg\" alt=\"\" width=\"130\" height=\"178\" srcset=\"https:\/\/kylkirauta.fi\/wp-content\/uploads\/2020\/03\/Suhonen-Johanna.jpg 247w, https:\/\/kylkirauta.fi\/wp-content\/uploads\/2020\/03\/Suhonen-Johanna-219x300.jpg 219w\" sizes=\"auto, (max-width: 130px) 100vw, 130px\" \/><\/p>\n<p><em>Kylkiraudan verkkolehden &#8221;t\u00e4hyst\u00e4j\u00e4&#8221; <strong>VTM Johanna Suhonen<\/strong> tarkastelee blogeissaan sek\u00e4 laajan turvallisuuspolitiikan ajankohtaisia aiheita ett\u00e4 pidemm\u00e4n aikav\u00e4lin ilmi\u00f6it\u00e4.\u00a0<\/em><\/p>\n<p style=\"text-align: center;\">***<\/p>\n<p><strong>Ty\u00f6teht\u00e4v\u00e4t ovat vieneet minut Somaliaan. Kiireisist\u00e4 viime kuukausista p\u00e4\u00e4llimm\u00e4isin\u00e4 ovat j\u00e4\u00e4neet mieleen liikkumisrajoitukset, viikoittaiset pommi-iskut, moskeijoiden kakofonia sek\u00e4 Etiopian ja Somalian aavikkomaiset raja-alueet. N\u00e4ihin my\u00f6s pitk\u00e4lti kiteytyv\u00e4t Somalian merkitt\u00e4vimm\u00e4t haasteet: keskushallinnon ja \u00e4\u00e4ri-islamististen ryhmien v\u00e4linen kamppailu, klaanien v\u00e4liset kiistat, ulkovaltojen vaikutusyritykset sek\u00e4 ilmastonmuutos.<\/strong><\/p>\n<p>Oikeastaan koko Afrikan sarvi \u2013 Djibouti, Eritrea, Etiopia ja Somalia \u2013 nitisee liitoksissaan. Etiopiassa hallitusjoukot taistelevat eritrealaissotilaiden avulla entisen valtapuolueen sotilaallista siipe\u00e4 \u201dTigrayn puolustusvoimia\u201d vastaan. Turvallisuustilanne Djiboutin ja Eritrean v\u00e4lisell\u00e4 rajalla on ep\u00e4vakaa. Etiopian patoprojektit hiert\u00e4v\u00e4t Etiopian ja Somalian v\u00e4lej\u00e4.<\/p>\n<p>Somaliassa poliittinen tilanne on kire\u00e4 vallankahvassa sinnittelev\u00e4n presidentin Mohamed Abdullahi Mohamed \u201dFarmajon\u201d ylitetty\u00e4 kautensa ja vaalien lykk\u00e4\u00e4nnytty\u00e4 useampaan kertaan. Terroristij\u00e4rjest\u00f6 Al-Shabaab puolestaan pit\u00e4\u00e4 turvallisuustilanteen \u00e4\u00e4rimm\u00e4isen ep\u00e4vakaana.<\/p>\n<p>Se mit\u00e4 Somaliassa tapahtuu, tulee vaikuttamaan alueen tasapainoon ja valtasuhteisiin merkitt\u00e4v\u00e4sti: osalla Al-Shabaabin muodostamista ryhmist\u00e4 on globaaleja jihadistisia pyrkimyksi\u00e4.<\/p>\n<p><em><strong>Keskushallinnon kupla<\/strong><\/em><\/p>\n<div id=\"attachment_5555\" style=\"width: 270px\" class=\"wp-caption alignright\"><img loading=\"lazy\" decoding=\"async\" aria-describedby=\"caption-attachment-5555\" class=\"wp-image-5555\" src=\"https:\/\/kylkirauta.fi\/wp-content\/uploads\/2021\/12\/Mohamed_Abdullahi_Farmajo_cropped-225x300.jpg\" alt=\"\" width=\"260\" height=\"347\" srcset=\"https:\/\/kylkirauta.fi\/wp-content\/uploads\/2021\/12\/Mohamed_Abdullahi_Farmajo_cropped-225x300.jpg 225w, https:\/\/kylkirauta.fi\/wp-content\/uploads\/2021\/12\/Mohamed_Abdullahi_Farmajo_cropped-773x1030.jpg 773w, https:\/\/kylkirauta.fi\/wp-content\/uploads\/2021\/12\/Mohamed_Abdullahi_Farmajo_cropped-768x1024.jpg 768w, https:\/\/kylkirauta.fi\/wp-content\/uploads\/2021\/12\/Mohamed_Abdullahi_Farmajo_cropped-1152x1536.jpg 1152w, https:\/\/kylkirauta.fi\/wp-content\/uploads\/2021\/12\/Mohamed_Abdullahi_Farmajo_cropped-1536x2048.jpg 1536w, https:\/\/kylkirauta.fi\/wp-content\/uploads\/2021\/12\/Mohamed_Abdullahi_Farmajo_cropped-1125x1500.jpg 1125w, https:\/\/kylkirauta.fi\/wp-content\/uploads\/2021\/12\/Mohamed_Abdullahi_Farmajo_cropped-529x705.jpg 529w, https:\/\/kylkirauta.fi\/wp-content\/uploads\/2021\/12\/Mohamed_Abdullahi_Farmajo_cropped-scaled.jpg 1920w\" sizes=\"auto, (max-width: 260px) 100vw, 260px\" \/><p id=\"caption-attachment-5555\" class=\"wp-caption-text\">Somalian presidentti Mohamed Abdullahi Mohamed. Kuva Wikipedia.<\/p><\/div>\n<p>Politiikka ei liene helppoa miss\u00e4\u00e4n. \u00c4\u00e4rimm\u00e4isen hankalaa se on maassa, joka on jakautunut viiteen valtioon ja jossa ratkaisevin tekij\u00e4 niin yksityisess\u00e4 kuin julkisessa el\u00e4m\u00e4ss\u00e4 on se, mihin klaaniin kukin kuuluu. Keskushallinto on heikko ja maantieteellisesti rajoittunut Mogadishun alueelle, ja se pysyy pystyss\u00e4 vain kansainv\u00e4lisen yhteis\u00f6n tuella. Yksi t\u00e4m\u00e4n tuen konkreettinen ilmentym\u00e4 on African Union Mission to Somalia (AMISOM) -operaatio, jonka mandaatti p\u00e4\u00e4ttyy joulukuun lopulla.<\/p>\n<p>Loput Somaliasta on enemm\u00e4n tai v\u00e4hemm\u00e4n Al-Shabaabin hallinnassa. Hallinta ei v\u00e4ltt\u00e4m\u00e4tt\u00e4 ole fyysist\u00e4 \u2013 taistelijoita on arvioiden mukaan enint\u00e4\u00e4n noin 10\u00a0000 \u2013 vaan enemm\u00e4nkin moraalista. Moni paikallinen antaa hiljaisen hyv\u00e4ksynt\u00e4ns\u00e4 terroristeille kokiessaan, ett\u00e4 Al-Shabaab pystyy hoitamaan valtion vastuulla normaalisti olevia teht\u00e4vi\u00e4 paremmin kuin valtiot itse.<\/p>\n<p>Jos AMISOM-operaatio syyst\u00e4 tai toisesta lakkautettaisiin, veisi vain hetken ennen kuin veristen terrori-iskujen m\u00e4\u00e4r\u00e4 kasvaisi eksponentiaalisesti Mogadishussa. Presidentti \u201dFarmajon\u201d hallinto on toistuvasti ilmaissut tukensa AMISOMin lakkauttamiselle. T\u00e4m\u00e4 asenne ei usean turvallisuustilannetta ja Somalian omien turvallisuusviranomaisten kykyj\u00e4 tuntevan tahon mielest\u00e4 perustu kent\u00e4n realiteetteihin.<\/p>\n<p>Afganistanin tapahtumien j\u00e4lkeen International Crisis Groupin Omar S. Mahmood ja Somalian hallinnon entinen neuvonantaja Abdihakim Ainten pohtivatkin eritt\u00e4in aiheellisesti, <a href=\"https:\/\/foreignpolicy.com\/2021\/09\/22\/could-somalia-alshabab-taliban-next-afghanistan\/\" target=\"_blank\" rel=\"noopener\">onko Somalia seuraava Afganistan (linkki)<\/a>. L\u00e4nsimaisia medioita pintapuolisesti seuraava ei v\u00e4ltt\u00e4m\u00e4tt\u00e4 tule ymm\u00e4rt\u00e4neeksi, ett\u00e4 Somalian keskushallinto pystyy toimimaan vain kansainv\u00e4lisen yhteis\u00f6n luomassa hatarassa kuplassa.<\/p>\n<p><em><strong>Ulkovaltojen kyseenalainen tuki<\/strong><\/em><\/p>\n<p>Tapasin t\u00f6iden lomassa my\u00f6s itsen\u00e4iseksi julistautuneen Somalimaan p\u00e4\u00e4kaupungissa Hargeisassa asuvia tutuntuttuja. Tulimme puhuneeksi uskonnosta ja kulttuurista. He kertoivat, miten konservatiiviset ja islamistiset ryhm\u00e4t ovat vaikuttaneet asenteisiin erityisesti 1990-luvulta l\u00e4htien. T\u00e4m\u00e4 tapahtuu monesti ulkomaiden tuella.<\/p>\n<p>Yhdysvallat keskittyy tukemaan Somalian keskushallintoa Al-Shabaabia vastaan suunnatuin ohjusiskuin ja rahoittamalla asekontrolliin t\u00e4ht\u00e4\u00e4vi\u00e4 projekteja. Moskeijoita taas pystytet\u00e4\u00e4n niin Turkin, Saudi-Arabian, Arabiemiraattien kuin Qatarin rahoituksella.<\/p>\n<p>Saarnojen viestit ovat k\u00e4rjistyneet. Ne keskittyv\u00e4t enimm\u00e4kseen varoittelemaan kristityist\u00e4 ja alkoholin vaaroista, mutta erityisesti saarnataan siit\u00e4, miten naisten pit\u00e4isi k\u00e4ytt\u00e4yty\u00e4 ja pukeutua. On selv\u00e4\u00e4, ett\u00e4 viestint\u00e4 pohjaa enemm\u00e4n konservatiiviseen poliittiseen islamiin kuin maltilliseen uskonnollisten kirjoitusten tulkintaan.<\/p>\n<p>Erityisesti Turkki on saanut Somalian otteeseensa 2000-luvun puolella. Se on suhmuroinut itselleen kannattavia liikesopimuksia Mogadishun sataman ja lentokent\u00e4n alueilla. Sill\u00e4 on Mogadishussa suuri sotilastukikohta, ja maa kouluttaa Somalian asevoimia.<\/p>\n<p>Viimeisimp\u00e4n\u00e4 sotilaallisena tukena Turkki on <a href=\"https:\/\/www.somaliland.com\/news\/featured-news\/somalia-receives-bayraktar-drones-from-turkey\/\" target=\"_blank\" rel=\"noopener\">toimittanut Somalialle Bayraktar TB2 -drooneja (linkki)<\/a>\u00a0tiedusteluk\u00e4ytt\u00f6\u00f6n. On my\u00f6s todenn\u00e4k\u00f6ist\u00e4, ett\u00e4 niit\u00e4 k\u00e4ytet\u00e4\u00e4n vain ja ainoastaan tiedusteluun, elleiv\u00e4t Turkki tai Yhdysvallat sitten aio kustantaa droonien mahdollistamaa tulivoimaa.<\/p>\n<p><em><strong>Ilmastonmuutos ja ihmisvirrat<\/strong><\/em><\/p>\n<p>Puisten kamelikellojen pehme\u00e4 kalkatus kantautuu horisontista Etiopian ja Somalian rajalta. Maa on punaista, ja hieno, p\u00f6lly\u00e4v\u00e4 hiekka l\u00f6yt\u00e4\u00e4 tiens\u00e4 kaikkialle. Kolme sadekautta on j\u00e4\u00e4nyt v\u00e4liin. Kuivuus vaikuttaa suoraan 2,6 miljoonan ihmisen \u2013 l\u00e4hes nelj\u00e4sosan Somalian v\u00e4est\u00f6st\u00e4 \u2013 el\u00e4m\u00e4\u00e4n, ja noin 113 000 ihmist\u00e4 on joutunut l\u00e4htem\u00e4\u00e4n kotiseuduiltaan etsim\u00e4\u00e4n vett\u00e4 ja laidunmaita.<\/p>\n<div id=\"attachment_5553\" style=\"width: 410px\" class=\"wp-caption alignleft\"><img loading=\"lazy\" decoding=\"async\" aria-describedby=\"caption-attachment-5553\" class=\"wp-image-5553\" src=\"https:\/\/kylkirauta.fi\/wp-content\/uploads\/2021\/12\/IMG_6644-300x225.jpeg\" alt=\"\" width=\"400\" height=\"300\" srcset=\"https:\/\/kylkirauta.fi\/wp-content\/uploads\/2021\/12\/IMG_6644-300x225.jpeg 300w, https:\/\/kylkirauta.fi\/wp-content\/uploads\/2021\/12\/IMG_6644-1030x773.jpeg 1030w, https:\/\/kylkirauta.fi\/wp-content\/uploads\/2021\/12\/IMG_6644-768x576.jpeg 768w, https:\/\/kylkirauta.fi\/wp-content\/uploads\/2021\/12\/IMG_6644-1536x1152.jpeg 1536w, https:\/\/kylkirauta.fi\/wp-content\/uploads\/2021\/12\/IMG_6644-2048x1536.jpeg 2048w, https:\/\/kylkirauta.fi\/wp-content\/uploads\/2021\/12\/IMG_6644-1500x1125.jpeg 1500w, https:\/\/kylkirauta.fi\/wp-content\/uploads\/2021\/12\/IMG_6644-705x529.jpeg 705w\" sizes=\"auto, (max-width: 400px) 100vw, 400px\" \/><p id=\"caption-attachment-5553\" class=\"wp-caption-text\">Kuva Johanna Suhonen<\/p><\/div>\n<p>Ilmaston, muuttoliikkeen ja v\u00e4kivallan v\u00e4linen yhteys ymm\u00e4rret\u00e4\u00e4n t\u00e4n\u00e4 p\u00e4iv\u00e4n\u00e4 jo laajalti. On arvioitu, ett\u00e4 puolen celsiusasteen l\u00e4mp\u00f6tilannousu lis\u00e4\u00e4 konfliktin riski\u00e4 10\u201320 prosentilla. Jopa YK:n turvallisuusneuvosto k\u00e4sitteli t\u00e4ss\u00e4 kuussa lauselmaa, joka olisi ensimm\u00e4ist\u00e4 kertaa tunnustanut ilmastokriisin uhkaksi kansainv\u00e4liselle turvallisuudelle. <a href=\"https:\/\/www.theguardian.com\/world\/2021\/dec\/13\/russia-vetoes-un-security-council-resolution-climate-crisis-international-peace\" target=\"_blank\" rel=\"noopener\">Lauselman hyv\u00e4ksyminen kaatui kuitenkin Ven\u00e4j\u00e4n veto-oikeuteen (linkki)<\/a>.<\/p>\n<p>Afrikan sarven maat l\u00e4mpenev\u00e4t globaalia keskiarvoa nopeammin. Ilmastonmuutos pakottaa ihmisi\u00e4 liikkeelle kotiseuduiltaan ja ajaa osan heist\u00e4 terroristij\u00e4rjest\u00f6jen riveihin.<\/p>\n<p>Toisaalta ilmaston, turvallisuuden ja vakauden v\u00e4linen suhde ei ole mustavalkoinen. Er\u00e4s paikallinen tuttava totesi ihmisten usein my\u00f6s tulevan toimeen kuivien kausien aikana, jolloin on pakko keskitty\u00e4 veden ja muun tarvittavan hankkimiseksi ja tehd\u00e4 yhteisty\u00f6t\u00e4 n\u00e4iden j\u00e4rjest\u00e4miseksi. Kun ruoho kasvaa, jatketaan v\u00e4kivaltaa.<\/p>\n<p>Toinen tuttava taas l\u00e4hestyi konfliktinratkaisua n\u00e4k\u00f6kulmasta, jota en itse ollut tullut ajatelleeksi: \u201dJos meill\u00e4 ei olisi niin paljon kameleita, olisi paljon rauhallisempaa. Somalia pit\u00e4isi kaupungistaa. Klaanien v\u00e4liset taistelut k\u00e4yd\u00e4\u00e4n viljelt\u00e4v\u00e4st\u00e4 maasta. Kaupungissa el\u00e4mme sovussa kesken\u00e4mme, klaaneista huolimatta\u201d, h\u00e4n huomautti.<\/p>\n<p>Yli puolet Somalian v\u00e4est\u00f6st\u00e4 kuitenkin el\u00e4\u00e4 edelleen maaseudulla ja saa toimeentulonsa karjankasvatuksesta ja pienimuotoisesta viljelyst\u00e4. On selv\u00e4\u00e4, ett\u00e4 s\u00e4\u00e4n \u00e4\u00e4ri-ilmi\u00f6t voivat jatkossa saada liikkeelle massiivisia ihmisvirtoja. Ne eiv\u00e4t rajoitu vain Afrikan sarven alueelle.<\/p>\n<p><em><strong>Yhteydenotot:<\/strong> johanna.suhonen(at)kylkirauta.fi.<\/em><\/p>\n<p style=\"text-align: center;\">***<\/p>\n<\/div><\/section><br \/>\n<section  class='av_textblock_section av-kx7orz1o-7ccd31213019e179cfc2762aff39fd15 '   itemscope=\"itemscope\" itemtype=\"https:\/\/schema.org\/BlogPosting\" itemprop=\"blogPost\" ><div class='avia_textblock'  itemprop=\"text\" ><p><em>Suomi osallistuu t\u00e4ll\u00e4 hetkell\u00e4 Somaliassa kahteen EU:n yhteisen turvallisuus- ja puolustuspolitiikan (YTPP) operaation &#8211; vuonna 2012 aloitettu valmiuksia kehitt\u00e4v\u00e4 siviilioperaatio <strong>EUCAP\u00a0<\/strong> <strong>Somalia<\/strong> (8 henkil\u00f6\u00e4) ja\u00a0 vuonna 2010 aloitettu sotilaskoulutusoperaatio <strong>EUTM Somalia <\/strong>(12 henkil\u00f6\u00e4).\u00a0<\/em><\/p>\n<p><em>EUCAP Somalia on osa EU:n Somaliaa koskevaa kokonaisvaltaista l\u00e4hestymistapaa, johon kuuluvat diplomaattiset toimet, kehitysapu, humanitaarinen apu sek\u00e4 oikeusvaltioperiaatetta ja lainvalvontaa edist\u00e4v\u00e4 toiminta.\u00a0<\/em><\/p>\n<p><em>EUTM Somalia -operaation tarkoituksena on antaa Somalian viranomaisille poliittista ja strategista sotilasalan neuvontaa sek\u00e4 edist\u00e4\u00e4 Somalian kansallisen armeijan omien koulutusvalmiuksien kehitt\u00e4mist\u00e4.<br \/>\n<\/em><\/p>\n<p><em>Suomi p\u00e4\u00e4tti osallistumisensa EU:n johtamassa <strong>EUNAVFOR Atalanta-operaatiossa<\/strong> vuoden 2016 lopussa. Edelleen jatkuva Atalanta-operaatio perustettiin vuonna 2008 est\u00e4m\u00e4\u00e4n ja ehk\u00e4isem\u00e4\u00e4n merirosvousta ja aseellisia ry\u00f6st\u00f6j\u00e4 Somalian merialueella sek\u00e4 suojaamaan maailman ruokaj\u00e4rjest\u00f6n (WFP) ruokakuljetuksia Somaliaan.<\/em><\/p>\n<\/div><\/section><\/p><\/div><div  class='hr av-24tmga-ca34d41ef5ec5fc4314b98a56dee3817 hr-default  avia-builder-el-6  el_after_av_one_full  avia-builder-el-last '><span class='hr-inner '><span class=\"hr-inner-style\"><\/span><\/span><\/div><\/p>\n","protected":false},"excerpt":{"rendered":"","protected":false},"author":3,"featured_media":5556,"comment_status":"closed","ping_status":"closed","sticky":false,"template":"","format":"standard","meta":{"footnotes":""},"categories":[3,89,13],"tags":[],"class_list":["post-5550","post","type-post","status-publish","format-standard","has-post-thumbnail","hentry","category-blogi","category-blogi-2021","category-uusin-blogi"],"yoast_head":"<!-- This site is optimized with the Yoast SEO plugin v27.5 - https:\/\/yoast.com\/product\/yoast-seo-wordpress\/ -->\n<title>T\u00e4hyst\u00e4j\u00e4: Jos kameleita ja moskeijoita ei olisi - Kylkirauta<\/title>\n<meta name=\"robots\" content=\"index, follow, max-snippet:-1, max-image-preview:large, max-video-preview:-1\" \/>\n<link rel=\"canonical\" href=\"https:\/\/kylkirauta.fi\/index.php\/2021\/12\/16\/tahystaja-jos-kameleita-ja-moskeijoita-ei-olisi\/\" \/>\n<meta property=\"og:locale\" content=\"fi_FI\" \/>\n<meta property=\"og:type\" content=\"article\" \/>\n<meta property=\"og:title\" content=\"T\u00e4hyst\u00e4j\u00e4: Jos kameleita ja moskeijoita ei olisi - Kylkirauta\" \/>\n<meta property=\"og:url\" content=\"https:\/\/kylkirauta.fi\/index.php\/2021\/12\/16\/tahystaja-jos-kameleita-ja-moskeijoita-ei-olisi\/\" \/>\n<meta property=\"og:site_name\" content=\"Kylkirauta\" \/>\n<meta property=\"article:published_time\" content=\"2021-12-16T08:03:21+00:00\" \/>\n<meta property=\"article:modified_time\" content=\"2022-01-07T11:50:55+00:00\" \/>\n<meta property=\"og:image\" content=\"https:\/\/kylkirauta.fi\/wp-content\/uploads\/2021\/12\/Somalia-artikkeli-2.png\" \/>\n\t<meta property=\"og:image:width\" content=\"843\" \/>\n\t<meta property=\"og:image:height\" content=\"487\" \/>\n\t<meta property=\"og:image:type\" content=\"image\/png\" \/>\n<meta name=\"author\" content=\"Kari Sainio\" \/>\n<meta name=\"twitter:card\" content=\"summary_large_image\" \/>\n<meta name=\"twitter:label1\" content=\"Kirjoittanut\" \/>\n\t<meta name=\"twitter:data1\" content=\"Kari Sainio\" \/>\n\t<meta name=\"twitter:label2\" content=\"Arvioitu lukuaika\" \/>\n\t<meta name=\"twitter:data2\" content=\"8 minuuttia\" \/>\n<script type=\"application\/ld+json\" class=\"yoast-schema-graph\">{\"@context\":\"https:\\\/\\\/schema.org\",\"@graph\":[{\"@type\":\"Article\",\"@id\":\"https:\\\/\\\/kylkirauta.fi\\\/index.php\\\/2021\\\/12\\\/16\\\/tahystaja-jos-kameleita-ja-moskeijoita-ei-olisi\\\/#article\",\"isPartOf\":{\"@id\":\"https:\\\/\\\/kylkirauta.fi\\\/index.php\\\/2021\\\/12\\\/16\\\/tahystaja-jos-kameleita-ja-moskeijoita-ei-olisi\\\/\"},\"author\":{\"name\":\"Kari Sainio\",\"@id\":\"https:\\\/\\\/kylkirauta.fi\\\/#\\\/schema\\\/person\\\/714ab39a349c656b20d60a239be1d6f6\"},\"headline\":\"T\u00e4hyst\u00e4j\u00e4: Jos kameleita ja moskeijoita ei olisi\",\"datePublished\":\"2021-12-16T08:03:21+00:00\",\"dateModified\":\"2022-01-07T11:50:55+00:00\",\"mainEntityOfPage\":{\"@id\":\"https:\\\/\\\/kylkirauta.fi\\\/index.php\\\/2021\\\/12\\\/16\\\/tahystaja-jos-kameleita-ja-moskeijoita-ei-olisi\\\/\"},\"wordCount\":1430,\"image\":{\"@id\":\"https:\\\/\\\/kylkirauta.fi\\\/index.php\\\/2021\\\/12\\\/16\\\/tahystaja-jos-kameleita-ja-moskeijoita-ei-olisi\\\/#primaryimage\"},\"thumbnailUrl\":\"https:\\\/\\\/kylkirauta.fi\\\/wp-content\\\/uploads\\\/2021\\\/12\\\/Somalia-artikkeli-2.png\",\"articleSection\":[\"Blogi\",\"Blogi 2021\",\"Uusin blogi\"],\"inLanguage\":\"fi\"},{\"@type\":\"WebPage\",\"@id\":\"https:\\\/\\\/kylkirauta.fi\\\/index.php\\\/2021\\\/12\\\/16\\\/tahystaja-jos-kameleita-ja-moskeijoita-ei-olisi\\\/\",\"url\":\"https:\\\/\\\/kylkirauta.fi\\\/index.php\\\/2021\\\/12\\\/16\\\/tahystaja-jos-kameleita-ja-moskeijoita-ei-olisi\\\/\",\"name\":\"T\u00e4hyst\u00e4j\u00e4: Jos kameleita ja moskeijoita ei olisi - Kylkirauta\",\"isPartOf\":{\"@id\":\"https:\\\/\\\/kylkirauta.fi\\\/#website\"},\"primaryImageOfPage\":{\"@id\":\"https:\\\/\\\/kylkirauta.fi\\\/index.php\\\/2021\\\/12\\\/16\\\/tahystaja-jos-kameleita-ja-moskeijoita-ei-olisi\\\/#primaryimage\"},\"image\":{\"@id\":\"https:\\\/\\\/kylkirauta.fi\\\/index.php\\\/2021\\\/12\\\/16\\\/tahystaja-jos-kameleita-ja-moskeijoita-ei-olisi\\\/#primaryimage\"},\"thumbnailUrl\":\"https:\\\/\\\/kylkirauta.fi\\\/wp-content\\\/uploads\\\/2021\\\/12\\\/Somalia-artikkeli-2.png\",\"datePublished\":\"2021-12-16T08:03:21+00:00\",\"dateModified\":\"2022-01-07T11:50:55+00:00\",\"author\":{\"@id\":\"https:\\\/\\\/kylkirauta.fi\\\/#\\\/schema\\\/person\\\/714ab39a349c656b20d60a239be1d6f6\"},\"breadcrumb\":{\"@id\":\"https:\\\/\\\/kylkirauta.fi\\\/index.php\\\/2021\\\/12\\\/16\\\/tahystaja-jos-kameleita-ja-moskeijoita-ei-olisi\\\/#breadcrumb\"},\"inLanguage\":\"fi\",\"potentialAction\":[{\"@type\":\"ReadAction\",\"target\":[\"https:\\\/\\\/kylkirauta.fi\\\/index.php\\\/2021\\\/12\\\/16\\\/tahystaja-jos-kameleita-ja-moskeijoita-ei-olisi\\\/\"]}]},{\"@type\":\"ImageObject\",\"inLanguage\":\"fi\",\"@id\":\"https:\\\/\\\/kylkirauta.fi\\\/index.php\\\/2021\\\/12\\\/16\\\/tahystaja-jos-kameleita-ja-moskeijoita-ei-olisi\\\/#primaryimage\",\"url\":\"https:\\\/\\\/kylkirauta.fi\\\/wp-content\\\/uploads\\\/2021\\\/12\\\/Somalia-artikkeli-2.png\",\"contentUrl\":\"https:\\\/\\\/kylkirauta.fi\\\/wp-content\\\/uploads\\\/2021\\\/12\\\/Somalia-artikkeli-2.png\",\"width\":843,\"height\":487},{\"@type\":\"BreadcrumbList\",\"@id\":\"https:\\\/\\\/kylkirauta.fi\\\/index.php\\\/2021\\\/12\\\/16\\\/tahystaja-jos-kameleita-ja-moskeijoita-ei-olisi\\\/#breadcrumb\",\"itemListElement\":[{\"@type\":\"ListItem\",\"position\":1,\"name\":\"Home\",\"item\":\"https:\\\/\\\/kylkirauta.fi\\\/index.php\\\/home\\\/\"},{\"@type\":\"ListItem\",\"position\":2,\"name\":\"T\u00e4hyst\u00e4j\u00e4: Jos kameleita ja moskeijoita ei olisi\"}]},{\"@type\":\"WebSite\",\"@id\":\"https:\\\/\\\/kylkirauta.fi\\\/#website\",\"url\":\"https:\\\/\\\/kylkirauta.fi\\\/\",\"name\":\"Kylkirauta\",\"description\":\"Kadettiupseerit yhteiskunnan palveluksessa\",\"potentialAction\":[{\"@type\":\"SearchAction\",\"target\":{\"@type\":\"EntryPoint\",\"urlTemplate\":\"https:\\\/\\\/kylkirauta.fi\\\/?s={search_term_string}\"},\"query-input\":{\"@type\":\"PropertyValueSpecification\",\"valueRequired\":true,\"valueName\":\"search_term_string\"}}],\"inLanguage\":\"fi\"},{\"@type\":\"Person\",\"@id\":\"https:\\\/\\\/kylkirauta.fi\\\/#\\\/schema\\\/person\\\/714ab39a349c656b20d60a239be1d6f6\",\"name\":\"Kari Sainio\",\"sameAs\":[\"http:\\\/\\\/www.kylkirauta.fi\"],\"url\":\"https:\\\/\\\/kylkirauta.fi\\\/index.php\\\/author\\\/karisain\\\/\"}]}<\/script>\n<!-- \/ Yoast SEO plugin. -->","yoast_head_json":{"title":"T\u00e4hyst\u00e4j\u00e4: Jos kameleita ja moskeijoita ei olisi - Kylkirauta","robots":{"index":"index","follow":"follow","max-snippet":"max-snippet:-1","max-image-preview":"max-image-preview:large","max-video-preview":"max-video-preview:-1"},"canonical":"https:\/\/kylkirauta.fi\/index.php\/2021\/12\/16\/tahystaja-jos-kameleita-ja-moskeijoita-ei-olisi\/","og_locale":"fi_FI","og_type":"article","og_title":"T\u00e4hyst\u00e4j\u00e4: Jos kameleita ja moskeijoita ei olisi - Kylkirauta","og_url":"https:\/\/kylkirauta.fi\/index.php\/2021\/12\/16\/tahystaja-jos-kameleita-ja-moskeijoita-ei-olisi\/","og_site_name":"Kylkirauta","article_published_time":"2021-12-16T08:03:21+00:00","article_modified_time":"2022-01-07T11:50:55+00:00","og_image":[{"width":843,"height":487,"url":"https:\/\/kylkirauta.fi\/wp-content\/uploads\/2021\/12\/Somalia-artikkeli-2.png","type":"image\/png"}],"author":"Kari Sainio","twitter_card":"summary_large_image","twitter_misc":{"Kirjoittanut":"Kari Sainio","Arvioitu lukuaika":"8 minuuttia"},"schema":{"@context":"https:\/\/schema.org","@graph":[{"@type":"Article","@id":"https:\/\/kylkirauta.fi\/index.php\/2021\/12\/16\/tahystaja-jos-kameleita-ja-moskeijoita-ei-olisi\/#article","isPartOf":{"@id":"https:\/\/kylkirauta.fi\/index.php\/2021\/12\/16\/tahystaja-jos-kameleita-ja-moskeijoita-ei-olisi\/"},"author":{"name":"Kari Sainio","@id":"https:\/\/kylkirauta.fi\/#\/schema\/person\/714ab39a349c656b20d60a239be1d6f6"},"headline":"T\u00e4hyst\u00e4j\u00e4: Jos kameleita ja moskeijoita ei olisi","datePublished":"2021-12-16T08:03:21+00:00","dateModified":"2022-01-07T11:50:55+00:00","mainEntityOfPage":{"@id":"https:\/\/kylkirauta.fi\/index.php\/2021\/12\/16\/tahystaja-jos-kameleita-ja-moskeijoita-ei-olisi\/"},"wordCount":1430,"image":{"@id":"https:\/\/kylkirauta.fi\/index.php\/2021\/12\/16\/tahystaja-jos-kameleita-ja-moskeijoita-ei-olisi\/#primaryimage"},"thumbnailUrl":"https:\/\/kylkirauta.fi\/wp-content\/uploads\/2021\/12\/Somalia-artikkeli-2.png","articleSection":["Blogi","Blogi 2021","Uusin blogi"],"inLanguage":"fi"},{"@type":"WebPage","@id":"https:\/\/kylkirauta.fi\/index.php\/2021\/12\/16\/tahystaja-jos-kameleita-ja-moskeijoita-ei-olisi\/","url":"https:\/\/kylkirauta.fi\/index.php\/2021\/12\/16\/tahystaja-jos-kameleita-ja-moskeijoita-ei-olisi\/","name":"T\u00e4hyst\u00e4j\u00e4: Jos kameleita ja moskeijoita ei olisi - Kylkirauta","isPartOf":{"@id":"https:\/\/kylkirauta.fi\/#website"},"primaryImageOfPage":{"@id":"https:\/\/kylkirauta.fi\/index.php\/2021\/12\/16\/tahystaja-jos-kameleita-ja-moskeijoita-ei-olisi\/#primaryimage"},"image":{"@id":"https:\/\/kylkirauta.fi\/index.php\/2021\/12\/16\/tahystaja-jos-kameleita-ja-moskeijoita-ei-olisi\/#primaryimage"},"thumbnailUrl":"https:\/\/kylkirauta.fi\/wp-content\/uploads\/2021\/12\/Somalia-artikkeli-2.png","datePublished":"2021-12-16T08:03:21+00:00","dateModified":"2022-01-07T11:50:55+00:00","author":{"@id":"https:\/\/kylkirauta.fi\/#\/schema\/person\/714ab39a349c656b20d60a239be1d6f6"},"breadcrumb":{"@id":"https:\/\/kylkirauta.fi\/index.php\/2021\/12\/16\/tahystaja-jos-kameleita-ja-moskeijoita-ei-olisi\/#breadcrumb"},"inLanguage":"fi","potentialAction":[{"@type":"ReadAction","target":["https:\/\/kylkirauta.fi\/index.php\/2021\/12\/16\/tahystaja-jos-kameleita-ja-moskeijoita-ei-olisi\/"]}]},{"@type":"ImageObject","inLanguage":"fi","@id":"https:\/\/kylkirauta.fi\/index.php\/2021\/12\/16\/tahystaja-jos-kameleita-ja-moskeijoita-ei-olisi\/#primaryimage","url":"https:\/\/kylkirauta.fi\/wp-content\/uploads\/2021\/12\/Somalia-artikkeli-2.png","contentUrl":"https:\/\/kylkirauta.fi\/wp-content\/uploads\/2021\/12\/Somalia-artikkeli-2.png","width":843,"height":487},{"@type":"BreadcrumbList","@id":"https:\/\/kylkirauta.fi\/index.php\/2021\/12\/16\/tahystaja-jos-kameleita-ja-moskeijoita-ei-olisi\/#breadcrumb","itemListElement":[{"@type":"ListItem","position":1,"name":"Home","item":"https:\/\/kylkirauta.fi\/index.php\/home\/"},{"@type":"ListItem","position":2,"name":"T\u00e4hyst\u00e4j\u00e4: Jos kameleita ja moskeijoita ei olisi"}]},{"@type":"WebSite","@id":"https:\/\/kylkirauta.fi\/#website","url":"https:\/\/kylkirauta.fi\/","name":"Kylkirauta","description":"Kadettiupseerit yhteiskunnan palveluksessa","potentialAction":[{"@type":"SearchAction","target":{"@type":"EntryPoint","urlTemplate":"https:\/\/kylkirauta.fi\/?s={search_term_string}"},"query-input":{"@type":"PropertyValueSpecification","valueRequired":true,"valueName":"search_term_string"}}],"inLanguage":"fi"},{"@type":"Person","@id":"https:\/\/kylkirauta.fi\/#\/schema\/person\/714ab39a349c656b20d60a239be1d6f6","name":"Kari Sainio","sameAs":["http:\/\/www.kylkirauta.fi"],"url":"https:\/\/kylkirauta.fi\/index.php\/author\/karisain\/"}]}},"_links":{"self":[{"href":"https:\/\/kylkirauta.fi\/index.php\/wp-json\/wp\/v2\/posts\/5550","targetHints":{"allow":["GET"]}}],"collection":[{"href":"https:\/\/kylkirauta.fi\/index.php\/wp-json\/wp\/v2\/posts"}],"about":[{"href":"https:\/\/kylkirauta.fi\/index.php\/wp-json\/wp\/v2\/types\/post"}],"author":[{"embeddable":true,"href":"https:\/\/kylkirauta.fi\/index.php\/wp-json\/wp\/v2\/users\/3"}],"replies":[{"embeddable":true,"href":"https:\/\/kylkirauta.fi\/index.php\/wp-json\/wp\/v2\/comments?post=5550"}],"version-history":[{"count":8,"href":"https:\/\/kylkirauta.fi\/index.php\/wp-json\/wp\/v2\/posts\/5550\/revisions"}],"predecessor-version":[{"id":5690,"href":"https:\/\/kylkirauta.fi\/index.php\/wp-json\/wp\/v2\/posts\/5550\/revisions\/5690"}],"wp:featuredmedia":[{"embeddable":true,"href":"https:\/\/kylkirauta.fi\/index.php\/wp-json\/wp\/v2\/media\/5556"}],"wp:attachment":[{"href":"https:\/\/kylkirauta.fi\/index.php\/wp-json\/wp\/v2\/media?parent=5550"}],"wp:term":[{"taxonomy":"category","embeddable":true,"href":"https:\/\/kylkirauta.fi\/index.php\/wp-json\/wp\/v2\/categories?post=5550"},{"taxonomy":"post_tag","embeddable":true,"href":"https:\/\/kylkirauta.fi\/index.php\/wp-json\/wp\/v2\/tags?post=5550"}],"curies":[{"name":"wp","href":"https:\/\/api.w.org\/{rel}","templated":true}]}}