{"id":5513,"date":"2021-12-02T08:29:25","date_gmt":"2021-12-02T08:29:25","guid":{"rendered":"https:\/\/kylkirauta.fi\/?p=5513"},"modified":"2021-12-03T12:25:58","modified_gmt":"2021-12-03T12:25:58","slug":"risto-sinkko-kaksi-mietintoa-ja-tuore-mielipidetutkimus-miten-maanpuolustustahto-on-edelleen-tarkea","status":"publish","type":"post","link":"https:\/\/kylkirauta.fi\/index.php\/2021\/12\/02\/risto-sinkko-kaksi-mietintoa-ja-tuore-mielipidetutkimus-miten-maanpuolustustahto-on-edelleen-tarkea\/","title":{"rendered":"Risto Sinkko: Kaksi mietint\u00f6\u00e4 ja tuore mielipidetutkimus \u2013 Miten maanpuolustustahto on edelleen t\u00e4rke\u00e4?"},"content":{"rendered":"\n<style type=\"text\/css\" data-created_by=\"avia_inline_auto\" id=\"style-css-av-km4zs-0614ada41eb3461e6efbb361dfbae970\">\n.flex_column.av-km4zs-0614ada41eb3461e6efbb361dfbae970{\nborder-radius:0px 0px 0px 0px;\npadding:0px 0px 0px 0px;\n}\n<\/style>\n<div  class='flex_column av-km4zs-0614ada41eb3461e6efbb361dfbae970 av_one_full  avia-builder-el-0  el_before_av_hr  avia-builder-el-first  first flex_column_div av-zero-column-padding  '     ><p>\n<style type=\"text\/css\" data-created_by=\"avia_inline_auto\" id=\"style-css-av-av_heading-0263e9a5605c0903d326e6c6e418122a\">\n#top .av-special-heading.av-av_heading-0263e9a5605c0903d326e6c6e418122a{\npadding-bottom:10px;\n}\nbody .av-special-heading.av-av_heading-0263e9a5605c0903d326e6c6e418122a .av-special-heading-tag .heading-char{\nfont-size:25px;\n}\n.av-special-heading.av-av_heading-0263e9a5605c0903d326e6c6e418122a .av-subheading{\nfont-size:15px;\n}\n<\/style>\n<div  class='av-special-heading av-av_heading-0263e9a5605c0903d326e6c6e418122a av-special-heading-h3  avia-builder-el-1  el_before_av_hr  avia-builder-el-first '><h3 class='av-special-heading-tag'  itemprop=\"headline\"  >Kaksi mietint\u00f6\u00e4 ja tuore mielipidetutkimus \u2013 Miten maanpuolustustahto on edelleen t\u00e4rke\u00e4?<\/h3><div class=\"special-heading-border\"><div class=\"special-heading-inner-border\"><\/div><\/div><\/div><br \/>\n\n<style type=\"text\/css\" data-created_by=\"avia_inline_auto\" id=\"style-css-av-k5m7b9te-01401dd5e8beb25770de1be03f41ecf3\">\n#top .hr.hr-invisible.av-k5m7b9te-01401dd5e8beb25770de1be03f41ecf3{\nheight:30px;\n}\n<\/style>\n<div  class='hr av-k5m7b9te-01401dd5e8beb25770de1be03f41ecf3 hr-invisible  avia-builder-el-2  el_after_av_heading  el_before_av_textblock '><span class='hr-inner '><span class=\"hr-inner-style\"><\/span><\/span><\/div><br \/>\n<section  class='av_textblock_section av-k8d08-dea0f25c8df625cf22cbdeac32688808 '   itemscope=\"itemscope\" itemtype=\"https:\/\/schema.org\/BlogPosting\" itemprop=\"blogPost\" ><div class='avia_textblock'  itemprop=\"text\" ><div id=\"attachment_459\" style=\"width: 140px\" class=\"wp-caption alignleft\"><img loading=\"lazy\" decoding=\"async\" aria-describedby=\"caption-attachment-459\" class=\"wp-image-459\" src=\"https:\/\/kylkirauta.fi\/wp-content\/uploads\/2019\/10\/Sinkko_uusi.jpeg\" alt=\"\" width=\"130\" height=\"177\" srcset=\"https:\/\/kylkirauta.fi\/wp-content\/uploads\/2019\/10\/Sinkko_uusi.jpeg 369w, https:\/\/kylkirauta.fi\/wp-content\/uploads\/2019\/10\/Sinkko_uusi-221x300.jpeg 221w\" sizes=\"auto, (max-width: 130px) 100vw, 130px\" \/><p id=\"caption-attachment-459\" class=\"wp-caption-text\">ST Risto Sinkko<\/p><\/div>\n<p><strong>Maanpuolustustahto on sodanj\u00e4lkeisen ajan maanpuolustuskeskustelun t\u00e4rkeimpi\u00e4 k\u00e4sitteit\u00e4. Sen nosti esiin Sotakorkeakoulun diplomity\u00f6ss\u00e4\u00e4n Jaakko Valtanen vuonna 1954 ja sen j\u00e4lkeen maanpuolustustahdon tason seuraamiseen on valjastettu parlamentaarisia toimikuntia, vuodesta<\/strong> <strong>1975 l\u00e4htien Maanpuolustustiedotuksen suunnittelukunta (MTS).<\/strong><\/p>\n<p>K\u00e4ytt\u00e4ytymistieteellisen\u00e4 k\u00e4sitteen\u00e4 maanpuolustustahto on helppo. Se on intuitiivisesti helposti ymm\u00e4rrett\u00e4v\u00e4, ihminen tekee mieluiten sit\u00e4 mit\u00e4 tahtoo. T\u00e4ss\u00e4 on my\u00f6s k\u00e4sitteen heikkous, se tuntuu liian arkip\u00e4iv\u00e4iselt\u00e4 eik\u00e4 pohdita tarkemmin sen sis\u00e4lt\u00f6\u00e4.<\/p>\n<p>K\u00e4yt\u00e4nn\u00f6n kyselytutkimusten mittaamisessa on tyydytty yhteen kysymykseen, joka on lainattu Ruotsista jo 1950-luvun aikaisista l\u00e4hteist\u00e4 &#8211; <em>\u201dJos Suomeen hy\u00f6k\u00e4t\u00e4\u00e4n, niin olisiko suomalaisten mielest\u00e4nne puolustauduttava aseellisesti kaikissa tilanteissa, vaikka tulos n\u00e4ytt\u00e4isi ep\u00e4varmalta?\u201d<\/em><\/p>\n<p><strong><em>Maanpuolustustahto komiteamietinn\u00f6iss\u00e4<\/em><\/strong><\/p>\n<p>K\u00e4siss\u00e4mme on kaksi uutta komiteamietint\u00f6\u00e4, valtioneuvoston puolustusselonteko ja asevelvollisuuskomitean mietint\u00f6. Puolustusselonteossa mainitaan <em>\u201dkorkea maanpuolustustahto\u201d<\/em> ja siihen viittaa my\u00f6s asevelvollisuuskomitea. Asevelvollisuuskomitean n\u00e4k\u00f6kulmana on maanpuolustustahdon yll\u00e4pit\u00e4minen.<\/p>\n<p>Komiteoiden ei voi v\u00e4itt\u00e4\u00e4 olevan v\u00e4\u00e4r\u00e4ss\u00e4, mutta ajatukseen korkeasta ja jatkuvasti pysyv\u00e4st\u00e4 maanpuolustustahdosta sis\u00e4ltyy vakavia heikkoja signaaleja, joita komiteat eiv\u00e4t ole pohdiskelleet. T\u00e4m\u00e4 liittyy l\u00e4hinn\u00e4 maanpuolustusik\u00e4luokkien eli nuorten jo tutkitusti alentuneeseen maanpuolustustahtoon, joka on todennettavissa esimerkiksi MTS:n kyselytutkimusten tuloksista.<\/p>\n<p>Asevelvollisuuskomitea viittaa my\u00f6s Ruotsin esimerkkiin. Rauhanaikaisen asevelvollisuuden lakkauttaminen ei romahduttanut maanpuolustustahtoa sin\u00e4ns\u00e4, mutta ei tuottanut riitt\u00e4v\u00e4\u00e4 halukkuutta vapaaehtoiseen asepalvelukseen.<\/p>\n<p><em><strong>Muutos nuorten keskuudessa<\/strong><\/em><\/p>\n<p>Maanpuolustustahto on hyv\u00e4ll\u00e4 tasolla tarkasteltaessa kokonaisuutta v\u00e4est\u00f6tasolla. 2000-luvulla lasku on kuitenkin ollut selv\u00e4\u00e4 MTS:n tutkimusten mukaan alle 25-vuotiaiden joukossa sek\u00e4 my\u00f6s 25-34-vuotiaiden joukossa. N\u00e4iss\u00e4 ik\u00e4ryhmiss\u00e4 maanpuolustuksen k\u00e4yt\u00e4nn\u00f6n toteuttaminen kuitenkin on olennaista (ks. kuvio alempana).<\/p>\n<p>T\u00e4m\u00e4n vuoden toukokuussa Kadettikunta, Reserviupseeriliitto ja Sotilaskotiliitto teettiv\u00e4t <a href=\"https:\/\/kadettikunta.fi\/wp-content\/uploads\/2021\/09\/220404823_kadettikunta_nuorisotutkimus_2021_jaettava_korjattu.pdf\" target=\"_blank\" rel=\"noopener\">kyselytutkimuksen (linkki)<\/a> viidellesadalle alle 25-vuotiaalle. Tutkimuksen tuloksissa maanpuolustustahtokysymykseen\u00a0 &#8211; <em>\u201dJos Suomeen hy\u00f6k\u00e4t\u00e4\u00e4n, suomalaisten olisi puolustauduttava aseellisesti kaikissa tilanteissa, vaikka tulos n\u00e4ytt\u00e4isi ep\u00e4varmalta\u201d<\/em> &#8211; saatiin vastaustaso, joka on l\u00e4hell\u00e4 MTS:n tutkimuksissa kuvattua. Tutkimuksessa ilmeni kuitenkin muutakin sellaista, mit\u00e4 MTS:n tutkimukset eiv\u00e4t kata.<\/p>\n<p>Kysyttiin muun muassa vastaajien aikomuksia poistua maasta sotilaallisen kriisin uhatessa. Vastaajista jopa 34 prosentilla oli t\u00e4llaisia suunnitelmia. Maastapoistumishalukkuus painottui vastaajiin, joiden maailmankuvaa s\u00e4vytti globaali avoimuus, johon kuuluu muun muassa positiivinen suhtautuminen pakolaisten maahanmuuttoon. Vastavuoroisesti vapaan liikkuvuuden ajatusmalliin katsotaan kuuluvan se, ett\u00e4 muut maat ovat valmiita ottamaan vastaan pakolaiset Suomesta, jos tilanne t\u00e4\u00e4ll\u00e4 muuttuisi uhkaavaksi.<\/p>\n<p><a href=\"https:\/\/www.defmin.fi\/files\/5068\/Suomalaisten_mielipiteita_ulko-_ja_turvallisuuspolitiikasta_maanpuolustuksesta_ja_turvallisuudesta_2020.pdf\" target=\"_blank\" rel=\"noopener\">MTS:n viimeksi julkistetussa raportissa joulukuulta 2021 (linkki)<\/a> alle 25-vuotiaiden ryhm\u00e4ss\u00e4 maanpuolustustahtokysymykseen antoi kyll\u00e4-vastauksen 62 prosenttia tutkituista. Kuitenkin jos t\u00e4st\u00e4 joukosta v\u00e4hennet\u00e4\u00e4n maasta poistumista harkitsevien osuus, laskee maanpuolustustahtoisten osuus alle puoleen ik\u00e4ryhm\u00e4st\u00e4. T\u00e4m\u00e4 tulos on ilman muuta sellainen heikko signaali, johon on kiinnitett\u00e4v\u00e4 huomiota. H\u00e4lytt\u00e4v\u00e4\u00e4 on lis\u00e4ksi se, ett\u00e4 MTS:n viime vuosien tulosten mukaan 25-34 -vuotiaiden ik\u00e4ryhm\u00e4ss\u00e4 maanpuolustustahtoisten osuus on viel\u00e4 pienempi kuin nuoremmassa ik\u00e4ryhm\u00e4ss\u00e4.<\/p>\n<p>Maasta poistumista harkitsevia oli my\u00f6s asepalveluksen suorittaneiden joukossa. Tulkinta t\u00e4st\u00e4 voi olla se, ett\u00e4 asepalveluksen suorittaminen ei v\u00e4ltt\u00e4m\u00e4tt\u00e4 lis\u00e4\u00e4 halukkuutta itse puolustaa maata. Ajattelua kuvaa ennemminkin n\u00e4kemys omien henkil\u00f6kohtaisten tavoitteiden ensisijaisuudesta.<\/p>\n<p>Tutkimuksen tuloksissa on n\u00e4ht\u00e4viss\u00e4 my\u00f6s se, ett\u00e4 suhtautumista aseelliseen maanpuolustukseen ei niink\u00e4\u00e4n selit\u00e4 perinteinen vasemmisto-oikeisto -ulottuvuus vaan erikseen tutkimusta varten konstruoitu liberaalisuus-konservatiivisuus (ns. GAL-TAN) -ulottuvuus. Oikeistolaisuuteen saattaa liitty\u00e4 henkil\u00f6kohtaisten tavoitteiden priorisointi, maanpuolustuksen arvostus liittyy enemm\u00e4nkin konservatiivisuuteen.<\/p>\n<p><em><strong>Maanpuolustustahdon tason arvioinnista<\/strong><\/em><\/p>\n<p>Puolustusvoimien upseereiden ja miehist\u00f6n v\u00e4lisi\u00e4 suhteita tutkinut Juha M\u00e4lkki on sanonut, ett\u00e4 ennen talvisotaa mik\u00e4\u00e4n kyselytutkimus ei olisi pystynyt arvioimaan sodassa syntyv\u00e4n yksimielisyyden tasoa. T\u00e4m\u00e4n p\u00e4iv\u00e4n yhteiskunnan ja kansalaisten mielipiteen tilanteessa t\u00e4m\u00e4 saattaa edelleenkin pit\u00e4\u00e4 paikkansa, mutta nyt p\u00e4invastaiseen suuntaan. Jos liian sinisilm\u00e4isesti maanpuolustustahto arvioidaan korkeaksi, varsinkin maanpuolustusv\u00e4est\u00f6n eli alle 35-vuotiaiden maanpuolustustahdon lasku saattaakin muodostaa ongelman kriisin oloissa tai jo kriisi\u00e4 ennen sen kehittyess\u00e4.<\/p>\n<p>Kuluvan syksyn 2021 tilanne koronaepidemian kanssa saattaa muodostaa rinnastettavan esimerkin. T\u00e4h\u00e4n on kiinnitt\u00e4nyt huomiota Petteri J\u00e4rvinen mielipidekirjoituksessaan Helsingin Sanomissa. H\u00e4nen mukaansa rokottamisesta ei ole yksimielisyytt\u00e4, ja samanlaista ei ehk\u00e4 ole maanpuolustuksestakaan.<\/p>\n<p>Noin 20 prosenttia yli 12-vuotiaista kansalaisista on rokottamatta, ja heid\u00e4n sairastumisensa muodostaa ylikuormitustilanteen sairaanhoidolle. Miesik\u00e4luokasta 35 prosenttia ei ole varusmiespalveluksen kannalta palveluskelpoisia tai -halukkaita. N\u00e4in suuri osuus ik\u00e4luokasta ja osuuden kasvu edelleen saattaa romahduttaa palvelukseen m\u00e4\u00e4r\u00e4tt\u00e4vien motivaation ja kyseenalaistaa koko velvollisuuteen perustuvan j\u00e4rjestelm\u00e4mme.<\/p>\n<p>Maanpuolustustahdon virallinen mittaaja on MTS vuosittaisilla kyselytutkimuksillaan. Trendi 2000-luvulla on ollut maanpuolustusik\u00e4isen eli alle 35-vuotiaan kansanosan maanpuolustustahdon jyrkempi lasku muihin ik\u00e4ryhmiin verrattuna. Kysymykseksi j\u00e4\u00e4, onko nykyinen maanpuolustustahdon taso riitt\u00e4v\u00e4, ja jos ei, mit\u00e4 sen parantamiseksi pit\u00e4isi tehd\u00e4?<\/p>\n<div id=\"attachment_5515\" style=\"width: 686px\" class=\"wp-caption aligncenter\"><img loading=\"lazy\" decoding=\"async\" aria-describedby=\"caption-attachment-5515\" class=\"wp-image-5515 size-full\" src=\"https:\/\/kylkirauta.fi\/wp-content\/uploads\/2021\/12\/MTS-2021-1.jpg\" alt=\"\" width=\"676\" height=\"390\" srcset=\"https:\/\/kylkirauta.fi\/wp-content\/uploads\/2021\/12\/MTS-2021-1.jpg 676w, https:\/\/kylkirauta.fi\/wp-content\/uploads\/2021\/12\/MTS-2021-1-300x173.jpg 300w\" sizes=\"auto, (max-width: 676px) 100vw, 676px\" \/><p id=\"caption-attachment-5515\" class=\"wp-caption-text\">MTS:n maanpuolustustahtokysymyksen kyll\u00e4-vastaukset ik\u00e4ryhmiss\u00e4. L\u00e4hde: Maanpuolustustiedotuksen suunnittelukunta MTS 2021:1.<\/p><\/div>\n<p><strong><em>Vasemmistoliiton eri\u00e4v\u00e4 mielipide asevelvollisuudesta kuin 1970-luvulta<\/em><\/strong><\/p>\n<p>Ainoan eri\u00e4v\u00e4n mielipiteen asevelvollisuuskomitean mietint\u00f6\u00f6n kirjasi Vasemmistoliiton edustaja Jari Myllykoski. Mielipiteen mukaan ehdotuksilla pyrit\u00e4\u00e4n militarisoimaan yhteiskuntaa, opetukseen ei pid\u00e4 lis\u00e4t\u00e4 maanpuolustustiet\u00e4myst\u00e4, sill\u00e4 opetussuunnitelmat sis\u00e4lt\u00e4v\u00e4t sit\u00e4 jo tarpeeksi.<\/p>\n<p>T\u00e4m\u00e4 n\u00e4kemys on aivan linjassa vasemmiston 1970-luvulla esitt\u00e4m\u00e4n n\u00e4kemyksen kanssa. Tuolloin vasemmiston vaatimuksesta lopetettiin Henkisen maanpuolustuksen suunnittelukunta (HMS) ja 1975 sen toimintaa jatkamaan perustettiin nykyinen Maanpuolustustiedotuksen suunnittelukunta toisenlaisin toimintaperiaattein. Nykyinen voimakkaasti polarisoitunut poliittinen maisema muistuttaa l\u00e4heisesti 1970-luvun tilannetta. Maanpuolustustahdon vahvistamiseen pyrkivien toimenpiteiden katsotaan hy\u00f6dytt\u00e4v\u00e4n kilpailevaa poliittista oikeistoa.<\/p>\n<p>Viel\u00e4 1980-luvulla silloisen SKDL:n edustaja Jorma Hentil\u00e4 kirjoitti Kylkirauta-lehdess\u00e4: \u201dMinusta henkisen maanpuolustuksen k\u00e4site vei vikaan. Itse n\u00e4en asian sill\u00e4 tavalla, ett\u00e4 ihmiset ovat valmiit puolustamaan omaa maataan ja yhteiskunnallista arvoj\u00e4rjestelm\u00e4\u00e4, joiden puolustamisen arvosta he kokemuksensa kautta ovat tulleet vakuuttuneiksi. En usko, ett\u00e4 ylh\u00e4\u00e4lt\u00e4 tulevalla mielipiteen muokkauksella t\u00e4m\u00e4 olisi luotavissa, vaikka aikaisemmin on n\u00e4in saatettu ajatella.\u201d HMS:n maanpuolustuksen suunnittelukuntayhten\u00e4 ajatuksena oli maanpuolustustietouden opettaminen kouluissa.<\/p>\n<p>Eri\u00e4v\u00e4n mielipiteen mukaan Vasemmistoliiton mielest\u00e4 komitean ehdottama siviilipalveluksen uudistus mahdollistaa siviilipalveluksen viemisen v\u00e4\u00e4r\u00e4\u00e4n suuntaan. \u201dEp\u00e4suorasti asevoimia tai sotilaallista valmistautumista tukeva palvelus on vastoin monien aseistakielt\u00e4ytyjien vakaumusta.\u201d Komitean lainaamien tutkimustulosten mukaan kuitenkin enemmist\u00f6 siviilipalvelukseen hakeutuneista tekee sen \u201dk\u00e4yt\u00e4nn\u00f6n syist\u00e4\u201d, ei vakaumuksensa perusteella. Komitean enemmist\u00f6 katsoo, ett\u00e4 siviilipalveluksen on liitytt\u00e4v\u00e4 aikaisempaa paremmin kokonaisturvallisuuden ja maanpuolustuksen teht\u00e4viin.<\/p>\n<p><strong><em>Komitea ei pohdi identiteettivaikutuksia<\/em><\/strong><\/p>\n<p>Komitea huomaa mietinn\u00f6ss\u00e4\u00e4n, ett\u00e4 varusmiespalvelusaika osuu nuoren asevelvollisen kehittymisen kannalta t\u00e4rke\u00e4\u00e4n murroskohtaan. Palvelusaika sijoittuu ikuistumisen vaiheeseen, jossa yksil\u00f6n sosiaalinen toimintakyky ja vastuullisuus kehittyv\u00e4t sek\u00e4 itseluottamuksen ja hallinnan tunteet kasvavat.<\/p>\n<p>Komitea ei kuitenkaan pohdi varusmiespalveluksen identiteettivaikutuksia, jotka kuitenkin ovat t\u00e4rke\u00e4 osallistumisen motivaatiotekij\u00e4. Palvelus on tavallaan osoitus p\u00e4tev\u00f6itymisest\u00e4 yhteiskunnan j\u00e4seneksi. Siit\u00e4 muodostuu identiteettitekij\u00e4, jota kuvaa vaikkapa halukkuus kaveriporukassa kertoilla inttijuttuja. T\u00e4rke\u00e4\u00e4 on, ett\u00e4 palveluksesta on tultu l\u00e4pi, vaikka onnistuminen ei ehk\u00e4 omastakaan mielest\u00e4 ole ollut parasta mahdollista. Kuitenkin mitattu maanpuolustustahto ja -motivaatio varusmiespalveluksen lopulla on korkealla tasolla.<\/p>\n<p>Huomionarvoinen on kuitenkin viime kev\u00e4\u00e4n tutkimuksemme havainto siit\u00e4, ett\u00e4 my\u00f6s varusmiespalveluksen suorittaneiden joukossa harkitaan maasta poistumista kriisin uhatessa. T\u00e4st\u00e4 voidaan ajatella, ett\u00e4 varusmiespalveluksen suorittamisella on arvoa sin\u00e4ns\u00e4 identiteettimieless\u00e4. Varusmiespalvelus ei v\u00e4ltt\u00e4m\u00e4tt\u00e4 velvoitakaan kriisitilanteessa maan ja muiden kansalaisten puolustamiseen vaan henkil\u00f6kohtaiset tavoitteet nousevat etusijalle.<\/p>\n<p>Reservipalveluksella ja kertausharjoituksiin osallistumisella ei ole havaittavissa samanlaista identiteettivaikutusta kuin varusmiespalveluksella. Eri tutkimusten mukaan halukkuus osallistua kertausharjoituksiin on osalla reservil\u00e4isi\u00e4 pieni jopa varusmiespalveluksen p\u00e4\u00e4ttymisvaiheessa. Eri vuosina lykk\u00e4ysanomukset kertausharjoituksista ovat vaikeuttaneet jopa harjoitusten toteuttamistakin. Komitean mukaan noin nelj\u00e4 viidest\u00e4 k\u00e4sketyst\u00e4 osallistuu kertausharjoituksiin. Kaikille reservil\u00e4isille ei ole avautunut se, ett\u00e4 asevelvollisuus on vuosikymmeni\u00e4 kest\u00e4v\u00e4 asiantila. Komitea ei ole arvioinut kertausharjoitusj\u00e4rjestelm\u00e4\u00e4 joukkotuotannon onnistumisen n\u00e4k\u00f6kulmasta.<\/p>\n<p>Komitea suhtautuu positiivisen odottavasti sek\u00e4 vapaaehtoisiin kertausharjoituksiin ett\u00e4 Maanpuolustuskoulutussyhdistyksen (MPK) j\u00e4rjest\u00e4m\u00e4\u00e4n vapaaehtoiseen koulutukseen. Nykylain mukaan MPK ei j\u00e4rjest\u00e4 varsinaista sotilaallista koulutusta.<\/p>\n<p><em><strong>Risto Sinkko<\/strong><\/em><br \/>\n<em>Majuri res, ST<\/em><\/p>\n<p>***<\/p>\n<p><em><strong>L\u00e4hteet<\/strong>:\u00a0<\/em><\/p>\n<p><em><a href=\"https:\/\/julkaisut.valtioneuvosto.fi\/bitstream\/handle\/10024\/163405\/VN_2021_78.pdf\" target=\"_blank\" rel=\"noopener\">Valtioneuvoston puolustusselonteko 2021 (linkki)\u00a0<\/a><\/em><\/p>\n<p><em><a href=\"https:\/\/julkaisut.valtioneuvosto.fi\/bitstream\/handle\/10024\/163633\/VN_2021_91.pdf?sequence=1&amp;isAllowed=y\" target=\"_blank\" rel=\"noopener\">Asevelvollisuuskomitean mietint\u00f6 2021 (linkki)\u00a0<\/a><\/em><\/p>\n<p><em><a href=\"https:\/\/www.defmin.fi\/maanpuolustustiedotuksen_suunnittelukunta_mts\/mielipidetutkimukset\/suomalaisten_mielipiteita_ulko-_ja_turvallisuuspolitiikasta_maanpuolustuksesta_ja_turvallisuudesta_2021.12303.news#b757ef95\" target=\"_blank\" rel=\"noopener\">MTS:n mielipidetutkimus 2021 kansalaisten mielipiteist\u00e4 ulko- ja turvallissupolitiikasta, maanpuolustuksesta ja turvallisuudesta (linkki)\u00a0<\/a><\/em><\/p>\n<p><a href=\"https:\/\/kadettikunta.fi\/wp-content\/uploads\/2021\/09\/220404823_kadettikunta_nuorisotutkimus_2021_jaettava_korjattu.pdf\" target=\"_blank\" rel=\"noopener\"><em>Kadettikunnan, Suomen Sotilaskotiliiton ja Reserviupseeriliiton 20.5.2021 j\u00e4rjest\u00e4m\u00e4\u00e4n \u201dArvostammeko arvojamme? Arvot nyt ja tulevaisuudessa\u201d -webinaariin liittyen toteutettu kyselytutkimus 15-24-vuotiaille nuorille heid\u00e4n maan puolustamiseen liittyvist\u00e4 arvoista (linkki).<\/em><\/a><\/p>\n<\/div><\/section><\/p><\/div><div  class='hr av-6zsyz-b471ba5482e75b0a604afa4166a853a5 hr-default  avia-builder-el-4  el_after_av_one_full  el_before_av_blog '><span class='hr-inner '><span class=\"hr-inner-style\"><\/span><\/span><\/div><\/p>\n<div  class='av-alb-blogposts template-blog  '  itemscope=\"itemscope\" itemtype=\"https:\/\/schema.org\/Blog\" ><article class=\"post-entry post-entry-type-standard post-entry-8921 post-loop-1 post-parity-odd bloglist-simple with-slider post-8921 post type-post status-publish format-standard has-post-thumbnail hentry category-artikkeli category-artikkeli-2026\"  itemscope=\"itemscope\" itemtype=\"https:\/\/schema.org\/BlogPosting\" ><div class=\"blog-meta\"><\/div><div class='entry-content-wrapper clearfix standard-content'><header class=\"entry-content-header\"><h2 class='post-title entry-title '  itemprop=\"headline\" ><a href=\"https:\/\/kylkirauta.fi\/index.php\/2026\/04\/20\/kaaderilaulajien-julkaisutoiminta\/\" rel=\"bookmark\" title=\"Permanent Link: Kaaderilaulajien julkaisutoiminta\">Kaaderilaulajien julkaisutoiminta<span class=\"post-format-icon minor-meta\"><\/span><\/a><\/h2><span class=\"post-meta-infos\"><time class=\"date-container minor-meta updated\"  itemprop=\"datePublished\" datetime=\"2026-04-20T15:45:24+03:00\" >20.4.2026<\/time><span class=\"text-sep\">\/<\/span><span class=\"blog-categories minor-meta\">in <a href=\"https:\/\/kylkirauta.fi\/index.php\/category\/artikkeli\/\" rel=\"tag\">Artikkeli<\/a>, <a href=\"https:\/\/kylkirauta.fi\/index.php\/category\/artikkeli-2026\/\" rel=\"tag\">Artikkeli 2026<\/a><\/span><span class=\"text-sep\">\/<\/span><span class=\"blog-author minor-meta\">by <span class=\"entry-author-link\"  itemprop=\"author\" ><span class=\"author\"><span class=\"fn\"><a href=\"https:\/\/kylkirauta.fi\/index.php\/author\/karisain\/\" title=\"Kirjoittanut: Kari Sainio\" rel=\"author\">Kari Sainio<\/a><\/span><\/span><\/span><\/span><div class=\"read-more-link\"><a href=\"https:\/\/kylkirauta.fi\/index.php\/2026\/04\/20\/kaaderilaulajien-julkaisutoiminta\/\" class=\"more-link\">Read more<span class=\"more-link-arrow\"><\/span><\/a><\/div><\/span><\/header><footer class=\"entry-footer\"><\/footer><div class='post_delimiter'><\/div><\/div><div class=\"post_author_timeline\"><\/div><span class='hidden'>\n\t\t\t\t<span class='av-structured-data'  itemprop=\"image\" itemscope=\"itemscope\" itemtype=\"https:\/\/schema.org\/ImageObject\" >\n\t\t\t\t\t\t<span itemprop='url'>https:\/\/kylkirauta.fi\/wp-content\/uploads\/2026\/04\/Artikkeli-4-2026-2.jpg<\/span>\n\t\t\t\t\t\t<span itemprop='height'>487<\/span>\n\t\t\t\t\t\t<span itemprop='width'>843<\/span>\n\t\t\t\t<\/span>\n\t\t\t\t<span class='av-structured-data'  itemprop=\"publisher\" itemtype=\"https:\/\/schema.org\/Organization\" itemscope=\"itemscope\" >\n\t\t\t\t\t\t<span itemprop='name'>Kari Sainio<\/span>\n\t\t\t\t\t\t<span itemprop='logo' itemscope itemtype='https:\/\/schema.org\/ImageObject'>\n\t\t\t\t\t\t\t<span itemprop='url'>https:\/\/kylkirauta.fi\/wp-content\/uploads\/2020\/02\/kkunta_weblogo-100x100-1.png<\/span>\n\t\t\t\t\t\t<\/span>\n\t\t\t\t<\/span><span class='av-structured-data'  itemprop=\"author\" itemscope=\"itemscope\" itemtype=\"https:\/\/schema.org\/Person\" ><span itemprop='name'>Kari Sainio<\/span><\/span><span class='av-structured-data'  itemprop=\"datePublished\" datetime=\"2026-04-20T15:45:24+03:00\" >2026-04-20 15:45:24<\/span><span class='av-structured-data'  itemprop=\"dateModified\" itemtype=\"https:\/\/schema.org\/dateModified\" >2026-04-20 15:45:24<\/span><span class='av-structured-data'  itemprop=\"mainEntityOfPage\" itemtype=\"https:\/\/schema.org\/mainEntityOfPage\" ><span itemprop='name'>Kaaderilaulajien julkaisutoiminta<\/span><\/span><\/span><\/article><article class=\"post-entry post-entry-type-standard post-entry-8884 post-loop-2 post-parity-even bloglist-simple with-slider post-8884 post type-post status-publish format-standard has-post-thumbnail hentry category-artikkeli category-artikkeli-2026\"  itemscope=\"itemscope\" itemtype=\"https:\/\/schema.org\/BlogPosting\" ><div class=\"blog-meta\"><\/div><div class='entry-content-wrapper clearfix standard-content'><header class=\"entry-content-header\"><h2 class='post-title entry-title '  itemprop=\"headline\" ><a href=\"https:\/\/kylkirauta.fi\/index.php\/2026\/03\/27\/kaaderilaulajien-ukraina-tukikonsertit\/\" rel=\"bookmark\" title=\"Permanent Link: Kaaderilaulajien Ukraina-tukikonsertit\">Kaaderilaulajien Ukraina-tukikonsertit<span class=\"post-format-icon minor-meta\"><\/span><\/a><\/h2><span class=\"post-meta-infos\"><time class=\"date-container minor-meta updated\"  itemprop=\"datePublished\" datetime=\"2026-03-27T12:30:38+02:00\" >27.3.2026<\/time><span class=\"text-sep\">\/<\/span><span class=\"blog-categories minor-meta\">in <a href=\"https:\/\/kylkirauta.fi\/index.php\/category\/artikkeli\/\" rel=\"tag\">Artikkeli<\/a>, <a href=\"https:\/\/kylkirauta.fi\/index.php\/category\/artikkeli-2026\/\" rel=\"tag\">Artikkeli 2026<\/a><\/span><span class=\"text-sep\">\/<\/span><span class=\"blog-author minor-meta\">by <span class=\"entry-author-link\"  itemprop=\"author\" ><span class=\"author\"><span class=\"fn\"><a href=\"https:\/\/kylkirauta.fi\/index.php\/author\/karisain\/\" title=\"Kirjoittanut: Kari Sainio\" rel=\"author\">Kari Sainio<\/a><\/span><\/span><\/span><\/span><div class=\"read-more-link\"><a href=\"https:\/\/kylkirauta.fi\/index.php\/2026\/03\/27\/kaaderilaulajien-ukraina-tukikonsertit\/\" class=\"more-link\">Read more<span class=\"more-link-arrow\"><\/span><\/a><\/div><\/span><\/header><footer class=\"entry-footer\"><\/footer><div class='post_delimiter'><\/div><\/div><div class=\"post_author_timeline\"><\/div><span class='hidden'>\n\t\t\t\t<span class='av-structured-data'  itemprop=\"image\" itemscope=\"itemscope\" itemtype=\"https:\/\/schema.org\/ImageObject\" >\n\t\t\t\t\t\t<span itemprop='url'>https:\/\/kylkirauta.fi\/wp-content\/uploads\/2026\/03\/3-2026-artikkeli.jpg<\/span>\n\t\t\t\t\t\t<span itemprop='height'>487<\/span>\n\t\t\t\t\t\t<span itemprop='width'>843<\/span>\n\t\t\t\t<\/span>\n\t\t\t\t<span class='av-structured-data'  itemprop=\"publisher\" itemtype=\"https:\/\/schema.org\/Organization\" itemscope=\"itemscope\" >\n\t\t\t\t\t\t<span itemprop='name'>Kari Sainio<\/span>\n\t\t\t\t\t\t<span itemprop='logo' itemscope itemtype='https:\/\/schema.org\/ImageObject'>\n\t\t\t\t\t\t\t<span itemprop='url'>https:\/\/kylkirauta.fi\/wp-content\/uploads\/2020\/02\/kkunta_weblogo-100x100-1.png<\/span>\n\t\t\t\t\t\t<\/span>\n\t\t\t\t<\/span><span class='av-structured-data'  itemprop=\"author\" itemscope=\"itemscope\" itemtype=\"https:\/\/schema.org\/Person\" ><span itemprop='name'>Kari Sainio<\/span><\/span><span class='av-structured-data'  itemprop=\"datePublished\" datetime=\"2026-03-27T12:30:38+02:00\" >2026-03-27 12:30:38<\/span><span class='av-structured-data'  itemprop=\"dateModified\" itemtype=\"https:\/\/schema.org\/dateModified\" >2026-03-27 12:30:38<\/span><span class='av-structured-data'  itemprop=\"mainEntityOfPage\" itemtype=\"https:\/\/schema.org\/mainEntityOfPage\" ><span itemprop='name'>Kaaderilaulajien Ukraina-tukikonsertit<\/span><\/span><\/span><\/article><article class=\"post-entry post-entry-type-standard post-entry-8786 post-loop-3 post-parity-odd bloglist-simple with-slider post-8786 post type-post status-publish format-standard has-post-thumbnail hentry category-artikkeli category-artikkeli-2026\"  itemscope=\"itemscope\" itemtype=\"https:\/\/schema.org\/BlogPosting\" ><div class=\"blog-meta\"><\/div><div class='entry-content-wrapper clearfix standard-content'><header class=\"entry-content-header\"><h2 class='post-title entry-title '  itemprop=\"headline\" ><a href=\"https:\/\/kylkirauta.fi\/index.php\/2026\/02\/23\/risto-sinkko-eu-kansalaisten-nakemyksia-turvallisuudesta-ja-puolustuksesta\/\" rel=\"bookmark\" title=\"Permanent Link: Risto Sinkko: EU-kansalaisten n\u00e4kemyksi\u00e4 turvallisuudesta ja puolustuksesta\">Risto Sinkko: EU-kansalaisten n\u00e4kemyksi\u00e4 turvallisuudesta ja puolustuksesta<span class=\"post-format-icon minor-meta\"><\/span><\/a><\/h2><span class=\"post-meta-infos\"><time class=\"date-container minor-meta updated\"  itemprop=\"datePublished\" datetime=\"2026-02-23T17:08:33+02:00\" >23.2.2026<\/time><span class=\"text-sep\">\/<\/span><span class=\"blog-categories minor-meta\">in <a href=\"https:\/\/kylkirauta.fi\/index.php\/category\/artikkeli\/\" rel=\"tag\">Artikkeli<\/a>, <a href=\"https:\/\/kylkirauta.fi\/index.php\/category\/artikkeli-2026\/\" rel=\"tag\">Artikkeli 2026<\/a><\/span><span class=\"text-sep\">\/<\/span><span class=\"blog-author minor-meta\">by <span class=\"entry-author-link\"  itemprop=\"author\" ><span class=\"author\"><span class=\"fn\"><a href=\"https:\/\/kylkirauta.fi\/index.php\/author\/karisain\/\" title=\"Kirjoittanut: Kari Sainio\" rel=\"author\">Kari Sainio<\/a><\/span><\/span><\/span><\/span><div class=\"read-more-link\"><a href=\"https:\/\/kylkirauta.fi\/index.php\/2026\/02\/23\/risto-sinkko-eu-kansalaisten-nakemyksia-turvallisuudesta-ja-puolustuksesta\/\" class=\"more-link\">Read more<span class=\"more-link-arrow\"><\/span><\/a><\/div><\/span><\/header><footer class=\"entry-footer\"><\/footer><div class='post_delimiter'><\/div><\/div><div class=\"post_author_timeline\"><\/div><span class='hidden'>\n\t\t\t\t<span class='av-structured-data'  itemprop=\"image\" itemscope=\"itemscope\" itemtype=\"https:\/\/schema.org\/ImageObject\" >\n\t\t\t\t\t\t<span itemprop='url'>https:\/\/kylkirauta.fi\/wp-content\/uploads\/2026\/02\/Artikkeli-MSC-artikkeli.jpg<\/span>\n\t\t\t\t\t\t<span itemprop='height'>487<\/span>\n\t\t\t\t\t\t<span itemprop='width'>843<\/span>\n\t\t\t\t<\/span>\n\t\t\t\t<span class='av-structured-data'  itemprop=\"publisher\" itemtype=\"https:\/\/schema.org\/Organization\" itemscope=\"itemscope\" >\n\t\t\t\t\t\t<span itemprop='name'>Kari Sainio<\/span>\n\t\t\t\t\t\t<span itemprop='logo' itemscope itemtype='https:\/\/schema.org\/ImageObject'>\n\t\t\t\t\t\t\t<span itemprop='url'>https:\/\/kylkirauta.fi\/wp-content\/uploads\/2020\/02\/kkunta_weblogo-100x100-1.png<\/span>\n\t\t\t\t\t\t<\/span>\n\t\t\t\t<\/span><span class='av-structured-data'  itemprop=\"author\" itemscope=\"itemscope\" itemtype=\"https:\/\/schema.org\/Person\" ><span itemprop='name'>Kari Sainio<\/span><\/span><span class='av-structured-data'  itemprop=\"datePublished\" datetime=\"2026-02-23T17:08:33+02:00\" >2026-02-23 17:08:33<\/span><span class='av-structured-data'  itemprop=\"dateModified\" itemtype=\"https:\/\/schema.org\/dateModified\" >2026-02-23 17:29:54<\/span><span class='av-structured-data'  itemprop=\"mainEntityOfPage\" itemtype=\"https:\/\/schema.org\/mainEntityOfPage\" ><span itemprop='name'>Risto Sinkko: EU-kansalaisten n\u00e4kemyksi\u00e4 turvallisuudesta ja puolustuksesta<\/span><\/span><\/span><\/article><article class=\"post-entry post-entry-type-standard post-entry-8765 post-loop-4 post-parity-even bloglist-simple with-slider post-8765 post type-post status-publish format-standard has-post-thumbnail hentry category-artikkeli category-artikkeli-2026\"  itemscope=\"itemscope\" itemtype=\"https:\/\/schema.org\/BlogPosting\" ><div class=\"blog-meta\"><\/div><div class='entry-content-wrapper clearfix standard-content'><header class=\"entry-content-header\"><h2 class='post-title entry-title '  itemprop=\"headline\" ><a href=\"https:\/\/kylkirauta.fi\/index.php\/2026\/02\/15\/kaaderilaulajat-suomen-pojat-suomen-vapauden-ja-viron-kunnian-puolesta\/\" rel=\"bookmark\" title=\"Permanent Link: Kaaderilaulajat: Suomen pojat &#8211; Suomen vapauden ja Viron kunnian puolesta\">Kaaderilaulajat: Suomen pojat &#8211; Suomen vapauden ja Viron kunnian puolesta<span class=\"post-format-icon minor-meta\"><\/span><\/a><\/h2><span class=\"post-meta-infos\"><time class=\"date-container minor-meta updated\"  itemprop=\"datePublished\" datetime=\"2026-02-15T15:44:11+02:00\" >15.2.2026<\/time><span class=\"text-sep\">\/<\/span><span class=\"blog-categories minor-meta\">in <a href=\"https:\/\/kylkirauta.fi\/index.php\/category\/artikkeli\/\" rel=\"tag\">Artikkeli<\/a>, <a href=\"https:\/\/kylkirauta.fi\/index.php\/category\/artikkeli-2026\/\" rel=\"tag\">Artikkeli 2026<\/a><\/span><span class=\"text-sep\">\/<\/span><span class=\"blog-author minor-meta\">by <span class=\"entry-author-link\"  itemprop=\"author\" ><span class=\"author\"><span class=\"fn\"><a href=\"https:\/\/kylkirauta.fi\/index.php\/author\/karisain\/\" title=\"Kirjoittanut: Kari Sainio\" rel=\"author\">Kari Sainio<\/a><\/span><\/span><\/span><\/span><div class=\"read-more-link\"><a href=\"https:\/\/kylkirauta.fi\/index.php\/2026\/02\/15\/kaaderilaulajat-suomen-pojat-suomen-vapauden-ja-viron-kunnian-puolesta\/\" class=\"more-link\">Read more<span class=\"more-link-arrow\"><\/span><\/a><\/div><\/span><\/header><footer class=\"entry-footer\"><\/footer><div class='post_delimiter'><\/div><\/div><div class=\"post_author_timeline\"><\/div><span class='hidden'>\n\t\t\t\t<span class='av-structured-data'  itemprop=\"image\" itemscope=\"itemscope\" itemtype=\"https:\/\/schema.org\/ImageObject\" >\n\t\t\t\t\t\t<span itemprop='url'>https:\/\/kylkirauta.fi\/wp-content\/uploads\/2026\/02\/Kuva-3-1-2026-artikkeli.jpg<\/span>\n\t\t\t\t\t\t<span itemprop='height'>487<\/span>\n\t\t\t\t\t\t<span itemprop='width'>843<\/span>\n\t\t\t\t<\/span>\n\t\t\t\t<span class='av-structured-data'  itemprop=\"publisher\" itemtype=\"https:\/\/schema.org\/Organization\" itemscope=\"itemscope\" >\n\t\t\t\t\t\t<span itemprop='name'>Kari Sainio<\/span>\n\t\t\t\t\t\t<span itemprop='logo' itemscope itemtype='https:\/\/schema.org\/ImageObject'>\n\t\t\t\t\t\t\t<span itemprop='url'>https:\/\/kylkirauta.fi\/wp-content\/uploads\/2020\/02\/kkunta_weblogo-100x100-1.png<\/span>\n\t\t\t\t\t\t<\/span>\n\t\t\t\t<\/span><span class='av-structured-data'  itemprop=\"author\" itemscope=\"itemscope\" itemtype=\"https:\/\/schema.org\/Person\" ><span itemprop='name'>Kari Sainio<\/span><\/span><span class='av-structured-data'  itemprop=\"datePublished\" datetime=\"2026-02-15T15:44:11+02:00\" >2026-02-15 15:44:11<\/span><span class='av-structured-data'  itemprop=\"dateModified\" itemtype=\"https:\/\/schema.org\/dateModified\" >2026-02-15 15:49:07<\/span><span class='av-structured-data'  itemprop=\"mainEntityOfPage\" itemtype=\"https:\/\/schema.org\/mainEntityOfPage\" ><span itemprop='name'>Kaaderilaulajat: Suomen pojat &#8211; Suomen vapauden ja Viron kunnian puolesta<\/span><\/span><\/span><\/article><article class=\"post-entry post-entry-type-standard post-entry-8754 post-loop-5 post-parity-odd post-entry-last bloglist-simple with-slider post-8754 post type-post status-publish format-standard has-post-thumbnail hentry category-artikkeli category-artikkeli-2026\"  itemscope=\"itemscope\" itemtype=\"https:\/\/schema.org\/BlogPosting\" ><div class=\"blog-meta\"><\/div><div class='entry-content-wrapper clearfix standard-content'><header class=\"entry-content-header\"><h2 class='post-title entry-title '  itemprop=\"headline\" ><a href=\"https:\/\/kylkirauta.fi\/index.php\/2026\/01\/21\/kaaderilaulajista-kajahtaa\/\" rel=\"bookmark\" title=\"Permanent Link: Kaaderilaulajista kajahtaa\">Kaaderilaulajista kajahtaa<span class=\"post-format-icon minor-meta\"><\/span><\/a><\/h2><span class=\"post-meta-infos\"><time class=\"date-container minor-meta updated\"  itemprop=\"datePublished\" datetime=\"2026-01-21T18:17:28+02:00\" >21.1.2026<\/time><span class=\"text-sep\">\/<\/span><span class=\"blog-categories minor-meta\">in <a href=\"https:\/\/kylkirauta.fi\/index.php\/category\/artikkeli\/\" rel=\"tag\">Artikkeli<\/a>, <a href=\"https:\/\/kylkirauta.fi\/index.php\/category\/artikkeli-2026\/\" rel=\"tag\">Artikkeli 2026<\/a><\/span><span class=\"text-sep\">\/<\/span><span class=\"blog-author minor-meta\">by <span class=\"entry-author-link\"  itemprop=\"author\" ><span class=\"author\"><span class=\"fn\"><a href=\"https:\/\/kylkirauta.fi\/index.php\/author\/karisain\/\" title=\"Kirjoittanut: Kari Sainio\" rel=\"author\">Kari Sainio<\/a><\/span><\/span><\/span><\/span><div class=\"read-more-link\"><a href=\"https:\/\/kylkirauta.fi\/index.php\/2026\/01\/21\/kaaderilaulajista-kajahtaa\/\" class=\"more-link\">Read more<span class=\"more-link-arrow\"><\/span><\/a><\/div><\/span><\/header><footer class=\"entry-footer\"><\/footer><div class='post_delimiter'><\/div><\/div><div class=\"post_author_timeline\"><\/div><span class='hidden'>\n\t\t\t\t<span class='av-structured-data'  itemprop=\"image\" itemscope=\"itemscope\" itemtype=\"https:\/\/schema.org\/ImageObject\" >\n\t\t\t\t\t\t<span itemprop='url'>https:\/\/kylkirauta.fi\/wp-content\/uploads\/2026\/01\/Artikkeli-1-2026.jpg<\/span>\n\t\t\t\t\t\t<span itemprop='height'>487<\/span>\n\t\t\t\t\t\t<span itemprop='width'>843<\/span>\n\t\t\t\t<\/span>\n\t\t\t\t<span class='av-structured-data'  itemprop=\"publisher\" itemtype=\"https:\/\/schema.org\/Organization\" itemscope=\"itemscope\" >\n\t\t\t\t\t\t<span itemprop='name'>Kari Sainio<\/span>\n\t\t\t\t\t\t<span itemprop='logo' itemscope itemtype='https:\/\/schema.org\/ImageObject'>\n\t\t\t\t\t\t\t<span itemprop='url'>https:\/\/kylkirauta.fi\/wp-content\/uploads\/2020\/02\/kkunta_weblogo-100x100-1.png<\/span>\n\t\t\t\t\t\t<\/span>\n\t\t\t\t<\/span><span class='av-structured-data'  itemprop=\"author\" itemscope=\"itemscope\" itemtype=\"https:\/\/schema.org\/Person\" ><span itemprop='name'>Kari Sainio<\/span><\/span><span class='av-structured-data'  itemprop=\"datePublished\" datetime=\"2026-01-21T18:17:28+02:00\" >2026-01-21 18:17:28<\/span><span class='av-structured-data'  itemprop=\"dateModified\" itemtype=\"https:\/\/schema.org\/dateModified\" >2026-01-21 18:17:28<\/span><span class='av-structured-data'  itemprop=\"mainEntityOfPage\" itemtype=\"https:\/\/schema.org\/mainEntityOfPage\" ><span itemprop='name'>Kaaderilaulajista kajahtaa<\/span><\/span><\/span><\/article><div class='bloglist-simple'><nav class='pagination'><span class='pagination-meta'>Page 1 of 35<\/span><span class='current'>1<\/span><a href='https:\/\/kylkirauta.fi\/index.php\/wp-json\/wp\/v2\/posts\/5513\/page\/2\/' class='inactive next_page' >2<\/a><a href='https:\/\/kylkirauta.fi\/index.php\/wp-json\/wp\/v2\/posts\/5513\/page\/3\/' class='inactive' >3<\/a><a href='https:\/\/kylkirauta.fi\/index.php\/wp-json\/wp\/v2\/posts\/5513\/page\/2\/'>&rsaquo;<\/a><a href='https:\/\/kylkirauta.fi\/index.php\/wp-json\/wp\/v2\/posts\/5513\/page\/35\/'>&raquo;<\/a><\/nav>\n<\/div><\/div>\n","protected":false},"excerpt":{"rendered":"","protected":false},"author":3,"featured_media":5519,"comment_status":"closed","ping_status":"closed","sticky":false,"template":"","format":"standard","meta":{"footnotes":""},"categories":[4,91],"tags":[],"class_list":["post-5513","post","type-post","status-publish","format-standard","has-post-thumbnail","hentry","category-artikkeli","category-artikkeli-2021"],"yoast_head":"<!-- This site is optimized with the Yoast SEO plugin v27.4 - https:\/\/yoast.com\/product\/yoast-seo-wordpress\/ -->\n<title>Risto Sinkko: Kaksi mietint\u00f6\u00e4 ja tuore mielipidetutkimus \u2013 Miten maanpuolustustahto on edelleen t\u00e4rke\u00e4? - Kylkirauta<\/title>\n<meta name=\"robots\" content=\"index, follow, max-snippet:-1, max-image-preview:large, max-video-preview:-1\" \/>\n<link rel=\"canonical\" href=\"https:\/\/kylkirauta.fi\/index.php\/2021\/12\/02\/risto-sinkko-kaksi-mietintoa-ja-tuore-mielipidetutkimus-miten-maanpuolustustahto-on-edelleen-tarkea\/\" \/>\n<meta property=\"og:locale\" content=\"fi_FI\" \/>\n<meta property=\"og:type\" content=\"article\" \/>\n<meta property=\"og:title\" content=\"Risto Sinkko: Kaksi mietint\u00f6\u00e4 ja tuore mielipidetutkimus \u2013 Miten maanpuolustustahto on edelleen t\u00e4rke\u00e4? - Kylkirauta\" \/>\n<meta property=\"og:url\" content=\"https:\/\/kylkirauta.fi\/index.php\/2021\/12\/02\/risto-sinkko-kaksi-mietintoa-ja-tuore-mielipidetutkimus-miten-maanpuolustustahto-on-edelleen-tarkea\/\" \/>\n<meta property=\"og:site_name\" content=\"Kylkirauta\" \/>\n<meta property=\"article:published_time\" content=\"2021-12-02T08:29:25+00:00\" \/>\n<meta property=\"article:modified_time\" content=\"2021-12-03T12:25:58+00:00\" \/>\n<meta property=\"og:image\" content=\"https:\/\/kylkirauta.fi\/wp-content\/uploads\/2021\/12\/MTS-2021-artikkeli-2.png\" \/>\n\t<meta property=\"og:image:width\" content=\"843\" \/>\n\t<meta property=\"og:image:height\" content=\"487\" \/>\n\t<meta property=\"og:image:type\" content=\"image\/png\" \/>\n<meta name=\"author\" content=\"Kari Sainio\" \/>\n<meta name=\"twitter:card\" content=\"summary_large_image\" \/>\n<meta name=\"twitter:label1\" content=\"Kirjoittanut\" \/>\n\t<meta name=\"twitter:data1\" content=\"Kari Sainio\" \/>\n\t<meta name=\"twitter:label2\" content=\"Arvioitu lukuaika\" \/>\n\t<meta name=\"twitter:data2\" content=\"9 minuuttia\" \/>\n<script type=\"application\/ld+json\" class=\"yoast-schema-graph\">{\"@context\":\"https:\\\/\\\/schema.org\",\"@graph\":[{\"@type\":\"Article\",\"@id\":\"https:\\\/\\\/kylkirauta.fi\\\/index.php\\\/2021\\\/12\\\/02\\\/risto-sinkko-kaksi-mietintoa-ja-tuore-mielipidetutkimus-miten-maanpuolustustahto-on-edelleen-tarkea\\\/#article\",\"isPartOf\":{\"@id\":\"https:\\\/\\\/kylkirauta.fi\\\/index.php\\\/2021\\\/12\\\/02\\\/risto-sinkko-kaksi-mietintoa-ja-tuore-mielipidetutkimus-miten-maanpuolustustahto-on-edelleen-tarkea\\\/\"},\"author\":{\"name\":\"Kari Sainio\",\"@id\":\"https:\\\/\\\/kylkirauta.fi\\\/#\\\/schema\\\/person\\\/714ab39a349c656b20d60a239be1d6f6\"},\"headline\":\"Risto Sinkko: Kaksi mietint\u00f6\u00e4 ja tuore mielipidetutkimus \u2013 Miten maanpuolustustahto on edelleen t\u00e4rke\u00e4?\",\"datePublished\":\"2021-12-02T08:29:25+00:00\",\"dateModified\":\"2021-12-03T12:25:58+00:00\",\"mainEntityOfPage\":{\"@id\":\"https:\\\/\\\/kylkirauta.fi\\\/index.php\\\/2021\\\/12\\\/02\\\/risto-sinkko-kaksi-mietintoa-ja-tuore-mielipidetutkimus-miten-maanpuolustustahto-on-edelleen-tarkea\\\/\"},\"wordCount\":1634,\"image\":{\"@id\":\"https:\\\/\\\/kylkirauta.fi\\\/index.php\\\/2021\\\/12\\\/02\\\/risto-sinkko-kaksi-mietintoa-ja-tuore-mielipidetutkimus-miten-maanpuolustustahto-on-edelleen-tarkea\\\/#primaryimage\"},\"thumbnailUrl\":\"https:\\\/\\\/kylkirauta.fi\\\/wp-content\\\/uploads\\\/2021\\\/12\\\/MTS-2021-artikkeli-2.png\",\"articleSection\":[\"Artikkeli\",\"Artikkeli 2021\"],\"inLanguage\":\"fi\"},{\"@type\":\"WebPage\",\"@id\":\"https:\\\/\\\/kylkirauta.fi\\\/index.php\\\/2021\\\/12\\\/02\\\/risto-sinkko-kaksi-mietintoa-ja-tuore-mielipidetutkimus-miten-maanpuolustustahto-on-edelleen-tarkea\\\/\",\"url\":\"https:\\\/\\\/kylkirauta.fi\\\/index.php\\\/2021\\\/12\\\/02\\\/risto-sinkko-kaksi-mietintoa-ja-tuore-mielipidetutkimus-miten-maanpuolustustahto-on-edelleen-tarkea\\\/\",\"name\":\"Risto Sinkko: Kaksi mietint\u00f6\u00e4 ja tuore mielipidetutkimus \u2013 Miten maanpuolustustahto on edelleen t\u00e4rke\u00e4? - Kylkirauta\",\"isPartOf\":{\"@id\":\"https:\\\/\\\/kylkirauta.fi\\\/#website\"},\"primaryImageOfPage\":{\"@id\":\"https:\\\/\\\/kylkirauta.fi\\\/index.php\\\/2021\\\/12\\\/02\\\/risto-sinkko-kaksi-mietintoa-ja-tuore-mielipidetutkimus-miten-maanpuolustustahto-on-edelleen-tarkea\\\/#primaryimage\"},\"image\":{\"@id\":\"https:\\\/\\\/kylkirauta.fi\\\/index.php\\\/2021\\\/12\\\/02\\\/risto-sinkko-kaksi-mietintoa-ja-tuore-mielipidetutkimus-miten-maanpuolustustahto-on-edelleen-tarkea\\\/#primaryimage\"},\"thumbnailUrl\":\"https:\\\/\\\/kylkirauta.fi\\\/wp-content\\\/uploads\\\/2021\\\/12\\\/MTS-2021-artikkeli-2.png\",\"datePublished\":\"2021-12-02T08:29:25+00:00\",\"dateModified\":\"2021-12-03T12:25:58+00:00\",\"author\":{\"@id\":\"https:\\\/\\\/kylkirauta.fi\\\/#\\\/schema\\\/person\\\/714ab39a349c656b20d60a239be1d6f6\"},\"breadcrumb\":{\"@id\":\"https:\\\/\\\/kylkirauta.fi\\\/index.php\\\/2021\\\/12\\\/02\\\/risto-sinkko-kaksi-mietintoa-ja-tuore-mielipidetutkimus-miten-maanpuolustustahto-on-edelleen-tarkea\\\/#breadcrumb\"},\"inLanguage\":\"fi\",\"potentialAction\":[{\"@type\":\"ReadAction\",\"target\":[\"https:\\\/\\\/kylkirauta.fi\\\/index.php\\\/2021\\\/12\\\/02\\\/risto-sinkko-kaksi-mietintoa-ja-tuore-mielipidetutkimus-miten-maanpuolustustahto-on-edelleen-tarkea\\\/\"]}]},{\"@type\":\"ImageObject\",\"inLanguage\":\"fi\",\"@id\":\"https:\\\/\\\/kylkirauta.fi\\\/index.php\\\/2021\\\/12\\\/02\\\/risto-sinkko-kaksi-mietintoa-ja-tuore-mielipidetutkimus-miten-maanpuolustustahto-on-edelleen-tarkea\\\/#primaryimage\",\"url\":\"https:\\\/\\\/kylkirauta.fi\\\/wp-content\\\/uploads\\\/2021\\\/12\\\/MTS-2021-artikkeli-2.png\",\"contentUrl\":\"https:\\\/\\\/kylkirauta.fi\\\/wp-content\\\/uploads\\\/2021\\\/12\\\/MTS-2021-artikkeli-2.png\",\"width\":843,\"height\":487},{\"@type\":\"BreadcrumbList\",\"@id\":\"https:\\\/\\\/kylkirauta.fi\\\/index.php\\\/2021\\\/12\\\/02\\\/risto-sinkko-kaksi-mietintoa-ja-tuore-mielipidetutkimus-miten-maanpuolustustahto-on-edelleen-tarkea\\\/#breadcrumb\",\"itemListElement\":[{\"@type\":\"ListItem\",\"position\":1,\"name\":\"Home\",\"item\":\"https:\\\/\\\/kylkirauta.fi\\\/index.php\\\/home\\\/\"},{\"@type\":\"ListItem\",\"position\":2,\"name\":\"Risto Sinkko: Kaksi mietint\u00f6\u00e4 ja tuore mielipidetutkimus \u2013 Miten maanpuolustustahto on edelleen t\u00e4rke\u00e4?\"}]},{\"@type\":\"WebSite\",\"@id\":\"https:\\\/\\\/kylkirauta.fi\\\/#website\",\"url\":\"https:\\\/\\\/kylkirauta.fi\\\/\",\"name\":\"Kylkirauta\",\"description\":\"Kadettiupseerit yhteiskunnan palveluksessa\",\"potentialAction\":[{\"@type\":\"SearchAction\",\"target\":{\"@type\":\"EntryPoint\",\"urlTemplate\":\"https:\\\/\\\/kylkirauta.fi\\\/?s={search_term_string}\"},\"query-input\":{\"@type\":\"PropertyValueSpecification\",\"valueRequired\":true,\"valueName\":\"search_term_string\"}}],\"inLanguage\":\"fi\"},{\"@type\":\"Person\",\"@id\":\"https:\\\/\\\/kylkirauta.fi\\\/#\\\/schema\\\/person\\\/714ab39a349c656b20d60a239be1d6f6\",\"name\":\"Kari Sainio\",\"sameAs\":[\"http:\\\/\\\/www.kylkirauta.fi\"],\"url\":\"https:\\\/\\\/kylkirauta.fi\\\/index.php\\\/author\\\/karisain\\\/\"}]}<\/script>\n<!-- \/ Yoast SEO plugin. -->","yoast_head_json":{"title":"Risto Sinkko: Kaksi mietint\u00f6\u00e4 ja tuore mielipidetutkimus \u2013 Miten maanpuolustustahto on edelleen t\u00e4rke\u00e4? - Kylkirauta","robots":{"index":"index","follow":"follow","max-snippet":"max-snippet:-1","max-image-preview":"max-image-preview:large","max-video-preview":"max-video-preview:-1"},"canonical":"https:\/\/kylkirauta.fi\/index.php\/2021\/12\/02\/risto-sinkko-kaksi-mietintoa-ja-tuore-mielipidetutkimus-miten-maanpuolustustahto-on-edelleen-tarkea\/","og_locale":"fi_FI","og_type":"article","og_title":"Risto Sinkko: Kaksi mietint\u00f6\u00e4 ja tuore mielipidetutkimus \u2013 Miten maanpuolustustahto on edelleen t\u00e4rke\u00e4? - Kylkirauta","og_url":"https:\/\/kylkirauta.fi\/index.php\/2021\/12\/02\/risto-sinkko-kaksi-mietintoa-ja-tuore-mielipidetutkimus-miten-maanpuolustustahto-on-edelleen-tarkea\/","og_site_name":"Kylkirauta","article_published_time":"2021-12-02T08:29:25+00:00","article_modified_time":"2021-12-03T12:25:58+00:00","og_image":[{"width":843,"height":487,"url":"https:\/\/kylkirauta.fi\/wp-content\/uploads\/2021\/12\/MTS-2021-artikkeli-2.png","type":"image\/png"}],"author":"Kari Sainio","twitter_card":"summary_large_image","twitter_misc":{"Kirjoittanut":"Kari Sainio","Arvioitu lukuaika":"9 minuuttia"},"schema":{"@context":"https:\/\/schema.org","@graph":[{"@type":"Article","@id":"https:\/\/kylkirauta.fi\/index.php\/2021\/12\/02\/risto-sinkko-kaksi-mietintoa-ja-tuore-mielipidetutkimus-miten-maanpuolustustahto-on-edelleen-tarkea\/#article","isPartOf":{"@id":"https:\/\/kylkirauta.fi\/index.php\/2021\/12\/02\/risto-sinkko-kaksi-mietintoa-ja-tuore-mielipidetutkimus-miten-maanpuolustustahto-on-edelleen-tarkea\/"},"author":{"name":"Kari Sainio","@id":"https:\/\/kylkirauta.fi\/#\/schema\/person\/714ab39a349c656b20d60a239be1d6f6"},"headline":"Risto Sinkko: Kaksi mietint\u00f6\u00e4 ja tuore mielipidetutkimus \u2013 Miten maanpuolustustahto on edelleen t\u00e4rke\u00e4?","datePublished":"2021-12-02T08:29:25+00:00","dateModified":"2021-12-03T12:25:58+00:00","mainEntityOfPage":{"@id":"https:\/\/kylkirauta.fi\/index.php\/2021\/12\/02\/risto-sinkko-kaksi-mietintoa-ja-tuore-mielipidetutkimus-miten-maanpuolustustahto-on-edelleen-tarkea\/"},"wordCount":1634,"image":{"@id":"https:\/\/kylkirauta.fi\/index.php\/2021\/12\/02\/risto-sinkko-kaksi-mietintoa-ja-tuore-mielipidetutkimus-miten-maanpuolustustahto-on-edelleen-tarkea\/#primaryimage"},"thumbnailUrl":"https:\/\/kylkirauta.fi\/wp-content\/uploads\/2021\/12\/MTS-2021-artikkeli-2.png","articleSection":["Artikkeli","Artikkeli 2021"],"inLanguage":"fi"},{"@type":"WebPage","@id":"https:\/\/kylkirauta.fi\/index.php\/2021\/12\/02\/risto-sinkko-kaksi-mietintoa-ja-tuore-mielipidetutkimus-miten-maanpuolustustahto-on-edelleen-tarkea\/","url":"https:\/\/kylkirauta.fi\/index.php\/2021\/12\/02\/risto-sinkko-kaksi-mietintoa-ja-tuore-mielipidetutkimus-miten-maanpuolustustahto-on-edelleen-tarkea\/","name":"Risto Sinkko: Kaksi mietint\u00f6\u00e4 ja tuore mielipidetutkimus \u2013 Miten maanpuolustustahto on edelleen t\u00e4rke\u00e4? - Kylkirauta","isPartOf":{"@id":"https:\/\/kylkirauta.fi\/#website"},"primaryImageOfPage":{"@id":"https:\/\/kylkirauta.fi\/index.php\/2021\/12\/02\/risto-sinkko-kaksi-mietintoa-ja-tuore-mielipidetutkimus-miten-maanpuolustustahto-on-edelleen-tarkea\/#primaryimage"},"image":{"@id":"https:\/\/kylkirauta.fi\/index.php\/2021\/12\/02\/risto-sinkko-kaksi-mietintoa-ja-tuore-mielipidetutkimus-miten-maanpuolustustahto-on-edelleen-tarkea\/#primaryimage"},"thumbnailUrl":"https:\/\/kylkirauta.fi\/wp-content\/uploads\/2021\/12\/MTS-2021-artikkeli-2.png","datePublished":"2021-12-02T08:29:25+00:00","dateModified":"2021-12-03T12:25:58+00:00","author":{"@id":"https:\/\/kylkirauta.fi\/#\/schema\/person\/714ab39a349c656b20d60a239be1d6f6"},"breadcrumb":{"@id":"https:\/\/kylkirauta.fi\/index.php\/2021\/12\/02\/risto-sinkko-kaksi-mietintoa-ja-tuore-mielipidetutkimus-miten-maanpuolustustahto-on-edelleen-tarkea\/#breadcrumb"},"inLanguage":"fi","potentialAction":[{"@type":"ReadAction","target":["https:\/\/kylkirauta.fi\/index.php\/2021\/12\/02\/risto-sinkko-kaksi-mietintoa-ja-tuore-mielipidetutkimus-miten-maanpuolustustahto-on-edelleen-tarkea\/"]}]},{"@type":"ImageObject","inLanguage":"fi","@id":"https:\/\/kylkirauta.fi\/index.php\/2021\/12\/02\/risto-sinkko-kaksi-mietintoa-ja-tuore-mielipidetutkimus-miten-maanpuolustustahto-on-edelleen-tarkea\/#primaryimage","url":"https:\/\/kylkirauta.fi\/wp-content\/uploads\/2021\/12\/MTS-2021-artikkeli-2.png","contentUrl":"https:\/\/kylkirauta.fi\/wp-content\/uploads\/2021\/12\/MTS-2021-artikkeli-2.png","width":843,"height":487},{"@type":"BreadcrumbList","@id":"https:\/\/kylkirauta.fi\/index.php\/2021\/12\/02\/risto-sinkko-kaksi-mietintoa-ja-tuore-mielipidetutkimus-miten-maanpuolustustahto-on-edelleen-tarkea\/#breadcrumb","itemListElement":[{"@type":"ListItem","position":1,"name":"Home","item":"https:\/\/kylkirauta.fi\/index.php\/home\/"},{"@type":"ListItem","position":2,"name":"Risto Sinkko: Kaksi mietint\u00f6\u00e4 ja tuore mielipidetutkimus \u2013 Miten maanpuolustustahto on edelleen t\u00e4rke\u00e4?"}]},{"@type":"WebSite","@id":"https:\/\/kylkirauta.fi\/#website","url":"https:\/\/kylkirauta.fi\/","name":"Kylkirauta","description":"Kadettiupseerit yhteiskunnan palveluksessa","potentialAction":[{"@type":"SearchAction","target":{"@type":"EntryPoint","urlTemplate":"https:\/\/kylkirauta.fi\/?s={search_term_string}"},"query-input":{"@type":"PropertyValueSpecification","valueRequired":true,"valueName":"search_term_string"}}],"inLanguage":"fi"},{"@type":"Person","@id":"https:\/\/kylkirauta.fi\/#\/schema\/person\/714ab39a349c656b20d60a239be1d6f6","name":"Kari Sainio","sameAs":["http:\/\/www.kylkirauta.fi"],"url":"https:\/\/kylkirauta.fi\/index.php\/author\/karisain\/"}]}},"_links":{"self":[{"href":"https:\/\/kylkirauta.fi\/index.php\/wp-json\/wp\/v2\/posts\/5513","targetHints":{"allow":["GET"]}}],"collection":[{"href":"https:\/\/kylkirauta.fi\/index.php\/wp-json\/wp\/v2\/posts"}],"about":[{"href":"https:\/\/kylkirauta.fi\/index.php\/wp-json\/wp\/v2\/types\/post"}],"author":[{"embeddable":true,"href":"https:\/\/kylkirauta.fi\/index.php\/wp-json\/wp\/v2\/users\/3"}],"replies":[{"embeddable":true,"href":"https:\/\/kylkirauta.fi\/index.php\/wp-json\/wp\/v2\/comments?post=5513"}],"version-history":[{"count":6,"href":"https:\/\/kylkirauta.fi\/index.php\/wp-json\/wp\/v2\/posts\/5513\/revisions"}],"predecessor-version":[{"id":5526,"href":"https:\/\/kylkirauta.fi\/index.php\/wp-json\/wp\/v2\/posts\/5513\/revisions\/5526"}],"wp:featuredmedia":[{"embeddable":true,"href":"https:\/\/kylkirauta.fi\/index.php\/wp-json\/wp\/v2\/media\/5519"}],"wp:attachment":[{"href":"https:\/\/kylkirauta.fi\/index.php\/wp-json\/wp\/v2\/media?parent=5513"}],"wp:term":[{"taxonomy":"category","embeddable":true,"href":"https:\/\/kylkirauta.fi\/index.php\/wp-json\/wp\/v2\/categories?post=5513"},{"taxonomy":"post_tag","embeddable":true,"href":"https:\/\/kylkirauta.fi\/index.php\/wp-json\/wp\/v2\/tags?post=5513"}],"curies":[{"name":"wp","href":"https:\/\/api.w.org\/{rel}","templated":true}]}}