{"id":5477,"date":"2021-10-30T12:07:10","date_gmt":"2021-10-30T12:07:10","guid":{"rendered":"https:\/\/kylkirauta.fi\/?p=5477"},"modified":"2022-01-07T09:46:15","modified_gmt":"2022-01-07T09:46:15","slug":"risto-sinkko-yli-neljannesvuosisata-nato-pohdiskelua-mielipiteissa-ei-olennaista-muutosta","status":"publish","type":"post","link":"https:\/\/kylkirauta.fi\/index.php\/2021\/10\/30\/risto-sinkko-yli-neljannesvuosisata-nato-pohdiskelua-mielipiteissa-ei-olennaista-muutosta\/","title":{"rendered":"Risto Sinkko: Yli nelj\u00e4nnesvuosisata Nato-pohdiskelua \u2013 mielipiteiss\u00e4 ei olennaista muutosta"},"content":{"rendered":"\n<style type=\"text\/css\" data-created_by=\"avia_inline_auto\" id=\"style-css-av-km4zs-0614ada41eb3461e6efbb361dfbae970\">\n.flex_column.av-km4zs-0614ada41eb3461e6efbb361dfbae970{\nborder-radius:0px 0px 0px 0px;\npadding:0px 0px 0px 0px;\n}\n<\/style>\n<div  class='flex_column av-km4zs-0614ada41eb3461e6efbb361dfbae970 av_one_full  avia-builder-el-0  el_before_av_hr  avia-builder-el-first  first flex_column_div av-zero-column-padding  '     ><p>\n<style type=\"text\/css\" data-created_by=\"avia_inline_auto\" id=\"style-css-av-av_heading-cca37062479c96cb38a08901320934f7\">\n#top .av-special-heading.av-av_heading-cca37062479c96cb38a08901320934f7{\npadding-bottom:10px;\n}\nbody .av-special-heading.av-av_heading-cca37062479c96cb38a08901320934f7 .av-special-heading-tag .heading-char{\nfont-size:25px;\n}\n.av-special-heading.av-av_heading-cca37062479c96cb38a08901320934f7 .av-subheading{\nfont-size:15px;\n}\n<\/style>\n<div  class='av-special-heading av-av_heading-cca37062479c96cb38a08901320934f7 av-special-heading-h3  avia-builder-el-1  el_before_av_hr  avia-builder-el-first '><h3 class='av-special-heading-tag'  itemprop=\"headline\"  >Yli nelj\u00e4nnesvuosisata Nato-pohdiskelua \u2013 mielipiteiss\u00e4 ei olennaista muutosta<\/h3><div class=\"special-heading-border\"><div class=\"special-heading-inner-border\"><\/div><\/div><\/div><br \/>\n\n<style type=\"text\/css\" data-created_by=\"avia_inline_auto\" id=\"style-css-av-k5m7b9te-01401dd5e8beb25770de1be03f41ecf3\">\n#top .hr.hr-invisible.av-k5m7b9te-01401dd5e8beb25770de1be03f41ecf3{\nheight:30px;\n}\n<\/style>\n<div  class='hr av-k5m7b9te-01401dd5e8beb25770de1be03f41ecf3 hr-invisible  avia-builder-el-2  el_after_av_heading  el_before_av_textblock '><span class='hr-inner '><span class=\"hr-inner-style\"><\/span><\/span><\/div><br \/>\n<section  class='av_textblock_section av-k8d08-dea0f25c8df625cf22cbdeac32688808 '   itemscope=\"itemscope\" itemtype=\"https:\/\/schema.org\/BlogPosting\" itemprop=\"blogPost\" ><div class='avia_textblock'  itemprop=\"text\" ><div id=\"attachment_459\" style=\"width: 140px\" class=\"wp-caption alignright\"><img loading=\"lazy\" decoding=\"async\" aria-describedby=\"caption-attachment-459\" class=\"wp-image-459\" src=\"https:\/\/kylkirauta.fi\/wp-content\/uploads\/2019\/10\/Sinkko_uusi.jpeg\" alt=\"\" width=\"130\" height=\"177\" srcset=\"https:\/\/kylkirauta.fi\/wp-content\/uploads\/2019\/10\/Sinkko_uusi.jpeg 369w, https:\/\/kylkirauta.fi\/wp-content\/uploads\/2019\/10\/Sinkko_uusi-221x300.jpeg 221w\" sizes=\"auto, (max-width: 130px) 100vw, 130px\" \/><p id=\"caption-attachment-459\" class=\"wp-caption-text\">ST Risto Sinkko<\/p><\/div>\n<p><strong>Kaikkea ei voi muistaa, totesin kun aloin hakea sit\u00e4, kuka ja miss\u00e4 yhteydess\u00e4 ensimm\u00e4isen kerran nosti esiin kysymyksen Suomen liittymisest\u00e4 Natoon. Joskus 1990-luvulla se oletettavasti tapahtui Neuvostoliiton kaaduttua. Natoon liittyvi\u00e4 kysymyksi\u00e4 mielipidetutkimuksissa esitettiin laajemmin juuri 1990-luvulla.<\/strong><\/p>\n<p><strong>Nato-asiaa on vatuloitu ja mittailtu yli nelj\u00e4nnesvuosisata, mutta olennaisesti mielipiteet eiv\u00e4t n\u00e4yt\u00e4 muuttuneen.<\/strong><\/p>\n<p><em><strong>Elinkeinoel\u00e4m\u00e4n valtuuskunnan tutkimukset<\/strong><\/em><\/p>\n<p>Yksi mielipidekysyjist\u00e4 on Elinkeinoel\u00e4m\u00e4n valtuuskunta (EVA), joka 26.10.2021 julkisti uusimman teett\u00e4m\u00e4ns\u00e4 kyselyn tuloksen. Tutkimustulosta tulkitaan siten, ett\u00e4 Nato-j\u00e4senyyden kannatuksessa on tapahtunut hypp\u00e4ys. Vastaajat ovat kyselyss\u00e4 ottaneet kantaa v\u00e4itteeseen <em>\u201dSuomen tulisi liitty\u00e4 Natoon\u201d<\/em>.<\/p>\n<p>Tutkituista 26 prosenttia on v\u00e4itteest\u00e4 t\u00e4ysin tai jokseenkin samaa mielt\u00e4. Eri mielt\u00e4 olevia l\u00f6ytyi 40 prosenttia ja 33 prosenttia ei osannut kertoa kantaansa. Liittymisen kannattajia on nelj\u00e4 prosenttiyksikk\u00f6\u00e4 enemm\u00e4n verrattuna vuotta aikaisempaan tutkimukseen.<\/p>\n<p>EVA:n tutkimussarjassa ensimm\u00e4inen vuosi on 1998 ja vuosittaisten kannatuslukujen tarkastelu kertoo olennaisemman hypp\u00e4yskohdan. T\u00e4t\u00e4 hypp\u00e4yst\u00e4 selitt\u00e4\u00e4 Ven\u00e4j\u00e4n sotilaallinen toiminta vuonna 2014 Ukrainassa ja Krimill\u00e4. Vuonna 2015 j\u00e4senyyden kannatus kasvoi 8 prosenttiyksikk\u00f6\u00e4 , kun kannattajia oli 26 prosenttia. T\u00e4m\u00e4n j\u00e4lkeen kannattajien osuus n\u00e4ytt\u00e4\u00e4 s\u00e4ilyneen suunnilleen samalla tasolla.<\/p>\n<p>EVA:n tutkimussarjassa huomiota kiinnitt\u00e4\u00e4 <em>\u201dvaikea sanoa\u201d-<\/em>vastaajien suuri osuus \u2013 noin 33 prosenttia l\u00e4pi koko sarjan \u2013 verrattuna toisen tutkijan eli Maanpuolustustiedotuksen suunnittelukunnan (MTS) tuloksiin. Tutkimuskysymys on erilainen, tietoja ker\u00e4nnyt tutkimuslaitos on toinen ja my\u00f6s k\u00e4ytetyss\u00e4 vastaamistekniikassakin saattaa olla eroa. Kokonaistasolla kannatusluvut ovat kuitenkin selv\u00e4sti samaa luokkaa.<\/p>\n<p><em><strong>Maanpuolustustiedotuksen suunnittelukunnan tutkimukset<\/strong><\/em><\/p>\n<p>Maanpuolustustiedotuksen suunnittelukunta<strong> (<\/strong>MTS) on aloittanut Nato-kannatusmittaukset vuonna 2005. MTS:n k\u00e4ytt\u00e4m\u00e4 kysymys on <em>\u201dPit\u00e4isik\u00f6 Suomen mielest\u00e4nne pyrki\u00e4 Naton j\u00e4seneksi?\u201d<\/em>. Mittaustulosta ei ole viel\u00e4 t\u00e4lt\u00e4 vuodelta. Viime vuonna j\u00e4senyyskysymykseen my\u00f6nteisesti vastanneita oli 21 prosenttia tutkituista.<\/p>\n<p>Vuonna 2014 MTS ehti teett\u00e4\u00e4 tutkimuksensa Ven\u00e4j\u00e4n toimenpiteiden j\u00e4lkeen ja tuolloin j\u00e4senyyden kannattajia oli 30 prosenttia. Tuo vuosi oli siis selv\u00e4 k\u00e4\u00e4nnekohta. Kokonaistasolla kaksi tulossarjaa viittaavat kannatuksen samanlaiseen tasoon.<\/p>\n<p>MTS:n tutkimuksissa ep\u00e4varmojen vastaajien osuus on ollut pienempi kuin EVA:n tutkimuksissa, mutta n\u00e4ytt\u00e4\u00e4 olevan kasvussa. Vuonna 2020 <em>\u201dei osaa sanoa\u201d<\/em> -vastausten osuus oli 25 prosenttia. MTS:n kyselyiss\u00e4 liittymist\u00e4 vastustavien osuus on ollut pysyv\u00e4sti yli puolet kaikista vastaajista.<\/p>\n<p><img loading=\"lazy\" decoding=\"async\" class=\"wp-image-5489 size-full aligncenter\" src=\"https:\/\/kylkirauta.fi\/wp-content\/uploads\/2021\/10\/nato_suomi_lippu_-1.jpg\" alt=\"\" width=\"732\" height=\"220\" srcset=\"https:\/\/kylkirauta.fi\/wp-content\/uploads\/2021\/10\/nato_suomi_lippu_-1.jpg 732w, https:\/\/kylkirauta.fi\/wp-content\/uploads\/2021\/10\/nato_suomi_lippu_-1-300x90.jpg 300w, https:\/\/kylkirauta.fi\/wp-content\/uploads\/2021\/10\/nato_suomi_lippu_-1-705x212.jpg 705w\" sizes=\"auto, (max-width: 732px) 100vw, 732px\" \/><\/p>\n<p><em><strong>Muutoksia kokonaiskuvan sis\u00e4ll\u00e4<\/strong><\/em><\/p>\n<p>Vaikka Nato-j\u00e4senyyden kokonaiskuvassa ei vuosikymmeniin ole tapahtunut k\u00e4\u00e4nteentekevi\u00e4 muutoksia on mahdollista tarkastella muutoksia kokonaisuuden sis\u00e4ll\u00e4. Itse asiassa n\u00e4in tarkastellen voi selvit\u00e4 sekin, miksi suurempia muutoksia ei ole tapahtunut. Nato-p\u00e4\u00e4t\u00f6s on vahvasti poliittinen p\u00e4\u00e4t\u00f6s, ja poliittisissa trendeiss\u00e4 on tapahtunut muutoksia.<\/p>\n<p>Vuoden 2019 eduskuntavaaleissa n\u00e4htiin poliittisen ilmanpiirin polarisoitumista, joka on vaalien j\u00e4lkeen jatkunut voimakkaana. Poliittisina \u00e4\u00e4rip\u00e4in\u00e4 pidet\u00e4\u00e4n liberaalisuutta ja toisaalta konservatiivisuutta. N\u00e4it\u00e4 edustavat Vihre\u00e4t ja Perussuomalaiset. Liberaalisuuteen sis\u00e4ltyy globaali avoimuus ja konservatiivisuuteen muun muassa EU-vastaisuus.<\/p>\n<p>Monissa poliittisissa kysymyksiss\u00e4 Vasemmistoliiton ja Vihreiden kannattajat ovat mielipiteiss\u00e4\u00e4n l\u00e4hell\u00e4 toisiaan, mutta Nato-kannatuksessa havaitaan MTS:n tuloksissa selv\u00e4 ero. Vihreiden kannattajien joukossa Nato-my\u00f6nteisi\u00e4 on 27 prosenttia eli selv\u00e4sti enemm\u00e4n kuin koko vastaajajoukossa keskim\u00e4\u00e4rin. Vasemmistoliiton kannattajissa Nato-my\u00f6nteisi\u00e4 on 5 prosenttia, Nato-vastaisia on jopa 86 prosenttia. Vuoteen 2005 verrattuna Vasemmistoliiton kannattajien joukossa Nato-my\u00f6nteisyys on v\u00e4hentynyt huomattavasti ja Vihreiden kannattajien joukossa kasvanut.<\/p>\n<p>Vuosien aikana ei tietenk\u00e4\u00e4n voida olettaa, ett\u00e4 puolueiden kannattajakunnassa ei tapahtuisi muutoksia. Ilmeisesti Vasemmistoliiton kannattajien Nato-mielipiteen muutos on selitett\u00e4viss\u00e4 esimerkiksi kannattajakunnan nuortumisella ja naisten osuuden lis\u00e4\u00e4ntymisell\u00e4.<\/p>\n<p>Perussuomalaisten Nato-mielipiteit\u00e4 ei ole MTS:n raporteissa tulostettu puolueen kannatuksen pienuuden vuoksi koko Nato-mittausten ajalta. Vuonna 2010 puolueen kannattajissa 27 prosenttia oli Nato-j\u00e4senyyden puolesta. Ainoastaan Kokoomuksen kannattajissa my\u00f6nteisyys oli viel\u00e4 suurempaa. Vuonna 2020 perussuomalaisten joukossa tilanne oli sama &#8211; Nato-my\u00f6nteisi\u00e4 oli 26 prosenttia.<\/p>\n<p>Perussuomalaisten kannattajissa vuoden 2020 MTS:n tutkimuksessa maanpuolustustahto oli korkeammalla kuin mink\u00e4\u00e4n muun puolueen kannattajissa. Maanpuolustustahto ei kuitenkaan n\u00e4yt\u00e4 liittyv\u00e4n Naton kannattamiseen. Jotkin muut trendit saattavat vaikuttaa t\u00e4h\u00e4n, ja niit\u00e4 ovat EU-vastaisuus ja Ven\u00e4j\u00e4nmy\u00f6nteisyys, jotka ovat eri tutkimusten tulosten perusteella perussuomalaisten kannattajakunnassa n\u00e4ht\u00e4viss\u00e4.<\/p>\n<p><em><strong>\u201dEi osaa sanoa\u201d -vastausten osuus kasvamassa<\/strong><\/em><\/p>\n<p>Naton kannatusta arvioitaessa kansalaismielipiteen perusteella rajoittuminen pelk\u00e4st\u00e4\u00e4n my\u00f6nteisten vastausten prosenttiosuuteen saattaa antaa turhan kapean n\u00e4k\u00f6kulman. EVA:n ja MTS:n tutkimussarjojen vertailu yli vuosien antaa yleiskuvana sen, ett\u00e4 olennainen ero on vastauksissaan ep\u00e4varmojen osuuksissa. EVA:n mittauksissa ep\u00e4varmoja vastauksia on ollut kolmasosan luokkaa, MTS:n tutkimuksissa selv\u00e4sti v\u00e4hemm\u00e4n. MTS:n aikasarjassa alkup\u00e4\u00e4ss\u00e4 ep\u00e4varmoja oli 10 prosentin luokkaa.<\/p>\n<p>Trendi MTS:n mittauksissakin n\u00e4ytt\u00e4\u00e4 olevan <em>\u201dei osaa sanoa\u201d<\/em> -vastausten osuuden kasvu. Vuonna 2020 ep\u00e4varmoja vastaajia oli nelj\u00e4nnes kaikista. Kuitenkin MTS:n mittausten mukaan Nato-vastaisia kansalaisia on edelleen yli puolet tutkituista.<\/p>\n<p>Kuluvan vuoden kev\u00e4\u00e4ll\u00e4 Kadettikunta, Reserviupseeriliitto ja Sotilaskotiliitto teettiv\u00e4t TNS Kantarilla viidelle sadalle 18\u201324 -vuotiaalle nuorelle maanpuolustukseen liittyv\u00e4n tutkimuksen. Yhten\u00e4 k\u00e4ytettyn\u00e4 kysymyksen\u00e4 oli my\u00f6s suhtautuminen Natoon: <em>\u201dSuomen pit\u00e4isi liitty\u00e4 Pohjois-Atlantin liitto Naton j\u00e4seneksi\u201d<\/em>. Tuloksena oli l\u00e4hes tarkka jakautuminen kolmeen, my\u00f6nteiset, ep\u00e4varmat ja kielteiset.<\/p>\n<p>Tulosten perusteella oli n\u00e4ht\u00e4viss\u00e4 suuria ep\u00e4varmojen prosenttiosuuksia. Naisista 48 prosenttia ei osannut antaa mielipidett\u00e4\u00e4n, ja ty\u00f6tt\u00f6mien joukossa osuus oli 46 prosenttia. Suurin ep\u00e4varmojen osuus l\u00f6ytyi kuitenkin liberaaleimmasta niin sanotusta GAL-ryhm\u00e4st\u00e4 &#8211;\u00a0 62 prosenttia.<\/p>\n<p>Tutkimuksessa k\u00e4ytettiin yhten\u00e4 selitt\u00e4v\u00e4n\u00e4 muuttujana liberaalisuus-konservatiivisuus -ulottuvuutta kuvaavaan GAL-TAN asteikkoa. N\u00e4m\u00e4 lyhenteet tulevat sanoista <em>\u201dGreen-Alternative-Libertarian\u201d<\/em> ja <em>\u201dTraditional-Authoritarian-Nationalist\u201d<\/em>. T\u00e4ss\u00e4 tutkimuksessa asteikon on rakentanut Kantarin tutkimusjohtaja Sakari Nurmela. Se perustuu riitt\u00e4v\u00e4n suureen joukkoon relevantteja arvomuuttujia. Tuloksissa asteikko jaettiin nelj\u00e4\u00e4n luokkaan: GAL, jossain m\u00e4\u00e4rin GAL sek\u00e4 jossain m\u00e4\u00e4rin TAN sek\u00e4 TAN.<\/p>\n<p>Vastaavalla tavalla k\u00e4siteltiin my\u00f6s vasemmistolaisuus-oikeistolaisuus -ulottuvuutta. Jaottelut osoittautuivat hedelm\u00e4llisiksi Nato-kysymyksen k\u00e4sittelyss\u00e4. Natoon liittymist\u00e4 kannattivat eniten oikeistolaisimmat (76 prosenttia) ja eniten vastustivat vasemmistolaisimmat (54 prosenttia).<\/p>\n<p>Toisaalta my\u00f6s konservatiivisimpaan TAN-ryhm\u00e4\u00e4n luokittuneet vastustivat Nato liittymist\u00e4 voimakkaasti, &#8211; 57 prosenttia. Natoon liittyminen ei siis ole konservatiivisten nationalistien mieleen.<\/p>\n<p>Yli nelj\u00e4nnesvuosisadan ulottuva \u201dp\u00e4hk\u00e4ily\u201d ei ole tuonut mielipidetasolla kokonaisratkaisua Nato-kysymykseen. Trendi ei ole my\u00f6nteisten tai kielteisten n\u00e4kemysten voimistuminen, vaan liittymist\u00e4 kohtaan tunnettu ep\u00e4varmuuden kasvaminen. Puolueiden kannattajakunnissa ja kannatuksessa on tapahtunut muutoksia, ja Nato-kysymyksess\u00e4 mielipiteiden muutokset ovat kenties kumonneet toisiaan, ja suhtautuminen kokonaisuudessaan liittymiseen on s\u00e4ilynyt olennaisesta samalla tasolla. Eniten muutoksia mittauksissa on aiheuttanut Ven\u00e4j\u00e4n aggressiivinen toiminta, mutta silti Nato-liittymisen vastustaminen on s\u00e4ilynyt eniten kannatusta saaneena mielipiteen\u00e4.<\/p>\n<p style=\"text-align: center;\">***<\/p>\n<p><em>Elinkeinoel\u00e4m\u00e4n valtuuskunnan artikkeli <\/em>&#8221;<em>Nato-j\u00e4senyyden kannatuksessa on tapahtunut hypp\u00e4ys&#8221;<\/em><em>syksyn 2021 arvo- ja asennetutkimuksestaan on luettavissa <strong><a href=\"https:\/\/www.defmin.fi\/files\/5068\/Suomalaisten_mielipiteita_ulko-_ja_turvallisuuspolitiikasta_maanpuolustuksesta_ja_turvallisuudesta_2020.pdf\" target=\"_blank\" rel=\"noopener\">t\u00e4st\u00e4 linkist\u00e4<\/a>.<\/strong><\/em><\/p>\n<p><em>Maanpuolustustiedotuksen suunnittelukunnan haastattelututkimus \u201dSuomalaisten mielipiteit\u00e4 ulko- ja turvallisuuspolitiikasta, maanpuolustuksesta ja turvallisuudesta\u201d vuodelta 2020 on luettavissa <a href=\"https:\/\/www.eva.fi\/blog\/2021\/10\/26\/nato-jasenyyden-kannatuksessa-on-tapahtunut-hyppays\/\" target=\"_blank\" rel=\"noopener\"><strong>t\u00e4st\u00e4 linkist\u00e4<\/strong><\/a>.<\/em><\/p>\n<p><em><strong>Risto Sinkko<\/strong><\/em><br \/>\n<em>Majuri res, ST, Senior Analyst Insight360 Oy<\/em><\/p>\n<\/div><\/section><\/p><\/div><div  class='hr av-6zsyz-b471ba5482e75b0a604afa4166a853a5 hr-default  avia-builder-el-4  el_after_av_one_full  el_before_av_blog '><span class='hr-inner '><span class=\"hr-inner-style\"><\/span><\/span><\/div><\/p>\n<div  class='av-alb-blogposts template-blog  '  itemscope=\"itemscope\" itemtype=\"https:\/\/schema.org\/Blog\" ><article class=\"post-entry post-entry-type-standard post-entry-8921 post-loop-1 post-parity-odd bloglist-simple with-slider post-8921 post type-post status-publish format-standard has-post-thumbnail hentry category-artikkeli category-artikkeli-2026\"  itemscope=\"itemscope\" itemtype=\"https:\/\/schema.org\/BlogPosting\" ><div class=\"blog-meta\"><\/div><div class='entry-content-wrapper clearfix standard-content'><header class=\"entry-content-header\"><h2 class='post-title entry-title '  itemprop=\"headline\" ><a href=\"https:\/\/kylkirauta.fi\/index.php\/2026\/04\/20\/kaaderilaulajien-julkaisutoiminta\/\" rel=\"bookmark\" title=\"Permanent Link: Kaaderilaulajien julkaisutoiminta\">Kaaderilaulajien julkaisutoiminta<span class=\"post-format-icon minor-meta\"><\/span><\/a><\/h2><span class=\"post-meta-infos\"><time class=\"date-container minor-meta updated\"  itemprop=\"datePublished\" datetime=\"2026-04-20T15:45:24+03:00\" >20.4.2026<\/time><span class=\"text-sep\">\/<\/span><span class=\"blog-categories minor-meta\">in <a href=\"https:\/\/kylkirauta.fi\/index.php\/category\/artikkeli\/\" rel=\"tag\">Artikkeli<\/a>, <a href=\"https:\/\/kylkirauta.fi\/index.php\/category\/artikkeli-2026\/\" rel=\"tag\">Artikkeli 2026<\/a><\/span><span class=\"text-sep\">\/<\/span><span class=\"blog-author minor-meta\">by <span class=\"entry-author-link\"  itemprop=\"author\" ><span class=\"author\"><span class=\"fn\"><a href=\"https:\/\/kylkirauta.fi\/index.php\/author\/karisain\/\" title=\"Kirjoittanut: Kari Sainio\" rel=\"author\">Kari Sainio<\/a><\/span><\/span><\/span><\/span><div class=\"read-more-link\"><a href=\"https:\/\/kylkirauta.fi\/index.php\/2026\/04\/20\/kaaderilaulajien-julkaisutoiminta\/\" class=\"more-link\">Read more<span class=\"more-link-arrow\"><\/span><\/a><\/div><\/span><\/header><footer class=\"entry-footer\"><\/footer><div class='post_delimiter'><\/div><\/div><div class=\"post_author_timeline\"><\/div><span class='hidden'>\n\t\t\t\t<span class='av-structured-data'  itemprop=\"image\" itemscope=\"itemscope\" itemtype=\"https:\/\/schema.org\/ImageObject\" >\n\t\t\t\t\t\t<span itemprop='url'>https:\/\/kylkirauta.fi\/wp-content\/uploads\/2026\/04\/Artikkeli-4-2026-2.jpg<\/span>\n\t\t\t\t\t\t<span itemprop='height'>487<\/span>\n\t\t\t\t\t\t<span itemprop='width'>843<\/span>\n\t\t\t\t<\/span>\n\t\t\t\t<span class='av-structured-data'  itemprop=\"publisher\" itemtype=\"https:\/\/schema.org\/Organization\" itemscope=\"itemscope\" >\n\t\t\t\t\t\t<span itemprop='name'>Kari Sainio<\/span>\n\t\t\t\t\t\t<span itemprop='logo' itemscope itemtype='https:\/\/schema.org\/ImageObject'>\n\t\t\t\t\t\t\t<span itemprop='url'>https:\/\/kylkirauta.fi\/wp-content\/uploads\/2020\/02\/kkunta_weblogo-100x100-1.png<\/span>\n\t\t\t\t\t\t<\/span>\n\t\t\t\t<\/span><span class='av-structured-data'  itemprop=\"author\" itemscope=\"itemscope\" itemtype=\"https:\/\/schema.org\/Person\" ><span itemprop='name'>Kari Sainio<\/span><\/span><span class='av-structured-data'  itemprop=\"datePublished\" datetime=\"2026-04-20T15:45:24+03:00\" >2026-04-20 15:45:24<\/span><span class='av-structured-data'  itemprop=\"dateModified\" itemtype=\"https:\/\/schema.org\/dateModified\" >2026-04-20 15:45:24<\/span><span class='av-structured-data'  itemprop=\"mainEntityOfPage\" itemtype=\"https:\/\/schema.org\/mainEntityOfPage\" ><span itemprop='name'>Kaaderilaulajien julkaisutoiminta<\/span><\/span><\/span><\/article><article class=\"post-entry post-entry-type-standard post-entry-8884 post-loop-2 post-parity-even bloglist-simple with-slider post-8884 post type-post status-publish format-standard has-post-thumbnail hentry category-artikkeli category-artikkeli-2026\"  itemscope=\"itemscope\" itemtype=\"https:\/\/schema.org\/BlogPosting\" ><div class=\"blog-meta\"><\/div><div class='entry-content-wrapper clearfix standard-content'><header class=\"entry-content-header\"><h2 class='post-title entry-title '  itemprop=\"headline\" ><a href=\"https:\/\/kylkirauta.fi\/index.php\/2026\/03\/27\/kaaderilaulajien-ukraina-tukikonsertit\/\" rel=\"bookmark\" title=\"Permanent Link: Kaaderilaulajien Ukraina-tukikonsertit\">Kaaderilaulajien Ukraina-tukikonsertit<span class=\"post-format-icon minor-meta\"><\/span><\/a><\/h2><span class=\"post-meta-infos\"><time class=\"date-container minor-meta updated\"  itemprop=\"datePublished\" datetime=\"2026-03-27T12:30:38+02:00\" >27.3.2026<\/time><span class=\"text-sep\">\/<\/span><span class=\"blog-categories minor-meta\">in <a href=\"https:\/\/kylkirauta.fi\/index.php\/category\/artikkeli\/\" rel=\"tag\">Artikkeli<\/a>, <a href=\"https:\/\/kylkirauta.fi\/index.php\/category\/artikkeli-2026\/\" rel=\"tag\">Artikkeli 2026<\/a><\/span><span class=\"text-sep\">\/<\/span><span class=\"blog-author minor-meta\">by <span class=\"entry-author-link\"  itemprop=\"author\" ><span class=\"author\"><span class=\"fn\"><a href=\"https:\/\/kylkirauta.fi\/index.php\/author\/karisain\/\" title=\"Kirjoittanut: Kari Sainio\" rel=\"author\">Kari Sainio<\/a><\/span><\/span><\/span><\/span><div class=\"read-more-link\"><a href=\"https:\/\/kylkirauta.fi\/index.php\/2026\/03\/27\/kaaderilaulajien-ukraina-tukikonsertit\/\" class=\"more-link\">Read more<span class=\"more-link-arrow\"><\/span><\/a><\/div><\/span><\/header><footer class=\"entry-footer\"><\/footer><div class='post_delimiter'><\/div><\/div><div class=\"post_author_timeline\"><\/div><span class='hidden'>\n\t\t\t\t<span class='av-structured-data'  itemprop=\"image\" itemscope=\"itemscope\" itemtype=\"https:\/\/schema.org\/ImageObject\" >\n\t\t\t\t\t\t<span itemprop='url'>https:\/\/kylkirauta.fi\/wp-content\/uploads\/2026\/03\/3-2026-artikkeli.jpg<\/span>\n\t\t\t\t\t\t<span itemprop='height'>487<\/span>\n\t\t\t\t\t\t<span itemprop='width'>843<\/span>\n\t\t\t\t<\/span>\n\t\t\t\t<span class='av-structured-data'  itemprop=\"publisher\" itemtype=\"https:\/\/schema.org\/Organization\" itemscope=\"itemscope\" >\n\t\t\t\t\t\t<span itemprop='name'>Kari Sainio<\/span>\n\t\t\t\t\t\t<span itemprop='logo' itemscope itemtype='https:\/\/schema.org\/ImageObject'>\n\t\t\t\t\t\t\t<span itemprop='url'>https:\/\/kylkirauta.fi\/wp-content\/uploads\/2020\/02\/kkunta_weblogo-100x100-1.png<\/span>\n\t\t\t\t\t\t<\/span>\n\t\t\t\t<\/span><span class='av-structured-data'  itemprop=\"author\" itemscope=\"itemscope\" itemtype=\"https:\/\/schema.org\/Person\" ><span itemprop='name'>Kari Sainio<\/span><\/span><span class='av-structured-data'  itemprop=\"datePublished\" datetime=\"2026-03-27T12:30:38+02:00\" >2026-03-27 12:30:38<\/span><span class='av-structured-data'  itemprop=\"dateModified\" itemtype=\"https:\/\/schema.org\/dateModified\" >2026-03-27 12:30:38<\/span><span class='av-structured-data'  itemprop=\"mainEntityOfPage\" itemtype=\"https:\/\/schema.org\/mainEntityOfPage\" ><span itemprop='name'>Kaaderilaulajien Ukraina-tukikonsertit<\/span><\/span><\/span><\/article><article class=\"post-entry post-entry-type-standard post-entry-8786 post-loop-3 post-parity-odd bloglist-simple with-slider post-8786 post type-post status-publish format-standard has-post-thumbnail hentry category-artikkeli category-artikkeli-2026\"  itemscope=\"itemscope\" itemtype=\"https:\/\/schema.org\/BlogPosting\" ><div class=\"blog-meta\"><\/div><div class='entry-content-wrapper clearfix standard-content'><header class=\"entry-content-header\"><h2 class='post-title entry-title '  itemprop=\"headline\" ><a href=\"https:\/\/kylkirauta.fi\/index.php\/2026\/02\/23\/risto-sinkko-eu-kansalaisten-nakemyksia-turvallisuudesta-ja-puolustuksesta\/\" rel=\"bookmark\" title=\"Permanent Link: Risto Sinkko: EU-kansalaisten n\u00e4kemyksi\u00e4 turvallisuudesta ja puolustuksesta\">Risto Sinkko: EU-kansalaisten n\u00e4kemyksi\u00e4 turvallisuudesta ja puolustuksesta<span class=\"post-format-icon minor-meta\"><\/span><\/a><\/h2><span class=\"post-meta-infos\"><time class=\"date-container minor-meta updated\"  itemprop=\"datePublished\" datetime=\"2026-02-23T17:08:33+02:00\" >23.2.2026<\/time><span class=\"text-sep\">\/<\/span><span class=\"blog-categories minor-meta\">in <a href=\"https:\/\/kylkirauta.fi\/index.php\/category\/artikkeli\/\" rel=\"tag\">Artikkeli<\/a>, <a href=\"https:\/\/kylkirauta.fi\/index.php\/category\/artikkeli-2026\/\" rel=\"tag\">Artikkeli 2026<\/a><\/span><span class=\"text-sep\">\/<\/span><span class=\"blog-author minor-meta\">by <span class=\"entry-author-link\"  itemprop=\"author\" ><span class=\"author\"><span class=\"fn\"><a href=\"https:\/\/kylkirauta.fi\/index.php\/author\/karisain\/\" title=\"Kirjoittanut: Kari Sainio\" rel=\"author\">Kari Sainio<\/a><\/span><\/span><\/span><\/span><div class=\"read-more-link\"><a href=\"https:\/\/kylkirauta.fi\/index.php\/2026\/02\/23\/risto-sinkko-eu-kansalaisten-nakemyksia-turvallisuudesta-ja-puolustuksesta\/\" class=\"more-link\">Read more<span class=\"more-link-arrow\"><\/span><\/a><\/div><\/span><\/header><footer class=\"entry-footer\"><\/footer><div class='post_delimiter'><\/div><\/div><div class=\"post_author_timeline\"><\/div><span class='hidden'>\n\t\t\t\t<span class='av-structured-data'  itemprop=\"image\" itemscope=\"itemscope\" itemtype=\"https:\/\/schema.org\/ImageObject\" >\n\t\t\t\t\t\t<span itemprop='url'>https:\/\/kylkirauta.fi\/wp-content\/uploads\/2026\/02\/Artikkeli-MSC-artikkeli.jpg<\/span>\n\t\t\t\t\t\t<span itemprop='height'>487<\/span>\n\t\t\t\t\t\t<span itemprop='width'>843<\/span>\n\t\t\t\t<\/span>\n\t\t\t\t<span class='av-structured-data'  itemprop=\"publisher\" itemtype=\"https:\/\/schema.org\/Organization\" itemscope=\"itemscope\" >\n\t\t\t\t\t\t<span itemprop='name'>Kari Sainio<\/span>\n\t\t\t\t\t\t<span itemprop='logo' itemscope itemtype='https:\/\/schema.org\/ImageObject'>\n\t\t\t\t\t\t\t<span itemprop='url'>https:\/\/kylkirauta.fi\/wp-content\/uploads\/2020\/02\/kkunta_weblogo-100x100-1.png<\/span>\n\t\t\t\t\t\t<\/span>\n\t\t\t\t<\/span><span class='av-structured-data'  itemprop=\"author\" itemscope=\"itemscope\" itemtype=\"https:\/\/schema.org\/Person\" ><span itemprop='name'>Kari Sainio<\/span><\/span><span class='av-structured-data'  itemprop=\"datePublished\" datetime=\"2026-02-23T17:08:33+02:00\" >2026-02-23 17:08:33<\/span><span class='av-structured-data'  itemprop=\"dateModified\" itemtype=\"https:\/\/schema.org\/dateModified\" >2026-02-23 17:29:54<\/span><span class='av-structured-data'  itemprop=\"mainEntityOfPage\" itemtype=\"https:\/\/schema.org\/mainEntityOfPage\" ><span itemprop='name'>Risto Sinkko: EU-kansalaisten n\u00e4kemyksi\u00e4 turvallisuudesta ja puolustuksesta<\/span><\/span><\/span><\/article><article class=\"post-entry post-entry-type-standard post-entry-8765 post-loop-4 post-parity-even bloglist-simple with-slider post-8765 post type-post status-publish format-standard has-post-thumbnail hentry category-artikkeli category-artikkeli-2026\"  itemscope=\"itemscope\" itemtype=\"https:\/\/schema.org\/BlogPosting\" ><div class=\"blog-meta\"><\/div><div class='entry-content-wrapper clearfix standard-content'><header class=\"entry-content-header\"><h2 class='post-title entry-title '  itemprop=\"headline\" ><a href=\"https:\/\/kylkirauta.fi\/index.php\/2026\/02\/15\/kaaderilaulajat-suomen-pojat-suomen-vapauden-ja-viron-kunnian-puolesta\/\" rel=\"bookmark\" title=\"Permanent Link: Kaaderilaulajat: Suomen pojat &#8211; Suomen vapauden ja Viron kunnian puolesta\">Kaaderilaulajat: Suomen pojat &#8211; Suomen vapauden ja Viron kunnian puolesta<span class=\"post-format-icon minor-meta\"><\/span><\/a><\/h2><span class=\"post-meta-infos\"><time class=\"date-container minor-meta updated\"  itemprop=\"datePublished\" datetime=\"2026-02-15T15:44:11+02:00\" >15.2.2026<\/time><span class=\"text-sep\">\/<\/span><span class=\"blog-categories minor-meta\">in <a href=\"https:\/\/kylkirauta.fi\/index.php\/category\/artikkeli\/\" rel=\"tag\">Artikkeli<\/a>, <a href=\"https:\/\/kylkirauta.fi\/index.php\/category\/artikkeli-2026\/\" rel=\"tag\">Artikkeli 2026<\/a><\/span><span class=\"text-sep\">\/<\/span><span class=\"blog-author minor-meta\">by <span class=\"entry-author-link\"  itemprop=\"author\" ><span class=\"author\"><span class=\"fn\"><a href=\"https:\/\/kylkirauta.fi\/index.php\/author\/karisain\/\" title=\"Kirjoittanut: Kari Sainio\" rel=\"author\">Kari Sainio<\/a><\/span><\/span><\/span><\/span><div class=\"read-more-link\"><a href=\"https:\/\/kylkirauta.fi\/index.php\/2026\/02\/15\/kaaderilaulajat-suomen-pojat-suomen-vapauden-ja-viron-kunnian-puolesta\/\" class=\"more-link\">Read more<span class=\"more-link-arrow\"><\/span><\/a><\/div><\/span><\/header><footer class=\"entry-footer\"><\/footer><div class='post_delimiter'><\/div><\/div><div class=\"post_author_timeline\"><\/div><span class='hidden'>\n\t\t\t\t<span class='av-structured-data'  itemprop=\"image\" itemscope=\"itemscope\" itemtype=\"https:\/\/schema.org\/ImageObject\" >\n\t\t\t\t\t\t<span itemprop='url'>https:\/\/kylkirauta.fi\/wp-content\/uploads\/2026\/02\/Kuva-3-1-2026-artikkeli.jpg<\/span>\n\t\t\t\t\t\t<span itemprop='height'>487<\/span>\n\t\t\t\t\t\t<span itemprop='width'>843<\/span>\n\t\t\t\t<\/span>\n\t\t\t\t<span class='av-structured-data'  itemprop=\"publisher\" itemtype=\"https:\/\/schema.org\/Organization\" itemscope=\"itemscope\" >\n\t\t\t\t\t\t<span itemprop='name'>Kari Sainio<\/span>\n\t\t\t\t\t\t<span itemprop='logo' itemscope itemtype='https:\/\/schema.org\/ImageObject'>\n\t\t\t\t\t\t\t<span itemprop='url'>https:\/\/kylkirauta.fi\/wp-content\/uploads\/2020\/02\/kkunta_weblogo-100x100-1.png<\/span>\n\t\t\t\t\t\t<\/span>\n\t\t\t\t<\/span><span class='av-structured-data'  itemprop=\"author\" itemscope=\"itemscope\" itemtype=\"https:\/\/schema.org\/Person\" ><span itemprop='name'>Kari Sainio<\/span><\/span><span class='av-structured-data'  itemprop=\"datePublished\" datetime=\"2026-02-15T15:44:11+02:00\" >2026-02-15 15:44:11<\/span><span class='av-structured-data'  itemprop=\"dateModified\" itemtype=\"https:\/\/schema.org\/dateModified\" >2026-02-15 15:49:07<\/span><span class='av-structured-data'  itemprop=\"mainEntityOfPage\" itemtype=\"https:\/\/schema.org\/mainEntityOfPage\" ><span itemprop='name'>Kaaderilaulajat: Suomen pojat &#8211; Suomen vapauden ja Viron kunnian puolesta<\/span><\/span><\/span><\/article><article class=\"post-entry post-entry-type-standard post-entry-8754 post-loop-5 post-parity-odd post-entry-last bloglist-simple with-slider post-8754 post type-post status-publish format-standard has-post-thumbnail hentry category-artikkeli category-artikkeli-2026\"  itemscope=\"itemscope\" itemtype=\"https:\/\/schema.org\/BlogPosting\" ><div class=\"blog-meta\"><\/div><div class='entry-content-wrapper clearfix standard-content'><header class=\"entry-content-header\"><h2 class='post-title entry-title '  itemprop=\"headline\" ><a href=\"https:\/\/kylkirauta.fi\/index.php\/2026\/01\/21\/kaaderilaulajista-kajahtaa\/\" rel=\"bookmark\" title=\"Permanent Link: Kaaderilaulajista kajahtaa\">Kaaderilaulajista kajahtaa<span class=\"post-format-icon minor-meta\"><\/span><\/a><\/h2><span class=\"post-meta-infos\"><time class=\"date-container minor-meta updated\"  itemprop=\"datePublished\" datetime=\"2026-01-21T18:17:28+02:00\" >21.1.2026<\/time><span class=\"text-sep\">\/<\/span><span class=\"blog-categories minor-meta\">in <a href=\"https:\/\/kylkirauta.fi\/index.php\/category\/artikkeli\/\" rel=\"tag\">Artikkeli<\/a>, <a href=\"https:\/\/kylkirauta.fi\/index.php\/category\/artikkeli-2026\/\" rel=\"tag\">Artikkeli 2026<\/a><\/span><span class=\"text-sep\">\/<\/span><span class=\"blog-author minor-meta\">by <span class=\"entry-author-link\"  itemprop=\"author\" ><span class=\"author\"><span class=\"fn\"><a href=\"https:\/\/kylkirauta.fi\/index.php\/author\/karisain\/\" title=\"Kirjoittanut: Kari Sainio\" rel=\"author\">Kari Sainio<\/a><\/span><\/span><\/span><\/span><div class=\"read-more-link\"><a href=\"https:\/\/kylkirauta.fi\/index.php\/2026\/01\/21\/kaaderilaulajista-kajahtaa\/\" class=\"more-link\">Read more<span class=\"more-link-arrow\"><\/span><\/a><\/div><\/span><\/header><footer class=\"entry-footer\"><\/footer><div class='post_delimiter'><\/div><\/div><div class=\"post_author_timeline\"><\/div><span class='hidden'>\n\t\t\t\t<span class='av-structured-data'  itemprop=\"image\" itemscope=\"itemscope\" itemtype=\"https:\/\/schema.org\/ImageObject\" >\n\t\t\t\t\t\t<span itemprop='url'>https:\/\/kylkirauta.fi\/wp-content\/uploads\/2026\/01\/Artikkeli-1-2026.jpg<\/span>\n\t\t\t\t\t\t<span itemprop='height'>487<\/span>\n\t\t\t\t\t\t<span itemprop='width'>843<\/span>\n\t\t\t\t<\/span>\n\t\t\t\t<span class='av-structured-data'  itemprop=\"publisher\" itemtype=\"https:\/\/schema.org\/Organization\" itemscope=\"itemscope\" >\n\t\t\t\t\t\t<span itemprop='name'>Kari Sainio<\/span>\n\t\t\t\t\t\t<span itemprop='logo' itemscope itemtype='https:\/\/schema.org\/ImageObject'>\n\t\t\t\t\t\t\t<span itemprop='url'>https:\/\/kylkirauta.fi\/wp-content\/uploads\/2020\/02\/kkunta_weblogo-100x100-1.png<\/span>\n\t\t\t\t\t\t<\/span>\n\t\t\t\t<\/span><span class='av-structured-data'  itemprop=\"author\" itemscope=\"itemscope\" itemtype=\"https:\/\/schema.org\/Person\" ><span itemprop='name'>Kari Sainio<\/span><\/span><span class='av-structured-data'  itemprop=\"datePublished\" datetime=\"2026-01-21T18:17:28+02:00\" >2026-01-21 18:17:28<\/span><span class='av-structured-data'  itemprop=\"dateModified\" itemtype=\"https:\/\/schema.org\/dateModified\" >2026-01-21 18:17:28<\/span><span class='av-structured-data'  itemprop=\"mainEntityOfPage\" itemtype=\"https:\/\/schema.org\/mainEntityOfPage\" ><span itemprop='name'>Kaaderilaulajista kajahtaa<\/span><\/span><\/span><\/article><div class='bloglist-simple'><nav class='pagination'><span class='pagination-meta'>Page 1 of 35<\/span><span class='current'>1<\/span><a href='https:\/\/kylkirauta.fi\/index.php\/wp-json\/wp\/v2\/posts\/5477\/page\/2\/' class='inactive next_page' >2<\/a><a href='https:\/\/kylkirauta.fi\/index.php\/wp-json\/wp\/v2\/posts\/5477\/page\/3\/' class='inactive' >3<\/a><a href='https:\/\/kylkirauta.fi\/index.php\/wp-json\/wp\/v2\/posts\/5477\/page\/2\/'>&rsaquo;<\/a><a href='https:\/\/kylkirauta.fi\/index.php\/wp-json\/wp\/v2\/posts\/5477\/page\/35\/'>&raquo;<\/a><\/nav>\n<\/div><\/div>\n","protected":false},"excerpt":{"rendered":"","protected":false},"author":3,"featured_media":5486,"comment_status":"closed","ping_status":"closed","sticky":false,"template":"","format":"standard","meta":{"footnotes":""},"categories":[4,91],"tags":[],"class_list":["post-5477","post","type-post","status-publish","format-standard","has-post-thumbnail","hentry","category-artikkeli","category-artikkeli-2021"],"yoast_head":"<!-- This site is optimized with the Yoast SEO plugin v27.4 - https:\/\/yoast.com\/product\/yoast-seo-wordpress\/ -->\n<title>Risto Sinkko: Yli nelj\u00e4nnesvuosisata Nato-pohdiskelua \u2013 mielipiteiss\u00e4 ei olennaista muutosta - Kylkirauta<\/title>\n<meta name=\"robots\" content=\"index, follow, max-snippet:-1, max-image-preview:large, max-video-preview:-1\" \/>\n<link rel=\"canonical\" href=\"https:\/\/kylkirauta.fi\/index.php\/2021\/10\/30\/risto-sinkko-yli-neljannesvuosisata-nato-pohdiskelua-mielipiteissa-ei-olennaista-muutosta\/\" \/>\n<meta property=\"og:locale\" content=\"fi_FI\" \/>\n<meta property=\"og:type\" content=\"article\" \/>\n<meta property=\"og:title\" content=\"Risto Sinkko: Yli nelj\u00e4nnesvuosisata Nato-pohdiskelua \u2013 mielipiteiss\u00e4 ei olennaista muutosta - Kylkirauta\" \/>\n<meta property=\"og:url\" content=\"https:\/\/kylkirauta.fi\/index.php\/2021\/10\/30\/risto-sinkko-yli-neljannesvuosisata-nato-pohdiskelua-mielipiteissa-ei-olennaista-muutosta\/\" \/>\n<meta property=\"og:site_name\" content=\"Kylkirauta\" \/>\n<meta property=\"article:published_time\" content=\"2021-10-30T12:07:10+00:00\" \/>\n<meta property=\"article:modified_time\" content=\"2022-01-07T09:46:15+00:00\" \/>\n<meta property=\"og:image\" content=\"https:\/\/kylkirauta.fi\/wp-content\/uploads\/2021\/10\/Nato-artikkeli-KYRA-2-30102021.png\" \/>\n\t<meta property=\"og:image:width\" content=\"843\" \/>\n\t<meta property=\"og:image:height\" content=\"487\" \/>\n\t<meta property=\"og:image:type\" content=\"image\/png\" \/>\n<meta name=\"author\" content=\"Kari Sainio\" \/>\n<meta name=\"twitter:card\" content=\"summary_large_image\" \/>\n<meta name=\"twitter:label1\" content=\"Kirjoittanut\" \/>\n\t<meta name=\"twitter:data1\" content=\"Kari Sainio\" \/>\n\t<meta name=\"twitter:label2\" content=\"Arvioitu lukuaika\" \/>\n\t<meta name=\"twitter:data2\" content=\"7 minuuttia\" \/>\n<script type=\"application\/ld+json\" class=\"yoast-schema-graph\">{\"@context\":\"https:\\\/\\\/schema.org\",\"@graph\":[{\"@type\":\"Article\",\"@id\":\"https:\\\/\\\/kylkirauta.fi\\\/index.php\\\/2021\\\/10\\\/30\\\/risto-sinkko-yli-neljannesvuosisata-nato-pohdiskelua-mielipiteissa-ei-olennaista-muutosta\\\/#article\",\"isPartOf\":{\"@id\":\"https:\\\/\\\/kylkirauta.fi\\\/index.php\\\/2021\\\/10\\\/30\\\/risto-sinkko-yli-neljannesvuosisata-nato-pohdiskelua-mielipiteissa-ei-olennaista-muutosta\\\/\"},\"author\":{\"name\":\"Kari Sainio\",\"@id\":\"https:\\\/\\\/kylkirauta.fi\\\/#\\\/schema\\\/person\\\/714ab39a349c656b20d60a239be1d6f6\"},\"headline\":\"Risto Sinkko: Yli nelj\u00e4nnesvuosisata Nato-pohdiskelua \u2013 mielipiteiss\u00e4 ei olennaista muutosta\",\"datePublished\":\"2021-10-30T12:07:10+00:00\",\"dateModified\":\"2022-01-07T09:46:15+00:00\",\"mainEntityOfPage\":{\"@id\":\"https:\\\/\\\/kylkirauta.fi\\\/index.php\\\/2021\\\/10\\\/30\\\/risto-sinkko-yli-neljannesvuosisata-nato-pohdiskelua-mielipiteissa-ei-olennaista-muutosta\\\/\"},\"wordCount\":1368,\"image\":{\"@id\":\"https:\\\/\\\/kylkirauta.fi\\\/index.php\\\/2021\\\/10\\\/30\\\/risto-sinkko-yli-neljannesvuosisata-nato-pohdiskelua-mielipiteissa-ei-olennaista-muutosta\\\/#primaryimage\"},\"thumbnailUrl\":\"https:\\\/\\\/kylkirauta.fi\\\/wp-content\\\/uploads\\\/2021\\\/10\\\/Nato-artikkeli-KYRA-2-30102021.png\",\"articleSection\":[\"Artikkeli\",\"Artikkeli 2021\"],\"inLanguage\":\"fi\"},{\"@type\":\"WebPage\",\"@id\":\"https:\\\/\\\/kylkirauta.fi\\\/index.php\\\/2021\\\/10\\\/30\\\/risto-sinkko-yli-neljannesvuosisata-nato-pohdiskelua-mielipiteissa-ei-olennaista-muutosta\\\/\",\"url\":\"https:\\\/\\\/kylkirauta.fi\\\/index.php\\\/2021\\\/10\\\/30\\\/risto-sinkko-yli-neljannesvuosisata-nato-pohdiskelua-mielipiteissa-ei-olennaista-muutosta\\\/\",\"name\":\"Risto Sinkko: Yli nelj\u00e4nnesvuosisata Nato-pohdiskelua \u2013 mielipiteiss\u00e4 ei olennaista muutosta - Kylkirauta\",\"isPartOf\":{\"@id\":\"https:\\\/\\\/kylkirauta.fi\\\/#website\"},\"primaryImageOfPage\":{\"@id\":\"https:\\\/\\\/kylkirauta.fi\\\/index.php\\\/2021\\\/10\\\/30\\\/risto-sinkko-yli-neljannesvuosisata-nato-pohdiskelua-mielipiteissa-ei-olennaista-muutosta\\\/#primaryimage\"},\"image\":{\"@id\":\"https:\\\/\\\/kylkirauta.fi\\\/index.php\\\/2021\\\/10\\\/30\\\/risto-sinkko-yli-neljannesvuosisata-nato-pohdiskelua-mielipiteissa-ei-olennaista-muutosta\\\/#primaryimage\"},\"thumbnailUrl\":\"https:\\\/\\\/kylkirauta.fi\\\/wp-content\\\/uploads\\\/2021\\\/10\\\/Nato-artikkeli-KYRA-2-30102021.png\",\"datePublished\":\"2021-10-30T12:07:10+00:00\",\"dateModified\":\"2022-01-07T09:46:15+00:00\",\"author\":{\"@id\":\"https:\\\/\\\/kylkirauta.fi\\\/#\\\/schema\\\/person\\\/714ab39a349c656b20d60a239be1d6f6\"},\"breadcrumb\":{\"@id\":\"https:\\\/\\\/kylkirauta.fi\\\/index.php\\\/2021\\\/10\\\/30\\\/risto-sinkko-yli-neljannesvuosisata-nato-pohdiskelua-mielipiteissa-ei-olennaista-muutosta\\\/#breadcrumb\"},\"inLanguage\":\"fi\",\"potentialAction\":[{\"@type\":\"ReadAction\",\"target\":[\"https:\\\/\\\/kylkirauta.fi\\\/index.php\\\/2021\\\/10\\\/30\\\/risto-sinkko-yli-neljannesvuosisata-nato-pohdiskelua-mielipiteissa-ei-olennaista-muutosta\\\/\"]}]},{\"@type\":\"ImageObject\",\"inLanguage\":\"fi\",\"@id\":\"https:\\\/\\\/kylkirauta.fi\\\/index.php\\\/2021\\\/10\\\/30\\\/risto-sinkko-yli-neljannesvuosisata-nato-pohdiskelua-mielipiteissa-ei-olennaista-muutosta\\\/#primaryimage\",\"url\":\"https:\\\/\\\/kylkirauta.fi\\\/wp-content\\\/uploads\\\/2021\\\/10\\\/Nato-artikkeli-KYRA-2-30102021.png\",\"contentUrl\":\"https:\\\/\\\/kylkirauta.fi\\\/wp-content\\\/uploads\\\/2021\\\/10\\\/Nato-artikkeli-KYRA-2-30102021.png\",\"width\":843,\"height\":487},{\"@type\":\"BreadcrumbList\",\"@id\":\"https:\\\/\\\/kylkirauta.fi\\\/index.php\\\/2021\\\/10\\\/30\\\/risto-sinkko-yli-neljannesvuosisata-nato-pohdiskelua-mielipiteissa-ei-olennaista-muutosta\\\/#breadcrumb\",\"itemListElement\":[{\"@type\":\"ListItem\",\"position\":1,\"name\":\"Home\",\"item\":\"https:\\\/\\\/kylkirauta.fi\\\/index.php\\\/home\\\/\"},{\"@type\":\"ListItem\",\"position\":2,\"name\":\"Risto Sinkko: Yli nelj\u00e4nnesvuosisata Nato-pohdiskelua \u2013 mielipiteiss\u00e4 ei olennaista muutosta\"}]},{\"@type\":\"WebSite\",\"@id\":\"https:\\\/\\\/kylkirauta.fi\\\/#website\",\"url\":\"https:\\\/\\\/kylkirauta.fi\\\/\",\"name\":\"Kylkirauta\",\"description\":\"Kadettiupseerit yhteiskunnan palveluksessa\",\"potentialAction\":[{\"@type\":\"SearchAction\",\"target\":{\"@type\":\"EntryPoint\",\"urlTemplate\":\"https:\\\/\\\/kylkirauta.fi\\\/?s={search_term_string}\"},\"query-input\":{\"@type\":\"PropertyValueSpecification\",\"valueRequired\":true,\"valueName\":\"search_term_string\"}}],\"inLanguage\":\"fi\"},{\"@type\":\"Person\",\"@id\":\"https:\\\/\\\/kylkirauta.fi\\\/#\\\/schema\\\/person\\\/714ab39a349c656b20d60a239be1d6f6\",\"name\":\"Kari Sainio\",\"sameAs\":[\"http:\\\/\\\/www.kylkirauta.fi\"],\"url\":\"https:\\\/\\\/kylkirauta.fi\\\/index.php\\\/author\\\/karisain\\\/\"}]}<\/script>\n<!-- \/ Yoast SEO plugin. -->","yoast_head_json":{"title":"Risto Sinkko: Yli nelj\u00e4nnesvuosisata Nato-pohdiskelua \u2013 mielipiteiss\u00e4 ei olennaista muutosta - Kylkirauta","robots":{"index":"index","follow":"follow","max-snippet":"max-snippet:-1","max-image-preview":"max-image-preview:large","max-video-preview":"max-video-preview:-1"},"canonical":"https:\/\/kylkirauta.fi\/index.php\/2021\/10\/30\/risto-sinkko-yli-neljannesvuosisata-nato-pohdiskelua-mielipiteissa-ei-olennaista-muutosta\/","og_locale":"fi_FI","og_type":"article","og_title":"Risto Sinkko: Yli nelj\u00e4nnesvuosisata Nato-pohdiskelua \u2013 mielipiteiss\u00e4 ei olennaista muutosta - Kylkirauta","og_url":"https:\/\/kylkirauta.fi\/index.php\/2021\/10\/30\/risto-sinkko-yli-neljannesvuosisata-nato-pohdiskelua-mielipiteissa-ei-olennaista-muutosta\/","og_site_name":"Kylkirauta","article_published_time":"2021-10-30T12:07:10+00:00","article_modified_time":"2022-01-07T09:46:15+00:00","og_image":[{"width":843,"height":487,"url":"https:\/\/kylkirauta.fi\/wp-content\/uploads\/2021\/10\/Nato-artikkeli-KYRA-2-30102021.png","type":"image\/png"}],"author":"Kari Sainio","twitter_card":"summary_large_image","twitter_misc":{"Kirjoittanut":"Kari Sainio","Arvioitu lukuaika":"7 minuuttia"},"schema":{"@context":"https:\/\/schema.org","@graph":[{"@type":"Article","@id":"https:\/\/kylkirauta.fi\/index.php\/2021\/10\/30\/risto-sinkko-yli-neljannesvuosisata-nato-pohdiskelua-mielipiteissa-ei-olennaista-muutosta\/#article","isPartOf":{"@id":"https:\/\/kylkirauta.fi\/index.php\/2021\/10\/30\/risto-sinkko-yli-neljannesvuosisata-nato-pohdiskelua-mielipiteissa-ei-olennaista-muutosta\/"},"author":{"name":"Kari Sainio","@id":"https:\/\/kylkirauta.fi\/#\/schema\/person\/714ab39a349c656b20d60a239be1d6f6"},"headline":"Risto Sinkko: Yli nelj\u00e4nnesvuosisata Nato-pohdiskelua \u2013 mielipiteiss\u00e4 ei olennaista muutosta","datePublished":"2021-10-30T12:07:10+00:00","dateModified":"2022-01-07T09:46:15+00:00","mainEntityOfPage":{"@id":"https:\/\/kylkirauta.fi\/index.php\/2021\/10\/30\/risto-sinkko-yli-neljannesvuosisata-nato-pohdiskelua-mielipiteissa-ei-olennaista-muutosta\/"},"wordCount":1368,"image":{"@id":"https:\/\/kylkirauta.fi\/index.php\/2021\/10\/30\/risto-sinkko-yli-neljannesvuosisata-nato-pohdiskelua-mielipiteissa-ei-olennaista-muutosta\/#primaryimage"},"thumbnailUrl":"https:\/\/kylkirauta.fi\/wp-content\/uploads\/2021\/10\/Nato-artikkeli-KYRA-2-30102021.png","articleSection":["Artikkeli","Artikkeli 2021"],"inLanguage":"fi"},{"@type":"WebPage","@id":"https:\/\/kylkirauta.fi\/index.php\/2021\/10\/30\/risto-sinkko-yli-neljannesvuosisata-nato-pohdiskelua-mielipiteissa-ei-olennaista-muutosta\/","url":"https:\/\/kylkirauta.fi\/index.php\/2021\/10\/30\/risto-sinkko-yli-neljannesvuosisata-nato-pohdiskelua-mielipiteissa-ei-olennaista-muutosta\/","name":"Risto Sinkko: Yli nelj\u00e4nnesvuosisata Nato-pohdiskelua \u2013 mielipiteiss\u00e4 ei olennaista muutosta - Kylkirauta","isPartOf":{"@id":"https:\/\/kylkirauta.fi\/#website"},"primaryImageOfPage":{"@id":"https:\/\/kylkirauta.fi\/index.php\/2021\/10\/30\/risto-sinkko-yli-neljannesvuosisata-nato-pohdiskelua-mielipiteissa-ei-olennaista-muutosta\/#primaryimage"},"image":{"@id":"https:\/\/kylkirauta.fi\/index.php\/2021\/10\/30\/risto-sinkko-yli-neljannesvuosisata-nato-pohdiskelua-mielipiteissa-ei-olennaista-muutosta\/#primaryimage"},"thumbnailUrl":"https:\/\/kylkirauta.fi\/wp-content\/uploads\/2021\/10\/Nato-artikkeli-KYRA-2-30102021.png","datePublished":"2021-10-30T12:07:10+00:00","dateModified":"2022-01-07T09:46:15+00:00","author":{"@id":"https:\/\/kylkirauta.fi\/#\/schema\/person\/714ab39a349c656b20d60a239be1d6f6"},"breadcrumb":{"@id":"https:\/\/kylkirauta.fi\/index.php\/2021\/10\/30\/risto-sinkko-yli-neljannesvuosisata-nato-pohdiskelua-mielipiteissa-ei-olennaista-muutosta\/#breadcrumb"},"inLanguage":"fi","potentialAction":[{"@type":"ReadAction","target":["https:\/\/kylkirauta.fi\/index.php\/2021\/10\/30\/risto-sinkko-yli-neljannesvuosisata-nato-pohdiskelua-mielipiteissa-ei-olennaista-muutosta\/"]}]},{"@type":"ImageObject","inLanguage":"fi","@id":"https:\/\/kylkirauta.fi\/index.php\/2021\/10\/30\/risto-sinkko-yli-neljannesvuosisata-nato-pohdiskelua-mielipiteissa-ei-olennaista-muutosta\/#primaryimage","url":"https:\/\/kylkirauta.fi\/wp-content\/uploads\/2021\/10\/Nato-artikkeli-KYRA-2-30102021.png","contentUrl":"https:\/\/kylkirauta.fi\/wp-content\/uploads\/2021\/10\/Nato-artikkeli-KYRA-2-30102021.png","width":843,"height":487},{"@type":"BreadcrumbList","@id":"https:\/\/kylkirauta.fi\/index.php\/2021\/10\/30\/risto-sinkko-yli-neljannesvuosisata-nato-pohdiskelua-mielipiteissa-ei-olennaista-muutosta\/#breadcrumb","itemListElement":[{"@type":"ListItem","position":1,"name":"Home","item":"https:\/\/kylkirauta.fi\/index.php\/home\/"},{"@type":"ListItem","position":2,"name":"Risto Sinkko: Yli nelj\u00e4nnesvuosisata Nato-pohdiskelua \u2013 mielipiteiss\u00e4 ei olennaista muutosta"}]},{"@type":"WebSite","@id":"https:\/\/kylkirauta.fi\/#website","url":"https:\/\/kylkirauta.fi\/","name":"Kylkirauta","description":"Kadettiupseerit yhteiskunnan palveluksessa","potentialAction":[{"@type":"SearchAction","target":{"@type":"EntryPoint","urlTemplate":"https:\/\/kylkirauta.fi\/?s={search_term_string}"},"query-input":{"@type":"PropertyValueSpecification","valueRequired":true,"valueName":"search_term_string"}}],"inLanguage":"fi"},{"@type":"Person","@id":"https:\/\/kylkirauta.fi\/#\/schema\/person\/714ab39a349c656b20d60a239be1d6f6","name":"Kari Sainio","sameAs":["http:\/\/www.kylkirauta.fi"],"url":"https:\/\/kylkirauta.fi\/index.php\/author\/karisain\/"}]}},"_links":{"self":[{"href":"https:\/\/kylkirauta.fi\/index.php\/wp-json\/wp\/v2\/posts\/5477","targetHints":{"allow":["GET"]}}],"collection":[{"href":"https:\/\/kylkirauta.fi\/index.php\/wp-json\/wp\/v2\/posts"}],"about":[{"href":"https:\/\/kylkirauta.fi\/index.php\/wp-json\/wp\/v2\/types\/post"}],"author":[{"embeddable":true,"href":"https:\/\/kylkirauta.fi\/index.php\/wp-json\/wp\/v2\/users\/3"}],"replies":[{"embeddable":true,"href":"https:\/\/kylkirauta.fi\/index.php\/wp-json\/wp\/v2\/comments?post=5477"}],"version-history":[{"count":4,"href":"https:\/\/kylkirauta.fi\/index.php\/wp-json\/wp\/v2\/posts\/5477\/revisions"}],"predecessor-version":[{"id":5640,"href":"https:\/\/kylkirauta.fi\/index.php\/wp-json\/wp\/v2\/posts\/5477\/revisions\/5640"}],"wp:featuredmedia":[{"embeddable":true,"href":"https:\/\/kylkirauta.fi\/index.php\/wp-json\/wp\/v2\/media\/5486"}],"wp:attachment":[{"href":"https:\/\/kylkirauta.fi\/index.php\/wp-json\/wp\/v2\/media?parent=5477"}],"wp:term":[{"taxonomy":"category","embeddable":true,"href":"https:\/\/kylkirauta.fi\/index.php\/wp-json\/wp\/v2\/categories?post=5477"},{"taxonomy":"post_tag","embeddable":true,"href":"https:\/\/kylkirauta.fi\/index.php\/wp-json\/wp\/v2\/tags?post=5477"}],"curies":[{"name":"wp","href":"https:\/\/api.w.org\/{rel}","templated":true}]}}