{"id":5373,"date":"2021-10-06T14:25:48","date_gmt":"2021-10-06T14:25:48","guid":{"rendered":"https:\/\/kylkirauta.fi\/?p=5373"},"modified":"2022-01-07T09:46:58","modified_gmt":"2022-01-07T09:46:58","slug":"marsalkka-mannerheim-ritari-numero-18","status":"publish","type":"post","link":"https:\/\/kylkirauta.fi\/index.php\/2021\/10\/06\/marsalkka-mannerheim-ritari-numero-18\/","title":{"rendered":"Marsalkka Mannerheim &#8211; ritari numero 18"},"content":{"rendered":"\n<style type=\"text\/css\" data-created_by=\"avia_inline_auto\" id=\"style-css-av-km4zs-0614ada41eb3461e6efbb361dfbae970\">\n.flex_column.av-km4zs-0614ada41eb3461e6efbb361dfbae970{\nborder-radius:0px 0px 0px 0px;\npadding:0px 0px 0px 0px;\n}\n<\/style>\n<div  class='flex_column av-km4zs-0614ada41eb3461e6efbb361dfbae970 av_one_full  avia-builder-el-0  el_before_av_hr  avia-builder-el-first  first flex_column_div av-zero-column-padding  '     ><p>\n<style type=\"text\/css\" data-created_by=\"avia_inline_auto\" id=\"style-css-av-av_heading-72eb57aebba2595aa24f9b34028b3706\">\n#top .av-special-heading.av-av_heading-72eb57aebba2595aa24f9b34028b3706{\npadding-bottom:10px;\n}\nbody .av-special-heading.av-av_heading-72eb57aebba2595aa24f9b34028b3706 .av-special-heading-tag .heading-char{\nfont-size:25px;\n}\n.av-special-heading.av-av_heading-72eb57aebba2595aa24f9b34028b3706 .av-subheading{\nfont-size:15px;\n}\n<\/style>\n<div  class='av-special-heading av-av_heading-72eb57aebba2595aa24f9b34028b3706 av-special-heading-h3  avia-builder-el-1  el_before_av_hr  avia-builder-el-first '><h3 class='av-special-heading-tag'  itemprop=\"headline\"  >Marsalkka Mannerheim &#8211; ritari numero 18<\/h3><div class=\"special-heading-border\"><div class=\"special-heading-inner-border\"><\/div><\/div><\/div><br \/>\n\n<style type=\"text\/css\" data-created_by=\"avia_inline_auto\" id=\"style-css-av-k5m7b9te-01401dd5e8beb25770de1be03f41ecf3\">\n#top .hr.hr-invisible.av-k5m7b9te-01401dd5e8beb25770de1be03f41ecf3{\nheight:30px;\n}\n<\/style>\n<div  class='hr av-k5m7b9te-01401dd5e8beb25770de1be03f41ecf3 hr-invisible  avia-builder-el-2  el_after_av_heading  el_before_av_textblock '><span class='hr-inner '><span class=\"hr-inner-style\"><\/span><\/span><\/div><br \/>\n<section  class='av_textblock_section av-k8d08-dea0f25c8df625cf22cbdeac32688808 '   itemscope=\"itemscope\" itemtype=\"https:\/\/schema.org\/BlogPosting\" itemprop=\"blogPost\" ><div class='avia_textblock'  itemprop=\"text\" ><div id=\"attachment_5374\" style=\"width: 170px\" class=\"wp-caption alignright\"><img loading=\"lazy\" decoding=\"async\" aria-describedby=\"caption-attachment-5374\" class=\"wp-image-5374\" src=\"https:\/\/kylkirauta.fi\/wp-content\/uploads\/2021\/10\/Pirinen_Joni-2-218x300.jpg\" alt=\"\" width=\"160\" height=\"220\" srcset=\"https:\/\/kylkirauta.fi\/wp-content\/uploads\/2021\/10\/Pirinen_Joni-2-218x300.jpg 218w, https:\/\/kylkirauta.fi\/wp-content\/uploads\/2021\/10\/Pirinen_Joni-2-513x705.jpg 513w, https:\/\/kylkirauta.fi\/wp-content\/uploads\/2021\/10\/Pirinen_Joni-2.jpg 532w\" sizes=\"auto, (max-width: 160px) 100vw, 160px\" \/><p id=\"caption-attachment-5374\" class=\"wp-caption-text\">Joni Pirinen<\/p><\/div>\n<p><em><strong>Mannerheim -risti my\u00f6nnettiin jatkosodan aikana 191 henkil\u00f6lle. Kunniamerkin saaja nimitettiin ritariksi ja sotilasarvoltaan h\u00e4n saattoi olla yht\u00e4 hyvin sotamies kuin kenraalikin. Merkki on sen harvinaisuuden ja sen vaatimien erityisansioiden vuoksi Suomen arvostetuin kunniamerkki.<\/strong><\/em><\/p>\n<p><em><strong>Viime vuoden marraskuussa 98-vuotiaana menehtynyt Mannerheim-ristin ritari numero 95 Tuomas Gerdt oli viimeinen elossa ollut ritari. H\u00e4nen kuolemansa my\u00f6t\u00e4 ritarit el\u00e4v\u00e4t en\u00e4\u00e4 muistoissamme.\u00a0<\/strong><\/em><\/p>\n<p>Yli 20 vuotta runoutta harrastanut kapteeni Joni Pirinen kirjoittaa parhaillaan Kadettikunnan tuella runoteosta Mannerheim-ristin ritareista. Jokainen ritari saa oman runonsa.<\/p>\n<p>Pirisen kirjoitusty\u00f6n taustalla on sanonta, ett\u00e4 ihminen kuolee vasta sitten, kun h\u00e4nen muistonsa lakkaa. Pirinen haluaakin runoteoksellaan omalta osaltaan olla varmistamassa, ett\u00e4 suomalaiset sankarit ja heid\u00e4n tarinansa eiv\u00e4t koskaan kuolisi.<\/p>\n<p><em>&#8211; Mannerheim-ristin ritarit olivat kaikki sankareita. Kuten olivat kaikki suomalaisen yhteiskunnan j\u00e4senet noina sodan kohtalon vuosina. Ritarit olivat esille nostettu otos niist\u00e4 suomalaisista, jotka sodan \u00e4\u00e4rimm\u00e4isiss\u00e4 olosuhteissa kykeniv\u00e4t tekem\u00e4\u00e4n jotain sellaista, joka toi heille sankarin aseman. Myyttien ja legendojen mukaan sankarit edustavat kaikkea parasta ihmisess\u00e4. He ovat useimmiten vahvoja, rohkeita, viisaita, nokkelia ja omistautuneita. He eiv\u00e4t kuitenkaan ole kaikkivoipia ja kuolemattomia.\u00a0<\/em><\/p>\n<p><img loading=\"lazy\" decoding=\"async\" class=\"alignleft wp-image-2475\" src=\"https:\/\/kylkirauta.fi\/wp-content\/uploads\/2019\/12\/Mannerheim-255x300.jpg\" alt=\"\" width=\"175\" height=\"206\" srcset=\"https:\/\/kylkirauta.fi\/wp-content\/uploads\/2019\/12\/Mannerheim-255x300.jpg 255w, https:\/\/kylkirauta.fi\/wp-content\/uploads\/2019\/12\/Mannerheim.jpg 413w\" sizes=\"auto, (max-width: 175px) 100vw, 175px\" \/>Kylkiraudan verkkolehti julkaisi elokuussa valmisteilla olevasta teoksesta runon Mannerheim-ristin ritari numero 36:sta,<strong> Aarre Voutilaisesta<\/strong>. Runon voi lukea <strong><a href=\"https:\/\/kylkirauta.fi\/index.php\/2021\/08\/25\/runoteos-mannerheim-ristin-ritareista\/\" target=\"_blank\" rel=\"noopener\">t\u00e4st\u00e4 linkist\u00e4<\/a><\/strong>.<\/p>\n<p>Nyt julkaistava toinen runo kertoo ritarista numero 18, <strong>Suomen marsalkka Mannerheimista, <\/strong>joka pitk\u00e4n harkinnan j\u00e4lkeen suostui tasavallan presidentti Risto Rytin ja siihen menness\u00e4 nimitettyjen ritarien pyynn\u00f6st\u00e4 vastaanottamaan omaa nime\u00e4\u00e4n kantavan ristin. Tasavallan presidentti antoi Mannerheimille ristin vieraillessaan P\u00e4\u00e4majassa Mikkeliss\u00e4 7.10.1941 seurassaan p\u00e4\u00e4ministeri Jukka Rangell ja puolustusministeri Rudolf Walden.<\/p>\n<p>Lis\u00e4tietoa ristist\u00e4 ja 191:st\u00e4 ritarista on luettavissa\u00a0 <strong>Mannerheim-ristin ritarien s\u00e4\u00e4ti\u00f6n<\/strong> sivuilta\u00a0 <strong><a href=\"http:\/\/www.mannerheim-ristinritarit.fi\/\" target=\"_blank\" rel=\"noopener\">t\u00e4st\u00e4 linkist\u00e4<\/a>.\u00a0<\/strong><\/p>\n<p>Lis\u00e4ksi Kadettikunnan<strong> \u201dVeteraanien perint\u00f6 \u2013 Arvet efter veterarerna\u201d -tietopankista<\/strong> l\u00f6ytyy esitys Mannerheim-ristin ritareista <a href=\"https:\/\/veteraanienperinto.fi\/index.php\/tietopankit\/videoita\/mannerheim-ristin-ritarit\/\" target=\"_blank\" rel=\"noopener\"><strong>t\u00e4st\u00e4 linkist\u00e4<\/strong><\/a>.<\/p>\n<p style=\"text-align: center;\">***<\/p>\n<p style=\"text-align: center;\"><em><strong>SUURIN KAIKISTA &#8211; VAPAUS<\/strong><\/em><\/p>\n<p style=\"text-align: center;\"><em>Tsaarin henkivartija tuli Suomeen uran lopussa.<br \/>\n<\/em><em>Mutta ura Suomessa oli vasta alussa.<br \/>\n<\/em><em>Myllerrykset maailman sotkivat my\u00f6s pohjolan.<br \/>\n<\/em><em>Kokemusta tarvittiin, kun Suomi itsen\u00e4istettiin.<\/em><\/p>\n<p style=\"text-align: center;\"><em>Punainen on talvi, punainen on hankensa sen.<br \/>\n<\/em><em>Punaiset on joukot, vastassa noiden valkoisten.<br \/>\n<\/em><em>Valkoinen on puoli valkoisen hallituksen.<br \/>\n<\/em><em>Ja tsaarin upseeri johdossa on valkoisten.<\/em><\/p>\n<p style=\"text-align: center;\"><em>Alussa itsen\u00e4isyyden, keskell\u00e4 ep\u00e4varmuuden,<br \/>\n<\/em><em>kansa kaksijakoinen, j\u00e4ljilt\u00e4 oli sodan sen.<br \/>\n<\/em><em>Uhka tuttu it\u00e4inen nosti p\u00e4\u00e4ns\u00e4 uhoten,<br \/>\n<\/em><em>niinp\u00e4 valkoinen ja punainen kokivat ihmeen yhdistyen.<\/em><\/p>\n<p style=\"text-align: center;\"><em>Talvisotaan Suomi l\u00e4hti sodan j\u00e4ljilt\u00e4 sen.<br \/>\n<\/em><em>Jossa vastapuoli riveiss\u00e4\u00e4n piti veljen.<br \/>\n<\/em><em>Saattoi olla huoli, kuinka sitten kest\u00e4mme sen.<br \/>\n<\/em><em>Vaikka moni kuoli, s\u00e4ilytimme itsen\u00e4isyyden.<\/em><\/p>\n<p style=\"text-align: center;\"><em>Talvisodan Suomi teki ihmeteonkin sen.<br \/>\n<\/em><em>Turha oli huoli, se kansan liitti yhdist\u00e4en,<br \/>\n<\/em><em>Aikaisempi vastapuoli taisteli rinnalla sen.<br \/>\n<\/em><em>Aiemman vastapuolen, veli rinnalla veljen.<\/em><\/p>\n<p style=\"text-align: center;\"><em>Sodassa mies jokainen osoittaa kyll\u00e4 rohkeuden.<br \/>\n<\/em><em>Uusi palkinto osoitti sen, ylip\u00e4\u00e4llik\u00f6n nerouden.<br \/>\n<\/em><em>Mik\u00e4\u00e4n valtio aiemmin ei ollut palkinnut pahemmin,<br \/>\n<\/em><em>yli sotilasarvojen ollut risti\u00e4 antaen.<\/em><\/p>\n<p style=\"text-align: center;\"><em>Niinp\u00e4 Suomi olikin sodan maista harvinaisin.<br \/>\n<\/em><em>Marskin viisauden osoitti jo Vilho R\u00e4t\u00f6n saama risti.<br \/>\n<\/em><em>Sota-ajan korkeimman kunniaa osoittavan,<br \/>\n<\/em><em>ristin merkitys huomattiin, kun niit\u00e4 esitettiin.<\/em><\/p>\n<p style=\"text-align: center;\"><em>Vapauden ristin ja mitalin ajatus oli Mannerheimin.<br \/>\n<\/em><em>Niiden perusteen uusimman n\u00e4htiin \u00e4rsytt\u00e4v\u00e4n Marsalkan.<br \/>\n<\/em><em>Talvisodan keskell\u00e4 syntyi nelj\u00e4s pyk\u00e4l\u00e4,<br \/>\n<\/em><em>joka ei kuitenkaan yht\u00e4\u00e4n risti\u00e4 liikkeelle saa.<\/em><\/p>\n<p style=\"text-align: center;\"><em>Erinomaisen urheuden, taistellen saavutettujen<br \/>\n<\/em><em>eritt\u00e4in t\u00e4rkeiden tulosten tai erikoisen<br \/>\n<\/em><em>ansiokkaasti johdettujen sotatoimien<br \/>\n<\/em><em>palkitsemiseksi voidaan sotilasarvostaan<br \/>\n<\/em><em>riippumatta Suomen puolustusvoimien<br \/>\n<\/em><em>sotilas nimitt\u00e4\u00e4, kun esimiehet esitt\u00e4\u00e4<br \/>\n<\/em><em>ensimm\u00e4isen tai toisen luokan ritariksi nimeten.<br \/>\n<\/em><em>N\u00e4in syntyi sodan sankaruus, Mannerheim-ristin ritarius.<\/em><\/p>\n<p style=\"text-align: center;\"><em>Tasavallan presidentti, p\u00e4\u00e4majassa kun vieraili.<br \/>\n<\/em><em>Oli seitsem\u00e4s lokakuun, kokoonnuttiin ruokailuun.<br \/>\n<\/em><em>Kun presidentti Ryti Marsalkalle puheen piti,<br \/>\n<\/em><em>jolla oli vain yks\u00b4 tarkoitus &#8211; suurin huomionosoitus.\u00a0<\/em><\/p>\n<p style=\"text-align: center;\"><em>Herra sotamarsalkka! Kun mietin kansan kohtaloa.<br \/>\n<\/em><em>Historiamme viimeaikainen ja vaikutus teid\u00e4n ponnisteluiden.<br \/>\n<\/em><em>Olette ollut ensimm\u00e4inen ja n\u00e4kyvin suomalainen.<br \/>\n<\/em><em>Maailmalla teid\u00e4t tunnetaan ja ens\u00b4m\u00e4isen\u00e4 mainitaan.<\/em><\/p>\n<p style=\"text-align: center;\"><em>Teid\u00e4t tuntee koko maailma suurimpana suomalaisena.<br \/>\n<\/em><em>Se tuntee valtiomiehen ja my\u00f6skin miehen tieteiden.<br \/>\n<\/em><em>Miehen l\u00e4mminsyd\u00e4misen yst\u00e4v\u00e4n lasten ja sairaiden.<br \/>\n<\/em><em>Mutta ennen ihan kaikkea, teid\u00e4t tunnetaan sotilaana.<\/em><\/p>\n<p style=\"text-align: center;\"><em>Talvisodan taisteluun ryhtyminen vaikutti minuun.<br \/>\n<\/em><em>J\u00e4yh\u00e4 mielen tyyneys, se teid\u00e4n kylm\u00e4n viileys.<br \/>\n<\/em><em>Velvollisuuden tunnossa, tilanteessa huonossa,<br \/>\n<\/em><em>Te osoititte urheutta rintamalla, tulen alla.<\/em><\/p>\n<p style=\"text-align: center;\"><em>Ette ep\u00e4r\u00f6inyt hetkeek\u00e4\u00e4n johtaa sit\u00e4 retkeek\u00e4\u00e4n.<br \/>\n<\/em><em>I\u00e4n ja terveyden puolesta olisitte voinut luopua<br \/>\n<\/em><em>ep\u00e4kiitollisesta teht\u00e4v\u00e4st\u00e4 ja vastuusta,<br \/>\n<\/em><em>jota silloin kannoitte ja n\u00e4in toivoa annoitte.<\/em><\/p>\n<p style=\"text-align: center;\"><em>Teid\u00e4n ansionne on kehitys Suomen sotataidon.<br \/>\n<\/em><em>Kaikissa sodissamme Te sotatoimia johditte.<br \/>\n<\/em><em>T\u00e4st\u00e4 kaikesta min\u00e4 esit\u00e4n kansan kiitoksen syvimm\u00e4n.<br \/>\n<\/em><em>Ja herra sotamarsalkka, pyyd\u00e4n viel\u00e4 palvelusta.<\/em><\/p>\n<p style=\"text-align: center;\"><em>Nime\u00e4nne kantavan ristin, korkeimman kunniamerkin<br \/>\n<\/em><em>arvo ja merkitys nousisi, jos my\u00f6s idean isi<br \/>\n<\/em><em>suostuisi ristin ottamaan ja rinnassaan kantamaan<br \/>\n<\/em><em>ristin ensimm\u00e4isen, nimit\u00e4in ykk\u00f6sluokkaisen.<\/em><\/p>\n<p style=\"text-align: center;\"><em>En yksin t\u00e4t\u00e4 pyyt\u00e4isi, jos minua ei tukisi,<br \/>\n<\/em><em>ritarit nuo aiemmat, sotilaat maan parhaimmat.<br \/>\n<\/em><em>Jotka ovat pyynn\u00f6ss\u00e4\u00e4n, teit\u00e4 pyyt\u00e4nyt mut pyyt\u00e4m\u00e4\u00e4n<br \/>\n<\/em><em>puolesta puolustusvoimien ja koko kansan pohjoisen.<\/em><\/p>\n<p style=\"text-align: center;\"><em>Kuule herra marsalkka, mulla olis\u00b4 asia.<br \/>\n<\/em><em>T\u00e4st\u00e4 teid\u00e4n ristist\u00e4 ja sen merkityksest\u00e4.<br \/>\n<\/em><em>Arvoa sen korottais, jos sen Marsalkkakin sais.<br \/>\n<\/em><em>Siksi teille esit\u00e4n kunnioittavan pyynn\u00f6n t\u00e4n.<\/em><\/p>\n<p data-reactid=\".l.0\">\u00a9 Joni Pirinen<\/p>\n<\/div><\/section><br \/>\n<div  class='hr av-35kz06-120fbbed8a24768b99f47f4d4956662a hr-default  avia-builder-el-4  el_after_av_textblock  avia-builder-el-last '><span class='hr-inner '><span class=\"hr-inner-style\"><\/span><\/span><\/div><\/p><\/div><div  class='hr av-6zsyz-b471ba5482e75b0a604afa4166a853a5 hr-default  avia-builder-el-5  el_after_av_one_full  el_before_av_blog '><span class='hr-inner '><span class=\"hr-inner-style\"><\/span><\/span><\/div><\/p>\n<div  class='av-alb-blogposts template-blog  '  itemscope=\"itemscope\" itemtype=\"https:\/\/schema.org\/Blog\" ><article class=\"post-entry post-entry-type-standard post-entry-8921 post-loop-1 post-parity-odd bloglist-simple with-slider post-8921 post type-post status-publish format-standard has-post-thumbnail hentry category-artikkeli category-artikkeli-2026\"  itemscope=\"itemscope\" itemtype=\"https:\/\/schema.org\/BlogPosting\" ><div class=\"blog-meta\"><\/div><div class='entry-content-wrapper clearfix standard-content'><header class=\"entry-content-header\"><h2 class='post-title entry-title '  itemprop=\"headline\" ><a href=\"https:\/\/kylkirauta.fi\/index.php\/2026\/04\/20\/kaaderilaulajien-julkaisutoiminta\/\" rel=\"bookmark\" title=\"Permanent Link: Kaaderilaulajien julkaisutoiminta\">Kaaderilaulajien julkaisutoiminta<span class=\"post-format-icon minor-meta\"><\/span><\/a><\/h2><span class=\"post-meta-infos\"><time class=\"date-container minor-meta updated\"  itemprop=\"datePublished\" datetime=\"2026-04-20T15:45:24+03:00\" >20.4.2026<\/time><span class=\"text-sep\">\/<\/span><span class=\"blog-categories minor-meta\">in <a href=\"https:\/\/kylkirauta.fi\/index.php\/category\/artikkeli\/\" rel=\"tag\">Artikkeli<\/a>, <a href=\"https:\/\/kylkirauta.fi\/index.php\/category\/artikkeli-2026\/\" rel=\"tag\">Artikkeli 2026<\/a><\/span><span class=\"text-sep\">\/<\/span><span class=\"blog-author minor-meta\">by <span class=\"entry-author-link\"  itemprop=\"author\" ><span class=\"author\"><span class=\"fn\"><a href=\"https:\/\/kylkirauta.fi\/index.php\/author\/karisain\/\" title=\"Kirjoittanut: Kari Sainio\" rel=\"author\">Kari Sainio<\/a><\/span><\/span><\/span><\/span><div class=\"read-more-link\"><a href=\"https:\/\/kylkirauta.fi\/index.php\/2026\/04\/20\/kaaderilaulajien-julkaisutoiminta\/\" class=\"more-link\">Read more<span class=\"more-link-arrow\"><\/span><\/a><\/div><\/span><\/header><footer class=\"entry-footer\"><\/footer><div class='post_delimiter'><\/div><\/div><div class=\"post_author_timeline\"><\/div><span class='hidden'>\n\t\t\t\t<span class='av-structured-data'  itemprop=\"image\" itemscope=\"itemscope\" itemtype=\"https:\/\/schema.org\/ImageObject\" >\n\t\t\t\t\t\t<span itemprop='url'>https:\/\/kylkirauta.fi\/wp-content\/uploads\/2026\/04\/Artikkeli-4-2026-2.jpg<\/span>\n\t\t\t\t\t\t<span itemprop='height'>487<\/span>\n\t\t\t\t\t\t<span itemprop='width'>843<\/span>\n\t\t\t\t<\/span>\n\t\t\t\t<span class='av-structured-data'  itemprop=\"publisher\" itemtype=\"https:\/\/schema.org\/Organization\" itemscope=\"itemscope\" >\n\t\t\t\t\t\t<span itemprop='name'>Kari Sainio<\/span>\n\t\t\t\t\t\t<span itemprop='logo' itemscope itemtype='https:\/\/schema.org\/ImageObject'>\n\t\t\t\t\t\t\t<span itemprop='url'>https:\/\/kylkirauta.fi\/wp-content\/uploads\/2020\/02\/kkunta_weblogo-100x100-1.png<\/span>\n\t\t\t\t\t\t<\/span>\n\t\t\t\t<\/span><span class='av-structured-data'  itemprop=\"author\" itemscope=\"itemscope\" itemtype=\"https:\/\/schema.org\/Person\" ><span itemprop='name'>Kari Sainio<\/span><\/span><span class='av-structured-data'  itemprop=\"datePublished\" datetime=\"2026-04-20T15:45:24+03:00\" >2026-04-20 15:45:24<\/span><span class='av-structured-data'  itemprop=\"dateModified\" itemtype=\"https:\/\/schema.org\/dateModified\" >2026-04-20 15:45:24<\/span><span class='av-structured-data'  itemprop=\"mainEntityOfPage\" itemtype=\"https:\/\/schema.org\/mainEntityOfPage\" ><span itemprop='name'>Kaaderilaulajien julkaisutoiminta<\/span><\/span><\/span><\/article><article class=\"post-entry post-entry-type-standard post-entry-8884 post-loop-2 post-parity-even bloglist-simple with-slider post-8884 post type-post status-publish format-standard has-post-thumbnail hentry category-artikkeli category-artikkeli-2026\"  itemscope=\"itemscope\" itemtype=\"https:\/\/schema.org\/BlogPosting\" ><div class=\"blog-meta\"><\/div><div class='entry-content-wrapper clearfix standard-content'><header class=\"entry-content-header\"><h2 class='post-title entry-title '  itemprop=\"headline\" ><a href=\"https:\/\/kylkirauta.fi\/index.php\/2026\/03\/27\/kaaderilaulajien-ukraina-tukikonsertit\/\" rel=\"bookmark\" title=\"Permanent Link: Kaaderilaulajien Ukraina-tukikonsertit\">Kaaderilaulajien Ukraina-tukikonsertit<span class=\"post-format-icon minor-meta\"><\/span><\/a><\/h2><span class=\"post-meta-infos\"><time class=\"date-container minor-meta updated\"  itemprop=\"datePublished\" datetime=\"2026-03-27T12:30:38+02:00\" >27.3.2026<\/time><span class=\"text-sep\">\/<\/span><span class=\"blog-categories minor-meta\">in <a href=\"https:\/\/kylkirauta.fi\/index.php\/category\/artikkeli\/\" rel=\"tag\">Artikkeli<\/a>, <a href=\"https:\/\/kylkirauta.fi\/index.php\/category\/artikkeli-2026\/\" rel=\"tag\">Artikkeli 2026<\/a><\/span><span class=\"text-sep\">\/<\/span><span class=\"blog-author minor-meta\">by <span class=\"entry-author-link\"  itemprop=\"author\" ><span class=\"author\"><span class=\"fn\"><a href=\"https:\/\/kylkirauta.fi\/index.php\/author\/karisain\/\" title=\"Kirjoittanut: Kari Sainio\" rel=\"author\">Kari Sainio<\/a><\/span><\/span><\/span><\/span><div class=\"read-more-link\"><a href=\"https:\/\/kylkirauta.fi\/index.php\/2026\/03\/27\/kaaderilaulajien-ukraina-tukikonsertit\/\" class=\"more-link\">Read more<span class=\"more-link-arrow\"><\/span><\/a><\/div><\/span><\/header><footer class=\"entry-footer\"><\/footer><div class='post_delimiter'><\/div><\/div><div class=\"post_author_timeline\"><\/div><span class='hidden'>\n\t\t\t\t<span class='av-structured-data'  itemprop=\"image\" itemscope=\"itemscope\" itemtype=\"https:\/\/schema.org\/ImageObject\" >\n\t\t\t\t\t\t<span itemprop='url'>https:\/\/kylkirauta.fi\/wp-content\/uploads\/2026\/03\/3-2026-artikkeli.jpg<\/span>\n\t\t\t\t\t\t<span itemprop='height'>487<\/span>\n\t\t\t\t\t\t<span itemprop='width'>843<\/span>\n\t\t\t\t<\/span>\n\t\t\t\t<span class='av-structured-data'  itemprop=\"publisher\" itemtype=\"https:\/\/schema.org\/Organization\" itemscope=\"itemscope\" >\n\t\t\t\t\t\t<span itemprop='name'>Kari Sainio<\/span>\n\t\t\t\t\t\t<span itemprop='logo' itemscope itemtype='https:\/\/schema.org\/ImageObject'>\n\t\t\t\t\t\t\t<span itemprop='url'>https:\/\/kylkirauta.fi\/wp-content\/uploads\/2020\/02\/kkunta_weblogo-100x100-1.png<\/span>\n\t\t\t\t\t\t<\/span>\n\t\t\t\t<\/span><span class='av-structured-data'  itemprop=\"author\" itemscope=\"itemscope\" itemtype=\"https:\/\/schema.org\/Person\" ><span itemprop='name'>Kari Sainio<\/span><\/span><span class='av-structured-data'  itemprop=\"datePublished\" datetime=\"2026-03-27T12:30:38+02:00\" >2026-03-27 12:30:38<\/span><span class='av-structured-data'  itemprop=\"dateModified\" itemtype=\"https:\/\/schema.org\/dateModified\" >2026-03-27 12:30:38<\/span><span class='av-structured-data'  itemprop=\"mainEntityOfPage\" itemtype=\"https:\/\/schema.org\/mainEntityOfPage\" ><span itemprop='name'>Kaaderilaulajien Ukraina-tukikonsertit<\/span><\/span><\/span><\/article><article class=\"post-entry post-entry-type-standard post-entry-8786 post-loop-3 post-parity-odd bloglist-simple with-slider post-8786 post type-post status-publish format-standard has-post-thumbnail hentry category-artikkeli category-artikkeli-2026\"  itemscope=\"itemscope\" itemtype=\"https:\/\/schema.org\/BlogPosting\" ><div class=\"blog-meta\"><\/div><div class='entry-content-wrapper clearfix standard-content'><header class=\"entry-content-header\"><h2 class='post-title entry-title '  itemprop=\"headline\" ><a href=\"https:\/\/kylkirauta.fi\/index.php\/2026\/02\/23\/risto-sinkko-eu-kansalaisten-nakemyksia-turvallisuudesta-ja-puolustuksesta\/\" rel=\"bookmark\" title=\"Permanent Link: Risto Sinkko: EU-kansalaisten n\u00e4kemyksi\u00e4 turvallisuudesta ja puolustuksesta\">Risto Sinkko: EU-kansalaisten n\u00e4kemyksi\u00e4 turvallisuudesta ja puolustuksesta<span class=\"post-format-icon minor-meta\"><\/span><\/a><\/h2><span class=\"post-meta-infos\"><time class=\"date-container minor-meta updated\"  itemprop=\"datePublished\" datetime=\"2026-02-23T17:08:33+02:00\" >23.2.2026<\/time><span class=\"text-sep\">\/<\/span><span class=\"blog-categories minor-meta\">in <a href=\"https:\/\/kylkirauta.fi\/index.php\/category\/artikkeli\/\" rel=\"tag\">Artikkeli<\/a>, <a href=\"https:\/\/kylkirauta.fi\/index.php\/category\/artikkeli-2026\/\" rel=\"tag\">Artikkeli 2026<\/a><\/span><span class=\"text-sep\">\/<\/span><span class=\"blog-author minor-meta\">by <span class=\"entry-author-link\"  itemprop=\"author\" ><span class=\"author\"><span class=\"fn\"><a href=\"https:\/\/kylkirauta.fi\/index.php\/author\/karisain\/\" title=\"Kirjoittanut: Kari Sainio\" rel=\"author\">Kari Sainio<\/a><\/span><\/span><\/span><\/span><div class=\"read-more-link\"><a href=\"https:\/\/kylkirauta.fi\/index.php\/2026\/02\/23\/risto-sinkko-eu-kansalaisten-nakemyksia-turvallisuudesta-ja-puolustuksesta\/\" class=\"more-link\">Read more<span class=\"more-link-arrow\"><\/span><\/a><\/div><\/span><\/header><footer class=\"entry-footer\"><\/footer><div class='post_delimiter'><\/div><\/div><div class=\"post_author_timeline\"><\/div><span class='hidden'>\n\t\t\t\t<span class='av-structured-data'  itemprop=\"image\" itemscope=\"itemscope\" itemtype=\"https:\/\/schema.org\/ImageObject\" >\n\t\t\t\t\t\t<span itemprop='url'>https:\/\/kylkirauta.fi\/wp-content\/uploads\/2026\/02\/Artikkeli-MSC-artikkeli.jpg<\/span>\n\t\t\t\t\t\t<span itemprop='height'>487<\/span>\n\t\t\t\t\t\t<span itemprop='width'>843<\/span>\n\t\t\t\t<\/span>\n\t\t\t\t<span class='av-structured-data'  itemprop=\"publisher\" itemtype=\"https:\/\/schema.org\/Organization\" itemscope=\"itemscope\" >\n\t\t\t\t\t\t<span itemprop='name'>Kari Sainio<\/span>\n\t\t\t\t\t\t<span itemprop='logo' itemscope itemtype='https:\/\/schema.org\/ImageObject'>\n\t\t\t\t\t\t\t<span itemprop='url'>https:\/\/kylkirauta.fi\/wp-content\/uploads\/2020\/02\/kkunta_weblogo-100x100-1.png<\/span>\n\t\t\t\t\t\t<\/span>\n\t\t\t\t<\/span><span class='av-structured-data'  itemprop=\"author\" itemscope=\"itemscope\" itemtype=\"https:\/\/schema.org\/Person\" ><span itemprop='name'>Kari Sainio<\/span><\/span><span class='av-structured-data'  itemprop=\"datePublished\" datetime=\"2026-02-23T17:08:33+02:00\" >2026-02-23 17:08:33<\/span><span class='av-structured-data'  itemprop=\"dateModified\" itemtype=\"https:\/\/schema.org\/dateModified\" >2026-02-23 17:29:54<\/span><span class='av-structured-data'  itemprop=\"mainEntityOfPage\" itemtype=\"https:\/\/schema.org\/mainEntityOfPage\" ><span itemprop='name'>Risto Sinkko: EU-kansalaisten n\u00e4kemyksi\u00e4 turvallisuudesta ja puolustuksesta<\/span><\/span><\/span><\/article><article class=\"post-entry post-entry-type-standard post-entry-8765 post-loop-4 post-parity-even bloglist-simple with-slider post-8765 post type-post status-publish format-standard has-post-thumbnail hentry category-artikkeli category-artikkeli-2026\"  itemscope=\"itemscope\" itemtype=\"https:\/\/schema.org\/BlogPosting\" ><div class=\"blog-meta\"><\/div><div class='entry-content-wrapper clearfix standard-content'><header class=\"entry-content-header\"><h2 class='post-title entry-title '  itemprop=\"headline\" ><a href=\"https:\/\/kylkirauta.fi\/index.php\/2026\/02\/15\/kaaderilaulajat-suomen-pojat-suomen-vapauden-ja-viron-kunnian-puolesta\/\" rel=\"bookmark\" title=\"Permanent Link: Kaaderilaulajat: Suomen pojat &#8211; Suomen vapauden ja Viron kunnian puolesta\">Kaaderilaulajat: Suomen pojat &#8211; Suomen vapauden ja Viron kunnian puolesta<span class=\"post-format-icon minor-meta\"><\/span><\/a><\/h2><span class=\"post-meta-infos\"><time class=\"date-container minor-meta updated\"  itemprop=\"datePublished\" datetime=\"2026-02-15T15:44:11+02:00\" >15.2.2026<\/time><span class=\"text-sep\">\/<\/span><span class=\"blog-categories minor-meta\">in <a href=\"https:\/\/kylkirauta.fi\/index.php\/category\/artikkeli\/\" rel=\"tag\">Artikkeli<\/a>, <a href=\"https:\/\/kylkirauta.fi\/index.php\/category\/artikkeli-2026\/\" rel=\"tag\">Artikkeli 2026<\/a><\/span><span class=\"text-sep\">\/<\/span><span class=\"blog-author minor-meta\">by <span class=\"entry-author-link\"  itemprop=\"author\" ><span class=\"author\"><span class=\"fn\"><a href=\"https:\/\/kylkirauta.fi\/index.php\/author\/karisain\/\" title=\"Kirjoittanut: Kari Sainio\" rel=\"author\">Kari Sainio<\/a><\/span><\/span><\/span><\/span><div class=\"read-more-link\"><a href=\"https:\/\/kylkirauta.fi\/index.php\/2026\/02\/15\/kaaderilaulajat-suomen-pojat-suomen-vapauden-ja-viron-kunnian-puolesta\/\" class=\"more-link\">Read more<span class=\"more-link-arrow\"><\/span><\/a><\/div><\/span><\/header><footer class=\"entry-footer\"><\/footer><div class='post_delimiter'><\/div><\/div><div class=\"post_author_timeline\"><\/div><span class='hidden'>\n\t\t\t\t<span class='av-structured-data'  itemprop=\"image\" itemscope=\"itemscope\" itemtype=\"https:\/\/schema.org\/ImageObject\" >\n\t\t\t\t\t\t<span itemprop='url'>https:\/\/kylkirauta.fi\/wp-content\/uploads\/2026\/02\/Kuva-3-1-2026-artikkeli.jpg<\/span>\n\t\t\t\t\t\t<span itemprop='height'>487<\/span>\n\t\t\t\t\t\t<span itemprop='width'>843<\/span>\n\t\t\t\t<\/span>\n\t\t\t\t<span class='av-structured-data'  itemprop=\"publisher\" itemtype=\"https:\/\/schema.org\/Organization\" itemscope=\"itemscope\" >\n\t\t\t\t\t\t<span itemprop='name'>Kari Sainio<\/span>\n\t\t\t\t\t\t<span itemprop='logo' itemscope itemtype='https:\/\/schema.org\/ImageObject'>\n\t\t\t\t\t\t\t<span itemprop='url'>https:\/\/kylkirauta.fi\/wp-content\/uploads\/2020\/02\/kkunta_weblogo-100x100-1.png<\/span>\n\t\t\t\t\t\t<\/span>\n\t\t\t\t<\/span><span class='av-structured-data'  itemprop=\"author\" itemscope=\"itemscope\" itemtype=\"https:\/\/schema.org\/Person\" ><span itemprop='name'>Kari Sainio<\/span><\/span><span class='av-structured-data'  itemprop=\"datePublished\" datetime=\"2026-02-15T15:44:11+02:00\" >2026-02-15 15:44:11<\/span><span class='av-structured-data'  itemprop=\"dateModified\" itemtype=\"https:\/\/schema.org\/dateModified\" >2026-02-15 15:49:07<\/span><span class='av-structured-data'  itemprop=\"mainEntityOfPage\" itemtype=\"https:\/\/schema.org\/mainEntityOfPage\" ><span itemprop='name'>Kaaderilaulajat: Suomen pojat &#8211; Suomen vapauden ja Viron kunnian puolesta<\/span><\/span><\/span><\/article><article class=\"post-entry post-entry-type-standard post-entry-8754 post-loop-5 post-parity-odd post-entry-last bloglist-simple with-slider post-8754 post type-post status-publish format-standard has-post-thumbnail hentry category-artikkeli category-artikkeli-2026\"  itemscope=\"itemscope\" itemtype=\"https:\/\/schema.org\/BlogPosting\" ><div class=\"blog-meta\"><\/div><div class='entry-content-wrapper clearfix standard-content'><header class=\"entry-content-header\"><h2 class='post-title entry-title '  itemprop=\"headline\" ><a href=\"https:\/\/kylkirauta.fi\/index.php\/2026\/01\/21\/kaaderilaulajista-kajahtaa\/\" rel=\"bookmark\" title=\"Permanent Link: Kaaderilaulajista kajahtaa\">Kaaderilaulajista kajahtaa<span class=\"post-format-icon minor-meta\"><\/span><\/a><\/h2><span class=\"post-meta-infos\"><time class=\"date-container minor-meta updated\"  itemprop=\"datePublished\" datetime=\"2026-01-21T18:17:28+02:00\" >21.1.2026<\/time><span class=\"text-sep\">\/<\/span><span class=\"blog-categories minor-meta\">in <a href=\"https:\/\/kylkirauta.fi\/index.php\/category\/artikkeli\/\" rel=\"tag\">Artikkeli<\/a>, <a href=\"https:\/\/kylkirauta.fi\/index.php\/category\/artikkeli-2026\/\" rel=\"tag\">Artikkeli 2026<\/a><\/span><span class=\"text-sep\">\/<\/span><span class=\"blog-author minor-meta\">by <span class=\"entry-author-link\"  itemprop=\"author\" ><span class=\"author\"><span class=\"fn\"><a href=\"https:\/\/kylkirauta.fi\/index.php\/author\/karisain\/\" title=\"Kirjoittanut: Kari Sainio\" rel=\"author\">Kari Sainio<\/a><\/span><\/span><\/span><\/span><div class=\"read-more-link\"><a href=\"https:\/\/kylkirauta.fi\/index.php\/2026\/01\/21\/kaaderilaulajista-kajahtaa\/\" class=\"more-link\">Read more<span class=\"more-link-arrow\"><\/span><\/a><\/div><\/span><\/header><footer class=\"entry-footer\"><\/footer><div class='post_delimiter'><\/div><\/div><div class=\"post_author_timeline\"><\/div><span class='hidden'>\n\t\t\t\t<span class='av-structured-data'  itemprop=\"image\" itemscope=\"itemscope\" itemtype=\"https:\/\/schema.org\/ImageObject\" >\n\t\t\t\t\t\t<span itemprop='url'>https:\/\/kylkirauta.fi\/wp-content\/uploads\/2026\/01\/Artikkeli-1-2026.jpg<\/span>\n\t\t\t\t\t\t<span itemprop='height'>487<\/span>\n\t\t\t\t\t\t<span itemprop='width'>843<\/span>\n\t\t\t\t<\/span>\n\t\t\t\t<span class='av-structured-data'  itemprop=\"publisher\" itemtype=\"https:\/\/schema.org\/Organization\" itemscope=\"itemscope\" >\n\t\t\t\t\t\t<span itemprop='name'>Kari Sainio<\/span>\n\t\t\t\t\t\t<span itemprop='logo' itemscope itemtype='https:\/\/schema.org\/ImageObject'>\n\t\t\t\t\t\t\t<span itemprop='url'>https:\/\/kylkirauta.fi\/wp-content\/uploads\/2020\/02\/kkunta_weblogo-100x100-1.png<\/span>\n\t\t\t\t\t\t<\/span>\n\t\t\t\t<\/span><span class='av-structured-data'  itemprop=\"author\" itemscope=\"itemscope\" itemtype=\"https:\/\/schema.org\/Person\" ><span itemprop='name'>Kari Sainio<\/span><\/span><span class='av-structured-data'  itemprop=\"datePublished\" datetime=\"2026-01-21T18:17:28+02:00\" >2026-01-21 18:17:28<\/span><span class='av-structured-data'  itemprop=\"dateModified\" itemtype=\"https:\/\/schema.org\/dateModified\" >2026-01-21 18:17:28<\/span><span class='av-structured-data'  itemprop=\"mainEntityOfPage\" itemtype=\"https:\/\/schema.org\/mainEntityOfPage\" ><span itemprop='name'>Kaaderilaulajista kajahtaa<\/span><\/span><\/span><\/article><div class='bloglist-simple'><nav class='pagination'><span class='pagination-meta'>Page 1 of 35<\/span><span class='current'>1<\/span><a href='https:\/\/kylkirauta.fi\/index.php\/wp-json\/wp\/v2\/posts\/5373\/page\/2\/' class='inactive next_page' >2<\/a><a href='https:\/\/kylkirauta.fi\/index.php\/wp-json\/wp\/v2\/posts\/5373\/page\/3\/' class='inactive' >3<\/a><a href='https:\/\/kylkirauta.fi\/index.php\/wp-json\/wp\/v2\/posts\/5373\/page\/2\/'>&rsaquo;<\/a><a href='https:\/\/kylkirauta.fi\/index.php\/wp-json\/wp\/v2\/posts\/5373\/page\/35\/'>&raquo;<\/a><\/nav>\n<\/div><\/div>\n","protected":false},"excerpt":{"rendered":"","protected":false},"author":3,"featured_media":5391,"comment_status":"closed","ping_status":"closed","sticky":false,"template":"","format":"standard","meta":{"footnotes":""},"categories":[4,91],"tags":[],"class_list":["post-5373","post","type-post","status-publish","format-standard","has-post-thumbnail","hentry","category-artikkeli","category-artikkeli-2021"],"yoast_head":"<!-- This site is optimized with the Yoast SEO plugin v27.5 - https:\/\/yoast.com\/product\/yoast-seo-wordpress\/ -->\n<title>Marsalkka Mannerheim - ritari numero 18 - Kylkirauta<\/title>\n<meta name=\"robots\" content=\"index, follow, max-snippet:-1, max-image-preview:large, max-video-preview:-1\" \/>\n<link rel=\"canonical\" href=\"https:\/\/kylkirauta.fi\/index.php\/2021\/10\/06\/marsalkka-mannerheim-ritari-numero-18\/\" \/>\n<meta property=\"og:locale\" content=\"fi_FI\" \/>\n<meta property=\"og:type\" content=\"article\" \/>\n<meta property=\"og:title\" content=\"Marsalkka Mannerheim - ritari numero 18 - Kylkirauta\" \/>\n<meta property=\"og:url\" content=\"https:\/\/kylkirauta.fi\/index.php\/2021\/10\/06\/marsalkka-mannerheim-ritari-numero-18\/\" \/>\n<meta property=\"og:site_name\" content=\"Kylkirauta\" \/>\n<meta property=\"article:published_time\" content=\"2021-10-06T14:25:48+00:00\" \/>\n<meta property=\"article:modified_time\" content=\"2022-01-07T09:46:58+00:00\" \/>\n<meta property=\"og:image\" content=\"https:\/\/kylkirauta.fi\/wp-content\/uploads\/2021\/10\/Mannerheim-artikkeli-KYRA.png\" \/>\n\t<meta property=\"og:image:width\" content=\"843\" \/>\n\t<meta property=\"og:image:height\" content=\"487\" \/>\n\t<meta property=\"og:image:type\" content=\"image\/png\" \/>\n<meta name=\"author\" content=\"Kari Sainio\" \/>\n<meta name=\"twitter:card\" content=\"summary_large_image\" \/>\n<meta name=\"twitter:label1\" content=\"Kirjoittanut\" \/>\n\t<meta name=\"twitter:data1\" content=\"Kari Sainio\" \/>\n\t<meta name=\"twitter:label2\" content=\"Arvioitu lukuaika\" \/>\n\t<meta name=\"twitter:data2\" content=\"6 minuuttia\" \/>\n<script type=\"application\/ld+json\" class=\"yoast-schema-graph\">{\"@context\":\"https:\\\/\\\/schema.org\",\"@graph\":[{\"@type\":\"Article\",\"@id\":\"https:\\\/\\\/kylkirauta.fi\\\/index.php\\\/2021\\\/10\\\/06\\\/marsalkka-mannerheim-ritari-numero-18\\\/#article\",\"isPartOf\":{\"@id\":\"https:\\\/\\\/kylkirauta.fi\\\/index.php\\\/2021\\\/10\\\/06\\\/marsalkka-mannerheim-ritari-numero-18\\\/\"},\"author\":{\"name\":\"Kari Sainio\",\"@id\":\"https:\\\/\\\/kylkirauta.fi\\\/#\\\/schema\\\/person\\\/714ab39a349c656b20d60a239be1d6f6\"},\"headline\":\"Marsalkka Mannerheim &#8211; ritari numero 18\",\"datePublished\":\"2021-10-06T14:25:48+00:00\",\"dateModified\":\"2022-01-07T09:46:58+00:00\",\"mainEntityOfPage\":{\"@id\":\"https:\\\/\\\/kylkirauta.fi\\\/index.php\\\/2021\\\/10\\\/06\\\/marsalkka-mannerheim-ritari-numero-18\\\/\"},\"wordCount\":1160,\"image\":{\"@id\":\"https:\\\/\\\/kylkirauta.fi\\\/index.php\\\/2021\\\/10\\\/06\\\/marsalkka-mannerheim-ritari-numero-18\\\/#primaryimage\"},\"thumbnailUrl\":\"https:\\\/\\\/kylkirauta.fi\\\/wp-content\\\/uploads\\\/2021\\\/10\\\/Mannerheim-artikkeli-KYRA.png\",\"articleSection\":[\"Artikkeli\",\"Artikkeli 2021\"],\"inLanguage\":\"fi\"},{\"@type\":\"WebPage\",\"@id\":\"https:\\\/\\\/kylkirauta.fi\\\/index.php\\\/2021\\\/10\\\/06\\\/marsalkka-mannerheim-ritari-numero-18\\\/\",\"url\":\"https:\\\/\\\/kylkirauta.fi\\\/index.php\\\/2021\\\/10\\\/06\\\/marsalkka-mannerheim-ritari-numero-18\\\/\",\"name\":\"Marsalkka Mannerheim - ritari numero 18 - Kylkirauta\",\"isPartOf\":{\"@id\":\"https:\\\/\\\/kylkirauta.fi\\\/#website\"},\"primaryImageOfPage\":{\"@id\":\"https:\\\/\\\/kylkirauta.fi\\\/index.php\\\/2021\\\/10\\\/06\\\/marsalkka-mannerheim-ritari-numero-18\\\/#primaryimage\"},\"image\":{\"@id\":\"https:\\\/\\\/kylkirauta.fi\\\/index.php\\\/2021\\\/10\\\/06\\\/marsalkka-mannerheim-ritari-numero-18\\\/#primaryimage\"},\"thumbnailUrl\":\"https:\\\/\\\/kylkirauta.fi\\\/wp-content\\\/uploads\\\/2021\\\/10\\\/Mannerheim-artikkeli-KYRA.png\",\"datePublished\":\"2021-10-06T14:25:48+00:00\",\"dateModified\":\"2022-01-07T09:46:58+00:00\",\"author\":{\"@id\":\"https:\\\/\\\/kylkirauta.fi\\\/#\\\/schema\\\/person\\\/714ab39a349c656b20d60a239be1d6f6\"},\"breadcrumb\":{\"@id\":\"https:\\\/\\\/kylkirauta.fi\\\/index.php\\\/2021\\\/10\\\/06\\\/marsalkka-mannerheim-ritari-numero-18\\\/#breadcrumb\"},\"inLanguage\":\"fi\",\"potentialAction\":[{\"@type\":\"ReadAction\",\"target\":[\"https:\\\/\\\/kylkirauta.fi\\\/index.php\\\/2021\\\/10\\\/06\\\/marsalkka-mannerheim-ritari-numero-18\\\/\"]}]},{\"@type\":\"ImageObject\",\"inLanguage\":\"fi\",\"@id\":\"https:\\\/\\\/kylkirauta.fi\\\/index.php\\\/2021\\\/10\\\/06\\\/marsalkka-mannerheim-ritari-numero-18\\\/#primaryimage\",\"url\":\"https:\\\/\\\/kylkirauta.fi\\\/wp-content\\\/uploads\\\/2021\\\/10\\\/Mannerheim-artikkeli-KYRA.png\",\"contentUrl\":\"https:\\\/\\\/kylkirauta.fi\\\/wp-content\\\/uploads\\\/2021\\\/10\\\/Mannerheim-artikkeli-KYRA.png\",\"width\":843,\"height\":487},{\"@type\":\"BreadcrumbList\",\"@id\":\"https:\\\/\\\/kylkirauta.fi\\\/index.php\\\/2021\\\/10\\\/06\\\/marsalkka-mannerheim-ritari-numero-18\\\/#breadcrumb\",\"itemListElement\":[{\"@type\":\"ListItem\",\"position\":1,\"name\":\"Home\",\"item\":\"https:\\\/\\\/kylkirauta.fi\\\/index.php\\\/home\\\/\"},{\"@type\":\"ListItem\",\"position\":2,\"name\":\"Marsalkka Mannerheim &#8211; ritari numero 18\"}]},{\"@type\":\"WebSite\",\"@id\":\"https:\\\/\\\/kylkirauta.fi\\\/#website\",\"url\":\"https:\\\/\\\/kylkirauta.fi\\\/\",\"name\":\"Kylkirauta\",\"description\":\"Kadettiupseerit yhteiskunnan palveluksessa\",\"potentialAction\":[{\"@type\":\"SearchAction\",\"target\":{\"@type\":\"EntryPoint\",\"urlTemplate\":\"https:\\\/\\\/kylkirauta.fi\\\/?s={search_term_string}\"},\"query-input\":{\"@type\":\"PropertyValueSpecification\",\"valueRequired\":true,\"valueName\":\"search_term_string\"}}],\"inLanguage\":\"fi\"},{\"@type\":\"Person\",\"@id\":\"https:\\\/\\\/kylkirauta.fi\\\/#\\\/schema\\\/person\\\/714ab39a349c656b20d60a239be1d6f6\",\"name\":\"Kari Sainio\",\"sameAs\":[\"http:\\\/\\\/www.kylkirauta.fi\"],\"url\":\"https:\\\/\\\/kylkirauta.fi\\\/index.php\\\/author\\\/karisain\\\/\"}]}<\/script>\n<!-- \/ Yoast SEO plugin. -->","yoast_head_json":{"title":"Marsalkka Mannerheim - ritari numero 18 - Kylkirauta","robots":{"index":"index","follow":"follow","max-snippet":"max-snippet:-1","max-image-preview":"max-image-preview:large","max-video-preview":"max-video-preview:-1"},"canonical":"https:\/\/kylkirauta.fi\/index.php\/2021\/10\/06\/marsalkka-mannerheim-ritari-numero-18\/","og_locale":"fi_FI","og_type":"article","og_title":"Marsalkka Mannerheim - ritari numero 18 - Kylkirauta","og_url":"https:\/\/kylkirauta.fi\/index.php\/2021\/10\/06\/marsalkka-mannerheim-ritari-numero-18\/","og_site_name":"Kylkirauta","article_published_time":"2021-10-06T14:25:48+00:00","article_modified_time":"2022-01-07T09:46:58+00:00","og_image":[{"width":843,"height":487,"url":"https:\/\/kylkirauta.fi\/wp-content\/uploads\/2021\/10\/Mannerheim-artikkeli-KYRA.png","type":"image\/png"}],"author":"Kari Sainio","twitter_card":"summary_large_image","twitter_misc":{"Kirjoittanut":"Kari Sainio","Arvioitu lukuaika":"6 minuuttia"},"schema":{"@context":"https:\/\/schema.org","@graph":[{"@type":"Article","@id":"https:\/\/kylkirauta.fi\/index.php\/2021\/10\/06\/marsalkka-mannerheim-ritari-numero-18\/#article","isPartOf":{"@id":"https:\/\/kylkirauta.fi\/index.php\/2021\/10\/06\/marsalkka-mannerheim-ritari-numero-18\/"},"author":{"name":"Kari Sainio","@id":"https:\/\/kylkirauta.fi\/#\/schema\/person\/714ab39a349c656b20d60a239be1d6f6"},"headline":"Marsalkka Mannerheim &#8211; ritari numero 18","datePublished":"2021-10-06T14:25:48+00:00","dateModified":"2022-01-07T09:46:58+00:00","mainEntityOfPage":{"@id":"https:\/\/kylkirauta.fi\/index.php\/2021\/10\/06\/marsalkka-mannerheim-ritari-numero-18\/"},"wordCount":1160,"image":{"@id":"https:\/\/kylkirauta.fi\/index.php\/2021\/10\/06\/marsalkka-mannerheim-ritari-numero-18\/#primaryimage"},"thumbnailUrl":"https:\/\/kylkirauta.fi\/wp-content\/uploads\/2021\/10\/Mannerheim-artikkeli-KYRA.png","articleSection":["Artikkeli","Artikkeli 2021"],"inLanguage":"fi"},{"@type":"WebPage","@id":"https:\/\/kylkirauta.fi\/index.php\/2021\/10\/06\/marsalkka-mannerheim-ritari-numero-18\/","url":"https:\/\/kylkirauta.fi\/index.php\/2021\/10\/06\/marsalkka-mannerheim-ritari-numero-18\/","name":"Marsalkka Mannerheim - ritari numero 18 - Kylkirauta","isPartOf":{"@id":"https:\/\/kylkirauta.fi\/#website"},"primaryImageOfPage":{"@id":"https:\/\/kylkirauta.fi\/index.php\/2021\/10\/06\/marsalkka-mannerheim-ritari-numero-18\/#primaryimage"},"image":{"@id":"https:\/\/kylkirauta.fi\/index.php\/2021\/10\/06\/marsalkka-mannerheim-ritari-numero-18\/#primaryimage"},"thumbnailUrl":"https:\/\/kylkirauta.fi\/wp-content\/uploads\/2021\/10\/Mannerheim-artikkeli-KYRA.png","datePublished":"2021-10-06T14:25:48+00:00","dateModified":"2022-01-07T09:46:58+00:00","author":{"@id":"https:\/\/kylkirauta.fi\/#\/schema\/person\/714ab39a349c656b20d60a239be1d6f6"},"breadcrumb":{"@id":"https:\/\/kylkirauta.fi\/index.php\/2021\/10\/06\/marsalkka-mannerheim-ritari-numero-18\/#breadcrumb"},"inLanguage":"fi","potentialAction":[{"@type":"ReadAction","target":["https:\/\/kylkirauta.fi\/index.php\/2021\/10\/06\/marsalkka-mannerheim-ritari-numero-18\/"]}]},{"@type":"ImageObject","inLanguage":"fi","@id":"https:\/\/kylkirauta.fi\/index.php\/2021\/10\/06\/marsalkka-mannerheim-ritari-numero-18\/#primaryimage","url":"https:\/\/kylkirauta.fi\/wp-content\/uploads\/2021\/10\/Mannerheim-artikkeli-KYRA.png","contentUrl":"https:\/\/kylkirauta.fi\/wp-content\/uploads\/2021\/10\/Mannerheim-artikkeli-KYRA.png","width":843,"height":487},{"@type":"BreadcrumbList","@id":"https:\/\/kylkirauta.fi\/index.php\/2021\/10\/06\/marsalkka-mannerheim-ritari-numero-18\/#breadcrumb","itemListElement":[{"@type":"ListItem","position":1,"name":"Home","item":"https:\/\/kylkirauta.fi\/index.php\/home\/"},{"@type":"ListItem","position":2,"name":"Marsalkka Mannerheim &#8211; ritari numero 18"}]},{"@type":"WebSite","@id":"https:\/\/kylkirauta.fi\/#website","url":"https:\/\/kylkirauta.fi\/","name":"Kylkirauta","description":"Kadettiupseerit yhteiskunnan palveluksessa","potentialAction":[{"@type":"SearchAction","target":{"@type":"EntryPoint","urlTemplate":"https:\/\/kylkirauta.fi\/?s={search_term_string}"},"query-input":{"@type":"PropertyValueSpecification","valueRequired":true,"valueName":"search_term_string"}}],"inLanguage":"fi"},{"@type":"Person","@id":"https:\/\/kylkirauta.fi\/#\/schema\/person\/714ab39a349c656b20d60a239be1d6f6","name":"Kari Sainio","sameAs":["http:\/\/www.kylkirauta.fi"],"url":"https:\/\/kylkirauta.fi\/index.php\/author\/karisain\/"}]}},"_links":{"self":[{"href":"https:\/\/kylkirauta.fi\/index.php\/wp-json\/wp\/v2\/posts\/5373","targetHints":{"allow":["GET"]}}],"collection":[{"href":"https:\/\/kylkirauta.fi\/index.php\/wp-json\/wp\/v2\/posts"}],"about":[{"href":"https:\/\/kylkirauta.fi\/index.php\/wp-json\/wp\/v2\/types\/post"}],"author":[{"embeddable":true,"href":"https:\/\/kylkirauta.fi\/index.php\/wp-json\/wp\/v2\/users\/3"}],"replies":[{"embeddable":true,"href":"https:\/\/kylkirauta.fi\/index.php\/wp-json\/wp\/v2\/comments?post=5373"}],"version-history":[{"count":15,"href":"https:\/\/kylkirauta.fi\/index.php\/wp-json\/wp\/v2\/posts\/5373\/revisions"}],"predecessor-version":[{"id":5721,"href":"https:\/\/kylkirauta.fi\/index.php\/wp-json\/wp\/v2\/posts\/5373\/revisions\/5721"}],"wp:featuredmedia":[{"embeddable":true,"href":"https:\/\/kylkirauta.fi\/index.php\/wp-json\/wp\/v2\/media\/5391"}],"wp:attachment":[{"href":"https:\/\/kylkirauta.fi\/index.php\/wp-json\/wp\/v2\/media?parent=5373"}],"wp:term":[{"taxonomy":"category","embeddable":true,"href":"https:\/\/kylkirauta.fi\/index.php\/wp-json\/wp\/v2\/categories?post=5373"},{"taxonomy":"post_tag","embeddable":true,"href":"https:\/\/kylkirauta.fi\/index.php\/wp-json\/wp\/v2\/tags?post=5373"}],"curies":[{"name":"wp","href":"https:\/\/api.w.org\/{rel}","templated":true}]}}