{"id":5038,"date":"2021-04-07T06:15:25","date_gmt":"2021-04-07T06:15:25","guid":{"rendered":"https:\/\/kylkirauta.fi\/?p=5038"},"modified":"2021-04-07T06:19:06","modified_gmt":"2021-04-07T06:19:06","slug":"mentorin-merkintoja-30-nakymaton-vihollinen-kitkassa-sumussa-ja-usvassa","status":"publish","type":"post","link":"https:\/\/kylkirauta.fi\/index.php\/2021\/04\/07\/mentorin-merkintoja-30-nakymaton-vihollinen-kitkassa-sumussa-ja-usvassa\/","title":{"rendered":"Mentorin merkint\u00f6j\u00e4 30 &#8211; N\u00e4kym\u00e4t\u00f6n vihollinen kitkassa, sumussa ja usvassa"},"content":{"rendered":"\n<style type=\"text\/css\" data-created_by=\"avia_inline_auto\" id=\"style-css-av-km4zs-0614ada41eb3461e6efbb361dfbae970\">\n.flex_column.av-km4zs-0614ada41eb3461e6efbb361dfbae970{\nborder-radius:0px 0px 0px 0px;\npadding:0px 0px 0px 0px;\n}\n<\/style>\n<div  class='flex_column av-km4zs-0614ada41eb3461e6efbb361dfbae970 av_one_full  avia-builder-el-0  el_before_av_hr  avia-builder-el-first  first flex_column_div av-zero-column-padding  '     ><p>\n<style type=\"text\/css\" data-created_by=\"avia_inline_auto\" id=\"style-css-av-av_heading-67c9d4cc92b32c66a50e6a4b89dc4c52\">\n#top .av-special-heading.av-av_heading-67c9d4cc92b32c66a50e6a4b89dc4c52{\npadding-bottom:10px;\n}\nbody .av-special-heading.av-av_heading-67c9d4cc92b32c66a50e6a4b89dc4c52 .av-special-heading-tag .heading-char{\nfont-size:25px;\n}\n.av-special-heading.av-av_heading-67c9d4cc92b32c66a50e6a4b89dc4c52 .av-subheading{\nfont-size:15px;\n}\n<\/style>\n<div  class='av-special-heading av-av_heading-67c9d4cc92b32c66a50e6a4b89dc4c52 av-special-heading-h3  avia-builder-el-1  el_before_av_hr  avia-builder-el-first '><h3 class='av-special-heading-tag'  itemprop=\"headline\"  >Mentorin merkint\u00f6j\u00e4 30 &#8211; N\u00e4kym\u00e4t\u00f6n vihollinen kitkassa, sumussa ja usvassa<\/h3><div class=\"special-heading-border\"><div class=\"special-heading-inner-border\"><\/div><\/div><\/div><br \/>\n\n<style type=\"text\/css\" data-created_by=\"avia_inline_auto\" id=\"style-css-av-k5m7b9te-01401dd5e8beb25770de1be03f41ecf3\">\n#top .hr.hr-invisible.av-k5m7b9te-01401dd5e8beb25770de1be03f41ecf3{\nheight:30px;\n}\n<\/style>\n<div  class='hr av-k5m7b9te-01401dd5e8beb25770de1be03f41ecf3 hr-invisible  avia-builder-el-2  el_after_av_heading  el_before_av_textblock '><span class='hr-inner '><span class=\"hr-inner-style\"><\/span><\/span><\/div><br \/>\n<section  class='av_textblock_section av-k8d08-dea0f25c8df625cf22cbdeac32688808 '   itemscope=\"itemscope\" itemtype=\"https:\/\/schema.org\/BlogPosting\" itemprop=\"blogPost\" ><div class='avia_textblock'  itemprop=\"text\" ><div id=\"attachment_660\" style=\"width: 135px\" class=\"wp-caption alignleft\"><img loading=\"lazy\" decoding=\"async\" aria-describedby=\"caption-attachment-660\" class=\"wp-image-660\" src=\"https:\/\/kylkirauta.fi\/wp-content\/uploads\/2020\/01\/Kurvinen-Pekka.jpg\" alt=\"\" width=\"125\" height=\"177\" srcset=\"https:\/\/kylkirauta.fi\/wp-content\/uploads\/2020\/01\/Kurvinen-Pekka.jpg 410w, https:\/\/kylkirauta.fi\/wp-content\/uploads\/2020\/01\/Kurvinen-Pekka-212x300.jpg 212w\" sizes=\"auto, (max-width: 125px) 100vw, 125px\" \/><p id=\"caption-attachment-660\" class=\"wp-caption-text\">Pekka Kurvinen<\/p><\/div>\n<p><strong>\u201dSodassa elet\u00e4\u00e4n ep\u00e4varmuudessa; kolme nelj\u00e4st\u00e4 niist\u00e4 asioista, joiden perusteella sodassa toimitaan, on ep\u00e4varman tiet\u00e4myksen, milloin sakeamman, milloin ohuemman usvan peitossa.&#8221; Sotateoreetikko Carl von Clausewitzin (1998) sanat tiivist\u00e4v\u00e4t vuoden kest\u00e4neen koronapandemian olemuksen ja vaikutukset. N\u00e4kym\u00e4tt\u00f6m\u00e4n vihollisen aaltoileva, muuntautuva ja jatkuvia yll\u00e4tyksi\u00e4 tuottava piina on aiheuttanut kitkaa ja kurittanut maapalloamme tavalla, johon emme olleet osanneet varautua.<\/strong><\/p>\n<p>Donald Reed (2006) m\u00e4\u00e4rittelee sotilaallisen kitkan siten, ett\u00e4 sodassa kaikki on yksinkertaista, mutta yksinkertainen osoittautuu vaikeaksi. Sumussa puolestaan komentajan saaman tieto on Reedist\u00e4 ep\u00e4varmuutta, joka sumentaa tai peitt\u00e4\u00e4 toiminnasta monet yleens\u00e4 n\u00e4kyv\u00e4t tekij\u00e4t.<\/p>\n<p>Kitka, sumu ja usva aiheuttavat ep\u00e4tietoisuuden, jonka Leon Festinger kognitiivisen dissonanssin teoriassaan (1957) tiivist\u00e4\u00e4 kognitioihin, jotka ovat ristiriidassa kesken\u00e4\u00e4n \u2013 taikka jokin kognitio on ristiriidassa yksil\u00f6n siihen liittyv\u00e4n k\u00e4ytt\u00e4ytymisen kanssa. Ihminen tekee t\u00e4ll\u00f6in kaikkensa v\u00e4ltt\u00e4\u00e4kseen ep\u00e4miellytt\u00e4v\u00e4\u00e4 dissonanssia ja pyrkii ratkaisemaan ristiriitatilanteen saattaakseen asenteensa takaisin tasapainoon tiedon ja toiminnan v\u00e4lill\u00e4.<\/p>\n<div id=\"attachment_5045\" style=\"width: 1040px\" class=\"wp-caption aligncenter\"><img loading=\"lazy\" decoding=\"async\" aria-describedby=\"caption-attachment-5045\" class=\"wp-image-5045 size-large\" src=\"https:\/\/kylkirauta.fi\/wp-content\/uploads\/2021\/04\/Korona-2-1030x504.jpg\" alt=\"\" width=\"1030\" height=\"504\" srcset=\"https:\/\/kylkirauta.fi\/wp-content\/uploads\/2021\/04\/Korona-2-1030x504.jpg 1030w, https:\/\/kylkirauta.fi\/wp-content\/uploads\/2021\/04\/Korona-2-300x147.jpg 300w, https:\/\/kylkirauta.fi\/wp-content\/uploads\/2021\/04\/Korona-2-768x376.jpg 768w, https:\/\/kylkirauta.fi\/wp-content\/uploads\/2021\/04\/Korona-2-1500x734.jpg 1500w, https:\/\/kylkirauta.fi\/wp-content\/uploads\/2021\/04\/Korona-2-705x345.jpg 705w, https:\/\/kylkirauta.fi\/wp-content\/uploads\/2021\/04\/Korona-2.jpg 1525w\" sizes=\"auto, (max-width: 1030px) 100vw, 1030px\" \/><p id=\"caption-attachment-5045\" class=\"wp-caption-text\">Kuva Tumisu Pixabay<\/p><\/div>\n<p>Festingerin teoriaa on sovellettu hedelm\u00e4llisesti mm. markkinoinnin, politiikan, viestinn\u00e4n, uskonnon, ja riippuvuuksien aiheuttamiin hankaluuksiin. Koronapandemian monitahoiset ongelmat poliittisista, sosiaalisista, taloudellisista, teknisist\u00e4, uskonnollisiin juridisiin ja ymp\u00e4rist\u00f6kysymyksiin osoittavat Festingerin teorian k\u00e4ytt\u00f6kelpoisuuden ihmisten suhtautumista globaalin vihollisen aiheuttamaa h\u00e4mmennyst\u00e4 tutkittaessa: polttopisteess\u00e4 ovat esimerkiksi my\u00f6ntyminen palkkion tai rangaistuksen saamiseksi, asenteiden vastaisen k\u00e4ytt\u00e4ytymisen sis\u00e4isen ja ulkoisen motivaation taistelu, p\u00e4\u00e4t\u00f6ksenteko valintaperusteineen, uuden informaation mukanaan tuomat vaihtoehdot sek\u00e4 uskomusten kitkeminen.<\/p>\n<p>Ihmisten v\u00e4list\u00e4 kahnausta aiheuttavat Frenchin ja Ravenin (1959) esitt\u00e4m\u00e4t vallan l\u00e4hteet asema, pakottaminen, palkitseminen, osaamiseen ja persoonaan liittyv\u00e4t tekij\u00e4t sek\u00e4 ik\u00e4. Ongelmia saattaa synty\u00e4 my\u00f6s tilanteessa, jossa henkil\u00f6kohtainen ja ammatillinen min\u00e4 ovat ep\u00e4tasapainossa. J\u00e4lkimm\u00e4inen n\u00e4ytt\u00e4ytyy erityisesti tilanteessa, jossa esimies on nostettu asemaansa vertaisjoukon j\u00e4senen teht\u00e4vist\u00e4.<\/p>\n<p>Johtajan pelkoja lietsovat vastuuseen joutuminen asiasta, joka ei ole omissa k\u00e4siss\u00e4, p\u00e4\u00e4t\u00f6sten t\u00e4rkeys ja oikeellisuus, ep\u00e4varmuuden ja osaamattomuuden aiheuttama vastenmielisyys \u2013 my\u00f6s vallan jakamiseen \u2013 ep\u00e4luottamus, korvaamattomuuden tarve, virheiden tekeminen sek\u00e4 kiitoksen valuminen johtajaa taitavimmille asiantuntijoille.<\/p>\n<p><em><strong>Tieto- ymm\u00e4rrys- ja vaikutusvaje<\/strong><\/em><\/p>\n<p>Martin Samuels (2014) kartoittaa von Clausewitzin klassista tieto-, ymm\u00e4rrys- ja vaikutusvajeeseen perustuvaa sotilaallisen kitkan k\u00e4sitett\u00e4 johtamistoiminnassa. Tietovajeessa johtaja ei saa kaikkea p\u00e4\u00e4t\u00f6ksenteossaan haluamaansa tietoa. Ymm\u00e4rrysvajeessa alijohtaja rikkoo saamaansa k\u00e4sky\u00e4 joko tieten tahtoen tai tiedostamattaan. Vaikutusvajeessa haluttu lopputulos j\u00e4\u00e4 saavuttamatta.<\/p>\n<p>Kitkan v\u00e4ltt\u00e4miseksi Samuels korostaa, ett\u00e4 sotilasjohtajan on kyett\u00e4v\u00e4 mukauttamaan johtamistoimintansa tilanteeseen. Tietovajeessa t\u00e4m\u00e4 tarkoittaa sit\u00e4, ett\u00e4 jokin johtamisen osapuoli tiet\u00e4\u00e4 vallitsevasta tilanteesta enemm\u00e4n kuin toinen. Johtajan tiet\u00e4ess\u00e4 ymp\u00e4r\u00f6iv\u00e4st\u00e4 tilanteesta johdettaviaan v\u00e4hemm\u00e4n h\u00e4n voi joko vaatia heit\u00e4 tuottamaan johtajalle lis\u00e4tietoa tai luottaa johdettavansa harkintakykyyn.<\/p>\n<p>Ymm\u00e4rrysvajeella johdettava noudattaa Samuelsin mukaan esimiehen k\u00e4skyj\u00e4 joko tarkasti tai v\u00e4linpit\u00e4m\u00e4tt\u00f6m\u00e4sti, aloitteellisesti tai kirjaimellisesti. Jos johdettava ei noudata johtajan k\u00e4sky\u00e4, esimies voi antaa suunnan ja j\u00e4tt\u00e4\u00e4 p\u00e4\u00e4t\u00f6ksenteon johdettavalle. Toisena vaihtoehtona ovat yksityiskohtaiset k\u00e4skyt ja niiden noudattamisen valvonta. Vaikutusvajeessa johtaja voi puuttua tilanteeseen tai antaa johdettaviensa reagoida ymp\u00e4rist\u00f6n muutokseen.<\/p>\n<p>Samuels jalostaa ja mallintaa kolmesta kitkaluokasta kahdeksan muunnosta johtamisen ratkaisuiksi: innostunut amat\u00f6\u00f6ri, teht\u00e4v\u00e4johtaminen, rajoittava ohjaaminen, ulkoistettu kontrolli, ohjaava johtaminen, erotuomarointi, logistinen kontrolli ja laiminly\u00f6ty johtaminen.<\/p>\n<p>Innostunut amat\u00f6\u00f6ri puuttuu toimintaan, vaikka h\u00e4nell\u00e4 on luotettavia johdettaviaan huonompi tilannekuva. T\u00e4m\u00e4 est\u00e4\u00e4 p\u00e4tevi\u00e4 ja tilannetietoisia johdettavia toimimasta optimaalisesti ja deaalisti. Teht\u00e4v\u00e4johtamisessa sen sijaan johtaja luottaa johdettaviinsa eik\u00e4 puutu johdettaviensa ratkaisuihin. Edellytyksen\u00e4 on johdettavan kyky aloitteelliseen vastuunottoon ja joukon jatkuva harjoittaminen.<\/p>\n<p>Rajoittavasti ohjaava johtaja on ylimielinen ja j\u00e4tt\u00e4\u00e4 johdettaviensa kyvyt hy\u00f6dynt\u00e4m\u00e4tt\u00e4. Ulkoistetussa kontrollissa johtaja tiet\u00e4\u00e4 johdettaviaan v\u00e4hemm\u00e4n, mutta antaa yksityiskohtaiset k\u00e4skyt puuttumatta varsinaiseen teht\u00e4v\u00e4n suorittamiseen.<\/p>\n<p>Ohjaavassa johtamisessa esimies voi luottaa johdettaviinsa, mutta pit\u00e4\u00e4 johdon omissa k\u00e4siss\u00e4\u00e4n mielest\u00e4\u00e4n kriittisiss\u00e4 vaiheissa. Erotuomaroinnissa johtajalla ei mielest\u00e4\u00e4n ole johdettaviaan parempia tietoja tai h\u00e4n ei halua niit\u00e4 k\u00e4ytt\u00e4\u00e4. Erotuomarointi saattaa kummuta liian l\u00e4heisist\u00e4 v\u00e4leist\u00e4 johtajan ja johdettavan v\u00e4lill\u00e4, jolloin johtajan uskallus johdettavan tekemiin virheisiin puuttuu.<\/p>\n<p>Logistinen kontrolli liittyy keskitettyyn johtamisj\u00e4rjestelm\u00e4\u00e4n. Siin\u00e4 johtaja saavuttaa tekniikan avulla esimies kykenee saavuttamaan johdettavia paremman tilannekuvan ja voi valvoa johdettaviaan alinomaa. Laiminly\u00f6dyss\u00e4 johtamisessa esimies tiet\u00e4\u00e4 enemm\u00e4n kuin johdettavat. H\u00e4n antaa tarkat k\u00e4skyt puuttumatta ep\u00e4suotuisasti etenev\u00e4\u00e4n tilanteeseen. Syyn\u00e4 on, ett\u00e4 johtaja on sokea omille virheilleen eik\u00e4 kykene kantamaan vastuutaan.<\/p>\n<p>Samuels jakaa sodankuvan kaoottiseen ja lineaariseen j\u00e4rjestelm\u00e4\u00e4n. Edellisess\u00e4 lopputuloksen ennustaminen on mahdotonta liiallisten muuttujien ansiosta. J\u00e4lkimm\u00e4isess\u00e4 lopputuloksen ennustaminen on jokseenkin varmaa sen perustuessa syys-seuraussuhteisiin lainalaisuuksiin.<\/p>\n<p>Kaoottisessa j\u00e4rjestelm\u00e4ss\u00e4 vaikutusvaje kasvaa ja aloitteellisuus korostuu: taistelu on voitettavissa, jos kaaoksensuomat mahdollisuudet kyet\u00e4\u00e4n hy\u00f6dynt\u00e4m\u00e4\u00e4n \u2013 ja johtaja luottaa johdettaviensa asiantuntemukseen. Lineaarisessa j\u00e4rjestelm\u00e4ss\u00e4 esimiehen tilannekuva ja ennustettavuus ovat kaoottista paremmat. T\u00e4ll\u00f6in rajoittava ohjaaminen ja logistinen kontrolli k\u00e4yv\u00e4t johtamisen ty\u00f6kaluina. Samuelsin mukaan kaiken suuntaiseen luottamukseen sek\u00e4 motivoituneisiin taistelijoihin perustuvat teht\u00e4v\u00e4johtaminen ja ohjaava johtaminen ovat sokkivaikutuksensa ansiosta tuloksekkaimmat johtamistavat.<\/p>\n<p><em><strong>Eturistiriitojen puristuksessa<\/strong><\/em><\/p>\n<p>Pandemian hallitsemisessa taistelevat my\u00f6t\u00e4\u00e4ns\u00e4 useat eri intressitekij\u00e4t. Johdon tasapainottelun valinkauhassa ovat sosiaalisterveydellisten tekij\u00f6iden ohella poliittiset, sosiaaliset, epidemiologiset, tekniset, taloudelliset, juridiset, logistiset, ymp\u00e4rist\u00f6- jopa uskonnolliset tekij\u00e4t.<\/p>\n<p>J\u00e4rki ja tunne eiv\u00e4t kohtaa vastakkaisasettelussa, jonka osapuolina ovat globaalit, ylikansalliset, rajanyliset, kansalliset, alueelliset, paikalliset sek\u00e4 yksil\u00f6lliset halut ja tarpeet. Ep\u00e4mukavuusalueella tuntemattoman edess\u00e4 rehottavat tiedot ja ymm\u00e4rryksen vaillinaisuus, tilanteen ennakoimattomuus ja muutos, ennakkoluulot sek\u00e4 pelot. Klikit, kyr\u00e4ily, sis\u00e4siittoisuus ja jonkin viiteryhm\u00e4t suosiminen aiheuttavat vastahankaista ep\u00e4tietoisuutta. Niit\u00e4 lietsoo avoimen, l\u00e4pin\u00e4kyv\u00e4n ja luottamusta her\u00e4tt\u00e4v\u00e4n viestinn\u00e4n ongelmallisuus tilanteessa, jossa vastuunjako on ep\u00e4selv\u00e4 ja eri toimijoiden keskin\u00e4iset tavoitteet eiv\u00e4t kulje saumattomasti rinnan.<\/p>\n<p>Arvot, eettiset ja ammatilliset perusteet sek\u00e4 odotukset ovat jatkuvissa kohtaanto-ongelmissa. N\u00e4kym\u00e4t\u00f6n vihollinen saa innostuneen amat\u00f6\u00f6rin vallank\u00e4yt\u00f6n ja vastuujaon sekaisin. Tarinat, myytit ja konnotaatiot siivitt\u00e4v\u00e4t huhuja ja luovat salaliittoteorioita rajoittavasti ohjaavassa johtamistavassa. Yhteisiin tavoitteisiin sitoutumattomat anarkistiaktivistit kytt\u00e4\u00e4v\u00e4t asemissaan valmiina iskem\u00e4\u00e4n virallisen johdon haparoinnin suomiin railoihin toimintaymp\u00e4rist\u00f6ss\u00e4, jossa kriisiorganisaatio on rakenteellisesti hahmottumaton, jossa organisaatiokulttuuri on kehittym\u00e4t\u00f6n ja ihmisten sek\u00e4 asioiden johtamisen marssij\u00e4rjestys ontuu. Teht\u00e4v\u00e4johtamisen periaatteet haipuvat sumuun.<\/p>\n<p>Ylikansalliset sopimukset s\u00e4r\u00f6ilev\u00e4t kansakuntien, yhteis\u00f6jen ja yksil\u00f6iden hamutessa itselleen etuja. Globaalisti l\u00e4\u00e4ketiede, taloudellinen etu ja poliittinen vaikutusvalta taistelevat kesken\u00e4\u00e4n sivuuttamalla arvo- ja eettisperusteiset valinnat. Hajota ja hallitse -politiikka kukkii kahdenv\u00e4lisiss\u00e4 valtapyrkimyksiss\u00e4 taloudellisten ja eritoten poliittisten suosioiden tavoittelemisten my\u00f6t\u00e4. Tahattomat tai tahalliset tieto- ymm\u00e4rrys- ja vaikutusvajeet toteutuvat von Clausewitzin painotuksin, joiden mukaan yksitt\u00e4isill\u00e4, v\u00e4h\u00e4p\u00e4t\u00f6iselt\u00e4 tuntuvilla tekij\u00f6ill\u00e4 voi olla ratkaiseva vaikutus jossakin tapahtumaketjussa. Logistinen kontrolli jyr\u00e4\u00e4.<\/p>\n<p>Kansallisella tasolla johtajat k\u00e4rkkyv\u00e4t lyhytj\u00e4nteisesti oman viiteryhm\u00e4ns\u00e4 etujen ajamiseen tilanteessa, jossa aluepolitiikka kunnallisvaaleineen on keski\u00f6ss\u00e4 ja terveydenhuollon edut k\u00e4yv\u00e4t rinnan poliittisen vallan kanssa. Ep\u00e4selv\u00e4ss\u00e4 lains\u00e4\u00e4d\u00e4nt\u00f6tilanteessa vallan kolmijaosta otetaan mittaa ylimpien instituutioiden kamppaillessa kesken\u00e4\u00e4n oikeellisuuskysymysten ohella nopeudessa, ennakoivuudessa, aloitteellisuudessa sek\u00e4 kansalaisten mielistelyss\u00e4. Keinot, joita ilman poikkeusoloja tuskin kukaan uskaltaisi k\u00e4ytt\u00e4\u00e4, koetellaan kansanterveytt\u00e4 vakavimmin koettelevan vitsauksen voittamisen nimiss\u00e4. Asiantuntijoiden lausuntoja luetaan omia etuja painottaen, tarvittaessa niit\u00e4 v\u00e4h\u00e4tellen ja arvohierarkiaa sumeilematta hy\u00f6dynt\u00e4en ja tavan takaa erotuomaroiden, ajoin suorastaan johtamista laiminly\u00f6den.<\/p>\n<p>Viranhaltijoiden viestinn\u00e4llisess\u00e4 rumputulessa sekoittuvat tavoitteet ja keinot eri sidosryhmien koettaessa suitsia tai kiihottaa lausunnonantajia omien pyrkimystens\u00e4 p\u00f6nkitt\u00e4miseksi. Terveyden- ja hyvinvoinnin laitoksen ja sairaanhoitopiiriasiantuntijoiden k\u00e4sitykset eiv\u00e4t osu yksiin poliittisten p\u00e4\u00e4t\u00f6ksentekij\u00f6iden talutusnuorassa olevan ministeri\u00f6n kanssa \u2013 eiv\u00e4tk\u00e4 ep\u00e4selv\u00e4t viestint\u00e4valtuudet vuorovaikutusongelmia helpota. Puoluepoliittiset intressit painottavat ohjelmiensa ja \u00e4\u00e4nest\u00e4jille antamiensa lupausten mukaisesti aluepolitiikkaa \u2013 olipa kyse taajamista, haja-asutusalueista, valtakunnan rajanylityspaikoista tai kieliryhmien eduista. Yksil\u00f6n omien halujen ja tarpeitten perusteella muodostamat vaatimukset jyr\u00e4\u00e4v\u00e4t perustasolta kiihtymis- ja levi\u00e4misvaiheisiin siirrytt\u00e4ess\u00e4 lis\u00e4\u00e4ntyv\u00e4n pelon ja ep\u00e4varmuuden uuvuttamina yhdenvertaisuuden edellytykset. Sapelinkalistelussa kaoottisuus syrj\u00e4ytt\u00e4\u00e4 lineaarisuuden.<\/p>\n<p><strong>Yhteis\u00f6llisen sitoutumisen vuorovaikutus<\/strong><\/p>\n<p>Taisteluv\u00e4symys ja p\u00e4\u00e4t\u00f6ksenteon vaikeus n\u00e4kyv\u00e4t toiminnassa, jota aloitekyvyt\u00f6n mediapommitukseen reagoiva johto vastaa viiveell\u00e4. Sir\u00e9n et al (2011) korostavat, ett\u00e4 strategisessa kommunikaatiossa on kyse ennen kaikkea ennakoivasta ja jatkuvasta vaikuttamisesta jo syv\u00e4n rauhan aikana. Perusajatuksena on, ett\u00e4 positiivisen tunnustuksen tarve, joka globaalissa mieliavaruudessa ohjaa useimpien yksil\u00f6iden, yhteis\u00f6jen ja valtioiden toimintaa. T\u00e4ll\u00f6in my\u00f6nteinen huomio syrj\u00e4ytt\u00e4isi vallantavoittelun. He muistuttavat diplomatian, informaatioiden\/ideoiden, sotilaspolitiikan sek\u00e4 kauppapolitiikan kokonaisuudesta DIME:st\u00e4, johon lis\u00e4\u00e4v\u00e4t viel\u00e4 tuntemattoman, X-tekij\u00e4n. Kirjain muistuttaa tavastamme itsekk\u00e4\u00e4sti ja itsekeskeisesti huolehtia maapallomme kokonaisedusta, jolloin perimm\u00e4iset, inhimilliset arvo- ja eettisesti kantavat perusteet vaurioituvat.<\/p>\n<p>Koronapandemian voittaminen edellytt\u00e4\u00e4 vastuullista ja ennen kaikkea pelotonta johtajuutta, jossa globaalit terveydelliset ja sosiaaliset periaatteet syrj\u00e4ytt\u00e4v\u00e4 kansalliset, yhteis\u00f6lliset, institutionaaliset sek\u00e4 yksil\u00f6lliset poliittiset ja taloudelliset intohimot. Ponnistelussa n\u00e4kym\u00e4t\u00f6nt\u00e4 vihollista vastaan avoimen, l\u00e4pin\u00e4kyv\u00e4n, asiantuntijuuteen luottavan ja toivoa luovan viestinn\u00e4n merkitys on ensiarvoinen. Johtaja, joka onnistuu yksil\u00f6t ja yhteis\u00f6t tavoitteelliseen kriisinhallintaan sitovassa, kitkattomassa, sumuttomassa ja usvattomassa vuorovaikutuksessa, lunastaa paikkansa my\u00f6s normaaliolojen j\u00e4lleen koittaessa.<\/p>\n<p style=\"text-align: center;\">***<\/p>\n<p><em><strong>Kirjallisuutta:<\/strong><\/em><\/p>\n<p><em><strong>Clausewitz, C. von (1998)<\/strong>. Sodank\u00e4ynnist\u00e4. Saksan kielest\u00e4 suomentanut H. Eskelinen.Helsinki: Art House.<br \/>\n<\/em><em><strong>Festinger, L. (1957)<\/strong>.\u00a0A theory of cognitive dissonance.\u00a0Stanford: Stanford University Press.<br \/>\n<\/em><em><strong>French, J. ja Raven, B. (1959)<\/strong>. The Bases of Social Power. Michigan: University of Michigan.<br \/>\n<\/em><em><strong>Reed, D. (2006)<\/strong>. Why strategy matters in the war of terror. Homeland security affairs, volume II, N:o 3 (October 2006).<br \/>\n<\/em><em><strong>Samuels. M. (2014).<\/strong> Friction, Chaos and Order(s): Clausewitz, Boyd and Command Approaches. Journal of Military and Strategic Studies. 15(4), s.38-75.<br \/>\n<\/em><em><strong>Sir\u00e9n, T., Huhtinen, A.-M. ja Toivettula, M. (2011)<\/strong>. Informaatiosodank\u00e4ynnist\u00e4 kokonaisvaltaiseen strategiseen kommunikaatioon. Teoksessa Sir\u00e9n, T. (toim.), 2011. Strateginen kommunikaatio ja informaatio-operaatiot 2030. Helsinki: Maanpuolustuskorkeakoulu.<\/em><\/p>\n<p style=\"text-align: center;\">***<\/p>\n<p><em>Kirjoittaja, KTT, majuri evp\u00a0<strong>Pekka Kurvinen<\/strong>\u00a0ty\u00f6skentelee itsen\u00e4isen\u00e4 johdon konsulttina ja valmentajana sek\u00e4 tietokirjailijana.<\/em><br \/>\n<em>kurvisen.pekka(at)gmail.com, Twitter: (at)PKurvinen<\/em><\/p>\n<\/div><\/section><\/p><\/div><div  class='hr av-6zsyz-b471ba5482e75b0a604afa4166a853a5 hr-default  avia-builder-el-4  el_after_av_one_full  el_before_av_blog '><span class='hr-inner '><span class=\"hr-inner-style\"><\/span><\/span><\/div><\/p>\n<div  class='av-alb-blogposts template-blog  '  itemscope=\"itemscope\" itemtype=\"https:\/\/schema.org\/Blog\" ><article class=\"post-entry post-entry-type-standard post-entry-8921 post-loop-1 post-parity-odd bloglist-simple with-slider post-8921 post type-post status-publish format-standard has-post-thumbnail hentry category-artikkeli category-artikkeli-2026\"  itemscope=\"itemscope\" itemtype=\"https:\/\/schema.org\/BlogPosting\" ><div class=\"blog-meta\"><\/div><div class='entry-content-wrapper clearfix standard-content'><header class=\"entry-content-header\"><h2 class='post-title entry-title '  itemprop=\"headline\" ><a href=\"https:\/\/kylkirauta.fi\/index.php\/2026\/04\/20\/kaaderilaulajien-julkaisutoiminta\/\" rel=\"bookmark\" title=\"Permanent Link: Kaaderilaulajien julkaisutoiminta\">Kaaderilaulajien julkaisutoiminta<span class=\"post-format-icon minor-meta\"><\/span><\/a><\/h2><span class=\"post-meta-infos\"><time class=\"date-container minor-meta updated\"  itemprop=\"datePublished\" datetime=\"2026-04-20T15:45:24+03:00\" >20.4.2026<\/time><span class=\"text-sep\">\/<\/span><span class=\"blog-categories minor-meta\">in <a href=\"https:\/\/kylkirauta.fi\/index.php\/category\/artikkeli\/\" rel=\"tag\">Artikkeli<\/a>, <a href=\"https:\/\/kylkirauta.fi\/index.php\/category\/artikkeli-2026\/\" rel=\"tag\">Artikkeli 2026<\/a><\/span><span class=\"text-sep\">\/<\/span><span class=\"blog-author minor-meta\">by <span class=\"entry-author-link\"  itemprop=\"author\" ><span class=\"author\"><span class=\"fn\"><a href=\"https:\/\/kylkirauta.fi\/index.php\/author\/karisain\/\" title=\"Kirjoittanut: Kari Sainio\" rel=\"author\">Kari Sainio<\/a><\/span><\/span><\/span><\/span><div class=\"read-more-link\"><a href=\"https:\/\/kylkirauta.fi\/index.php\/2026\/04\/20\/kaaderilaulajien-julkaisutoiminta\/\" class=\"more-link\">Read more<span class=\"more-link-arrow\"><\/span><\/a><\/div><\/span><\/header><footer class=\"entry-footer\"><\/footer><div class='post_delimiter'><\/div><\/div><div class=\"post_author_timeline\"><\/div><span class='hidden'>\n\t\t\t\t<span class='av-structured-data'  itemprop=\"image\" itemscope=\"itemscope\" itemtype=\"https:\/\/schema.org\/ImageObject\" >\n\t\t\t\t\t\t<span itemprop='url'>https:\/\/kylkirauta.fi\/wp-content\/uploads\/2026\/04\/Artikkeli-4-2026-2.jpg<\/span>\n\t\t\t\t\t\t<span itemprop='height'>487<\/span>\n\t\t\t\t\t\t<span itemprop='width'>843<\/span>\n\t\t\t\t<\/span>\n\t\t\t\t<span class='av-structured-data'  itemprop=\"publisher\" itemtype=\"https:\/\/schema.org\/Organization\" itemscope=\"itemscope\" >\n\t\t\t\t\t\t<span itemprop='name'>Kari Sainio<\/span>\n\t\t\t\t\t\t<span itemprop='logo' itemscope itemtype='https:\/\/schema.org\/ImageObject'>\n\t\t\t\t\t\t\t<span itemprop='url'>https:\/\/kylkirauta.fi\/wp-content\/uploads\/2020\/02\/kkunta_weblogo-100x100-1.png<\/span>\n\t\t\t\t\t\t<\/span>\n\t\t\t\t<\/span><span class='av-structured-data'  itemprop=\"author\" itemscope=\"itemscope\" itemtype=\"https:\/\/schema.org\/Person\" ><span itemprop='name'>Kari Sainio<\/span><\/span><span class='av-structured-data'  itemprop=\"datePublished\" datetime=\"2026-04-20T15:45:24+03:00\" >2026-04-20 15:45:24<\/span><span class='av-structured-data'  itemprop=\"dateModified\" itemtype=\"https:\/\/schema.org\/dateModified\" >2026-04-20 15:45:24<\/span><span class='av-structured-data'  itemprop=\"mainEntityOfPage\" itemtype=\"https:\/\/schema.org\/mainEntityOfPage\" ><span itemprop='name'>Kaaderilaulajien julkaisutoiminta<\/span><\/span><\/span><\/article><article class=\"post-entry post-entry-type-standard post-entry-8884 post-loop-2 post-parity-even bloglist-simple with-slider post-8884 post type-post status-publish format-standard has-post-thumbnail hentry category-artikkeli category-artikkeli-2026\"  itemscope=\"itemscope\" itemtype=\"https:\/\/schema.org\/BlogPosting\" ><div class=\"blog-meta\"><\/div><div class='entry-content-wrapper clearfix standard-content'><header class=\"entry-content-header\"><h2 class='post-title entry-title '  itemprop=\"headline\" ><a href=\"https:\/\/kylkirauta.fi\/index.php\/2026\/03\/27\/kaaderilaulajien-ukraina-tukikonsertit\/\" rel=\"bookmark\" title=\"Permanent Link: Kaaderilaulajien Ukraina-tukikonsertit\">Kaaderilaulajien Ukraina-tukikonsertit<span class=\"post-format-icon minor-meta\"><\/span><\/a><\/h2><span class=\"post-meta-infos\"><time class=\"date-container minor-meta updated\"  itemprop=\"datePublished\" datetime=\"2026-03-27T12:30:38+02:00\" >27.3.2026<\/time><span class=\"text-sep\">\/<\/span><span class=\"blog-categories minor-meta\">in <a href=\"https:\/\/kylkirauta.fi\/index.php\/category\/artikkeli\/\" rel=\"tag\">Artikkeli<\/a>, <a href=\"https:\/\/kylkirauta.fi\/index.php\/category\/artikkeli-2026\/\" rel=\"tag\">Artikkeli 2026<\/a><\/span><span class=\"text-sep\">\/<\/span><span class=\"blog-author minor-meta\">by <span class=\"entry-author-link\"  itemprop=\"author\" ><span class=\"author\"><span class=\"fn\"><a href=\"https:\/\/kylkirauta.fi\/index.php\/author\/karisain\/\" title=\"Kirjoittanut: Kari Sainio\" rel=\"author\">Kari Sainio<\/a><\/span><\/span><\/span><\/span><div class=\"read-more-link\"><a href=\"https:\/\/kylkirauta.fi\/index.php\/2026\/03\/27\/kaaderilaulajien-ukraina-tukikonsertit\/\" class=\"more-link\">Read more<span class=\"more-link-arrow\"><\/span><\/a><\/div><\/span><\/header><footer class=\"entry-footer\"><\/footer><div class='post_delimiter'><\/div><\/div><div class=\"post_author_timeline\"><\/div><span class='hidden'>\n\t\t\t\t<span class='av-structured-data'  itemprop=\"image\" itemscope=\"itemscope\" itemtype=\"https:\/\/schema.org\/ImageObject\" >\n\t\t\t\t\t\t<span itemprop='url'>https:\/\/kylkirauta.fi\/wp-content\/uploads\/2026\/03\/3-2026-artikkeli.jpg<\/span>\n\t\t\t\t\t\t<span itemprop='height'>487<\/span>\n\t\t\t\t\t\t<span itemprop='width'>843<\/span>\n\t\t\t\t<\/span>\n\t\t\t\t<span class='av-structured-data'  itemprop=\"publisher\" itemtype=\"https:\/\/schema.org\/Organization\" itemscope=\"itemscope\" >\n\t\t\t\t\t\t<span itemprop='name'>Kari Sainio<\/span>\n\t\t\t\t\t\t<span itemprop='logo' itemscope itemtype='https:\/\/schema.org\/ImageObject'>\n\t\t\t\t\t\t\t<span itemprop='url'>https:\/\/kylkirauta.fi\/wp-content\/uploads\/2020\/02\/kkunta_weblogo-100x100-1.png<\/span>\n\t\t\t\t\t\t<\/span>\n\t\t\t\t<\/span><span class='av-structured-data'  itemprop=\"author\" itemscope=\"itemscope\" itemtype=\"https:\/\/schema.org\/Person\" ><span itemprop='name'>Kari Sainio<\/span><\/span><span class='av-structured-data'  itemprop=\"datePublished\" datetime=\"2026-03-27T12:30:38+02:00\" >2026-03-27 12:30:38<\/span><span class='av-structured-data'  itemprop=\"dateModified\" itemtype=\"https:\/\/schema.org\/dateModified\" >2026-03-27 12:30:38<\/span><span class='av-structured-data'  itemprop=\"mainEntityOfPage\" itemtype=\"https:\/\/schema.org\/mainEntityOfPage\" ><span itemprop='name'>Kaaderilaulajien Ukraina-tukikonsertit<\/span><\/span><\/span><\/article><article class=\"post-entry post-entry-type-standard post-entry-8786 post-loop-3 post-parity-odd post-entry-last bloglist-simple with-slider post-8786 post type-post status-publish format-standard has-post-thumbnail hentry category-artikkeli category-artikkeli-2026\"  itemscope=\"itemscope\" itemtype=\"https:\/\/schema.org\/BlogPosting\" ><div class=\"blog-meta\"><\/div><div class='entry-content-wrapper clearfix standard-content'><header class=\"entry-content-header\"><h2 class='post-title entry-title '  itemprop=\"headline\" ><a href=\"https:\/\/kylkirauta.fi\/index.php\/2026\/02\/23\/risto-sinkko-eu-kansalaisten-nakemyksia-turvallisuudesta-ja-puolustuksesta\/\" rel=\"bookmark\" title=\"Permanent Link: Risto Sinkko: EU-kansalaisten n\u00e4kemyksi\u00e4 turvallisuudesta ja puolustuksesta\">Risto Sinkko: EU-kansalaisten n\u00e4kemyksi\u00e4 turvallisuudesta ja puolustuksesta<span class=\"post-format-icon minor-meta\"><\/span><\/a><\/h2><span class=\"post-meta-infos\"><time class=\"date-container minor-meta updated\"  itemprop=\"datePublished\" datetime=\"2026-02-23T17:08:33+02:00\" >23.2.2026<\/time><span class=\"text-sep\">\/<\/span><span class=\"blog-categories minor-meta\">in <a href=\"https:\/\/kylkirauta.fi\/index.php\/category\/artikkeli\/\" rel=\"tag\">Artikkeli<\/a>, <a href=\"https:\/\/kylkirauta.fi\/index.php\/category\/artikkeli-2026\/\" rel=\"tag\">Artikkeli 2026<\/a><\/span><span class=\"text-sep\">\/<\/span><span class=\"blog-author minor-meta\">by <span class=\"entry-author-link\"  itemprop=\"author\" ><span class=\"author\"><span class=\"fn\"><a href=\"https:\/\/kylkirauta.fi\/index.php\/author\/karisain\/\" title=\"Kirjoittanut: Kari Sainio\" rel=\"author\">Kari Sainio<\/a><\/span><\/span><\/span><\/span><div class=\"read-more-link\"><a href=\"https:\/\/kylkirauta.fi\/index.php\/2026\/02\/23\/risto-sinkko-eu-kansalaisten-nakemyksia-turvallisuudesta-ja-puolustuksesta\/\" class=\"more-link\">Read more<span class=\"more-link-arrow\"><\/span><\/a><\/div><\/span><\/header><footer class=\"entry-footer\"><\/footer><div class='post_delimiter'><\/div><\/div><div class=\"post_author_timeline\"><\/div><span class='hidden'>\n\t\t\t\t<span class='av-structured-data'  itemprop=\"image\" itemscope=\"itemscope\" itemtype=\"https:\/\/schema.org\/ImageObject\" >\n\t\t\t\t\t\t<span itemprop='url'>https:\/\/kylkirauta.fi\/wp-content\/uploads\/2026\/02\/Artikkeli-MSC-artikkeli.jpg<\/span>\n\t\t\t\t\t\t<span itemprop='height'>487<\/span>\n\t\t\t\t\t\t<span itemprop='width'>843<\/span>\n\t\t\t\t<\/span>\n\t\t\t\t<span class='av-structured-data'  itemprop=\"publisher\" itemtype=\"https:\/\/schema.org\/Organization\" itemscope=\"itemscope\" >\n\t\t\t\t\t\t<span itemprop='name'>Kari Sainio<\/span>\n\t\t\t\t\t\t<span itemprop='logo' itemscope itemtype='https:\/\/schema.org\/ImageObject'>\n\t\t\t\t\t\t\t<span itemprop='url'>https:\/\/kylkirauta.fi\/wp-content\/uploads\/2020\/02\/kkunta_weblogo-100x100-1.png<\/span>\n\t\t\t\t\t\t<\/span>\n\t\t\t\t<\/span><span class='av-structured-data'  itemprop=\"author\" itemscope=\"itemscope\" itemtype=\"https:\/\/schema.org\/Person\" ><span itemprop='name'>Kari Sainio<\/span><\/span><span class='av-structured-data'  itemprop=\"datePublished\" datetime=\"2026-02-23T17:08:33+02:00\" >2026-02-23 17:08:33<\/span><span class='av-structured-data'  itemprop=\"dateModified\" itemtype=\"https:\/\/schema.org\/dateModified\" >2026-02-23 17:29:54<\/span><span class='av-structured-data'  itemprop=\"mainEntityOfPage\" itemtype=\"https:\/\/schema.org\/mainEntityOfPage\" ><span itemprop='name'>Risto Sinkko: EU-kansalaisten n\u00e4kemyksi\u00e4 turvallisuudesta ja puolustuksesta<\/span><\/span><\/span><\/article><div class='bloglist-simple'><nav class='pagination'><span class='pagination-meta'>Page 1 of 58<\/span><span class='current'>1<\/span><a href='https:\/\/kylkirauta.fi\/index.php\/wp-json\/wp\/v2\/posts\/5038\/page\/2\/' class='inactive next_page' >2<\/a><a href='https:\/\/kylkirauta.fi\/index.php\/wp-json\/wp\/v2\/posts\/5038\/page\/3\/' class='inactive' >3<\/a><a href='https:\/\/kylkirauta.fi\/index.php\/wp-json\/wp\/v2\/posts\/5038\/page\/2\/'>&rsaquo;<\/a><a href='https:\/\/kylkirauta.fi\/index.php\/wp-json\/wp\/v2\/posts\/5038\/page\/58\/'>&raquo;<\/a><\/nav>\n<\/div><\/div>\n","protected":false},"excerpt":{"rendered":"","protected":false},"author":3,"featured_media":5041,"comment_status":"closed","ping_status":"closed","sticky":false,"template":"","format":"standard","meta":{"footnotes":""},"categories":[4,91,12],"tags":[],"class_list":["post-5038","post","type-post","status-publish","format-standard","has-post-thumbnail","hentry","category-artikkeli","category-artikkeli-2021","category-uusin-artikkeli"],"yoast_head":"<!-- This site is optimized with the Yoast SEO plugin v27.5 - https:\/\/yoast.com\/product\/yoast-seo-wordpress\/ -->\n<title>Mentorin merkint\u00f6j\u00e4 30 - N\u00e4kym\u00e4t\u00f6n vihollinen kitkassa, sumussa ja usvassa - Kylkirauta<\/title>\n<meta name=\"robots\" content=\"index, follow, max-snippet:-1, max-image-preview:large, max-video-preview:-1\" \/>\n<link rel=\"canonical\" href=\"https:\/\/kylkirauta.fi\/index.php\/2021\/04\/07\/mentorin-merkintoja-30-nakymaton-vihollinen-kitkassa-sumussa-ja-usvassa\/\" \/>\n<meta property=\"og:locale\" content=\"fi_FI\" \/>\n<meta property=\"og:type\" content=\"article\" \/>\n<meta property=\"og:title\" content=\"Mentorin merkint\u00f6j\u00e4 30 - N\u00e4kym\u00e4t\u00f6n vihollinen kitkassa, sumussa ja usvassa - Kylkirauta\" \/>\n<meta property=\"og:url\" content=\"https:\/\/kylkirauta.fi\/index.php\/2021\/04\/07\/mentorin-merkintoja-30-nakymaton-vihollinen-kitkassa-sumussa-ja-usvassa\/\" \/>\n<meta property=\"og:site_name\" content=\"Kylkirauta\" \/>\n<meta property=\"article:published_time\" content=\"2021-04-07T06:15:25+00:00\" \/>\n<meta property=\"article:modified_time\" content=\"2021-04-07T06:19:06+00:00\" \/>\n<meta property=\"og:image\" content=\"https:\/\/kylkirauta.fi\/wp-content\/uploads\/2021\/04\/Korona-artikkeli-KYRA.png\" \/>\n\t<meta property=\"og:image:width\" content=\"843\" \/>\n\t<meta property=\"og:image:height\" content=\"487\" \/>\n\t<meta property=\"og:image:type\" content=\"image\/png\" \/>\n<meta name=\"author\" content=\"Kari Sainio\" \/>\n<meta name=\"twitter:card\" content=\"summary_large_image\" \/>\n<meta name=\"twitter:label1\" content=\"Kirjoittanut\" \/>\n\t<meta name=\"twitter:data1\" content=\"Kari Sainio\" \/>\n\t<meta name=\"twitter:label2\" content=\"Arvioitu lukuaika\" \/>\n\t<meta name=\"twitter:data2\" content=\"10 minuuttia\" \/>\n<script type=\"application\/ld+json\" class=\"yoast-schema-graph\">{\"@context\":\"https:\\\/\\\/schema.org\",\"@graph\":[{\"@type\":\"Article\",\"@id\":\"https:\\\/\\\/kylkirauta.fi\\\/index.php\\\/2021\\\/04\\\/07\\\/mentorin-merkintoja-30-nakymaton-vihollinen-kitkassa-sumussa-ja-usvassa\\\/#article\",\"isPartOf\":{\"@id\":\"https:\\\/\\\/kylkirauta.fi\\\/index.php\\\/2021\\\/04\\\/07\\\/mentorin-merkintoja-30-nakymaton-vihollinen-kitkassa-sumussa-ja-usvassa\\\/\"},\"author\":{\"name\":\"Kari Sainio\",\"@id\":\"https:\\\/\\\/kylkirauta.fi\\\/#\\\/schema\\\/person\\\/714ab39a349c656b20d60a239be1d6f6\"},\"headline\":\"Mentorin merkint\u00f6j\u00e4 30 &#8211; N\u00e4kym\u00e4t\u00f6n vihollinen kitkassa, sumussa ja usvassa\",\"datePublished\":\"2021-04-07T06:15:25+00:00\",\"dateModified\":\"2021-04-07T06:19:06+00:00\",\"mainEntityOfPage\":{\"@id\":\"https:\\\/\\\/kylkirauta.fi\\\/index.php\\\/2021\\\/04\\\/07\\\/mentorin-merkintoja-30-nakymaton-vihollinen-kitkassa-sumussa-ja-usvassa\\\/\"},\"wordCount\":1956,\"image\":{\"@id\":\"https:\\\/\\\/kylkirauta.fi\\\/index.php\\\/2021\\\/04\\\/07\\\/mentorin-merkintoja-30-nakymaton-vihollinen-kitkassa-sumussa-ja-usvassa\\\/#primaryimage\"},\"thumbnailUrl\":\"https:\\\/\\\/kylkirauta.fi\\\/wp-content\\\/uploads\\\/2021\\\/04\\\/Korona-artikkeli-KYRA.png\",\"articleSection\":[\"Artikkeli\",\"Artikkeli 2021\",\"Uusin artikkeli\"],\"inLanguage\":\"fi\"},{\"@type\":\"WebPage\",\"@id\":\"https:\\\/\\\/kylkirauta.fi\\\/index.php\\\/2021\\\/04\\\/07\\\/mentorin-merkintoja-30-nakymaton-vihollinen-kitkassa-sumussa-ja-usvassa\\\/\",\"url\":\"https:\\\/\\\/kylkirauta.fi\\\/index.php\\\/2021\\\/04\\\/07\\\/mentorin-merkintoja-30-nakymaton-vihollinen-kitkassa-sumussa-ja-usvassa\\\/\",\"name\":\"Mentorin merkint\u00f6j\u00e4 30 - N\u00e4kym\u00e4t\u00f6n vihollinen kitkassa, sumussa ja usvassa - Kylkirauta\",\"isPartOf\":{\"@id\":\"https:\\\/\\\/kylkirauta.fi\\\/#website\"},\"primaryImageOfPage\":{\"@id\":\"https:\\\/\\\/kylkirauta.fi\\\/index.php\\\/2021\\\/04\\\/07\\\/mentorin-merkintoja-30-nakymaton-vihollinen-kitkassa-sumussa-ja-usvassa\\\/#primaryimage\"},\"image\":{\"@id\":\"https:\\\/\\\/kylkirauta.fi\\\/index.php\\\/2021\\\/04\\\/07\\\/mentorin-merkintoja-30-nakymaton-vihollinen-kitkassa-sumussa-ja-usvassa\\\/#primaryimage\"},\"thumbnailUrl\":\"https:\\\/\\\/kylkirauta.fi\\\/wp-content\\\/uploads\\\/2021\\\/04\\\/Korona-artikkeli-KYRA.png\",\"datePublished\":\"2021-04-07T06:15:25+00:00\",\"dateModified\":\"2021-04-07T06:19:06+00:00\",\"author\":{\"@id\":\"https:\\\/\\\/kylkirauta.fi\\\/#\\\/schema\\\/person\\\/714ab39a349c656b20d60a239be1d6f6\"},\"breadcrumb\":{\"@id\":\"https:\\\/\\\/kylkirauta.fi\\\/index.php\\\/2021\\\/04\\\/07\\\/mentorin-merkintoja-30-nakymaton-vihollinen-kitkassa-sumussa-ja-usvassa\\\/#breadcrumb\"},\"inLanguage\":\"fi\",\"potentialAction\":[{\"@type\":\"ReadAction\",\"target\":[\"https:\\\/\\\/kylkirauta.fi\\\/index.php\\\/2021\\\/04\\\/07\\\/mentorin-merkintoja-30-nakymaton-vihollinen-kitkassa-sumussa-ja-usvassa\\\/\"]}]},{\"@type\":\"ImageObject\",\"inLanguage\":\"fi\",\"@id\":\"https:\\\/\\\/kylkirauta.fi\\\/index.php\\\/2021\\\/04\\\/07\\\/mentorin-merkintoja-30-nakymaton-vihollinen-kitkassa-sumussa-ja-usvassa\\\/#primaryimage\",\"url\":\"https:\\\/\\\/kylkirauta.fi\\\/wp-content\\\/uploads\\\/2021\\\/04\\\/Korona-artikkeli-KYRA.png\",\"contentUrl\":\"https:\\\/\\\/kylkirauta.fi\\\/wp-content\\\/uploads\\\/2021\\\/04\\\/Korona-artikkeli-KYRA.png\",\"width\":843,\"height\":487},{\"@type\":\"BreadcrumbList\",\"@id\":\"https:\\\/\\\/kylkirauta.fi\\\/index.php\\\/2021\\\/04\\\/07\\\/mentorin-merkintoja-30-nakymaton-vihollinen-kitkassa-sumussa-ja-usvassa\\\/#breadcrumb\",\"itemListElement\":[{\"@type\":\"ListItem\",\"position\":1,\"name\":\"Home\",\"item\":\"https:\\\/\\\/kylkirauta.fi\\\/index.php\\\/home\\\/\"},{\"@type\":\"ListItem\",\"position\":2,\"name\":\"Mentorin merkint\u00f6j\u00e4 30 &#8211; N\u00e4kym\u00e4t\u00f6n vihollinen kitkassa, sumussa ja usvassa\"}]},{\"@type\":\"WebSite\",\"@id\":\"https:\\\/\\\/kylkirauta.fi\\\/#website\",\"url\":\"https:\\\/\\\/kylkirauta.fi\\\/\",\"name\":\"Kylkirauta\",\"description\":\"Kadettiupseerit yhteiskunnan palveluksessa\",\"potentialAction\":[{\"@type\":\"SearchAction\",\"target\":{\"@type\":\"EntryPoint\",\"urlTemplate\":\"https:\\\/\\\/kylkirauta.fi\\\/?s={search_term_string}\"},\"query-input\":{\"@type\":\"PropertyValueSpecification\",\"valueRequired\":true,\"valueName\":\"search_term_string\"}}],\"inLanguage\":\"fi\"},{\"@type\":\"Person\",\"@id\":\"https:\\\/\\\/kylkirauta.fi\\\/#\\\/schema\\\/person\\\/714ab39a349c656b20d60a239be1d6f6\",\"name\":\"Kari Sainio\",\"sameAs\":[\"http:\\\/\\\/www.kylkirauta.fi\"],\"url\":\"https:\\\/\\\/kylkirauta.fi\\\/index.php\\\/author\\\/karisain\\\/\"}]}<\/script>\n<!-- \/ Yoast SEO plugin. -->","yoast_head_json":{"title":"Mentorin merkint\u00f6j\u00e4 30 - N\u00e4kym\u00e4t\u00f6n vihollinen kitkassa, sumussa ja usvassa - Kylkirauta","robots":{"index":"index","follow":"follow","max-snippet":"max-snippet:-1","max-image-preview":"max-image-preview:large","max-video-preview":"max-video-preview:-1"},"canonical":"https:\/\/kylkirauta.fi\/index.php\/2021\/04\/07\/mentorin-merkintoja-30-nakymaton-vihollinen-kitkassa-sumussa-ja-usvassa\/","og_locale":"fi_FI","og_type":"article","og_title":"Mentorin merkint\u00f6j\u00e4 30 - N\u00e4kym\u00e4t\u00f6n vihollinen kitkassa, sumussa ja usvassa - Kylkirauta","og_url":"https:\/\/kylkirauta.fi\/index.php\/2021\/04\/07\/mentorin-merkintoja-30-nakymaton-vihollinen-kitkassa-sumussa-ja-usvassa\/","og_site_name":"Kylkirauta","article_published_time":"2021-04-07T06:15:25+00:00","article_modified_time":"2021-04-07T06:19:06+00:00","og_image":[{"width":843,"height":487,"url":"https:\/\/kylkirauta.fi\/wp-content\/uploads\/2021\/04\/Korona-artikkeli-KYRA.png","type":"image\/png"}],"author":"Kari Sainio","twitter_card":"summary_large_image","twitter_misc":{"Kirjoittanut":"Kari Sainio","Arvioitu lukuaika":"10 minuuttia"},"schema":{"@context":"https:\/\/schema.org","@graph":[{"@type":"Article","@id":"https:\/\/kylkirauta.fi\/index.php\/2021\/04\/07\/mentorin-merkintoja-30-nakymaton-vihollinen-kitkassa-sumussa-ja-usvassa\/#article","isPartOf":{"@id":"https:\/\/kylkirauta.fi\/index.php\/2021\/04\/07\/mentorin-merkintoja-30-nakymaton-vihollinen-kitkassa-sumussa-ja-usvassa\/"},"author":{"name":"Kari Sainio","@id":"https:\/\/kylkirauta.fi\/#\/schema\/person\/714ab39a349c656b20d60a239be1d6f6"},"headline":"Mentorin merkint\u00f6j\u00e4 30 &#8211; N\u00e4kym\u00e4t\u00f6n vihollinen kitkassa, sumussa ja usvassa","datePublished":"2021-04-07T06:15:25+00:00","dateModified":"2021-04-07T06:19:06+00:00","mainEntityOfPage":{"@id":"https:\/\/kylkirauta.fi\/index.php\/2021\/04\/07\/mentorin-merkintoja-30-nakymaton-vihollinen-kitkassa-sumussa-ja-usvassa\/"},"wordCount":1956,"image":{"@id":"https:\/\/kylkirauta.fi\/index.php\/2021\/04\/07\/mentorin-merkintoja-30-nakymaton-vihollinen-kitkassa-sumussa-ja-usvassa\/#primaryimage"},"thumbnailUrl":"https:\/\/kylkirauta.fi\/wp-content\/uploads\/2021\/04\/Korona-artikkeli-KYRA.png","articleSection":["Artikkeli","Artikkeli 2021","Uusin artikkeli"],"inLanguage":"fi"},{"@type":"WebPage","@id":"https:\/\/kylkirauta.fi\/index.php\/2021\/04\/07\/mentorin-merkintoja-30-nakymaton-vihollinen-kitkassa-sumussa-ja-usvassa\/","url":"https:\/\/kylkirauta.fi\/index.php\/2021\/04\/07\/mentorin-merkintoja-30-nakymaton-vihollinen-kitkassa-sumussa-ja-usvassa\/","name":"Mentorin merkint\u00f6j\u00e4 30 - N\u00e4kym\u00e4t\u00f6n vihollinen kitkassa, sumussa ja usvassa - Kylkirauta","isPartOf":{"@id":"https:\/\/kylkirauta.fi\/#website"},"primaryImageOfPage":{"@id":"https:\/\/kylkirauta.fi\/index.php\/2021\/04\/07\/mentorin-merkintoja-30-nakymaton-vihollinen-kitkassa-sumussa-ja-usvassa\/#primaryimage"},"image":{"@id":"https:\/\/kylkirauta.fi\/index.php\/2021\/04\/07\/mentorin-merkintoja-30-nakymaton-vihollinen-kitkassa-sumussa-ja-usvassa\/#primaryimage"},"thumbnailUrl":"https:\/\/kylkirauta.fi\/wp-content\/uploads\/2021\/04\/Korona-artikkeli-KYRA.png","datePublished":"2021-04-07T06:15:25+00:00","dateModified":"2021-04-07T06:19:06+00:00","author":{"@id":"https:\/\/kylkirauta.fi\/#\/schema\/person\/714ab39a349c656b20d60a239be1d6f6"},"breadcrumb":{"@id":"https:\/\/kylkirauta.fi\/index.php\/2021\/04\/07\/mentorin-merkintoja-30-nakymaton-vihollinen-kitkassa-sumussa-ja-usvassa\/#breadcrumb"},"inLanguage":"fi","potentialAction":[{"@type":"ReadAction","target":["https:\/\/kylkirauta.fi\/index.php\/2021\/04\/07\/mentorin-merkintoja-30-nakymaton-vihollinen-kitkassa-sumussa-ja-usvassa\/"]}]},{"@type":"ImageObject","inLanguage":"fi","@id":"https:\/\/kylkirauta.fi\/index.php\/2021\/04\/07\/mentorin-merkintoja-30-nakymaton-vihollinen-kitkassa-sumussa-ja-usvassa\/#primaryimage","url":"https:\/\/kylkirauta.fi\/wp-content\/uploads\/2021\/04\/Korona-artikkeli-KYRA.png","contentUrl":"https:\/\/kylkirauta.fi\/wp-content\/uploads\/2021\/04\/Korona-artikkeli-KYRA.png","width":843,"height":487},{"@type":"BreadcrumbList","@id":"https:\/\/kylkirauta.fi\/index.php\/2021\/04\/07\/mentorin-merkintoja-30-nakymaton-vihollinen-kitkassa-sumussa-ja-usvassa\/#breadcrumb","itemListElement":[{"@type":"ListItem","position":1,"name":"Home","item":"https:\/\/kylkirauta.fi\/index.php\/home\/"},{"@type":"ListItem","position":2,"name":"Mentorin merkint\u00f6j\u00e4 30 &#8211; N\u00e4kym\u00e4t\u00f6n vihollinen kitkassa, sumussa ja usvassa"}]},{"@type":"WebSite","@id":"https:\/\/kylkirauta.fi\/#website","url":"https:\/\/kylkirauta.fi\/","name":"Kylkirauta","description":"Kadettiupseerit yhteiskunnan palveluksessa","potentialAction":[{"@type":"SearchAction","target":{"@type":"EntryPoint","urlTemplate":"https:\/\/kylkirauta.fi\/?s={search_term_string}"},"query-input":{"@type":"PropertyValueSpecification","valueRequired":true,"valueName":"search_term_string"}}],"inLanguage":"fi"},{"@type":"Person","@id":"https:\/\/kylkirauta.fi\/#\/schema\/person\/714ab39a349c656b20d60a239be1d6f6","name":"Kari Sainio","sameAs":["http:\/\/www.kylkirauta.fi"],"url":"https:\/\/kylkirauta.fi\/index.php\/author\/karisain\/"}]}},"_links":{"self":[{"href":"https:\/\/kylkirauta.fi\/index.php\/wp-json\/wp\/v2\/posts\/5038","targetHints":{"allow":["GET"]}}],"collection":[{"href":"https:\/\/kylkirauta.fi\/index.php\/wp-json\/wp\/v2\/posts"}],"about":[{"href":"https:\/\/kylkirauta.fi\/index.php\/wp-json\/wp\/v2\/types\/post"}],"author":[{"embeddable":true,"href":"https:\/\/kylkirauta.fi\/index.php\/wp-json\/wp\/v2\/users\/3"}],"replies":[{"embeddable":true,"href":"https:\/\/kylkirauta.fi\/index.php\/wp-json\/wp\/v2\/comments?post=5038"}],"version-history":[{"count":3,"href":"https:\/\/kylkirauta.fi\/index.php\/wp-json\/wp\/v2\/posts\/5038\/revisions"}],"predecessor-version":[{"id":5044,"href":"https:\/\/kylkirauta.fi\/index.php\/wp-json\/wp\/v2\/posts\/5038\/revisions\/5044"}],"wp:featuredmedia":[{"embeddable":true,"href":"https:\/\/kylkirauta.fi\/index.php\/wp-json\/wp\/v2\/media\/5041"}],"wp:attachment":[{"href":"https:\/\/kylkirauta.fi\/index.php\/wp-json\/wp\/v2\/media?parent=5038"}],"wp:term":[{"taxonomy":"category","embeddable":true,"href":"https:\/\/kylkirauta.fi\/index.php\/wp-json\/wp\/v2\/categories?post=5038"},{"taxonomy":"post_tag","embeddable":true,"href":"https:\/\/kylkirauta.fi\/index.php\/wp-json\/wp\/v2\/tags?post=5038"}],"curies":[{"name":"wp","href":"https:\/\/api.w.org\/{rel}","templated":true}]}}