{"id":4325,"date":"2020-11-30T14:17:16","date_gmt":"2020-11-30T14:17:16","guid":{"rendered":"https:\/\/kylkirauta.fi\/?p=4325"},"modified":"2020-12-08T06:30:14","modified_gmt":"2020-12-08T06:30:14","slug":"tahystaja-tuulesta-temmattua-ulko-ja-turvallisuuspolitiikkaa","status":"publish","type":"post","link":"https:\/\/kylkirauta.fi\/index.php\/2020\/11\/30\/tahystaja-tuulesta-temmattua-ulko-ja-turvallisuuspolitiikkaa\/","title":{"rendered":"T\u00e4hyst\u00e4j\u00e4: Tuulesta temmattua ulko- ja turvallisuuspolitiikkaa?"},"content":{"rendered":"<div id='full_slider_1'  class='avia-fullwidth-slider main_color avia-shadow   avia-builder-el-0  el_before_av_one_full  avia-builder-el-first   container_wrap sidebar_right'  ><div  class='avia-slideshow av-l9olo-eba87a12f940917775723c57f530a7d6 avia-slideshow-no scaling av_slideshow_full avia-slide-slider av-slideshow-ui av-control-default av-slideshow-manual av-loop-once av-loop-manual-endless av-default-height-applied   avia-slideshow-1' data-slideshow-options=\"{&quot;animation&quot;:&quot;slide&quot;,&quot;autoplay&quot;:false,&quot;loop_autoplay&quot;:&quot;once&quot;,&quot;interval&quot;:5,&quot;loop_manual&quot;:&quot;manual-endless&quot;,&quot;autoplay_stopper&quot;:false,&quot;noNavigation&quot;:false,&quot;bg_slider&quot;:false,&quot;keep_padding&quot;:false,&quot;hoverpause&quot;:false,&quot;show_slide_delay&quot;:0}\"  itemprop=\"image\" itemscope=\"itemscope\" itemtype=\"https:\/\/schema.org\/ImageObject\" ><ul class='avia-slideshow-inner ' style='padding-bottom: 15.283203125%;'><li  class='avia-slideshow-slide av-l9olo-eba87a12f940917775723c57f530a7d6__0  av-single-slide slide-1 slide-odd'><div data-rel='slideshow-1' class='avia-slide-wrap '   ><img decoding=\"async\" fetchpriority=\"high\" class=\"wp-image-3149 avia-img-lazy-loading-not-3149\"  src=\"https:\/\/kylkirauta.fi\/wp-content\/uploads\/2020\/02\/miekka_logo_v2.png\" width=\"2048\" height=\"313\" title='miekka_logo_v2' alt=''  itemprop=\"thumbnailUrl\" srcset=\"https:\/\/kylkirauta.fi\/wp-content\/uploads\/2020\/02\/miekka_logo_v2.png 2048w, https:\/\/kylkirauta.fi\/wp-content\/uploads\/2020\/02\/miekka_logo_v2-300x46.png 300w, https:\/\/kylkirauta.fi\/wp-content\/uploads\/2020\/02\/miekka_logo_v2-1030x157.png 1030w, https:\/\/kylkirauta.fi\/wp-content\/uploads\/2020\/02\/miekka_logo_v2-768x117.png 768w, https:\/\/kylkirauta.fi\/wp-content\/uploads\/2020\/02\/miekka_logo_v2-1536x235.png 1536w, https:\/\/kylkirauta.fi\/wp-content\/uploads\/2020\/02\/miekka_logo_v2-1500x229.png 1500w, https:\/\/kylkirauta.fi\/wp-content\/uploads\/2020\/02\/miekka_logo_v2-705x108.png 705w\" sizes=\"(max-width: 2048px) 100vw, 2048px\" \/><\/div><\/li><\/ul><\/div><\/div><div id='after_full_slider_1'  class='main_color av_default_container_wrap container_wrap sidebar_right'  ><div class='container av-section-cont-open' ><div class='template-page content  av-content-small alpha units'><div class='post-entry post-entry-type-page post-entry-4325'><div class='entry-content-wrapper clearfix'>\n\n<style type=\"text\/css\" data-created_by=\"avia_inline_auto\" id=\"style-css-av-km4zs-0614ada41eb3461e6efbb361dfbae970\">\n.flex_column.av-km4zs-0614ada41eb3461e6efbb361dfbae970{\nborder-radius:0px 0px 0px 0px;\npadding:0px 0px 0px 0px;\n}\n<\/style>\n<div  class='flex_column av-km4zs-0614ada41eb3461e6efbb361dfbae970 av_one_full  avia-builder-el-1  el_after_av_slideshow_full  el_before_av_hr  avia-builder-el-first  first flex_column_div av-zero-column-padding  '     ><p>\n<style type=\"text\/css\" data-created_by=\"avia_inline_auto\" id=\"style-css-av-av_heading-2c9dcdf38a8221785ef910c4323850ab\">\n#top .av-special-heading.av-av_heading-2c9dcdf38a8221785ef910c4323850ab{\npadding-bottom:10px;\n}\nbody .av-special-heading.av-av_heading-2c9dcdf38a8221785ef910c4323850ab .av-special-heading-tag .heading-char{\nfont-size:25px;\n}\n.av-special-heading.av-av_heading-2c9dcdf38a8221785ef910c4323850ab .av-subheading{\nfont-size:15px;\n}\n<\/style>\n<div  class='av-special-heading av-av_heading-2c9dcdf38a8221785ef910c4323850ab av-special-heading-h3  avia-builder-el-2  el_before_av_hr  avia-builder-el-first '><h3 class='av-special-heading-tag'  itemprop=\"headline\"  >Tuulesta temmattua ulko- ja turvallisuuspolitiikkaa? <\/h3><div class=\"special-heading-border\"><div class=\"special-heading-inner-border\"><\/div><\/div><\/div><br \/>\n\n<style type=\"text\/css\" data-created_by=\"avia_inline_auto\" id=\"style-css-av-k1to1iy9-0b4b8d7a542aef095c0d71f3b4e8b649\">\n#top .hr.hr-invisible.av-k1to1iy9-0b4b8d7a542aef095c0d71f3b4e8b649{\nheight:20px;\n}\n<\/style>\n<div  class='hr av-k1to1iy9-0b4b8d7a542aef095c0d71f3b4e8b649 hr-invisible  avia-builder-el-3  el_after_av_heading  el_before_av_textblock '><span class='hr-inner '><span class=\"hr-inner-style\"><\/span><\/span><\/div><br \/>\n<section  class='av_textblock_section av-k8d08-dea0f25c8df625cf22cbdeac32688808 '   itemscope=\"itemscope\" itemtype=\"https:\/\/schema.org\/BlogPosting\" itemprop=\"blogPost\" ><div class='avia_textblock'  itemprop=\"text\" ><p><img loading=\"lazy\" decoding=\"async\" class=\"alignleft wp-image-3333\" src=\"https:\/\/kylkirauta.fi\/wp-content\/uploads\/2020\/03\/Suhonen-Johanna.jpg\" alt=\"\" width=\"130\" height=\"178\" srcset=\"https:\/\/kylkirauta.fi\/wp-content\/uploads\/2020\/03\/Suhonen-Johanna.jpg 247w, https:\/\/kylkirauta.fi\/wp-content\/uploads\/2020\/03\/Suhonen-Johanna-219x300.jpg 219w\" sizes=\"auto, (max-width: 130px) 100vw, 130px\" \/><\/p>\n<p><em>Kylkiraudan verkkolehden &#8221;t\u00e4hyst\u00e4j\u00e4&#8221; <strong>VTM Johanna Suhonen<\/strong> tarkastelee blogeissaan sek\u00e4 laajan turvallisuuspolitiikan ajankohtaisia aiheita ett\u00e4 pidemm\u00e4n aikav\u00e4lin ilmi\u00f6it\u00e4.\u00a0<\/em><\/p>\n<p style=\"text-align: center;\">***<\/p>\n<p><strong><a href=\"http:\/\/urn.fi\/URN:ISBN:978-952-287-876-2\" target=\"_blank\" rel=\"noopener noreferrer\">Valtioneuvoston ulko- ja turvallisuuspoliittinen selonteko<\/a> on Suomen ulko- ja turvallisuuspolitiikan t\u00e4rkein ohjausasiakirja. Lokakuun lopulla julkaistu uusin selonteko her\u00e4tti kahdessa eduskuntaryhm\u00e4ss\u00e4 kritiikki\u00e4 painotustensa vuoksi: ilmastonmuutoksen ja ihmisoikeuksien n\u00e4kyvyys verrattuna edelt\u00e4v\u00e4\u00e4n selontekoon sek\u00e4 ilmastonmuutoksen k\u00e4sittely turvallisuusasiana teki asiakirjasta joidenkin silmiss\u00e4 ideologisen.<\/strong><\/p>\n<p><strong>Mainitut n\u00e4kemykset olisi mahdollista ohittaa oppositiopolitikointina. Toisaalta ne tarjoavat hyv\u00e4n tilaisuuden pohtia niin maailman tilaa kuin suomalaisten turvallisuuttakin ymp\u00e4rist\u00f6n\u00e4k\u00f6kulmasta.<\/strong><\/p>\n<p><em><strong>Laaja turvallisuusk\u00e4sitys, lyhyt poliittinen muisti<\/strong><\/em><\/p>\n<p>Ulkoministeri Pekka Haavisto kommentoi selontekoa toteamalla, ett\u00e4 Suomen ulko- ja turvallisuuspolitiikkaa m\u00e4\u00e4ritt\u00e4v\u00e4t sen jatkuvuus, ennakoitavuus ja pitk\u00e4j\u00e4nteisyys. H\u00e4n kuitenkin muistutti siit\u00e4, ett\u00e4 toisaalta toimimme t\u00e4ss\u00e4 hetkess\u00e4, mink\u00e4 johdosta selontekoon on nostettu uusia painopisteit\u00e4, kuten ilmastonmuutos, digitalisaatio ja terveysturvallisuus.<\/p>\n<p>Sek\u00e4 esitetty kritiikki ett\u00e4 ulkoministerin kommentti ovat liev\u00e4sti harhaanjohtavia, sill\u00e4 ilmastonmuutos ei ole nykyisen hallituksen esiin nostama \u201duusi\u201d teema. Sit\u00e4 k\u00e4siteltiin kattavasti my\u00f6s esimerkiksi vuoden 2009 selonteossa. Siin\u00e4 ilmastonmuutos esitettiin muun muassa luonnonvarojen niukkuuden ja v\u00e4est\u00f6liikkeiden ohella osana maailmanlaajuisia kysymyksi\u00e4, joita ei tuolloin n\u00e4hty Suomelle suoranaisina turvallisuusuhkina, mutta joiden tiedettiin kehittyess\u00e4\u00e4n aiheuttavan laajamittaista tuhoa ja konflikteja sek\u00e4 horjuttavan yhteiskuntien vakautta. Siten niiden katsottiin vaikuttavan Suomeakin koskettavaan turvallisuuskehitykseen.<\/p>\n<p>Uusimmassa selonteossa n\u00e4ht\u00e4viss\u00e4 oleva laaja turvallisuusk\u00e4sitys, joka ottaa sotilaallisten uhkien sek\u00e4 valtioiden v\u00e4lisen kilpailun ja j\u00e4nnitteiden ohella huomioon globaaleja haasteita, on siis vaikuttanut suomalaisen ulko- ja turvallisuuspolitiikan taustalla jo vuosia.<\/p>\n<p>Leimallista n\u00e4ille globaaleille ilmi\u00f6ille on se, ett\u00e4 ne kytkeytyv\u00e4t toisiinsa aiempaa tiiviimmin. Siksi uusimmassa(kin) selonteossa korostettavan yhteisty\u00f6n t\u00e4rkeys on ilmeist\u00e4: \u201dSuomen ulko- ja turvallisuuspolitiikassa on keskeist\u00e4\u0308 turvallisuuden vahvistaminen Suomessa, la\u0308hialueillamme, Euroopassa ja maailmassa. Kaikki n\u00e4m\u00e4\u0308 tasot ovat t\u00e4rkeit\u00e4\u0308 ja linkittyv\u00e4t toisiinsa. Turvallisuutta vahvistetaan kansallisin toimin ja kansainv\u00e4lisell\u00e4\u0308 yhteisty\u00f6ll\u00e4\u0308. Yhteisty\u00f6n ja yhteisen vastuunkannon merkitys on globaalien haasteiden kasvaessa yh\u00e4\u0308 t\u00e4rke\u00e4mp\u00e4\u00e4\u0308.\u201d<\/p>\n<p>Toisin sanoen yksik\u00e4\u00e4n maa ei pysty ratkaisemaan t\u00e4m\u00e4n p\u00e4iv\u00e4n ongelmia tai saavuttamaan turvallisuuttaa yksin. Kaikkien panosta tarvitaan ja odotetaan.<\/p>\n<p><em><strong>Pohjoisen kuplan toisella puolen <\/strong><\/em><\/p>\n<p>Miss\u00e4 m\u00e4\u00e4rin ilmastonmuutos n\u00e4hd\u00e4\u00e4n turvallisuusuhkana muualla maailmassa?<\/p>\n<p>Euroopan unionin viimeisimm\u00e4ss\u00e4 globaalistrategiassa (2016) ilmastonmuutos mainitaan terrorismin, hybridiuhkien, talouden ep\u00e4vakauden ja energiahuollon ohella keskeisimpin\u00e4 unionin aluetta ja kansalaisia uhkaavana ilmi\u00f6n\u00e4. Unionin yhteisen turvallisuus- ja puolustuspolitiikan haasteita ja trendej\u00e4 luotaavassa artikkelissaan EU:n turvallisuustutkimuksen instituutin (EUISS) johtaja Gustav Lindstr\u00f6m taas nostaa ilmastonmuutoksen ensimm\u00e4iseksi EU:n kriisinhallintaoperaatioita 2020-luvulla muokkaavista tekij\u00f6ist\u00e4.<\/p>\n<p>Donald Trumpin kaudella takapakkia ottaneesta Yhdysvaltojen ilmasto- ja ymp\u00e4rist\u00f6politiikasta huolimatta esimerkiksi vuonna 2014 joukko entisi\u00e4 kenraaleja ja sotilasneuvonantajia tuotti ilmastonmuutosta k\u00e4sittelev\u00e4n <a href=\"http:\/\/sdg.iisd.org\/news\/military-advisory-board-identifies-climate-change-as-security-threat\/\" target=\"_blank\" rel=\"noopener noreferrer\">raportin<\/a>, jossa ilmastonmuutos esitet\u00e4\u00e4n uhkana kansalliselle turvallisuudelle. Tuleva presidentti Joe Biden on samoilla linjoilla. H\u00e4n on todennut ilmastonmuutoksen uhkaavan koko ihmiskunnan olemassaoloa ja luvannut tuoda Yhdysvallat takaisin Pariisin ilmastosopimukseen.<\/p>\n<p>Maailman talousfoorumin tammikuussa julkaiseman <a href=\"https:\/\/www.weforum.org\/reports\/the-global-risks-report-2020\" target=\"_blank\" rel=\"noopener noreferrer\">raportin<\/a> mukaan vuonna 2020 viisi todenn\u00e4k\u00f6isint\u00e4 globaalia riski\u00e4 olivat ensimm\u00e4ist\u00e4 kertaa kaikki ymp\u00e4rist\u00f6\u00f6n liittyvi\u00e4.<\/p>\n<p>Tuorein esimerkki on Punaisen Ristin ja Punaisen Puolikuun yhdistysten kansainv\u00e4lisen liiton (IFRC) marraskuussa julkaisema <a href=\"https:\/\/media.ifrc.org\/ifrc\/world-disaster-report-2020\/\" target=\"_blank\" rel=\"noopener noreferrer\">Maailman katastrofiraportti 2020<\/a>, joka on kokonaisuudessaan omistettu ilmastonmuutoksen aiheuttamille ongelmille. IFRC:n vuoteen 2030 ulottuvassa strategiassa puolestaan maailman merkitt\u00e4vimm\u00e4t humanitaariset toimijat ovat nostaneet ilmastonmuutoksen ensimm\u00e4iseksi viidest\u00e4 t\u00e4rkeimm\u00e4st\u00e4 globaalista haasteesta.<\/p>\n<p>IFRC:n raportin luvut ovat karuja. Viimeisten kymmenen vuoden aikana 83 prosenttia kaikista luonnononnettomuuksien aiheuttamista katastrofeista johtui s\u00e4\u00e4n ja ilmaston \u00e4\u00e4ri-ilmi\u00f6ist\u00e4, kuten tulvista, myrskyist\u00e4 ja l\u00e4mp\u00f6aalloista. N\u00e4m\u00e4 katastrofit vaikuttivat l\u00e4hes 1,8 miljardin ihmisen el\u00e4m\u00e4\u00e4n. Esimerkiksi vuonna 2019 noin 24 miljoonaa ihmist\u00e4 joutui l\u00e4htem\u00e4\u00e4n kotiseuduiltaan ilmasto- ja s\u00e4\u00e4ilmi\u00f6iden seurauksena.<\/p>\n<p>Nykyisell\u00e4 vauhdilla vuoteen 2050 menness\u00e4 200 miljoonan ihmisen arvioidaan tarvitsevan vuosittain humanitaarista apua pelk\u00e4st\u00e4\u00e4n s\u00e4\u00e4ilmi\u00f6iden takia. T\u00e4h\u00e4n tulevat p\u00e4\u00e4lle ne miljoonat, jotka k\u00e4rsiv\u00e4t ilmastonmuutoksen aiheuttamien ja k\u00e4rjist\u00e4mien konfliktien seurauksena.<\/p>\n<p>Ilmastonmuutospuheen varjoon j\u00e4\u00e4 usein ihmisen aiheuttama luonnon monimuotoisuuden k\u00f6yhtyminen sek\u00e4 sen yhteydet globaaliin talouteen ja t\u00e4t\u00e4 kautta yhteiskuntien vakauteen. Yli puolet globaalista bruttokansantuotteesta perustuu luonnon tarjoamiin aineellisiin ja aineettomiin ekosysteemipalveluihin, kuten ravinto, vesi, l\u00e4\u00e4ke- ja rakennusaineet sek\u00e4 virkistysmahdollisuudet. Ilmastonmuutos ja monimuotoisuuden k\u00f6yhtyminen ovat ongelmia, jotka pahentavat toisiaan ja joiden etenemist\u00e4 tulisi pyrki\u00e4 est\u00e4m\u00e4\u00e4n yht\u00e4 voimallisesti.<\/p>\n<p><img loading=\"lazy\" decoding=\"async\" class=\"aligncenter wp-image-4332\" src=\"https:\/\/kylkirauta.fi\/wp-content\/uploads\/2020\/11\/warming-2370285_1920-300x200.jpg\" alt=\"\" width=\"700\" height=\"466\" srcset=\"https:\/\/kylkirauta.fi\/wp-content\/uploads\/2020\/11\/warming-2370285_1920-300x200.jpg 300w, https:\/\/kylkirauta.fi\/wp-content\/uploads\/2020\/11\/warming-2370285_1920-1030x686.jpg 1030w, https:\/\/kylkirauta.fi\/wp-content\/uploads\/2020\/11\/warming-2370285_1920-768x512.jpg 768w, https:\/\/kylkirauta.fi\/wp-content\/uploads\/2020\/11\/warming-2370285_1920-1536x1023.jpg 1536w, https:\/\/kylkirauta.fi\/wp-content\/uploads\/2020\/11\/warming-2370285_1920-1500x999.jpg 1500w, https:\/\/kylkirauta.fi\/wp-content\/uploads\/2020\/11\/warming-2370285_1920-705x470.jpg 705w, https:\/\/kylkirauta.fi\/wp-content\/uploads\/2020\/11\/warming-2370285_1920.jpg 1920w\" sizes=\"auto, (max-width: 700px) 100vw, 700px\" \/><\/p>\n<p><em><strong>Skenaarioita maailmalla ja Suomessa<\/strong><\/em><\/p>\n<p>T\u00e4ll\u00e4 hetkell\u00e4 maailman maat yritt\u00e4v\u00e4t pit\u00e4\u00e4 globaalin l\u00e4mp\u00f6tilannousun alle 1,5 celsiusasteessa verrattuna esiteolliseen aikaan. Se on kunnianhimoinen tavoite ottaen huomioon t\u00e4h\u00e4n menness\u00e4 toteutetut vaatimattomat ehk\u00e4isev\u00e4t toimet ja niiden hitauden. Tiedeyhteis\u00f6n arvioiden mukaan 1,5 asteen l\u00e4mp\u00f6tilannousu saavutetaan todenn\u00e4k\u00f6isesti 2030\u20132040-lukujen aikana. Nykyvauhdilla valtioiden p\u00e4\u00e4st\u00f6v\u00e4hennyssitoumukset johtanevat noin 3 asteen l\u00e4mpenemiseen.<\/p>\n<p>Asteen tai puolen ero suuntaan tai toiseen voi tuntua pienelt\u00e4. K\u00e4yt\u00e4nn\u00f6ss\u00e4 ero 2:n ja 1,5 asteen l\u00e4mpenemisen v\u00e4lill\u00e4 on kuitenkin vastaava kuin esimerkiksi ero sen v\u00e4lill\u00e4, ett\u00e4 maailman koralliriutat joko tuhoutuvat tai mahdollisesti noin 70 prosenttia niist\u00e4 pysyy elossa.<\/p>\n<p>Huonoimmissa skenaarioissa maapallon l\u00e4mp\u00f6tila nousee yli 3 astetta. Viiden asteen l\u00e4mp\u00f6tilannousu saattaisi johtaa pilvien hajoamiseen ilmakeh\u00e4n hiilidioksidim\u00e4\u00e4r\u00e4n takia, jolloin ne eiv\u00e4t en\u00e4\u00e4 tarjoaisi suojaavaa varjopeitett\u00e4. T\u00e4m\u00e4 johtaisi lopulta 8 asteen l\u00e4mp\u00f6tilannousuun. Ihmiset todenn\u00e4k\u00f6isesti asuttaisivat maapalloa silloinkin, mutta heit\u00e4 olisi huomattavasti v\u00e4hemm\u00e4n ja el\u00e4m\u00e4 olisi karua.<\/p>\n<p>Maaj\u00e4rjestelm\u00e4tieteen professori Myles Allen Oxfordin yliopistosta on kuitenkin todennut, ettei h\u00e4n usko nyky-yhteiskuntien selvi\u00e4v\u00e4n viiden asteen l\u00e4mp\u00f6tilannousuun. H\u00e4n on omien sanojensa mukaan enemm\u00e4n huolissaan geopolitiikasta, kun ilmastonmuutoksen ep\u00e4oikeudenmukaisuudet nousevat esiin l\u00e4mp\u00f6tilan noustessa kahdesta kolmeen asteeseen.<\/p>\n<p>T\u00e4m\u00e4n takia my\u00f6sk\u00e4\u00e4n Suomessa kenenk\u00e4\u00e4n ei kannata kuvitella, etteiv\u00e4tk\u00f6 ilmasto- ja ymp\u00e4rist\u00f6kysymykset olisi my\u00f6s turvallisuuskysymyksi\u00e4. Niin muuttuva ilmasto kuin toimet ilmastonmuutoksen hillitsemiseksi aiheuttavat ep\u00e4varmuutta ja riskej\u00e4.<\/p>\n<p>Ilmastonmuutos lis\u00e4\u00e4 \u00e4\u00e4rimm\u00e4isten ja poikkeavien s\u00e4\u00e4ilmi\u00f6iden aiheuttamia riskej\u00e4 n\u00e4iden ilmi\u00f6iden esiintymistiheyden ja voimakkuuden kasvun my\u00f6t\u00e4. Se tuo uusia, asteittain kasvavia suoria riskej\u00e4 ekosysteemeille ja infrastruktuurille Suomessa.<\/p>\n<p>Lis\u00e4ksi ilmastonmuutoksen vaikutukset muualla voivat heijastua ep\u00e4suorasti Suomeen globaalien tavara-, energia, raha- ja ihmisvirtojen kautta. Ilmastonmuutos voi vaikuttaa huoltovarmuuteen, aiheuttaa muutoksia talouden rakenteisiin ja saada aikaan alueellisia tai laajempiakin kriisitilanteita.<\/p>\n<p>Esimerkiksi arktinen alue on Suomelle konkreettinen turvallisuuskysymys. Alue l\u00e4mpenee kaksi tai kolme kertaa nopeammin kuin maapallo keskim\u00e4\u00e4rin. Ilmaston l\u00e4mmetess\u00e4 arktisen alueen luonnonvarojen ja merireittien hy\u00f6dynt\u00e4minen helpottuu, mik\u00e4 muuttaa alueen geopoliittista merkityst\u00e4 huomattavasti. Lis\u00e4ksi pohjoisen Suomen perinteisten elinkeinojen ja saamelaisten oikeuksien vaarantuminen tuottavat sis\u00e4isen turvallisuuden haasteita.<\/p>\n<p>Ilmastonmuutoksen uhkiin vastatakseen Suomen lis\u00e4ksi ainakin Bhutan, Chile, Costa Rica, Espanja, Etel\u00e4-Afrikka, Etel\u00e4-Korea, Fid\u017ei, Irlanti, Islanti, Iso-Britannia, It\u00e4valta, Japani, Kiina, Marshallinsaaret, Norja, Portugali, Ranska, Ruotsi, Saksa, Singapore, Slovakia, Sveitsi, Tanska, Unkari, Uruguay, Uusi-Seelanti ja Yhdysvallat ovat linjanneet t\u00e4ht\u00e4\u00e4v\u00e4ns\u00e4 tuotannoltaan hiilineutraaliksi viimeist\u00e4\u00e4n vuoteen 2060 menness\u00e4. Tulevaisuudessa ep\u00e4vakautta tuleekin aiheuttamaan se, jos suurten hiilen- ja \u00f6ljyntuottajavaltioiden pit\u00e4\u00e4 sopeutua kysynn\u00e4n v\u00e4henemiseen. Suomella on naapurinaan t\u00e4llainen valtio.<\/p>\n<p>On selv\u00e4\u00e4, ett\u00e4 mainittuihin uhkiin varautuminen edellytt\u00e4\u00e4 ennakointia, varautumista sek\u00e4 viranomaisten v\u00e4list\u00e4 tiivist\u00e4 yhteisty\u00f6t\u00e4. Siksi ilmastouhkaa koskevan tietoisuuden lis\u00e4\u00e4ntymisen tuleekin n\u00e4ky\u00e4 my\u00f6s Suomen ulko- ja turvallisuuspolitiikassa.<\/p>\n<p style=\"text-align: center;\">***<\/p>\n<p><strong><em>K\u00e4ytetyt l\u00e4hteet:<\/em><\/strong><\/p>\n<p><em><a href=\"http:\/\/urn.fi\/URN:ISBN:978-952-287-876-2\" target=\"_blank\" rel=\"noopener noreferrer\">Valtioneuvoston ulko- ja turvallisuuspoliittinen selonteko 2020 (linkki)<\/a><\/em><br \/>\n<em>International Institute for Sustainable Development 21.5.2014: <a href=\"http:\/\/sdg.iisd.org\/news\/military-advisory-board-identifies-climate-change-as-security-threat\/\" target=\"_blank\" rel=\"noopener noreferrer\">Military Advisory Board Identifies Climate Change as Security Threat (linkki)<\/a><\/em><br \/>\n<em>World Economic Forum: <a href=\"https:\/\/www.weforum.org\/reports\/the-global-risks-report-2020\" target=\"_blank\" rel=\"noopener noreferrer\">The Global Risks Report 2020 (linkki)<\/a><\/em><br \/>\n<em>International Federation of Red Cross and Red Crescent Societies (IFRC): <a href=\"https:\/\/media.ifrc.org\/ifrc\/world-disaster-report-2020\/\" target=\"_blank\" rel=\"noopener noreferrer\">World Disaster Report 2020 (linkki)<\/a><\/em><\/p>\n<p><em><strong>Yhteydenotot:<\/strong> johanna.suhonen(at)kylkirauta.fi.<\/em><\/p>\n<\/div><\/section><\/p><\/div><div  class='hr av-24tmga-ca34d41ef5ec5fc4314b98a56dee3817 hr-default  avia-builder-el-5  el_after_av_one_full  avia-builder-el-last '><span class='hr-inner '><span class=\"hr-inner-style\"><\/span><\/span><\/div><\/p>\n","protected":false},"excerpt":{"rendered":"","protected":false},"author":3,"featured_media":4330,"comment_status":"closed","ping_status":"closed","sticky":false,"template":"","format":"standard","meta":{"footnotes":""},"categories":[3,39],"tags":[],"class_list":["post-4325","post","type-post","status-publish","format-standard","has-post-thumbnail","hentry","category-blogi","category-blogi-2020"],"yoast_head":"<!-- This site is optimized with the Yoast SEO plugin v27.5 - https:\/\/yoast.com\/product\/yoast-seo-wordpress\/ -->\n<title>T\u00e4hyst\u00e4j\u00e4: Tuulesta temmattua ulko- ja turvallisuuspolitiikkaa? - Kylkirauta<\/title>\n<meta name=\"robots\" content=\"index, follow, max-snippet:-1, max-image-preview:large, max-video-preview:-1\" \/>\n<link rel=\"canonical\" href=\"https:\/\/kylkirauta.fi\/index.php\/2020\/11\/30\/tahystaja-tuulesta-temmattua-ulko-ja-turvallisuuspolitiikkaa\/\" \/>\n<meta property=\"og:locale\" content=\"fi_FI\" \/>\n<meta property=\"og:type\" content=\"article\" \/>\n<meta property=\"og:title\" content=\"T\u00e4hyst\u00e4j\u00e4: Tuulesta temmattua ulko- ja turvallisuuspolitiikkaa? - Kylkirauta\" \/>\n<meta property=\"og:url\" content=\"https:\/\/kylkirauta.fi\/index.php\/2020\/11\/30\/tahystaja-tuulesta-temmattua-ulko-ja-turvallisuuspolitiikkaa\/\" \/>\n<meta property=\"og:site_name\" content=\"Kylkirauta\" \/>\n<meta property=\"article:published_time\" content=\"2020-11-30T14:17:16+00:00\" \/>\n<meta property=\"article:modified_time\" content=\"2020-12-08T06:30:14+00:00\" \/>\n<meta property=\"og:image\" content=\"https:\/\/kylkirauta.fi\/wp-content\/uploads\/2020\/11\/Fire-artikkeli-30112020-1.png\" \/>\n\t<meta property=\"og:image:width\" content=\"843\" \/>\n\t<meta property=\"og:image:height\" content=\"487\" \/>\n\t<meta property=\"og:image:type\" content=\"image\/png\" \/>\n<meta name=\"author\" content=\"Kari Sainio\" \/>\n<meta name=\"twitter:card\" content=\"summary_large_image\" \/>\n<meta name=\"twitter:label1\" content=\"Kirjoittanut\" \/>\n\t<meta name=\"twitter:data1\" content=\"Kari Sainio\" \/>\n\t<meta name=\"twitter:label2\" content=\"Arvioitu lukuaika\" \/>\n\t<meta name=\"twitter:data2\" content=\"9 minuuttia\" \/>\n<script type=\"application\/ld+json\" class=\"yoast-schema-graph\">{\"@context\":\"https:\\\/\\\/schema.org\",\"@graph\":[{\"@type\":\"Article\",\"@id\":\"https:\\\/\\\/kylkirauta.fi\\\/index.php\\\/2020\\\/11\\\/30\\\/tahystaja-tuulesta-temmattua-ulko-ja-turvallisuuspolitiikkaa\\\/#article\",\"isPartOf\":{\"@id\":\"https:\\\/\\\/kylkirauta.fi\\\/index.php\\\/2020\\\/11\\\/30\\\/tahystaja-tuulesta-temmattua-ulko-ja-turvallisuuspolitiikkaa\\\/\"},\"author\":{\"name\":\"Kari Sainio\",\"@id\":\"https:\\\/\\\/kylkirauta.fi\\\/#\\\/schema\\\/person\\\/714ab39a349c656b20d60a239be1d6f6\"},\"headline\":\"T\u00e4hyst\u00e4j\u00e4: Tuulesta temmattua ulko- ja turvallisuuspolitiikkaa?\",\"datePublished\":\"2020-11-30T14:17:16+00:00\",\"dateModified\":\"2020-12-08T06:30:14+00:00\",\"mainEntityOfPage\":{\"@id\":\"https:\\\/\\\/kylkirauta.fi\\\/index.php\\\/2020\\\/11\\\/30\\\/tahystaja-tuulesta-temmattua-ulko-ja-turvallisuuspolitiikkaa\\\/\"},\"wordCount\":1611,\"image\":{\"@id\":\"https:\\\/\\\/kylkirauta.fi\\\/index.php\\\/2020\\\/11\\\/30\\\/tahystaja-tuulesta-temmattua-ulko-ja-turvallisuuspolitiikkaa\\\/#primaryimage\"},\"thumbnailUrl\":\"https:\\\/\\\/kylkirauta.fi\\\/wp-content\\\/uploads\\\/2020\\\/11\\\/Fire-artikkeli-30112020-1.png\",\"articleSection\":[\"Blogi\",\"Blogi 2020\"],\"inLanguage\":\"fi\"},{\"@type\":\"WebPage\",\"@id\":\"https:\\\/\\\/kylkirauta.fi\\\/index.php\\\/2020\\\/11\\\/30\\\/tahystaja-tuulesta-temmattua-ulko-ja-turvallisuuspolitiikkaa\\\/\",\"url\":\"https:\\\/\\\/kylkirauta.fi\\\/index.php\\\/2020\\\/11\\\/30\\\/tahystaja-tuulesta-temmattua-ulko-ja-turvallisuuspolitiikkaa\\\/\",\"name\":\"T\u00e4hyst\u00e4j\u00e4: Tuulesta temmattua ulko- ja turvallisuuspolitiikkaa? - Kylkirauta\",\"isPartOf\":{\"@id\":\"https:\\\/\\\/kylkirauta.fi\\\/#website\"},\"primaryImageOfPage\":{\"@id\":\"https:\\\/\\\/kylkirauta.fi\\\/index.php\\\/2020\\\/11\\\/30\\\/tahystaja-tuulesta-temmattua-ulko-ja-turvallisuuspolitiikkaa\\\/#primaryimage\"},\"image\":{\"@id\":\"https:\\\/\\\/kylkirauta.fi\\\/index.php\\\/2020\\\/11\\\/30\\\/tahystaja-tuulesta-temmattua-ulko-ja-turvallisuuspolitiikkaa\\\/#primaryimage\"},\"thumbnailUrl\":\"https:\\\/\\\/kylkirauta.fi\\\/wp-content\\\/uploads\\\/2020\\\/11\\\/Fire-artikkeli-30112020-1.png\",\"datePublished\":\"2020-11-30T14:17:16+00:00\",\"dateModified\":\"2020-12-08T06:30:14+00:00\",\"author\":{\"@id\":\"https:\\\/\\\/kylkirauta.fi\\\/#\\\/schema\\\/person\\\/714ab39a349c656b20d60a239be1d6f6\"},\"breadcrumb\":{\"@id\":\"https:\\\/\\\/kylkirauta.fi\\\/index.php\\\/2020\\\/11\\\/30\\\/tahystaja-tuulesta-temmattua-ulko-ja-turvallisuuspolitiikkaa\\\/#breadcrumb\"},\"inLanguage\":\"fi\",\"potentialAction\":[{\"@type\":\"ReadAction\",\"target\":[\"https:\\\/\\\/kylkirauta.fi\\\/index.php\\\/2020\\\/11\\\/30\\\/tahystaja-tuulesta-temmattua-ulko-ja-turvallisuuspolitiikkaa\\\/\"]}]},{\"@type\":\"ImageObject\",\"inLanguage\":\"fi\",\"@id\":\"https:\\\/\\\/kylkirauta.fi\\\/index.php\\\/2020\\\/11\\\/30\\\/tahystaja-tuulesta-temmattua-ulko-ja-turvallisuuspolitiikkaa\\\/#primaryimage\",\"url\":\"https:\\\/\\\/kylkirauta.fi\\\/wp-content\\\/uploads\\\/2020\\\/11\\\/Fire-artikkeli-30112020-1.png\",\"contentUrl\":\"https:\\\/\\\/kylkirauta.fi\\\/wp-content\\\/uploads\\\/2020\\\/11\\\/Fire-artikkeli-30112020-1.png\",\"width\":843,\"height\":487},{\"@type\":\"BreadcrumbList\",\"@id\":\"https:\\\/\\\/kylkirauta.fi\\\/index.php\\\/2020\\\/11\\\/30\\\/tahystaja-tuulesta-temmattua-ulko-ja-turvallisuuspolitiikkaa\\\/#breadcrumb\",\"itemListElement\":[{\"@type\":\"ListItem\",\"position\":1,\"name\":\"Home\",\"item\":\"https:\\\/\\\/kylkirauta.fi\\\/index.php\\\/home\\\/\"},{\"@type\":\"ListItem\",\"position\":2,\"name\":\"T\u00e4hyst\u00e4j\u00e4: Tuulesta temmattua ulko- ja turvallisuuspolitiikkaa?\"}]},{\"@type\":\"WebSite\",\"@id\":\"https:\\\/\\\/kylkirauta.fi\\\/#website\",\"url\":\"https:\\\/\\\/kylkirauta.fi\\\/\",\"name\":\"Kylkirauta\",\"description\":\"Kadettiupseerit yhteiskunnan palveluksessa\",\"potentialAction\":[{\"@type\":\"SearchAction\",\"target\":{\"@type\":\"EntryPoint\",\"urlTemplate\":\"https:\\\/\\\/kylkirauta.fi\\\/?s={search_term_string}\"},\"query-input\":{\"@type\":\"PropertyValueSpecification\",\"valueRequired\":true,\"valueName\":\"search_term_string\"}}],\"inLanguage\":\"fi\"},{\"@type\":\"Person\",\"@id\":\"https:\\\/\\\/kylkirauta.fi\\\/#\\\/schema\\\/person\\\/714ab39a349c656b20d60a239be1d6f6\",\"name\":\"Kari Sainio\",\"sameAs\":[\"http:\\\/\\\/www.kylkirauta.fi\"],\"url\":\"https:\\\/\\\/kylkirauta.fi\\\/index.php\\\/author\\\/karisain\\\/\"}]}<\/script>\n<!-- \/ Yoast SEO plugin. -->","yoast_head_json":{"title":"T\u00e4hyst\u00e4j\u00e4: Tuulesta temmattua ulko- ja turvallisuuspolitiikkaa? - Kylkirauta","robots":{"index":"index","follow":"follow","max-snippet":"max-snippet:-1","max-image-preview":"max-image-preview:large","max-video-preview":"max-video-preview:-1"},"canonical":"https:\/\/kylkirauta.fi\/index.php\/2020\/11\/30\/tahystaja-tuulesta-temmattua-ulko-ja-turvallisuuspolitiikkaa\/","og_locale":"fi_FI","og_type":"article","og_title":"T\u00e4hyst\u00e4j\u00e4: Tuulesta temmattua ulko- ja turvallisuuspolitiikkaa? - Kylkirauta","og_url":"https:\/\/kylkirauta.fi\/index.php\/2020\/11\/30\/tahystaja-tuulesta-temmattua-ulko-ja-turvallisuuspolitiikkaa\/","og_site_name":"Kylkirauta","article_published_time":"2020-11-30T14:17:16+00:00","article_modified_time":"2020-12-08T06:30:14+00:00","og_image":[{"width":843,"height":487,"url":"https:\/\/kylkirauta.fi\/wp-content\/uploads\/2020\/11\/Fire-artikkeli-30112020-1.png","type":"image\/png"}],"author":"Kari Sainio","twitter_card":"summary_large_image","twitter_misc":{"Kirjoittanut":"Kari Sainio","Arvioitu lukuaika":"9 minuuttia"},"schema":{"@context":"https:\/\/schema.org","@graph":[{"@type":"Article","@id":"https:\/\/kylkirauta.fi\/index.php\/2020\/11\/30\/tahystaja-tuulesta-temmattua-ulko-ja-turvallisuuspolitiikkaa\/#article","isPartOf":{"@id":"https:\/\/kylkirauta.fi\/index.php\/2020\/11\/30\/tahystaja-tuulesta-temmattua-ulko-ja-turvallisuuspolitiikkaa\/"},"author":{"name":"Kari Sainio","@id":"https:\/\/kylkirauta.fi\/#\/schema\/person\/714ab39a349c656b20d60a239be1d6f6"},"headline":"T\u00e4hyst\u00e4j\u00e4: Tuulesta temmattua ulko- ja turvallisuuspolitiikkaa?","datePublished":"2020-11-30T14:17:16+00:00","dateModified":"2020-12-08T06:30:14+00:00","mainEntityOfPage":{"@id":"https:\/\/kylkirauta.fi\/index.php\/2020\/11\/30\/tahystaja-tuulesta-temmattua-ulko-ja-turvallisuuspolitiikkaa\/"},"wordCount":1611,"image":{"@id":"https:\/\/kylkirauta.fi\/index.php\/2020\/11\/30\/tahystaja-tuulesta-temmattua-ulko-ja-turvallisuuspolitiikkaa\/#primaryimage"},"thumbnailUrl":"https:\/\/kylkirauta.fi\/wp-content\/uploads\/2020\/11\/Fire-artikkeli-30112020-1.png","articleSection":["Blogi","Blogi 2020"],"inLanguage":"fi"},{"@type":"WebPage","@id":"https:\/\/kylkirauta.fi\/index.php\/2020\/11\/30\/tahystaja-tuulesta-temmattua-ulko-ja-turvallisuuspolitiikkaa\/","url":"https:\/\/kylkirauta.fi\/index.php\/2020\/11\/30\/tahystaja-tuulesta-temmattua-ulko-ja-turvallisuuspolitiikkaa\/","name":"T\u00e4hyst\u00e4j\u00e4: Tuulesta temmattua ulko- ja turvallisuuspolitiikkaa? - Kylkirauta","isPartOf":{"@id":"https:\/\/kylkirauta.fi\/#website"},"primaryImageOfPage":{"@id":"https:\/\/kylkirauta.fi\/index.php\/2020\/11\/30\/tahystaja-tuulesta-temmattua-ulko-ja-turvallisuuspolitiikkaa\/#primaryimage"},"image":{"@id":"https:\/\/kylkirauta.fi\/index.php\/2020\/11\/30\/tahystaja-tuulesta-temmattua-ulko-ja-turvallisuuspolitiikkaa\/#primaryimage"},"thumbnailUrl":"https:\/\/kylkirauta.fi\/wp-content\/uploads\/2020\/11\/Fire-artikkeli-30112020-1.png","datePublished":"2020-11-30T14:17:16+00:00","dateModified":"2020-12-08T06:30:14+00:00","author":{"@id":"https:\/\/kylkirauta.fi\/#\/schema\/person\/714ab39a349c656b20d60a239be1d6f6"},"breadcrumb":{"@id":"https:\/\/kylkirauta.fi\/index.php\/2020\/11\/30\/tahystaja-tuulesta-temmattua-ulko-ja-turvallisuuspolitiikkaa\/#breadcrumb"},"inLanguage":"fi","potentialAction":[{"@type":"ReadAction","target":["https:\/\/kylkirauta.fi\/index.php\/2020\/11\/30\/tahystaja-tuulesta-temmattua-ulko-ja-turvallisuuspolitiikkaa\/"]}]},{"@type":"ImageObject","inLanguage":"fi","@id":"https:\/\/kylkirauta.fi\/index.php\/2020\/11\/30\/tahystaja-tuulesta-temmattua-ulko-ja-turvallisuuspolitiikkaa\/#primaryimage","url":"https:\/\/kylkirauta.fi\/wp-content\/uploads\/2020\/11\/Fire-artikkeli-30112020-1.png","contentUrl":"https:\/\/kylkirauta.fi\/wp-content\/uploads\/2020\/11\/Fire-artikkeli-30112020-1.png","width":843,"height":487},{"@type":"BreadcrumbList","@id":"https:\/\/kylkirauta.fi\/index.php\/2020\/11\/30\/tahystaja-tuulesta-temmattua-ulko-ja-turvallisuuspolitiikkaa\/#breadcrumb","itemListElement":[{"@type":"ListItem","position":1,"name":"Home","item":"https:\/\/kylkirauta.fi\/index.php\/home\/"},{"@type":"ListItem","position":2,"name":"T\u00e4hyst\u00e4j\u00e4: Tuulesta temmattua ulko- ja turvallisuuspolitiikkaa?"}]},{"@type":"WebSite","@id":"https:\/\/kylkirauta.fi\/#website","url":"https:\/\/kylkirauta.fi\/","name":"Kylkirauta","description":"Kadettiupseerit yhteiskunnan palveluksessa","potentialAction":[{"@type":"SearchAction","target":{"@type":"EntryPoint","urlTemplate":"https:\/\/kylkirauta.fi\/?s={search_term_string}"},"query-input":{"@type":"PropertyValueSpecification","valueRequired":true,"valueName":"search_term_string"}}],"inLanguage":"fi"},{"@type":"Person","@id":"https:\/\/kylkirauta.fi\/#\/schema\/person\/714ab39a349c656b20d60a239be1d6f6","name":"Kari Sainio","sameAs":["http:\/\/www.kylkirauta.fi"],"url":"https:\/\/kylkirauta.fi\/index.php\/author\/karisain\/"}]}},"_links":{"self":[{"href":"https:\/\/kylkirauta.fi\/index.php\/wp-json\/wp\/v2\/posts\/4325","targetHints":{"allow":["GET"]}}],"collection":[{"href":"https:\/\/kylkirauta.fi\/index.php\/wp-json\/wp\/v2\/posts"}],"about":[{"href":"https:\/\/kylkirauta.fi\/index.php\/wp-json\/wp\/v2\/types\/post"}],"author":[{"embeddable":true,"href":"https:\/\/kylkirauta.fi\/index.php\/wp-json\/wp\/v2\/users\/3"}],"replies":[{"embeddable":true,"href":"https:\/\/kylkirauta.fi\/index.php\/wp-json\/wp\/v2\/comments?post=4325"}],"version-history":[{"count":4,"href":"https:\/\/kylkirauta.fi\/index.php\/wp-json\/wp\/v2\/posts\/4325\/revisions"}],"predecessor-version":[{"id":4360,"href":"https:\/\/kylkirauta.fi\/index.php\/wp-json\/wp\/v2\/posts\/4325\/revisions\/4360"}],"wp:featuredmedia":[{"embeddable":true,"href":"https:\/\/kylkirauta.fi\/index.php\/wp-json\/wp\/v2\/media\/4330"}],"wp:attachment":[{"href":"https:\/\/kylkirauta.fi\/index.php\/wp-json\/wp\/v2\/media?parent=4325"}],"wp:term":[{"taxonomy":"category","embeddable":true,"href":"https:\/\/kylkirauta.fi\/index.php\/wp-json\/wp\/v2\/categories?post=4325"},{"taxonomy":"post_tag","embeddable":true,"href":"https:\/\/kylkirauta.fi\/index.php\/wp-json\/wp\/v2\/tags?post=4325"}],"curies":[{"name":"wp","href":"https:\/\/api.w.org\/{rel}","templated":true}]}}