{"id":3416,"date":"2020-04-11T08:24:54","date_gmt":"2020-04-11T08:24:54","guid":{"rendered":"https:\/\/kylkirauta.fi\/?p=3416"},"modified":"2020-06-14T07:56:16","modified_gmt":"2020-06-14T07:56:16","slug":"risto-sinkko-maanpuolustustahdon-tutkimuksesta-ja-kenraali-valtasen-elamantyosta","status":"publish","type":"post","link":"https:\/\/kylkirauta.fi\/index.php\/2020\/04\/11\/risto-sinkko-maanpuolustustahdon-tutkimuksesta-ja-kenraali-valtasen-elamantyosta\/","title":{"rendered":"Risto Sinkko: Maanpuolustustahdon tutkimuksesta ja kenraali Valtasen el\u00e4m\u00e4nty\u00f6st\u00e4"},"content":{"rendered":"<div id='full_slider_1'  class='avia-fullwidth-slider main_color avia-shadow   avia-builder-el-0  el_before_av_one_full  avia-builder-el-first   container_wrap sidebar_right'  ><div  class='avia-slideshow av-l9olo-eba87a12f940917775723c57f530a7d6 avia-slideshow-no scaling av_slideshow_full avia-slide-slider av-slideshow-ui av-control-default av-slideshow-manual av-loop-once av-loop-manual-endless av-default-height-applied   avia-slideshow-1' data-slideshow-options=\"{&quot;animation&quot;:&quot;slide&quot;,&quot;autoplay&quot;:false,&quot;loop_autoplay&quot;:&quot;once&quot;,&quot;interval&quot;:5,&quot;loop_manual&quot;:&quot;manual-endless&quot;,&quot;autoplay_stopper&quot;:false,&quot;noNavigation&quot;:false,&quot;bg_slider&quot;:false,&quot;keep_padding&quot;:false,&quot;hoverpause&quot;:false,&quot;show_slide_delay&quot;:0}\"  itemprop=\"image\" itemscope=\"itemscope\" itemtype=\"https:\/\/schema.org\/ImageObject\" ><ul class='avia-slideshow-inner ' style='padding-bottom: 22.6%;'><li  class='avia-slideshow-slide av-l9olo-eba87a12f940917775723c57f530a7d6__0  av-single-slide slide-1 slide-odd'><div data-rel='slideshow-1' class='avia-slide-wrap '   ><img decoding=\"async\" fetchpriority=\"high\" class=\"wp-image-3600 avia-img-lazy-loading-not-3600\"  src=\"https:\/\/kylkirauta.fi\/wp-content\/uploads\/2020\/05\/kylkirauta-otsake_1500px.png\" width=\"1500\" height=\"339\" title='kylkirauta-otsake_1500px' alt=''  itemprop=\"thumbnailUrl\" srcset=\"https:\/\/kylkirauta.fi\/wp-content\/uploads\/2020\/05\/kylkirauta-otsake_1500px.png 1500w, https:\/\/kylkirauta.fi\/wp-content\/uploads\/2020\/05\/kylkirauta-otsake_1500px-300x68.png 300w, https:\/\/kylkirauta.fi\/wp-content\/uploads\/2020\/05\/kylkirauta-otsake_1500px-1030x233.png 1030w, https:\/\/kylkirauta.fi\/wp-content\/uploads\/2020\/05\/kylkirauta-otsake_1500px-768x174.png 768w, https:\/\/kylkirauta.fi\/wp-content\/uploads\/2020\/05\/kylkirauta-otsake_1500px-705x159.png 705w\" sizes=\"(max-width: 1500px) 100vw, 1500px\" \/><\/div><\/li><\/ul><\/div><\/div><div id='after_full_slider_1'  class='main_color av_default_container_wrap container_wrap sidebar_right'  ><div class='container av-section-cont-open' ><div class='template-page content  av-content-small alpha units'><div class='post-entry post-entry-type-page post-entry-3416'><div class='entry-content-wrapper clearfix'>\n\n<style type=\"text\/css\" data-created_by=\"avia_inline_auto\" id=\"style-css-av-km4zs-0614ada41eb3461e6efbb361dfbae970\">\n.flex_column.av-km4zs-0614ada41eb3461e6efbb361dfbae970{\nborder-radius:0px 0px 0px 0px;\npadding:0px 0px 0px 0px;\n}\n<\/style>\n<div  class='flex_column av-km4zs-0614ada41eb3461e6efbb361dfbae970 av_one_full  avia-builder-el-1  el_after_av_slideshow_full  el_before_av_hr  avia-builder-el-first  first flex_column_div av-zero-column-padding  '     ><p>\n<style type=\"text\/css\" data-created_by=\"avia_inline_auto\" id=\"style-css-av-33c4rc-077412461b5f2362127dde21db9c8fb2\">\n#top .av-special-heading.av-33c4rc-077412461b5f2362127dde21db9c8fb2{\npadding-bottom:10px;\n}\nbody .av-special-heading.av-33c4rc-077412461b5f2362127dde21db9c8fb2 .av-special-heading-tag .heading-char{\nfont-size:25px;\n}\n.av-special-heading.av-33c4rc-077412461b5f2362127dde21db9c8fb2 .av-subheading{\nfont-size:15px;\n}\n<\/style>\n<div  class='av-special-heading av-33c4rc-077412461b5f2362127dde21db9c8fb2 av-special-heading-h3  avia-builder-el-2  el_before_av_hr  avia-builder-el-first '><h3 class='av-special-heading-tag'  itemprop=\"headline\"  >Maanpuolustustahdon tutkimuksesta ja kenraali Valtasen el\u00e4m\u00e4nty\u00f6st\u00e4<\/h3><div class=\"special-heading-border\"><div class=\"special-heading-inner-border\"><\/div><\/div><\/div><br \/>\n\n<style type=\"text\/css\" data-created_by=\"avia_inline_auto\" id=\"style-css-av-k5m7b9te-01401dd5e8beb25770de1be03f41ecf3\">\n#top .hr.hr-invisible.av-k5m7b9te-01401dd5e8beb25770de1be03f41ecf3{\nheight:30px;\n}\n<\/style>\n<div  class='hr av-k5m7b9te-01401dd5e8beb25770de1be03f41ecf3 hr-invisible  avia-builder-el-3  el_after_av_heading  el_before_av_textblock '><span class='hr-inner '><span class=\"hr-inner-style\"><\/span><\/span><\/div><br \/>\n<section  class='av_textblock_section av-k8d08-dea0f25c8df625cf22cbdeac32688808 '   itemscope=\"itemscope\" itemtype=\"https:\/\/schema.org\/BlogPosting\" itemprop=\"blogPost\" ><div class='avia_textblock'  itemprop=\"text\" ><div id=\"attachment_459\" style=\"width: 140px\" class=\"wp-caption alignleft\"><img loading=\"lazy\" decoding=\"async\" aria-describedby=\"caption-attachment-459\" class=\"wp-image-459\" src=\"https:\/\/kylkirauta.fi\/wp-content\/uploads\/2019\/10\/Sinkko_uusi.jpeg\" alt=\"\" width=\"130\" height=\"177\" srcset=\"https:\/\/kylkirauta.fi\/wp-content\/uploads\/2019\/10\/Sinkko_uusi.jpeg 369w, https:\/\/kylkirauta.fi\/wp-content\/uploads\/2019\/10\/Sinkko_uusi-221x300.jpeg 221w\" sizes=\"auto, (max-width: 130px) 100vw, 130px\" \/><p id=\"caption-attachment-459\" class=\"wp-caption-text\">ST Risto Sinkko<\/p><\/div>\n<p><strong>Kylkiraudan numerossa 1\/2020 sotatieteiden tohtori Jarkko Kosonen kirjoittaa maanpuolustustahdon tutkimuksesta ja referoi v\u00e4it\u00f6sty\u00f6ns\u00e4 ajatuksia (<a href=\"https:\/\/issuu.com\/kadetkunta\/docs\/kr_1_20_netti_ppd\/35?fr=sNDY1MTExODEyNzI\" target=\"_blank\" rel=\"noopener noreferrer\">linkki<\/a>). Kirjoitukseen on pujahtanut maanpuolustustahdon mittaamisessa kyselytutkimuksissa k\u00e4ytett\u00e4v\u00e4st\u00e4 kysymyksest\u00e4 valitettava virhe, joka n\u00e4ytt\u00e4\u00e4 j\u00e4\u00e4neen el\u00e4m\u00e4\u00e4n tutkijayhteis\u00f6ss\u00e4.<\/strong><\/p>\n<p><strong>Silloinen kapteeni Jaakko Valtanen ei k\u00e4ytt\u00e4nyt diplomity\u00f6ss\u00e4\u00e4n (<a href=\"http:\/\/digi.narc.fi\/digi\/slistaus.ka?ay=377578\" target=\"_blank\" rel=\"noopener noreferrer\">linkki<\/a>) vuonna 1954 ruotsalaisper\u00e4ist\u00e4 kysymyst\u00e4 \u201dJos Suomeen hy\u00f6k\u00e4t\u00e4\u00e4n, niin olisiko suomalaisten mielest\u00e4nne puolustauduttava aseellisesti kaikissa tilanteissa, vaikka lopputulos n\u00e4ytt\u00e4isi ep\u00e4varmalta.\u201d <\/strong><\/p>\n<p><strong>Maanpuolustuskorkeakoulun Johtamisen laitos julkaisi diplomity\u00f6n kommentoituna 50 vuotta my\u00f6hemmin julkaisusarjassaan (<a href=\"http:\/\/urn.fi\/URN:NBN:fi-fe2016050411385\" target=\"_blank\" rel=\"noopener noreferrer\">linkki<\/a>). Asiantila voidaan tarkistaa tuosta teoksesta.<\/strong><\/p>\n<p>Valtanen kyll\u00e4 tunsi ruotsalaista ajattelua ja tutkimusta. H\u00e4nen l\u00e4hdeluettelossaan on vuodelta 1953 mietint\u00f6 \u201dPsykologisk f\u00f6rsvarsberedskap. Opinionunders\u00f6kning f\u00f6retagen \u00e5r 1952\u201d. Valtasen tutkimuksessa oli 1950-luvun tilanteeseen keskeisesti sopivia kysymyksi\u00e4 muun muassa edellisist\u00e4 sodista ja selvitettiin mielipidett\u00e4 asek\u00e4tkenn\u00e4st\u00e4. Olennainen ja aikaisemmasta poikkeava uutuus Valtasen ty\u00f6ss\u00e4 oli se, ett\u00e4 sen osana toteutettiin ensimm\u00e4ist\u00e4 kertaa kvantitatiivinen survey-tutkimus puolustusvoimien tutkimusten osana.<\/p>\n<p>Maanpuolustustiedotuksen Suunnittelukunnan (MTS:n) tietojen mukaan Ruotsista lainattua ja k\u00e4\u00e4nnetty\u00e4 kysymyst\u00e4 k\u00e4ytettiin Suomessa ensimm\u00e4ist\u00e4 kertaa 1960-luvulla. MTS itse julkaisee vuosittaisissa raporteissaan ensimm\u00e4iset t\u00e4t\u00e4 kysymyst\u00e4 k\u00e4ytt\u00e4en saadut tulokset vuodelta 1970 ja seuraavat vuodelta 1971. Kysymyksen k\u00e4ytt\u00f6 vakiintui 1980-luvulla, jolloin sit\u00e4 k\u00e4ytettiin viisi kertaa.<\/p>\n<p><strong><em>Henkisen maanpuolustuksen komitea<\/em><\/strong><\/p>\n<p>Valtasen diplomity\u00f6 j\u00e4i punaleimaisena kassakaappeihin, mutta h\u00e4nen kyn\u00e4nj\u00e4lkens\u00e4 tuli esiin muilla tavoilla. Maahan perustettiin vuonna 1960 Henkisen maanpuolustuksen komitea (HMS), jonka p\u00e4\u00e4sihteeriksi Valtanen nimitettiin. Komiteaty\u00f6n perusteella ja sen ty\u00f6n jatkajana aloitti vuonna 1963 Henkisen maanpuolustuksen suunnittelukunta ja Valtanen jatkoi sen j\u00e4senen\u00e4.<\/p>\n<p>Henkisen maanpuolustuksen suunnittelukunnan ensimm\u00e4isess\u00e4 julkaisussa esitettiin useita tekij\u00f6it\u00e4, joiden katsottiin kuvaavan kansalaisten maanpuolustustahtoa: \u201dEdell\u00e4 luetelluista maanpuolustuksen henkiseen perustaan vaikuttavista tekij\u00f6ist\u00e4 komitea pit\u00e4\u00e4 t\u00e4rkeimpin\u00e4<\/p>\n<p>\u2013 suomalaisen kansanvallan perusarvoihin ja<\/p>\n<p>\u2013 valtakunnan puolueettomuuteen rakentuvaa kokonaisuutta.<\/p>\n<p>N\u00e4iden kahden oikein oivalletun tekij\u00e4n varaan on mahdollista rakentaa se yleinen mielipide, jonka seurauksena ovat mm.<\/p>\n<p><em>1) kansallinen omanarvontunto<\/em><\/p>\n<p><em>2) solidaarisuus voimassa olevaa yhteiskuntaj\u00e4rjestelm\u00e4\u00e4 kohtaan<\/em><\/p>\n<p><em>3) maan valtiollisen vapauden ja kansallisen riippumattomuuden arvostaminen<\/em><\/p>\n<p><em>4) yhteenkuuluvuuden tunne eri kansalaispiirien kesken<\/em><\/p>\n<p><em>5) luottamus maan johtoon ja sen poliittisiin toimenpiteisiin<\/em><\/p>\n<p><em>6) luottamus puolustusvoimiin ja sen sotilaallisiin mahdollisuuksiin kriisitilanteessa<\/em><\/p>\n<p><em>7) tietoisuus mahdollisen sodan vaikutuksista ja ennen kaikkea sellaisen sodan seurauksista, johon joudutaan valmistautumattomina<\/em><\/p>\n<p><em>8) usko oman maan asian oikeuteen kriisitilanteessa ja usko mahdollisen vihollisen asian v\u00e4\u00e4ryyteen<\/em><\/p>\n<p><em>9) kansalaisten \u2013 kriisitilanteessa v\u00e4ltt\u00e4m\u00e4t\u00f6n \u2013 kurinalainen tahto totella, tahto tehd\u00e4 ty\u00f6t\u00e4 ja tahto tarvittaessa taistella.<\/em><\/p>\n<p>T\u00e4t\u00e4 yleist\u00e4 mielipidett\u00e4 komitea kutsuu maanpuolustustahdoksi.\u201d<\/p>\n<p><img loading=\"lazy\" decoding=\"async\" class=\"alignleft wp-image-3423 \" src=\"https:\/\/kylkirauta.fi\/wp-content\/uploads\/2020\/04\/HMS.jpg\" alt=\"\" width=\"271\" height=\"367\" srcset=\"https:\/\/kylkirauta.fi\/wp-content\/uploads\/2020\/04\/HMS.jpg 240w, https:\/\/kylkirauta.fi\/wp-content\/uploads\/2020\/04\/HMS-221x300.jpg 221w\" sizes=\"auto, (max-width: 271px) 100vw, 271px\" \/>Komitean ty\u00f6 julkaistiin vuonna 1964 HMS:n ensimm\u00e4isen\u00e4 raporttina. Valtasen osuus oli komitean sihteerin\u00e4 n\u00e4iden m\u00e4\u00e4rittelyjen k\u00e4sittelyss\u00e4 keskeinen. 1960- ja -70-lukujen poliittisissa paineissa HMS toimi vain 11 vuotta. Arvatenkin maanpuolustustahdon mittareiden empiirinen kehitt\u00e4minen k\u00e4rsi tilanteesta. 1975 HMS:n toimintaa jatkoi tietyilt\u00e4 osin Maanpuolustustiedotuksen suunnittelukunta (MTS).<\/p>\n<p style=\"text-align: center;\">***<\/p>\n<p><em>L\u00e4hteit\u00e4 (linkit):<\/em><\/p>\n<p><a href=\"http:\/\/digi.narc.fi\/digi\/slistaus.ka?ay=377578\" target=\"_blank\" rel=\"noopener noreferrer\"><em>Valtanen, Jaakko: Maanpuolustushengen (-tahdon) kehitt\u00e4misen ja yll\u00e4pit\u00e4misen edellytykset ja mahdollisuudet erityisesti nuorison keskuudessa. Diplomity\u00f6, Sotakorkeakoulu 3.8.1954, Helsinki. <\/em><\/a><\/p>\n<p><em><a href=\"http:\/\/urn.fi\/URN:NBN:fi-fe2016050411385\" target=\"_blank\" rel=\"noopener noreferrer\">Huhtinen, Aki \u2013 Sinkko, Risto (toim.): Maanpuolustustahto tutkimuskohteena \u2013 Kylm\u00e4st\u00e4 sodasta informaatiosotaan, Maanpuolustuskorkeakoulu, Johtamisen laitos, Julkaisusarja 2 artikkelikokoelmat 12. Helsinki 2004.<\/a><\/em><\/p>\n<p><a href=\"http:\/\/urn.fi\/URN:ISBN:978-951-25-3093-9\" target=\"_blank\" rel=\"noopener noreferrer\"><em>Kosonen, Jarkko: Kansalaiset sotilaina ja maan puolustajina \u2013 Asevelvollisten sitoutuminen maanpuolustukseen ja sen eri teht\u00e4viin (linkki)\u201d\u00a0 V\u00e4it\u00f6skirja, Maanpuolustuskorkeakoulu 27.0.2019, Helsinki.<\/em><\/a><\/p>\n<p><em><strong>Risto Sinkko<\/strong><\/em><br \/>\n<em>ST, Senior Analyst, Insight360 Oy<\/em><\/p>\n<\/div><\/section><\/p><\/div>\n<div  class='hr av-6zsyz-b471ba5482e75b0a604afa4166a853a5 hr-default  avia-builder-el-5  el_after_av_one_full  el_before_av_blog '><span class='hr-inner '><span class=\"hr-inner-style\"><\/span><\/span><\/div>\n<div  class='av-alb-blogposts template-blog  '  itemscope=\"itemscope\" itemtype=\"https:\/\/schema.org\/Blog\" ><article class=\"post-entry post-entry-type-standard post-entry-8921 post-loop-1 post-parity-odd bloglist-simple with-slider post-8921 post type-post status-publish format-standard has-post-thumbnail hentry category-artikkeli category-artikkeli-2026\"  itemscope=\"itemscope\" itemtype=\"https:\/\/schema.org\/BlogPosting\" ><div class=\"blog-meta\"><\/div><div class='entry-content-wrapper clearfix standard-content'><header class=\"entry-content-header\"><h2 class='post-title entry-title '  itemprop=\"headline\" ><a href=\"https:\/\/kylkirauta.fi\/index.php\/2026\/04\/20\/kaaderilaulajien-julkaisutoiminta\/\" rel=\"bookmark\" title=\"Permanent Link: Kaaderilaulajien julkaisutoiminta\">Kaaderilaulajien julkaisutoiminta<span class=\"post-format-icon minor-meta\"><\/span><\/a><\/h2><span class=\"post-meta-infos\"><time class=\"date-container minor-meta updated\"  itemprop=\"datePublished\" datetime=\"2026-04-20T15:45:24+03:00\" >20.4.2026<\/time><span class=\"text-sep\">\/<\/span><span class=\"blog-categories minor-meta\">in <a href=\"https:\/\/kylkirauta.fi\/index.php\/category\/artikkeli\/\" rel=\"tag\">Artikkeli<\/a>, <a href=\"https:\/\/kylkirauta.fi\/index.php\/category\/artikkeli-2026\/\" rel=\"tag\">Artikkeli 2026<\/a><\/span><span class=\"text-sep\">\/<\/span><span class=\"blog-author minor-meta\">by <span class=\"entry-author-link\"  itemprop=\"author\" ><span class=\"author\"><span class=\"fn\"><a href=\"https:\/\/kylkirauta.fi\/index.php\/author\/karisain\/\" title=\"Kirjoittanut: Kari Sainio\" rel=\"author\">Kari Sainio<\/a><\/span><\/span><\/span><\/span><div class=\"read-more-link\"><a href=\"https:\/\/kylkirauta.fi\/index.php\/2026\/04\/20\/kaaderilaulajien-julkaisutoiminta\/\" class=\"more-link\">Read more<span class=\"more-link-arrow\"><\/span><\/a><\/div><\/span><\/header><footer class=\"entry-footer\"><\/footer><div class='post_delimiter'><\/div><\/div><div class=\"post_author_timeline\"><\/div><span class='hidden'>\n\t\t\t\t<span class='av-structured-data'  itemprop=\"image\" itemscope=\"itemscope\" itemtype=\"https:\/\/schema.org\/ImageObject\" >\n\t\t\t\t\t\t<span itemprop='url'>https:\/\/kylkirauta.fi\/wp-content\/uploads\/2026\/04\/Artikkeli-4-2026-2.jpg<\/span>\n\t\t\t\t\t\t<span itemprop='height'>487<\/span>\n\t\t\t\t\t\t<span itemprop='width'>843<\/span>\n\t\t\t\t<\/span>\n\t\t\t\t<span class='av-structured-data'  itemprop=\"publisher\" itemtype=\"https:\/\/schema.org\/Organization\" itemscope=\"itemscope\" >\n\t\t\t\t\t\t<span itemprop='name'>Kari Sainio<\/span>\n\t\t\t\t\t\t<span itemprop='logo' itemscope itemtype='https:\/\/schema.org\/ImageObject'>\n\t\t\t\t\t\t\t<span itemprop='url'>https:\/\/kylkirauta.fi\/wp-content\/uploads\/2020\/02\/kkunta_weblogo-100x100-1.png<\/span>\n\t\t\t\t\t\t<\/span>\n\t\t\t\t<\/span><span class='av-structured-data'  itemprop=\"author\" itemscope=\"itemscope\" itemtype=\"https:\/\/schema.org\/Person\" ><span itemprop='name'>Kari Sainio<\/span><\/span><span class='av-structured-data'  itemprop=\"datePublished\" datetime=\"2026-04-20T15:45:24+03:00\" >2026-04-20 15:45:24<\/span><span class='av-structured-data'  itemprop=\"dateModified\" itemtype=\"https:\/\/schema.org\/dateModified\" >2026-04-20 15:45:24<\/span><span class='av-structured-data'  itemprop=\"mainEntityOfPage\" itemtype=\"https:\/\/schema.org\/mainEntityOfPage\" ><span itemprop='name'>Kaaderilaulajien julkaisutoiminta<\/span><\/span><\/span><\/article><article class=\"post-entry post-entry-type-standard post-entry-8884 post-loop-2 post-parity-even bloglist-simple with-slider post-8884 post type-post status-publish format-standard has-post-thumbnail hentry category-artikkeli category-artikkeli-2026\"  itemscope=\"itemscope\" itemtype=\"https:\/\/schema.org\/BlogPosting\" ><div class=\"blog-meta\"><\/div><div class='entry-content-wrapper clearfix standard-content'><header class=\"entry-content-header\"><h2 class='post-title entry-title '  itemprop=\"headline\" ><a href=\"https:\/\/kylkirauta.fi\/index.php\/2026\/03\/27\/kaaderilaulajien-ukraina-tukikonsertit\/\" rel=\"bookmark\" title=\"Permanent Link: Kaaderilaulajien Ukraina-tukikonsertit\">Kaaderilaulajien Ukraina-tukikonsertit<span class=\"post-format-icon minor-meta\"><\/span><\/a><\/h2><span class=\"post-meta-infos\"><time class=\"date-container minor-meta updated\"  itemprop=\"datePublished\" datetime=\"2026-03-27T12:30:38+02:00\" >27.3.2026<\/time><span class=\"text-sep\">\/<\/span><span class=\"blog-categories minor-meta\">in <a href=\"https:\/\/kylkirauta.fi\/index.php\/category\/artikkeli\/\" rel=\"tag\">Artikkeli<\/a>, <a href=\"https:\/\/kylkirauta.fi\/index.php\/category\/artikkeli-2026\/\" rel=\"tag\">Artikkeli 2026<\/a><\/span><span class=\"text-sep\">\/<\/span><span class=\"blog-author minor-meta\">by <span class=\"entry-author-link\"  itemprop=\"author\" ><span class=\"author\"><span class=\"fn\"><a href=\"https:\/\/kylkirauta.fi\/index.php\/author\/karisain\/\" title=\"Kirjoittanut: Kari Sainio\" rel=\"author\">Kari Sainio<\/a><\/span><\/span><\/span><\/span><div class=\"read-more-link\"><a href=\"https:\/\/kylkirauta.fi\/index.php\/2026\/03\/27\/kaaderilaulajien-ukraina-tukikonsertit\/\" class=\"more-link\">Read more<span class=\"more-link-arrow\"><\/span><\/a><\/div><\/span><\/header><footer class=\"entry-footer\"><\/footer><div class='post_delimiter'><\/div><\/div><div class=\"post_author_timeline\"><\/div><span class='hidden'>\n\t\t\t\t<span class='av-structured-data'  itemprop=\"image\" itemscope=\"itemscope\" itemtype=\"https:\/\/schema.org\/ImageObject\" >\n\t\t\t\t\t\t<span itemprop='url'>https:\/\/kylkirauta.fi\/wp-content\/uploads\/2026\/03\/3-2026-artikkeli.jpg<\/span>\n\t\t\t\t\t\t<span itemprop='height'>487<\/span>\n\t\t\t\t\t\t<span itemprop='width'>843<\/span>\n\t\t\t\t<\/span>\n\t\t\t\t<span class='av-structured-data'  itemprop=\"publisher\" itemtype=\"https:\/\/schema.org\/Organization\" itemscope=\"itemscope\" >\n\t\t\t\t\t\t<span itemprop='name'>Kari Sainio<\/span>\n\t\t\t\t\t\t<span itemprop='logo' itemscope itemtype='https:\/\/schema.org\/ImageObject'>\n\t\t\t\t\t\t\t<span itemprop='url'>https:\/\/kylkirauta.fi\/wp-content\/uploads\/2020\/02\/kkunta_weblogo-100x100-1.png<\/span>\n\t\t\t\t\t\t<\/span>\n\t\t\t\t<\/span><span class='av-structured-data'  itemprop=\"author\" itemscope=\"itemscope\" itemtype=\"https:\/\/schema.org\/Person\" ><span itemprop='name'>Kari Sainio<\/span><\/span><span class='av-structured-data'  itemprop=\"datePublished\" datetime=\"2026-03-27T12:30:38+02:00\" >2026-03-27 12:30:38<\/span><span class='av-structured-data'  itemprop=\"dateModified\" itemtype=\"https:\/\/schema.org\/dateModified\" >2026-03-27 12:30:38<\/span><span class='av-structured-data'  itemprop=\"mainEntityOfPage\" itemtype=\"https:\/\/schema.org\/mainEntityOfPage\" ><span itemprop='name'>Kaaderilaulajien Ukraina-tukikonsertit<\/span><\/span><\/span><\/article><article class=\"post-entry post-entry-type-standard post-entry-8786 post-loop-3 post-parity-odd bloglist-simple with-slider post-8786 post type-post status-publish format-standard has-post-thumbnail hentry category-artikkeli category-artikkeli-2026\"  itemscope=\"itemscope\" itemtype=\"https:\/\/schema.org\/BlogPosting\" ><div class=\"blog-meta\"><\/div><div class='entry-content-wrapper clearfix standard-content'><header class=\"entry-content-header\"><h2 class='post-title entry-title '  itemprop=\"headline\" ><a href=\"https:\/\/kylkirauta.fi\/index.php\/2026\/02\/23\/risto-sinkko-eu-kansalaisten-nakemyksia-turvallisuudesta-ja-puolustuksesta\/\" rel=\"bookmark\" title=\"Permanent Link: Risto Sinkko: EU-kansalaisten n\u00e4kemyksi\u00e4 turvallisuudesta ja puolustuksesta\">Risto Sinkko: EU-kansalaisten n\u00e4kemyksi\u00e4 turvallisuudesta ja puolustuksesta<span class=\"post-format-icon minor-meta\"><\/span><\/a><\/h2><span class=\"post-meta-infos\"><time class=\"date-container minor-meta updated\"  itemprop=\"datePublished\" datetime=\"2026-02-23T17:08:33+02:00\" >23.2.2026<\/time><span class=\"text-sep\">\/<\/span><span class=\"blog-categories minor-meta\">in <a href=\"https:\/\/kylkirauta.fi\/index.php\/category\/artikkeli\/\" rel=\"tag\">Artikkeli<\/a>, <a href=\"https:\/\/kylkirauta.fi\/index.php\/category\/artikkeli-2026\/\" rel=\"tag\">Artikkeli 2026<\/a><\/span><span class=\"text-sep\">\/<\/span><span class=\"blog-author minor-meta\">by <span class=\"entry-author-link\"  itemprop=\"author\" ><span class=\"author\"><span class=\"fn\"><a href=\"https:\/\/kylkirauta.fi\/index.php\/author\/karisain\/\" title=\"Kirjoittanut: Kari Sainio\" rel=\"author\">Kari Sainio<\/a><\/span><\/span><\/span><\/span><div class=\"read-more-link\"><a href=\"https:\/\/kylkirauta.fi\/index.php\/2026\/02\/23\/risto-sinkko-eu-kansalaisten-nakemyksia-turvallisuudesta-ja-puolustuksesta\/\" class=\"more-link\">Read more<span class=\"more-link-arrow\"><\/span><\/a><\/div><\/span><\/header><footer class=\"entry-footer\"><\/footer><div class='post_delimiter'><\/div><\/div><div class=\"post_author_timeline\"><\/div><span class='hidden'>\n\t\t\t\t<span class='av-structured-data'  itemprop=\"image\" itemscope=\"itemscope\" itemtype=\"https:\/\/schema.org\/ImageObject\" >\n\t\t\t\t\t\t<span itemprop='url'>https:\/\/kylkirauta.fi\/wp-content\/uploads\/2026\/02\/Artikkeli-MSC-artikkeli.jpg<\/span>\n\t\t\t\t\t\t<span itemprop='height'>487<\/span>\n\t\t\t\t\t\t<span itemprop='width'>843<\/span>\n\t\t\t\t<\/span>\n\t\t\t\t<span class='av-structured-data'  itemprop=\"publisher\" itemtype=\"https:\/\/schema.org\/Organization\" itemscope=\"itemscope\" >\n\t\t\t\t\t\t<span itemprop='name'>Kari Sainio<\/span>\n\t\t\t\t\t\t<span itemprop='logo' itemscope itemtype='https:\/\/schema.org\/ImageObject'>\n\t\t\t\t\t\t\t<span itemprop='url'>https:\/\/kylkirauta.fi\/wp-content\/uploads\/2020\/02\/kkunta_weblogo-100x100-1.png<\/span>\n\t\t\t\t\t\t<\/span>\n\t\t\t\t<\/span><span class='av-structured-data'  itemprop=\"author\" itemscope=\"itemscope\" itemtype=\"https:\/\/schema.org\/Person\" ><span itemprop='name'>Kari Sainio<\/span><\/span><span class='av-structured-data'  itemprop=\"datePublished\" datetime=\"2026-02-23T17:08:33+02:00\" >2026-02-23 17:08:33<\/span><span class='av-structured-data'  itemprop=\"dateModified\" itemtype=\"https:\/\/schema.org\/dateModified\" >2026-02-23 17:29:54<\/span><span class='av-structured-data'  itemprop=\"mainEntityOfPage\" itemtype=\"https:\/\/schema.org\/mainEntityOfPage\" ><span itemprop='name'>Risto Sinkko: EU-kansalaisten n\u00e4kemyksi\u00e4 turvallisuudesta ja puolustuksesta<\/span><\/span><\/span><\/article><article class=\"post-entry post-entry-type-standard post-entry-8765 post-loop-4 post-parity-even bloglist-simple with-slider post-8765 post type-post status-publish format-standard has-post-thumbnail hentry category-artikkeli category-artikkeli-2026\"  itemscope=\"itemscope\" itemtype=\"https:\/\/schema.org\/BlogPosting\" ><div class=\"blog-meta\"><\/div><div class='entry-content-wrapper clearfix standard-content'><header class=\"entry-content-header\"><h2 class='post-title entry-title '  itemprop=\"headline\" ><a href=\"https:\/\/kylkirauta.fi\/index.php\/2026\/02\/15\/kaaderilaulajat-suomen-pojat-suomen-vapauden-ja-viron-kunnian-puolesta\/\" rel=\"bookmark\" title=\"Permanent Link: Kaaderilaulajat: Suomen pojat &#8211; Suomen vapauden ja Viron kunnian puolesta\">Kaaderilaulajat: Suomen pojat &#8211; Suomen vapauden ja Viron kunnian puolesta<span class=\"post-format-icon minor-meta\"><\/span><\/a><\/h2><span class=\"post-meta-infos\"><time class=\"date-container minor-meta updated\"  itemprop=\"datePublished\" datetime=\"2026-02-15T15:44:11+02:00\" >15.2.2026<\/time><span class=\"text-sep\">\/<\/span><span class=\"blog-categories minor-meta\">in <a href=\"https:\/\/kylkirauta.fi\/index.php\/category\/artikkeli\/\" rel=\"tag\">Artikkeli<\/a>, <a href=\"https:\/\/kylkirauta.fi\/index.php\/category\/artikkeli-2026\/\" rel=\"tag\">Artikkeli 2026<\/a><\/span><span class=\"text-sep\">\/<\/span><span class=\"blog-author minor-meta\">by <span class=\"entry-author-link\"  itemprop=\"author\" ><span class=\"author\"><span class=\"fn\"><a href=\"https:\/\/kylkirauta.fi\/index.php\/author\/karisain\/\" title=\"Kirjoittanut: Kari Sainio\" rel=\"author\">Kari Sainio<\/a><\/span><\/span><\/span><\/span><div class=\"read-more-link\"><a href=\"https:\/\/kylkirauta.fi\/index.php\/2026\/02\/15\/kaaderilaulajat-suomen-pojat-suomen-vapauden-ja-viron-kunnian-puolesta\/\" class=\"more-link\">Read more<span class=\"more-link-arrow\"><\/span><\/a><\/div><\/span><\/header><footer class=\"entry-footer\"><\/footer><div class='post_delimiter'><\/div><\/div><div class=\"post_author_timeline\"><\/div><span class='hidden'>\n\t\t\t\t<span class='av-structured-data'  itemprop=\"image\" itemscope=\"itemscope\" itemtype=\"https:\/\/schema.org\/ImageObject\" >\n\t\t\t\t\t\t<span itemprop='url'>https:\/\/kylkirauta.fi\/wp-content\/uploads\/2026\/02\/Kuva-3-1-2026-artikkeli.jpg<\/span>\n\t\t\t\t\t\t<span itemprop='height'>487<\/span>\n\t\t\t\t\t\t<span itemprop='width'>843<\/span>\n\t\t\t\t<\/span>\n\t\t\t\t<span class='av-structured-data'  itemprop=\"publisher\" itemtype=\"https:\/\/schema.org\/Organization\" itemscope=\"itemscope\" >\n\t\t\t\t\t\t<span itemprop='name'>Kari Sainio<\/span>\n\t\t\t\t\t\t<span itemprop='logo' itemscope itemtype='https:\/\/schema.org\/ImageObject'>\n\t\t\t\t\t\t\t<span itemprop='url'>https:\/\/kylkirauta.fi\/wp-content\/uploads\/2020\/02\/kkunta_weblogo-100x100-1.png<\/span>\n\t\t\t\t\t\t<\/span>\n\t\t\t\t<\/span><span class='av-structured-data'  itemprop=\"author\" itemscope=\"itemscope\" itemtype=\"https:\/\/schema.org\/Person\" ><span itemprop='name'>Kari Sainio<\/span><\/span><span class='av-structured-data'  itemprop=\"datePublished\" datetime=\"2026-02-15T15:44:11+02:00\" >2026-02-15 15:44:11<\/span><span class='av-structured-data'  itemprop=\"dateModified\" itemtype=\"https:\/\/schema.org\/dateModified\" >2026-02-15 15:49:07<\/span><span class='av-structured-data'  itemprop=\"mainEntityOfPage\" itemtype=\"https:\/\/schema.org\/mainEntityOfPage\" ><span itemprop='name'>Kaaderilaulajat: Suomen pojat &#8211; Suomen vapauden ja Viron kunnian puolesta<\/span><\/span><\/span><\/article><article class=\"post-entry post-entry-type-standard post-entry-8754 post-loop-5 post-parity-odd post-entry-last bloglist-simple with-slider post-8754 post type-post status-publish format-standard has-post-thumbnail hentry category-artikkeli category-artikkeli-2026\"  itemscope=\"itemscope\" itemtype=\"https:\/\/schema.org\/BlogPosting\" ><div class=\"blog-meta\"><\/div><div class='entry-content-wrapper clearfix standard-content'><header class=\"entry-content-header\"><h2 class='post-title entry-title '  itemprop=\"headline\" ><a href=\"https:\/\/kylkirauta.fi\/index.php\/2026\/01\/21\/kaaderilaulajista-kajahtaa\/\" rel=\"bookmark\" title=\"Permanent Link: Kaaderilaulajista kajahtaa\">Kaaderilaulajista kajahtaa<span class=\"post-format-icon minor-meta\"><\/span><\/a><\/h2><span class=\"post-meta-infos\"><time class=\"date-container minor-meta updated\"  itemprop=\"datePublished\" datetime=\"2026-01-21T18:17:28+02:00\" >21.1.2026<\/time><span class=\"text-sep\">\/<\/span><span class=\"blog-categories minor-meta\">in <a href=\"https:\/\/kylkirauta.fi\/index.php\/category\/artikkeli\/\" rel=\"tag\">Artikkeli<\/a>, <a href=\"https:\/\/kylkirauta.fi\/index.php\/category\/artikkeli-2026\/\" rel=\"tag\">Artikkeli 2026<\/a><\/span><span class=\"text-sep\">\/<\/span><span class=\"blog-author minor-meta\">by <span class=\"entry-author-link\"  itemprop=\"author\" ><span class=\"author\"><span class=\"fn\"><a href=\"https:\/\/kylkirauta.fi\/index.php\/author\/karisain\/\" title=\"Kirjoittanut: Kari Sainio\" rel=\"author\">Kari Sainio<\/a><\/span><\/span><\/span><\/span><div class=\"read-more-link\"><a href=\"https:\/\/kylkirauta.fi\/index.php\/2026\/01\/21\/kaaderilaulajista-kajahtaa\/\" class=\"more-link\">Read more<span class=\"more-link-arrow\"><\/span><\/a><\/div><\/span><\/header><footer class=\"entry-footer\"><\/footer><div class='post_delimiter'><\/div><\/div><div class=\"post_author_timeline\"><\/div><span class='hidden'>\n\t\t\t\t<span class='av-structured-data'  itemprop=\"image\" itemscope=\"itemscope\" itemtype=\"https:\/\/schema.org\/ImageObject\" >\n\t\t\t\t\t\t<span itemprop='url'>https:\/\/kylkirauta.fi\/wp-content\/uploads\/2026\/01\/Artikkeli-1-2026.jpg<\/span>\n\t\t\t\t\t\t<span itemprop='height'>487<\/span>\n\t\t\t\t\t\t<span itemprop='width'>843<\/span>\n\t\t\t\t<\/span>\n\t\t\t\t<span class='av-structured-data'  itemprop=\"publisher\" itemtype=\"https:\/\/schema.org\/Organization\" itemscope=\"itemscope\" >\n\t\t\t\t\t\t<span itemprop='name'>Kari Sainio<\/span>\n\t\t\t\t\t\t<span itemprop='logo' itemscope itemtype='https:\/\/schema.org\/ImageObject'>\n\t\t\t\t\t\t\t<span itemprop='url'>https:\/\/kylkirauta.fi\/wp-content\/uploads\/2020\/02\/kkunta_weblogo-100x100-1.png<\/span>\n\t\t\t\t\t\t<\/span>\n\t\t\t\t<\/span><span class='av-structured-data'  itemprop=\"author\" itemscope=\"itemscope\" itemtype=\"https:\/\/schema.org\/Person\" ><span itemprop='name'>Kari Sainio<\/span><\/span><span class='av-structured-data'  itemprop=\"datePublished\" datetime=\"2026-01-21T18:17:28+02:00\" >2026-01-21 18:17:28<\/span><span class='av-structured-data'  itemprop=\"dateModified\" itemtype=\"https:\/\/schema.org\/dateModified\" >2026-01-21 18:17:28<\/span><span class='av-structured-data'  itemprop=\"mainEntityOfPage\" itemtype=\"https:\/\/schema.org\/mainEntityOfPage\" ><span itemprop='name'>Kaaderilaulajista kajahtaa<\/span><\/span><\/span><\/article><div class='bloglist-simple'><nav class='pagination'><span class='pagination-meta'>Page 1 of 35<\/span><span class='current'>1<\/span><a href='https:\/\/kylkirauta.fi\/index.php\/wp-json\/wp\/v2\/posts\/3416\/page\/2\/' class='inactive next_page' >2<\/a><a href='https:\/\/kylkirauta.fi\/index.php\/wp-json\/wp\/v2\/posts\/3416\/page\/3\/' class='inactive' >3<\/a><a href='https:\/\/kylkirauta.fi\/index.php\/wp-json\/wp\/v2\/posts\/3416\/page\/2\/'>&rsaquo;<\/a><a href='https:\/\/kylkirauta.fi\/index.php\/wp-json\/wp\/v2\/posts\/3416\/page\/35\/'>&raquo;<\/a><\/nav>\n<\/div><\/div>\n","protected":false},"excerpt":{"rendered":"","protected":false},"author":3,"featured_media":0,"comment_status":"closed","ping_status":"closed","sticky":false,"template":"","format":"standard","meta":{"footnotes":""},"categories":[4,32,12],"tags":[],"class_list":["post-3416","post","type-post","status-publish","format-standard","hentry","category-artikkeli","category-artikkeli-2020","category-uusin-artikkeli"],"yoast_head":"<!-- This site is optimized with the Yoast SEO plugin v27.5 - https:\/\/yoast.com\/product\/yoast-seo-wordpress\/ -->\n<title>Risto Sinkko: Maanpuolustustahdon tutkimuksesta ja kenraali Valtasen el\u00e4m\u00e4nty\u00f6st\u00e4 - Kylkirauta<\/title>\n<meta name=\"robots\" content=\"index, follow, max-snippet:-1, max-image-preview:large, max-video-preview:-1\" \/>\n<link rel=\"canonical\" href=\"https:\/\/kylkirauta.fi\/index.php\/2020\/04\/11\/risto-sinkko-maanpuolustustahdon-tutkimuksesta-ja-kenraali-valtasen-elamantyosta\/\" \/>\n<meta property=\"og:locale\" content=\"fi_FI\" \/>\n<meta property=\"og:type\" content=\"article\" \/>\n<meta property=\"og:title\" content=\"Risto Sinkko: Maanpuolustustahdon tutkimuksesta ja kenraali Valtasen el\u00e4m\u00e4nty\u00f6st\u00e4 - Kylkirauta\" \/>\n<meta property=\"og:url\" content=\"https:\/\/kylkirauta.fi\/index.php\/2020\/04\/11\/risto-sinkko-maanpuolustustahdon-tutkimuksesta-ja-kenraali-valtasen-elamantyosta\/\" \/>\n<meta property=\"og:site_name\" content=\"Kylkirauta\" \/>\n<meta property=\"article:published_time\" content=\"2020-04-11T08:24:54+00:00\" \/>\n<meta property=\"article:modified_time\" content=\"2020-06-14T07:56:16+00:00\" \/>\n<meta property=\"og:image\" content=\"https:\/\/kylkirauta.fi\/wp-content\/uploads\/2019\/10\/Sinkko_uusi.jpeg\" \/>\n<meta name=\"author\" content=\"Kari Sainio\" \/>\n<meta name=\"twitter:card\" content=\"summary_large_image\" \/>\n<meta name=\"twitter:label1\" content=\"Kirjoittanut\" \/>\n\t<meta name=\"twitter:data1\" content=\"Kari Sainio\" \/>\n\t<meta name=\"twitter:label2\" content=\"Arvioitu lukuaika\" \/>\n\t<meta name=\"twitter:data2\" content=\"6 minuuttia\" \/>\n<script type=\"application\/ld+json\" class=\"yoast-schema-graph\">{\"@context\":\"https:\\\/\\\/schema.org\",\"@graph\":[{\"@type\":\"Article\",\"@id\":\"https:\\\/\\\/kylkirauta.fi\\\/index.php\\\/2020\\\/04\\\/11\\\/risto-sinkko-maanpuolustustahdon-tutkimuksesta-ja-kenraali-valtasen-elamantyosta\\\/#article\",\"isPartOf\":{\"@id\":\"https:\\\/\\\/kylkirauta.fi\\\/index.php\\\/2020\\\/04\\\/11\\\/risto-sinkko-maanpuolustustahdon-tutkimuksesta-ja-kenraali-valtasen-elamantyosta\\\/\"},\"author\":{\"name\":\"Kari Sainio\",\"@id\":\"https:\\\/\\\/kylkirauta.fi\\\/#\\\/schema\\\/person\\\/714ab39a349c656b20d60a239be1d6f6\"},\"headline\":\"Risto Sinkko: Maanpuolustustahdon tutkimuksesta ja kenraali Valtasen el\u00e4m\u00e4nty\u00f6st\u00e4\",\"datePublished\":\"2020-04-11T08:24:54+00:00\",\"dateModified\":\"2020-06-14T07:56:16+00:00\",\"mainEntityOfPage\":{\"@id\":\"https:\\\/\\\/kylkirauta.fi\\\/index.php\\\/2020\\\/04\\\/11\\\/risto-sinkko-maanpuolustustahdon-tutkimuksesta-ja-kenraali-valtasen-elamantyosta\\\/\"},\"wordCount\":961,\"image\":{\"@id\":\"https:\\\/\\\/kylkirauta.fi\\\/index.php\\\/2020\\\/04\\\/11\\\/risto-sinkko-maanpuolustustahdon-tutkimuksesta-ja-kenraali-valtasen-elamantyosta\\\/#primaryimage\"},\"thumbnailUrl\":\"https:\\\/\\\/kylkirauta.fi\\\/wp-content\\\/uploads\\\/2019\\\/10\\\/Sinkko_uusi.jpeg\",\"articleSection\":[\"Artikkeli\",\"Artikkeli 2020\",\"Uusin artikkeli\"],\"inLanguage\":\"fi\"},{\"@type\":\"WebPage\",\"@id\":\"https:\\\/\\\/kylkirauta.fi\\\/index.php\\\/2020\\\/04\\\/11\\\/risto-sinkko-maanpuolustustahdon-tutkimuksesta-ja-kenraali-valtasen-elamantyosta\\\/\",\"url\":\"https:\\\/\\\/kylkirauta.fi\\\/index.php\\\/2020\\\/04\\\/11\\\/risto-sinkko-maanpuolustustahdon-tutkimuksesta-ja-kenraali-valtasen-elamantyosta\\\/\",\"name\":\"Risto Sinkko: Maanpuolustustahdon tutkimuksesta ja kenraali Valtasen el\u00e4m\u00e4nty\u00f6st\u00e4 - Kylkirauta\",\"isPartOf\":{\"@id\":\"https:\\\/\\\/kylkirauta.fi\\\/#website\"},\"primaryImageOfPage\":{\"@id\":\"https:\\\/\\\/kylkirauta.fi\\\/index.php\\\/2020\\\/04\\\/11\\\/risto-sinkko-maanpuolustustahdon-tutkimuksesta-ja-kenraali-valtasen-elamantyosta\\\/#primaryimage\"},\"image\":{\"@id\":\"https:\\\/\\\/kylkirauta.fi\\\/index.php\\\/2020\\\/04\\\/11\\\/risto-sinkko-maanpuolustustahdon-tutkimuksesta-ja-kenraali-valtasen-elamantyosta\\\/#primaryimage\"},\"thumbnailUrl\":\"https:\\\/\\\/kylkirauta.fi\\\/wp-content\\\/uploads\\\/2019\\\/10\\\/Sinkko_uusi.jpeg\",\"datePublished\":\"2020-04-11T08:24:54+00:00\",\"dateModified\":\"2020-06-14T07:56:16+00:00\",\"author\":{\"@id\":\"https:\\\/\\\/kylkirauta.fi\\\/#\\\/schema\\\/person\\\/714ab39a349c656b20d60a239be1d6f6\"},\"breadcrumb\":{\"@id\":\"https:\\\/\\\/kylkirauta.fi\\\/index.php\\\/2020\\\/04\\\/11\\\/risto-sinkko-maanpuolustustahdon-tutkimuksesta-ja-kenraali-valtasen-elamantyosta\\\/#breadcrumb\"},\"inLanguage\":\"fi\",\"potentialAction\":[{\"@type\":\"ReadAction\",\"target\":[\"https:\\\/\\\/kylkirauta.fi\\\/index.php\\\/2020\\\/04\\\/11\\\/risto-sinkko-maanpuolustustahdon-tutkimuksesta-ja-kenraali-valtasen-elamantyosta\\\/\"]}]},{\"@type\":\"ImageObject\",\"inLanguage\":\"fi\",\"@id\":\"https:\\\/\\\/kylkirauta.fi\\\/index.php\\\/2020\\\/04\\\/11\\\/risto-sinkko-maanpuolustustahdon-tutkimuksesta-ja-kenraali-valtasen-elamantyosta\\\/#primaryimage\",\"url\":\"https:\\\/\\\/kylkirauta.fi\\\/wp-content\\\/uploads\\\/2019\\\/10\\\/Sinkko_uusi.jpeg\",\"contentUrl\":\"https:\\\/\\\/kylkirauta.fi\\\/wp-content\\\/uploads\\\/2019\\\/10\\\/Sinkko_uusi.jpeg\",\"width\":369,\"height\":500,\"caption\":\"ST Risto Sinkko\"},{\"@type\":\"BreadcrumbList\",\"@id\":\"https:\\\/\\\/kylkirauta.fi\\\/index.php\\\/2020\\\/04\\\/11\\\/risto-sinkko-maanpuolustustahdon-tutkimuksesta-ja-kenraali-valtasen-elamantyosta\\\/#breadcrumb\",\"itemListElement\":[{\"@type\":\"ListItem\",\"position\":1,\"name\":\"Home\",\"item\":\"https:\\\/\\\/kylkirauta.fi\\\/index.php\\\/home\\\/\"},{\"@type\":\"ListItem\",\"position\":2,\"name\":\"Risto Sinkko: Maanpuolustustahdon tutkimuksesta ja kenraali Valtasen el\u00e4m\u00e4nty\u00f6st\u00e4\"}]},{\"@type\":\"WebSite\",\"@id\":\"https:\\\/\\\/kylkirauta.fi\\\/#website\",\"url\":\"https:\\\/\\\/kylkirauta.fi\\\/\",\"name\":\"Kylkirauta\",\"description\":\"Kadettiupseerit yhteiskunnan palveluksessa\",\"potentialAction\":[{\"@type\":\"SearchAction\",\"target\":{\"@type\":\"EntryPoint\",\"urlTemplate\":\"https:\\\/\\\/kylkirauta.fi\\\/?s={search_term_string}\"},\"query-input\":{\"@type\":\"PropertyValueSpecification\",\"valueRequired\":true,\"valueName\":\"search_term_string\"}}],\"inLanguage\":\"fi\"},{\"@type\":\"Person\",\"@id\":\"https:\\\/\\\/kylkirauta.fi\\\/#\\\/schema\\\/person\\\/714ab39a349c656b20d60a239be1d6f6\",\"name\":\"Kari Sainio\",\"sameAs\":[\"http:\\\/\\\/www.kylkirauta.fi\"],\"url\":\"https:\\\/\\\/kylkirauta.fi\\\/index.php\\\/author\\\/karisain\\\/\"}]}<\/script>\n<!-- \/ Yoast SEO plugin. -->","yoast_head_json":{"title":"Risto Sinkko: Maanpuolustustahdon tutkimuksesta ja kenraali Valtasen el\u00e4m\u00e4nty\u00f6st\u00e4 - Kylkirauta","robots":{"index":"index","follow":"follow","max-snippet":"max-snippet:-1","max-image-preview":"max-image-preview:large","max-video-preview":"max-video-preview:-1"},"canonical":"https:\/\/kylkirauta.fi\/index.php\/2020\/04\/11\/risto-sinkko-maanpuolustustahdon-tutkimuksesta-ja-kenraali-valtasen-elamantyosta\/","og_locale":"fi_FI","og_type":"article","og_title":"Risto Sinkko: Maanpuolustustahdon tutkimuksesta ja kenraali Valtasen el\u00e4m\u00e4nty\u00f6st\u00e4 - Kylkirauta","og_url":"https:\/\/kylkirauta.fi\/index.php\/2020\/04\/11\/risto-sinkko-maanpuolustustahdon-tutkimuksesta-ja-kenraali-valtasen-elamantyosta\/","og_site_name":"Kylkirauta","article_published_time":"2020-04-11T08:24:54+00:00","article_modified_time":"2020-06-14T07:56:16+00:00","og_image":[{"url":"https:\/\/kylkirauta.fi\/wp-content\/uploads\/2019\/10\/Sinkko_uusi.jpeg","type":"","width":"","height":""}],"author":"Kari Sainio","twitter_card":"summary_large_image","twitter_misc":{"Kirjoittanut":"Kari Sainio","Arvioitu lukuaika":"6 minuuttia"},"schema":{"@context":"https:\/\/schema.org","@graph":[{"@type":"Article","@id":"https:\/\/kylkirauta.fi\/index.php\/2020\/04\/11\/risto-sinkko-maanpuolustustahdon-tutkimuksesta-ja-kenraali-valtasen-elamantyosta\/#article","isPartOf":{"@id":"https:\/\/kylkirauta.fi\/index.php\/2020\/04\/11\/risto-sinkko-maanpuolustustahdon-tutkimuksesta-ja-kenraali-valtasen-elamantyosta\/"},"author":{"name":"Kari Sainio","@id":"https:\/\/kylkirauta.fi\/#\/schema\/person\/714ab39a349c656b20d60a239be1d6f6"},"headline":"Risto Sinkko: Maanpuolustustahdon tutkimuksesta ja kenraali Valtasen el\u00e4m\u00e4nty\u00f6st\u00e4","datePublished":"2020-04-11T08:24:54+00:00","dateModified":"2020-06-14T07:56:16+00:00","mainEntityOfPage":{"@id":"https:\/\/kylkirauta.fi\/index.php\/2020\/04\/11\/risto-sinkko-maanpuolustustahdon-tutkimuksesta-ja-kenraali-valtasen-elamantyosta\/"},"wordCount":961,"image":{"@id":"https:\/\/kylkirauta.fi\/index.php\/2020\/04\/11\/risto-sinkko-maanpuolustustahdon-tutkimuksesta-ja-kenraali-valtasen-elamantyosta\/#primaryimage"},"thumbnailUrl":"https:\/\/kylkirauta.fi\/wp-content\/uploads\/2019\/10\/Sinkko_uusi.jpeg","articleSection":["Artikkeli","Artikkeli 2020","Uusin artikkeli"],"inLanguage":"fi"},{"@type":"WebPage","@id":"https:\/\/kylkirauta.fi\/index.php\/2020\/04\/11\/risto-sinkko-maanpuolustustahdon-tutkimuksesta-ja-kenraali-valtasen-elamantyosta\/","url":"https:\/\/kylkirauta.fi\/index.php\/2020\/04\/11\/risto-sinkko-maanpuolustustahdon-tutkimuksesta-ja-kenraali-valtasen-elamantyosta\/","name":"Risto Sinkko: Maanpuolustustahdon tutkimuksesta ja kenraali Valtasen el\u00e4m\u00e4nty\u00f6st\u00e4 - Kylkirauta","isPartOf":{"@id":"https:\/\/kylkirauta.fi\/#website"},"primaryImageOfPage":{"@id":"https:\/\/kylkirauta.fi\/index.php\/2020\/04\/11\/risto-sinkko-maanpuolustustahdon-tutkimuksesta-ja-kenraali-valtasen-elamantyosta\/#primaryimage"},"image":{"@id":"https:\/\/kylkirauta.fi\/index.php\/2020\/04\/11\/risto-sinkko-maanpuolustustahdon-tutkimuksesta-ja-kenraali-valtasen-elamantyosta\/#primaryimage"},"thumbnailUrl":"https:\/\/kylkirauta.fi\/wp-content\/uploads\/2019\/10\/Sinkko_uusi.jpeg","datePublished":"2020-04-11T08:24:54+00:00","dateModified":"2020-06-14T07:56:16+00:00","author":{"@id":"https:\/\/kylkirauta.fi\/#\/schema\/person\/714ab39a349c656b20d60a239be1d6f6"},"breadcrumb":{"@id":"https:\/\/kylkirauta.fi\/index.php\/2020\/04\/11\/risto-sinkko-maanpuolustustahdon-tutkimuksesta-ja-kenraali-valtasen-elamantyosta\/#breadcrumb"},"inLanguage":"fi","potentialAction":[{"@type":"ReadAction","target":["https:\/\/kylkirauta.fi\/index.php\/2020\/04\/11\/risto-sinkko-maanpuolustustahdon-tutkimuksesta-ja-kenraali-valtasen-elamantyosta\/"]}]},{"@type":"ImageObject","inLanguage":"fi","@id":"https:\/\/kylkirauta.fi\/index.php\/2020\/04\/11\/risto-sinkko-maanpuolustustahdon-tutkimuksesta-ja-kenraali-valtasen-elamantyosta\/#primaryimage","url":"https:\/\/kylkirauta.fi\/wp-content\/uploads\/2019\/10\/Sinkko_uusi.jpeg","contentUrl":"https:\/\/kylkirauta.fi\/wp-content\/uploads\/2019\/10\/Sinkko_uusi.jpeg","width":369,"height":500,"caption":"ST Risto Sinkko"},{"@type":"BreadcrumbList","@id":"https:\/\/kylkirauta.fi\/index.php\/2020\/04\/11\/risto-sinkko-maanpuolustustahdon-tutkimuksesta-ja-kenraali-valtasen-elamantyosta\/#breadcrumb","itemListElement":[{"@type":"ListItem","position":1,"name":"Home","item":"https:\/\/kylkirauta.fi\/index.php\/home\/"},{"@type":"ListItem","position":2,"name":"Risto Sinkko: Maanpuolustustahdon tutkimuksesta ja kenraali Valtasen el\u00e4m\u00e4nty\u00f6st\u00e4"}]},{"@type":"WebSite","@id":"https:\/\/kylkirauta.fi\/#website","url":"https:\/\/kylkirauta.fi\/","name":"Kylkirauta","description":"Kadettiupseerit yhteiskunnan palveluksessa","potentialAction":[{"@type":"SearchAction","target":{"@type":"EntryPoint","urlTemplate":"https:\/\/kylkirauta.fi\/?s={search_term_string}"},"query-input":{"@type":"PropertyValueSpecification","valueRequired":true,"valueName":"search_term_string"}}],"inLanguage":"fi"},{"@type":"Person","@id":"https:\/\/kylkirauta.fi\/#\/schema\/person\/714ab39a349c656b20d60a239be1d6f6","name":"Kari Sainio","sameAs":["http:\/\/www.kylkirauta.fi"],"url":"https:\/\/kylkirauta.fi\/index.php\/author\/karisain\/"}]}},"_links":{"self":[{"href":"https:\/\/kylkirauta.fi\/index.php\/wp-json\/wp\/v2\/posts\/3416","targetHints":{"allow":["GET"]}}],"collection":[{"href":"https:\/\/kylkirauta.fi\/index.php\/wp-json\/wp\/v2\/posts"}],"about":[{"href":"https:\/\/kylkirauta.fi\/index.php\/wp-json\/wp\/v2\/types\/post"}],"author":[{"embeddable":true,"href":"https:\/\/kylkirauta.fi\/index.php\/wp-json\/wp\/v2\/users\/3"}],"replies":[{"embeddable":true,"href":"https:\/\/kylkirauta.fi\/index.php\/wp-json\/wp\/v2\/comments?post=3416"}],"version-history":[{"count":14,"href":"https:\/\/kylkirauta.fi\/index.php\/wp-json\/wp\/v2\/posts\/3416\/revisions"}],"predecessor-version":[{"id":3786,"href":"https:\/\/kylkirauta.fi\/index.php\/wp-json\/wp\/v2\/posts\/3416\/revisions\/3786"}],"wp:attachment":[{"href":"https:\/\/kylkirauta.fi\/index.php\/wp-json\/wp\/v2\/media?parent=3416"}],"wp:term":[{"taxonomy":"category","embeddable":true,"href":"https:\/\/kylkirauta.fi\/index.php\/wp-json\/wp\/v2\/categories?post=3416"},{"taxonomy":"post_tag","embeddable":true,"href":"https:\/\/kylkirauta.fi\/index.php\/wp-json\/wp\/v2\/tags?post=3416"}],"curies":[{"name":"wp","href":"https:\/\/api.w.org\/{rel}","templated":true}]}}