{"id":3227,"date":"2020-03-09T16:34:01","date_gmt":"2020-03-09T16:34:01","guid":{"rendered":"https:\/\/kylkirauta.fi\/?p=3227"},"modified":"2020-04-11T09:21:42","modified_gmt":"2020-04-11T09:21:42","slug":"mentorin-merkintoja-24-paatoksenteon-kaksiterainen-miekka-onko-herran-pelko-viisauden-alku","status":"publish","type":"post","link":"https:\/\/kylkirauta.fi\/index.php\/2020\/03\/09\/mentorin-merkintoja-24-paatoksenteon-kaksiterainen-miekka-onko-herran-pelko-viisauden-alku\/","title":{"rendered":"Mentorin merkint\u00f6j\u00e4 24 &#8211; P\u00e4\u00e4t\u00f6ksenteon kaksiter\u00e4inen miekka: onko herran pelko viisauden alku?"},"content":{"rendered":"<div id='full_slider_1'  class='avia-fullwidth-slider main_color avia-shadow   avia-builder-el-0  el_before_av_one_full  avia-builder-el-first   container_wrap sidebar_right'  ><div  class='avia-slideshow av-l9olo-34f89e96fc3de7b9b51c14c99ace17a4 avia-slideshow-featured av_slideshow_full avia-slide-slider av-slideshow-ui av-control-default av-slideshow-manual av-loop-once av-loop-manual-endless av-default-height-applied   avia-slideshow-1' data-slideshow-options=\"{&quot;animation&quot;:&quot;slide&quot;,&quot;autoplay&quot;:false,&quot;loop_autoplay&quot;:&quot;once&quot;,&quot;interval&quot;:5,&quot;loop_manual&quot;:&quot;manual-endless&quot;,&quot;autoplay_stopper&quot;:false,&quot;noNavigation&quot;:false,&quot;bg_slider&quot;:false,&quot;keep_padding&quot;:false,&quot;hoverpause&quot;:false,&quot;show_slide_delay&quot;:0}\"  itemprop=\"image\" itemscope=\"itemscope\" itemtype=\"https:\/\/schema.org\/ImageObject\" ><ul class='avia-slideshow-inner ' style='padding-bottom: 22.6%;'><li  class='avia-slideshow-slide av-l9olo-34f89e96fc3de7b9b51c14c99ace17a4__0  av-single-slide slide-1 slide-odd'><div data-rel='slideshow-1' class='avia-slide-wrap '   ><img decoding=\"async\" fetchpriority=\"high\" class=\"wp-image-3024 avia-img-lazy-loading-not-3024\"  src=\"https:\/\/kylkirauta.fi\/wp-content\/uploads\/2020\/01\/kylkirauta-otsake_1500px-1.png\" width=\"1500\" height=\"339\" title='kylkirauta-otsake_1500px' alt=''  itemprop=\"thumbnailUrl\" srcset=\"https:\/\/kylkirauta.fi\/wp-content\/uploads\/2020\/01\/kylkirauta-otsake_1500px-1.png 1500w, https:\/\/kylkirauta.fi\/wp-content\/uploads\/2020\/01\/kylkirauta-otsake_1500px-1-300x68.png 300w, https:\/\/kylkirauta.fi\/wp-content\/uploads\/2020\/01\/kylkirauta-otsake_1500px-1-1030x233.png 1030w, https:\/\/kylkirauta.fi\/wp-content\/uploads\/2020\/01\/kylkirauta-otsake_1500px-1-768x174.png 768w, https:\/\/kylkirauta.fi\/wp-content\/uploads\/2020\/01\/kylkirauta-otsake_1500px-1-705x159.png 705w\" sizes=\"(max-width: 1500px) 100vw, 1500px\" \/><\/div><\/li><\/ul><\/div><\/div><div id='after_full_slider_1'  class='main_color av_default_container_wrap container_wrap sidebar_right'  ><div class='container av-section-cont-open' ><div class='template-page content  av-content-small alpha units'><div class='post-entry post-entry-type-page post-entry-3227'><div class='entry-content-wrapper clearfix'>\n\n<style type=\"text\/css\" data-created_by=\"avia_inline_auto\" id=\"style-css-av-km4zs-0614ada41eb3461e6efbb361dfbae970\">\n.flex_column.av-km4zs-0614ada41eb3461e6efbb361dfbae970{\nborder-radius:0px 0px 0px 0px;\npadding:0px 0px 0px 0px;\n}\n<\/style>\n<div  class='flex_column av-km4zs-0614ada41eb3461e6efbb361dfbae970 av_one_full  avia-builder-el-1  el_after_av_slideshow_full  el_before_av_hr  avia-builder-el-first  first flex_column_div av-zero-column-padding  '     ><p>\n<style type=\"text\/css\" data-created_by=\"avia_inline_auto\" id=\"style-css-av-av_heading-398549174064e07f4497673d0e88ac41\">\n#top .av-special-heading.av-av_heading-398549174064e07f4497673d0e88ac41{\npadding-bottom:10px;\n}\nbody .av-special-heading.av-av_heading-398549174064e07f4497673d0e88ac41 .av-special-heading-tag .heading-char{\nfont-size:25px;\n}\n.av-special-heading.av-av_heading-398549174064e07f4497673d0e88ac41 .av-subheading{\nfont-size:15px;\n}\n<\/style>\n<div  class='av-special-heading av-av_heading-398549174064e07f4497673d0e88ac41 av-special-heading-h3  avia-builder-el-2  el_before_av_hr  avia-builder-el-first '><h3 class='av-special-heading-tag'  itemprop=\"headline\"  >Mentorin merkint\u00f6j\u00e4 24 &#8211; P\u00e4\u00e4t\u00f6ksenteon kaksiter\u00e4inen miekka: onko herran pelko viisauden alku?<\/h3><div class=\"special-heading-border\"><div class=\"special-heading-inner-border\"><\/div><\/div><\/div><br \/>\n\n<style type=\"text\/css\" data-created_by=\"avia_inline_auto\" id=\"style-css-av-k5m7b9te-01401dd5e8beb25770de1be03f41ecf3\">\n#top .hr.hr-invisible.av-k5m7b9te-01401dd5e8beb25770de1be03f41ecf3{\nheight:30px;\n}\n<\/style>\n<div  class='hr av-k5m7b9te-01401dd5e8beb25770de1be03f41ecf3 hr-invisible  avia-builder-el-3  el_after_av_heading  el_before_av_textblock '><span class='hr-inner '><span class=\"hr-inner-style\"><\/span><\/span><\/div><br \/>\n<section  class='av_textblock_section av-k8d08-dea0f25c8df625cf22cbdeac32688808 '   itemscope=\"itemscope\" itemtype=\"https:\/\/schema.org\/BlogPosting\" itemprop=\"blogPost\" ><div class='avia_textblock'  itemprop=\"text\" ><div id=\"attachment_660\" style=\"width: 135px\" class=\"wp-caption alignleft\"><img loading=\"lazy\" decoding=\"async\" aria-describedby=\"caption-attachment-660\" class=\"wp-image-660\" src=\"https:\/\/kylkirauta.fi\/wp-content\/uploads\/2020\/01\/Kurvinen-Pekka.jpg\" alt=\"\" width=\"125\" height=\"177\" srcset=\"https:\/\/kylkirauta.fi\/wp-content\/uploads\/2020\/01\/Kurvinen-Pekka.jpg 410w, https:\/\/kylkirauta.fi\/wp-content\/uploads\/2020\/01\/Kurvinen-Pekka-212x300.jpg 212w\" sizes=\"auto, (max-width: 125px) 100vw, 125px\" \/><p id=\"caption-attachment-660\" class=\"wp-caption-text\">Pekka Kurvinen<\/p><\/div>\n<p><strong>Komentajakapteeni (evp) Tapio Alhon tuotantotalouden v\u00e4it\u00f6skirja Persoonallinen ajattelu p\u00e4\u00e4ttelyss\u00e4 ja p\u00e4\u00e4t\u00f6ksenteossa (<a href=\"https:\/\/osuva.uwasa.fi\/bitstream\/handle\/10024\/10432\/978-952-476-904-4_3.pdf?sequence=6&amp;isAllowed=y\" target=\"_blank\" rel=\"noopener noreferrer\">linkki<\/a>) tarkastettiin 3.3.2020 Vaasan yliopistossa. Tutkimus tarkastelee ihmisen yksil\u00f6n persoonallista ajattelua ja sen vaikutuksia p\u00e4\u00e4telmien tuottamisessa ja p\u00e4\u00e4t\u00f6ksenteossa. <\/strong><\/p>\n<p><strong>Alho osoittaa, ett\u00e4 p\u00e4\u00e4t\u00f6ksenteossa yksil\u00f6llisen ajattelun ja toiminnan huomioiminen on v\u00e4ltt\u00e4m\u00e4t\u00f6nt\u00e4: ihmisen tavoiteorientaation vaikutus n\u00e4et ilmenee yksil\u00f6n haluna menesty\u00e4 sosiokulttuurisessa ymp\u00e4rist\u00f6ss\u00e4\u00e4n, mik\u00e4 n\u00e4kyy byrokraattisena kunnianhimona. Tutkija v\u00e4itt\u00e4\u00e4kin, ett\u00e4 <\/strong><strong>p\u00e4\u00e4t\u00f6ksentekij\u00e4t ovat valmiita tekem\u00e4\u00e4n hy\u00f6dytt\u00f6mi\u00e4 p\u00e4\u00e4t\u00f6ksi\u00e4 oman kunnianhimonsa t\u00e4hden, urakehityksens\u00e4 nopeuttamiseksi ja omaa merkityksellisyytt\u00e4\u00e4n korostaakseen.<\/strong><\/p>\n<p>Tapio Alho ker\u00e4si tutkimukseensa sek\u00e4 haastattelu- ett\u00e4 kyselyaineistoa Maanpuolustuskorkeakoulun p\u00e4\u00e4t\u00f6ksentekij\u00f6ilt\u00e4, kansainv\u00e4lisen vientiyrityksen henkil\u00f6st\u00f6lt\u00e4 ja julkishallinnon yksik\u00f6n p\u00e4\u00e4tt\u00e4jilt\u00e4. Tutkijan mukaan yksil\u00f6t tuottavat tiedostamansa ja tiedostamattomansa ajattelun avulla p\u00e4\u00e4telmi\u00e4, jotka koskevat sek\u00e4 yksil\u00f6\u00e4 itse\u00e4\u00e4n ett\u00e4 heid\u00e4n sosiokulttuurista ymp\u00e4rist\u00f6\u00e4\u00e4n.<\/p>\n<p>L\u00f6yd\u00f6sten mukaan yksil\u00f6n persoonallinen ajattelu tukeutuu maalaisj\u00e4rkiseen p\u00e4\u00e4ttelyyn, jossa ihminen tuottaa itselleen mielekk\u00e4it\u00e4, h\u00e4nen omaan maailmankuvaansa sopivia ja toteuttamiskelpoisia vaihtoehtoja. Persoonallisen ajattelunsa avulla yksil\u00f6 pyrkii menestym\u00e4\u00e4n ty\u00f6yhteis\u00f6ss\u00e4\u00e4n. Tuloksena on kaksiter\u00e4inen miekka: Yht\u00e4\u00e4lt\u00e4 yksil\u00f6 mukautuu ymp\u00e4rist\u00f6n vaatimuksiin toimimalla sen ehtojen mukaisesti. Toisaalta yksil\u00f6 mukauttaa toimintaansa siten, ett\u00e4 h\u00e4n pystyy saavuttamaan asettamansa tavoitteet. Jopa ei-hyv\u00e4ksytt\u00e4v\u00e4sti toimiva yksil\u00f6 saattaa p\u00e4\u00e4st\u00e4 henkil\u00f6kohtaisesti suotuisiin tavoitteisiinsa, vaikka h\u00e4n organisaation kannalta ty\u00f6skentelee ep\u00e4johdonmukaisesti tai jopa vahingollisesti.<\/p>\n<p>Raadollisesti ihminen hy\u00f6dynt\u00e4\u00e4 ty\u00f6ymp\u00e4rist\u00f6st\u00e4\u00e4n tekemi\u00e4\u00e4n p\u00e4\u00e4telmi\u00e4 omaan etuaan ajaakseen, lobatakseen ja manipuloidakseen. Ty\u00f6paikan sosiaalisten paineiden vuoksi ihminen my\u00f6s hymistelee ja mukauttaa p\u00e4\u00e4t\u00f6ksentekoa pit\u00e4\u00e4kseen esimiehens\u00e4 tyytyv\u00e4isen\u00e4 voidakseen j\u00e4tt\u00e4\u00e4 s\u00e4rkem\u00e4tt\u00e4 organisaationkulttuurin vakiintuneita tapoja.<\/p>\n<div id=\"attachment_3229\" style=\"width: 612px\" class=\"wp-caption aligncenter\"><img loading=\"lazy\" decoding=\"async\" aria-describedby=\"caption-attachment-3229\" class=\"wp-image-3229 size-full\" src=\"https:\/\/kylkirauta.fi\/wp-content\/uploads\/2020\/03\/Kuva-merkinn\u00e4t-24.jpg\" alt=\"\" width=\"602\" height=\"452\" srcset=\"https:\/\/kylkirauta.fi\/wp-content\/uploads\/2020\/03\/Kuva-merkinn\u00e4t-24.jpg 602w, https:\/\/kylkirauta.fi\/wp-content\/uploads\/2020\/03\/Kuva-merkinn\u00e4t-24-300x225.jpg 300w\" sizes=\"auto, (max-width: 602px) 100vw, 602px\" \/><p id=\"caption-attachment-3229\" class=\"wp-caption-text\">Kuva: Tapio Alhon v\u00e4it\u00f6skirja.<\/p><\/div>\n<p><em><strong>Vakiintuneiden k\u00e4sitysten ravistelu<\/strong><\/em><\/p>\n<p>Alho korostaa puhuttua kielt\u00e4 merkityksellisen ajattelun v\u00e4lineen\u00e4. \u00a0H\u00e4n muistuttaa, ett\u00e4 yksil\u00f6t ovat persoonallisen ajattelun osalta henkil\u00f6kohtaisen j\u00e4rkiper\u00e4isyytens\u00e4 rajoissa. T\u00e4st\u00e4 huolimatta ihmiset ovat j\u00e4rkens\u00e4 ansiosta selviytyneet olemassaolon taistelustaan itsen\u00e4isesti ja samalla kyenneet luomaan sen kehitystason, jossa nyt el\u00e4v\u00e4t. Jos ihmisten ajattelu tukeutuisi edelleen vastakohtaisesti vain universaaliin ajatteluun, niin Alhon mukaan mit\u00e4 todenn\u00e4k\u00f6isimmin el\u00e4isimme edelleen kivikautta.<\/p>\n<p>Alho kuitenkin huomauttaa, ett\u00e4 persoonallinen ajattelu ei tee yksil\u00f6ist\u00e4 nokkelia, joten he hy\u00f6dynt\u00e4v\u00e4t p\u00e4\u00e4ttely\u00e4\u00e4n saavuttaakseen jotain, jossa he eiv\u00e4t ole erityisen norjia ja n\u00e4pp\u00e4ri\u00e4. L\u00e4ht\u00f6kohtaisesti ihmiset kuitenkin ovat p\u00e4\u00e4telmi\u00e4 tuottaessaan rehellisi\u00e4 itselleen \u2013 tai ainakin niin kuvittelevat. Ominaisuuteen konkretisoituu my\u00f6s persoonallisen ajattelun virhealttius: ihminen n\u00e4et pyrkii menestym\u00e4\u00e4n niin hyvin kuin suinkin mahdollista sosiaalisessa konstruktiossaan.<\/p>\n<p>Tutkijan mukaan persoonallisen ajattelun ep\u00e4varmuustekij\u00e4t perustuvat sis\u00e4isiin ja ulkoisiin uhkiin. Sis\u00e4isen uhan muodostaa yksil\u00f6 itse. Sen sijaan ulkoista uhkaa persoonallisen ajattelun virheett\u00f6myydelle tuottavat vallitseva kulttuuriymp\u00e4rist\u00f6 \u00e4rsykevaikutuksineen sek\u00e4 tilannetietoisuus tai erityisesti sen puute. My\u00f6s yksil\u00f6iden jatkuvasti vaihteleva mielentila antavat vahvan panoksen persoonalliseen ajatteluun.<\/p>\n<p>Virkavaltaista kunnianhimoa tyydytt\u00e4\u00e4kseen \u2013 pit\u00e4\u00e4kseen p\u00e4\u00e4t\u00f6ksentekij\u00e4t ja muun ty\u00f6yhteis\u00f6n tyytyv\u00e4isen\u00e4 \u2013 yksil\u00f6t tekev\u00e4t yleisesti hyv\u00e4ksytt\u00e4vi\u00e4 p\u00e4\u00e4t\u00f6ksi\u00e4. Toisaalta p\u00e4\u00e4t\u00f6ksentekij\u00e4t hy\u00f6dynt\u00e4v\u00e4t ty\u00f6yhteis\u00f6st\u00e4\u00e4n p\u00e4\u00e4telmin\u00e4 tuottamaansa tiet\u00e4myst\u00e4 ja pyrkiv\u00e4t mukauttamaan p\u00e4\u00e4t\u00f6ksentekoaan toimintaymp\u00e4rist\u00f6n odotuksia vastaavaksi.<\/p>\n<p>Alho painottaa, ett\u00e4 tunteet ovat aina seurausta jostain. Emootiot vaikuttavatkin merkitt\u00e4v\u00e4sti yksil\u00f6iden p\u00e4\u00e4t\u00f6ksentekoon ajassa ja avaruudessa. \u201dNiinp\u00e4 jos syd\u00e4n jyskytt\u00e4\u00e4 ja hikikarpalot nousevat otsalle, on syyt\u00e4 pit\u00e4\u00e4 \u201dneuvottelutauko\u201d ja pyrki\u00e4 ottamaan aika ja avaruus uudelleen haltuun.\u201d<\/p>\n<p>Julkisella sektorilla yksil\u00f6n tavoiteorientaatio n\u00e4kyy tutkijan mukaan siin\u00e4, ett\u00e4 tuleva urakehitys vaikuttaa esimiesten p\u00e4\u00e4t\u00f6ksentekoon. Mielistelyn avulla yksil\u00f6iden n\u00e4ytt\u00e4isi olevan mahdollista p\u00f6nkitt\u00e4\u00e4 tulevaa urakehityst\u00e4\u00e4n. Esimiehiin ja ty\u00f6yhteis\u00f6\u00f6n vaikuttaakseen persoonallisessa p\u00e4\u00e4t\u00f6ksenteossa keskeist\u00e4 onkin korostaa itsek\u00e4st\u00e4, itsekeskeist\u00e4 ja lyhytn\u00e4k\u00f6ist\u00e4 oman sormenj\u00e4ljen j\u00e4tt\u00e4misen virkavaltaista kunnianhimoa.<\/p>\n<p><em><strong>Tulenjohtoteht\u00e4v\u00e4 ratkeaa ajassa ja avaruudessa<\/strong><\/em><\/p>\n<p>Persoonallisen p\u00e4\u00e4t\u00f6ksenteon esimerkkin\u00e4 Tapio Alho vy\u00f6rytt\u00e4\u00e4 tykist\u00f6n taisteluteht\u00e4v\u00e4n. Siin\u00e4 tulenjohtajan on ryhm\u00e4ns\u00e4 avustamana kyett\u00e4v\u00e4 lamauttamaan vihollisen hy\u00f6kk\u00e4\u00e4v\u00e4 mekanisoitu komppania. Tarkastelussa ovat tulenjohtajan toinen toistaan seuraavat p\u00e4\u00e4t\u00f6ksenteon kohteet. Sis\u00e4isen n\u00e4kemyksens\u00e4 varassa ty\u00f6skentelev\u00e4n tulenjohtajan toiminnanohjausj\u00e4rjestelm\u00e4 vastaa niin ampumateknisen kuin taistelumaastoon liittyv\u00e4n informaation kehyst\u00e4misest\u00e4. N\u00e4in tulenjohtaja voi ottaa valinnan kohteiksi ajassa ja avaruudessa h\u00e4nen kannaltaan vain toteuttamiskelpoiset, sopivimmat ja\/tai mielekk\u00e4imm\u00e4t ampuma- ja taistelutekniset keinot. Niiden avulla h\u00e4n pit\u00e4\u00e4 yll\u00e4 toimintavapautta ja pyrkii tavoiteltavaan loppuasetelmaan.<\/p>\n<p>Vuorovaikutuksen ihanteena on kyse parhaimman mahdollisen vaihtoehdon valinnasta ajassa, yhteydess\u00e4 ja keinoissa. Tarvittaessa t\u00e4m\u00e4 tapahtuu t\u00e4ydent\u00e4m\u00e4ll\u00e4 niin tiet\u00e4myksess\u00e4, informaation prosessointikyvyss\u00e4 kuin my\u00f6s k\u00e4ytett\u00e4viss\u00e4 olevassa ajassa ilmenevi\u00e4 puutteita. Tiedon optimointiin, joka siis voi kohdistua sek\u00e4 k\u00e4yt\u00f6ss\u00e4 olevaan tiet\u00e4mykseen ett\u00e4 my\u00f6s informaation prosessointikykyyn, liittyy jo itsess\u00e4\u00e4n huomattava m\u00e4\u00e4r\u00e4 ep\u00e4varmuustekij\u00f6it\u00e4. Suuri osa n\u00e4ist\u00e4 ep\u00e4varmuustekij\u00f6ist\u00e4 j\u00e4\u00e4 kuitenkin yksil\u00f6iden tietoisuuden ulkopuolelle. Vuorovaikutuksen optimointia on Alhon mukaan kuitenkin pidett\u00e4v\u00e4 erinomaisena keinona tehostaa ongelmanratkaisuprosesseja edes osin ennakoitavassa ymp\u00e4rist\u00f6ss\u00e4. Yksil\u00f6ille kun p\u00e4\u00e4s\u00e4\u00e4nt\u00f6isesti riitt\u00e4\u00e4 se, ett\u00e4 he kykenev\u00e4t tuottamaan ja valitsemaan ajassa ja avaruudessa riitt\u00e4v\u00e4n hyvi\u00e4 toimintavaihtoehtoja.<\/p>\n<p>Persoonallisen ajattelun ep\u00e4varmuustekij\u00e4t perustuvat tutkijasta sis\u00e4isiin ja ulkoisiin uhkiin. Ulkoisen uhan persoonallisen ajattelun virheett\u00f6myydelle muodostaa ymp\u00e4rist\u00f6. Siihen liittyv\u00e4t yhteis\u00f6verkkojen tuottamat ulkoiset paineet yhdess\u00e4 vallitseva kulttuuriymp\u00e4rist\u00f6 ja sen \u00e4rsykkeiden kanssa. N\u00e4ihin jatkuviin muuttujiin tutkija lukee viel\u00e4 tilanteeseen liittyv\u00e4t tunteet sek\u00e4 tilannetietoisuuden tai erityisesti sen puutteen. Kyseisilt\u00e4 tekij\u00f6ilt\u00e4 yksil\u00f6t suojautuvat optimoimalla k\u00e4yt\u00f6ss\u00e4\u00e4n olevan tiedon, jonka avulla he ovat luoneet tilannekuvansa. Sis\u00e4isen uhan persoonallisen ajattelun virheett\u00f6myydelle muodostaa yksil\u00f6 itse. Yksil\u00f6n tavoitteenasettelun sek\u00e4 h\u00e4nen menestymispyrkimyksens\u00e4 vaikutuksesta yksil\u00f6n omien uskomusten vahvistaminen johtavat sek\u00e4 virheellisiin p\u00e4\u00e4telmiin ett\u00e4 p\u00e4\u00e4t\u00f6ksiin.<\/p>\n<p><em><strong>Ongelmien peittelyn tappavat ansat<\/strong><\/em><\/p>\n<p>Alhon monipolvisen j\u00e4rk\u00e4lem\u00e4inen, kieliasultaan ajoin hyvinkin k\u00f6mpel\u00f6 tutkimus her\u00e4tt\u00e4\u00e4 pohtimaan, pyhitt\u00e4v\u00e4tk\u00f6 ihmisen itsekk\u00e4\u00e4t, itsekeskeiset tarpeet, uralla eteneminen varmistamiseksi syntyneiden mielikuvituksellisten pelkojen v\u00e4\u00e4r\u00e4nlainen lojaalius toiminnan p\u00e4\u00e4m\u00e4\u00e4r\u00e4t ja keinot.<\/p>\n<p>Onko sotilasjohtaminen kaikissa ulottuvuuksissaan noudattamiltaan arvoilta, etiikalta ja ammatillisuudelta yhteisen edun nimess\u00e4 aukottoman kest\u00e4v\u00e4? Toteutuvatko organisaation tavoitteet ihanteellisimmin \u2013 saavutetaanko ne tasa-arvoisen ja -veroisen hyv\u00e4n hallintotavan mukaisen henkil\u00f6st\u00f6johtamisen keinoin? Miten huolehditaan siit\u00e4, ett\u00e4 kotikutoinen korruptiomme, hyv\u00e4 veli -j\u00e4rjestelm\u00e4mme saadaan kitketyksi kaikissa oloissa?<\/p>\n<p>Kun vastakkain ovat yhteis\u00f6n pitk\u00e4j\u00e4nteinen menestys, jonka viitekehyksen\u00e4 on henkil\u00f6kohtainen, lyhytn\u00e4k\u00f6inen kaikki minulle heti- asenne, tuomittavien valintojen houkutus voi Puolustusvoimien kaltaisen yhden ja saman palkanmaksajan alaisuudessa kasvaa liian suureksi.<\/p>\n<p>Johtaja on joukkonsa n\u00e4k\u00f6inen \u2013 hyv\u00e4ss\u00e4 ja pahassa. Liehittely voi kostautua karvaasti tilanteessa, jossa tarvitaan innovointia, aloitteellisuutta, ennakointia sek\u00e4 ihmisten erilaisuudesta kumpuavaa voimaa. Kustannustehokasta luovuutta edellytt\u00e4v\u00e4 suomalainen sotilasjohtaminen voi vaarantua yksil\u00f6n persoonallisten ajatusten ja p\u00e4\u00e4telmien harhautuessa reiteille, jotka eiv\u00e4t palvele yleist\u00e4 ja yhteist\u00e4 etua. Luottamuksen rakentamisen tuleekin kummuta moni\u00e4\u00e4nisest\u00e4 dialogista, jossa henkil\u00f6kohtaisen halut ja tarpeet v\u00e4istyv\u00e4t yhteis\u00f6n etujen tielt\u00e4. Siin\u00e4 kyseenalaistaminen on paitsi sallittua my\u00f6s suotavaa.<\/p>\n<p>Tutkimuksen perusteella n\u00e4ytt\u00e4isi silt\u00e4, ett\u00e4 uraetenemisest\u00e4\u00e4n huolissaan oleva upseeri ei uskalla asettua poikkiteloin esimiehens\u00e4 edess\u00e4. Vaaralliseksi pelonsekainen my\u00f6t\u00e4ily muuttuu tilanteessa, jossa sotilas oman etunsa turvatakseen peittelee yhteis\u00f6n ongelmia, pahimmillaan jopa suojelee henkil\u00f6kohtaisten ongelmiensa kanssa painivaa esimiest\u00e4\u00e4n. Peittelyn pitkien perinteiden ohella suomalaiseen (sotilas)organisaatiokulttuuriin kuuluva oman pes\u00e4n likaamatta j\u00e4tt\u00e4minen saattaa \u00e4\u00e4rimmill\u00e4\u00e4n johtaa ty\u00f6turvallisuusrikokseen siin\u00e4 miss\u00e4 n\u00e4enn\u00e4inen ongelmien peittelemisen hy\u00f6tykin. Puolustelu, jonka mukaan hyssyttely kuuluu jokaisen organisaation kulttuuriin, vahvistaa tekosyiden ketjun katkeamattomuuden.<\/p>\n<p>Sotilaallisella kurilla ymm\u00e4rret\u00e4\u00e4n annettujen k\u00e4skyjen ja m\u00e4\u00e4r\u00e4ysten t\u00e4sm\u00e4llist\u00e4 noudattamista. Kurin tavoitetila saavutetaan silloin, kun yksil\u00f6n k\u00e4ytt\u00e4ytyminen perustuu riitt\u00e4v\u00e4\u00e4n itsekuriin ja joukon toiminta yhteiseen tahtoon toteuttaa annetut teht\u00e4v\u00e4t.\u00a0 Vaikka herran pelko on viisauden alku, suoraselk\u00e4isyydelle on tilausta kenties enemm\u00e4n kuin koskaan aiemmin. Uskokaamme \u2013 ja toimikaamme my\u00f6s sen mukaisesti \u2013 ett\u00e4 rehellisyys maan perii.<\/p>\n<p><em><strong>L\u00e4hde<\/strong>: <\/em><\/p>\n<p><em>Alho, T. (2020). Persoonallinen ajattelu p\u00e4\u00e4ttelyss\u00e4 ja p\u00e4\u00e4t\u00f6ksenteossa. Osoitteessa <a href=\"https:\/\/osuva.uwasa.fi\/bitstream\/handle\/10024\/10432\/978-952-476-904-4_3.pdf?sequence=6&amp;isAllowed=y\">https:\/\/osuva.uwasa.fi\/bitstream\/handle\/10024\/10432\/978-952-476-904-4_3.pdf?sequence=6&amp;isAllowed=y<\/a>. Luettu 9.3.2020<\/em><\/p>\n<p style=\"text-align: center;\">***<\/p>\n<p><em>Kirjoittaja, KTT, majuri evp\u00a0<strong>Pekka Kurvinen<\/strong>\u00a0ty\u00f6skentelee itsen\u00e4isen\u00e4 johdon konsulttina ja valmentajana sek\u00e4 tietokirjailijana.<\/em><br \/>\n<em>kurvisen.pekka(at)gmail.com, Twitter: (at)PKurvinen<\/em><\/p>\n<\/div><\/section><\/p><\/div><div  class='hr av-6zsyz-b471ba5482e75b0a604afa4166a853a5 hr-default  avia-builder-el-5  el_after_av_one_full  el_before_av_blog '><span class='hr-inner '><span class=\"hr-inner-style\"><\/span><\/span><\/div><\/p>\n<div  class='av-alb-blogposts template-blog  '  itemscope=\"itemscope\" itemtype=\"https:\/\/schema.org\/Blog\" ><article class=\"post-entry post-entry-type-standard post-entry-8921 post-loop-1 post-parity-odd bloglist-simple with-slider post-8921 post type-post status-publish format-standard has-post-thumbnail hentry category-artikkeli category-artikkeli-2026\"  itemscope=\"itemscope\" itemtype=\"https:\/\/schema.org\/BlogPosting\" ><div class=\"blog-meta\"><\/div><div class='entry-content-wrapper clearfix standard-content'><header class=\"entry-content-header\"><h2 class='post-title entry-title '  itemprop=\"headline\" ><a href=\"https:\/\/kylkirauta.fi\/index.php\/2026\/04\/20\/kaaderilaulajien-julkaisutoiminta\/\" rel=\"bookmark\" title=\"Permanent Link: Kaaderilaulajien julkaisutoiminta\">Kaaderilaulajien julkaisutoiminta<span class=\"post-format-icon minor-meta\"><\/span><\/a><\/h2><span class=\"post-meta-infos\"><time class=\"date-container minor-meta updated\"  itemprop=\"datePublished\" datetime=\"2026-04-20T15:45:24+03:00\" >20.4.2026<\/time><span class=\"text-sep\">\/<\/span><span class=\"blog-categories minor-meta\">in <a href=\"https:\/\/kylkirauta.fi\/index.php\/category\/artikkeli\/\" rel=\"tag\">Artikkeli<\/a>, <a href=\"https:\/\/kylkirauta.fi\/index.php\/category\/artikkeli-2026\/\" rel=\"tag\">Artikkeli 2026<\/a><\/span><span class=\"text-sep\">\/<\/span><span class=\"blog-author minor-meta\">by <span class=\"entry-author-link\"  itemprop=\"author\" ><span class=\"author\"><span class=\"fn\"><a href=\"https:\/\/kylkirauta.fi\/index.php\/author\/karisain\/\" title=\"Kirjoittanut: Kari Sainio\" rel=\"author\">Kari Sainio<\/a><\/span><\/span><\/span><\/span><div class=\"read-more-link\"><a href=\"https:\/\/kylkirauta.fi\/index.php\/2026\/04\/20\/kaaderilaulajien-julkaisutoiminta\/\" class=\"more-link\">Read more<span class=\"more-link-arrow\"><\/span><\/a><\/div><\/span><\/header><footer class=\"entry-footer\"><\/footer><div class='post_delimiter'><\/div><\/div><div class=\"post_author_timeline\"><\/div><span class='hidden'>\n\t\t\t\t<span class='av-structured-data'  itemprop=\"image\" itemscope=\"itemscope\" itemtype=\"https:\/\/schema.org\/ImageObject\" >\n\t\t\t\t\t\t<span itemprop='url'>https:\/\/kylkirauta.fi\/wp-content\/uploads\/2026\/04\/Artikkeli-4-2026-2.jpg<\/span>\n\t\t\t\t\t\t<span itemprop='height'>487<\/span>\n\t\t\t\t\t\t<span itemprop='width'>843<\/span>\n\t\t\t\t<\/span>\n\t\t\t\t<span class='av-structured-data'  itemprop=\"publisher\" itemtype=\"https:\/\/schema.org\/Organization\" itemscope=\"itemscope\" >\n\t\t\t\t\t\t<span itemprop='name'>Kari Sainio<\/span>\n\t\t\t\t\t\t<span itemprop='logo' itemscope itemtype='https:\/\/schema.org\/ImageObject'>\n\t\t\t\t\t\t\t<span itemprop='url'>https:\/\/kylkirauta.fi\/wp-content\/uploads\/2020\/02\/kkunta_weblogo-100x100-1.png<\/span>\n\t\t\t\t\t\t<\/span>\n\t\t\t\t<\/span><span class='av-structured-data'  itemprop=\"author\" itemscope=\"itemscope\" itemtype=\"https:\/\/schema.org\/Person\" ><span itemprop='name'>Kari Sainio<\/span><\/span><span class='av-structured-data'  itemprop=\"datePublished\" datetime=\"2026-04-20T15:45:24+03:00\" >2026-04-20 15:45:24<\/span><span class='av-structured-data'  itemprop=\"dateModified\" itemtype=\"https:\/\/schema.org\/dateModified\" >2026-04-20 15:45:24<\/span><span class='av-structured-data'  itemprop=\"mainEntityOfPage\" itemtype=\"https:\/\/schema.org\/mainEntityOfPage\" ><span itemprop='name'>Kaaderilaulajien julkaisutoiminta<\/span><\/span><\/span><\/article><article class=\"post-entry post-entry-type-standard post-entry-8884 post-loop-2 post-parity-even bloglist-simple with-slider post-8884 post type-post status-publish format-standard has-post-thumbnail hentry category-artikkeli category-artikkeli-2026\"  itemscope=\"itemscope\" itemtype=\"https:\/\/schema.org\/BlogPosting\" ><div class=\"blog-meta\"><\/div><div class='entry-content-wrapper clearfix standard-content'><header class=\"entry-content-header\"><h2 class='post-title entry-title '  itemprop=\"headline\" ><a href=\"https:\/\/kylkirauta.fi\/index.php\/2026\/03\/27\/kaaderilaulajien-ukraina-tukikonsertit\/\" rel=\"bookmark\" title=\"Permanent Link: Kaaderilaulajien Ukraina-tukikonsertit\">Kaaderilaulajien Ukraina-tukikonsertit<span class=\"post-format-icon minor-meta\"><\/span><\/a><\/h2><span class=\"post-meta-infos\"><time class=\"date-container minor-meta updated\"  itemprop=\"datePublished\" datetime=\"2026-03-27T12:30:38+02:00\" >27.3.2026<\/time><span class=\"text-sep\">\/<\/span><span class=\"blog-categories minor-meta\">in <a href=\"https:\/\/kylkirauta.fi\/index.php\/category\/artikkeli\/\" rel=\"tag\">Artikkeli<\/a>, <a href=\"https:\/\/kylkirauta.fi\/index.php\/category\/artikkeli-2026\/\" rel=\"tag\">Artikkeli 2026<\/a><\/span><span class=\"text-sep\">\/<\/span><span class=\"blog-author minor-meta\">by <span class=\"entry-author-link\"  itemprop=\"author\" ><span class=\"author\"><span class=\"fn\"><a href=\"https:\/\/kylkirauta.fi\/index.php\/author\/karisain\/\" title=\"Kirjoittanut: Kari Sainio\" rel=\"author\">Kari Sainio<\/a><\/span><\/span><\/span><\/span><div class=\"read-more-link\"><a href=\"https:\/\/kylkirauta.fi\/index.php\/2026\/03\/27\/kaaderilaulajien-ukraina-tukikonsertit\/\" class=\"more-link\">Read more<span class=\"more-link-arrow\"><\/span><\/a><\/div><\/span><\/header><footer class=\"entry-footer\"><\/footer><div class='post_delimiter'><\/div><\/div><div class=\"post_author_timeline\"><\/div><span class='hidden'>\n\t\t\t\t<span class='av-structured-data'  itemprop=\"image\" itemscope=\"itemscope\" itemtype=\"https:\/\/schema.org\/ImageObject\" >\n\t\t\t\t\t\t<span itemprop='url'>https:\/\/kylkirauta.fi\/wp-content\/uploads\/2026\/03\/3-2026-artikkeli.jpg<\/span>\n\t\t\t\t\t\t<span itemprop='height'>487<\/span>\n\t\t\t\t\t\t<span itemprop='width'>843<\/span>\n\t\t\t\t<\/span>\n\t\t\t\t<span class='av-structured-data'  itemprop=\"publisher\" itemtype=\"https:\/\/schema.org\/Organization\" itemscope=\"itemscope\" >\n\t\t\t\t\t\t<span itemprop='name'>Kari Sainio<\/span>\n\t\t\t\t\t\t<span itemprop='logo' itemscope itemtype='https:\/\/schema.org\/ImageObject'>\n\t\t\t\t\t\t\t<span itemprop='url'>https:\/\/kylkirauta.fi\/wp-content\/uploads\/2020\/02\/kkunta_weblogo-100x100-1.png<\/span>\n\t\t\t\t\t\t<\/span>\n\t\t\t\t<\/span><span class='av-structured-data'  itemprop=\"author\" itemscope=\"itemscope\" itemtype=\"https:\/\/schema.org\/Person\" ><span itemprop='name'>Kari Sainio<\/span><\/span><span class='av-structured-data'  itemprop=\"datePublished\" datetime=\"2026-03-27T12:30:38+02:00\" >2026-03-27 12:30:38<\/span><span class='av-structured-data'  itemprop=\"dateModified\" itemtype=\"https:\/\/schema.org\/dateModified\" >2026-03-27 12:30:38<\/span><span class='av-structured-data'  itemprop=\"mainEntityOfPage\" itemtype=\"https:\/\/schema.org\/mainEntityOfPage\" ><span itemprop='name'>Kaaderilaulajien Ukraina-tukikonsertit<\/span><\/span><\/span><\/article><article class=\"post-entry post-entry-type-standard post-entry-8786 post-loop-3 post-parity-odd post-entry-last bloglist-simple with-slider post-8786 post type-post status-publish format-standard has-post-thumbnail hentry category-artikkeli category-artikkeli-2026\"  itemscope=\"itemscope\" itemtype=\"https:\/\/schema.org\/BlogPosting\" ><div class=\"blog-meta\"><\/div><div class='entry-content-wrapper clearfix standard-content'><header class=\"entry-content-header\"><h2 class='post-title entry-title '  itemprop=\"headline\" ><a href=\"https:\/\/kylkirauta.fi\/index.php\/2026\/02\/23\/risto-sinkko-eu-kansalaisten-nakemyksia-turvallisuudesta-ja-puolustuksesta\/\" rel=\"bookmark\" title=\"Permanent Link: Risto Sinkko: EU-kansalaisten n\u00e4kemyksi\u00e4 turvallisuudesta ja puolustuksesta\">Risto Sinkko: EU-kansalaisten n\u00e4kemyksi\u00e4 turvallisuudesta ja puolustuksesta<span class=\"post-format-icon minor-meta\"><\/span><\/a><\/h2><span class=\"post-meta-infos\"><time class=\"date-container minor-meta updated\"  itemprop=\"datePublished\" datetime=\"2026-02-23T17:08:33+02:00\" >23.2.2026<\/time><span class=\"text-sep\">\/<\/span><span class=\"blog-categories minor-meta\">in <a href=\"https:\/\/kylkirauta.fi\/index.php\/category\/artikkeli\/\" rel=\"tag\">Artikkeli<\/a>, <a href=\"https:\/\/kylkirauta.fi\/index.php\/category\/artikkeli-2026\/\" rel=\"tag\">Artikkeli 2026<\/a><\/span><span class=\"text-sep\">\/<\/span><span class=\"blog-author minor-meta\">by <span class=\"entry-author-link\"  itemprop=\"author\" ><span class=\"author\"><span class=\"fn\"><a href=\"https:\/\/kylkirauta.fi\/index.php\/author\/karisain\/\" title=\"Kirjoittanut: Kari Sainio\" rel=\"author\">Kari Sainio<\/a><\/span><\/span><\/span><\/span><div class=\"read-more-link\"><a href=\"https:\/\/kylkirauta.fi\/index.php\/2026\/02\/23\/risto-sinkko-eu-kansalaisten-nakemyksia-turvallisuudesta-ja-puolustuksesta\/\" class=\"more-link\">Read more<span class=\"more-link-arrow\"><\/span><\/a><\/div><\/span><\/header><footer class=\"entry-footer\"><\/footer><div class='post_delimiter'><\/div><\/div><div class=\"post_author_timeline\"><\/div><span class='hidden'>\n\t\t\t\t<span class='av-structured-data'  itemprop=\"image\" itemscope=\"itemscope\" itemtype=\"https:\/\/schema.org\/ImageObject\" >\n\t\t\t\t\t\t<span itemprop='url'>https:\/\/kylkirauta.fi\/wp-content\/uploads\/2026\/02\/Artikkeli-MSC-artikkeli.jpg<\/span>\n\t\t\t\t\t\t<span itemprop='height'>487<\/span>\n\t\t\t\t\t\t<span itemprop='width'>843<\/span>\n\t\t\t\t<\/span>\n\t\t\t\t<span class='av-structured-data'  itemprop=\"publisher\" itemtype=\"https:\/\/schema.org\/Organization\" itemscope=\"itemscope\" >\n\t\t\t\t\t\t<span itemprop='name'>Kari Sainio<\/span>\n\t\t\t\t\t\t<span itemprop='logo' itemscope itemtype='https:\/\/schema.org\/ImageObject'>\n\t\t\t\t\t\t\t<span itemprop='url'>https:\/\/kylkirauta.fi\/wp-content\/uploads\/2020\/02\/kkunta_weblogo-100x100-1.png<\/span>\n\t\t\t\t\t\t<\/span>\n\t\t\t\t<\/span><span class='av-structured-data'  itemprop=\"author\" itemscope=\"itemscope\" itemtype=\"https:\/\/schema.org\/Person\" ><span itemprop='name'>Kari Sainio<\/span><\/span><span class='av-structured-data'  itemprop=\"datePublished\" datetime=\"2026-02-23T17:08:33+02:00\" >2026-02-23 17:08:33<\/span><span class='av-structured-data'  itemprop=\"dateModified\" itemtype=\"https:\/\/schema.org\/dateModified\" >2026-02-23 17:29:54<\/span><span class='av-structured-data'  itemprop=\"mainEntityOfPage\" itemtype=\"https:\/\/schema.org\/mainEntityOfPage\" ><span itemprop='name'>Risto Sinkko: EU-kansalaisten n\u00e4kemyksi\u00e4 turvallisuudesta ja puolustuksesta<\/span><\/span><\/span><\/article><div class='bloglist-simple'><nav class='pagination'><span class='pagination-meta'>Page 1 of 58<\/span><span class='current'>1<\/span><a href='https:\/\/kylkirauta.fi\/index.php\/wp-json\/wp\/v2\/posts\/3227\/page\/2\/' class='inactive next_page' >2<\/a><a href='https:\/\/kylkirauta.fi\/index.php\/wp-json\/wp\/v2\/posts\/3227\/page\/3\/' class='inactive' >3<\/a><a href='https:\/\/kylkirauta.fi\/index.php\/wp-json\/wp\/v2\/posts\/3227\/page\/2\/'>&rsaquo;<\/a><a href='https:\/\/kylkirauta.fi\/index.php\/wp-json\/wp\/v2\/posts\/3227\/page\/58\/'>&raquo;<\/a><\/nav>\n<\/div><\/div>\n","protected":false},"excerpt":{"rendered":"","protected":false},"author":3,"featured_media":0,"comment_status":"closed","ping_status":"closed","sticky":false,"template":"","format":"standard","meta":{"footnotes":""},"categories":[4,32],"tags":[],"class_list":["post-3227","post","type-post","status-publish","format-standard","hentry","category-artikkeli","category-artikkeli-2020"],"yoast_head":"<!-- This site is optimized with the Yoast SEO plugin v27.4 - https:\/\/yoast.com\/product\/yoast-seo-wordpress\/ -->\n<title>Mentorin merkint\u00f6j\u00e4 24 - P\u00e4\u00e4t\u00f6ksenteon kaksiter\u00e4inen miekka: onko herran pelko viisauden alku? - Kylkirauta<\/title>\n<meta name=\"robots\" content=\"index, follow, max-snippet:-1, max-image-preview:large, max-video-preview:-1\" \/>\n<link rel=\"canonical\" href=\"https:\/\/kylkirauta.fi\/index.php\/2020\/03\/09\/mentorin-merkintoja-24-paatoksenteon-kaksiterainen-miekka-onko-herran-pelko-viisauden-alku\/\" \/>\n<meta property=\"og:locale\" content=\"fi_FI\" \/>\n<meta property=\"og:type\" content=\"article\" \/>\n<meta property=\"og:title\" content=\"Mentorin merkint\u00f6j\u00e4 24 - P\u00e4\u00e4t\u00f6ksenteon kaksiter\u00e4inen miekka: onko herran pelko viisauden alku? - Kylkirauta\" \/>\n<meta property=\"og:url\" content=\"https:\/\/kylkirauta.fi\/index.php\/2020\/03\/09\/mentorin-merkintoja-24-paatoksenteon-kaksiterainen-miekka-onko-herran-pelko-viisauden-alku\/\" \/>\n<meta property=\"og:site_name\" content=\"Kylkirauta\" \/>\n<meta property=\"article:published_time\" content=\"2020-03-09T16:34:01+00:00\" \/>\n<meta property=\"article:modified_time\" content=\"2020-04-11T09:21:42+00:00\" \/>\n<meta property=\"og:image\" content=\"https:\/\/kylkirauta.fi\/wp-content\/uploads\/2020\/01\/Kurvinen-Pekka.jpg\" \/>\n<meta name=\"author\" content=\"Kari Sainio\" \/>\n<meta name=\"twitter:card\" content=\"summary_large_image\" \/>\n<meta name=\"twitter:label1\" content=\"Kirjoittanut\" \/>\n\t<meta name=\"twitter:data1\" content=\"Kari Sainio\" \/>\n\t<meta name=\"twitter:label2\" content=\"Arvioitu lukuaika\" \/>\n\t<meta name=\"twitter:data2\" content=\"10 minuuttia\" \/>\n<script type=\"application\/ld+json\" class=\"yoast-schema-graph\">{\"@context\":\"https:\\\/\\\/schema.org\",\"@graph\":[{\"@type\":\"Article\",\"@id\":\"https:\\\/\\\/kylkirauta.fi\\\/index.php\\\/2020\\\/03\\\/09\\\/mentorin-merkintoja-24-paatoksenteon-kaksiterainen-miekka-onko-herran-pelko-viisauden-alku\\\/#article\",\"isPartOf\":{\"@id\":\"https:\\\/\\\/kylkirauta.fi\\\/index.php\\\/2020\\\/03\\\/09\\\/mentorin-merkintoja-24-paatoksenteon-kaksiterainen-miekka-onko-herran-pelko-viisauden-alku\\\/\"},\"author\":{\"name\":\"Kari Sainio\",\"@id\":\"https:\\\/\\\/kylkirauta.fi\\\/#\\\/schema\\\/person\\\/714ab39a349c656b20d60a239be1d6f6\"},\"headline\":\"Mentorin merkint\u00f6j\u00e4 24 &#8211; P\u00e4\u00e4t\u00f6ksenteon kaksiter\u00e4inen miekka: onko herran pelko viisauden alku?\",\"datePublished\":\"2020-03-09T16:34:01+00:00\",\"dateModified\":\"2020-04-11T09:21:42+00:00\",\"mainEntityOfPage\":{\"@id\":\"https:\\\/\\\/kylkirauta.fi\\\/index.php\\\/2020\\\/03\\\/09\\\/mentorin-merkintoja-24-paatoksenteon-kaksiterainen-miekka-onko-herran-pelko-viisauden-alku\\\/\"},\"wordCount\":1856,\"image\":{\"@id\":\"https:\\\/\\\/kylkirauta.fi\\\/index.php\\\/2020\\\/03\\\/09\\\/mentorin-merkintoja-24-paatoksenteon-kaksiterainen-miekka-onko-herran-pelko-viisauden-alku\\\/#primaryimage\"},\"thumbnailUrl\":\"https:\\\/\\\/kylkirauta.fi\\\/wp-content\\\/uploads\\\/2020\\\/01\\\/Kurvinen-Pekka.jpg\",\"articleSection\":[\"Artikkeli\",\"Artikkeli 2020\"],\"inLanguage\":\"fi\"},{\"@type\":\"WebPage\",\"@id\":\"https:\\\/\\\/kylkirauta.fi\\\/index.php\\\/2020\\\/03\\\/09\\\/mentorin-merkintoja-24-paatoksenteon-kaksiterainen-miekka-onko-herran-pelko-viisauden-alku\\\/\",\"url\":\"https:\\\/\\\/kylkirauta.fi\\\/index.php\\\/2020\\\/03\\\/09\\\/mentorin-merkintoja-24-paatoksenteon-kaksiterainen-miekka-onko-herran-pelko-viisauden-alku\\\/\",\"name\":\"Mentorin merkint\u00f6j\u00e4 24 - P\u00e4\u00e4t\u00f6ksenteon kaksiter\u00e4inen miekka: onko herran pelko viisauden alku? - Kylkirauta\",\"isPartOf\":{\"@id\":\"https:\\\/\\\/kylkirauta.fi\\\/#website\"},\"primaryImageOfPage\":{\"@id\":\"https:\\\/\\\/kylkirauta.fi\\\/index.php\\\/2020\\\/03\\\/09\\\/mentorin-merkintoja-24-paatoksenteon-kaksiterainen-miekka-onko-herran-pelko-viisauden-alku\\\/#primaryimage\"},\"image\":{\"@id\":\"https:\\\/\\\/kylkirauta.fi\\\/index.php\\\/2020\\\/03\\\/09\\\/mentorin-merkintoja-24-paatoksenteon-kaksiterainen-miekka-onko-herran-pelko-viisauden-alku\\\/#primaryimage\"},\"thumbnailUrl\":\"https:\\\/\\\/kylkirauta.fi\\\/wp-content\\\/uploads\\\/2020\\\/01\\\/Kurvinen-Pekka.jpg\",\"datePublished\":\"2020-03-09T16:34:01+00:00\",\"dateModified\":\"2020-04-11T09:21:42+00:00\",\"author\":{\"@id\":\"https:\\\/\\\/kylkirauta.fi\\\/#\\\/schema\\\/person\\\/714ab39a349c656b20d60a239be1d6f6\"},\"breadcrumb\":{\"@id\":\"https:\\\/\\\/kylkirauta.fi\\\/index.php\\\/2020\\\/03\\\/09\\\/mentorin-merkintoja-24-paatoksenteon-kaksiterainen-miekka-onko-herran-pelko-viisauden-alku\\\/#breadcrumb\"},\"inLanguage\":\"fi\",\"potentialAction\":[{\"@type\":\"ReadAction\",\"target\":[\"https:\\\/\\\/kylkirauta.fi\\\/index.php\\\/2020\\\/03\\\/09\\\/mentorin-merkintoja-24-paatoksenteon-kaksiterainen-miekka-onko-herran-pelko-viisauden-alku\\\/\"]}]},{\"@type\":\"ImageObject\",\"inLanguage\":\"fi\",\"@id\":\"https:\\\/\\\/kylkirauta.fi\\\/index.php\\\/2020\\\/03\\\/09\\\/mentorin-merkintoja-24-paatoksenteon-kaksiterainen-miekka-onko-herran-pelko-viisauden-alku\\\/#primaryimage\",\"url\":\"https:\\\/\\\/kylkirauta.fi\\\/wp-content\\\/uploads\\\/2020\\\/01\\\/Kurvinen-Pekka.jpg\",\"contentUrl\":\"https:\\\/\\\/kylkirauta.fi\\\/wp-content\\\/uploads\\\/2020\\\/01\\\/Kurvinen-Pekka.jpg\",\"width\":410,\"height\":580,\"caption\":\"Pekka Kurvinen\"},{\"@type\":\"BreadcrumbList\",\"@id\":\"https:\\\/\\\/kylkirauta.fi\\\/index.php\\\/2020\\\/03\\\/09\\\/mentorin-merkintoja-24-paatoksenteon-kaksiterainen-miekka-onko-herran-pelko-viisauden-alku\\\/#breadcrumb\",\"itemListElement\":[{\"@type\":\"ListItem\",\"position\":1,\"name\":\"Home\",\"item\":\"https:\\\/\\\/kylkirauta.fi\\\/index.php\\\/home\\\/\"},{\"@type\":\"ListItem\",\"position\":2,\"name\":\"Mentorin merkint\u00f6j\u00e4 24 &#8211; P\u00e4\u00e4t\u00f6ksenteon kaksiter\u00e4inen miekka: onko herran pelko viisauden alku?\"}]},{\"@type\":\"WebSite\",\"@id\":\"https:\\\/\\\/kylkirauta.fi\\\/#website\",\"url\":\"https:\\\/\\\/kylkirauta.fi\\\/\",\"name\":\"Kylkirauta\",\"description\":\"Kadettiupseerit yhteiskunnan palveluksessa\",\"potentialAction\":[{\"@type\":\"SearchAction\",\"target\":{\"@type\":\"EntryPoint\",\"urlTemplate\":\"https:\\\/\\\/kylkirauta.fi\\\/?s={search_term_string}\"},\"query-input\":{\"@type\":\"PropertyValueSpecification\",\"valueRequired\":true,\"valueName\":\"search_term_string\"}}],\"inLanguage\":\"fi\"},{\"@type\":\"Person\",\"@id\":\"https:\\\/\\\/kylkirauta.fi\\\/#\\\/schema\\\/person\\\/714ab39a349c656b20d60a239be1d6f6\",\"name\":\"Kari Sainio\",\"sameAs\":[\"http:\\\/\\\/www.kylkirauta.fi\"],\"url\":\"https:\\\/\\\/kylkirauta.fi\\\/index.php\\\/author\\\/karisain\\\/\"}]}<\/script>\n<!-- \/ Yoast SEO plugin. -->","yoast_head_json":{"title":"Mentorin merkint\u00f6j\u00e4 24 - P\u00e4\u00e4t\u00f6ksenteon kaksiter\u00e4inen miekka: onko herran pelko viisauden alku? - Kylkirauta","robots":{"index":"index","follow":"follow","max-snippet":"max-snippet:-1","max-image-preview":"max-image-preview:large","max-video-preview":"max-video-preview:-1"},"canonical":"https:\/\/kylkirauta.fi\/index.php\/2020\/03\/09\/mentorin-merkintoja-24-paatoksenteon-kaksiterainen-miekka-onko-herran-pelko-viisauden-alku\/","og_locale":"fi_FI","og_type":"article","og_title":"Mentorin merkint\u00f6j\u00e4 24 - P\u00e4\u00e4t\u00f6ksenteon kaksiter\u00e4inen miekka: onko herran pelko viisauden alku? - Kylkirauta","og_url":"https:\/\/kylkirauta.fi\/index.php\/2020\/03\/09\/mentorin-merkintoja-24-paatoksenteon-kaksiterainen-miekka-onko-herran-pelko-viisauden-alku\/","og_site_name":"Kylkirauta","article_published_time":"2020-03-09T16:34:01+00:00","article_modified_time":"2020-04-11T09:21:42+00:00","og_image":[{"url":"https:\/\/kylkirauta.fi\/wp-content\/uploads\/2020\/01\/Kurvinen-Pekka.jpg","type":"","width":"","height":""}],"author":"Kari Sainio","twitter_card":"summary_large_image","twitter_misc":{"Kirjoittanut":"Kari Sainio","Arvioitu lukuaika":"10 minuuttia"},"schema":{"@context":"https:\/\/schema.org","@graph":[{"@type":"Article","@id":"https:\/\/kylkirauta.fi\/index.php\/2020\/03\/09\/mentorin-merkintoja-24-paatoksenteon-kaksiterainen-miekka-onko-herran-pelko-viisauden-alku\/#article","isPartOf":{"@id":"https:\/\/kylkirauta.fi\/index.php\/2020\/03\/09\/mentorin-merkintoja-24-paatoksenteon-kaksiterainen-miekka-onko-herran-pelko-viisauden-alku\/"},"author":{"name":"Kari Sainio","@id":"https:\/\/kylkirauta.fi\/#\/schema\/person\/714ab39a349c656b20d60a239be1d6f6"},"headline":"Mentorin merkint\u00f6j\u00e4 24 &#8211; P\u00e4\u00e4t\u00f6ksenteon kaksiter\u00e4inen miekka: onko herran pelko viisauden alku?","datePublished":"2020-03-09T16:34:01+00:00","dateModified":"2020-04-11T09:21:42+00:00","mainEntityOfPage":{"@id":"https:\/\/kylkirauta.fi\/index.php\/2020\/03\/09\/mentorin-merkintoja-24-paatoksenteon-kaksiterainen-miekka-onko-herran-pelko-viisauden-alku\/"},"wordCount":1856,"image":{"@id":"https:\/\/kylkirauta.fi\/index.php\/2020\/03\/09\/mentorin-merkintoja-24-paatoksenteon-kaksiterainen-miekka-onko-herran-pelko-viisauden-alku\/#primaryimage"},"thumbnailUrl":"https:\/\/kylkirauta.fi\/wp-content\/uploads\/2020\/01\/Kurvinen-Pekka.jpg","articleSection":["Artikkeli","Artikkeli 2020"],"inLanguage":"fi"},{"@type":"WebPage","@id":"https:\/\/kylkirauta.fi\/index.php\/2020\/03\/09\/mentorin-merkintoja-24-paatoksenteon-kaksiterainen-miekka-onko-herran-pelko-viisauden-alku\/","url":"https:\/\/kylkirauta.fi\/index.php\/2020\/03\/09\/mentorin-merkintoja-24-paatoksenteon-kaksiterainen-miekka-onko-herran-pelko-viisauden-alku\/","name":"Mentorin merkint\u00f6j\u00e4 24 - P\u00e4\u00e4t\u00f6ksenteon kaksiter\u00e4inen miekka: onko herran pelko viisauden alku? - Kylkirauta","isPartOf":{"@id":"https:\/\/kylkirauta.fi\/#website"},"primaryImageOfPage":{"@id":"https:\/\/kylkirauta.fi\/index.php\/2020\/03\/09\/mentorin-merkintoja-24-paatoksenteon-kaksiterainen-miekka-onko-herran-pelko-viisauden-alku\/#primaryimage"},"image":{"@id":"https:\/\/kylkirauta.fi\/index.php\/2020\/03\/09\/mentorin-merkintoja-24-paatoksenteon-kaksiterainen-miekka-onko-herran-pelko-viisauden-alku\/#primaryimage"},"thumbnailUrl":"https:\/\/kylkirauta.fi\/wp-content\/uploads\/2020\/01\/Kurvinen-Pekka.jpg","datePublished":"2020-03-09T16:34:01+00:00","dateModified":"2020-04-11T09:21:42+00:00","author":{"@id":"https:\/\/kylkirauta.fi\/#\/schema\/person\/714ab39a349c656b20d60a239be1d6f6"},"breadcrumb":{"@id":"https:\/\/kylkirauta.fi\/index.php\/2020\/03\/09\/mentorin-merkintoja-24-paatoksenteon-kaksiterainen-miekka-onko-herran-pelko-viisauden-alku\/#breadcrumb"},"inLanguage":"fi","potentialAction":[{"@type":"ReadAction","target":["https:\/\/kylkirauta.fi\/index.php\/2020\/03\/09\/mentorin-merkintoja-24-paatoksenteon-kaksiterainen-miekka-onko-herran-pelko-viisauden-alku\/"]}]},{"@type":"ImageObject","inLanguage":"fi","@id":"https:\/\/kylkirauta.fi\/index.php\/2020\/03\/09\/mentorin-merkintoja-24-paatoksenteon-kaksiterainen-miekka-onko-herran-pelko-viisauden-alku\/#primaryimage","url":"https:\/\/kylkirauta.fi\/wp-content\/uploads\/2020\/01\/Kurvinen-Pekka.jpg","contentUrl":"https:\/\/kylkirauta.fi\/wp-content\/uploads\/2020\/01\/Kurvinen-Pekka.jpg","width":410,"height":580,"caption":"Pekka Kurvinen"},{"@type":"BreadcrumbList","@id":"https:\/\/kylkirauta.fi\/index.php\/2020\/03\/09\/mentorin-merkintoja-24-paatoksenteon-kaksiterainen-miekka-onko-herran-pelko-viisauden-alku\/#breadcrumb","itemListElement":[{"@type":"ListItem","position":1,"name":"Home","item":"https:\/\/kylkirauta.fi\/index.php\/home\/"},{"@type":"ListItem","position":2,"name":"Mentorin merkint\u00f6j\u00e4 24 &#8211; P\u00e4\u00e4t\u00f6ksenteon kaksiter\u00e4inen miekka: onko herran pelko viisauden alku?"}]},{"@type":"WebSite","@id":"https:\/\/kylkirauta.fi\/#website","url":"https:\/\/kylkirauta.fi\/","name":"Kylkirauta","description":"Kadettiupseerit yhteiskunnan palveluksessa","potentialAction":[{"@type":"SearchAction","target":{"@type":"EntryPoint","urlTemplate":"https:\/\/kylkirauta.fi\/?s={search_term_string}"},"query-input":{"@type":"PropertyValueSpecification","valueRequired":true,"valueName":"search_term_string"}}],"inLanguage":"fi"},{"@type":"Person","@id":"https:\/\/kylkirauta.fi\/#\/schema\/person\/714ab39a349c656b20d60a239be1d6f6","name":"Kari Sainio","sameAs":["http:\/\/www.kylkirauta.fi"],"url":"https:\/\/kylkirauta.fi\/index.php\/author\/karisain\/"}]}},"_links":{"self":[{"href":"https:\/\/kylkirauta.fi\/index.php\/wp-json\/wp\/v2\/posts\/3227","targetHints":{"allow":["GET"]}}],"collection":[{"href":"https:\/\/kylkirauta.fi\/index.php\/wp-json\/wp\/v2\/posts"}],"about":[{"href":"https:\/\/kylkirauta.fi\/index.php\/wp-json\/wp\/v2\/types\/post"}],"author":[{"embeddable":true,"href":"https:\/\/kylkirauta.fi\/index.php\/wp-json\/wp\/v2\/users\/3"}],"replies":[{"embeddable":true,"href":"https:\/\/kylkirauta.fi\/index.php\/wp-json\/wp\/v2\/comments?post=3227"}],"version-history":[{"count":5,"href":"https:\/\/kylkirauta.fi\/index.php\/wp-json\/wp\/v2\/posts\/3227\/revisions"}],"predecessor-version":[{"id":3452,"href":"https:\/\/kylkirauta.fi\/index.php\/wp-json\/wp\/v2\/posts\/3227\/revisions\/3452"}],"wp:attachment":[{"href":"https:\/\/kylkirauta.fi\/index.php\/wp-json\/wp\/v2\/media?parent=3227"}],"wp:term":[{"taxonomy":"category","embeddable":true,"href":"https:\/\/kylkirauta.fi\/index.php\/wp-json\/wp\/v2\/categories?post=3227"},{"taxonomy":"post_tag","embeddable":true,"href":"https:\/\/kylkirauta.fi\/index.php\/wp-json\/wp\/v2\/tags?post=3227"}],"curies":[{"name":"wp","href":"https:\/\/api.w.org\/{rel}","templated":true}]}}