{"id":3073,"date":"2020-02-13T09:14:20","date_gmt":"2020-02-13T09:14:20","guid":{"rendered":"https:\/\/kylkirauta.fi\/?p=3073"},"modified":"2020-02-18T12:53:01","modified_gmt":"2020-02-18T12:53:01","slug":"liikkuvuus-ja-taistelijan-toimintakyky-maavoimien-kehityksen-karjessa","status":"publish","type":"post","link":"https:\/\/kylkirauta.fi\/index.php\/2020\/02\/13\/liikkuvuus-ja-taistelijan-toimintakyky-maavoimien-kehityksen-karjessa\/","title":{"rendered":"Uudistunut Turvallisuuden Tukis\u00e4\u00e4ti\u00f6 s\u00e4\u00e4ti\u00f6 laajentaa tukeaan nuorten tukitoimintaan"},"content":{"rendered":"<div id='full_slider_1'  class='avia-fullwidth-slider main_color avia-shadow   avia-builder-el-0  el_before_av_one_full  avia-builder-el-first   container_wrap sidebar_right'  ><div  class='avia-slideshow av-l9olo-34f89e96fc3de7b9b51c14c99ace17a4 avia-slideshow-featured av_slideshow_full avia-slide-slider av-slideshow-ui av-control-default av-slideshow-manual av-loop-once av-loop-manual-endless av-default-height-applied   avia-slideshow-1' data-slideshow-options=\"{&quot;animation&quot;:&quot;slide&quot;,&quot;autoplay&quot;:false,&quot;loop_autoplay&quot;:&quot;once&quot;,&quot;interval&quot;:5,&quot;loop_manual&quot;:&quot;manual-endless&quot;,&quot;autoplay_stopper&quot;:false,&quot;noNavigation&quot;:false,&quot;bg_slider&quot;:false,&quot;keep_padding&quot;:false,&quot;hoverpause&quot;:false,&quot;show_slide_delay&quot;:0}\"  itemprop=\"image\" itemscope=\"itemscope\" itemtype=\"https:\/\/schema.org\/ImageObject\" ><ul class='avia-slideshow-inner ' style='padding-bottom: 22.6%;'><li  class='avia-slideshow-slide av-l9olo-34f89e96fc3de7b9b51c14c99ace17a4__0  av-single-slide slide-1 slide-odd'><div data-rel='slideshow-1' class='avia-slide-wrap '   ><img decoding=\"async\" fetchpriority=\"high\" class=\"wp-image-3024 avia-img-lazy-loading-not-3024\"  src=\"https:\/\/kylkirauta.fi\/wp-content\/uploads\/2020\/01\/kylkirauta-otsake_1500px-1.png\" width=\"1500\" height=\"339\" title='kylkirauta-otsake_1500px' alt=''  itemprop=\"thumbnailUrl\" srcset=\"https:\/\/kylkirauta.fi\/wp-content\/uploads\/2020\/01\/kylkirauta-otsake_1500px-1.png 1500w, https:\/\/kylkirauta.fi\/wp-content\/uploads\/2020\/01\/kylkirauta-otsake_1500px-1-300x68.png 300w, https:\/\/kylkirauta.fi\/wp-content\/uploads\/2020\/01\/kylkirauta-otsake_1500px-1-1030x233.png 1030w, https:\/\/kylkirauta.fi\/wp-content\/uploads\/2020\/01\/kylkirauta-otsake_1500px-1-768x174.png 768w, https:\/\/kylkirauta.fi\/wp-content\/uploads\/2020\/01\/kylkirauta-otsake_1500px-1-705x159.png 705w\" sizes=\"(max-width: 1500px) 100vw, 1500px\" \/><\/div><\/li><\/ul><\/div><\/div><div id='after_full_slider_1'  class='main_color av_default_container_wrap container_wrap sidebar_right'  ><div class='container av-section-cont-open' ><div class='template-page content  av-content-small alpha units'><div class='post-entry post-entry-type-page post-entry-3073'><div class='entry-content-wrapper clearfix'>\n\n<style type=\"text\/css\" data-created_by=\"avia_inline_auto\" id=\"style-css-av-km4zs-0614ada41eb3461e6efbb361dfbae970\">\n.flex_column.av-km4zs-0614ada41eb3461e6efbb361dfbae970{\nborder-radius:0px 0px 0px 0px;\npadding:0px 0px 0px 0px;\n}\n<\/style>\n<div  class='flex_column av-km4zs-0614ada41eb3461e6efbb361dfbae970 av_one_full  avia-builder-el-1  el_after_av_slideshow_full  el_before_av_hr  avia-builder-el-first  first flex_column_div av-zero-column-padding  '     ><p>\n<style type=\"text\/css\" data-created_by=\"avia_inline_auto\" id=\"style-css-av-k6rvyda3-82d87491524870a6c03e1180fa24873b\">\n#top .av-special-heading.av-k6rvyda3-82d87491524870a6c03e1180fa24873b{\npadding-bottom:10px;\n}\nbody .av-special-heading.av-k6rvyda3-82d87491524870a6c03e1180fa24873b .av-special-heading-tag .heading-char{\nfont-size:25px;\n}\n.av-special-heading.av-k6rvyda3-82d87491524870a6c03e1180fa24873b .av-subheading{\nfont-size:15px;\n}\n<\/style>\n<div  class='av-special-heading av-k6rvyda3-82d87491524870a6c03e1180fa24873b av-special-heading-h3  avia-builder-el-2  el_before_av_textblock  avia-builder-el-first '><h3 class='av-special-heading-tag'  itemprop=\"headline\"  >Uudistunut Turvallisuuden Tukis\u00e4\u00e4ti\u00f6 s\u00e4\u00e4ti\u00f6 laajentaa tukeaan nuorten tukitoimintaan<\/h3><div class=\"special-heading-border\"><div class=\"special-heading-inner-border\"><\/div><\/div><\/div><br \/>\n<section  class='av_textblock_section av-k8d08-dea0f25c8df625cf22cbdeac32688808 '   itemscope=\"itemscope\" itemtype=\"https:\/\/schema.org\/BlogPosting\" itemprop=\"blogPost\" ><div class='avia_textblock'  itemprop=\"text\" ><div class=\"art-postcontent clearfix\">\n<div class=\"art-article\">\n<p><img loading=\"lazy\" decoding=\"async\" class=\"alignleft wp-image-3156 size-medium\" src=\"https:\/\/kylkirauta.fi\/wp-content\/uploads\/2020\/02\/Turvallisuuden-Tukis\u00e4\u00e4ti\u00f6-300x159.jpg\" alt=\"\" width=\"300\" height=\"159\" srcset=\"https:\/\/kylkirauta.fi\/wp-content\/uploads\/2020\/02\/Turvallisuuden-Tukis\u00e4\u00e4ti\u00f6-300x159.jpg 300w, https:\/\/kylkirauta.fi\/wp-content\/uploads\/2020\/02\/Turvallisuuden-Tukis\u00e4\u00e4ti\u00f6-768x406.jpg 768w, https:\/\/kylkirauta.fi\/wp-content\/uploads\/2020\/02\/Turvallisuuden-Tukis\u00e4\u00e4ti\u00f6-710x375.jpg 710w, https:\/\/kylkirauta.fi\/wp-content\/uploads\/2020\/02\/Turvallisuuden-Tukis\u00e4\u00e4ti\u00f6-705x373.jpg 705w, https:\/\/kylkirauta.fi\/wp-content\/uploads\/2020\/02\/Turvallisuuden-Tukis\u00e4\u00e4ti\u00f6.jpg 845w\" sizes=\"auto, (max-width: 300px) 100vw, 300px\" \/><\/p>\n<p>Viime vuoden syyskuussa pitk\u00e4n historian omaavan Sotavahinkos\u00e4\u00e4ti\u00f6n nimi muuttui\u00a0<a href=\"https:\/\/turvallisuudentukisaatio.fi\/\" target=\"_blank\" rel=\"noopener noreferrer\"><strong>Turvallisuuden Tukis\u00e4\u00e4ti\u00f6ksi<\/strong>\u00a0(linkki)<\/a>. Muutoksen my\u00f6t\u00e4 s\u00e4\u00e4ti\u00f6 voi tulevaisuudessa aikaisempaa laajemmin tukea yhteiskunnan sis\u00e4isen ja ulkoisen turvallisuuden eri osa-alueita. Viime vuonna uusina kohderyhmin\u00e4 tukea saivat nuorten parissa teht\u00e4v\u00e4\u00e4n ty\u00f6h\u00f6n muun muassa Mielenterveysseura, Mannerheimin Lastensuojeluliitto, Helsinki Missio ja Suomen Partiolaiset.<\/p>\n<p>S\u00e4\u00e4ti\u00f6n historia ulottuu aina vuoteen 1939 asti, jolloin silloinen Eduskunta s\u00e4\u00e4ti maailmassa ainutlaatuisen lain kotirintaman sotavahinkojen lakis\u00e4\u00e4teisest\u00e4 korvaamisesta kaikkien vahinkovakuutusyhti\u00f6iden yhteisist\u00e4 Sotavahinkoyhdistyksist\u00e4. Korvauksia maksettiin talvi-, jatko- ja Lapin sodan sotavahingoista nykyrahassa noin 650 miljoonaa euroa l\u00e4hes 32 000 vahingon k\u00e4rsineelle. Viimeiset korvaukset maksettiin vuonna 1954, jolloin j\u00e4ljelle j\u00e4\u00e4neill\u00e4 varoilla perustettiin silloisen sosiaaliministeri\u00f6n luvalla Sotavahinkos\u00e4\u00e4ti\u00f6.<\/p>\n<p>Apurahoja on my\u00f6nnetty s\u00e4\u00e4ti\u00f6n historian aikana yhteens\u00e4 13 miljoonaa euroa erityisesti sotaveteraanien, my\u00f6s Viron Suomen Poikien ja heid\u00e4n leskiens\u00e4 tukemiseen, tutkimusty\u00f6h\u00f6n, kuten turvallisuusalaan liittyvien v\u00e4it\u00f6skirjojen, tietokirjojen ja el\u00e4m\u00e4nkertojen tekemiseen sek\u00e4 historian ja yhteiskuntaopin oppimateriaalien tuottamiseen oppilaitoksiin ja maanpuolustusaatteelliseen toimintaan. Apurahoja on my\u00f6nnetty my\u00f6s vapaaehtoisen maanpuolustuskoulutuksen, nuorten sek\u00e4 naisten varautumis- ja turvallisuuskoulutukseen sek\u00e4 sotahistoriallisen perinnety\u00f6n tukemiseen.<\/p>\n<p>&#8221;S\u00e4\u00e4ti\u00f6ll\u00e4 on my\u00f6s pitk\u00e4t perinteet erilaisten vahinkovakuutusta ja turvallisuuden kehitt\u00e4mist\u00e4 l\u00e4hell\u00e4 olevien tieteenalojen tukemisessa. S\u00e4\u00e4ti\u00f6 on ollut rahoittamassa 1950-luvulta asti l\u00e4hemm\u00e4s kymment\u00e4 professuuria ja muita tutkimustahoja eri korkeakouluille&#8221;, kertoo Turvallisuuden Tukis\u00e4\u00e4ti\u00f6n puheenjohtaja, vakuutusneuvos Harri Kainulainen.<\/p>\n<p>Turvallisuuden Tukis\u00e4\u00e4ti\u00f6 jakaa vuosittain 400 000 euroa apurahoja. T\u00e4m\u00e4n vuoden ensimm\u00e4inen hakukierros on k\u00e4ynniss\u00e4 ja apurahahaku p\u00e4\u00e4ttyy 1.4. HUOM: kev\u00e4\u00e4n apurahahaku aikaisemman\u00a0<a href=\"https:\/\/www.sotavahinkosaatio.fi\/\" target=\"_blank\" rel=\"noopener noreferrer\">Sotavahinkos\u00e4\u00e4ti\u00f6n sivuston kautta (linkki)<\/a>.<\/p>\n<p>Seuraavat hakuajat p\u00e4\u00e4ttyv\u00e4t 1.7. ja 1.11. Lis\u00e4kysymykset voi l\u00e4hett\u00e4\u00e4 osoitteeseen turvallisuudentukisaatio(at)gmail.com.<\/p>\n<\/div>\n<\/div>\n<\/div><\/section><\/p><\/div><div  class='hr av-1yxn9h-045ff4a48e3d08b37e9c8b2269f2c2e8 hr-default  avia-builder-el-4  el_after_av_one_full  el_before_av_blog '><span class='hr-inner '><span class=\"hr-inner-style\"><\/span><\/span><\/div><\/p>\n<div  class='av-alb-blogposts template-blog  '  itemscope=\"itemscope\" itemtype=\"https:\/\/schema.org\/Blog\" ><article class=\"post-entry post-entry-type-standard post-entry-8916 post-loop-1 post-parity-odd bloglist-excerpt  post-8916 post type-post status-publish format-standard hentry category-ajankohtaista\"  itemscope=\"itemscope\" itemtype=\"https:\/\/schema.org\/BlogPosting\" ><div class=\"blog-meta\"><\/div><div class='entry-content-wrapper clearfix standard-content'><header class=\"entry-content-header\"><h2 class='post-title entry-title '  itemprop=\"headline\" ><a href=\"https:\/\/kylkirauta.fi\/index.php\/2026\/04\/18\/eversti-kari-janhunen-vuoden-kadettiupseeriksi\/\" rel=\"bookmark\" title=\"Permanent Link: Eversti Kari Janhunen Vuoden kadettiupseeriksi\">Eversti Kari Janhunen Vuoden kadettiupseeriksi<span class=\"post-format-icon minor-meta\"><\/span><\/a><\/h2><span class=\"post-meta-infos\"><time class=\"date-container minor-meta updated\"  itemprop=\"datePublished\" datetime=\"2026-04-18T16:03:58+03:00\" >18.4.2026<\/time><span class=\"text-sep\">\/<\/span><span class=\"blog-categories minor-meta\">in <a href=\"https:\/\/kylkirauta.fi\/index.php\/category\/ajankohtaista\/\" rel=\"tag\">Ajankohtaista<\/a><\/span><span class=\"text-sep\">\/<\/span><span class=\"blog-author minor-meta\">by <span class=\"entry-author-link\"  itemprop=\"author\" ><span class=\"author\"><span class=\"fn\"><a href=\"https:\/\/kylkirauta.fi\/index.php\/author\/karisain\/\" title=\"Kirjoittanut: Kari Sainio\" rel=\"author\">Kari Sainio<\/a><\/span><\/span><\/span><\/span><\/span><\/header><div class=\"read-more-link\"><a href=\"https:\/\/kylkirauta.fi\/index.php\/2026\/04\/18\/eversti-kari-janhunen-vuoden-kadettiupseeriksi\/\" class=\"more-link\">Read more<span class=\"more-link-arrow\"><\/span><\/a><\/div><footer class=\"entry-footer\"><\/footer><div class='post_delimiter'><\/div><\/div><div class=\"post_author_timeline\"><\/div><span class='hidden'>\n\t\t\t\t<span class='av-structured-data'  itemprop=\"image\" itemscope=\"itemscope\" itemtype=\"https:\/\/schema.org\/ImageObject\" >\n\t\t\t\t\t\t<span itemprop='url'>https:\/\/kylkirauta.fi\/wp-content\/uploads\/2020\/02\/kkunta_weblogo-100x100-1.png<\/span>\n\t\t\t\t\t\t<span itemprop='height'>0<\/span>\n\t\t\t\t\t\t<span itemprop='width'>0<\/span>\n\t\t\t\t<\/span>\n\t\t\t\t<span class='av-structured-data'  itemprop=\"publisher\" itemtype=\"https:\/\/schema.org\/Organization\" itemscope=\"itemscope\" >\n\t\t\t\t\t\t<span itemprop='name'>Kari Sainio<\/span>\n\t\t\t\t\t\t<span itemprop='logo' itemscope itemtype='https:\/\/schema.org\/ImageObject'>\n\t\t\t\t\t\t\t<span itemprop='url'>https:\/\/kylkirauta.fi\/wp-content\/uploads\/2020\/02\/kkunta_weblogo-100x100-1.png<\/span>\n\t\t\t\t\t\t<\/span>\n\t\t\t\t<\/span><span class='av-structured-data'  itemprop=\"author\" itemscope=\"itemscope\" itemtype=\"https:\/\/schema.org\/Person\" ><span itemprop='name'>Kari Sainio<\/span><\/span><span class='av-structured-data'  itemprop=\"datePublished\" datetime=\"2026-04-18T16:03:58+03:00\" >2026-04-18 16:03:58<\/span><span class='av-structured-data'  itemprop=\"dateModified\" itemtype=\"https:\/\/schema.org\/dateModified\" >2026-04-18 16:03:58<\/span><span class='av-structured-data'  itemprop=\"mainEntityOfPage\" itemtype=\"https:\/\/schema.org\/mainEntityOfPage\" ><span itemprop='name'>Eversti Kari Janhunen Vuoden kadettiupseeriksi<\/span><\/span><\/span><\/article><article class=\"post-entry post-entry-type-standard post-entry-8901 post-loop-2 post-parity-even bloglist-excerpt  post-8901 post type-post status-publish format-standard hentry category-ajankohtaista\"  itemscope=\"itemscope\" itemtype=\"https:\/\/schema.org\/BlogPosting\" ><div class=\"blog-meta\"><\/div><div class='entry-content-wrapper clearfix standard-content'><header class=\"entry-content-header\"><h2 class='post-title entry-title '  itemprop=\"headline\" ><a href=\"https:\/\/kylkirauta.fi\/index.php\/2026\/04\/14\/tutkimus-nuoret-aikuiset-luottavat-suomen-puolustuskykyyn-vaikka-kansainvalinen-tilanne-huolestuttaa\/\" rel=\"bookmark\" title=\"Permanent Link: Tutkimus: Nuoret aikuiset luottavat Suomen puolustuskykyyn, vaikka kansainv\u00e4linen tilanne huolestuttaa\">Tutkimus: Nuoret aikuiset luottavat Suomen puolustuskykyyn, vaikka kansainv\u00e4linen tilanne huolestuttaa<span class=\"post-format-icon minor-meta\"><\/span><\/a><\/h2><span class=\"post-meta-infos\"><time class=\"date-container minor-meta updated\"  itemprop=\"datePublished\" datetime=\"2026-04-14T08:25:11+03:00\" >14.4.2026<\/time><span class=\"text-sep\">\/<\/span><span class=\"blog-categories minor-meta\">in <a href=\"https:\/\/kylkirauta.fi\/index.php\/category\/ajankohtaista\/\" rel=\"tag\">Ajankohtaista<\/a><\/span><span class=\"text-sep\">\/<\/span><span class=\"blog-author minor-meta\">by <span class=\"entry-author-link\"  itemprop=\"author\" ><span class=\"author\"><span class=\"fn\"><a href=\"https:\/\/kylkirauta.fi\/index.php\/author\/karisain\/\" title=\"Kirjoittanut: Kari Sainio\" rel=\"author\">Kari Sainio<\/a><\/span><\/span><\/span><\/span><\/span><\/header><div class=\"read-more-link\"><a href=\"https:\/\/kylkirauta.fi\/index.php\/2026\/04\/14\/tutkimus-nuoret-aikuiset-luottavat-suomen-puolustuskykyyn-vaikka-kansainvalinen-tilanne-huolestuttaa\/\" class=\"more-link\">Read more<span class=\"more-link-arrow\"><\/span><\/a><\/div><footer class=\"entry-footer\"><\/footer><div class='post_delimiter'><\/div><\/div><div class=\"post_author_timeline\"><\/div><span class='hidden'>\n\t\t\t\t<span class='av-structured-data'  itemprop=\"image\" itemscope=\"itemscope\" itemtype=\"https:\/\/schema.org\/ImageObject\" >\n\t\t\t\t\t\t<span itemprop='url'>https:\/\/kylkirauta.fi\/wp-content\/uploads\/2020\/02\/kkunta_weblogo-100x100-1.png<\/span>\n\t\t\t\t\t\t<span itemprop='height'>0<\/span>\n\t\t\t\t\t\t<span itemprop='width'>0<\/span>\n\t\t\t\t<\/span>\n\t\t\t\t<span class='av-structured-data'  itemprop=\"publisher\" itemtype=\"https:\/\/schema.org\/Organization\" itemscope=\"itemscope\" >\n\t\t\t\t\t\t<span itemprop='name'>Kari Sainio<\/span>\n\t\t\t\t\t\t<span itemprop='logo' itemscope itemtype='https:\/\/schema.org\/ImageObject'>\n\t\t\t\t\t\t\t<span itemprop='url'>https:\/\/kylkirauta.fi\/wp-content\/uploads\/2020\/02\/kkunta_weblogo-100x100-1.png<\/span>\n\t\t\t\t\t\t<\/span>\n\t\t\t\t<\/span><span class='av-structured-data'  itemprop=\"author\" itemscope=\"itemscope\" itemtype=\"https:\/\/schema.org\/Person\" ><span itemprop='name'>Kari Sainio<\/span><\/span><span class='av-structured-data'  itemprop=\"datePublished\" datetime=\"2026-04-14T08:25:11+03:00\" >2026-04-14 08:25:11<\/span><span class='av-structured-data'  itemprop=\"dateModified\" itemtype=\"https:\/\/schema.org\/dateModified\" >2026-04-14 08:25:46<\/span><span class='av-structured-data'  itemprop=\"mainEntityOfPage\" itemtype=\"https:\/\/schema.org\/mainEntityOfPage\" ><span itemprop='name'>Tutkimus: Nuoret aikuiset luottavat Suomen puolustuskykyyn, vaikka kansainv\u00e4linen tilanne huolestuttaa<\/span><\/span><\/span><\/article><article class=\"post-entry post-entry-type-standard post-entry-8893 post-loop-3 post-parity-odd bloglist-excerpt  post-8893 post type-post status-publish format-standard hentry category-ajankohtaista\"  itemscope=\"itemscope\" itemtype=\"https:\/\/schema.org\/BlogPosting\" ><div class=\"blog-meta\"><\/div><div class='entry-content-wrapper clearfix standard-content'><header class=\"entry-content-header\"><h2 class='post-title entry-title '  itemprop=\"headline\" ><a href=\"https:\/\/kylkirauta.fi\/index.php\/2026\/04\/07\/maailma-myllerryksessa-muuttuvatko-arvomme-arvoseminaari-28-5-2026\/\" rel=\"bookmark\" title=\"Permanent Link: Maailma myllerryksess\u00e4 \u2013 muuttuvatko arvomme? -arvoseminaari 28.5.2026\">Maailma myllerryksess\u00e4 \u2013 muuttuvatko arvomme? -arvoseminaari 28.5.2026<span class=\"post-format-icon minor-meta\"><\/span><\/a><\/h2><span class=\"post-meta-infos\"><time class=\"date-container minor-meta updated\"  itemprop=\"datePublished\" datetime=\"2026-04-07T15:57:56+03:00\" >7.4.2026<\/time><span class=\"text-sep\">\/<\/span><span class=\"blog-categories minor-meta\">in <a href=\"https:\/\/kylkirauta.fi\/index.php\/category\/ajankohtaista\/\" rel=\"tag\">Ajankohtaista<\/a><\/span><span class=\"text-sep\">\/<\/span><span class=\"blog-author minor-meta\">by <span class=\"entry-author-link\"  itemprop=\"author\" ><span class=\"author\"><span class=\"fn\"><a href=\"https:\/\/kylkirauta.fi\/index.php\/author\/karisain\/\" title=\"Kirjoittanut: Kari Sainio\" rel=\"author\">Kari Sainio<\/a><\/span><\/span><\/span><\/span><\/span><\/header><div class=\"read-more-link\"><a href=\"https:\/\/kylkirauta.fi\/index.php\/2026\/04\/07\/maailma-myllerryksessa-muuttuvatko-arvomme-arvoseminaari-28-5-2026\/\" class=\"more-link\">Read more<span class=\"more-link-arrow\"><\/span><\/a><\/div><footer class=\"entry-footer\"><\/footer><div class='post_delimiter'><\/div><\/div><div class=\"post_author_timeline\"><\/div><span class='hidden'>\n\t\t\t\t<span class='av-structured-data'  itemprop=\"image\" itemscope=\"itemscope\" itemtype=\"https:\/\/schema.org\/ImageObject\" >\n\t\t\t\t\t\t<span itemprop='url'>https:\/\/kylkirauta.fi\/wp-content\/uploads\/2020\/02\/kkunta_weblogo-100x100-1.png<\/span>\n\t\t\t\t\t\t<span itemprop='height'>0<\/span>\n\t\t\t\t\t\t<span itemprop='width'>0<\/span>\n\t\t\t\t<\/span>\n\t\t\t\t<span class='av-structured-data'  itemprop=\"publisher\" itemtype=\"https:\/\/schema.org\/Organization\" itemscope=\"itemscope\" >\n\t\t\t\t\t\t<span itemprop='name'>Kari Sainio<\/span>\n\t\t\t\t\t\t<span itemprop='logo' itemscope itemtype='https:\/\/schema.org\/ImageObject'>\n\t\t\t\t\t\t\t<span itemprop='url'>https:\/\/kylkirauta.fi\/wp-content\/uploads\/2020\/02\/kkunta_weblogo-100x100-1.png<\/span>\n\t\t\t\t\t\t<\/span>\n\t\t\t\t<\/span><span class='av-structured-data'  itemprop=\"author\" itemscope=\"itemscope\" itemtype=\"https:\/\/schema.org\/Person\" ><span itemprop='name'>Kari Sainio<\/span><\/span><span class='av-structured-data'  itemprop=\"datePublished\" datetime=\"2026-04-07T15:57:56+03:00\" >2026-04-07 15:57:56<\/span><span class='av-structured-data'  itemprop=\"dateModified\" itemtype=\"https:\/\/schema.org\/dateModified\" >2026-04-08 07:24:08<\/span><span class='av-structured-data'  itemprop=\"mainEntityOfPage\" itemtype=\"https:\/\/schema.org\/mainEntityOfPage\" ><span itemprop='name'>Maailma myllerryksess\u00e4 \u2013 muuttuvatko arvomme? -arvoseminaari 28.5.2026<\/span><\/span><\/span><\/article><article class=\"post-entry post-entry-type-standard post-entry-8833 post-loop-4 post-parity-even bloglist-excerpt  post-8833 post type-post status-publish format-standard hentry category-ajankohtaista\"  itemscope=\"itemscope\" itemtype=\"https:\/\/schema.org\/BlogPosting\" ><div class=\"blog-meta\"><\/div><div class='entry-content-wrapper clearfix standard-content'><header class=\"entry-content-header\"><h2 class='post-title entry-title '  itemprop=\"headline\" ><a href=\"https:\/\/kylkirauta.fi\/index.php\/2026\/03\/15\/kylkirauta-1-2026-ilmestyy-perjantaina-20-3-teemalla-naton-muutos\/\" rel=\"bookmark\" title=\"Permanent Link: Kylkirauta 1\/2026 ilmestyy perjantaina 20.3. teemalla \u201dNaton muutos\u201d.\">Kylkirauta 1\/2026 ilmestyy perjantaina 20.3. teemalla \u201dNaton muutos\u201d.<span class=\"post-format-icon minor-meta\"><\/span><\/a><\/h2><span class=\"post-meta-infos\"><time class=\"date-container minor-meta updated\"  itemprop=\"datePublished\" datetime=\"2026-03-15T14:41:59+02:00\" >15.3.2026<\/time><span class=\"text-sep\">\/<\/span><span class=\"blog-categories minor-meta\">in <a href=\"https:\/\/kylkirauta.fi\/index.php\/category\/ajankohtaista\/\" rel=\"tag\">Ajankohtaista<\/a><\/span><span class=\"text-sep\">\/<\/span><span class=\"blog-author minor-meta\">by <span class=\"entry-author-link\"  itemprop=\"author\" ><span class=\"author\"><span class=\"fn\"><a href=\"https:\/\/kylkirauta.fi\/index.php\/author\/karisain\/\" title=\"Kirjoittanut: Kari Sainio\" rel=\"author\">Kari Sainio<\/a><\/span><\/span><\/span><\/span><\/span><\/header><div class=\"read-more-link\"><a href=\"https:\/\/kylkirauta.fi\/index.php\/2026\/03\/15\/kylkirauta-1-2026-ilmestyy-perjantaina-20-3-teemalla-naton-muutos\/\" class=\"more-link\">Read more<span class=\"more-link-arrow\"><\/span><\/a><\/div><footer class=\"entry-footer\"><\/footer><div class='post_delimiter'><\/div><\/div><div class=\"post_author_timeline\"><\/div><span class='hidden'>\n\t\t\t\t<span class='av-structured-data'  itemprop=\"image\" itemscope=\"itemscope\" itemtype=\"https:\/\/schema.org\/ImageObject\" >\n\t\t\t\t\t\t<span itemprop='url'>https:\/\/kylkirauta.fi\/wp-content\/uploads\/2020\/02\/kkunta_weblogo-100x100-1.png<\/span>\n\t\t\t\t\t\t<span itemprop='height'>0<\/span>\n\t\t\t\t\t\t<span itemprop='width'>0<\/span>\n\t\t\t\t<\/span>\n\t\t\t\t<span class='av-structured-data'  itemprop=\"publisher\" itemtype=\"https:\/\/schema.org\/Organization\" itemscope=\"itemscope\" >\n\t\t\t\t\t\t<span itemprop='name'>Kari Sainio<\/span>\n\t\t\t\t\t\t<span itemprop='logo' itemscope itemtype='https:\/\/schema.org\/ImageObject'>\n\t\t\t\t\t\t\t<span itemprop='url'>https:\/\/kylkirauta.fi\/wp-content\/uploads\/2020\/02\/kkunta_weblogo-100x100-1.png<\/span>\n\t\t\t\t\t\t<\/span>\n\t\t\t\t<\/span><span class='av-structured-data'  itemprop=\"author\" itemscope=\"itemscope\" itemtype=\"https:\/\/schema.org\/Person\" ><span itemprop='name'>Kari Sainio<\/span><\/span><span class='av-structured-data'  itemprop=\"datePublished\" datetime=\"2026-03-15T14:41:59+02:00\" >2026-03-15 14:41:59<\/span><span class='av-structured-data'  itemprop=\"dateModified\" itemtype=\"https:\/\/schema.org\/dateModified\" >2026-03-15 14:41:59<\/span><span class='av-structured-data'  itemprop=\"mainEntityOfPage\" itemtype=\"https:\/\/schema.org\/mainEntityOfPage\" ><span itemprop='name'>Kylkirauta 1\/2026 ilmestyy perjantaina 20.3. teemalla \u201dNaton muutos\u201d.<\/span><\/span><\/span><\/article><article class=\"post-entry post-entry-type-standard post-entry-8811 post-loop-5 post-parity-odd bloglist-excerpt  post-8811 post type-post status-publish format-standard hentry category-ajankohtaista\"  itemscope=\"itemscope\" itemtype=\"https:\/\/schema.org\/BlogPosting\" ><div class=\"blog-meta\"><\/div><div class='entry-content-wrapper clearfix standard-content'><header class=\"entry-content-header\"><h2 class='post-title entry-title '  itemprop=\"headline\" ><a href=\"https:\/\/kylkirauta.fi\/index.php\/2026\/02\/27\/aaderilaulajien-ja-kadettikuoron-konsertti-ukrainan-tukemiseksi-19-4-2026\/\" rel=\"bookmark\" title=\"Permanent Link: Kaaderilaulajien ja Kadettikuoron konsertti Ukrainan tukemiseksi 19.4.2026\">Kaaderilaulajien ja Kadettikuoron konsertti Ukrainan tukemiseksi 19.4.2026<span class=\"post-format-icon minor-meta\"><\/span><\/a><\/h2><span class=\"post-meta-infos\"><time class=\"date-container minor-meta updated\"  itemprop=\"datePublished\" datetime=\"2026-02-27T11:48:22+02:00\" >27.2.2026<\/time><span class=\"text-sep\">\/<\/span><span class=\"blog-categories minor-meta\">in <a href=\"https:\/\/kylkirauta.fi\/index.php\/category\/ajankohtaista\/\" rel=\"tag\">Ajankohtaista<\/a><\/span><span class=\"text-sep\">\/<\/span><span class=\"blog-author minor-meta\">by <span class=\"entry-author-link\"  itemprop=\"author\" ><span class=\"author\"><span class=\"fn\"><a href=\"https:\/\/kylkirauta.fi\/index.php\/author\/karisain\/\" title=\"Kirjoittanut: Kari Sainio\" rel=\"author\">Kari Sainio<\/a><\/span><\/span><\/span><\/span><\/span><\/header><div class=\"read-more-link\"><a href=\"https:\/\/kylkirauta.fi\/index.php\/2026\/02\/27\/aaderilaulajien-ja-kadettikuoron-konsertti-ukrainan-tukemiseksi-19-4-2026\/\" class=\"more-link\">Read more<span class=\"more-link-arrow\"><\/span><\/a><\/div><footer class=\"entry-footer\"><\/footer><div class='post_delimiter'><\/div><\/div><div class=\"post_author_timeline\"><\/div><span class='hidden'>\n\t\t\t\t<span class='av-structured-data'  itemprop=\"image\" itemscope=\"itemscope\" itemtype=\"https:\/\/schema.org\/ImageObject\" >\n\t\t\t\t\t\t<span itemprop='url'>https:\/\/kylkirauta.fi\/wp-content\/uploads\/2020\/02\/kkunta_weblogo-100x100-1.png<\/span>\n\t\t\t\t\t\t<span itemprop='height'>0<\/span>\n\t\t\t\t\t\t<span itemprop='width'>0<\/span>\n\t\t\t\t<\/span>\n\t\t\t\t<span class='av-structured-data'  itemprop=\"publisher\" itemtype=\"https:\/\/schema.org\/Organization\" itemscope=\"itemscope\" >\n\t\t\t\t\t\t<span itemprop='name'>Kari Sainio<\/span>\n\t\t\t\t\t\t<span itemprop='logo' itemscope itemtype='https:\/\/schema.org\/ImageObject'>\n\t\t\t\t\t\t\t<span itemprop='url'>https:\/\/kylkirauta.fi\/wp-content\/uploads\/2020\/02\/kkunta_weblogo-100x100-1.png<\/span>\n\t\t\t\t\t\t<\/span>\n\t\t\t\t<\/span><span class='av-structured-data'  itemprop=\"author\" itemscope=\"itemscope\" itemtype=\"https:\/\/schema.org\/Person\" ><span itemprop='name'>Kari Sainio<\/span><\/span><span class='av-structured-data'  itemprop=\"datePublished\" datetime=\"2026-02-27T11:48:22+02:00\" >2026-02-27 11:48:22<\/span><span class='av-structured-data'  itemprop=\"dateModified\" itemtype=\"https:\/\/schema.org\/dateModified\" >2026-02-27 11:48:54<\/span><span class='av-structured-data'  itemprop=\"mainEntityOfPage\" itemtype=\"https:\/\/schema.org\/mainEntityOfPage\" ><span itemprop='name'>Kaaderilaulajien ja Kadettikuoron konsertti Ukrainan tukemiseksi 19.4.2026<\/span><\/span><\/span><\/article><article class=\"post-entry post-entry-type-standard post-entry-8777 post-loop-6 post-parity-even bloglist-excerpt  post-8777 post type-post status-publish format-standard hentry category-ajankohtaista\"  itemscope=\"itemscope\" itemtype=\"https:\/\/schema.org\/BlogPosting\" ><div class=\"blog-meta\"><\/div><div class='entry-content-wrapper clearfix standard-content'><header class=\"entry-content-header\"><h2 class='post-title entry-title '  itemprop=\"headline\" ><a href=\"https:\/\/kylkirauta.fi\/index.php\/2026\/02\/18\/werner-hacklinin-saation-kevaan-2026-apurahat-haettavissa\/\" rel=\"bookmark\" title=\"Permanent Link: Werner Hacklinin s\u00e4\u00e4ti\u00f6n kev\u00e4\u00e4n 2026 apurahat haettavissa\">Werner Hacklinin s\u00e4\u00e4ti\u00f6n kev\u00e4\u00e4n 2026 apurahat haettavissa<span class=\"post-format-icon minor-meta\"><\/span><\/a><\/h2><span class=\"post-meta-infos\"><time class=\"date-container minor-meta updated\"  itemprop=\"datePublished\" datetime=\"2026-02-18T10:28:13+02:00\" >18.2.2026<\/time><span class=\"text-sep\">\/<\/span><span class=\"blog-categories minor-meta\">in <a href=\"https:\/\/kylkirauta.fi\/index.php\/category\/ajankohtaista\/\" rel=\"tag\">Ajankohtaista<\/a><\/span><span class=\"text-sep\">\/<\/span><span class=\"blog-author minor-meta\">by <span class=\"entry-author-link\"  itemprop=\"author\" ><span class=\"author\"><span class=\"fn\"><a href=\"https:\/\/kylkirauta.fi\/index.php\/author\/karisain\/\" title=\"Kirjoittanut: Kari Sainio\" rel=\"author\">Kari Sainio<\/a><\/span><\/span><\/span><\/span><\/span><\/header><div class=\"read-more-link\"><a href=\"https:\/\/kylkirauta.fi\/index.php\/2026\/02\/18\/werner-hacklinin-saation-kevaan-2026-apurahat-haettavissa\/\" class=\"more-link\">Read more<span class=\"more-link-arrow\"><\/span><\/a><\/div><footer class=\"entry-footer\"><\/footer><div class='post_delimiter'><\/div><\/div><div class=\"post_author_timeline\"><\/div><span class='hidden'>\n\t\t\t\t<span class='av-structured-data'  itemprop=\"image\" itemscope=\"itemscope\" itemtype=\"https:\/\/schema.org\/ImageObject\" >\n\t\t\t\t\t\t<span itemprop='url'>https:\/\/kylkirauta.fi\/wp-content\/uploads\/2020\/02\/kkunta_weblogo-100x100-1.png<\/span>\n\t\t\t\t\t\t<span itemprop='height'>0<\/span>\n\t\t\t\t\t\t<span itemprop='width'>0<\/span>\n\t\t\t\t<\/span>\n\t\t\t\t<span class='av-structured-data'  itemprop=\"publisher\" itemtype=\"https:\/\/schema.org\/Organization\" itemscope=\"itemscope\" >\n\t\t\t\t\t\t<span itemprop='name'>Kari Sainio<\/span>\n\t\t\t\t\t\t<span itemprop='logo' itemscope itemtype='https:\/\/schema.org\/ImageObject'>\n\t\t\t\t\t\t\t<span itemprop='url'>https:\/\/kylkirauta.fi\/wp-content\/uploads\/2020\/02\/kkunta_weblogo-100x100-1.png<\/span>\n\t\t\t\t\t\t<\/span>\n\t\t\t\t<\/span><span class='av-structured-data'  itemprop=\"author\" itemscope=\"itemscope\" itemtype=\"https:\/\/schema.org\/Person\" ><span itemprop='name'>Kari Sainio<\/span><\/span><span class='av-structured-data'  itemprop=\"datePublished\" datetime=\"2026-02-18T10:28:13+02:00\" >2026-02-18 10:28:13<\/span><span class='av-structured-data'  itemprop=\"dateModified\" itemtype=\"https:\/\/schema.org\/dateModified\" >2026-02-23 17:17:45<\/span><span class='av-structured-data'  itemprop=\"mainEntityOfPage\" itemtype=\"https:\/\/schema.org\/mainEntityOfPage\" ><span itemprop='name'>Werner Hacklinin s\u00e4\u00e4ti\u00f6n kev\u00e4\u00e4n 2026 apurahat haettavissa<\/span><\/span><\/span><\/article><article class=\"post-entry post-entry-type-standard post-entry-8772 post-loop-7 post-parity-odd bloglist-excerpt  post-8772 post type-post status-publish format-standard hentry category-ajankohtaista\"  itemscope=\"itemscope\" itemtype=\"https:\/\/schema.org\/BlogPosting\" ><div class=\"blog-meta\"><\/div><div class='entry-content-wrapper clearfix standard-content'><header class=\"entry-content-header\"><h2 class='post-title entry-title '  itemprop=\"headline\" ><a href=\"https:\/\/kylkirauta.fi\/index.php\/2026\/02\/17\/maanpuolustuskorkeakoulu-hakee-evp-upseereita-kadettien-mentoritoimintaan-2026-2027\/\" rel=\"bookmark\" title=\"Permanent Link: Maanpuolustuskorkeakoulu hakee evp-upseereita kadettien mentoritoimintaan 2026-2027\">Maanpuolustuskorkeakoulu hakee evp-upseereita kadettien mentoritoimintaan 2026-2027<span class=\"post-format-icon minor-meta\"><\/span><\/a><\/h2><span class=\"post-meta-infos\"><time class=\"date-container minor-meta updated\"  itemprop=\"datePublished\" datetime=\"2026-02-17T10:19:52+02:00\" >17.2.2026<\/time><span class=\"text-sep\">\/<\/span><span class=\"blog-categories minor-meta\">in <a href=\"https:\/\/kylkirauta.fi\/index.php\/category\/ajankohtaista\/\" rel=\"tag\">Ajankohtaista<\/a><\/span><span class=\"text-sep\">\/<\/span><span class=\"blog-author minor-meta\">by <span class=\"entry-author-link\"  itemprop=\"author\" ><span class=\"author\"><span class=\"fn\"><a href=\"https:\/\/kylkirauta.fi\/index.php\/author\/karisain\/\" title=\"Kirjoittanut: Kari Sainio\" rel=\"author\">Kari Sainio<\/a><\/span><\/span><\/span><\/span><\/span><\/header><p>\ufeff\ufeff<\/p>\n<div class=\"read-more-link\"><a href=\"https:\/\/kylkirauta.fi\/index.php\/2026\/02\/17\/maanpuolustuskorkeakoulu-hakee-evp-upseereita-kadettien-mentoritoimintaan-2026-2027\/\" class=\"more-link\">Read more<span class=\"more-link-arrow\"><\/span><\/a><\/div><footer class=\"entry-footer\"><\/footer><div class='post_delimiter'><\/div><\/div><div class=\"post_author_timeline\"><\/div><span class='hidden'>\n\t\t\t\t<span class='av-structured-data'  itemprop=\"image\" itemscope=\"itemscope\" itemtype=\"https:\/\/schema.org\/ImageObject\" >\n\t\t\t\t\t\t<span itemprop='url'>https:\/\/kylkirauta.fi\/wp-content\/uploads\/2020\/02\/kkunta_weblogo-100x100-1.png<\/span>\n\t\t\t\t\t\t<span itemprop='height'>0<\/span>\n\t\t\t\t\t\t<span itemprop='width'>0<\/span>\n\t\t\t\t<\/span>\n\t\t\t\t<span class='av-structured-data'  itemprop=\"publisher\" itemtype=\"https:\/\/schema.org\/Organization\" itemscope=\"itemscope\" >\n\t\t\t\t\t\t<span itemprop='name'>Kari Sainio<\/span>\n\t\t\t\t\t\t<span itemprop='logo' itemscope itemtype='https:\/\/schema.org\/ImageObject'>\n\t\t\t\t\t\t\t<span itemprop='url'>https:\/\/kylkirauta.fi\/wp-content\/uploads\/2020\/02\/kkunta_weblogo-100x100-1.png<\/span>\n\t\t\t\t\t\t<\/span>\n\t\t\t\t<\/span><span class='av-structured-data'  itemprop=\"author\" itemscope=\"itemscope\" itemtype=\"https:\/\/schema.org\/Person\" ><span itemprop='name'>Kari Sainio<\/span><\/span><span class='av-structured-data'  itemprop=\"datePublished\" datetime=\"2026-02-17T10:19:52+02:00\" >2026-02-17 10:19:52<\/span><span class='av-structured-data'  itemprop=\"dateModified\" itemtype=\"https:\/\/schema.org\/dateModified\" >2026-02-23 17:18:14<\/span><span class='av-structured-data'  itemprop=\"mainEntityOfPage\" itemtype=\"https:\/\/schema.org\/mainEntityOfPage\" ><span itemprop='name'>Maanpuolustuskorkeakoulu hakee evp-upseereita kadettien mentoritoimintaan 2026-2027<\/span><\/span><\/span><\/article><article class=\"post-entry post-entry-type-standard post-entry-8702 post-loop-8 post-parity-even bloglist-excerpt  post-8702 post type-post status-publish format-standard hentry category-ajankohtaista\"  itemscope=\"itemscope\" itemtype=\"https:\/\/schema.org\/BlogPosting\" ><div class=\"blog-meta\"><\/div><div class='entry-content-wrapper clearfix standard-content'><header class=\"entry-content-header\"><h2 class='post-title entry-title '  itemprop=\"headline\" ><a href=\"https:\/\/kylkirauta.fi\/index.php\/2026\/01\/01\/tasavallan-presidentti-alexander-stubbin-uudenvuodenpuhe-1-1-2026\/\" rel=\"bookmark\" title=\"Permanent Link: Tasavallan presidentti Alexander Stubbin uudenvuodenpuhe 1.1.2026\">Tasavallan presidentti Alexander Stubbin uudenvuodenpuhe 1.1.2026<span class=\"post-format-icon minor-meta\"><\/span><\/a><\/h2><span class=\"post-meta-infos\"><time class=\"date-container minor-meta updated\"  itemprop=\"datePublished\" datetime=\"2026-01-01T13:09:50+02:00\" >1.1.2026<\/time><span class=\"text-sep\">\/<\/span><span class=\"blog-categories minor-meta\">in <a href=\"https:\/\/kylkirauta.fi\/index.php\/category\/ajankohtaista\/\" rel=\"tag\">Ajankohtaista<\/a><\/span><span class=\"text-sep\">\/<\/span><span class=\"blog-author minor-meta\">by <span class=\"entry-author-link\"  itemprop=\"author\" ><span class=\"author\"><span class=\"fn\"><a href=\"https:\/\/kylkirauta.fi\/index.php\/author\/karisain\/\" title=\"Kirjoittanut: Kari Sainio\" rel=\"author\">Kari Sainio<\/a><\/span><\/span><\/span><\/span><\/span><\/header><div class=\"read-more-link\"><a href=\"https:\/\/kylkirauta.fi\/index.php\/2026\/01\/01\/tasavallan-presidentti-alexander-stubbin-uudenvuodenpuhe-1-1-2026\/\" class=\"more-link\">Read more<span class=\"more-link-arrow\"><\/span><\/a><\/div><footer class=\"entry-footer\"><\/footer><div class='post_delimiter'><\/div><\/div><div class=\"post_author_timeline\"><\/div><span class='hidden'>\n\t\t\t\t<span class='av-structured-data'  itemprop=\"image\" itemscope=\"itemscope\" itemtype=\"https:\/\/schema.org\/ImageObject\" >\n\t\t\t\t\t\t<span itemprop='url'>https:\/\/kylkirauta.fi\/wp-content\/uploads\/2020\/02\/kkunta_weblogo-100x100-1.png<\/span>\n\t\t\t\t\t\t<span itemprop='height'>0<\/span>\n\t\t\t\t\t\t<span itemprop='width'>0<\/span>\n\t\t\t\t<\/span>\n\t\t\t\t<span class='av-structured-data'  itemprop=\"publisher\" itemtype=\"https:\/\/schema.org\/Organization\" itemscope=\"itemscope\" >\n\t\t\t\t\t\t<span itemprop='name'>Kari Sainio<\/span>\n\t\t\t\t\t\t<span itemprop='logo' itemscope itemtype='https:\/\/schema.org\/ImageObject'>\n\t\t\t\t\t\t\t<span itemprop='url'>https:\/\/kylkirauta.fi\/wp-content\/uploads\/2020\/02\/kkunta_weblogo-100x100-1.png<\/span>\n\t\t\t\t\t\t<\/span>\n\t\t\t\t<\/span><span class='av-structured-data'  itemprop=\"author\" itemscope=\"itemscope\" itemtype=\"https:\/\/schema.org\/Person\" ><span itemprop='name'>Kari Sainio<\/span><\/span><span class='av-structured-data'  itemprop=\"datePublished\" datetime=\"2026-01-01T13:09:50+02:00\" >2026-01-01 13:09:50<\/span><span class='av-structured-data'  itemprop=\"dateModified\" itemtype=\"https:\/\/schema.org\/dateModified\" >2026-01-15 10:27:31<\/span><span class='av-structured-data'  itemprop=\"mainEntityOfPage\" itemtype=\"https:\/\/schema.org\/mainEntityOfPage\" ><span itemprop='name'>Tasavallan presidentti Alexander Stubbin uudenvuodenpuhe 1.1.2026<\/span><\/span><\/span><\/article><article class=\"post-entry post-entry-type-standard post-entry-8615 post-loop-9 post-parity-odd bloglist-excerpt  post-8615 post type-post status-publish format-standard hentry category-115 category-ajankohtaista\"  itemscope=\"itemscope\" itemtype=\"https:\/\/schema.org\/BlogPosting\" ><div class=\"blog-meta\"><\/div><div class='entry-content-wrapper clearfix standard-content'><header class=\"entry-content-header\"><h2 class='post-title entry-title '  itemprop=\"headline\" ><a href=\"https:\/\/kylkirauta.fi\/index.php\/2025\/12\/17\/kadettikunnan-turvallisuuspolitiikan-tietopankki-on-paivitetty-3\/\" rel=\"bookmark\" title=\"Permanent Link: Kadettikunnan Turvallisuuspolitiikan tietopankki on p\u00e4ivitetty\">Kadettikunnan Turvallisuuspolitiikan tietopankki on p\u00e4ivitetty<span class=\"post-format-icon minor-meta\"><\/span><\/a><\/h2><span class=\"post-meta-infos\"><time class=\"date-container minor-meta updated\"  itemprop=\"datePublished\" datetime=\"2025-12-17T12:12:42+02:00\" >17.12.2025<\/time><span class=\"text-sep\">\/<\/span><span class=\"blog-categories minor-meta\">in <a href=\"https:\/\/kylkirauta.fi\/index.php\/category\/2025\/\" rel=\"tag\">2025<\/a>, <a href=\"https:\/\/kylkirauta.fi\/index.php\/category\/ajankohtaista\/\" rel=\"tag\">Ajankohtaista<\/a><\/span><span class=\"text-sep\">\/<\/span><span class=\"blog-author minor-meta\">by <span class=\"entry-author-link\"  itemprop=\"author\" ><span class=\"author\"><span class=\"fn\"><a href=\"https:\/\/kylkirauta.fi\/index.php\/author\/karisain\/\" title=\"Kirjoittanut: Kari Sainio\" rel=\"author\">Kari Sainio<\/a><\/span><\/span><\/span><\/span><\/span><\/header><div class=\"read-more-link\"><a href=\"https:\/\/kylkirauta.fi\/index.php\/2025\/12\/17\/kadettikunnan-turvallisuuspolitiikan-tietopankki-on-paivitetty-3\/\" class=\"more-link\">Read more<span class=\"more-link-arrow\"><\/span><\/a><\/div><footer class=\"entry-footer\"><\/footer><div class='post_delimiter'><\/div><\/div><div class=\"post_author_timeline\"><\/div><span class='hidden'>\n\t\t\t\t<span class='av-structured-data'  itemprop=\"image\" itemscope=\"itemscope\" itemtype=\"https:\/\/schema.org\/ImageObject\" >\n\t\t\t\t\t\t<span itemprop='url'>https:\/\/kylkirauta.fi\/wp-content\/uploads\/2020\/02\/kkunta_weblogo-100x100-1.png<\/span>\n\t\t\t\t\t\t<span itemprop='height'>0<\/span>\n\t\t\t\t\t\t<span itemprop='width'>0<\/span>\n\t\t\t\t<\/span>\n\t\t\t\t<span class='av-structured-data'  itemprop=\"publisher\" itemtype=\"https:\/\/schema.org\/Organization\" itemscope=\"itemscope\" >\n\t\t\t\t\t\t<span itemprop='name'>Kari Sainio<\/span>\n\t\t\t\t\t\t<span itemprop='logo' itemscope itemtype='https:\/\/schema.org\/ImageObject'>\n\t\t\t\t\t\t\t<span itemprop='url'>https:\/\/kylkirauta.fi\/wp-content\/uploads\/2020\/02\/kkunta_weblogo-100x100-1.png<\/span>\n\t\t\t\t\t\t<\/span>\n\t\t\t\t<\/span><span class='av-structured-data'  itemprop=\"author\" itemscope=\"itemscope\" itemtype=\"https:\/\/schema.org\/Person\" ><span itemprop='name'>Kari Sainio<\/span><\/span><span class='av-structured-data'  itemprop=\"datePublished\" datetime=\"2025-12-17T12:12:42+02:00\" >2025-12-17 12:12:42<\/span><span class='av-structured-data'  itemprop=\"dateModified\" itemtype=\"https:\/\/schema.org\/dateModified\" >2025-12-17 12:12:42<\/span><span class='av-structured-data'  itemprop=\"mainEntityOfPage\" itemtype=\"https:\/\/schema.org\/mainEntityOfPage\" ><span itemprop='name'>Kadettikunnan Turvallisuuspolitiikan tietopankki on p\u00e4ivitetty<\/span><\/span><\/span><\/article><article class=\"post-entry post-entry-type-standard post-entry-8535 post-loop-10 post-parity-even post-entry-last bloglist-excerpt  post-8535 post type-post status-publish format-standard hentry category-115 category-ajankohtaista\"  itemscope=\"itemscope\" itemtype=\"https:\/\/schema.org\/BlogPosting\" ><div class=\"blog-meta\"><\/div><div class='entry-content-wrapper clearfix standard-content'><header class=\"entry-content-header\"><h2 class='post-title entry-title '  itemprop=\"headline\" ><a href=\"https:\/\/kylkirauta.fi\/index.php\/2025\/12\/13\/kylkirauta-4-2025-ilmestyy-19-12-teemalla-tyynimeri\/\" rel=\"bookmark\" title=\"Permanent Link: Kylkirauta 4\/2025 ilmestyy 19.12. teemalla\u00a0\u201dTyynimeri\u201d\">Kylkirauta 4\/2025 ilmestyy 19.12. teemalla\u00a0\u201dTyynimeri\u201d<span class=\"post-format-icon minor-meta\"><\/span><\/a><\/h2><span class=\"post-meta-infos\"><time class=\"date-container minor-meta updated\"  itemprop=\"datePublished\" datetime=\"2025-12-13T13:31:55+02:00\" >13.12.2025<\/time><span class=\"text-sep\">\/<\/span><span class=\"blog-categories minor-meta\">in <a href=\"https:\/\/kylkirauta.fi\/index.php\/category\/2025\/\" rel=\"tag\">2025<\/a>, <a href=\"https:\/\/kylkirauta.fi\/index.php\/category\/ajankohtaista\/\" rel=\"tag\">Ajankohtaista<\/a><\/span><span class=\"text-sep\">\/<\/span><span class=\"blog-author minor-meta\">by <span class=\"entry-author-link\"  itemprop=\"author\" ><span class=\"author\"><span class=\"fn\"><a href=\"https:\/\/kylkirauta.fi\/index.php\/author\/karisain\/\" title=\"Kirjoittanut: Kari Sainio\" rel=\"author\">Kari Sainio<\/a><\/span><\/span><\/span><\/span><\/span><\/header><div class=\"read-more-link\"><a href=\"https:\/\/kylkirauta.fi\/index.php\/2025\/12\/13\/kylkirauta-4-2025-ilmestyy-19-12-teemalla-tyynimeri\/\" class=\"more-link\">Read more<span class=\"more-link-arrow\"><\/span><\/a><\/div><footer class=\"entry-footer\"><\/footer><div class='post_delimiter'><\/div><\/div><div class=\"post_author_timeline\"><\/div><span class='hidden'>\n\t\t\t\t<span class='av-structured-data'  itemprop=\"image\" itemscope=\"itemscope\" itemtype=\"https:\/\/schema.org\/ImageObject\" >\n\t\t\t\t\t\t<span itemprop='url'>https:\/\/kylkirauta.fi\/wp-content\/uploads\/2020\/02\/kkunta_weblogo-100x100-1.png<\/span>\n\t\t\t\t\t\t<span itemprop='height'>0<\/span>\n\t\t\t\t\t\t<span itemprop='width'>0<\/span>\n\t\t\t\t<\/span>\n\t\t\t\t<span class='av-structured-data'  itemprop=\"publisher\" itemtype=\"https:\/\/schema.org\/Organization\" itemscope=\"itemscope\" >\n\t\t\t\t\t\t<span itemprop='name'>Kari Sainio<\/span>\n\t\t\t\t\t\t<span itemprop='logo' itemscope itemtype='https:\/\/schema.org\/ImageObject'>\n\t\t\t\t\t\t\t<span itemprop='url'>https:\/\/kylkirauta.fi\/wp-content\/uploads\/2020\/02\/kkunta_weblogo-100x100-1.png<\/span>\n\t\t\t\t\t\t<\/span>\n\t\t\t\t<\/span><span class='av-structured-data'  itemprop=\"author\" itemscope=\"itemscope\" itemtype=\"https:\/\/schema.org\/Person\" ><span itemprop='name'>Kari Sainio<\/span><\/span><span class='av-structured-data'  itemprop=\"datePublished\" datetime=\"2025-12-13T13:31:55+02:00\" >2025-12-13 13:31:55<\/span><span class='av-structured-data'  itemprop=\"dateModified\" itemtype=\"https:\/\/schema.org\/dateModified\" >2025-12-15 12:55:47<\/span><span class='av-structured-data'  itemprop=\"mainEntityOfPage\" itemtype=\"https:\/\/schema.org\/mainEntityOfPage\" ><span itemprop='name'>Kylkirauta 4\/2025 ilmestyy 19.12. teemalla\u00a0\u201dTyynimeri\u201d<\/span><\/span><\/span><\/article><div class='bloglist-excerpt'><nav class='pagination'><span class='pagination-meta'>Page 1 of 14<\/span><span class='current'>1<\/span><a href='https:\/\/kylkirauta.fi\/index.php\/wp-json\/wp\/v2\/posts\/3073\/page\/2\/' class='inactive next_page' >2<\/a><a href='https:\/\/kylkirauta.fi\/index.php\/wp-json\/wp\/v2\/posts\/3073\/page\/3\/' class='inactive' >3<\/a><a href='https:\/\/kylkirauta.fi\/index.php\/wp-json\/wp\/v2\/posts\/3073\/page\/2\/'>&rsaquo;<\/a><a href='https:\/\/kylkirauta.fi\/index.php\/wp-json\/wp\/v2\/posts\/3073\/page\/14\/'>&raquo;<\/a><\/nav>\n<\/div><\/div>\n","protected":false},"excerpt":{"rendered":"","protected":false},"author":3,"featured_media":3158,"comment_status":"closed","ping_status":"closed","sticky":false,"template":"","format":"standard","meta":{"footnotes":""},"categories":[14],"tags":[],"class_list":["post-3073","post","type-post","status-publish","format-standard","has-post-thumbnail","hentry","category-ajankohtaista"],"yoast_head":"<!-- This site is optimized with the Yoast SEO plugin v27.5 - https:\/\/yoast.com\/product\/yoast-seo-wordpress\/ -->\n<title>Uudistunut Turvallisuuden Tukis\u00e4\u00e4ti\u00f6 s\u00e4\u00e4ti\u00f6 laajentaa tukeaan nuorten tukitoimintaan - Kylkirauta<\/title>\n<meta name=\"robots\" content=\"index, follow, max-snippet:-1, max-image-preview:large, max-video-preview:-1\" \/>\n<link rel=\"canonical\" href=\"https:\/\/kylkirauta.fi\/index.php\/2020\/02\/13\/liikkuvuus-ja-taistelijan-toimintakyky-maavoimien-kehityksen-karjessa\/\" \/>\n<meta property=\"og:locale\" content=\"fi_FI\" \/>\n<meta property=\"og:type\" content=\"article\" \/>\n<meta property=\"og:title\" content=\"Uudistunut Turvallisuuden Tukis\u00e4\u00e4ti\u00f6 s\u00e4\u00e4ti\u00f6 laajentaa tukeaan nuorten tukitoimintaan - Kylkirauta\" \/>\n<meta property=\"og:url\" content=\"https:\/\/kylkirauta.fi\/index.php\/2020\/02\/13\/liikkuvuus-ja-taistelijan-toimintakyky-maavoimien-kehityksen-karjessa\/\" \/>\n<meta property=\"og:site_name\" content=\"Kylkirauta\" \/>\n<meta property=\"article:published_time\" content=\"2020-02-13T09:14:20+00:00\" \/>\n<meta property=\"article:modified_time\" content=\"2020-02-18T12:53:01+00:00\" \/>\n<meta property=\"og:image\" content=\"https:\/\/kylkirauta.fi\/wp-content\/uploads\/2020\/02\/Turvallisuuden-tukis\u00e4\u00e4ti\u00f6-artikkalikuva.png\" \/>\n\t<meta property=\"og:image:width\" content=\"843\" \/>\n\t<meta property=\"og:image:height\" content=\"487\" \/>\n\t<meta property=\"og:image:type\" content=\"image\/png\" \/>\n<meta name=\"author\" content=\"Kari Sainio\" \/>\n<meta name=\"twitter:card\" content=\"summary_large_image\" \/>\n<meta name=\"twitter:label1\" content=\"Kirjoittanut\" \/>\n\t<meta name=\"twitter:data1\" content=\"Kari Sainio\" \/>\n\t<meta name=\"twitter:label2\" content=\"Arvioitu lukuaika\" \/>\n\t<meta name=\"twitter:data2\" content=\"4 minuuttia\" \/>\n<script type=\"application\/ld+json\" class=\"yoast-schema-graph\">{\"@context\":\"https:\\\/\\\/schema.org\",\"@graph\":[{\"@type\":\"Article\",\"@id\":\"https:\\\/\\\/kylkirauta.fi\\\/index.php\\\/2020\\\/02\\\/13\\\/liikkuvuus-ja-taistelijan-toimintakyky-maavoimien-kehityksen-karjessa\\\/#article\",\"isPartOf\":{\"@id\":\"https:\\\/\\\/kylkirauta.fi\\\/index.php\\\/2020\\\/02\\\/13\\\/liikkuvuus-ja-taistelijan-toimintakyky-maavoimien-kehityksen-karjessa\\\/\"},\"author\":{\"name\":\"Kari Sainio\",\"@id\":\"https:\\\/\\\/kylkirauta.fi\\\/#\\\/schema\\\/person\\\/714ab39a349c656b20d60a239be1d6f6\"},\"headline\":\"Uudistunut Turvallisuuden Tukis\u00e4\u00e4ti\u00f6 s\u00e4\u00e4ti\u00f6 laajentaa tukeaan nuorten tukitoimintaan\",\"datePublished\":\"2020-02-13T09:14:20+00:00\",\"dateModified\":\"2020-02-18T12:53:01+00:00\",\"mainEntityOfPage\":{\"@id\":\"https:\\\/\\\/kylkirauta.fi\\\/index.php\\\/2020\\\/02\\\/13\\\/liikkuvuus-ja-taistelijan-toimintakyky-maavoimien-kehityksen-karjessa\\\/\"},\"wordCount\":676,\"image\":{\"@id\":\"https:\\\/\\\/kylkirauta.fi\\\/index.php\\\/2020\\\/02\\\/13\\\/liikkuvuus-ja-taistelijan-toimintakyky-maavoimien-kehityksen-karjessa\\\/#primaryimage\"},\"thumbnailUrl\":\"https:\\\/\\\/kylkirauta.fi\\\/wp-content\\\/uploads\\\/2020\\\/02\\\/Turvallisuuden-tukis\u00e4\u00e4ti\u00f6-artikkalikuva.png\",\"articleSection\":[\"Ajankohtaista\"],\"inLanguage\":\"fi\"},{\"@type\":\"WebPage\",\"@id\":\"https:\\\/\\\/kylkirauta.fi\\\/index.php\\\/2020\\\/02\\\/13\\\/liikkuvuus-ja-taistelijan-toimintakyky-maavoimien-kehityksen-karjessa\\\/\",\"url\":\"https:\\\/\\\/kylkirauta.fi\\\/index.php\\\/2020\\\/02\\\/13\\\/liikkuvuus-ja-taistelijan-toimintakyky-maavoimien-kehityksen-karjessa\\\/\",\"name\":\"Uudistunut Turvallisuuden Tukis\u00e4\u00e4ti\u00f6 s\u00e4\u00e4ti\u00f6 laajentaa tukeaan nuorten tukitoimintaan - Kylkirauta\",\"isPartOf\":{\"@id\":\"https:\\\/\\\/kylkirauta.fi\\\/#website\"},\"primaryImageOfPage\":{\"@id\":\"https:\\\/\\\/kylkirauta.fi\\\/index.php\\\/2020\\\/02\\\/13\\\/liikkuvuus-ja-taistelijan-toimintakyky-maavoimien-kehityksen-karjessa\\\/#primaryimage\"},\"image\":{\"@id\":\"https:\\\/\\\/kylkirauta.fi\\\/index.php\\\/2020\\\/02\\\/13\\\/liikkuvuus-ja-taistelijan-toimintakyky-maavoimien-kehityksen-karjessa\\\/#primaryimage\"},\"thumbnailUrl\":\"https:\\\/\\\/kylkirauta.fi\\\/wp-content\\\/uploads\\\/2020\\\/02\\\/Turvallisuuden-tukis\u00e4\u00e4ti\u00f6-artikkalikuva.png\",\"datePublished\":\"2020-02-13T09:14:20+00:00\",\"dateModified\":\"2020-02-18T12:53:01+00:00\",\"author\":{\"@id\":\"https:\\\/\\\/kylkirauta.fi\\\/#\\\/schema\\\/person\\\/714ab39a349c656b20d60a239be1d6f6\"},\"breadcrumb\":{\"@id\":\"https:\\\/\\\/kylkirauta.fi\\\/index.php\\\/2020\\\/02\\\/13\\\/liikkuvuus-ja-taistelijan-toimintakyky-maavoimien-kehityksen-karjessa\\\/#breadcrumb\"},\"inLanguage\":\"fi\",\"potentialAction\":[{\"@type\":\"ReadAction\",\"target\":[\"https:\\\/\\\/kylkirauta.fi\\\/index.php\\\/2020\\\/02\\\/13\\\/liikkuvuus-ja-taistelijan-toimintakyky-maavoimien-kehityksen-karjessa\\\/\"]}]},{\"@type\":\"ImageObject\",\"inLanguage\":\"fi\",\"@id\":\"https:\\\/\\\/kylkirauta.fi\\\/index.php\\\/2020\\\/02\\\/13\\\/liikkuvuus-ja-taistelijan-toimintakyky-maavoimien-kehityksen-karjessa\\\/#primaryimage\",\"url\":\"https:\\\/\\\/kylkirauta.fi\\\/wp-content\\\/uploads\\\/2020\\\/02\\\/Turvallisuuden-tukis\u00e4\u00e4ti\u00f6-artikkalikuva.png\",\"contentUrl\":\"https:\\\/\\\/kylkirauta.fi\\\/wp-content\\\/uploads\\\/2020\\\/02\\\/Turvallisuuden-tukis\u00e4\u00e4ti\u00f6-artikkalikuva.png\",\"width\":843,\"height\":487},{\"@type\":\"BreadcrumbList\",\"@id\":\"https:\\\/\\\/kylkirauta.fi\\\/index.php\\\/2020\\\/02\\\/13\\\/liikkuvuus-ja-taistelijan-toimintakyky-maavoimien-kehityksen-karjessa\\\/#breadcrumb\",\"itemListElement\":[{\"@type\":\"ListItem\",\"position\":1,\"name\":\"Home\",\"item\":\"https:\\\/\\\/kylkirauta.fi\\\/index.php\\\/home\\\/\"},{\"@type\":\"ListItem\",\"position\":2,\"name\":\"Uudistunut Turvallisuuden Tukis\u00e4\u00e4ti\u00f6 s\u00e4\u00e4ti\u00f6 laajentaa tukeaan nuorten tukitoimintaan\"}]},{\"@type\":\"WebSite\",\"@id\":\"https:\\\/\\\/kylkirauta.fi\\\/#website\",\"url\":\"https:\\\/\\\/kylkirauta.fi\\\/\",\"name\":\"Kylkirauta\",\"description\":\"Kadettiupseerit yhteiskunnan palveluksessa\",\"potentialAction\":[{\"@type\":\"SearchAction\",\"target\":{\"@type\":\"EntryPoint\",\"urlTemplate\":\"https:\\\/\\\/kylkirauta.fi\\\/?s={search_term_string}\"},\"query-input\":{\"@type\":\"PropertyValueSpecification\",\"valueRequired\":true,\"valueName\":\"search_term_string\"}}],\"inLanguage\":\"fi\"},{\"@type\":\"Person\",\"@id\":\"https:\\\/\\\/kylkirauta.fi\\\/#\\\/schema\\\/person\\\/714ab39a349c656b20d60a239be1d6f6\",\"name\":\"Kari Sainio\",\"sameAs\":[\"http:\\\/\\\/www.kylkirauta.fi\"],\"url\":\"https:\\\/\\\/kylkirauta.fi\\\/index.php\\\/author\\\/karisain\\\/\"}]}<\/script>\n<!-- \/ Yoast SEO plugin. -->","yoast_head_json":{"title":"Uudistunut Turvallisuuden Tukis\u00e4\u00e4ti\u00f6 s\u00e4\u00e4ti\u00f6 laajentaa tukeaan nuorten tukitoimintaan - Kylkirauta","robots":{"index":"index","follow":"follow","max-snippet":"max-snippet:-1","max-image-preview":"max-image-preview:large","max-video-preview":"max-video-preview:-1"},"canonical":"https:\/\/kylkirauta.fi\/index.php\/2020\/02\/13\/liikkuvuus-ja-taistelijan-toimintakyky-maavoimien-kehityksen-karjessa\/","og_locale":"fi_FI","og_type":"article","og_title":"Uudistunut Turvallisuuden Tukis\u00e4\u00e4ti\u00f6 s\u00e4\u00e4ti\u00f6 laajentaa tukeaan nuorten tukitoimintaan - Kylkirauta","og_url":"https:\/\/kylkirauta.fi\/index.php\/2020\/02\/13\/liikkuvuus-ja-taistelijan-toimintakyky-maavoimien-kehityksen-karjessa\/","og_site_name":"Kylkirauta","article_published_time":"2020-02-13T09:14:20+00:00","article_modified_time":"2020-02-18T12:53:01+00:00","og_image":[{"width":843,"height":487,"url":"https:\/\/kylkirauta.fi\/wp-content\/uploads\/2020\/02\/Turvallisuuden-tukis\u00e4\u00e4ti\u00f6-artikkalikuva.png","type":"image\/png"}],"author":"Kari Sainio","twitter_card":"summary_large_image","twitter_misc":{"Kirjoittanut":"Kari Sainio","Arvioitu lukuaika":"4 minuuttia"},"schema":{"@context":"https:\/\/schema.org","@graph":[{"@type":"Article","@id":"https:\/\/kylkirauta.fi\/index.php\/2020\/02\/13\/liikkuvuus-ja-taistelijan-toimintakyky-maavoimien-kehityksen-karjessa\/#article","isPartOf":{"@id":"https:\/\/kylkirauta.fi\/index.php\/2020\/02\/13\/liikkuvuus-ja-taistelijan-toimintakyky-maavoimien-kehityksen-karjessa\/"},"author":{"name":"Kari Sainio","@id":"https:\/\/kylkirauta.fi\/#\/schema\/person\/714ab39a349c656b20d60a239be1d6f6"},"headline":"Uudistunut Turvallisuuden Tukis\u00e4\u00e4ti\u00f6 s\u00e4\u00e4ti\u00f6 laajentaa tukeaan nuorten tukitoimintaan","datePublished":"2020-02-13T09:14:20+00:00","dateModified":"2020-02-18T12:53:01+00:00","mainEntityOfPage":{"@id":"https:\/\/kylkirauta.fi\/index.php\/2020\/02\/13\/liikkuvuus-ja-taistelijan-toimintakyky-maavoimien-kehityksen-karjessa\/"},"wordCount":676,"image":{"@id":"https:\/\/kylkirauta.fi\/index.php\/2020\/02\/13\/liikkuvuus-ja-taistelijan-toimintakyky-maavoimien-kehityksen-karjessa\/#primaryimage"},"thumbnailUrl":"https:\/\/kylkirauta.fi\/wp-content\/uploads\/2020\/02\/Turvallisuuden-tukis\u00e4\u00e4ti\u00f6-artikkalikuva.png","articleSection":["Ajankohtaista"],"inLanguage":"fi"},{"@type":"WebPage","@id":"https:\/\/kylkirauta.fi\/index.php\/2020\/02\/13\/liikkuvuus-ja-taistelijan-toimintakyky-maavoimien-kehityksen-karjessa\/","url":"https:\/\/kylkirauta.fi\/index.php\/2020\/02\/13\/liikkuvuus-ja-taistelijan-toimintakyky-maavoimien-kehityksen-karjessa\/","name":"Uudistunut Turvallisuuden Tukis\u00e4\u00e4ti\u00f6 s\u00e4\u00e4ti\u00f6 laajentaa tukeaan nuorten tukitoimintaan - Kylkirauta","isPartOf":{"@id":"https:\/\/kylkirauta.fi\/#website"},"primaryImageOfPage":{"@id":"https:\/\/kylkirauta.fi\/index.php\/2020\/02\/13\/liikkuvuus-ja-taistelijan-toimintakyky-maavoimien-kehityksen-karjessa\/#primaryimage"},"image":{"@id":"https:\/\/kylkirauta.fi\/index.php\/2020\/02\/13\/liikkuvuus-ja-taistelijan-toimintakyky-maavoimien-kehityksen-karjessa\/#primaryimage"},"thumbnailUrl":"https:\/\/kylkirauta.fi\/wp-content\/uploads\/2020\/02\/Turvallisuuden-tukis\u00e4\u00e4ti\u00f6-artikkalikuva.png","datePublished":"2020-02-13T09:14:20+00:00","dateModified":"2020-02-18T12:53:01+00:00","author":{"@id":"https:\/\/kylkirauta.fi\/#\/schema\/person\/714ab39a349c656b20d60a239be1d6f6"},"breadcrumb":{"@id":"https:\/\/kylkirauta.fi\/index.php\/2020\/02\/13\/liikkuvuus-ja-taistelijan-toimintakyky-maavoimien-kehityksen-karjessa\/#breadcrumb"},"inLanguage":"fi","potentialAction":[{"@type":"ReadAction","target":["https:\/\/kylkirauta.fi\/index.php\/2020\/02\/13\/liikkuvuus-ja-taistelijan-toimintakyky-maavoimien-kehityksen-karjessa\/"]}]},{"@type":"ImageObject","inLanguage":"fi","@id":"https:\/\/kylkirauta.fi\/index.php\/2020\/02\/13\/liikkuvuus-ja-taistelijan-toimintakyky-maavoimien-kehityksen-karjessa\/#primaryimage","url":"https:\/\/kylkirauta.fi\/wp-content\/uploads\/2020\/02\/Turvallisuuden-tukis\u00e4\u00e4ti\u00f6-artikkalikuva.png","contentUrl":"https:\/\/kylkirauta.fi\/wp-content\/uploads\/2020\/02\/Turvallisuuden-tukis\u00e4\u00e4ti\u00f6-artikkalikuva.png","width":843,"height":487},{"@type":"BreadcrumbList","@id":"https:\/\/kylkirauta.fi\/index.php\/2020\/02\/13\/liikkuvuus-ja-taistelijan-toimintakyky-maavoimien-kehityksen-karjessa\/#breadcrumb","itemListElement":[{"@type":"ListItem","position":1,"name":"Home","item":"https:\/\/kylkirauta.fi\/index.php\/home\/"},{"@type":"ListItem","position":2,"name":"Uudistunut Turvallisuuden Tukis\u00e4\u00e4ti\u00f6 s\u00e4\u00e4ti\u00f6 laajentaa tukeaan nuorten tukitoimintaan"}]},{"@type":"WebSite","@id":"https:\/\/kylkirauta.fi\/#website","url":"https:\/\/kylkirauta.fi\/","name":"Kylkirauta","description":"Kadettiupseerit yhteiskunnan palveluksessa","potentialAction":[{"@type":"SearchAction","target":{"@type":"EntryPoint","urlTemplate":"https:\/\/kylkirauta.fi\/?s={search_term_string}"},"query-input":{"@type":"PropertyValueSpecification","valueRequired":true,"valueName":"search_term_string"}}],"inLanguage":"fi"},{"@type":"Person","@id":"https:\/\/kylkirauta.fi\/#\/schema\/person\/714ab39a349c656b20d60a239be1d6f6","name":"Kari Sainio","sameAs":["http:\/\/www.kylkirauta.fi"],"url":"https:\/\/kylkirauta.fi\/index.php\/author\/karisain\/"}]}},"_links":{"self":[{"href":"https:\/\/kylkirauta.fi\/index.php\/wp-json\/wp\/v2\/posts\/3073","targetHints":{"allow":["GET"]}}],"collection":[{"href":"https:\/\/kylkirauta.fi\/index.php\/wp-json\/wp\/v2\/posts"}],"about":[{"href":"https:\/\/kylkirauta.fi\/index.php\/wp-json\/wp\/v2\/types\/post"}],"author":[{"embeddable":true,"href":"https:\/\/kylkirauta.fi\/index.php\/wp-json\/wp\/v2\/users\/3"}],"replies":[{"embeddable":true,"href":"https:\/\/kylkirauta.fi\/index.php\/wp-json\/wp\/v2\/comments?post=3073"}],"version-history":[{"count":5,"href":"https:\/\/kylkirauta.fi\/index.php\/wp-json\/wp\/v2\/posts\/3073\/revisions"}],"predecessor-version":[{"id":3159,"href":"https:\/\/kylkirauta.fi\/index.php\/wp-json\/wp\/v2\/posts\/3073\/revisions\/3159"}],"wp:featuredmedia":[{"embeddable":true,"href":"https:\/\/kylkirauta.fi\/index.php\/wp-json\/wp\/v2\/media\/3158"}],"wp:attachment":[{"href":"https:\/\/kylkirauta.fi\/index.php\/wp-json\/wp\/v2\/media?parent=3073"}],"wp:term":[{"taxonomy":"category","embeddable":true,"href":"https:\/\/kylkirauta.fi\/index.php\/wp-json\/wp\/v2\/categories?post=3073"},{"taxonomy":"post_tag","embeddable":true,"href":"https:\/\/kylkirauta.fi\/index.php\/wp-json\/wp\/v2\/tags?post=3073"}],"curies":[{"name":"wp","href":"https:\/\/api.w.org\/{rel}","templated":true}]}}