{"id":1116,"date":"2020-01-22T17:16:56","date_gmt":"2020-01-22T17:16:56","guid":{"rendered":"https:\/\/kylkirauta.fi\/?p=1116"},"modified":"2020-02-02T15:41:43","modified_gmt":"2020-02-02T15:41:43","slug":"puolustuministerin-ja-puolustusvoimain-komentajien-puheet-232-maanpuolustuskurssin-avajaisissa-20-1","status":"publish","type":"post","link":"https:\/\/kylkirauta.fi\/index.php\/2020\/01\/22\/puolustuministerin-ja-puolustusvoimain-komentajien-puheet-232-maanpuolustuskurssin-avajaisissa-20-1\/","title":{"rendered":"Puolustusministerin ja puolustusvoimain komentajan puheet 232. Maanpuolustuskurssin avajaisissa 20.1.2019"},"content":{"rendered":"<div id='full_slider_1'  class='avia-fullwidth-slider main_color avia-shadow   avia-builder-el-0  el_before_av_one_full  avia-builder-el-first   container_wrap sidebar_right'  ><div  class='avia-slideshow av-l9olo-34f89e96fc3de7b9b51c14c99ace17a4 avia-slideshow-featured av_slideshow_full avia-slide-slider av-slideshow-ui av-control-default av-slideshow-manual av-loop-once av-loop-manual-endless av-default-height-applied   avia-slideshow-1' data-slideshow-options=\"{&quot;animation&quot;:&quot;slide&quot;,&quot;autoplay&quot;:false,&quot;loop_autoplay&quot;:&quot;once&quot;,&quot;interval&quot;:5,&quot;loop_manual&quot;:&quot;manual-endless&quot;,&quot;autoplay_stopper&quot;:false,&quot;noNavigation&quot;:false,&quot;bg_slider&quot;:false,&quot;keep_padding&quot;:false,&quot;hoverpause&quot;:false,&quot;show_slide_delay&quot;:0}\"  itemprop=\"image\" itemscope=\"itemscope\" itemtype=\"https:\/\/schema.org\/ImageObject\" ><ul class='avia-slideshow-inner ' style='padding-bottom: 22.6%;'><li  class='avia-slideshow-slide av-l9olo-34f89e96fc3de7b9b51c14c99ace17a4__0  av-single-slide slide-1 slide-odd'><div data-rel='slideshow-1' class='avia-slide-wrap '   ><img decoding=\"async\" fetchpriority=\"high\" class=\"wp-image-3024 avia-img-lazy-loading-not-3024\"  src=\"https:\/\/kylkirauta.fi\/wp-content\/uploads\/2020\/01\/kylkirauta-otsake_1500px-1.png\" width=\"1500\" height=\"339\" title='kylkirauta-otsake_1500px' alt=''  itemprop=\"thumbnailUrl\" srcset=\"https:\/\/kylkirauta.fi\/wp-content\/uploads\/2020\/01\/kylkirauta-otsake_1500px-1.png 1500w, https:\/\/kylkirauta.fi\/wp-content\/uploads\/2020\/01\/kylkirauta-otsake_1500px-1-300x68.png 300w, https:\/\/kylkirauta.fi\/wp-content\/uploads\/2020\/01\/kylkirauta-otsake_1500px-1-1030x233.png 1030w, https:\/\/kylkirauta.fi\/wp-content\/uploads\/2020\/01\/kylkirauta-otsake_1500px-1-768x174.png 768w, https:\/\/kylkirauta.fi\/wp-content\/uploads\/2020\/01\/kylkirauta-otsake_1500px-1-705x159.png 705w\" sizes=\"(max-width: 1500px) 100vw, 1500px\" \/><\/div><\/li><\/ul><\/div><\/div><div id='after_full_slider_1'  class='main_color av_default_container_wrap container_wrap sidebar_right'  ><div class='container av-section-cont-open' ><div class='template-page content  av-content-small alpha units'><div class='post-entry post-entry-type-page post-entry-1116'><div class='entry-content-wrapper clearfix'>\n\n<style type=\"text\/css\" data-created_by=\"avia_inline_auto\" id=\"style-css-av-km4zs-0614ada41eb3461e6efbb361dfbae970\">\n.flex_column.av-km4zs-0614ada41eb3461e6efbb361dfbae970{\nborder-radius:0px 0px 0px 0px;\npadding:0px 0px 0px 0px;\n}\n<\/style>\n<div  class='flex_column av-km4zs-0614ada41eb3461e6efbb361dfbae970 av_one_full  avia-builder-el-1  el_after_av_slideshow_full  el_before_av_blog  avia-builder-el-first  first flex_column_div av-zero-column-padding  '     ><p>\n<style type=\"text\/css\" data-created_by=\"avia_inline_auto\" id=\"style-css-av-2ly0ek-9d61afb0e34443391d0d0d0c23a7e1e4\">\n#top .av-special-heading.av-2ly0ek-9d61afb0e34443391d0d0d0c23a7e1e4{\npadding-bottom:10px;\n}\nbody .av-special-heading.av-2ly0ek-9d61afb0e34443391d0d0d0c23a7e1e4 .av-special-heading-tag .heading-char{\nfont-size:25px;\n}\n.av-special-heading.av-2ly0ek-9d61afb0e34443391d0d0d0c23a7e1e4 .av-subheading{\nfont-size:15px;\n}\n<\/style>\n<div  class='av-special-heading av-2ly0ek-9d61afb0e34443391d0d0d0c23a7e1e4 av-special-heading-h3  avia-builder-el-2  el_before_av_textblock  avia-builder-el-first '><h3 class='av-special-heading-tag'  itemprop=\"headline\"  >Puolustusministerin ja puolustusvoimain komentajan puheet 232. Maanpuolustuskurssin avajaisissa 20.1.2019<\/h3><div class=\"special-heading-border\"><div class=\"special-heading-inner-border\"><\/div><\/div><\/div><br \/>\n<section  class='av_textblock_section av-k8d08-dea0f25c8df625cf22cbdeac32688808 '   itemscope=\"itemscope\" itemtype=\"https:\/\/schema.org\/BlogPosting\" itemprop=\"blogPost\" ><div class='avia_textblock'  itemprop=\"text\" ><div class=\"art-postcontent clearfix\">\n<div class=\"art-article\">\n<p><img loading=\"lazy\" decoding=\"async\" class=\"alignleft wp-image-1119\" src=\"https:\/\/kylkirauta.fi\/wp-content\/uploads\/2020\/01\/Lippu_maneesisali-300x174.jpg\" alt=\"\" width=\"350\" height=\"204\" srcset=\"https:\/\/kylkirauta.fi\/wp-content\/uploads\/2020\/01\/Lippu_maneesisali-300x174.jpg 300w, https:\/\/kylkirauta.fi\/wp-content\/uploads\/2020\/01\/Lippu_maneesisali.jpg 564w\" sizes=\"auto, (max-width: 350px) 100vw, 350px\" \/><\/p>\n<p>Suomen itsen\u00e4isyys ja alueellinen koskemattomuus turvataan yll\u00e4pit\u00e4m\u00e4ll\u00e4 riitt\u00e4v\u00e4\u00e4 puolustuskyky\u00e4. T\u00e4m\u00e4 tarkoittaa k\u00e4yt\u00e4nn\u00f6ss\u00e4 sit\u00e4, ett\u00e4 varmistamme puolustusvoimien sotilaallisten suorituskykyjen ajanmukaisuuden \u2013 t\u00e4n\u00e4\u00e4n ja tulevaisuudessa. T\u00e4m\u00e4n lis\u00e4ksi kehit\u00e4mme kansallista viranomaisyhteisty\u00f6t\u00e4 ja kansainv\u00e4lisest\u00e4 puolustusyhteisty\u00f6st\u00e4.<\/p>\n<p>Muun muassa n\u00e4in totesi puolustusministeri <strong>Antti Kaikkonen<\/strong> tervehdyksess\u00e4\u00e4n 232. Maanpuolustuskurssin avajaisissa t\u00e4n\u00e4\u00e4n Helsingiss\u00e4.<\/p>\n<p>Puolustusministeri Antti Kaikkosen puhe on luettavissa <a href=\"https:\/\/www.defmin.fi\/ajankohtaista\/puheet\/puolustusministeri_antti_kaikkosen_tervehdys_232._maanpuolustuskurssin_avajaisissa.10179.news\" target=\"_blank\" rel=\"noopener noreferrer\">t\u00e4st\u00e4 linkist\u00e4<\/a>.<\/p>\n<p style=\"text-align: center;\">***<\/p>\n<p>Osallistuminen kriisinhallintaoperaatioihin tukee ykk\u00f6steht\u00e4v\u00e4\u00e4mme, kansallisen puolustuskyvyn kehitt\u00e4mist\u00e4, totesi puolustusvoimain komentaja, kenraali <strong>Timo Kivinen<\/strong> puheessaan 232. Valtakunnallisen maanpuolustuskurssin avajaisissa t\u00e4n\u00e4\u00e4n Helsingiss\u00e4.<\/p>\n<p>Puolustusvoimain komentajan, kenraali Timo Kivisen puhe on luettavissa kokonaisuudessaan <a href=\"https:\/\/puolustusvoimat.fi\/artikkeli\/-\/asset_publisher\/kenraali-kivinen-osallistuminen-kriisinhallintaan-tukee-kansallista-puolustusta\" target=\"_blank\" rel=\"noopener noreferrer\">t\u00e4st\u00e4 linkist\u00e4.<\/a><\/p>\n<\/div>\n<\/div>\n<\/div><\/section><\/p><\/div>\n<div  class='av-alb-blogposts template-blog  '  itemscope=\"itemscope\" itemtype=\"https:\/\/schema.org\/Blog\" ><article class=\"post-entry post-entry-type-standard post-entry-8916 post-loop-1 post-parity-odd bloglist-excerpt  post-8916 post type-post status-publish format-standard hentry category-ajankohtaista\"  itemscope=\"itemscope\" itemtype=\"https:\/\/schema.org\/BlogPosting\" ><div class=\"blog-meta\"><\/div><div class='entry-content-wrapper clearfix standard-content'><header class=\"entry-content-header\"><h2 class='post-title entry-title '  itemprop=\"headline\" ><a href=\"https:\/\/kylkirauta.fi\/index.php\/2026\/04\/18\/eversti-kari-janhunen-vuoden-kadettiupseeriksi\/\" rel=\"bookmark\" title=\"Permanent Link: Eversti Kari Janhunen Vuoden kadettiupseeriksi\">Eversti Kari Janhunen Vuoden kadettiupseeriksi<span class=\"post-format-icon minor-meta\"><\/span><\/a><\/h2><span class=\"post-meta-infos\"><time class=\"date-container minor-meta updated\"  itemprop=\"datePublished\" datetime=\"2026-04-18T16:03:58+03:00\" >18.4.2026<\/time><span class=\"text-sep\">\/<\/span><span class=\"blog-categories minor-meta\">in <a href=\"https:\/\/kylkirauta.fi\/index.php\/category\/ajankohtaista\/\" rel=\"tag\">Ajankohtaista<\/a><\/span><span class=\"text-sep\">\/<\/span><span class=\"blog-author minor-meta\">by <span class=\"entry-author-link\"  itemprop=\"author\" ><span class=\"author\"><span class=\"fn\"><a href=\"https:\/\/kylkirauta.fi\/index.php\/author\/karisain\/\" title=\"Kirjoittanut: Kari Sainio\" rel=\"author\">Kari Sainio<\/a><\/span><\/span><\/span><\/span><\/span><\/header><div class=\"read-more-link\"><a href=\"https:\/\/kylkirauta.fi\/index.php\/2026\/04\/18\/eversti-kari-janhunen-vuoden-kadettiupseeriksi\/\" class=\"more-link\">Read more<span class=\"more-link-arrow\"><\/span><\/a><\/div><footer class=\"entry-footer\"><\/footer><div class='post_delimiter'><\/div><\/div><div class=\"post_author_timeline\"><\/div><span class='hidden'>\n\t\t\t\t<span class='av-structured-data'  itemprop=\"image\" itemscope=\"itemscope\" itemtype=\"https:\/\/schema.org\/ImageObject\" >\n\t\t\t\t\t\t<span itemprop='url'>https:\/\/kylkirauta.fi\/wp-content\/uploads\/2020\/02\/kkunta_weblogo-100x100-1.png<\/span>\n\t\t\t\t\t\t<span itemprop='height'>0<\/span>\n\t\t\t\t\t\t<span itemprop='width'>0<\/span>\n\t\t\t\t<\/span>\n\t\t\t\t<span class='av-structured-data'  itemprop=\"publisher\" itemtype=\"https:\/\/schema.org\/Organization\" itemscope=\"itemscope\" >\n\t\t\t\t\t\t<span itemprop='name'>Kari Sainio<\/span>\n\t\t\t\t\t\t<span itemprop='logo' itemscope itemtype='https:\/\/schema.org\/ImageObject'>\n\t\t\t\t\t\t\t<span itemprop='url'>https:\/\/kylkirauta.fi\/wp-content\/uploads\/2020\/02\/kkunta_weblogo-100x100-1.png<\/span>\n\t\t\t\t\t\t<\/span>\n\t\t\t\t<\/span><span class='av-structured-data'  itemprop=\"author\" itemscope=\"itemscope\" itemtype=\"https:\/\/schema.org\/Person\" ><span itemprop='name'>Kari Sainio<\/span><\/span><span class='av-structured-data'  itemprop=\"datePublished\" datetime=\"2026-04-18T16:03:58+03:00\" >2026-04-18 16:03:58<\/span><span class='av-structured-data'  itemprop=\"dateModified\" itemtype=\"https:\/\/schema.org\/dateModified\" >2026-04-18 16:03:58<\/span><span class='av-structured-data'  itemprop=\"mainEntityOfPage\" itemtype=\"https:\/\/schema.org\/mainEntityOfPage\" ><span itemprop='name'>Eversti Kari Janhunen Vuoden kadettiupseeriksi<\/span><\/span><\/span><\/article><article class=\"post-entry post-entry-type-standard post-entry-8901 post-loop-2 post-parity-even bloglist-excerpt  post-8901 post type-post status-publish format-standard hentry category-ajankohtaista\"  itemscope=\"itemscope\" itemtype=\"https:\/\/schema.org\/BlogPosting\" ><div class=\"blog-meta\"><\/div><div class='entry-content-wrapper clearfix standard-content'><header class=\"entry-content-header\"><h2 class='post-title entry-title '  itemprop=\"headline\" ><a href=\"https:\/\/kylkirauta.fi\/index.php\/2026\/04\/14\/tutkimus-nuoret-aikuiset-luottavat-suomen-puolustuskykyyn-vaikka-kansainvalinen-tilanne-huolestuttaa\/\" rel=\"bookmark\" title=\"Permanent Link: Tutkimus: Nuoret aikuiset luottavat Suomen puolustuskykyyn, vaikka kansainv\u00e4linen tilanne huolestuttaa\">Tutkimus: Nuoret aikuiset luottavat Suomen puolustuskykyyn, vaikka kansainv\u00e4linen tilanne huolestuttaa<span class=\"post-format-icon minor-meta\"><\/span><\/a><\/h2><span class=\"post-meta-infos\"><time class=\"date-container minor-meta updated\"  itemprop=\"datePublished\" datetime=\"2026-04-14T08:25:11+03:00\" >14.4.2026<\/time><span class=\"text-sep\">\/<\/span><span class=\"blog-categories minor-meta\">in <a href=\"https:\/\/kylkirauta.fi\/index.php\/category\/ajankohtaista\/\" rel=\"tag\">Ajankohtaista<\/a><\/span><span class=\"text-sep\">\/<\/span><span class=\"blog-author minor-meta\">by <span class=\"entry-author-link\"  itemprop=\"author\" ><span class=\"author\"><span class=\"fn\"><a href=\"https:\/\/kylkirauta.fi\/index.php\/author\/karisain\/\" title=\"Kirjoittanut: Kari Sainio\" rel=\"author\">Kari Sainio<\/a><\/span><\/span><\/span><\/span><\/span><\/header><div class=\"read-more-link\"><a href=\"https:\/\/kylkirauta.fi\/index.php\/2026\/04\/14\/tutkimus-nuoret-aikuiset-luottavat-suomen-puolustuskykyyn-vaikka-kansainvalinen-tilanne-huolestuttaa\/\" class=\"more-link\">Read more<span class=\"more-link-arrow\"><\/span><\/a><\/div><footer class=\"entry-footer\"><\/footer><div class='post_delimiter'><\/div><\/div><div class=\"post_author_timeline\"><\/div><span class='hidden'>\n\t\t\t\t<span class='av-structured-data'  itemprop=\"image\" itemscope=\"itemscope\" itemtype=\"https:\/\/schema.org\/ImageObject\" >\n\t\t\t\t\t\t<span itemprop='url'>https:\/\/kylkirauta.fi\/wp-content\/uploads\/2020\/02\/kkunta_weblogo-100x100-1.png<\/span>\n\t\t\t\t\t\t<span itemprop='height'>0<\/span>\n\t\t\t\t\t\t<span itemprop='width'>0<\/span>\n\t\t\t\t<\/span>\n\t\t\t\t<span class='av-structured-data'  itemprop=\"publisher\" itemtype=\"https:\/\/schema.org\/Organization\" itemscope=\"itemscope\" >\n\t\t\t\t\t\t<span itemprop='name'>Kari Sainio<\/span>\n\t\t\t\t\t\t<span itemprop='logo' itemscope itemtype='https:\/\/schema.org\/ImageObject'>\n\t\t\t\t\t\t\t<span itemprop='url'>https:\/\/kylkirauta.fi\/wp-content\/uploads\/2020\/02\/kkunta_weblogo-100x100-1.png<\/span>\n\t\t\t\t\t\t<\/span>\n\t\t\t\t<\/span><span class='av-structured-data'  itemprop=\"author\" itemscope=\"itemscope\" itemtype=\"https:\/\/schema.org\/Person\" ><span itemprop='name'>Kari Sainio<\/span><\/span><span class='av-structured-data'  itemprop=\"datePublished\" datetime=\"2026-04-14T08:25:11+03:00\" >2026-04-14 08:25:11<\/span><span class='av-structured-data'  itemprop=\"dateModified\" itemtype=\"https:\/\/schema.org\/dateModified\" >2026-04-14 08:25:46<\/span><span class='av-structured-data'  itemprop=\"mainEntityOfPage\" itemtype=\"https:\/\/schema.org\/mainEntityOfPage\" ><span itemprop='name'>Tutkimus: Nuoret aikuiset luottavat Suomen puolustuskykyyn, vaikka kansainv\u00e4linen tilanne huolestuttaa<\/span><\/span><\/span><\/article><article class=\"post-entry post-entry-type-standard post-entry-8893 post-loop-3 post-parity-odd bloglist-excerpt  post-8893 post type-post status-publish format-standard hentry category-ajankohtaista\"  itemscope=\"itemscope\" itemtype=\"https:\/\/schema.org\/BlogPosting\" ><div class=\"blog-meta\"><\/div><div class='entry-content-wrapper clearfix standard-content'><header class=\"entry-content-header\"><h2 class='post-title entry-title '  itemprop=\"headline\" ><a href=\"https:\/\/kylkirauta.fi\/index.php\/2026\/04\/07\/maailma-myllerryksessa-muuttuvatko-arvomme-arvoseminaari-28-5-2026\/\" rel=\"bookmark\" title=\"Permanent Link: Maailma myllerryksess\u00e4 \u2013 muuttuvatko arvomme? -arvoseminaari 28.5.2026\">Maailma myllerryksess\u00e4 \u2013 muuttuvatko arvomme? -arvoseminaari 28.5.2026<span class=\"post-format-icon minor-meta\"><\/span><\/a><\/h2><span class=\"post-meta-infos\"><time class=\"date-container minor-meta updated\"  itemprop=\"datePublished\" datetime=\"2026-04-07T15:57:56+03:00\" >7.4.2026<\/time><span class=\"text-sep\">\/<\/span><span class=\"blog-categories minor-meta\">in <a href=\"https:\/\/kylkirauta.fi\/index.php\/category\/ajankohtaista\/\" rel=\"tag\">Ajankohtaista<\/a><\/span><span class=\"text-sep\">\/<\/span><span class=\"blog-author minor-meta\">by <span class=\"entry-author-link\"  itemprop=\"author\" ><span class=\"author\"><span class=\"fn\"><a href=\"https:\/\/kylkirauta.fi\/index.php\/author\/karisain\/\" title=\"Kirjoittanut: Kari Sainio\" rel=\"author\">Kari Sainio<\/a><\/span><\/span><\/span><\/span><\/span><\/header><div class=\"read-more-link\"><a href=\"https:\/\/kylkirauta.fi\/index.php\/2026\/04\/07\/maailma-myllerryksessa-muuttuvatko-arvomme-arvoseminaari-28-5-2026\/\" class=\"more-link\">Read more<span class=\"more-link-arrow\"><\/span><\/a><\/div><footer class=\"entry-footer\"><\/footer><div class='post_delimiter'><\/div><\/div><div class=\"post_author_timeline\"><\/div><span class='hidden'>\n\t\t\t\t<span class='av-structured-data'  itemprop=\"image\" itemscope=\"itemscope\" itemtype=\"https:\/\/schema.org\/ImageObject\" >\n\t\t\t\t\t\t<span itemprop='url'>https:\/\/kylkirauta.fi\/wp-content\/uploads\/2020\/02\/kkunta_weblogo-100x100-1.png<\/span>\n\t\t\t\t\t\t<span itemprop='height'>0<\/span>\n\t\t\t\t\t\t<span itemprop='width'>0<\/span>\n\t\t\t\t<\/span>\n\t\t\t\t<span class='av-structured-data'  itemprop=\"publisher\" itemtype=\"https:\/\/schema.org\/Organization\" itemscope=\"itemscope\" >\n\t\t\t\t\t\t<span itemprop='name'>Kari Sainio<\/span>\n\t\t\t\t\t\t<span itemprop='logo' itemscope itemtype='https:\/\/schema.org\/ImageObject'>\n\t\t\t\t\t\t\t<span itemprop='url'>https:\/\/kylkirauta.fi\/wp-content\/uploads\/2020\/02\/kkunta_weblogo-100x100-1.png<\/span>\n\t\t\t\t\t\t<\/span>\n\t\t\t\t<\/span><span class='av-structured-data'  itemprop=\"author\" itemscope=\"itemscope\" itemtype=\"https:\/\/schema.org\/Person\" ><span itemprop='name'>Kari Sainio<\/span><\/span><span class='av-structured-data'  itemprop=\"datePublished\" datetime=\"2026-04-07T15:57:56+03:00\" >2026-04-07 15:57:56<\/span><span class='av-structured-data'  itemprop=\"dateModified\" itemtype=\"https:\/\/schema.org\/dateModified\" >2026-04-08 07:24:08<\/span><span class='av-structured-data'  itemprop=\"mainEntityOfPage\" itemtype=\"https:\/\/schema.org\/mainEntityOfPage\" ><span itemprop='name'>Maailma myllerryksess\u00e4 \u2013 muuttuvatko arvomme? -arvoseminaari 28.5.2026<\/span><\/span><\/span><\/article><article class=\"post-entry post-entry-type-standard post-entry-8833 post-loop-4 post-parity-even bloglist-excerpt  post-8833 post type-post status-publish format-standard hentry category-ajankohtaista\"  itemscope=\"itemscope\" itemtype=\"https:\/\/schema.org\/BlogPosting\" ><div class=\"blog-meta\"><\/div><div class='entry-content-wrapper clearfix standard-content'><header class=\"entry-content-header\"><h2 class='post-title entry-title '  itemprop=\"headline\" ><a href=\"https:\/\/kylkirauta.fi\/index.php\/2026\/03\/15\/kylkirauta-1-2026-ilmestyy-perjantaina-20-3-teemalla-naton-muutos\/\" rel=\"bookmark\" title=\"Permanent Link: Kylkirauta 1\/2026 ilmestyy perjantaina 20.3. teemalla \u201dNaton muutos\u201d.\">Kylkirauta 1\/2026 ilmestyy perjantaina 20.3. teemalla \u201dNaton muutos\u201d.<span class=\"post-format-icon minor-meta\"><\/span><\/a><\/h2><span class=\"post-meta-infos\"><time class=\"date-container minor-meta updated\"  itemprop=\"datePublished\" datetime=\"2026-03-15T14:41:59+02:00\" >15.3.2026<\/time><span class=\"text-sep\">\/<\/span><span class=\"blog-categories minor-meta\">in <a href=\"https:\/\/kylkirauta.fi\/index.php\/category\/ajankohtaista\/\" rel=\"tag\">Ajankohtaista<\/a><\/span><span class=\"text-sep\">\/<\/span><span class=\"blog-author minor-meta\">by <span class=\"entry-author-link\"  itemprop=\"author\" ><span class=\"author\"><span class=\"fn\"><a href=\"https:\/\/kylkirauta.fi\/index.php\/author\/karisain\/\" title=\"Kirjoittanut: Kari Sainio\" rel=\"author\">Kari Sainio<\/a><\/span><\/span><\/span><\/span><\/span><\/header><div class=\"read-more-link\"><a href=\"https:\/\/kylkirauta.fi\/index.php\/2026\/03\/15\/kylkirauta-1-2026-ilmestyy-perjantaina-20-3-teemalla-naton-muutos\/\" class=\"more-link\">Read more<span class=\"more-link-arrow\"><\/span><\/a><\/div><footer class=\"entry-footer\"><\/footer><div class='post_delimiter'><\/div><\/div><div class=\"post_author_timeline\"><\/div><span class='hidden'>\n\t\t\t\t<span class='av-structured-data'  itemprop=\"image\" itemscope=\"itemscope\" itemtype=\"https:\/\/schema.org\/ImageObject\" >\n\t\t\t\t\t\t<span itemprop='url'>https:\/\/kylkirauta.fi\/wp-content\/uploads\/2020\/02\/kkunta_weblogo-100x100-1.png<\/span>\n\t\t\t\t\t\t<span itemprop='height'>0<\/span>\n\t\t\t\t\t\t<span itemprop='width'>0<\/span>\n\t\t\t\t<\/span>\n\t\t\t\t<span class='av-structured-data'  itemprop=\"publisher\" itemtype=\"https:\/\/schema.org\/Organization\" itemscope=\"itemscope\" >\n\t\t\t\t\t\t<span itemprop='name'>Kari Sainio<\/span>\n\t\t\t\t\t\t<span itemprop='logo' itemscope itemtype='https:\/\/schema.org\/ImageObject'>\n\t\t\t\t\t\t\t<span itemprop='url'>https:\/\/kylkirauta.fi\/wp-content\/uploads\/2020\/02\/kkunta_weblogo-100x100-1.png<\/span>\n\t\t\t\t\t\t<\/span>\n\t\t\t\t<\/span><span class='av-structured-data'  itemprop=\"author\" itemscope=\"itemscope\" itemtype=\"https:\/\/schema.org\/Person\" ><span itemprop='name'>Kari Sainio<\/span><\/span><span class='av-structured-data'  itemprop=\"datePublished\" datetime=\"2026-03-15T14:41:59+02:00\" >2026-03-15 14:41:59<\/span><span class='av-structured-data'  itemprop=\"dateModified\" itemtype=\"https:\/\/schema.org\/dateModified\" >2026-03-15 14:41:59<\/span><span class='av-structured-data'  itemprop=\"mainEntityOfPage\" itemtype=\"https:\/\/schema.org\/mainEntityOfPage\" ><span itemprop='name'>Kylkirauta 1\/2026 ilmestyy perjantaina 20.3. teemalla \u201dNaton muutos\u201d.<\/span><\/span><\/span><\/article><article class=\"post-entry post-entry-type-standard post-entry-8811 post-loop-5 post-parity-odd bloglist-excerpt  post-8811 post type-post status-publish format-standard hentry category-ajankohtaista\"  itemscope=\"itemscope\" itemtype=\"https:\/\/schema.org\/BlogPosting\" ><div class=\"blog-meta\"><\/div><div class='entry-content-wrapper clearfix standard-content'><header class=\"entry-content-header\"><h2 class='post-title entry-title '  itemprop=\"headline\" ><a href=\"https:\/\/kylkirauta.fi\/index.php\/2026\/02\/27\/aaderilaulajien-ja-kadettikuoron-konsertti-ukrainan-tukemiseksi-19-4-2026\/\" rel=\"bookmark\" title=\"Permanent Link: Kaaderilaulajien ja Kadettikuoron konsertti Ukrainan tukemiseksi 19.4.2026\">Kaaderilaulajien ja Kadettikuoron konsertti Ukrainan tukemiseksi 19.4.2026<span class=\"post-format-icon minor-meta\"><\/span><\/a><\/h2><span class=\"post-meta-infos\"><time class=\"date-container minor-meta updated\"  itemprop=\"datePublished\" datetime=\"2026-02-27T11:48:22+02:00\" >27.2.2026<\/time><span class=\"text-sep\">\/<\/span><span class=\"blog-categories minor-meta\">in <a href=\"https:\/\/kylkirauta.fi\/index.php\/category\/ajankohtaista\/\" rel=\"tag\">Ajankohtaista<\/a><\/span><span class=\"text-sep\">\/<\/span><span class=\"blog-author minor-meta\">by <span class=\"entry-author-link\"  itemprop=\"author\" ><span class=\"author\"><span class=\"fn\"><a href=\"https:\/\/kylkirauta.fi\/index.php\/author\/karisain\/\" title=\"Kirjoittanut: Kari Sainio\" rel=\"author\">Kari Sainio<\/a><\/span><\/span><\/span><\/span><\/span><\/header><div class=\"read-more-link\"><a href=\"https:\/\/kylkirauta.fi\/index.php\/2026\/02\/27\/aaderilaulajien-ja-kadettikuoron-konsertti-ukrainan-tukemiseksi-19-4-2026\/\" class=\"more-link\">Read more<span class=\"more-link-arrow\"><\/span><\/a><\/div><footer class=\"entry-footer\"><\/footer><div class='post_delimiter'><\/div><\/div><div class=\"post_author_timeline\"><\/div><span class='hidden'>\n\t\t\t\t<span class='av-structured-data'  itemprop=\"image\" itemscope=\"itemscope\" itemtype=\"https:\/\/schema.org\/ImageObject\" >\n\t\t\t\t\t\t<span itemprop='url'>https:\/\/kylkirauta.fi\/wp-content\/uploads\/2020\/02\/kkunta_weblogo-100x100-1.png<\/span>\n\t\t\t\t\t\t<span itemprop='height'>0<\/span>\n\t\t\t\t\t\t<span itemprop='width'>0<\/span>\n\t\t\t\t<\/span>\n\t\t\t\t<span class='av-structured-data'  itemprop=\"publisher\" itemtype=\"https:\/\/schema.org\/Organization\" itemscope=\"itemscope\" >\n\t\t\t\t\t\t<span itemprop='name'>Kari Sainio<\/span>\n\t\t\t\t\t\t<span itemprop='logo' itemscope itemtype='https:\/\/schema.org\/ImageObject'>\n\t\t\t\t\t\t\t<span itemprop='url'>https:\/\/kylkirauta.fi\/wp-content\/uploads\/2020\/02\/kkunta_weblogo-100x100-1.png<\/span>\n\t\t\t\t\t\t<\/span>\n\t\t\t\t<\/span><span class='av-structured-data'  itemprop=\"author\" itemscope=\"itemscope\" itemtype=\"https:\/\/schema.org\/Person\" ><span itemprop='name'>Kari Sainio<\/span><\/span><span class='av-structured-data'  itemprop=\"datePublished\" datetime=\"2026-02-27T11:48:22+02:00\" >2026-02-27 11:48:22<\/span><span class='av-structured-data'  itemprop=\"dateModified\" itemtype=\"https:\/\/schema.org\/dateModified\" >2026-02-27 11:48:54<\/span><span class='av-structured-data'  itemprop=\"mainEntityOfPage\" itemtype=\"https:\/\/schema.org\/mainEntityOfPage\" ><span itemprop='name'>Kaaderilaulajien ja Kadettikuoron konsertti Ukrainan tukemiseksi 19.4.2026<\/span><\/span><\/span><\/article><article class=\"post-entry post-entry-type-standard post-entry-8777 post-loop-6 post-parity-even bloglist-excerpt  post-8777 post type-post status-publish format-standard hentry category-ajankohtaista\"  itemscope=\"itemscope\" itemtype=\"https:\/\/schema.org\/BlogPosting\" ><div class=\"blog-meta\"><\/div><div class='entry-content-wrapper clearfix standard-content'><header class=\"entry-content-header\"><h2 class='post-title entry-title '  itemprop=\"headline\" ><a href=\"https:\/\/kylkirauta.fi\/index.php\/2026\/02\/18\/werner-hacklinin-saation-kevaan-2026-apurahat-haettavissa\/\" rel=\"bookmark\" title=\"Permanent Link: Werner Hacklinin s\u00e4\u00e4ti\u00f6n kev\u00e4\u00e4n 2026 apurahat haettavissa\">Werner Hacklinin s\u00e4\u00e4ti\u00f6n kev\u00e4\u00e4n 2026 apurahat haettavissa<span class=\"post-format-icon minor-meta\"><\/span><\/a><\/h2><span class=\"post-meta-infos\"><time class=\"date-container minor-meta updated\"  itemprop=\"datePublished\" datetime=\"2026-02-18T10:28:13+02:00\" >18.2.2026<\/time><span class=\"text-sep\">\/<\/span><span class=\"blog-categories minor-meta\">in <a href=\"https:\/\/kylkirauta.fi\/index.php\/category\/ajankohtaista\/\" rel=\"tag\">Ajankohtaista<\/a><\/span><span class=\"text-sep\">\/<\/span><span class=\"blog-author minor-meta\">by <span class=\"entry-author-link\"  itemprop=\"author\" ><span class=\"author\"><span class=\"fn\"><a href=\"https:\/\/kylkirauta.fi\/index.php\/author\/karisain\/\" title=\"Kirjoittanut: Kari Sainio\" rel=\"author\">Kari Sainio<\/a><\/span><\/span><\/span><\/span><\/span><\/header><div class=\"read-more-link\"><a href=\"https:\/\/kylkirauta.fi\/index.php\/2026\/02\/18\/werner-hacklinin-saation-kevaan-2026-apurahat-haettavissa\/\" class=\"more-link\">Read more<span class=\"more-link-arrow\"><\/span><\/a><\/div><footer class=\"entry-footer\"><\/footer><div class='post_delimiter'><\/div><\/div><div class=\"post_author_timeline\"><\/div><span class='hidden'>\n\t\t\t\t<span class='av-structured-data'  itemprop=\"image\" itemscope=\"itemscope\" itemtype=\"https:\/\/schema.org\/ImageObject\" >\n\t\t\t\t\t\t<span itemprop='url'>https:\/\/kylkirauta.fi\/wp-content\/uploads\/2020\/02\/kkunta_weblogo-100x100-1.png<\/span>\n\t\t\t\t\t\t<span itemprop='height'>0<\/span>\n\t\t\t\t\t\t<span itemprop='width'>0<\/span>\n\t\t\t\t<\/span>\n\t\t\t\t<span class='av-structured-data'  itemprop=\"publisher\" itemtype=\"https:\/\/schema.org\/Organization\" itemscope=\"itemscope\" >\n\t\t\t\t\t\t<span itemprop='name'>Kari Sainio<\/span>\n\t\t\t\t\t\t<span itemprop='logo' itemscope itemtype='https:\/\/schema.org\/ImageObject'>\n\t\t\t\t\t\t\t<span itemprop='url'>https:\/\/kylkirauta.fi\/wp-content\/uploads\/2020\/02\/kkunta_weblogo-100x100-1.png<\/span>\n\t\t\t\t\t\t<\/span>\n\t\t\t\t<\/span><span class='av-structured-data'  itemprop=\"author\" itemscope=\"itemscope\" itemtype=\"https:\/\/schema.org\/Person\" ><span itemprop='name'>Kari Sainio<\/span><\/span><span class='av-structured-data'  itemprop=\"datePublished\" datetime=\"2026-02-18T10:28:13+02:00\" >2026-02-18 10:28:13<\/span><span class='av-structured-data'  itemprop=\"dateModified\" itemtype=\"https:\/\/schema.org\/dateModified\" >2026-02-23 17:17:45<\/span><span class='av-structured-data'  itemprop=\"mainEntityOfPage\" itemtype=\"https:\/\/schema.org\/mainEntityOfPage\" ><span itemprop='name'>Werner Hacklinin s\u00e4\u00e4ti\u00f6n kev\u00e4\u00e4n 2026 apurahat haettavissa<\/span><\/span><\/span><\/article><article class=\"post-entry post-entry-type-standard post-entry-8772 post-loop-7 post-parity-odd bloglist-excerpt  post-8772 post type-post status-publish format-standard hentry category-ajankohtaista\"  itemscope=\"itemscope\" itemtype=\"https:\/\/schema.org\/BlogPosting\" ><div class=\"blog-meta\"><\/div><div class='entry-content-wrapper clearfix standard-content'><header class=\"entry-content-header\"><h2 class='post-title entry-title '  itemprop=\"headline\" ><a href=\"https:\/\/kylkirauta.fi\/index.php\/2026\/02\/17\/maanpuolustuskorkeakoulu-hakee-evp-upseereita-kadettien-mentoritoimintaan-2026-2027\/\" rel=\"bookmark\" title=\"Permanent Link: Maanpuolustuskorkeakoulu hakee evp-upseereita kadettien mentoritoimintaan 2026-2027\">Maanpuolustuskorkeakoulu hakee evp-upseereita kadettien mentoritoimintaan 2026-2027<span class=\"post-format-icon minor-meta\"><\/span><\/a><\/h2><span class=\"post-meta-infos\"><time class=\"date-container minor-meta updated\"  itemprop=\"datePublished\" datetime=\"2026-02-17T10:19:52+02:00\" >17.2.2026<\/time><span class=\"text-sep\">\/<\/span><span class=\"blog-categories minor-meta\">in <a href=\"https:\/\/kylkirauta.fi\/index.php\/category\/ajankohtaista\/\" rel=\"tag\">Ajankohtaista<\/a><\/span><span class=\"text-sep\">\/<\/span><span class=\"blog-author minor-meta\">by <span class=\"entry-author-link\"  itemprop=\"author\" ><span class=\"author\"><span class=\"fn\"><a href=\"https:\/\/kylkirauta.fi\/index.php\/author\/karisain\/\" title=\"Kirjoittanut: Kari Sainio\" rel=\"author\">Kari Sainio<\/a><\/span><\/span><\/span><\/span><\/span><\/header><p>\ufeff\ufeff<\/p>\n<div class=\"read-more-link\"><a href=\"https:\/\/kylkirauta.fi\/index.php\/2026\/02\/17\/maanpuolustuskorkeakoulu-hakee-evp-upseereita-kadettien-mentoritoimintaan-2026-2027\/\" class=\"more-link\">Read more<span class=\"more-link-arrow\"><\/span><\/a><\/div><footer class=\"entry-footer\"><\/footer><div class='post_delimiter'><\/div><\/div><div class=\"post_author_timeline\"><\/div><span class='hidden'>\n\t\t\t\t<span class='av-structured-data'  itemprop=\"image\" itemscope=\"itemscope\" itemtype=\"https:\/\/schema.org\/ImageObject\" >\n\t\t\t\t\t\t<span itemprop='url'>https:\/\/kylkirauta.fi\/wp-content\/uploads\/2020\/02\/kkunta_weblogo-100x100-1.png<\/span>\n\t\t\t\t\t\t<span itemprop='height'>0<\/span>\n\t\t\t\t\t\t<span itemprop='width'>0<\/span>\n\t\t\t\t<\/span>\n\t\t\t\t<span class='av-structured-data'  itemprop=\"publisher\" itemtype=\"https:\/\/schema.org\/Organization\" itemscope=\"itemscope\" >\n\t\t\t\t\t\t<span itemprop='name'>Kari Sainio<\/span>\n\t\t\t\t\t\t<span itemprop='logo' itemscope itemtype='https:\/\/schema.org\/ImageObject'>\n\t\t\t\t\t\t\t<span itemprop='url'>https:\/\/kylkirauta.fi\/wp-content\/uploads\/2020\/02\/kkunta_weblogo-100x100-1.png<\/span>\n\t\t\t\t\t\t<\/span>\n\t\t\t\t<\/span><span class='av-structured-data'  itemprop=\"author\" itemscope=\"itemscope\" itemtype=\"https:\/\/schema.org\/Person\" ><span itemprop='name'>Kari Sainio<\/span><\/span><span class='av-structured-data'  itemprop=\"datePublished\" datetime=\"2026-02-17T10:19:52+02:00\" >2026-02-17 10:19:52<\/span><span class='av-structured-data'  itemprop=\"dateModified\" itemtype=\"https:\/\/schema.org\/dateModified\" >2026-02-23 17:18:14<\/span><span class='av-structured-data'  itemprop=\"mainEntityOfPage\" itemtype=\"https:\/\/schema.org\/mainEntityOfPage\" ><span itemprop='name'>Maanpuolustuskorkeakoulu hakee evp-upseereita kadettien mentoritoimintaan 2026-2027<\/span><\/span><\/span><\/article><article class=\"post-entry post-entry-type-standard post-entry-8702 post-loop-8 post-parity-even bloglist-excerpt  post-8702 post type-post status-publish format-standard hentry category-ajankohtaista\"  itemscope=\"itemscope\" itemtype=\"https:\/\/schema.org\/BlogPosting\" ><div class=\"blog-meta\"><\/div><div class='entry-content-wrapper clearfix standard-content'><header class=\"entry-content-header\"><h2 class='post-title entry-title '  itemprop=\"headline\" ><a href=\"https:\/\/kylkirauta.fi\/index.php\/2026\/01\/01\/tasavallan-presidentti-alexander-stubbin-uudenvuodenpuhe-1-1-2026\/\" rel=\"bookmark\" title=\"Permanent Link: Tasavallan presidentti Alexander Stubbin uudenvuodenpuhe 1.1.2026\">Tasavallan presidentti Alexander Stubbin uudenvuodenpuhe 1.1.2026<span class=\"post-format-icon minor-meta\"><\/span><\/a><\/h2><span class=\"post-meta-infos\"><time class=\"date-container minor-meta updated\"  itemprop=\"datePublished\" datetime=\"2026-01-01T13:09:50+02:00\" >1.1.2026<\/time><span class=\"text-sep\">\/<\/span><span class=\"blog-categories minor-meta\">in <a href=\"https:\/\/kylkirauta.fi\/index.php\/category\/ajankohtaista\/\" rel=\"tag\">Ajankohtaista<\/a><\/span><span class=\"text-sep\">\/<\/span><span class=\"blog-author minor-meta\">by <span class=\"entry-author-link\"  itemprop=\"author\" ><span class=\"author\"><span class=\"fn\"><a href=\"https:\/\/kylkirauta.fi\/index.php\/author\/karisain\/\" title=\"Kirjoittanut: Kari Sainio\" rel=\"author\">Kari Sainio<\/a><\/span><\/span><\/span><\/span><\/span><\/header><div class=\"read-more-link\"><a href=\"https:\/\/kylkirauta.fi\/index.php\/2026\/01\/01\/tasavallan-presidentti-alexander-stubbin-uudenvuodenpuhe-1-1-2026\/\" class=\"more-link\">Read more<span class=\"more-link-arrow\"><\/span><\/a><\/div><footer class=\"entry-footer\"><\/footer><div class='post_delimiter'><\/div><\/div><div class=\"post_author_timeline\"><\/div><span class='hidden'>\n\t\t\t\t<span class='av-structured-data'  itemprop=\"image\" itemscope=\"itemscope\" itemtype=\"https:\/\/schema.org\/ImageObject\" >\n\t\t\t\t\t\t<span itemprop='url'>https:\/\/kylkirauta.fi\/wp-content\/uploads\/2020\/02\/kkunta_weblogo-100x100-1.png<\/span>\n\t\t\t\t\t\t<span itemprop='height'>0<\/span>\n\t\t\t\t\t\t<span itemprop='width'>0<\/span>\n\t\t\t\t<\/span>\n\t\t\t\t<span class='av-structured-data'  itemprop=\"publisher\" itemtype=\"https:\/\/schema.org\/Organization\" itemscope=\"itemscope\" >\n\t\t\t\t\t\t<span itemprop='name'>Kari Sainio<\/span>\n\t\t\t\t\t\t<span itemprop='logo' itemscope itemtype='https:\/\/schema.org\/ImageObject'>\n\t\t\t\t\t\t\t<span itemprop='url'>https:\/\/kylkirauta.fi\/wp-content\/uploads\/2020\/02\/kkunta_weblogo-100x100-1.png<\/span>\n\t\t\t\t\t\t<\/span>\n\t\t\t\t<\/span><span class='av-structured-data'  itemprop=\"author\" itemscope=\"itemscope\" itemtype=\"https:\/\/schema.org\/Person\" ><span itemprop='name'>Kari Sainio<\/span><\/span><span class='av-structured-data'  itemprop=\"datePublished\" datetime=\"2026-01-01T13:09:50+02:00\" >2026-01-01 13:09:50<\/span><span class='av-structured-data'  itemprop=\"dateModified\" itemtype=\"https:\/\/schema.org\/dateModified\" >2026-01-15 10:27:31<\/span><span class='av-structured-data'  itemprop=\"mainEntityOfPage\" itemtype=\"https:\/\/schema.org\/mainEntityOfPage\" ><span itemprop='name'>Tasavallan presidentti Alexander Stubbin uudenvuodenpuhe 1.1.2026<\/span><\/span><\/span><\/article><article class=\"post-entry post-entry-type-standard post-entry-8615 post-loop-9 post-parity-odd bloglist-excerpt  post-8615 post type-post status-publish format-standard hentry category-115 category-ajankohtaista\"  itemscope=\"itemscope\" itemtype=\"https:\/\/schema.org\/BlogPosting\" ><div class=\"blog-meta\"><\/div><div class='entry-content-wrapper clearfix standard-content'><header class=\"entry-content-header\"><h2 class='post-title entry-title '  itemprop=\"headline\" ><a href=\"https:\/\/kylkirauta.fi\/index.php\/2025\/12\/17\/kadettikunnan-turvallisuuspolitiikan-tietopankki-on-paivitetty-3\/\" rel=\"bookmark\" title=\"Permanent Link: Kadettikunnan Turvallisuuspolitiikan tietopankki on p\u00e4ivitetty\">Kadettikunnan Turvallisuuspolitiikan tietopankki on p\u00e4ivitetty<span class=\"post-format-icon minor-meta\"><\/span><\/a><\/h2><span class=\"post-meta-infos\"><time class=\"date-container minor-meta updated\"  itemprop=\"datePublished\" datetime=\"2025-12-17T12:12:42+02:00\" >17.12.2025<\/time><span class=\"text-sep\">\/<\/span><span class=\"blog-categories minor-meta\">in <a href=\"https:\/\/kylkirauta.fi\/index.php\/category\/2025\/\" rel=\"tag\">2025<\/a>, <a href=\"https:\/\/kylkirauta.fi\/index.php\/category\/ajankohtaista\/\" rel=\"tag\">Ajankohtaista<\/a><\/span><span class=\"text-sep\">\/<\/span><span class=\"blog-author minor-meta\">by <span class=\"entry-author-link\"  itemprop=\"author\" ><span class=\"author\"><span class=\"fn\"><a href=\"https:\/\/kylkirauta.fi\/index.php\/author\/karisain\/\" title=\"Kirjoittanut: Kari Sainio\" rel=\"author\">Kari Sainio<\/a><\/span><\/span><\/span><\/span><\/span><\/header><div class=\"read-more-link\"><a href=\"https:\/\/kylkirauta.fi\/index.php\/2025\/12\/17\/kadettikunnan-turvallisuuspolitiikan-tietopankki-on-paivitetty-3\/\" class=\"more-link\">Read more<span class=\"more-link-arrow\"><\/span><\/a><\/div><footer class=\"entry-footer\"><\/footer><div class='post_delimiter'><\/div><\/div><div class=\"post_author_timeline\"><\/div><span class='hidden'>\n\t\t\t\t<span class='av-structured-data'  itemprop=\"image\" itemscope=\"itemscope\" itemtype=\"https:\/\/schema.org\/ImageObject\" >\n\t\t\t\t\t\t<span itemprop='url'>https:\/\/kylkirauta.fi\/wp-content\/uploads\/2020\/02\/kkunta_weblogo-100x100-1.png<\/span>\n\t\t\t\t\t\t<span itemprop='height'>0<\/span>\n\t\t\t\t\t\t<span itemprop='width'>0<\/span>\n\t\t\t\t<\/span>\n\t\t\t\t<span class='av-structured-data'  itemprop=\"publisher\" itemtype=\"https:\/\/schema.org\/Organization\" itemscope=\"itemscope\" >\n\t\t\t\t\t\t<span itemprop='name'>Kari Sainio<\/span>\n\t\t\t\t\t\t<span itemprop='logo' itemscope itemtype='https:\/\/schema.org\/ImageObject'>\n\t\t\t\t\t\t\t<span itemprop='url'>https:\/\/kylkirauta.fi\/wp-content\/uploads\/2020\/02\/kkunta_weblogo-100x100-1.png<\/span>\n\t\t\t\t\t\t<\/span>\n\t\t\t\t<\/span><span class='av-structured-data'  itemprop=\"author\" itemscope=\"itemscope\" itemtype=\"https:\/\/schema.org\/Person\" ><span itemprop='name'>Kari Sainio<\/span><\/span><span class='av-structured-data'  itemprop=\"datePublished\" datetime=\"2025-12-17T12:12:42+02:00\" >2025-12-17 12:12:42<\/span><span class='av-structured-data'  itemprop=\"dateModified\" itemtype=\"https:\/\/schema.org\/dateModified\" >2025-12-17 12:12:42<\/span><span class='av-structured-data'  itemprop=\"mainEntityOfPage\" itemtype=\"https:\/\/schema.org\/mainEntityOfPage\" ><span itemprop='name'>Kadettikunnan Turvallisuuspolitiikan tietopankki on p\u00e4ivitetty<\/span><\/span><\/span><\/article><article class=\"post-entry post-entry-type-standard post-entry-8535 post-loop-10 post-parity-even post-entry-last bloglist-excerpt  post-8535 post type-post status-publish format-standard hentry category-115 category-ajankohtaista\"  itemscope=\"itemscope\" itemtype=\"https:\/\/schema.org\/BlogPosting\" ><div class=\"blog-meta\"><\/div><div class='entry-content-wrapper clearfix standard-content'><header class=\"entry-content-header\"><h2 class='post-title entry-title '  itemprop=\"headline\" ><a href=\"https:\/\/kylkirauta.fi\/index.php\/2025\/12\/13\/kylkirauta-4-2025-ilmestyy-19-12-teemalla-tyynimeri\/\" rel=\"bookmark\" title=\"Permanent Link: Kylkirauta 4\/2025 ilmestyy 19.12. teemalla\u00a0\u201dTyynimeri\u201d\">Kylkirauta 4\/2025 ilmestyy 19.12. teemalla\u00a0\u201dTyynimeri\u201d<span class=\"post-format-icon minor-meta\"><\/span><\/a><\/h2><span class=\"post-meta-infos\"><time class=\"date-container minor-meta updated\"  itemprop=\"datePublished\" datetime=\"2025-12-13T13:31:55+02:00\" >13.12.2025<\/time><span class=\"text-sep\">\/<\/span><span class=\"blog-categories minor-meta\">in <a href=\"https:\/\/kylkirauta.fi\/index.php\/category\/2025\/\" rel=\"tag\">2025<\/a>, <a href=\"https:\/\/kylkirauta.fi\/index.php\/category\/ajankohtaista\/\" rel=\"tag\">Ajankohtaista<\/a><\/span><span class=\"text-sep\">\/<\/span><span class=\"blog-author minor-meta\">by <span class=\"entry-author-link\"  itemprop=\"author\" ><span class=\"author\"><span class=\"fn\"><a href=\"https:\/\/kylkirauta.fi\/index.php\/author\/karisain\/\" title=\"Kirjoittanut: Kari Sainio\" rel=\"author\">Kari Sainio<\/a><\/span><\/span><\/span><\/span><\/span><\/header><div class=\"read-more-link\"><a href=\"https:\/\/kylkirauta.fi\/index.php\/2025\/12\/13\/kylkirauta-4-2025-ilmestyy-19-12-teemalla-tyynimeri\/\" class=\"more-link\">Read more<span class=\"more-link-arrow\"><\/span><\/a><\/div><footer class=\"entry-footer\"><\/footer><div class='post_delimiter'><\/div><\/div><div class=\"post_author_timeline\"><\/div><span class='hidden'>\n\t\t\t\t<span class='av-structured-data'  itemprop=\"image\" itemscope=\"itemscope\" itemtype=\"https:\/\/schema.org\/ImageObject\" >\n\t\t\t\t\t\t<span itemprop='url'>https:\/\/kylkirauta.fi\/wp-content\/uploads\/2020\/02\/kkunta_weblogo-100x100-1.png<\/span>\n\t\t\t\t\t\t<span itemprop='height'>0<\/span>\n\t\t\t\t\t\t<span itemprop='width'>0<\/span>\n\t\t\t\t<\/span>\n\t\t\t\t<span class='av-structured-data'  itemprop=\"publisher\" itemtype=\"https:\/\/schema.org\/Organization\" itemscope=\"itemscope\" >\n\t\t\t\t\t\t<span itemprop='name'>Kari Sainio<\/span>\n\t\t\t\t\t\t<span itemprop='logo' itemscope itemtype='https:\/\/schema.org\/ImageObject'>\n\t\t\t\t\t\t\t<span itemprop='url'>https:\/\/kylkirauta.fi\/wp-content\/uploads\/2020\/02\/kkunta_weblogo-100x100-1.png<\/span>\n\t\t\t\t\t\t<\/span>\n\t\t\t\t<\/span><span class='av-structured-data'  itemprop=\"author\" itemscope=\"itemscope\" itemtype=\"https:\/\/schema.org\/Person\" ><span itemprop='name'>Kari Sainio<\/span><\/span><span class='av-structured-data'  itemprop=\"datePublished\" datetime=\"2025-12-13T13:31:55+02:00\" >2025-12-13 13:31:55<\/span><span class='av-structured-data'  itemprop=\"dateModified\" itemtype=\"https:\/\/schema.org\/dateModified\" >2025-12-15 12:55:47<\/span><span class='av-structured-data'  itemprop=\"mainEntityOfPage\" itemtype=\"https:\/\/schema.org\/mainEntityOfPage\" ><span itemprop='name'>Kylkirauta 4\/2025 ilmestyy 19.12. teemalla\u00a0\u201dTyynimeri\u201d<\/span><\/span><\/span><\/article><div class='bloglist-excerpt'><nav class='pagination'><span class='pagination-meta'>Page 1 of 14<\/span><span class='current'>1<\/span><a href='https:\/\/kylkirauta.fi\/index.php\/wp-json\/wp\/v2\/posts\/1116\/page\/2\/' class='inactive next_page' >2<\/a><a href='https:\/\/kylkirauta.fi\/index.php\/wp-json\/wp\/v2\/posts\/1116\/page\/3\/' class='inactive' >3<\/a><a href='https:\/\/kylkirauta.fi\/index.php\/wp-json\/wp\/v2\/posts\/1116\/page\/2\/'>&rsaquo;<\/a><a href='https:\/\/kylkirauta.fi\/index.php\/wp-json\/wp\/v2\/posts\/1116\/page\/14\/'>&raquo;<\/a><\/nav>\n<\/div><\/div>\n","protected":false},"excerpt":{"rendered":"","protected":false},"author":3,"featured_media":1785,"comment_status":"closed","ping_status":"closed","sticky":false,"template":"","format":"standard","meta":{"footnotes":""},"categories":[14],"tags":[],"class_list":["post-1116","post","type-post","status-publish","format-standard","has-post-thumbnail","hentry","category-ajankohtaista"],"yoast_head":"<!-- This site is optimized with the Yoast SEO plugin v27.5 - https:\/\/yoast.com\/product\/yoast-seo-wordpress\/ -->\n<title>Puolustusministerin ja puolustusvoimain komentajan puheet 232. Maanpuolustuskurssin avajaisissa 20.1.2019 - Kylkirauta<\/title>\n<meta name=\"robots\" content=\"index, follow, max-snippet:-1, max-image-preview:large, max-video-preview:-1\" \/>\n<link rel=\"canonical\" href=\"https:\/\/kylkirauta.fi\/index.php\/2020\/01\/22\/puolustuministerin-ja-puolustusvoimain-komentajien-puheet-232-maanpuolustuskurssin-avajaisissa-20-1\/\" \/>\n<meta property=\"og:locale\" content=\"fi_FI\" \/>\n<meta property=\"og:type\" content=\"article\" \/>\n<meta property=\"og:title\" content=\"Puolustusministerin ja puolustusvoimain komentajan puheet 232. Maanpuolustuskurssin avajaisissa 20.1.2019 - Kylkirauta\" \/>\n<meta property=\"og:url\" content=\"https:\/\/kylkirauta.fi\/index.php\/2020\/01\/22\/puolustuministerin-ja-puolustusvoimain-komentajien-puheet-232-maanpuolustuskurssin-avajaisissa-20-1\/\" \/>\n<meta property=\"og:site_name\" content=\"Kylkirauta\" \/>\n<meta property=\"article:published_time\" content=\"2020-01-22T17:16:56+00:00\" \/>\n<meta property=\"article:modified_time\" content=\"2020-02-02T15:41:43+00:00\" \/>\n<meta property=\"og:image\" content=\"https:\/\/kylkirauta.fi\/wp-content\/uploads\/2020\/01\/Lippurivi.png\" \/>\n\t<meta property=\"og:image:width\" content=\"843\" \/>\n\t<meta property=\"og:image:height\" content=\"487\" \/>\n\t<meta property=\"og:image:type\" content=\"image\/png\" \/>\n<meta name=\"author\" content=\"Kari Sainio\" \/>\n<meta name=\"twitter:card\" content=\"summary_large_image\" \/>\n<meta name=\"twitter:label1\" content=\"Kirjoittanut\" \/>\n\t<meta name=\"twitter:data1\" content=\"Kari Sainio\" \/>\n\t<meta name=\"twitter:label2\" content=\"Arvioitu lukuaika\" \/>\n\t<meta name=\"twitter:data2\" content=\"3 minuuttia\" \/>\n<script type=\"application\/ld+json\" class=\"yoast-schema-graph\">{\"@context\":\"https:\\\/\\\/schema.org\",\"@graph\":[{\"@type\":\"Article\",\"@id\":\"https:\\\/\\\/kylkirauta.fi\\\/index.php\\\/2020\\\/01\\\/22\\\/puolustuministerin-ja-puolustusvoimain-komentajien-puheet-232-maanpuolustuskurssin-avajaisissa-20-1\\\/#article\",\"isPartOf\":{\"@id\":\"https:\\\/\\\/kylkirauta.fi\\\/index.php\\\/2020\\\/01\\\/22\\\/puolustuministerin-ja-puolustusvoimain-komentajien-puheet-232-maanpuolustuskurssin-avajaisissa-20-1\\\/\"},\"author\":{\"name\":\"Kari Sainio\",\"@id\":\"https:\\\/\\\/kylkirauta.fi\\\/#\\\/schema\\\/person\\\/714ab39a349c656b20d60a239be1d6f6\"},\"headline\":\"Puolustusministerin ja puolustusvoimain komentajan puheet 232. Maanpuolustuskurssin avajaisissa 20.1.2019\",\"datePublished\":\"2020-01-22T17:16:56+00:00\",\"dateModified\":\"2020-02-02T15:41:43+00:00\",\"mainEntityOfPage\":{\"@id\":\"https:\\\/\\\/kylkirauta.fi\\\/index.php\\\/2020\\\/01\\\/22\\\/puolustuministerin-ja-puolustusvoimain-komentajien-puheet-232-maanpuolustuskurssin-avajaisissa-20-1\\\/\"},\"wordCount\":454,\"image\":{\"@id\":\"https:\\\/\\\/kylkirauta.fi\\\/index.php\\\/2020\\\/01\\\/22\\\/puolustuministerin-ja-puolustusvoimain-komentajien-puheet-232-maanpuolustuskurssin-avajaisissa-20-1\\\/#primaryimage\"},\"thumbnailUrl\":\"https:\\\/\\\/kylkirauta.fi\\\/wp-content\\\/uploads\\\/2020\\\/01\\\/Lippurivi.png\",\"articleSection\":[\"Ajankohtaista\"],\"inLanguage\":\"fi\"},{\"@type\":\"WebPage\",\"@id\":\"https:\\\/\\\/kylkirauta.fi\\\/index.php\\\/2020\\\/01\\\/22\\\/puolustuministerin-ja-puolustusvoimain-komentajien-puheet-232-maanpuolustuskurssin-avajaisissa-20-1\\\/\",\"url\":\"https:\\\/\\\/kylkirauta.fi\\\/index.php\\\/2020\\\/01\\\/22\\\/puolustuministerin-ja-puolustusvoimain-komentajien-puheet-232-maanpuolustuskurssin-avajaisissa-20-1\\\/\",\"name\":\"Puolustusministerin ja puolustusvoimain komentajan puheet 232. Maanpuolustuskurssin avajaisissa 20.1.2019 - Kylkirauta\",\"isPartOf\":{\"@id\":\"https:\\\/\\\/kylkirauta.fi\\\/#website\"},\"primaryImageOfPage\":{\"@id\":\"https:\\\/\\\/kylkirauta.fi\\\/index.php\\\/2020\\\/01\\\/22\\\/puolustuministerin-ja-puolustusvoimain-komentajien-puheet-232-maanpuolustuskurssin-avajaisissa-20-1\\\/#primaryimage\"},\"image\":{\"@id\":\"https:\\\/\\\/kylkirauta.fi\\\/index.php\\\/2020\\\/01\\\/22\\\/puolustuministerin-ja-puolustusvoimain-komentajien-puheet-232-maanpuolustuskurssin-avajaisissa-20-1\\\/#primaryimage\"},\"thumbnailUrl\":\"https:\\\/\\\/kylkirauta.fi\\\/wp-content\\\/uploads\\\/2020\\\/01\\\/Lippurivi.png\",\"datePublished\":\"2020-01-22T17:16:56+00:00\",\"dateModified\":\"2020-02-02T15:41:43+00:00\",\"author\":{\"@id\":\"https:\\\/\\\/kylkirauta.fi\\\/#\\\/schema\\\/person\\\/714ab39a349c656b20d60a239be1d6f6\"},\"breadcrumb\":{\"@id\":\"https:\\\/\\\/kylkirauta.fi\\\/index.php\\\/2020\\\/01\\\/22\\\/puolustuministerin-ja-puolustusvoimain-komentajien-puheet-232-maanpuolustuskurssin-avajaisissa-20-1\\\/#breadcrumb\"},\"inLanguage\":\"fi\",\"potentialAction\":[{\"@type\":\"ReadAction\",\"target\":[\"https:\\\/\\\/kylkirauta.fi\\\/index.php\\\/2020\\\/01\\\/22\\\/puolustuministerin-ja-puolustusvoimain-komentajien-puheet-232-maanpuolustuskurssin-avajaisissa-20-1\\\/\"]}]},{\"@type\":\"ImageObject\",\"inLanguage\":\"fi\",\"@id\":\"https:\\\/\\\/kylkirauta.fi\\\/index.php\\\/2020\\\/01\\\/22\\\/puolustuministerin-ja-puolustusvoimain-komentajien-puheet-232-maanpuolustuskurssin-avajaisissa-20-1\\\/#primaryimage\",\"url\":\"https:\\\/\\\/kylkirauta.fi\\\/wp-content\\\/uploads\\\/2020\\\/01\\\/Lippurivi.png\",\"contentUrl\":\"https:\\\/\\\/kylkirauta.fi\\\/wp-content\\\/uploads\\\/2020\\\/01\\\/Lippurivi.png\",\"width\":843,\"height\":487},{\"@type\":\"BreadcrumbList\",\"@id\":\"https:\\\/\\\/kylkirauta.fi\\\/index.php\\\/2020\\\/01\\\/22\\\/puolustuministerin-ja-puolustusvoimain-komentajien-puheet-232-maanpuolustuskurssin-avajaisissa-20-1\\\/#breadcrumb\",\"itemListElement\":[{\"@type\":\"ListItem\",\"position\":1,\"name\":\"Home\",\"item\":\"https:\\\/\\\/kylkirauta.fi\\\/index.php\\\/home\\\/\"},{\"@type\":\"ListItem\",\"position\":2,\"name\":\"Puolustusministerin ja puolustusvoimain komentajan puheet 232. Maanpuolustuskurssin avajaisissa 20.1.2019\"}]},{\"@type\":\"WebSite\",\"@id\":\"https:\\\/\\\/kylkirauta.fi\\\/#website\",\"url\":\"https:\\\/\\\/kylkirauta.fi\\\/\",\"name\":\"Kylkirauta\",\"description\":\"Kadettiupseerit yhteiskunnan palveluksessa\",\"potentialAction\":[{\"@type\":\"SearchAction\",\"target\":{\"@type\":\"EntryPoint\",\"urlTemplate\":\"https:\\\/\\\/kylkirauta.fi\\\/?s={search_term_string}\"},\"query-input\":{\"@type\":\"PropertyValueSpecification\",\"valueRequired\":true,\"valueName\":\"search_term_string\"}}],\"inLanguage\":\"fi\"},{\"@type\":\"Person\",\"@id\":\"https:\\\/\\\/kylkirauta.fi\\\/#\\\/schema\\\/person\\\/714ab39a349c656b20d60a239be1d6f6\",\"name\":\"Kari Sainio\",\"sameAs\":[\"http:\\\/\\\/www.kylkirauta.fi\"],\"url\":\"https:\\\/\\\/kylkirauta.fi\\\/index.php\\\/author\\\/karisain\\\/\"}]}<\/script>\n<!-- \/ Yoast SEO plugin. -->","yoast_head_json":{"title":"Puolustusministerin ja puolustusvoimain komentajan puheet 232. Maanpuolustuskurssin avajaisissa 20.1.2019 - Kylkirauta","robots":{"index":"index","follow":"follow","max-snippet":"max-snippet:-1","max-image-preview":"max-image-preview:large","max-video-preview":"max-video-preview:-1"},"canonical":"https:\/\/kylkirauta.fi\/index.php\/2020\/01\/22\/puolustuministerin-ja-puolustusvoimain-komentajien-puheet-232-maanpuolustuskurssin-avajaisissa-20-1\/","og_locale":"fi_FI","og_type":"article","og_title":"Puolustusministerin ja puolustusvoimain komentajan puheet 232. Maanpuolustuskurssin avajaisissa 20.1.2019 - Kylkirauta","og_url":"https:\/\/kylkirauta.fi\/index.php\/2020\/01\/22\/puolustuministerin-ja-puolustusvoimain-komentajien-puheet-232-maanpuolustuskurssin-avajaisissa-20-1\/","og_site_name":"Kylkirauta","article_published_time":"2020-01-22T17:16:56+00:00","article_modified_time":"2020-02-02T15:41:43+00:00","og_image":[{"width":843,"height":487,"url":"https:\/\/kylkirauta.fi\/wp-content\/uploads\/2020\/01\/Lippurivi.png","type":"image\/png"}],"author":"Kari Sainio","twitter_card":"summary_large_image","twitter_misc":{"Kirjoittanut":"Kari Sainio","Arvioitu lukuaika":"3 minuuttia"},"schema":{"@context":"https:\/\/schema.org","@graph":[{"@type":"Article","@id":"https:\/\/kylkirauta.fi\/index.php\/2020\/01\/22\/puolustuministerin-ja-puolustusvoimain-komentajien-puheet-232-maanpuolustuskurssin-avajaisissa-20-1\/#article","isPartOf":{"@id":"https:\/\/kylkirauta.fi\/index.php\/2020\/01\/22\/puolustuministerin-ja-puolustusvoimain-komentajien-puheet-232-maanpuolustuskurssin-avajaisissa-20-1\/"},"author":{"name":"Kari Sainio","@id":"https:\/\/kylkirauta.fi\/#\/schema\/person\/714ab39a349c656b20d60a239be1d6f6"},"headline":"Puolustusministerin ja puolustusvoimain komentajan puheet 232. Maanpuolustuskurssin avajaisissa 20.1.2019","datePublished":"2020-01-22T17:16:56+00:00","dateModified":"2020-02-02T15:41:43+00:00","mainEntityOfPage":{"@id":"https:\/\/kylkirauta.fi\/index.php\/2020\/01\/22\/puolustuministerin-ja-puolustusvoimain-komentajien-puheet-232-maanpuolustuskurssin-avajaisissa-20-1\/"},"wordCount":454,"image":{"@id":"https:\/\/kylkirauta.fi\/index.php\/2020\/01\/22\/puolustuministerin-ja-puolustusvoimain-komentajien-puheet-232-maanpuolustuskurssin-avajaisissa-20-1\/#primaryimage"},"thumbnailUrl":"https:\/\/kylkirauta.fi\/wp-content\/uploads\/2020\/01\/Lippurivi.png","articleSection":["Ajankohtaista"],"inLanguage":"fi"},{"@type":"WebPage","@id":"https:\/\/kylkirauta.fi\/index.php\/2020\/01\/22\/puolustuministerin-ja-puolustusvoimain-komentajien-puheet-232-maanpuolustuskurssin-avajaisissa-20-1\/","url":"https:\/\/kylkirauta.fi\/index.php\/2020\/01\/22\/puolustuministerin-ja-puolustusvoimain-komentajien-puheet-232-maanpuolustuskurssin-avajaisissa-20-1\/","name":"Puolustusministerin ja puolustusvoimain komentajan puheet 232. Maanpuolustuskurssin avajaisissa 20.1.2019 - Kylkirauta","isPartOf":{"@id":"https:\/\/kylkirauta.fi\/#website"},"primaryImageOfPage":{"@id":"https:\/\/kylkirauta.fi\/index.php\/2020\/01\/22\/puolustuministerin-ja-puolustusvoimain-komentajien-puheet-232-maanpuolustuskurssin-avajaisissa-20-1\/#primaryimage"},"image":{"@id":"https:\/\/kylkirauta.fi\/index.php\/2020\/01\/22\/puolustuministerin-ja-puolustusvoimain-komentajien-puheet-232-maanpuolustuskurssin-avajaisissa-20-1\/#primaryimage"},"thumbnailUrl":"https:\/\/kylkirauta.fi\/wp-content\/uploads\/2020\/01\/Lippurivi.png","datePublished":"2020-01-22T17:16:56+00:00","dateModified":"2020-02-02T15:41:43+00:00","author":{"@id":"https:\/\/kylkirauta.fi\/#\/schema\/person\/714ab39a349c656b20d60a239be1d6f6"},"breadcrumb":{"@id":"https:\/\/kylkirauta.fi\/index.php\/2020\/01\/22\/puolustuministerin-ja-puolustusvoimain-komentajien-puheet-232-maanpuolustuskurssin-avajaisissa-20-1\/#breadcrumb"},"inLanguage":"fi","potentialAction":[{"@type":"ReadAction","target":["https:\/\/kylkirauta.fi\/index.php\/2020\/01\/22\/puolustuministerin-ja-puolustusvoimain-komentajien-puheet-232-maanpuolustuskurssin-avajaisissa-20-1\/"]}]},{"@type":"ImageObject","inLanguage":"fi","@id":"https:\/\/kylkirauta.fi\/index.php\/2020\/01\/22\/puolustuministerin-ja-puolustusvoimain-komentajien-puheet-232-maanpuolustuskurssin-avajaisissa-20-1\/#primaryimage","url":"https:\/\/kylkirauta.fi\/wp-content\/uploads\/2020\/01\/Lippurivi.png","contentUrl":"https:\/\/kylkirauta.fi\/wp-content\/uploads\/2020\/01\/Lippurivi.png","width":843,"height":487},{"@type":"BreadcrumbList","@id":"https:\/\/kylkirauta.fi\/index.php\/2020\/01\/22\/puolustuministerin-ja-puolustusvoimain-komentajien-puheet-232-maanpuolustuskurssin-avajaisissa-20-1\/#breadcrumb","itemListElement":[{"@type":"ListItem","position":1,"name":"Home","item":"https:\/\/kylkirauta.fi\/index.php\/home\/"},{"@type":"ListItem","position":2,"name":"Puolustusministerin ja puolustusvoimain komentajan puheet 232. Maanpuolustuskurssin avajaisissa 20.1.2019"}]},{"@type":"WebSite","@id":"https:\/\/kylkirauta.fi\/#website","url":"https:\/\/kylkirauta.fi\/","name":"Kylkirauta","description":"Kadettiupseerit yhteiskunnan palveluksessa","potentialAction":[{"@type":"SearchAction","target":{"@type":"EntryPoint","urlTemplate":"https:\/\/kylkirauta.fi\/?s={search_term_string}"},"query-input":{"@type":"PropertyValueSpecification","valueRequired":true,"valueName":"search_term_string"}}],"inLanguage":"fi"},{"@type":"Person","@id":"https:\/\/kylkirauta.fi\/#\/schema\/person\/714ab39a349c656b20d60a239be1d6f6","name":"Kari Sainio","sameAs":["http:\/\/www.kylkirauta.fi"],"url":"https:\/\/kylkirauta.fi\/index.php\/author\/karisain\/"}]}},"_links":{"self":[{"href":"https:\/\/kylkirauta.fi\/index.php\/wp-json\/wp\/v2\/posts\/1116","targetHints":{"allow":["GET"]}}],"collection":[{"href":"https:\/\/kylkirauta.fi\/index.php\/wp-json\/wp\/v2\/posts"}],"about":[{"href":"https:\/\/kylkirauta.fi\/index.php\/wp-json\/wp\/v2\/types\/post"}],"author":[{"embeddable":true,"href":"https:\/\/kylkirauta.fi\/index.php\/wp-json\/wp\/v2\/users\/3"}],"replies":[{"embeddable":true,"href":"https:\/\/kylkirauta.fi\/index.php\/wp-json\/wp\/v2\/comments?post=1116"}],"version-history":[{"count":14,"href":"https:\/\/kylkirauta.fi\/index.php\/wp-json\/wp\/v2\/posts\/1116\/revisions"}],"predecessor-version":[{"id":3038,"href":"https:\/\/kylkirauta.fi\/index.php\/wp-json\/wp\/v2\/posts\/1116\/revisions\/3038"}],"wp:featuredmedia":[{"embeddable":true,"href":"https:\/\/kylkirauta.fi\/index.php\/wp-json\/wp\/v2\/media\/1785"}],"wp:attachment":[{"href":"https:\/\/kylkirauta.fi\/index.php\/wp-json\/wp\/v2\/media?parent=1116"}],"wp:term":[{"taxonomy":"category","embeddable":true,"href":"https:\/\/kylkirauta.fi\/index.php\/wp-json\/wp\/v2\/categories?post=1116"},{"taxonomy":"post_tag","embeddable":true,"href":"https:\/\/kylkirauta.fi\/index.php\/wp-json\/wp\/v2\/tags?post=1116"}],"curies":[{"name":"wp","href":"https:\/\/api.w.org\/{rel}","templated":true}]}}