{"id":1067,"date":"2017-12-03T15:56:39","date_gmt":"2017-12-03T15:56:39","guid":{"rendered":"https:\/\/kylkirauta.fi\/?p=1067"},"modified":"2020-04-12T08:24:33","modified_gmt":"2020-04-12T08:24:33","slug":"suomalaisten-lahja-100-vuotiaalle-maalleen-tarkeinta-on-itsenaisyyden-puolustaminen","status":"publish","type":"post","link":"https:\/\/kylkirauta.fi\/index.php\/2017\/12\/03\/suomalaisten-lahja-100-vuotiaalle-maalleen-tarkeinta-on-itsenaisyyden-puolustaminen\/","title":{"rendered":"Risto Sinkko: Suomalaisten lahja 100-vuotiaalle maalleen: T\u00e4rkeint\u00e4 on itsen\u00e4isyyden puolustaminen"},"content":{"rendered":"<p><div id='full_slider_1'  class='avia-fullwidth-slider main_color avia-shadow   avia-builder-el-0  el_before_av_one_full  avia-builder-el-first   container_wrap sidebar_right'  ><div  class='avia-slideshow av-l9olo-34f89e96fc3de7b9b51c14c99ace17a4 avia-slideshow-featured av_slideshow_full avia-slide-slider av-slideshow-ui av-control-default av-slideshow-manual av-loop-once av-loop-manual-endless av-default-height-applied   avia-slideshow-1' data-slideshow-options=\"{&quot;animation&quot;:&quot;slide&quot;,&quot;autoplay&quot;:false,&quot;loop_autoplay&quot;:&quot;once&quot;,&quot;interval&quot;:5,&quot;loop_manual&quot;:&quot;manual-endless&quot;,&quot;autoplay_stopper&quot;:false,&quot;noNavigation&quot;:false,&quot;bg_slider&quot;:false,&quot;keep_padding&quot;:false,&quot;hoverpause&quot;:false,&quot;show_slide_delay&quot;:0}\"  itemprop=\"image\" itemscope=\"itemscope\" itemtype=\"https:\/\/schema.org\/ImageObject\" ><ul class='avia-slideshow-inner ' style='padding-bottom: 28.666666666667%;'><li  class='avia-slideshow-slide av-l9olo-34f89e96fc3de7b9b51c14c99ace17a4__0  av-single-slide slide-1 slide-odd'><div data-rel='slideshow-1' class='avia-slide-wrap '   ><img decoding=\"async\" fetchpriority=\"high\" class=\"wp-image-54 avia-img-lazy-loading-not-54\"  src=\"https:\/\/kylkirauta.fi\/wp-content\/uploads\/2019\/10\/otsake-kuva_1500x430-1500x430.png\" width=\"1500\" height=\"430\" title='otsake-kuva_1500x430' alt=''  itemprop=\"thumbnailUrl\" srcset=\"https:\/\/kylkirauta.fi\/wp-content\/uploads\/2019\/10\/otsake-kuva_1500x430-1500x430.png 1500w, https:\/\/kylkirauta.fi\/wp-content\/uploads\/2019\/10\/otsake-kuva_1500x430-300x86.png 300w, https:\/\/kylkirauta.fi\/wp-content\/uploads\/2019\/10\/otsake-kuva_1500x430-768x220.png 768w, https:\/\/kylkirauta.fi\/wp-content\/uploads\/2019\/10\/otsake-kuva_1500x430-1030x295.png 1030w, https:\/\/kylkirauta.fi\/wp-content\/uploads\/2019\/10\/otsake-kuva_1500x430-705x202.png 705w, https:\/\/kylkirauta.fi\/wp-content\/uploads\/2019\/10\/otsake-kuva_1500x430.png 1817w\" sizes=\"(max-width: 1500px) 100vw, 1500px\" \/><\/div><\/li><\/ul><\/div><\/div><div id='after_full_slider_1'  class='main_color av_default_container_wrap container_wrap sidebar_right'  ><div class='container av-section-cont-open' ><div class='template-page content  av-content-small alpha units'><div class='post-entry post-entry-type-page post-entry-1067'><div class='entry-content-wrapper clearfix'> \n<style type=\"text\/css\" data-created_by=\"avia_inline_auto\" id=\"style-css-av-km4zs-0614ada41eb3461e6efbb361dfbae970\">\n.flex_column.av-km4zs-0614ada41eb3461e6efbb361dfbae970{\nborder-radius:0px 0px 0px 0px;\npadding:0px 0px 0px 0px;\n}\n<\/style>\n<div  class='flex_column av-km4zs-0614ada41eb3461e6efbb361dfbae970 av_one_full  avia-builder-el-1  el_after_av_slideshow_full  el_before_av_hr  avia-builder-el-first  first flex_column_div av-zero-column-padding  '     ><p> \n<style type=\"text\/css\" data-created_by=\"avia_inline_auto\" id=\"style-css-av-k5phq0px-5f09e28d881e3686d0bb14d86fc11ba7\">\n#top .av-special-heading.av-k5phq0px-5f09e28d881e3686d0bb14d86fc11ba7{\npadding-bottom:10px;\n}\nbody .av-special-heading.av-k5phq0px-5f09e28d881e3686d0bb14d86fc11ba7 .av-special-heading-tag .heading-char{\nfont-size:25px;\n}\n.av-special-heading.av-k5phq0px-5f09e28d881e3686d0bb14d86fc11ba7 .av-subheading{\nfont-size:15px;\n}\n<\/style>\n<div  class='av-special-heading av-k5phq0px-5f09e28d881e3686d0bb14d86fc11ba7 av-special-heading-h3  avia-builder-el-2  el_before_av_hr  avia-builder-el-first '><h3 class='av-special-heading-tag'  itemprop=\"headline\"  >Suomalaisten lahja 100-vuotiaalle maalleen: T\u00e4rkeint\u00e4 on itsen\u00e4isyyden puolustaminen<\/h3><div class=\"special-heading-border\"><div class=\"special-heading-inner-border\"><\/div><\/div><\/div> \n<style type=\"text\/css\" data-created_by=\"avia_inline_auto\" id=\"style-css-av-k5m7b9te-01401dd5e8beb25770de1be03f41ecf3\">\n#top .hr.hr-invisible.av-k5m7b9te-01401dd5e8beb25770de1be03f41ecf3{\nheight:30px;\n}\n<\/style>\n<div  class='hr av-k5m7b9te-01401dd5e8beb25770de1be03f41ecf3 hr-invisible  avia-builder-el-3  el_after_av_heading  el_before_av_textblock '><span class='hr-inner '><span class=\"hr-inner-style\"><\/span><\/span><\/div> <section  class='av_textblock_section av-k8d08-dea0f25c8df625cf22cbdeac32688808 '   itemscope=\"itemscope\" itemtype=\"https:\/\/schema.org\/BlogPosting\" itemprop=\"blogPost\" ><div class='avia_textblock'  itemprop=\"text\" ><div id=\"attachment_459\" style=\"width: 140px\" class=\"wp-caption alignleft\"><img loading=\"lazy\" decoding=\"async\" aria-describedby=\"caption-attachment-459\" class=\"wp-image-459\" src=\"https:\/\/kylkirauta.fi\/wp-content\/uploads\/2019\/10\/Sinkko_uusi-221x300.jpeg\" alt=\"\" width=\"130\" height=\"176\" srcset=\"https:\/\/kylkirauta.fi\/wp-content\/uploads\/2019\/10\/Sinkko_uusi-221x300.jpeg 221w, https:\/\/kylkirauta.fi\/wp-content\/uploads\/2019\/10\/Sinkko_uusi.jpeg 369w\" sizes=\"auto, (max-width: 130px) 100vw, 130px\" \/><p id=\"caption-attachment-459\" class=\"wp-caption-text\">ST Risto Sinkko<\/p><\/div>\n<p><strong>Maanpuolustustiedotuksen suunnittelukunnan (MTS)\u00a0t\u00e4m\u00e4n vuotinen kansalaisille kohdistettu mielipidekysely kertoo my\u00f6nteisi\u00e4 asioita maanpuolustuksesta. Tutkimuksen vastanneista 83 prosenttia m\u00e4\u00e4ritteli\u00a0t\u00e4rkeimm\u00e4ksi aseellisen puolustamisen kohteeksi maan itsen\u00e4isyyden. Prosenttiosuus on t\u00e4sm\u00e4lleen sama kuin kymmenen vuotta sitten toteutetussa vastaavassa tutkimuksessa.<\/strong> Kansalaisten mielest\u00e4 huolestumista aiheuttavat eniten\u00a0<strong>maailman pakolaistilanne<\/strong>\u00a0(83 %) ja\u00a0<strong>kansainv\u00e4linen terrorismi<\/strong>\u00a0(81 %). Huomattakoon, ett\u00e4 Taloustutkimus Oy on tehnyt tutkimuksen henkil\u00f6kohtaiset haastattelut Turussa tapahtuneen terrorismina tutkitun puukottamisen j\u00e4lkeen. Tulosta ei voi tulkita siten, ett\u00e4 pakolaistilanne suorastaan olisi maan itsen\u00e4isyydelle ja olemassaololle uhka, mutta jotain t\u00e4m\u00e4n suuntaista mielipideilmastossa saattaa v\u00e4reill\u00e4. Kansalaisten mielest\u00e4\u00a0<strong>ulkopolitiikan hoito<\/strong>\u00a0paranee jo toista vuotta per\u00e4kk\u00e4in. Nyt 73 prosenttia tutkimuksen vastaajista sanoo, ett\u00e4 ulkopolitiikkaa on viime vuosina hoidettu hyvin. Perusteluja tarkentavien kysymysten mukaan positiiviset kommentit kohdistuvat\u00a0<strong>Tasavallan presidentti Sauli Niinist\u00f6\u00f6n<\/strong>. Perusteluina mainittiin usein hyvien suhteiden hoitaminen Ven\u00e4j\u00e4\u00e4n. Hyvin on kansalaisten mukaan hoidettu suhteita my\u00f6s naapurimaihin ja muihin maihin, mutta suhteita Yhdysvaltoihin ei mainittu samaan tapaan kuin Ven\u00e4j\u00e4\u00e4n.\u00a0Tutkimuksen vastaajista 37 prosenttia katsoo kuitenkin, ett\u00e4 Ven\u00e4j\u00e4 vaikuttaa turvallisuuteemme kielteisesti. Toki arviointi on lientynyt viime vuodesta, silloin vastaava osuus oli 50 prosenttia. Yhdysvaltojen vaikutuksen n\u00e4kee kielteisen\u00e4 22 prosenttia tutkimuksen vastaajista. Tutkimuksen julkistamistilaisuudessa keskusteltiin siit\u00e4, voisiko kielteisyys olla Yhdysvaltojen\u00a0<strong>presidentti Trumpista<\/strong>\u00a0johtuvaa. Kielteisyys on kyll\u00e4 kasvanut kolme prosenttiyksikk\u00f6\u00e4 viime vuodesta, mutta kielteistyminen on kasvanut jo vuosina ennen Trumpin aikaa. Vuonna 2009 Yhdysvaltojen vaikutusta kielteisen\u00e4 pit\u00e4neit\u00e4 oli 11 prosenttia vastanneista. Turvallisuuden mielipideilmastossa suhtautuminen Yhdysvaltoihin ja\u00a0<strong>Natoon<\/strong>\u00a0vaihtelee maailmanpolitiikan tilanteiden mukaan ja olennaista on 2000-luvulla ollut\u00a0<strong>Ven\u00e4j\u00e4n toiminta<\/strong>. Korkeimmillaan Naton kannatus meill\u00e4 on ollut Georgian sodan j\u00e4lkeen vuonna 2008 ja Ukrainan tapahtumien j\u00e4lkeen vuonna 2014. Samaan vaikutusketjuun liittyy my\u00f6s Yhdysvaltojen toiminnan pit\u00e4minen Suomen turvallisuutta heikent\u00e4v\u00e4n\u00e4 tekij\u00e4n\u00e4. Vuonna 2008 n\u00e4in ajatteli 22 prosenttia vastaajista ja 32 prosenttia piti Naton vaikutusta turvallisuuttamme heikent\u00e4v\u00e4n\u00e4. Kansainv\u00e4listen suhteiden kiristyess\u00e4 kansalaiset saattavat ajatella asiaa kahdenkeskisen vastakkainasettelun mallin kautta tai ainakin jonkinlaisena vahingollisena sapelinkalisteluna. Ven\u00e4j\u00e4\u00e4 vastustettaessa on vaarana, ett\u00e4 Yhydsvallat tai Nato ryhtyv\u00e4t toimiin, jotka ovat haitallisia Suomenkin kannalta. Natoon liittymist\u00e4 kannattaa nyt 22 prosentti tutkimuksen vastaajista, vastustajia on 62 prosenttia. Vaikka Ven\u00e4j\u00e4n katsotaan edelleen vaikuttavan turvallisuuteemme kielteisesti, ei taustalla n\u00e4ytt\u00e4isi olevan niink\u00e4\u00e4n tilanne Ukrainassa. Ukrainan tilanteesta \u201dpaljon\u201d huolestuneita oli nyt 8 prosenttia, vuonna 2014 28 prosenttia. Ukrainan kriisi on tunnetusti j\u00e4\u00e4tynyt, my\u00f6s median uutisoinnissa, eik\u00e4 n\u00e4y samalla tavalla en\u00e4\u00e4 ihmisten mielipiteiss\u00e4. N\u00e4iss\u00e4 tutkimuksissa on vuosien mittaan ajateltu, ett\u00e4\u00a0<strong>kansalaisten halu korottaa puolustusvoimien m\u00e4\u00e4r\u00e4rahoja<\/strong>\u00a0mittaisi omalla tavallaan maanpuolustustahtoa. Omissa tutkimuksissani ole havainnut, ett\u00e4 n\u00e4in ei kuitenkaan ole \u201dsyv\u00e4n rauhantilan\u201d vallitessa, vaan korotushalu korreloi bruttokansantuotteen volyymin muutoksen kanssa. Kansantuotteen kasvaessa n\u00e4ytet\u00e4\u00e4n ajattelevan, ett\u00e4 rahaa riitt\u00e4\u00e4 puolustusvoimillekin. Vuoden 2013 j\u00e4lkeen tilanne on kuitenkin olennaisesti muuttunut. Vuonna 2014 korottamista puoltavien osuus oli 56 prosenttia ja sen j\u00e4lkeen osuus on ollut pysyv\u00e4sti 47 prosenttia. Kansalaisten ajattelussa n\u00e4ytt\u00e4\u00e4 tapahtuneen pysyv\u00e4 muutos siihen suuntaan, ett\u00e4 puolustusvoimat todella tarvitsee m\u00e4\u00e4r\u00e4rahansa ja my\u00f6s rahaa lis\u00e4\u00e4. Yht\u00e4 suuri korotusta toivovien osuus on viimeksi ollut 1970-luvun alkupuolella, jolloin tilanne ja tausta olivat aivan toiset. Sama trendi n\u00e4kyy my\u00f6s siin\u00e4, ett\u00e4 nykyisen\u00a0<strong>asevelvollisuusj\u00e4rjestelm\u00e4mme kannatus<\/strong>\u00a0on suurempi kuin koskaan aikaisemmin (81 %). Kasvu on ollut tasaista koko kuluvan vuosikymmenen ajan. Taustaksi on helppo n\u00e4hd\u00e4 kansalaisten arvio entist\u00e4 turvattomammasta tulevaisuudesta. Maanpuolustustahto on samalla tasolla kuin viime vuonna. Maamme aseellisen puolustamisen kannalla on 72 prosenttia vastaajista. Vastaajista 51 prosenttia n\u00e4kee\u00a0<strong>kansainv\u00e4lisen sotilaallisen kriisinhallintatoimintaan<\/strong>\u00a0osallistumisen kasvavasti turvallisuuteen vaikuttavana tekij\u00e4n\u00e4. Vuonna 2012 osuus oli vain 16 prosenttia. Tutkimuksesta ei voida p\u00e4\u00e4tell\u00e4, mik\u00e4 t\u00e4m\u00e4n muutoksen taustalla on, eih\u00e4n osallistumisemme kriisinhallintateht\u00e4viin ole kasvanut vastaavassa suhteessa, vaan ty\u00f6t\u00e4 on tehty suhteellisen tasaisesti korostamatta sit\u00e4 erityisesti julkisuudessakaan. Tulos kuvaa kansalaisten positiivista suhtautumista. Varsinainen kansansuosikki tuloksen mukaan on\u00a0<strong>sotilaallinen yhteisty\u00f6 Ruotsin kanssa<\/strong>. Vastaajista per\u00e4ti 94 prosenttia suhtautuu siihen my\u00f6nteisesti, ja yhteisty\u00f6 kaikkien Pohjoismaiden kanssa saa yht\u00e4 laajan kannatuksen. Asia on ollut julkisuudessa esill\u00e4 monin tavoin ja my\u00f6s johtavien poliitikkojen puheissa. Kansalaisilla on vankka n\u00e4kemys my\u00f6s Euroopan unionin yhteisen sotilaallisen puolustuksen j\u00e4rjest\u00e4misest\u00e4. Vastaajista 70 prosenttia pit\u00e4\u00e4 sit\u00e4 turvallisuuttamme lis\u00e4\u00e4v\u00e4n\u00e4 tekij\u00e4n\u00e4. Viime vuosien kehitys mielipideilmastossamme kuvaa uutta normaalia, johon kuuluu kasvanut maailmantilan turvattomuuden tunne, maanpuolustusasioiden nouseminen aikaisempaa enemm\u00e4n kansalaisten mielenkiinnon kohteeksi ja my\u00f6s halukkuus panostaa maanpuolustukseen monin eri tavoin. Tulevaisuus on avoin, ja tulevista muutoksista emme tied\u00e4. Joidenkin asiantuntijoiden mukaan seuraava suuri muutos saattaa olla vallanvaihdos Ven\u00e4j\u00e4ll\u00e4. Todenn\u00e4k\u00f6isen\u00e4 pidet\u00e4\u00e4n, ett\u00e4 se ei tapahdu demokraattisin keinoin samaan tapaan kuin l\u00e4nsimaissa on totuttu. MTS:n mielipidetutkimusten hyv\u00e4\u00e4 tarkoittavaa periaatetta ei ole syyt\u00e4 ep\u00e4ill\u00e4, mutta asiaa voi tarkastella my\u00f6s siit\u00e4 n\u00e4k\u00f6kulmasta, mit\u00e4 tutkimuksessa ei ole kysytty. Viimeksi vuoden 2015 tutkimuksessa kysyttiin &#8221;Jos Suomi joutuu tavanomaisin asein k\u00e4yt\u00e4v\u00e4\u00e4n sotaan, niin millaiset mahdollisuudet katsoisitte Suomella olevan puolustautua?&#8221;. Tuolloin 64 prosenttia vastasi, ett\u00e4 mahdollisuudet ovat huonot tai eritt\u00e4in huonot. Aivan samaa tasoa oli vastaus my\u00f6s edellisen\u00e4 vuonna. Koska asiaa ei ole mitattu, on oletettavissa, ett\u00e4 kansalaisten k\u00e4sitys puolustuskyvyst\u00e4 ei juuri ole muuttunut. Toistakymment\u00e4 vuotta sitten kysyttiin my\u00f6s, pyrkisik\u00f6 tutkimuksen vastaaja sodan uhatessa poistumaan maasta. Noin nelj\u00e4nnes vastaajista kertoi n\u00e4in tekev\u00e4ns\u00e4. T\u00e4t\u00e4 spontaania evakuoitumista kuvaavaa kysymys ei sittemmin ole toistettu. MTS:n mielipidetutkimukseen\u00a0<strong><em>&#8221;Suomalaisten mielipiteit\u00e4 ulko- ja turvallisuuspolitiikasta maanpuolustuksesta ja turvallisuudesta, 2017&#8221;<\/em><\/strong>\u00a0voi perehty\u00e4 kokonaisuudessaan\u00a0<strong><a href=\"http:\/\/kylkirauta.fi\/images\/Suomalaisten_mielipiteita_ulko-_ja_turvallisuuspolitiikasta_maanpuolustuksesta_ja_turvallisuudesta_marraskuu_2017.pdf\" target=\"_blank\" rel=\"noopener noreferrer\">t\u00e4st\u00e4 linkist\u00e4<\/a><\/strong>. <\/p>\n<\/div><\/section> <\/p><\/div><div  class='hr av-6zsyz-b471ba5482e75b0a604afa4166a853a5 hr-default  avia-builder-el-5  el_after_av_one_full  el_before_av_blog '><span class='hr-inner '><span class=\"hr-inner-style\"><\/span><\/span><\/div> <div  class='av-alb-blogposts template-blog  '  itemscope=\"itemscope\" itemtype=\"https:\/\/schema.org\/Blog\" ><article class=\"post-entry post-entry-type-standard post-entry-8921 post-loop-1 post-parity-odd bloglist-simple with-slider post-8921 post type-post status-publish format-standard has-post-thumbnail hentry category-artikkeli category-artikkeli-2026\"  itemscope=\"itemscope\" itemtype=\"https:\/\/schema.org\/BlogPosting\" ><div class=\"blog-meta\"><\/div><div class='entry-content-wrapper clearfix standard-content'><header class=\"entry-content-header\"><h2 class='post-title entry-title '  itemprop=\"headline\" ><a href=\"https:\/\/kylkirauta.fi\/index.php\/2026\/04\/20\/kaaderilaulajien-julkaisutoiminta\/\" rel=\"bookmark\" title=\"Permanent Link: Kaaderilaulajien julkaisutoiminta\">Kaaderilaulajien julkaisutoiminta<span class=\"post-format-icon minor-meta\"><\/span><\/a><\/h2><span class=\"post-meta-infos\"><time class=\"date-container minor-meta updated\"  itemprop=\"datePublished\" datetime=\"2026-04-20T15:45:24+03:00\" >20.4.2026<\/time><span class=\"text-sep\">\/<\/span><span class=\"blog-categories minor-meta\">in <a href=\"https:\/\/kylkirauta.fi\/index.php\/category\/artikkeli\/\" rel=\"tag\">Artikkeli<\/a>, <a href=\"https:\/\/kylkirauta.fi\/index.php\/category\/artikkeli-2026\/\" rel=\"tag\">Artikkeli 2026<\/a><\/span><span class=\"text-sep\">\/<\/span><span class=\"blog-author minor-meta\">by <span class=\"entry-author-link\"  itemprop=\"author\" ><span class=\"author\"><span class=\"fn\"><a href=\"https:\/\/kylkirauta.fi\/index.php\/author\/karisain\/\" title=\"Kirjoittanut: Kari Sainio\" rel=\"author\">Kari Sainio<\/a><\/span><\/span><\/span><\/span><div class=\"read-more-link\"><a href=\"https:\/\/kylkirauta.fi\/index.php\/2026\/04\/20\/kaaderilaulajien-julkaisutoiminta\/\" class=\"more-link\">Read more<span class=\"more-link-arrow\"><\/span><\/a><\/div><\/span><\/header><footer class=\"entry-footer\"><\/footer><div class='post_delimiter'><\/div><\/div><div class=\"post_author_timeline\"><\/div><span class='hidden'>\n\t\t\t\t<span class='av-structured-data'  itemprop=\"image\" itemscope=\"itemscope\" itemtype=\"https:\/\/schema.org\/ImageObject\" >\n\t\t\t\t\t\t<span itemprop='url'>https:\/\/kylkirauta.fi\/wp-content\/uploads\/2026\/04\/Artikkeli-4-2026-2.jpg<\/span>\n\t\t\t\t\t\t<span itemprop='height'>487<\/span>\n\t\t\t\t\t\t<span itemprop='width'>843<\/span>\n\t\t\t\t<\/span>\n\t\t\t\t<span class='av-structured-data'  itemprop=\"publisher\" itemtype=\"https:\/\/schema.org\/Organization\" itemscope=\"itemscope\" >\n\t\t\t\t\t\t<span itemprop='name'>Kari Sainio<\/span>\n\t\t\t\t\t\t<span itemprop='logo' itemscope itemtype='https:\/\/schema.org\/ImageObject'>\n\t\t\t\t\t\t\t<span itemprop='url'>https:\/\/kylkirauta.fi\/wp-content\/uploads\/2020\/02\/kkunta_weblogo-100x100-1.png<\/span>\n\t\t\t\t\t\t<\/span>\n\t\t\t\t<\/span><span class='av-structured-data'  itemprop=\"author\" itemscope=\"itemscope\" itemtype=\"https:\/\/schema.org\/Person\" ><span itemprop='name'>Kari Sainio<\/span><\/span><span class='av-structured-data'  itemprop=\"datePublished\" datetime=\"2026-04-20T15:45:24+03:00\" >2026-04-20 15:45:24<\/span><span class='av-structured-data'  itemprop=\"dateModified\" itemtype=\"https:\/\/schema.org\/dateModified\" >2026-04-20 15:45:24<\/span><span class='av-structured-data'  itemprop=\"mainEntityOfPage\" itemtype=\"https:\/\/schema.org\/mainEntityOfPage\" ><span itemprop='name'>Kaaderilaulajien julkaisutoiminta<\/span><\/span><\/span><\/article><article class=\"post-entry post-entry-type-standard post-entry-8884 post-loop-2 post-parity-even bloglist-simple with-slider post-8884 post type-post status-publish format-standard has-post-thumbnail hentry category-artikkeli category-artikkeli-2026\"  itemscope=\"itemscope\" itemtype=\"https:\/\/schema.org\/BlogPosting\" ><div class=\"blog-meta\"><\/div><div class='entry-content-wrapper clearfix standard-content'><header class=\"entry-content-header\"><h2 class='post-title entry-title '  itemprop=\"headline\" ><a href=\"https:\/\/kylkirauta.fi\/index.php\/2026\/03\/27\/kaaderilaulajien-ukraina-tukikonsertit\/\" rel=\"bookmark\" title=\"Permanent Link: Kaaderilaulajien Ukraina-tukikonsertit\">Kaaderilaulajien Ukraina-tukikonsertit<span class=\"post-format-icon minor-meta\"><\/span><\/a><\/h2><span class=\"post-meta-infos\"><time class=\"date-container minor-meta updated\"  itemprop=\"datePublished\" datetime=\"2026-03-27T12:30:38+02:00\" >27.3.2026<\/time><span class=\"text-sep\">\/<\/span><span class=\"blog-categories minor-meta\">in <a href=\"https:\/\/kylkirauta.fi\/index.php\/category\/artikkeli\/\" rel=\"tag\">Artikkeli<\/a>, <a href=\"https:\/\/kylkirauta.fi\/index.php\/category\/artikkeli-2026\/\" rel=\"tag\">Artikkeli 2026<\/a><\/span><span class=\"text-sep\">\/<\/span><span class=\"blog-author minor-meta\">by <span class=\"entry-author-link\"  itemprop=\"author\" ><span class=\"author\"><span class=\"fn\"><a href=\"https:\/\/kylkirauta.fi\/index.php\/author\/karisain\/\" title=\"Kirjoittanut: Kari Sainio\" rel=\"author\">Kari Sainio<\/a><\/span><\/span><\/span><\/span><div class=\"read-more-link\"><a href=\"https:\/\/kylkirauta.fi\/index.php\/2026\/03\/27\/kaaderilaulajien-ukraina-tukikonsertit\/\" class=\"more-link\">Read more<span class=\"more-link-arrow\"><\/span><\/a><\/div><\/span><\/header><footer class=\"entry-footer\"><\/footer><div class='post_delimiter'><\/div><\/div><div class=\"post_author_timeline\"><\/div><span class='hidden'>\n\t\t\t\t<span class='av-structured-data'  itemprop=\"image\" itemscope=\"itemscope\" itemtype=\"https:\/\/schema.org\/ImageObject\" >\n\t\t\t\t\t\t<span itemprop='url'>https:\/\/kylkirauta.fi\/wp-content\/uploads\/2026\/03\/3-2026-artikkeli.jpg<\/span>\n\t\t\t\t\t\t<span itemprop='height'>487<\/span>\n\t\t\t\t\t\t<span itemprop='width'>843<\/span>\n\t\t\t\t<\/span>\n\t\t\t\t<span class='av-structured-data'  itemprop=\"publisher\" itemtype=\"https:\/\/schema.org\/Organization\" itemscope=\"itemscope\" >\n\t\t\t\t\t\t<span itemprop='name'>Kari Sainio<\/span>\n\t\t\t\t\t\t<span itemprop='logo' itemscope itemtype='https:\/\/schema.org\/ImageObject'>\n\t\t\t\t\t\t\t<span itemprop='url'>https:\/\/kylkirauta.fi\/wp-content\/uploads\/2020\/02\/kkunta_weblogo-100x100-1.png<\/span>\n\t\t\t\t\t\t<\/span>\n\t\t\t\t<\/span><span class='av-structured-data'  itemprop=\"author\" itemscope=\"itemscope\" itemtype=\"https:\/\/schema.org\/Person\" ><span itemprop='name'>Kari Sainio<\/span><\/span><span class='av-structured-data'  itemprop=\"datePublished\" datetime=\"2026-03-27T12:30:38+02:00\" >2026-03-27 12:30:38<\/span><span class='av-structured-data'  itemprop=\"dateModified\" itemtype=\"https:\/\/schema.org\/dateModified\" >2026-03-27 12:30:38<\/span><span class='av-structured-data'  itemprop=\"mainEntityOfPage\" itemtype=\"https:\/\/schema.org\/mainEntityOfPage\" ><span itemprop='name'>Kaaderilaulajien Ukraina-tukikonsertit<\/span><\/span><\/span><\/article><article class=\"post-entry post-entry-type-standard post-entry-8786 post-loop-3 post-parity-odd post-entry-last bloglist-simple with-slider post-8786 post type-post status-publish format-standard has-post-thumbnail hentry category-artikkeli category-artikkeli-2026\"  itemscope=\"itemscope\" itemtype=\"https:\/\/schema.org\/BlogPosting\" ><div class=\"blog-meta\"><\/div><div class='entry-content-wrapper clearfix standard-content'><header class=\"entry-content-header\"><h2 class='post-title entry-title '  itemprop=\"headline\" ><a href=\"https:\/\/kylkirauta.fi\/index.php\/2026\/02\/23\/risto-sinkko-eu-kansalaisten-nakemyksia-turvallisuudesta-ja-puolustuksesta\/\" rel=\"bookmark\" title=\"Permanent Link: Risto Sinkko: EU-kansalaisten n\u00e4kemyksi\u00e4 turvallisuudesta ja puolustuksesta\">Risto Sinkko: EU-kansalaisten n\u00e4kemyksi\u00e4 turvallisuudesta ja puolustuksesta<span class=\"post-format-icon minor-meta\"><\/span><\/a><\/h2><span class=\"post-meta-infos\"><time class=\"date-container minor-meta updated\"  itemprop=\"datePublished\" datetime=\"2026-02-23T17:08:33+02:00\" >23.2.2026<\/time><span class=\"text-sep\">\/<\/span><span class=\"blog-categories minor-meta\">in <a href=\"https:\/\/kylkirauta.fi\/index.php\/category\/artikkeli\/\" rel=\"tag\">Artikkeli<\/a>, <a href=\"https:\/\/kylkirauta.fi\/index.php\/category\/artikkeli-2026\/\" rel=\"tag\">Artikkeli 2026<\/a><\/span><span class=\"text-sep\">\/<\/span><span class=\"blog-author minor-meta\">by <span class=\"entry-author-link\"  itemprop=\"author\" ><span class=\"author\"><span class=\"fn\"><a href=\"https:\/\/kylkirauta.fi\/index.php\/author\/karisain\/\" title=\"Kirjoittanut: Kari Sainio\" rel=\"author\">Kari Sainio<\/a><\/span><\/span><\/span><\/span><div class=\"read-more-link\"><a href=\"https:\/\/kylkirauta.fi\/index.php\/2026\/02\/23\/risto-sinkko-eu-kansalaisten-nakemyksia-turvallisuudesta-ja-puolustuksesta\/\" class=\"more-link\">Read more<span class=\"more-link-arrow\"><\/span><\/a><\/div><\/span><\/header><footer class=\"entry-footer\"><\/footer><div class='post_delimiter'><\/div><\/div><div class=\"post_author_timeline\"><\/div><span class='hidden'>\n\t\t\t\t<span class='av-structured-data'  itemprop=\"image\" itemscope=\"itemscope\" itemtype=\"https:\/\/schema.org\/ImageObject\" >\n\t\t\t\t\t\t<span itemprop='url'>https:\/\/kylkirauta.fi\/wp-content\/uploads\/2026\/02\/Artikkeli-MSC-artikkeli.jpg<\/span>\n\t\t\t\t\t\t<span itemprop='height'>487<\/span>\n\t\t\t\t\t\t<span itemprop='width'>843<\/span>\n\t\t\t\t<\/span>\n\t\t\t\t<span class='av-structured-data'  itemprop=\"publisher\" itemtype=\"https:\/\/schema.org\/Organization\" itemscope=\"itemscope\" >\n\t\t\t\t\t\t<span itemprop='name'>Kari Sainio<\/span>\n\t\t\t\t\t\t<span itemprop='logo' itemscope itemtype='https:\/\/schema.org\/ImageObject'>\n\t\t\t\t\t\t\t<span itemprop='url'>https:\/\/kylkirauta.fi\/wp-content\/uploads\/2020\/02\/kkunta_weblogo-100x100-1.png<\/span>\n\t\t\t\t\t\t<\/span>\n\t\t\t\t<\/span><span class='av-structured-data'  itemprop=\"author\" itemscope=\"itemscope\" itemtype=\"https:\/\/schema.org\/Person\" ><span itemprop='name'>Kari Sainio<\/span><\/span><span class='av-structured-data'  itemprop=\"datePublished\" datetime=\"2026-02-23T17:08:33+02:00\" >2026-02-23 17:08:33<\/span><span class='av-structured-data'  itemprop=\"dateModified\" itemtype=\"https:\/\/schema.org\/dateModified\" >2026-02-23 17:29:54<\/span><span class='av-structured-data'  itemprop=\"mainEntityOfPage\" itemtype=\"https:\/\/schema.org\/mainEntityOfPage\" ><span itemprop='name'>Risto Sinkko: EU-kansalaisten n\u00e4kemyksi\u00e4 turvallisuudesta ja puolustuksesta<\/span><\/span><\/span><\/article><div class='bloglist-simple'><nav class='pagination'><span class='pagination-meta'>Page 1 of 58<\/span><span class='current'>1<\/span><a href='https:\/\/kylkirauta.fi\/index.php\/wp-json\/wp\/v2\/posts\/1067\/page\/2\/' class='inactive next_page' >2<\/a><a href='https:\/\/kylkirauta.fi\/index.php\/wp-json\/wp\/v2\/posts\/1067\/page\/3\/' class='inactive' >3<\/a><a href='https:\/\/kylkirauta.fi\/index.php\/wp-json\/wp\/v2\/posts\/1067\/page\/2\/'>&rsaquo;<\/a><a href='https:\/\/kylkirauta.fi\/index.php\/wp-json\/wp\/v2\/posts\/1067\/page\/58\/'>&raquo;<\/a><\/nav>\n<\/div><\/div><\/p>\n","protected":false},"excerpt":{"rendered":"","protected":false},"author":3,"featured_media":0,"comment_status":"closed","ping_status":"closed","sticky":false,"template":"","format":"standard","meta":{"footnotes":""},"categories":[4,29],"tags":[],"class_list":["post-1067","post","type-post","status-publish","format-standard","hentry","category-artikkeli","category-artikkeli-2017"],"yoast_head":"<!-- This site is optimized with the Yoast SEO plugin v27.4 - https:\/\/yoast.com\/product\/yoast-seo-wordpress\/ -->\n<title>Risto Sinkko: Suomalaisten lahja 100-vuotiaalle maalleen: T\u00e4rkeint\u00e4 on itsen\u00e4isyyden puolustaminen - Kylkirauta<\/title>\n<meta name=\"robots\" content=\"index, follow, max-snippet:-1, max-image-preview:large, max-video-preview:-1\" \/>\n<link rel=\"canonical\" href=\"https:\/\/kylkirauta.fi\/index.php\/2017\/12\/03\/suomalaisten-lahja-100-vuotiaalle-maalleen-tarkeinta-on-itsenaisyyden-puolustaminen\/\" \/>\n<meta property=\"og:locale\" content=\"fi_FI\" \/>\n<meta property=\"og:type\" content=\"article\" \/>\n<meta property=\"og:title\" content=\"Risto Sinkko: Suomalaisten lahja 100-vuotiaalle maalleen: T\u00e4rkeint\u00e4 on itsen\u00e4isyyden puolustaminen - Kylkirauta\" \/>\n<meta property=\"og:url\" content=\"https:\/\/kylkirauta.fi\/index.php\/2017\/12\/03\/suomalaisten-lahja-100-vuotiaalle-maalleen-tarkeinta-on-itsenaisyyden-puolustaminen\/\" \/>\n<meta property=\"og:site_name\" content=\"Kylkirauta\" \/>\n<meta property=\"article:published_time\" content=\"2017-12-03T15:56:39+00:00\" \/>\n<meta property=\"article:modified_time\" content=\"2020-04-12T08:24:33+00:00\" \/>\n<meta property=\"og:image\" content=\"https:\/\/kylkirauta.fi\/wp-content\/uploads\/2019\/10\/Sinkko_uusi-221x300.jpeg\" \/>\n<meta name=\"author\" content=\"Kari Sainio\" \/>\n<meta name=\"twitter:card\" content=\"summary_large_image\" \/>\n<meta name=\"twitter:label1\" content=\"Kirjoittanut\" \/>\n\t<meta name=\"twitter:data1\" content=\"Kari Sainio\" \/>\n\t<meta name=\"twitter:label2\" content=\"Arvioitu lukuaika\" \/>\n\t<meta name=\"twitter:data2\" content=\"7 minuuttia\" \/>\n<script type=\"application\/ld+json\" class=\"yoast-schema-graph\">{\"@context\":\"https:\\\/\\\/schema.org\",\"@graph\":[{\"@type\":\"Article\",\"@id\":\"https:\\\/\\\/kylkirauta.fi\\\/index.php\\\/2017\\\/12\\\/03\\\/suomalaisten-lahja-100-vuotiaalle-maalleen-tarkeinta-on-itsenaisyyden-puolustaminen\\\/#article\",\"isPartOf\":{\"@id\":\"https:\\\/\\\/kylkirauta.fi\\\/index.php\\\/2017\\\/12\\\/03\\\/suomalaisten-lahja-100-vuotiaalle-maalleen-tarkeinta-on-itsenaisyyden-puolustaminen\\\/\"},\"author\":{\"name\":\"Kari Sainio\",\"@id\":\"https:\\\/\\\/kylkirauta.fi\\\/#\\\/schema\\\/person\\\/714ab39a349c656b20d60a239be1d6f6\"},\"headline\":\"Risto Sinkko: Suomalaisten lahja 100-vuotiaalle maalleen: T\u00e4rkeint\u00e4 on itsen\u00e4isyyden puolustaminen\",\"datePublished\":\"2017-12-03T15:56:39+00:00\",\"dateModified\":\"2020-04-12T08:24:33+00:00\",\"mainEntityOfPage\":{\"@id\":\"https:\\\/\\\/kylkirauta.fi\\\/index.php\\\/2017\\\/12\\\/03\\\/suomalaisten-lahja-100-vuotiaalle-maalleen-tarkeinta-on-itsenaisyyden-puolustaminen\\\/\"},\"wordCount\":1322,\"image\":{\"@id\":\"https:\\\/\\\/kylkirauta.fi\\\/index.php\\\/2017\\\/12\\\/03\\\/suomalaisten-lahja-100-vuotiaalle-maalleen-tarkeinta-on-itsenaisyyden-puolustaminen\\\/#primaryimage\"},\"thumbnailUrl\":\"https:\\\/\\\/kylkirauta.fi\\\/wp-content\\\/uploads\\\/2019\\\/10\\\/Sinkko_uusi-221x300.jpeg\",\"articleSection\":[\"Artikkeli\",\"Artikkeli 2017\"],\"inLanguage\":\"fi\"},{\"@type\":\"WebPage\",\"@id\":\"https:\\\/\\\/kylkirauta.fi\\\/index.php\\\/2017\\\/12\\\/03\\\/suomalaisten-lahja-100-vuotiaalle-maalleen-tarkeinta-on-itsenaisyyden-puolustaminen\\\/\",\"url\":\"https:\\\/\\\/kylkirauta.fi\\\/index.php\\\/2017\\\/12\\\/03\\\/suomalaisten-lahja-100-vuotiaalle-maalleen-tarkeinta-on-itsenaisyyden-puolustaminen\\\/\",\"name\":\"Risto Sinkko: Suomalaisten lahja 100-vuotiaalle maalleen: T\u00e4rkeint\u00e4 on itsen\u00e4isyyden puolustaminen - Kylkirauta\",\"isPartOf\":{\"@id\":\"https:\\\/\\\/kylkirauta.fi\\\/#website\"},\"primaryImageOfPage\":{\"@id\":\"https:\\\/\\\/kylkirauta.fi\\\/index.php\\\/2017\\\/12\\\/03\\\/suomalaisten-lahja-100-vuotiaalle-maalleen-tarkeinta-on-itsenaisyyden-puolustaminen\\\/#primaryimage\"},\"image\":{\"@id\":\"https:\\\/\\\/kylkirauta.fi\\\/index.php\\\/2017\\\/12\\\/03\\\/suomalaisten-lahja-100-vuotiaalle-maalleen-tarkeinta-on-itsenaisyyden-puolustaminen\\\/#primaryimage\"},\"thumbnailUrl\":\"https:\\\/\\\/kylkirauta.fi\\\/wp-content\\\/uploads\\\/2019\\\/10\\\/Sinkko_uusi-221x300.jpeg\",\"datePublished\":\"2017-12-03T15:56:39+00:00\",\"dateModified\":\"2020-04-12T08:24:33+00:00\",\"author\":{\"@id\":\"https:\\\/\\\/kylkirauta.fi\\\/#\\\/schema\\\/person\\\/714ab39a349c656b20d60a239be1d6f6\"},\"breadcrumb\":{\"@id\":\"https:\\\/\\\/kylkirauta.fi\\\/index.php\\\/2017\\\/12\\\/03\\\/suomalaisten-lahja-100-vuotiaalle-maalleen-tarkeinta-on-itsenaisyyden-puolustaminen\\\/#breadcrumb\"},\"inLanguage\":\"fi\",\"potentialAction\":[{\"@type\":\"ReadAction\",\"target\":[\"https:\\\/\\\/kylkirauta.fi\\\/index.php\\\/2017\\\/12\\\/03\\\/suomalaisten-lahja-100-vuotiaalle-maalleen-tarkeinta-on-itsenaisyyden-puolustaminen\\\/\"]}]},{\"@type\":\"ImageObject\",\"inLanguage\":\"fi\",\"@id\":\"https:\\\/\\\/kylkirauta.fi\\\/index.php\\\/2017\\\/12\\\/03\\\/suomalaisten-lahja-100-vuotiaalle-maalleen-tarkeinta-on-itsenaisyyden-puolustaminen\\\/#primaryimage\",\"url\":\"https:\\\/\\\/kylkirauta.fi\\\/wp-content\\\/uploads\\\/2019\\\/10\\\/Sinkko_uusi.jpeg\",\"contentUrl\":\"https:\\\/\\\/kylkirauta.fi\\\/wp-content\\\/uploads\\\/2019\\\/10\\\/Sinkko_uusi.jpeg\",\"width\":369,\"height\":500,\"caption\":\"ST Risto Sinkko\"},{\"@type\":\"BreadcrumbList\",\"@id\":\"https:\\\/\\\/kylkirauta.fi\\\/index.php\\\/2017\\\/12\\\/03\\\/suomalaisten-lahja-100-vuotiaalle-maalleen-tarkeinta-on-itsenaisyyden-puolustaminen\\\/#breadcrumb\",\"itemListElement\":[{\"@type\":\"ListItem\",\"position\":1,\"name\":\"Home\",\"item\":\"https:\\\/\\\/kylkirauta.fi\\\/index.php\\\/home\\\/\"},{\"@type\":\"ListItem\",\"position\":2,\"name\":\"Risto Sinkko: Suomalaisten lahja 100-vuotiaalle maalleen: T\u00e4rkeint\u00e4 on itsen\u00e4isyyden puolustaminen\"}]},{\"@type\":\"WebSite\",\"@id\":\"https:\\\/\\\/kylkirauta.fi\\\/#website\",\"url\":\"https:\\\/\\\/kylkirauta.fi\\\/\",\"name\":\"Kylkirauta\",\"description\":\"Kadettiupseerit yhteiskunnan palveluksessa\",\"potentialAction\":[{\"@type\":\"SearchAction\",\"target\":{\"@type\":\"EntryPoint\",\"urlTemplate\":\"https:\\\/\\\/kylkirauta.fi\\\/?s={search_term_string}\"},\"query-input\":{\"@type\":\"PropertyValueSpecification\",\"valueRequired\":true,\"valueName\":\"search_term_string\"}}],\"inLanguage\":\"fi\"},{\"@type\":\"Person\",\"@id\":\"https:\\\/\\\/kylkirauta.fi\\\/#\\\/schema\\\/person\\\/714ab39a349c656b20d60a239be1d6f6\",\"name\":\"Kari Sainio\",\"sameAs\":[\"http:\\\/\\\/www.kylkirauta.fi\"],\"url\":\"https:\\\/\\\/kylkirauta.fi\\\/index.php\\\/author\\\/karisain\\\/\"}]}<\/script>\n<!-- \/ Yoast SEO plugin. -->","yoast_head_json":{"title":"Risto Sinkko: Suomalaisten lahja 100-vuotiaalle maalleen: T\u00e4rkeint\u00e4 on itsen\u00e4isyyden puolustaminen - Kylkirauta","robots":{"index":"index","follow":"follow","max-snippet":"max-snippet:-1","max-image-preview":"max-image-preview:large","max-video-preview":"max-video-preview:-1"},"canonical":"https:\/\/kylkirauta.fi\/index.php\/2017\/12\/03\/suomalaisten-lahja-100-vuotiaalle-maalleen-tarkeinta-on-itsenaisyyden-puolustaminen\/","og_locale":"fi_FI","og_type":"article","og_title":"Risto Sinkko: Suomalaisten lahja 100-vuotiaalle maalleen: T\u00e4rkeint\u00e4 on itsen\u00e4isyyden puolustaminen - Kylkirauta","og_url":"https:\/\/kylkirauta.fi\/index.php\/2017\/12\/03\/suomalaisten-lahja-100-vuotiaalle-maalleen-tarkeinta-on-itsenaisyyden-puolustaminen\/","og_site_name":"Kylkirauta","article_published_time":"2017-12-03T15:56:39+00:00","article_modified_time":"2020-04-12T08:24:33+00:00","og_image":[{"url":"https:\/\/kylkirauta.fi\/wp-content\/uploads\/2019\/10\/Sinkko_uusi-221x300.jpeg","type":"","width":"","height":""}],"author":"Kari Sainio","twitter_card":"summary_large_image","twitter_misc":{"Kirjoittanut":"Kari Sainio","Arvioitu lukuaika":"7 minuuttia"},"schema":{"@context":"https:\/\/schema.org","@graph":[{"@type":"Article","@id":"https:\/\/kylkirauta.fi\/index.php\/2017\/12\/03\/suomalaisten-lahja-100-vuotiaalle-maalleen-tarkeinta-on-itsenaisyyden-puolustaminen\/#article","isPartOf":{"@id":"https:\/\/kylkirauta.fi\/index.php\/2017\/12\/03\/suomalaisten-lahja-100-vuotiaalle-maalleen-tarkeinta-on-itsenaisyyden-puolustaminen\/"},"author":{"name":"Kari Sainio","@id":"https:\/\/kylkirauta.fi\/#\/schema\/person\/714ab39a349c656b20d60a239be1d6f6"},"headline":"Risto Sinkko: Suomalaisten lahja 100-vuotiaalle maalleen: T\u00e4rkeint\u00e4 on itsen\u00e4isyyden puolustaminen","datePublished":"2017-12-03T15:56:39+00:00","dateModified":"2020-04-12T08:24:33+00:00","mainEntityOfPage":{"@id":"https:\/\/kylkirauta.fi\/index.php\/2017\/12\/03\/suomalaisten-lahja-100-vuotiaalle-maalleen-tarkeinta-on-itsenaisyyden-puolustaminen\/"},"wordCount":1322,"image":{"@id":"https:\/\/kylkirauta.fi\/index.php\/2017\/12\/03\/suomalaisten-lahja-100-vuotiaalle-maalleen-tarkeinta-on-itsenaisyyden-puolustaminen\/#primaryimage"},"thumbnailUrl":"https:\/\/kylkirauta.fi\/wp-content\/uploads\/2019\/10\/Sinkko_uusi-221x300.jpeg","articleSection":["Artikkeli","Artikkeli 2017"],"inLanguage":"fi"},{"@type":"WebPage","@id":"https:\/\/kylkirauta.fi\/index.php\/2017\/12\/03\/suomalaisten-lahja-100-vuotiaalle-maalleen-tarkeinta-on-itsenaisyyden-puolustaminen\/","url":"https:\/\/kylkirauta.fi\/index.php\/2017\/12\/03\/suomalaisten-lahja-100-vuotiaalle-maalleen-tarkeinta-on-itsenaisyyden-puolustaminen\/","name":"Risto Sinkko: Suomalaisten lahja 100-vuotiaalle maalleen: T\u00e4rkeint\u00e4 on itsen\u00e4isyyden puolustaminen - Kylkirauta","isPartOf":{"@id":"https:\/\/kylkirauta.fi\/#website"},"primaryImageOfPage":{"@id":"https:\/\/kylkirauta.fi\/index.php\/2017\/12\/03\/suomalaisten-lahja-100-vuotiaalle-maalleen-tarkeinta-on-itsenaisyyden-puolustaminen\/#primaryimage"},"image":{"@id":"https:\/\/kylkirauta.fi\/index.php\/2017\/12\/03\/suomalaisten-lahja-100-vuotiaalle-maalleen-tarkeinta-on-itsenaisyyden-puolustaminen\/#primaryimage"},"thumbnailUrl":"https:\/\/kylkirauta.fi\/wp-content\/uploads\/2019\/10\/Sinkko_uusi-221x300.jpeg","datePublished":"2017-12-03T15:56:39+00:00","dateModified":"2020-04-12T08:24:33+00:00","author":{"@id":"https:\/\/kylkirauta.fi\/#\/schema\/person\/714ab39a349c656b20d60a239be1d6f6"},"breadcrumb":{"@id":"https:\/\/kylkirauta.fi\/index.php\/2017\/12\/03\/suomalaisten-lahja-100-vuotiaalle-maalleen-tarkeinta-on-itsenaisyyden-puolustaminen\/#breadcrumb"},"inLanguage":"fi","potentialAction":[{"@type":"ReadAction","target":["https:\/\/kylkirauta.fi\/index.php\/2017\/12\/03\/suomalaisten-lahja-100-vuotiaalle-maalleen-tarkeinta-on-itsenaisyyden-puolustaminen\/"]}]},{"@type":"ImageObject","inLanguage":"fi","@id":"https:\/\/kylkirauta.fi\/index.php\/2017\/12\/03\/suomalaisten-lahja-100-vuotiaalle-maalleen-tarkeinta-on-itsenaisyyden-puolustaminen\/#primaryimage","url":"https:\/\/kylkirauta.fi\/wp-content\/uploads\/2019\/10\/Sinkko_uusi.jpeg","contentUrl":"https:\/\/kylkirauta.fi\/wp-content\/uploads\/2019\/10\/Sinkko_uusi.jpeg","width":369,"height":500,"caption":"ST Risto Sinkko"},{"@type":"BreadcrumbList","@id":"https:\/\/kylkirauta.fi\/index.php\/2017\/12\/03\/suomalaisten-lahja-100-vuotiaalle-maalleen-tarkeinta-on-itsenaisyyden-puolustaminen\/#breadcrumb","itemListElement":[{"@type":"ListItem","position":1,"name":"Home","item":"https:\/\/kylkirauta.fi\/index.php\/home\/"},{"@type":"ListItem","position":2,"name":"Risto Sinkko: Suomalaisten lahja 100-vuotiaalle maalleen: T\u00e4rkeint\u00e4 on itsen\u00e4isyyden puolustaminen"}]},{"@type":"WebSite","@id":"https:\/\/kylkirauta.fi\/#website","url":"https:\/\/kylkirauta.fi\/","name":"Kylkirauta","description":"Kadettiupseerit yhteiskunnan palveluksessa","potentialAction":[{"@type":"SearchAction","target":{"@type":"EntryPoint","urlTemplate":"https:\/\/kylkirauta.fi\/?s={search_term_string}"},"query-input":{"@type":"PropertyValueSpecification","valueRequired":true,"valueName":"search_term_string"}}],"inLanguage":"fi"},{"@type":"Person","@id":"https:\/\/kylkirauta.fi\/#\/schema\/person\/714ab39a349c656b20d60a239be1d6f6","name":"Kari Sainio","sameAs":["http:\/\/www.kylkirauta.fi"],"url":"https:\/\/kylkirauta.fi\/index.php\/author\/karisain\/"}]}},"_links":{"self":[{"href":"https:\/\/kylkirauta.fi\/index.php\/wp-json\/wp\/v2\/posts\/1067","targetHints":{"allow":["GET"]}}],"collection":[{"href":"https:\/\/kylkirauta.fi\/index.php\/wp-json\/wp\/v2\/posts"}],"about":[{"href":"https:\/\/kylkirauta.fi\/index.php\/wp-json\/wp\/v2\/types\/post"}],"author":[{"embeddable":true,"href":"https:\/\/kylkirauta.fi\/index.php\/wp-json\/wp\/v2\/users\/3"}],"replies":[{"embeddable":true,"href":"https:\/\/kylkirauta.fi\/index.php\/wp-json\/wp\/v2\/comments?post=1067"}],"version-history":[{"count":3,"href":"https:\/\/kylkirauta.fi\/index.php\/wp-json\/wp\/v2\/posts\/1067\/revisions"}],"predecessor-version":[{"id":3471,"href":"https:\/\/kylkirauta.fi\/index.php\/wp-json\/wp\/v2\/posts\/1067\/revisions\/3471"}],"wp:attachment":[{"href":"https:\/\/kylkirauta.fi\/index.php\/wp-json\/wp\/v2\/media?parent=1067"}],"wp:term":[{"taxonomy":"category","embeddable":true,"href":"https:\/\/kylkirauta.fi\/index.php\/wp-json\/wp\/v2\/categories?post=1067"},{"taxonomy":"post_tag","embeddable":true,"href":"https:\/\/kylkirauta.fi\/index.php\/wp-json\/wp\/v2\/tags?post=1067"}],"curies":[{"name":"wp","href":"https:\/\/api.w.org\/{rel}","templated":true}]}}