{"id":1052,"date":"2016-12-01T15:30:00","date_gmt":"2016-12-01T15:30:00","guid":{"rendered":"https:\/\/kylkirauta.fi\/?p=1052"},"modified":"2020-01-26T10:18:37","modified_gmt":"2020-01-26T10:18:37","slug":"koulun-roolista-turvallisuuskasvattajana","status":"publish","type":"post","link":"https:\/\/kylkirauta.fi\/index.php\/2016\/12\/01\/koulun-roolista-turvallisuuskasvattajana\/","title":{"rendered":"Risto Sinkko: Ulkoinen ja sis\u00e4inen turvattomuus ajan ilmi\u00f6"},"content":{"rendered":"<p><div id='full_slider_1'  class='avia-fullwidth-slider main_color avia-shadow   avia-builder-el-0  el_before_av_one_full  avia-builder-el-first   container_wrap sidebar_right'  ><div  class='avia-slideshow av-l9olo-34f89e96fc3de7b9b51c14c99ace17a4 avia-slideshow-featured av_slideshow_full avia-slide-slider av-slideshow-ui av-control-default av-slideshow-manual av-loop-once av-loop-manual-endless av-default-height-applied   avia-slideshow-1' data-slideshow-options=\"{&quot;animation&quot;:&quot;slide&quot;,&quot;autoplay&quot;:false,&quot;loop_autoplay&quot;:&quot;once&quot;,&quot;interval&quot;:5,&quot;loop_manual&quot;:&quot;manual-endless&quot;,&quot;autoplay_stopper&quot;:false,&quot;noNavigation&quot;:false,&quot;bg_slider&quot;:false,&quot;keep_padding&quot;:false,&quot;hoverpause&quot;:false,&quot;show_slide_delay&quot;:0}\"  itemprop=\"image\" itemscope=\"itemscope\" itemtype=\"https:\/\/schema.org\/ImageObject\" ><ul class='avia-slideshow-inner ' style='padding-bottom: 28.666666666667%;'><li  class='avia-slideshow-slide av-l9olo-34f89e96fc3de7b9b51c14c99ace17a4__0  av-single-slide slide-1 slide-odd'><div data-rel='slideshow-1' class='avia-slide-wrap '   ><img decoding=\"async\" fetchpriority=\"high\" class=\"wp-image-54 avia-img-lazy-loading-not-54\"  src=\"https:\/\/kylkirauta.fi\/wp-content\/uploads\/2019\/10\/otsake-kuva_1500x430-1500x430.png\" width=\"1500\" height=\"430\" title='otsake-kuva_1500x430' alt=''  itemprop=\"thumbnailUrl\" srcset=\"https:\/\/kylkirauta.fi\/wp-content\/uploads\/2019\/10\/otsake-kuva_1500x430-1500x430.png 1500w, https:\/\/kylkirauta.fi\/wp-content\/uploads\/2019\/10\/otsake-kuva_1500x430-300x86.png 300w, https:\/\/kylkirauta.fi\/wp-content\/uploads\/2019\/10\/otsake-kuva_1500x430-768x220.png 768w, https:\/\/kylkirauta.fi\/wp-content\/uploads\/2019\/10\/otsake-kuva_1500x430-1030x295.png 1030w, https:\/\/kylkirauta.fi\/wp-content\/uploads\/2019\/10\/otsake-kuva_1500x430-705x202.png 705w, https:\/\/kylkirauta.fi\/wp-content\/uploads\/2019\/10\/otsake-kuva_1500x430.png 1817w\" sizes=\"(max-width: 1500px) 100vw, 1500px\" \/><\/div><\/li><\/ul><\/div><\/div><div id='after_full_slider_1'  class='main_color av_default_container_wrap container_wrap sidebar_right'  ><div class='container av-section-cont-open' ><div class='template-page content  av-content-small alpha units'><div class='post-entry post-entry-type-page post-entry-1052'><div class='entry-content-wrapper clearfix'> \n<style type=\"text\/css\" data-created_by=\"avia_inline_auto\" id=\"style-css-av-km4zs-0614ada41eb3461e6efbb361dfbae970\">\n.flex_column.av-km4zs-0614ada41eb3461e6efbb361dfbae970{\nborder-radius:0px 0px 0px 0px;\npadding:0px 0px 0px 0px;\n}\n<\/style>\n<div  class='flex_column av-km4zs-0614ada41eb3461e6efbb361dfbae970 av_one_full  avia-builder-el-1  el_after_av_slideshow_full  el_before_av_hr  avia-builder-el-first  first flex_column_div av-zero-column-padding  '     ><p> \n<style type=\"text\/css\" data-created_by=\"avia_inline_auto\" id=\"style-css-av-k5pgtb06-a52c9bb4bae749201be9d3afd42ad8dd\">\n#top .av-special-heading.av-k5pgtb06-a52c9bb4bae749201be9d3afd42ad8dd{\npadding-bottom:10px;\n}\nbody .av-special-heading.av-k5pgtb06-a52c9bb4bae749201be9d3afd42ad8dd .av-special-heading-tag .heading-char{\nfont-size:25px;\n}\n.av-special-heading.av-k5pgtb06-a52c9bb4bae749201be9d3afd42ad8dd .av-subheading{\nfont-size:15px;\n}\n<\/style>\n<div  class='av-special-heading av-k5pgtb06-a52c9bb4bae749201be9d3afd42ad8dd av-special-heading-h3  avia-builder-el-2  el_before_av_hr  avia-builder-el-first '><h3 class='av-special-heading-tag'  itemprop=\"headline\"  >Ulkoinen ja sis\u00e4inen turvattomuus ajan ilmi\u00f6<\/h3><div class=\"special-heading-border\"><div class=\"special-heading-inner-border\"><\/div><\/div><\/div> \n<style type=\"text\/css\" data-created_by=\"avia_inline_auto\" id=\"style-css-av-k5m7b9te-01401dd5e8beb25770de1be03f41ecf3\">\n#top .hr.hr-invisible.av-k5m7b9te-01401dd5e8beb25770de1be03f41ecf3{\nheight:30px;\n}\n<\/style>\n<div  class='hr av-k5m7b9te-01401dd5e8beb25770de1be03f41ecf3 hr-invisible  avia-builder-el-3  el_after_av_heading  el_before_av_textblock '><span class='hr-inner '><span class=\"hr-inner-style\"><\/span><\/span><\/div> <section  class='av_textblock_section av-k8d08-dea0f25c8df625cf22cbdeac32688808 '   itemscope=\"itemscope\" itemtype=\"https:\/\/schema.org\/BlogPosting\" itemprop=\"blogPost\" ><div class='avia_textblock'  itemprop=\"text\" ><div id=\"attachment_973\" style=\"width: 140px\" class=\"wp-caption alignleft\"><img loading=\"lazy\" decoding=\"async\" aria-describedby=\"caption-attachment-973\" class=\"wp-image-973\" src=\"https:\/\/kylkirauta.fi\/wp-content\/uploads\/2020\/01\/Risto_Sinkko-YTM-233x300.jpeg\" alt=\"\" width=\"130\" height=\"167\" srcset=\"https:\/\/kylkirauta.fi\/wp-content\/uploads\/2020\/01\/Risto_Sinkko-YTM-233x300.jpeg 233w, https:\/\/kylkirauta.fi\/wp-content\/uploads\/2020\/01\/Risto_Sinkko-YTM-800x1030.jpeg 800w, https:\/\/kylkirauta.fi\/wp-content\/uploads\/2020\/01\/Risto_Sinkko-YTM-768x988.jpeg 768w, https:\/\/kylkirauta.fi\/wp-content\/uploads\/2020\/01\/Risto_Sinkko-YTM-1194x1536.jpeg 1194w, https:\/\/kylkirauta.fi\/wp-content\/uploads\/2020\/01\/Risto_Sinkko-YTM-1591x2048.jpeg 1591w, https:\/\/kylkirauta.fi\/wp-content\/uploads\/2020\/01\/Risto_Sinkko-YTM-1166x1500.jpeg 1166w, https:\/\/kylkirauta.fi\/wp-content\/uploads\/2020\/01\/Risto_Sinkko-YTM-548x705.jpeg 548w, https:\/\/kylkirauta.fi\/wp-content\/uploads\/2020\/01\/Risto_Sinkko-YTM.jpeg 1795w\" sizes=\"auto, (max-width: 130px) 100vw, 130px\" \/><p id=\"caption-attachment-973\" class=\"wp-caption-text\">Risto Sinkko<\/p><\/div>\n<p><strong><em>&#8221;On t\u00e4rke\u00e4\u00e4 pohtia, mit\u00e4 syit\u00e4 maanpuolustustahdon heikkenemiselle on. T\u00e4rke\u00e4\u00e4 on, ett\u00e4 Suomi on jatkossakin maa, joka koetaan puolustamisen arvoiseksi. Toivon, ett\u00e4 tuleva puolustusselonteko huomioi maanpuolustustahdon merkityksen&#8221;<\/em>, sanoi Maanpuolustuksen suunnittelukunnan (MTS)\u00a0puheenjohtaja kansanedustaja (Kok.) Sofia Vikman\u00a0avauspuheenvuorossaan t\u00e4m\u00e4n vuotisen mielipidetutkimuksen julkistustilaisuudessa 1.12.2016. H\u00e4n ei kuitenkaan t\u00e4sment\u00e4nyt, millaisia toimenpiteit\u00e4 maanpuolustustahdon parantamiseksi h\u00e4n toivoi selonteossa esitett\u00e4v\u00e4n.<\/strong> Maanpuolustustahtoa mitataan tutkimuksessa kysym\u00e4ll\u00e4, pit\u00e4isik\u00f6 Suomen puolustautua aseellisesti jos t\u00e4nne hy\u00f6k\u00e4t\u00e4\u00e4n. My\u00f6nt\u00e4v\u00e4sti kysymykseen vastasi 71 % tutkimuksen vastaajista, vuosi sitten osuus oli 78 %. Tutkimussarjan vuosikymmeni\u00e4 pitk\u00e4ss\u00e4 historiassa tulosta ei silti pidet\u00e4 huonona. <em><strong>Turvallisuuden uusi normaali<\/strong><\/em> <strong>Puolustusministeri Jussi Niinist\u00f6<\/strong>\u00a0on puheessaan 26.11.2016 k\u00e4ytt\u00e4nyt ilmaisua uusi normaali. T\u00e4m\u00e4n tutkimuksen mukaan uusi normaali on vakiintunut kolmena vuonna, ja taustalla on ihmisten huoli Ven\u00e4j\u00e4n toiminnasta. Viimeksi kuluneen kolmen vuoden aikana noin 75 % tutkituista on huolestunut paljon tai ainakin jonkin verran kehityksest\u00e4 Ven\u00e4j\u00e4ll\u00e4. T\u00e4sm\u00e4lleen puolet vastaajista oli sit\u00e4 mielt\u00e4, ett\u00e4 Ven\u00e4j\u00e4n toimet vaikuttavat kielteisesti Suomen turvallisuuteen. Osuus on jopa suurempi kuin vuonna 2008 Georgian sodan j\u00e4lkeen, tuolloin 40 % oli samaa mielt\u00e4. Kahtena viime vuonna kysymyst\u00e4 t\u00e4st\u00e4 asiasta ei ole esitetty. Kolmen viime vuoden ajan Ven\u00e4j\u00e4n toiminnan vaikutuksen voi n\u00e4hd\u00e4 seuraavissa mitatuissa asioissa: Nykyisen asevelvollisuusj\u00e4rjestelm\u00e4n vahva tukeminen, puolustusvoimien m\u00e4\u00e4r\u00e4rahojen lis\u00e4\u00e4minen tai ainakin s\u00e4ilytt\u00e4minen ennallaan sek\u00e4 maailman tilanteen kokeminen turvattomammaksi tulevien viiden vuoden aikana. Muutokset aikaisempiin mittauksiin n\u00e4ytt\u00e4v\u00e4t selv\u00e4sti voimakkaammilta sek\u00e4 pysyvilt\u00e4. Samansuuntaisia muutoksia mielipiteiss\u00e4 mm. puolustusm\u00e4\u00e4r\u00e4rahojen lis\u00e4\u00e4misest\u00e4 on vuoden 2013 j\u00e4lkeen n\u00e4hty my\u00f6s Ruotsissa. Siell\u00e4 vuosittain teht\u00e4v\u00e4 Opinioner-tutkimus julkistetaan todenn\u00e4k\u00f6isesti tammikuussa 2017. Tutkimuksen perusteella kansalaisten vankka n\u00e4kemys on, ett\u00e4 parhaiten turvallisuutta lis\u00e4\u00e4 puolustusyhteisty\u00f6 Ruotsin kanssa. Kansalaiset ovat edelleen sit\u00e4 mielt\u00e4, ett\u00e4 liittoutumattomuus on paras ratkaisu. Natoon liittymisen kannalla on tutkimuksen vastaajista 25 %, 61 % vastustaa. <em><strong>Huolia kotimaassa<\/strong><\/em> Tutkimuksessa kysyttiin ensimm\u00e4isen kerran mielipidett\u00e4 poliittisista \u00e4\u00e4riliikkeist\u00e4. 74 % haastatelluista ilmaisi olevansa paljon tai ainakin jonkin verran huolestunut niist\u00e4. Kysymyksess\u00e4 ei t\u00e4smennetty, millaisia \u00e4\u00e4riliikkeit\u00e4 vastaaja mahdollisesti tarkoitti. Huolestumisensa rasismista kertoi 70 % vastaajista. Voimakasta huolestumista aiheuttavat my\u00f6s yhteiskunnallinen eriarvoisuus sek\u00e4 ty\u00f6llisyystilanne. Vuosina 2014 ja 2015 63 % ja 64 % tutkituista oli sit\u00e4 mielt\u00e4, ett\u00e4 Suomen puolustusmahdollisuudet tavanomaisessa sodassa olisivat huonot. T\u00e4m\u00e4n vuoden tutkimuksessa asiaa ei kysytty, mutta ilmeist\u00e4 on, ett\u00e4 Ven\u00e4j\u00e4\u00e4n kohdistuvan huolestuneisuuden jatkuessa t\u00e4m\u00e4k\u00e4\u00e4n n\u00e4kemys ei ole olennaisesti muuttunut. <em><strong>N\u00e4kemykset ulko- ja puolustuspolitiikasta<\/strong><\/em> Kansalaisten arvio ulkopolitiikan hoidosta on koko 2000-luvun ajan ollut laskeva. Nyt oli n\u00e4ht\u00e4vill\u00e4 liev\u00e4 muutos parempaan suuntaan, 70 % vastaajista oli sit\u00e4 mielt\u00e4, ett\u00e4 ulkopolitiikkaa on hoidettu hyvin. Viime vuonna 63 % ajatteli n\u00e4in. Tulosta esitelless\u00e4\u00e4n\u00a0<strong>MTS:n p\u00e4\u00e4sihteeri Heli Santala<\/strong>\u00a0totesi, ett\u00e4 koskaan presidentti Kekkosen vuosien j\u00e4lkeen ei ole p\u00e4\u00e4sty yht\u00e4 hyviin lukemiin kuin h\u00e4nen aikanaan. Puolustuspolitiikan hoitoa pit\u00e4\u00e4 eritt\u00e4in tai melko hyv\u00e4n\u00e4 79 % tutkituista. Tyytyv\u00e4isten osuus on kasvussa toista vuotta per\u00e4kk\u00e4in. <em>Tutkimuksen on tehnyt Taloustutkimus Oy. Kaikkiaan haastateltiin 1000 henkil\u00f6\u00e4. Tutkimuksen kohderyhm\u00e4 oli 15 \u2013 79 -vuotias v\u00e4est\u00f6 lukuun ottamatta Ahvenanmaan maakuntaa. Haastattelut tehtiin 22.9. \u2013 11.10.2016. Tutkimuksen virhemarginaali on 3,2 prosentttiyksikk\u00f6\u00e4 suuntaansa.<\/em> <em>Koko tutkimuksen voi lukea\u00a0<strong><a href=\"http:\/\/www.defmin.fi\/files\/3573\/MTS_mielipdietutkimsuraportti_joukuu_2016.pdf\" target=\"_blank\" rel=\"noopener noreferrer\">t\u00e4st\u00e4 linkist\u00e4<\/a><\/strong>.<\/em> <em><strong>ST, maj res Risto Sinkko<\/strong>\u00a0on aiemmin kirjoittanut verkkolehteen artikkelit &#8221;Ep\u00e4varmuuden aika heijastuu kansalaisten maanpuolustusajatteluun&#8221; (18.10.2014), &#8221;Vapaaehtoisuus maanpuolustuksessa kaipaa tukea&#8221; (11.11.2014), &#8221;L\u00f6ytyyk\u00f6 maanpuolustusajattelulle yhteist\u00e4 pohjaa?&#8221; (23.11.2014), &#8221;Maanpuolustusajattelun heikoista signaaleista &#8221;suoraan huutoon&#8221; (08.12.2014) sek\u00e4 &#8221;Henkisen maanpuolustuksen suunnittelusta henkisen maanpuolustuksen suunnitteluun&#8221; (9.11.2016)<\/em> <\/p>\n<\/div><\/section> <\/p><\/div><div  class='hr av-6zsyz-b471ba5482e75b0a604afa4166a853a5 hr-default  avia-builder-el-5  el_after_av_one_full  el_before_av_blog '><span class='hr-inner '><span class=\"hr-inner-style\"><\/span><\/span><\/div> <div  class='av-alb-blogposts template-blog  '  itemscope=\"itemscope\" itemtype=\"https:\/\/schema.org\/Blog\" ><article class=\"post-entry post-entry-type-standard post-entry-8921 post-loop-1 post-parity-odd bloglist-simple with-slider post-8921 post type-post status-publish format-standard has-post-thumbnail hentry category-artikkeli category-artikkeli-2026\"  itemscope=\"itemscope\" itemtype=\"https:\/\/schema.org\/BlogPosting\" ><div class=\"blog-meta\"><\/div><div class='entry-content-wrapper clearfix standard-content'><header class=\"entry-content-header\"><h2 class='post-title entry-title '  itemprop=\"headline\" ><a href=\"https:\/\/kylkirauta.fi\/index.php\/2026\/04\/20\/kaaderilaulajien-julkaisutoiminta\/\" rel=\"bookmark\" title=\"Permanent Link: Kaaderilaulajien julkaisutoiminta\">Kaaderilaulajien julkaisutoiminta<span class=\"post-format-icon minor-meta\"><\/span><\/a><\/h2><span class=\"post-meta-infos\"><time class=\"date-container minor-meta updated\"  itemprop=\"datePublished\" datetime=\"2026-04-20T15:45:24+03:00\" >20.4.2026<\/time><span class=\"text-sep\">\/<\/span><span class=\"blog-categories minor-meta\">in <a href=\"https:\/\/kylkirauta.fi\/index.php\/category\/artikkeli\/\" rel=\"tag\">Artikkeli<\/a>, <a href=\"https:\/\/kylkirauta.fi\/index.php\/category\/artikkeli-2026\/\" rel=\"tag\">Artikkeli 2026<\/a><\/span><span class=\"text-sep\">\/<\/span><span class=\"blog-author minor-meta\">by <span class=\"entry-author-link\"  itemprop=\"author\" ><span class=\"author\"><span class=\"fn\"><a href=\"https:\/\/kylkirauta.fi\/index.php\/author\/karisain\/\" title=\"Kirjoittanut: Kari Sainio\" rel=\"author\">Kari Sainio<\/a><\/span><\/span><\/span><\/span><div class=\"read-more-link\"><a href=\"https:\/\/kylkirauta.fi\/index.php\/2026\/04\/20\/kaaderilaulajien-julkaisutoiminta\/\" class=\"more-link\">Read more<span class=\"more-link-arrow\"><\/span><\/a><\/div><\/span><\/header><footer class=\"entry-footer\"><\/footer><div class='post_delimiter'><\/div><\/div><div class=\"post_author_timeline\"><\/div><span class='hidden'>\n\t\t\t\t<span class='av-structured-data'  itemprop=\"image\" itemscope=\"itemscope\" itemtype=\"https:\/\/schema.org\/ImageObject\" >\n\t\t\t\t\t\t<span itemprop='url'>https:\/\/kylkirauta.fi\/wp-content\/uploads\/2026\/04\/Artikkeli-4-2026-2.jpg<\/span>\n\t\t\t\t\t\t<span itemprop='height'>487<\/span>\n\t\t\t\t\t\t<span itemprop='width'>843<\/span>\n\t\t\t\t<\/span>\n\t\t\t\t<span class='av-structured-data'  itemprop=\"publisher\" itemtype=\"https:\/\/schema.org\/Organization\" itemscope=\"itemscope\" >\n\t\t\t\t\t\t<span itemprop='name'>Kari Sainio<\/span>\n\t\t\t\t\t\t<span itemprop='logo' itemscope itemtype='https:\/\/schema.org\/ImageObject'>\n\t\t\t\t\t\t\t<span itemprop='url'>https:\/\/kylkirauta.fi\/wp-content\/uploads\/2020\/02\/kkunta_weblogo-100x100-1.png<\/span>\n\t\t\t\t\t\t<\/span>\n\t\t\t\t<\/span><span class='av-structured-data'  itemprop=\"author\" itemscope=\"itemscope\" itemtype=\"https:\/\/schema.org\/Person\" ><span itemprop='name'>Kari Sainio<\/span><\/span><span class='av-structured-data'  itemprop=\"datePublished\" datetime=\"2026-04-20T15:45:24+03:00\" >2026-04-20 15:45:24<\/span><span class='av-structured-data'  itemprop=\"dateModified\" itemtype=\"https:\/\/schema.org\/dateModified\" >2026-04-20 15:45:24<\/span><span class='av-structured-data'  itemprop=\"mainEntityOfPage\" itemtype=\"https:\/\/schema.org\/mainEntityOfPage\" ><span itemprop='name'>Kaaderilaulajien julkaisutoiminta<\/span><\/span><\/span><\/article><article class=\"post-entry post-entry-type-standard post-entry-8884 post-loop-2 post-parity-even bloglist-simple with-slider post-8884 post type-post status-publish format-standard has-post-thumbnail hentry category-artikkeli category-artikkeli-2026\"  itemscope=\"itemscope\" itemtype=\"https:\/\/schema.org\/BlogPosting\" ><div class=\"blog-meta\"><\/div><div class='entry-content-wrapper clearfix standard-content'><header class=\"entry-content-header\"><h2 class='post-title entry-title '  itemprop=\"headline\" ><a href=\"https:\/\/kylkirauta.fi\/index.php\/2026\/03\/27\/kaaderilaulajien-ukraina-tukikonsertit\/\" rel=\"bookmark\" title=\"Permanent Link: Kaaderilaulajien Ukraina-tukikonsertit\">Kaaderilaulajien Ukraina-tukikonsertit<span class=\"post-format-icon minor-meta\"><\/span><\/a><\/h2><span class=\"post-meta-infos\"><time class=\"date-container minor-meta updated\"  itemprop=\"datePublished\" datetime=\"2026-03-27T12:30:38+02:00\" >27.3.2026<\/time><span class=\"text-sep\">\/<\/span><span class=\"blog-categories minor-meta\">in <a href=\"https:\/\/kylkirauta.fi\/index.php\/category\/artikkeli\/\" rel=\"tag\">Artikkeli<\/a>, <a href=\"https:\/\/kylkirauta.fi\/index.php\/category\/artikkeli-2026\/\" rel=\"tag\">Artikkeli 2026<\/a><\/span><span class=\"text-sep\">\/<\/span><span class=\"blog-author minor-meta\">by <span class=\"entry-author-link\"  itemprop=\"author\" ><span class=\"author\"><span class=\"fn\"><a href=\"https:\/\/kylkirauta.fi\/index.php\/author\/karisain\/\" title=\"Kirjoittanut: Kari Sainio\" rel=\"author\">Kari Sainio<\/a><\/span><\/span><\/span><\/span><div class=\"read-more-link\"><a href=\"https:\/\/kylkirauta.fi\/index.php\/2026\/03\/27\/kaaderilaulajien-ukraina-tukikonsertit\/\" class=\"more-link\">Read more<span class=\"more-link-arrow\"><\/span><\/a><\/div><\/span><\/header><footer class=\"entry-footer\"><\/footer><div class='post_delimiter'><\/div><\/div><div class=\"post_author_timeline\"><\/div><span class='hidden'>\n\t\t\t\t<span class='av-structured-data'  itemprop=\"image\" itemscope=\"itemscope\" itemtype=\"https:\/\/schema.org\/ImageObject\" >\n\t\t\t\t\t\t<span itemprop='url'>https:\/\/kylkirauta.fi\/wp-content\/uploads\/2026\/03\/3-2026-artikkeli.jpg<\/span>\n\t\t\t\t\t\t<span itemprop='height'>487<\/span>\n\t\t\t\t\t\t<span itemprop='width'>843<\/span>\n\t\t\t\t<\/span>\n\t\t\t\t<span class='av-structured-data'  itemprop=\"publisher\" itemtype=\"https:\/\/schema.org\/Organization\" itemscope=\"itemscope\" >\n\t\t\t\t\t\t<span itemprop='name'>Kari Sainio<\/span>\n\t\t\t\t\t\t<span itemprop='logo' itemscope itemtype='https:\/\/schema.org\/ImageObject'>\n\t\t\t\t\t\t\t<span itemprop='url'>https:\/\/kylkirauta.fi\/wp-content\/uploads\/2020\/02\/kkunta_weblogo-100x100-1.png<\/span>\n\t\t\t\t\t\t<\/span>\n\t\t\t\t<\/span><span class='av-structured-data'  itemprop=\"author\" itemscope=\"itemscope\" itemtype=\"https:\/\/schema.org\/Person\" ><span itemprop='name'>Kari Sainio<\/span><\/span><span class='av-structured-data'  itemprop=\"datePublished\" datetime=\"2026-03-27T12:30:38+02:00\" >2026-03-27 12:30:38<\/span><span class='av-structured-data'  itemprop=\"dateModified\" itemtype=\"https:\/\/schema.org\/dateModified\" >2026-03-27 12:30:38<\/span><span class='av-structured-data'  itemprop=\"mainEntityOfPage\" itemtype=\"https:\/\/schema.org\/mainEntityOfPage\" ><span itemprop='name'>Kaaderilaulajien Ukraina-tukikonsertit<\/span><\/span><\/span><\/article><article class=\"post-entry post-entry-type-standard post-entry-8786 post-loop-3 post-parity-odd post-entry-last bloglist-simple with-slider post-8786 post type-post status-publish format-standard has-post-thumbnail hentry category-artikkeli category-artikkeli-2026\"  itemscope=\"itemscope\" itemtype=\"https:\/\/schema.org\/BlogPosting\" ><div class=\"blog-meta\"><\/div><div class='entry-content-wrapper clearfix standard-content'><header class=\"entry-content-header\"><h2 class='post-title entry-title '  itemprop=\"headline\" ><a href=\"https:\/\/kylkirauta.fi\/index.php\/2026\/02\/23\/risto-sinkko-eu-kansalaisten-nakemyksia-turvallisuudesta-ja-puolustuksesta\/\" rel=\"bookmark\" title=\"Permanent Link: Risto Sinkko: EU-kansalaisten n\u00e4kemyksi\u00e4 turvallisuudesta ja puolustuksesta\">Risto Sinkko: EU-kansalaisten n\u00e4kemyksi\u00e4 turvallisuudesta ja puolustuksesta<span class=\"post-format-icon minor-meta\"><\/span><\/a><\/h2><span class=\"post-meta-infos\"><time class=\"date-container minor-meta updated\"  itemprop=\"datePublished\" datetime=\"2026-02-23T17:08:33+02:00\" >23.2.2026<\/time><span class=\"text-sep\">\/<\/span><span class=\"blog-categories minor-meta\">in <a href=\"https:\/\/kylkirauta.fi\/index.php\/category\/artikkeli\/\" rel=\"tag\">Artikkeli<\/a>, <a href=\"https:\/\/kylkirauta.fi\/index.php\/category\/artikkeli-2026\/\" rel=\"tag\">Artikkeli 2026<\/a><\/span><span class=\"text-sep\">\/<\/span><span class=\"blog-author minor-meta\">by <span class=\"entry-author-link\"  itemprop=\"author\" ><span class=\"author\"><span class=\"fn\"><a href=\"https:\/\/kylkirauta.fi\/index.php\/author\/karisain\/\" title=\"Kirjoittanut: Kari Sainio\" rel=\"author\">Kari Sainio<\/a><\/span><\/span><\/span><\/span><div class=\"read-more-link\"><a href=\"https:\/\/kylkirauta.fi\/index.php\/2026\/02\/23\/risto-sinkko-eu-kansalaisten-nakemyksia-turvallisuudesta-ja-puolustuksesta\/\" class=\"more-link\">Read more<span class=\"more-link-arrow\"><\/span><\/a><\/div><\/span><\/header><footer class=\"entry-footer\"><\/footer><div class='post_delimiter'><\/div><\/div><div class=\"post_author_timeline\"><\/div><span class='hidden'>\n\t\t\t\t<span class='av-structured-data'  itemprop=\"image\" itemscope=\"itemscope\" itemtype=\"https:\/\/schema.org\/ImageObject\" >\n\t\t\t\t\t\t<span itemprop='url'>https:\/\/kylkirauta.fi\/wp-content\/uploads\/2026\/02\/Artikkeli-MSC-artikkeli.jpg<\/span>\n\t\t\t\t\t\t<span itemprop='height'>487<\/span>\n\t\t\t\t\t\t<span itemprop='width'>843<\/span>\n\t\t\t\t<\/span>\n\t\t\t\t<span class='av-structured-data'  itemprop=\"publisher\" itemtype=\"https:\/\/schema.org\/Organization\" itemscope=\"itemscope\" >\n\t\t\t\t\t\t<span itemprop='name'>Kari Sainio<\/span>\n\t\t\t\t\t\t<span itemprop='logo' itemscope itemtype='https:\/\/schema.org\/ImageObject'>\n\t\t\t\t\t\t\t<span itemprop='url'>https:\/\/kylkirauta.fi\/wp-content\/uploads\/2020\/02\/kkunta_weblogo-100x100-1.png<\/span>\n\t\t\t\t\t\t<\/span>\n\t\t\t\t<\/span><span class='av-structured-data'  itemprop=\"author\" itemscope=\"itemscope\" itemtype=\"https:\/\/schema.org\/Person\" ><span itemprop='name'>Kari Sainio<\/span><\/span><span class='av-structured-data'  itemprop=\"datePublished\" datetime=\"2026-02-23T17:08:33+02:00\" >2026-02-23 17:08:33<\/span><span class='av-structured-data'  itemprop=\"dateModified\" itemtype=\"https:\/\/schema.org\/dateModified\" >2026-02-23 17:29:54<\/span><span class='av-structured-data'  itemprop=\"mainEntityOfPage\" itemtype=\"https:\/\/schema.org\/mainEntityOfPage\" ><span itemprop='name'>Risto Sinkko: EU-kansalaisten n\u00e4kemyksi\u00e4 turvallisuudesta ja puolustuksesta<\/span><\/span><\/span><\/article><div class='bloglist-simple'><nav class='pagination'><span class='pagination-meta'>Page 1 of 58<\/span><span class='current'>1<\/span><a href='https:\/\/kylkirauta.fi\/index.php\/wp-json\/wp\/v2\/posts\/1052\/page\/2\/' class='inactive next_page' >2<\/a><a href='https:\/\/kylkirauta.fi\/index.php\/wp-json\/wp\/v2\/posts\/1052\/page\/3\/' class='inactive' >3<\/a><a href='https:\/\/kylkirauta.fi\/index.php\/wp-json\/wp\/v2\/posts\/1052\/page\/2\/'>&rsaquo;<\/a><a href='https:\/\/kylkirauta.fi\/index.php\/wp-json\/wp\/v2\/posts\/1052\/page\/58\/'>&raquo;<\/a><\/nav>\n<\/div><\/div><\/p>\n","protected":false},"excerpt":{"rendered":"","protected":false},"author":3,"featured_media":0,"comment_status":"closed","ping_status":"closed","sticky":false,"template":"","format":"standard","meta":{"footnotes":""},"categories":[4,28],"tags":[],"class_list":["post-1052","post","type-post","status-publish","format-standard","hentry","category-artikkeli","category-artikkeli-2016"],"yoast_head":"<!-- This site is optimized with the Yoast SEO plugin v27.5 - https:\/\/yoast.com\/product\/yoast-seo-wordpress\/ -->\n<title>Risto Sinkko: Ulkoinen ja sis\u00e4inen turvattomuus ajan ilmi\u00f6 - Kylkirauta<\/title>\n<meta name=\"robots\" content=\"index, follow, max-snippet:-1, max-image-preview:large, max-video-preview:-1\" \/>\n<link rel=\"canonical\" href=\"https:\/\/kylkirauta.fi\/index.php\/2016\/12\/01\/koulun-roolista-turvallisuuskasvattajana\/\" \/>\n<meta property=\"og:locale\" content=\"fi_FI\" \/>\n<meta property=\"og:type\" content=\"article\" \/>\n<meta property=\"og:title\" content=\"Risto Sinkko: Ulkoinen ja sis\u00e4inen turvattomuus ajan ilmi\u00f6 - Kylkirauta\" \/>\n<meta property=\"og:url\" content=\"https:\/\/kylkirauta.fi\/index.php\/2016\/12\/01\/koulun-roolista-turvallisuuskasvattajana\/\" \/>\n<meta property=\"og:site_name\" content=\"Kylkirauta\" \/>\n<meta property=\"article:published_time\" content=\"2016-12-01T15:30:00+00:00\" \/>\n<meta property=\"article:modified_time\" content=\"2020-01-26T10:18:37+00:00\" \/>\n<meta property=\"og:image\" content=\"https:\/\/kylkirauta.fi\/wp-content\/uploads\/2020\/01\/Risto_Sinkko-YTM-233x300.jpeg\" \/>\n<meta name=\"author\" content=\"Kari Sainio\" \/>\n<meta name=\"twitter:card\" content=\"summary_large_image\" \/>\n<meta name=\"twitter:label1\" content=\"Kirjoittanut\" \/>\n\t<meta name=\"twitter:data1\" content=\"Kari Sainio\" \/>\n\t<meta name=\"twitter:label2\" content=\"Arvioitu lukuaika\" \/>\n\t<meta name=\"twitter:data2\" content=\"6 minuuttia\" \/>\n<script type=\"application\/ld+json\" class=\"yoast-schema-graph\">{\"@context\":\"https:\\\/\\\/schema.org\",\"@graph\":[{\"@type\":\"Article\",\"@id\":\"https:\\\/\\\/kylkirauta.fi\\\/index.php\\\/2016\\\/12\\\/01\\\/koulun-roolista-turvallisuuskasvattajana\\\/#article\",\"isPartOf\":{\"@id\":\"https:\\\/\\\/kylkirauta.fi\\\/index.php\\\/2016\\\/12\\\/01\\\/koulun-roolista-turvallisuuskasvattajana\\\/\"},\"author\":{\"name\":\"Kari Sainio\",\"@id\":\"https:\\\/\\\/kylkirauta.fi\\\/#\\\/schema\\\/person\\\/714ab39a349c656b20d60a239be1d6f6\"},\"headline\":\"Risto Sinkko: Ulkoinen ja sis\u00e4inen turvattomuus ajan ilmi\u00f6\",\"datePublished\":\"2016-12-01T15:30:00+00:00\",\"dateModified\":\"2020-01-26T10:18:37+00:00\",\"mainEntityOfPage\":{\"@id\":\"https:\\\/\\\/kylkirauta.fi\\\/index.php\\\/2016\\\/12\\\/01\\\/koulun-roolista-turvallisuuskasvattajana\\\/\"},\"wordCount\":993,\"image\":{\"@id\":\"https:\\\/\\\/kylkirauta.fi\\\/index.php\\\/2016\\\/12\\\/01\\\/koulun-roolista-turvallisuuskasvattajana\\\/#primaryimage\"},\"thumbnailUrl\":\"https:\\\/\\\/kylkirauta.fi\\\/wp-content\\\/uploads\\\/2020\\\/01\\\/Risto_Sinkko-YTM-233x300.jpeg\",\"articleSection\":[\"Artikkeli\",\"Artikkeli 2016\"],\"inLanguage\":\"fi\"},{\"@type\":\"WebPage\",\"@id\":\"https:\\\/\\\/kylkirauta.fi\\\/index.php\\\/2016\\\/12\\\/01\\\/koulun-roolista-turvallisuuskasvattajana\\\/\",\"url\":\"https:\\\/\\\/kylkirauta.fi\\\/index.php\\\/2016\\\/12\\\/01\\\/koulun-roolista-turvallisuuskasvattajana\\\/\",\"name\":\"Risto Sinkko: Ulkoinen ja sis\u00e4inen turvattomuus ajan ilmi\u00f6 - Kylkirauta\",\"isPartOf\":{\"@id\":\"https:\\\/\\\/kylkirauta.fi\\\/#website\"},\"primaryImageOfPage\":{\"@id\":\"https:\\\/\\\/kylkirauta.fi\\\/index.php\\\/2016\\\/12\\\/01\\\/koulun-roolista-turvallisuuskasvattajana\\\/#primaryimage\"},\"image\":{\"@id\":\"https:\\\/\\\/kylkirauta.fi\\\/index.php\\\/2016\\\/12\\\/01\\\/koulun-roolista-turvallisuuskasvattajana\\\/#primaryimage\"},\"thumbnailUrl\":\"https:\\\/\\\/kylkirauta.fi\\\/wp-content\\\/uploads\\\/2020\\\/01\\\/Risto_Sinkko-YTM-233x300.jpeg\",\"datePublished\":\"2016-12-01T15:30:00+00:00\",\"dateModified\":\"2020-01-26T10:18:37+00:00\",\"author\":{\"@id\":\"https:\\\/\\\/kylkirauta.fi\\\/#\\\/schema\\\/person\\\/714ab39a349c656b20d60a239be1d6f6\"},\"breadcrumb\":{\"@id\":\"https:\\\/\\\/kylkirauta.fi\\\/index.php\\\/2016\\\/12\\\/01\\\/koulun-roolista-turvallisuuskasvattajana\\\/#breadcrumb\"},\"inLanguage\":\"fi\",\"potentialAction\":[{\"@type\":\"ReadAction\",\"target\":[\"https:\\\/\\\/kylkirauta.fi\\\/index.php\\\/2016\\\/12\\\/01\\\/koulun-roolista-turvallisuuskasvattajana\\\/\"]}]},{\"@type\":\"ImageObject\",\"inLanguage\":\"fi\",\"@id\":\"https:\\\/\\\/kylkirauta.fi\\\/index.php\\\/2016\\\/12\\\/01\\\/koulun-roolista-turvallisuuskasvattajana\\\/#primaryimage\",\"url\":\"https:\\\/\\\/kylkirauta.fi\\\/wp-content\\\/uploads\\\/2020\\\/01\\\/Risto_Sinkko-YTM-233x300.jpeg\",\"contentUrl\":\"https:\\\/\\\/kylkirauta.fi\\\/wp-content\\\/uploads\\\/2020\\\/01\\\/Risto_Sinkko-YTM-233x300.jpeg\"},{\"@type\":\"BreadcrumbList\",\"@id\":\"https:\\\/\\\/kylkirauta.fi\\\/index.php\\\/2016\\\/12\\\/01\\\/koulun-roolista-turvallisuuskasvattajana\\\/#breadcrumb\",\"itemListElement\":[{\"@type\":\"ListItem\",\"position\":1,\"name\":\"Home\",\"item\":\"https:\\\/\\\/kylkirauta.fi\\\/index.php\\\/home\\\/\"},{\"@type\":\"ListItem\",\"position\":2,\"name\":\"Risto Sinkko: Ulkoinen ja sis\u00e4inen turvattomuus ajan ilmi\u00f6\"}]},{\"@type\":\"WebSite\",\"@id\":\"https:\\\/\\\/kylkirauta.fi\\\/#website\",\"url\":\"https:\\\/\\\/kylkirauta.fi\\\/\",\"name\":\"Kylkirauta\",\"description\":\"Kadettiupseerit yhteiskunnan palveluksessa\",\"potentialAction\":[{\"@type\":\"SearchAction\",\"target\":{\"@type\":\"EntryPoint\",\"urlTemplate\":\"https:\\\/\\\/kylkirauta.fi\\\/?s={search_term_string}\"},\"query-input\":{\"@type\":\"PropertyValueSpecification\",\"valueRequired\":true,\"valueName\":\"search_term_string\"}}],\"inLanguage\":\"fi\"},{\"@type\":\"Person\",\"@id\":\"https:\\\/\\\/kylkirauta.fi\\\/#\\\/schema\\\/person\\\/714ab39a349c656b20d60a239be1d6f6\",\"name\":\"Kari Sainio\",\"sameAs\":[\"http:\\\/\\\/www.kylkirauta.fi\"],\"url\":\"https:\\\/\\\/kylkirauta.fi\\\/index.php\\\/author\\\/karisain\\\/\"}]}<\/script>\n<!-- \/ Yoast SEO plugin. -->","yoast_head_json":{"title":"Risto Sinkko: Ulkoinen ja sis\u00e4inen turvattomuus ajan ilmi\u00f6 - Kylkirauta","robots":{"index":"index","follow":"follow","max-snippet":"max-snippet:-1","max-image-preview":"max-image-preview:large","max-video-preview":"max-video-preview:-1"},"canonical":"https:\/\/kylkirauta.fi\/index.php\/2016\/12\/01\/koulun-roolista-turvallisuuskasvattajana\/","og_locale":"fi_FI","og_type":"article","og_title":"Risto Sinkko: Ulkoinen ja sis\u00e4inen turvattomuus ajan ilmi\u00f6 - Kylkirauta","og_url":"https:\/\/kylkirauta.fi\/index.php\/2016\/12\/01\/koulun-roolista-turvallisuuskasvattajana\/","og_site_name":"Kylkirauta","article_published_time":"2016-12-01T15:30:00+00:00","article_modified_time":"2020-01-26T10:18:37+00:00","og_image":[{"url":"https:\/\/kylkirauta.fi\/wp-content\/uploads\/2020\/01\/Risto_Sinkko-YTM-233x300.jpeg","type":"","width":"","height":""}],"author":"Kari Sainio","twitter_card":"summary_large_image","twitter_misc":{"Kirjoittanut":"Kari Sainio","Arvioitu lukuaika":"6 minuuttia"},"schema":{"@context":"https:\/\/schema.org","@graph":[{"@type":"Article","@id":"https:\/\/kylkirauta.fi\/index.php\/2016\/12\/01\/koulun-roolista-turvallisuuskasvattajana\/#article","isPartOf":{"@id":"https:\/\/kylkirauta.fi\/index.php\/2016\/12\/01\/koulun-roolista-turvallisuuskasvattajana\/"},"author":{"name":"Kari Sainio","@id":"https:\/\/kylkirauta.fi\/#\/schema\/person\/714ab39a349c656b20d60a239be1d6f6"},"headline":"Risto Sinkko: Ulkoinen ja sis\u00e4inen turvattomuus ajan ilmi\u00f6","datePublished":"2016-12-01T15:30:00+00:00","dateModified":"2020-01-26T10:18:37+00:00","mainEntityOfPage":{"@id":"https:\/\/kylkirauta.fi\/index.php\/2016\/12\/01\/koulun-roolista-turvallisuuskasvattajana\/"},"wordCount":993,"image":{"@id":"https:\/\/kylkirauta.fi\/index.php\/2016\/12\/01\/koulun-roolista-turvallisuuskasvattajana\/#primaryimage"},"thumbnailUrl":"https:\/\/kylkirauta.fi\/wp-content\/uploads\/2020\/01\/Risto_Sinkko-YTM-233x300.jpeg","articleSection":["Artikkeli","Artikkeli 2016"],"inLanguage":"fi"},{"@type":"WebPage","@id":"https:\/\/kylkirauta.fi\/index.php\/2016\/12\/01\/koulun-roolista-turvallisuuskasvattajana\/","url":"https:\/\/kylkirauta.fi\/index.php\/2016\/12\/01\/koulun-roolista-turvallisuuskasvattajana\/","name":"Risto Sinkko: Ulkoinen ja sis\u00e4inen turvattomuus ajan ilmi\u00f6 - Kylkirauta","isPartOf":{"@id":"https:\/\/kylkirauta.fi\/#website"},"primaryImageOfPage":{"@id":"https:\/\/kylkirauta.fi\/index.php\/2016\/12\/01\/koulun-roolista-turvallisuuskasvattajana\/#primaryimage"},"image":{"@id":"https:\/\/kylkirauta.fi\/index.php\/2016\/12\/01\/koulun-roolista-turvallisuuskasvattajana\/#primaryimage"},"thumbnailUrl":"https:\/\/kylkirauta.fi\/wp-content\/uploads\/2020\/01\/Risto_Sinkko-YTM-233x300.jpeg","datePublished":"2016-12-01T15:30:00+00:00","dateModified":"2020-01-26T10:18:37+00:00","author":{"@id":"https:\/\/kylkirauta.fi\/#\/schema\/person\/714ab39a349c656b20d60a239be1d6f6"},"breadcrumb":{"@id":"https:\/\/kylkirauta.fi\/index.php\/2016\/12\/01\/koulun-roolista-turvallisuuskasvattajana\/#breadcrumb"},"inLanguage":"fi","potentialAction":[{"@type":"ReadAction","target":["https:\/\/kylkirauta.fi\/index.php\/2016\/12\/01\/koulun-roolista-turvallisuuskasvattajana\/"]}]},{"@type":"ImageObject","inLanguage":"fi","@id":"https:\/\/kylkirauta.fi\/index.php\/2016\/12\/01\/koulun-roolista-turvallisuuskasvattajana\/#primaryimage","url":"https:\/\/kylkirauta.fi\/wp-content\/uploads\/2020\/01\/Risto_Sinkko-YTM-233x300.jpeg","contentUrl":"https:\/\/kylkirauta.fi\/wp-content\/uploads\/2020\/01\/Risto_Sinkko-YTM-233x300.jpeg"},{"@type":"BreadcrumbList","@id":"https:\/\/kylkirauta.fi\/index.php\/2016\/12\/01\/koulun-roolista-turvallisuuskasvattajana\/#breadcrumb","itemListElement":[{"@type":"ListItem","position":1,"name":"Home","item":"https:\/\/kylkirauta.fi\/index.php\/home\/"},{"@type":"ListItem","position":2,"name":"Risto Sinkko: Ulkoinen ja sis\u00e4inen turvattomuus ajan ilmi\u00f6"}]},{"@type":"WebSite","@id":"https:\/\/kylkirauta.fi\/#website","url":"https:\/\/kylkirauta.fi\/","name":"Kylkirauta","description":"Kadettiupseerit yhteiskunnan palveluksessa","potentialAction":[{"@type":"SearchAction","target":{"@type":"EntryPoint","urlTemplate":"https:\/\/kylkirauta.fi\/?s={search_term_string}"},"query-input":{"@type":"PropertyValueSpecification","valueRequired":true,"valueName":"search_term_string"}}],"inLanguage":"fi"},{"@type":"Person","@id":"https:\/\/kylkirauta.fi\/#\/schema\/person\/714ab39a349c656b20d60a239be1d6f6","name":"Kari Sainio","sameAs":["http:\/\/www.kylkirauta.fi"],"url":"https:\/\/kylkirauta.fi\/index.php\/author\/karisain\/"}]}},"_links":{"self":[{"href":"https:\/\/kylkirauta.fi\/index.php\/wp-json\/wp\/v2\/posts\/1052","targetHints":{"allow":["GET"]}}],"collection":[{"href":"https:\/\/kylkirauta.fi\/index.php\/wp-json\/wp\/v2\/posts"}],"about":[{"href":"https:\/\/kylkirauta.fi\/index.php\/wp-json\/wp\/v2\/types\/post"}],"author":[{"embeddable":true,"href":"https:\/\/kylkirauta.fi\/index.php\/wp-json\/wp\/v2\/users\/3"}],"replies":[{"embeddable":true,"href":"https:\/\/kylkirauta.fi\/index.php\/wp-json\/wp\/v2\/comments?post=1052"}],"version-history":[{"count":4,"href":"https:\/\/kylkirauta.fi\/index.php\/wp-json\/wp\/v2\/posts\/1052\/revisions"}],"predecessor-version":[{"id":2684,"href":"https:\/\/kylkirauta.fi\/index.php\/wp-json\/wp\/v2\/posts\/1052\/revisions\/2684"}],"wp:attachment":[{"href":"https:\/\/kylkirauta.fi\/index.php\/wp-json\/wp\/v2\/media?parent=1052"}],"wp:term":[{"taxonomy":"category","embeddable":true,"href":"https:\/\/kylkirauta.fi\/index.php\/wp-json\/wp\/v2\/categories?post=1052"},{"taxonomy":"post_tag","embeddable":true,"href":"https:\/\/kylkirauta.fi\/index.php\/wp-json\/wp\/v2\/tags?post=1052"}],"curies":[{"name":"wp","href":"https:\/\/api.w.org\/{rel}","templated":true}]}}