{"id":1036,"date":"2015-01-28T15:07:00","date_gmt":"2015-01-28T15:07:00","guid":{"rendered":"https:\/\/kylkirauta.fi\/?p=1036"},"modified":"2020-01-26T10:06:08","modified_gmt":"2020-01-26T10:06:08","slug":"mannerheim-portugalissa","status":"publish","type":"post","link":"https:\/\/kylkirauta.fi\/index.php\/2015\/01\/28\/mannerheim-portugalissa\/","title":{"rendered":"Torsti Holvikivi: Mannerheim Portugalissa"},"content":{"rendered":"<div id='full_slider_1'  class='avia-fullwidth-slider main_color avia-shadow   avia-builder-el-0  el_before_av_one_full  avia-builder-el-first   container_wrap sidebar_right'  ><div  class='avia-slideshow av-l9olo-34f89e96fc3de7b9b51c14c99ace17a4 avia-slideshow-featured av_slideshow_full avia-slide-slider av-slideshow-ui av-control-default av-slideshow-manual av-loop-once av-loop-manual-endless av-default-height-applied   avia-slideshow-1' data-slideshow-options=\"{&quot;animation&quot;:&quot;slide&quot;,&quot;autoplay&quot;:false,&quot;loop_autoplay&quot;:&quot;once&quot;,&quot;interval&quot;:5,&quot;loop_manual&quot;:&quot;manual-endless&quot;,&quot;autoplay_stopper&quot;:false,&quot;noNavigation&quot;:false,&quot;bg_slider&quot;:false,&quot;keep_padding&quot;:false,&quot;hoverpause&quot;:false,&quot;show_slide_delay&quot;:0}\"  itemprop=\"image\" itemscope=\"itemscope\" itemtype=\"https:\/\/schema.org\/ImageObject\" ><ul class='avia-slideshow-inner ' style='padding-bottom: 28.666666666667%;'><li  class='avia-slideshow-slide av-l9olo-34f89e96fc3de7b9b51c14c99ace17a4__0  av-single-slide slide-1 slide-odd'><div data-rel='slideshow-1' class='avia-slide-wrap '   ><img decoding=\"async\" fetchpriority=\"high\" class=\"wp-image-54 avia-img-lazy-loading-not-54\"  src=\"https:\/\/kylkirauta.fi\/wp-content\/uploads\/2019\/10\/otsake-kuva_1500x430-1500x430.png\" width=\"1500\" height=\"430\" title='otsake-kuva_1500x430' alt=''  itemprop=\"thumbnailUrl\" srcset=\"https:\/\/kylkirauta.fi\/wp-content\/uploads\/2019\/10\/otsake-kuva_1500x430-1500x430.png 1500w, https:\/\/kylkirauta.fi\/wp-content\/uploads\/2019\/10\/otsake-kuva_1500x430-300x86.png 300w, https:\/\/kylkirauta.fi\/wp-content\/uploads\/2019\/10\/otsake-kuva_1500x430-768x220.png 768w, https:\/\/kylkirauta.fi\/wp-content\/uploads\/2019\/10\/otsake-kuva_1500x430-1030x295.png 1030w, https:\/\/kylkirauta.fi\/wp-content\/uploads\/2019\/10\/otsake-kuva_1500x430-705x202.png 705w, https:\/\/kylkirauta.fi\/wp-content\/uploads\/2019\/10\/otsake-kuva_1500x430.png 1817w\" sizes=\"(max-width: 1500px) 100vw, 1500px\" \/><\/div><\/li><\/ul><\/div><\/div><div id='after_full_slider_1'  class='main_color av_default_container_wrap container_wrap sidebar_right'  ><div class='container av-section-cont-open' ><div class='template-page content  av-content-small alpha units'><div class='post-entry post-entry-type-page post-entry-1036'><div class='entry-content-wrapper clearfix'>\n\n<style type=\"text\/css\" data-created_by=\"avia_inline_auto\" id=\"style-css-av-km4zs-0614ada41eb3461e6efbb361dfbae970\">\n.flex_column.av-km4zs-0614ada41eb3461e6efbb361dfbae970{\nborder-radius:0px 0px 0px 0px;\npadding:0px 0px 0px 0px;\n}\n<\/style>\n<div  class='flex_column av-km4zs-0614ada41eb3461e6efbb361dfbae970 av_one_full  avia-builder-el-1  el_after_av_slideshow_full  el_before_av_hr  avia-builder-el-first  first flex_column_div av-zero-column-padding  '     ><p>\n<style type=\"text\/css\" data-created_by=\"avia_inline_auto\" id=\"style-css-av-av_heading-f6b50c0ae2322960ad7b85ce0f024fb3\">\n#top .av-special-heading.av-av_heading-f6b50c0ae2322960ad7b85ce0f024fb3{\npadding-bottom:10px;\n}\nbody .av-special-heading.av-av_heading-f6b50c0ae2322960ad7b85ce0f024fb3 .av-special-heading-tag .heading-char{\nfont-size:25px;\n}\n.av-special-heading.av-av_heading-f6b50c0ae2322960ad7b85ce0f024fb3 .av-subheading{\nfont-size:15px;\n}\n<\/style>\n<div  class='av-special-heading av-av_heading-f6b50c0ae2322960ad7b85ce0f024fb3 av-special-heading-h3  avia-builder-el-2  el_before_av_hr  avia-builder-el-first '><h3 class='av-special-heading-tag'  itemprop=\"headline\"  >Mannerheim Portugalissa<\/h3><div class=\"special-heading-border\"><div class=\"special-heading-inner-border\"><\/div><\/div><\/div><br \/>\n\n<style type=\"text\/css\" data-created_by=\"avia_inline_auto\" id=\"style-css-av-k5m7b9te-01401dd5e8beb25770de1be03f41ecf3\">\n#top .hr.hr-invisible.av-k5m7b9te-01401dd5e8beb25770de1be03f41ecf3{\nheight:30px;\n}\n<\/style>\n<div  class='hr av-k5m7b9te-01401dd5e8beb25770de1be03f41ecf3 hr-invisible  avia-builder-el-3  el_after_av_heading  el_before_av_textblock '><span class='hr-inner '><span class=\"hr-inner-style\"><\/span><\/span><\/div><br \/>\n<section  class='av_textblock_section av-k8d08-dea0f25c8df625cf22cbdeac32688808 '   itemscope=\"itemscope\" itemtype=\"https:\/\/schema.org\/BlogPosting\" itemprop=\"blogPost\" ><div class='avia_textblock'  itemprop=\"text\" ><p><strong><em>Kylkirauta kunnioittaa Suomen Marsalkka Mannerheimin kuoleman muistop\u00e4iv\u00e4\u00e4 (28.1.) julkaisemalla\u00a0ekonomi Torsti Holvikiven kirjoittaman\u00a0artikkelin &#8221;Mannerheim Portugalissa&#8221;. Artikkelissa tarkastellaan ajallisesti Mannerheimin presidenttikauden loppupuolta. Holvikivi luo mielenkiintoisen ja persoonallisen n\u00e4k\u00f6kulman Mannerheimin el\u00e4m\u00e4n loppuvaiheista.<\/em><\/strong><\/p>\n<p><em>Ekonomi Holvikivi on ennen el\u00e4kkeelle siirtymist\u00e4\u00e4n toiminut Stora Enson maajohtajana Portugalissa. Holvikivi on hyvin perehtynyt Marsalkka Mannerheimin el\u00e4m\u00e4nvaiheisiin, josta t\u00e4m\u00e4kin artikkeli on hyv\u00e4 osoitus. Artikkeli on aiemmin julkaistu Vapaussodan Perint\u00f6 -lehden numerossa 3\/2014.\u00a0\u00a0<\/em><\/p>\n<p><em>Artikkelin on l\u00e4hett\u00e4nyt Kylkiraudan toimitukselle julkaistavaksi\u00a0<strong>majuri evp Olli Vuorio<\/strong>\u00a0(k. 26) Torsti Holvikiven suostumuksella.<\/em><\/p>\n<p><em><strong>&#8221;Kiitollisuutta ei ole paljon t\u00e4ss\u00e4 maailmassa&#8221;<\/strong><\/em><\/p>\n<p>N\u00e4in oli Mannerheim todennut (1) ja saanut sen itse kokea muun muassa jo 30.5.1918 senaatin taholta:\u00a0<em>&#8221;Kun l\u00e4hdin istuntosalista, ei hallituksen j\u00e4senill\u00e4 ollut sanaakaan minulle sanottavana, eik\u00e4 kukaan noussut antamaan minulle k\u00e4tt\u00e4.&#8221;<\/em>\u00a0(2)<\/p>\n<p>Tuskin Mannerheim kuitenkaan osasi kuvitella, ett\u00e4 viel\u00e4 nykyp\u00e4iv\u00e4n\u00e4, jolloin historian kulku on jo kiistatta todistanut h\u00e4nen ainutlaatuisen panoksensa Suomen kansan olemassaololle ja itsen\u00e4isyydelle, julkaistaisiin j\u00e4lkiviisaita, v\u00e4h\u00e4ttelevi\u00e4, valheellisia v\u00e4itt\u00e4mi\u00e4 h\u00e4nen toiminnastaan, kuten my\u00f6s h\u00e4nen persoonastaan. Esimerkkin\u00e4 t\u00e4llaisesta &#8221;luovasta&#8221; historioinnista on\u00a0<strong>tohtori Juhani Suomen<\/strong>\u00a0kirja &#8221;Viimeinen kortti&#8221; (3) ja sen presidentti Mannerheimin Portugalin matkaa marras-joulukuussa 1945 ja sen taustoja koskeva luku &#8221;Praia da Rochan pakolainen&#8221;.<\/p>\n<p>Syksyll\u00e4 1945 78-vuotiaan Mannerheimin terveys oli huonontunut siin\u00e4 m\u00e4\u00e4rin, ett\u00e4 h\u00e4nen l\u00e4\u00e4k\u00e4rins\u00e4<strong>\u00a0tohtori Lauri Kalaja<\/strong>\u00a0toi\u00a0<strong>p\u00e4\u00e4ministeri Paasikivelle<\/strong>\u00a0todistuksen, jonka mukaan presidentin t\u00e4ytyy l\u00e4hte\u00e4 nelj\u00e4ksi viikoksi etel\u00e4\u00e4n (4). Pel\u00e4ttiin sy\u00f6p\u00e4\u00e4, mutta diagnoosi osoitti kyseess\u00e4 olevan vatsahaava ja keuhkostaasi. Takana olivat raskaat sotavuodet seitsenp\u00e4iv\u00e4isine 14 &#8211; 15 -tuntisine ty\u00f6p\u00e4ivineen (5), musertava henkinen paine ja vastuu ei ainoastaan Suomen itsen\u00e4isyyden s\u00e4ilytt\u00e4misest\u00e4 vaan my\u00f6s sen kansan olemassaolosta.<\/p>\n<p>Presidentin ty\u00f6t\u00e4 vaikeutti alati painostava valvontakomissio, &#8221;uuden suunnan&#8221; poliitikkojen juonittelu ja vireill\u00e4 oleva sotasyyllisyysprosessi. Tohtori Suomi v\u00e4h\u00e4ttelee Mannerheimin sairauksia ja v\u00e4itt\u00e4\u00e4, ett\u00e4 h\u00e4n olisi paennut maasta ainakin siksi aikaa, kun syytteeseen\u00ad panoaika olisi kulunut umpeen, ja ett\u00e4 h\u00e4n olisi ep\u00e4r\u00f6inyt palata Suomeen.\u00a0Presidentti kertoi p\u00e4\u00e4ministeri Paasikivelle lukeneensa Pet\u00e4yksen komitean mietinn\u00f6n ja havainneensa, ett\u00e4 siin\u00e4 tahdotaan panna syy puolustusvoimain ylip\u00e4\u00e4llik\u00f6n niskaan. N\u00e4in ollen Mannerheim katsoi, ettei voi l\u00e4hte\u00e4 ulkomaille, vaikka h\u00e4nen l\u00e4\u00e4k\u00e4rins\u00e4 tahtoo, koska sit\u00e4 voisi pit\u00e4\u00e4 pakoilemisena. H\u00e4n tahtoi j\u00e4\u00e4d\u00e4 puolustamaan itse\u00e4\u00e4n syyt\u00f6ksi\u00e4 vastaan (6).\u00a0Mannerheim asetti matkustamisensa ehdoksi, ett\u00e4 h\u00e4nen alaisiinsa upseereihin ei sill\u00e4 v\u00e4lin kohdistettaisi syytteit\u00e4. H\u00e4n sai lupauksen eik\u00e4 keskeytt\u00e4nyt matkavalmistelujaan (7).<\/p>\n<p>Monet hallituksen ministerit ja muut poliitikot, vaikka katsoivatkin, ett\u00e4 maan etu vaati Mannerheimin pit\u00e4mist\u00e4 sotasyyllisyysoikeudenk\u00e4ynnin ulkopuolella, k\u00e4yttiv\u00e4t sen uhkaa painostaakseen h\u00e4nt\u00e4 eroamaan &#8211; oman uran edist\u00e4miseksi.\u00a0<strong>Valvontakomission puheenjohtaja Zdanov<\/strong>\u00a0tiesi t\u00e4m\u00e4n ja raportoi\u00a0<strong>Stalinille<\/strong>, jota suomalaisten poliitikkojen moraalittomuus mahtoi huvittaa. Sen j\u00e4lkeen valvontakomissio oli antanut hallituksen tiet\u00e4\u00e4, ett\u00e4 Mannerheimin suhteen ei ollut vaatimuksia (8). Olisi ollut rehti\u00e4 antaa se h\u00e4nelle tiedoksi.<\/p>\n<p>Zdanov kuitenkin n\u00f6yryytti p\u00e4\u00e4ministeri\u00e4 ja presidentti\u00e4 Portugalin matkaa edelt\u00e4v\u00e4n\u00e4 iltana vaatimalla, ett\u00e4 h\u00e4n lykk\u00e4isi sit\u00e4, kunnes he voivat harkita asiaa vedoten siihen, ett\u00e4 &#8221;Suomi ei ole viel\u00e4 vapaa kansainv\u00e4lisess\u00e4 suhteessa&#8221;, mutta ilmoitti sitten saaneensa Moskovasta tiedon, ettei heill\u00e4 ole mit\u00e4\u00e4n matkaa vastaan. Stalin silloin kuitenkin lomaili Sotshissa, joten Zdavov todenn\u00e4k\u00f6isesti toimi asiassa yksin korostaakseen valtaansa (9).<\/p>\n<p>Mannerheim ei ymm\u00e4rrett\u00e4v\u00e4sti luottanut ven\u00e4l\u00e4isiin. H\u00e4n &#8221;tuntui pelk\u00e4\u00e4v\u00e4n, ett\u00e4 he vaatisivat h\u00e4nen asettamistaan syytteeseen sitten kun h\u00e4n olisi eronnut presidentin teht\u00e4v\u00e4st\u00e4&#8221; (10). Presidentti pelk\u00e4si my\u00f6s eronsa aiheuttavan maalle lis\u00e4\u00e4 vaikeuksia ja halusi velvollisuudentunnosta ja my\u00f6s laajoilta kansalaispiireilt\u00e4 saamiensa vetoomuksien vuoksi pysy\u00e4 paikallaan, kunnes sotasyyllisyysprosessi olisi saatettu p\u00e4\u00e4t\u00f6kseen ja Suomi siten h\u00e4nen johdollaan olisi t\u00e4ytt\u00e4nyt v\u00e4lirauhan ehdot.<\/p>\n<p>T\u00e4t\u00e4 kuvaa h\u00e4nen portugalilaiselle Madeirassa oleskelevalle yst\u00e4v\u00e4lleen Praia da Rochasta 4.6. l\u00e4hett\u00e4m\u00e4ns\u00e4 kirje: &#8221;Onneni ei kuitenkaan ole t\u00e4ydellinen, koska joudun l\u00e4htem\u00e4\u00e4n kauniista maastanne tapaamatta Teit\u00e4, mutta matka Madeiraan on liian pitk\u00e4 ja ennen kaikkea liian ep\u00e4varma, kun velvollisuudet kutsuvat&#8230; matkastani p\u00e4\u00e4tettiin vasta viime hetkell\u00e4, kun l\u00e4\u00e4k\u00e4rini antoi lausunnon, ett\u00e4 en voinut parantua kuin sill\u00e4 ehdolla, ett\u00e4 joksikin aikaa j\u00e4t\u00e4n ty\u00f6ni ja koko sen ilmapiirin, jossa sit\u00e4 hoidan, ett\u00e4 tarvitsin lepoa ja aurinkoa. Olen tyytyv\u00e4inen l\u00f6ydetty\u00e4ni molempia ja voin paremmin, mutta viikon kuluttua aion l\u00e4hte\u00e4 matkalle kohti pohjoista toivoen, ett\u00e4 paranemiseni jatkuisi ainakin jonkin aikaa&#8221; (11).<\/p>\n<div id=\"attachment_2299\" style=\"width: 1022px\" class=\"wp-caption aligncenter\"><img loading=\"lazy\" decoding=\"async\" aria-describedby=\"caption-attachment-2299\" class=\"wp-image-2299 size-full\" src=\"https:\/\/kylkirauta.fi\/wp-content\/uploads\/2015\/01\/Mannerheim_aulassa.jpg\" alt=\"\" width=\"1012\" height=\"696\" srcset=\"https:\/\/kylkirauta.fi\/wp-content\/uploads\/2015\/01\/Mannerheim_aulassa.jpg 1012w, https:\/\/kylkirauta.fi\/wp-content\/uploads\/2015\/01\/Mannerheim_aulassa-300x206.jpg 300w, https:\/\/kylkirauta.fi\/wp-content\/uploads\/2015\/01\/Mannerheim_aulassa-768x528.jpg 768w, https:\/\/kylkirauta.fi\/wp-content\/uploads\/2015\/01\/Mannerheim_aulassa-705x485.jpg 705w\" sizes=\"auto, (max-width: 1012px) 100vw, 1012px\" \/><p id=\"caption-attachment-2299\" class=\"wp-caption-text\">Suomen marsalkan kuvan vieress\u00e4 on kuva h\u00e4nen kirjeest\u00e4\u00e4n: &#8221;Nelj\u00e4n viikon aikana olen nauttinut t\u00e4ydellisest\u00e4 levosta ja auringosta &#8211; ik\u00e4v\u00f6iden l\u00e4hden t\u00e4st\u00e4 ihanasta paikasta ja hotelli Bela Vistasta&#8230;&#8221; Valokuva: Torsti Holvikivi<\/p><\/div>\n<div class=\"img_caption none\"><\/div>\n<p>Paasikivelle Mannerheim s\u00e4hk\u00f6tti 9.12. aloittavansa paluumatkan 20.12. Tarkoitus oli lent\u00e4\u00e4 Lissabonista Pariisiin, mutta k\u00e4vi ilmi, ett\u00e4 t\u00e4t\u00e4 yhteytt\u00e4 ei reittilentona ollutkaan vaan matka olisi pit\u00e4nyt tehd\u00e4 yksityiskoneella, joten vaihtoehdoksi j\u00e4i junayhteys Madridin kautta. Mannerheimin sairastuminen San Sebastianissa viivytti paluuta Tukholmaan 29.12. asti, ja Suomeen jatkettiin ensimm\u00e4isell\u00e4 laivalla 1.1.1946.<\/p>\n<p>Tohtori Suomen mukaan p\u00e4\u00e4ministeri Salazar n\u00e4ytt\u00e4\u00e4 pohdiskelleen, tulisiko marsalkka palaamaan Suomeen en\u00e4\u00e4 lainkaan (12), mutta t\u00e4st\u00e4 ei ole mit\u00e4\u00e4n viitett\u00e4 Salazarin 15 minuutin tarkkuudella pit\u00e4m\u00e4ss\u00e4 p\u00e4iv\u00e4kirjassa eik\u00e4 miss\u00e4\u00e4n muussakaan alkuper\u00e4isess\u00e4 l\u00e4hdeaineistossa.<\/p>\n<p>Jos Mannerheimilla olisi ollut pieninkin aikomus j\u00e4\u00e4d\u00e4 Portugaliin, olisi luonnollista, ett\u00e4 h\u00e4n olisi maininnut siit\u00e4 tapaamisissaan presidentti, kenraali Carmonan (13) tai p\u00e4\u00e4ministeri Salazarin kanssa; niiss\u00e4 k\u00e4siteltiin &#8221;Euroopan ongelmia, suurvaltojen politiikkaa ja Suomen sotien ongelmia ja tosiasioita&#8221; (14). My\u00f6sk\u00e4\u00e4n tapaamisis-saan portugalilaisten &#8221;kolmannen sukupolven serkkujensa&#8221; kanssa suvun nykyisen p\u00e4\u00e4miehen kreivit\u00e4r Luisa Correa de Henriquesin mukaan (15) Mannerheim ei ollut maininnut mit\u00e4\u00e4n t\u00e4h\u00e4n viittaavaa. Junamatkalla Lissabonista Madridiin oli seurana Espanjan Portugalin suurl\u00e4hettil\u00e4s Nicolas Franco, Generalissimo Francisco Francon veli. Kummankaan arkistoissa ei ole mit\u00e4\u00e4n viitett\u00e4 siihen, ett\u00e4 Mannerheim ei olisi aikonut palata Suomeen. (16)<\/p>\n<p>Portugali my\u00f6nsi oleskeluluvan mm. Romanian entiselle kuninkaalle Kaarle (Carol) II:lle, Italian entiselle kuninkaalle Umberto ll:lle ja Espanjan kruununperij\u00e4lle Don Juan de Borb\u00f3nillekin, vaikka t\u00e4m\u00e4 tavoitteli Portugalin kanssa liittosuhteessa olevan Francon syrj\u00e4ytt\u00e4mist\u00e4, joten varmasti maa olisi antanut sen my\u00f6s Mannerheimille, sill\u00e4 t\u00e4t\u00e4 arvostettiin ja ihailtiin jo h\u00e4nen yhteisen vihollisen eli impe-rialistisen kommunismin vastaisen taistelunsakin vuoksi. Espanja puolestaan esitti Mannerheimille kutsun vuonna 1947 ja 1948 tulla oleskelemaan maahan sen hallituksen vieraana kirjoittaakseen muistelmansa. (17)<\/p>\n<p>Vuonna 1976 Suomen Kuvalehti julkaisi otteita &#8221;Toinen tasavalta&#8221; -nimisest\u00e4 kirjasta (18), jossa v\u00e4itettiin, ett\u00e4 Mannerheim olisi paennut Portugaliin ja ett\u00e4 h\u00e4n viel\u00e4 Tukholmassa olisi ep\u00e4r\u00f6inyt palata Suomeen. Matkalla adjutanttina mukana ollut\u00a0<strong>kenraalimajuri Ragnar Gr\u00f6nvall<\/strong>\u00a0kiisti n\u00e4m\u00e4 v\u00e4itteet lehden seuraavassa numerossa:<\/p>\n<p><em>&#8221;Seh\u00e4n on rivi rivilt\u00e4 t\u00e4ynn\u00e4 tahallisia valheita, ilke\u00e4mielist\u00e4 panettelua, asioiden v\u00e4\u00e4ristely\u00e4, erheellisi\u00e4 johtop\u00e4\u00e4t\u00f6ksi\u00e4 ja yleist\u00e4 tiet\u00e4m\u00e4tt\u00f6myytt\u00e4. Suomen marsalkka ei koskaan pakoillut vastuutaan, yht\u00e4 v\u00e4h\u00e4n kuin t\u00e4rkeit\u00e4 teht\u00e4vi\u00e4\u00e4n. H\u00e4n oli luonteeltaan mit\u00e4 velvollisuudentuntoisin. Antoi kaiken aikansa ja kaikki voimansa palvellakseen maataan. Olihan Mannerheim pyynn\u00f6st\u00e4 kantanut nelj\u00e4sti aikansa raskaimman taakan hartioillaan, pelastaen kulloinkin maansa t\u00e4ydelliselt\u00e4 tuholta. Onkohan historiasta l\u00f6ydett\u00e4viss\u00e4 toista vastaavaa suoritusta? &#8230; T\u00e4lt\u00e4 kirjoittajien nimitt\u00e4m\u00e4lt\u00e4 pakomatkalta h\u00e4n sitten palasi t\u00e4ysin vapaaehtoisesti, kenenk\u00e4\u00e4n edes kehottamatta. Jopa liian ennenaikaisesti terveyteens\u00e4 n\u00e4hden, tapahtumien yh\u00e4 kipe\u00e4mmin vaatiessa h\u00e4nen l\u00e4sn\u00e4oloaan kotimaassa. Mannerheimilla ei ollut pienint\u00e4k\u00e4\u00e4n aikomusta, eik\u00e4 edes fyysist\u00e4 mahdollisuutta viipy\u00e4 presidentin virassa p\u00e4iv\u00e4\u00e4k\u00e4\u00e4n sen j\u00e4lkeen, kun h\u00e4n itse katsoi teht\u00e4v\u00e4ns\u00e4 suoritetuksi. Niinp\u00e4 h\u00e4n kohta paluunsa j\u00e4lkeen Portugalista kirjoitti eroanomuksensa allekirjoitustaan my\u00f6ten valmiiksi ja k\u00e4skien minun s\u00e4ilytt\u00e4\u00e4 se lukitussa p\u00f6yt\u00e4laatikossa. &#8230; Eritt\u00e4in ep\u00e4stabiili ja muutenkin arveluttava tilanne maassamme, samoin kuin psykologisesti mit\u00e4 tyhmimm\u00e4t painostusyritykset aiheuttivat kuitenkin sen, ett\u00e4 Mannerheim katsoi velvollisuudekseen lyk\u00e4t\u00e4 eroamisp\u00e4\u00e4t\u00f6ksens\u00e4 yli alunpit\u00e4en suunnittelemansa ajankohdan. Puheet Mannerheimin pelosta ja jopa hysteerisest\u00e4 pelosta j\u00e4t\u00e4n omaan arvoonsa&#8221;<\/em>\u00a0(19).<\/p>\n<p>Tohtori Suomi kirjoitti, ett\u00e4 sotasyyllisyysoikeudenk\u00e4ynnin syytteeseenpanoaika oli &#8221;turvallisesti jo umpeutunut&#8221; kaksi p\u00e4iv\u00e4\u00e4 ennen Mannerheimin paluuta Suomeen. Sen perusteella, mit\u00e4 Stalinin toimintatavoista tied\u00e4mme, t\u00e4ll\u00e4 ei varmastikaan ollut mit\u00e4\u00e4n merkityst\u00e4, mik\u00e4li h\u00e4n olisi halunnut Mannerheimin syytteeseen. Mainittakoon vain yhten\u00e4 suomalaisia koskevana esimerkkin\u00e4, ett\u00e4 Molotov vuonna 1946 syksyll\u00e4 vaati Ranskan hallitusta luovuttamaan sen tiedustelupalvelussa ty\u00f6skentelev\u00e4t everstit eli tiedustelup\u00e4\u00e4llikk\u00f6 Paasosen ja radiotiedustelup\u00e4\u00e4llikk\u00f6 Hallamaan. Se vastasi heid\u00e4n jo poistuneen maasta &#8211; todellisuudessa heid\u00e4t oli t\u00e4m\u00e4n vuoksi siirretty Ranskan miehitysvy\u00f6hykkeelle Saksaan (20).<\/p>\n<p>Miksi Neuvostoliitto ei vaatinut Mannerheimia syytetyksi sotasyylli-syysoikeudenk\u00e4ynniss\u00e4? Jo rauhantunnustelujen yhteydess\u00e4 marraskuussa 1943 Neuvostoliiton Tukholman\u00a0<strong>suurl\u00e4hettil\u00e4s Aleksandra Kollontai<\/strong>\u00a0t\u00e4hdensi Stalinille, ett\u00e4 Mannerheim on saatava rauhan takuumieheksi. H\u00e4n sai Stalinin vakuutuksen siit\u00e4, ett\u00e4 Neuvostoliitolla ei olisi sodan j\u00e4lkeen Mannerheimiin liittyvi\u00e4 henkil\u00f6kohtaisia vaatimuksia. Kun Eero A. Vuori Tukholmassa hein\u00e4kuun alussa 1944 tunnusteli Kollontailta Neuvostoliiton suhtautumista Suomen pakolaishallituksen perustamiseen, mit\u00e4 jotkut rauhanopposition aktivistit kaavailivat, t\u00e4m\u00e4 vastasi, ett\u00e4 Neuvostoliitto haluaa olla tekemisiss\u00e4 vakaan ja luotettavan hallituksen kanssa, sellaisen, jonka johdolla on voimaa ja auktoriteettia, kuten esimerkiksi Mannerheimilla.<\/p>\n<p>Kun\u00a0<strong>sis\u00e4ministeri Yrj\u00f6 Leino<\/strong>\u00a0puhui vaalien j\u00e4lkeen maaliskuussa 1945 Zdanoville Mannerheimin erottamisesta, t\u00e4m\u00e4 varoitti kommunisteja mustaamasta Mannerheimia varsinkaan sotasyyllisyysasiassa. Marsalkka oli sent\u00e4\u00e4n solminut rauhan, ja h\u00e4nest\u00e4 oli edelleen hy\u00f6ty\u00e4 presidenttin\u00e4 (21).<\/p>\n<p>Tammikuun lopussa 1946 Zdanov v\u00e4litti Moskovasta Stalinin ohjeen mukaan kenraali Savonenkoville, mit\u00e4 t\u00e4m\u00e4n tuli ilmoittaa henkil\u00f6kohtaisesti ja sanatarkasti Punaisen Ristin sairaalassa olevalle presidentille:\u00a0<em>&#8221;Saattakaa Mannerheimin tietoon, ett\u00e4 jos Mannerheim eroaa, niin h\u00e4n, Mannerheim, voi l\u00e4hte\u00e4 siit\u00e4, ettei Ven\u00e4j\u00e4 salli kenenk\u00e4\u00e4n katsoa, ett\u00e4 h\u00e4net, Mannerheim, pit\u00e4\u00e4 vangita, sill\u00e4 Mannerheim on solminut Suomen v\u00e4li\u00ad rauhansopimuksen SNTL:n kanssa ja sen avulla turvannut itsens\u00e4 kaikkien sattumusten varalta&#8221;<\/em>\u00a0(22).<\/p>\n<p>Vuoden 1945 lokakuussa suomalainen kulttuurivaltuuskunta oli vieraillut Moskovassa. Banketin yhteydess\u00e4<strong>\u00a0ministeri Johan Helo<\/strong>\u00a0oli pyydellyt Stalinilta anteeksi sit\u00e4, ett\u00e4 suomalaiset olivat h\u00e4p\u00e4isseet sotilasmainettaan taistelemalla Neuvostoliittoa vastaan. Stalin oli vastannut:\u00a0<em>&#8221;\u00c4lk\u00e4\u00e4 te suomalaiset aiheetta halventako armeijaanne. Me, jos ketk\u00e4\u00e4n, tied\u00e4mme omasta kokemuksestamme, ett\u00e4 teid\u00e4n pieni armeijanne on pystynyt sellaisiin suorituksiin, ett\u00e4 jos er\u00e4iss\u00e4 paljon suuremmissa armeijoissa olisi ollut samanlainen henki ja johto, niin koko toisen maailmansodan kulku olisi muodostunut aivan toisenlaiseksi, ja maailma olisi s\u00e4\u00e4stynyt suurilta h\u00e4vityksilt\u00e4. Teill\u00e4 suomalaisilla on marsalkka Mannerheimissa suuri ja realistinen sodanjohtaja, jolla on ammattisotilaalle harvinaiset poikkeukselliset valtiomiehen ominaisuudet.&#8221;<\/em><\/p>\n<p>Vuonna 1948 YYA-sopimuksen loppubanketissa Stalin kohotti maljan Suomen urhoolliselle armeijalle. Sen j\u00e4lkeen h\u00e4n k\u00e4\u00e4ntyi<strong>\u00a0p\u00e4\u00e4ministeri Pekkalan<\/strong>\u00a0puoleen ja kysyi, miten Suomen marsalkka nyt jaksaa. Kun Pekkala oli vastannut hiukan v\u00e4h\u00e4tellen, ett\u00e4 noo, miten nyt vanha mies jaksaa, Stalin oli sanonut vakavasti Pekkalalle:\u00a0<em>&#8221;Kuulkaahan nyt, p\u00e4\u00e4ministeri, Suomi saa kiitt\u00e4\u00e4 vanhaa marsalkkaansa hyvin paljosta!&#8221; (23).<\/em><\/p>\n<p><strong>K.A. Fagerholm<\/strong>\u00a0kirjoitti muistelmateoksessaan &#8221;Puhemiehen \u00e4\u00e4ni&#8221;:\u00a0<em>&#8221;\u00c4skett\u00e4in on pari tietynlaista tutkijanplanttua yritt\u00e4nyt riist\u00e4\u00e4 Mannerheimilta kunnian ja maineen siksi, ett\u00e4 h\u00e4n muka olisi paennut maasta: h\u00e4n ei siis olisi ollut sairas ja heikko matkustaessaan Portugaliin. Pian kai saamme lukea, ett\u00e4 my\u00f6s Paasikivi pannaan matalaksi. Meid\u00e4n maallamme ei saa olla suurmiehi\u00e4. Kun he ovat kuolleet, heist\u00e4 pit\u00e4\u00e4 tehd\u00e4 pieni\u00e4.&#8221;<\/em>\u00a0(24)<\/p>\n<p>Neuvostoliitto tuomitsi jo vuonna 1959 Stalinin ajan virheet, mutta miksi Suomi ei ole viel\u00e4k\u00e4\u00e4n kumonnut sotasyyllisyyslakia? &#8221;Sotasyyllisiksi&#8221; tuomitut eiv\u00e4t tietenk\u00e4\u00e4n kunniaansa menett\u00e4neet, joten sit\u00e4 ei tarvitse palauttaa, mutta Suomen kansan olisi oman kunniansa palauttamiseksi se kumottava.<\/p>\n<p><em>Viittaukset l\u00e4hteisiin<\/em><br \/>\n<em>(1) Erik Heinrichs: Mannerheim Suomen kohtaloissa 11, Otava 1959, s. 426<\/em><br \/>\n<em>(2) G. Mannerheim: Muistelmat 1, Otava 1951, s. 355<\/em><br \/>\n<em>(3) Juhani Suomi: Mannerheim &#8211; viimeinen kortti, Kustannusosakeyhti\u00f6 Siltala 2013<\/em><br \/>\n<em>(4) J.K. Paasikiven p\u00e4iv\u00e4kirjat, ensimm\u00e4inen osa, WSOY 1985, s. 226<\/em><br \/>\n<em>(5) Erkki Sutela: Marskin p\u00e4\u00e4majasta ritareiden sotapoluille, Ky-menlaakso Terveyden Turva 1994, s. 32; Ilmari Ojala: Manner-heimin p\u00e4\u00e4majan arkea ja juhlaa, Karisto 2000, s. 22<\/em><br \/>\n<em>(6) J.K. Paasikiven p\u00e4iv\u00e4kirjat, s. 223<\/em><br \/>\n<em>(7) Lasse Lehtinen &#8211; Hannu Rautkallio: Kansakunnan sijaisk\u00e4rsij\u00e4t. Sotasyyllisyys uudelleen arvioituna, WSOY 2005, s. 156<\/em><br \/>\n<em>(8) Sakari Virkkunen: Marsalkka ja presidentti, Otava 1989, s. 503<\/em><br \/>\n<em>(9) J.K. Paasikiven p\u00e4iv\u00e4kirjat, s. 233; Lehtinen &#8211; Rautkallio, s. 156 -158<\/em><br \/>\n<em>(10) Virkkunen, s. 503<\/em><br \/>\n<em>(11) Torsti Holvikivi: Suomen Kuvalehti 22\/2004; Mannerheimin kirje Maria do Carmo Noronha Husumille 4.12.1945<\/em><br \/>\n<em>(12) Juhani Suomi: Mannerheim &#8211; viimeinen kortti, Kustannus-osakeyhti\u00f6 Siltala 2013, s.639<\/em><br \/>\n<em>(13) Presidentti Carmonan arkistossa Museu da Presidencia da Republicassa ei ole mit\u00e4\u00e4n muistiota kahdesta tapaamisesta Mannerheimin kanssa, ainoastaan t\u00e4m\u00e4n omak\u00e4tinen kiitoskirje presidentille, NPR\/APOC\/CX44\/053<\/em><br \/>\n<em>(14) Salazarin p\u00e4iv\u00e4kirja 18. ja 19. joulukuuta 1945, Arquivo Salazar, Biblioteca Nacional,<\/em><br \/>\n<em>Lisboa<\/em><br \/>\n<em>(15) Kirjoittajan keskustelut h\u00e4nen kanssaan vuosina 2006 &#8211; 2008<\/em><br \/>\n<em>(16) Fundaci6n Nacional Francisco Francon arkisto ja Nicolas Franco Povilin kirje tekij\u00e4lle<\/em><br \/>\n<em>(17) Espanjan Suomeen akreditoidun l\u00e4hettil\u00e4\u00e4n, Nantoulletin markiisin Pedro de Prat y Soutzon raportti Espanjan ulkoministerille n.233 EXP.R maaliskuussa 1948. &#8221;Asia: Lounas marsalkka Mannerheimin kunniaksi. H\u00e4nen mielipiteens\u00e4 suomalais-neuvosto\u00ad liittolaisista neuvotteluista. H\u00e4nen halunsa hyv\u00e4ksy\u00e4 Espanjan hallituksen kutsu.&#8221;<\/em><br \/>\n<em>(18) Paavo K\u00e4hk\u00f6l\u00e4 &#8211; Toivo Pihlajaniemi &#8211; Sauli Pyyluoma: Toinen tasavalta, Otava 1976<\/em><br \/>\n<em>(19) Ragnar Gr\u00f6nvall: Mannerheim ei koskaan pakoillut vastuutaan, Suomen Kuvalehti 11\/1976<\/em><br \/>\n<em>(20) Joppe Karhunen: Reino Hallamaan salamasotaa, Weilin + G\u00f6\u00f6s 1980, s. 247; Johanna Parikka Altenstedt: Flora Bartha Paa-sonen. Vaiettu tarina, Docendo 2013, s. 193, 201<br \/>\n(21) Jukka Tarkka: Sotasyyllisyys ja historiantaito, WSOY 2009, s. 156 &#8211; 157, 162<br \/>\n(22) Muun muassa Lehtinen &#8211; Rautkallio, s. 159, Tarkka s. 165, J.K. Paasikiven p\u00e4iv\u00e4kirjat s 276 &#8211; 277, Virkkunen s. 491, 512<br \/>\n(23) Erkki Sutela: Heinrichsin adjutanttina, Otava 1979, s. 275 &#8211; 276<br \/>\n(24) K.A. Fagerholm: Puhemiehen \u00e4\u00e4ni, Kustannusosakeyhti\u00f6 Tammi, 1977, s.211<\/em><\/p>\n<\/div><\/section><\/p><\/div><div  class='hr av-6zsyz-b471ba5482e75b0a604afa4166a853a5 hr-default  avia-builder-el-5  el_after_av_one_full  el_before_av_blog '><span class='hr-inner '><span class=\"hr-inner-style\"><\/span><\/span><\/div><\/p>\n<div  class='av-alb-blogposts template-blog  '  itemscope=\"itemscope\" itemtype=\"https:\/\/schema.org\/Blog\" ><article class=\"post-entry post-entry-type-standard post-entry-8921 post-loop-1 post-parity-odd bloglist-simple with-slider post-8921 post type-post status-publish format-standard has-post-thumbnail hentry category-artikkeli category-artikkeli-2026\"  itemscope=\"itemscope\" itemtype=\"https:\/\/schema.org\/BlogPosting\" ><div class=\"blog-meta\"><\/div><div class='entry-content-wrapper clearfix standard-content'><header class=\"entry-content-header\"><h2 class='post-title entry-title '  itemprop=\"headline\" ><a href=\"https:\/\/kylkirauta.fi\/index.php\/2026\/04\/20\/kaaderilaulajien-julkaisutoiminta\/\" rel=\"bookmark\" title=\"Permanent Link: Kaaderilaulajien julkaisutoiminta\">Kaaderilaulajien julkaisutoiminta<span class=\"post-format-icon minor-meta\"><\/span><\/a><\/h2><span class=\"post-meta-infos\"><time class=\"date-container minor-meta updated\"  itemprop=\"datePublished\" datetime=\"2026-04-20T15:45:24+03:00\" >20.4.2026<\/time><span class=\"text-sep\">\/<\/span><span class=\"blog-categories minor-meta\">in <a href=\"https:\/\/kylkirauta.fi\/index.php\/category\/artikkeli\/\" rel=\"tag\">Artikkeli<\/a>, <a href=\"https:\/\/kylkirauta.fi\/index.php\/category\/artikkeli-2026\/\" rel=\"tag\">Artikkeli 2026<\/a><\/span><span class=\"text-sep\">\/<\/span><span class=\"blog-author minor-meta\">by <span class=\"entry-author-link\"  itemprop=\"author\" ><span class=\"author\"><span class=\"fn\"><a href=\"https:\/\/kylkirauta.fi\/index.php\/author\/karisain\/\" title=\"Kirjoittanut: Kari Sainio\" rel=\"author\">Kari Sainio<\/a><\/span><\/span><\/span><\/span><div class=\"read-more-link\"><a href=\"https:\/\/kylkirauta.fi\/index.php\/2026\/04\/20\/kaaderilaulajien-julkaisutoiminta\/\" class=\"more-link\">Read more<span class=\"more-link-arrow\"><\/span><\/a><\/div><\/span><\/header><footer class=\"entry-footer\"><\/footer><div class='post_delimiter'><\/div><\/div><div class=\"post_author_timeline\"><\/div><span class='hidden'>\n\t\t\t\t<span class='av-structured-data'  itemprop=\"image\" itemscope=\"itemscope\" itemtype=\"https:\/\/schema.org\/ImageObject\" >\n\t\t\t\t\t\t<span itemprop='url'>https:\/\/kylkirauta.fi\/wp-content\/uploads\/2026\/04\/Artikkeli-4-2026-2.jpg<\/span>\n\t\t\t\t\t\t<span itemprop='height'>487<\/span>\n\t\t\t\t\t\t<span itemprop='width'>843<\/span>\n\t\t\t\t<\/span>\n\t\t\t\t<span class='av-structured-data'  itemprop=\"publisher\" itemtype=\"https:\/\/schema.org\/Organization\" itemscope=\"itemscope\" >\n\t\t\t\t\t\t<span itemprop='name'>Kari Sainio<\/span>\n\t\t\t\t\t\t<span itemprop='logo' itemscope itemtype='https:\/\/schema.org\/ImageObject'>\n\t\t\t\t\t\t\t<span itemprop='url'>https:\/\/kylkirauta.fi\/wp-content\/uploads\/2020\/02\/kkunta_weblogo-100x100-1.png<\/span>\n\t\t\t\t\t\t<\/span>\n\t\t\t\t<\/span><span class='av-structured-data'  itemprop=\"author\" itemscope=\"itemscope\" itemtype=\"https:\/\/schema.org\/Person\" ><span itemprop='name'>Kari Sainio<\/span><\/span><span class='av-structured-data'  itemprop=\"datePublished\" datetime=\"2026-04-20T15:45:24+03:00\" >2026-04-20 15:45:24<\/span><span class='av-structured-data'  itemprop=\"dateModified\" itemtype=\"https:\/\/schema.org\/dateModified\" >2026-04-20 15:45:24<\/span><span class='av-structured-data'  itemprop=\"mainEntityOfPage\" itemtype=\"https:\/\/schema.org\/mainEntityOfPage\" ><span itemprop='name'>Kaaderilaulajien julkaisutoiminta<\/span><\/span><\/span><\/article><article class=\"post-entry post-entry-type-standard post-entry-8884 post-loop-2 post-parity-even bloglist-simple with-slider post-8884 post type-post status-publish format-standard has-post-thumbnail hentry category-artikkeli category-artikkeli-2026\"  itemscope=\"itemscope\" itemtype=\"https:\/\/schema.org\/BlogPosting\" ><div class=\"blog-meta\"><\/div><div class='entry-content-wrapper clearfix standard-content'><header class=\"entry-content-header\"><h2 class='post-title entry-title '  itemprop=\"headline\" ><a href=\"https:\/\/kylkirauta.fi\/index.php\/2026\/03\/27\/kaaderilaulajien-ukraina-tukikonsertit\/\" rel=\"bookmark\" title=\"Permanent Link: Kaaderilaulajien Ukraina-tukikonsertit\">Kaaderilaulajien Ukraina-tukikonsertit<span class=\"post-format-icon minor-meta\"><\/span><\/a><\/h2><span class=\"post-meta-infos\"><time class=\"date-container minor-meta updated\"  itemprop=\"datePublished\" datetime=\"2026-03-27T12:30:38+02:00\" >27.3.2026<\/time><span class=\"text-sep\">\/<\/span><span class=\"blog-categories minor-meta\">in <a href=\"https:\/\/kylkirauta.fi\/index.php\/category\/artikkeli\/\" rel=\"tag\">Artikkeli<\/a>, <a href=\"https:\/\/kylkirauta.fi\/index.php\/category\/artikkeli-2026\/\" rel=\"tag\">Artikkeli 2026<\/a><\/span><span class=\"text-sep\">\/<\/span><span class=\"blog-author minor-meta\">by <span class=\"entry-author-link\"  itemprop=\"author\" ><span class=\"author\"><span class=\"fn\"><a href=\"https:\/\/kylkirauta.fi\/index.php\/author\/karisain\/\" title=\"Kirjoittanut: Kari Sainio\" rel=\"author\">Kari Sainio<\/a><\/span><\/span><\/span><\/span><div class=\"read-more-link\"><a href=\"https:\/\/kylkirauta.fi\/index.php\/2026\/03\/27\/kaaderilaulajien-ukraina-tukikonsertit\/\" class=\"more-link\">Read more<span class=\"more-link-arrow\"><\/span><\/a><\/div><\/span><\/header><footer class=\"entry-footer\"><\/footer><div class='post_delimiter'><\/div><\/div><div class=\"post_author_timeline\"><\/div><span class='hidden'>\n\t\t\t\t<span class='av-structured-data'  itemprop=\"image\" itemscope=\"itemscope\" itemtype=\"https:\/\/schema.org\/ImageObject\" >\n\t\t\t\t\t\t<span itemprop='url'>https:\/\/kylkirauta.fi\/wp-content\/uploads\/2026\/03\/3-2026-artikkeli.jpg<\/span>\n\t\t\t\t\t\t<span itemprop='height'>487<\/span>\n\t\t\t\t\t\t<span itemprop='width'>843<\/span>\n\t\t\t\t<\/span>\n\t\t\t\t<span class='av-structured-data'  itemprop=\"publisher\" itemtype=\"https:\/\/schema.org\/Organization\" itemscope=\"itemscope\" >\n\t\t\t\t\t\t<span itemprop='name'>Kari Sainio<\/span>\n\t\t\t\t\t\t<span itemprop='logo' itemscope itemtype='https:\/\/schema.org\/ImageObject'>\n\t\t\t\t\t\t\t<span itemprop='url'>https:\/\/kylkirauta.fi\/wp-content\/uploads\/2020\/02\/kkunta_weblogo-100x100-1.png<\/span>\n\t\t\t\t\t\t<\/span>\n\t\t\t\t<\/span><span class='av-structured-data'  itemprop=\"author\" itemscope=\"itemscope\" itemtype=\"https:\/\/schema.org\/Person\" ><span itemprop='name'>Kari Sainio<\/span><\/span><span class='av-structured-data'  itemprop=\"datePublished\" datetime=\"2026-03-27T12:30:38+02:00\" >2026-03-27 12:30:38<\/span><span class='av-structured-data'  itemprop=\"dateModified\" itemtype=\"https:\/\/schema.org\/dateModified\" >2026-03-27 12:30:38<\/span><span class='av-structured-data'  itemprop=\"mainEntityOfPage\" itemtype=\"https:\/\/schema.org\/mainEntityOfPage\" ><span itemprop='name'>Kaaderilaulajien Ukraina-tukikonsertit<\/span><\/span><\/span><\/article><article class=\"post-entry post-entry-type-standard post-entry-8786 post-loop-3 post-parity-odd post-entry-last bloglist-simple with-slider post-8786 post type-post status-publish format-standard has-post-thumbnail hentry category-artikkeli category-artikkeli-2026\"  itemscope=\"itemscope\" itemtype=\"https:\/\/schema.org\/BlogPosting\" ><div class=\"blog-meta\"><\/div><div class='entry-content-wrapper clearfix standard-content'><header class=\"entry-content-header\"><h2 class='post-title entry-title '  itemprop=\"headline\" ><a href=\"https:\/\/kylkirauta.fi\/index.php\/2026\/02\/23\/risto-sinkko-eu-kansalaisten-nakemyksia-turvallisuudesta-ja-puolustuksesta\/\" rel=\"bookmark\" title=\"Permanent Link: Risto Sinkko: EU-kansalaisten n\u00e4kemyksi\u00e4 turvallisuudesta ja puolustuksesta\">Risto Sinkko: EU-kansalaisten n\u00e4kemyksi\u00e4 turvallisuudesta ja puolustuksesta<span class=\"post-format-icon minor-meta\"><\/span><\/a><\/h2><span class=\"post-meta-infos\"><time class=\"date-container minor-meta updated\"  itemprop=\"datePublished\" datetime=\"2026-02-23T17:08:33+02:00\" >23.2.2026<\/time><span class=\"text-sep\">\/<\/span><span class=\"blog-categories minor-meta\">in <a href=\"https:\/\/kylkirauta.fi\/index.php\/category\/artikkeli\/\" rel=\"tag\">Artikkeli<\/a>, <a href=\"https:\/\/kylkirauta.fi\/index.php\/category\/artikkeli-2026\/\" rel=\"tag\">Artikkeli 2026<\/a><\/span><span class=\"text-sep\">\/<\/span><span class=\"blog-author minor-meta\">by <span class=\"entry-author-link\"  itemprop=\"author\" ><span class=\"author\"><span class=\"fn\"><a href=\"https:\/\/kylkirauta.fi\/index.php\/author\/karisain\/\" title=\"Kirjoittanut: Kari Sainio\" rel=\"author\">Kari Sainio<\/a><\/span><\/span><\/span><\/span><div class=\"read-more-link\"><a href=\"https:\/\/kylkirauta.fi\/index.php\/2026\/02\/23\/risto-sinkko-eu-kansalaisten-nakemyksia-turvallisuudesta-ja-puolustuksesta\/\" class=\"more-link\">Read more<span class=\"more-link-arrow\"><\/span><\/a><\/div><\/span><\/header><footer class=\"entry-footer\"><\/footer><div class='post_delimiter'><\/div><\/div><div class=\"post_author_timeline\"><\/div><span class='hidden'>\n\t\t\t\t<span class='av-structured-data'  itemprop=\"image\" itemscope=\"itemscope\" itemtype=\"https:\/\/schema.org\/ImageObject\" >\n\t\t\t\t\t\t<span itemprop='url'>https:\/\/kylkirauta.fi\/wp-content\/uploads\/2026\/02\/Artikkeli-MSC-artikkeli.jpg<\/span>\n\t\t\t\t\t\t<span itemprop='height'>487<\/span>\n\t\t\t\t\t\t<span itemprop='width'>843<\/span>\n\t\t\t\t<\/span>\n\t\t\t\t<span class='av-structured-data'  itemprop=\"publisher\" itemtype=\"https:\/\/schema.org\/Organization\" itemscope=\"itemscope\" >\n\t\t\t\t\t\t<span itemprop='name'>Kari Sainio<\/span>\n\t\t\t\t\t\t<span itemprop='logo' itemscope itemtype='https:\/\/schema.org\/ImageObject'>\n\t\t\t\t\t\t\t<span itemprop='url'>https:\/\/kylkirauta.fi\/wp-content\/uploads\/2020\/02\/kkunta_weblogo-100x100-1.png<\/span>\n\t\t\t\t\t\t<\/span>\n\t\t\t\t<\/span><span class='av-structured-data'  itemprop=\"author\" itemscope=\"itemscope\" itemtype=\"https:\/\/schema.org\/Person\" ><span itemprop='name'>Kari Sainio<\/span><\/span><span class='av-structured-data'  itemprop=\"datePublished\" datetime=\"2026-02-23T17:08:33+02:00\" >2026-02-23 17:08:33<\/span><span class='av-structured-data'  itemprop=\"dateModified\" itemtype=\"https:\/\/schema.org\/dateModified\" >2026-02-23 17:29:54<\/span><span class='av-structured-data'  itemprop=\"mainEntityOfPage\" itemtype=\"https:\/\/schema.org\/mainEntityOfPage\" ><span itemprop='name'>Risto Sinkko: EU-kansalaisten n\u00e4kemyksi\u00e4 turvallisuudesta ja puolustuksesta<\/span><\/span><\/span><\/article><div class='bloglist-simple'><nav class='pagination'><span class='pagination-meta'>Page 1 of 58<\/span><span class='current'>1<\/span><a href='https:\/\/kylkirauta.fi\/index.php\/wp-json\/wp\/v2\/posts\/1036\/page\/2\/' class='inactive next_page' >2<\/a><a href='https:\/\/kylkirauta.fi\/index.php\/wp-json\/wp\/v2\/posts\/1036\/page\/3\/' class='inactive' >3<\/a><a href='https:\/\/kylkirauta.fi\/index.php\/wp-json\/wp\/v2\/posts\/1036\/page\/2\/'>&rsaquo;<\/a><a href='https:\/\/kylkirauta.fi\/index.php\/wp-json\/wp\/v2\/posts\/1036\/page\/58\/'>&raquo;<\/a><\/nav>\n<\/div><\/div>\n","protected":false},"excerpt":{"rendered":"","protected":false},"author":3,"featured_media":0,"comment_status":"closed","ping_status":"closed","sticky":false,"template":"","format":"standard","meta":{"footnotes":""},"categories":[4,27],"tags":[],"class_list":["post-1036","post","type-post","status-publish","format-standard","hentry","category-artikkeli","category-artikkeli-2015"],"yoast_head":"<!-- This site is optimized with the Yoast SEO plugin v27.5 - https:\/\/yoast.com\/product\/yoast-seo-wordpress\/ -->\n<title>Torsti Holvikivi: Mannerheim Portugalissa - Kylkirauta<\/title>\n<meta name=\"robots\" content=\"index, follow, max-snippet:-1, max-image-preview:large, max-video-preview:-1\" \/>\n<link rel=\"canonical\" href=\"https:\/\/kylkirauta.fi\/index.php\/2015\/01\/28\/mannerheim-portugalissa\/\" \/>\n<meta property=\"og:locale\" content=\"fi_FI\" \/>\n<meta property=\"og:type\" content=\"article\" \/>\n<meta property=\"og:title\" content=\"Torsti Holvikivi: Mannerheim Portugalissa - Kylkirauta\" \/>\n<meta property=\"og:url\" content=\"https:\/\/kylkirauta.fi\/index.php\/2015\/01\/28\/mannerheim-portugalissa\/\" \/>\n<meta property=\"og:site_name\" content=\"Kylkirauta\" \/>\n<meta property=\"article:published_time\" content=\"2015-01-28T15:07:00+00:00\" \/>\n<meta property=\"article:modified_time\" content=\"2020-01-26T10:06:08+00:00\" \/>\n<meta property=\"og:image\" content=\"https:\/\/kylkirauta.fi\/wp-content\/uploads\/2015\/01\/Mannerheim_aulassa.jpg\" \/>\n<meta name=\"author\" content=\"Kari Sainio\" \/>\n<meta name=\"twitter:card\" content=\"summary_large_image\" \/>\n<meta name=\"twitter:label1\" content=\"Kirjoittanut\" \/>\n\t<meta name=\"twitter:data1\" content=\"Kari Sainio\" \/>\n\t<meta name=\"twitter:label2\" content=\"Arvioitu lukuaika\" \/>\n\t<meta name=\"twitter:data2\" content=\"14 minuuttia\" \/>\n<script type=\"application\/ld+json\" class=\"yoast-schema-graph\">{\"@context\":\"https:\\\/\\\/schema.org\",\"@graph\":[{\"@type\":\"Article\",\"@id\":\"https:\\\/\\\/kylkirauta.fi\\\/index.php\\\/2015\\\/01\\\/28\\\/mannerheim-portugalissa\\\/#article\",\"isPartOf\":{\"@id\":\"https:\\\/\\\/kylkirauta.fi\\\/index.php\\\/2015\\\/01\\\/28\\\/mannerheim-portugalissa\\\/\"},\"author\":{\"name\":\"Kari Sainio\",\"@id\":\"https:\\\/\\\/kylkirauta.fi\\\/#\\\/schema\\\/person\\\/714ab39a349c656b20d60a239be1d6f6\"},\"headline\":\"Torsti Holvikivi: Mannerheim Portugalissa\",\"datePublished\":\"2015-01-28T15:07:00+00:00\",\"dateModified\":\"2020-01-26T10:06:08+00:00\",\"mainEntityOfPage\":{\"@id\":\"https:\\\/\\\/kylkirauta.fi\\\/index.php\\\/2015\\\/01\\\/28\\\/mannerheim-portugalissa\\\/\"},\"wordCount\":2582,\"image\":{\"@id\":\"https:\\\/\\\/kylkirauta.fi\\\/index.php\\\/2015\\\/01\\\/28\\\/mannerheim-portugalissa\\\/#primaryimage\"},\"thumbnailUrl\":\"https:\\\/\\\/kylkirauta.fi\\\/wp-content\\\/uploads\\\/2015\\\/01\\\/Mannerheim_aulassa.jpg\",\"articleSection\":[\"Artikkeli\",\"Artikkeli 2015\"],\"inLanguage\":\"fi\"},{\"@type\":\"WebPage\",\"@id\":\"https:\\\/\\\/kylkirauta.fi\\\/index.php\\\/2015\\\/01\\\/28\\\/mannerheim-portugalissa\\\/\",\"url\":\"https:\\\/\\\/kylkirauta.fi\\\/index.php\\\/2015\\\/01\\\/28\\\/mannerheim-portugalissa\\\/\",\"name\":\"Torsti Holvikivi: Mannerheim Portugalissa - Kylkirauta\",\"isPartOf\":{\"@id\":\"https:\\\/\\\/kylkirauta.fi\\\/#website\"},\"primaryImageOfPage\":{\"@id\":\"https:\\\/\\\/kylkirauta.fi\\\/index.php\\\/2015\\\/01\\\/28\\\/mannerheim-portugalissa\\\/#primaryimage\"},\"image\":{\"@id\":\"https:\\\/\\\/kylkirauta.fi\\\/index.php\\\/2015\\\/01\\\/28\\\/mannerheim-portugalissa\\\/#primaryimage\"},\"thumbnailUrl\":\"https:\\\/\\\/kylkirauta.fi\\\/wp-content\\\/uploads\\\/2015\\\/01\\\/Mannerheim_aulassa.jpg\",\"datePublished\":\"2015-01-28T15:07:00+00:00\",\"dateModified\":\"2020-01-26T10:06:08+00:00\",\"author\":{\"@id\":\"https:\\\/\\\/kylkirauta.fi\\\/#\\\/schema\\\/person\\\/714ab39a349c656b20d60a239be1d6f6\"},\"breadcrumb\":{\"@id\":\"https:\\\/\\\/kylkirauta.fi\\\/index.php\\\/2015\\\/01\\\/28\\\/mannerheim-portugalissa\\\/#breadcrumb\"},\"inLanguage\":\"fi\",\"potentialAction\":[{\"@type\":\"ReadAction\",\"target\":[\"https:\\\/\\\/kylkirauta.fi\\\/index.php\\\/2015\\\/01\\\/28\\\/mannerheim-portugalissa\\\/\"]}]},{\"@type\":\"ImageObject\",\"inLanguage\":\"fi\",\"@id\":\"https:\\\/\\\/kylkirauta.fi\\\/index.php\\\/2015\\\/01\\\/28\\\/mannerheim-portugalissa\\\/#primaryimage\",\"url\":\"https:\\\/\\\/kylkirauta.fi\\\/wp-content\\\/uploads\\\/2015\\\/01\\\/Mannerheim_aulassa.jpg\",\"contentUrl\":\"https:\\\/\\\/kylkirauta.fi\\\/wp-content\\\/uploads\\\/2015\\\/01\\\/Mannerheim_aulassa.jpg\",\"width\":1012,\"height\":696},{\"@type\":\"BreadcrumbList\",\"@id\":\"https:\\\/\\\/kylkirauta.fi\\\/index.php\\\/2015\\\/01\\\/28\\\/mannerheim-portugalissa\\\/#breadcrumb\",\"itemListElement\":[{\"@type\":\"ListItem\",\"position\":1,\"name\":\"Home\",\"item\":\"https:\\\/\\\/kylkirauta.fi\\\/index.php\\\/home\\\/\"},{\"@type\":\"ListItem\",\"position\":2,\"name\":\"Torsti Holvikivi: Mannerheim Portugalissa\"}]},{\"@type\":\"WebSite\",\"@id\":\"https:\\\/\\\/kylkirauta.fi\\\/#website\",\"url\":\"https:\\\/\\\/kylkirauta.fi\\\/\",\"name\":\"Kylkirauta\",\"description\":\"Kadettiupseerit yhteiskunnan palveluksessa\",\"potentialAction\":[{\"@type\":\"SearchAction\",\"target\":{\"@type\":\"EntryPoint\",\"urlTemplate\":\"https:\\\/\\\/kylkirauta.fi\\\/?s={search_term_string}\"},\"query-input\":{\"@type\":\"PropertyValueSpecification\",\"valueRequired\":true,\"valueName\":\"search_term_string\"}}],\"inLanguage\":\"fi\"},{\"@type\":\"Person\",\"@id\":\"https:\\\/\\\/kylkirauta.fi\\\/#\\\/schema\\\/person\\\/714ab39a349c656b20d60a239be1d6f6\",\"name\":\"Kari Sainio\",\"sameAs\":[\"http:\\\/\\\/www.kylkirauta.fi\"],\"url\":\"https:\\\/\\\/kylkirauta.fi\\\/index.php\\\/author\\\/karisain\\\/\"}]}<\/script>\n<!-- \/ Yoast SEO plugin. -->","yoast_head_json":{"title":"Torsti Holvikivi: Mannerheim Portugalissa - Kylkirauta","robots":{"index":"index","follow":"follow","max-snippet":"max-snippet:-1","max-image-preview":"max-image-preview:large","max-video-preview":"max-video-preview:-1"},"canonical":"https:\/\/kylkirauta.fi\/index.php\/2015\/01\/28\/mannerheim-portugalissa\/","og_locale":"fi_FI","og_type":"article","og_title":"Torsti Holvikivi: Mannerheim Portugalissa - Kylkirauta","og_url":"https:\/\/kylkirauta.fi\/index.php\/2015\/01\/28\/mannerheim-portugalissa\/","og_site_name":"Kylkirauta","article_published_time":"2015-01-28T15:07:00+00:00","article_modified_time":"2020-01-26T10:06:08+00:00","og_image":[{"url":"https:\/\/kylkirauta.fi\/wp-content\/uploads\/2015\/01\/Mannerheim_aulassa.jpg","type":"","width":"","height":""}],"author":"Kari Sainio","twitter_card":"summary_large_image","twitter_misc":{"Kirjoittanut":"Kari Sainio","Arvioitu lukuaika":"14 minuuttia"},"schema":{"@context":"https:\/\/schema.org","@graph":[{"@type":"Article","@id":"https:\/\/kylkirauta.fi\/index.php\/2015\/01\/28\/mannerheim-portugalissa\/#article","isPartOf":{"@id":"https:\/\/kylkirauta.fi\/index.php\/2015\/01\/28\/mannerheim-portugalissa\/"},"author":{"name":"Kari Sainio","@id":"https:\/\/kylkirauta.fi\/#\/schema\/person\/714ab39a349c656b20d60a239be1d6f6"},"headline":"Torsti Holvikivi: Mannerheim Portugalissa","datePublished":"2015-01-28T15:07:00+00:00","dateModified":"2020-01-26T10:06:08+00:00","mainEntityOfPage":{"@id":"https:\/\/kylkirauta.fi\/index.php\/2015\/01\/28\/mannerheim-portugalissa\/"},"wordCount":2582,"image":{"@id":"https:\/\/kylkirauta.fi\/index.php\/2015\/01\/28\/mannerheim-portugalissa\/#primaryimage"},"thumbnailUrl":"https:\/\/kylkirauta.fi\/wp-content\/uploads\/2015\/01\/Mannerheim_aulassa.jpg","articleSection":["Artikkeli","Artikkeli 2015"],"inLanguage":"fi"},{"@type":"WebPage","@id":"https:\/\/kylkirauta.fi\/index.php\/2015\/01\/28\/mannerheim-portugalissa\/","url":"https:\/\/kylkirauta.fi\/index.php\/2015\/01\/28\/mannerheim-portugalissa\/","name":"Torsti Holvikivi: Mannerheim Portugalissa - Kylkirauta","isPartOf":{"@id":"https:\/\/kylkirauta.fi\/#website"},"primaryImageOfPage":{"@id":"https:\/\/kylkirauta.fi\/index.php\/2015\/01\/28\/mannerheim-portugalissa\/#primaryimage"},"image":{"@id":"https:\/\/kylkirauta.fi\/index.php\/2015\/01\/28\/mannerheim-portugalissa\/#primaryimage"},"thumbnailUrl":"https:\/\/kylkirauta.fi\/wp-content\/uploads\/2015\/01\/Mannerheim_aulassa.jpg","datePublished":"2015-01-28T15:07:00+00:00","dateModified":"2020-01-26T10:06:08+00:00","author":{"@id":"https:\/\/kylkirauta.fi\/#\/schema\/person\/714ab39a349c656b20d60a239be1d6f6"},"breadcrumb":{"@id":"https:\/\/kylkirauta.fi\/index.php\/2015\/01\/28\/mannerheim-portugalissa\/#breadcrumb"},"inLanguage":"fi","potentialAction":[{"@type":"ReadAction","target":["https:\/\/kylkirauta.fi\/index.php\/2015\/01\/28\/mannerheim-portugalissa\/"]}]},{"@type":"ImageObject","inLanguage":"fi","@id":"https:\/\/kylkirauta.fi\/index.php\/2015\/01\/28\/mannerheim-portugalissa\/#primaryimage","url":"https:\/\/kylkirauta.fi\/wp-content\/uploads\/2015\/01\/Mannerheim_aulassa.jpg","contentUrl":"https:\/\/kylkirauta.fi\/wp-content\/uploads\/2015\/01\/Mannerheim_aulassa.jpg","width":1012,"height":696},{"@type":"BreadcrumbList","@id":"https:\/\/kylkirauta.fi\/index.php\/2015\/01\/28\/mannerheim-portugalissa\/#breadcrumb","itemListElement":[{"@type":"ListItem","position":1,"name":"Home","item":"https:\/\/kylkirauta.fi\/index.php\/home\/"},{"@type":"ListItem","position":2,"name":"Torsti Holvikivi: Mannerheim Portugalissa"}]},{"@type":"WebSite","@id":"https:\/\/kylkirauta.fi\/#website","url":"https:\/\/kylkirauta.fi\/","name":"Kylkirauta","description":"Kadettiupseerit yhteiskunnan palveluksessa","potentialAction":[{"@type":"SearchAction","target":{"@type":"EntryPoint","urlTemplate":"https:\/\/kylkirauta.fi\/?s={search_term_string}"},"query-input":{"@type":"PropertyValueSpecification","valueRequired":true,"valueName":"search_term_string"}}],"inLanguage":"fi"},{"@type":"Person","@id":"https:\/\/kylkirauta.fi\/#\/schema\/person\/714ab39a349c656b20d60a239be1d6f6","name":"Kari Sainio","sameAs":["http:\/\/www.kylkirauta.fi"],"url":"https:\/\/kylkirauta.fi\/index.php\/author\/karisain\/"}]}},"_links":{"self":[{"href":"https:\/\/kylkirauta.fi\/index.php\/wp-json\/wp\/v2\/posts\/1036","targetHints":{"allow":["GET"]}}],"collection":[{"href":"https:\/\/kylkirauta.fi\/index.php\/wp-json\/wp\/v2\/posts"}],"about":[{"href":"https:\/\/kylkirauta.fi\/index.php\/wp-json\/wp\/v2\/types\/post"}],"author":[{"embeddable":true,"href":"https:\/\/kylkirauta.fi\/index.php\/wp-json\/wp\/v2\/users\/3"}],"replies":[{"embeddable":true,"href":"https:\/\/kylkirauta.fi\/index.php\/wp-json\/wp\/v2\/comments?post=1036"}],"version-history":[{"count":5,"href":"https:\/\/kylkirauta.fi\/index.php\/wp-json\/wp\/v2\/posts\/1036\/revisions"}],"predecessor-version":[{"id":2654,"href":"https:\/\/kylkirauta.fi\/index.php\/wp-json\/wp\/v2\/posts\/1036\/revisions\/2654"}],"wp:attachment":[{"href":"https:\/\/kylkirauta.fi\/index.php\/wp-json\/wp\/v2\/media?parent=1036"}],"wp:term":[{"taxonomy":"category","embeddable":true,"href":"https:\/\/kylkirauta.fi\/index.php\/wp-json\/wp\/v2\/categories?post=1036"},{"taxonomy":"post_tag","embeddable":true,"href":"https:\/\/kylkirauta.fi\/index.php\/wp-json\/wp\/v2\/tags?post=1036"}],"curies":[{"name":"wp","href":"https:\/\/api.w.org\/{rel}","templated":true}]}}